{"id":99,"date":"2016-09-26T18:52:00","date_gmt":"2016-09-26T21:52:00","guid":{"rendered":"https:\/\/biancamachado.com.br\/blog\/?p=99"},"modified":"2023-02-14T15:17:38","modified_gmt":"2023-02-14T18:17:38","slug":"fotos-de-bebes-em-estudio-no-primeiro-ano","status":"publish","type":"post","link":"https:\/\/biancamachado.com.br\/blog\/fotos-de-bebes-em-estudio-no-primeiro-ano\/","title":{"rendered":"Fotos de bebes em estudio no primeiro ano"},"content":{"rendered":"<p>E a Lorena cada dia mais linda n\u00e9? kkk<br \/>\nEsses olhos verdes deixam a fot\u00f3grafa aqui babando kkk<br \/>\nQue fam\u00edlia fofa, que energia calma, contagiante, agradecida.<br \/>\n\u00c9 muita harmonia, uma honra mesmo poder clicar essa alegria toda.<br \/>\nSegue um pouquinho da terceira sess\u00e3o de acompanhamento da pequena Lorena:<\/p>\n<table style=\"margin-left: auto; margin-right: auto; text-align: center;\" cellspacing=\"0\" cellpadding=\"0\" align=\"center\">\n<tbody>\n<tr>\n<td style=\"text-align: center;\"><a style=\"margin-left: auto; margin-right: auto;\" href=\"https:\/\/i0.wp.com\/3.bp.blogspot.com\/-9ZJy73oZhjs\/V-mXMkI4hFI\/AAAAAAAARdA\/GIsPlmp_3noN9wSNHmHYIzy4zB-n4bxCgCLcB\/s1600\/acompanhamento%2Bde%2Bfotos%2Bdo%2Bbebe.jpg?ssl=1\"><img data-recalc-dims=\"1\" loading=\"lazy\" decoding=\"async\" title=\"acompanhamento de fotos do bebe\" src=\"https:\/\/i0.wp.com\/3.bp.blogspot.com\/-9ZJy73oZhjs\/V-mXMkI4hFI\/AAAAAAAARdA\/GIsPlmp_3noN9wSNHmHYIzy4zB-n4bxCgCLcB\/s640\/acompanhamento%2Bde%2Bfotos%2Bdo%2Bbebe.jpg?resize=640%2C426&#038;ssl=1\" alt=\"acompanhamento de fotos do bebe\" width=\"640\" height=\"426\" border=\"0\" \/><\/a><\/td>\n<\/tr>\n<tr>\n<td style=\"text-align: center;\">acompanhamento de fotos do bebe<\/td>\n<\/tr>\n<\/tbody>\n<\/table>\n<p>O primeiro ano de vida de um beb\u00ea \u00e9 repleto de momentos \u00fanicos e especiais. \u00c9 uma fase de muitas mudan\u00e7as e descobertas, e registrar esses momentos com fotos \u00e9 uma forma de eterniz\u00e1-los. No Studio Bianca Machado, a fot\u00f3grafa Bianca Machado tem muita experi\u00eancia em capturar esses momentos em fotos incr\u00edveis e inesquec\u00edveis.<\/p>\n<p>A Bianca \u00e9 uma fot\u00f3grafa apaixonada pelo seu trabalho e dedica-se a criar fotos que retratem a personalidade e a ess\u00eancia de cada beb\u00ea. Ela utiliza t\u00e9cnicas e equipamentos de alta qualidade para garantir que as fotos sejam n\u00edtidas e detalhadas, e tamb\u00e9m trabalha com cuidado e paci\u00eancia para garantir que o beb\u00ea se sinta confort\u00e1vel durante a sess\u00e3o de fotos.<\/p>\n<p>No Studio Bianca Machado, as sess\u00f5es de fotos de beb\u00eas s\u00e3o personalizadas e adaptadas \u00e0s necessidades e desejos de cada fam\u00edlia. A Bianca trabalha com o objetivo de criar fotos que capturem a rela\u00e7\u00e3o especial entre pais e filhos e que retratem a felicidade e o amor que envolvem esse momento t\u00e3o importante na vida de uma fam\u00edlia.<\/p>\n<p>Ao escolher o Studio Bianca Machado para registrar os momentos do primeiro ano de vida do seu beb\u00ea, voc\u00ea estar\u00e1 escolhendo uma fot\u00f3grafa apaixonada e dedicada a criar fotos incr\u00edveis e inesquec\u00edveis que voc\u00ea e sua fam\u00edlia poder\u00e3o desfrutar para sempre.<\/p>\n<p>Resumo: O Studio Bianca Machado oferece sess\u00f5es de fotos de beb\u00eas personalizadas e adaptadas \u00e0s necessidades de cada fam\u00edlia. A fot\u00f3grafa Bianca Machado \u00e9 apaixonada e dedicada a criar fotos incr\u00edveis e inesquec\u00edveis que retratem a personalidade e a ess\u00eancia de cada beb\u00ea.<\/p>\n<table style=\"margin-left: auto; margin-right: auto; text-align: center;\" cellspacing=\"0\" cellpadding=\"0\" align=\"center\">\n<tbody>\n<tr>\n<td style=\"text-align: center;\"><a style=\"margin-left: auto; margin-right: auto;\" href=\"https:\/\/i0.wp.com\/4.bp.blogspot.com\/-eXg0Yd1b6uY\/V-mXNtTB-xI\/AAAAAAAARdE\/V1YLWa_OygY3WIhkrfSzDjtllX-ltCHXwCLcB\/s1600\/book%2Bacompanhamento.jpg?ssl=1\"><img data-recalc-dims=\"1\" loading=\"lazy\" decoding=\"async\" title=\"book acompanhamento\" src=\"https:\/\/i0.wp.com\/4.bp.blogspot.com\/-eXg0Yd1b6uY\/V-mXNtTB-xI\/AAAAAAAARdE\/V1YLWa_OygY3WIhkrfSzDjtllX-ltCHXwCLcB\/s640\/book%2Bacompanhamento.jpg?resize=640%2C426&#038;ssl=1\" alt=\"book acompanhamento\" width=\"640\" height=\"426\" border=\"0\" \/><\/a><\/td>\n<\/tr>\n<tr>\n<td style=\"text-align: center;\">book acompanhamento<\/td>\n<\/tr>\n<\/tbody>\n<\/table>\n<table style=\"margin-left: auto; margin-right: auto; text-align: center;\" cellspacing=\"0\" cellpadding=\"0\" align=\"center\">\n<tbody>\n<tr>\n<td style=\"text-align: center;\"><a style=\"margin-left: auto; margin-right: auto;\" href=\"https:\/\/i0.wp.com\/4.bp.blogspot.com\/-G_xCzHUwP1E\/V-mXH--LuqI\/AAAAAAAARc8\/m5OkjFm8bt4olJiIZTDBG6n_Eo95mwUsACLcB\/s1600\/estudios%2Bde%2Bsao%2Bpaulo%2Bpara%2Bbebes.jpg?ssl=1\"><img data-recalc-dims=\"1\" loading=\"lazy\" decoding=\"async\" title=\"estudios de sao paulo para bebes\" src=\"https:\/\/i0.wp.com\/4.bp.blogspot.com\/-G_xCzHUwP1E\/V-mXH--LuqI\/AAAAAAAARc8\/m5OkjFm8bt4olJiIZTDBG6n_Eo95mwUsACLcB\/s640\/estudios%2Bde%2Bsao%2Bpaulo%2Bpara%2Bbebes.jpg?resize=640%2C426&#038;ssl=1\" alt=\"estudios de sao paulo para bebes\" width=\"640\" height=\"426\" border=\"0\" \/><\/a><\/td>\n<\/tr>\n<tr>\n<td style=\"text-align: center;\">estudios de sao paulo para bebes<\/td>\n<\/tr>\n<\/tbody>\n<\/table>\n<table style=\"margin-left: auto; margin-right: auto; text-align: center;\" cellspacing=\"0\" cellpadding=\"0\" align=\"center\">\n<tbody>\n<tr>\n<td style=\"text-align: center;\"><a style=\"margin-left: auto; margin-right: auto;\" href=\"https:\/\/i0.wp.com\/3.bp.blogspot.com\/-XFldZRCYS6k\/V-mXNwbtf8I\/AAAAAAAARdI\/OC7j6oHWG4Ul-MBYMSj24dRbrQMJuugPACLcB\/s1600\/estudios%2Bpara%2Bbook%2Bfamilia.jpg?ssl=1\"><img data-recalc-dims=\"1\" loading=\"lazy\" decoding=\"async\" title=\"estudios para book familia\" src=\"https:\/\/i0.wp.com\/3.bp.blogspot.com\/-XFldZRCYS6k\/V-mXNwbtf8I\/AAAAAAAARdI\/OC7j6oHWG4Ul-MBYMSj24dRbrQMJuugPACLcB\/s640\/estudios%2Bpara%2Bbook%2Bfamilia.jpg?resize=640%2C426&#038;ssl=1\" alt=\"estudios para book familia\" width=\"640\" height=\"426\" border=\"0\" \/><\/a><\/td>\n<\/tr>\n<tr>\n<td style=\"text-align: center;\">estudios para book familia<\/td>\n<\/tr>\n<\/tbody>\n<\/table>\n<table style=\"margin-left: auto; margin-right: auto; text-align: center;\" cellspacing=\"0\" cellpadding=\"0\" align=\"center\">\n<tbody>\n<tr>\n<td style=\"text-align: center;\"><a style=\"margin-left: auto; margin-right: auto;\" href=\"https:\/\/i0.wp.com\/1.bp.blogspot.com\/-zOVJ5D77oWE\/V-mXTa2_mcI\/AAAAAAAARdM\/qjYwkmLQ2IowTlDVBhZf4vgqnC1KJcauQCLcB\/s1600\/fotografias%2Bde%2Bacompanhamento.jpg?ssl=1\"><img data-recalc-dims=\"1\" loading=\"lazy\" decoding=\"async\" title=\"fotografias de acompanhamento\" src=\"https:\/\/i0.wp.com\/1.bp.blogspot.com\/-zOVJ5D77oWE\/V-mXTa2_mcI\/AAAAAAAARdM\/qjYwkmLQ2IowTlDVBhZf4vgqnC1KJcauQCLcB\/s640\/fotografias%2Bde%2Bacompanhamento.jpg?resize=640%2C426&#038;ssl=1\" alt=\"fotografias de acompanhamento\" width=\"640\" height=\"426\" border=\"0\" \/><\/a><\/td>\n<\/tr>\n<tr>\n<td style=\"text-align: center;\">fotografias de acompanhamento<\/td>\n<\/tr>\n<\/tbody>\n<\/table>\n<table style=\"margin-left: auto; margin-right: auto; text-align: center;\" cellspacing=\"0\" cellpadding=\"0\" align=\"center\">\n<tbody>\n<tr>\n<td style=\"text-align: center;\"><a style=\"margin-left: auto; margin-right: auto;\" href=\"https:\/\/i0.wp.com\/4.bp.blogspot.com\/-TEnoP5_2mrE\/V-mXbWx0F2I\/AAAAAAAARdU\/GSxiuDJsGWcMKqMjKAevAUQMmDaw9_E5gCLcB\/s1600\/fotografias%2Bdivertidas%2Bde%2Bbebes.jpg?ssl=1\"><img data-recalc-dims=\"1\" loading=\"lazy\" decoding=\"async\" title=\"fotografias divertidas de bebes\" src=\"https:\/\/i0.wp.com\/4.bp.blogspot.com\/-TEnoP5_2mrE\/V-mXbWx0F2I\/AAAAAAAARdU\/GSxiuDJsGWcMKqMjKAevAUQMmDaw9_E5gCLcB\/s640\/fotografias%2Bdivertidas%2Bde%2Bbebes.jpg?resize=426%2C640&#038;ssl=1\" alt=\"fotografias divertidas de bebes\" width=\"426\" height=\"640\" border=\"0\" \/><\/a><\/td>\n<\/tr>\n<tr>\n<td style=\"text-align: center;\">fotografias divertidas de bebes<\/td>\n<\/tr>\n<\/tbody>\n<\/table>\n<table style=\"margin-left: auto; margin-right: auto; text-align: center;\" cellspacing=\"0\" cellpadding=\"0\" align=\"center\">\n<tbody>\n<tr>\n<td style=\"text-align: center;\"><a style=\"margin-left: auto; margin-right: auto;\" href=\"https:\/\/i0.wp.com\/1.bp.blogspot.com\/-AUFiFwdQZK4\/V-mXVC6NUYI\/AAAAAAAARdQ\/XHJYwqBFiBIk-AR67b-ZSFDHLkeQTS7IQCLcB\/s1600\/fotos%2Bde%2Bbebes%2Bem%2Bestudio%2Bno%2Bprimeiro%2Bano.jpg?ssl=1\"><img data-recalc-dims=\"1\" loading=\"lazy\" decoding=\"async\" title=\"fotos de bebes em estudio no primeiro ano\" src=\"https:\/\/i0.wp.com\/1.bp.blogspot.com\/-AUFiFwdQZK4\/V-mXVC6NUYI\/AAAAAAAARdQ\/XHJYwqBFiBIk-AR67b-ZSFDHLkeQTS7IQCLcB\/s640\/fotos%2Bde%2Bbebes%2Bem%2Bestudio%2Bno%2Bprimeiro%2Bano.jpg?resize=640%2C426&#038;ssl=1\" alt=\"fotos de bebes em estudio no primeiro ano\" width=\"640\" height=\"426\" border=\"0\" \/><\/a><\/td>\n<\/tr>\n<tr>\n<td style=\"text-align: center;\">fotos de bebes em estudio no primeiro ano<\/td>\n<\/tr>\n<\/tbody>\n<\/table>\n<table style=\"margin-left: auto; margin-right: auto; text-align: center;\" cellspacing=\"0\" cellpadding=\"0\" align=\"center\">\n<tbody>\n<tr>\n<td style=\"text-align: center;\"><a style=\"margin-left: auto; margin-right: auto;\" href=\"https:\/\/i0.wp.com\/3.bp.blogspot.com\/-rV5J4CynOuo\/V-mXb_JB1UI\/AAAAAAAARdc\/I4EMTtYassAjUqxrWjFskHHx-pJUHmlEwCLcB\/s1600\/fotos%2Bde%2Bbebes.jpg?ssl=1\"><img data-recalc-dims=\"1\" loading=\"lazy\" decoding=\"async\" title=\"fotos de bebes\" src=\"https:\/\/i0.wp.com\/3.bp.blogspot.com\/-rV5J4CynOuo\/V-mXb_JB1UI\/AAAAAAAARdc\/I4EMTtYassAjUqxrWjFskHHx-pJUHmlEwCLcB\/s640\/fotos%2Bde%2Bbebes.jpg?resize=640%2C426&#038;ssl=1\" alt=\"fotos de bebes\" width=\"640\" height=\"426\" border=\"0\" \/><\/a><\/td>\n<\/tr>\n<tr>\n<td style=\"text-align: center;\">fotos de bebes<\/td>\n<\/tr>\n<\/tbody>\n<\/table>\n<table style=\"margin-left: auto; margin-right: auto; text-align: center;\" cellspacing=\"0\" cellpadding=\"0\" align=\"center\">\n<tbody>\n<tr>\n<td style=\"text-align: center;\"><a style=\"margin-left: auto; margin-right: auto;\" href=\"https:\/\/i0.wp.com\/2.bp.blogspot.com\/-SV63oY6XUqY\/V-mXcF7tLXI\/AAAAAAAARdY\/l9hLhiBDesYt-dYBeY9fJSPBTLqSkSF_ACLcB\/s1600\/fotos%2Bdo%2Bprimeiro%2Bano%2Bem%2Bestudio.jpg?ssl=1\"><img data-recalc-dims=\"1\" loading=\"lazy\" decoding=\"async\" title=\"fotos do primeiro ano em estudio\" src=\"https:\/\/i0.wp.com\/2.bp.blogspot.com\/-SV63oY6XUqY\/V-mXcF7tLXI\/AAAAAAAARdY\/l9hLhiBDesYt-dYBeY9fJSPBTLqSkSF_ACLcB\/s640\/fotos%2Bdo%2Bprimeiro%2Bano%2Bem%2Bestudio.jpg?resize=640%2C426&#038;ssl=1\" alt=\"fotos do primeiro ano em estudio\" width=\"640\" height=\"426\" border=\"0\" \/><\/a><\/td>\n<\/tr>\n<tr>\n<td style=\"text-align: center;\">fotos do primeiro ano em estudio<\/td>\n<\/tr>\n<\/tbody>\n<\/table>\n<table style=\"margin-left: auto; margin-right: auto; text-align: center;\" cellspacing=\"0\" cellpadding=\"0\" align=\"center\">\n<tbody>\n<tr>\n<td style=\"text-align: center;\"><a style=\"margin-left: auto; margin-right: auto;\" href=\"https:\/\/i0.wp.com\/1.bp.blogspot.com\/-Nczi1dnzZHc\/V-mXgylVmQI\/AAAAAAAARdg\/p3Yfq44isgMB66EIl8xbQxhio6li8iurwCLcB\/s1600\/melhores%2Bestudios%2Bde%2Bbebes.jpg?ssl=1\"><img data-recalc-dims=\"1\" loading=\"lazy\" decoding=\"async\" title=\"melhores estudios de bebes\" src=\"https:\/\/i0.wp.com\/1.bp.blogspot.com\/-Nczi1dnzZHc\/V-mXgylVmQI\/AAAAAAAARdg\/p3Yfq44isgMB66EIl8xbQxhio6li8iurwCLcB\/s640\/melhores%2Bestudios%2Bde%2Bbebes.jpg?resize=640%2C426&#038;ssl=1\" alt=\"melhores estudios de bebes\" width=\"640\" height=\"426\" border=\"0\" \/><\/a><\/td>\n<\/tr>\n<tr>\n<td style=\"text-align: center;\">melhores estudios de bebes<\/td>\n<\/tr>\n<\/tbody>\n<\/table>\n<table style=\"margin-left: auto; margin-right: auto; text-align: center;\" cellspacing=\"0\" cellpadding=\"0\" align=\"center\">\n<tbody>\n<tr>\n<td style=\"text-align: center;\"><a style=\"margin-left: auto; margin-right: auto;\" href=\"https:\/\/i0.wp.com\/2.bp.blogspot.com\/-W9-3UmfIgH4\/V-mXjnDYTkI\/AAAAAAAARdk\/KXtOqcZiHfQB1m8GEonsGJpI6ZvJE6bFQCLcB\/s1600\/melhores%2Bfotos%2Bde%2Bbebe%2Bem%2Bestudio.jpg?ssl=1\"><img data-recalc-dims=\"1\" loading=\"lazy\" decoding=\"async\" title=\"melhores fotos de bebe em estudio\" src=\"https:\/\/i0.wp.com\/2.bp.blogspot.com\/-W9-3UmfIgH4\/V-mXjnDYTkI\/AAAAAAAARdk\/KXtOqcZiHfQB1m8GEonsGJpI6ZvJE6bFQCLcB\/s640\/melhores%2Bfotos%2Bde%2Bbebe%2Bem%2Bestudio.jpg?resize=640%2C426&#038;ssl=1\" alt=\"melhores fotos de bebe em estudio\" width=\"640\" height=\"426\" border=\"0\" \/><\/a><\/td>\n<\/tr>\n<tr>\n<td style=\"text-align: center;\">melhores fotos de bebe em estudio<\/td>\n<\/tr>\n<\/tbody>\n<\/table>\n<p>Visite tamb\u00e9m nosso site: <a href=\"https:\/\/www.biancamachado.com.br\/\">www.biancamachado.com.br<\/a><br \/>\nStudio Bianca Machado &amp; Jo\u00e3o Sinatro<br \/>\n(11) 97107-1018<\/p>\nVisite tamb\u00e9m nosso site: www.biancamachado.com.br\r\n(11) 97107-1018\r\n\r\nAtendemos as regi\u00f5es de S\u00e3o Paulo, Sorocaba, Ibi\u00fana, Piedade, Votorantim, Cotia, Itupeva, Jundia\u00ed, It\u00fa e Campinas","protected":false},"excerpt":{"rendered":"<p>O Studio Bianca Machado oferece sess\u00f5es de fotos de beb\u00eas personalizadas e adaptadas \u00e0s necessidades de cada fam\u00edlia. A fot\u00f3grafa Bianca Machado \u00e9 apaixonada e dedicada a criar fotos incr\u00edveis e inesquec\u00edveis que retratem a personalidade e a ess\u00eancia de cada beb\u00ea<\/p>\n","protected":false},"author":1,"featured_media":858,"comment_status":"open","ping_status":"open","sticky":false,"template":"","format":"standard","meta":{"_monsterinsights_skip_tracking":false,"_monsterinsights_sitenote_active":false,"_monsterinsights_sitenote_note":"","_monsterinsights_sitenote_category":0,"jetpack_post_was_ever_published":false,"_jetpack_newsletter_access":"","_jetpack_dont_email_post_to_subs":false,"_jetpack_newsletter_tier_id":0,"_jetpack_memberships_contains_paywalled_content":false,"_jetpack_memberships_contains_paid_content":false,"_joinchat":[],"footnotes":""},"categories":[292,1],"tags":[332,333,334],"class_list":["post-99","post","type-post","status-publish","format-standard","has-post-thumbnail","hentry","category-book-familia-estudio","category-studio-bianca-machado","tag-book-familia-em-estudio","tag-ensaio-de-fotos-com-criancas","tag-fotografia-profissional-para-familias"],"yoast_head":"<!-- This site is optimized with the Yoast SEO plugin v27.4 - https:\/\/yoast.com\/product\/yoast-seo-wordpress\/ -->\n<title>Fotos de bebes em estudio no primeiro ano - STUDIO BIANCA MACHADO<\/title>\n<meta name=\"description\" content=\"O Studio Bianca Machado oferece sess\u00f5es de fotos de beb\u00eas personalizadas e adaptadas \u00e0s necessidades de cada fam\u00edlia. A fot\u00f3grafa Bianca Machado \u00e9 apaixonada e dedicada a criar fotos incr\u00edveis e inesquec\u00edveis que retratem a personalidade e a ess\u00eancia de cada beb\u00ea\" \/>\n<meta name=\"robots\" content=\"index, follow, max-snippet:-1, max-image-preview:large, max-video-preview:-1\" \/>\n<link rel=\"canonical\" href=\"https:\/\/biancamachado.com.br\/blog\/fotos-de-bebes-em-estudio-no-primeiro-ano\/\" \/>\n<meta property=\"og:locale\" content=\"pt_BR\" \/>\n<meta property=\"og:type\" content=\"article\" \/>\n<meta property=\"og:title\" content=\"Fotos de bebes em estudio no primeiro ano - STUDIO BIANCA MACHADO\" \/>\n<meta property=\"og:description\" content=\"O Studio Bianca Machado oferece sess\u00f5es de fotos de beb\u00eas personalizadas e adaptadas \u00e0s necessidades de cada fam\u00edlia. A fot\u00f3grafa Bianca Machado \u00e9 apaixonada e dedicada a criar fotos incr\u00edveis e inesquec\u00edveis que retratem a personalidade e a ess\u00eancia de cada beb\u00ea\" \/>\n<meta property=\"og:url\" content=\"https:\/\/biancamachado.com.br\/blog\/fotos-de-bebes-em-estudio-no-primeiro-ano\/\" \/>\n<meta property=\"og:site_name\" content=\"STUDIO BIANCA MACHADO\" \/>\n<meta property=\"article:publisher\" content=\"https:\/\/www.facebook.com\/Studiobiancamachado\/\" \/>\n<meta property=\"article:published_time\" content=\"2016-09-26T21:52:00+00:00\" \/>\n<meta property=\"article:modified_time\" content=\"2023-02-14T18:17:38+00:00\" \/>\n<meta property=\"og:image\" content=\"https:\/\/biancamachado.com.br\/blog\/wp-content\/uploads\/2016\/09\/Screenshot_60.png\" \/>\n\t<meta property=\"og:image:width\" content=\"632\" \/>\n\t<meta property=\"og:image:height\" content=\"420\" \/>\n\t<meta property=\"og:image:type\" content=\"image\/png\" \/>\n<meta name=\"author\" content=\"biancamachado\" \/>\n<meta name=\"twitter:card\" content=\"summary_large_image\" \/>\n<meta name=\"twitter:label1\" content=\"Escrito por\" \/>\n\t<meta name=\"twitter:data1\" content=\"biancamachado\" \/>\n\t<meta name=\"twitter:label2\" content=\"Est. tempo de leitura\" \/>\n\t<meta name=\"twitter:data2\" content=\"5 minutos\" \/>\n<script type=\"application\/ld+json\" class=\"yoast-schema-graph\">{\"@context\":\"https:\\\/\\\/schema.org\",\"@graph\":[{\"@type\":\"Article\",\"@id\":\"https:\\\/\\\/biancamachado.com.br\\\/blog\\\/fotos-de-bebes-em-estudio-no-primeiro-ano\\\/#article\",\"isPartOf\":{\"@id\":\"https:\\\/\\\/biancamachado.com.br\\\/blog\\\/fotos-de-bebes-em-estudio-no-primeiro-ano\\\/\"},\"author\":{\"name\":\"biancamachado\",\"@id\":\"https:\\\/\\\/biancamachado.com.br\\\/blog\\\/#\\\/schema\\\/person\\\/990263800ec5e9bdbbf092a2353550a1\"},\"headline\":\"Fotos de bebes em estudio no primeiro ano\",\"datePublished\":\"2016-09-26T21:52:00+00:00\",\"dateModified\":\"2023-02-14T18:17:38+00:00\",\"mainEntityOfPage\":{\"@id\":\"https:\\\/\\\/biancamachado.com.br\\\/blog\\\/fotos-de-bebes-em-estudio-no-primeiro-ano\\\/\"},\"wordCount\":411,\"commentCount\":0,\"publisher\":{\"@id\":\"https:\\\/\\\/biancamachado.com.br\\\/blog\\\/#organization\"},\"image\":{\"@id\":\"https:\\\/\\\/biancamachado.com.br\\\/blog\\\/fotos-de-bebes-em-estudio-no-primeiro-ano\\\/#primaryimage\"},\"thumbnailUrl\":\"https:\\\/\\\/i0.wp.com\\\/biancamachado.com.br\\\/blog\\\/wp-content\\\/uploads\\\/2016\\\/09\\\/Screenshot_60.png?fit=632%2C420&ssl=1\",\"keywords\":[\"Book familia em estudio\",\"ensaio de fotos com crian\u00e7as\",\"fotografia profissional para familias\"],\"articleSection\":[\"Book Familia Estudio\",\"Studio Bianca Machado\"],\"inLanguage\":\"pt-BR\",\"potentialAction\":[{\"@type\":\"CommentAction\",\"name\":\"Comment\",\"target\":[\"https:\\\/\\\/biancamachado.com.br\\\/blog\\\/fotos-de-bebes-em-estudio-no-primeiro-ano\\\/#respond\"]}]},{\"@type\":\"WebPage\",\"@id\":\"https:\\\/\\\/biancamachado.com.br\\\/blog\\\/fotos-de-bebes-em-estudio-no-primeiro-ano\\\/\",\"url\":\"https:\\\/\\\/biancamachado.com.br\\\/blog\\\/fotos-de-bebes-em-estudio-no-primeiro-ano\\\/\",\"name\":\"Fotos de bebes em estudio no primeiro ano - STUDIO BIANCA MACHADO\",\"isPartOf\":{\"@id\":\"https:\\\/\\\/biancamachado.com.br\\\/blog\\\/#website\"},\"primaryImageOfPage\":{\"@id\":\"https:\\\/\\\/biancamachado.com.br\\\/blog\\\/fotos-de-bebes-em-estudio-no-primeiro-ano\\\/#primaryimage\"},\"image\":{\"@id\":\"https:\\\/\\\/biancamachado.com.br\\\/blog\\\/fotos-de-bebes-em-estudio-no-primeiro-ano\\\/#primaryimage\"},\"thumbnailUrl\":\"https:\\\/\\\/i0.wp.com\\\/biancamachado.com.br\\\/blog\\\/wp-content\\\/uploads\\\/2016\\\/09\\\/Screenshot_60.png?fit=632%2C420&ssl=1\",\"datePublished\":\"2016-09-26T21:52:00+00:00\",\"dateModified\":\"2023-02-14T18:17:38+00:00\",\"description\":\"O Studio Bianca Machado oferece sess\u00f5es de fotos de beb\u00eas personalizadas e adaptadas \u00e0s necessidades de cada fam\u00edlia. A fot\u00f3grafa Bianca Machado \u00e9 apaixonada e dedicada a criar fotos incr\u00edveis e inesquec\u00edveis que retratem a personalidade e a ess\u00eancia de cada beb\u00ea\",\"breadcrumb\":{\"@id\":\"https:\\\/\\\/biancamachado.com.br\\\/blog\\\/fotos-de-bebes-em-estudio-no-primeiro-ano\\\/#breadcrumb\"},\"inLanguage\":\"pt-BR\",\"potentialAction\":[{\"@type\":\"ReadAction\",\"target\":[\"https:\\\/\\\/biancamachado.com.br\\\/blog\\\/fotos-de-bebes-em-estudio-no-primeiro-ano\\\/\"]}]},{\"@type\":\"ImageObject\",\"inLanguage\":\"pt-BR\",\"@id\":\"https:\\\/\\\/biancamachado.com.br\\\/blog\\\/fotos-de-bebes-em-estudio-no-primeiro-ano\\\/#primaryimage\",\"url\":\"https:\\\/\\\/i0.wp.com\\\/biancamachado.com.br\\\/blog\\\/wp-content\\\/uploads\\\/2016\\\/09\\\/Screenshot_60.png?fit=632%2C420&ssl=1\",\"contentUrl\":\"https:\\\/\\\/i0.wp.com\\\/biancamachado.com.br\\\/blog\\\/wp-content\\\/uploads\\\/2016\\\/09\\\/Screenshot_60.png?fit=632%2C420&ssl=1\",\"width\":632,\"height\":420,\"caption\":\"Fotos de bebes em estudio no primeiro ano\"},{\"@type\":\"BreadcrumbList\",\"@id\":\"https:\\\/\\\/biancamachado.com.br\\\/blog\\\/fotos-de-bebes-em-estudio-no-primeiro-ano\\\/#breadcrumb\",\"itemListElement\":[{\"@type\":\"ListItem\",\"position\":1,\"name\":\"In\u00edcio\",\"item\":\"https:\\\/\\\/biancamachado.com.br\\\/blog\\\/\"},{\"@type\":\"ListItem\",\"position\":2,\"name\":\"Fotos de bebes em estudio no primeiro ano\"}]},{\"@type\":\"WebSite\",\"@id\":\"https:\\\/\\\/biancamachado.com.br\\\/blog\\\/#website\",\"url\":\"https:\\\/\\\/biancamachado.com.br\\\/blog\\\/\",\"name\":\"STUDIO BIANCA MACHADO\",\"description\":\"Estudio Fotografico, Ensaios e Books de foto profissional\",\"publisher\":{\"@id\":\"https:\\\/\\\/biancamachado.com.br\\\/blog\\\/#organization\"},\"potentialAction\":[{\"@type\":\"SearchAction\",\"target\":{\"@type\":\"EntryPoint\",\"urlTemplate\":\"https:\\\/\\\/biancamachado.com.br\\\/blog\\\/?s={search_term_string}\"},\"query-input\":{\"@type\":\"PropertyValueSpecification\",\"valueRequired\":true,\"valueName\":\"search_term_string\"}}],\"inLanguage\":\"pt-BR\"},{\"@type\":\"Organization\",\"@id\":\"https:\\\/\\\/biancamachado.com.br\\\/blog\\\/#organization\",\"name\":\"STUDIO BIANCA MACHADO\",\"url\":\"https:\\\/\\\/biancamachado.com.br\\\/blog\\\/\",\"logo\":{\"@type\":\"ImageObject\",\"inLanguage\":\"pt-BR\",\"@id\":\"https:\\\/\\\/biancamachado.com.br\\\/blog\\\/#\\\/schema\\\/logo\\\/image\\\/\",\"url\":\"https:\\\/\\\/i0.wp.com\\\/biancamachado.com.br\\\/blog\\\/wp-content\\\/uploads\\\/2021\\\/02\\\/cropped-logo-ml.jpg?fit=278%2C100&ssl=1\",\"contentUrl\":\"https:\\\/\\\/i0.wp.com\\\/biancamachado.com.br\\\/blog\\\/wp-content\\\/uploads\\\/2021\\\/02\\\/cropped-logo-ml.jpg?fit=278%2C100&ssl=1\",\"width\":278,\"height\":100,\"caption\":\"STUDIO BIANCA MACHADO\"},\"image\":{\"@id\":\"https:\\\/\\\/biancamachado.com.br\\\/blog\\\/#\\\/schema\\\/logo\\\/image\\\/\"},\"sameAs\":[\"https:\\\/\\\/www.facebook.com\\\/Studiobiancamachado\\\/\",\"https:\\\/\\\/www.instagram.com\\\/Studiobiancamachado\\\/\"]},{\"@type\":\"Person\",\"@id\":\"https:\\\/\\\/biancamachado.com.br\\\/blog\\\/#\\\/schema\\\/person\\\/990263800ec5e9bdbbf092a2353550a1\",\"name\":\"biancamachado\",\"image\":{\"@type\":\"ImageObject\",\"inLanguage\":\"pt-BR\",\"@id\":\"https:\\\/\\\/secure.gravatar.com\\\/avatar\\\/62b1a50f2632dbc2e279c3eb55aa46cc324c969cff16a69c59756d155316542c?s=96&d=mm&r=g\",\"url\":\"https:\\\/\\\/secure.gravatar.com\\\/avatar\\\/62b1a50f2632dbc2e279c3eb55aa46cc324c969cff16a69c59756d155316542c?s=96&d=mm&r=g\",\"contentUrl\":\"https:\\\/\\\/secure.gravatar.com\\\/avatar\\\/62b1a50f2632dbc2e279c3eb55aa46cc324c969cff16a69c59756d155316542c?s=96&d=mm&r=g\",\"caption\":\"biancamachado\"},\"sameAs\":[\"https:\\\/\\\/biancamachado.com.br\\\/blog\"],\"url\":\"https:\\\/\\\/biancamachado.com.br\\\/blog\\\/author\\\/biancamachado\\\/\"}]}<\/script>\n<!-- \/ Yoast SEO plugin. -->","yoast_head_json":{"title":"Fotos de bebes em estudio no primeiro ano - STUDIO BIANCA MACHADO","description":"O Studio Bianca Machado oferece sess\u00f5es de fotos de beb\u00eas personalizadas e adaptadas \u00e0s necessidades de cada fam\u00edlia. A fot\u00f3grafa Bianca Machado \u00e9 apaixonada e dedicada a criar fotos incr\u00edveis e inesquec\u00edveis que retratem a personalidade e a ess\u00eancia de cada beb\u00ea","robots":{"index":"index","follow":"follow","max-snippet":"max-snippet:-1","max-image-preview":"max-image-preview:large","max-video-preview":"max-video-preview:-1"},"canonical":"https:\/\/biancamachado.com.br\/blog\/fotos-de-bebes-em-estudio-no-primeiro-ano\/","og_locale":"pt_BR","og_type":"article","og_title":"Fotos de bebes em estudio no primeiro ano - STUDIO BIANCA MACHADO","og_description":"O Studio Bianca Machado oferece sess\u00f5es de fotos de beb\u00eas personalizadas e adaptadas \u00e0s necessidades de cada fam\u00edlia. A fot\u00f3grafa Bianca Machado \u00e9 apaixonada e dedicada a criar fotos incr\u00edveis e inesquec\u00edveis que retratem a personalidade e a ess\u00eancia de cada beb\u00ea","og_url":"https:\/\/biancamachado.com.br\/blog\/fotos-de-bebes-em-estudio-no-primeiro-ano\/","og_site_name":"STUDIO BIANCA MACHADO","article_publisher":"https:\/\/www.facebook.com\/Studiobiancamachado\/","article_published_time":"2016-09-26T21:52:00+00:00","article_modified_time":"2023-02-14T18:17:38+00:00","og_image":[{"width":632,"height":420,"url":"https:\/\/biancamachado.com.br\/blog\/wp-content\/uploads\/2016\/09\/Screenshot_60.png","type":"image\/png"}],"author":"biancamachado","twitter_card":"summary_large_image","twitter_misc":{"Escrito por":"biancamachado","Est. tempo de leitura":"5 minutos"},"schema":{"@context":"https:\/\/schema.org","@graph":[{"@type":"Article","@id":"https:\/\/biancamachado.com.br\/blog\/fotos-de-bebes-em-estudio-no-primeiro-ano\/#article","isPartOf":{"@id":"https:\/\/biancamachado.com.br\/blog\/fotos-de-bebes-em-estudio-no-primeiro-ano\/"},"author":{"name":"biancamachado","@id":"https:\/\/biancamachado.com.br\/blog\/#\/schema\/person\/990263800ec5e9bdbbf092a2353550a1"},"headline":"Fotos de bebes em estudio no primeiro ano","datePublished":"2016-09-26T21:52:00+00:00","dateModified":"2023-02-14T18:17:38+00:00","mainEntityOfPage":{"@id":"https:\/\/biancamachado.com.br\/blog\/fotos-de-bebes-em-estudio-no-primeiro-ano\/"},"wordCount":411,"commentCount":0,"publisher":{"@id":"https:\/\/biancamachado.com.br\/blog\/#organization"},"image":{"@id":"https:\/\/biancamachado.com.br\/blog\/fotos-de-bebes-em-estudio-no-primeiro-ano\/#primaryimage"},"thumbnailUrl":"https:\/\/i0.wp.com\/biancamachado.com.br\/blog\/wp-content\/uploads\/2016\/09\/Screenshot_60.png?fit=632%2C420&ssl=1","keywords":["Book familia em estudio","ensaio de fotos com crian\u00e7as","fotografia profissional para familias"],"articleSection":["Book Familia Estudio","Studio Bianca Machado"],"inLanguage":"pt-BR","potentialAction":[{"@type":"CommentAction","name":"Comment","target":["https:\/\/biancamachado.com.br\/blog\/fotos-de-bebes-em-estudio-no-primeiro-ano\/#respond"]}]},{"@type":"WebPage","@id":"https:\/\/biancamachado.com.br\/blog\/fotos-de-bebes-em-estudio-no-primeiro-ano\/","url":"https:\/\/biancamachado.com.br\/blog\/fotos-de-bebes-em-estudio-no-primeiro-ano\/","name":"Fotos de bebes em estudio no primeiro ano - STUDIO BIANCA MACHADO","isPartOf":{"@id":"https:\/\/biancamachado.com.br\/blog\/#website"},"primaryImageOfPage":{"@id":"https:\/\/biancamachado.com.br\/blog\/fotos-de-bebes-em-estudio-no-primeiro-ano\/#primaryimage"},"image":{"@id":"https:\/\/biancamachado.com.br\/blog\/fotos-de-bebes-em-estudio-no-primeiro-ano\/#primaryimage"},"thumbnailUrl":"https:\/\/i0.wp.com\/biancamachado.com.br\/blog\/wp-content\/uploads\/2016\/09\/Screenshot_60.png?fit=632%2C420&ssl=1","datePublished":"2016-09-26T21:52:00+00:00","dateModified":"2023-02-14T18:17:38+00:00","description":"O Studio Bianca Machado oferece sess\u00f5es de fotos de beb\u00eas personalizadas e adaptadas \u00e0s necessidades de cada fam\u00edlia. A fot\u00f3grafa Bianca Machado \u00e9 apaixonada e dedicada a criar fotos incr\u00edveis e inesquec\u00edveis que retratem a personalidade e a ess\u00eancia de cada beb\u00ea","breadcrumb":{"@id":"https:\/\/biancamachado.com.br\/blog\/fotos-de-bebes-em-estudio-no-primeiro-ano\/#breadcrumb"},"inLanguage":"pt-BR","potentialAction":[{"@type":"ReadAction","target":["https:\/\/biancamachado.com.br\/blog\/fotos-de-bebes-em-estudio-no-primeiro-ano\/"]}]},{"@type":"ImageObject","inLanguage":"pt-BR","@id":"https:\/\/biancamachado.com.br\/blog\/fotos-de-bebes-em-estudio-no-primeiro-ano\/#primaryimage","url":"https:\/\/i0.wp.com\/biancamachado.com.br\/blog\/wp-content\/uploads\/2016\/09\/Screenshot_60.png?fit=632%2C420&ssl=1","contentUrl":"https:\/\/i0.wp.com\/biancamachado.com.br\/blog\/wp-content\/uploads\/2016\/09\/Screenshot_60.png?fit=632%2C420&ssl=1","width":632,"height":420,"caption":"Fotos de bebes em estudio no primeiro ano"},{"@type":"BreadcrumbList","@id":"https:\/\/biancamachado.com.br\/blog\/fotos-de-bebes-em-estudio-no-primeiro-ano\/#breadcrumb","itemListElement":[{"@type":"ListItem","position":1,"name":"In\u00edcio","item":"https:\/\/biancamachado.com.br\/blog\/"},{"@type":"ListItem","position":2,"name":"Fotos de bebes em estudio no primeiro ano"}]},{"@type":"WebSite","@id":"https:\/\/biancamachado.com.br\/blog\/#website","url":"https:\/\/biancamachado.com.br\/blog\/","name":"STUDIO BIANCA MACHADO","description":"Estudio Fotografico, Ensaios e Books de foto profissional","publisher":{"@id":"https:\/\/biancamachado.com.br\/blog\/#organization"},"potentialAction":[{"@type":"SearchAction","target":{"@type":"EntryPoint","urlTemplate":"https:\/\/biancamachado.com.br\/blog\/?s={search_term_string}"},"query-input":{"@type":"PropertyValueSpecification","valueRequired":true,"valueName":"search_term_string"}}],"inLanguage":"pt-BR"},{"@type":"Organization","@id":"https:\/\/biancamachado.com.br\/blog\/#organization","name":"STUDIO BIANCA MACHADO","url":"https:\/\/biancamachado.com.br\/blog\/","logo":{"@type":"ImageObject","inLanguage":"pt-BR","@id":"https:\/\/biancamachado.com.br\/blog\/#\/schema\/logo\/image\/","url":"https:\/\/i0.wp.com\/biancamachado.com.br\/blog\/wp-content\/uploads\/2021\/02\/cropped-logo-ml.jpg?fit=278%2C100&ssl=1","contentUrl":"https:\/\/i0.wp.com\/biancamachado.com.br\/blog\/wp-content\/uploads\/2021\/02\/cropped-logo-ml.jpg?fit=278%2C100&ssl=1","width":278,"height":100,"caption":"STUDIO BIANCA MACHADO"},"image":{"@id":"https:\/\/biancamachado.com.br\/blog\/#\/schema\/logo\/image\/"},"sameAs":["https:\/\/www.facebook.com\/Studiobiancamachado\/","https:\/\/www.instagram.com\/Studiobiancamachado\/"]},{"@type":"Person","@id":"https:\/\/biancamachado.com.br\/blog\/#\/schema\/person\/990263800ec5e9bdbbf092a2353550a1","name":"biancamachado","image":{"@type":"ImageObject","inLanguage":"pt-BR","@id":"https:\/\/secure.gravatar.com\/avatar\/62b1a50f2632dbc2e279c3eb55aa46cc324c969cff16a69c59756d155316542c?s=96&d=mm&r=g","url":"https:\/\/secure.gravatar.com\/avatar\/62b1a50f2632dbc2e279c3eb55aa46cc324c969cff16a69c59756d155316542c?s=96&d=mm&r=g","contentUrl":"https:\/\/secure.gravatar.com\/avatar\/62b1a50f2632dbc2e279c3eb55aa46cc324c969cff16a69c59756d155316542c?s=96&d=mm&r=g","caption":"biancamachado"},"sameAs":["https:\/\/biancamachado.com.br\/blog"],"url":"https:\/\/biancamachado.com.br\/blog\/author\/biancamachado\/"}]}},"jetpack_featured_media_url":"https:\/\/i0.wp.com\/biancamachado.com.br\/blog\/wp-content\/uploads\/2016\/09\/Screenshot_60.png?fit=632%2C420&ssl=1","jetpack-related-posts":[],"jetpack_sharing_enabled":true,"_links":{"self":[{"href":"https:\/\/biancamachado.com.br\/blog\/wp-json\/wp\/v2\/posts\/99","targetHints":{"allow":["GET"]}}],"collection":[{"href":"https:\/\/biancamachado.com.br\/blog\/wp-json\/wp\/v2\/posts"}],"about":[{"href":"https:\/\/biancamachado.com.br\/blog\/wp-json\/wp\/v2\/types\/post"}],"author":[{"embeddable":true,"href":"https:\/\/biancamachado.com.br\/blog\/wp-json\/wp\/v2\/users\/1"}],"replies":[{"embeddable":true,"href":"https:\/\/biancamachado.com.br\/blog\/wp-json\/wp\/v2\/comments?post=99"}],"version-history":[{"count":2,"href":"https:\/\/biancamachado.com.br\/blog\/wp-json\/wp\/v2\/posts\/99\/revisions"}],"predecessor-version":[{"id":3376,"href":"https:\/\/biancamachado.com.br\/blog\/wp-json\/wp\/v2\/posts\/99\/revisions\/3376"}],"wp:featuredmedia":[{"embeddable":true,"href":"https:\/\/biancamachado.com.br\/blog\/wp-json\/wp\/v2\/media\/858"}],"wp:attachment":[{"href":"https:\/\/biancamachado.com.br\/blog\/wp-json\/wp\/v2\/media?parent=99"}],"wp:term":[{"taxonomy":"category","embeddable":true,"href":"https:\/\/biancamachado.com.br\/blog\/wp-json\/wp\/v2\/categories?post=99"},{"taxonomy":"post_tag","embeddable":true,"href":"https:\/\/biancamachado.com.br\/blog\/wp-json\/wp\/v2\/tags?post=99"}],"curies":[{"name":"wp","href":"https:\/\/api.w.org\/{rel}","templated":true}]}}