{"id":98,"date":"2016-09-26T19:02:00","date_gmt":"2016-09-26T22:02:00","guid":{"rendered":"https:\/\/biancamachado.com.br\/blog\/?p=98"},"modified":"2023-02-14T13:03:26","modified_gmt":"2023-02-14T16:03:26","slug":"fotografias-de-acompanhamento-bebes","status":"publish","type":"post","link":"https:\/\/biancamachado.com.br\/blog\/fotografias-de-acompanhamento-bebes\/","title":{"rendered":"Fotografias de acompanhamento bebes"},"content":{"rendered":"<p>Olha que fofura !!! O Davi est\u00e1 com 11 meses, pode uma coisa dessas?<br \/>\nOutro dia ele estava na barriga, agora j\u00e1 est\u00e1 um bebez\u00e3o todo lindo e maravilhoso.<br \/>\nFam\u00edlia muito bacana, \u00e9 uma alegria quando eles chegam !<br \/>\nPena que s\u00f3 falta mais uma sess\u00e3o para terminar o acompanhamento de fotos do primeiro aninho, vou sentir saudades&#8230;<br \/>\nSegue um pouquinho da sess\u00e3o para matar a curiosidade:<\/p>\n<table style=\"margin-left: auto; margin-right: auto; text-align: center;\" cellspacing=\"0\" cellpadding=\"0\" align=\"center\">\n<tbody>\n<tr>\n<td style=\"text-align: center;\"><a style=\"margin-left: auto; margin-right: auto;\" href=\"https:\/\/i0.wp.com\/1.bp.blogspot.com\/-uEz4qDB1vxc\/V-mZtxaIayI\/AAAAAAAARd4\/65quJkP-iawViIOLQh6_MeJQOmlvrmx9wCLcB\/s1600\/fotografias%2Bde%2Bacompanhamento%2Bbebes.jpg?ssl=1\"><img data-recalc-dims=\"1\" loading=\"lazy\" decoding=\"async\" title=\"fotografias de acompanhamento bebes\" src=\"https:\/\/i0.wp.com\/1.bp.blogspot.com\/-uEz4qDB1vxc\/V-mZtxaIayI\/AAAAAAAARd4\/65quJkP-iawViIOLQh6_MeJQOmlvrmx9wCLcB\/s640\/fotografias%2Bde%2Bacompanhamento%2Bbebes.jpg?resize=640%2C426&#038;ssl=1\" alt=\"fotografias de acompanhamento bebes\" width=\"640\" height=\"426\" border=\"0\" \/><\/a><\/td>\n<\/tr>\n<tr>\n<td style=\"text-align: center;\">fotografias de acompanhamento bebes<\/td>\n<\/tr>\n<\/tbody>\n<\/table>\n<p>O ensaio trimestral do primeiro aninho do beb\u00ea \u00e9 uma \u00f3tima maneira de registrar o crescimento e as mudan\u00e7as do beb\u00ea ao longo desse primeiro ano de vida. E com a fot\u00f3grafa Bianca Machado, do Studio Bianca Machado, essa experi\u00eancia pode ser ainda mais especial.<\/p>\n<p>A primeira dica \u00e9 escolher um local que seja adequado para a idade do beb\u00ea. Um est\u00fadio, por exemplo, pode ser uma escolha perfeita para uma sess\u00e3o de fotos mais segura e confort\u00e1vel.<\/p>\n<p>Outra dica \u00e9 incluir elementos que celebrem o primeiro ano de vida do beb\u00ea. Isso pode incluir bal\u00f5es, flores, ou outros objetos que sejam significativos para a fam\u00edlia.<\/p>\n<p>Al\u00e9m disso, \u00e9 importante que o beb\u00ea se sinta \u00e0 vontade e confiante durante a sess\u00e3o de fotos. \u00c9 importante escolher roupas confort\u00e1veis e que o beb\u00ea goste de usar, e conversar com a fot\u00f3grafa antes da sess\u00e3o para definir as poses e o estilo das fotos.<\/p>\n<p>Em resumo, o ensaio trimestral do primeiro aninho do beb\u00ea \u00e9 uma \u00f3tima maneira de registrar o crescimento e as mudan\u00e7as do beb\u00ea ao longo desse primeiro ano de vida. A fot\u00f3grafa Bianca Machado, do Studio Bianca Machado, est\u00e1 pronta para ajudar a capturar esses momentos inesquec\u00edveis com dicas de local, elementos que celebrem o primeiro ano de vida do beb\u00ea, e a import\u00e2ncia de se sentir confiante e \u00e0 vontade durante a sess\u00e3o de fotos.<\/p>\n<table style=\"margin-left: auto; margin-right: auto; text-align: center;\" cellspacing=\"0\" cellpadding=\"0\" align=\"center\">\n<tbody>\n<tr>\n<td style=\"text-align: center;\"><a style=\"margin-left: auto; margin-right: auto;\" href=\"https:\/\/i0.wp.com\/1.bp.blogspot.com\/-M63vFM3yXKw\/V-mZq0V4o4I\/AAAAAAAARd0\/GRJpEeN6suYk57lyKtJNeccVY4hKdIz1ACLcB\/s1600\/fotografias%2Bdo%2Bprimeiro%2Bano%2Bdo%2Bbebe.jpg?ssl=1\"><img data-recalc-dims=\"1\" loading=\"lazy\" decoding=\"async\" title=\"fotografias do primeiro ano do bebe\" src=\"https:\/\/i0.wp.com\/1.bp.blogspot.com\/-M63vFM3yXKw\/V-mZq0V4o4I\/AAAAAAAARd0\/GRJpEeN6suYk57lyKtJNeccVY4hKdIz1ACLcB\/s640\/fotografias%2Bdo%2Bprimeiro%2Bano%2Bdo%2Bbebe.jpg?resize=640%2C426&#038;ssl=1\" alt=\"fotografias do primeiro ano do bebe\" width=\"640\" height=\"426\" border=\"0\" \/><\/a><\/td>\n<\/tr>\n<tr>\n<td style=\"text-align: center;\">fotografias do primeiro ano do bebe<\/td>\n<\/tr>\n<\/tbody>\n<\/table>\n<table style=\"margin-left: auto; margin-right: auto; text-align: center;\" cellspacing=\"0\" cellpadding=\"0\" align=\"center\">\n<tbody>\n<tr>\n<td style=\"text-align: center;\"><a style=\"margin-left: auto; margin-right: auto;\" href=\"https:\/\/i0.wp.com\/2.bp.blogspot.com\/-v1u_G7-e-TQ\/V-mZq43_uQI\/AAAAAAAARdw\/He6kAPhaP4gtnJ8_xQ2YzgnLo4_X22MkQCLcB\/s1600\/fotografias%2Bem%2Bestudio%2Bdo%2Bbebe.jpg?ssl=1\"><img data-recalc-dims=\"1\" loading=\"lazy\" decoding=\"async\" title=\"fotografias em estudio do bebe\" src=\"https:\/\/i0.wp.com\/2.bp.blogspot.com\/-v1u_G7-e-TQ\/V-mZq43_uQI\/AAAAAAAARdw\/He6kAPhaP4gtnJ8_xQ2YzgnLo4_X22MkQCLcB\/s640\/fotografias%2Bem%2Bestudio%2Bdo%2Bbebe.jpg?resize=426%2C640&#038;ssl=1\" alt=\"fotografias em estudio do bebe\" width=\"426\" height=\"640\" border=\"0\" \/><\/a><\/td>\n<\/tr>\n<tr>\n<td style=\"text-align: center;\">fotografias em estudio do bebe<\/td>\n<\/tr>\n<\/tbody>\n<\/table>\n<table style=\"margin-left: auto; margin-right: auto; text-align: center;\" cellspacing=\"0\" cellpadding=\"0\" align=\"center\">\n<tbody>\n<tr>\n<td style=\"text-align: center;\"><a style=\"margin-left: auto; margin-right: auto;\" href=\"https:\/\/i0.wp.com\/2.bp.blogspot.com\/-uKeEg_hXj_A\/V-mZukTbHHI\/AAAAAAAARd8\/E9QYacnlfmE19IeEgUTYlFUpZsChkf6ZgCLcB\/s1600\/fotografias%2Bem%2Bestudio%2Bpara%2Bbebes.jpg?ssl=1\"><img data-recalc-dims=\"1\" loading=\"lazy\" decoding=\"async\" title=\"fotografias em estudio para bebes\" src=\"https:\/\/i0.wp.com\/2.bp.blogspot.com\/-uKeEg_hXj_A\/V-mZukTbHHI\/AAAAAAAARd8\/E9QYacnlfmE19IeEgUTYlFUpZsChkf6ZgCLcB\/s640\/fotografias%2Bem%2Bestudio%2Bpara%2Bbebes.jpg?resize=640%2C426&#038;ssl=1\" alt=\"fotografias em estudio para bebes\" width=\"640\" height=\"426\" border=\"0\" \/><\/a><\/td>\n<\/tr>\n<tr>\n<td style=\"text-align: center;\">fotografias em estudio para bebes<\/td>\n<\/tr>\n<\/tbody>\n<\/table>\n<table style=\"margin-left: auto; margin-right: auto; text-align: center;\" cellspacing=\"0\" cellpadding=\"0\" align=\"center\">\n<tbody>\n<tr>\n<td style=\"text-align: center;\"><a style=\"margin-left: auto; margin-right: auto;\" href=\"https:\/\/i0.wp.com\/1.bp.blogspot.com\/-5wuzOysvITk\/V-mZ1ngjpfI\/AAAAAAAAReE\/4G8CEmXBpEIG-JDnZ5WP48HK2frmZ2PBQCLcB\/s1600\/fotografias%2Bfamilia%2B1%2Bano.jpg?ssl=1\"><img data-recalc-dims=\"1\" loading=\"lazy\" decoding=\"async\" title=\"fotografias familia 1 ano\" src=\"https:\/\/i0.wp.com\/1.bp.blogspot.com\/-5wuzOysvITk\/V-mZ1ngjpfI\/AAAAAAAAReE\/4G8CEmXBpEIG-JDnZ5WP48HK2frmZ2PBQCLcB\/s640\/fotografias%2Bfamilia%2B1%2Bano.jpg?resize=640%2C426&#038;ssl=1\" alt=\"fotografias familia 1 ano\" width=\"640\" height=\"426\" border=\"0\" \/><\/a><\/td>\n<\/tr>\n<tr>\n<td style=\"text-align: center;\">fotografias familia 1 ano<\/td>\n<\/tr>\n<\/tbody>\n<\/table>\n<table style=\"margin-left: auto; margin-right: auto; text-align: center;\" cellspacing=\"0\" cellpadding=\"0\" align=\"center\">\n<tbody>\n<tr>\n<td style=\"text-align: center;\"><a style=\"margin-left: auto; margin-right: auto;\" href=\"https:\/\/i0.wp.com\/4.bp.blogspot.com\/-xb3RJ1aZsGA\/V-mZ2VwUbfI\/AAAAAAAAReI\/8ZN-RBRZQ8cu-JTEzZMmMMl9xfzY0RA3ACLcB\/s1600\/fotos%2Bbebe%2B1%2Bano.jpg?ssl=1\"><img data-recalc-dims=\"1\" loading=\"lazy\" decoding=\"async\" title=\"fotos bebe 1 ano\" src=\"https:\/\/i0.wp.com\/4.bp.blogspot.com\/-xb3RJ1aZsGA\/V-mZ2VwUbfI\/AAAAAAAAReI\/8ZN-RBRZQ8cu-JTEzZMmMMl9xfzY0RA3ACLcB\/s640\/fotos%2Bbebe%2B1%2Bano.jpg?resize=426%2C640&#038;ssl=1\" alt=\"fotos bebe 1 ano\" width=\"426\" height=\"640\" border=\"0\" \/><\/a><\/td>\n<\/tr>\n<tr>\n<td style=\"text-align: center;\">fotos bebe 1 ano<\/td>\n<\/tr>\n<\/tbody>\n<\/table>\n<table style=\"margin-left: auto; margin-right: auto; text-align: center;\" cellspacing=\"0\" cellpadding=\"0\" align=\"center\">\n<tbody>\n<tr>\n<td style=\"text-align: center;\"><a style=\"margin-left: auto; margin-right: auto;\" href=\"https:\/\/i0.wp.com\/2.bp.blogspot.com\/-O885S_FzNDs\/V-mZ1nvc2oI\/AAAAAAAAReA\/S0c3yNsiGQsAT5GZDkJ1rKEC3GtBktnowCLcB\/s1600\/fotos%2Bdo%2Bprimeiro%2Baninho%2Bem%2Bestudio.jpg?ssl=1\"><img data-recalc-dims=\"1\" loading=\"lazy\" decoding=\"async\" title=\"fotos do primeiro aninho em estudio\" src=\"https:\/\/i0.wp.com\/2.bp.blogspot.com\/-O885S_FzNDs\/V-mZ1nvc2oI\/AAAAAAAAReA\/S0c3yNsiGQsAT5GZDkJ1rKEC3GtBktnowCLcB\/s640\/fotos%2Bdo%2Bprimeiro%2Baninho%2Bem%2Bestudio.jpg?resize=640%2C426&#038;ssl=1\" alt=\"fotos do primeiro aninho em estudio\" width=\"640\" height=\"426\" border=\"0\" \/><\/a><\/td>\n<\/tr>\n<tr>\n<td style=\"text-align: center;\">fotos do primeiro aninho em estudio<\/td>\n<\/tr>\n<\/tbody>\n<\/table>\n<table style=\"margin-left: auto; margin-right: auto; text-align: center;\" cellspacing=\"0\" cellpadding=\"0\" align=\"center\">\n<tbody>\n<tr>\n<td style=\"text-align: center;\"><a style=\"margin-left: auto; margin-right: auto;\" href=\"https:\/\/i0.wp.com\/2.bp.blogspot.com\/-a4WDedrSsUk\/V-mZ5g_UjLI\/AAAAAAAAReM\/3j1KkiGEL9sEDDQAKgKBIgTfF_tLMeUwgCLcB\/s1600\/fotos%2Bprofissionais%2Bbebes%2Bem%2Bestudio.jpg?ssl=1\"><img data-recalc-dims=\"1\" loading=\"lazy\" decoding=\"async\" title=\"fotos profissionais bebes em estudio\" src=\"https:\/\/i0.wp.com\/2.bp.blogspot.com\/-a4WDedrSsUk\/V-mZ5g_UjLI\/AAAAAAAAReM\/3j1KkiGEL9sEDDQAKgKBIgTfF_tLMeUwgCLcB\/s640\/fotos%2Bprofissionais%2Bbebes%2Bem%2Bestudio.jpg?resize=640%2C426&#038;ssl=1\" alt=\"fotos profissionais bebes em estudio\" width=\"640\" height=\"426\" border=\"0\" \/><\/a><\/td>\n<\/tr>\n<tr>\n<td style=\"text-align: center;\">fotos profissionais bebes em estudio<\/td>\n<\/tr>\n<\/tbody>\n<\/table>\n<table style=\"margin-left: auto; margin-right: auto; text-align: center;\" cellspacing=\"0\" cellpadding=\"0\" align=\"center\">\n<tbody>\n<tr>\n<td><a style=\"margin-left: auto; margin-right: auto;\" href=\"https:\/\/i0.wp.com\/3.bp.blogspot.com\/-pXCtBYwYQW8\/V-mZ6CcY-LI\/AAAAAAAAReQ\/E2_qI6N78wYL4Bi52iP03u2GK_-HbDbGACLcB\/s1600\/melhores%2Bestudios%2Bpara%2Bbebes.jpg?ssl=1\"><img data-recalc-dims=\"1\" loading=\"lazy\" decoding=\"async\" title=\"melhores estudios para bebes\" src=\"https:\/\/i0.wp.com\/3.bp.blogspot.com\/-pXCtBYwYQW8\/V-mZ6CcY-LI\/AAAAAAAAReQ\/E2_qI6N78wYL4Bi52iP03u2GK_-HbDbGACLcB\/s640\/melhores%2Bestudios%2Bpara%2Bbebes.jpg?resize=640%2C426&#038;ssl=1\" alt=\"melhores estudios para bebes\" width=\"640\" height=\"426\" border=\"0\" \/><\/a><\/td>\n<\/tr>\n<tr>\n<td style=\"font-size: 12.8px;\">melhores estudios para bebes<\/td>\n<\/tr>\n<\/tbody>\n<\/table>\nVisite tamb\u00e9m nosso site: www.biancamachado.com.br\r\n(11) 97107-1018\r\n\r\nAtendemos as regi\u00f5es de S\u00e3o Paulo, Sorocaba, Ibi\u00fana, Piedade, Votorantim, Cotia, Itupeva, Jundia\u00ed, It\u00fa e Campinas","protected":false},"excerpt":{"rendered":"<p>O ensaio trimestral do primeiro aninho do beb\u00ea \u00e9 uma \u00f3tima maneira de registrar o crescimento e as mudan\u00e7as do beb\u00ea ao longo desse primeiro ano de vida. A fot\u00f3grafa Bianca Machado, do Studio Bianca Machado, est\u00e1 pronta para ajudar a capturar esses momentos inesquec\u00edveis com dicas de local, elementos que celebrem o primeiro ano de vida do beb\u00ea, e a import\u00e2ncia de se sentir confiante e \u00e0 vontade durante a sess\u00e3o de fotos.<\/p>\n","protected":false},"author":1,"featured_media":857,"comment_status":"open","ping_status":"open","sticky":false,"template":"","format":"standard","meta":{"_monsterinsights_skip_tracking":false,"_monsterinsights_sitenote_active":false,"_monsterinsights_sitenote_note":"","_monsterinsights_sitenote_category":0,"jetpack_post_was_ever_published":false,"_jetpack_newsletter_access":"","_jetpack_dont_email_post_to_subs":false,"_jetpack_newsletter_tier_id":0,"_jetpack_memberships_contains_paywalled_content":false,"_jetpack_memberships_contains_paid_content":false,"_joinchat":[],"footnotes":""},"categories":[312,1],"tags":[378],"class_list":["post-98","post","type-post","status-publish","format-standard","has-post-thumbnail","hentry","category-acompanhamento-bebes","category-studio-bianca-machado","tag-fotos-bebes-mes-a-mes"],"yoast_head":"<!-- This site is optimized with the Yoast SEO plugin v27.4 - https:\/\/yoast.com\/product\/yoast-seo-wordpress\/ -->\n<title>Fotografias de acompanhamento bebes - STUDIO BIANCA MACHADO<\/title>\n<meta name=\"description\" content=\"o ensaio trimestral do primeiro aninho do beb\u00ea \u00e9 uma \u00f3tima maneira de registrar o crescimento e as mudan\u00e7as do beb\u00ea ao longo desse primeiro ano de vida. A fot\u00f3grafa Bianca Machado, do Studio Bianca Machado, est\u00e1 pronta para ajudar a capturar esses momentos inesquec\u00edveis com dicas de local, elementos que celebrem o primeiro ano de vida do beb\u00ea, e a import\u00e2ncia de se sentir confiante e \u00e0 vontade durante a sess\u00e3o de fotos.\" \/>\n<meta name=\"robots\" content=\"index, follow, max-snippet:-1, max-image-preview:large, max-video-preview:-1\" \/>\n<link rel=\"canonical\" href=\"https:\/\/biancamachado.com.br\/blog\/fotografias-de-acompanhamento-bebes\/\" \/>\n<meta property=\"og:locale\" content=\"pt_BR\" \/>\n<meta property=\"og:type\" content=\"article\" \/>\n<meta property=\"og:title\" content=\"Fotografias de acompanhamento bebes - STUDIO BIANCA MACHADO\" \/>\n<meta property=\"og:description\" content=\"o ensaio trimestral do primeiro aninho do beb\u00ea \u00e9 uma \u00f3tima maneira de registrar o crescimento e as mudan\u00e7as do beb\u00ea ao longo desse primeiro ano de vida. A fot\u00f3grafa Bianca Machado, do Studio Bianca Machado, est\u00e1 pronta para ajudar a capturar esses momentos inesquec\u00edveis com dicas de local, elementos que celebrem o primeiro ano de vida do beb\u00ea, e a import\u00e2ncia de se sentir confiante e \u00e0 vontade durante a sess\u00e3o de fotos.\" \/>\n<meta property=\"og:url\" content=\"https:\/\/biancamachado.com.br\/blog\/fotografias-de-acompanhamento-bebes\/\" \/>\n<meta property=\"og:site_name\" content=\"STUDIO BIANCA MACHADO\" \/>\n<meta property=\"article:publisher\" content=\"https:\/\/www.facebook.com\/Studiobiancamachado\/\" \/>\n<meta property=\"article:published_time\" content=\"2016-09-26T22:02:00+00:00\" \/>\n<meta property=\"article:modified_time\" content=\"2023-02-14T16:03:26+00:00\" \/>\n<meta property=\"og:image\" content=\"https:\/\/biancamachado.com.br\/blog\/wp-content\/uploads\/2016\/09\/Screenshot_59.png\" \/>\n\t<meta property=\"og:image:width\" content=\"634\" \/>\n\t<meta property=\"og:image:height\" content=\"417\" \/>\n\t<meta property=\"og:image:type\" content=\"image\/png\" \/>\n<meta name=\"author\" content=\"biancamachado\" \/>\n<meta name=\"twitter:card\" content=\"summary_large_image\" \/>\n<meta name=\"twitter:label1\" content=\"Escrito por\" \/>\n\t<meta name=\"twitter:data1\" content=\"biancamachado\" \/>\n\t<meta name=\"twitter:label2\" content=\"Est. tempo de leitura\" \/>\n\t<meta name=\"twitter:data2\" content=\"4 minutos\" \/>\n<script type=\"application\/ld+json\" class=\"yoast-schema-graph\">{\"@context\":\"https:\\\/\\\/schema.org\",\"@graph\":[{\"@type\":\"Article\",\"@id\":\"https:\\\/\\\/biancamachado.com.br\\\/blog\\\/fotografias-de-acompanhamento-bebes\\\/#article\",\"isPartOf\":{\"@id\":\"https:\\\/\\\/biancamachado.com.br\\\/blog\\\/fotografias-de-acompanhamento-bebes\\\/\"},\"author\":{\"name\":\"biancamachado\",\"@id\":\"https:\\\/\\\/biancamachado.com.br\\\/blog\\\/#\\\/schema\\\/person\\\/990263800ec5e9bdbbf092a2353550a1\"},\"headline\":\"Fotografias de acompanhamento bebes\",\"datePublished\":\"2016-09-26T22:02:00+00:00\",\"dateModified\":\"2023-02-14T16:03:26+00:00\",\"mainEntityOfPage\":{\"@id\":\"https:\\\/\\\/biancamachado.com.br\\\/blog\\\/fotografias-de-acompanhamento-bebes\\\/\"},\"wordCount\":351,\"commentCount\":0,\"publisher\":{\"@id\":\"https:\\\/\\\/biancamachado.com.br\\\/blog\\\/#organization\"},\"image\":{\"@id\":\"https:\\\/\\\/biancamachado.com.br\\\/blog\\\/fotografias-de-acompanhamento-bebes\\\/#primaryimage\"},\"thumbnailUrl\":\"https:\\\/\\\/i0.wp.com\\\/biancamachado.com.br\\\/blog\\\/wp-content\\\/uploads\\\/2016\\\/09\\\/Screenshot_59.png?fit=634%2C417&ssl=1\",\"keywords\":[\"fotos bebes mes a mes\"],\"articleSection\":[\"Acompanhamento bebes\",\"Studio Bianca Machado\"],\"inLanguage\":\"pt-BR\",\"potentialAction\":[{\"@type\":\"CommentAction\",\"name\":\"Comment\",\"target\":[\"https:\\\/\\\/biancamachado.com.br\\\/blog\\\/fotografias-de-acompanhamento-bebes\\\/#respond\"]}]},{\"@type\":\"WebPage\",\"@id\":\"https:\\\/\\\/biancamachado.com.br\\\/blog\\\/fotografias-de-acompanhamento-bebes\\\/\",\"url\":\"https:\\\/\\\/biancamachado.com.br\\\/blog\\\/fotografias-de-acompanhamento-bebes\\\/\",\"name\":\"Fotografias de acompanhamento bebes - STUDIO BIANCA MACHADO\",\"isPartOf\":{\"@id\":\"https:\\\/\\\/biancamachado.com.br\\\/blog\\\/#website\"},\"primaryImageOfPage\":{\"@id\":\"https:\\\/\\\/biancamachado.com.br\\\/blog\\\/fotografias-de-acompanhamento-bebes\\\/#primaryimage\"},\"image\":{\"@id\":\"https:\\\/\\\/biancamachado.com.br\\\/blog\\\/fotografias-de-acompanhamento-bebes\\\/#primaryimage\"},\"thumbnailUrl\":\"https:\\\/\\\/i0.wp.com\\\/biancamachado.com.br\\\/blog\\\/wp-content\\\/uploads\\\/2016\\\/09\\\/Screenshot_59.png?fit=634%2C417&ssl=1\",\"datePublished\":\"2016-09-26T22:02:00+00:00\",\"dateModified\":\"2023-02-14T16:03:26+00:00\",\"description\":\"o ensaio trimestral do primeiro aninho do beb\u00ea \u00e9 uma \u00f3tima maneira de registrar o crescimento e as mudan\u00e7as do beb\u00ea ao longo desse primeiro ano de vida. A fot\u00f3grafa Bianca Machado, do Studio Bianca Machado, est\u00e1 pronta para ajudar a capturar esses momentos inesquec\u00edveis com dicas de local, elementos que celebrem o primeiro ano de vida do beb\u00ea, e a import\u00e2ncia de se sentir confiante e \u00e0 vontade durante a sess\u00e3o de fotos.\",\"breadcrumb\":{\"@id\":\"https:\\\/\\\/biancamachado.com.br\\\/blog\\\/fotografias-de-acompanhamento-bebes\\\/#breadcrumb\"},\"inLanguage\":\"pt-BR\",\"potentialAction\":[{\"@type\":\"ReadAction\",\"target\":[\"https:\\\/\\\/biancamachado.com.br\\\/blog\\\/fotografias-de-acompanhamento-bebes\\\/\"]}]},{\"@type\":\"ImageObject\",\"inLanguage\":\"pt-BR\",\"@id\":\"https:\\\/\\\/biancamachado.com.br\\\/blog\\\/fotografias-de-acompanhamento-bebes\\\/#primaryimage\",\"url\":\"https:\\\/\\\/i0.wp.com\\\/biancamachado.com.br\\\/blog\\\/wp-content\\\/uploads\\\/2016\\\/09\\\/Screenshot_59.png?fit=634%2C417&ssl=1\",\"contentUrl\":\"https:\\\/\\\/i0.wp.com\\\/biancamachado.com.br\\\/blog\\\/wp-content\\\/uploads\\\/2016\\\/09\\\/Screenshot_59.png?fit=634%2C417&ssl=1\",\"width\":634,\"height\":417,\"caption\":\"Fotografias de acompanhamento bebes\"},{\"@type\":\"BreadcrumbList\",\"@id\":\"https:\\\/\\\/biancamachado.com.br\\\/blog\\\/fotografias-de-acompanhamento-bebes\\\/#breadcrumb\",\"itemListElement\":[{\"@type\":\"ListItem\",\"position\":1,\"name\":\"In\u00edcio\",\"item\":\"https:\\\/\\\/biancamachado.com.br\\\/blog\\\/\"},{\"@type\":\"ListItem\",\"position\":2,\"name\":\"Fotografias de acompanhamento bebes\"}]},{\"@type\":\"WebSite\",\"@id\":\"https:\\\/\\\/biancamachado.com.br\\\/blog\\\/#website\",\"url\":\"https:\\\/\\\/biancamachado.com.br\\\/blog\\\/\",\"name\":\"STUDIO BIANCA MACHADO\",\"description\":\"Estudio Fotografico, Ensaios e Books de foto profissional\",\"publisher\":{\"@id\":\"https:\\\/\\\/biancamachado.com.br\\\/blog\\\/#organization\"},\"potentialAction\":[{\"@type\":\"SearchAction\",\"target\":{\"@type\":\"EntryPoint\",\"urlTemplate\":\"https:\\\/\\\/biancamachado.com.br\\\/blog\\\/?s={search_term_string}\"},\"query-input\":{\"@type\":\"PropertyValueSpecification\",\"valueRequired\":true,\"valueName\":\"search_term_string\"}}],\"inLanguage\":\"pt-BR\"},{\"@type\":\"Organization\",\"@id\":\"https:\\\/\\\/biancamachado.com.br\\\/blog\\\/#organization\",\"name\":\"STUDIO BIANCA MACHADO\",\"url\":\"https:\\\/\\\/biancamachado.com.br\\\/blog\\\/\",\"logo\":{\"@type\":\"ImageObject\",\"inLanguage\":\"pt-BR\",\"@id\":\"https:\\\/\\\/biancamachado.com.br\\\/blog\\\/#\\\/schema\\\/logo\\\/image\\\/\",\"url\":\"https:\\\/\\\/i0.wp.com\\\/biancamachado.com.br\\\/blog\\\/wp-content\\\/uploads\\\/2021\\\/02\\\/cropped-logo-ml.jpg?fit=278%2C100&ssl=1\",\"contentUrl\":\"https:\\\/\\\/i0.wp.com\\\/biancamachado.com.br\\\/blog\\\/wp-content\\\/uploads\\\/2021\\\/02\\\/cropped-logo-ml.jpg?fit=278%2C100&ssl=1\",\"width\":278,\"height\":100,\"caption\":\"STUDIO BIANCA MACHADO\"},\"image\":{\"@id\":\"https:\\\/\\\/biancamachado.com.br\\\/blog\\\/#\\\/schema\\\/logo\\\/image\\\/\"},\"sameAs\":[\"https:\\\/\\\/www.facebook.com\\\/Studiobiancamachado\\\/\",\"https:\\\/\\\/www.instagram.com\\\/Studiobiancamachado\\\/\"]},{\"@type\":\"Person\",\"@id\":\"https:\\\/\\\/biancamachado.com.br\\\/blog\\\/#\\\/schema\\\/person\\\/990263800ec5e9bdbbf092a2353550a1\",\"name\":\"biancamachado\",\"image\":{\"@type\":\"ImageObject\",\"inLanguage\":\"pt-BR\",\"@id\":\"https:\\\/\\\/secure.gravatar.com\\\/avatar\\\/62b1a50f2632dbc2e279c3eb55aa46cc324c969cff16a69c59756d155316542c?s=96&d=mm&r=g\",\"url\":\"https:\\\/\\\/secure.gravatar.com\\\/avatar\\\/62b1a50f2632dbc2e279c3eb55aa46cc324c969cff16a69c59756d155316542c?s=96&d=mm&r=g\",\"contentUrl\":\"https:\\\/\\\/secure.gravatar.com\\\/avatar\\\/62b1a50f2632dbc2e279c3eb55aa46cc324c969cff16a69c59756d155316542c?s=96&d=mm&r=g\",\"caption\":\"biancamachado\"},\"sameAs\":[\"https:\\\/\\\/biancamachado.com.br\\\/blog\"],\"url\":\"https:\\\/\\\/biancamachado.com.br\\\/blog\\\/author\\\/biancamachado\\\/\"}]}<\/script>\n<!-- \/ Yoast SEO plugin. -->","yoast_head_json":{"title":"Fotografias de acompanhamento bebes - STUDIO BIANCA MACHADO","description":"o ensaio trimestral do primeiro aninho do beb\u00ea \u00e9 uma \u00f3tima maneira de registrar o crescimento e as mudan\u00e7as do beb\u00ea ao longo desse primeiro ano de vida. A fot\u00f3grafa Bianca Machado, do Studio Bianca Machado, est\u00e1 pronta para ajudar a capturar esses momentos inesquec\u00edveis com dicas de local, elementos que celebrem o primeiro ano de vida do beb\u00ea, e a import\u00e2ncia de se sentir confiante e \u00e0 vontade durante a sess\u00e3o de fotos.","robots":{"index":"index","follow":"follow","max-snippet":"max-snippet:-1","max-image-preview":"max-image-preview:large","max-video-preview":"max-video-preview:-1"},"canonical":"https:\/\/biancamachado.com.br\/blog\/fotografias-de-acompanhamento-bebes\/","og_locale":"pt_BR","og_type":"article","og_title":"Fotografias de acompanhamento bebes - STUDIO BIANCA MACHADO","og_description":"o ensaio trimestral do primeiro aninho do beb\u00ea \u00e9 uma \u00f3tima maneira de registrar o crescimento e as mudan\u00e7as do beb\u00ea ao longo desse primeiro ano de vida. A fot\u00f3grafa Bianca Machado, do Studio Bianca Machado, est\u00e1 pronta para ajudar a capturar esses momentos inesquec\u00edveis com dicas de local, elementos que celebrem o primeiro ano de vida do beb\u00ea, e a import\u00e2ncia de se sentir confiante e \u00e0 vontade durante a sess\u00e3o de fotos.","og_url":"https:\/\/biancamachado.com.br\/blog\/fotografias-de-acompanhamento-bebes\/","og_site_name":"STUDIO BIANCA MACHADO","article_publisher":"https:\/\/www.facebook.com\/Studiobiancamachado\/","article_published_time":"2016-09-26T22:02:00+00:00","article_modified_time":"2023-02-14T16:03:26+00:00","og_image":[{"width":634,"height":417,"url":"https:\/\/biancamachado.com.br\/blog\/wp-content\/uploads\/2016\/09\/Screenshot_59.png","type":"image\/png"}],"author":"biancamachado","twitter_card":"summary_large_image","twitter_misc":{"Escrito por":"biancamachado","Est. tempo de leitura":"4 minutos"},"schema":{"@context":"https:\/\/schema.org","@graph":[{"@type":"Article","@id":"https:\/\/biancamachado.com.br\/blog\/fotografias-de-acompanhamento-bebes\/#article","isPartOf":{"@id":"https:\/\/biancamachado.com.br\/blog\/fotografias-de-acompanhamento-bebes\/"},"author":{"name":"biancamachado","@id":"https:\/\/biancamachado.com.br\/blog\/#\/schema\/person\/990263800ec5e9bdbbf092a2353550a1"},"headline":"Fotografias de acompanhamento bebes","datePublished":"2016-09-26T22:02:00+00:00","dateModified":"2023-02-14T16:03:26+00:00","mainEntityOfPage":{"@id":"https:\/\/biancamachado.com.br\/blog\/fotografias-de-acompanhamento-bebes\/"},"wordCount":351,"commentCount":0,"publisher":{"@id":"https:\/\/biancamachado.com.br\/blog\/#organization"},"image":{"@id":"https:\/\/biancamachado.com.br\/blog\/fotografias-de-acompanhamento-bebes\/#primaryimage"},"thumbnailUrl":"https:\/\/i0.wp.com\/biancamachado.com.br\/blog\/wp-content\/uploads\/2016\/09\/Screenshot_59.png?fit=634%2C417&ssl=1","keywords":["fotos bebes mes a mes"],"articleSection":["Acompanhamento bebes","Studio Bianca Machado"],"inLanguage":"pt-BR","potentialAction":[{"@type":"CommentAction","name":"Comment","target":["https:\/\/biancamachado.com.br\/blog\/fotografias-de-acompanhamento-bebes\/#respond"]}]},{"@type":"WebPage","@id":"https:\/\/biancamachado.com.br\/blog\/fotografias-de-acompanhamento-bebes\/","url":"https:\/\/biancamachado.com.br\/blog\/fotografias-de-acompanhamento-bebes\/","name":"Fotografias de acompanhamento bebes - STUDIO BIANCA MACHADO","isPartOf":{"@id":"https:\/\/biancamachado.com.br\/blog\/#website"},"primaryImageOfPage":{"@id":"https:\/\/biancamachado.com.br\/blog\/fotografias-de-acompanhamento-bebes\/#primaryimage"},"image":{"@id":"https:\/\/biancamachado.com.br\/blog\/fotografias-de-acompanhamento-bebes\/#primaryimage"},"thumbnailUrl":"https:\/\/i0.wp.com\/biancamachado.com.br\/blog\/wp-content\/uploads\/2016\/09\/Screenshot_59.png?fit=634%2C417&ssl=1","datePublished":"2016-09-26T22:02:00+00:00","dateModified":"2023-02-14T16:03:26+00:00","description":"o ensaio trimestral do primeiro aninho do beb\u00ea \u00e9 uma \u00f3tima maneira de registrar o crescimento e as mudan\u00e7as do beb\u00ea ao longo desse primeiro ano de vida. A fot\u00f3grafa Bianca Machado, do Studio Bianca Machado, est\u00e1 pronta para ajudar a capturar esses momentos inesquec\u00edveis com dicas de local, elementos que celebrem o primeiro ano de vida do beb\u00ea, e a import\u00e2ncia de se sentir confiante e \u00e0 vontade durante a sess\u00e3o de fotos.","breadcrumb":{"@id":"https:\/\/biancamachado.com.br\/blog\/fotografias-de-acompanhamento-bebes\/#breadcrumb"},"inLanguage":"pt-BR","potentialAction":[{"@type":"ReadAction","target":["https:\/\/biancamachado.com.br\/blog\/fotografias-de-acompanhamento-bebes\/"]}]},{"@type":"ImageObject","inLanguage":"pt-BR","@id":"https:\/\/biancamachado.com.br\/blog\/fotografias-de-acompanhamento-bebes\/#primaryimage","url":"https:\/\/i0.wp.com\/biancamachado.com.br\/blog\/wp-content\/uploads\/2016\/09\/Screenshot_59.png?fit=634%2C417&ssl=1","contentUrl":"https:\/\/i0.wp.com\/biancamachado.com.br\/blog\/wp-content\/uploads\/2016\/09\/Screenshot_59.png?fit=634%2C417&ssl=1","width":634,"height":417,"caption":"Fotografias de acompanhamento bebes"},{"@type":"BreadcrumbList","@id":"https:\/\/biancamachado.com.br\/blog\/fotografias-de-acompanhamento-bebes\/#breadcrumb","itemListElement":[{"@type":"ListItem","position":1,"name":"In\u00edcio","item":"https:\/\/biancamachado.com.br\/blog\/"},{"@type":"ListItem","position":2,"name":"Fotografias de acompanhamento bebes"}]},{"@type":"WebSite","@id":"https:\/\/biancamachado.com.br\/blog\/#website","url":"https:\/\/biancamachado.com.br\/blog\/","name":"STUDIO BIANCA MACHADO","description":"Estudio Fotografico, Ensaios e Books de foto profissional","publisher":{"@id":"https:\/\/biancamachado.com.br\/blog\/#organization"},"potentialAction":[{"@type":"SearchAction","target":{"@type":"EntryPoint","urlTemplate":"https:\/\/biancamachado.com.br\/blog\/?s={search_term_string}"},"query-input":{"@type":"PropertyValueSpecification","valueRequired":true,"valueName":"search_term_string"}}],"inLanguage":"pt-BR"},{"@type":"Organization","@id":"https:\/\/biancamachado.com.br\/blog\/#organization","name":"STUDIO BIANCA MACHADO","url":"https:\/\/biancamachado.com.br\/blog\/","logo":{"@type":"ImageObject","inLanguage":"pt-BR","@id":"https:\/\/biancamachado.com.br\/blog\/#\/schema\/logo\/image\/","url":"https:\/\/i0.wp.com\/biancamachado.com.br\/blog\/wp-content\/uploads\/2021\/02\/cropped-logo-ml.jpg?fit=278%2C100&ssl=1","contentUrl":"https:\/\/i0.wp.com\/biancamachado.com.br\/blog\/wp-content\/uploads\/2021\/02\/cropped-logo-ml.jpg?fit=278%2C100&ssl=1","width":278,"height":100,"caption":"STUDIO BIANCA MACHADO"},"image":{"@id":"https:\/\/biancamachado.com.br\/blog\/#\/schema\/logo\/image\/"},"sameAs":["https:\/\/www.facebook.com\/Studiobiancamachado\/","https:\/\/www.instagram.com\/Studiobiancamachado\/"]},{"@type":"Person","@id":"https:\/\/biancamachado.com.br\/blog\/#\/schema\/person\/990263800ec5e9bdbbf092a2353550a1","name":"biancamachado","image":{"@type":"ImageObject","inLanguage":"pt-BR","@id":"https:\/\/secure.gravatar.com\/avatar\/62b1a50f2632dbc2e279c3eb55aa46cc324c969cff16a69c59756d155316542c?s=96&d=mm&r=g","url":"https:\/\/secure.gravatar.com\/avatar\/62b1a50f2632dbc2e279c3eb55aa46cc324c969cff16a69c59756d155316542c?s=96&d=mm&r=g","contentUrl":"https:\/\/secure.gravatar.com\/avatar\/62b1a50f2632dbc2e279c3eb55aa46cc324c969cff16a69c59756d155316542c?s=96&d=mm&r=g","caption":"biancamachado"},"sameAs":["https:\/\/biancamachado.com.br\/blog"],"url":"https:\/\/biancamachado.com.br\/blog\/author\/biancamachado\/"}]}},"jetpack_featured_media_url":"https:\/\/i0.wp.com\/biancamachado.com.br\/blog\/wp-content\/uploads\/2016\/09\/Screenshot_59.png?fit=634%2C417&ssl=1","jetpack-related-posts":[],"jetpack_sharing_enabled":true,"_links":{"self":[{"href":"https:\/\/biancamachado.com.br\/blog\/wp-json\/wp\/v2\/posts\/98","targetHints":{"allow":["GET"]}}],"collection":[{"href":"https:\/\/biancamachado.com.br\/blog\/wp-json\/wp\/v2\/posts"}],"about":[{"href":"https:\/\/biancamachado.com.br\/blog\/wp-json\/wp\/v2\/types\/post"}],"author":[{"embeddable":true,"href":"https:\/\/biancamachado.com.br\/blog\/wp-json\/wp\/v2\/users\/1"}],"replies":[{"embeddable":true,"href":"https:\/\/biancamachado.com.br\/blog\/wp-json\/wp\/v2\/comments?post=98"}],"version-history":[{"count":2,"href":"https:\/\/biancamachado.com.br\/blog\/wp-json\/wp\/v2\/posts\/98\/revisions"}],"predecessor-version":[{"id":3363,"href":"https:\/\/biancamachado.com.br\/blog\/wp-json\/wp\/v2\/posts\/98\/revisions\/3363"}],"wp:featuredmedia":[{"embeddable":true,"href":"https:\/\/biancamachado.com.br\/blog\/wp-json\/wp\/v2\/media\/857"}],"wp:attachment":[{"href":"https:\/\/biancamachado.com.br\/blog\/wp-json\/wp\/v2\/media?parent=98"}],"wp:term":[{"taxonomy":"category","embeddable":true,"href":"https:\/\/biancamachado.com.br\/blog\/wp-json\/wp\/v2\/categories?post=98"},{"taxonomy":"post_tag","embeddable":true,"href":"https:\/\/biancamachado.com.br\/blog\/wp-json\/wp\/v2\/tags?post=98"}],"curies":[{"name":"wp","href":"https:\/\/api.w.org\/{rel}","templated":true}]}}