{"id":87,"date":"2016-09-26T20:41:00","date_gmt":"2016-09-26T23:41:00","guid":{"rendered":"https:\/\/biancamachado.com.br\/blog\/?p=87"},"modified":"2023-02-14T12:38:50","modified_gmt":"2023-02-14T15:38:50","slug":"ensaio-fotografico-de-gestante","status":"publish","type":"post","link":"https:\/\/biancamachado.com.br\/blog\/ensaio-fotografico-de-gestante\/","title":{"rendered":"Ensaio fotogr\u00e1fico de gestante"},"content":{"rendered":"<p>Imagina uma fam\u00edlia calma, linda, iluminada?<br \/>\nFiquei impressionada. Com essa correria do dia a dia, geralmente as pessoas chegam um pouco ansiosas com o tr\u00e2nsito, tempo, etc.<br \/>\nTenho certeza de que hoje recebi uma fam\u00edlia de anjos aqui, e o melhor&#8230;<br \/>\nEst\u00e1 crescendo ! kkk Em breve, mais um anjinho chegando.<br \/>\nGratid\u00e3o imensa conhecer vcs !<br \/>\nSegue um pouquinho do resultado da sess\u00e3o de fotos:<\/p>\n<table style=\"margin-left: auto; margin-right: auto; text-align: center;\" cellspacing=\"0\" cellpadding=\"0\" align=\"center\">\n<tbody>\n<tr>\n<td style=\"text-align: center;\"><a style=\"margin-left: auto; margin-right: auto;\" href=\"https:\/\/i0.wp.com\/2.bp.blogspot.com\/-kAdwLFzSv4k\/V-mxCgJqSwI\/AAAAAAAARkw\/8uu3dTX8EDI9S40r6cVIzGrSWsdTKTLuACLcB\/s1600\/046.jpg?ssl=1\"><img data-recalc-dims=\"1\" loading=\"lazy\" decoding=\"async\" title=\"fotografias de familia\" src=\"https:\/\/i0.wp.com\/2.bp.blogspot.com\/-kAdwLFzSv4k\/V-mxCgJqSwI\/AAAAAAAARkw\/8uu3dTX8EDI9S40r6cVIzGrSWsdTKTLuACLcB\/s640\/046.jpg?resize=640%2C426&#038;ssl=1\" alt=\"fotografias de familia\" width=\"640\" height=\"426\" border=\"0\" \/><\/a><\/td>\n<\/tr>\n<tr>\n<td style=\"text-align: center;\">fotografias de familia<\/td>\n<\/tr>\n<\/tbody>\n<\/table>\n<p>O ensaio de fotos gestante \u00e9 uma oportunidade \u00fanica de registrar esse momento t\u00e3o especial na vida. E quando o irm\u00e3ozinho tamb\u00e9m est\u00e1 presente, o ensaio se torna ainda mais especial e significativo. A fot\u00f3grafa Bianca Machado, do Studio Bianca Machado, \u00e9 especialista em capturar esses momentos \u00fanicos e especiais.<\/p>\n<p>Bianca sabe como incluir o irm\u00e3ozinho no ensaio de maneira natural e espont\u00e2nea, criando fotos que capturam a beleza e a ess\u00eancia desse momento t\u00e3o especial na vida da fam\u00edlia. Al\u00e9m disso, ela se preocupa em garantir o conforto e a seguran\u00e7a de todos durante todo o processo.<\/p>\n<p>As fotos do ensaio gestante com o irm\u00e3ozinho s\u00e3o ideais para serem compartilhadas com amigos e familiares, e tamb\u00e9m para serem guardadas como recorda\u00e7\u00e3o para sempre. E a fot\u00f3grafa Bianca Machado, do Studio Bianca Machado, est\u00e1 pronta para ajudar a capturar esses momentos inesquec\u00edveis.<\/p>\n<p>Em resumo, o ensaio de fotos gestante com o irm\u00e3ozinho \u00e9 uma oportunidade \u00fanica de registrar esse momento t\u00e3o especial na vida da fam\u00edlia. A fot\u00f3grafa Bianca Machado, do Studio Bianca Machado, \u00e9 a escolha certa para capturar esses momentos inesquec\u00edveis.<\/p>\n<table style=\"margin-left: auto; margin-right: auto; text-align: center;\" cellspacing=\"0\" cellpadding=\"0\" align=\"center\">\n<tbody>\n<tr>\n<td style=\"text-align: center;\"><a style=\"margin-left: auto; margin-right: auto;\" href=\"https:\/\/i0.wp.com\/2.bp.blogspot.com\/-E2Jke8Zg850\/V-mxC85_DPI\/AAAAAAAARk0\/lXyeED7F-8c9aKW-tS_m3Y1tjoN6yQN-gCLcB\/s1600\/book%2Bfotos%2Bgestante.jpg?ssl=1\"><img data-recalc-dims=\"1\" loading=\"lazy\" decoding=\"async\" title=\"book fotos gestante\" src=\"https:\/\/i0.wp.com\/2.bp.blogspot.com\/-E2Jke8Zg850\/V-mxC85_DPI\/AAAAAAAARk0\/lXyeED7F-8c9aKW-tS_m3Y1tjoN6yQN-gCLcB\/s640\/book%2Bfotos%2Bgestante.jpg?resize=426%2C640&#038;ssl=1\" alt=\"book fotos gestante\" width=\"426\" height=\"640\" border=\"0\" \/><\/a><\/td>\n<\/tr>\n<tr>\n<td style=\"text-align: center;\">book fotos gestante<\/td>\n<\/tr>\n<\/tbody>\n<\/table>\n<table style=\"margin-left: auto; margin-right: auto; text-align: center;\" cellspacing=\"0\" cellpadding=\"0\" align=\"center\">\n<tbody>\n<tr>\n<td style=\"text-align: center;\"><a style=\"margin-left: auto; margin-right: auto;\" href=\"https:\/\/i0.wp.com\/1.bp.blogspot.com\/-jU8_8719RNA\/V-mxDEIYHLI\/AAAAAAAARk4\/g1J8MHH2l44hYoyWwy-etTvH8xE5ji-ngCLcB\/s1600\/ensaio%2Bfotografico%2Bda%2Bfamilia.jpg?ssl=1\"><img data-recalc-dims=\"1\" loading=\"lazy\" decoding=\"async\" title=\"ensaio fotografico da familia\" src=\"https:\/\/i0.wp.com\/1.bp.blogspot.com\/-jU8_8719RNA\/V-mxDEIYHLI\/AAAAAAAARk4\/g1J8MHH2l44hYoyWwy-etTvH8xE5ji-ngCLcB\/s640\/ensaio%2Bfotografico%2Bda%2Bfamilia.jpg?resize=426%2C640&#038;ssl=1\" alt=\"ensaio fotografico da familia\" width=\"426\" height=\"640\" border=\"0\" \/><\/a><\/td>\n<\/tr>\n<tr>\n<td style=\"text-align: center;\">ensaio fotografico da familia<\/td>\n<\/tr>\n<\/tbody>\n<\/table>\n<table style=\"margin-left: auto; margin-right: auto; text-align: center;\" cellspacing=\"0\" cellpadding=\"0\" align=\"center\">\n<tbody>\n<tr>\n<td style=\"text-align: center;\"><a style=\"margin-left: auto; margin-right: auto;\" href=\"https:\/\/i0.wp.com\/4.bp.blogspot.com\/-5INlauDX588\/V-mxIVxv2WI\/AAAAAAAARlA\/rTRgtiEE700NYiH1g1iWmS7VXJRuPkxKwCLcB\/s1600\/ensaio%2Bfotografico%2Bde%2Bgestante.jpg?ssl=1\"><img data-recalc-dims=\"1\" loading=\"lazy\" decoding=\"async\" title=\"ensaio fotografico de gestante\" src=\"https:\/\/i0.wp.com\/4.bp.blogspot.com\/-5INlauDX588\/V-mxIVxv2WI\/AAAAAAAARlA\/rTRgtiEE700NYiH1g1iWmS7VXJRuPkxKwCLcB\/s640\/ensaio%2Bfotografico%2Bde%2Bgestante.jpg?resize=426%2C640&#038;ssl=1\" alt=\"ensaio fotografico de gestante\" width=\"426\" height=\"640\" border=\"0\" \/><\/a><\/td>\n<\/tr>\n<tr>\n<td style=\"text-align: center;\">ensaio fotografico de gestante<\/td>\n<\/tr>\n<\/tbody>\n<\/table>\n<table style=\"margin-left: auto; margin-right: auto; text-align: center;\" cellspacing=\"0\" cellpadding=\"0\" align=\"center\">\n<tbody>\n<tr>\n<td style=\"text-align: center;\"><a style=\"margin-left: auto; margin-right: auto;\" href=\"https:\/\/i0.wp.com\/1.bp.blogspot.com\/-a9vHo77FhKE\/V-mxIQUfIjI\/AAAAAAAARk8\/nro2xbfo-SgJ-r4GO1krwXm4jexh6B0ZQCLcB\/s1600\/fotografias%2Bgravidas.jpg?ssl=1\"><img data-recalc-dims=\"1\" loading=\"lazy\" decoding=\"async\" title=\"fotografias gravidas\" src=\"https:\/\/i0.wp.com\/1.bp.blogspot.com\/-a9vHo77FhKE\/V-mxIQUfIjI\/AAAAAAAARk8\/nro2xbfo-SgJ-r4GO1krwXm4jexh6B0ZQCLcB\/s640\/fotografias%2Bgravidas.jpg?resize=426%2C640&#038;ssl=1\" alt=\"fotografias gravidas\" width=\"426\" height=\"640\" border=\"0\" \/><\/a><\/td>\n<\/tr>\n<tr>\n<td style=\"text-align: center;\">fotografias gravidas<\/td>\n<\/tr>\n<\/tbody>\n<\/table>\n<table style=\"margin-left: auto; margin-right: auto; text-align: center;\" cellspacing=\"0\" cellpadding=\"0\" align=\"center\">\n<tbody>\n<tr>\n<td style=\"text-align: center;\"><a style=\"margin-left: auto; margin-right: auto;\" href=\"https:\/\/i0.wp.com\/1.bp.blogspot.com\/-BLE4c3bu7s8\/V-mxMiqDhUI\/AAAAAAAARlI\/Es8h-6XVwzkqcX1SyN-nSiovid9IOYNIQCLcB\/s1600\/fotos%2Bbook%2Bestudio.jpg?ssl=1\"><img data-recalc-dims=\"1\" loading=\"lazy\" decoding=\"async\" title=\"fotos book estudio\" src=\"https:\/\/i0.wp.com\/1.bp.blogspot.com\/-BLE4c3bu7s8\/V-mxMiqDhUI\/AAAAAAAARlI\/Es8h-6XVwzkqcX1SyN-nSiovid9IOYNIQCLcB\/s640\/fotos%2Bbook%2Bestudio.jpg?resize=426%2C640&#038;ssl=1\" alt=\"fotos book estudio\" width=\"426\" height=\"640\" border=\"0\" \/><\/a><\/td>\n<\/tr>\n<tr>\n<td style=\"text-align: center;\">fotos book estudio<\/td>\n<\/tr>\n<\/tbody>\n<\/table>\n<table style=\"margin-left: auto; margin-right: auto; text-align: center;\" cellspacing=\"0\" cellpadding=\"0\" align=\"center\">\n<tbody>\n<tr>\n<td style=\"text-align: center;\"><a style=\"margin-left: auto; margin-right: auto;\" href=\"https:\/\/i0.wp.com\/4.bp.blogspot.com\/-Qx_llhdhhew\/V-mxL8CyS-I\/AAAAAAAARlE\/fK7gKH58QpEYfQrTzh02iVrSgUN-bfWGQCLcB\/s1600\/fotos%2Bda%2Bgravidez.jpg?ssl=1\"><img data-recalc-dims=\"1\" loading=\"lazy\" decoding=\"async\" title=\"fotos da gravidez\" src=\"https:\/\/i0.wp.com\/4.bp.blogspot.com\/-Qx_llhdhhew\/V-mxL8CyS-I\/AAAAAAAARlE\/fK7gKH58QpEYfQrTzh02iVrSgUN-bfWGQCLcB\/s640\/fotos%2Bda%2Bgravidez.jpg?resize=426%2C640&#038;ssl=1\" alt=\"fotos da gravidez\" width=\"426\" height=\"640\" border=\"0\" \/><\/a><\/td>\n<\/tr>\n<tr>\n<td style=\"text-align: center;\">fotos da gravidez<\/td>\n<\/tr>\n<\/tbody>\n<\/table>\nVisite tamb\u00e9m nosso site: www.biancamachado.com.br\r\n(11) 97107-1018\r\n\r\nAtendemos as regi\u00f5es de S\u00e3o Paulo, Sorocaba, Ibi\u00fana, Piedade, Votorantim, Cotia, Itupeva, Jundia\u00ed, It\u00fa e Campinas","protected":false},"excerpt":{"rendered":"<p>Em resumo, o ensaio de fotos gestante com o irm\u00e3ozinho \u00e9 uma oportunidade \u00fanica de registrar esse momento t\u00e3o especial na vida da fam\u00edlia. A fot\u00f3grafa Bianca Machado, do Studio Bianca Machado, \u00e9 a escolha certa para capturar esses momentos inesquec\u00edveis.<\/p>\n","protected":false},"author":1,"featured_media":846,"comment_status":"open","ping_status":"open","sticky":false,"template":"","format":"standard","meta":{"_monsterinsights_skip_tracking":false,"_monsterinsights_sitenote_active":false,"_monsterinsights_sitenote_note":"","_monsterinsights_sitenote_category":0,"jetpack_post_was_ever_published":false,"_jetpack_newsletter_access":"","_jetpack_dont_email_post_to_subs":false,"_jetpack_newsletter_tier_id":0,"_jetpack_memberships_contains_paywalled_content":false,"_jetpack_memberships_contains_paid_content":false,"_joinchat":[],"footnotes":""},"categories":[283,1],"tags":[300,374,299,301,298],"class_list":["post-87","post","type-post","status-publish","format-standard","has-post-thumbnail","hentry","category-book-gestante-em-estudio","category-studio-bianca-machado","tag-book-fotografico-para-gravidas","tag-book-gestante","tag-ensaio-de-fotos","tag-fotografas-de-gestantes","tag-fotos-de-book-gestante-em-estudio"],"yoast_head":"<!-- This site is optimized with the Yoast SEO plugin v27.4 - https:\/\/yoast.com\/product\/yoast-seo-wordpress\/ -->\n<title>Ensaio fotogr\u00e1fico de gestante - STUDIO BIANCA MACHADO<\/title>\n<meta name=\"robots\" content=\"index, follow, max-snippet:-1, max-image-preview:large, max-video-preview:-1\" \/>\n<link rel=\"canonical\" href=\"https:\/\/biancamachado.com.br\/blog\/ensaio-fotografico-de-gestante\/\" \/>\n<meta property=\"og:locale\" content=\"pt_BR\" \/>\n<meta property=\"og:type\" content=\"article\" \/>\n<meta property=\"og:title\" content=\"Ensaio fotogr\u00e1fico de gestante - STUDIO BIANCA MACHADO\" \/>\n<meta property=\"og:description\" content=\"Em resumo, o ensaio de fotos gestante com o irm\u00e3ozinho \u00e9 uma oportunidade \u00fanica de registrar esse momento t\u00e3o especial na vida da fam\u00edlia. A fot\u00f3grafa Bianca Machado, do Studio Bianca Machado, \u00e9 a escolha certa para capturar esses momentos inesquec\u00edveis.\" \/>\n<meta property=\"og:url\" content=\"https:\/\/biancamachado.com.br\/blog\/ensaio-fotografico-de-gestante\/\" \/>\n<meta property=\"og:site_name\" content=\"STUDIO BIANCA MACHADO\" \/>\n<meta property=\"article:publisher\" content=\"https:\/\/www.facebook.com\/Studiobiancamachado\/\" \/>\n<meta property=\"article:published_time\" content=\"2016-09-26T23:41:00+00:00\" \/>\n<meta property=\"article:modified_time\" content=\"2023-02-14T15:38:50+00:00\" \/>\n<meta property=\"og:image\" content=\"https:\/\/biancamachado.com.br\/blog\/wp-content\/uploads\/2016\/09\/Screenshot_48.png\" \/>\n\t<meta property=\"og:image:width\" content=\"709\" \/>\n\t<meta property=\"og:image:height\" content=\"423\" \/>\n\t<meta property=\"og:image:type\" content=\"image\/png\" \/>\n<meta name=\"author\" content=\"biancamachado\" \/>\n<meta name=\"twitter:card\" content=\"summary_large_image\" \/>\n<meta name=\"twitter:label1\" content=\"Escrito por\" \/>\n\t<meta name=\"twitter:data1\" content=\"biancamachado\" \/>\n\t<meta name=\"twitter:label2\" content=\"Est. tempo de leitura\" \/>\n\t<meta name=\"twitter:data2\" content=\"3 minutos\" \/>\n<script type=\"application\/ld+json\" class=\"yoast-schema-graph\">{\"@context\":\"https:\\\/\\\/schema.org\",\"@graph\":[{\"@type\":\"Article\",\"@id\":\"https:\\\/\\\/biancamachado.com.br\\\/blog\\\/ensaio-fotografico-de-gestante\\\/#article\",\"isPartOf\":{\"@id\":\"https:\\\/\\\/biancamachado.com.br\\\/blog\\\/ensaio-fotografico-de-gestante\\\/\"},\"author\":{\"name\":\"biancamachado\",\"@id\":\"https:\\\/\\\/biancamachado.com.br\\\/blog\\\/#\\\/schema\\\/person\\\/990263800ec5e9bdbbf092a2353550a1\"},\"headline\":\"Ensaio fotogr\u00e1fico de gestante\",\"datePublished\":\"2016-09-26T23:41:00+00:00\",\"dateModified\":\"2023-02-14T15:38:50+00:00\",\"mainEntityOfPage\":{\"@id\":\"https:\\\/\\\/biancamachado.com.br\\\/blog\\\/ensaio-fotografico-de-gestante\\\/\"},\"wordCount\":296,\"commentCount\":0,\"publisher\":{\"@id\":\"https:\\\/\\\/biancamachado.com.br\\\/blog\\\/#organization\"},\"image\":{\"@id\":\"https:\\\/\\\/biancamachado.com.br\\\/blog\\\/ensaio-fotografico-de-gestante\\\/#primaryimage\"},\"thumbnailUrl\":\"https:\\\/\\\/i0.wp.com\\\/biancamachado.com.br\\\/blog\\\/wp-content\\\/uploads\\\/2016\\\/09\\\/Screenshot_48.png?fit=709%2C423&ssl=1\",\"keywords\":[\"book fotografico para gravidas\",\"book gestante\",\"ensaio de fotos\",\"fotografas de gestantes\",\"fotos de book gestante em estudio\"],\"articleSection\":[\"Book Gestante em Estudio\",\"Studio Bianca Machado\"],\"inLanguage\":\"pt-BR\",\"potentialAction\":[{\"@type\":\"CommentAction\",\"name\":\"Comment\",\"target\":[\"https:\\\/\\\/biancamachado.com.br\\\/blog\\\/ensaio-fotografico-de-gestante\\\/#respond\"]}]},{\"@type\":\"WebPage\",\"@id\":\"https:\\\/\\\/biancamachado.com.br\\\/blog\\\/ensaio-fotografico-de-gestante\\\/\",\"url\":\"https:\\\/\\\/biancamachado.com.br\\\/blog\\\/ensaio-fotografico-de-gestante\\\/\",\"name\":\"Ensaio fotogr\u00e1fico de gestante - STUDIO BIANCA MACHADO\",\"isPartOf\":{\"@id\":\"https:\\\/\\\/biancamachado.com.br\\\/blog\\\/#website\"},\"primaryImageOfPage\":{\"@id\":\"https:\\\/\\\/biancamachado.com.br\\\/blog\\\/ensaio-fotografico-de-gestante\\\/#primaryimage\"},\"image\":{\"@id\":\"https:\\\/\\\/biancamachado.com.br\\\/blog\\\/ensaio-fotografico-de-gestante\\\/#primaryimage\"},\"thumbnailUrl\":\"https:\\\/\\\/i0.wp.com\\\/biancamachado.com.br\\\/blog\\\/wp-content\\\/uploads\\\/2016\\\/09\\\/Screenshot_48.png?fit=709%2C423&ssl=1\",\"datePublished\":\"2016-09-26T23:41:00+00:00\",\"dateModified\":\"2023-02-14T15:38:50+00:00\",\"breadcrumb\":{\"@id\":\"https:\\\/\\\/biancamachado.com.br\\\/blog\\\/ensaio-fotografico-de-gestante\\\/#breadcrumb\"},\"inLanguage\":\"pt-BR\",\"potentialAction\":[{\"@type\":\"ReadAction\",\"target\":[\"https:\\\/\\\/biancamachado.com.br\\\/blog\\\/ensaio-fotografico-de-gestante\\\/\"]}]},{\"@type\":\"ImageObject\",\"inLanguage\":\"pt-BR\",\"@id\":\"https:\\\/\\\/biancamachado.com.br\\\/blog\\\/ensaio-fotografico-de-gestante\\\/#primaryimage\",\"url\":\"https:\\\/\\\/i0.wp.com\\\/biancamachado.com.br\\\/blog\\\/wp-content\\\/uploads\\\/2016\\\/09\\\/Screenshot_48.png?fit=709%2C423&ssl=1\",\"contentUrl\":\"https:\\\/\\\/i0.wp.com\\\/biancamachado.com.br\\\/blog\\\/wp-content\\\/uploads\\\/2016\\\/09\\\/Screenshot_48.png?fit=709%2C423&ssl=1\",\"width\":709,\"height\":423,\"caption\":\"Ensaio fotogr\u00e1fico de gestante\"},{\"@type\":\"BreadcrumbList\",\"@id\":\"https:\\\/\\\/biancamachado.com.br\\\/blog\\\/ensaio-fotografico-de-gestante\\\/#breadcrumb\",\"itemListElement\":[{\"@type\":\"ListItem\",\"position\":1,\"name\":\"In\u00edcio\",\"item\":\"https:\\\/\\\/biancamachado.com.br\\\/blog\\\/\"},{\"@type\":\"ListItem\",\"position\":2,\"name\":\"Ensaio fotogr\u00e1fico de gestante\"}]},{\"@type\":\"WebSite\",\"@id\":\"https:\\\/\\\/biancamachado.com.br\\\/blog\\\/#website\",\"url\":\"https:\\\/\\\/biancamachado.com.br\\\/blog\\\/\",\"name\":\"STUDIO BIANCA MACHADO\",\"description\":\"Estudio Fotografico, Ensaios e Books de foto profissional\",\"publisher\":{\"@id\":\"https:\\\/\\\/biancamachado.com.br\\\/blog\\\/#organization\"},\"potentialAction\":[{\"@type\":\"SearchAction\",\"target\":{\"@type\":\"EntryPoint\",\"urlTemplate\":\"https:\\\/\\\/biancamachado.com.br\\\/blog\\\/?s={search_term_string}\"},\"query-input\":{\"@type\":\"PropertyValueSpecification\",\"valueRequired\":true,\"valueName\":\"search_term_string\"}}],\"inLanguage\":\"pt-BR\"},{\"@type\":\"Organization\",\"@id\":\"https:\\\/\\\/biancamachado.com.br\\\/blog\\\/#organization\",\"name\":\"STUDIO BIANCA MACHADO\",\"url\":\"https:\\\/\\\/biancamachado.com.br\\\/blog\\\/\",\"logo\":{\"@type\":\"ImageObject\",\"inLanguage\":\"pt-BR\",\"@id\":\"https:\\\/\\\/biancamachado.com.br\\\/blog\\\/#\\\/schema\\\/logo\\\/image\\\/\",\"url\":\"https:\\\/\\\/i0.wp.com\\\/biancamachado.com.br\\\/blog\\\/wp-content\\\/uploads\\\/2021\\\/02\\\/cropped-logo-ml.jpg?fit=278%2C100&ssl=1\",\"contentUrl\":\"https:\\\/\\\/i0.wp.com\\\/biancamachado.com.br\\\/blog\\\/wp-content\\\/uploads\\\/2021\\\/02\\\/cropped-logo-ml.jpg?fit=278%2C100&ssl=1\",\"width\":278,\"height\":100,\"caption\":\"STUDIO BIANCA MACHADO\"},\"image\":{\"@id\":\"https:\\\/\\\/biancamachado.com.br\\\/blog\\\/#\\\/schema\\\/logo\\\/image\\\/\"},\"sameAs\":[\"https:\\\/\\\/www.facebook.com\\\/Studiobiancamachado\\\/\",\"https:\\\/\\\/www.instagram.com\\\/Studiobiancamachado\\\/\"]},{\"@type\":\"Person\",\"@id\":\"https:\\\/\\\/biancamachado.com.br\\\/blog\\\/#\\\/schema\\\/person\\\/990263800ec5e9bdbbf092a2353550a1\",\"name\":\"biancamachado\",\"image\":{\"@type\":\"ImageObject\",\"inLanguage\":\"pt-BR\",\"@id\":\"https:\\\/\\\/secure.gravatar.com\\\/avatar\\\/62b1a50f2632dbc2e279c3eb55aa46cc324c969cff16a69c59756d155316542c?s=96&d=mm&r=g\",\"url\":\"https:\\\/\\\/secure.gravatar.com\\\/avatar\\\/62b1a50f2632dbc2e279c3eb55aa46cc324c969cff16a69c59756d155316542c?s=96&d=mm&r=g\",\"contentUrl\":\"https:\\\/\\\/secure.gravatar.com\\\/avatar\\\/62b1a50f2632dbc2e279c3eb55aa46cc324c969cff16a69c59756d155316542c?s=96&d=mm&r=g\",\"caption\":\"biancamachado\"},\"sameAs\":[\"https:\\\/\\\/biancamachado.com.br\\\/blog\"],\"url\":\"https:\\\/\\\/biancamachado.com.br\\\/blog\\\/author\\\/biancamachado\\\/\"}]}<\/script>\n<!-- \/ Yoast SEO plugin. -->","yoast_head_json":{"title":"Ensaio fotogr\u00e1fico de gestante - STUDIO BIANCA MACHADO","robots":{"index":"index","follow":"follow","max-snippet":"max-snippet:-1","max-image-preview":"max-image-preview:large","max-video-preview":"max-video-preview:-1"},"canonical":"https:\/\/biancamachado.com.br\/blog\/ensaio-fotografico-de-gestante\/","og_locale":"pt_BR","og_type":"article","og_title":"Ensaio fotogr\u00e1fico de gestante - STUDIO BIANCA MACHADO","og_description":"Em resumo, o ensaio de fotos gestante com o irm\u00e3ozinho \u00e9 uma oportunidade \u00fanica de registrar esse momento t\u00e3o especial na vida da fam\u00edlia. A fot\u00f3grafa Bianca Machado, do Studio Bianca Machado, \u00e9 a escolha certa para capturar esses momentos inesquec\u00edveis.","og_url":"https:\/\/biancamachado.com.br\/blog\/ensaio-fotografico-de-gestante\/","og_site_name":"STUDIO BIANCA MACHADO","article_publisher":"https:\/\/www.facebook.com\/Studiobiancamachado\/","article_published_time":"2016-09-26T23:41:00+00:00","article_modified_time":"2023-02-14T15:38:50+00:00","og_image":[{"width":709,"height":423,"url":"https:\/\/biancamachado.com.br\/blog\/wp-content\/uploads\/2016\/09\/Screenshot_48.png","type":"image\/png"}],"author":"biancamachado","twitter_card":"summary_large_image","twitter_misc":{"Escrito por":"biancamachado","Est. tempo de leitura":"3 minutos"},"schema":{"@context":"https:\/\/schema.org","@graph":[{"@type":"Article","@id":"https:\/\/biancamachado.com.br\/blog\/ensaio-fotografico-de-gestante\/#article","isPartOf":{"@id":"https:\/\/biancamachado.com.br\/blog\/ensaio-fotografico-de-gestante\/"},"author":{"name":"biancamachado","@id":"https:\/\/biancamachado.com.br\/blog\/#\/schema\/person\/990263800ec5e9bdbbf092a2353550a1"},"headline":"Ensaio fotogr\u00e1fico de gestante","datePublished":"2016-09-26T23:41:00+00:00","dateModified":"2023-02-14T15:38:50+00:00","mainEntityOfPage":{"@id":"https:\/\/biancamachado.com.br\/blog\/ensaio-fotografico-de-gestante\/"},"wordCount":296,"commentCount":0,"publisher":{"@id":"https:\/\/biancamachado.com.br\/blog\/#organization"},"image":{"@id":"https:\/\/biancamachado.com.br\/blog\/ensaio-fotografico-de-gestante\/#primaryimage"},"thumbnailUrl":"https:\/\/i0.wp.com\/biancamachado.com.br\/blog\/wp-content\/uploads\/2016\/09\/Screenshot_48.png?fit=709%2C423&ssl=1","keywords":["book fotografico para gravidas","book gestante","ensaio de fotos","fotografas de gestantes","fotos de book gestante em estudio"],"articleSection":["Book Gestante em Estudio","Studio Bianca Machado"],"inLanguage":"pt-BR","potentialAction":[{"@type":"CommentAction","name":"Comment","target":["https:\/\/biancamachado.com.br\/blog\/ensaio-fotografico-de-gestante\/#respond"]}]},{"@type":"WebPage","@id":"https:\/\/biancamachado.com.br\/blog\/ensaio-fotografico-de-gestante\/","url":"https:\/\/biancamachado.com.br\/blog\/ensaio-fotografico-de-gestante\/","name":"Ensaio fotogr\u00e1fico de gestante - STUDIO BIANCA MACHADO","isPartOf":{"@id":"https:\/\/biancamachado.com.br\/blog\/#website"},"primaryImageOfPage":{"@id":"https:\/\/biancamachado.com.br\/blog\/ensaio-fotografico-de-gestante\/#primaryimage"},"image":{"@id":"https:\/\/biancamachado.com.br\/blog\/ensaio-fotografico-de-gestante\/#primaryimage"},"thumbnailUrl":"https:\/\/i0.wp.com\/biancamachado.com.br\/blog\/wp-content\/uploads\/2016\/09\/Screenshot_48.png?fit=709%2C423&ssl=1","datePublished":"2016-09-26T23:41:00+00:00","dateModified":"2023-02-14T15:38:50+00:00","breadcrumb":{"@id":"https:\/\/biancamachado.com.br\/blog\/ensaio-fotografico-de-gestante\/#breadcrumb"},"inLanguage":"pt-BR","potentialAction":[{"@type":"ReadAction","target":["https:\/\/biancamachado.com.br\/blog\/ensaio-fotografico-de-gestante\/"]}]},{"@type":"ImageObject","inLanguage":"pt-BR","@id":"https:\/\/biancamachado.com.br\/blog\/ensaio-fotografico-de-gestante\/#primaryimage","url":"https:\/\/i0.wp.com\/biancamachado.com.br\/blog\/wp-content\/uploads\/2016\/09\/Screenshot_48.png?fit=709%2C423&ssl=1","contentUrl":"https:\/\/i0.wp.com\/biancamachado.com.br\/blog\/wp-content\/uploads\/2016\/09\/Screenshot_48.png?fit=709%2C423&ssl=1","width":709,"height":423,"caption":"Ensaio fotogr\u00e1fico de gestante"},{"@type":"BreadcrumbList","@id":"https:\/\/biancamachado.com.br\/blog\/ensaio-fotografico-de-gestante\/#breadcrumb","itemListElement":[{"@type":"ListItem","position":1,"name":"In\u00edcio","item":"https:\/\/biancamachado.com.br\/blog\/"},{"@type":"ListItem","position":2,"name":"Ensaio fotogr\u00e1fico de gestante"}]},{"@type":"WebSite","@id":"https:\/\/biancamachado.com.br\/blog\/#website","url":"https:\/\/biancamachado.com.br\/blog\/","name":"STUDIO BIANCA MACHADO","description":"Estudio Fotografico, Ensaios e Books de foto profissional","publisher":{"@id":"https:\/\/biancamachado.com.br\/blog\/#organization"},"potentialAction":[{"@type":"SearchAction","target":{"@type":"EntryPoint","urlTemplate":"https:\/\/biancamachado.com.br\/blog\/?s={search_term_string}"},"query-input":{"@type":"PropertyValueSpecification","valueRequired":true,"valueName":"search_term_string"}}],"inLanguage":"pt-BR"},{"@type":"Organization","@id":"https:\/\/biancamachado.com.br\/blog\/#organization","name":"STUDIO BIANCA MACHADO","url":"https:\/\/biancamachado.com.br\/blog\/","logo":{"@type":"ImageObject","inLanguage":"pt-BR","@id":"https:\/\/biancamachado.com.br\/blog\/#\/schema\/logo\/image\/","url":"https:\/\/i0.wp.com\/biancamachado.com.br\/blog\/wp-content\/uploads\/2021\/02\/cropped-logo-ml.jpg?fit=278%2C100&ssl=1","contentUrl":"https:\/\/i0.wp.com\/biancamachado.com.br\/blog\/wp-content\/uploads\/2021\/02\/cropped-logo-ml.jpg?fit=278%2C100&ssl=1","width":278,"height":100,"caption":"STUDIO BIANCA MACHADO"},"image":{"@id":"https:\/\/biancamachado.com.br\/blog\/#\/schema\/logo\/image\/"},"sameAs":["https:\/\/www.facebook.com\/Studiobiancamachado\/","https:\/\/www.instagram.com\/Studiobiancamachado\/"]},{"@type":"Person","@id":"https:\/\/biancamachado.com.br\/blog\/#\/schema\/person\/990263800ec5e9bdbbf092a2353550a1","name":"biancamachado","image":{"@type":"ImageObject","inLanguage":"pt-BR","@id":"https:\/\/secure.gravatar.com\/avatar\/62b1a50f2632dbc2e279c3eb55aa46cc324c969cff16a69c59756d155316542c?s=96&d=mm&r=g","url":"https:\/\/secure.gravatar.com\/avatar\/62b1a50f2632dbc2e279c3eb55aa46cc324c969cff16a69c59756d155316542c?s=96&d=mm&r=g","contentUrl":"https:\/\/secure.gravatar.com\/avatar\/62b1a50f2632dbc2e279c3eb55aa46cc324c969cff16a69c59756d155316542c?s=96&d=mm&r=g","caption":"biancamachado"},"sameAs":["https:\/\/biancamachado.com.br\/blog"],"url":"https:\/\/biancamachado.com.br\/blog\/author\/biancamachado\/"}]}},"jetpack_featured_media_url":"https:\/\/i0.wp.com\/biancamachado.com.br\/blog\/wp-content\/uploads\/2016\/09\/Screenshot_48.png?fit=709%2C423&ssl=1","jetpack-related-posts":[],"jetpack_sharing_enabled":true,"_links":{"self":[{"href":"https:\/\/biancamachado.com.br\/blog\/wp-json\/wp\/v2\/posts\/87","targetHints":{"allow":["GET"]}}],"collection":[{"href":"https:\/\/biancamachado.com.br\/blog\/wp-json\/wp\/v2\/posts"}],"about":[{"href":"https:\/\/biancamachado.com.br\/blog\/wp-json\/wp\/v2\/types\/post"}],"author":[{"embeddable":true,"href":"https:\/\/biancamachado.com.br\/blog\/wp-json\/wp\/v2\/users\/1"}],"replies":[{"embeddable":true,"href":"https:\/\/biancamachado.com.br\/blog\/wp-json\/wp\/v2\/comments?post=87"}],"version-history":[{"count":2,"href":"https:\/\/biancamachado.com.br\/blog\/wp-json\/wp\/v2\/posts\/87\/revisions"}],"predecessor-version":[{"id":3343,"href":"https:\/\/biancamachado.com.br\/blog\/wp-json\/wp\/v2\/posts\/87\/revisions\/3343"}],"wp:featuredmedia":[{"embeddable":true,"href":"https:\/\/biancamachado.com.br\/blog\/wp-json\/wp\/v2\/media\/846"}],"wp:attachment":[{"href":"https:\/\/biancamachado.com.br\/blog\/wp-json\/wp\/v2\/media?parent=87"}],"wp:term":[{"taxonomy":"category","embeddable":true,"href":"https:\/\/biancamachado.com.br\/blog\/wp-json\/wp\/v2\/categories?post=87"},{"taxonomy":"post_tag","embeddable":true,"href":"https:\/\/biancamachado.com.br\/blog\/wp-json\/wp\/v2\/tags?post=87"}],"curies":[{"name":"wp","href":"https:\/\/api.w.org\/{rel}","templated":true}]}}