{"id":86,"date":"2016-09-26T20:49:00","date_gmt":"2016-09-26T23:49:00","guid":{"rendered":"https:\/\/biancamachado.com.br\/blog\/?p=86"},"modified":"2023-02-14T12:36:43","modified_gmt":"2023-02-14T15:36:43","slug":"sessao-de-fotos-de-gestante","status":"publish","type":"post","link":"https:\/\/biancamachado.com.br\/blog\/sessao-de-fotos-de-gestante\/","title":{"rendered":"Sess\u00e3o de Fotos de Gestante"},"content":{"rendered":"<p>Eu acredito num mundo melhor.<br \/>\nTodos os dias, eu encontro fam\u00edlias t\u00e3o lindas quanto a minha, sempre buscando o amor, o melhor para os seus filhos.<br \/>\nEles se reinventam, acreditam, se renovam, tudo para apresentar uma melhor op\u00e7\u00e3o de mundo para seus filhotinhos.<br \/>\nIsso me d\u00e1 muita esperan\u00e7a !<br \/>\nSegue um pouquinho do ensaio de fotos:<\/p>\n<table style=\"margin-left: auto; margin-right: auto; text-align: center;\" cellspacing=\"0\" cellpadding=\"0\" align=\"center\">\n<tbody>\n<tr>\n<td style=\"text-align: center;\"><a style=\"margin-left: auto; margin-right: auto;\" href=\"https:\/\/i0.wp.com\/2.bp.blogspot.com\/-uBtlhjLqOMU\/V-mzjGNCLkI\/AAAAAAAARlc\/9qU4VeC0yhM4kvD5vKQP0uSmMGVlZmX3QCLcB\/s1600\/ensaio%2Bde%2Bfotos%2Bgravidez.jpg?ssl=1\"><img data-recalc-dims=\"1\" loading=\"lazy\" decoding=\"async\" title=\"ensaio de fotos gravidez\" src=\"https:\/\/i0.wp.com\/2.bp.blogspot.com\/-uBtlhjLqOMU\/V-mzjGNCLkI\/AAAAAAAARlc\/9qU4VeC0yhM4kvD5vKQP0uSmMGVlZmX3QCLcB\/s640\/ensaio%2Bde%2Bfotos%2Bgravidez.jpg?resize=426%2C640&#038;ssl=1\" alt=\"ensaio de fotos gravidez\" width=\"426\" height=\"640\" border=\"0\" \/><\/a><\/td>\n<\/tr>\n<tr>\n<td style=\"text-align: center;\">ensaio de fotos gravidez<\/td>\n<\/tr>\n<\/tbody>\n<\/table>\n<p>A fotografia gestante \u00e9 uma das mais especiais e significativas dentro da carreira de um fot\u00f3grafo. \u00c9 a chance de registrar um momento \u00fanico e especial na vida de uma futura mam\u00e3e e de sua fam\u00edlia. E a fot\u00f3grafa Bianca Machado, do Studio Bianca Machado, sente muita alegria em participar desse momento.<\/p>\n<p>Para Bianca, fotografar um ensaio gestante \u00e9 mais do que apenas clicar o obturador. \u00c9 a oportunidade de capturar a beleza, a ess\u00eancia e a emo\u00e7\u00e3o desse momento t\u00e3o especial na vida da gestante. \u00c9 um privil\u00e9gio estar presente e registrar esse momento para sempre.<\/p>\n<p>Al\u00e9m disso, Bianca sabe que as fotos do ensaio gestante ser\u00e3o guardadas com carinho e ser\u00e3o lembradas por toda a vida. E ela se esfor\u00e7a para garantir que cada foto seja \u00fanica e especial, para que a gestante e sua fam\u00edlia possam reviver esse momento sempre que desejarem.<\/p>\n<p>Em resumo, a fot\u00f3grafa Bianca Machado sente muita alegria e satisfa\u00e7\u00e3o em fotografar ensaios gestantes. Ela se esfor\u00e7a para capturar a beleza, a ess\u00eancia e a emo\u00e7\u00e3o desse momento t\u00e3o especial na vida da gestante e sua fam\u00edlia.<\/p>\n<table style=\"margin-left: auto; margin-right: auto; text-align: center;\" cellspacing=\"0\" cellpadding=\"0\" align=\"center\">\n<tbody>\n<tr>\n<td style=\"text-align: center;\"><a style=\"margin-left: auto; margin-right: auto;\" href=\"https:\/\/i0.wp.com\/3.bp.blogspot.com\/-2Rkd5nuidfE\/V-mzhpHx67I\/AAAAAAAARlU\/ZKxoUZYfXKoh9E6851CAX8K_0xIcK7spQCLcB\/s1600\/fotografia%2Bgestante.jpg?ssl=1\"><img data-recalc-dims=\"1\" loading=\"lazy\" decoding=\"async\" title=\"fotografia gestante\" src=\"https:\/\/i0.wp.com\/3.bp.blogspot.com\/-2Rkd5nuidfE\/V-mzhpHx67I\/AAAAAAAARlU\/ZKxoUZYfXKoh9E6851CAX8K_0xIcK7spQCLcB\/s640\/fotografia%2Bgestante.jpg?resize=426%2C640&#038;ssl=1\" alt=\"fotografia gestante\" width=\"426\" height=\"640\" border=\"0\" \/><\/a><\/td>\n<\/tr>\n<tr>\n<td style=\"text-align: center;\">fotografia gestante<\/td>\n<\/tr>\n<\/tbody>\n<\/table>\n<table style=\"margin-left: auto; margin-right: auto; text-align: center;\" cellspacing=\"0\" cellpadding=\"0\" align=\"center\">\n<tbody>\n<tr>\n<td style=\"text-align: center;\"><a style=\"margin-left: auto; margin-right: auto;\" href=\"https:\/\/i0.wp.com\/2.bp.blogspot.com\/-TW49udfGEF4\/V-mzhhIPP8I\/AAAAAAAARlY\/Z97Y57ARC1ECzQ8ZiSetzfXxBKyTTCacQCLcB\/s1600\/sess%25C3%25A3o%2Bde%2Bfotos%2Bde%2Bgestante.jpg?ssl=1\"><img data-recalc-dims=\"1\" loading=\"lazy\" decoding=\"async\" title=\"sess\u00e3o de fotos de gestante\" src=\"https:\/\/i0.wp.com\/2.bp.blogspot.com\/-TW49udfGEF4\/V-mzhhIPP8I\/AAAAAAAARlY\/Z97Y57ARC1ECzQ8ZiSetzfXxBKyTTCacQCLcB\/s640\/sess%25C3%25A3o%2Bde%2Bfotos%2Bde%2Bgestante.jpg?resize=426%2C640&#038;ssl=1\" alt=\"sess\u00e3o de fotos de gestante\" width=\"426\" height=\"640\" border=\"0\" \/><\/a><\/td>\n<\/tr>\n<tr>\n<td style=\"text-align: center;\">sess\u00e3o de fotos de gestante<\/td>\n<\/tr>\n<\/tbody>\n<\/table>\n<table style=\"margin-left: auto; margin-right: auto; text-align: center;\" cellspacing=\"0\" cellpadding=\"0\" align=\"center\">\n<tbody>\n<tr>\n<td style=\"text-align: center;\"><a style=\"margin-left: auto; margin-right: auto;\" href=\"https:\/\/i0.wp.com\/3.bp.blogspot.com\/-heO3pS5xpsU\/V-mzlkhDIFI\/AAAAAAAARlk\/7-uhfhxgR0gWPSHt02unoWjiV8re5WkTQCLcB\/s1600\/sess%25C3%25A3o%2Bde%2Bfotos%2Bgravidas.jpg?ssl=1\"><img data-recalc-dims=\"1\" loading=\"lazy\" decoding=\"async\" title=\"sess\u00e3o de fotos gravidas\" src=\"https:\/\/i0.wp.com\/3.bp.blogspot.com\/-heO3pS5xpsU\/V-mzlkhDIFI\/AAAAAAAARlk\/7-uhfhxgR0gWPSHt02unoWjiV8re5WkTQCLcB\/s640\/sess%25C3%25A3o%2Bde%2Bfotos%2Bgravidas.jpg?resize=426%2C640&#038;ssl=1\" alt=\"sess\u00e3o de fotos gravidas\" width=\"426\" height=\"640\" border=\"0\" \/><\/a><\/td>\n<\/tr>\n<tr>\n<td style=\"text-align: center;\">sess\u00e3o de fotos gravidas<\/td>\n<\/tr>\n<\/tbody>\n<\/table>\n<table style=\"margin-left: auto; margin-right: auto; text-align: center;\" cellspacing=\"0\" cellpadding=\"0\" align=\"center\">\n<tbody>\n<tr>\n<td style=\"text-align: center;\"><a style=\"margin-left: auto; margin-right: auto;\" href=\"https:\/\/i0.wp.com\/4.bp.blogspot.com\/-JebLY_7nal0\/V-mzlAnUAHI\/AAAAAAAARlg\/aPtUVX8b_eYvifIDhsCCA1x-d7ahHNynACLcB\/s1600\/sess%25C3%25A3o%2Bde%2Bfotos%2Bgravidez.jpg?ssl=1\"><img data-recalc-dims=\"1\" loading=\"lazy\" decoding=\"async\" title=\"sess\u00e3o de fotos gravidez\" src=\"https:\/\/i0.wp.com\/4.bp.blogspot.com\/-JebLY_7nal0\/V-mzlAnUAHI\/AAAAAAAARlg\/aPtUVX8b_eYvifIDhsCCA1x-d7ahHNynACLcB\/s640\/sess%25C3%25A3o%2Bde%2Bfotos%2Bgravidez.jpg?resize=426%2C640&#038;ssl=1\" alt=\"sess\u00e3o de fotos gravidez\" width=\"426\" height=\"640\" border=\"0\" \/><\/a><\/td>\n<\/tr>\n<tr>\n<td style=\"text-align: center;\">sess\u00e3o de fotos gravidez<\/td>\n<\/tr>\n<\/tbody>\n<\/table>\n<table style=\"margin-left: auto; margin-right: auto; text-align: center;\" cellspacing=\"0\" cellpadding=\"0\" align=\"center\">\n<tbody>\n<tr>\n<td style=\"text-align: center;\"><a style=\"margin-left: auto; margin-right: auto;\" href=\"https:\/\/i0.wp.com\/1.bp.blogspot.com\/-Bz2XXgC9hVM\/V-mzn-ml70I\/AAAAAAAARlo\/IG8_5LSkKYEORtgPdApPHFWa3P1OlUXbwCLcB\/s1600\/sess%25C3%25B5es%2Bde%2Bfotos%2Bem%2Bestudio.jpg?ssl=1\"><img data-recalc-dims=\"1\" loading=\"lazy\" decoding=\"async\" title=\"sess\u00f5es de fotos em estudio\" src=\"https:\/\/i0.wp.com\/1.bp.blogspot.com\/-Bz2XXgC9hVM\/V-mzn-ml70I\/AAAAAAAARlo\/IG8_5LSkKYEORtgPdApPHFWa3P1OlUXbwCLcB\/s640\/sess%25C3%25B5es%2Bde%2Bfotos%2Bem%2Bestudio.jpg?resize=426%2C640&#038;ssl=1\" alt=\"sess\u00f5es de fotos em estudio\" width=\"426\" height=\"640\" border=\"0\" \/><\/a><\/td>\n<\/tr>\n<tr>\n<td style=\"text-align: center;\">sess\u00f5es de fotos em estudio<\/td>\n<\/tr>\n<\/tbody>\n<\/table>\nVisite tamb\u00e9m nosso site: www.biancamachado.com.br\r\n(11) 97107-1018\r\n\r\nAtendemos as regi\u00f5es de S\u00e3o Paulo, Sorocaba, Ibi\u00fana, Piedade, Votorantim, Cotia, Itupeva, Jundia\u00ed, It\u00fa e Campinas","protected":false},"excerpt":{"rendered":"<p>Em resumo, a fot\u00f3grafa Bianca Machado sente muita alegria e satisfa\u00e7\u00e3o em fotografar ensaios gestantes. Ela se esfor\u00e7a para capturar a beleza, a ess\u00eancia e a emo\u00e7\u00e3o desse momento t\u00e3o especial na vida da gestante e sua fam\u00edlia.<\/p>\n","protected":false},"author":1,"featured_media":845,"comment_status":"open","ping_status":"open","sticky":false,"template":"","format":"standard","meta":{"_monsterinsights_skip_tracking":false,"_monsterinsights_sitenote_active":false,"_monsterinsights_sitenote_note":"","_monsterinsights_sitenote_category":0,"jetpack_post_was_ever_published":false,"_jetpack_newsletter_access":"","_jetpack_dont_email_post_to_subs":false,"_jetpack_newsletter_tier_id":0,"_jetpack_memberships_contains_paywalled_content":false,"_jetpack_memberships_contains_paid_content":false,"_joinchat":[],"footnotes":""},"categories":[283,1],"tags":[829,374,591,886,370,885,714],"class_list":["post-86","post","type-post","status-publish","format-standard","has-post-thumbnail","hentry","category-book-gestante-em-estudio","category-studio-bianca-machado","tag-bianca-machado","tag-book-gestante","tag-emocao","tag-ensaios-gestante","tag-fotografia","tag-fotografia-gestante","tag-studio-bianca-machado"],"yoast_head":"<!-- This site is optimized with the Yoast SEO plugin v27.4 - https:\/\/yoast.com\/product\/yoast-seo-wordpress\/ -->\n<title>Sess\u00e3o de Fotos de Gestante - STUDIO BIANCA MACHADO<\/title>\n<meta name=\"robots\" content=\"index, follow, max-snippet:-1, max-image-preview:large, max-video-preview:-1\" \/>\n<link rel=\"canonical\" href=\"https:\/\/biancamachado.com.br\/blog\/sessao-de-fotos-de-gestante\/\" \/>\n<meta property=\"og:locale\" content=\"pt_BR\" \/>\n<meta property=\"og:type\" content=\"article\" \/>\n<meta property=\"og:title\" content=\"Sess\u00e3o de Fotos de Gestante - STUDIO BIANCA MACHADO\" \/>\n<meta property=\"og:description\" content=\"Em resumo, a fot\u00f3grafa Bianca Machado sente muita alegria e satisfa\u00e7\u00e3o em fotografar ensaios gestantes. Ela se esfor\u00e7a para capturar a beleza, a ess\u00eancia e a emo\u00e7\u00e3o desse momento t\u00e3o especial na vida da gestante e sua fam\u00edlia.\" \/>\n<meta property=\"og:url\" content=\"https:\/\/biancamachado.com.br\/blog\/sessao-de-fotos-de-gestante\/\" \/>\n<meta property=\"og:site_name\" content=\"STUDIO BIANCA MACHADO\" \/>\n<meta property=\"article:publisher\" content=\"https:\/\/www.facebook.com\/Studiobiancamachado\/\" \/>\n<meta property=\"article:published_time\" content=\"2016-09-26T23:49:00+00:00\" \/>\n<meta property=\"article:modified_time\" content=\"2023-02-14T15:36:43+00:00\" \/>\n<meta property=\"og:image\" content=\"https:\/\/biancamachado.com.br\/blog\/wp-content\/uploads\/2016\/09\/Screenshot_47.png\" \/>\n\t<meta property=\"og:image:width\" content=\"477\" \/>\n\t<meta property=\"og:image:height\" content=\"611\" \/>\n\t<meta property=\"og:image:type\" content=\"image\/png\" \/>\n<meta name=\"author\" content=\"biancamachado\" \/>\n<meta name=\"twitter:card\" content=\"summary_large_image\" \/>\n<meta name=\"twitter:label1\" content=\"Escrito por\" \/>\n\t<meta name=\"twitter:data1\" content=\"biancamachado\" \/>\n\t<meta name=\"twitter:label2\" content=\"Est. tempo de leitura\" \/>\n\t<meta name=\"twitter:data2\" content=\"3 minutos\" \/>\n<script type=\"application\/ld+json\" class=\"yoast-schema-graph\">{\"@context\":\"https:\\\/\\\/schema.org\",\"@graph\":[{\"@type\":\"Article\",\"@id\":\"https:\\\/\\\/biancamachado.com.br\\\/blog\\\/sessao-de-fotos-de-gestante\\\/#article\",\"isPartOf\":{\"@id\":\"https:\\\/\\\/biancamachado.com.br\\\/blog\\\/sessao-de-fotos-de-gestante\\\/\"},\"author\":{\"name\":\"biancamachado\",\"@id\":\"https:\\\/\\\/biancamachado.com.br\\\/blog\\\/#\\\/schema\\\/person\\\/990263800ec5e9bdbbf092a2353550a1\"},\"headline\":\"Sess\u00e3o de Fotos de Gestante\",\"datePublished\":\"2016-09-26T23:49:00+00:00\",\"dateModified\":\"2023-02-14T15:36:43+00:00\",\"mainEntityOfPage\":{\"@id\":\"https:\\\/\\\/biancamachado.com.br\\\/blog\\\/sessao-de-fotos-de-gestante\\\/\"},\"wordCount\":291,\"commentCount\":0,\"publisher\":{\"@id\":\"https:\\\/\\\/biancamachado.com.br\\\/blog\\\/#organization\"},\"image\":{\"@id\":\"https:\\\/\\\/biancamachado.com.br\\\/blog\\\/sessao-de-fotos-de-gestante\\\/#primaryimage\"},\"thumbnailUrl\":\"https:\\\/\\\/i0.wp.com\\\/biancamachado.com.br\\\/blog\\\/wp-content\\\/uploads\\\/2016\\\/09\\\/Screenshot_47.png?fit=477%2C611&ssl=1\",\"keywords\":[\"Bianca Machado\",\"book gestante\",\"emo\u00e7\u00e3o\",\"ensaios gestante\",\"fotografia\",\"fotografia gestante\",\"Studio Bianca Machado\"],\"articleSection\":[\"Book Gestante em Estudio\",\"Studio Bianca Machado\"],\"inLanguage\":\"pt-BR\",\"potentialAction\":[{\"@type\":\"CommentAction\",\"name\":\"Comment\",\"target\":[\"https:\\\/\\\/biancamachado.com.br\\\/blog\\\/sessao-de-fotos-de-gestante\\\/#respond\"]}]},{\"@type\":\"WebPage\",\"@id\":\"https:\\\/\\\/biancamachado.com.br\\\/blog\\\/sessao-de-fotos-de-gestante\\\/\",\"url\":\"https:\\\/\\\/biancamachado.com.br\\\/blog\\\/sessao-de-fotos-de-gestante\\\/\",\"name\":\"Sess\u00e3o de Fotos de Gestante - STUDIO BIANCA MACHADO\",\"isPartOf\":{\"@id\":\"https:\\\/\\\/biancamachado.com.br\\\/blog\\\/#website\"},\"primaryImageOfPage\":{\"@id\":\"https:\\\/\\\/biancamachado.com.br\\\/blog\\\/sessao-de-fotos-de-gestante\\\/#primaryimage\"},\"image\":{\"@id\":\"https:\\\/\\\/biancamachado.com.br\\\/blog\\\/sessao-de-fotos-de-gestante\\\/#primaryimage\"},\"thumbnailUrl\":\"https:\\\/\\\/i0.wp.com\\\/biancamachado.com.br\\\/blog\\\/wp-content\\\/uploads\\\/2016\\\/09\\\/Screenshot_47.png?fit=477%2C611&ssl=1\",\"datePublished\":\"2016-09-26T23:49:00+00:00\",\"dateModified\":\"2023-02-14T15:36:43+00:00\",\"breadcrumb\":{\"@id\":\"https:\\\/\\\/biancamachado.com.br\\\/blog\\\/sessao-de-fotos-de-gestante\\\/#breadcrumb\"},\"inLanguage\":\"pt-BR\",\"potentialAction\":[{\"@type\":\"ReadAction\",\"target\":[\"https:\\\/\\\/biancamachado.com.br\\\/blog\\\/sessao-de-fotos-de-gestante\\\/\"]}]},{\"@type\":\"ImageObject\",\"inLanguage\":\"pt-BR\",\"@id\":\"https:\\\/\\\/biancamachado.com.br\\\/blog\\\/sessao-de-fotos-de-gestante\\\/#primaryimage\",\"url\":\"https:\\\/\\\/i0.wp.com\\\/biancamachado.com.br\\\/blog\\\/wp-content\\\/uploads\\\/2016\\\/09\\\/Screenshot_47.png?fit=477%2C611&ssl=1\",\"contentUrl\":\"https:\\\/\\\/i0.wp.com\\\/biancamachado.com.br\\\/blog\\\/wp-content\\\/uploads\\\/2016\\\/09\\\/Screenshot_47.png?fit=477%2C611&ssl=1\",\"width\":477,\"height\":611,\"caption\":\"Sess\u00e3o de Fotos de Gestante\"},{\"@type\":\"BreadcrumbList\",\"@id\":\"https:\\\/\\\/biancamachado.com.br\\\/blog\\\/sessao-de-fotos-de-gestante\\\/#breadcrumb\",\"itemListElement\":[{\"@type\":\"ListItem\",\"position\":1,\"name\":\"In\u00edcio\",\"item\":\"https:\\\/\\\/biancamachado.com.br\\\/blog\\\/\"},{\"@type\":\"ListItem\",\"position\":2,\"name\":\"Sess\u00e3o de Fotos de Gestante\"}]},{\"@type\":\"WebSite\",\"@id\":\"https:\\\/\\\/biancamachado.com.br\\\/blog\\\/#website\",\"url\":\"https:\\\/\\\/biancamachado.com.br\\\/blog\\\/\",\"name\":\"STUDIO BIANCA MACHADO\",\"description\":\"Estudio Fotografico, Ensaios e Books de foto profissional\",\"publisher\":{\"@id\":\"https:\\\/\\\/biancamachado.com.br\\\/blog\\\/#organization\"},\"potentialAction\":[{\"@type\":\"SearchAction\",\"target\":{\"@type\":\"EntryPoint\",\"urlTemplate\":\"https:\\\/\\\/biancamachado.com.br\\\/blog\\\/?s={search_term_string}\"},\"query-input\":{\"@type\":\"PropertyValueSpecification\",\"valueRequired\":true,\"valueName\":\"search_term_string\"}}],\"inLanguage\":\"pt-BR\"},{\"@type\":\"Organization\",\"@id\":\"https:\\\/\\\/biancamachado.com.br\\\/blog\\\/#organization\",\"name\":\"STUDIO BIANCA MACHADO\",\"url\":\"https:\\\/\\\/biancamachado.com.br\\\/blog\\\/\",\"logo\":{\"@type\":\"ImageObject\",\"inLanguage\":\"pt-BR\",\"@id\":\"https:\\\/\\\/biancamachado.com.br\\\/blog\\\/#\\\/schema\\\/logo\\\/image\\\/\",\"url\":\"https:\\\/\\\/i0.wp.com\\\/biancamachado.com.br\\\/blog\\\/wp-content\\\/uploads\\\/2021\\\/02\\\/cropped-logo-ml.jpg?fit=278%2C100&ssl=1\",\"contentUrl\":\"https:\\\/\\\/i0.wp.com\\\/biancamachado.com.br\\\/blog\\\/wp-content\\\/uploads\\\/2021\\\/02\\\/cropped-logo-ml.jpg?fit=278%2C100&ssl=1\",\"width\":278,\"height\":100,\"caption\":\"STUDIO BIANCA MACHADO\"},\"image\":{\"@id\":\"https:\\\/\\\/biancamachado.com.br\\\/blog\\\/#\\\/schema\\\/logo\\\/image\\\/\"},\"sameAs\":[\"https:\\\/\\\/www.facebook.com\\\/Studiobiancamachado\\\/\",\"https:\\\/\\\/www.instagram.com\\\/Studiobiancamachado\\\/\"]},{\"@type\":\"Person\",\"@id\":\"https:\\\/\\\/biancamachado.com.br\\\/blog\\\/#\\\/schema\\\/person\\\/990263800ec5e9bdbbf092a2353550a1\",\"name\":\"biancamachado\",\"image\":{\"@type\":\"ImageObject\",\"inLanguage\":\"pt-BR\",\"@id\":\"https:\\\/\\\/secure.gravatar.com\\\/avatar\\\/62b1a50f2632dbc2e279c3eb55aa46cc324c969cff16a69c59756d155316542c?s=96&d=mm&r=g\",\"url\":\"https:\\\/\\\/secure.gravatar.com\\\/avatar\\\/62b1a50f2632dbc2e279c3eb55aa46cc324c969cff16a69c59756d155316542c?s=96&d=mm&r=g\",\"contentUrl\":\"https:\\\/\\\/secure.gravatar.com\\\/avatar\\\/62b1a50f2632dbc2e279c3eb55aa46cc324c969cff16a69c59756d155316542c?s=96&d=mm&r=g\",\"caption\":\"biancamachado\"},\"sameAs\":[\"https:\\\/\\\/biancamachado.com.br\\\/blog\"],\"url\":\"https:\\\/\\\/biancamachado.com.br\\\/blog\\\/author\\\/biancamachado\\\/\"}]}<\/script>\n<!-- \/ Yoast SEO plugin. -->","yoast_head_json":{"title":"Sess\u00e3o de Fotos de Gestante - STUDIO BIANCA MACHADO","robots":{"index":"index","follow":"follow","max-snippet":"max-snippet:-1","max-image-preview":"max-image-preview:large","max-video-preview":"max-video-preview:-1"},"canonical":"https:\/\/biancamachado.com.br\/blog\/sessao-de-fotos-de-gestante\/","og_locale":"pt_BR","og_type":"article","og_title":"Sess\u00e3o de Fotos de Gestante - STUDIO BIANCA MACHADO","og_description":"Em resumo, a fot\u00f3grafa Bianca Machado sente muita alegria e satisfa\u00e7\u00e3o em fotografar ensaios gestantes. Ela se esfor\u00e7a para capturar a beleza, a ess\u00eancia e a emo\u00e7\u00e3o desse momento t\u00e3o especial na vida da gestante e sua fam\u00edlia.","og_url":"https:\/\/biancamachado.com.br\/blog\/sessao-de-fotos-de-gestante\/","og_site_name":"STUDIO BIANCA MACHADO","article_publisher":"https:\/\/www.facebook.com\/Studiobiancamachado\/","article_published_time":"2016-09-26T23:49:00+00:00","article_modified_time":"2023-02-14T15:36:43+00:00","og_image":[{"width":477,"height":611,"url":"https:\/\/biancamachado.com.br\/blog\/wp-content\/uploads\/2016\/09\/Screenshot_47.png","type":"image\/png"}],"author":"biancamachado","twitter_card":"summary_large_image","twitter_misc":{"Escrito por":"biancamachado","Est. tempo de leitura":"3 minutos"},"schema":{"@context":"https:\/\/schema.org","@graph":[{"@type":"Article","@id":"https:\/\/biancamachado.com.br\/blog\/sessao-de-fotos-de-gestante\/#article","isPartOf":{"@id":"https:\/\/biancamachado.com.br\/blog\/sessao-de-fotos-de-gestante\/"},"author":{"name":"biancamachado","@id":"https:\/\/biancamachado.com.br\/blog\/#\/schema\/person\/990263800ec5e9bdbbf092a2353550a1"},"headline":"Sess\u00e3o de Fotos de Gestante","datePublished":"2016-09-26T23:49:00+00:00","dateModified":"2023-02-14T15:36:43+00:00","mainEntityOfPage":{"@id":"https:\/\/biancamachado.com.br\/blog\/sessao-de-fotos-de-gestante\/"},"wordCount":291,"commentCount":0,"publisher":{"@id":"https:\/\/biancamachado.com.br\/blog\/#organization"},"image":{"@id":"https:\/\/biancamachado.com.br\/blog\/sessao-de-fotos-de-gestante\/#primaryimage"},"thumbnailUrl":"https:\/\/i0.wp.com\/biancamachado.com.br\/blog\/wp-content\/uploads\/2016\/09\/Screenshot_47.png?fit=477%2C611&ssl=1","keywords":["Bianca Machado","book gestante","emo\u00e7\u00e3o","ensaios gestante","fotografia","fotografia gestante","Studio Bianca Machado"],"articleSection":["Book Gestante em Estudio","Studio Bianca Machado"],"inLanguage":"pt-BR","potentialAction":[{"@type":"CommentAction","name":"Comment","target":["https:\/\/biancamachado.com.br\/blog\/sessao-de-fotos-de-gestante\/#respond"]}]},{"@type":"WebPage","@id":"https:\/\/biancamachado.com.br\/blog\/sessao-de-fotos-de-gestante\/","url":"https:\/\/biancamachado.com.br\/blog\/sessao-de-fotos-de-gestante\/","name":"Sess\u00e3o de Fotos de Gestante - STUDIO BIANCA MACHADO","isPartOf":{"@id":"https:\/\/biancamachado.com.br\/blog\/#website"},"primaryImageOfPage":{"@id":"https:\/\/biancamachado.com.br\/blog\/sessao-de-fotos-de-gestante\/#primaryimage"},"image":{"@id":"https:\/\/biancamachado.com.br\/blog\/sessao-de-fotos-de-gestante\/#primaryimage"},"thumbnailUrl":"https:\/\/i0.wp.com\/biancamachado.com.br\/blog\/wp-content\/uploads\/2016\/09\/Screenshot_47.png?fit=477%2C611&ssl=1","datePublished":"2016-09-26T23:49:00+00:00","dateModified":"2023-02-14T15:36:43+00:00","breadcrumb":{"@id":"https:\/\/biancamachado.com.br\/blog\/sessao-de-fotos-de-gestante\/#breadcrumb"},"inLanguage":"pt-BR","potentialAction":[{"@type":"ReadAction","target":["https:\/\/biancamachado.com.br\/blog\/sessao-de-fotos-de-gestante\/"]}]},{"@type":"ImageObject","inLanguage":"pt-BR","@id":"https:\/\/biancamachado.com.br\/blog\/sessao-de-fotos-de-gestante\/#primaryimage","url":"https:\/\/i0.wp.com\/biancamachado.com.br\/blog\/wp-content\/uploads\/2016\/09\/Screenshot_47.png?fit=477%2C611&ssl=1","contentUrl":"https:\/\/i0.wp.com\/biancamachado.com.br\/blog\/wp-content\/uploads\/2016\/09\/Screenshot_47.png?fit=477%2C611&ssl=1","width":477,"height":611,"caption":"Sess\u00e3o de Fotos de Gestante"},{"@type":"BreadcrumbList","@id":"https:\/\/biancamachado.com.br\/blog\/sessao-de-fotos-de-gestante\/#breadcrumb","itemListElement":[{"@type":"ListItem","position":1,"name":"In\u00edcio","item":"https:\/\/biancamachado.com.br\/blog\/"},{"@type":"ListItem","position":2,"name":"Sess\u00e3o de Fotos de Gestante"}]},{"@type":"WebSite","@id":"https:\/\/biancamachado.com.br\/blog\/#website","url":"https:\/\/biancamachado.com.br\/blog\/","name":"STUDIO BIANCA MACHADO","description":"Estudio Fotografico, Ensaios e Books de foto profissional","publisher":{"@id":"https:\/\/biancamachado.com.br\/blog\/#organization"},"potentialAction":[{"@type":"SearchAction","target":{"@type":"EntryPoint","urlTemplate":"https:\/\/biancamachado.com.br\/blog\/?s={search_term_string}"},"query-input":{"@type":"PropertyValueSpecification","valueRequired":true,"valueName":"search_term_string"}}],"inLanguage":"pt-BR"},{"@type":"Organization","@id":"https:\/\/biancamachado.com.br\/blog\/#organization","name":"STUDIO BIANCA MACHADO","url":"https:\/\/biancamachado.com.br\/blog\/","logo":{"@type":"ImageObject","inLanguage":"pt-BR","@id":"https:\/\/biancamachado.com.br\/blog\/#\/schema\/logo\/image\/","url":"https:\/\/i0.wp.com\/biancamachado.com.br\/blog\/wp-content\/uploads\/2021\/02\/cropped-logo-ml.jpg?fit=278%2C100&ssl=1","contentUrl":"https:\/\/i0.wp.com\/biancamachado.com.br\/blog\/wp-content\/uploads\/2021\/02\/cropped-logo-ml.jpg?fit=278%2C100&ssl=1","width":278,"height":100,"caption":"STUDIO BIANCA MACHADO"},"image":{"@id":"https:\/\/biancamachado.com.br\/blog\/#\/schema\/logo\/image\/"},"sameAs":["https:\/\/www.facebook.com\/Studiobiancamachado\/","https:\/\/www.instagram.com\/Studiobiancamachado\/"]},{"@type":"Person","@id":"https:\/\/biancamachado.com.br\/blog\/#\/schema\/person\/990263800ec5e9bdbbf092a2353550a1","name":"biancamachado","image":{"@type":"ImageObject","inLanguage":"pt-BR","@id":"https:\/\/secure.gravatar.com\/avatar\/62b1a50f2632dbc2e279c3eb55aa46cc324c969cff16a69c59756d155316542c?s=96&d=mm&r=g","url":"https:\/\/secure.gravatar.com\/avatar\/62b1a50f2632dbc2e279c3eb55aa46cc324c969cff16a69c59756d155316542c?s=96&d=mm&r=g","contentUrl":"https:\/\/secure.gravatar.com\/avatar\/62b1a50f2632dbc2e279c3eb55aa46cc324c969cff16a69c59756d155316542c?s=96&d=mm&r=g","caption":"biancamachado"},"sameAs":["https:\/\/biancamachado.com.br\/blog"],"url":"https:\/\/biancamachado.com.br\/blog\/author\/biancamachado\/"}]}},"jetpack_featured_media_url":"https:\/\/i0.wp.com\/biancamachado.com.br\/blog\/wp-content\/uploads\/2016\/09\/Screenshot_47.png?fit=477%2C611&ssl=1","jetpack-related-posts":[],"jetpack_sharing_enabled":true,"_links":{"self":[{"href":"https:\/\/biancamachado.com.br\/blog\/wp-json\/wp\/v2\/posts\/86","targetHints":{"allow":["GET"]}}],"collection":[{"href":"https:\/\/biancamachado.com.br\/blog\/wp-json\/wp\/v2\/posts"}],"about":[{"href":"https:\/\/biancamachado.com.br\/blog\/wp-json\/wp\/v2\/types\/post"}],"author":[{"embeddable":true,"href":"https:\/\/biancamachado.com.br\/blog\/wp-json\/wp\/v2\/users\/1"}],"replies":[{"embeddable":true,"href":"https:\/\/biancamachado.com.br\/blog\/wp-json\/wp\/v2\/comments?post=86"}],"version-history":[{"count":2,"href":"https:\/\/biancamachado.com.br\/blog\/wp-json\/wp\/v2\/posts\/86\/revisions"}],"predecessor-version":[{"id":3341,"href":"https:\/\/biancamachado.com.br\/blog\/wp-json\/wp\/v2\/posts\/86\/revisions\/3341"}],"wp:featuredmedia":[{"embeddable":true,"href":"https:\/\/biancamachado.com.br\/blog\/wp-json\/wp\/v2\/media\/845"}],"wp:attachment":[{"href":"https:\/\/biancamachado.com.br\/blog\/wp-json\/wp\/v2\/media?parent=86"}],"wp:term":[{"taxonomy":"category","embeddable":true,"href":"https:\/\/biancamachado.com.br\/blog\/wp-json\/wp\/v2\/categories?post=86"},{"taxonomy":"post_tag","embeddable":true,"href":"https:\/\/biancamachado.com.br\/blog\/wp-json\/wp\/v2\/tags?post=86"}],"curies":[{"name":"wp","href":"https:\/\/api.w.org\/{rel}","templated":true}]}}