{"id":74,"date":"2018-01-12T21:32:00","date_gmt":"2018-01-12T23:32:00","guid":{"rendered":"https:\/\/biancamachado.com.br\/blog\/?p=74"},"modified":"2021-02-18T00:08:41","modified_gmt":"2021-02-18T03:08:41","slug":"fotos-em-familia-do-primeiro-ano","status":"publish","type":"post","link":"https:\/\/biancamachado.com.br\/blog\/fotos-em-familia-do-primeiro-ano\/","title":{"rendered":"Fotos em familia do primeiro ano"},"content":{"rendered":"<div style=\"text-align: justify;\"><\/div>\n<div style=\"text-align: justify;\">Esse \u00e9 o Dante, um fofo kkk<br \/>Pena que essa \u00e9 a \u00faltima sess\u00e3o de acompanhamento, vou ficar com saudade desse sorriso e da alegria da mam\u00e3e e do papai.<\/div>\n<div style=\"text-align: justify;\">O bacana de acompanhar uma fam\u00edlia da sess\u00e3o gestante at\u00e9 o primeiro aninho, \u00e9 que eu como pessoa, observo como as pessoas v\u00e3o se transformando a cada dia pessoas melhores, pais, como o amor cresce e como as pessoas ficam a cada dia mais sorridentes.<\/div>\n<div style=\"text-align: justify;\">Eu penso que \u00e9 um processo. Toda essa energia da maternidade n\u00e3o acontece no parto, de uma vez. Ela vai aos pouquinhos se estabelecendo.<\/div>\n<div style=\"text-align: justify;\">Eu me divirto todos os dias, literalmente kkk.<\/div>\n<div style=\"text-align: justify;\">Quando eu acordo, logo penso &#8220;vamos ver o que o universo vai me reservar hoje&#8221;. E quando vou dormir, eu medito, reflito e percebo como a vida \u00e9 maravilhosa. Quantas pessoas passam aqui pelo est\u00fadio ensinando, aprendendo, sorrindo, cantando, e no final do dia eu consigo perceber toda essa coer\u00eancia de uma forma muito m\u00e1gica.<\/div>\n<div style=\"text-align: justify;\">Eu bem que gostaria de saber como mudar o mundo. Mas como n\u00e3o sei, essa \u00e9 minha contribui\u00e7\u00e3o.<\/div>\n<div style=\"text-align: justify;\">Fotografar, trazer alegria e mostrar para a fam\u00edlia essa magia do simples, do sorriso, da brincadeira.<\/div>\n<div style=\"text-align: justify;\">Muitos pais que passam por aqui, eu tenho a oportunidade de ensin\u00e1-los a &#8220;brincar&#8221;.<\/div>\n<div style=\"text-align: justify;\">Parece bobagem, mas \u00e9 s\u00e9rio ! kkk Maioria dos adultos se esqueceu como \u00e9 bacana brincar. O segredo est\u00e1 em se entregar \u00e0 brincadeira e cada sorriso que a gente ganha, a gente tem a certeza de que est\u00e1 no caminho certo.<\/div>\n<div style=\"text-align: justify;\">Muita gratid\u00e3o \u00e0 fam\u00edlia do Dante pelo carinho, confian\u00e7a e momentos engra\u00e7ados que compartilhamos aqui no est\u00fadio.<\/div>\n<div style=\"text-align: justify;\">Muitos fot\u00f3grafos d\u00e3o foco no trabalho para as roupinhas, produ\u00e7\u00f5es e cen\u00e1rios. Pra mim, esse \u00e9 o meu estilo. Mostrar o amor com simplicidade, estilo e brincadeira.<\/div>\n<div style=\"text-align: justify;\">Tudo a ver comigo kkk<\/div>\n<div style=\"text-align: justify;\">Segue algumas fotinhos pra gente relembrar quando der saudade kkk<\/p>\n<p><center><\/p>\n<div>\n<div><iframe loading=\"lazy\" allow=\"autoplay; encrypted-media\" allowfullscreen=\"\" frameborder=\"0\" height=\"315\" src=\"https:\/\/www.youtube.com\/embed\/xNai9nOFbI8?showinfo=0\" width=\"560\"><\/iframe><\/div>\n<\/div>\n<p><\/center><\/p>\n<table align=\"center\" cellpadding=\"0\" cellspacing=\"0\" style=\"margin-left: auto; margin-right: auto; text-align: center;\">\n<tbody>\n<tr>\n<td style=\"text-align: center;\"><a href=\"https:\/\/i0.wp.com\/2.bp.blogspot.com\/-TO3X9-ZD1fI\/WllTNZQ3DgI\/AAAAAAAAVC4\/bYYFYY-7VScO78lper6Vf6Fh-OxwgIFmwCLcBGAs\/s1600\/fotografias%2Bbebes%2Bem%2Bestudio.jpg?ssl=1\" style=\"margin-left: auto; margin-right: auto;\"><img data-recalc-dims=\"1\" loading=\"lazy\" decoding=\"async\" alt=\"fotografias bebes em estudio\" border=\"0\" data-original-height=\"1067\" data-original-width=\"1600\" height=\"425\" src=\"https:\/\/i0.wp.com\/2.bp.blogspot.com\/-TO3X9-ZD1fI\/WllTNZQ3DgI\/AAAAAAAAVC4\/bYYFYY-7VScO78lper6Vf6Fh-OxwgIFmwCLcBGAs\/s640\/fotografias%2Bbebes%2Bem%2Bestudio.jpg?resize=640%2C425&#038;ssl=1\" title=\"fotografias bebes em estudio\" width=\"640\" \/><\/a><\/td>\n<\/tr>\n<tr>\n<td style=\"text-align: center;\">fotografias bebes em estudio<\/td>\n<\/tr>\n<\/tbody>\n<\/table>\n<p><\/p>\n<table align=\"center\" cellpadding=\"0\" cellspacing=\"0\" style=\"margin-left: auto; margin-right: auto; text-align: center;\">\n<tbody>\n<tr>\n<td style=\"text-align: center;\"><a href=\"https:\/\/i0.wp.com\/4.bp.blogspot.com\/-yDIG96UzK-Y\/WllTNRYWSNI\/AAAAAAAAVDA\/9LROZCLl15wqQ-2dHni7oDmDIB8dSkI_wCLcBGAs\/s1600\/fotografias%2Bprimeiro%2Baninho.jpg?ssl=1\" style=\"margin-left: auto; margin-right: auto;\"><img data-recalc-dims=\"1\" loading=\"lazy\" decoding=\"async\" alt=\"fotografias primeiro aninho\" border=\"0\" data-original-height=\"1067\" data-original-width=\"1600\" height=\"426\" src=\"https:\/\/i0.wp.com\/4.bp.blogspot.com\/-yDIG96UzK-Y\/WllTNRYWSNI\/AAAAAAAAVDA\/9LROZCLl15wqQ-2dHni7oDmDIB8dSkI_wCLcBGAs\/s640\/fotografias%2Bprimeiro%2Baninho.jpg?resize=640%2C426&#038;ssl=1\" title=\"fotografias primeiro aninho\" width=\"640\" \/><\/a><\/td>\n<\/tr>\n<tr>\n<td style=\"text-align: center;\">fotografias primeiro aninho<\/td>\n<\/tr>\n<\/tbody>\n<\/table>\n<p><\/p>\n<table align=\"center\" cellpadding=\"0\" cellspacing=\"0\" style=\"margin-left: auto; margin-right: auto; text-align: center;\">\n<tbody>\n<tr>\n<td style=\"text-align: center;\"><a href=\"https:\/\/i0.wp.com\/2.bp.blogspot.com\/-q70j2M4qvpc\/WllTOPdyRqI\/AAAAAAAAVDE\/0dFAw6kx0HMnamJysLoEQMJZinehYv1MACLcBGAs\/s1600\/fotos%2Bdescontraidas%2Bem%2Bestudio.jpg?ssl=1\" style=\"margin-left: auto; margin-right: auto;\"><img data-recalc-dims=\"1\" loading=\"lazy\" decoding=\"async\" alt=\"fotos descontraidas em estudio\" border=\"0\" data-original-height=\"1067\" data-original-width=\"1600\" height=\"425\" src=\"https:\/\/i0.wp.com\/2.bp.blogspot.com\/-q70j2M4qvpc\/WllTOPdyRqI\/AAAAAAAAVDE\/0dFAw6kx0HMnamJysLoEQMJZinehYv1MACLcBGAs\/s640\/fotos%2Bdescontraidas%2Bem%2Bestudio.jpg?resize=640%2C425&#038;ssl=1\" title=\"fotos descontraidas em estudio\" width=\"640\" \/><\/a><\/td>\n<\/tr>\n<tr>\n<td style=\"text-align: center;\">fotos descontraidas em estudio<\/td>\n<\/tr>\n<\/tbody>\n<\/table>\n<p><\/p>\n<table align=\"center\" cellpadding=\"0\" cellspacing=\"0\" style=\"margin-left: auto; margin-right: auto; text-align: center;\">\n<tbody>\n<tr>\n<td style=\"text-align: center;\"><a href=\"https:\/\/i0.wp.com\/4.bp.blogspot.com\/-yOuLWST1Lm4\/WllTNUydRdI\/AAAAAAAAVC8\/0I2euaLTK3oObb9k-3r9jIF9-_BopngzACLcBGAs\/s1600\/Fotos%2Bem%2Bfamilia%2Bdo%2Bprimeiro%2Bano%2Bem%2Best%25C3%25BAdio.jpg?ssl=1\" style=\"margin-left: auto; margin-right: auto;\"><img data-recalc-dims=\"1\" loading=\"lazy\" decoding=\"async\" alt=\"Fotos em familia do primeiro ano em est\u00fadio\" border=\"0\" data-original-height=\"1067\" data-original-width=\"1600\" height=\"426\" src=\"https:\/\/i0.wp.com\/4.bp.blogspot.com\/-yOuLWST1Lm4\/WllTNUydRdI\/AAAAAAAAVC8\/0I2euaLTK3oObb9k-3r9jIF9-_BopngzACLcBGAs\/s640\/Fotos%2Bem%2Bfamilia%2Bdo%2Bprimeiro%2Bano%2Bem%2Best%25C3%25BAdio.jpg?resize=640%2C426&#038;ssl=1\" title=\"Fotos em familia do primeiro ano em est\u00fadio\" width=\"640\" \/><\/a><\/td>\n<\/tr>\n<tr>\n<td style=\"text-align: center;\">Fotos em familia do primeiro ano em est\u00fadio<\/td>\n<\/tr>\n<\/tbody>\n<\/table>\n<p><a href=\"https:\/\/i0.wp.com\/www.biancamachado.com.br\/images\/whatsapp-blog.jpg?ssl=1\" style=\"clear: left; float: left; margin-bottom: 1em; margin-right: 1em;\"><img data-recalc-dims=\"1\" loading=\"lazy\" decoding=\"async\" border=\"0\" data-original-height=\"128\" data-original-width=\"283\" height=\"90\" src=\"https:\/\/i0.wp.com\/www.biancamachado.com.br\/images\/whatsapp-blog.jpg?resize=200%2C90&#038;ssl=1\" width=\"200\" \/><\/a><br \/>Visite tamb\u00e9m nosso site: <a href=\"https:\/\/www.biancamachado.com.br\/\">www.biancamachado.com.br<\/a><br \/>(11) 97107-1018 <\/div>\nVisite tamb\u00e9m nosso site: www.biancamachado.com.br\r\n(11) 97107-1018\r\n\r\nAtendemos as regi\u00f5es de S\u00e3o Paulo, Sorocaba, Ibi\u00fana, Piedade, Votorantim, Cotia, Itupeva, Jundia\u00ed, It\u00fa e Campinas","protected":false},"excerpt":{"rendered":"<p>Esse \u00e9 o Dante, um<\/p>\n","protected":false},"author":1,"featured_media":813,"comment_status":"open","ping_status":"open","sticky":false,"template":"","format":"standard","meta":{"_monsterinsights_skip_tracking":false,"_monsterinsights_sitenote_active":false,"_monsterinsights_sitenote_note":"","_monsterinsights_sitenote_category":0,"jetpack_post_was_ever_published":false,"_jetpack_newsletter_access":"","_jetpack_dont_email_post_to_subs":false,"_jetpack_newsletter_tier_id":0,"_jetpack_memberships_contains_paywalled_content":false,"_jetpack_memberships_contains_paid_content":false,"_joinchat":[],"footnotes":""},"categories":[292,1],"tags":[332,333,334],"class_list":["post-74","post","type-post","status-publish","format-standard","has-post-thumbnail","hentry","category-book-familia-estudio","category-studio-bianca-machado","tag-book-familia-em-estudio","tag-ensaio-de-fotos-com-criancas","tag-fotografia-profissional-para-familias"],"yoast_head":"<!-- This site is optimized with the Yoast SEO plugin v27.4 - https:\/\/yoast.com\/product\/yoast-seo-wordpress\/ -->\n<title>Fotos em familia do primeiro ano - STUDIO BIANCA MACHADO<\/title>\n<meta name=\"robots\" content=\"index, follow, max-snippet:-1, max-image-preview:large, max-video-preview:-1\" \/>\n<link rel=\"canonical\" href=\"https:\/\/biancamachado.com.br\/blog\/fotos-em-familia-do-primeiro-ano\/\" \/>\n<meta property=\"og:locale\" content=\"pt_BR\" \/>\n<meta property=\"og:type\" content=\"article\" \/>\n<meta property=\"og:title\" content=\"Fotos em familia do primeiro ano - STUDIO BIANCA MACHADO\" \/>\n<meta property=\"og:description\" content=\"Esse \u00e9 o Dante, um\" \/>\n<meta property=\"og:url\" content=\"https:\/\/biancamachado.com.br\/blog\/fotos-em-familia-do-primeiro-ano\/\" \/>\n<meta property=\"og:site_name\" content=\"STUDIO BIANCA MACHADO\" \/>\n<meta property=\"article:publisher\" content=\"https:\/\/www.facebook.com\/Studiobiancamachado\/\" \/>\n<meta property=\"article:published_time\" content=\"2018-01-12T23:32:00+00:00\" \/>\n<meta property=\"article:modified_time\" content=\"2021-02-18T03:08:41+00:00\" \/>\n<meta property=\"og:image\" content=\"https:\/\/i0.wp.com\/biancamachado.com.br\/blog\/wp-content\/uploads\/2018\/01\/Screenshot_36.png?fit=633%2C418&ssl=1\" \/>\n\t<meta property=\"og:image:width\" content=\"633\" \/>\n\t<meta property=\"og:image:height\" content=\"418\" \/>\n\t<meta property=\"og:image:type\" content=\"image\/png\" \/>\n<meta name=\"author\" content=\"biancamachado\" \/>\n<meta name=\"twitter:card\" content=\"summary_large_image\" \/>\n<meta name=\"twitter:label1\" content=\"Escrito por\" \/>\n\t<meta name=\"twitter:data1\" content=\"biancamachado\" \/>\n\t<meta name=\"twitter:label2\" content=\"Est. tempo de leitura\" \/>\n\t<meta name=\"twitter:data2\" content=\"2 minutos\" \/>\n<script type=\"application\/ld+json\" class=\"yoast-schema-graph\">{\"@context\":\"https:\\\/\\\/schema.org\",\"@graph\":[{\"@type\":\"Article\",\"@id\":\"https:\\\/\\\/biancamachado.com.br\\\/blog\\\/fotos-em-familia-do-primeiro-ano\\\/#article\",\"isPartOf\":{\"@id\":\"https:\\\/\\\/biancamachado.com.br\\\/blog\\\/fotos-em-familia-do-primeiro-ano\\\/\"},\"author\":{\"name\":\"biancamachado\",\"@id\":\"https:\\\/\\\/biancamachado.com.br\\\/blog\\\/#\\\/schema\\\/person\\\/990263800ec5e9bdbbf092a2353550a1\"},\"headline\":\"Fotos em familia do primeiro ano\",\"datePublished\":\"2018-01-12T23:32:00+00:00\",\"dateModified\":\"2021-02-18T03:08:41+00:00\",\"mainEntityOfPage\":{\"@id\":\"https:\\\/\\\/biancamachado.com.br\\\/blog\\\/fotos-em-familia-do-primeiro-ano\\\/\"},\"wordCount\":357,\"commentCount\":0,\"publisher\":{\"@id\":\"https:\\\/\\\/biancamachado.com.br\\\/blog\\\/#organization\"},\"image\":{\"@id\":\"https:\\\/\\\/biancamachado.com.br\\\/blog\\\/fotos-em-familia-do-primeiro-ano\\\/#primaryimage\"},\"thumbnailUrl\":\"https:\\\/\\\/i0.wp.com\\\/biancamachado.com.br\\\/blog\\\/wp-content\\\/uploads\\\/2018\\\/01\\\/Screenshot_36.png?fit=633%2C418&ssl=1\",\"keywords\":[\"Book familia em estudio\",\"ensaio de fotos com crian\u00e7as\",\"fotografia profissional para familias\"],\"articleSection\":[\"Book Familia Estudio\",\"Studio Bianca Machado\"],\"inLanguage\":\"pt-BR\",\"potentialAction\":[{\"@type\":\"CommentAction\",\"name\":\"Comment\",\"target\":[\"https:\\\/\\\/biancamachado.com.br\\\/blog\\\/fotos-em-familia-do-primeiro-ano\\\/#respond\"]}]},{\"@type\":\"WebPage\",\"@id\":\"https:\\\/\\\/biancamachado.com.br\\\/blog\\\/fotos-em-familia-do-primeiro-ano\\\/\",\"url\":\"https:\\\/\\\/biancamachado.com.br\\\/blog\\\/fotos-em-familia-do-primeiro-ano\\\/\",\"name\":\"Fotos em familia do primeiro ano - STUDIO BIANCA MACHADO\",\"isPartOf\":{\"@id\":\"https:\\\/\\\/biancamachado.com.br\\\/blog\\\/#website\"},\"primaryImageOfPage\":{\"@id\":\"https:\\\/\\\/biancamachado.com.br\\\/blog\\\/fotos-em-familia-do-primeiro-ano\\\/#primaryimage\"},\"image\":{\"@id\":\"https:\\\/\\\/biancamachado.com.br\\\/blog\\\/fotos-em-familia-do-primeiro-ano\\\/#primaryimage\"},\"thumbnailUrl\":\"https:\\\/\\\/i0.wp.com\\\/biancamachado.com.br\\\/blog\\\/wp-content\\\/uploads\\\/2018\\\/01\\\/Screenshot_36.png?fit=633%2C418&ssl=1\",\"datePublished\":\"2018-01-12T23:32:00+00:00\",\"dateModified\":\"2021-02-18T03:08:41+00:00\",\"breadcrumb\":{\"@id\":\"https:\\\/\\\/biancamachado.com.br\\\/blog\\\/fotos-em-familia-do-primeiro-ano\\\/#breadcrumb\"},\"inLanguage\":\"pt-BR\",\"potentialAction\":[{\"@type\":\"ReadAction\",\"target\":[\"https:\\\/\\\/biancamachado.com.br\\\/blog\\\/fotos-em-familia-do-primeiro-ano\\\/\"]}]},{\"@type\":\"ImageObject\",\"inLanguage\":\"pt-BR\",\"@id\":\"https:\\\/\\\/biancamachado.com.br\\\/blog\\\/fotos-em-familia-do-primeiro-ano\\\/#primaryimage\",\"url\":\"https:\\\/\\\/i0.wp.com\\\/biancamachado.com.br\\\/blog\\\/wp-content\\\/uploads\\\/2018\\\/01\\\/Screenshot_36.png?fit=633%2C418&ssl=1\",\"contentUrl\":\"https:\\\/\\\/i0.wp.com\\\/biancamachado.com.br\\\/blog\\\/wp-content\\\/uploads\\\/2018\\\/01\\\/Screenshot_36.png?fit=633%2C418&ssl=1\",\"width\":633,\"height\":418,\"caption\":\"Fotos em familia do primeiro ano\"},{\"@type\":\"BreadcrumbList\",\"@id\":\"https:\\\/\\\/biancamachado.com.br\\\/blog\\\/fotos-em-familia-do-primeiro-ano\\\/#breadcrumb\",\"itemListElement\":[{\"@type\":\"ListItem\",\"position\":1,\"name\":\"In\u00edcio\",\"item\":\"https:\\\/\\\/biancamachado.com.br\\\/blog\\\/\"},{\"@type\":\"ListItem\",\"position\":2,\"name\":\"Fotos em familia do primeiro ano\"}]},{\"@type\":\"WebSite\",\"@id\":\"https:\\\/\\\/biancamachado.com.br\\\/blog\\\/#website\",\"url\":\"https:\\\/\\\/biancamachado.com.br\\\/blog\\\/\",\"name\":\"STUDIO BIANCA MACHADO\",\"description\":\"Estudio Fotografico, Ensaios e Books de foto profissional\",\"publisher\":{\"@id\":\"https:\\\/\\\/biancamachado.com.br\\\/blog\\\/#organization\"},\"potentialAction\":[{\"@type\":\"SearchAction\",\"target\":{\"@type\":\"EntryPoint\",\"urlTemplate\":\"https:\\\/\\\/biancamachado.com.br\\\/blog\\\/?s={search_term_string}\"},\"query-input\":{\"@type\":\"PropertyValueSpecification\",\"valueRequired\":true,\"valueName\":\"search_term_string\"}}],\"inLanguage\":\"pt-BR\"},{\"@type\":\"Organization\",\"@id\":\"https:\\\/\\\/biancamachado.com.br\\\/blog\\\/#organization\",\"name\":\"STUDIO BIANCA MACHADO\",\"url\":\"https:\\\/\\\/biancamachado.com.br\\\/blog\\\/\",\"logo\":{\"@type\":\"ImageObject\",\"inLanguage\":\"pt-BR\",\"@id\":\"https:\\\/\\\/biancamachado.com.br\\\/blog\\\/#\\\/schema\\\/logo\\\/image\\\/\",\"url\":\"https:\\\/\\\/i0.wp.com\\\/biancamachado.com.br\\\/blog\\\/wp-content\\\/uploads\\\/2021\\\/02\\\/cropped-logo-ml.jpg?fit=278%2C100&ssl=1\",\"contentUrl\":\"https:\\\/\\\/i0.wp.com\\\/biancamachado.com.br\\\/blog\\\/wp-content\\\/uploads\\\/2021\\\/02\\\/cropped-logo-ml.jpg?fit=278%2C100&ssl=1\",\"width\":278,\"height\":100,\"caption\":\"STUDIO BIANCA MACHADO\"},\"image\":{\"@id\":\"https:\\\/\\\/biancamachado.com.br\\\/blog\\\/#\\\/schema\\\/logo\\\/image\\\/\"},\"sameAs\":[\"https:\\\/\\\/www.facebook.com\\\/Studiobiancamachado\\\/\",\"https:\\\/\\\/www.instagram.com\\\/Studiobiancamachado\\\/\"]},{\"@type\":\"Person\",\"@id\":\"https:\\\/\\\/biancamachado.com.br\\\/blog\\\/#\\\/schema\\\/person\\\/990263800ec5e9bdbbf092a2353550a1\",\"name\":\"biancamachado\",\"image\":{\"@type\":\"ImageObject\",\"inLanguage\":\"pt-BR\",\"@id\":\"https:\\\/\\\/secure.gravatar.com\\\/avatar\\\/62b1a50f2632dbc2e279c3eb55aa46cc324c969cff16a69c59756d155316542c?s=96&d=mm&r=g\",\"url\":\"https:\\\/\\\/secure.gravatar.com\\\/avatar\\\/62b1a50f2632dbc2e279c3eb55aa46cc324c969cff16a69c59756d155316542c?s=96&d=mm&r=g\",\"contentUrl\":\"https:\\\/\\\/secure.gravatar.com\\\/avatar\\\/62b1a50f2632dbc2e279c3eb55aa46cc324c969cff16a69c59756d155316542c?s=96&d=mm&r=g\",\"caption\":\"biancamachado\"},\"sameAs\":[\"https:\\\/\\\/biancamachado.com.br\\\/blog\"],\"url\":\"https:\\\/\\\/biancamachado.com.br\\\/blog\\\/author\\\/biancamachado\\\/\"}]}<\/script>\n<!-- \/ Yoast SEO plugin. -->","yoast_head_json":{"title":"Fotos em familia do primeiro ano - STUDIO BIANCA MACHADO","robots":{"index":"index","follow":"follow","max-snippet":"max-snippet:-1","max-image-preview":"max-image-preview:large","max-video-preview":"max-video-preview:-1"},"canonical":"https:\/\/biancamachado.com.br\/blog\/fotos-em-familia-do-primeiro-ano\/","og_locale":"pt_BR","og_type":"article","og_title":"Fotos em familia do primeiro ano - STUDIO BIANCA MACHADO","og_description":"Esse \u00e9 o Dante, um","og_url":"https:\/\/biancamachado.com.br\/blog\/fotos-em-familia-do-primeiro-ano\/","og_site_name":"STUDIO BIANCA MACHADO","article_publisher":"https:\/\/www.facebook.com\/Studiobiancamachado\/","article_published_time":"2018-01-12T23:32:00+00:00","article_modified_time":"2021-02-18T03:08:41+00:00","og_image":[{"width":633,"height":418,"url":"https:\/\/i0.wp.com\/biancamachado.com.br\/blog\/wp-content\/uploads\/2018\/01\/Screenshot_36.png?fit=633%2C418&ssl=1","type":"image\/png"}],"author":"biancamachado","twitter_card":"summary_large_image","twitter_misc":{"Escrito por":"biancamachado","Est. tempo de leitura":"2 minutos"},"schema":{"@context":"https:\/\/schema.org","@graph":[{"@type":"Article","@id":"https:\/\/biancamachado.com.br\/blog\/fotos-em-familia-do-primeiro-ano\/#article","isPartOf":{"@id":"https:\/\/biancamachado.com.br\/blog\/fotos-em-familia-do-primeiro-ano\/"},"author":{"name":"biancamachado","@id":"https:\/\/biancamachado.com.br\/blog\/#\/schema\/person\/990263800ec5e9bdbbf092a2353550a1"},"headline":"Fotos em familia do primeiro ano","datePublished":"2018-01-12T23:32:00+00:00","dateModified":"2021-02-18T03:08:41+00:00","mainEntityOfPage":{"@id":"https:\/\/biancamachado.com.br\/blog\/fotos-em-familia-do-primeiro-ano\/"},"wordCount":357,"commentCount":0,"publisher":{"@id":"https:\/\/biancamachado.com.br\/blog\/#organization"},"image":{"@id":"https:\/\/biancamachado.com.br\/blog\/fotos-em-familia-do-primeiro-ano\/#primaryimage"},"thumbnailUrl":"https:\/\/i0.wp.com\/biancamachado.com.br\/blog\/wp-content\/uploads\/2018\/01\/Screenshot_36.png?fit=633%2C418&ssl=1","keywords":["Book familia em estudio","ensaio de fotos com crian\u00e7as","fotografia profissional para familias"],"articleSection":["Book Familia Estudio","Studio Bianca Machado"],"inLanguage":"pt-BR","potentialAction":[{"@type":"CommentAction","name":"Comment","target":["https:\/\/biancamachado.com.br\/blog\/fotos-em-familia-do-primeiro-ano\/#respond"]}]},{"@type":"WebPage","@id":"https:\/\/biancamachado.com.br\/blog\/fotos-em-familia-do-primeiro-ano\/","url":"https:\/\/biancamachado.com.br\/blog\/fotos-em-familia-do-primeiro-ano\/","name":"Fotos em familia do primeiro ano - STUDIO BIANCA MACHADO","isPartOf":{"@id":"https:\/\/biancamachado.com.br\/blog\/#website"},"primaryImageOfPage":{"@id":"https:\/\/biancamachado.com.br\/blog\/fotos-em-familia-do-primeiro-ano\/#primaryimage"},"image":{"@id":"https:\/\/biancamachado.com.br\/blog\/fotos-em-familia-do-primeiro-ano\/#primaryimage"},"thumbnailUrl":"https:\/\/i0.wp.com\/biancamachado.com.br\/blog\/wp-content\/uploads\/2018\/01\/Screenshot_36.png?fit=633%2C418&ssl=1","datePublished":"2018-01-12T23:32:00+00:00","dateModified":"2021-02-18T03:08:41+00:00","breadcrumb":{"@id":"https:\/\/biancamachado.com.br\/blog\/fotos-em-familia-do-primeiro-ano\/#breadcrumb"},"inLanguage":"pt-BR","potentialAction":[{"@type":"ReadAction","target":["https:\/\/biancamachado.com.br\/blog\/fotos-em-familia-do-primeiro-ano\/"]}]},{"@type":"ImageObject","inLanguage":"pt-BR","@id":"https:\/\/biancamachado.com.br\/blog\/fotos-em-familia-do-primeiro-ano\/#primaryimage","url":"https:\/\/i0.wp.com\/biancamachado.com.br\/blog\/wp-content\/uploads\/2018\/01\/Screenshot_36.png?fit=633%2C418&ssl=1","contentUrl":"https:\/\/i0.wp.com\/biancamachado.com.br\/blog\/wp-content\/uploads\/2018\/01\/Screenshot_36.png?fit=633%2C418&ssl=1","width":633,"height":418,"caption":"Fotos em familia do primeiro ano"},{"@type":"BreadcrumbList","@id":"https:\/\/biancamachado.com.br\/blog\/fotos-em-familia-do-primeiro-ano\/#breadcrumb","itemListElement":[{"@type":"ListItem","position":1,"name":"In\u00edcio","item":"https:\/\/biancamachado.com.br\/blog\/"},{"@type":"ListItem","position":2,"name":"Fotos em familia do primeiro ano"}]},{"@type":"WebSite","@id":"https:\/\/biancamachado.com.br\/blog\/#website","url":"https:\/\/biancamachado.com.br\/blog\/","name":"STUDIO BIANCA MACHADO","description":"Estudio Fotografico, Ensaios e Books de foto profissional","publisher":{"@id":"https:\/\/biancamachado.com.br\/blog\/#organization"},"potentialAction":[{"@type":"SearchAction","target":{"@type":"EntryPoint","urlTemplate":"https:\/\/biancamachado.com.br\/blog\/?s={search_term_string}"},"query-input":{"@type":"PropertyValueSpecification","valueRequired":true,"valueName":"search_term_string"}}],"inLanguage":"pt-BR"},{"@type":"Organization","@id":"https:\/\/biancamachado.com.br\/blog\/#organization","name":"STUDIO BIANCA MACHADO","url":"https:\/\/biancamachado.com.br\/blog\/","logo":{"@type":"ImageObject","inLanguage":"pt-BR","@id":"https:\/\/biancamachado.com.br\/blog\/#\/schema\/logo\/image\/","url":"https:\/\/i0.wp.com\/biancamachado.com.br\/blog\/wp-content\/uploads\/2021\/02\/cropped-logo-ml.jpg?fit=278%2C100&ssl=1","contentUrl":"https:\/\/i0.wp.com\/biancamachado.com.br\/blog\/wp-content\/uploads\/2021\/02\/cropped-logo-ml.jpg?fit=278%2C100&ssl=1","width":278,"height":100,"caption":"STUDIO BIANCA MACHADO"},"image":{"@id":"https:\/\/biancamachado.com.br\/blog\/#\/schema\/logo\/image\/"},"sameAs":["https:\/\/www.facebook.com\/Studiobiancamachado\/","https:\/\/www.instagram.com\/Studiobiancamachado\/"]},{"@type":"Person","@id":"https:\/\/biancamachado.com.br\/blog\/#\/schema\/person\/990263800ec5e9bdbbf092a2353550a1","name":"biancamachado","image":{"@type":"ImageObject","inLanguage":"pt-BR","@id":"https:\/\/secure.gravatar.com\/avatar\/62b1a50f2632dbc2e279c3eb55aa46cc324c969cff16a69c59756d155316542c?s=96&d=mm&r=g","url":"https:\/\/secure.gravatar.com\/avatar\/62b1a50f2632dbc2e279c3eb55aa46cc324c969cff16a69c59756d155316542c?s=96&d=mm&r=g","contentUrl":"https:\/\/secure.gravatar.com\/avatar\/62b1a50f2632dbc2e279c3eb55aa46cc324c969cff16a69c59756d155316542c?s=96&d=mm&r=g","caption":"biancamachado"},"sameAs":["https:\/\/biancamachado.com.br\/blog"],"url":"https:\/\/biancamachado.com.br\/blog\/author\/biancamachado\/"}]}},"jetpack_featured_media_url":"https:\/\/i0.wp.com\/biancamachado.com.br\/blog\/wp-content\/uploads\/2018\/01\/Screenshot_36.png?fit=633%2C418&ssl=1","jetpack-related-posts":[],"jetpack_sharing_enabled":true,"_links":{"self":[{"href":"https:\/\/biancamachado.com.br\/blog\/wp-json\/wp\/v2\/posts\/74","targetHints":{"allow":["GET"]}}],"collection":[{"href":"https:\/\/biancamachado.com.br\/blog\/wp-json\/wp\/v2\/posts"}],"about":[{"href":"https:\/\/biancamachado.com.br\/blog\/wp-json\/wp\/v2\/types\/post"}],"author":[{"embeddable":true,"href":"https:\/\/biancamachado.com.br\/blog\/wp-json\/wp\/v2\/users\/1"}],"replies":[{"embeddable":true,"href":"https:\/\/biancamachado.com.br\/blog\/wp-json\/wp\/v2\/comments?post=74"}],"version-history":[{"count":1,"href":"https:\/\/biancamachado.com.br\/blog\/wp-json\/wp\/v2\/posts\/74\/revisions"}],"predecessor-version":[{"id":1604,"href":"https:\/\/biancamachado.com.br\/blog\/wp-json\/wp\/v2\/posts\/74\/revisions\/1604"}],"wp:featuredmedia":[{"embeddable":true,"href":"https:\/\/biancamachado.com.br\/blog\/wp-json\/wp\/v2\/media\/813"}],"wp:attachment":[{"href":"https:\/\/biancamachado.com.br\/blog\/wp-json\/wp\/v2\/media?parent=74"}],"wp:term":[{"taxonomy":"category","embeddable":true,"href":"https:\/\/biancamachado.com.br\/blog\/wp-json\/wp\/v2\/categories?post=74"},{"taxonomy":"post_tag","embeddable":true,"href":"https:\/\/biancamachado.com.br\/blog\/wp-json\/wp\/v2\/tags?post=74"}],"curies":[{"name":"wp","href":"https:\/\/api.w.org\/{rel}","templated":true}]}}