{"id":612,"date":"2011-10-20T16:49:00","date_gmt":"2011-10-20T18:49:00","guid":{"rendered":"https:\/\/biancamachado.com.br\/blog\/?p=612"},"modified":"2023-02-12T18:44:51","modified_gmt":"2023-02-12T21:44:51","slug":"fotografia-para-festa-infantil-fotos-festa-de-aniversario","status":"publish","type":"post","link":"https:\/\/biancamachado.com.br\/blog\/fotografia-para-festa-infantil-fotos-festa-de-aniversario\/","title":{"rendered":"Fotografia para Festa Infantil : Fotos Festa de Anivers\u00e1rio"},"content":{"rendered":"<p>Acompanhe nossos pre\u00e7os e pacotes direto pelo site.<br \/>\nFotografia para festas infantis, aniversario e comemora\u00e7\u00f5es em geral.<\/p>\n<table style=\"margin-left: auto; margin-right: auto; text-align: center;\" cellspacing=\"0\" cellpadding=\"0\" align=\"center\">\n<tbody>\n<tr>\n<td style=\"text-align: center;\"><a style=\"margin-left: auto; margin-right: auto;\" href=\"https:\/\/i0.wp.com\/4.bp.blogspot.com\/-Qxds9WApBDc\/TqB7Bl9AtAI\/AAAAAAAAAbU\/THD8fhqe-KU\/s1600\/121.jpg\"><img data-recalc-dims=\"1\" loading=\"lazy\" decoding=\"async\" title=\"Fotografias para festa infantil\" src=\"https:\/\/i0.wp.com\/4.bp.blogspot.com\/-Qxds9WApBDc\/TqB7Bl9AtAI\/AAAAAAAAAbU\/THD8fhqe-KU\/s320\/121.jpg?resize=320%2C152&#038;ssl=1\" alt=\"Fotografias para festa infantil\" width=\"320\" height=\"152\" border=\"0\" \/><\/a><\/td>\n<\/tr>\n<tr>\n<td style=\"text-align: center;\">\n<div style=\"text-align: right;\">\n<div style=\"text-align: center;\">Fotografias para festa infantil<\/div>\n<\/div>\n<\/td>\n<\/tr>\n<\/tbody>\n<\/table>\n<p>Fotografias de festas infantis s\u00e3o uma maneira maravilhosa de capturar momentos inesquec\u00edveis na vida de uma crian\u00e7a. A fotografia \u00e9 uma forma de documentar as lembran\u00e7as de um dia t\u00e3o especial. Um fot\u00f3grafo profissional pode capturar a alegria e a emo\u00e7\u00e3o da festa, os sorrisos e as gargalhadas, as brincadeiras e as comemora\u00e7\u00f5es.<\/p>\n<p>As fotos da festa de anivers\u00e1rio podem ser utilizadas para criar um \u00e1lbum de recorda\u00e7\u00f5es, decorar a casa com porta-retratos ou serem compartilhadas nas redes sociais para celebrar a ocasi\u00e3o com amigos e familiares. \u00c9 importante escolher um fot\u00f3grafo que esteja presente em todos os momentos da festa, desde a chegada dos convidados at\u00e9 o corte do bolo e a hora do parab\u00e9ns.<\/p>\n<p>Para garantir fotos incr\u00edveis, \u00e9 importante que o fot\u00f3grafo converse com os pais da crian\u00e7a e conhe\u00e7a o tema da festa, a decora\u00e7\u00e3o, as atra\u00e7\u00f5es e as brincadeiras que ser\u00e3o realizadas. Assim, ele poder\u00e1 preparar-se adequadamente para capturar cada momento importante.<\/p>\n<p>Com um olhar atento e criativo, o fot\u00f3grafo poder\u00e1 registrar todos os detalhes da festa, desde as lembrancinhas at\u00e9 as brincadeiras, criando uma cole\u00e7\u00e3o de fotos que ser\u00e3o tesouros para a fam\u00edlia. Al\u00e9m disso, um fot\u00f3grafo profissional tamb\u00e9m sabe como lidar com a luz e as sombras para obter as melhores imagens poss\u00edveis.<\/p>\n<p>Em suma, a fotografia para festa infantil \u00e9 uma maneira maravilhosa de capturar momentos inesquec\u00edveis da vida de uma crian\u00e7a e proporcionar aos pais uma lembran\u00e7a duradoura. Com um fot\u00f3grafo profissional presente, as fotos da festa ser\u00e3o uma forma de celebrar a vida e alegria da crian\u00e7a e dos convidados.<\/p>\n<table style=\"margin-left: auto; margin-right: auto; text-align: center;\" cellspacing=\"0\" cellpadding=\"0\" align=\"center\">\n<tbody>\n<tr>\n<td style=\"text-align: center;\"><a style=\"margin-left: auto; margin-right: auto;\" href=\"https:\/\/i0.wp.com\/1.bp.blogspot.com\/-O-3Deuljk2I\/TqB7BxIACLI\/AAAAAAAAAbc\/NO3WpO2KFSk\/s1600\/122.jpg\"><img data-recalc-dims=\"1\" loading=\"lazy\" decoding=\"async\" title=\"fotografos de festa infantil\" src=\"https:\/\/i0.wp.com\/1.bp.blogspot.com\/-O-3Deuljk2I\/TqB7BxIACLI\/AAAAAAAAAbc\/NO3WpO2KFSk\/s320\/122.jpg?resize=320%2C152&#038;ssl=1\" alt=\"fotografos de festa infantil\" width=\"320\" height=\"152\" border=\"0\" \/><\/a><\/td>\n<\/tr>\n<tr>\n<td style=\"text-align: center;\">\n<div style=\"text-align: right;\">\n<div style=\"text-align: center;\">fotografos de festa infantil<\/div>\n<\/div>\n<\/td>\n<\/tr>\n<\/tbody>\n<\/table>\n<table style=\"margin-left: auto; margin-right: auto; text-align: center;\" cellspacing=\"0\" cellpadding=\"0\" align=\"center\">\n<tbody>\n<tr>\n<td style=\"text-align: center;\"><a style=\"margin-left: auto; margin-right: auto;\" href=\"https:\/\/i0.wp.com\/1.bp.blogspot.com\/-45Jp9BFUCFQ\/TqB7CC5LhtI\/AAAAAAAAAbk\/8Rh3mF5w9Bw\/s1600\/123.jpg\"><img data-recalc-dims=\"1\" loading=\"lazy\" decoding=\"async\" title=\"foto e video festa infantil sp\" src=\"https:\/\/i0.wp.com\/1.bp.blogspot.com\/-45Jp9BFUCFQ\/TqB7CC5LhtI\/AAAAAAAAAbk\/8Rh3mF5w9Bw\/s320\/123.jpg?resize=320%2C152&#038;ssl=1\" alt=\"foto e video festa infantil sp\" width=\"320\" height=\"152\" border=\"0\" \/><\/a><\/td>\n<\/tr>\n<tr>\n<td style=\"text-align: center;\">\n<div style=\"text-align: right;\">\n<div style=\"text-align: center;\">foto e video festa infantil sp<\/div>\n<\/div>\n<\/td>\n<\/tr>\n<\/tbody>\n<\/table>\n<table style=\"margin-left: auto; margin-right: auto; text-align: center;\" cellspacing=\"0\" cellpadding=\"0\" align=\"center\">\n<tbody>\n<tr>\n<td style=\"text-align: center;\"><a style=\"margin-left: auto; margin-right: auto;\" href=\"https:\/\/i0.wp.com\/1.bp.blogspot.com\/-ApH7jgT6NVw\/TqB7Cb-JkcI\/AAAAAAAAAbs\/R6M2u-UaQxY\/s1600\/125.jpg\"><img data-recalc-dims=\"1\" loading=\"lazy\" decoding=\"async\" title=\"fotos festa infantil\" src=\"https:\/\/i0.wp.com\/1.bp.blogspot.com\/-ApH7jgT6NVw\/TqB7Cb-JkcI\/AAAAAAAAAbs\/R6M2u-UaQxY\/s320\/125.jpg?resize=320%2C152&#038;ssl=1\" alt=\"fotos festa infantil\" width=\"320\" height=\"152\" border=\"0\" \/><\/a><\/td>\n<\/tr>\n<tr>\n<td style=\"text-align: center;\">\n<div style=\"text-align: right;\">\n<div style=\"text-align: center;\">fotos festa infantil<\/div>\n<\/div>\n<\/td>\n<\/tr>\n<\/tbody>\n<\/table>\n<table style=\"margin-left: auto; margin-right: auto; text-align: center;\" cellspacing=\"0\" cellpadding=\"0\" align=\"center\">\n<tbody>\n<tr>\n<td style=\"text-align: center;\"><a style=\"margin-left: auto; margin-right: auto;\" href=\"https:\/\/i0.wp.com\/2.bp.blogspot.com\/-PUdhsdWpjko\/TqB7CqDfAtI\/AAAAAAAAAb0\/4IhGCHAISUc\/s1600\/127.jpg\"><img data-recalc-dims=\"1\" loading=\"lazy\" decoding=\"async\" title=\"fotos de aniversario de crian\u00e7a\" src=\"https:\/\/i0.wp.com\/2.bp.blogspot.com\/-PUdhsdWpjko\/TqB7CqDfAtI\/AAAAAAAAAb0\/4IhGCHAISUc\/s320\/127.jpg?resize=320%2C152&#038;ssl=1\" alt=\"fotos de aniversario de crian\u00e7a\" width=\"320\" height=\"152\" border=\"0\" \/><\/a><\/td>\n<\/tr>\n<tr>\n<td style=\"text-align: center;\">\n<div style=\"text-align: right;\">\n<div style=\"text-align: center;\">fotos de aniversario de crian\u00e7a<\/div>\n<\/div>\n<\/td>\n<\/tr>\n<\/tbody>\n<\/table>\n<table style=\"margin-left: auto; margin-right: auto; text-align: center;\" cellspacing=\"0\" cellpadding=\"0\" align=\"center\">\n<tbody>\n<tr>\n<td style=\"text-align: center;\"><a style=\"margin-left: auto; margin-right: auto;\" href=\"https:\/\/i0.wp.com\/2.bp.blogspot.com\/-KQb30STBy8w\/TqB7DKes_FI\/AAAAAAAAAb8\/dKhusECvrEY\/s1600\/129.jpg\"><img data-recalc-dims=\"1\" loading=\"lazy\" decoding=\"async\" title=\"fotografos para crian\u00e7as\" src=\"https:\/\/i0.wp.com\/2.bp.blogspot.com\/-KQb30STBy8w\/TqB7DKes_FI\/AAAAAAAAAb8\/dKhusECvrEY\/s320\/129.jpg?resize=320%2C152&#038;ssl=1\" alt=\"fotografos para crian\u00e7as\" width=\"320\" height=\"152\" border=\"0\" \/><\/a><\/td>\n<\/tr>\n<tr>\n<td style=\"text-align: center;\">\n<div style=\"text-align: right;\">\n<div style=\"text-align: center;\">fotografos para crian\u00e7as<\/div>\n<\/div>\n<\/td>\n<\/tr>\n<\/tbody>\n<\/table>\n<table style=\"margin-left: auto; margin-right: auto; text-align: center;\" cellspacing=\"0\" cellpadding=\"0\" align=\"center\">\n<tbody>\n<tr>\n<td style=\"text-align: center;\"><a style=\"margin-left: auto; margin-right: auto;\" href=\"https:\/\/i0.wp.com\/2.bp.blogspot.com\/-EwpGx76JybE\/TqB7DaFguYI\/AAAAAAAAAcE\/bpnNrEg2rYI\/s1600\/130.jpg\"><img data-recalc-dims=\"1\" loading=\"lazy\" decoding=\"async\" title=\"fotografos de festa infantil\" src=\"https:\/\/i0.wp.com\/2.bp.blogspot.com\/-EwpGx76JybE\/TqB7DaFguYI\/AAAAAAAAAcE\/bpnNrEg2rYI\/s320\/130.jpg?resize=320%2C152&#038;ssl=1\" alt=\"fotografos de festa infantil\" width=\"320\" height=\"152\" border=\"0\" \/><\/a><\/td>\n<\/tr>\n<tr>\n<td style=\"text-align: center;\">\n<div style=\"text-align: right;\">\n<div style=\"text-align: center;\">fotografos de festa infantil<\/div>\n<\/div>\n<\/td>\n<\/tr>\n<\/tbody>\n<\/table>\nVisite tamb\u00e9m nosso site: www.biancamachado.com.br\r\n(11) 97107-1018\r\n\r\nAtendemos as regi\u00f5es de S\u00e3o Paulo, Sorocaba, Ibi\u00fana, Piedade, Votorantim, Cotia, Itupeva, Jundia\u00ed, It\u00fa e Campinas","protected":false},"excerpt":{"rendered":"<p>Acompanhe nossos pre\u00e7os e pacotes<\/p>\n","protected":false},"author":1,"featured_media":1440,"comment_status":"open","ping_status":"open","sticky":false,"template":"","format":"standard","meta":{"_monsterinsights_skip_tracking":false,"_monsterinsights_sitenote_active":false,"_monsterinsights_sitenote_note":"","_monsterinsights_sitenote_category":0,"jetpack_post_was_ever_published":false,"_jetpack_newsletter_access":"","_jetpack_dont_email_post_to_subs":false,"_jetpack_newsletter_tier_id":0,"_jetpack_memberships_contains_paywalled_content":false,"_jetpack_memberships_contains_paid_content":false,"_joinchat":[],"footnotes":""},"categories":[1],"tags":[864,618,868,866,619,746,397,370,644,665,867,865,863,862],"class_list":["post-612","post","type-post","status-publish","format-standard","has-post-thumbnail","hentry","category-studio-bianca-machado","tag-album","tag-aniversario","tag-atracoes","tag-brincadeiras","tag-decoracao","tag-familia-2","tag-festa-infantil","tag-fotografia","tag-lembrancas","tag-luz","tag-recordacoes","tag-sombras","tag-tema","tag-tesouros"],"yoast_head":"<!-- This site is optimized with the Yoast SEO plugin v27.4 - https:\/\/yoast.com\/product\/yoast-seo-wordpress\/ -->\n<title>Fotografia para Festa Infantil : Fotos Festa de Anivers\u00e1rio - STUDIO BIANCA MACHADO<\/title>\n<meta name=\"robots\" content=\"index, follow, max-snippet:-1, max-image-preview:large, max-video-preview:-1\" \/>\n<link rel=\"canonical\" href=\"https:\/\/biancamachado.com.br\/blog\/fotografia-para-festa-infantil-fotos-festa-de-aniversario\/\" \/>\n<meta property=\"og:locale\" content=\"pt_BR\" \/>\n<meta property=\"og:type\" content=\"article\" \/>\n<meta property=\"og:title\" content=\"Fotografia para Festa Infantil : Fotos Festa de Anivers\u00e1rio - STUDIO BIANCA MACHADO\" \/>\n<meta property=\"og:description\" content=\"Acompanhe nossos pre\u00e7os e pacotes\" \/>\n<meta property=\"og:url\" content=\"https:\/\/biancamachado.com.br\/blog\/fotografia-para-festa-infantil-fotos-festa-de-aniversario\/\" \/>\n<meta property=\"og:site_name\" content=\"STUDIO BIANCA MACHADO\" \/>\n<meta property=\"article:publisher\" content=\"https:\/\/www.facebook.com\/Studiobiancamachado\/\" \/>\n<meta property=\"article:published_time\" content=\"2011-10-20T18:49:00+00:00\" \/>\n<meta property=\"article:modified_time\" content=\"2023-02-12T21:44:51+00:00\" \/>\n<meta property=\"og:image\" content=\"https:\/\/biancamachado.com.br\/blog\/wp-content\/uploads\/2011\/10\/Screenshot_552.png\" \/>\n\t<meta property=\"og:image:width\" content=\"311\" \/>\n\t<meta property=\"og:image:height\" content=\"150\" \/>\n\t<meta property=\"og:image:type\" content=\"image\/png\" \/>\n<meta name=\"author\" content=\"biancamachado\" \/>\n<meta name=\"twitter:card\" content=\"summary_large_image\" \/>\n<meta name=\"twitter:label1\" content=\"Escrito por\" \/>\n\t<meta name=\"twitter:data1\" content=\"biancamachado\" \/>\n\t<meta name=\"twitter:label2\" content=\"Est. tempo de leitura\" \/>\n\t<meta name=\"twitter:data2\" content=\"4 minutos\" \/>\n<script type=\"application\/ld+json\" class=\"yoast-schema-graph\">{\"@context\":\"https:\\\/\\\/schema.org\",\"@graph\":[{\"@type\":\"Article\",\"@id\":\"https:\\\/\\\/biancamachado.com.br\\\/blog\\\/fotografia-para-festa-infantil-fotos-festa-de-aniversario\\\/#article\",\"isPartOf\":{\"@id\":\"https:\\\/\\\/biancamachado.com.br\\\/blog\\\/fotografia-para-festa-infantil-fotos-festa-de-aniversario\\\/\"},\"author\":{\"name\":\"biancamachado\",\"@id\":\"https:\\\/\\\/biancamachado.com.br\\\/blog\\\/#\\\/schema\\\/person\\\/990263800ec5e9bdbbf092a2353550a1\"},\"headline\":\"Fotografia para Festa Infantil : Fotos Festa de Anivers\u00e1rio\",\"datePublished\":\"2011-10-20T18:49:00+00:00\",\"dateModified\":\"2023-02-12T21:44:51+00:00\",\"mainEntityOfPage\":{\"@id\":\"https:\\\/\\\/biancamachado.com.br\\\/blog\\\/fotografia-para-festa-infantil-fotos-festa-de-aniversario\\\/\"},\"wordCount\":349,\"commentCount\":0,\"publisher\":{\"@id\":\"https:\\\/\\\/biancamachado.com.br\\\/blog\\\/#organization\"},\"image\":{\"@id\":\"https:\\\/\\\/biancamachado.com.br\\\/blog\\\/fotografia-para-festa-infantil-fotos-festa-de-aniversario\\\/#primaryimage\"},\"thumbnailUrl\":\"https:\\\/\\\/i0.wp.com\\\/biancamachado.com.br\\\/blog\\\/wp-content\\\/uploads\\\/2011\\\/10\\\/Screenshot_552.png?fit=311%2C150&ssl=1\",\"keywords\":[\"\u00e1lbum\",\"anivers\u00e1rio\",\"atra\u00e7\u00f5es\",\"brincadeiras\",\"decora\u00e7\u00e3o\",\"fam\u00edlia\",\"festa infantil\",\"fotografia\",\"lembran\u00e7as\",\"luz\",\"recorda\u00e7\u00f5es\",\"sombras\",\"tema\",\"tesouros\"],\"articleSection\":[\"Studio Bianca Machado\"],\"inLanguage\":\"pt-BR\",\"potentialAction\":[{\"@type\":\"CommentAction\",\"name\":\"Comment\",\"target\":[\"https:\\\/\\\/biancamachado.com.br\\\/blog\\\/fotografia-para-festa-infantil-fotos-festa-de-aniversario\\\/#respond\"]}]},{\"@type\":\"WebPage\",\"@id\":\"https:\\\/\\\/biancamachado.com.br\\\/blog\\\/fotografia-para-festa-infantil-fotos-festa-de-aniversario\\\/\",\"url\":\"https:\\\/\\\/biancamachado.com.br\\\/blog\\\/fotografia-para-festa-infantil-fotos-festa-de-aniversario\\\/\",\"name\":\"Fotografia para Festa Infantil : Fotos Festa de Anivers\u00e1rio - STUDIO BIANCA MACHADO\",\"isPartOf\":{\"@id\":\"https:\\\/\\\/biancamachado.com.br\\\/blog\\\/#website\"},\"primaryImageOfPage\":{\"@id\":\"https:\\\/\\\/biancamachado.com.br\\\/blog\\\/fotografia-para-festa-infantil-fotos-festa-de-aniversario\\\/#primaryimage\"},\"image\":{\"@id\":\"https:\\\/\\\/biancamachado.com.br\\\/blog\\\/fotografia-para-festa-infantil-fotos-festa-de-aniversario\\\/#primaryimage\"},\"thumbnailUrl\":\"https:\\\/\\\/i0.wp.com\\\/biancamachado.com.br\\\/blog\\\/wp-content\\\/uploads\\\/2011\\\/10\\\/Screenshot_552.png?fit=311%2C150&ssl=1\",\"datePublished\":\"2011-10-20T18:49:00+00:00\",\"dateModified\":\"2023-02-12T21:44:51+00:00\",\"breadcrumb\":{\"@id\":\"https:\\\/\\\/biancamachado.com.br\\\/blog\\\/fotografia-para-festa-infantil-fotos-festa-de-aniversario\\\/#breadcrumb\"},\"inLanguage\":\"pt-BR\",\"potentialAction\":[{\"@type\":\"ReadAction\",\"target\":[\"https:\\\/\\\/biancamachado.com.br\\\/blog\\\/fotografia-para-festa-infantil-fotos-festa-de-aniversario\\\/\"]}]},{\"@type\":\"ImageObject\",\"inLanguage\":\"pt-BR\",\"@id\":\"https:\\\/\\\/biancamachado.com.br\\\/blog\\\/fotografia-para-festa-infantil-fotos-festa-de-aniversario\\\/#primaryimage\",\"url\":\"https:\\\/\\\/i0.wp.com\\\/biancamachado.com.br\\\/blog\\\/wp-content\\\/uploads\\\/2011\\\/10\\\/Screenshot_552.png?fit=311%2C150&ssl=1\",\"contentUrl\":\"https:\\\/\\\/i0.wp.com\\\/biancamachado.com.br\\\/blog\\\/wp-content\\\/uploads\\\/2011\\\/10\\\/Screenshot_552.png?fit=311%2C150&ssl=1\",\"width\":311,\"height\":150,\"caption\":\"Fotografia para Festa Infantil : Fotos Festa de Anivers\u00e1rio\"},{\"@type\":\"BreadcrumbList\",\"@id\":\"https:\\\/\\\/biancamachado.com.br\\\/blog\\\/fotografia-para-festa-infantil-fotos-festa-de-aniversario\\\/#breadcrumb\",\"itemListElement\":[{\"@type\":\"ListItem\",\"position\":1,\"name\":\"In\u00edcio\",\"item\":\"https:\\\/\\\/biancamachado.com.br\\\/blog\\\/\"},{\"@type\":\"ListItem\",\"position\":2,\"name\":\"Fotografia para Festa Infantil : Fotos Festa de Anivers\u00e1rio\"}]},{\"@type\":\"WebSite\",\"@id\":\"https:\\\/\\\/biancamachado.com.br\\\/blog\\\/#website\",\"url\":\"https:\\\/\\\/biancamachado.com.br\\\/blog\\\/\",\"name\":\"STUDIO BIANCA MACHADO\",\"description\":\"Estudio Fotografico, Ensaios e Books de foto profissional\",\"publisher\":{\"@id\":\"https:\\\/\\\/biancamachado.com.br\\\/blog\\\/#organization\"},\"potentialAction\":[{\"@type\":\"SearchAction\",\"target\":{\"@type\":\"EntryPoint\",\"urlTemplate\":\"https:\\\/\\\/biancamachado.com.br\\\/blog\\\/?s={search_term_string}\"},\"query-input\":{\"@type\":\"PropertyValueSpecification\",\"valueRequired\":true,\"valueName\":\"search_term_string\"}}],\"inLanguage\":\"pt-BR\"},{\"@type\":\"Organization\",\"@id\":\"https:\\\/\\\/biancamachado.com.br\\\/blog\\\/#organization\",\"name\":\"STUDIO BIANCA MACHADO\",\"url\":\"https:\\\/\\\/biancamachado.com.br\\\/blog\\\/\",\"logo\":{\"@type\":\"ImageObject\",\"inLanguage\":\"pt-BR\",\"@id\":\"https:\\\/\\\/biancamachado.com.br\\\/blog\\\/#\\\/schema\\\/logo\\\/image\\\/\",\"url\":\"https:\\\/\\\/i0.wp.com\\\/biancamachado.com.br\\\/blog\\\/wp-content\\\/uploads\\\/2021\\\/02\\\/cropped-logo-ml.jpg?fit=278%2C100&ssl=1\",\"contentUrl\":\"https:\\\/\\\/i0.wp.com\\\/biancamachado.com.br\\\/blog\\\/wp-content\\\/uploads\\\/2021\\\/02\\\/cropped-logo-ml.jpg?fit=278%2C100&ssl=1\",\"width\":278,\"height\":100,\"caption\":\"STUDIO BIANCA MACHADO\"},\"image\":{\"@id\":\"https:\\\/\\\/biancamachado.com.br\\\/blog\\\/#\\\/schema\\\/logo\\\/image\\\/\"},\"sameAs\":[\"https:\\\/\\\/www.facebook.com\\\/Studiobiancamachado\\\/\",\"https:\\\/\\\/www.instagram.com\\\/Studiobiancamachado\\\/\"]},{\"@type\":\"Person\",\"@id\":\"https:\\\/\\\/biancamachado.com.br\\\/blog\\\/#\\\/schema\\\/person\\\/990263800ec5e9bdbbf092a2353550a1\",\"name\":\"biancamachado\",\"image\":{\"@type\":\"ImageObject\",\"inLanguage\":\"pt-BR\",\"@id\":\"https:\\\/\\\/secure.gravatar.com\\\/avatar\\\/62b1a50f2632dbc2e279c3eb55aa46cc324c969cff16a69c59756d155316542c?s=96&d=mm&r=g\",\"url\":\"https:\\\/\\\/secure.gravatar.com\\\/avatar\\\/62b1a50f2632dbc2e279c3eb55aa46cc324c969cff16a69c59756d155316542c?s=96&d=mm&r=g\",\"contentUrl\":\"https:\\\/\\\/secure.gravatar.com\\\/avatar\\\/62b1a50f2632dbc2e279c3eb55aa46cc324c969cff16a69c59756d155316542c?s=96&d=mm&r=g\",\"caption\":\"biancamachado\"},\"sameAs\":[\"https:\\\/\\\/biancamachado.com.br\\\/blog\"],\"url\":\"https:\\\/\\\/biancamachado.com.br\\\/blog\\\/author\\\/biancamachado\\\/\"}]}<\/script>\n<!-- \/ Yoast SEO plugin. -->","yoast_head_json":{"title":"Fotografia para Festa Infantil : Fotos Festa de Anivers\u00e1rio - STUDIO BIANCA MACHADO","robots":{"index":"index","follow":"follow","max-snippet":"max-snippet:-1","max-image-preview":"max-image-preview:large","max-video-preview":"max-video-preview:-1"},"canonical":"https:\/\/biancamachado.com.br\/blog\/fotografia-para-festa-infantil-fotos-festa-de-aniversario\/","og_locale":"pt_BR","og_type":"article","og_title":"Fotografia para Festa Infantil : Fotos Festa de Anivers\u00e1rio - STUDIO BIANCA MACHADO","og_description":"Acompanhe nossos pre\u00e7os e pacotes","og_url":"https:\/\/biancamachado.com.br\/blog\/fotografia-para-festa-infantil-fotos-festa-de-aniversario\/","og_site_name":"STUDIO BIANCA MACHADO","article_publisher":"https:\/\/www.facebook.com\/Studiobiancamachado\/","article_published_time":"2011-10-20T18:49:00+00:00","article_modified_time":"2023-02-12T21:44:51+00:00","og_image":[{"width":311,"height":150,"url":"https:\/\/biancamachado.com.br\/blog\/wp-content\/uploads\/2011\/10\/Screenshot_552.png","type":"image\/png"}],"author":"biancamachado","twitter_card":"summary_large_image","twitter_misc":{"Escrito por":"biancamachado","Est. tempo de leitura":"4 minutos"},"schema":{"@context":"https:\/\/schema.org","@graph":[{"@type":"Article","@id":"https:\/\/biancamachado.com.br\/blog\/fotografia-para-festa-infantil-fotos-festa-de-aniversario\/#article","isPartOf":{"@id":"https:\/\/biancamachado.com.br\/blog\/fotografia-para-festa-infantil-fotos-festa-de-aniversario\/"},"author":{"name":"biancamachado","@id":"https:\/\/biancamachado.com.br\/blog\/#\/schema\/person\/990263800ec5e9bdbbf092a2353550a1"},"headline":"Fotografia para Festa Infantil : Fotos Festa de Anivers\u00e1rio","datePublished":"2011-10-20T18:49:00+00:00","dateModified":"2023-02-12T21:44:51+00:00","mainEntityOfPage":{"@id":"https:\/\/biancamachado.com.br\/blog\/fotografia-para-festa-infantil-fotos-festa-de-aniversario\/"},"wordCount":349,"commentCount":0,"publisher":{"@id":"https:\/\/biancamachado.com.br\/blog\/#organization"},"image":{"@id":"https:\/\/biancamachado.com.br\/blog\/fotografia-para-festa-infantil-fotos-festa-de-aniversario\/#primaryimage"},"thumbnailUrl":"https:\/\/i0.wp.com\/biancamachado.com.br\/blog\/wp-content\/uploads\/2011\/10\/Screenshot_552.png?fit=311%2C150&ssl=1","keywords":["\u00e1lbum","anivers\u00e1rio","atra\u00e7\u00f5es","brincadeiras","decora\u00e7\u00e3o","fam\u00edlia","festa infantil","fotografia","lembran\u00e7as","luz","recorda\u00e7\u00f5es","sombras","tema","tesouros"],"articleSection":["Studio Bianca Machado"],"inLanguage":"pt-BR","potentialAction":[{"@type":"CommentAction","name":"Comment","target":["https:\/\/biancamachado.com.br\/blog\/fotografia-para-festa-infantil-fotos-festa-de-aniversario\/#respond"]}]},{"@type":"WebPage","@id":"https:\/\/biancamachado.com.br\/blog\/fotografia-para-festa-infantil-fotos-festa-de-aniversario\/","url":"https:\/\/biancamachado.com.br\/blog\/fotografia-para-festa-infantil-fotos-festa-de-aniversario\/","name":"Fotografia para Festa Infantil : Fotos Festa de Anivers\u00e1rio - STUDIO BIANCA MACHADO","isPartOf":{"@id":"https:\/\/biancamachado.com.br\/blog\/#website"},"primaryImageOfPage":{"@id":"https:\/\/biancamachado.com.br\/blog\/fotografia-para-festa-infantil-fotos-festa-de-aniversario\/#primaryimage"},"image":{"@id":"https:\/\/biancamachado.com.br\/blog\/fotografia-para-festa-infantil-fotos-festa-de-aniversario\/#primaryimage"},"thumbnailUrl":"https:\/\/i0.wp.com\/biancamachado.com.br\/blog\/wp-content\/uploads\/2011\/10\/Screenshot_552.png?fit=311%2C150&ssl=1","datePublished":"2011-10-20T18:49:00+00:00","dateModified":"2023-02-12T21:44:51+00:00","breadcrumb":{"@id":"https:\/\/biancamachado.com.br\/blog\/fotografia-para-festa-infantil-fotos-festa-de-aniversario\/#breadcrumb"},"inLanguage":"pt-BR","potentialAction":[{"@type":"ReadAction","target":["https:\/\/biancamachado.com.br\/blog\/fotografia-para-festa-infantil-fotos-festa-de-aniversario\/"]}]},{"@type":"ImageObject","inLanguage":"pt-BR","@id":"https:\/\/biancamachado.com.br\/blog\/fotografia-para-festa-infantil-fotos-festa-de-aniversario\/#primaryimage","url":"https:\/\/i0.wp.com\/biancamachado.com.br\/blog\/wp-content\/uploads\/2011\/10\/Screenshot_552.png?fit=311%2C150&ssl=1","contentUrl":"https:\/\/i0.wp.com\/biancamachado.com.br\/blog\/wp-content\/uploads\/2011\/10\/Screenshot_552.png?fit=311%2C150&ssl=1","width":311,"height":150,"caption":"Fotografia para Festa Infantil : Fotos Festa de Anivers\u00e1rio"},{"@type":"BreadcrumbList","@id":"https:\/\/biancamachado.com.br\/blog\/fotografia-para-festa-infantil-fotos-festa-de-aniversario\/#breadcrumb","itemListElement":[{"@type":"ListItem","position":1,"name":"In\u00edcio","item":"https:\/\/biancamachado.com.br\/blog\/"},{"@type":"ListItem","position":2,"name":"Fotografia para Festa Infantil : Fotos Festa de Anivers\u00e1rio"}]},{"@type":"WebSite","@id":"https:\/\/biancamachado.com.br\/blog\/#website","url":"https:\/\/biancamachado.com.br\/blog\/","name":"STUDIO BIANCA MACHADO","description":"Estudio Fotografico, Ensaios e Books de foto profissional","publisher":{"@id":"https:\/\/biancamachado.com.br\/blog\/#organization"},"potentialAction":[{"@type":"SearchAction","target":{"@type":"EntryPoint","urlTemplate":"https:\/\/biancamachado.com.br\/blog\/?s={search_term_string}"},"query-input":{"@type":"PropertyValueSpecification","valueRequired":true,"valueName":"search_term_string"}}],"inLanguage":"pt-BR"},{"@type":"Organization","@id":"https:\/\/biancamachado.com.br\/blog\/#organization","name":"STUDIO BIANCA MACHADO","url":"https:\/\/biancamachado.com.br\/blog\/","logo":{"@type":"ImageObject","inLanguage":"pt-BR","@id":"https:\/\/biancamachado.com.br\/blog\/#\/schema\/logo\/image\/","url":"https:\/\/i0.wp.com\/biancamachado.com.br\/blog\/wp-content\/uploads\/2021\/02\/cropped-logo-ml.jpg?fit=278%2C100&ssl=1","contentUrl":"https:\/\/i0.wp.com\/biancamachado.com.br\/blog\/wp-content\/uploads\/2021\/02\/cropped-logo-ml.jpg?fit=278%2C100&ssl=1","width":278,"height":100,"caption":"STUDIO BIANCA MACHADO"},"image":{"@id":"https:\/\/biancamachado.com.br\/blog\/#\/schema\/logo\/image\/"},"sameAs":["https:\/\/www.facebook.com\/Studiobiancamachado\/","https:\/\/www.instagram.com\/Studiobiancamachado\/"]},{"@type":"Person","@id":"https:\/\/biancamachado.com.br\/blog\/#\/schema\/person\/990263800ec5e9bdbbf092a2353550a1","name":"biancamachado","image":{"@type":"ImageObject","inLanguage":"pt-BR","@id":"https:\/\/secure.gravatar.com\/avatar\/62b1a50f2632dbc2e279c3eb55aa46cc324c969cff16a69c59756d155316542c?s=96&d=mm&r=g","url":"https:\/\/secure.gravatar.com\/avatar\/62b1a50f2632dbc2e279c3eb55aa46cc324c969cff16a69c59756d155316542c?s=96&d=mm&r=g","contentUrl":"https:\/\/secure.gravatar.com\/avatar\/62b1a50f2632dbc2e279c3eb55aa46cc324c969cff16a69c59756d155316542c?s=96&d=mm&r=g","caption":"biancamachado"},"sameAs":["https:\/\/biancamachado.com.br\/blog"],"url":"https:\/\/biancamachado.com.br\/blog\/author\/biancamachado\/"}]}},"jetpack_featured_media_url":"https:\/\/i0.wp.com\/biancamachado.com.br\/blog\/wp-content\/uploads\/2011\/10\/Screenshot_552.png?fit=311%2C150&ssl=1","jetpack-related-posts":[],"jetpack_sharing_enabled":true,"_links":{"self":[{"href":"https:\/\/biancamachado.com.br\/blog\/wp-json\/wp\/v2\/posts\/612","targetHints":{"allow":["GET"]}}],"collection":[{"href":"https:\/\/biancamachado.com.br\/blog\/wp-json\/wp\/v2\/posts"}],"about":[{"href":"https:\/\/biancamachado.com.br\/blog\/wp-json\/wp\/v2\/types\/post"}],"author":[{"embeddable":true,"href":"https:\/\/biancamachado.com.br\/blog\/wp-json\/wp\/v2\/users\/1"}],"replies":[{"embeddable":true,"href":"https:\/\/biancamachado.com.br\/blog\/wp-json\/wp\/v2\/comments?post=612"}],"version-history":[{"count":1,"href":"https:\/\/biancamachado.com.br\/blog\/wp-json\/wp\/v2\/posts\/612\/revisions"}],"predecessor-version":[{"id":3324,"href":"https:\/\/biancamachado.com.br\/blog\/wp-json\/wp\/v2\/posts\/612\/revisions\/3324"}],"wp:featuredmedia":[{"embeddable":true,"href":"https:\/\/biancamachado.com.br\/blog\/wp-json\/wp\/v2\/media\/1440"}],"wp:attachment":[{"href":"https:\/\/biancamachado.com.br\/blog\/wp-json\/wp\/v2\/media?parent=612"}],"wp:term":[{"taxonomy":"category","embeddable":true,"href":"https:\/\/biancamachado.com.br\/blog\/wp-json\/wp\/v2\/categories?post=612"},{"taxonomy":"post_tag","embeddable":true,"href":"https:\/\/biancamachado.com.br\/blog\/wp-json\/wp\/v2\/tags?post=612"}],"curies":[{"name":"wp","href":"https:\/\/api.w.org\/{rel}","templated":true}]}}