{"id":578,"date":"2011-10-26T11:53:00","date_gmt":"2011-10-26T13:53:00","guid":{"rendered":"https:\/\/biancamachado.com.br\/blog\/?p=578"},"modified":"2021-02-18T01:04:32","modified_gmt":"2021-02-18T04:04:32","slug":"semana-intensa-essa-3-canais-de-tv-e-uma-reportagem-de-paginainteira-na-folha-de-sao-paulo","status":"publish","type":"post","link":"https:\/\/biancamachado.com.br\/blog\/semana-intensa-essa-3-canais-de-tv-e-uma-reportagem-de-paginainteira-na-folha-de-sao-paulo\/","title":{"rendered":"Semana intensa essa !!! 3 canais de TV e uma reportagem de p\u00e1ginainteira na Folha de S\u00e3o Paulo"},"content":{"rendered":"<p>De novo? Sim !!! Reportagem do est\u00fadio no Vitrine da TV Cultura &#8211; em breve no ar <br \/>O projeto de fotos para o facebook, Book Redes Sociais \u00e9 um sucesso e est\u00e1 bombando na m\u00eddia !<br \/>Um super obrigada ao pessoal do Vitrine da TV Cultura, que conduziu a reportagem de forma despojada, divertid\u00edssima e aut\u00eantica, bem a cara do nosso Est\u00fadio !<\/p>\n<table align=\"center\" cellpadding=\"0\" cellspacing=\"0\" style=\"margin-left: auto; margin-right: auto; text-align: center;\">\n<tbody>\n<tr>\n<td style=\"text-align: center;\"><a href=\"https:\/\/i0.wp.com\/4.bp.blogspot.com\/-Jpap65bJEuo\/TqgcPuOoEZI\/AAAAAAAAAoY\/1g357bYZM9A\/s1600\/IMG_9007.JPG\" style=\"margin-left: auto; margin-right: auto;\"><img data-recalc-dims=\"1\" loading=\"lazy\" decoding=\"async\" alt=\"Vitrine - Tv Cultura - Studio Bianca Machado\" border=\"0\" height=\"213\" src=\"https:\/\/i0.wp.com\/4.bp.blogspot.com\/-Jpap65bJEuo\/TqgcPuOoEZI\/AAAAAAAAAoY\/1g357bYZM9A\/s320\/IMG_9007.JPG?resize=320%2C213&#038;ssl=1\" title=\"Vitrine - Tv Cultura - Studio Bianca Machado\" width=\"320\" \/><\/a><\/td>\n<\/tr>\n<tr>\n<td style=\"text-align: center;\">\n<div style=\"text-align: right;\">\n<div style=\"text-align: center;\">Vitrine &#8211; Tv Cultura &#8211; Studio Bianca Machado<\/div>\n<\/div>\n<\/td>\n<\/tr>\n<\/tbody>\n<\/table>\n<p><\/p>\n<table align=\"center\" cellpadding=\"0\" cellspacing=\"0\" style=\"margin-left: auto; margin-right: auto; text-align: center;\">\n<tbody>\n<tr>\n<td style=\"text-align: center;\"><a href=\"https:\/\/i0.wp.com\/4.bp.blogspot.com\/-iLMAhIccdow\/TqgcagA8EZI\/AAAAAAAAAog\/35tGhL1rO5w\/s1600\/IMG_9011.JPG\" style=\"margin-left: auto; margin-right: auto;\"><img data-recalc-dims=\"1\" loading=\"lazy\" decoding=\"async\" alt=\"Projeto Book Redes Sociais - Studio Bianca Machado\" border=\"0\" height=\"213\" src=\"https:\/\/i0.wp.com\/4.bp.blogspot.com\/-iLMAhIccdow\/TqgcagA8EZI\/AAAAAAAAAog\/35tGhL1rO5w\/s320\/IMG_9011.JPG?resize=320%2C213&#038;ssl=1\" title=\"Projeto Book Redes Sociais - Studio Bianca Machado\" width=\"320\" \/><\/a><\/td>\n<\/tr>\n<tr>\n<td style=\"text-align: center;\">\n<div style=\"text-align: right;\">\n<div style=\"text-align: center;\">Projeto Book Redes Sociais &#8211; Studio Bianca Machado<\/div>\n<\/div>\n<\/td>\n<\/tr>\n<\/tbody>\n<\/table>\n<p><\/p>\n<table align=\"center\" cellpadding=\"0\" cellspacing=\"0\" style=\"margin-left: auto; margin-right: auto; text-align: center;\">\n<tbody>\n<tr>\n<td style=\"text-align: center;\"><a href=\"https:\/\/i0.wp.com\/4.bp.blogspot.com\/-5trpKbD65lc\/Tqgcj6jHcsI\/AAAAAAAAAoo\/6zpvcbR8gpY\/s1600\/IMG_9022.JPG\" style=\"margin-left: auto; margin-right: auto;\"><img data-recalc-dims=\"1\" loading=\"lazy\" decoding=\"async\" alt=\"Fotografos Profissionais - Book para o Facebook\" border=\"0\" height=\"213\" src=\"https:\/\/i0.wp.com\/4.bp.blogspot.com\/-5trpKbD65lc\/Tqgcj6jHcsI\/AAAAAAAAAoo\/6zpvcbR8gpY\/s320\/IMG_9022.JPG?resize=320%2C213&#038;ssl=1\" title=\"Fotografos Profissionais - Book para o Facebook\" width=\"320\" \/><\/a><\/td>\n<\/tr>\n<tr>\n<td style=\"text-align: center;\">\n<div style=\"text-align: right;\">\n<div style=\"text-align: center;\">Fotografos Profissionais &#8211; Book para o Facebook<\/div>\n<\/div>\n<\/td>\n<\/tr>\n<\/tbody>\n<\/table>\n<p><\/p>\n<table align=\"center\" cellpadding=\"0\" cellspacing=\"0\" style=\"margin-left: auto; margin-right: auto; text-align: center;\">\n<tbody>\n<tr>\n<td style=\"text-align: center;\"><a href=\"https:\/\/i0.wp.com\/1.bp.blogspot.com\/-L8oztvB8LgA\/Tqgew0lh5jI\/AAAAAAAAAow\/a8u9wUGPzts\/s1600\/IMG_0106.JPG\" style=\"margin-left: auto; margin-right: auto;\"><img data-recalc-dims=\"1\" loading=\"lazy\" decoding=\"async\" alt=\"Equipe do Vitrine TV Cultura no Estudio Bianca Machado\" border=\"0\" height=\"213\" src=\"https:\/\/i0.wp.com\/1.bp.blogspot.com\/-L8oztvB8LgA\/Tqgew0lh5jI\/AAAAAAAAAow\/a8u9wUGPzts\/s320\/IMG_0106.JPG?resize=320%2C213&#038;ssl=1\" title=\"Equipe do Vitrine TV Cultura no Estudio Bianca Machado\" width=\"320\" \/><\/a><\/td>\n<\/tr>\n<tr>\n<td style=\"text-align: center;\">\n<div style=\"text-align: right;\">\n<div style=\"text-align: center;\">Equipe do Vitrine TV Cultura no Estudio Bianca Machado<\/div>\n<\/div>\n<\/td>\n<\/tr>\n<\/tbody>\n<\/table>\n<div><\/div>\n<div><\/div>\n<div>Visite tamb\u00e9m nosso site:&nbsp;<a href=\"http:\/\/www.biancamachado.com.br\/\">www.biancamachado.com.br<\/a><br \/>(11) 97107-1018<\/div>\n<div><\/div>\nVisite tamb\u00e9m nosso site: www.biancamachado.com.br\r\n(11) 97107-1018\r\n\r\nAtendemos as regi\u00f5es de S\u00e3o Paulo, Sorocaba, Ibi\u00fana, Piedade, Votorantim, Cotia, Itupeva, Jundia\u00ed, It\u00fa e Campinas","protected":false},"excerpt":{"rendered":"<p>De novo? Sim !!! Reportagem<\/p>\n","protected":false},"author":1,"featured_media":1412,"comment_status":"open","ping_status":"open","sticky":false,"template":"","format":"standard","meta":{"_monsterinsights_skip_tracking":false,"_monsterinsights_sitenote_active":false,"_monsterinsights_sitenote_note":"","_monsterinsights_sitenote_category":0,"jetpack_post_was_ever_published":false,"_jetpack_newsletter_access":"","_jetpack_dont_email_post_to_subs":false,"_jetpack_newsletter_tier_id":0,"_jetpack_memberships_contains_paywalled_content":false,"_jetpack_memberships_contains_paid_content":false,"_joinchat":[],"footnotes":""},"categories":[324,1],"tags":[392],"class_list":["post-578","post","type-post","status-publish","format-standard","has-post-thumbnail","hentry","category-midia","category-studio-bianca-machado","tag-reportagens-do-estudio-fotografico-bianca-machado"],"yoast_head":"<!-- This site is optimized with the Yoast SEO plugin v27.4 - https:\/\/yoast.com\/product\/yoast-seo-wordpress\/ -->\n<title>Semana intensa essa !!! 3 canais de TV e uma reportagem de p\u00e1ginainteira na Folha de S\u00e3o Paulo - STUDIO BIANCA MACHADO<\/title>\n<meta name=\"robots\" content=\"index, follow, max-snippet:-1, max-image-preview:large, max-video-preview:-1\" \/>\n<link rel=\"canonical\" href=\"https:\/\/biancamachado.com.br\/blog\/semana-intensa-essa-3-canais-de-tv-e-uma-reportagem-de-paginainteira-na-folha-de-sao-paulo\/\" \/>\n<meta property=\"og:locale\" content=\"pt_BR\" \/>\n<meta property=\"og:type\" content=\"article\" \/>\n<meta property=\"og:title\" content=\"Semana intensa essa !!! 3 canais de TV e uma reportagem de p\u00e1ginainteira na Folha de S\u00e3o Paulo - STUDIO BIANCA MACHADO\" \/>\n<meta property=\"og:description\" content=\"De novo? Sim !!! Reportagem\" \/>\n<meta property=\"og:url\" content=\"https:\/\/biancamachado.com.br\/blog\/semana-intensa-essa-3-canais-de-tv-e-uma-reportagem-de-paginainteira-na-folha-de-sao-paulo\/\" \/>\n<meta property=\"og:site_name\" content=\"STUDIO BIANCA MACHADO\" \/>\n<meta property=\"article:publisher\" content=\"https:\/\/www.facebook.com\/Studiobiancamachado\/\" \/>\n<meta property=\"article:published_time\" content=\"2011-10-26T13:53:00+00:00\" \/>\n<meta property=\"article:modified_time\" content=\"2021-02-18T04:04:32+00:00\" \/>\n<meta property=\"og:image\" content=\"https:\/\/i0.wp.com\/biancamachado.com.br\/blog\/wp-content\/uploads\/2011\/10\/Screenshot_528.png?fit=306%2C220&ssl=1\" \/>\n\t<meta property=\"og:image:width\" content=\"306\" \/>\n\t<meta property=\"og:image:height\" content=\"220\" \/>\n\t<meta property=\"og:image:type\" content=\"image\/png\" \/>\n<meta name=\"author\" content=\"biancamachado\" \/>\n<meta name=\"twitter:card\" content=\"summary_large_image\" \/>\n<meta name=\"twitter:label1\" content=\"Escrito por\" \/>\n\t<meta name=\"twitter:data1\" content=\"biancamachado\" \/>\n\t<meta name=\"twitter:label2\" content=\"Est. tempo de leitura\" \/>\n\t<meta name=\"twitter:data2\" content=\"1 minuto\" \/>\n<script type=\"application\/ld+json\" class=\"yoast-schema-graph\">{\"@context\":\"https:\\\/\\\/schema.org\",\"@graph\":[{\"@type\":\"Article\",\"@id\":\"https:\\\/\\\/biancamachado.com.br\\\/blog\\\/semana-intensa-essa-3-canais-de-tv-e-uma-reportagem-de-paginainteira-na-folha-de-sao-paulo\\\/#article\",\"isPartOf\":{\"@id\":\"https:\\\/\\\/biancamachado.com.br\\\/blog\\\/semana-intensa-essa-3-canais-de-tv-e-uma-reportagem-de-paginainteira-na-folha-de-sao-paulo\\\/\"},\"author\":{\"name\":\"biancamachado\",\"@id\":\"https:\\\/\\\/biancamachado.com.br\\\/blog\\\/#\\\/schema\\\/person\\\/990263800ec5e9bdbbf092a2353550a1\"},\"headline\":\"Semana intensa essa !!! 3 canais de TV e uma reportagem de p\u00e1ginainteira na Folha de S\u00e3o Paulo\",\"datePublished\":\"2011-10-26T13:53:00+00:00\",\"dateModified\":\"2021-02-18T04:04:32+00:00\",\"mainEntityOfPage\":{\"@id\":\"https:\\\/\\\/biancamachado.com.br\\\/blog\\\/semana-intensa-essa-3-canais-de-tv-e-uma-reportagem-de-paginainteira-na-folha-de-sao-paulo\\\/\"},\"wordCount\":125,\"commentCount\":0,\"publisher\":{\"@id\":\"https:\\\/\\\/biancamachado.com.br\\\/blog\\\/#organization\"},\"image\":{\"@id\":\"https:\\\/\\\/biancamachado.com.br\\\/blog\\\/semana-intensa-essa-3-canais-de-tv-e-uma-reportagem-de-paginainteira-na-folha-de-sao-paulo\\\/#primaryimage\"},\"thumbnailUrl\":\"https:\\\/\\\/i0.wp.com\\\/biancamachado.com.br\\\/blog\\\/wp-content\\\/uploads\\\/2011\\\/10\\\/Screenshot_528.png?fit=306%2C220&ssl=1\",\"keywords\":[\"reportagens do estudio fotografico bianca machado\"],\"articleSection\":[\"M\u00eddia\",\"Studio Bianca Machado\"],\"inLanguage\":\"pt-BR\",\"potentialAction\":[{\"@type\":\"CommentAction\",\"name\":\"Comment\",\"target\":[\"https:\\\/\\\/biancamachado.com.br\\\/blog\\\/semana-intensa-essa-3-canais-de-tv-e-uma-reportagem-de-paginainteira-na-folha-de-sao-paulo\\\/#respond\"]}]},{\"@type\":\"WebPage\",\"@id\":\"https:\\\/\\\/biancamachado.com.br\\\/blog\\\/semana-intensa-essa-3-canais-de-tv-e-uma-reportagem-de-paginainteira-na-folha-de-sao-paulo\\\/\",\"url\":\"https:\\\/\\\/biancamachado.com.br\\\/blog\\\/semana-intensa-essa-3-canais-de-tv-e-uma-reportagem-de-paginainteira-na-folha-de-sao-paulo\\\/\",\"name\":\"Semana intensa essa !!! 3 canais de TV e uma reportagem de p\u00e1ginainteira na Folha de S\u00e3o Paulo - STUDIO BIANCA MACHADO\",\"isPartOf\":{\"@id\":\"https:\\\/\\\/biancamachado.com.br\\\/blog\\\/#website\"},\"primaryImageOfPage\":{\"@id\":\"https:\\\/\\\/biancamachado.com.br\\\/blog\\\/semana-intensa-essa-3-canais-de-tv-e-uma-reportagem-de-paginainteira-na-folha-de-sao-paulo\\\/#primaryimage\"},\"image\":{\"@id\":\"https:\\\/\\\/biancamachado.com.br\\\/blog\\\/semana-intensa-essa-3-canais-de-tv-e-uma-reportagem-de-paginainteira-na-folha-de-sao-paulo\\\/#primaryimage\"},\"thumbnailUrl\":\"https:\\\/\\\/i0.wp.com\\\/biancamachado.com.br\\\/blog\\\/wp-content\\\/uploads\\\/2011\\\/10\\\/Screenshot_528.png?fit=306%2C220&ssl=1\",\"datePublished\":\"2011-10-26T13:53:00+00:00\",\"dateModified\":\"2021-02-18T04:04:32+00:00\",\"breadcrumb\":{\"@id\":\"https:\\\/\\\/biancamachado.com.br\\\/blog\\\/semana-intensa-essa-3-canais-de-tv-e-uma-reportagem-de-paginainteira-na-folha-de-sao-paulo\\\/#breadcrumb\"},\"inLanguage\":\"pt-BR\",\"potentialAction\":[{\"@type\":\"ReadAction\",\"target\":[\"https:\\\/\\\/biancamachado.com.br\\\/blog\\\/semana-intensa-essa-3-canais-de-tv-e-uma-reportagem-de-paginainteira-na-folha-de-sao-paulo\\\/\"]}]},{\"@type\":\"ImageObject\",\"inLanguage\":\"pt-BR\",\"@id\":\"https:\\\/\\\/biancamachado.com.br\\\/blog\\\/semana-intensa-essa-3-canais-de-tv-e-uma-reportagem-de-paginainteira-na-folha-de-sao-paulo\\\/#primaryimage\",\"url\":\"https:\\\/\\\/i0.wp.com\\\/biancamachado.com.br\\\/blog\\\/wp-content\\\/uploads\\\/2011\\\/10\\\/Screenshot_528.png?fit=306%2C220&ssl=1\",\"contentUrl\":\"https:\\\/\\\/i0.wp.com\\\/biancamachado.com.br\\\/blog\\\/wp-content\\\/uploads\\\/2011\\\/10\\\/Screenshot_528.png?fit=306%2C220&ssl=1\",\"width\":306,\"height\":220,\"caption\":\"Semana intensa essa !!! 3 canais de TV e uma reportagem de p\u00e1ginainteira na Folha de S\u00e3o Paulo\"},{\"@type\":\"BreadcrumbList\",\"@id\":\"https:\\\/\\\/biancamachado.com.br\\\/blog\\\/semana-intensa-essa-3-canais-de-tv-e-uma-reportagem-de-paginainteira-na-folha-de-sao-paulo\\\/#breadcrumb\",\"itemListElement\":[{\"@type\":\"ListItem\",\"position\":1,\"name\":\"In\u00edcio\",\"item\":\"https:\\\/\\\/biancamachado.com.br\\\/blog\\\/\"},{\"@type\":\"ListItem\",\"position\":2,\"name\":\"Semana intensa essa !!! 3 canais de TV e uma reportagem de p\u00e1ginainteira na Folha de S\u00e3o Paulo\"}]},{\"@type\":\"WebSite\",\"@id\":\"https:\\\/\\\/biancamachado.com.br\\\/blog\\\/#website\",\"url\":\"https:\\\/\\\/biancamachado.com.br\\\/blog\\\/\",\"name\":\"STUDIO BIANCA MACHADO\",\"description\":\"Estudio Fotografico, Ensaios e Books de foto profissional\",\"publisher\":{\"@id\":\"https:\\\/\\\/biancamachado.com.br\\\/blog\\\/#organization\"},\"potentialAction\":[{\"@type\":\"SearchAction\",\"target\":{\"@type\":\"EntryPoint\",\"urlTemplate\":\"https:\\\/\\\/biancamachado.com.br\\\/blog\\\/?s={search_term_string}\"},\"query-input\":{\"@type\":\"PropertyValueSpecification\",\"valueRequired\":true,\"valueName\":\"search_term_string\"}}],\"inLanguage\":\"pt-BR\"},{\"@type\":\"Organization\",\"@id\":\"https:\\\/\\\/biancamachado.com.br\\\/blog\\\/#organization\",\"name\":\"STUDIO BIANCA MACHADO\",\"url\":\"https:\\\/\\\/biancamachado.com.br\\\/blog\\\/\",\"logo\":{\"@type\":\"ImageObject\",\"inLanguage\":\"pt-BR\",\"@id\":\"https:\\\/\\\/biancamachado.com.br\\\/blog\\\/#\\\/schema\\\/logo\\\/image\\\/\",\"url\":\"https:\\\/\\\/i0.wp.com\\\/biancamachado.com.br\\\/blog\\\/wp-content\\\/uploads\\\/2021\\\/02\\\/cropped-logo-ml.jpg?fit=278%2C100&ssl=1\",\"contentUrl\":\"https:\\\/\\\/i0.wp.com\\\/biancamachado.com.br\\\/blog\\\/wp-content\\\/uploads\\\/2021\\\/02\\\/cropped-logo-ml.jpg?fit=278%2C100&ssl=1\",\"width\":278,\"height\":100,\"caption\":\"STUDIO BIANCA MACHADO\"},\"image\":{\"@id\":\"https:\\\/\\\/biancamachado.com.br\\\/blog\\\/#\\\/schema\\\/logo\\\/image\\\/\"},\"sameAs\":[\"https:\\\/\\\/www.facebook.com\\\/Studiobiancamachado\\\/\",\"https:\\\/\\\/www.instagram.com\\\/Studiobiancamachado\\\/\"]},{\"@type\":\"Person\",\"@id\":\"https:\\\/\\\/biancamachado.com.br\\\/blog\\\/#\\\/schema\\\/person\\\/990263800ec5e9bdbbf092a2353550a1\",\"name\":\"biancamachado\",\"image\":{\"@type\":\"ImageObject\",\"inLanguage\":\"pt-BR\",\"@id\":\"https:\\\/\\\/secure.gravatar.com\\\/avatar\\\/62b1a50f2632dbc2e279c3eb55aa46cc324c969cff16a69c59756d155316542c?s=96&d=mm&r=g\",\"url\":\"https:\\\/\\\/secure.gravatar.com\\\/avatar\\\/62b1a50f2632dbc2e279c3eb55aa46cc324c969cff16a69c59756d155316542c?s=96&d=mm&r=g\",\"contentUrl\":\"https:\\\/\\\/secure.gravatar.com\\\/avatar\\\/62b1a50f2632dbc2e279c3eb55aa46cc324c969cff16a69c59756d155316542c?s=96&d=mm&r=g\",\"caption\":\"biancamachado\"},\"sameAs\":[\"https:\\\/\\\/biancamachado.com.br\\\/blog\"],\"url\":\"https:\\\/\\\/biancamachado.com.br\\\/blog\\\/author\\\/biancamachado\\\/\"}]}<\/script>\n<!-- \/ Yoast SEO plugin. -->","yoast_head_json":{"title":"Semana intensa essa !!! 3 canais de TV e uma reportagem de p\u00e1ginainteira na Folha de S\u00e3o Paulo - STUDIO BIANCA MACHADO","robots":{"index":"index","follow":"follow","max-snippet":"max-snippet:-1","max-image-preview":"max-image-preview:large","max-video-preview":"max-video-preview:-1"},"canonical":"https:\/\/biancamachado.com.br\/blog\/semana-intensa-essa-3-canais-de-tv-e-uma-reportagem-de-paginainteira-na-folha-de-sao-paulo\/","og_locale":"pt_BR","og_type":"article","og_title":"Semana intensa essa !!! 3 canais de TV e uma reportagem de p\u00e1ginainteira na Folha de S\u00e3o Paulo - STUDIO BIANCA MACHADO","og_description":"De novo? Sim !!! Reportagem","og_url":"https:\/\/biancamachado.com.br\/blog\/semana-intensa-essa-3-canais-de-tv-e-uma-reportagem-de-paginainteira-na-folha-de-sao-paulo\/","og_site_name":"STUDIO BIANCA MACHADO","article_publisher":"https:\/\/www.facebook.com\/Studiobiancamachado\/","article_published_time":"2011-10-26T13:53:00+00:00","article_modified_time":"2021-02-18T04:04:32+00:00","og_image":[{"width":306,"height":220,"url":"https:\/\/i0.wp.com\/biancamachado.com.br\/blog\/wp-content\/uploads\/2011\/10\/Screenshot_528.png?fit=306%2C220&ssl=1","type":"image\/png"}],"author":"biancamachado","twitter_card":"summary_large_image","twitter_misc":{"Escrito por":"biancamachado","Est. tempo de leitura":"1 minuto"},"schema":{"@context":"https:\/\/schema.org","@graph":[{"@type":"Article","@id":"https:\/\/biancamachado.com.br\/blog\/semana-intensa-essa-3-canais-de-tv-e-uma-reportagem-de-paginainteira-na-folha-de-sao-paulo\/#article","isPartOf":{"@id":"https:\/\/biancamachado.com.br\/blog\/semana-intensa-essa-3-canais-de-tv-e-uma-reportagem-de-paginainteira-na-folha-de-sao-paulo\/"},"author":{"name":"biancamachado","@id":"https:\/\/biancamachado.com.br\/blog\/#\/schema\/person\/990263800ec5e9bdbbf092a2353550a1"},"headline":"Semana intensa essa !!! 3 canais de TV e uma reportagem de p\u00e1ginainteira na Folha de S\u00e3o Paulo","datePublished":"2011-10-26T13:53:00+00:00","dateModified":"2021-02-18T04:04:32+00:00","mainEntityOfPage":{"@id":"https:\/\/biancamachado.com.br\/blog\/semana-intensa-essa-3-canais-de-tv-e-uma-reportagem-de-paginainteira-na-folha-de-sao-paulo\/"},"wordCount":125,"commentCount":0,"publisher":{"@id":"https:\/\/biancamachado.com.br\/blog\/#organization"},"image":{"@id":"https:\/\/biancamachado.com.br\/blog\/semana-intensa-essa-3-canais-de-tv-e-uma-reportagem-de-paginainteira-na-folha-de-sao-paulo\/#primaryimage"},"thumbnailUrl":"https:\/\/i0.wp.com\/biancamachado.com.br\/blog\/wp-content\/uploads\/2011\/10\/Screenshot_528.png?fit=306%2C220&ssl=1","keywords":["reportagens do estudio fotografico bianca machado"],"articleSection":["M\u00eddia","Studio Bianca Machado"],"inLanguage":"pt-BR","potentialAction":[{"@type":"CommentAction","name":"Comment","target":["https:\/\/biancamachado.com.br\/blog\/semana-intensa-essa-3-canais-de-tv-e-uma-reportagem-de-paginainteira-na-folha-de-sao-paulo\/#respond"]}]},{"@type":"WebPage","@id":"https:\/\/biancamachado.com.br\/blog\/semana-intensa-essa-3-canais-de-tv-e-uma-reportagem-de-paginainteira-na-folha-de-sao-paulo\/","url":"https:\/\/biancamachado.com.br\/blog\/semana-intensa-essa-3-canais-de-tv-e-uma-reportagem-de-paginainteira-na-folha-de-sao-paulo\/","name":"Semana intensa essa !!! 3 canais de TV e uma reportagem de p\u00e1ginainteira na Folha de S\u00e3o Paulo - STUDIO BIANCA MACHADO","isPartOf":{"@id":"https:\/\/biancamachado.com.br\/blog\/#website"},"primaryImageOfPage":{"@id":"https:\/\/biancamachado.com.br\/blog\/semana-intensa-essa-3-canais-de-tv-e-uma-reportagem-de-paginainteira-na-folha-de-sao-paulo\/#primaryimage"},"image":{"@id":"https:\/\/biancamachado.com.br\/blog\/semana-intensa-essa-3-canais-de-tv-e-uma-reportagem-de-paginainteira-na-folha-de-sao-paulo\/#primaryimage"},"thumbnailUrl":"https:\/\/i0.wp.com\/biancamachado.com.br\/blog\/wp-content\/uploads\/2011\/10\/Screenshot_528.png?fit=306%2C220&ssl=1","datePublished":"2011-10-26T13:53:00+00:00","dateModified":"2021-02-18T04:04:32+00:00","breadcrumb":{"@id":"https:\/\/biancamachado.com.br\/blog\/semana-intensa-essa-3-canais-de-tv-e-uma-reportagem-de-paginainteira-na-folha-de-sao-paulo\/#breadcrumb"},"inLanguage":"pt-BR","potentialAction":[{"@type":"ReadAction","target":["https:\/\/biancamachado.com.br\/blog\/semana-intensa-essa-3-canais-de-tv-e-uma-reportagem-de-paginainteira-na-folha-de-sao-paulo\/"]}]},{"@type":"ImageObject","inLanguage":"pt-BR","@id":"https:\/\/biancamachado.com.br\/blog\/semana-intensa-essa-3-canais-de-tv-e-uma-reportagem-de-paginainteira-na-folha-de-sao-paulo\/#primaryimage","url":"https:\/\/i0.wp.com\/biancamachado.com.br\/blog\/wp-content\/uploads\/2011\/10\/Screenshot_528.png?fit=306%2C220&ssl=1","contentUrl":"https:\/\/i0.wp.com\/biancamachado.com.br\/blog\/wp-content\/uploads\/2011\/10\/Screenshot_528.png?fit=306%2C220&ssl=1","width":306,"height":220,"caption":"Semana intensa essa !!! 3 canais de TV e uma reportagem de p\u00e1ginainteira na Folha de S\u00e3o Paulo"},{"@type":"BreadcrumbList","@id":"https:\/\/biancamachado.com.br\/blog\/semana-intensa-essa-3-canais-de-tv-e-uma-reportagem-de-paginainteira-na-folha-de-sao-paulo\/#breadcrumb","itemListElement":[{"@type":"ListItem","position":1,"name":"In\u00edcio","item":"https:\/\/biancamachado.com.br\/blog\/"},{"@type":"ListItem","position":2,"name":"Semana intensa essa !!! 3 canais de TV e uma reportagem de p\u00e1ginainteira na Folha de S\u00e3o Paulo"}]},{"@type":"WebSite","@id":"https:\/\/biancamachado.com.br\/blog\/#website","url":"https:\/\/biancamachado.com.br\/blog\/","name":"STUDIO BIANCA MACHADO","description":"Estudio Fotografico, Ensaios e Books de foto profissional","publisher":{"@id":"https:\/\/biancamachado.com.br\/blog\/#organization"},"potentialAction":[{"@type":"SearchAction","target":{"@type":"EntryPoint","urlTemplate":"https:\/\/biancamachado.com.br\/blog\/?s={search_term_string}"},"query-input":{"@type":"PropertyValueSpecification","valueRequired":true,"valueName":"search_term_string"}}],"inLanguage":"pt-BR"},{"@type":"Organization","@id":"https:\/\/biancamachado.com.br\/blog\/#organization","name":"STUDIO BIANCA MACHADO","url":"https:\/\/biancamachado.com.br\/blog\/","logo":{"@type":"ImageObject","inLanguage":"pt-BR","@id":"https:\/\/biancamachado.com.br\/blog\/#\/schema\/logo\/image\/","url":"https:\/\/i0.wp.com\/biancamachado.com.br\/blog\/wp-content\/uploads\/2021\/02\/cropped-logo-ml.jpg?fit=278%2C100&ssl=1","contentUrl":"https:\/\/i0.wp.com\/biancamachado.com.br\/blog\/wp-content\/uploads\/2021\/02\/cropped-logo-ml.jpg?fit=278%2C100&ssl=1","width":278,"height":100,"caption":"STUDIO BIANCA MACHADO"},"image":{"@id":"https:\/\/biancamachado.com.br\/blog\/#\/schema\/logo\/image\/"},"sameAs":["https:\/\/www.facebook.com\/Studiobiancamachado\/","https:\/\/www.instagram.com\/Studiobiancamachado\/"]},{"@type":"Person","@id":"https:\/\/biancamachado.com.br\/blog\/#\/schema\/person\/990263800ec5e9bdbbf092a2353550a1","name":"biancamachado","image":{"@type":"ImageObject","inLanguage":"pt-BR","@id":"https:\/\/secure.gravatar.com\/avatar\/62b1a50f2632dbc2e279c3eb55aa46cc324c969cff16a69c59756d155316542c?s=96&d=mm&r=g","url":"https:\/\/secure.gravatar.com\/avatar\/62b1a50f2632dbc2e279c3eb55aa46cc324c969cff16a69c59756d155316542c?s=96&d=mm&r=g","contentUrl":"https:\/\/secure.gravatar.com\/avatar\/62b1a50f2632dbc2e279c3eb55aa46cc324c969cff16a69c59756d155316542c?s=96&d=mm&r=g","caption":"biancamachado"},"sameAs":["https:\/\/biancamachado.com.br\/blog"],"url":"https:\/\/biancamachado.com.br\/blog\/author\/biancamachado\/"}]}},"jetpack_featured_media_url":"https:\/\/i0.wp.com\/biancamachado.com.br\/blog\/wp-content\/uploads\/2011\/10\/Screenshot_528.png?fit=306%2C220&ssl=1","jetpack-related-posts":[],"jetpack_sharing_enabled":true,"_links":{"self":[{"href":"https:\/\/biancamachado.com.br\/blog\/wp-json\/wp\/v2\/posts\/578","targetHints":{"allow":["GET"]}}],"collection":[{"href":"https:\/\/biancamachado.com.br\/blog\/wp-json\/wp\/v2\/posts"}],"about":[{"href":"https:\/\/biancamachado.com.br\/blog\/wp-json\/wp\/v2\/types\/post"}],"author":[{"embeddable":true,"href":"https:\/\/biancamachado.com.br\/blog\/wp-json\/wp\/v2\/users\/1"}],"replies":[{"embeddable":true,"href":"https:\/\/biancamachado.com.br\/blog\/wp-json\/wp\/v2\/comments?post=578"}],"version-history":[{"count":1,"href":"https:\/\/biancamachado.com.br\/blog\/wp-json\/wp\/v2\/posts\/578\/revisions"}],"predecessor-version":[{"id":1828,"href":"https:\/\/biancamachado.com.br\/blog\/wp-json\/wp\/v2\/posts\/578\/revisions\/1828"}],"wp:featuredmedia":[{"embeddable":true,"href":"https:\/\/biancamachado.com.br\/blog\/wp-json\/wp\/v2\/media\/1412"}],"wp:attachment":[{"href":"https:\/\/biancamachado.com.br\/blog\/wp-json\/wp\/v2\/media?parent=578"}],"wp:term":[{"taxonomy":"category","embeddable":true,"href":"https:\/\/biancamachado.com.br\/blog\/wp-json\/wp\/v2\/categories?post=578"},{"taxonomy":"post_tag","embeddable":true,"href":"https:\/\/biancamachado.com.br\/blog\/wp-json\/wp\/v2\/tags?post=578"}],"curies":[{"name":"wp","href":"https:\/\/api.w.org\/{rel}","templated":true}]}}