{"id":573,"date":"2011-11-10T16:48:00","date_gmt":"2011-11-10T18:48:00","guid":{"rendered":"https:\/\/biancamachado.com.br\/blog\/?p=573"},"modified":"2011-11-10T16:48:00","modified_gmt":"2011-11-10T18:48:00","slug":"canon-eos-c300-camera-de-video-com-lente-intercambiavel-e-anunciada","status":"publish","type":"post","link":"https:\/\/biancamachado.com.br\/blog\/canon-eos-c300-camera-de-video-com-lente-intercambiavel-e-anunciada\/","title":{"rendered":"Canon EOS C300: c\u00e2mera de v\u00eddeo com lente intercambi\u00e1vel \u00e9 anunciada"},"content":{"rendered":"<p>A Canon apresenta a<b> EOS C300<\/b>,<b>&nbsp;<\/b>c\u00e2mera   com lentes intercambi\u00e1veis, que combina alto desempenho, mobilidade e   capacidade de expans\u00e3o. Empresa lan\u00e7ou modelo EOS C300, compat\u00edvel com   lentes EF, e EOS C300 PL, que aceita lentes PL&nbsp;da marca.<\/p>\n<div style=\"clear: both; text-align: center;\"><a href=\"https:\/\/i0.wp.com\/3.bp.blogspot.com\/-Xqdo8c9oQ9k\/TrwqYjriY3I\/AAAAAAAAAvc\/STBGo9JULsA\/s1600\/c300.jpg\" style=\"margin-left: 1em; margin-right: 1em;\"><img data-recalc-dims=\"1\" loading=\"lazy\" decoding=\"async\" border=\"0\" height=\"200\" src=\"https:\/\/i0.wp.com\/3.bp.blogspot.com\/-Xqdo8c9oQ9k\/TrwqYjriY3I\/AAAAAAAAAvc\/STBGo9JULsA\/s320\/c300.jpg?resize=320%2C200&#038;ssl=1\" width=\"320\" \/><\/a><\/div>\n<p>A c\u00e2mera possui a mais recente tecnologia para modelos de 35 mm da empresa e seu sensor CMOS \u00e9 de 8,29 megapixels. A <b>EOS C300 <\/b>est\u00e1 dispon\u00edvel em dois modelos: a <b>C300 Digital Cinema Camera<\/b>, equipada com uma lente EF, e compat\u00edvel com a atual linha de lentes intercambi\u00e1veis da Canon nos padr\u00f5es SLR e EF Cinema, e a <b>C300 PL Digital Cinema Camera<\/b>, compat\u00edvel com as lentes no padr\u00e3o PL, espec\u00edficas para o cinema.<\/p>\n<p>O   sensor \u00e9 capaz de gravar v\u00eddeos em Full HD (1920 x 1080 pixels) em  cada  uma das suas cores prim\u00e1rias (RGB), diminuindo a incid\u00eancia do  efeito  moir\u00e9 durante a capta\u00e7\u00e3o de imagens com 1000 linhas de resolu\u00e7\u00e3o   horizontal.<br \/>Al\u00e9m  disso,&nbsp;reduz a distor\u00e7\u00e3o de objetos em  movimento durante a capta\u00e7\u00e3o de  v\u00eddeos, e combinado com o processador  de imagem DIGIC DV da pr\u00f3pria  Canon, simplifica o processamento de  imagens.<\/p>\n<p>A  c\u00e2mera pode captar v\u00eddeos no formato MPEG-2, e  para grava\u00e7\u00e3o de \u00e1udio,  adota o padr\u00e3o MXF (Material eXchange Format),  que um formato open  source, perfeito para ser utilizado nos sistemas  de edi\u00e7\u00e3o n\u00e3o linear. O  novo modelo mede apenas 5,2 x 7,0 x 6,7  polegadas, ou seja, \u00e9 compacta o  suficiente para filmar a partir de  pontos de vista que s\u00e3o inacess\u00edveis  para a maioria das c\u00e2meras de  grande porte.<\/p>\n<p>As novas c\u00e2meras <b>Canon EOS C300<\/b>,   nas vers\u00f5es EF e PL contam com previs\u00e3o de chegada ao mercado para os   meses de janeiro e mar\u00e7o de 2012, respectivamente, com pre\u00e7os sugeridos   de US$ 20.000.<\/p>\n<p>Visite tamb\u00e9m nosso site:&nbsp;<a href=\"http:\/\/www.biancamachado.com.br\/\">www.biancamachado.com.br<\/a><br \/>(11) 97107-1018<\/p>\nVisite tamb\u00e9m nosso site: www.biancamachado.com.br\r\n(11) 97107-1018\r\n\r\nAtendemos as regi\u00f5es de S\u00e3o Paulo, Sorocaba, Ibi\u00fana, Piedade, Votorantim, Cotia, Itupeva, Jundia\u00ed, It\u00fa e Campinas","protected":false},"excerpt":{"rendered":"<p>A Canon apresenta a EOS<\/p>\n","protected":false},"author":1,"featured_media":1408,"comment_status":"open","ping_status":"open","sticky":false,"template":"","format":"standard","meta":{"_monsterinsights_skip_tracking":false,"_monsterinsights_sitenote_active":false,"_monsterinsights_sitenote_note":"","_monsterinsights_sitenote_category":0,"jetpack_post_was_ever_published":false,"_jetpack_newsletter_access":"","_jetpack_dont_email_post_to_subs":false,"_jetpack_newsletter_tier_id":0,"_jetpack_memberships_contains_paywalled_content":false,"_jetpack_memberships_contains_paid_content":false,"_joinchat":[],"footnotes":""},"categories":[1],"tags":[],"class_list":["post-573","post","type-post","status-publish","format-standard","has-post-thumbnail","hentry","category-studio-bianca-machado"],"yoast_head":"<!-- This site is optimized with the Yoast SEO plugin v27.4 - https:\/\/yoast.com\/product\/yoast-seo-wordpress\/ -->\n<title>Canon EOS C300: c\u00e2mera de v\u00eddeo com lente intercambi\u00e1vel \u00e9 anunciada - STUDIO BIANCA MACHADO<\/title>\n<meta name=\"robots\" content=\"index, follow, max-snippet:-1, max-image-preview:large, max-video-preview:-1\" \/>\n<link rel=\"canonical\" href=\"https:\/\/biancamachado.com.br\/blog\/canon-eos-c300-camera-de-video-com-lente-intercambiavel-e-anunciada\/\" \/>\n<meta property=\"og:locale\" content=\"pt_BR\" \/>\n<meta property=\"og:type\" content=\"article\" \/>\n<meta property=\"og:title\" content=\"Canon EOS C300: c\u00e2mera de v\u00eddeo com lente intercambi\u00e1vel \u00e9 anunciada - STUDIO BIANCA MACHADO\" \/>\n<meta property=\"og:description\" content=\"A Canon apresenta a EOS\" \/>\n<meta property=\"og:url\" content=\"https:\/\/biancamachado.com.br\/blog\/canon-eos-c300-camera-de-video-com-lente-intercambiavel-e-anunciada\/\" \/>\n<meta property=\"og:site_name\" content=\"STUDIO BIANCA MACHADO\" \/>\n<meta property=\"article:publisher\" content=\"https:\/\/www.facebook.com\/Studiobiancamachado\/\" \/>\n<meta property=\"article:published_time\" content=\"2011-11-10T18:48:00+00:00\" \/>\n<meta property=\"og:image\" content=\"https:\/\/i0.wp.com\/biancamachado.com.br\/blog\/wp-content\/uploads\/2011\/11\/Screenshot_524.png?fit=331%2C221&ssl=1\" \/>\n\t<meta property=\"og:image:width\" content=\"331\" \/>\n\t<meta property=\"og:image:height\" content=\"221\" \/>\n\t<meta property=\"og:image:type\" content=\"image\/png\" \/>\n<meta name=\"author\" content=\"biancamachado\" \/>\n<meta name=\"twitter:card\" content=\"summary_large_image\" \/>\n<meta name=\"twitter:label1\" content=\"Escrito por\" \/>\n\t<meta name=\"twitter:data1\" content=\"biancamachado\" \/>\n\t<meta name=\"twitter:label2\" content=\"Est. tempo de leitura\" \/>\n\t<meta name=\"twitter:data2\" content=\"2 minutos\" \/>\n<script type=\"application\/ld+json\" class=\"yoast-schema-graph\">{\"@context\":\"https:\\\/\\\/schema.org\",\"@graph\":[{\"@type\":\"Article\",\"@id\":\"https:\\\/\\\/biancamachado.com.br\\\/blog\\\/canon-eos-c300-camera-de-video-com-lente-intercambiavel-e-anunciada\\\/#article\",\"isPartOf\":{\"@id\":\"https:\\\/\\\/biancamachado.com.br\\\/blog\\\/canon-eos-c300-camera-de-video-com-lente-intercambiavel-e-anunciada\\\/\"},\"author\":{\"name\":\"biancamachado\",\"@id\":\"https:\\\/\\\/biancamachado.com.br\\\/blog\\\/#\\\/schema\\\/person\\\/990263800ec5e9bdbbf092a2353550a1\"},\"headline\":\"Canon EOS C300: c\u00e2mera de v\u00eddeo com lente intercambi\u00e1vel \u00e9 anunciada\",\"datePublished\":\"2011-11-10T18:48:00+00:00\",\"mainEntityOfPage\":{\"@id\":\"https:\\\/\\\/biancamachado.com.br\\\/blog\\\/canon-eos-c300-camera-de-video-com-lente-intercambiavel-e-anunciada\\\/\"},\"wordCount\":339,\"commentCount\":0,\"publisher\":{\"@id\":\"https:\\\/\\\/biancamachado.com.br\\\/blog\\\/#organization\"},\"image\":{\"@id\":\"https:\\\/\\\/biancamachado.com.br\\\/blog\\\/canon-eos-c300-camera-de-video-com-lente-intercambiavel-e-anunciada\\\/#primaryimage\"},\"thumbnailUrl\":\"https:\\\/\\\/i0.wp.com\\\/biancamachado.com.br\\\/blog\\\/wp-content\\\/uploads\\\/2011\\\/11\\\/Screenshot_524.png?fit=331%2C221&ssl=1\",\"articleSection\":[\"Studio Bianca Machado\"],\"inLanguage\":\"pt-BR\",\"potentialAction\":[{\"@type\":\"CommentAction\",\"name\":\"Comment\",\"target\":[\"https:\\\/\\\/biancamachado.com.br\\\/blog\\\/canon-eos-c300-camera-de-video-com-lente-intercambiavel-e-anunciada\\\/#respond\"]}]},{\"@type\":\"WebPage\",\"@id\":\"https:\\\/\\\/biancamachado.com.br\\\/blog\\\/canon-eos-c300-camera-de-video-com-lente-intercambiavel-e-anunciada\\\/\",\"url\":\"https:\\\/\\\/biancamachado.com.br\\\/blog\\\/canon-eos-c300-camera-de-video-com-lente-intercambiavel-e-anunciada\\\/\",\"name\":\"Canon EOS C300: c\u00e2mera de v\u00eddeo com lente intercambi\u00e1vel \u00e9 anunciada - STUDIO BIANCA MACHADO\",\"isPartOf\":{\"@id\":\"https:\\\/\\\/biancamachado.com.br\\\/blog\\\/#website\"},\"primaryImageOfPage\":{\"@id\":\"https:\\\/\\\/biancamachado.com.br\\\/blog\\\/canon-eos-c300-camera-de-video-com-lente-intercambiavel-e-anunciada\\\/#primaryimage\"},\"image\":{\"@id\":\"https:\\\/\\\/biancamachado.com.br\\\/blog\\\/canon-eos-c300-camera-de-video-com-lente-intercambiavel-e-anunciada\\\/#primaryimage\"},\"thumbnailUrl\":\"https:\\\/\\\/i0.wp.com\\\/biancamachado.com.br\\\/blog\\\/wp-content\\\/uploads\\\/2011\\\/11\\\/Screenshot_524.png?fit=331%2C221&ssl=1\",\"datePublished\":\"2011-11-10T18:48:00+00:00\",\"breadcrumb\":{\"@id\":\"https:\\\/\\\/biancamachado.com.br\\\/blog\\\/canon-eos-c300-camera-de-video-com-lente-intercambiavel-e-anunciada\\\/#breadcrumb\"},\"inLanguage\":\"pt-BR\",\"potentialAction\":[{\"@type\":\"ReadAction\",\"target\":[\"https:\\\/\\\/biancamachado.com.br\\\/blog\\\/canon-eos-c300-camera-de-video-com-lente-intercambiavel-e-anunciada\\\/\"]}]},{\"@type\":\"ImageObject\",\"inLanguage\":\"pt-BR\",\"@id\":\"https:\\\/\\\/biancamachado.com.br\\\/blog\\\/canon-eos-c300-camera-de-video-com-lente-intercambiavel-e-anunciada\\\/#primaryimage\",\"url\":\"https:\\\/\\\/i0.wp.com\\\/biancamachado.com.br\\\/blog\\\/wp-content\\\/uploads\\\/2011\\\/11\\\/Screenshot_524.png?fit=331%2C221&ssl=1\",\"contentUrl\":\"https:\\\/\\\/i0.wp.com\\\/biancamachado.com.br\\\/blog\\\/wp-content\\\/uploads\\\/2011\\\/11\\\/Screenshot_524.png?fit=331%2C221&ssl=1\",\"width\":331,\"height\":221,\"caption\":\"Canon EOS C300: c\u00e2mera de v\u00eddeo com lente intercambi\u00e1vel \u00e9 anunciada\"},{\"@type\":\"BreadcrumbList\",\"@id\":\"https:\\\/\\\/biancamachado.com.br\\\/blog\\\/canon-eos-c300-camera-de-video-com-lente-intercambiavel-e-anunciada\\\/#breadcrumb\",\"itemListElement\":[{\"@type\":\"ListItem\",\"position\":1,\"name\":\"In\u00edcio\",\"item\":\"https:\\\/\\\/biancamachado.com.br\\\/blog\\\/\"},{\"@type\":\"ListItem\",\"position\":2,\"name\":\"Canon EOS C300: c\u00e2mera de v\u00eddeo com lente intercambi\u00e1vel \u00e9 anunciada\"}]},{\"@type\":\"WebSite\",\"@id\":\"https:\\\/\\\/biancamachado.com.br\\\/blog\\\/#website\",\"url\":\"https:\\\/\\\/biancamachado.com.br\\\/blog\\\/\",\"name\":\"STUDIO BIANCA MACHADO\",\"description\":\"Estudio Fotografico, Ensaios e Books de foto profissional\",\"publisher\":{\"@id\":\"https:\\\/\\\/biancamachado.com.br\\\/blog\\\/#organization\"},\"potentialAction\":[{\"@type\":\"SearchAction\",\"target\":{\"@type\":\"EntryPoint\",\"urlTemplate\":\"https:\\\/\\\/biancamachado.com.br\\\/blog\\\/?s={search_term_string}\"},\"query-input\":{\"@type\":\"PropertyValueSpecification\",\"valueRequired\":true,\"valueName\":\"search_term_string\"}}],\"inLanguage\":\"pt-BR\"},{\"@type\":\"Organization\",\"@id\":\"https:\\\/\\\/biancamachado.com.br\\\/blog\\\/#organization\",\"name\":\"STUDIO BIANCA MACHADO\",\"url\":\"https:\\\/\\\/biancamachado.com.br\\\/blog\\\/\",\"logo\":{\"@type\":\"ImageObject\",\"inLanguage\":\"pt-BR\",\"@id\":\"https:\\\/\\\/biancamachado.com.br\\\/blog\\\/#\\\/schema\\\/logo\\\/image\\\/\",\"url\":\"https:\\\/\\\/i0.wp.com\\\/biancamachado.com.br\\\/blog\\\/wp-content\\\/uploads\\\/2021\\\/02\\\/cropped-logo-ml.jpg?fit=278%2C100&ssl=1\",\"contentUrl\":\"https:\\\/\\\/i0.wp.com\\\/biancamachado.com.br\\\/blog\\\/wp-content\\\/uploads\\\/2021\\\/02\\\/cropped-logo-ml.jpg?fit=278%2C100&ssl=1\",\"width\":278,\"height\":100,\"caption\":\"STUDIO BIANCA MACHADO\"},\"image\":{\"@id\":\"https:\\\/\\\/biancamachado.com.br\\\/blog\\\/#\\\/schema\\\/logo\\\/image\\\/\"},\"sameAs\":[\"https:\\\/\\\/www.facebook.com\\\/Studiobiancamachado\\\/\",\"https:\\\/\\\/www.instagram.com\\\/Studiobiancamachado\\\/\"]},{\"@type\":\"Person\",\"@id\":\"https:\\\/\\\/biancamachado.com.br\\\/blog\\\/#\\\/schema\\\/person\\\/990263800ec5e9bdbbf092a2353550a1\",\"name\":\"biancamachado\",\"image\":{\"@type\":\"ImageObject\",\"inLanguage\":\"pt-BR\",\"@id\":\"https:\\\/\\\/secure.gravatar.com\\\/avatar\\\/62b1a50f2632dbc2e279c3eb55aa46cc324c969cff16a69c59756d155316542c?s=96&d=mm&r=g\",\"url\":\"https:\\\/\\\/secure.gravatar.com\\\/avatar\\\/62b1a50f2632dbc2e279c3eb55aa46cc324c969cff16a69c59756d155316542c?s=96&d=mm&r=g\",\"contentUrl\":\"https:\\\/\\\/secure.gravatar.com\\\/avatar\\\/62b1a50f2632dbc2e279c3eb55aa46cc324c969cff16a69c59756d155316542c?s=96&d=mm&r=g\",\"caption\":\"biancamachado\"},\"sameAs\":[\"https:\\\/\\\/biancamachado.com.br\\\/blog\"],\"url\":\"https:\\\/\\\/biancamachado.com.br\\\/blog\\\/author\\\/biancamachado\\\/\"}]}<\/script>\n<!-- \/ Yoast SEO plugin. -->","yoast_head_json":{"title":"Canon EOS C300: c\u00e2mera de v\u00eddeo com lente intercambi\u00e1vel \u00e9 anunciada - STUDIO BIANCA MACHADO","robots":{"index":"index","follow":"follow","max-snippet":"max-snippet:-1","max-image-preview":"max-image-preview:large","max-video-preview":"max-video-preview:-1"},"canonical":"https:\/\/biancamachado.com.br\/blog\/canon-eos-c300-camera-de-video-com-lente-intercambiavel-e-anunciada\/","og_locale":"pt_BR","og_type":"article","og_title":"Canon EOS C300: c\u00e2mera de v\u00eddeo com lente intercambi\u00e1vel \u00e9 anunciada - STUDIO BIANCA MACHADO","og_description":"A Canon apresenta a EOS","og_url":"https:\/\/biancamachado.com.br\/blog\/canon-eos-c300-camera-de-video-com-lente-intercambiavel-e-anunciada\/","og_site_name":"STUDIO BIANCA MACHADO","article_publisher":"https:\/\/www.facebook.com\/Studiobiancamachado\/","article_published_time":"2011-11-10T18:48:00+00:00","og_image":[{"width":331,"height":221,"url":"https:\/\/i0.wp.com\/biancamachado.com.br\/blog\/wp-content\/uploads\/2011\/11\/Screenshot_524.png?fit=331%2C221&ssl=1","type":"image\/png"}],"author":"biancamachado","twitter_card":"summary_large_image","twitter_misc":{"Escrito por":"biancamachado","Est. tempo de leitura":"2 minutos"},"schema":{"@context":"https:\/\/schema.org","@graph":[{"@type":"Article","@id":"https:\/\/biancamachado.com.br\/blog\/canon-eos-c300-camera-de-video-com-lente-intercambiavel-e-anunciada\/#article","isPartOf":{"@id":"https:\/\/biancamachado.com.br\/blog\/canon-eos-c300-camera-de-video-com-lente-intercambiavel-e-anunciada\/"},"author":{"name":"biancamachado","@id":"https:\/\/biancamachado.com.br\/blog\/#\/schema\/person\/990263800ec5e9bdbbf092a2353550a1"},"headline":"Canon EOS C300: c\u00e2mera de v\u00eddeo com lente intercambi\u00e1vel \u00e9 anunciada","datePublished":"2011-11-10T18:48:00+00:00","mainEntityOfPage":{"@id":"https:\/\/biancamachado.com.br\/blog\/canon-eos-c300-camera-de-video-com-lente-intercambiavel-e-anunciada\/"},"wordCount":339,"commentCount":0,"publisher":{"@id":"https:\/\/biancamachado.com.br\/blog\/#organization"},"image":{"@id":"https:\/\/biancamachado.com.br\/blog\/canon-eos-c300-camera-de-video-com-lente-intercambiavel-e-anunciada\/#primaryimage"},"thumbnailUrl":"https:\/\/i0.wp.com\/biancamachado.com.br\/blog\/wp-content\/uploads\/2011\/11\/Screenshot_524.png?fit=331%2C221&ssl=1","articleSection":["Studio Bianca Machado"],"inLanguage":"pt-BR","potentialAction":[{"@type":"CommentAction","name":"Comment","target":["https:\/\/biancamachado.com.br\/blog\/canon-eos-c300-camera-de-video-com-lente-intercambiavel-e-anunciada\/#respond"]}]},{"@type":"WebPage","@id":"https:\/\/biancamachado.com.br\/blog\/canon-eos-c300-camera-de-video-com-lente-intercambiavel-e-anunciada\/","url":"https:\/\/biancamachado.com.br\/blog\/canon-eos-c300-camera-de-video-com-lente-intercambiavel-e-anunciada\/","name":"Canon EOS C300: c\u00e2mera de v\u00eddeo com lente intercambi\u00e1vel \u00e9 anunciada - STUDIO BIANCA MACHADO","isPartOf":{"@id":"https:\/\/biancamachado.com.br\/blog\/#website"},"primaryImageOfPage":{"@id":"https:\/\/biancamachado.com.br\/blog\/canon-eos-c300-camera-de-video-com-lente-intercambiavel-e-anunciada\/#primaryimage"},"image":{"@id":"https:\/\/biancamachado.com.br\/blog\/canon-eos-c300-camera-de-video-com-lente-intercambiavel-e-anunciada\/#primaryimage"},"thumbnailUrl":"https:\/\/i0.wp.com\/biancamachado.com.br\/blog\/wp-content\/uploads\/2011\/11\/Screenshot_524.png?fit=331%2C221&ssl=1","datePublished":"2011-11-10T18:48:00+00:00","breadcrumb":{"@id":"https:\/\/biancamachado.com.br\/blog\/canon-eos-c300-camera-de-video-com-lente-intercambiavel-e-anunciada\/#breadcrumb"},"inLanguage":"pt-BR","potentialAction":[{"@type":"ReadAction","target":["https:\/\/biancamachado.com.br\/blog\/canon-eos-c300-camera-de-video-com-lente-intercambiavel-e-anunciada\/"]}]},{"@type":"ImageObject","inLanguage":"pt-BR","@id":"https:\/\/biancamachado.com.br\/blog\/canon-eos-c300-camera-de-video-com-lente-intercambiavel-e-anunciada\/#primaryimage","url":"https:\/\/i0.wp.com\/biancamachado.com.br\/blog\/wp-content\/uploads\/2011\/11\/Screenshot_524.png?fit=331%2C221&ssl=1","contentUrl":"https:\/\/i0.wp.com\/biancamachado.com.br\/blog\/wp-content\/uploads\/2011\/11\/Screenshot_524.png?fit=331%2C221&ssl=1","width":331,"height":221,"caption":"Canon EOS C300: c\u00e2mera de v\u00eddeo com lente intercambi\u00e1vel \u00e9 anunciada"},{"@type":"BreadcrumbList","@id":"https:\/\/biancamachado.com.br\/blog\/canon-eos-c300-camera-de-video-com-lente-intercambiavel-e-anunciada\/#breadcrumb","itemListElement":[{"@type":"ListItem","position":1,"name":"In\u00edcio","item":"https:\/\/biancamachado.com.br\/blog\/"},{"@type":"ListItem","position":2,"name":"Canon EOS C300: c\u00e2mera de v\u00eddeo com lente intercambi\u00e1vel \u00e9 anunciada"}]},{"@type":"WebSite","@id":"https:\/\/biancamachado.com.br\/blog\/#website","url":"https:\/\/biancamachado.com.br\/blog\/","name":"STUDIO BIANCA MACHADO","description":"Estudio Fotografico, Ensaios e Books de foto profissional","publisher":{"@id":"https:\/\/biancamachado.com.br\/blog\/#organization"},"potentialAction":[{"@type":"SearchAction","target":{"@type":"EntryPoint","urlTemplate":"https:\/\/biancamachado.com.br\/blog\/?s={search_term_string}"},"query-input":{"@type":"PropertyValueSpecification","valueRequired":true,"valueName":"search_term_string"}}],"inLanguage":"pt-BR"},{"@type":"Organization","@id":"https:\/\/biancamachado.com.br\/blog\/#organization","name":"STUDIO BIANCA MACHADO","url":"https:\/\/biancamachado.com.br\/blog\/","logo":{"@type":"ImageObject","inLanguage":"pt-BR","@id":"https:\/\/biancamachado.com.br\/blog\/#\/schema\/logo\/image\/","url":"https:\/\/i0.wp.com\/biancamachado.com.br\/blog\/wp-content\/uploads\/2021\/02\/cropped-logo-ml.jpg?fit=278%2C100&ssl=1","contentUrl":"https:\/\/i0.wp.com\/biancamachado.com.br\/blog\/wp-content\/uploads\/2021\/02\/cropped-logo-ml.jpg?fit=278%2C100&ssl=1","width":278,"height":100,"caption":"STUDIO BIANCA MACHADO"},"image":{"@id":"https:\/\/biancamachado.com.br\/blog\/#\/schema\/logo\/image\/"},"sameAs":["https:\/\/www.facebook.com\/Studiobiancamachado\/","https:\/\/www.instagram.com\/Studiobiancamachado\/"]},{"@type":"Person","@id":"https:\/\/biancamachado.com.br\/blog\/#\/schema\/person\/990263800ec5e9bdbbf092a2353550a1","name":"biancamachado","image":{"@type":"ImageObject","inLanguage":"pt-BR","@id":"https:\/\/secure.gravatar.com\/avatar\/62b1a50f2632dbc2e279c3eb55aa46cc324c969cff16a69c59756d155316542c?s=96&d=mm&r=g","url":"https:\/\/secure.gravatar.com\/avatar\/62b1a50f2632dbc2e279c3eb55aa46cc324c969cff16a69c59756d155316542c?s=96&d=mm&r=g","contentUrl":"https:\/\/secure.gravatar.com\/avatar\/62b1a50f2632dbc2e279c3eb55aa46cc324c969cff16a69c59756d155316542c?s=96&d=mm&r=g","caption":"biancamachado"},"sameAs":["https:\/\/biancamachado.com.br\/blog"],"url":"https:\/\/biancamachado.com.br\/blog\/author\/biancamachado\/"}]}},"jetpack_featured_media_url":"https:\/\/i0.wp.com\/biancamachado.com.br\/blog\/wp-content\/uploads\/2011\/11\/Screenshot_524.png?fit=331%2C221&ssl=1","jetpack-related-posts":[],"jetpack_sharing_enabled":true,"_links":{"self":[{"href":"https:\/\/biancamachado.com.br\/blog\/wp-json\/wp\/v2\/posts\/573","targetHints":{"allow":["GET"]}}],"collection":[{"href":"https:\/\/biancamachado.com.br\/blog\/wp-json\/wp\/v2\/posts"}],"about":[{"href":"https:\/\/biancamachado.com.br\/blog\/wp-json\/wp\/v2\/types\/post"}],"author":[{"embeddable":true,"href":"https:\/\/biancamachado.com.br\/blog\/wp-json\/wp\/v2\/users\/1"}],"replies":[{"embeddable":true,"href":"https:\/\/biancamachado.com.br\/blog\/wp-json\/wp\/v2\/comments?post=573"}],"version-history":[{"count":0,"href":"https:\/\/biancamachado.com.br\/blog\/wp-json\/wp\/v2\/posts\/573\/revisions"}],"wp:featuredmedia":[{"embeddable":true,"href":"https:\/\/biancamachado.com.br\/blog\/wp-json\/wp\/v2\/media\/1408"}],"wp:attachment":[{"href":"https:\/\/biancamachado.com.br\/blog\/wp-json\/wp\/v2\/media?parent=573"}],"wp:term":[{"taxonomy":"category","embeddable":true,"href":"https:\/\/biancamachado.com.br\/blog\/wp-json\/wp\/v2\/categories?post=573"},{"taxonomy":"post_tag","embeddable":true,"href":"https:\/\/biancamachado.com.br\/blog\/wp-json\/wp\/v2\/tags?post=573"}],"curies":[{"name":"wp","href":"https:\/\/api.w.org\/{rel}","templated":true}]}}