{"id":563,"date":"2011-12-06T18:08:00","date_gmt":"2011-12-06T20:08:00","guid":{"rendered":"https:\/\/biancamachado.com.br\/blog\/?p=563"},"modified":"2011-12-06T18:08:00","modified_gmt":"2011-12-06T20:08:00","slug":"jovem-incentiva-foto-no-alemao-e-ganha-emprego-no-governo","status":"publish","type":"post","link":"https:\/\/biancamachado.com.br\/blog\/jovem-incentiva-foto-no-alemao-e-ganha-emprego-no-governo\/","title":{"rendered":"Jovem incentiva foto no Alem\u00e3o e ganha emprego no governo"},"content":{"rendered":"<div style=\"clear: both; text-align: center;\"><a href=\"https:\/\/i0.wp.com\/1.bp.blogspot.com\/-Rsct_tA7zl4\/Tt6EPb2DepI\/AAAAAAAAAxc\/4Mn3idAfUI0\/s1600\/blog02.jpg\" style=\"margin-left: 1em; margin-right: 1em;\"><img data-recalc-dims=\"1\" decoding=\"async\" border=\"0\" src=\"https:\/\/i0.wp.com\/1.bp.blogspot.com\/-Rsct_tA7zl4\/Tt6EPb2DepI\/AAAAAAAAAxc\/4Mn3idAfUI0\/s1600\/blog02.jpg?w=640&#038;ssl=1\" \/><\/a><\/div>\n<p>Morador do Complexo do Alem\u00e3o, Bruno Itan seguiu seu sonho e tornou-se fot\u00f3grafo, trabalhando na equipe do governador S\u00e9rgio Cabral e fotografando o cotidiano da comunidade<br \/>Quando Bruno Itan, 23 anos, deixou o trabalho em um lava a jato para fotografar festinhas no Complexo do Alem\u00e3o, seus colegas no posto de gasolina viram seu desejo de ser fot\u00f3grafo como capricho. Alguns anos, uma pacifica\u00e7\u00e3o, um fotoclube e uma conversa com Dilma Rousseff depois, a carreira de Itan deslanchou. &#8220;Eu falei para eles que ia virar fot\u00f3grafo profissional, mas eles n\u00e3o acreditavam&#8221;, disse ele \u00e0 BBC Brasil.<br \/>Filho de uma fam\u00edlia pernambucana, Itan chegou ao Rio aos 9 anos com a m\u00e3e, que logo voltou para o Recife e o deixou morando com os tios, no Complexo do Alem\u00e3o. Aos 16 anos, come\u00e7ou a economizar para comprar uma c\u00e2mera. Depois de passar por tr\u00eas empregos, conseguiu comprar uma m\u00e1quina semiprofissional e trocou o trabalho fixo por bicos de fot\u00f3grafo em festinhas. Enquanto isso, fazia registros do dia a dia na comunidade, buscando captar cenas pouco vistas do Alem\u00e3o.<br \/>A mania de fotografar as obras do telef\u00e9rico do Alem\u00e3o chamou a aten\u00e7\u00e3o do presidente da empresa respons\u00e1vel pela constru\u00e7\u00e3o. Itan foi convidado a expor suas fotos na inaugura\u00e7\u00e3o do telef\u00e9rico, em julho. Quando o dia chegou, a presidente Dilma Rousseff compareceu, viu as fotos do rapaz e quis saber quem era o fot\u00f3grafo. Itan, que estava do lado de fora da solenidade, foi chamado \u00e0s pressas e apresentado \u00e0 presidente.<br \/>&#8220;Ela perguntou se eu tinha emprego, e eu disse que n\u00e3o. Ent\u00e3o perguntou se eu queria ir para Bras\u00edlia trabalhar com ela&#8221;, conta Bruno. &#8220;O (governador do Rio, S\u00e9rgio) Cabral estava perto e falou que era melhor eu ficar no Rio, que ele me dava emprego no Pal\u00e1cio. Hoje em dia, sou um dos fot\u00f3grafos do governador&#8221;, conta Itan.<br \/>O jovem foi contratado como estagi\u00e1rio do n\u00facleo de fot\u00f3grafos do governador h\u00e1 quatro meses, e deve ser efetivado no in\u00edcio do ano que vem. Durante a semana, acompanha a agenda de Cabral, mas nos fins de semana, suas lentes se voltam para a comunidade, nas sa\u00eddas do fotoclube que fundou com dois amigos.<br \/>A ideia veio no primeiro carnaval ap\u00f3s a ocupa\u00e7\u00e3o, em uma conversa com Dhani Borges &#8211; fot\u00f3grafo que deu um curso no Alem\u00e3o em 2008 e passou a ser amigo e grande incentivador de Itan. Agora que as coisas estavam calmas, por que n\u00e3o montar um fotoclube?<br \/>&#8220;Achava que muitos jovens deviam ter vontade de praticar a fotografia, assim como eu, mas tinham medo. Com a pacifica\u00e7\u00e3o, pensei: A hora \u00e9 agora&#8221;, diz Itan. Os amigos convocaram uma primeira sa\u00edda fotogr\u00e1fica nas redes sociais e conseguiram atrair tr\u00eas pessoas para a estreia do fotoclube, na Quarta-feira de Cinzas. Desde ent\u00e3o, v\u00eam se reunindo todos os s\u00e1bados. No \u00faltimo encontro contaram com 33 participantes, entre moradores e curiosos.<br \/>&#8220;N\u00e3o \u00e9 um curso, \u00e9 uma troca de experi\u00eancias. Cada um vai ensinando o que sabe.&#8221; Nessas sa\u00eddas, o grupo visita diversos pontos da comunidade &#8211; como a estrada de terra que liga o Alem\u00e3o \u00e0 Vila Cruzeiro, por onde traficantes fugiram do cerco policial na ocupa\u00e7\u00e3o, ano passado.<br \/>Al\u00e9m das sa\u00eddas fotogr\u00e1ficas, Itan continua fotografando a comunidade, sejam cenas do cotidiano ou epis\u00f3dios de conflito. No ano passado, ele tirou v\u00e1rias fotos da ocupa\u00e7\u00e3o do Alem\u00e3o, mas esses registros n\u00e3o existem mais. &#8220;Tive que apagar todas as 450 fotos que tinha tirado depois que um policial civil me pegou em um beco. Ele quis ver as fotos e me obrigou a apagar&#8221;, diz.<br \/>Um ano depois da ocupa\u00e7\u00e3o, Itan diz que a principal mudan\u00e7a \u00e9 n\u00e3o haver mais tr\u00e1fico armado e ostensivo, e que houve melhorias na infraestrutura, com avan\u00e7os em saneamento b\u00e1sico, asfaltamento e retirada de moradores que moravam em encostas.<br \/>Mas a ocupa\u00e7\u00e3o prolongada do Ex\u00e9rcito, segundo ele, cria outros conflitos. &#8220;A rela\u00e7\u00e3o da popula\u00e7\u00e3o com o Ex\u00e9rcito est\u00e1 muito complicada.&#8221; &#8220;Eles est\u00e3o preparados para a guerra, mas n\u00e3o para dialogar com moradores. E o morador n\u00e3o sabe dialogar com autoridade, porque nunca teve autoridade l\u00e1 dentro&#8221;, diz. &#8220;O di\u00e1logo est\u00e1 bem complicado.&#8221;<\/p>\n<p>Visite tamb\u00e9m nosso site:&nbsp;<a href=\"http:\/\/www.biancamachado.com.br\/\">www.biancamachado.com.br<\/a><br \/>(11) 97107-1018<\/p>\nVisite tamb\u00e9m nosso site: www.biancamachado.com.br\r\n(11) 97107-1018\r\n\r\nAtendemos as regi\u00f5es de S\u00e3o Paulo, Sorocaba, Ibi\u00fana, Piedade, Votorantim, Cotia, Itupeva, Jundia\u00ed, It\u00fa e Campinas","protected":false},"excerpt":{"rendered":"<p>Morador do Complexo do Alem\u00e3o,<\/p>\n","protected":false},"author":1,"featured_media":1400,"comment_status":"open","ping_status":"open","sticky":false,"template":"","format":"standard","meta":{"_monsterinsights_skip_tracking":false,"_monsterinsights_sitenote_active":false,"_monsterinsights_sitenote_note":"","_monsterinsights_sitenote_category":0,"jetpack_post_was_ever_published":false,"_jetpack_newsletter_access":"","_jetpack_dont_email_post_to_subs":false,"_jetpack_newsletter_tier_id":0,"_jetpack_memberships_contains_paywalled_content":false,"_jetpack_memberships_contains_paid_content":false,"_joinchat":[],"footnotes":""},"categories":[1],"tags":[],"class_list":["post-563","post","type-post","status-publish","format-standard","has-post-thumbnail","hentry","category-studio-bianca-machado"],"yoast_head":"<!-- This site is optimized with the Yoast SEO plugin v27.4 - https:\/\/yoast.com\/product\/yoast-seo-wordpress\/ -->\n<title>Jovem incentiva foto no Alem\u00e3o e ganha emprego no governo - STUDIO BIANCA MACHADO<\/title>\n<meta name=\"robots\" content=\"index, follow, max-snippet:-1, max-image-preview:large, max-video-preview:-1\" \/>\n<link rel=\"canonical\" href=\"https:\/\/biancamachado.com.br\/blog\/jovem-incentiva-foto-no-alemao-e-ganha-emprego-no-governo\/\" \/>\n<meta property=\"og:locale\" content=\"pt_BR\" \/>\n<meta property=\"og:type\" content=\"article\" \/>\n<meta property=\"og:title\" content=\"Jovem incentiva foto no Alem\u00e3o e ganha emprego no governo - STUDIO BIANCA MACHADO\" \/>\n<meta property=\"og:description\" content=\"Morador do Complexo do Alem\u00e3o,\" \/>\n<meta property=\"og:url\" content=\"https:\/\/biancamachado.com.br\/blog\/jovem-incentiva-foto-no-alemao-e-ganha-emprego-no-governo\/\" \/>\n<meta property=\"og:site_name\" content=\"STUDIO BIANCA MACHADO\" \/>\n<meta property=\"article:publisher\" content=\"https:\/\/www.facebook.com\/Studiobiancamachado\/\" \/>\n<meta property=\"article:published_time\" content=\"2011-12-06T20:08:00+00:00\" \/>\n<meta property=\"og:image\" content=\"https:\/\/i0.wp.com\/biancamachado.com.br\/blog\/wp-content\/uploads\/2011\/12\/Screenshot_516.png?fit=321%2C233&ssl=1\" \/>\n\t<meta property=\"og:image:width\" content=\"321\" \/>\n\t<meta property=\"og:image:height\" content=\"233\" \/>\n\t<meta property=\"og:image:type\" content=\"image\/png\" \/>\n<meta name=\"author\" content=\"biancamachado\" \/>\n<meta name=\"twitter:card\" content=\"summary_large_image\" \/>\n<meta name=\"twitter:label1\" content=\"Escrito por\" \/>\n\t<meta name=\"twitter:data1\" content=\"biancamachado\" \/>\n\t<meta name=\"twitter:label2\" content=\"Est. tempo de leitura\" \/>\n\t<meta name=\"twitter:data2\" content=\"4 minutos\" \/>\n<script type=\"application\/ld+json\" class=\"yoast-schema-graph\">{\"@context\":\"https:\\\/\\\/schema.org\",\"@graph\":[{\"@type\":\"Article\",\"@id\":\"https:\\\/\\\/biancamachado.com.br\\\/blog\\\/jovem-incentiva-foto-no-alemao-e-ganha-emprego-no-governo\\\/#article\",\"isPartOf\":{\"@id\":\"https:\\\/\\\/biancamachado.com.br\\\/blog\\\/jovem-incentiva-foto-no-alemao-e-ganha-emprego-no-governo\\\/\"},\"author\":{\"name\":\"biancamachado\",\"@id\":\"https:\\\/\\\/biancamachado.com.br\\\/blog\\\/#\\\/schema\\\/person\\\/990263800ec5e9bdbbf092a2353550a1\"},\"headline\":\"Jovem incentiva foto no Alem\u00e3o e ganha emprego no governo\",\"datePublished\":\"2011-12-06T20:08:00+00:00\",\"mainEntityOfPage\":{\"@id\":\"https:\\\/\\\/biancamachado.com.br\\\/blog\\\/jovem-incentiva-foto-no-alemao-e-ganha-emprego-no-governo\\\/\"},\"wordCount\":768,\"commentCount\":0,\"publisher\":{\"@id\":\"https:\\\/\\\/biancamachado.com.br\\\/blog\\\/#organization\"},\"image\":{\"@id\":\"https:\\\/\\\/biancamachado.com.br\\\/blog\\\/jovem-incentiva-foto-no-alemao-e-ganha-emprego-no-governo\\\/#primaryimage\"},\"thumbnailUrl\":\"https:\\\/\\\/i0.wp.com\\\/biancamachado.com.br\\\/blog\\\/wp-content\\\/uploads\\\/2011\\\/12\\\/Screenshot_516.png?fit=321%2C233&ssl=1\",\"articleSection\":[\"Studio Bianca Machado\"],\"inLanguage\":\"pt-BR\",\"potentialAction\":[{\"@type\":\"CommentAction\",\"name\":\"Comment\",\"target\":[\"https:\\\/\\\/biancamachado.com.br\\\/blog\\\/jovem-incentiva-foto-no-alemao-e-ganha-emprego-no-governo\\\/#respond\"]}]},{\"@type\":\"WebPage\",\"@id\":\"https:\\\/\\\/biancamachado.com.br\\\/blog\\\/jovem-incentiva-foto-no-alemao-e-ganha-emprego-no-governo\\\/\",\"url\":\"https:\\\/\\\/biancamachado.com.br\\\/blog\\\/jovem-incentiva-foto-no-alemao-e-ganha-emprego-no-governo\\\/\",\"name\":\"Jovem incentiva foto no Alem\u00e3o e ganha emprego no governo - STUDIO BIANCA MACHADO\",\"isPartOf\":{\"@id\":\"https:\\\/\\\/biancamachado.com.br\\\/blog\\\/#website\"},\"primaryImageOfPage\":{\"@id\":\"https:\\\/\\\/biancamachado.com.br\\\/blog\\\/jovem-incentiva-foto-no-alemao-e-ganha-emprego-no-governo\\\/#primaryimage\"},\"image\":{\"@id\":\"https:\\\/\\\/biancamachado.com.br\\\/blog\\\/jovem-incentiva-foto-no-alemao-e-ganha-emprego-no-governo\\\/#primaryimage\"},\"thumbnailUrl\":\"https:\\\/\\\/i0.wp.com\\\/biancamachado.com.br\\\/blog\\\/wp-content\\\/uploads\\\/2011\\\/12\\\/Screenshot_516.png?fit=321%2C233&ssl=1\",\"datePublished\":\"2011-12-06T20:08:00+00:00\",\"breadcrumb\":{\"@id\":\"https:\\\/\\\/biancamachado.com.br\\\/blog\\\/jovem-incentiva-foto-no-alemao-e-ganha-emprego-no-governo\\\/#breadcrumb\"},\"inLanguage\":\"pt-BR\",\"potentialAction\":[{\"@type\":\"ReadAction\",\"target\":[\"https:\\\/\\\/biancamachado.com.br\\\/blog\\\/jovem-incentiva-foto-no-alemao-e-ganha-emprego-no-governo\\\/\"]}]},{\"@type\":\"ImageObject\",\"inLanguage\":\"pt-BR\",\"@id\":\"https:\\\/\\\/biancamachado.com.br\\\/blog\\\/jovem-incentiva-foto-no-alemao-e-ganha-emprego-no-governo\\\/#primaryimage\",\"url\":\"https:\\\/\\\/i0.wp.com\\\/biancamachado.com.br\\\/blog\\\/wp-content\\\/uploads\\\/2011\\\/12\\\/Screenshot_516.png?fit=321%2C233&ssl=1\",\"contentUrl\":\"https:\\\/\\\/i0.wp.com\\\/biancamachado.com.br\\\/blog\\\/wp-content\\\/uploads\\\/2011\\\/12\\\/Screenshot_516.png?fit=321%2C233&ssl=1\",\"width\":321,\"height\":233,\"caption\":\"Jovem incentiva foto no Alem\u00e3o e ganha emprego no governo\"},{\"@type\":\"BreadcrumbList\",\"@id\":\"https:\\\/\\\/biancamachado.com.br\\\/blog\\\/jovem-incentiva-foto-no-alemao-e-ganha-emprego-no-governo\\\/#breadcrumb\",\"itemListElement\":[{\"@type\":\"ListItem\",\"position\":1,\"name\":\"In\u00edcio\",\"item\":\"https:\\\/\\\/biancamachado.com.br\\\/blog\\\/\"},{\"@type\":\"ListItem\",\"position\":2,\"name\":\"Jovem incentiva foto no Alem\u00e3o e ganha emprego no governo\"}]},{\"@type\":\"WebSite\",\"@id\":\"https:\\\/\\\/biancamachado.com.br\\\/blog\\\/#website\",\"url\":\"https:\\\/\\\/biancamachado.com.br\\\/blog\\\/\",\"name\":\"STUDIO BIANCA MACHADO\",\"description\":\"Estudio Fotografico, Ensaios e Books de foto profissional\",\"publisher\":{\"@id\":\"https:\\\/\\\/biancamachado.com.br\\\/blog\\\/#organization\"},\"potentialAction\":[{\"@type\":\"SearchAction\",\"target\":{\"@type\":\"EntryPoint\",\"urlTemplate\":\"https:\\\/\\\/biancamachado.com.br\\\/blog\\\/?s={search_term_string}\"},\"query-input\":{\"@type\":\"PropertyValueSpecification\",\"valueRequired\":true,\"valueName\":\"search_term_string\"}}],\"inLanguage\":\"pt-BR\"},{\"@type\":\"Organization\",\"@id\":\"https:\\\/\\\/biancamachado.com.br\\\/blog\\\/#organization\",\"name\":\"STUDIO BIANCA MACHADO\",\"url\":\"https:\\\/\\\/biancamachado.com.br\\\/blog\\\/\",\"logo\":{\"@type\":\"ImageObject\",\"inLanguage\":\"pt-BR\",\"@id\":\"https:\\\/\\\/biancamachado.com.br\\\/blog\\\/#\\\/schema\\\/logo\\\/image\\\/\",\"url\":\"https:\\\/\\\/i0.wp.com\\\/biancamachado.com.br\\\/blog\\\/wp-content\\\/uploads\\\/2021\\\/02\\\/cropped-logo-ml.jpg?fit=278%2C100&ssl=1\",\"contentUrl\":\"https:\\\/\\\/i0.wp.com\\\/biancamachado.com.br\\\/blog\\\/wp-content\\\/uploads\\\/2021\\\/02\\\/cropped-logo-ml.jpg?fit=278%2C100&ssl=1\",\"width\":278,\"height\":100,\"caption\":\"STUDIO BIANCA MACHADO\"},\"image\":{\"@id\":\"https:\\\/\\\/biancamachado.com.br\\\/blog\\\/#\\\/schema\\\/logo\\\/image\\\/\"},\"sameAs\":[\"https:\\\/\\\/www.facebook.com\\\/Studiobiancamachado\\\/\",\"https:\\\/\\\/www.instagram.com\\\/Studiobiancamachado\\\/\"]},{\"@type\":\"Person\",\"@id\":\"https:\\\/\\\/biancamachado.com.br\\\/blog\\\/#\\\/schema\\\/person\\\/990263800ec5e9bdbbf092a2353550a1\",\"name\":\"biancamachado\",\"image\":{\"@type\":\"ImageObject\",\"inLanguage\":\"pt-BR\",\"@id\":\"https:\\\/\\\/secure.gravatar.com\\\/avatar\\\/62b1a50f2632dbc2e279c3eb55aa46cc324c969cff16a69c59756d155316542c?s=96&d=mm&r=g\",\"url\":\"https:\\\/\\\/secure.gravatar.com\\\/avatar\\\/62b1a50f2632dbc2e279c3eb55aa46cc324c969cff16a69c59756d155316542c?s=96&d=mm&r=g\",\"contentUrl\":\"https:\\\/\\\/secure.gravatar.com\\\/avatar\\\/62b1a50f2632dbc2e279c3eb55aa46cc324c969cff16a69c59756d155316542c?s=96&d=mm&r=g\",\"caption\":\"biancamachado\"},\"sameAs\":[\"https:\\\/\\\/biancamachado.com.br\\\/blog\"],\"url\":\"https:\\\/\\\/biancamachado.com.br\\\/blog\\\/author\\\/biancamachado\\\/\"}]}<\/script>\n<!-- \/ Yoast SEO plugin. -->","yoast_head_json":{"title":"Jovem incentiva foto no Alem\u00e3o e ganha emprego no governo - STUDIO BIANCA MACHADO","robots":{"index":"index","follow":"follow","max-snippet":"max-snippet:-1","max-image-preview":"max-image-preview:large","max-video-preview":"max-video-preview:-1"},"canonical":"https:\/\/biancamachado.com.br\/blog\/jovem-incentiva-foto-no-alemao-e-ganha-emprego-no-governo\/","og_locale":"pt_BR","og_type":"article","og_title":"Jovem incentiva foto no Alem\u00e3o e ganha emprego no governo - STUDIO BIANCA MACHADO","og_description":"Morador do Complexo do Alem\u00e3o,","og_url":"https:\/\/biancamachado.com.br\/blog\/jovem-incentiva-foto-no-alemao-e-ganha-emprego-no-governo\/","og_site_name":"STUDIO BIANCA MACHADO","article_publisher":"https:\/\/www.facebook.com\/Studiobiancamachado\/","article_published_time":"2011-12-06T20:08:00+00:00","og_image":[{"width":321,"height":233,"url":"https:\/\/i0.wp.com\/biancamachado.com.br\/blog\/wp-content\/uploads\/2011\/12\/Screenshot_516.png?fit=321%2C233&ssl=1","type":"image\/png"}],"author":"biancamachado","twitter_card":"summary_large_image","twitter_misc":{"Escrito por":"biancamachado","Est. tempo de leitura":"4 minutos"},"schema":{"@context":"https:\/\/schema.org","@graph":[{"@type":"Article","@id":"https:\/\/biancamachado.com.br\/blog\/jovem-incentiva-foto-no-alemao-e-ganha-emprego-no-governo\/#article","isPartOf":{"@id":"https:\/\/biancamachado.com.br\/blog\/jovem-incentiva-foto-no-alemao-e-ganha-emprego-no-governo\/"},"author":{"name":"biancamachado","@id":"https:\/\/biancamachado.com.br\/blog\/#\/schema\/person\/990263800ec5e9bdbbf092a2353550a1"},"headline":"Jovem incentiva foto no Alem\u00e3o e ganha emprego no governo","datePublished":"2011-12-06T20:08:00+00:00","mainEntityOfPage":{"@id":"https:\/\/biancamachado.com.br\/blog\/jovem-incentiva-foto-no-alemao-e-ganha-emprego-no-governo\/"},"wordCount":768,"commentCount":0,"publisher":{"@id":"https:\/\/biancamachado.com.br\/blog\/#organization"},"image":{"@id":"https:\/\/biancamachado.com.br\/blog\/jovem-incentiva-foto-no-alemao-e-ganha-emprego-no-governo\/#primaryimage"},"thumbnailUrl":"https:\/\/i0.wp.com\/biancamachado.com.br\/blog\/wp-content\/uploads\/2011\/12\/Screenshot_516.png?fit=321%2C233&ssl=1","articleSection":["Studio Bianca Machado"],"inLanguage":"pt-BR","potentialAction":[{"@type":"CommentAction","name":"Comment","target":["https:\/\/biancamachado.com.br\/blog\/jovem-incentiva-foto-no-alemao-e-ganha-emprego-no-governo\/#respond"]}]},{"@type":"WebPage","@id":"https:\/\/biancamachado.com.br\/blog\/jovem-incentiva-foto-no-alemao-e-ganha-emprego-no-governo\/","url":"https:\/\/biancamachado.com.br\/blog\/jovem-incentiva-foto-no-alemao-e-ganha-emprego-no-governo\/","name":"Jovem incentiva foto no Alem\u00e3o e ganha emprego no governo - STUDIO BIANCA MACHADO","isPartOf":{"@id":"https:\/\/biancamachado.com.br\/blog\/#website"},"primaryImageOfPage":{"@id":"https:\/\/biancamachado.com.br\/blog\/jovem-incentiva-foto-no-alemao-e-ganha-emprego-no-governo\/#primaryimage"},"image":{"@id":"https:\/\/biancamachado.com.br\/blog\/jovem-incentiva-foto-no-alemao-e-ganha-emprego-no-governo\/#primaryimage"},"thumbnailUrl":"https:\/\/i0.wp.com\/biancamachado.com.br\/blog\/wp-content\/uploads\/2011\/12\/Screenshot_516.png?fit=321%2C233&ssl=1","datePublished":"2011-12-06T20:08:00+00:00","breadcrumb":{"@id":"https:\/\/biancamachado.com.br\/blog\/jovem-incentiva-foto-no-alemao-e-ganha-emprego-no-governo\/#breadcrumb"},"inLanguage":"pt-BR","potentialAction":[{"@type":"ReadAction","target":["https:\/\/biancamachado.com.br\/blog\/jovem-incentiva-foto-no-alemao-e-ganha-emprego-no-governo\/"]}]},{"@type":"ImageObject","inLanguage":"pt-BR","@id":"https:\/\/biancamachado.com.br\/blog\/jovem-incentiva-foto-no-alemao-e-ganha-emprego-no-governo\/#primaryimage","url":"https:\/\/i0.wp.com\/biancamachado.com.br\/blog\/wp-content\/uploads\/2011\/12\/Screenshot_516.png?fit=321%2C233&ssl=1","contentUrl":"https:\/\/i0.wp.com\/biancamachado.com.br\/blog\/wp-content\/uploads\/2011\/12\/Screenshot_516.png?fit=321%2C233&ssl=1","width":321,"height":233,"caption":"Jovem incentiva foto no Alem\u00e3o e ganha emprego no governo"},{"@type":"BreadcrumbList","@id":"https:\/\/biancamachado.com.br\/blog\/jovem-incentiva-foto-no-alemao-e-ganha-emprego-no-governo\/#breadcrumb","itemListElement":[{"@type":"ListItem","position":1,"name":"In\u00edcio","item":"https:\/\/biancamachado.com.br\/blog\/"},{"@type":"ListItem","position":2,"name":"Jovem incentiva foto no Alem\u00e3o e ganha emprego no governo"}]},{"@type":"WebSite","@id":"https:\/\/biancamachado.com.br\/blog\/#website","url":"https:\/\/biancamachado.com.br\/blog\/","name":"STUDIO BIANCA MACHADO","description":"Estudio Fotografico, Ensaios e Books de foto profissional","publisher":{"@id":"https:\/\/biancamachado.com.br\/blog\/#organization"},"potentialAction":[{"@type":"SearchAction","target":{"@type":"EntryPoint","urlTemplate":"https:\/\/biancamachado.com.br\/blog\/?s={search_term_string}"},"query-input":{"@type":"PropertyValueSpecification","valueRequired":true,"valueName":"search_term_string"}}],"inLanguage":"pt-BR"},{"@type":"Organization","@id":"https:\/\/biancamachado.com.br\/blog\/#organization","name":"STUDIO BIANCA MACHADO","url":"https:\/\/biancamachado.com.br\/blog\/","logo":{"@type":"ImageObject","inLanguage":"pt-BR","@id":"https:\/\/biancamachado.com.br\/blog\/#\/schema\/logo\/image\/","url":"https:\/\/i0.wp.com\/biancamachado.com.br\/blog\/wp-content\/uploads\/2021\/02\/cropped-logo-ml.jpg?fit=278%2C100&ssl=1","contentUrl":"https:\/\/i0.wp.com\/biancamachado.com.br\/blog\/wp-content\/uploads\/2021\/02\/cropped-logo-ml.jpg?fit=278%2C100&ssl=1","width":278,"height":100,"caption":"STUDIO BIANCA MACHADO"},"image":{"@id":"https:\/\/biancamachado.com.br\/blog\/#\/schema\/logo\/image\/"},"sameAs":["https:\/\/www.facebook.com\/Studiobiancamachado\/","https:\/\/www.instagram.com\/Studiobiancamachado\/"]},{"@type":"Person","@id":"https:\/\/biancamachado.com.br\/blog\/#\/schema\/person\/990263800ec5e9bdbbf092a2353550a1","name":"biancamachado","image":{"@type":"ImageObject","inLanguage":"pt-BR","@id":"https:\/\/secure.gravatar.com\/avatar\/62b1a50f2632dbc2e279c3eb55aa46cc324c969cff16a69c59756d155316542c?s=96&d=mm&r=g","url":"https:\/\/secure.gravatar.com\/avatar\/62b1a50f2632dbc2e279c3eb55aa46cc324c969cff16a69c59756d155316542c?s=96&d=mm&r=g","contentUrl":"https:\/\/secure.gravatar.com\/avatar\/62b1a50f2632dbc2e279c3eb55aa46cc324c969cff16a69c59756d155316542c?s=96&d=mm&r=g","caption":"biancamachado"},"sameAs":["https:\/\/biancamachado.com.br\/blog"],"url":"https:\/\/biancamachado.com.br\/blog\/author\/biancamachado\/"}]}},"jetpack_featured_media_url":"https:\/\/i0.wp.com\/biancamachado.com.br\/blog\/wp-content\/uploads\/2011\/12\/Screenshot_516.png?fit=321%2C233&ssl=1","jetpack-related-posts":[],"jetpack_sharing_enabled":true,"_links":{"self":[{"href":"https:\/\/biancamachado.com.br\/blog\/wp-json\/wp\/v2\/posts\/563","targetHints":{"allow":["GET"]}}],"collection":[{"href":"https:\/\/biancamachado.com.br\/blog\/wp-json\/wp\/v2\/posts"}],"about":[{"href":"https:\/\/biancamachado.com.br\/blog\/wp-json\/wp\/v2\/types\/post"}],"author":[{"embeddable":true,"href":"https:\/\/biancamachado.com.br\/blog\/wp-json\/wp\/v2\/users\/1"}],"replies":[{"embeddable":true,"href":"https:\/\/biancamachado.com.br\/blog\/wp-json\/wp\/v2\/comments?post=563"}],"version-history":[{"count":0,"href":"https:\/\/biancamachado.com.br\/blog\/wp-json\/wp\/v2\/posts\/563\/revisions"}],"wp:featuredmedia":[{"embeddable":true,"href":"https:\/\/biancamachado.com.br\/blog\/wp-json\/wp\/v2\/media\/1400"}],"wp:attachment":[{"href":"https:\/\/biancamachado.com.br\/blog\/wp-json\/wp\/v2\/media?parent=563"}],"wp:term":[{"taxonomy":"category","embeddable":true,"href":"https:\/\/biancamachado.com.br\/blog\/wp-json\/wp\/v2\/categories?post=563"},{"taxonomy":"post_tag","embeddable":true,"href":"https:\/\/biancamachado.com.br\/blog\/wp-json\/wp\/v2\/tags?post=563"}],"curies":[{"name":"wp","href":"https:\/\/api.w.org\/{rel}","templated":true}]}}