{"id":543,"date":"2011-12-15T20:08:00","date_gmt":"2011-12-15T22:08:00","guid":{"rendered":"https:\/\/biancamachado.com.br\/blog\/?p=543"},"modified":"2011-12-15T20:08:00","modified_gmt":"2011-12-15T22:08:00","slug":"fotografos-para-festa-infantil","status":"publish","type":"post","link":"https:\/\/biancamachado.com.br\/blog\/fotografos-para-festa-infantil\/","title":{"rendered":"Fotografos para Festa Infantil"},"content":{"rendered":"<div>Todos os detalhes emocionantes da sua festa, sensivelmente eternizados em foto e v\u00eddeo. Acesse nosso site e confira as facildades de agendamento e compra<\/p>\n<\/div>\n<table cellpadding=\"0\" cellspacing=\"0\" style=\"margin-left: auto; margin-right: auto; text-align: center;\">\n<tbody>\n<tr>\n<td style=\"text-align: center;\"><a href=\"https:\/\/i0.wp.com\/2.bp.blogspot.com\/-1RF4BvXJ7dA\/Tup4buzJ7mI\/AAAAAAAACG0\/Wq3KSsjXFLo\/s1600\/aniversario-infantil.jpg\" style=\"margin-left: auto; margin-right: auto;\"><img data-recalc-dims=\"1\" loading=\"lazy\" decoding=\"async\" alt=\"aniversario infantil\" border=\"0\" height=\"426\" src=\"https:\/\/i0.wp.com\/2.bp.blogspot.com\/-1RF4BvXJ7dA\/Tup4buzJ7mI\/AAAAAAAACG0\/Wq3KSsjXFLo\/s640\/aniversario-infantil.jpg?resize=640%2C426&#038;ssl=1\" title=\"aniversario infantil\" width=\"640\" \/><\/a><\/td>\n<\/tr>\n<tr>\n<td style=\"text-align: center;\">\n<div style=\"text-align: right;\">\n<div style=\"text-align: center;\">aniversario infantil<\/div>\n<\/div>\n<\/td>\n<\/tr>\n<\/tbody>\n<\/table>\n<div style=\"text-align: right;\"><\/div>\n<table align=\"center\" cellpadding=\"0\" cellspacing=\"0\" style=\"margin-left: auto; margin-right: auto; text-align: center;\">\n<tbody>\n<tr>\n<td style=\"text-align: center;\"><a href=\"https:\/\/i0.wp.com\/2.bp.blogspot.com\/-Hb7K2PPDVb4\/Tup4caNmxqI\/AAAAAAAACG8\/D46A4Grb6tU\/s1600\/empresas_fotografia_sp.jpg\" style=\"margin-left: auto; margin-right: auto;\"><img data-recalc-dims=\"1\" loading=\"lazy\" decoding=\"async\" alt=\"empresas fotografia sp\" border=\"0\" height=\"304\" src=\"https:\/\/i0.wp.com\/2.bp.blogspot.com\/-Hb7K2PPDVb4\/Tup4caNmxqI\/AAAAAAAACG8\/D46A4Grb6tU\/s640\/empresas_fotografia_sp.jpg?resize=640%2C304&#038;ssl=1\" title=\"empresas fotografia sp\" width=\"640\" \/><\/a><\/td>\n<\/tr>\n<tr>\n<td style=\"text-align: center;\">\n<div style=\"text-align: right;\">\n<div style=\"text-align: center;\">empresas fotografia sp<\/div>\n<\/div>\n<\/td>\n<\/tr>\n<\/tbody>\n<\/table>\n<p><\/p>\n<table align=\"center\" cellpadding=\"0\" cellspacing=\"0\" style=\"margin-left: auto; margin-right: auto; text-align: center;\">\n<tbody>\n<tr>\n<td style=\"text-align: center;\"><a href=\"https:\/\/i0.wp.com\/3.bp.blogspot.com\/-X305nkry5N8\/Tup4dE1sgjI\/AAAAAAAACHA\/iBIxi-NYI0k\/s1600\/festa_aniversario_infantil_foto.jpg\" style=\"margin-left: auto; margin-right: auto;\"><img data-recalc-dims=\"1\" loading=\"lazy\" decoding=\"async\" alt=\"festa aniversario infantil foto\" border=\"0\" height=\"304\" src=\"https:\/\/i0.wp.com\/3.bp.blogspot.com\/-X305nkry5N8\/Tup4dE1sgjI\/AAAAAAAACHA\/iBIxi-NYI0k\/s640\/festa_aniversario_infantil_foto.jpg?resize=640%2C304&#038;ssl=1\" title=\"festa aniversario infantil foto\" width=\"640\" \/><\/a><\/td>\n<\/tr>\n<tr>\n<td style=\"text-align: center;\">\n<div style=\"text-align: right;\">\n<div style=\"text-align: center;\">festa aniversario infantil foto<\/div>\n<\/div>\n<\/td>\n<\/tr>\n<\/tbody>\n<\/table>\n<p><\/p>\n<table align=\"center\" cellpadding=\"0\" cellspacing=\"0\" style=\"margin-left: auto; margin-right: auto; text-align: center;\">\n<tbody>\n<tr>\n<td style=\"text-align: center;\"><a href=\"https:\/\/i0.wp.com\/3.bp.blogspot.com\/-KAigK0VaO_c\/Tup4ds8vdUI\/AAAAAAAACHM\/eA221gqLvmc\/s1600\/festa_crianca.jpg\" style=\"margin-left: auto; margin-right: auto;\"><img data-recalc-dims=\"1\" loading=\"lazy\" decoding=\"async\" alt=\"festa crian\u00e7a\" border=\"0\" height=\"426\" src=\"https:\/\/i0.wp.com\/3.bp.blogspot.com\/-KAigK0VaO_c\/Tup4ds8vdUI\/AAAAAAAACHM\/eA221gqLvmc\/s640\/festa_crianca.jpg?resize=640%2C426&#038;ssl=1\" title=\"festa crian\u00e7a\" width=\"640\" \/><\/a><\/td>\n<\/tr>\n<tr>\n<td style=\"text-align: center;\">\n<div style=\"text-align: right;\">\n<div style=\"text-align: center;\">festa crian\u00e7a<\/div>\n<\/div>\n<\/td>\n<\/tr>\n<\/tbody>\n<\/table>\n<p><\/p>\n<table align=\"center\" cellpadding=\"0\" cellspacing=\"0\" style=\"margin-left: auto; margin-right: auto; text-align: center;\">\n<tbody>\n<tr>\n<td style=\"text-align: center;\"><a href=\"https:\/\/i0.wp.com\/1.bp.blogspot.com\/-0C6ukzyMD9I\/Tup4eCY2RfI\/AAAAAAAACHU\/axxd2ChiZ70\/s1600\/festa_foto_aniversario.jpg\" style=\"margin-left: auto; margin-right: auto;\"><img data-recalc-dims=\"1\" loading=\"lazy\" decoding=\"async\" alt=\"festa foto aniversario\" border=\"0\" height=\"304\" src=\"https:\/\/i0.wp.com\/1.bp.blogspot.com\/-0C6ukzyMD9I\/Tup4eCY2RfI\/AAAAAAAACHU\/axxd2ChiZ70\/s640\/festa_foto_aniversario.jpg?resize=640%2C304&#038;ssl=1\" title=\"festa foto aniversario\" width=\"640\" \/><\/a><\/td>\n<\/tr>\n<tr>\n<td style=\"text-align: center;\">\n<div style=\"text-align: right;\">\n<div style=\"text-align: center;\">festa foto aniversario<\/div>\n<\/div>\n<\/td>\n<\/tr>\n<\/tbody>\n<\/table>\n<p><\/p>\n<table align=\"center\" cellpadding=\"0\" cellspacing=\"0\" style=\"margin-left: auto; margin-right: auto; text-align: center;\">\n<tbody>\n<tr>\n<td style=\"text-align: center;\"><a href=\"https:\/\/i0.wp.com\/2.bp.blogspot.com\/-1Fp8b4Fv3NM\/Tup4epRTSrI\/AAAAAAAACHc\/KzMl_8TDoMY\/s1600\/festa_infantil.jpg\" style=\"margin-left: auto; margin-right: auto;\"><img data-recalc-dims=\"1\" loading=\"lazy\" decoding=\"async\" alt=\"festa infantil\" border=\"0\" height=\"426\" src=\"https:\/\/i0.wp.com\/2.bp.blogspot.com\/-1Fp8b4Fv3NM\/Tup4epRTSrI\/AAAAAAAACHc\/KzMl_8TDoMY\/s640\/festa_infantil.jpg?resize=640%2C426&#038;ssl=1\" title=\"festa infantil\" width=\"640\" \/><\/a><\/td>\n<\/tr>\n<tr>\n<td style=\"text-align: center;\">\n<div style=\"text-align: right;\">\n<div style=\"text-align: center;\">festa infantil<\/div>\n<\/div>\n<\/td>\n<\/tr>\n<\/tbody>\n<\/table>\n<p><\/p>\n<table align=\"center\" cellpadding=\"0\" cellspacing=\"0\" style=\"margin-left: auto; margin-right: auto; text-align: center;\">\n<tbody>\n<tr>\n<td style=\"text-align: center;\"><a href=\"https:\/\/i0.wp.com\/3.bp.blogspot.com\/-OM5f5E1KiZk\/Tup4fPYud9I\/AAAAAAAACHk\/fuMGMA4orDA\/s1600\/festa_infantil_sp.jpg\" style=\"margin-left: auto; margin-right: auto;\"><img data-recalc-dims=\"1\" loading=\"lazy\" decoding=\"async\" alt=\"festa infantil sp\" border=\"0\" height=\"304\" src=\"https:\/\/i0.wp.com\/3.bp.blogspot.com\/-OM5f5E1KiZk\/Tup4fPYud9I\/AAAAAAAACHk\/fuMGMA4orDA\/s640\/festa_infantil_sp.jpg?resize=640%2C304&#038;ssl=1\" title=\"festa infantil sp\" width=\"640\" \/><\/a><\/td>\n<\/tr>\n<tr>\n<td style=\"text-align: center;\">\n<div style=\"text-align: right;\">\n<div style=\"text-align: center;\">festa infantil sp<\/div>\n<\/div>\n<\/td>\n<\/tr>\n<\/tbody>\n<\/table>\n<p><\/p>\n<div style=\"clear: both; text-align: center;\"><\/div>\n<p><\/p>\n<table align=\"center\" cellpadding=\"0\" cellspacing=\"0\" style=\"margin-left: auto; margin-right: auto; text-align: center;\">\n<tbody>\n<tr>\n<td style=\"text-align: center;\"><a href=\"https:\/\/i0.wp.com\/1.bp.blogspot.com\/-jlt90HQhSNY\/Tup4f6MCCtI\/AAAAAAAACH0\/etX6BInSe9E\/s1600\/festas_infantis.jpg\" style=\"margin-left: auto; margin-right: auto;\"><img data-recalc-dims=\"1\" loading=\"lazy\" decoding=\"async\" alt=\"festas infantis\" border=\"0\" height=\"426\" src=\"https:\/\/i0.wp.com\/1.bp.blogspot.com\/-jlt90HQhSNY\/Tup4f6MCCtI\/AAAAAAAACH0\/etX6BInSe9E\/s640\/festas_infantis.jpg?resize=640%2C426&#038;ssl=1\" title=\"festas infantis\" width=\"640\" \/><\/a><\/td>\n<\/tr>\n<tr>\n<td style=\"text-align: center;\">\n<div style=\"text-align: right;\">\n<div style=\"text-align: center;\">festas infantis<\/div>\n<\/div>\n<\/td>\n<\/tr>\n<\/tbody>\n<\/table>\n<p><\/p>\n<table align=\"center\" cellpadding=\"0\" cellspacing=\"0\" style=\"margin-left: auto; margin-right: auto; text-align: center;\">\n<tbody>\n<tr>\n<td style=\"text-align: center;\"><a href=\"https:\/\/i0.wp.com\/4.bp.blogspot.com\/-PfKxYV1ztAU\/Tup4gRbfD_I\/AAAAAAAACH8\/rFmzulpefsg\/s1600\/foto_e_video_infantil.jpg\" style=\"margin-left: auto; margin-right: auto;\"><img data-recalc-dims=\"1\" loading=\"lazy\" decoding=\"async\" alt=\"foto e video infantil\" border=\"0\" height=\"426\" src=\"https:\/\/i0.wp.com\/4.bp.blogspot.com\/-PfKxYV1ztAU\/Tup4gRbfD_I\/AAAAAAAACH8\/rFmzulpefsg\/s640\/foto_e_video_infantil.jpg?resize=640%2C426&#038;ssl=1\" title=\"foto e video infantil\" width=\"640\" \/><\/a><\/td>\n<\/tr>\n<tr>\n<td style=\"text-align: center;\">\n<div style=\"text-align: right;\">\n<div style=\"text-align: center;\">foto e video infantil<\/div>\n<\/div>\n<\/td>\n<\/tr>\n<\/tbody>\n<\/table>\n<p><\/p>\n<table align=\"center\" cellpadding=\"0\" cellspacing=\"0\" style=\"margin-left: auto; margin-right: auto; text-align: center;\">\n<tbody>\n<tr>\n<td style=\"text-align: center;\"><a href=\"https:\/\/i0.wp.com\/3.bp.blogspot.com\/-34coxprUg0Q\/Tup4gl0vYzI\/AAAAAAAACIE\/W4tpgKnjdvI\/s1600\/foto_festa%2Baniversario_infantil.jpg\" style=\"margin-left: auto; margin-right: auto;\"><img data-recalc-dims=\"1\" loading=\"lazy\" decoding=\"async\" alt=\"foto festa aniversario infantil\" border=\"0\" height=\"426\" src=\"https:\/\/i0.wp.com\/3.bp.blogspot.com\/-34coxprUg0Q\/Tup4gl0vYzI\/AAAAAAAACIE\/W4tpgKnjdvI\/s640\/foto_festa%2Baniversario_infantil.jpg?resize=640%2C426&#038;ssl=1\" title=\"foto festa aniversario infantil\" width=\"640\" \/><\/a><\/td>\n<\/tr>\n<tr>\n<td style=\"text-align: center;\">\n<div style=\"text-align: right;\">\n<div style=\"text-align: center;\">foto festa aniversario infantil<\/div>\n<\/div>\n<\/td>\n<\/tr>\n<\/tbody>\n<\/table>\n<p><\/p>\n<table cellpadding=\"0\" cellspacing=\"0\" style=\"margin-left: auto; margin-right: auto; text-align: center;\">\n<tbody>\n<tr>\n<td style=\"text-align: center;\"><a href=\"https:\/\/i0.wp.com\/1.bp.blogspot.com\/-WpGE1fmXkFM\/Tup4hBJDTpI\/AAAAAAAACIM\/se4OHI35hrQ\/s1600\/foto_festa_crianca.jpg\" style=\"margin-left: auto; margin-right: auto;\"><img data-recalc-dims=\"1\" loading=\"lazy\" decoding=\"async\" alt=\"foto festa crian\u00e7a\" border=\"0\" height=\"426\" src=\"https:\/\/i0.wp.com\/1.bp.blogspot.com\/-WpGE1fmXkFM\/Tup4hBJDTpI\/AAAAAAAACIM\/se4OHI35hrQ\/s640\/foto_festa_crianca.jpg?resize=640%2C426&#038;ssl=1\" title=\"foto festa crian\u00e7a\" width=\"640\" \/><\/a><\/td>\n<\/tr>\n<tr>\n<td style=\"text-align: center;\">\n<div style=\"text-align: right;\">\n<div style=\"text-align: center;\">foto festa crian\u00e7a<\/div>\n<\/div>\n<\/td>\n<\/tr>\n<\/tbody>\n<\/table>\n<div style=\"text-align: right;\"><\/div>\n<table align=\"center\" cellpadding=\"0\" cellspacing=\"0\" style=\"margin-left: auto; margin-right: auto; text-align: center;\">\n<tbody>\n<tr>\n<td style=\"text-align: center;\"><a href=\"https:\/\/i0.wp.com\/3.bp.blogspot.com\/-qQFaLUuDSJw\/Tup4iKIBElI\/AAAAAAAACIQ\/SJEOgti1rjg\/s1600\/foto_festa_fotografo.jpg\" style=\"margin-left: auto; margin-right: auto;\"><img data-recalc-dims=\"1\" loading=\"lazy\" decoding=\"async\" alt=\"foto festa fotografo\" border=\"0\" height=\"304\" src=\"https:\/\/i0.wp.com\/3.bp.blogspot.com\/-qQFaLUuDSJw\/Tup4iKIBElI\/AAAAAAAACIQ\/SJEOgti1rjg\/s640\/foto_festa_fotografo.jpg?resize=640%2C304&#038;ssl=1\" title=\"foto festa fotografo\" width=\"640\" \/><\/a><\/td>\n<\/tr>\n<tr>\n<td style=\"text-align: center;\">\n<div style=\"text-align: right;\">\n<div style=\"text-align: center;\">foto festa fotografo<\/div>\n<\/div>\n<\/td>\n<\/tr>\n<\/tbody>\n<\/table>\n<p><\/p>\n<table align=\"center\" cellpadding=\"0\" cellspacing=\"0\" style=\"margin-left: auto; margin-right: auto; text-align: center;\">\n<tbody>\n<tr>\n<td style=\"text-align: center;\"><a href=\"https:\/\/i0.wp.com\/3.bp.blogspot.com\/--9bfYIsxadQ\/Tup4inEi23I\/AAAAAAAACIY\/9IdXwISO6Ao\/s1600\/foto_festa_infantil.jpg\" style=\"margin-left: auto; margin-right: auto;\"><img data-recalc-dims=\"1\" loading=\"lazy\" decoding=\"async\" alt=\"foto festa infantil\" border=\"0\" height=\"426\" src=\"https:\/\/i0.wp.com\/3.bp.blogspot.com\/--9bfYIsxadQ\/Tup4inEi23I\/AAAAAAAACIY\/9IdXwISO6Ao\/s640\/foto_festa_infantil.jpg?resize=640%2C426&#038;ssl=1\" title=\"foto festa infantil\" width=\"640\" \/><\/a><\/td>\n<\/tr>\n<tr>\n<td style=\"text-align: center;\">\n<div style=\"text-align: right;\">\n<div style=\"text-align: center;\">foto festa infantil<\/div>\n<\/div>\n<\/td>\n<\/tr>\n<\/tbody>\n<\/table>\n<p><\/p>\n<div style=\"clear: both; text-align: center;\"><\/div>\n<p><\/p>\n<table align=\"center\" cellpadding=\"0\" cellspacing=\"0\" style=\"margin-left: auto; margin-right: auto; text-align: center;\">\n<tbody>\n<tr>\n<td style=\"text-align: center;\"><a href=\"https:\/\/i0.wp.com\/2.bp.blogspot.com\/-iMVv3Wvn8hM\/Tup4ja4sMtI\/AAAAAAAACIw\/Wf6Avvi2ITE\/s1600\/foto_fotografo_profissional_infantil.jpg\" style=\"margin-left: auto; margin-right: auto;\"><img data-recalc-dims=\"1\" loading=\"lazy\" decoding=\"async\" alt=\"foto fotografo profissional infantil\" border=\"0\" height=\"304\" src=\"https:\/\/i0.wp.com\/2.bp.blogspot.com\/-iMVv3Wvn8hM\/Tup4ja4sMtI\/AAAAAAAACIw\/Wf6Avvi2ITE\/s640\/foto_fotografo_profissional_infantil.jpg?resize=640%2C304&#038;ssl=1\" title=\"foto fotografo profissional infantil\" width=\"640\" \/><\/a><\/td>\n<\/tr>\n<tr>\n<td style=\"text-align: center;\">\n<div style=\"text-align: right;\">\n<div style=\"text-align: center;\">foto fotografo profissional infantil<\/div>\n<\/div>\n<\/td>\n<\/tr>\n<\/tbody>\n<\/table>\n<p><\/p>\n<table align=\"center\" cellpadding=\"0\" cellspacing=\"0\" style=\"margin-left: auto; margin-right: auto; text-align: center;\">\n<tbody>\n<tr>\n<td style=\"text-align: center;\"><a href=\"https:\/\/i0.wp.com\/1.bp.blogspot.com\/-7C05lsZ8-O8\/Tup4k45F99I\/AAAAAAAACI4\/Wur1I8yVyt0\/s1600\/foto_profissional_infantil2.jpg\" style=\"margin-left: auto; margin-right: auto;\"><img data-recalc-dims=\"1\" loading=\"lazy\" decoding=\"async\" alt=\"foto profissional infantil\" border=\"0\" height=\"304\" src=\"https:\/\/i0.wp.com\/1.bp.blogspot.com\/-7C05lsZ8-O8\/Tup4k45F99I\/AAAAAAAACI4\/Wur1I8yVyt0\/s640\/foto_profissional_infantil2.jpg?resize=640%2C304&#038;ssl=1\" title=\"foto profissional infantil\" width=\"640\" \/><\/a><\/td>\n<\/tr>\n<tr>\n<td style=\"text-align: center;\">\n<div style=\"text-align: right;\">\n<div style=\"text-align: center;\">foto profissional infantil<\/div>\n<\/div>\n<\/td>\n<\/tr>\n<\/tbody>\n<\/table>\n<p><\/p>\n<div style=\"clear: both; text-align: center;\"><\/div>\n<p><\/p>\n<table align=\"center\" cellpadding=\"0\" cellspacing=\"0\" style=\"margin-left: auto; margin-right: auto; text-align: center;\">\n<tbody>\n<tr>\n<td style=\"text-align: center;\"><a href=\"https:\/\/i0.wp.com\/4.bp.blogspot.com\/-1YizJXqU564\/Tup4lxSgpQI\/AAAAAAAACJI\/W4iPRz8EiUQ\/s1600\/fotografa.jpg\" style=\"margin-left: auto; margin-right: auto;\"><img data-recalc-dims=\"1\" loading=\"lazy\" decoding=\"async\" alt=\"fotografa\" border=\"0\" height=\"426\" src=\"https:\/\/i0.wp.com\/4.bp.blogspot.com\/-1YizJXqU564\/Tup4lxSgpQI\/AAAAAAAACJI\/W4iPRz8EiUQ\/s640\/fotografa.jpg?resize=640%2C426&#038;ssl=1\" title=\"fotografa\" width=\"640\" \/><\/a><\/td>\n<\/tr>\n<tr>\n<td style=\"text-align: center;\">\n<div style=\"text-align: right;\">\n<div style=\"text-align: center;\">fotografa<\/div>\n<\/div>\n<\/td>\n<\/tr>\n<\/tbody>\n<\/table>\n<p><\/p>\n<table align=\"center\" cellpadding=\"0\" cellspacing=\"0\" style=\"margin-left: auto; margin-right: auto; text-align: center;\">\n<tbody>\n<tr>\n<td style=\"text-align: center;\"><a href=\"https:\/\/i0.wp.com\/3.bp.blogspot.com\/-It1L201N6Cg\/Tup4mxC4V4I\/AAAAAAAACJM\/uunhWWdEXYk\/s1600\/fotografar_festa_infantil.jpg\" style=\"margin-left: auto; margin-right: auto;\"><img data-recalc-dims=\"1\" loading=\"lazy\" decoding=\"async\" alt=\"fotografar festa infantil\" border=\"0\" height=\"304\" src=\"https:\/\/i0.wp.com\/3.bp.blogspot.com\/-It1L201N6Cg\/Tup4mxC4V4I\/AAAAAAAACJM\/uunhWWdEXYk\/s640\/fotografar_festa_infantil.jpg?resize=640%2C304&#038;ssl=1\" title=\"fotografar festa infantil\" width=\"640\" \/><\/a><\/td>\n<\/tr>\n<tr>\n<td style=\"text-align: center;\">\n<div style=\"text-align: right;\">\n<div style=\"text-align: center;\">fotografar festa infantil<\/div>\n<\/div>\n<\/td>\n<\/tr>\n<\/tbody>\n<\/table>\n<p><\/p>\n<table align=\"center\" cellpadding=\"0\" cellspacing=\"0\" style=\"margin-left: auto; margin-right: auto; text-align: center;\">\n<tbody>\n<tr>\n<td style=\"text-align: center;\"><a href=\"https:\/\/i0.wp.com\/4.bp.blogspot.com\/-_IcobK_mcR4\/Tup4nvscl4I\/AAAAAAAACJY\/9ghghuPmbn8\/s1600\/fotografia_crianca.jpg\" style=\"margin-left: auto; margin-right: auto;\"><img data-recalc-dims=\"1\" loading=\"lazy\" decoding=\"async\" alt=\"fotografia crian\u00e7a\" border=\"0\" height=\"400\" src=\"https:\/\/i0.wp.com\/4.bp.blogspot.com\/-_IcobK_mcR4\/Tup4nvscl4I\/AAAAAAAACJY\/9ghghuPmbn8\/s400\/fotografia_crianca.jpg?resize=266%2C400&#038;ssl=1\" title=\"fotografia crian\u00e7a\" width=\"266\" \/><\/a><\/td>\n<\/tr>\n<tr>\n<td style=\"text-align: center;\">\n<div style=\"text-align: right;\">\n<div style=\"text-align: center;\">fotografia crian\u00e7a<\/div>\n<\/div>\n<\/td>\n<\/tr>\n<\/tbody>\n<\/table>\n<p><\/p>\n<table align=\"center\" cellpadding=\"0\" cellspacing=\"0\" style=\"margin-left: auto; margin-right: auto; text-align: center;\">\n<tbody>\n<tr>\n<td style=\"text-align: center;\"><a href=\"https:\/\/i0.wp.com\/2.bp.blogspot.com\/-g7xQpCPB5sA\/Tup4oDtYqrI\/AAAAAAAACJg\/inTcGe4Pp1Q\/s1600\/fotografia_de_criancas_festa.jpg\" style=\"margin-left: auto; margin-right: auto;\"><img data-recalc-dims=\"1\" loading=\"lazy\" decoding=\"async\" alt=\"fotografia de crian\u00e7a festa\" border=\"0\" height=\"304\" src=\"https:\/\/i0.wp.com\/2.bp.blogspot.com\/-g7xQpCPB5sA\/Tup4oDtYqrI\/AAAAAAAACJg\/inTcGe4Pp1Q\/s640\/fotografia_de_criancas_festa.jpg?resize=640%2C304&#038;ssl=1\" title=\"fotografia de crian\u00e7a festa\" width=\"640\" \/><\/a><\/td>\n<\/tr>\n<tr>\n<td style=\"text-align: center;\">\n<div style=\"text-align: right;\">\n<div style=\"text-align: center;\">fotografia de crian\u00e7a festa<\/div>\n<\/div>\n<\/td>\n<\/tr>\n<\/tbody>\n<\/table>\n<p><\/p>\n<table align=\"center\" cellpadding=\"0\" cellspacing=\"0\" style=\"margin-left: auto; margin-right: auto; text-align: center;\">\n<tbody>\n<tr>\n<td style=\"text-align: center;\"><a href=\"https:\/\/i0.wp.com\/3.bp.blogspot.com\/-PTwnmQfBAi4\/Tup4opTKgfI\/AAAAAAAACJo\/_ifkJqBU1eI\/s1600\/fotografia_de_festa_sp.jpg\" style=\"margin-left: auto; margin-right: auto;\"><img data-recalc-dims=\"1\" loading=\"lazy\" decoding=\"async\" alt=\"fotografia de festa sp\" border=\"0\" height=\"304\" src=\"https:\/\/i0.wp.com\/3.bp.blogspot.com\/-PTwnmQfBAi4\/Tup4opTKgfI\/AAAAAAAACJo\/_ifkJqBU1eI\/s640\/fotografia_de_festa_sp.jpg?resize=640%2C304&#038;ssl=1\" title=\"fotografia de festa sp\" width=\"640\" \/><\/a><\/td>\n<\/tr>\n<tr>\n<td style=\"text-align: center;\">\n<div style=\"text-align: right;\">\n<div style=\"text-align: center;\">fotografia de festa sp<\/div>\n<\/div>\n<\/td>\n<\/tr>\n<\/tbody>\n<\/table>\n<p><\/p>\n<table align=\"center\" cellpadding=\"0\" cellspacing=\"0\" style=\"margin-left: auto; margin-right: auto; text-align: center;\">\n<tbody>\n<tr>\n<td style=\"text-align: center;\"><a href=\"https:\/\/i0.wp.com\/2.bp.blogspot.com\/-OmHI9IM9VI4\/Tup4o9yXEqI\/AAAAAAAACJw\/7Zg8xZk67-M\/s1600\/fotografia_infantil.jpg\" style=\"margin-left: auto; margin-right: auto;\"><img data-recalc-dims=\"1\" loading=\"lazy\" decoding=\"async\" alt=\"fotografia infantil\" border=\"0\" height=\"426\" src=\"https:\/\/i0.wp.com\/2.bp.blogspot.com\/-OmHI9IM9VI4\/Tup4o9yXEqI\/AAAAAAAACJw\/7Zg8xZk67-M\/s640\/fotografia_infantil.jpg?resize=640%2C426&#038;ssl=1\" title=\"fotografia infantil\" width=\"640\" \/><\/a><\/td>\n<\/tr>\n<tr>\n<td style=\"text-align: center;\">\n<div style=\"text-align: right;\">\n<div style=\"text-align: center;\">fotografia infantil<\/div>\n<\/div>\n<\/td>\n<\/tr>\n<\/tbody>\n<\/table>\n<p><\/p>\n<table align=\"center\" cellpadding=\"0\" cellspacing=\"0\" style=\"margin-left: auto; margin-right: auto; text-align: center;\">\n<tbody>\n<tr>\n<td style=\"text-align: center;\"><a href=\"https:\/\/i0.wp.com\/2.bp.blogspot.com\/-N_L2CpWnpB4\/Tup4paCLH6I\/AAAAAAAACJ4\/AEo3d-1p6vw\/s1600\/fotografia_infantil_profissional.jpg\" style=\"margin-left: auto; margin-right: auto;\"><img data-recalc-dims=\"1\" loading=\"lazy\" decoding=\"async\" alt=\"fotografia infantil profissional\" border=\"0\" height=\"304\" src=\"https:\/\/i0.wp.com\/2.bp.blogspot.com\/-N_L2CpWnpB4\/Tup4paCLH6I\/AAAAAAAACJ4\/AEo3d-1p6vw\/s640\/fotografia_infantil_profissional.jpg?resize=640%2C304&#038;ssl=1\" title=\"fotografia infantil profissional\" width=\"640\" \/><\/a><\/td>\n<\/tr>\n<tr>\n<td style=\"text-align: center;\">\n<div style=\"text-align: right;\">\n<div style=\"text-align: center;\">fotografia infantil profissional<\/div>\n<\/div>\n<\/td>\n<\/tr>\n<\/tbody>\n<\/table>\n<p><\/p>\n<table align=\"center\" cellpadding=\"0\" cellspacing=\"0\" style=\"margin-left: auto; margin-right: auto; text-align: center;\">\n<tbody>\n<tr>\n<td style=\"text-align: center;\"><a href=\"https:\/\/i0.wp.com\/2.bp.blogspot.com\/-WwJKayeoH74\/Tup4qPR924I\/AAAAAAAACKA\/BiXfs-sajmc\/s1600\/fotografia_para_aniversarios.jpg\" style=\"margin-left: auto; margin-right: auto;\"><img data-recalc-dims=\"1\" loading=\"lazy\" decoding=\"async\" alt=\"fotografia para aniversarios\" border=\"0\" height=\"304\" src=\"https:\/\/i0.wp.com\/2.bp.blogspot.com\/-WwJKayeoH74\/Tup4qPR924I\/AAAAAAAACKA\/BiXfs-sajmc\/s640\/fotografia_para_aniversarios.jpg?resize=640%2C304&#038;ssl=1\" title=\"fotografia para aniversarios\" width=\"640\" \/><\/a><\/td>\n<\/tr>\n<tr>\n<td style=\"text-align: center;\">\n<div style=\"text-align: right;\">\n<div style=\"text-align: center;\">fotografia para aniversarios<\/div>\n<\/div>\n<\/td>\n<\/tr>\n<\/tbody>\n<\/table>\n<p><\/p>\n<table cellpadding=\"0\" cellspacing=\"0\" style=\"margin-left: auto; margin-right: auto; text-align: center;\">\n<tbody>\n<tr>\n<td style=\"text-align: center;\"><a href=\"https:\/\/i0.wp.com\/3.bp.blogspot.com\/-6CmD2b0zBlU\/Tup4qnPdbKI\/AAAAAAAACKI\/-3i3ipePrG4\/s1600\/fotografia_profissional_infantil.jpg\" style=\"margin-left: auto; margin-right: auto;\"><img data-recalc-dims=\"1\" loading=\"lazy\" decoding=\"async\" alt=\"fotografia profissional infantil\" border=\"0\" height=\"304\" src=\"https:\/\/i0.wp.com\/3.bp.blogspot.com\/-6CmD2b0zBlU\/Tup4qnPdbKI\/AAAAAAAACKI\/-3i3ipePrG4\/s640\/fotografia_profissional_infantil.jpg?resize=640%2C304&#038;ssl=1\" title=\"fotografia profissional infantil\" width=\"640\" \/><\/a><\/td>\n<\/tr>\n<tr>\n<td style=\"text-align: center;\">\n<div style=\"text-align: right;\">\n<div style=\"text-align: center;\">fotografia profissional infantil<\/div>\n<\/div>\n<\/td>\n<\/tr>\n<\/tbody>\n<\/table>\n<div style=\"text-align: right;\"><\/div>\n<table align=\"center\" cellpadding=\"0\" cellspacing=\"0\" style=\"margin-left: auto; margin-right: auto; text-align: center;\">\n<tbody>\n<tr>\n<td style=\"text-align: center;\"><a href=\"https:\/\/i0.wp.com\/2.bp.blogspot.com\/-0DmLfGXeMl0\/Tup4q1JugdI\/AAAAAAAACKQ\/tkJwyn5C0K4\/s1600\/fotografia-festas.jpg\" style=\"margin-left: auto; margin-right: auto;\"><img data-recalc-dims=\"1\" loading=\"lazy\" decoding=\"async\" alt=\"fotografia festas\" border=\"0\" height=\"426\" src=\"https:\/\/i0.wp.com\/2.bp.blogspot.com\/-0DmLfGXeMl0\/Tup4q1JugdI\/AAAAAAAACKQ\/tkJwyn5C0K4\/s640\/fotografia-festas.jpg?resize=640%2C426&#038;ssl=1\" title=\"fotografia festas\" width=\"640\" \/><\/a><\/td>\n<\/tr>\n<tr>\n<td style=\"text-align: center;\">\n<div style=\"text-align: right;\">\n<div style=\"text-align: center;\">fotografia festas<\/div>\n<\/div>\n<\/td>\n<\/tr>\n<\/tbody>\n<\/table>\n<div style=\"text-align: center;\"><\/div>\n<table align=\"center\" cellpadding=\"0\" cellspacing=\"0\" style=\"margin-left: auto; margin-right: auto; text-align: center;\">\n<tbody>\n<tr>\n<td style=\"text-align: center;\"><a href=\"https:\/\/i0.wp.com\/1.bp.blogspot.com\/-hzF-tyZaDIU\/Tup4rRUz25I\/AAAAAAAACKU\/Vefr6agZJTs\/s1600\/fotografias_de_fotografos_de_aniversario.jpg\" style=\"margin-left: auto; margin-right: auto;\"><img data-recalc-dims=\"1\" loading=\"lazy\" decoding=\"async\" alt=\"fotografia de fotografos de aniversario\" border=\"0\" height=\"304\" src=\"https:\/\/i0.wp.com\/1.bp.blogspot.com\/-hzF-tyZaDIU\/Tup4rRUz25I\/AAAAAAAACKU\/Vefr6agZJTs\/s640\/fotografias_de_fotografos_de_aniversario.jpg?resize=640%2C304&#038;ssl=1\" title=\"fotografia de fotografos de aniversario\" width=\"640\" \/><\/a><\/td>\n<\/tr>\n<tr>\n<td style=\"text-align: center;\">\n<div style=\"text-align: right;\">\n<div style=\"text-align: center;\">fotografia de fotografos de aniversario<\/div>\n<\/div>\n<\/td>\n<\/tr>\n<\/tbody>\n<\/table>\n<p><\/p>\n<table align=\"center\" cellpadding=\"0\" cellspacing=\"0\" style=\"margin-left: auto; margin-right: auto; text-align: center;\">\n<tbody>\n<tr>\n<td style=\"text-align: center;\"><a href=\"https:\/\/i0.wp.com\/2.bp.blogspot.com\/-6B9hsawsBZk\/Tup4r73YjxI\/AAAAAAAACKc\/xpMkvKEZqOw\/s1600\/fotografias_de_fotografos_infantis_sp.jpg\" style=\"margin-left: auto; margin-right: auto;\"><img data-recalc-dims=\"1\" loading=\"lazy\" decoding=\"async\" alt=\"fotografias de fotografos infantis\" border=\"0\" height=\"304\" src=\"https:\/\/i0.wp.com\/2.bp.blogspot.com\/-6B9hsawsBZk\/Tup4r73YjxI\/AAAAAAAACKc\/xpMkvKEZqOw\/s640\/fotografias_de_fotografos_infantis_sp.jpg?resize=640%2C304&#038;ssl=1\" title=\"fotografias de fotografos infantis\" width=\"640\" \/><\/a><\/td>\n<\/tr>\n<tr>\n<td style=\"text-align: center;\">\n<div style=\"text-align: right;\">\n<div style=\"text-align: center;\">fotografias de fotografos infantis<\/div>\n<\/div>\n<\/td>\n<\/tr>\n<\/tbody>\n<\/table>\n<p><\/p>\n<table align=\"center\" cellpadding=\"0\" cellspacing=\"0\" style=\"margin-left: auto; margin-right: auto; text-align: center;\">\n<tbody>\n<tr>\n<td style=\"text-align: center;\"><a href=\"https:\/\/i0.wp.com\/3.bp.blogspot.com\/-XOTmdycbUPc\/Tup4s3-2aII\/AAAAAAAACKk\/toub4-3-uzw\/s1600\/fotografias_infantis.jpg\" style=\"margin-left: auto; margin-right: auto;\"><img data-recalc-dims=\"1\" loading=\"lazy\" decoding=\"async\" alt=\"fotografias infantis\" border=\"0\" height=\"426\" src=\"https:\/\/i0.wp.com\/3.bp.blogspot.com\/-XOTmdycbUPc\/Tup4s3-2aII\/AAAAAAAACKk\/toub4-3-uzw\/s640\/fotografias_infantis.jpg?resize=640%2C426&#038;ssl=1\" title=\"fotografias infantis\" width=\"640\" \/><\/a><\/td>\n<\/tr>\n<tr>\n<td style=\"text-align: center;\">\n<div style=\"text-align: right;\">\n<div style=\"text-align: center;\">fotografias infantis<\/div>\n<\/div>\n<\/td>\n<\/tr>\n<\/tbody>\n<\/table>\n<p><\/p>\n<table align=\"center\" cellpadding=\"0\" cellspacing=\"0\" style=\"margin-left: auto; margin-right: auto; text-align: center;\">\n<tbody>\n<tr>\n<td style=\"text-align: center;\"><a href=\"https:\/\/i0.wp.com\/3.bp.blogspot.com\/-fIuxuHaRE6E\/Tup4tV517mI\/AAAAAAAACK0\/yHilrPK8Xcc\/s1600\/fotografias_profissionais.jpg\" style=\"margin-left: auto; margin-right: auto;\"><img data-recalc-dims=\"1\" loading=\"lazy\" decoding=\"async\" alt=\"fotografias profissionais\" border=\"0\" height=\"304\" src=\"https:\/\/i0.wp.com\/3.bp.blogspot.com\/-fIuxuHaRE6E\/Tup4tV517mI\/AAAAAAAACK0\/yHilrPK8Xcc\/s640\/fotografias_profissionais.jpg?resize=640%2C304&#038;ssl=1\" title=\"fotografias profissionais\" width=\"640\" \/><\/a><\/td>\n<\/tr>\n<tr>\n<td style=\"text-align: center;\">\n<div style=\"text-align: right;\">\n<div style=\"text-align: center;\">fotografias profissionais<\/div>\n<\/div>\n<\/td>\n<\/tr>\n<\/tbody>\n<\/table>\n<p><\/p>\n<table align=\"center\" cellpadding=\"0\" cellspacing=\"0\" style=\"margin-left: auto; margin-right: auto; text-align: center;\">\n<tbody>\n<tr>\n<td style=\"text-align: center;\"><a href=\"https:\/\/i0.wp.com\/2.bp.blogspot.com\/-KlriYDfzX1A\/Tup4uOtxP1I\/AAAAAAAACK8\/0c0dj6gPCGA\/s1600\/fotografias_profissionais_aniversario.jpg\" style=\"margin-left: auto; margin-right: auto;\"><img data-recalc-dims=\"1\" loading=\"lazy\" decoding=\"async\" alt=\"fotografias profissionais aniversario\" border=\"0\" height=\"304\" src=\"https:\/\/i0.wp.com\/2.bp.blogspot.com\/-KlriYDfzX1A\/Tup4uOtxP1I\/AAAAAAAACK8\/0c0dj6gPCGA\/s640\/fotografias_profissionais_aniversario.jpg?resize=640%2C304&#038;ssl=1\" title=\"fotografias profissionais aniversario\" width=\"640\" \/><\/a><\/td>\n<\/tr>\n<tr>\n<td style=\"text-align: center;\">\n<div style=\"text-align: right;\">\n<div style=\"text-align: center;\">fotografias profissionais aniversario<\/div>\n<\/div>\n<\/td>\n<\/tr>\n<\/tbody>\n<\/table>\n<p><\/p>\n<table align=\"center\" cellpadding=\"0\" cellspacing=\"0\" style=\"margin-left: auto; margin-right: auto; text-align: center;\">\n<tbody>\n<tr>\n<td style=\"text-align: center;\"><a href=\"https:\/\/i0.wp.com\/3.bp.blogspot.com\/-n1i8WC0i7XE\/Tup4unrElOI\/AAAAAAAACLA\/ZUMm91QfWQM\/s1600\/fotografo.jpg\" style=\"margin-left: auto; margin-right: auto;\"><img data-recalc-dims=\"1\" loading=\"lazy\" decoding=\"async\" alt=\"fotografo profissional\" border=\"0\" height=\"426\" src=\"https:\/\/i0.wp.com\/3.bp.blogspot.com\/-n1i8WC0i7XE\/Tup4unrElOI\/AAAAAAAACLA\/ZUMm91QfWQM\/s640\/fotografo.jpg?resize=640%2C426&#038;ssl=1\" title=\"fotografo profissional\" width=\"640\" \/><\/a><\/td>\n<\/tr>\n<tr>\n<td style=\"text-align: center;\">\n<div style=\"text-align: right;\">\n<div style=\"text-align: center;\">fotografo profissional<\/div>\n<\/div>\n<\/td>\n<\/tr>\n<\/tbody>\n<\/table>\n<p><\/p>\n<table align=\"center\" cellpadding=\"0\" cellspacing=\"0\" style=\"margin-left: auto; margin-right: auto; text-align: center;\">\n<tbody>\n<tr>\n<td style=\"text-align: center;\"><a href=\"https:\/\/i0.wp.com\/4.bp.blogspot.com\/-bfHG6NQK87M\/Tup4vMIgcqI\/AAAAAAAACLM\/37hVIC6UppQ\/s1600\/fotografo_aniversario_infantil.jpg\" style=\"margin-left: auto; margin-right: auto;\"><img data-recalc-dims=\"1\" loading=\"lazy\" decoding=\"async\" alt=\"fotografo aniversario infantil\" border=\"0\" height=\"426\" src=\"https:\/\/i0.wp.com\/4.bp.blogspot.com\/-bfHG6NQK87M\/Tup4vMIgcqI\/AAAAAAAACLM\/37hVIC6UppQ\/s640\/fotografo_aniversario_infantil.jpg?resize=640%2C426&#038;ssl=1\" title=\"fotografo aniversario infantil\" width=\"640\" \/><\/a><\/td>\n<\/tr>\n<tr>\n<td style=\"text-align: center;\">\n<div style=\"text-align: right;\">\n<div style=\"text-align: center;\">fotografo aniversario infantil<\/div>\n<\/div>\n<\/td>\n<\/tr>\n<\/tbody>\n<\/table>\n<p><\/p>\n<table align=\"center\" cellpadding=\"0\" cellspacing=\"0\" style=\"margin-left: auto; margin-right: auto; text-align: center;\">\n<tbody>\n<tr>\n<td style=\"text-align: center;\"><a href=\"https:\/\/i0.wp.com\/1.bp.blogspot.com\/-kfxM6LqhEcU\/Tup4vtqTVhI\/AAAAAAAACLU\/ARITmx-m8CA\/s1600\/fotografo_festa_infantil.jpg\" style=\"margin-left: auto; margin-right: auto;\"><img data-recalc-dims=\"1\" loading=\"lazy\" decoding=\"async\" alt=\"fotografo festa infantil\" border=\"0\" height=\"426\" src=\"https:\/\/i0.wp.com\/1.bp.blogspot.com\/-kfxM6LqhEcU\/Tup4vtqTVhI\/AAAAAAAACLU\/ARITmx-m8CA\/s640\/fotografo_festa_infantil.jpg?resize=640%2C426&#038;ssl=1\" title=\"fotografo festa infantil\" width=\"640\" \/><\/a><\/td>\n<\/tr>\n<tr>\n<td style=\"text-align: center;\">\n<div style=\"text-align: right;\">\n<div style=\"text-align: center;\">fotografo festa infantil<\/div>\n<\/div>\n<\/td>\n<\/tr>\n<\/tbody>\n<\/table>\n<p><\/p>\n<table align=\"center\" cellpadding=\"0\" cellspacing=\"0\" style=\"margin-left: auto; margin-right: auto; text-align: center;\">\n<tbody>\n<tr>\n<td style=\"text-align: center;\"><a href=\"https:\/\/i0.wp.com\/1.bp.blogspot.com\/-LIYCtE6M26w\/Tup4wGk9dqI\/AAAAAAAACLc\/j-L2Fz57eqg\/s1600\/fotografo_para_festa_sp.jpg\" style=\"margin-left: auto; margin-right: auto;\"><img data-recalc-dims=\"1\" loading=\"lazy\" decoding=\"async\" alt=\"fotografo para festa sp\" border=\"0\" height=\"304\" src=\"https:\/\/i0.wp.com\/1.bp.blogspot.com\/-LIYCtE6M26w\/Tup4wGk9dqI\/AAAAAAAACLc\/j-L2Fz57eqg\/s640\/fotografo_para_festa_sp.jpg?resize=640%2C304&#038;ssl=1\" title=\"fotografo para festa sp\" width=\"640\" \/><\/a><\/td>\n<\/tr>\n<tr>\n<td style=\"text-align: center;\">\n<div style=\"text-align: right;\">\n<div style=\"text-align: center;\">fotografo para festa sp<\/div>\n<\/div>\n<\/td>\n<\/tr>\n<\/tbody>\n<\/table>\n<p><\/p>\n<table align=\"center\" cellpadding=\"0\" cellspacing=\"0\" style=\"margin-left: auto; margin-right: auto; text-align: center;\">\n<tbody>\n<tr>\n<td style=\"text-align: center;\"><a href=\"https:\/\/i0.wp.com\/3.bp.blogspot.com\/-dC-o1yDmSJ0\/Tup4w9IHq4I\/AAAAAAAACLk\/QH5etFYymik\/s1600\/fotografo_sp.jpg\" style=\"margin-left: auto; margin-right: auto;\"><img data-recalc-dims=\"1\" loading=\"lazy\" decoding=\"async\" alt=\"fotografo sp\" border=\"0\" height=\"426\" src=\"https:\/\/i0.wp.com\/3.bp.blogspot.com\/-dC-o1yDmSJ0\/Tup4w9IHq4I\/AAAAAAAACLk\/QH5etFYymik\/s640\/fotografo_sp.jpg?resize=640%2C426&#038;ssl=1\" title=\"fotografo sp\" width=\"640\" \/><\/a><\/td>\n<\/tr>\n<tr>\n<td style=\"text-align: center;\">\n<div style=\"text-align: right;\">\n<div style=\"text-align: center;\">fotografo sp<\/div>\n<\/div>\n<\/td>\n<\/tr>\n<\/tbody>\n<\/table>\n<p><\/p>\n<table align=\"center\" cellpadding=\"0\" cellspacing=\"0\" style=\"margin-left: auto; margin-right: auto; text-align: center;\">\n<tbody>\n<tr>\n<td style=\"text-align: center;\"><a href=\"https:\/\/i0.wp.com\/3.bp.blogspot.com\/-fYSVHg-n0qo\/Tup4xDETYRI\/AAAAAAAACLs\/HW3Dy_4WjWs\/s1600\/fotografos.jpg\" style=\"margin-left: auto; margin-right: auto;\"><img data-recalc-dims=\"1\" loading=\"lazy\" decoding=\"async\" alt=\"fotografos\" border=\"0\" height=\"426\" src=\"https:\/\/i0.wp.com\/3.bp.blogspot.com\/-fYSVHg-n0qo\/Tup4xDETYRI\/AAAAAAAACLs\/HW3Dy_4WjWs\/s640\/fotografos.jpg?resize=640%2C426&#038;ssl=1\" title=\"fotografos\" width=\"640\" \/><\/a><\/td>\n<\/tr>\n<tr>\n<td style=\"text-align: center;\">\n<div style=\"text-align: right;\">\n<div style=\"text-align: center;\">fotografos<\/div>\n<\/div>\n<\/td>\n<\/tr>\n<\/tbody>\n<\/table>\n<p><\/p>\n<table align=\"center\" cellpadding=\"0\" cellspacing=\"0\" style=\"margin-left: auto; margin-right: auto; text-align: center;\">\n<tbody>\n<tr>\n<td style=\"text-align: center;\"><a href=\"https:\/\/i0.wp.com\/4.bp.blogspot.com\/-VrJMoSfVHtg\/Tup4xnarIFI\/AAAAAAAACL4\/_Wm7rqKcC0g\/s1600\/fotografos_aniversarios_infantis.jpg\" style=\"margin-left: auto; margin-right: auto;\"><img data-recalc-dims=\"1\" loading=\"lazy\" decoding=\"async\" alt=\"fotografos aniversarios infantis\" border=\"0\" height=\"426\" src=\"https:\/\/i0.wp.com\/4.bp.blogspot.com\/-VrJMoSfVHtg\/Tup4xnarIFI\/AAAAAAAACL4\/_Wm7rqKcC0g\/s640\/fotografos_aniversarios_infantis.jpg?resize=640%2C426&#038;ssl=1\" title=\"fotografos aniversarios infantis\" width=\"640\" \/><\/a><\/td>\n<\/tr>\n<tr>\n<td style=\"text-align: center;\">\n<div style=\"text-align: right;\">\n<div style=\"text-align: center;\">fotografos aniversarios infantis<\/div>\n<\/div>\n<\/td>\n<\/tr>\n<\/tbody>\n<\/table>\n<p><\/p>\n<table align=\"center\" cellpadding=\"0\" cellspacing=\"0\" style=\"margin-left: auto; margin-right: auto; text-align: center;\">\n<tbody>\n<tr>\n<td style=\"text-align: center;\"><a href=\"https:\/\/i0.wp.com\/4.bp.blogspot.com\/-4ZGfYtwcqGo\/Tup4yI_FF3I\/AAAAAAAACMA\/NvUA1CT0fx4\/s1600\/fotografos_de_aniversario.jpg\" style=\"margin-left: auto; margin-right: auto;\"><img data-recalc-dims=\"1\" loading=\"lazy\" decoding=\"async\" alt=\"fotografos de aniversario\" border=\"0\" height=\"304\" src=\"https:\/\/i0.wp.com\/4.bp.blogspot.com\/-4ZGfYtwcqGo\/Tup4yI_FF3I\/AAAAAAAACMA\/NvUA1CT0fx4\/s640\/fotografos_de_aniversario.jpg?resize=640%2C304&#038;ssl=1\" title=\"fotografos de aniversario\" width=\"640\" \/><\/a><\/td>\n<\/tr>\n<tr>\n<td style=\"text-align: center;\">\n<div style=\"text-align: right;\">\n<div style=\"text-align: center;\">fotografos de aniversario<\/div>\n<\/div>\n<\/td>\n<\/tr>\n<\/tbody>\n<\/table>\n<p><\/p>\n<table align=\"center\" cellpadding=\"0\" cellspacing=\"0\" style=\"margin-left: auto; margin-right: auto; text-align: center;\">\n<tbody>\n<tr>\n<td style=\"text-align: center;\"><a href=\"https:\/\/i0.wp.com\/4.bp.blogspot.com\/-Gnhauqu00Uo\/Tup4ygm2LyI\/AAAAAAAACMI\/DFo7bPHbBEU\/s1600\/fotografos_de_festas_crianca_sp.jpg\" style=\"margin-left: auto; margin-right: auto;\"><img data-recalc-dims=\"1\" loading=\"lazy\" decoding=\"async\" alt=\"fotografos de festas de aniversario sp\" border=\"0\" height=\"304\" src=\"https:\/\/i0.wp.com\/4.bp.blogspot.com\/-Gnhauqu00Uo\/Tup4ygm2LyI\/AAAAAAAACMI\/DFo7bPHbBEU\/s640\/fotografos_de_festas_crianca_sp.jpg?resize=640%2C304&#038;ssl=1\" title=\"fotografos de festas de aniversario sp\" width=\"640\" \/><\/a><\/td>\n<\/tr>\n<tr>\n<td style=\"text-align: center;\">\n<div style=\"text-align: right;\">\n<div style=\"text-align: center;\">fotografos de festas de aniversario sp<\/div>\n<\/div>\n<\/td>\n<\/tr>\n<\/tbody>\n<\/table>\n<p><\/p>\n<table align=\"center\" cellpadding=\"0\" cellspacing=\"0\" style=\"margin-left: auto; margin-right: auto; text-align: center;\">\n<tbody>\n<tr>\n<td style=\"text-align: center;\"><a href=\"https:\/\/i0.wp.com\/4.bp.blogspot.com\/-kTVxe28E4s4\/Tup4zInCpdI\/AAAAAAAACMQ\/MXo9lBJdSv4\/s1600\/fotografos_festa_aniversario.jpg\" style=\"margin-left: auto; margin-right: auto;\"><img data-recalc-dims=\"1\" loading=\"lazy\" decoding=\"async\" alt=\"fotografos festa aniversario\" border=\"0\" height=\"304\" src=\"https:\/\/i0.wp.com\/4.bp.blogspot.com\/-kTVxe28E4s4\/Tup4zInCpdI\/AAAAAAAACMQ\/MXo9lBJdSv4\/s640\/fotografos_festa_aniversario.jpg?resize=640%2C304&#038;ssl=1\" title=\"fotografos festa aniversario\" width=\"640\" \/><\/a><\/td>\n<\/tr>\n<tr>\n<td style=\"text-align: center;\">\n<div style=\"text-align: right;\">\n<div style=\"text-align: center;\">fotografos festa aniversario<\/div>\n<\/div>\n<\/td>\n<\/tr>\n<\/tbody>\n<\/table>\n<p><\/p>\n<table align=\"center\" cellpadding=\"0\" cellspacing=\"0\" style=\"margin-left: auto; margin-right: auto; text-align: center;\">\n<tbody>\n<tr>\n<td style=\"text-align: center;\"><a href=\"https:\/\/i0.wp.com\/4.bp.blogspot.com\/-ZFk7a2kQ9CQ\/Tup4zbLiJGI\/AAAAAAAACMY\/uGFHLzWOlPA\/s1600\/fotografos_festa_sp.jpg\" style=\"margin-left: auto; margin-right: auto;\"><img data-recalc-dims=\"1\" loading=\"lazy\" decoding=\"async\" alt=\"fotografos festa sp\" border=\"0\" height=\"426\" src=\"https:\/\/i0.wp.com\/4.bp.blogspot.com\/-ZFk7a2kQ9CQ\/Tup4zbLiJGI\/AAAAAAAACMY\/uGFHLzWOlPA\/s640\/fotografos_festa_sp.jpg?resize=640%2C426&#038;ssl=1\" title=\"fotografos festa sp\" width=\"640\" \/><\/a><\/td>\n<\/tr>\n<tr>\n<td style=\"text-align: center;\">\n<div style=\"text-align: right;\">\n<div style=\"text-align: center;\">fotografos festa sp<\/div>\n<\/div>\n<\/td>\n<\/tr>\n<\/tbody>\n<\/table>\n<p><\/p>\n<table align=\"center\" cellpadding=\"0\" cellspacing=\"0\" style=\"margin-left: auto; margin-right: auto; text-align: center;\">\n<tbody>\n<tr>\n<td style=\"text-align: center;\"><a href=\"https:\/\/i0.wp.com\/1.bp.blogspot.com\/-xc6ImQ0esTs\/Tup4zwBClCI\/AAAAAAAACMg\/NpF5XjSWiuM\/s1600\/fotografos_festas_infantis.jpg\" style=\"margin-left: auto; margin-right: auto;\"><img data-recalc-dims=\"1\" loading=\"lazy\" decoding=\"async\" alt=\"fotografos festas infantis\" border=\"0\" height=\"426\" src=\"https:\/\/i0.wp.com\/1.bp.blogspot.com\/-xc6ImQ0esTs\/Tup4zwBClCI\/AAAAAAAACMg\/NpF5XjSWiuM\/s640\/fotografos_festas_infantis.jpg?resize=640%2C426&#038;ssl=1\" title=\"fotografos festas infantis\" width=\"640\" \/><\/a><\/td>\n<\/tr>\n<tr>\n<td style=\"text-align: center;\">\n<div style=\"text-align: right;\">\n<div style=\"text-align: center;\">fotografos festas infantis<\/div>\n<\/div>\n<\/td>\n<\/tr>\n<\/tbody>\n<\/table>\n<p><\/p>\n<table align=\"center\" cellpadding=\"0\" cellspacing=\"0\" style=\"margin-left: auto; margin-right: auto; text-align: center;\">\n<tbody>\n<tr>\n<td style=\"text-align: center;\"><a href=\"https:\/\/i0.wp.com\/3.bp.blogspot.com\/--Xao17jcX0A\/Tup40j2aWAI\/AAAAAAAACMo\/dduXCREOcrc\/s1600\/fotografos_festas_sp.jpg\" style=\"margin-left: auto; margin-right: auto;\"><img data-recalc-dims=\"1\" loading=\"lazy\" decoding=\"async\" alt=\"fotografos festas sp\" border=\"0\" height=\"304\" src=\"https:\/\/i0.wp.com\/3.bp.blogspot.com\/--Xao17jcX0A\/Tup40j2aWAI\/AAAAAAAACMo\/dduXCREOcrc\/s640\/fotografos_festas_sp.jpg?resize=640%2C304&#038;ssl=1\" title=\"fotografos festas sp\" width=\"640\" \/><\/a><\/td>\n<\/tr>\n<tr>\n<td style=\"text-align: center;\">\n<div style=\"text-align: right;\">\n<div style=\"text-align: center;\">fotografos festas sp<\/div>\n<\/div>\n<\/td>\n<\/tr>\n<\/tbody>\n<\/table>\n<p><\/p>\n<table align=\"center\" cellpadding=\"0\" cellspacing=\"0\" style=\"margin-left: auto; margin-right: auto; text-align: center;\">\n<tbody>\n<tr>\n<td style=\"text-align: center;\"><a href=\"https:\/\/i0.wp.com\/1.bp.blogspot.com\/-X5jHEv1yB3A\/Tup408LBtvI\/AAAAAAAACMw\/mr_BEHocBJI\/s1600\/fotografos_para_festa.jpg\" style=\"margin-left: auto; margin-right: auto;\"><img data-recalc-dims=\"1\" loading=\"lazy\" decoding=\"async\" alt=\"fotografos para festa\" border=\"0\" height=\"304\" src=\"https:\/\/i0.wp.com\/1.bp.blogspot.com\/-X5jHEv1yB3A\/Tup408LBtvI\/AAAAAAAACMw\/mr_BEHocBJI\/s640\/fotografos_para_festa.jpg?resize=640%2C304&#038;ssl=1\" title=\"fotografos para festa\" width=\"640\" \/><\/a><\/td>\n<\/tr>\n<tr>\n<td style=\"text-align: center;\">\n<div style=\"text-align: right;\">\n<div style=\"text-align: center;\">fotografos para festa<\/div>\n<\/div>\n<\/td>\n<\/tr>\n<\/tbody>\n<\/table>\n<p><\/p>\n<table align=\"center\" cellpadding=\"0\" cellspacing=\"0\" style=\"margin-left: auto; margin-right: auto; text-align: center;\">\n<tbody>\n<tr>\n<td style=\"text-align: center;\"><a href=\"https:\/\/i0.wp.com\/4.bp.blogspot.com\/-FZv0lVmHAbA\/Tup41cnZIuI\/AAAAAAAACM4\/CQEGwhVXzFY\/s1600\/fotografos_profissionais_de_crianca.jpg\" style=\"margin-left: auto; margin-right: auto;\"><img data-recalc-dims=\"1\" loading=\"lazy\" decoding=\"async\" alt=\"fotografos profissionais de crian\u00e7as\" border=\"0\" height=\"304\" src=\"https:\/\/i0.wp.com\/4.bp.blogspot.com\/-FZv0lVmHAbA\/Tup41cnZIuI\/AAAAAAAACM4\/CQEGwhVXzFY\/s640\/fotografos_profissionais_de_crianca.jpg?resize=640%2C304&#038;ssl=1\" title=\"fotografos profissionais de crian\u00e7as\" width=\"640\" \/><\/a><\/td>\n<\/tr>\n<tr>\n<td style=\"text-align: center;\">\n<div style=\"text-align: right;\">\n<div style=\"text-align: center;\">fotografos profissionais de crian\u00e7as<\/div>\n<\/div>\n<\/td>\n<\/tr>\n<\/tbody>\n<\/table>\n<p><\/p>\n<table align=\"center\" cellpadding=\"0\" cellspacing=\"0\" style=\"margin-left: auto; margin-right: auto; text-align: center;\">\n<tbody>\n<tr>\n<td style=\"text-align: center;\"><a href=\"https:\/\/i0.wp.com\/3.bp.blogspot.com\/-0mr9YBeX9kA\/Tup411HRDrI\/AAAAAAAACNA\/aWzZeshHXPM\/s1600\/fotografos_profissionais_sp2.jpg\" style=\"margin-left: auto; margin-right: auto;\"><img data-recalc-dims=\"1\" loading=\"lazy\" decoding=\"async\" alt=\"fotografos profissionais sp\" border=\"0\" height=\"304\" src=\"https:\/\/i0.wp.com\/3.bp.blogspot.com\/-0mr9YBeX9kA\/Tup411HRDrI\/AAAAAAAACNA\/aWzZeshHXPM\/s640\/fotografos_profissionais_sp2.jpg?resize=640%2C304&#038;ssl=1\" title=\"fotografos profissionais sp\" width=\"640\" \/><\/a><\/td>\n<\/tr>\n<tr>\n<td style=\"text-align: center;\">\n<div style=\"text-align: right;\">\n<div style=\"text-align: center;\">fotografos profissionais sp<\/div>\n<\/div>\n<\/td>\n<\/tr>\n<\/tbody>\n<\/table>\n<p><\/p>\n<table align=\"center\" cellpadding=\"0\" cellspacing=\"0\" style=\"margin-left: auto; margin-right: auto; text-align: center;\">\n<tbody>\n<tr>\n<td style=\"text-align: center;\"><a href=\"https:\/\/i0.wp.com\/2.bp.blogspot.com\/-OS3SJLYTA-w\/Tup42ZBOGaI\/AAAAAAAACNE\/_imQpf8bDJU\/s1600\/fotos_aniversariante.jpg\" style=\"margin-left: auto; margin-right: auto;\"><img data-recalc-dims=\"1\" loading=\"lazy\" decoding=\"async\" alt=\"fotos aniversariante\" border=\"0\" height=\"304\" src=\"https:\/\/i0.wp.com\/2.bp.blogspot.com\/-OS3SJLYTA-w\/Tup42ZBOGaI\/AAAAAAAACNE\/_imQpf8bDJU\/s640\/fotos_aniversariante.jpg?resize=640%2C304&#038;ssl=1\" title=\"fotos aniversariante\" width=\"640\" \/><\/a><\/td>\n<\/tr>\n<tr>\n<td style=\"text-align: center;\">\n<div style=\"text-align: right;\">\n<div style=\"text-align: center;\">fotos aniversariante<\/div>\n<\/div>\n<\/td>\n<\/tr>\n<\/tbody>\n<\/table>\n<p><\/p>\n<table align=\"center\" cellpadding=\"0\" cellspacing=\"0\" style=\"margin-left: auto; margin-right: auto; text-align: center;\">\n<tbody>\n<tr>\n<td style=\"text-align: center;\"><a href=\"https:\/\/i0.wp.com\/1.bp.blogspot.com\/-hVdUsaSGLps\/Tup4237yHbI\/AAAAAAAACNQ\/LDt-VL9KulM\/s1600\/fotos_aniversario_bebes.jpg\" style=\"margin-left: auto; margin-right: auto;\"><img data-recalc-dims=\"1\" loading=\"lazy\" decoding=\"async\" alt=\"fotos aniversario bebes\" border=\"0\" height=\"304\" src=\"https:\/\/i0.wp.com\/1.bp.blogspot.com\/-hVdUsaSGLps\/Tup4237yHbI\/AAAAAAAACNQ\/LDt-VL9KulM\/s640\/fotos_aniversario_bebes.jpg?resize=640%2C304&#038;ssl=1\" title=\"fotos aniversario bebes\" width=\"640\" \/><\/a><\/td>\n<\/tr>\n<tr>\n<td style=\"text-align: center;\">\n<div style=\"text-align: right;\">\n<div style=\"text-align: center;\">fotos aniversario bebes<\/div>\n<\/div>\n<\/td>\n<\/tr>\n<\/tbody>\n<\/table>\n<p><\/p>\n<table align=\"center\" cellpadding=\"0\" cellspacing=\"0\" style=\"margin-left: auto; margin-right: auto; text-align: center;\">\n<tbody>\n<tr>\n<td style=\"text-align: center;\"><a href=\"https:\/\/i0.wp.com\/1.bp.blogspot.com\/-Eex3aYYGKPg\/Tup43QQtUZI\/AAAAAAAACNY\/O6n9tkFy5U8\/s1600\/fotos_aniversario_infantil.jpg\" style=\"margin-left: auto; margin-right: auto;\"><img data-recalc-dims=\"1\" loading=\"lazy\" decoding=\"async\" alt=\"fotos aniversario infantil\" border=\"0\" height=\"426\" src=\"https:\/\/i0.wp.com\/1.bp.blogspot.com\/-Eex3aYYGKPg\/Tup43QQtUZI\/AAAAAAAACNY\/O6n9tkFy5U8\/s640\/fotos_aniversario_infantil.jpg?resize=640%2C426&#038;ssl=1\" title=\"fotos aniversario infantil\" width=\"640\" \/><\/a><\/td>\n<\/tr>\n<tr>\n<td style=\"text-align: center;\">\n<div style=\"text-align: right;\">\n<div style=\"text-align: center;\">fotos aniversario infantil<\/div>\n<\/div>\n<\/td>\n<\/tr>\n<\/tbody>\n<\/table>\n<p><\/p>\n<table align=\"center\" cellpadding=\"0\" cellspacing=\"0\" style=\"margin-left: auto; margin-right: auto; text-align: center;\">\n<tbody>\n<tr>\n<td style=\"text-align: center;\"><a href=\"https:\/\/i0.wp.com\/1.bp.blogspot.com\/-rwTdPwnttGg\/Tup43nMpGiI\/AAAAAAAACNg\/5YQvZ1NTVws\/s1600\/fotos_book_fotografico_infantil.jpg\" style=\"margin-left: auto; margin-right: auto;\"><img data-recalc-dims=\"1\" loading=\"lazy\" decoding=\"async\" alt=\"fotos book fotografico infantil\" border=\"0\" height=\"426\" src=\"https:\/\/i0.wp.com\/1.bp.blogspot.com\/-rwTdPwnttGg\/Tup43nMpGiI\/AAAAAAAACNg\/5YQvZ1NTVws\/s640\/fotos_book_fotografico_infantil.jpg?resize=640%2C426&#038;ssl=1\" title=\"fotos book fotografico infantil\" width=\"640\" \/><\/a><\/td>\n<\/tr>\n<tr>\n<td style=\"text-align: center;\">\n<div style=\"text-align: right;\">\n<div style=\"text-align: center;\">fotos book fotografico infantil<\/div>\n<\/div>\n<\/td>\n<\/tr>\n<\/tbody>\n<\/table>\n<p><\/p>\n<table align=\"center\" cellpadding=\"0\" cellspacing=\"0\" style=\"margin-left: auto; margin-right: auto; text-align: center;\">\n<tbody>\n<tr>\n<td style=\"text-align: center;\"><a href=\"https:\/\/i0.wp.com\/2.bp.blogspot.com\/-23Iczym4yT0\/Tup44AqUjSI\/AAAAAAAACNo\/9l2AExIFH-w\/s1600\/fotos_book_infantil_sp.jpg\" style=\"margin-left: auto; margin-right: auto;\"><img data-recalc-dims=\"1\" loading=\"lazy\" decoding=\"async\" alt=\"fotos book infantil sp\" border=\"0\" height=\"426\" src=\"https:\/\/i0.wp.com\/2.bp.blogspot.com\/-23Iczym4yT0\/Tup44AqUjSI\/AAAAAAAACNo\/9l2AExIFH-w\/s640\/fotos_book_infantil_sp.jpg?resize=640%2C426&#038;ssl=1\" title=\"fotos book infantil sp\" width=\"640\" \/><\/a><\/td>\n<\/tr>\n<tr>\n<td style=\"text-align: center;\">\n<div style=\"text-align: right;\">\n<div style=\"text-align: center;\">fotos book infantil sp<\/div>\n<\/div>\n<\/td>\n<\/tr>\n<\/tbody>\n<\/table>\n<p><\/p>\n<table align=\"center\" cellpadding=\"0\" cellspacing=\"0\" style=\"margin-left: auto; margin-right: auto; text-align: center;\">\n<tbody>\n<tr>\n<td style=\"text-align: center;\"><a href=\"https:\/\/i0.wp.com\/2.bp.blogspot.com\/-DUAQkNvdHzs\/Tup44s3ZIXI\/AAAAAAAACNw\/7yHwkFuaX1A\/s1600\/fotos_buffet_infantil.jpg\" style=\"margin-left: auto; margin-right: auto;\"><img data-recalc-dims=\"1\" loading=\"lazy\" decoding=\"async\" alt=\"fotos buffet infantil\" border=\"0\" height=\"426\" src=\"https:\/\/i0.wp.com\/2.bp.blogspot.com\/-DUAQkNvdHzs\/Tup44s3ZIXI\/AAAAAAAACNw\/7yHwkFuaX1A\/s640\/fotos_buffet_infantil.jpg?resize=640%2C426&#038;ssl=1\" title=\"fotos buffet infantil\" width=\"640\" \/><\/a><\/td>\n<\/tr>\n<tr>\n<td style=\"text-align: center;\">\n<div style=\"text-align: right;\">\n<div style=\"text-align: center;\">fotos buffet infantil<\/div>\n<\/div>\n<\/td>\n<\/tr>\n<\/tbody>\n<\/table>\n<p><\/p>\n<table align=\"center\" cellpadding=\"0\" cellspacing=\"0\" style=\"margin-left: auto; margin-right: auto; text-align: center;\">\n<tbody>\n<tr>\n<td style=\"text-align: center;\"><a href=\"https:\/\/i0.wp.com\/3.bp.blogspot.com\/-h5BF705a_xU\/Tup45CGWSLI\/AAAAAAAACN4\/okAD5nb6BFQ\/s1600\/fotos_criancas_festas.jpg\" style=\"margin-left: auto; margin-right: auto;\"><img data-recalc-dims=\"1\" loading=\"lazy\" decoding=\"async\" alt=\"fotos crian\u00e7as festas\" border=\"0\" height=\"304\" src=\"https:\/\/i0.wp.com\/3.bp.blogspot.com\/-h5BF705a_xU\/Tup45CGWSLI\/AAAAAAAACN4\/okAD5nb6BFQ\/s640\/fotos_criancas_festas.jpg?resize=640%2C304&#038;ssl=1\" title=\"fotos crian\u00e7as festas\" width=\"640\" \/><\/a><\/td>\n<\/tr>\n<tr>\n<td style=\"text-align: center;\">\n<div style=\"text-align: right;\">\n<div style=\"text-align: center;\">fotos crian\u00e7as festas<\/div>\n<\/div>\n<\/td>\n<\/tr>\n<\/tbody>\n<\/table>\n<p><\/p>\n<table align=\"center\" cellpadding=\"0\" cellspacing=\"0\" style=\"margin-left: auto; margin-right: auto; text-align: center;\">\n<tbody>\n<tr>\n<td style=\"text-align: center;\"><a href=\"https:\/\/i0.wp.com\/1.bp.blogspot.com\/-wN3JfCQOYvg\/Tup45q21V1I\/AAAAAAAACOA\/2iwPOspnB5M\/s1600\/fotos_de_festa_de_aniversario_infantil.jpg\" style=\"margin-left: auto; margin-right: auto;\"><img data-recalc-dims=\"1\" loading=\"lazy\" decoding=\"async\" alt=\"fotos de festa de aniversario infantil\" border=\"0\" height=\"304\" src=\"https:\/\/i0.wp.com\/1.bp.blogspot.com\/-wN3JfCQOYvg\/Tup45q21V1I\/AAAAAAAACOA\/2iwPOspnB5M\/s640\/fotos_de_festa_de_aniversario_infantil.jpg?resize=640%2C304&#038;ssl=1\" title=\"fotos de festa de aniversario infantil\" width=\"640\" \/><\/a><\/td>\n<\/tr>\n<tr>\n<td style=\"text-align: center;\">\n<div style=\"text-align: right;\">\n<div style=\"text-align: center;\">fotos de festa de aniversario infantil<\/div>\n<\/div>\n<\/td>\n<\/tr>\n<\/tbody>\n<\/table>\n<p><\/p>\n<table align=\"center\" cellpadding=\"0\" cellspacing=\"0\" style=\"margin-left: auto; margin-right: auto; text-align: center;\">\n<tbody>\n<tr>\n<td style=\"text-align: center;\"><a href=\"https:\/\/i0.wp.com\/4.bp.blogspot.com\/-LtUunyClVeA\/Tup46BVJPSI\/AAAAAAAACOI\/bxleg7Zq_qI\/s1600\/fotos_festa_aniversario_em_buffet.jpg\" style=\"margin-left: auto; margin-right: auto;\"><img data-recalc-dims=\"1\" loading=\"lazy\" decoding=\"async\" alt=\"fotos festa aniversario em buffet\" border=\"0\" height=\"304\" src=\"https:\/\/i0.wp.com\/4.bp.blogspot.com\/-LtUunyClVeA\/Tup46BVJPSI\/AAAAAAAACOI\/bxleg7Zq_qI\/s640\/fotos_festa_aniversario_em_buffet.jpg?resize=640%2C304&#038;ssl=1\" title=\"fotos festa aniversario em buffet\" width=\"640\" \/><\/a><\/td>\n<\/tr>\n<tr>\n<td style=\"text-align: center;\">\n<div style=\"text-align: right;\">\n<div style=\"text-align: center;\">fotos festa aniversario em buffet<\/div>\n<\/div>\n<\/td>\n<\/tr>\n<\/tbody>\n<\/table>\n<p><\/p>\n<table align=\"center\" cellpadding=\"0\" cellspacing=\"0\" style=\"margin-left: auto; margin-right: auto; text-align: center;\">\n<tbody>\n<tr>\n<td style=\"text-align: center;\"><a href=\"https:\/\/i0.wp.com\/3.bp.blogspot.com\/-Vxclg3-mBoU\/Tup46xEt1-I\/AAAAAAAACOQ\/NPmGV_Bd9QM\/s1600\/fotos_festa_crianca.jpg\" style=\"margin-left: auto; margin-right: auto;\"><img data-recalc-dims=\"1\" loading=\"lazy\" decoding=\"async\" alt=\"fotos festa crian\u00e7a\" border=\"0\" height=\"304\" src=\"https:\/\/i0.wp.com\/3.bp.blogspot.com\/-Vxclg3-mBoU\/Tup46xEt1-I\/AAAAAAAACOQ\/NPmGV_Bd9QM\/s640\/fotos_festa_crianca.jpg?resize=640%2C304&#038;ssl=1\" title=\"fotos festa crian\u00e7a\" width=\"640\" \/><\/a><\/td>\n<\/tr>\n<tr>\n<td style=\"text-align: center;\">\n<div style=\"text-align: right;\">\n<div style=\"text-align: center;\">fotos festa crian\u00e7a<\/div>\n<\/div>\n<\/td>\n<\/tr>\n<\/tbody>\n<\/table>\n<p><\/p>\n<table align=\"center\" cellpadding=\"0\" cellspacing=\"0\" style=\"margin-left: auto; margin-right: auto; text-align: center;\">\n<tbody>\n<tr>\n<td style=\"text-align: center;\"><a href=\"https:\/\/i0.wp.com\/1.bp.blogspot.com\/-keIXLP8Q1FY\/Tup47er1SmI\/AAAAAAAACOY\/UD19lyaKgik\/s1600\/fotos_festa_infantil.jpg\" style=\"margin-left: auto; margin-right: auto;\"><img data-recalc-dims=\"1\" loading=\"lazy\" decoding=\"async\" alt=\"fotos festa infantil\" border=\"0\" height=\"426\" src=\"https:\/\/i0.wp.com\/1.bp.blogspot.com\/-keIXLP8Q1FY\/Tup47er1SmI\/AAAAAAAACOY\/UD19lyaKgik\/s640\/fotos_festa_infantil.jpg?resize=640%2C426&#038;ssl=1\" title=\"fotos festa infantil\" width=\"640\" \/><\/a><\/td>\n<\/tr>\n<tr>\n<td style=\"text-align: center;\">\n<div style=\"text-align: right;\">\n<div style=\"text-align: center;\">fotos festa infantil<\/div>\n<\/div>\n<\/td>\n<\/tr>\n<\/tbody>\n<\/table>\n<p><\/p>\n<table align=\"center\" cellpadding=\"0\" cellspacing=\"0\" style=\"margin-left: auto; margin-right: auto; text-align: center;\">\n<tbody>\n<tr>\n<td style=\"text-align: center;\"><a href=\"https:\/\/i0.wp.com\/4.bp.blogspot.com\/-d65_a7X6vcc\/Tup4799SMcI\/AAAAAAAACOg\/M5HUhPxotRQ\/s1600\/fotos_festas.jpg\" style=\"margin-left: auto; margin-right: auto;\"><img data-recalc-dims=\"1\" loading=\"lazy\" decoding=\"async\" alt=\"fotos festas\" border=\"0\" height=\"304\" src=\"https:\/\/i0.wp.com\/4.bp.blogspot.com\/-d65_a7X6vcc\/Tup4799SMcI\/AAAAAAAACOg\/M5HUhPxotRQ\/s640\/fotos_festas.jpg?resize=640%2C304&#038;ssl=1\" title=\"fotos festas\" width=\"640\" \/><\/a><\/td>\n<\/tr>\n<tr>\n<td style=\"text-align: center;\">\n<div style=\"text-align: right;\">\n<div style=\"text-align: center;\">fotos festas<\/div>\n<\/div>\n<\/td>\n<\/tr>\n<\/tbody>\n<\/table>\n<p><\/p>\n<table align=\"center\" cellpadding=\"0\" cellspacing=\"0\" style=\"margin-left: auto; margin-right: auto; text-align: center;\">\n<tbody>\n<tr>\n<td style=\"text-align: center;\"><a href=\"https:\/\/i0.wp.com\/3.bp.blogspot.com\/-yJdycdd7GGQ\/Tup48bY86DI\/AAAAAAAACOo\/pjaZWI9bn3U\/s1600\/fotos_festas_bebes.jpg\" style=\"margin-left: auto; margin-right: auto;\"><img data-recalc-dims=\"1\" loading=\"lazy\" decoding=\"async\" alt=\"fotos festas bebes\" border=\"0\" height=\"304\" src=\"https:\/\/i0.wp.com\/3.bp.blogspot.com\/-yJdycdd7GGQ\/Tup48bY86DI\/AAAAAAAACOo\/pjaZWI9bn3U\/s640\/fotos_festas_bebes.jpg?resize=640%2C304&#038;ssl=1\" title=\"fotos festas bebes\" width=\"640\" \/><\/a><\/td>\n<\/tr>\n<tr>\n<td style=\"text-align: center;\">\n<div style=\"text-align: right;\">\n<div style=\"text-align: center;\">fotos festas bebes<\/div>\n<\/div>\n<\/td>\n<\/tr>\n<\/tbody>\n<\/table>\n<p><\/p>\n<table align=\"center\" cellpadding=\"0\" cellspacing=\"0\" style=\"margin-left: auto; margin-right: auto; text-align: center;\">\n<tbody>\n<tr>\n<td style=\"text-align: center;\"><a href=\"https:\/\/i0.wp.com\/3.bp.blogspot.com\/-LsZ9BE0KR-E\/Tup49IGCaxI\/AAAAAAAACOw\/RRqMp_9lSaE\/s1600\/fotos_festas_infantis.jpg\" style=\"margin-left: auto; margin-right: auto;\"><img data-recalc-dims=\"1\" loading=\"lazy\" decoding=\"async\" alt=\"fotos festas infantis\" border=\"0\" height=\"426\" src=\"https:\/\/i0.wp.com\/3.bp.blogspot.com\/-LsZ9BE0KR-E\/Tup49IGCaxI\/AAAAAAAACOw\/RRqMp_9lSaE\/s640\/fotos_festas_infantis.jpg?resize=640%2C426&#038;ssl=1\" title=\"fotos festas infantis\" width=\"640\" \/><\/a><\/td>\n<\/tr>\n<tr>\n<td style=\"text-align: center;\">\n<div style=\"text-align: right;\">\n<div style=\"text-align: center;\">fotos festas infantis<\/div>\n<\/div>\n<\/td>\n<\/tr>\n<\/tbody>\n<\/table>\n<p><\/p>\n<table cellpadding=\"0\" cellspacing=\"0\" style=\"margin-left: auto; margin-right: auto; text-align: center;\">\n<tbody>\n<tr>\n<td style=\"text-align: center;\"><a href=\"https:\/\/i0.wp.com\/4.bp.blogspot.com\/-qxlD189K-Jk\/Tup4986BwDI\/AAAAAAAACO4\/dSimmsZoz-M\/s1600\/fotos_fotografos_para_festa_infantil.jpg\" style=\"margin-left: auto; margin-right: auto;\"><img data-recalc-dims=\"1\" loading=\"lazy\" decoding=\"async\" alt=\"fotos fotografos para festa infantil\" border=\"0\" height=\"304\" src=\"https:\/\/i0.wp.com\/4.bp.blogspot.com\/-qxlD189K-Jk\/Tup4986BwDI\/AAAAAAAACO4\/dSimmsZoz-M\/s640\/fotos_fotografos_para_festa_infantil.jpg?resize=640%2C304&#038;ssl=1\" title=\"fotos fotografos para festa infantil\" width=\"640\" \/><\/a><\/td>\n<\/tr>\n<tr>\n<td style=\"text-align: center;\">\n<div style=\"text-align: right;\">\n<div style=\"text-align: center;\">fotos fotografos para festa infantil<\/div>\n<\/div>\n<\/td>\n<\/tr>\n<\/tbody>\n<\/table>\n<div style=\"text-align: right;\"><\/div>\n<table align=\"center\" cellpadding=\"0\" cellspacing=\"0\" style=\"margin-left: auto; margin-right: auto; text-align: center;\">\n<tbody>\n<tr>\n<td style=\"text-align: center;\"><a href=\"https:\/\/i0.wp.com\/4.bp.blogspot.com\/-2FqxYTzc5KA\/Tup4-LPl56I\/AAAAAAAACO8\/xtHSFM6BeL8\/s1600\/fotos_profissionais_festa_aniversario_infantil.jpg\" style=\"margin-left: auto; margin-right: auto;\"><img data-recalc-dims=\"1\" loading=\"lazy\" decoding=\"async\" alt=\"fotos profissionais festa aniversario infantil\" border=\"0\" height=\"426\" src=\"https:\/\/i0.wp.com\/4.bp.blogspot.com\/-2FqxYTzc5KA\/Tup4-LPl56I\/AAAAAAAACO8\/xtHSFM6BeL8\/s640\/fotos_profissionais_festa_aniversario_infantil.jpg?resize=640%2C426&#038;ssl=1\" title=\"fotos profissionais festa aniversario infantil\" width=\"640\" \/><\/a><\/td>\n<\/tr>\n<tr>\n<td style=\"text-align: center;\">\n<div style=\"text-align: right;\">\n<div style=\"text-align: center;\">fotos profissionais festa aniversario infantil<\/div>\n<\/div>\n<\/td>\n<\/tr>\n<\/tbody>\n<\/table>\n<p><\/p>\n<table align=\"center\" cellpadding=\"0\" cellspacing=\"0\" style=\"margin-left: auto; margin-right: auto; text-align: center;\">\n<tbody>\n<tr>\n<td style=\"text-align: center;\"><a href=\"https:\/\/i0.wp.com\/1.bp.blogspot.com\/-T1DEIA437X4\/Tup4-pb5AJI\/AAAAAAAACPI\/j91bWMMzfnA\/s1600\/fotos_profissionais_infantis.jpg\" style=\"margin-left: auto; margin-right: auto;\"><img data-recalc-dims=\"1\" loading=\"lazy\" decoding=\"async\" alt=\"fotos profissionais infantis\" border=\"0\" height=\"304\" src=\"https:\/\/i0.wp.com\/1.bp.blogspot.com\/-T1DEIA437X4\/Tup4-pb5AJI\/AAAAAAAACPI\/j91bWMMzfnA\/s640\/fotos_profissionais_infantis.jpg?resize=640%2C304&#038;ssl=1\" title=\"fotos profissionais infantis\" width=\"640\" \/><\/a><\/td>\n<\/tr>\n<tr>\n<td style=\"text-align: center;\">\n<div style=\"text-align: right;\">\n<div style=\"text-align: center;\">fotos profissionais infantis<\/div>\n<\/div>\n<\/td>\n<\/tr>\n<\/tbody>\n<\/table>\n<p><\/p>\n<table align=\"center\" cellpadding=\"0\" cellspacing=\"0\" style=\"margin-left: auto; margin-right: auto; text-align: center;\">\n<tbody>\n<tr>\n<td style=\"text-align: center;\"><a href=\"https:\/\/i0.wp.com\/2.bp.blogspot.com\/-7qFcYgYlEIk\/Tup4_L5rIyI\/AAAAAAAACPQ\/AGBV-L2xjJw\/s1600\/fotos-aniversario-infantil.jpg\" style=\"margin-left: auto; margin-right: auto;\"><img data-recalc-dims=\"1\" loading=\"lazy\" decoding=\"async\" alt=\"fotos aniversario infantil\" border=\"0\" height=\"426\" src=\"https:\/\/i0.wp.com\/2.bp.blogspot.com\/-7qFcYgYlEIk\/Tup4_L5rIyI\/AAAAAAAACPQ\/AGBV-L2xjJw\/s640\/fotos-aniversario-infantil.jpg?resize=640%2C426&#038;ssl=1\" title=\"fotos aniversario infantil\" width=\"640\" \/><\/a><\/td>\n<\/tr>\n<tr>\n<td style=\"text-align: center;\">\n<div style=\"text-align: right;\">\n<div style=\"text-align: center;\">fotos aniversario infantil<\/div>\n<\/div>\n<\/td>\n<\/tr>\n<\/tbody>\n<\/table>\n<p>Visite tamb\u00e9m nosso site:&nbsp;<a href=\"http:\/\/www.biancamachado.com.br\/\">www.biancamachado.com.br<\/a><br \/>(11) 97107-1018<\/p>\n<div style=\"-webkit-text-stroke-width: 0px; color: black; font-family: &quot;Times New Roman&quot;; font-size: medium; font-style: normal; font-variant: normal; font-weight: normal; letter-spacing: normal; line-height: normal; margin: 0px; orphans: auto; text-align: start; text-indent: 0px; text-transform: none; white-space: normal; widows: auto; word-spacing: 0px;\"><\/div>\n<div style=\"text-align: start;\"><\/div>\nVisite tamb\u00e9m nosso site: www.biancamachado.com.br\r\n(11) 97107-1018\r\n\r\nAtendemos as regi\u00f5es de S\u00e3o Paulo, Sorocaba, Ibi\u00fana, Piedade, Votorantim, Cotia, Itupeva, Jundia\u00ed, It\u00fa e Campinas","protected":false},"excerpt":{"rendered":"<p>Todos os detalhes emocionantes da<\/p>\n","protected":false},"author":1,"featured_media":1381,"comment_status":"open","ping_status":"open","sticky":false,"template":"","format":"standard","meta":{"_monsterinsights_skip_tracking":false,"_monsterinsights_sitenote_active":false,"_monsterinsights_sitenote_note":"","_monsterinsights_sitenote_category":0,"jetpack_post_was_ever_published":false,"_jetpack_newsletter_access":"","_jetpack_dont_email_post_to_subs":false,"_jetpack_newsletter_tier_id":0,"_jetpack_memberships_contains_paywalled_content":false,"_jetpack_memberships_contains_paid_content":false,"_joinchat":[],"footnotes":""},"categories":[1],"tags":[],"class_list":["post-543","post","type-post","status-publish","format-standard","has-post-thumbnail","hentry","category-studio-bianca-machado"],"yoast_head":"<!-- This site is optimized with the Yoast SEO plugin v27.4 - https:\/\/yoast.com\/product\/yoast-seo-wordpress\/ -->\n<title>Fotografos para Festa Infantil - STUDIO BIANCA MACHADO<\/title>\n<meta name=\"robots\" content=\"index, follow, max-snippet:-1, max-image-preview:large, max-video-preview:-1\" \/>\n<link rel=\"canonical\" href=\"https:\/\/biancamachado.com.br\/blog\/fotografos-para-festa-infantil\/\" \/>\n<meta property=\"og:locale\" content=\"pt_BR\" \/>\n<meta property=\"og:type\" content=\"article\" \/>\n<meta property=\"og:title\" content=\"Fotografos para Festa Infantil - STUDIO BIANCA MACHADO\" \/>\n<meta property=\"og:description\" content=\"Todos os detalhes emocionantes da\" \/>\n<meta property=\"og:url\" content=\"https:\/\/biancamachado.com.br\/blog\/fotografos-para-festa-infantil\/\" \/>\n<meta property=\"og:site_name\" content=\"STUDIO BIANCA MACHADO\" \/>\n<meta property=\"article:publisher\" content=\"https:\/\/www.facebook.com\/Studiobiancamachado\/\" \/>\n<meta property=\"article:published_time\" content=\"2011-12-15T22:08:00+00:00\" \/>\n<meta property=\"og:image\" content=\"https:\/\/i0.wp.com\/biancamachado.com.br\/blog\/wp-content\/uploads\/2011\/12\/Screenshot_501.png?fit=626%2C420&ssl=1\" \/>\n\t<meta property=\"og:image:width\" content=\"626\" \/>\n\t<meta property=\"og:image:height\" content=\"420\" \/>\n\t<meta property=\"og:image:type\" content=\"image\/png\" \/>\n<meta name=\"author\" content=\"biancamachado\" \/>\n<meta name=\"twitter:card\" content=\"summary_large_image\" \/>\n<meta name=\"twitter:label1\" content=\"Escrito por\" \/>\n\t<meta name=\"twitter:data1\" content=\"biancamachado\" \/>\n\t<meta name=\"twitter:label2\" content=\"Est. tempo de leitura\" \/>\n\t<meta name=\"twitter:data2\" content=\"1 minuto\" \/>\n<script type=\"application\/ld+json\" class=\"yoast-schema-graph\">{\"@context\":\"https:\\\/\\\/schema.org\",\"@graph\":[{\"@type\":\"Article\",\"@id\":\"https:\\\/\\\/biancamachado.com.br\\\/blog\\\/fotografos-para-festa-infantil\\\/#article\",\"isPartOf\":{\"@id\":\"https:\\\/\\\/biancamachado.com.br\\\/blog\\\/fotografos-para-festa-infantil\\\/\"},\"author\":{\"name\":\"biancamachado\",\"@id\":\"https:\\\/\\\/biancamachado.com.br\\\/blog\\\/#\\\/schema\\\/person\\\/990263800ec5e9bdbbf092a2353550a1\"},\"headline\":\"Fotografos para Festa Infantil\",\"datePublished\":\"2011-12-15T22:08:00+00:00\",\"mainEntityOfPage\":{\"@id\":\"https:\\\/\\\/biancamachado.com.br\\\/blog\\\/fotografos-para-festa-infantil\\\/\"},\"wordCount\":247,\"commentCount\":0,\"publisher\":{\"@id\":\"https:\\\/\\\/biancamachado.com.br\\\/blog\\\/#organization\"},\"image\":{\"@id\":\"https:\\\/\\\/biancamachado.com.br\\\/blog\\\/fotografos-para-festa-infantil\\\/#primaryimage\"},\"thumbnailUrl\":\"https:\\\/\\\/i0.wp.com\\\/biancamachado.com.br\\\/blog\\\/wp-content\\\/uploads\\\/2011\\\/12\\\/Screenshot_501.png?fit=626%2C420&ssl=1\",\"articleSection\":[\"Studio Bianca Machado\"],\"inLanguage\":\"pt-BR\",\"potentialAction\":[{\"@type\":\"CommentAction\",\"name\":\"Comment\",\"target\":[\"https:\\\/\\\/biancamachado.com.br\\\/blog\\\/fotografos-para-festa-infantil\\\/#respond\"]}]},{\"@type\":\"WebPage\",\"@id\":\"https:\\\/\\\/biancamachado.com.br\\\/blog\\\/fotografos-para-festa-infantil\\\/\",\"url\":\"https:\\\/\\\/biancamachado.com.br\\\/blog\\\/fotografos-para-festa-infantil\\\/\",\"name\":\"Fotografos para Festa Infantil - STUDIO BIANCA MACHADO\",\"isPartOf\":{\"@id\":\"https:\\\/\\\/biancamachado.com.br\\\/blog\\\/#website\"},\"primaryImageOfPage\":{\"@id\":\"https:\\\/\\\/biancamachado.com.br\\\/blog\\\/fotografos-para-festa-infantil\\\/#primaryimage\"},\"image\":{\"@id\":\"https:\\\/\\\/biancamachado.com.br\\\/blog\\\/fotografos-para-festa-infantil\\\/#primaryimage\"},\"thumbnailUrl\":\"https:\\\/\\\/i0.wp.com\\\/biancamachado.com.br\\\/blog\\\/wp-content\\\/uploads\\\/2011\\\/12\\\/Screenshot_501.png?fit=626%2C420&ssl=1\",\"datePublished\":\"2011-12-15T22:08:00+00:00\",\"breadcrumb\":{\"@id\":\"https:\\\/\\\/biancamachado.com.br\\\/blog\\\/fotografos-para-festa-infantil\\\/#breadcrumb\"},\"inLanguage\":\"pt-BR\",\"potentialAction\":[{\"@type\":\"ReadAction\",\"target\":[\"https:\\\/\\\/biancamachado.com.br\\\/blog\\\/fotografos-para-festa-infantil\\\/\"]}]},{\"@type\":\"ImageObject\",\"inLanguage\":\"pt-BR\",\"@id\":\"https:\\\/\\\/biancamachado.com.br\\\/blog\\\/fotografos-para-festa-infantil\\\/#primaryimage\",\"url\":\"https:\\\/\\\/i0.wp.com\\\/biancamachado.com.br\\\/blog\\\/wp-content\\\/uploads\\\/2011\\\/12\\\/Screenshot_501.png?fit=626%2C420&ssl=1\",\"contentUrl\":\"https:\\\/\\\/i0.wp.com\\\/biancamachado.com.br\\\/blog\\\/wp-content\\\/uploads\\\/2011\\\/12\\\/Screenshot_501.png?fit=626%2C420&ssl=1\",\"width\":626,\"height\":420,\"caption\":\"Fotografos para Festa Infantil\"},{\"@type\":\"BreadcrumbList\",\"@id\":\"https:\\\/\\\/biancamachado.com.br\\\/blog\\\/fotografos-para-festa-infantil\\\/#breadcrumb\",\"itemListElement\":[{\"@type\":\"ListItem\",\"position\":1,\"name\":\"In\u00edcio\",\"item\":\"https:\\\/\\\/biancamachado.com.br\\\/blog\\\/\"},{\"@type\":\"ListItem\",\"position\":2,\"name\":\"Fotografos para Festa Infantil\"}]},{\"@type\":\"WebSite\",\"@id\":\"https:\\\/\\\/biancamachado.com.br\\\/blog\\\/#website\",\"url\":\"https:\\\/\\\/biancamachado.com.br\\\/blog\\\/\",\"name\":\"STUDIO BIANCA MACHADO\",\"description\":\"Estudio Fotografico, Ensaios e Books de foto profissional\",\"publisher\":{\"@id\":\"https:\\\/\\\/biancamachado.com.br\\\/blog\\\/#organization\"},\"potentialAction\":[{\"@type\":\"SearchAction\",\"target\":{\"@type\":\"EntryPoint\",\"urlTemplate\":\"https:\\\/\\\/biancamachado.com.br\\\/blog\\\/?s={search_term_string}\"},\"query-input\":{\"@type\":\"PropertyValueSpecification\",\"valueRequired\":true,\"valueName\":\"search_term_string\"}}],\"inLanguage\":\"pt-BR\"},{\"@type\":\"Organization\",\"@id\":\"https:\\\/\\\/biancamachado.com.br\\\/blog\\\/#organization\",\"name\":\"STUDIO BIANCA MACHADO\",\"url\":\"https:\\\/\\\/biancamachado.com.br\\\/blog\\\/\",\"logo\":{\"@type\":\"ImageObject\",\"inLanguage\":\"pt-BR\",\"@id\":\"https:\\\/\\\/biancamachado.com.br\\\/blog\\\/#\\\/schema\\\/logo\\\/image\\\/\",\"url\":\"https:\\\/\\\/i0.wp.com\\\/biancamachado.com.br\\\/blog\\\/wp-content\\\/uploads\\\/2021\\\/02\\\/cropped-logo-ml.jpg?fit=278%2C100&ssl=1\",\"contentUrl\":\"https:\\\/\\\/i0.wp.com\\\/biancamachado.com.br\\\/blog\\\/wp-content\\\/uploads\\\/2021\\\/02\\\/cropped-logo-ml.jpg?fit=278%2C100&ssl=1\",\"width\":278,\"height\":100,\"caption\":\"STUDIO BIANCA MACHADO\"},\"image\":{\"@id\":\"https:\\\/\\\/biancamachado.com.br\\\/blog\\\/#\\\/schema\\\/logo\\\/image\\\/\"},\"sameAs\":[\"https:\\\/\\\/www.facebook.com\\\/Studiobiancamachado\\\/\",\"https:\\\/\\\/www.instagram.com\\\/Studiobiancamachado\\\/\"]},{\"@type\":\"Person\",\"@id\":\"https:\\\/\\\/biancamachado.com.br\\\/blog\\\/#\\\/schema\\\/person\\\/990263800ec5e9bdbbf092a2353550a1\",\"name\":\"biancamachado\",\"image\":{\"@type\":\"ImageObject\",\"inLanguage\":\"pt-BR\",\"@id\":\"https:\\\/\\\/secure.gravatar.com\\\/avatar\\\/62b1a50f2632dbc2e279c3eb55aa46cc324c969cff16a69c59756d155316542c?s=96&d=mm&r=g\",\"url\":\"https:\\\/\\\/secure.gravatar.com\\\/avatar\\\/62b1a50f2632dbc2e279c3eb55aa46cc324c969cff16a69c59756d155316542c?s=96&d=mm&r=g\",\"contentUrl\":\"https:\\\/\\\/secure.gravatar.com\\\/avatar\\\/62b1a50f2632dbc2e279c3eb55aa46cc324c969cff16a69c59756d155316542c?s=96&d=mm&r=g\",\"caption\":\"biancamachado\"},\"sameAs\":[\"https:\\\/\\\/biancamachado.com.br\\\/blog\"],\"url\":\"https:\\\/\\\/biancamachado.com.br\\\/blog\\\/author\\\/biancamachado\\\/\"}]}<\/script>\n<!-- \/ Yoast SEO plugin. -->","yoast_head_json":{"title":"Fotografos para Festa Infantil - STUDIO BIANCA MACHADO","robots":{"index":"index","follow":"follow","max-snippet":"max-snippet:-1","max-image-preview":"max-image-preview:large","max-video-preview":"max-video-preview:-1"},"canonical":"https:\/\/biancamachado.com.br\/blog\/fotografos-para-festa-infantil\/","og_locale":"pt_BR","og_type":"article","og_title":"Fotografos para Festa Infantil - STUDIO BIANCA MACHADO","og_description":"Todos os detalhes emocionantes da","og_url":"https:\/\/biancamachado.com.br\/blog\/fotografos-para-festa-infantil\/","og_site_name":"STUDIO BIANCA MACHADO","article_publisher":"https:\/\/www.facebook.com\/Studiobiancamachado\/","article_published_time":"2011-12-15T22:08:00+00:00","og_image":[{"width":626,"height":420,"url":"https:\/\/i0.wp.com\/biancamachado.com.br\/blog\/wp-content\/uploads\/2011\/12\/Screenshot_501.png?fit=626%2C420&ssl=1","type":"image\/png"}],"author":"biancamachado","twitter_card":"summary_large_image","twitter_misc":{"Escrito por":"biancamachado","Est. tempo de leitura":"1 minuto"},"schema":{"@context":"https:\/\/schema.org","@graph":[{"@type":"Article","@id":"https:\/\/biancamachado.com.br\/blog\/fotografos-para-festa-infantil\/#article","isPartOf":{"@id":"https:\/\/biancamachado.com.br\/blog\/fotografos-para-festa-infantil\/"},"author":{"name":"biancamachado","@id":"https:\/\/biancamachado.com.br\/blog\/#\/schema\/person\/990263800ec5e9bdbbf092a2353550a1"},"headline":"Fotografos para Festa Infantil","datePublished":"2011-12-15T22:08:00+00:00","mainEntityOfPage":{"@id":"https:\/\/biancamachado.com.br\/blog\/fotografos-para-festa-infantil\/"},"wordCount":247,"commentCount":0,"publisher":{"@id":"https:\/\/biancamachado.com.br\/blog\/#organization"},"image":{"@id":"https:\/\/biancamachado.com.br\/blog\/fotografos-para-festa-infantil\/#primaryimage"},"thumbnailUrl":"https:\/\/i0.wp.com\/biancamachado.com.br\/blog\/wp-content\/uploads\/2011\/12\/Screenshot_501.png?fit=626%2C420&ssl=1","articleSection":["Studio Bianca Machado"],"inLanguage":"pt-BR","potentialAction":[{"@type":"CommentAction","name":"Comment","target":["https:\/\/biancamachado.com.br\/blog\/fotografos-para-festa-infantil\/#respond"]}]},{"@type":"WebPage","@id":"https:\/\/biancamachado.com.br\/blog\/fotografos-para-festa-infantil\/","url":"https:\/\/biancamachado.com.br\/blog\/fotografos-para-festa-infantil\/","name":"Fotografos para Festa Infantil - STUDIO BIANCA MACHADO","isPartOf":{"@id":"https:\/\/biancamachado.com.br\/blog\/#website"},"primaryImageOfPage":{"@id":"https:\/\/biancamachado.com.br\/blog\/fotografos-para-festa-infantil\/#primaryimage"},"image":{"@id":"https:\/\/biancamachado.com.br\/blog\/fotografos-para-festa-infantil\/#primaryimage"},"thumbnailUrl":"https:\/\/i0.wp.com\/biancamachado.com.br\/blog\/wp-content\/uploads\/2011\/12\/Screenshot_501.png?fit=626%2C420&ssl=1","datePublished":"2011-12-15T22:08:00+00:00","breadcrumb":{"@id":"https:\/\/biancamachado.com.br\/blog\/fotografos-para-festa-infantil\/#breadcrumb"},"inLanguage":"pt-BR","potentialAction":[{"@type":"ReadAction","target":["https:\/\/biancamachado.com.br\/blog\/fotografos-para-festa-infantil\/"]}]},{"@type":"ImageObject","inLanguage":"pt-BR","@id":"https:\/\/biancamachado.com.br\/blog\/fotografos-para-festa-infantil\/#primaryimage","url":"https:\/\/i0.wp.com\/biancamachado.com.br\/blog\/wp-content\/uploads\/2011\/12\/Screenshot_501.png?fit=626%2C420&ssl=1","contentUrl":"https:\/\/i0.wp.com\/biancamachado.com.br\/blog\/wp-content\/uploads\/2011\/12\/Screenshot_501.png?fit=626%2C420&ssl=1","width":626,"height":420,"caption":"Fotografos para Festa Infantil"},{"@type":"BreadcrumbList","@id":"https:\/\/biancamachado.com.br\/blog\/fotografos-para-festa-infantil\/#breadcrumb","itemListElement":[{"@type":"ListItem","position":1,"name":"In\u00edcio","item":"https:\/\/biancamachado.com.br\/blog\/"},{"@type":"ListItem","position":2,"name":"Fotografos para Festa Infantil"}]},{"@type":"WebSite","@id":"https:\/\/biancamachado.com.br\/blog\/#website","url":"https:\/\/biancamachado.com.br\/blog\/","name":"STUDIO BIANCA MACHADO","description":"Estudio Fotografico, Ensaios e Books de foto profissional","publisher":{"@id":"https:\/\/biancamachado.com.br\/blog\/#organization"},"potentialAction":[{"@type":"SearchAction","target":{"@type":"EntryPoint","urlTemplate":"https:\/\/biancamachado.com.br\/blog\/?s={search_term_string}"},"query-input":{"@type":"PropertyValueSpecification","valueRequired":true,"valueName":"search_term_string"}}],"inLanguage":"pt-BR"},{"@type":"Organization","@id":"https:\/\/biancamachado.com.br\/blog\/#organization","name":"STUDIO BIANCA MACHADO","url":"https:\/\/biancamachado.com.br\/blog\/","logo":{"@type":"ImageObject","inLanguage":"pt-BR","@id":"https:\/\/biancamachado.com.br\/blog\/#\/schema\/logo\/image\/","url":"https:\/\/i0.wp.com\/biancamachado.com.br\/blog\/wp-content\/uploads\/2021\/02\/cropped-logo-ml.jpg?fit=278%2C100&ssl=1","contentUrl":"https:\/\/i0.wp.com\/biancamachado.com.br\/blog\/wp-content\/uploads\/2021\/02\/cropped-logo-ml.jpg?fit=278%2C100&ssl=1","width":278,"height":100,"caption":"STUDIO BIANCA MACHADO"},"image":{"@id":"https:\/\/biancamachado.com.br\/blog\/#\/schema\/logo\/image\/"},"sameAs":["https:\/\/www.facebook.com\/Studiobiancamachado\/","https:\/\/www.instagram.com\/Studiobiancamachado\/"]},{"@type":"Person","@id":"https:\/\/biancamachado.com.br\/blog\/#\/schema\/person\/990263800ec5e9bdbbf092a2353550a1","name":"biancamachado","image":{"@type":"ImageObject","inLanguage":"pt-BR","@id":"https:\/\/secure.gravatar.com\/avatar\/62b1a50f2632dbc2e279c3eb55aa46cc324c969cff16a69c59756d155316542c?s=96&d=mm&r=g","url":"https:\/\/secure.gravatar.com\/avatar\/62b1a50f2632dbc2e279c3eb55aa46cc324c969cff16a69c59756d155316542c?s=96&d=mm&r=g","contentUrl":"https:\/\/secure.gravatar.com\/avatar\/62b1a50f2632dbc2e279c3eb55aa46cc324c969cff16a69c59756d155316542c?s=96&d=mm&r=g","caption":"biancamachado"},"sameAs":["https:\/\/biancamachado.com.br\/blog"],"url":"https:\/\/biancamachado.com.br\/blog\/author\/biancamachado\/"}]}},"jetpack_featured_media_url":"https:\/\/i0.wp.com\/biancamachado.com.br\/blog\/wp-content\/uploads\/2011\/12\/Screenshot_501.png?fit=626%2C420&ssl=1","jetpack-related-posts":[],"jetpack_sharing_enabled":true,"_links":{"self":[{"href":"https:\/\/biancamachado.com.br\/blog\/wp-json\/wp\/v2\/posts\/543","targetHints":{"allow":["GET"]}}],"collection":[{"href":"https:\/\/biancamachado.com.br\/blog\/wp-json\/wp\/v2\/posts"}],"about":[{"href":"https:\/\/biancamachado.com.br\/blog\/wp-json\/wp\/v2\/types\/post"}],"author":[{"embeddable":true,"href":"https:\/\/biancamachado.com.br\/blog\/wp-json\/wp\/v2\/users\/1"}],"replies":[{"embeddable":true,"href":"https:\/\/biancamachado.com.br\/blog\/wp-json\/wp\/v2\/comments?post=543"}],"version-history":[{"count":0,"href":"https:\/\/biancamachado.com.br\/blog\/wp-json\/wp\/v2\/posts\/543\/revisions"}],"wp:featuredmedia":[{"embeddable":true,"href":"https:\/\/biancamachado.com.br\/blog\/wp-json\/wp\/v2\/media\/1381"}],"wp:attachment":[{"href":"https:\/\/biancamachado.com.br\/blog\/wp-json\/wp\/v2\/media?parent=543"}],"wp:term":[{"taxonomy":"category","embeddable":true,"href":"https:\/\/biancamachado.com.br\/blog\/wp-json\/wp\/v2\/categories?post=543"},{"taxonomy":"post_tag","embeddable":true,"href":"https:\/\/biancamachado.com.br\/blog\/wp-json\/wp\/v2\/tags?post=543"}],"curies":[{"name":"wp","href":"https:\/\/api.w.org\/{rel}","templated":true}]}}