{"id":535,"date":"2011-12-30T16:27:00","date_gmt":"2011-12-30T18:27:00","guid":{"rendered":"https:\/\/biancamachado.com.br\/blog\/?p=535"},"modified":"2021-02-18T01:04:31","modified_gmt":"2021-02-18T04:04:31","slug":"e-verdade-contratamos-finalmente-a-fotografa-da-reportagem-da-record","status":"publish","type":"post","link":"https:\/\/biancamachado.com.br\/blog\/e-verdade-contratamos-finalmente-a-fotografa-da-reportagem-da-record\/","title":{"rendered":"\u00c9 verdade, contratamos finalmente a fot\u00f3grafa da Reportagem da Record !"},"content":{"rendered":"<p>\u00c9 verdade. Algu\u00e9m se lembra da nossa primeira reportagem da TV Record?<br \/>Ent\u00e3o, foi onde conhecemos a linda e simp\u00e1tica fot\u00f3grafa.<br \/>Gra\u00e7as ao Facebook, trocamos muitas id\u00e9ias e agora \u00e9 oficial :<br \/>Ela foi a &#8220;garota propaganda&#8221; que conquistou nossos cora\u00e7\u00f5es, e com todo o seu talento, meiguice, for\u00e7a de vontade, nos provou de todas as formas que \u00e9 uma de n\u00f3s no est\u00fadio !<br \/>Muita sorte pra essa fot\u00f3grafa super talentosa e que 2012 seja um ano maravilhoso para todos n\u00f3s !<\/p>\n<div style=\"clear: both; text-align: center;\"><a href=\"https:\/\/i0.wp.com\/1.bp.blogspot.com\/-ApPR5AgkT80\/Tv4QY9bqKDI\/AAAAAAAACbU\/Tgek1lyBaUg\/s1600\/soraia-correa-fotografa-profissional.jpg\" style=\"margin-left: 1em; margin-right: 1em;\"><img data-recalc-dims=\"1\" decoding=\"async\" border=\"0\" src=\"https:\/\/i0.wp.com\/1.bp.blogspot.com\/-ApPR5AgkT80\/Tv4QY9bqKDI\/AAAAAAAACbU\/Tgek1lyBaUg\/s1600\/soraia-correa-fotografa-profissional.jpg?w=640&#038;ssl=1\" \/><\/a><\/div>\n<p><\/p>\n<div style=\"clear: both; text-align: center;\"><a href=\"https:\/\/i0.wp.com\/4.bp.blogspot.com\/-ehcDOlbEOsE\/Tv4QZQ8U2II\/AAAAAAAACbc\/8ROUSZpG2uM\/s1600\/soraia-correa-studio-bianca-machado.jpg\" style=\"margin-left: 1em; margin-right: 1em;\"><img data-recalc-dims=\"1\" loading=\"lazy\" decoding=\"async\" border=\"0\" height=\"213\" src=\"https:\/\/i0.wp.com\/4.bp.blogspot.com\/-ehcDOlbEOsE\/Tv4QZQ8U2II\/AAAAAAAACbc\/8ROUSZpG2uM\/s320\/soraia-correa-studio-bianca-machado.jpg?resize=320%2C213&#038;ssl=1\" width=\"320\" \/><\/a><\/div>\n<p><\/p>\n<div style=\"clear: both; text-align: center;\"><a href=\"https:\/\/i0.wp.com\/3.bp.blogspot.com\/-ukbNbNeGENY\/Tv4QZ5vpJJI\/AAAAAAAACbk\/69NvivBqSTU\/s1600\/studio-bianca-machado-soraia-correa.jpg\" style=\"margin-left: 1em; margin-right: 1em;\"><img data-recalc-dims=\"1\" decoding=\"async\" border=\"0\" src=\"https:\/\/i0.wp.com\/3.bp.blogspot.com\/-ukbNbNeGENY\/Tv4QZ5vpJJI\/AAAAAAAACbk\/69NvivBqSTU\/s1600\/studio-bianca-machado-soraia-correa.jpg?w=640&#038;ssl=1\" \/><\/a><\/div>\n<p>Pra que n\u00e3o viu, segue a reportagem:<\/p>\n<div style=\"clear: both; text-align: center;\"><object class codebase=\"http:\/\/download.macromedia.com\/pub\/shockwave\/cabs\/flash\/swflash.cab#version=6,0,40,0\" data-thumbnail-src=\"http:\/\/1.gvt0.com\/vi\/uymnOOVuGXk\/0.jpg\" height=\"266\" width=\"320\"><param name=\"movie\" value=\"http:\/\/www.youtube.com\/v\/uymnOOVuGXk&amp;fs=1&amp;source=uds\" \/><param name=\"bgcolor\" value=\"#FFFFFF\" \/><\/object><\/div>\n<div><\/div>\n<div><\/div>\n<p>Visite tamb\u00e9m nosso site:&nbsp;<a href=\"http:\/\/www.biancamachado.com.br\/\">www.biancamachado.com.br<\/a><br \/>(11) 97107-1018<\/p>\n<div style=\"text-align: start;\">\n<div style=\"margin: 0px;\"><\/div>\n<\/div>\nVisite tamb\u00e9m nosso site: www.biancamachado.com.br\r\n(11) 97107-1018\r\n\r\nAtendemos as regi\u00f5es de S\u00e3o Paulo, Sorocaba, Ibi\u00fana, Piedade, Votorantim, Cotia, Itupeva, Jundia\u00ed, It\u00fa e Campinas","protected":false},"excerpt":{"rendered":"<p>\u00c9 verdade. Algu\u00e9m se lembra<\/p>\n","protected":false},"author":1,"featured_media":1373,"comment_status":"open","ping_status":"open","sticky":false,"template":"","format":"standard","meta":{"_monsterinsights_skip_tracking":false,"_monsterinsights_sitenote_active":false,"_monsterinsights_sitenote_note":"","_monsterinsights_sitenote_category":0,"jetpack_post_was_ever_published":false,"_jetpack_newsletter_access":"","_jetpack_dont_email_post_to_subs":false,"_jetpack_newsletter_tier_id":0,"_jetpack_memberships_contains_paywalled_content":false,"_jetpack_memberships_contains_paid_content":false,"_joinchat":[],"footnotes":""},"categories":[324,1],"tags":[392],"class_list":["post-535","post","type-post","status-publish","format-standard","has-post-thumbnail","hentry","category-midia","category-studio-bianca-machado","tag-reportagens-do-estudio-fotografico-bianca-machado"],"yoast_head":"<!-- This site is optimized with the Yoast SEO plugin v27.4 - https:\/\/yoast.com\/product\/yoast-seo-wordpress\/ -->\n<title>\u00c9 verdade, contratamos finalmente a fot\u00f3grafa da Reportagem da Record ! - STUDIO BIANCA MACHADO<\/title>\n<meta name=\"robots\" content=\"index, follow, max-snippet:-1, max-image-preview:large, max-video-preview:-1\" \/>\n<link rel=\"canonical\" href=\"https:\/\/biancamachado.com.br\/blog\/e-verdade-contratamos-finalmente-a-fotografa-da-reportagem-da-record\/\" \/>\n<meta property=\"og:locale\" content=\"pt_BR\" \/>\n<meta property=\"og:type\" content=\"article\" \/>\n<meta property=\"og:title\" content=\"\u00c9 verdade, contratamos finalmente a fot\u00f3grafa da Reportagem da Record ! - STUDIO BIANCA MACHADO\" \/>\n<meta property=\"og:description\" content=\"\u00c9 verdade. Algu\u00e9m se lembra\" \/>\n<meta property=\"og:url\" content=\"https:\/\/biancamachado.com.br\/blog\/e-verdade-contratamos-finalmente-a-fotografa-da-reportagem-da-record\/\" \/>\n<meta property=\"og:site_name\" content=\"STUDIO BIANCA MACHADO\" \/>\n<meta property=\"article:publisher\" content=\"https:\/\/www.facebook.com\/Studiobiancamachado\/\" \/>\n<meta property=\"article:published_time\" content=\"2011-12-30T18:27:00+00:00\" \/>\n<meta property=\"article:modified_time\" content=\"2021-02-18T04:04:31+00:00\" \/>\n<meta property=\"og:image\" content=\"https:\/\/i0.wp.com\/biancamachado.com.br\/blog\/wp-content\/uploads\/2011\/12\/Screenshot_493.png?fit=309%2C200&ssl=1\" \/>\n\t<meta property=\"og:image:width\" content=\"309\" \/>\n\t<meta property=\"og:image:height\" content=\"200\" \/>\n\t<meta property=\"og:image:type\" content=\"image\/png\" \/>\n<meta name=\"author\" content=\"biancamachado\" \/>\n<meta name=\"twitter:card\" content=\"summary_large_image\" \/>\n<meta name=\"twitter:label1\" content=\"Escrito por\" \/>\n\t<meta name=\"twitter:data1\" content=\"biancamachado\" \/>\n\t<meta name=\"twitter:label2\" content=\"Est. tempo de leitura\" \/>\n\t<meta name=\"twitter:data2\" content=\"1 minuto\" \/>\n<script type=\"application\/ld+json\" class=\"yoast-schema-graph\">{\"@context\":\"https:\\\/\\\/schema.org\",\"@graph\":[{\"@type\":\"Article\",\"@id\":\"https:\\\/\\\/biancamachado.com.br\\\/blog\\\/e-verdade-contratamos-finalmente-a-fotografa-da-reportagem-da-record\\\/#article\",\"isPartOf\":{\"@id\":\"https:\\\/\\\/biancamachado.com.br\\\/blog\\\/e-verdade-contratamos-finalmente-a-fotografa-da-reportagem-da-record\\\/\"},\"author\":{\"name\":\"biancamachado\",\"@id\":\"https:\\\/\\\/biancamachado.com.br\\\/blog\\\/#\\\/schema\\\/person\\\/990263800ec5e9bdbbf092a2353550a1\"},\"headline\":\"\u00c9 verdade, contratamos finalmente a fot\u00f3grafa da Reportagem da Record !\",\"datePublished\":\"2011-12-30T18:27:00+00:00\",\"dateModified\":\"2021-02-18T04:04:31+00:00\",\"mainEntityOfPage\":{\"@id\":\"https:\\\/\\\/biancamachado.com.br\\\/blog\\\/e-verdade-contratamos-finalmente-a-fotografa-da-reportagem-da-record\\\/\"},\"wordCount\":117,\"commentCount\":0,\"publisher\":{\"@id\":\"https:\\\/\\\/biancamachado.com.br\\\/blog\\\/#organization\"},\"image\":{\"@id\":\"https:\\\/\\\/biancamachado.com.br\\\/blog\\\/e-verdade-contratamos-finalmente-a-fotografa-da-reportagem-da-record\\\/#primaryimage\"},\"thumbnailUrl\":\"https:\\\/\\\/i0.wp.com\\\/biancamachado.com.br\\\/blog\\\/wp-content\\\/uploads\\\/2011\\\/12\\\/Screenshot_493.png?fit=309%2C200&ssl=1\",\"keywords\":[\"reportagens do estudio fotografico bianca machado\"],\"articleSection\":[\"M\u00eddia\",\"Studio Bianca Machado\"],\"inLanguage\":\"pt-BR\",\"potentialAction\":[{\"@type\":\"CommentAction\",\"name\":\"Comment\",\"target\":[\"https:\\\/\\\/biancamachado.com.br\\\/blog\\\/e-verdade-contratamos-finalmente-a-fotografa-da-reportagem-da-record\\\/#respond\"]}]},{\"@type\":\"WebPage\",\"@id\":\"https:\\\/\\\/biancamachado.com.br\\\/blog\\\/e-verdade-contratamos-finalmente-a-fotografa-da-reportagem-da-record\\\/\",\"url\":\"https:\\\/\\\/biancamachado.com.br\\\/blog\\\/e-verdade-contratamos-finalmente-a-fotografa-da-reportagem-da-record\\\/\",\"name\":\"\u00c9 verdade, contratamos finalmente a fot\u00f3grafa da Reportagem da Record ! - STUDIO BIANCA MACHADO\",\"isPartOf\":{\"@id\":\"https:\\\/\\\/biancamachado.com.br\\\/blog\\\/#website\"},\"primaryImageOfPage\":{\"@id\":\"https:\\\/\\\/biancamachado.com.br\\\/blog\\\/e-verdade-contratamos-finalmente-a-fotografa-da-reportagem-da-record\\\/#primaryimage\"},\"image\":{\"@id\":\"https:\\\/\\\/biancamachado.com.br\\\/blog\\\/e-verdade-contratamos-finalmente-a-fotografa-da-reportagem-da-record\\\/#primaryimage\"},\"thumbnailUrl\":\"https:\\\/\\\/i0.wp.com\\\/biancamachado.com.br\\\/blog\\\/wp-content\\\/uploads\\\/2011\\\/12\\\/Screenshot_493.png?fit=309%2C200&ssl=1\",\"datePublished\":\"2011-12-30T18:27:00+00:00\",\"dateModified\":\"2021-02-18T04:04:31+00:00\",\"breadcrumb\":{\"@id\":\"https:\\\/\\\/biancamachado.com.br\\\/blog\\\/e-verdade-contratamos-finalmente-a-fotografa-da-reportagem-da-record\\\/#breadcrumb\"},\"inLanguage\":\"pt-BR\",\"potentialAction\":[{\"@type\":\"ReadAction\",\"target\":[\"https:\\\/\\\/biancamachado.com.br\\\/blog\\\/e-verdade-contratamos-finalmente-a-fotografa-da-reportagem-da-record\\\/\"]}]},{\"@type\":\"ImageObject\",\"inLanguage\":\"pt-BR\",\"@id\":\"https:\\\/\\\/biancamachado.com.br\\\/blog\\\/e-verdade-contratamos-finalmente-a-fotografa-da-reportagem-da-record\\\/#primaryimage\",\"url\":\"https:\\\/\\\/i0.wp.com\\\/biancamachado.com.br\\\/blog\\\/wp-content\\\/uploads\\\/2011\\\/12\\\/Screenshot_493.png?fit=309%2C200&ssl=1\",\"contentUrl\":\"https:\\\/\\\/i0.wp.com\\\/biancamachado.com.br\\\/blog\\\/wp-content\\\/uploads\\\/2011\\\/12\\\/Screenshot_493.png?fit=309%2C200&ssl=1\",\"width\":309,\"height\":200,\"caption\":\"\u00c9 verdade, contratamos finalmente a fot\u00f3grafa da Reportagem da Record !\"},{\"@type\":\"BreadcrumbList\",\"@id\":\"https:\\\/\\\/biancamachado.com.br\\\/blog\\\/e-verdade-contratamos-finalmente-a-fotografa-da-reportagem-da-record\\\/#breadcrumb\",\"itemListElement\":[{\"@type\":\"ListItem\",\"position\":1,\"name\":\"In\u00edcio\",\"item\":\"https:\\\/\\\/biancamachado.com.br\\\/blog\\\/\"},{\"@type\":\"ListItem\",\"position\":2,\"name\":\"\u00c9 verdade, contratamos finalmente a fot\u00f3grafa da Reportagem da Record !\"}]},{\"@type\":\"WebSite\",\"@id\":\"https:\\\/\\\/biancamachado.com.br\\\/blog\\\/#website\",\"url\":\"https:\\\/\\\/biancamachado.com.br\\\/blog\\\/\",\"name\":\"STUDIO BIANCA MACHADO\",\"description\":\"Estudio Fotografico, Ensaios e Books de foto profissional\",\"publisher\":{\"@id\":\"https:\\\/\\\/biancamachado.com.br\\\/blog\\\/#organization\"},\"potentialAction\":[{\"@type\":\"SearchAction\",\"target\":{\"@type\":\"EntryPoint\",\"urlTemplate\":\"https:\\\/\\\/biancamachado.com.br\\\/blog\\\/?s={search_term_string}\"},\"query-input\":{\"@type\":\"PropertyValueSpecification\",\"valueRequired\":true,\"valueName\":\"search_term_string\"}}],\"inLanguage\":\"pt-BR\"},{\"@type\":\"Organization\",\"@id\":\"https:\\\/\\\/biancamachado.com.br\\\/blog\\\/#organization\",\"name\":\"STUDIO BIANCA MACHADO\",\"url\":\"https:\\\/\\\/biancamachado.com.br\\\/blog\\\/\",\"logo\":{\"@type\":\"ImageObject\",\"inLanguage\":\"pt-BR\",\"@id\":\"https:\\\/\\\/biancamachado.com.br\\\/blog\\\/#\\\/schema\\\/logo\\\/image\\\/\",\"url\":\"https:\\\/\\\/i0.wp.com\\\/biancamachado.com.br\\\/blog\\\/wp-content\\\/uploads\\\/2021\\\/02\\\/cropped-logo-ml.jpg?fit=278%2C100&ssl=1\",\"contentUrl\":\"https:\\\/\\\/i0.wp.com\\\/biancamachado.com.br\\\/blog\\\/wp-content\\\/uploads\\\/2021\\\/02\\\/cropped-logo-ml.jpg?fit=278%2C100&ssl=1\",\"width\":278,\"height\":100,\"caption\":\"STUDIO BIANCA MACHADO\"},\"image\":{\"@id\":\"https:\\\/\\\/biancamachado.com.br\\\/blog\\\/#\\\/schema\\\/logo\\\/image\\\/\"},\"sameAs\":[\"https:\\\/\\\/www.facebook.com\\\/Studiobiancamachado\\\/\",\"https:\\\/\\\/www.instagram.com\\\/Studiobiancamachado\\\/\"]},{\"@type\":\"Person\",\"@id\":\"https:\\\/\\\/biancamachado.com.br\\\/blog\\\/#\\\/schema\\\/person\\\/990263800ec5e9bdbbf092a2353550a1\",\"name\":\"biancamachado\",\"image\":{\"@type\":\"ImageObject\",\"inLanguage\":\"pt-BR\",\"@id\":\"https:\\\/\\\/secure.gravatar.com\\\/avatar\\\/62b1a50f2632dbc2e279c3eb55aa46cc324c969cff16a69c59756d155316542c?s=96&d=mm&r=g\",\"url\":\"https:\\\/\\\/secure.gravatar.com\\\/avatar\\\/62b1a50f2632dbc2e279c3eb55aa46cc324c969cff16a69c59756d155316542c?s=96&d=mm&r=g\",\"contentUrl\":\"https:\\\/\\\/secure.gravatar.com\\\/avatar\\\/62b1a50f2632dbc2e279c3eb55aa46cc324c969cff16a69c59756d155316542c?s=96&d=mm&r=g\",\"caption\":\"biancamachado\"},\"sameAs\":[\"https:\\\/\\\/biancamachado.com.br\\\/blog\"],\"url\":\"https:\\\/\\\/biancamachado.com.br\\\/blog\\\/author\\\/biancamachado\\\/\"}]}<\/script>\n<!-- \/ Yoast SEO plugin. -->","yoast_head_json":{"title":"\u00c9 verdade, contratamos finalmente a fot\u00f3grafa da Reportagem da Record ! - STUDIO BIANCA MACHADO","robots":{"index":"index","follow":"follow","max-snippet":"max-snippet:-1","max-image-preview":"max-image-preview:large","max-video-preview":"max-video-preview:-1"},"canonical":"https:\/\/biancamachado.com.br\/blog\/e-verdade-contratamos-finalmente-a-fotografa-da-reportagem-da-record\/","og_locale":"pt_BR","og_type":"article","og_title":"\u00c9 verdade, contratamos finalmente a fot\u00f3grafa da Reportagem da Record ! - STUDIO BIANCA MACHADO","og_description":"\u00c9 verdade. Algu\u00e9m se lembra","og_url":"https:\/\/biancamachado.com.br\/blog\/e-verdade-contratamos-finalmente-a-fotografa-da-reportagem-da-record\/","og_site_name":"STUDIO BIANCA MACHADO","article_publisher":"https:\/\/www.facebook.com\/Studiobiancamachado\/","article_published_time":"2011-12-30T18:27:00+00:00","article_modified_time":"2021-02-18T04:04:31+00:00","og_image":[{"width":309,"height":200,"url":"https:\/\/i0.wp.com\/biancamachado.com.br\/blog\/wp-content\/uploads\/2011\/12\/Screenshot_493.png?fit=309%2C200&ssl=1","type":"image\/png"}],"author":"biancamachado","twitter_card":"summary_large_image","twitter_misc":{"Escrito por":"biancamachado","Est. tempo de leitura":"1 minuto"},"schema":{"@context":"https:\/\/schema.org","@graph":[{"@type":"Article","@id":"https:\/\/biancamachado.com.br\/blog\/e-verdade-contratamos-finalmente-a-fotografa-da-reportagem-da-record\/#article","isPartOf":{"@id":"https:\/\/biancamachado.com.br\/blog\/e-verdade-contratamos-finalmente-a-fotografa-da-reportagem-da-record\/"},"author":{"name":"biancamachado","@id":"https:\/\/biancamachado.com.br\/blog\/#\/schema\/person\/990263800ec5e9bdbbf092a2353550a1"},"headline":"\u00c9 verdade, contratamos finalmente a fot\u00f3grafa da Reportagem da Record !","datePublished":"2011-12-30T18:27:00+00:00","dateModified":"2021-02-18T04:04:31+00:00","mainEntityOfPage":{"@id":"https:\/\/biancamachado.com.br\/blog\/e-verdade-contratamos-finalmente-a-fotografa-da-reportagem-da-record\/"},"wordCount":117,"commentCount":0,"publisher":{"@id":"https:\/\/biancamachado.com.br\/blog\/#organization"},"image":{"@id":"https:\/\/biancamachado.com.br\/blog\/e-verdade-contratamos-finalmente-a-fotografa-da-reportagem-da-record\/#primaryimage"},"thumbnailUrl":"https:\/\/i0.wp.com\/biancamachado.com.br\/blog\/wp-content\/uploads\/2011\/12\/Screenshot_493.png?fit=309%2C200&ssl=1","keywords":["reportagens do estudio fotografico bianca machado"],"articleSection":["M\u00eddia","Studio Bianca Machado"],"inLanguage":"pt-BR","potentialAction":[{"@type":"CommentAction","name":"Comment","target":["https:\/\/biancamachado.com.br\/blog\/e-verdade-contratamos-finalmente-a-fotografa-da-reportagem-da-record\/#respond"]}]},{"@type":"WebPage","@id":"https:\/\/biancamachado.com.br\/blog\/e-verdade-contratamos-finalmente-a-fotografa-da-reportagem-da-record\/","url":"https:\/\/biancamachado.com.br\/blog\/e-verdade-contratamos-finalmente-a-fotografa-da-reportagem-da-record\/","name":"\u00c9 verdade, contratamos finalmente a fot\u00f3grafa da Reportagem da Record ! - STUDIO BIANCA MACHADO","isPartOf":{"@id":"https:\/\/biancamachado.com.br\/blog\/#website"},"primaryImageOfPage":{"@id":"https:\/\/biancamachado.com.br\/blog\/e-verdade-contratamos-finalmente-a-fotografa-da-reportagem-da-record\/#primaryimage"},"image":{"@id":"https:\/\/biancamachado.com.br\/blog\/e-verdade-contratamos-finalmente-a-fotografa-da-reportagem-da-record\/#primaryimage"},"thumbnailUrl":"https:\/\/i0.wp.com\/biancamachado.com.br\/blog\/wp-content\/uploads\/2011\/12\/Screenshot_493.png?fit=309%2C200&ssl=1","datePublished":"2011-12-30T18:27:00+00:00","dateModified":"2021-02-18T04:04:31+00:00","breadcrumb":{"@id":"https:\/\/biancamachado.com.br\/blog\/e-verdade-contratamos-finalmente-a-fotografa-da-reportagem-da-record\/#breadcrumb"},"inLanguage":"pt-BR","potentialAction":[{"@type":"ReadAction","target":["https:\/\/biancamachado.com.br\/blog\/e-verdade-contratamos-finalmente-a-fotografa-da-reportagem-da-record\/"]}]},{"@type":"ImageObject","inLanguage":"pt-BR","@id":"https:\/\/biancamachado.com.br\/blog\/e-verdade-contratamos-finalmente-a-fotografa-da-reportagem-da-record\/#primaryimage","url":"https:\/\/i0.wp.com\/biancamachado.com.br\/blog\/wp-content\/uploads\/2011\/12\/Screenshot_493.png?fit=309%2C200&ssl=1","contentUrl":"https:\/\/i0.wp.com\/biancamachado.com.br\/blog\/wp-content\/uploads\/2011\/12\/Screenshot_493.png?fit=309%2C200&ssl=1","width":309,"height":200,"caption":"\u00c9 verdade, contratamos finalmente a fot\u00f3grafa da Reportagem da Record !"},{"@type":"BreadcrumbList","@id":"https:\/\/biancamachado.com.br\/blog\/e-verdade-contratamos-finalmente-a-fotografa-da-reportagem-da-record\/#breadcrumb","itemListElement":[{"@type":"ListItem","position":1,"name":"In\u00edcio","item":"https:\/\/biancamachado.com.br\/blog\/"},{"@type":"ListItem","position":2,"name":"\u00c9 verdade, contratamos finalmente a fot\u00f3grafa da Reportagem da Record !"}]},{"@type":"WebSite","@id":"https:\/\/biancamachado.com.br\/blog\/#website","url":"https:\/\/biancamachado.com.br\/blog\/","name":"STUDIO BIANCA MACHADO","description":"Estudio Fotografico, Ensaios e Books de foto profissional","publisher":{"@id":"https:\/\/biancamachado.com.br\/blog\/#organization"},"potentialAction":[{"@type":"SearchAction","target":{"@type":"EntryPoint","urlTemplate":"https:\/\/biancamachado.com.br\/blog\/?s={search_term_string}"},"query-input":{"@type":"PropertyValueSpecification","valueRequired":true,"valueName":"search_term_string"}}],"inLanguage":"pt-BR"},{"@type":"Organization","@id":"https:\/\/biancamachado.com.br\/blog\/#organization","name":"STUDIO BIANCA MACHADO","url":"https:\/\/biancamachado.com.br\/blog\/","logo":{"@type":"ImageObject","inLanguage":"pt-BR","@id":"https:\/\/biancamachado.com.br\/blog\/#\/schema\/logo\/image\/","url":"https:\/\/i0.wp.com\/biancamachado.com.br\/blog\/wp-content\/uploads\/2021\/02\/cropped-logo-ml.jpg?fit=278%2C100&ssl=1","contentUrl":"https:\/\/i0.wp.com\/biancamachado.com.br\/blog\/wp-content\/uploads\/2021\/02\/cropped-logo-ml.jpg?fit=278%2C100&ssl=1","width":278,"height":100,"caption":"STUDIO BIANCA MACHADO"},"image":{"@id":"https:\/\/biancamachado.com.br\/blog\/#\/schema\/logo\/image\/"},"sameAs":["https:\/\/www.facebook.com\/Studiobiancamachado\/","https:\/\/www.instagram.com\/Studiobiancamachado\/"]},{"@type":"Person","@id":"https:\/\/biancamachado.com.br\/blog\/#\/schema\/person\/990263800ec5e9bdbbf092a2353550a1","name":"biancamachado","image":{"@type":"ImageObject","inLanguage":"pt-BR","@id":"https:\/\/secure.gravatar.com\/avatar\/62b1a50f2632dbc2e279c3eb55aa46cc324c969cff16a69c59756d155316542c?s=96&d=mm&r=g","url":"https:\/\/secure.gravatar.com\/avatar\/62b1a50f2632dbc2e279c3eb55aa46cc324c969cff16a69c59756d155316542c?s=96&d=mm&r=g","contentUrl":"https:\/\/secure.gravatar.com\/avatar\/62b1a50f2632dbc2e279c3eb55aa46cc324c969cff16a69c59756d155316542c?s=96&d=mm&r=g","caption":"biancamachado"},"sameAs":["https:\/\/biancamachado.com.br\/blog"],"url":"https:\/\/biancamachado.com.br\/blog\/author\/biancamachado\/"}]}},"jetpack_featured_media_url":"https:\/\/i0.wp.com\/biancamachado.com.br\/blog\/wp-content\/uploads\/2011\/12\/Screenshot_493.png?fit=309%2C200&ssl=1","jetpack-related-posts":[],"jetpack_sharing_enabled":true,"_links":{"self":[{"href":"https:\/\/biancamachado.com.br\/blog\/wp-json\/wp\/v2\/posts\/535","targetHints":{"allow":["GET"]}}],"collection":[{"href":"https:\/\/biancamachado.com.br\/blog\/wp-json\/wp\/v2\/posts"}],"about":[{"href":"https:\/\/biancamachado.com.br\/blog\/wp-json\/wp\/v2\/types\/post"}],"author":[{"embeddable":true,"href":"https:\/\/biancamachado.com.br\/blog\/wp-json\/wp\/v2\/users\/1"}],"replies":[{"embeddable":true,"href":"https:\/\/biancamachado.com.br\/blog\/wp-json\/wp\/v2\/comments?post=535"}],"version-history":[{"count":1,"href":"https:\/\/biancamachado.com.br\/blog\/wp-json\/wp\/v2\/posts\/535\/revisions"}],"predecessor-version":[{"id":1824,"href":"https:\/\/biancamachado.com.br\/blog\/wp-json\/wp\/v2\/posts\/535\/revisions\/1824"}],"wp:featuredmedia":[{"embeddable":true,"href":"https:\/\/biancamachado.com.br\/blog\/wp-json\/wp\/v2\/media\/1373"}],"wp:attachment":[{"href":"https:\/\/biancamachado.com.br\/blog\/wp-json\/wp\/v2\/media?parent=535"}],"wp:term":[{"taxonomy":"category","embeddable":true,"href":"https:\/\/biancamachado.com.br\/blog\/wp-json\/wp\/v2\/categories?post=535"},{"taxonomy":"post_tag","embeddable":true,"href":"https:\/\/biancamachado.com.br\/blog\/wp-json\/wp\/v2\/tags?post=535"}],"curies":[{"name":"wp","href":"https:\/\/api.w.org\/{rel}","templated":true}]}}