{"id":528,"date":"2012-02-22T15:51:00","date_gmt":"2012-02-22T17:51:00","guid":{"rendered":"https:\/\/biancamachado.com.br\/blog\/?p=528"},"modified":"2021-02-18T00:03:20","modified_gmt":"2021-02-18T03:03:20","slug":"books-profissionais-fotos-personalizadas","status":"publish","type":"post","link":"https:\/\/biancamachado.com.br\/blog\/books-profissionais-fotos-personalizadas\/","title":{"rendered":"Books Profissionais : Fotos Personalizadas"},"content":{"rendered":"<p>Registre cada momento da inf\u00e2ncia do seu beb\u00ea !<\/p>\n<p><\/p>\n<table align=\"center\" cellpadding=\"0\" cellspacing=\"0\" style=\"margin-left: auto; margin-right: auto; text-align: center;\">\n<tbody>\n<tr>\n<td style=\"text-align: center;\"><a href=\"https:\/\/i0.wp.com\/4.bp.blogspot.com\/-wMtqT-cQ8WY\/T0U2xSMPRPI\/AAAAAAAACk0\/KlYvgbUGsE8\/s1600\/Book%2BInfantil.JPG\" style=\"margin-left: auto; margin-right: auto;\"><img data-recalc-dims=\"1\" loading=\"lazy\" decoding=\"async\" alt=\"Fotos Book Bebe\" border=\"0\" height=\"426\" src=\"https:\/\/i0.wp.com\/4.bp.blogspot.com\/-wMtqT-cQ8WY\/T0U2xSMPRPI\/AAAAAAAACk0\/KlYvgbUGsE8\/s640\/Book%2BInfantil.JPG?resize=640%2C426&#038;ssl=1\" title=\"Fotos Book Bebe\" width=\"640\" \/><\/a><\/td>\n<\/tr>\n<tr>\n<td style=\"text-align: right;\">\n<div style=\"text-align: center;\">Fotos Book Bebe<\/div>\n<\/td>\n<\/tr>\n<\/tbody>\n<\/table>\n<p><\/p>\n<table align=\"center\" cellpadding=\"0\" cellspacing=\"0\" style=\"margin-left: auto; margin-right: auto; text-align: center;\">\n<tbody>\n<tr>\n<td style=\"text-align: center;\"><a href=\"https:\/\/i0.wp.com\/3.bp.blogspot.com\/-inD1u2JHT9s\/T0U28aKF5eI\/AAAAAAAACk8\/lJTJAV-mhco\/s1600\/Foto%2Bfotografico%2Bbebe.JPG\" style=\"margin-left: auto; margin-right: auto;\"><img data-recalc-dims=\"1\" loading=\"lazy\" decoding=\"async\" alt=\"Book Fotografico Infantil\" border=\"0\" height=\"426\" src=\"https:\/\/i0.wp.com\/3.bp.blogspot.com\/-inD1u2JHT9s\/T0U28aKF5eI\/AAAAAAAACk8\/lJTJAV-mhco\/s640\/Foto%2Bfotografico%2Bbebe.JPG?resize=640%2C426&#038;ssl=1\" title=\"Book Fotografico Infantil\" width=\"640\" \/><\/a><\/td>\n<\/tr>\n<tr>\n<td style=\"text-align: right;\">\n<div style=\"text-align: center;\">Book Fotografico Infantil<\/div>\n<\/td>\n<\/tr>\n<\/tbody>\n<\/table>\n<p><\/p>\n<table align=\"center\" cellpadding=\"0\" cellspacing=\"0\" style=\"margin-left: auto; margin-right: auto; text-align: center;\">\n<tbody>\n<tr>\n<td style=\"text-align: center;\"><a href=\"https:\/\/i0.wp.com\/4.bp.blogspot.com\/-Pie6gYdzcdY\/T0U3TOX6Q-I\/AAAAAAAAClE\/_RCAzUnE-vs\/s1600\/book%2Bfamilia.JPG\" style=\"margin-left: auto; margin-right: auto;\"><img data-recalc-dims=\"1\" loading=\"lazy\" decoding=\"async\" alt=\"Book Familia em estudio\" border=\"0\" height=\"426\" src=\"https:\/\/i0.wp.com\/4.bp.blogspot.com\/-Pie6gYdzcdY\/T0U3TOX6Q-I\/AAAAAAAAClE\/_RCAzUnE-vs\/s640\/book%2Bfamilia.JPG?resize=640%2C426&#038;ssl=1\" title=\"Book Familia em estudio\" width=\"640\" \/><\/a><\/td>\n<\/tr>\n<tr>\n<td style=\"text-align: center;\">Book Familia em estudio<\/td>\n<\/tr>\n<\/tbody>\n<\/table>\n<div style=\"text-align: center;\"><\/div>\n<div style=\"text-align: -webkit-auto;\"><\/div>\n<p><\/p>\n<table align=\"center\" cellpadding=\"0\" cellspacing=\"0\" style=\"margin-left: auto; margin-right: auto; text-align: center;\">\n<tbody>\n<tr>\n<td style=\"text-align: center;\"><a href=\"https:\/\/i0.wp.com\/3.bp.blogspot.com\/-xZP3lIa1U98\/T0U39p2LyRI\/AAAAAAAAClU\/ofHOgso_nH0\/s1600\/fotos%2Bmusicos%2Bbook.JPG\" style=\"margin-left: auto; margin-right: auto;\"><img data-recalc-dims=\"1\" loading=\"lazy\" decoding=\"async\" alt=\"Fotos capa cd em estudio\" border=\"0\" height=\"426\" src=\"https:\/\/i0.wp.com\/3.bp.blogspot.com\/-xZP3lIa1U98\/T0U39p2LyRI\/AAAAAAAAClU\/ofHOgso_nH0\/s640\/fotos%2Bmusicos%2Bbook.JPG?resize=640%2C426&#038;ssl=1\" title=\"Fotos capa cd em estudio\" width=\"640\" \/><\/a><\/td>\n<\/tr>\n<tr>\n<td style=\"text-align: right;\">\n<div style=\"text-align: center;\">Fotos capa cd em estudio<\/div>\n<\/td>\n<\/tr>\n<\/tbody>\n<\/table>\n<p><\/p>\n<table cellpadding=\"0\" cellspacing=\"0\" style=\"margin-left: auto; margin-right: auto; text-align: center;\">\n<tbody>\n<tr>\n<td style=\"text-align: right;\"><a href=\"https:\/\/i0.wp.com\/4.bp.blogspot.com\/-Ey3HyWZ9Xxs\/T0U4fHFyIPI\/AAAAAAAAClc\/FBwYaZnWd_Y\/s1600\/fotos%2Bpara%2Bmusicos%2Bem%2Bestudio.JPG\" style=\"margin-left: auto; margin-right: auto;\"><img data-recalc-dims=\"1\" loading=\"lazy\" decoding=\"async\" alt=\"Book Banda\" border=\"0\" height=\"426\" src=\"https:\/\/i0.wp.com\/4.bp.blogspot.com\/-Ey3HyWZ9Xxs\/T0U4fHFyIPI\/AAAAAAAAClc\/FBwYaZnWd_Y\/s640\/fotos%2Bpara%2Bmusicos%2Bem%2Bestudio.JPG?resize=640%2C426&#038;ssl=1\" title=\"Book Banda\" width=\"640\" \/><\/a><\/td>\n<\/tr>\n<tr>\n<td style=\"text-align: right;\">\n<div style=\"text-align: center;\">Book Banda<\/div>\n<\/td>\n<\/tr>\n<\/tbody>\n<\/table>\n<div style=\"clear: both; text-align: right;\"><\/div>\n<h3><\/h3>\n<div style=\"text-align: start;\">Visite tamb\u00e9m nosso site:&nbsp;<a href=\"http:\/\/www.biancamachado.com.br\/\">www.biancamachado.com.br<\/a><br \/>(11) 97107-1018<\/div>\n<div style=\"-webkit-text-stroke-width: 0px; color: black; font-family: &quot;Times New Roman&quot;; font-size: medium; font-style: normal; font-variant: normal; font-weight: normal; letter-spacing: normal; line-height: normal; margin: 0px; orphans: auto; text-align: start; text-indent: 0px; text-transform: none; white-space: normal; widows: auto; word-spacing: 0px;\"><\/div>\n<div style=\"text-align: start;\"><\/div>\nVisite tamb\u00e9m nosso site: www.biancamachado.com.br\r\n(11) 97107-1018\r\n\r\nAtendemos as regi\u00f5es de S\u00e3o Paulo, Sorocaba, Ibi\u00fana, Piedade, Votorantim, Cotia, Itupeva, Jundia\u00ed, It\u00fa e Campinas","protected":false},"excerpt":{"rendered":"<p>Registre cada momento da inf\u00e2ncia<\/p>\n","protected":false},"author":1,"featured_media":1367,"comment_status":"open","ping_status":"open","sticky":false,"template":"","format":"standard","meta":{"_monsterinsights_skip_tracking":false,"_monsterinsights_sitenote_active":false,"_monsterinsights_sitenote_note":"","_monsterinsights_sitenote_category":0,"jetpack_post_was_ever_published":false,"_jetpack_newsletter_access":"","_jetpack_dont_email_post_to_subs":false,"_jetpack_newsletter_tier_id":0,"_jetpack_memberships_contains_paywalled_content":false,"_jetpack_memberships_contains_paid_content":false,"_joinchat":[],"footnotes":""},"categories":[290,1],"tags":[328,327,299],"class_list":["post-528","post","type-post","status-publish","format-standard","has-post-thumbnail","hentry","category-book-infantil-estudio","category-studio-bianca-machado","tag-book-fotografico","tag-book-infantil-em-estudio","tag-ensaio-de-fotos"],"yoast_head":"<!-- This site is optimized with the Yoast SEO plugin v27.4 - https:\/\/yoast.com\/product\/yoast-seo-wordpress\/ -->\n<title>Books Profissionais : Fotos Personalizadas - STUDIO BIANCA MACHADO<\/title>\n<meta name=\"robots\" content=\"index, follow, max-snippet:-1, max-image-preview:large, max-video-preview:-1\" \/>\n<link rel=\"canonical\" href=\"https:\/\/biancamachado.com.br\/blog\/books-profissionais-fotos-personalizadas\/\" \/>\n<meta property=\"og:locale\" content=\"pt_BR\" \/>\n<meta property=\"og:type\" content=\"article\" \/>\n<meta property=\"og:title\" content=\"Books Profissionais : Fotos Personalizadas - STUDIO BIANCA MACHADO\" \/>\n<meta property=\"og:description\" content=\"Registre cada momento da inf\u00e2ncia\" \/>\n<meta property=\"og:url\" content=\"https:\/\/biancamachado.com.br\/blog\/books-profissionais-fotos-personalizadas\/\" \/>\n<meta property=\"og:site_name\" content=\"STUDIO BIANCA MACHADO\" \/>\n<meta property=\"article:publisher\" content=\"https:\/\/www.facebook.com\/Studiobiancamachado\/\" \/>\n<meta property=\"article:published_time\" content=\"2012-02-22T17:51:00+00:00\" \/>\n<meta property=\"article:modified_time\" content=\"2021-02-18T03:03:20+00:00\" \/>\n<meta property=\"og:image\" content=\"https:\/\/i0.wp.com\/biancamachado.com.br\/blog\/wp-content\/uploads\/2012\/02\/Screenshot_487.png?fit=607%2C422&ssl=1\" \/>\n\t<meta property=\"og:image:width\" content=\"607\" \/>\n\t<meta property=\"og:image:height\" content=\"422\" \/>\n\t<meta property=\"og:image:type\" content=\"image\/png\" \/>\n<meta name=\"author\" content=\"biancamachado\" \/>\n<meta name=\"twitter:card\" content=\"summary_large_image\" \/>\n<meta name=\"twitter:label1\" content=\"Escrito por\" \/>\n\t<meta name=\"twitter:data1\" content=\"biancamachado\" \/>\n<script type=\"application\/ld+json\" class=\"yoast-schema-graph\">{\"@context\":\"https:\\\/\\\/schema.org\",\"@graph\":[{\"@type\":\"Article\",\"@id\":\"https:\\\/\\\/biancamachado.com.br\\\/blog\\\/books-profissionais-fotos-personalizadas\\\/#article\",\"isPartOf\":{\"@id\":\"https:\\\/\\\/biancamachado.com.br\\\/blog\\\/books-profissionais-fotos-personalizadas\\\/\"},\"author\":{\"name\":\"biancamachado\",\"@id\":\"https:\\\/\\\/biancamachado.com.br\\\/blog\\\/#\\\/schema\\\/person\\\/990263800ec5e9bdbbf092a2353550a1\"},\"headline\":\"Books Profissionais : Fotos Personalizadas\",\"datePublished\":\"2012-02-22T17:51:00+00:00\",\"dateModified\":\"2021-02-18T03:03:20+00:00\",\"mainEntityOfPage\":{\"@id\":\"https:\\\/\\\/biancamachado.com.br\\\/blog\\\/books-profissionais-fotos-personalizadas\\\/\"},\"wordCount\":41,\"commentCount\":0,\"publisher\":{\"@id\":\"https:\\\/\\\/biancamachado.com.br\\\/blog\\\/#organization\"},\"image\":{\"@id\":\"https:\\\/\\\/biancamachado.com.br\\\/blog\\\/books-profissionais-fotos-personalizadas\\\/#primaryimage\"},\"thumbnailUrl\":\"https:\\\/\\\/i0.wp.com\\\/biancamachado.com.br\\\/blog\\\/wp-content\\\/uploads\\\/2012\\\/02\\\/Screenshot_487.png?fit=607%2C422&ssl=1\",\"keywords\":[\"book fotografico\",\"book infantil em estudio\",\"ensaio de fotos\"],\"articleSection\":[\"Book Infantil Estudio\",\"Studio Bianca Machado\"],\"inLanguage\":\"pt-BR\",\"potentialAction\":[{\"@type\":\"CommentAction\",\"name\":\"Comment\",\"target\":[\"https:\\\/\\\/biancamachado.com.br\\\/blog\\\/books-profissionais-fotos-personalizadas\\\/#respond\"]}]},{\"@type\":\"WebPage\",\"@id\":\"https:\\\/\\\/biancamachado.com.br\\\/blog\\\/books-profissionais-fotos-personalizadas\\\/\",\"url\":\"https:\\\/\\\/biancamachado.com.br\\\/blog\\\/books-profissionais-fotos-personalizadas\\\/\",\"name\":\"Books Profissionais : Fotos Personalizadas - STUDIO BIANCA MACHADO\",\"isPartOf\":{\"@id\":\"https:\\\/\\\/biancamachado.com.br\\\/blog\\\/#website\"},\"primaryImageOfPage\":{\"@id\":\"https:\\\/\\\/biancamachado.com.br\\\/blog\\\/books-profissionais-fotos-personalizadas\\\/#primaryimage\"},\"image\":{\"@id\":\"https:\\\/\\\/biancamachado.com.br\\\/blog\\\/books-profissionais-fotos-personalizadas\\\/#primaryimage\"},\"thumbnailUrl\":\"https:\\\/\\\/i0.wp.com\\\/biancamachado.com.br\\\/blog\\\/wp-content\\\/uploads\\\/2012\\\/02\\\/Screenshot_487.png?fit=607%2C422&ssl=1\",\"datePublished\":\"2012-02-22T17:51:00+00:00\",\"dateModified\":\"2021-02-18T03:03:20+00:00\",\"breadcrumb\":{\"@id\":\"https:\\\/\\\/biancamachado.com.br\\\/blog\\\/books-profissionais-fotos-personalizadas\\\/#breadcrumb\"},\"inLanguage\":\"pt-BR\",\"potentialAction\":[{\"@type\":\"ReadAction\",\"target\":[\"https:\\\/\\\/biancamachado.com.br\\\/blog\\\/books-profissionais-fotos-personalizadas\\\/\"]}]},{\"@type\":\"ImageObject\",\"inLanguage\":\"pt-BR\",\"@id\":\"https:\\\/\\\/biancamachado.com.br\\\/blog\\\/books-profissionais-fotos-personalizadas\\\/#primaryimage\",\"url\":\"https:\\\/\\\/i0.wp.com\\\/biancamachado.com.br\\\/blog\\\/wp-content\\\/uploads\\\/2012\\\/02\\\/Screenshot_487.png?fit=607%2C422&ssl=1\",\"contentUrl\":\"https:\\\/\\\/i0.wp.com\\\/biancamachado.com.br\\\/blog\\\/wp-content\\\/uploads\\\/2012\\\/02\\\/Screenshot_487.png?fit=607%2C422&ssl=1\",\"width\":607,\"height\":422,\"caption\":\"Books Profissionais : Fotos Personalizadas\"},{\"@type\":\"BreadcrumbList\",\"@id\":\"https:\\\/\\\/biancamachado.com.br\\\/blog\\\/books-profissionais-fotos-personalizadas\\\/#breadcrumb\",\"itemListElement\":[{\"@type\":\"ListItem\",\"position\":1,\"name\":\"In\u00edcio\",\"item\":\"https:\\\/\\\/biancamachado.com.br\\\/blog\\\/\"},{\"@type\":\"ListItem\",\"position\":2,\"name\":\"Books Profissionais : Fotos Personalizadas\"}]},{\"@type\":\"WebSite\",\"@id\":\"https:\\\/\\\/biancamachado.com.br\\\/blog\\\/#website\",\"url\":\"https:\\\/\\\/biancamachado.com.br\\\/blog\\\/\",\"name\":\"STUDIO BIANCA MACHADO\",\"description\":\"Estudio Fotografico, Ensaios e Books de foto profissional\",\"publisher\":{\"@id\":\"https:\\\/\\\/biancamachado.com.br\\\/blog\\\/#organization\"},\"potentialAction\":[{\"@type\":\"SearchAction\",\"target\":{\"@type\":\"EntryPoint\",\"urlTemplate\":\"https:\\\/\\\/biancamachado.com.br\\\/blog\\\/?s={search_term_string}\"},\"query-input\":{\"@type\":\"PropertyValueSpecification\",\"valueRequired\":true,\"valueName\":\"search_term_string\"}}],\"inLanguage\":\"pt-BR\"},{\"@type\":\"Organization\",\"@id\":\"https:\\\/\\\/biancamachado.com.br\\\/blog\\\/#organization\",\"name\":\"STUDIO BIANCA MACHADO\",\"url\":\"https:\\\/\\\/biancamachado.com.br\\\/blog\\\/\",\"logo\":{\"@type\":\"ImageObject\",\"inLanguage\":\"pt-BR\",\"@id\":\"https:\\\/\\\/biancamachado.com.br\\\/blog\\\/#\\\/schema\\\/logo\\\/image\\\/\",\"url\":\"https:\\\/\\\/i0.wp.com\\\/biancamachado.com.br\\\/blog\\\/wp-content\\\/uploads\\\/2021\\\/02\\\/cropped-logo-ml.jpg?fit=278%2C100&ssl=1\",\"contentUrl\":\"https:\\\/\\\/i0.wp.com\\\/biancamachado.com.br\\\/blog\\\/wp-content\\\/uploads\\\/2021\\\/02\\\/cropped-logo-ml.jpg?fit=278%2C100&ssl=1\",\"width\":278,\"height\":100,\"caption\":\"STUDIO BIANCA MACHADO\"},\"image\":{\"@id\":\"https:\\\/\\\/biancamachado.com.br\\\/blog\\\/#\\\/schema\\\/logo\\\/image\\\/\"},\"sameAs\":[\"https:\\\/\\\/www.facebook.com\\\/Studiobiancamachado\\\/\",\"https:\\\/\\\/www.instagram.com\\\/Studiobiancamachado\\\/\"]},{\"@type\":\"Person\",\"@id\":\"https:\\\/\\\/biancamachado.com.br\\\/blog\\\/#\\\/schema\\\/person\\\/990263800ec5e9bdbbf092a2353550a1\",\"name\":\"biancamachado\",\"image\":{\"@type\":\"ImageObject\",\"inLanguage\":\"pt-BR\",\"@id\":\"https:\\\/\\\/secure.gravatar.com\\\/avatar\\\/62b1a50f2632dbc2e279c3eb55aa46cc324c969cff16a69c59756d155316542c?s=96&d=mm&r=g\",\"url\":\"https:\\\/\\\/secure.gravatar.com\\\/avatar\\\/62b1a50f2632dbc2e279c3eb55aa46cc324c969cff16a69c59756d155316542c?s=96&d=mm&r=g\",\"contentUrl\":\"https:\\\/\\\/secure.gravatar.com\\\/avatar\\\/62b1a50f2632dbc2e279c3eb55aa46cc324c969cff16a69c59756d155316542c?s=96&d=mm&r=g\",\"caption\":\"biancamachado\"},\"sameAs\":[\"https:\\\/\\\/biancamachado.com.br\\\/blog\"],\"url\":\"https:\\\/\\\/biancamachado.com.br\\\/blog\\\/author\\\/biancamachado\\\/\"}]}<\/script>\n<!-- \/ Yoast SEO plugin. -->","yoast_head_json":{"title":"Books Profissionais : Fotos Personalizadas - STUDIO BIANCA MACHADO","robots":{"index":"index","follow":"follow","max-snippet":"max-snippet:-1","max-image-preview":"max-image-preview:large","max-video-preview":"max-video-preview:-1"},"canonical":"https:\/\/biancamachado.com.br\/blog\/books-profissionais-fotos-personalizadas\/","og_locale":"pt_BR","og_type":"article","og_title":"Books Profissionais : Fotos Personalizadas - STUDIO BIANCA MACHADO","og_description":"Registre cada momento da inf\u00e2ncia","og_url":"https:\/\/biancamachado.com.br\/blog\/books-profissionais-fotos-personalizadas\/","og_site_name":"STUDIO BIANCA MACHADO","article_publisher":"https:\/\/www.facebook.com\/Studiobiancamachado\/","article_published_time":"2012-02-22T17:51:00+00:00","article_modified_time":"2021-02-18T03:03:20+00:00","og_image":[{"width":607,"height":422,"url":"https:\/\/i0.wp.com\/biancamachado.com.br\/blog\/wp-content\/uploads\/2012\/02\/Screenshot_487.png?fit=607%2C422&ssl=1","type":"image\/png"}],"author":"biancamachado","twitter_card":"summary_large_image","twitter_misc":{"Escrito por":"biancamachado"},"schema":{"@context":"https:\/\/schema.org","@graph":[{"@type":"Article","@id":"https:\/\/biancamachado.com.br\/blog\/books-profissionais-fotos-personalizadas\/#article","isPartOf":{"@id":"https:\/\/biancamachado.com.br\/blog\/books-profissionais-fotos-personalizadas\/"},"author":{"name":"biancamachado","@id":"https:\/\/biancamachado.com.br\/blog\/#\/schema\/person\/990263800ec5e9bdbbf092a2353550a1"},"headline":"Books Profissionais : Fotos Personalizadas","datePublished":"2012-02-22T17:51:00+00:00","dateModified":"2021-02-18T03:03:20+00:00","mainEntityOfPage":{"@id":"https:\/\/biancamachado.com.br\/blog\/books-profissionais-fotos-personalizadas\/"},"wordCount":41,"commentCount":0,"publisher":{"@id":"https:\/\/biancamachado.com.br\/blog\/#organization"},"image":{"@id":"https:\/\/biancamachado.com.br\/blog\/books-profissionais-fotos-personalizadas\/#primaryimage"},"thumbnailUrl":"https:\/\/i0.wp.com\/biancamachado.com.br\/blog\/wp-content\/uploads\/2012\/02\/Screenshot_487.png?fit=607%2C422&ssl=1","keywords":["book fotografico","book infantil em estudio","ensaio de fotos"],"articleSection":["Book Infantil Estudio","Studio Bianca Machado"],"inLanguage":"pt-BR","potentialAction":[{"@type":"CommentAction","name":"Comment","target":["https:\/\/biancamachado.com.br\/blog\/books-profissionais-fotos-personalizadas\/#respond"]}]},{"@type":"WebPage","@id":"https:\/\/biancamachado.com.br\/blog\/books-profissionais-fotos-personalizadas\/","url":"https:\/\/biancamachado.com.br\/blog\/books-profissionais-fotos-personalizadas\/","name":"Books Profissionais : Fotos Personalizadas - STUDIO BIANCA MACHADO","isPartOf":{"@id":"https:\/\/biancamachado.com.br\/blog\/#website"},"primaryImageOfPage":{"@id":"https:\/\/biancamachado.com.br\/blog\/books-profissionais-fotos-personalizadas\/#primaryimage"},"image":{"@id":"https:\/\/biancamachado.com.br\/blog\/books-profissionais-fotos-personalizadas\/#primaryimage"},"thumbnailUrl":"https:\/\/i0.wp.com\/biancamachado.com.br\/blog\/wp-content\/uploads\/2012\/02\/Screenshot_487.png?fit=607%2C422&ssl=1","datePublished":"2012-02-22T17:51:00+00:00","dateModified":"2021-02-18T03:03:20+00:00","breadcrumb":{"@id":"https:\/\/biancamachado.com.br\/blog\/books-profissionais-fotos-personalizadas\/#breadcrumb"},"inLanguage":"pt-BR","potentialAction":[{"@type":"ReadAction","target":["https:\/\/biancamachado.com.br\/blog\/books-profissionais-fotos-personalizadas\/"]}]},{"@type":"ImageObject","inLanguage":"pt-BR","@id":"https:\/\/biancamachado.com.br\/blog\/books-profissionais-fotos-personalizadas\/#primaryimage","url":"https:\/\/i0.wp.com\/biancamachado.com.br\/blog\/wp-content\/uploads\/2012\/02\/Screenshot_487.png?fit=607%2C422&ssl=1","contentUrl":"https:\/\/i0.wp.com\/biancamachado.com.br\/blog\/wp-content\/uploads\/2012\/02\/Screenshot_487.png?fit=607%2C422&ssl=1","width":607,"height":422,"caption":"Books Profissionais : Fotos Personalizadas"},{"@type":"BreadcrumbList","@id":"https:\/\/biancamachado.com.br\/blog\/books-profissionais-fotos-personalizadas\/#breadcrumb","itemListElement":[{"@type":"ListItem","position":1,"name":"In\u00edcio","item":"https:\/\/biancamachado.com.br\/blog\/"},{"@type":"ListItem","position":2,"name":"Books Profissionais : Fotos Personalizadas"}]},{"@type":"WebSite","@id":"https:\/\/biancamachado.com.br\/blog\/#website","url":"https:\/\/biancamachado.com.br\/blog\/","name":"STUDIO BIANCA MACHADO","description":"Estudio Fotografico, Ensaios e Books de foto profissional","publisher":{"@id":"https:\/\/biancamachado.com.br\/blog\/#organization"},"potentialAction":[{"@type":"SearchAction","target":{"@type":"EntryPoint","urlTemplate":"https:\/\/biancamachado.com.br\/blog\/?s={search_term_string}"},"query-input":{"@type":"PropertyValueSpecification","valueRequired":true,"valueName":"search_term_string"}}],"inLanguage":"pt-BR"},{"@type":"Organization","@id":"https:\/\/biancamachado.com.br\/blog\/#organization","name":"STUDIO BIANCA MACHADO","url":"https:\/\/biancamachado.com.br\/blog\/","logo":{"@type":"ImageObject","inLanguage":"pt-BR","@id":"https:\/\/biancamachado.com.br\/blog\/#\/schema\/logo\/image\/","url":"https:\/\/i0.wp.com\/biancamachado.com.br\/blog\/wp-content\/uploads\/2021\/02\/cropped-logo-ml.jpg?fit=278%2C100&ssl=1","contentUrl":"https:\/\/i0.wp.com\/biancamachado.com.br\/blog\/wp-content\/uploads\/2021\/02\/cropped-logo-ml.jpg?fit=278%2C100&ssl=1","width":278,"height":100,"caption":"STUDIO BIANCA MACHADO"},"image":{"@id":"https:\/\/biancamachado.com.br\/blog\/#\/schema\/logo\/image\/"},"sameAs":["https:\/\/www.facebook.com\/Studiobiancamachado\/","https:\/\/www.instagram.com\/Studiobiancamachado\/"]},{"@type":"Person","@id":"https:\/\/biancamachado.com.br\/blog\/#\/schema\/person\/990263800ec5e9bdbbf092a2353550a1","name":"biancamachado","image":{"@type":"ImageObject","inLanguage":"pt-BR","@id":"https:\/\/secure.gravatar.com\/avatar\/62b1a50f2632dbc2e279c3eb55aa46cc324c969cff16a69c59756d155316542c?s=96&d=mm&r=g","url":"https:\/\/secure.gravatar.com\/avatar\/62b1a50f2632dbc2e279c3eb55aa46cc324c969cff16a69c59756d155316542c?s=96&d=mm&r=g","contentUrl":"https:\/\/secure.gravatar.com\/avatar\/62b1a50f2632dbc2e279c3eb55aa46cc324c969cff16a69c59756d155316542c?s=96&d=mm&r=g","caption":"biancamachado"},"sameAs":["https:\/\/biancamachado.com.br\/blog"],"url":"https:\/\/biancamachado.com.br\/blog\/author\/biancamachado\/"}]}},"jetpack_featured_media_url":"https:\/\/i0.wp.com\/biancamachado.com.br\/blog\/wp-content\/uploads\/2012\/02\/Screenshot_487.png?fit=607%2C422&ssl=1","jetpack-related-posts":[],"jetpack_sharing_enabled":true,"_links":{"self":[{"href":"https:\/\/biancamachado.com.br\/blog\/wp-json\/wp\/v2\/posts\/528","targetHints":{"allow":["GET"]}}],"collection":[{"href":"https:\/\/biancamachado.com.br\/blog\/wp-json\/wp\/v2\/posts"}],"about":[{"href":"https:\/\/biancamachado.com.br\/blog\/wp-json\/wp\/v2\/types\/post"}],"author":[{"embeddable":true,"href":"https:\/\/biancamachado.com.br\/blog\/wp-json\/wp\/v2\/users\/1"}],"replies":[{"embeddable":true,"href":"https:\/\/biancamachado.com.br\/blog\/wp-json\/wp\/v2\/comments?post=528"}],"version-history":[{"count":1,"href":"https:\/\/biancamachado.com.br\/blog\/wp-json\/wp\/v2\/posts\/528\/revisions"}],"predecessor-version":[{"id":1582,"href":"https:\/\/biancamachado.com.br\/blog\/wp-json\/wp\/v2\/posts\/528\/revisions\/1582"}],"wp:featuredmedia":[{"embeddable":true,"href":"https:\/\/biancamachado.com.br\/blog\/wp-json\/wp\/v2\/media\/1367"}],"wp:attachment":[{"href":"https:\/\/biancamachado.com.br\/blog\/wp-json\/wp\/v2\/media?parent=528"}],"wp:term":[{"taxonomy":"category","embeddable":true,"href":"https:\/\/biancamachado.com.br\/blog\/wp-json\/wp\/v2\/categories?post=528"},{"taxonomy":"post_tag","embeddable":true,"href":"https:\/\/biancamachado.com.br\/blog\/wp-json\/wp\/v2\/tags?post=528"}],"curies":[{"name":"wp","href":"https:\/\/api.w.org\/{rel}","templated":true}]}}