{"id":517,"date":"2012-06-21T11:07:00","date_gmt":"2012-06-21T14:07:00","guid":{"rendered":"https:\/\/biancamachado.com.br\/blog\/?p=517"},"modified":"2012-06-21T11:07:00","modified_gmt":"2012-06-21T14:07:00","slug":"como-ser-seu-proprio-chefe-na-fotografia","status":"publish","type":"post","link":"https:\/\/biancamachado.com.br\/blog\/como-ser-seu-proprio-chefe-na-fotografia\/","title":{"rendered":"Como ser seu pr\u00f3prio chefe na fotografia?"},"content":{"rendered":"<div style=\"text-align: justify;\">\n<div style=\"clear: both; text-align: center;\"><a href=\"https:\/\/i0.wp.com\/3.bp.blogspot.com\/-2R05uUbLxUA\/T-KciPJnYLI\/AAAAAAAAFaw\/NN7MzNiLc6E\/s1600\/chefe_incompetente.jpg\" style=\"margin-left: 1em; margin-right: 1em;\"><img data-recalc-dims=\"1\" loading=\"lazy\" decoding=\"async\" border=\"0\" height=\"184\" src=\"https:\/\/i0.wp.com\/3.bp.blogspot.com\/-2R05uUbLxUA\/T-KciPJnYLI\/AAAAAAAAFaw\/NN7MzNiLc6E\/s320\/chefe_incompetente.jpg?resize=320%2C184&#038;ssl=1\" width=\"320\" \/><\/a><\/div>\n<div style=\"clear: both; text-align: center;\"><\/div>\n<div style=\"clear: both; text-align: center;\"><\/div>\n<div style=\"clear: both; text-align: left;\">Esse \u00e9 o sonho de muita gente.<\/div>\n<div style=\"clear: both; text-align: left;\">J\u00e1 imaginou n\u00e3o ter chefes nem hor\u00e1rios?<\/div>\n<div style=\"clear: both; text-align: left;\">O que parece um sonho, pode se tornar tamb\u00e9m um grande pesadelo.<\/div>\n<div style=\"clear: both; text-align: left;\">Na fotografia, \u00e9 preciso ter muita administra\u00e7\u00e3o de tempo e foco nos objetivos para conseguir resultados. As coisas n\u00e3o caem do c\u00e9u, vc precisa correr atr\u00e1s. &#8220;a vida n\u00e3o mima ningu\u00e9m&#8221;.<\/div>\n<div style=\"clear: both; text-align: left;\">A coisa mais dif\u00edcil, \u00e9 quando vc se depara com o fato de que se as coisas n\u00e3o est\u00e3o bem, vc \u00e9 o culpado. ( nessas horas que um chefe faz muita falta&#8230; )<\/div>\n<div style=\"clear: both; text-align: left;\">Mas uma coisa eu dou certeza. \u00c9 na dificuldade, que vc consegue ficar forte.<\/div>\n<div style=\"clear: both; text-align: left;\">H\u00e1 6 anos atr\u00e1s, desisti da minha promissora carreira em bancos, joguei minha faculdade e meu MBA no lixo para ser fot\u00f3grafa.<\/div>\n<div style=\"clear: both; text-align: left;\">De l\u00e1 pra c\u00e1, nunca mais parei de rir, nem de produzir.<\/div>\n<div style=\"clear: both; text-align: left;\">N\u00e3o se engane, a vida de um fot\u00f3grafo \u00e9 dedica\u00e7\u00e3o 100%.<\/div>\n<div style=\"clear: both; text-align: left;\">Eu n\u00e3o teria chefe pior na vida, do que eu mesma me cobrando resultados.<\/div>\n<div style=\"clear: both; text-align: left;\">O trabalho \u00e9 maravilhoso, empolgante, criativo. O grande segredo est\u00e1 em administrar a ansiedade e separar os projetos que s\u00e3o poss\u00edveis dos projetos malucos demais.<\/div>\n<div style=\"clear: both; text-align: left;\">N\u00e3o existe limites, tudo parece poss\u00edvel quando eu e meu s\u00f3cio Jo\u00e3o Sinatro, viramos as noites acordados rindo, planejando e o mais bacana de tudo: &#8220;bem baixinho, porque nossa pequena Miyuki est\u00e1 dormindo no quarto ao lado&#8230; Rs&#8230;&#8221;<\/div>\n<div style=\"clear: both; text-align: left;\">Cada um, \u00e9 do tamanho dos seus sonhos. O nosso virou realidade.<\/div>\n<div style=\"clear: both; text-align: left;\">D\u00e1 gosto, e orgulho ter conseguido chegar at\u00e9 aqui.<\/div>\n<div style=\"clear: both; text-align: left;\">N\u00f3s n\u00e3o somos melhores que ningu\u00e9m. Se conseguimos, qualquer um pode conseguir tamb\u00e9m.<\/div>\n<div style=\"clear: both; text-align: left;\">Se vc tem filhos, fam\u00edlia, contas a pagar, isso n\u00e3o \u00e9 desculpa. S\u00f3 significa que seu planejamento estrat\u00e9gico ter\u00e1 que ser mais elaborado. Vc precisar\u00e1 de um plano B, e ir migrando as coisas com paci\u00eancia. Mas nunca se acomode. Seus filhos n\u00e3o merecem isso. Eles merecem algu\u00e9m que eles queiram ser quando crescer.<\/div>\n<div><span style=\"font-weight: normal;\"><\/span><\/p>\n<div>\n<div style=\"text-align: start;\"><\/div>\n<div style=\"text-align: start;\"><span style=\"text-align: left;\">Visite tamb\u00e9m nosso site:&nbsp;<\/span><a href=\"http:\/\/www.biancamachado.com.br\/\" style=\"text-align: left;\">www.biancamachado.com.br<\/a><br style=\"text-align: left;\" \/><span style=\"text-align: left;\">(11) 97107-1018<\/span><\/div>\n<\/div>\n<\/div>\n<\/div>\nVisite tamb\u00e9m nosso site: www.biancamachado.com.br\r\n(11) 97107-1018\r\n\r\nAtendemos as regi\u00f5es de S\u00e3o Paulo, Sorocaba, Ibi\u00fana, Piedade, Votorantim, Cotia, Itupeva, Jundia\u00ed, It\u00fa e Campinas","protected":false},"excerpt":{"rendered":"<p>Esse \u00e9 o sonho de<\/p>\n","protected":false},"author":1,"featured_media":1356,"comment_status":"open","ping_status":"open","sticky":false,"template":"","format":"standard","meta":{"_monsterinsights_skip_tracking":false,"_monsterinsights_sitenote_active":false,"_monsterinsights_sitenote_note":"","_monsterinsights_sitenote_category":0,"jetpack_post_was_ever_published":false,"_jetpack_newsletter_access":"","_jetpack_dont_email_post_to_subs":false,"_jetpack_newsletter_tier_id":0,"_jetpack_memberships_contains_paywalled_content":false,"_jetpack_memberships_contains_paid_content":false,"_joinchat":[],"footnotes":""},"categories":[1],"tags":[],"class_list":["post-517","post","type-post","status-publish","format-standard","has-post-thumbnail","hentry","category-studio-bianca-machado"],"yoast_head":"<!-- This site is optimized with the Yoast SEO plugin v27.4 - https:\/\/yoast.com\/product\/yoast-seo-wordpress\/ -->\n<title>Como ser seu pr\u00f3prio chefe na fotografia? - STUDIO BIANCA MACHADO<\/title>\n<meta name=\"robots\" content=\"index, follow, max-snippet:-1, max-image-preview:large, max-video-preview:-1\" \/>\n<link rel=\"canonical\" href=\"https:\/\/biancamachado.com.br\/blog\/como-ser-seu-proprio-chefe-na-fotografia\/\" \/>\n<meta property=\"og:locale\" content=\"pt_BR\" \/>\n<meta property=\"og:type\" content=\"article\" \/>\n<meta property=\"og:title\" content=\"Como ser seu pr\u00f3prio chefe na fotografia? - STUDIO BIANCA MACHADO\" \/>\n<meta property=\"og:description\" content=\"Esse \u00e9 o sonho de\" \/>\n<meta property=\"og:url\" content=\"https:\/\/biancamachado.com.br\/blog\/como-ser-seu-proprio-chefe-na-fotografia\/\" \/>\n<meta property=\"og:site_name\" content=\"STUDIO BIANCA MACHADO\" \/>\n<meta property=\"article:publisher\" content=\"https:\/\/www.facebook.com\/Studiobiancamachado\/\" \/>\n<meta property=\"article:published_time\" content=\"2012-06-21T14:07:00+00:00\" \/>\n<meta property=\"og:image\" content=\"https:\/\/i0.wp.com\/biancamachado.com.br\/blog\/wp-content\/uploads\/2012\/06\/Screenshot_475.png?fit=314%2C184&ssl=1\" \/>\n\t<meta property=\"og:image:width\" content=\"314\" \/>\n\t<meta property=\"og:image:height\" content=\"184\" \/>\n\t<meta property=\"og:image:type\" content=\"image\/png\" \/>\n<meta name=\"author\" content=\"biancamachado\" \/>\n<meta name=\"twitter:card\" content=\"summary_large_image\" \/>\n<meta name=\"twitter:label1\" content=\"Escrito por\" \/>\n\t<meta name=\"twitter:data1\" content=\"biancamachado\" \/>\n\t<meta name=\"twitter:label2\" content=\"Est. tempo de leitura\" \/>\n\t<meta name=\"twitter:data2\" content=\"2 minutos\" \/>\n<script type=\"application\/ld+json\" class=\"yoast-schema-graph\">{\"@context\":\"https:\\\/\\\/schema.org\",\"@graph\":[{\"@type\":\"Article\",\"@id\":\"https:\\\/\\\/biancamachado.com.br\\\/blog\\\/como-ser-seu-proprio-chefe-na-fotografia\\\/#article\",\"isPartOf\":{\"@id\":\"https:\\\/\\\/biancamachado.com.br\\\/blog\\\/como-ser-seu-proprio-chefe-na-fotografia\\\/\"},\"author\":{\"name\":\"biancamachado\",\"@id\":\"https:\\\/\\\/biancamachado.com.br\\\/blog\\\/#\\\/schema\\\/person\\\/990263800ec5e9bdbbf092a2353550a1\"},\"headline\":\"Como ser seu pr\u00f3prio chefe na fotografia?\",\"datePublished\":\"2012-06-21T14:07:00+00:00\",\"mainEntityOfPage\":{\"@id\":\"https:\\\/\\\/biancamachado.com.br\\\/blog\\\/como-ser-seu-proprio-chefe-na-fotografia\\\/\"},\"wordCount\":355,\"commentCount\":0,\"publisher\":{\"@id\":\"https:\\\/\\\/biancamachado.com.br\\\/blog\\\/#organization\"},\"image\":{\"@id\":\"https:\\\/\\\/biancamachado.com.br\\\/blog\\\/como-ser-seu-proprio-chefe-na-fotografia\\\/#primaryimage\"},\"thumbnailUrl\":\"https:\\\/\\\/i0.wp.com\\\/biancamachado.com.br\\\/blog\\\/wp-content\\\/uploads\\\/2012\\\/06\\\/Screenshot_475.png?fit=314%2C184&ssl=1\",\"articleSection\":[\"Studio Bianca Machado\"],\"inLanguage\":\"pt-BR\",\"potentialAction\":[{\"@type\":\"CommentAction\",\"name\":\"Comment\",\"target\":[\"https:\\\/\\\/biancamachado.com.br\\\/blog\\\/como-ser-seu-proprio-chefe-na-fotografia\\\/#respond\"]}]},{\"@type\":\"WebPage\",\"@id\":\"https:\\\/\\\/biancamachado.com.br\\\/blog\\\/como-ser-seu-proprio-chefe-na-fotografia\\\/\",\"url\":\"https:\\\/\\\/biancamachado.com.br\\\/blog\\\/como-ser-seu-proprio-chefe-na-fotografia\\\/\",\"name\":\"Como ser seu pr\u00f3prio chefe na fotografia? - STUDIO BIANCA MACHADO\",\"isPartOf\":{\"@id\":\"https:\\\/\\\/biancamachado.com.br\\\/blog\\\/#website\"},\"primaryImageOfPage\":{\"@id\":\"https:\\\/\\\/biancamachado.com.br\\\/blog\\\/como-ser-seu-proprio-chefe-na-fotografia\\\/#primaryimage\"},\"image\":{\"@id\":\"https:\\\/\\\/biancamachado.com.br\\\/blog\\\/como-ser-seu-proprio-chefe-na-fotografia\\\/#primaryimage\"},\"thumbnailUrl\":\"https:\\\/\\\/i0.wp.com\\\/biancamachado.com.br\\\/blog\\\/wp-content\\\/uploads\\\/2012\\\/06\\\/Screenshot_475.png?fit=314%2C184&ssl=1\",\"datePublished\":\"2012-06-21T14:07:00+00:00\",\"breadcrumb\":{\"@id\":\"https:\\\/\\\/biancamachado.com.br\\\/blog\\\/como-ser-seu-proprio-chefe-na-fotografia\\\/#breadcrumb\"},\"inLanguage\":\"pt-BR\",\"potentialAction\":[{\"@type\":\"ReadAction\",\"target\":[\"https:\\\/\\\/biancamachado.com.br\\\/blog\\\/como-ser-seu-proprio-chefe-na-fotografia\\\/\"]}]},{\"@type\":\"ImageObject\",\"inLanguage\":\"pt-BR\",\"@id\":\"https:\\\/\\\/biancamachado.com.br\\\/blog\\\/como-ser-seu-proprio-chefe-na-fotografia\\\/#primaryimage\",\"url\":\"https:\\\/\\\/i0.wp.com\\\/biancamachado.com.br\\\/blog\\\/wp-content\\\/uploads\\\/2012\\\/06\\\/Screenshot_475.png?fit=314%2C184&ssl=1\",\"contentUrl\":\"https:\\\/\\\/i0.wp.com\\\/biancamachado.com.br\\\/blog\\\/wp-content\\\/uploads\\\/2012\\\/06\\\/Screenshot_475.png?fit=314%2C184&ssl=1\",\"width\":314,\"height\":184,\"caption\":\"Como ser seu pr\u00f3prio chefe na fotografia?\"},{\"@type\":\"BreadcrumbList\",\"@id\":\"https:\\\/\\\/biancamachado.com.br\\\/blog\\\/como-ser-seu-proprio-chefe-na-fotografia\\\/#breadcrumb\",\"itemListElement\":[{\"@type\":\"ListItem\",\"position\":1,\"name\":\"In\u00edcio\",\"item\":\"https:\\\/\\\/biancamachado.com.br\\\/blog\\\/\"},{\"@type\":\"ListItem\",\"position\":2,\"name\":\"Como ser seu pr\u00f3prio chefe na fotografia?\"}]},{\"@type\":\"WebSite\",\"@id\":\"https:\\\/\\\/biancamachado.com.br\\\/blog\\\/#website\",\"url\":\"https:\\\/\\\/biancamachado.com.br\\\/blog\\\/\",\"name\":\"STUDIO BIANCA MACHADO\",\"description\":\"Estudio Fotografico, Ensaios e Books de foto profissional\",\"publisher\":{\"@id\":\"https:\\\/\\\/biancamachado.com.br\\\/blog\\\/#organization\"},\"potentialAction\":[{\"@type\":\"SearchAction\",\"target\":{\"@type\":\"EntryPoint\",\"urlTemplate\":\"https:\\\/\\\/biancamachado.com.br\\\/blog\\\/?s={search_term_string}\"},\"query-input\":{\"@type\":\"PropertyValueSpecification\",\"valueRequired\":true,\"valueName\":\"search_term_string\"}}],\"inLanguage\":\"pt-BR\"},{\"@type\":\"Organization\",\"@id\":\"https:\\\/\\\/biancamachado.com.br\\\/blog\\\/#organization\",\"name\":\"STUDIO BIANCA MACHADO\",\"url\":\"https:\\\/\\\/biancamachado.com.br\\\/blog\\\/\",\"logo\":{\"@type\":\"ImageObject\",\"inLanguage\":\"pt-BR\",\"@id\":\"https:\\\/\\\/biancamachado.com.br\\\/blog\\\/#\\\/schema\\\/logo\\\/image\\\/\",\"url\":\"https:\\\/\\\/i0.wp.com\\\/biancamachado.com.br\\\/blog\\\/wp-content\\\/uploads\\\/2021\\\/02\\\/cropped-logo-ml.jpg?fit=278%2C100&ssl=1\",\"contentUrl\":\"https:\\\/\\\/i0.wp.com\\\/biancamachado.com.br\\\/blog\\\/wp-content\\\/uploads\\\/2021\\\/02\\\/cropped-logo-ml.jpg?fit=278%2C100&ssl=1\",\"width\":278,\"height\":100,\"caption\":\"STUDIO BIANCA MACHADO\"},\"image\":{\"@id\":\"https:\\\/\\\/biancamachado.com.br\\\/blog\\\/#\\\/schema\\\/logo\\\/image\\\/\"},\"sameAs\":[\"https:\\\/\\\/www.facebook.com\\\/Studiobiancamachado\\\/\",\"https:\\\/\\\/www.instagram.com\\\/Studiobiancamachado\\\/\"]},{\"@type\":\"Person\",\"@id\":\"https:\\\/\\\/biancamachado.com.br\\\/blog\\\/#\\\/schema\\\/person\\\/990263800ec5e9bdbbf092a2353550a1\",\"name\":\"biancamachado\",\"image\":{\"@type\":\"ImageObject\",\"inLanguage\":\"pt-BR\",\"@id\":\"https:\\\/\\\/secure.gravatar.com\\\/avatar\\\/62b1a50f2632dbc2e279c3eb55aa46cc324c969cff16a69c59756d155316542c?s=96&d=mm&r=g\",\"url\":\"https:\\\/\\\/secure.gravatar.com\\\/avatar\\\/62b1a50f2632dbc2e279c3eb55aa46cc324c969cff16a69c59756d155316542c?s=96&d=mm&r=g\",\"contentUrl\":\"https:\\\/\\\/secure.gravatar.com\\\/avatar\\\/62b1a50f2632dbc2e279c3eb55aa46cc324c969cff16a69c59756d155316542c?s=96&d=mm&r=g\",\"caption\":\"biancamachado\"},\"sameAs\":[\"https:\\\/\\\/biancamachado.com.br\\\/blog\"],\"url\":\"https:\\\/\\\/biancamachado.com.br\\\/blog\\\/author\\\/biancamachado\\\/\"}]}<\/script>\n<!-- \/ Yoast SEO plugin. -->","yoast_head_json":{"title":"Como ser seu pr\u00f3prio chefe na fotografia? - STUDIO BIANCA MACHADO","robots":{"index":"index","follow":"follow","max-snippet":"max-snippet:-1","max-image-preview":"max-image-preview:large","max-video-preview":"max-video-preview:-1"},"canonical":"https:\/\/biancamachado.com.br\/blog\/como-ser-seu-proprio-chefe-na-fotografia\/","og_locale":"pt_BR","og_type":"article","og_title":"Como ser seu pr\u00f3prio chefe na fotografia? - STUDIO BIANCA MACHADO","og_description":"Esse \u00e9 o sonho de","og_url":"https:\/\/biancamachado.com.br\/blog\/como-ser-seu-proprio-chefe-na-fotografia\/","og_site_name":"STUDIO BIANCA MACHADO","article_publisher":"https:\/\/www.facebook.com\/Studiobiancamachado\/","article_published_time":"2012-06-21T14:07:00+00:00","og_image":[{"width":314,"height":184,"url":"https:\/\/i0.wp.com\/biancamachado.com.br\/blog\/wp-content\/uploads\/2012\/06\/Screenshot_475.png?fit=314%2C184&ssl=1","type":"image\/png"}],"author":"biancamachado","twitter_card":"summary_large_image","twitter_misc":{"Escrito por":"biancamachado","Est. tempo de leitura":"2 minutos"},"schema":{"@context":"https:\/\/schema.org","@graph":[{"@type":"Article","@id":"https:\/\/biancamachado.com.br\/blog\/como-ser-seu-proprio-chefe-na-fotografia\/#article","isPartOf":{"@id":"https:\/\/biancamachado.com.br\/blog\/como-ser-seu-proprio-chefe-na-fotografia\/"},"author":{"name":"biancamachado","@id":"https:\/\/biancamachado.com.br\/blog\/#\/schema\/person\/990263800ec5e9bdbbf092a2353550a1"},"headline":"Como ser seu pr\u00f3prio chefe na fotografia?","datePublished":"2012-06-21T14:07:00+00:00","mainEntityOfPage":{"@id":"https:\/\/biancamachado.com.br\/blog\/como-ser-seu-proprio-chefe-na-fotografia\/"},"wordCount":355,"commentCount":0,"publisher":{"@id":"https:\/\/biancamachado.com.br\/blog\/#organization"},"image":{"@id":"https:\/\/biancamachado.com.br\/blog\/como-ser-seu-proprio-chefe-na-fotografia\/#primaryimage"},"thumbnailUrl":"https:\/\/i0.wp.com\/biancamachado.com.br\/blog\/wp-content\/uploads\/2012\/06\/Screenshot_475.png?fit=314%2C184&ssl=1","articleSection":["Studio Bianca Machado"],"inLanguage":"pt-BR","potentialAction":[{"@type":"CommentAction","name":"Comment","target":["https:\/\/biancamachado.com.br\/blog\/como-ser-seu-proprio-chefe-na-fotografia\/#respond"]}]},{"@type":"WebPage","@id":"https:\/\/biancamachado.com.br\/blog\/como-ser-seu-proprio-chefe-na-fotografia\/","url":"https:\/\/biancamachado.com.br\/blog\/como-ser-seu-proprio-chefe-na-fotografia\/","name":"Como ser seu pr\u00f3prio chefe na fotografia? - STUDIO BIANCA MACHADO","isPartOf":{"@id":"https:\/\/biancamachado.com.br\/blog\/#website"},"primaryImageOfPage":{"@id":"https:\/\/biancamachado.com.br\/blog\/como-ser-seu-proprio-chefe-na-fotografia\/#primaryimage"},"image":{"@id":"https:\/\/biancamachado.com.br\/blog\/como-ser-seu-proprio-chefe-na-fotografia\/#primaryimage"},"thumbnailUrl":"https:\/\/i0.wp.com\/biancamachado.com.br\/blog\/wp-content\/uploads\/2012\/06\/Screenshot_475.png?fit=314%2C184&ssl=1","datePublished":"2012-06-21T14:07:00+00:00","breadcrumb":{"@id":"https:\/\/biancamachado.com.br\/blog\/como-ser-seu-proprio-chefe-na-fotografia\/#breadcrumb"},"inLanguage":"pt-BR","potentialAction":[{"@type":"ReadAction","target":["https:\/\/biancamachado.com.br\/blog\/como-ser-seu-proprio-chefe-na-fotografia\/"]}]},{"@type":"ImageObject","inLanguage":"pt-BR","@id":"https:\/\/biancamachado.com.br\/blog\/como-ser-seu-proprio-chefe-na-fotografia\/#primaryimage","url":"https:\/\/i0.wp.com\/biancamachado.com.br\/blog\/wp-content\/uploads\/2012\/06\/Screenshot_475.png?fit=314%2C184&ssl=1","contentUrl":"https:\/\/i0.wp.com\/biancamachado.com.br\/blog\/wp-content\/uploads\/2012\/06\/Screenshot_475.png?fit=314%2C184&ssl=1","width":314,"height":184,"caption":"Como ser seu pr\u00f3prio chefe na fotografia?"},{"@type":"BreadcrumbList","@id":"https:\/\/biancamachado.com.br\/blog\/como-ser-seu-proprio-chefe-na-fotografia\/#breadcrumb","itemListElement":[{"@type":"ListItem","position":1,"name":"In\u00edcio","item":"https:\/\/biancamachado.com.br\/blog\/"},{"@type":"ListItem","position":2,"name":"Como ser seu pr\u00f3prio chefe na fotografia?"}]},{"@type":"WebSite","@id":"https:\/\/biancamachado.com.br\/blog\/#website","url":"https:\/\/biancamachado.com.br\/blog\/","name":"STUDIO BIANCA MACHADO","description":"Estudio Fotografico, Ensaios e Books de foto profissional","publisher":{"@id":"https:\/\/biancamachado.com.br\/blog\/#organization"},"potentialAction":[{"@type":"SearchAction","target":{"@type":"EntryPoint","urlTemplate":"https:\/\/biancamachado.com.br\/blog\/?s={search_term_string}"},"query-input":{"@type":"PropertyValueSpecification","valueRequired":true,"valueName":"search_term_string"}}],"inLanguage":"pt-BR"},{"@type":"Organization","@id":"https:\/\/biancamachado.com.br\/blog\/#organization","name":"STUDIO BIANCA MACHADO","url":"https:\/\/biancamachado.com.br\/blog\/","logo":{"@type":"ImageObject","inLanguage":"pt-BR","@id":"https:\/\/biancamachado.com.br\/blog\/#\/schema\/logo\/image\/","url":"https:\/\/i0.wp.com\/biancamachado.com.br\/blog\/wp-content\/uploads\/2021\/02\/cropped-logo-ml.jpg?fit=278%2C100&ssl=1","contentUrl":"https:\/\/i0.wp.com\/biancamachado.com.br\/blog\/wp-content\/uploads\/2021\/02\/cropped-logo-ml.jpg?fit=278%2C100&ssl=1","width":278,"height":100,"caption":"STUDIO BIANCA MACHADO"},"image":{"@id":"https:\/\/biancamachado.com.br\/blog\/#\/schema\/logo\/image\/"},"sameAs":["https:\/\/www.facebook.com\/Studiobiancamachado\/","https:\/\/www.instagram.com\/Studiobiancamachado\/"]},{"@type":"Person","@id":"https:\/\/biancamachado.com.br\/blog\/#\/schema\/person\/990263800ec5e9bdbbf092a2353550a1","name":"biancamachado","image":{"@type":"ImageObject","inLanguage":"pt-BR","@id":"https:\/\/secure.gravatar.com\/avatar\/62b1a50f2632dbc2e279c3eb55aa46cc324c969cff16a69c59756d155316542c?s=96&d=mm&r=g","url":"https:\/\/secure.gravatar.com\/avatar\/62b1a50f2632dbc2e279c3eb55aa46cc324c969cff16a69c59756d155316542c?s=96&d=mm&r=g","contentUrl":"https:\/\/secure.gravatar.com\/avatar\/62b1a50f2632dbc2e279c3eb55aa46cc324c969cff16a69c59756d155316542c?s=96&d=mm&r=g","caption":"biancamachado"},"sameAs":["https:\/\/biancamachado.com.br\/blog"],"url":"https:\/\/biancamachado.com.br\/blog\/author\/biancamachado\/"}]}},"jetpack_featured_media_url":"https:\/\/i0.wp.com\/biancamachado.com.br\/blog\/wp-content\/uploads\/2012\/06\/Screenshot_475.png?fit=314%2C184&ssl=1","jetpack-related-posts":[],"jetpack_sharing_enabled":true,"_links":{"self":[{"href":"https:\/\/biancamachado.com.br\/blog\/wp-json\/wp\/v2\/posts\/517","targetHints":{"allow":["GET"]}}],"collection":[{"href":"https:\/\/biancamachado.com.br\/blog\/wp-json\/wp\/v2\/posts"}],"about":[{"href":"https:\/\/biancamachado.com.br\/blog\/wp-json\/wp\/v2\/types\/post"}],"author":[{"embeddable":true,"href":"https:\/\/biancamachado.com.br\/blog\/wp-json\/wp\/v2\/users\/1"}],"replies":[{"embeddable":true,"href":"https:\/\/biancamachado.com.br\/blog\/wp-json\/wp\/v2\/comments?post=517"}],"version-history":[{"count":0,"href":"https:\/\/biancamachado.com.br\/blog\/wp-json\/wp\/v2\/posts\/517\/revisions"}],"wp:featuredmedia":[{"embeddable":true,"href":"https:\/\/biancamachado.com.br\/blog\/wp-json\/wp\/v2\/media\/1356"}],"wp:attachment":[{"href":"https:\/\/biancamachado.com.br\/blog\/wp-json\/wp\/v2\/media?parent=517"}],"wp:term":[{"taxonomy":"category","embeddable":true,"href":"https:\/\/biancamachado.com.br\/blog\/wp-json\/wp\/v2\/categories?post=517"},{"taxonomy":"post_tag","embeddable":true,"href":"https:\/\/biancamachado.com.br\/blog\/wp-json\/wp\/v2\/tags?post=517"}],"curies":[{"name":"wp","href":"https:\/\/api.w.org\/{rel}","templated":true}]}}