{"id":513,"date":"2012-06-22T18:23:00","date_gmt":"2012-06-22T21:23:00","guid":{"rendered":"https:\/\/biancamachado.com.br\/blog\/?p=513"},"modified":"2021-02-11T15:16:49","modified_gmt":"2021-02-11T18:16:49","slug":"o-que-fazer-para-aumentar-a-auto-estima","status":"publish","type":"post","link":"https:\/\/biancamachado.com.br\/blog\/o-que-fazer-para-aumentar-a-auto-estima\/","title":{"rendered":"O que fazer para aumentar a auto-estima"},"content":{"rendered":"<div style=\"clear: both; text-align: center;\"><\/div>\n<table style=\"margin-left: auto; margin-right: auto; text-align: center;\" cellspacing=\"0\" cellpadding=\"0\" align=\"center\">\n<tbody>\n<tr>\n<td style=\"text-align: center;\"><a style=\"margin-left: auto; margin-right: auto;\" href=\"https:\/\/i0.wp.com\/2.bp.blogspot.com\/-dxrgvDqUyVg\/T-qlT8L-EvI\/AAAAAAAAFco\/aiRv5VeTOII\/s1600\/fotos_criativas_%2Bpara_facebook.jpg\"><img data-recalc-dims=\"1\" loading=\"lazy\" decoding=\"async\" title=\"fotos criativas para o facebook\" src=\"https:\/\/i0.wp.com\/2.bp.blogspot.com\/-dxrgvDqUyVg\/T-qlT8L-EvI\/AAAAAAAAFco\/aiRv5VeTOII\/s640\/fotos_criativas_%2Bpara_facebook.jpg?resize=640%2C304&#038;ssl=1\" alt=\"fotos criativas para o facebook\" width=\"640\" height=\"304\" border=\"0\" \/><\/a><\/td>\n<\/tr>\n<tr>\n<td style=\"text-align: center;\">\n<div style=\"text-align: right;\">\n<div style=\"text-align: center;\">fotos criativas para o facebook<\/div>\n<\/div>\n<\/td>\n<\/tr>\n<\/tbody>\n<\/table>\n<div style=\"text-align: center;\"><\/div>\n<div style=\"text-align: justify;\">Uma boa dica, para quem quer mudar de vida, mudar de emprego, \u00e9 sem d\u00favida aumentar a sua auto-estima.<\/div>\n<div style=\"text-align: justify;\">Desde o come\u00e7o dos tempos, as mulheres quando terminam um relacionamento ou mudam de emprego, cortam o cabelo, mudam o guarda-roupa, enfim, fica muito mais f\u00e1cil se reinventar quando vc est\u00e1 satisfeito com a sua apar\u00eancia.<\/div>\n<div style=\"text-align: justify;\">No est\u00fadio, recebemos muitas clientes que se sentem inseguras quanto a apar\u00eancia.<\/div>\n<div style=\"text-align: justify;\">Uma \u00f3tima dica, \u00e9 fazer uma sess\u00e3o de fotos em est\u00fadio para tomar contato com os seus pontos portes, e ter mais confian\u00e7a para seguir os desafios da vida.<\/div>\n<div style=\"text-align: justify;\">A percep\u00e7\u00e3o de imagem que temos de n\u00f3s mesmos, geralmente \u00e9 distorcida. A sess\u00e3o de fotos ajuda a ver como as pessoas percebem vc, e salienta a personalidade da modelo, dando estilo e confian\u00e7a.<\/div>\n<div style=\"text-align: justify;\">Que tal mudar sua auto-estima?<\/p>\n<\/div>\n<div style=\"text-align: start;\"><\/div>\n<div style=\"text-align: start;\">Visite tamb\u00e9m nosso site:\u00a0<a href=\"http:\/\/www.biancamachado.com.br\/\">www.biancamachado.com.br<\/a><br \/>\n(11) 97107-1018<\/div>\nVisite tamb\u00e9m nosso site: www.biancamachado.com.br\r\n(11) 97107-1018\r\n\r\nAtendemos as regi\u00f5es de S\u00e3o Paulo, Sorocaba, Ibi\u00fana, Piedade, Votorantim, Cotia, Itupeva, Jundia\u00ed, It\u00fa e Campinas","protected":false},"excerpt":{"rendered":"<p>fotos criativas para o facebook<\/p>\n","protected":false},"author":1,"featured_media":1351,"comment_status":"open","ping_status":"open","sticky":false,"template":"","format":"standard","meta":{"_monsterinsights_skip_tracking":false,"_monsterinsights_sitenote_active":false,"_monsterinsights_sitenote_note":"","_monsterinsights_sitenote_category":0,"jetpack_post_was_ever_published":false,"_jetpack_newsletter_access":"","_jetpack_dont_email_post_to_subs":false,"_jetpack_newsletter_tier_id":0,"_jetpack_memberships_contains_paywalled_content":false,"_jetpack_memberships_contains_paid_content":false,"_joinchat":[],"footnotes":""},"categories":[1],"tags":[],"class_list":["post-513","post","type-post","status-publish","format-standard","has-post-thumbnail","hentry","category-studio-bianca-machado"],"yoast_head":"<!-- This site is optimized with the Yoast SEO plugin v27.4 - https:\/\/yoast.com\/product\/yoast-seo-wordpress\/ -->\n<title>O que fazer para aumentar a auto-estima - STUDIO BIANCA MACHADO<\/title>\n<meta name=\"robots\" content=\"index, follow, max-snippet:-1, max-image-preview:large, max-video-preview:-1\" \/>\n<link rel=\"canonical\" href=\"https:\/\/biancamachado.com.br\/blog\/o-que-fazer-para-aumentar-a-auto-estima\/\" \/>\n<meta property=\"og:locale\" content=\"pt_BR\" \/>\n<meta property=\"og:type\" content=\"article\" \/>\n<meta property=\"og:title\" content=\"O que fazer para aumentar a auto-estima - STUDIO BIANCA MACHADO\" \/>\n<meta property=\"og:description\" content=\"fotos criativas para o facebook\" \/>\n<meta property=\"og:url\" content=\"https:\/\/biancamachado.com.br\/blog\/o-que-fazer-para-aumentar-a-auto-estima\/\" \/>\n<meta property=\"og:site_name\" content=\"STUDIO BIANCA MACHADO\" \/>\n<meta property=\"article:publisher\" content=\"https:\/\/www.facebook.com\/Studiobiancamachado\/\" \/>\n<meta property=\"article:published_time\" content=\"2012-06-22T21:23:00+00:00\" \/>\n<meta property=\"article:modified_time\" content=\"2021-02-11T18:16:49+00:00\" \/>\n<meta property=\"og:image\" content=\"https:\/\/i0.wp.com\/biancamachado.com.br\/blog\/wp-content\/uploads\/2012\/06\/Screenshot_471.png?fit=631%2C304&ssl=1\" \/>\n\t<meta property=\"og:image:width\" content=\"631\" \/>\n\t<meta property=\"og:image:height\" content=\"304\" \/>\n\t<meta property=\"og:image:type\" content=\"image\/png\" \/>\n<meta name=\"author\" content=\"biancamachado\" \/>\n<meta name=\"twitter:card\" content=\"summary_large_image\" \/>\n<meta name=\"twitter:label1\" content=\"Escrito por\" \/>\n\t<meta name=\"twitter:data1\" content=\"biancamachado\" \/>\n\t<meta name=\"twitter:label2\" content=\"Est. tempo de leitura\" \/>\n\t<meta name=\"twitter:data2\" content=\"1 minuto\" \/>\n<script type=\"application\/ld+json\" class=\"yoast-schema-graph\">{\"@context\":\"https:\\\/\\\/schema.org\",\"@graph\":[{\"@type\":\"Article\",\"@id\":\"https:\\\/\\\/biancamachado.com.br\\\/blog\\\/o-que-fazer-para-aumentar-a-auto-estima\\\/#article\",\"isPartOf\":{\"@id\":\"https:\\\/\\\/biancamachado.com.br\\\/blog\\\/o-que-fazer-para-aumentar-a-auto-estima\\\/\"},\"author\":{\"name\":\"biancamachado\",\"@id\":\"https:\\\/\\\/biancamachado.com.br\\\/blog\\\/#\\\/schema\\\/person\\\/990263800ec5e9bdbbf092a2353550a1\"},\"headline\":\"O que fazer para aumentar a auto-estima\",\"datePublished\":\"2012-06-22T21:23:00+00:00\",\"dateModified\":\"2021-02-11T18:16:49+00:00\",\"mainEntityOfPage\":{\"@id\":\"https:\\\/\\\/biancamachado.com.br\\\/blog\\\/o-que-fazer-para-aumentar-a-auto-estima\\\/\"},\"wordCount\":167,\"commentCount\":0,\"publisher\":{\"@id\":\"https:\\\/\\\/biancamachado.com.br\\\/blog\\\/#organization\"},\"image\":{\"@id\":\"https:\\\/\\\/biancamachado.com.br\\\/blog\\\/o-que-fazer-para-aumentar-a-auto-estima\\\/#primaryimage\"},\"thumbnailUrl\":\"https:\\\/\\\/i0.wp.com\\\/biancamachado.com.br\\\/blog\\\/wp-content\\\/uploads\\\/2012\\\/06\\\/Screenshot_471.png?fit=631%2C304&ssl=1\",\"articleSection\":[\"Studio Bianca Machado\"],\"inLanguage\":\"pt-BR\",\"potentialAction\":[{\"@type\":\"CommentAction\",\"name\":\"Comment\",\"target\":[\"https:\\\/\\\/biancamachado.com.br\\\/blog\\\/o-que-fazer-para-aumentar-a-auto-estima\\\/#respond\"]}]},{\"@type\":\"WebPage\",\"@id\":\"https:\\\/\\\/biancamachado.com.br\\\/blog\\\/o-que-fazer-para-aumentar-a-auto-estima\\\/\",\"url\":\"https:\\\/\\\/biancamachado.com.br\\\/blog\\\/o-que-fazer-para-aumentar-a-auto-estima\\\/\",\"name\":\"O que fazer para aumentar a auto-estima - STUDIO BIANCA MACHADO\",\"isPartOf\":{\"@id\":\"https:\\\/\\\/biancamachado.com.br\\\/blog\\\/#website\"},\"primaryImageOfPage\":{\"@id\":\"https:\\\/\\\/biancamachado.com.br\\\/blog\\\/o-que-fazer-para-aumentar-a-auto-estima\\\/#primaryimage\"},\"image\":{\"@id\":\"https:\\\/\\\/biancamachado.com.br\\\/blog\\\/o-que-fazer-para-aumentar-a-auto-estima\\\/#primaryimage\"},\"thumbnailUrl\":\"https:\\\/\\\/i0.wp.com\\\/biancamachado.com.br\\\/blog\\\/wp-content\\\/uploads\\\/2012\\\/06\\\/Screenshot_471.png?fit=631%2C304&ssl=1\",\"datePublished\":\"2012-06-22T21:23:00+00:00\",\"dateModified\":\"2021-02-11T18:16:49+00:00\",\"breadcrumb\":{\"@id\":\"https:\\\/\\\/biancamachado.com.br\\\/blog\\\/o-que-fazer-para-aumentar-a-auto-estima\\\/#breadcrumb\"},\"inLanguage\":\"pt-BR\",\"potentialAction\":[{\"@type\":\"ReadAction\",\"target\":[\"https:\\\/\\\/biancamachado.com.br\\\/blog\\\/o-que-fazer-para-aumentar-a-auto-estima\\\/\"]}]},{\"@type\":\"ImageObject\",\"inLanguage\":\"pt-BR\",\"@id\":\"https:\\\/\\\/biancamachado.com.br\\\/blog\\\/o-que-fazer-para-aumentar-a-auto-estima\\\/#primaryimage\",\"url\":\"https:\\\/\\\/i0.wp.com\\\/biancamachado.com.br\\\/blog\\\/wp-content\\\/uploads\\\/2012\\\/06\\\/Screenshot_471.png?fit=631%2C304&ssl=1\",\"contentUrl\":\"https:\\\/\\\/i0.wp.com\\\/biancamachado.com.br\\\/blog\\\/wp-content\\\/uploads\\\/2012\\\/06\\\/Screenshot_471.png?fit=631%2C304&ssl=1\",\"width\":631,\"height\":304,\"caption\":\"O que fazer para aumentar a auto-estima\"},{\"@type\":\"BreadcrumbList\",\"@id\":\"https:\\\/\\\/biancamachado.com.br\\\/blog\\\/o-que-fazer-para-aumentar-a-auto-estima\\\/#breadcrumb\",\"itemListElement\":[{\"@type\":\"ListItem\",\"position\":1,\"name\":\"In\u00edcio\",\"item\":\"https:\\\/\\\/biancamachado.com.br\\\/blog\\\/\"},{\"@type\":\"ListItem\",\"position\":2,\"name\":\"O que fazer para aumentar a auto-estima\"}]},{\"@type\":\"WebSite\",\"@id\":\"https:\\\/\\\/biancamachado.com.br\\\/blog\\\/#website\",\"url\":\"https:\\\/\\\/biancamachado.com.br\\\/blog\\\/\",\"name\":\"STUDIO BIANCA MACHADO\",\"description\":\"Estudio Fotografico, Ensaios e Books de foto profissional\",\"publisher\":{\"@id\":\"https:\\\/\\\/biancamachado.com.br\\\/blog\\\/#organization\"},\"potentialAction\":[{\"@type\":\"SearchAction\",\"target\":{\"@type\":\"EntryPoint\",\"urlTemplate\":\"https:\\\/\\\/biancamachado.com.br\\\/blog\\\/?s={search_term_string}\"},\"query-input\":{\"@type\":\"PropertyValueSpecification\",\"valueRequired\":true,\"valueName\":\"search_term_string\"}}],\"inLanguage\":\"pt-BR\"},{\"@type\":\"Organization\",\"@id\":\"https:\\\/\\\/biancamachado.com.br\\\/blog\\\/#organization\",\"name\":\"STUDIO BIANCA MACHADO\",\"url\":\"https:\\\/\\\/biancamachado.com.br\\\/blog\\\/\",\"logo\":{\"@type\":\"ImageObject\",\"inLanguage\":\"pt-BR\",\"@id\":\"https:\\\/\\\/biancamachado.com.br\\\/blog\\\/#\\\/schema\\\/logo\\\/image\\\/\",\"url\":\"https:\\\/\\\/i0.wp.com\\\/biancamachado.com.br\\\/blog\\\/wp-content\\\/uploads\\\/2021\\\/02\\\/cropped-logo-ml.jpg?fit=278%2C100&ssl=1\",\"contentUrl\":\"https:\\\/\\\/i0.wp.com\\\/biancamachado.com.br\\\/blog\\\/wp-content\\\/uploads\\\/2021\\\/02\\\/cropped-logo-ml.jpg?fit=278%2C100&ssl=1\",\"width\":278,\"height\":100,\"caption\":\"STUDIO BIANCA MACHADO\"},\"image\":{\"@id\":\"https:\\\/\\\/biancamachado.com.br\\\/blog\\\/#\\\/schema\\\/logo\\\/image\\\/\"},\"sameAs\":[\"https:\\\/\\\/www.facebook.com\\\/Studiobiancamachado\\\/\",\"https:\\\/\\\/www.instagram.com\\\/Studiobiancamachado\\\/\"]},{\"@type\":\"Person\",\"@id\":\"https:\\\/\\\/biancamachado.com.br\\\/blog\\\/#\\\/schema\\\/person\\\/990263800ec5e9bdbbf092a2353550a1\",\"name\":\"biancamachado\",\"image\":{\"@type\":\"ImageObject\",\"inLanguage\":\"pt-BR\",\"@id\":\"https:\\\/\\\/secure.gravatar.com\\\/avatar\\\/62b1a50f2632dbc2e279c3eb55aa46cc324c969cff16a69c59756d155316542c?s=96&d=mm&r=g\",\"url\":\"https:\\\/\\\/secure.gravatar.com\\\/avatar\\\/62b1a50f2632dbc2e279c3eb55aa46cc324c969cff16a69c59756d155316542c?s=96&d=mm&r=g\",\"contentUrl\":\"https:\\\/\\\/secure.gravatar.com\\\/avatar\\\/62b1a50f2632dbc2e279c3eb55aa46cc324c969cff16a69c59756d155316542c?s=96&d=mm&r=g\",\"caption\":\"biancamachado\"},\"sameAs\":[\"https:\\\/\\\/biancamachado.com.br\\\/blog\"],\"url\":\"https:\\\/\\\/biancamachado.com.br\\\/blog\\\/author\\\/biancamachado\\\/\"}]}<\/script>\n<!-- \/ Yoast SEO plugin. -->","yoast_head_json":{"title":"O que fazer para aumentar a auto-estima - STUDIO BIANCA MACHADO","robots":{"index":"index","follow":"follow","max-snippet":"max-snippet:-1","max-image-preview":"max-image-preview:large","max-video-preview":"max-video-preview:-1"},"canonical":"https:\/\/biancamachado.com.br\/blog\/o-que-fazer-para-aumentar-a-auto-estima\/","og_locale":"pt_BR","og_type":"article","og_title":"O que fazer para aumentar a auto-estima - STUDIO BIANCA MACHADO","og_description":"fotos criativas para o facebook","og_url":"https:\/\/biancamachado.com.br\/blog\/o-que-fazer-para-aumentar-a-auto-estima\/","og_site_name":"STUDIO BIANCA MACHADO","article_publisher":"https:\/\/www.facebook.com\/Studiobiancamachado\/","article_published_time":"2012-06-22T21:23:00+00:00","article_modified_time":"2021-02-11T18:16:49+00:00","og_image":[{"width":631,"height":304,"url":"https:\/\/i0.wp.com\/biancamachado.com.br\/blog\/wp-content\/uploads\/2012\/06\/Screenshot_471.png?fit=631%2C304&ssl=1","type":"image\/png"}],"author":"biancamachado","twitter_card":"summary_large_image","twitter_misc":{"Escrito por":"biancamachado","Est. tempo de leitura":"1 minuto"},"schema":{"@context":"https:\/\/schema.org","@graph":[{"@type":"Article","@id":"https:\/\/biancamachado.com.br\/blog\/o-que-fazer-para-aumentar-a-auto-estima\/#article","isPartOf":{"@id":"https:\/\/biancamachado.com.br\/blog\/o-que-fazer-para-aumentar-a-auto-estima\/"},"author":{"name":"biancamachado","@id":"https:\/\/biancamachado.com.br\/blog\/#\/schema\/person\/990263800ec5e9bdbbf092a2353550a1"},"headline":"O que fazer para aumentar a auto-estima","datePublished":"2012-06-22T21:23:00+00:00","dateModified":"2021-02-11T18:16:49+00:00","mainEntityOfPage":{"@id":"https:\/\/biancamachado.com.br\/blog\/o-que-fazer-para-aumentar-a-auto-estima\/"},"wordCount":167,"commentCount":0,"publisher":{"@id":"https:\/\/biancamachado.com.br\/blog\/#organization"},"image":{"@id":"https:\/\/biancamachado.com.br\/blog\/o-que-fazer-para-aumentar-a-auto-estima\/#primaryimage"},"thumbnailUrl":"https:\/\/i0.wp.com\/biancamachado.com.br\/blog\/wp-content\/uploads\/2012\/06\/Screenshot_471.png?fit=631%2C304&ssl=1","articleSection":["Studio Bianca Machado"],"inLanguage":"pt-BR","potentialAction":[{"@type":"CommentAction","name":"Comment","target":["https:\/\/biancamachado.com.br\/blog\/o-que-fazer-para-aumentar-a-auto-estima\/#respond"]}]},{"@type":"WebPage","@id":"https:\/\/biancamachado.com.br\/blog\/o-que-fazer-para-aumentar-a-auto-estima\/","url":"https:\/\/biancamachado.com.br\/blog\/o-que-fazer-para-aumentar-a-auto-estima\/","name":"O que fazer para aumentar a auto-estima - STUDIO BIANCA MACHADO","isPartOf":{"@id":"https:\/\/biancamachado.com.br\/blog\/#website"},"primaryImageOfPage":{"@id":"https:\/\/biancamachado.com.br\/blog\/o-que-fazer-para-aumentar-a-auto-estima\/#primaryimage"},"image":{"@id":"https:\/\/biancamachado.com.br\/blog\/o-que-fazer-para-aumentar-a-auto-estima\/#primaryimage"},"thumbnailUrl":"https:\/\/i0.wp.com\/biancamachado.com.br\/blog\/wp-content\/uploads\/2012\/06\/Screenshot_471.png?fit=631%2C304&ssl=1","datePublished":"2012-06-22T21:23:00+00:00","dateModified":"2021-02-11T18:16:49+00:00","breadcrumb":{"@id":"https:\/\/biancamachado.com.br\/blog\/o-que-fazer-para-aumentar-a-auto-estima\/#breadcrumb"},"inLanguage":"pt-BR","potentialAction":[{"@type":"ReadAction","target":["https:\/\/biancamachado.com.br\/blog\/o-que-fazer-para-aumentar-a-auto-estima\/"]}]},{"@type":"ImageObject","inLanguage":"pt-BR","@id":"https:\/\/biancamachado.com.br\/blog\/o-que-fazer-para-aumentar-a-auto-estima\/#primaryimage","url":"https:\/\/i0.wp.com\/biancamachado.com.br\/blog\/wp-content\/uploads\/2012\/06\/Screenshot_471.png?fit=631%2C304&ssl=1","contentUrl":"https:\/\/i0.wp.com\/biancamachado.com.br\/blog\/wp-content\/uploads\/2012\/06\/Screenshot_471.png?fit=631%2C304&ssl=1","width":631,"height":304,"caption":"O que fazer para aumentar a auto-estima"},{"@type":"BreadcrumbList","@id":"https:\/\/biancamachado.com.br\/blog\/o-que-fazer-para-aumentar-a-auto-estima\/#breadcrumb","itemListElement":[{"@type":"ListItem","position":1,"name":"In\u00edcio","item":"https:\/\/biancamachado.com.br\/blog\/"},{"@type":"ListItem","position":2,"name":"O que fazer para aumentar a auto-estima"}]},{"@type":"WebSite","@id":"https:\/\/biancamachado.com.br\/blog\/#website","url":"https:\/\/biancamachado.com.br\/blog\/","name":"STUDIO BIANCA MACHADO","description":"Estudio Fotografico, Ensaios e Books de foto profissional","publisher":{"@id":"https:\/\/biancamachado.com.br\/blog\/#organization"},"potentialAction":[{"@type":"SearchAction","target":{"@type":"EntryPoint","urlTemplate":"https:\/\/biancamachado.com.br\/blog\/?s={search_term_string}"},"query-input":{"@type":"PropertyValueSpecification","valueRequired":true,"valueName":"search_term_string"}}],"inLanguage":"pt-BR"},{"@type":"Organization","@id":"https:\/\/biancamachado.com.br\/blog\/#organization","name":"STUDIO BIANCA MACHADO","url":"https:\/\/biancamachado.com.br\/blog\/","logo":{"@type":"ImageObject","inLanguage":"pt-BR","@id":"https:\/\/biancamachado.com.br\/blog\/#\/schema\/logo\/image\/","url":"https:\/\/i0.wp.com\/biancamachado.com.br\/blog\/wp-content\/uploads\/2021\/02\/cropped-logo-ml.jpg?fit=278%2C100&ssl=1","contentUrl":"https:\/\/i0.wp.com\/biancamachado.com.br\/blog\/wp-content\/uploads\/2021\/02\/cropped-logo-ml.jpg?fit=278%2C100&ssl=1","width":278,"height":100,"caption":"STUDIO BIANCA MACHADO"},"image":{"@id":"https:\/\/biancamachado.com.br\/blog\/#\/schema\/logo\/image\/"},"sameAs":["https:\/\/www.facebook.com\/Studiobiancamachado\/","https:\/\/www.instagram.com\/Studiobiancamachado\/"]},{"@type":"Person","@id":"https:\/\/biancamachado.com.br\/blog\/#\/schema\/person\/990263800ec5e9bdbbf092a2353550a1","name":"biancamachado","image":{"@type":"ImageObject","inLanguage":"pt-BR","@id":"https:\/\/secure.gravatar.com\/avatar\/62b1a50f2632dbc2e279c3eb55aa46cc324c969cff16a69c59756d155316542c?s=96&d=mm&r=g","url":"https:\/\/secure.gravatar.com\/avatar\/62b1a50f2632dbc2e279c3eb55aa46cc324c969cff16a69c59756d155316542c?s=96&d=mm&r=g","contentUrl":"https:\/\/secure.gravatar.com\/avatar\/62b1a50f2632dbc2e279c3eb55aa46cc324c969cff16a69c59756d155316542c?s=96&d=mm&r=g","caption":"biancamachado"},"sameAs":["https:\/\/biancamachado.com.br\/blog"],"url":"https:\/\/biancamachado.com.br\/blog\/author\/biancamachado\/"}]}},"jetpack_featured_media_url":"https:\/\/i0.wp.com\/biancamachado.com.br\/blog\/wp-content\/uploads\/2012\/06\/Screenshot_471.png?fit=631%2C304&ssl=1","jetpack-related-posts":[],"jetpack_sharing_enabled":true,"_links":{"self":[{"href":"https:\/\/biancamachado.com.br\/blog\/wp-json\/wp\/v2\/posts\/513","targetHints":{"allow":["GET"]}}],"collection":[{"href":"https:\/\/biancamachado.com.br\/blog\/wp-json\/wp\/v2\/posts"}],"about":[{"href":"https:\/\/biancamachado.com.br\/blog\/wp-json\/wp\/v2\/types\/post"}],"author":[{"embeddable":true,"href":"https:\/\/biancamachado.com.br\/blog\/wp-json\/wp\/v2\/users\/1"}],"replies":[{"embeddable":true,"href":"https:\/\/biancamachado.com.br\/blog\/wp-json\/wp\/v2\/comments?post=513"}],"version-history":[{"count":1,"href":"https:\/\/biancamachado.com.br\/blog\/wp-json\/wp\/v2\/posts\/513\/revisions"}],"predecessor-version":[{"id":843,"href":"https:\/\/biancamachado.com.br\/blog\/wp-json\/wp\/v2\/posts\/513\/revisions\/843"}],"wp:featuredmedia":[{"embeddable":true,"href":"https:\/\/biancamachado.com.br\/blog\/wp-json\/wp\/v2\/media\/1351"}],"wp:attachment":[{"href":"https:\/\/biancamachado.com.br\/blog\/wp-json\/wp\/v2\/media?parent=513"}],"wp:term":[{"taxonomy":"category","embeddable":true,"href":"https:\/\/biancamachado.com.br\/blog\/wp-json\/wp\/v2\/categories?post=513"},{"taxonomy":"post_tag","embeddable":true,"href":"https:\/\/biancamachado.com.br\/blog\/wp-json\/wp\/v2\/tags?post=513"}],"curies":[{"name":"wp","href":"https:\/\/api.w.org\/{rel}","templated":true}]}}