{"id":503,"date":"2012-07-07T20:58:00","date_gmt":"2012-07-07T23:58:00","guid":{"rendered":"https:\/\/biancamachado.com.br\/blog\/?p=503"},"modified":"2021-02-17T23:35:32","modified_gmt":"2021-02-18T02:35:32","slug":"desenvolvimento-do-bebe-mes-a-mes","status":"publish","type":"post","link":"https:\/\/biancamachado.com.br\/blog\/desenvolvimento-do-bebe-mes-a-mes\/","title":{"rendered":"Desenvolvimento do Beb\u00ea m\u00eas a m\u00eas:"},"content":{"rendered":"<div name=\"HOTWordsTxt\">\n<div style=\"text-align: justify;\"><span>Para as mam\u00e3es de primeira viagem, colocamos um resuminho sobre o crescimento do beb\u00ea m\u00eas a m\u00eas para que elas possam fazer sua sess\u00e3o de fotos de Book Gestante mais confiantes:<\/span><\/div>\n<div style=\"text-align: justify;\"><span><br \/><\/span><\/div>\n<table align=\"center\" cellpadding=\"0\" cellspacing=\"0\" style=\"margin-left: auto; margin-right: auto; text-align: center;\">\n<tbody>\n<tr>\n<td style=\"text-align: center;\"><a href=\"https:\/\/i0.wp.com\/2.bp.blogspot.com\/-iSMKHT0WoaQ\/T_jM465ceTI\/AAAAAAAAF3Y\/-EjELeL38oM\/s1600\/fotografias_de_gravidas77.jpg\" style=\"margin-left: auto; margin-right: auto;\"><img data-recalc-dims=\"1\" loading=\"lazy\" decoding=\"async\" alt=\"Sessao de Fotos para Gravida em Estudio\" border=\"0\" height=\"190\" src=\"https:\/\/i0.wp.com\/2.bp.blogspot.com\/-iSMKHT0WoaQ\/T_jM465ceTI\/AAAAAAAAF3Y\/-EjELeL38oM\/s400\/fotografias_de_gravidas77.jpg?resize=400%2C190&#038;ssl=1\" title=\"Sessao de Fotos para Gravida em Estudio\" width=\"400\" \/><\/a><\/td>\n<\/tr>\n<tr>\n<td style=\"text-align: center;\">Sessao de Fotos para Gravida em Estudio<\/td>\n<\/tr>\n<\/tbody>\n<\/table>\n<div style=\"text-align: justify;\"><span><br \/><\/span><\/div>\n<h3 style=\"text-align: justify;\">  <span>                                Primeiro m\u00eas<\/span><\/h3>\n<p><span><\/span><\/p>\n<div style=\"text-align: justify;\"><span><span style=\"background-color: white;\">Desenvolvimento f\u00edsico: quando a mulher suspeita de gravidez, seu pequeno herdeiro j\u00e1 tem 2 semanas, est\u00e1 implantado no \u00fatero e realiza as primeiras trocas com o organismo materno. Passados sete dias, ele adquire um corpo alongado, dividido ao meio pelo sulco neural, que dar\u00e1 origem \u00e0 espinha.Tr\u00eas grupos de c\u00e9lulas preparam-se para criar&nbsp;a cabe\u00e7a, o t\u00f3rax e o abd\u00f4men. Ao final do primeiro&nbsp;m\u00eas, a maioria dos \u00f3rg\u00e3os est\u00e1 em forma\u00e7\u00e3o. J\u00e1 se distingue a cabe\u00e7a, o cora\u00e7\u00e3o e um esbo\u00e7o do aparelho digestivo.<\/span><\/span><\/div>\n<p><span><\/span><\/p>\n<div style=\"text-align: justify;\"><span><span style=\"background-color: white;\">Desenvolvimento motor: quatro pequenos brotos se transformar\u00e3o nos membros inferiores e superiores.<\/span><\/span><\/div>\n<p><span><\/span><\/p>\n<div style=\"text-align: justify;\"><span><span style=\"background-color: white;\">Grande avan\u00e7o: o sistema circulat\u00f3rio entra em a\u00e7\u00e3o e seu cora\u00e7\u00e3o primitivo j\u00e1 bombeia sangue para o resto do corpo.&nbsp;Medidas: o embri\u00e3o mede 0,5 cm e pesa menos que 1 g.<\/span><\/span><\/div>\n<p><span><\/span><\/p>\n<div style=\"text-align: justify;\"><span><br \/><\/span><\/div>\n<p><\/p>\n<h3 style=\"text-align: justify;\">  <span>Segundo m\u00eas<\/span><\/h3>\n<p><span><\/span><\/p>\n<div style=\"text-align: justify;\"><span><span style=\"background-color: white;\">Desenvolvimento f\u00edsico: formam-se o aparelho digestivo e o respirat\u00f3rio, al\u00e9m dos genitais internos.O diafragma separa o t\u00f3rax do abd\u00f4men.Olhos, orelhas, nariz e boca aparecem com nitidez. A l\u00edngua cresce na boca, e os futuros dentes, no interior das gengivas. O cora\u00e7\u00e3o se divide em quatro c\u00e2maras e o c\u00e9rebro se desenvolve tanto&nbsp;que a cabe\u00e7a fica desproporcional ao tronco. Ossos, cartilagens e&nbsp;articula\u00e7\u00f5es tamb\u00e9m s\u00e3o percebidos. No final desse m\u00eas, os \u00f3rg\u00e3os essenciais est\u00e3o presentes, e os principais sistemas, formados e integrados.<\/span><\/span><\/div>\n<p><span><\/span><\/p>\n<div style=\"text-align: justify;\"><span><span style=\"background-color: white;\">Desenvolvimento motor: com bra\u00e7os, pernas, m\u00e3os e p\u00e9s, o beb\u00ea se movimenta no \u00fatero, embora a m\u00e3e n\u00e3o perceba.<\/span><\/span><\/div>\n<p><span><\/span><\/p>\n<div style=\"text-align: justify;\"><span><span style=\"background-color: white;\">Grande avan\u00e7o: as principais \u00e1reas do c\u00e9rebro j\u00e1 est\u00e3o formadas e as c\u00e9lulas nervosas se multiplicam rapidamente.&nbsp;Medidas: o ex-embri\u00e3o, agora feto, mede 3 cm e pesa 2 g.<\/span><\/span><\/div>\n<p><span><\/span><\/p>\n<div style=\"text-align: justify;\"><span><br \/><\/span><\/div>\n<p><span><\/span><\/p>\n<h3 style=\"text-align: justify;\">  <span>Terceiro m\u00eas<\/span><\/h3>\n<p><span><\/span><\/p>\n<div style=\"text-align: justify;\"><span><span style=\"background-color: white;\">Desenvolvimento f\u00edsico: aos poucos, a face adquire fei\u00e7\u00f5es humanas. Os olhinhos come\u00e7am a assumir sua posi\u00e7\u00e3o normal e tamb\u00e9m desenvolvem-se as p\u00e1lpebras. Primeiro os dedos das m\u00e3os, depois os dos p\u00e9s se separam e ent\u00e3o come\u00e7am a surgir as pequeninas unhas. Formam-se as cordas vocais, e as gl\u00e2ndulas<\/span><\/span><\/div>\n<p><span><\/span><\/p>\n<div style=\"text-align: justify;\"><span><span style=\"background-color: white;\">salivares iniciam a produ\u00e7\u00e3o de saliva. O diafragma ensaia movimentos que fazem o beb\u00ea inalar e<\/span><\/span><\/div>\n<p><span><\/span><\/p>\n<div style=\"text-align: justify;\"><span><span style=\"background-color: white;\">expelir o l\u00edquido amni\u00f3tico que est\u00e1 em sua volta. Os rins j\u00e1 passam a produzir xixi, e o p\u00e2ncreas, insulina. As paredes do intestino come\u00e7am a se movimentar.&nbsp;Desenvolvimento motor: o beb\u00ea j\u00e1 mexe as m\u00e3os, mas a m\u00e3e ainda n\u00e3o distingue seus movimentos.&nbsp;<\/span><\/span><\/div>\n<p><span><\/span><\/p>\n<div style=\"text-align: justify;\"><span><span style=\"background-color: white;\">Grande avan\u00e7o: inicia-se o fluxo de sangue entre m\u00e3e e filho atrav\u00e9s da placenta, que tamb\u00e9m \u00e9 respons\u00e1vel pela passagem dos nutrientes. O cora\u00e7\u00e3ozinho do pequeno j\u00e1 pode ser ouvido com o aux\u00edlio de um aparelho &#8211; dispon\u00edvel nos consult\u00f3rios dos obstetras &#8211; que emite ondas sonoras.<\/span><\/span><\/div>\n<p><span><\/span><\/p>\n<div style=\"text-align: justify;\"><span><span style=\"background-color: white;\">&nbsp;Medidas: nessa fase, o feto mede cerca de 14 cm e pesa 50 g<\/span><\/span><\/div>\n<p><span><\/span><\/p>\n<div style=\"text-align: justify;\"><span><br \/><\/span><\/div>\n<p><span><\/span><\/p>\n<h3 style=\"text-align: justify;\">  <span>                            Quarto m\u00eas<\/span><\/h3>\n<p><span><\/span><\/p>\n<div style=\"text-align: justify;\"><span><span style=\"background-color: white;\">Desenvolvimento f\u00edsico: sob a pele fina e transparente, que permite enxergar os vasos sangu\u00edneos, o feto come\u00e7a a acumular gordura. Seu min\u00fasculo cora\u00e7\u00e3o bombeia cerca de 21 litros de sangue diariamente. Os olhos, agora, est\u00e3o totalmente voltados para a frente, e n\u00e3o mais para as laterais. As pernas j\u00e1 possuem dimens\u00f5es&nbsp;maiores que os bra\u00e7os, e os ossos est\u00e3o mais calcificados. A essa altura, os<\/span><\/span><\/div>\n<p><span><\/span><\/p>\n<div style=\"text-align: justify;\"><span><span style=\"background-color: white;\">genitais externos est\u00e3o definidos e podem ser conferidos no exame de ultra-som. Ou seja, \u00e9 a hora de mam\u00e3e e papai descobrirem o sexo do beb\u00ea.<\/span><\/span><\/div>\n<p><span><\/span><\/p>\n<div style=\"text-align: justify;\"><span><span style=\"background-color: white;\">Desenvolvimento motor: com espa\u00e7o de sobra no \u00fatero, o nen\u00ea vira de um lado para o outro, movimenta bra\u00e7os e pernas, chuta e mexe o pesco\u00e7o. E a m\u00e3e come\u00e7a a perceber essa agita\u00e7\u00e3o.<\/span><\/span><\/div>\n<p><span><\/span><\/p>\n<div style=\"text-align: justify;\"><span><span style=\"background-color: white;\">Grande avan\u00e7o: ao completar o quarto m\u00eas, seus reflexos est\u00e3o bem ativos. O feto j\u00e1 consegue piscar, sugar os polegares e engolir o l\u00edquido amni\u00f3tico. Tamb\u00e9m pode solu\u00e7ar no \u00fatero, enquanto seu diafragma amadurece.<\/span><\/span><\/div>\n<p><span><\/span><\/p>\n<div style=\"text-align: justify;\"><span><span style=\"background-color: white;\">Medidas: ao completar o quarto m\u00eas de gesta\u00e7\u00e3o, mede 19 cm e pesa 260 g.<\/span><\/span><\/div>\n<p><span><\/span><\/p>\n<div style=\"text-align: justify;\"><span><br \/><\/span><\/div>\n<p><span><\/span><\/p>\n<h3 style=\"text-align: justify;\">  <span>                                  Quinto m\u00eas<\/span><\/h3>\n<p><span><\/span><\/p>\n<div style=\"text-align: justify;\"><span><span style=\"background-color: white;\">Desenvolvimento f\u00edsico: o cora\u00e7\u00e3o cresce bastante e seus batimentos ficam mais vigorosos. O c\u00e9rebro tamb\u00e9m se desenvolve a passos largos. Os primeiros fios de cabelo apontam no alto da cabe\u00e7a. Os c\u00edlios e as sobrancelhas est\u00e3o vis\u00edveis, mas s\u00e3o brancos e finos. A pele \u00e9 protegida por uma subst\u00e2ncia gordurosa e<\/span><\/span><\/div>\n<p><span><\/span><\/p>\n<div style=\"text-align: justify;\"><span><span style=\"background-color: white;\">esbranqui\u00e7ada chamada vernix caseoso. Os ov\u00e1rios do feto feminino j\u00e1 cont\u00eam os \u00f3vulos<\/span><\/span><\/div>\n<p><span><\/span><\/p>\n<div style=\"text-align: justify;\"><span><span style=\"background-color: white;\">que a mulher carregar\u00e1 durante a vida. Nos meninos, a pr\u00f3stata tamb\u00e9m se desenvolve e os test\u00edculos descem para a bolsa escrotal.<\/span><\/span><\/div>\n<p><span><\/span><\/p>\n<div style=\"text-align: justify;\"><span><span style=\"background-color: white;\">Desenvolvimento motor: o beb\u00ea est\u00e1 mais ativo. Bra\u00e7os e pernas bem desenvolvidos movem-se com mais for\u00e7a \u00e0 medida que m\u00fasculos e esqueleto se fortalecem.<\/span><\/span><\/div>\n<p><span><\/span><\/p>\n<div style=\"text-align: justify;\"><span><span style=\"background-color: white;\">Grande avan\u00e7o: o not\u00e1vel desenvolvimento do c\u00e9rebro permite que o feto alterne per\u00edodos de sono e vig\u00edlia. Em outras palavras, ele passa a dormir e acordar como um rec\u00e9mnascido. E pode at\u00e9 mesmo ter uma posi\u00e7\u00e3o preferida para cair no sono.<\/span><\/span><\/div>\n<p><span><\/span><\/p>\n<div style=\"text-align: justify;\"><span><span style=\"background-color: white;\">Medidas: no fim do quinto m\u00eas, mede 26 cm e pesa quase 500 g.<\/span><\/span><\/div>\n<p><span><\/span><\/p>\n<div style=\"text-align: justify;\"><span><br \/><\/span><\/div>\n<p><span><\/span><\/p>\n<h3 style=\"text-align: justify;\">  <span>                             Sexto m\u00eas<\/span><\/h3>\n<p><span><\/span><\/p>\n<div style=\"text-align: justify;\"><span><span style=\"background-color: white;\">Desenvolvimento f\u00edsico: seus \u00f3rg\u00e3os, em especial o c\u00e9rebro, continuam crescendo muito. Os vasos sangu\u00edneos pulmonares se desenvolvem e os alv\u00e9olos come\u00e7am a produzir surfactante, subst\u00e2ncia que possibilita a expans\u00e3o do pulm\u00e3o durante a respira\u00e7\u00e3o. Esse sistema ainda ter\u00e1 que amadurecer. Contudo, a partir&nbsp;<\/span><span style=\"background-color: white;\">dessa etapa o feto tem chance de sobreviver se nascer antes do tempo e for atendido numa<\/span><\/span><\/div>\n<p><span><\/span><\/p>\n<div style=\"text-align: justify;\"><span><span style=\"background-color: white;\">UTI neonatal. Embora ainda esteja magrinho, seu corpo fica cada dia mais proporcional. Os olhos est\u00e3o mais vis\u00edveis e a boca e os l\u00e1bios mais sens\u00edveis. Os ossinhos do ouvido endurecem e podem captar est\u00edmulos sonoros. Seus dedos j\u00e1 possuem impress\u00f5es digitais.&nbsp;<\/span><\/span><\/div>\n<p><span><\/span><\/p>\n<div style=\"text-align: justify;\"><span><span style=\"background-color: white;\">Desenvolvimento motor: pode dar chutes fortes, esticar-se no \u00fatero e alternar per\u00edodos de grande atividade com outros da mais absoluta calma.<\/span><\/span><\/div>\n<p><span><\/span><\/p>\n<div style=\"text-align: justify;\"><span><span style=\"background-color: white;\">Grande avan\u00e7o: o desenvolvimento do aparelho auditivo permite que a crian\u00e7a reaja a est\u00edmulos sonoros e reconhe\u00e7a sons como a respira\u00e7\u00e3o, os batimentos card\u00edacos e a voz da m\u00e3e. Seus olhos passam a responder \u00e0 luz.&nbsp;<\/span><\/span><\/div>\n<p><span><\/span><\/p>\n<div style=\"text-align: justify;\"><span><span style=\"background-color: white;\">Medidas: mede 32 cm e pesa 900 g.&nbsp;<\/span><\/span><\/div>\n<p><span><\/span><\/p>\n<div style=\"text-align: justify;\"><span><br \/><\/span><\/div>\n<p><span><\/span><\/p>\n<h3 style=\"text-align: justify;\">  <span>                                          7 meses<\/span><\/h3>\n<p><span><\/span><\/p>\n<div style=\"text-align: justify;\"><span><span style=\"background-color: white;\">Desenvolvimento f\u00edsico: nessa fase, o feto cresce e engorda. Sua pele fica mais lisa. Os c\u00edlios e as sobrancelhas tornam-se mais vis\u00edveis. As p\u00e1lpebras iniciam o movimento de abrir e fechar e os cabelos ficam mais espessos. Os pulm\u00f5es amadurecem bastante: j\u00e1 s\u00e3o capazes de respirar, embora ainda com alguma dificuldade. A suc\u00e7\u00e3o e a&nbsp;<\/span><span style=\"background-color: white;\">degluti\u00e7\u00e3o melhoram. A m\u00e3o segura com mais for\u00e7a. E a medula<\/span><\/span><\/div>\n<p><span><\/span><\/p>\n<div style=\"text-align: justify;\"><span><span style=\"background-color: white;\">\u00f3ssea assume a produ\u00e7\u00e3o das c\u00e9lulas sangu\u00edneas.&nbsp;<\/span><\/span><\/div>\n<p><span><\/span><\/p>\n<div style=\"text-align: justify;\"><span><span style=\"background-color: white;\">Desenvolvimento motor: muito ativo, o beb\u00ea mexe bastante, estica as pernas, vira e aperta a bexiga da m\u00e3e com a sua cabecinha.<\/span><\/span><\/div>\n<p><span><\/span><\/p>\n<div style=\"text-align: justify;\"><span><span style=\"background-color: white;\">Grande avan\u00e7o: seu c\u00e9rebro aumentou de tamanho e se tornou mais complexo. H\u00e1 grande atividade na \u00e1rea respons\u00e1vel pelos sentidos, o que o torna mais sens\u00edvel a luz, sons e aromas. Ao final do s\u00e9timo m\u00eas, a pequena massa cinzenta controla a temperatura do corpo do feto e a respira\u00e7\u00e3o. As ondas cerebrais j\u00e1 se parecem com&nbsp;<\/span><span style=\"background-color: white;\">as de um rec\u00e9m-nascido.<\/span><\/span><\/div>\n<p><span><\/span><\/p>\n<div style=\"text-align: justify;\"><span><span style=\"background-color: white;\">Medidas: ao t\u00e9rmino do s\u00e9timo m\u00eas, mede cerca de 36 cm e pesa 1,5 kg.<\/span><\/span><\/div>\n<p><span><\/span><\/p>\n<div style=\"text-align: justify;\"><span><br \/><\/span><\/div>\n<p><span><\/span><\/p>\n<h3 style=\"text-align: justify;\">  <span>                              8 meses<\/span><\/h3>\n<p><span><\/span><\/p>\n<div style=\"text-align: justify;\"><span><span style=\"background-color: white;\">Desenvolvimento f\u00edsico: com exce\u00e7\u00e3o do pulm\u00e3o, que ainda precisa amadurecer mais um pouquinho, a maioria dos \u00f3rg\u00e3os j\u00e1 resiste \u00e0 vida fora do \u00fatero. O c\u00e9rebro se expande e as conex\u00f5es entre as c\u00e9lulas nervosas aumentam. A gordura continua a se depositar sob a pele rosada, deixando o corpinho mais roli\u00e7o. A&nbsp;<\/span><span style=\"background-color: white;\">\u00edris torna-se colorida, mas s\u00f3 assumir\u00e1 a tonalidade definitiva ap\u00f3s o nascimento, ao ser<\/span><\/span><\/div>\n<p><span><\/span><\/p>\n<div style=\"text-align: justify;\"><span><span style=\"background-color: white;\">exposta \u00e0 luz solar. O feto dorme com os olhos fechados e os mant\u00e9m abertos quando est\u00e1 acordado. Al\u00e9m disso, consegue perceber a diferen\u00e7a entre claro e escuro e reage quando um foco de luz \u00e9 dirigido \u00e0 barriga da m\u00e3e.&nbsp;<\/span><\/span><\/div>\n<p><span><\/span><\/p>\n<div style=\"text-align: justify;\"><span><span style=\"background-color: white;\">Desenvolvimento motor: o beb\u00ea ocupa quase todo o interior do \u00fatero, o que o impede de se movimentar muito, mas ainda assim pode dar chutes fortes e girar o corpo.<\/span><\/span><\/div>\n<p><span><\/span><\/p>\n<div style=\"text-align: justify;\"><span><span style=\"background-color: white;\">Grande avan\u00e7o: o organismo do feto come\u00e7a a preparar seu sistema de defesa interno, que vai proteg\u00ea-lo contra doen\u00e7as no futuro.<\/span><\/span><\/div>\n<p><span><\/span><\/p>\n<div style=\"text-align: justify;\"><span><span style=\"background-color: white;\">Medidas: ao completar o oitavo m\u00eas, o pequenino mede em m\u00e9dia 42 cm e pesa 2,5 kg.<\/span><\/span><\/div>\n<p><span><\/span><\/p>\n<div style=\"text-align: justify;\"><span><br \/><\/span><\/div>\n<p><span><\/span><\/p>\n<h3 style=\"text-align: justify;\">  <span>                                     9 meses<\/span><\/h3>\n<p><span><\/span><\/p>\n<div style=\"text-align: justify;\"><span><span style=\"background-color: white;\">Desenvolvimento f\u00edsico: o ac\u00famulo de gordura deixa seus bra\u00e7os e pernas mais gordinhos e formam-se dobras no pesco\u00e7o e na cintura. A pele est\u00e1 mais grossa e as gengivas bem duras. Os intestinos acumulam mec\u00f4nio, eliminado ap\u00f3s o parto. O pulm\u00e3o, finalmente preparado para trabalhar, treina movimentos respirat\u00f3rios. E se o feto estiver&nbsp;<\/span><span style=\"background-color: white;\">virado e encaixado na metade desse m\u00eas (37a semana), o nen\u00ea<\/span><\/span><\/div>\n<p><span><\/span><\/p>\n<div style=\"text-align: justify;\"><span><span style=\"background-color: white;\">est\u00e1 pronto para nascer.<\/span><\/span><\/div>\n<p><span><\/span><\/p>\n<div style=\"text-align: justify;\"><span><span style=\"background-color: white;\">Desenvolvimento motor: o espa\u00e7o mais apertado reduz seus movimentos. No entanto, avise o m\u00e9dico se o beb\u00ea n\u00e3o se mexer por 6 horas.<\/span><\/span><\/div>\n<p><span><\/span><\/p>\n<div style=\"text-align: justify;\"><span><span style=\"background-color: white;\">Grande avan\u00e7o: a crian\u00e7a j\u00e1 domina todas as fun\u00e7\u00f5es essenciais para a vida l\u00e1 fora: batimentos card\u00edacos, respira\u00e7\u00e3o, produ\u00e7\u00e3o de horm\u00f4nios, digest\u00e3o. E tem for\u00e7a para sugar, requisito essencial para as mamadas, que oferecem o leite &#8211; alimento para o seu corpo &#8211; e o abra\u00e7o de sua m\u00e3e.<\/span><\/span><\/div>\n<p><span><\/span><\/p>\n<div style=\"text-align: justify;\"><span><span style=\"background-color: white;\">Medidas: ao nascer, os beb\u00eas pesam em m\u00e9dia 3,3 kg e medem 50 cm.<\/span><\/span><\/div>\n<p><span><\/span><\/p>\n<div style=\"text-align: justify;\"><span><span style=\"background-color: white;\"><br \/><\/span><\/span><\/div>\n<p><span><\/span><\/p>\n<div style=\"text-align: justify;\">\n<div style=\"text-align: start;\"><\/div>\n<div style=\"text-align: start;\"><span style=\"text-align: left;\">Visite tamb\u00e9m nosso site:&nbsp;<\/span><a href=\"http:\/\/www.biancamachado.com.br\/\" style=\"text-align: left;\">www.biancamachado.com.br<\/a><br style=\"text-align: left;\" \/><span style=\"text-align: left;\">(11) 97107-1018<\/span><\/div>\n<\/div>\n<p><span><\/span><\/div>\nVisite tamb\u00e9m nosso site: www.biancamachado.com.br\r\n(11) 97107-1018\r\n\r\nAtendemos as regi\u00f5es de S\u00e3o Paulo, Sorocaba, Ibi\u00fana, Piedade, Votorantim, Cotia, Itupeva, Jundia\u00ed, It\u00fa e Campinas","protected":false},"excerpt":{"rendered":"<p>Para as mam\u00e3es de primeira<\/p>\n","protected":false},"author":1,"featured_media":1341,"comment_status":"open","ping_status":"open","sticky":false,"template":"","format":"standard","meta":{"_monsterinsights_skip_tracking":false,"_monsterinsights_sitenote_active":false,"_monsterinsights_sitenote_note":"","_monsterinsights_sitenote_category":0,"jetpack_post_was_ever_published":false,"_jetpack_newsletter_access":"","_jetpack_dont_email_post_to_subs":false,"_jetpack_newsletter_tier_id":0,"_jetpack_memberships_contains_paywalled_content":false,"_jetpack_memberships_contains_paid_content":false,"_joinchat":[],"footnotes":""},"categories":[283,1],"tags":[300,299,301,298],"class_list":["post-503","post","type-post","status-publish","format-standard","has-post-thumbnail","hentry","category-book-gestante-em-estudio","category-studio-bianca-machado","tag-book-fotografico-para-gravidas","tag-ensaio-de-fotos","tag-fotografas-de-gestantes","tag-fotos-de-book-gestante-em-estudio"],"yoast_head":"<!-- This site is optimized with the Yoast SEO plugin v27.4 - https:\/\/yoast.com\/product\/yoast-seo-wordpress\/ -->\n<title>Desenvolvimento do Beb\u00ea m\u00eas a m\u00eas: - STUDIO BIANCA MACHADO<\/title>\n<meta name=\"robots\" content=\"index, follow, max-snippet:-1, max-image-preview:large, max-video-preview:-1\" \/>\n<link rel=\"canonical\" href=\"https:\/\/biancamachado.com.br\/blog\/desenvolvimento-do-bebe-mes-a-mes\/\" \/>\n<meta property=\"og:locale\" content=\"pt_BR\" \/>\n<meta property=\"og:type\" content=\"article\" \/>\n<meta property=\"og:title\" content=\"Desenvolvimento do Beb\u00ea m\u00eas a m\u00eas: - STUDIO BIANCA MACHADO\" \/>\n<meta property=\"og:description\" content=\"Para as mam\u00e3es de primeira\" \/>\n<meta property=\"og:url\" content=\"https:\/\/biancamachado.com.br\/blog\/desenvolvimento-do-bebe-mes-a-mes\/\" \/>\n<meta property=\"og:site_name\" content=\"STUDIO BIANCA MACHADO\" \/>\n<meta property=\"article:publisher\" content=\"https:\/\/www.facebook.com\/Studiobiancamachado\/\" \/>\n<meta property=\"article:published_time\" content=\"2012-07-07T23:58:00+00:00\" \/>\n<meta property=\"article:modified_time\" content=\"2021-02-18T02:35:32+00:00\" \/>\n<meta property=\"og:image\" content=\"https:\/\/i0.wp.com\/biancamachado.com.br\/blog\/wp-content\/uploads\/2012\/07\/Screenshot_461.png?fit=394%2C188&ssl=1\" \/>\n\t<meta property=\"og:image:width\" content=\"394\" \/>\n\t<meta property=\"og:image:height\" content=\"188\" \/>\n\t<meta property=\"og:image:type\" content=\"image\/png\" \/>\n<meta name=\"author\" content=\"biancamachado\" \/>\n<meta name=\"twitter:card\" content=\"summary_large_image\" \/>\n<meta name=\"twitter:label1\" content=\"Escrito por\" \/>\n\t<meta name=\"twitter:data1\" content=\"biancamachado\" \/>\n\t<meta name=\"twitter:label2\" content=\"Est. tempo de leitura\" \/>\n\t<meta name=\"twitter:data2\" content=\"9 minutos\" \/>\n<script type=\"application\/ld+json\" class=\"yoast-schema-graph\">{\"@context\":\"https:\\\/\\\/schema.org\",\"@graph\":[{\"@type\":\"Article\",\"@id\":\"https:\\\/\\\/biancamachado.com.br\\\/blog\\\/desenvolvimento-do-bebe-mes-a-mes\\\/#article\",\"isPartOf\":{\"@id\":\"https:\\\/\\\/biancamachado.com.br\\\/blog\\\/desenvolvimento-do-bebe-mes-a-mes\\\/\"},\"author\":{\"name\":\"biancamachado\",\"@id\":\"https:\\\/\\\/biancamachado.com.br\\\/blog\\\/#\\\/schema\\\/person\\\/990263800ec5e9bdbbf092a2353550a1\"},\"headline\":\"Desenvolvimento do Beb\u00ea m\u00eas a m\u00eas:\",\"datePublished\":\"2012-07-07T23:58:00+00:00\",\"dateModified\":\"2021-02-18T02:35:32+00:00\",\"mainEntityOfPage\":{\"@id\":\"https:\\\/\\\/biancamachado.com.br\\\/blog\\\/desenvolvimento-do-bebe-mes-a-mes\\\/\"},\"wordCount\":1727,\"commentCount\":0,\"publisher\":{\"@id\":\"https:\\\/\\\/biancamachado.com.br\\\/blog\\\/#organization\"},\"image\":{\"@id\":\"https:\\\/\\\/biancamachado.com.br\\\/blog\\\/desenvolvimento-do-bebe-mes-a-mes\\\/#primaryimage\"},\"thumbnailUrl\":\"https:\\\/\\\/i0.wp.com\\\/biancamachado.com.br\\\/blog\\\/wp-content\\\/uploads\\\/2012\\\/07\\\/Screenshot_461.png?fit=394%2C188&ssl=1\",\"keywords\":[\"book fotografico para gravidas\",\"ensaio de fotos\",\"fotografas de gestantes\",\"fotos de book gestante em estudio\"],\"articleSection\":[\"Book Gestante em Estudio\",\"Studio Bianca Machado\"],\"inLanguage\":\"pt-BR\",\"potentialAction\":[{\"@type\":\"CommentAction\",\"name\":\"Comment\",\"target\":[\"https:\\\/\\\/biancamachado.com.br\\\/blog\\\/desenvolvimento-do-bebe-mes-a-mes\\\/#respond\"]}]},{\"@type\":\"WebPage\",\"@id\":\"https:\\\/\\\/biancamachado.com.br\\\/blog\\\/desenvolvimento-do-bebe-mes-a-mes\\\/\",\"url\":\"https:\\\/\\\/biancamachado.com.br\\\/blog\\\/desenvolvimento-do-bebe-mes-a-mes\\\/\",\"name\":\"Desenvolvimento do Beb\u00ea m\u00eas a m\u00eas: - STUDIO BIANCA MACHADO\",\"isPartOf\":{\"@id\":\"https:\\\/\\\/biancamachado.com.br\\\/blog\\\/#website\"},\"primaryImageOfPage\":{\"@id\":\"https:\\\/\\\/biancamachado.com.br\\\/blog\\\/desenvolvimento-do-bebe-mes-a-mes\\\/#primaryimage\"},\"image\":{\"@id\":\"https:\\\/\\\/biancamachado.com.br\\\/blog\\\/desenvolvimento-do-bebe-mes-a-mes\\\/#primaryimage\"},\"thumbnailUrl\":\"https:\\\/\\\/i0.wp.com\\\/biancamachado.com.br\\\/blog\\\/wp-content\\\/uploads\\\/2012\\\/07\\\/Screenshot_461.png?fit=394%2C188&ssl=1\",\"datePublished\":\"2012-07-07T23:58:00+00:00\",\"dateModified\":\"2021-02-18T02:35:32+00:00\",\"breadcrumb\":{\"@id\":\"https:\\\/\\\/biancamachado.com.br\\\/blog\\\/desenvolvimento-do-bebe-mes-a-mes\\\/#breadcrumb\"},\"inLanguage\":\"pt-BR\",\"potentialAction\":[{\"@type\":\"ReadAction\",\"target\":[\"https:\\\/\\\/biancamachado.com.br\\\/blog\\\/desenvolvimento-do-bebe-mes-a-mes\\\/\"]}]},{\"@type\":\"ImageObject\",\"inLanguage\":\"pt-BR\",\"@id\":\"https:\\\/\\\/biancamachado.com.br\\\/blog\\\/desenvolvimento-do-bebe-mes-a-mes\\\/#primaryimage\",\"url\":\"https:\\\/\\\/i0.wp.com\\\/biancamachado.com.br\\\/blog\\\/wp-content\\\/uploads\\\/2012\\\/07\\\/Screenshot_461.png?fit=394%2C188&ssl=1\",\"contentUrl\":\"https:\\\/\\\/i0.wp.com\\\/biancamachado.com.br\\\/blog\\\/wp-content\\\/uploads\\\/2012\\\/07\\\/Screenshot_461.png?fit=394%2C188&ssl=1\",\"width\":394,\"height\":188,\"caption\":\"Desenvolvimento do Beb\u00ea m\u00eas a m\u00eas:\"},{\"@type\":\"BreadcrumbList\",\"@id\":\"https:\\\/\\\/biancamachado.com.br\\\/blog\\\/desenvolvimento-do-bebe-mes-a-mes\\\/#breadcrumb\",\"itemListElement\":[{\"@type\":\"ListItem\",\"position\":1,\"name\":\"In\u00edcio\",\"item\":\"https:\\\/\\\/biancamachado.com.br\\\/blog\\\/\"},{\"@type\":\"ListItem\",\"position\":2,\"name\":\"Desenvolvimento do Beb\u00ea m\u00eas a m\u00eas:\"}]},{\"@type\":\"WebSite\",\"@id\":\"https:\\\/\\\/biancamachado.com.br\\\/blog\\\/#website\",\"url\":\"https:\\\/\\\/biancamachado.com.br\\\/blog\\\/\",\"name\":\"STUDIO BIANCA MACHADO\",\"description\":\"Estudio Fotografico, Ensaios e Books de foto profissional\",\"publisher\":{\"@id\":\"https:\\\/\\\/biancamachado.com.br\\\/blog\\\/#organization\"},\"potentialAction\":[{\"@type\":\"SearchAction\",\"target\":{\"@type\":\"EntryPoint\",\"urlTemplate\":\"https:\\\/\\\/biancamachado.com.br\\\/blog\\\/?s={search_term_string}\"},\"query-input\":{\"@type\":\"PropertyValueSpecification\",\"valueRequired\":true,\"valueName\":\"search_term_string\"}}],\"inLanguage\":\"pt-BR\"},{\"@type\":\"Organization\",\"@id\":\"https:\\\/\\\/biancamachado.com.br\\\/blog\\\/#organization\",\"name\":\"STUDIO BIANCA MACHADO\",\"url\":\"https:\\\/\\\/biancamachado.com.br\\\/blog\\\/\",\"logo\":{\"@type\":\"ImageObject\",\"inLanguage\":\"pt-BR\",\"@id\":\"https:\\\/\\\/biancamachado.com.br\\\/blog\\\/#\\\/schema\\\/logo\\\/image\\\/\",\"url\":\"https:\\\/\\\/i0.wp.com\\\/biancamachado.com.br\\\/blog\\\/wp-content\\\/uploads\\\/2021\\\/02\\\/cropped-logo-ml.jpg?fit=278%2C100&ssl=1\",\"contentUrl\":\"https:\\\/\\\/i0.wp.com\\\/biancamachado.com.br\\\/blog\\\/wp-content\\\/uploads\\\/2021\\\/02\\\/cropped-logo-ml.jpg?fit=278%2C100&ssl=1\",\"width\":278,\"height\":100,\"caption\":\"STUDIO BIANCA MACHADO\"},\"image\":{\"@id\":\"https:\\\/\\\/biancamachado.com.br\\\/blog\\\/#\\\/schema\\\/logo\\\/image\\\/\"},\"sameAs\":[\"https:\\\/\\\/www.facebook.com\\\/Studiobiancamachado\\\/\",\"https:\\\/\\\/www.instagram.com\\\/Studiobiancamachado\\\/\"]},{\"@type\":\"Person\",\"@id\":\"https:\\\/\\\/biancamachado.com.br\\\/blog\\\/#\\\/schema\\\/person\\\/990263800ec5e9bdbbf092a2353550a1\",\"name\":\"biancamachado\",\"image\":{\"@type\":\"ImageObject\",\"inLanguage\":\"pt-BR\",\"@id\":\"https:\\\/\\\/secure.gravatar.com\\\/avatar\\\/62b1a50f2632dbc2e279c3eb55aa46cc324c969cff16a69c59756d155316542c?s=96&d=mm&r=g\",\"url\":\"https:\\\/\\\/secure.gravatar.com\\\/avatar\\\/62b1a50f2632dbc2e279c3eb55aa46cc324c969cff16a69c59756d155316542c?s=96&d=mm&r=g\",\"contentUrl\":\"https:\\\/\\\/secure.gravatar.com\\\/avatar\\\/62b1a50f2632dbc2e279c3eb55aa46cc324c969cff16a69c59756d155316542c?s=96&d=mm&r=g\",\"caption\":\"biancamachado\"},\"sameAs\":[\"https:\\\/\\\/biancamachado.com.br\\\/blog\"],\"url\":\"https:\\\/\\\/biancamachado.com.br\\\/blog\\\/author\\\/biancamachado\\\/\"}]}<\/script>\n<!-- \/ Yoast SEO plugin. -->","yoast_head_json":{"title":"Desenvolvimento do Beb\u00ea m\u00eas a m\u00eas: - STUDIO BIANCA MACHADO","robots":{"index":"index","follow":"follow","max-snippet":"max-snippet:-1","max-image-preview":"max-image-preview:large","max-video-preview":"max-video-preview:-1"},"canonical":"https:\/\/biancamachado.com.br\/blog\/desenvolvimento-do-bebe-mes-a-mes\/","og_locale":"pt_BR","og_type":"article","og_title":"Desenvolvimento do Beb\u00ea m\u00eas a m\u00eas: - STUDIO BIANCA MACHADO","og_description":"Para as mam\u00e3es de primeira","og_url":"https:\/\/biancamachado.com.br\/blog\/desenvolvimento-do-bebe-mes-a-mes\/","og_site_name":"STUDIO BIANCA MACHADO","article_publisher":"https:\/\/www.facebook.com\/Studiobiancamachado\/","article_published_time":"2012-07-07T23:58:00+00:00","article_modified_time":"2021-02-18T02:35:32+00:00","og_image":[{"width":394,"height":188,"url":"https:\/\/i0.wp.com\/biancamachado.com.br\/blog\/wp-content\/uploads\/2012\/07\/Screenshot_461.png?fit=394%2C188&ssl=1","type":"image\/png"}],"author":"biancamachado","twitter_card":"summary_large_image","twitter_misc":{"Escrito por":"biancamachado","Est. tempo de leitura":"9 minutos"},"schema":{"@context":"https:\/\/schema.org","@graph":[{"@type":"Article","@id":"https:\/\/biancamachado.com.br\/blog\/desenvolvimento-do-bebe-mes-a-mes\/#article","isPartOf":{"@id":"https:\/\/biancamachado.com.br\/blog\/desenvolvimento-do-bebe-mes-a-mes\/"},"author":{"name":"biancamachado","@id":"https:\/\/biancamachado.com.br\/blog\/#\/schema\/person\/990263800ec5e9bdbbf092a2353550a1"},"headline":"Desenvolvimento do Beb\u00ea m\u00eas a m\u00eas:","datePublished":"2012-07-07T23:58:00+00:00","dateModified":"2021-02-18T02:35:32+00:00","mainEntityOfPage":{"@id":"https:\/\/biancamachado.com.br\/blog\/desenvolvimento-do-bebe-mes-a-mes\/"},"wordCount":1727,"commentCount":0,"publisher":{"@id":"https:\/\/biancamachado.com.br\/blog\/#organization"},"image":{"@id":"https:\/\/biancamachado.com.br\/blog\/desenvolvimento-do-bebe-mes-a-mes\/#primaryimage"},"thumbnailUrl":"https:\/\/i0.wp.com\/biancamachado.com.br\/blog\/wp-content\/uploads\/2012\/07\/Screenshot_461.png?fit=394%2C188&ssl=1","keywords":["book fotografico para gravidas","ensaio de fotos","fotografas de gestantes","fotos de book gestante em estudio"],"articleSection":["Book Gestante em Estudio","Studio Bianca Machado"],"inLanguage":"pt-BR","potentialAction":[{"@type":"CommentAction","name":"Comment","target":["https:\/\/biancamachado.com.br\/blog\/desenvolvimento-do-bebe-mes-a-mes\/#respond"]}]},{"@type":"WebPage","@id":"https:\/\/biancamachado.com.br\/blog\/desenvolvimento-do-bebe-mes-a-mes\/","url":"https:\/\/biancamachado.com.br\/blog\/desenvolvimento-do-bebe-mes-a-mes\/","name":"Desenvolvimento do Beb\u00ea m\u00eas a m\u00eas: - STUDIO BIANCA MACHADO","isPartOf":{"@id":"https:\/\/biancamachado.com.br\/blog\/#website"},"primaryImageOfPage":{"@id":"https:\/\/biancamachado.com.br\/blog\/desenvolvimento-do-bebe-mes-a-mes\/#primaryimage"},"image":{"@id":"https:\/\/biancamachado.com.br\/blog\/desenvolvimento-do-bebe-mes-a-mes\/#primaryimage"},"thumbnailUrl":"https:\/\/i0.wp.com\/biancamachado.com.br\/blog\/wp-content\/uploads\/2012\/07\/Screenshot_461.png?fit=394%2C188&ssl=1","datePublished":"2012-07-07T23:58:00+00:00","dateModified":"2021-02-18T02:35:32+00:00","breadcrumb":{"@id":"https:\/\/biancamachado.com.br\/blog\/desenvolvimento-do-bebe-mes-a-mes\/#breadcrumb"},"inLanguage":"pt-BR","potentialAction":[{"@type":"ReadAction","target":["https:\/\/biancamachado.com.br\/blog\/desenvolvimento-do-bebe-mes-a-mes\/"]}]},{"@type":"ImageObject","inLanguage":"pt-BR","@id":"https:\/\/biancamachado.com.br\/blog\/desenvolvimento-do-bebe-mes-a-mes\/#primaryimage","url":"https:\/\/i0.wp.com\/biancamachado.com.br\/blog\/wp-content\/uploads\/2012\/07\/Screenshot_461.png?fit=394%2C188&ssl=1","contentUrl":"https:\/\/i0.wp.com\/biancamachado.com.br\/blog\/wp-content\/uploads\/2012\/07\/Screenshot_461.png?fit=394%2C188&ssl=1","width":394,"height":188,"caption":"Desenvolvimento do Beb\u00ea m\u00eas a m\u00eas:"},{"@type":"BreadcrumbList","@id":"https:\/\/biancamachado.com.br\/blog\/desenvolvimento-do-bebe-mes-a-mes\/#breadcrumb","itemListElement":[{"@type":"ListItem","position":1,"name":"In\u00edcio","item":"https:\/\/biancamachado.com.br\/blog\/"},{"@type":"ListItem","position":2,"name":"Desenvolvimento do Beb\u00ea m\u00eas a m\u00eas:"}]},{"@type":"WebSite","@id":"https:\/\/biancamachado.com.br\/blog\/#website","url":"https:\/\/biancamachado.com.br\/blog\/","name":"STUDIO BIANCA MACHADO","description":"Estudio Fotografico, Ensaios e Books de foto profissional","publisher":{"@id":"https:\/\/biancamachado.com.br\/blog\/#organization"},"potentialAction":[{"@type":"SearchAction","target":{"@type":"EntryPoint","urlTemplate":"https:\/\/biancamachado.com.br\/blog\/?s={search_term_string}"},"query-input":{"@type":"PropertyValueSpecification","valueRequired":true,"valueName":"search_term_string"}}],"inLanguage":"pt-BR"},{"@type":"Organization","@id":"https:\/\/biancamachado.com.br\/blog\/#organization","name":"STUDIO BIANCA MACHADO","url":"https:\/\/biancamachado.com.br\/blog\/","logo":{"@type":"ImageObject","inLanguage":"pt-BR","@id":"https:\/\/biancamachado.com.br\/blog\/#\/schema\/logo\/image\/","url":"https:\/\/i0.wp.com\/biancamachado.com.br\/blog\/wp-content\/uploads\/2021\/02\/cropped-logo-ml.jpg?fit=278%2C100&ssl=1","contentUrl":"https:\/\/i0.wp.com\/biancamachado.com.br\/blog\/wp-content\/uploads\/2021\/02\/cropped-logo-ml.jpg?fit=278%2C100&ssl=1","width":278,"height":100,"caption":"STUDIO BIANCA MACHADO"},"image":{"@id":"https:\/\/biancamachado.com.br\/blog\/#\/schema\/logo\/image\/"},"sameAs":["https:\/\/www.facebook.com\/Studiobiancamachado\/","https:\/\/www.instagram.com\/Studiobiancamachado\/"]},{"@type":"Person","@id":"https:\/\/biancamachado.com.br\/blog\/#\/schema\/person\/990263800ec5e9bdbbf092a2353550a1","name":"biancamachado","image":{"@type":"ImageObject","inLanguage":"pt-BR","@id":"https:\/\/secure.gravatar.com\/avatar\/62b1a50f2632dbc2e279c3eb55aa46cc324c969cff16a69c59756d155316542c?s=96&d=mm&r=g","url":"https:\/\/secure.gravatar.com\/avatar\/62b1a50f2632dbc2e279c3eb55aa46cc324c969cff16a69c59756d155316542c?s=96&d=mm&r=g","contentUrl":"https:\/\/secure.gravatar.com\/avatar\/62b1a50f2632dbc2e279c3eb55aa46cc324c969cff16a69c59756d155316542c?s=96&d=mm&r=g","caption":"biancamachado"},"sameAs":["https:\/\/biancamachado.com.br\/blog"],"url":"https:\/\/biancamachado.com.br\/blog\/author\/biancamachado\/"}]}},"jetpack_featured_media_url":"https:\/\/i0.wp.com\/biancamachado.com.br\/blog\/wp-content\/uploads\/2012\/07\/Screenshot_461.png?fit=394%2C188&ssl=1","jetpack-related-posts":[],"jetpack_sharing_enabled":true,"_links":{"self":[{"href":"https:\/\/biancamachado.com.br\/blog\/wp-json\/wp\/v2\/posts\/503","targetHints":{"allow":["GET"]}}],"collection":[{"href":"https:\/\/biancamachado.com.br\/blog\/wp-json\/wp\/v2\/posts"}],"about":[{"href":"https:\/\/biancamachado.com.br\/blog\/wp-json\/wp\/v2\/types\/post"}],"author":[{"embeddable":true,"href":"https:\/\/biancamachado.com.br\/blog\/wp-json\/wp\/v2\/users\/1"}],"replies":[{"embeddable":true,"href":"https:\/\/biancamachado.com.br\/blog\/wp-json\/wp\/v2\/comments?post=503"}],"version-history":[{"count":1,"href":"https:\/\/biancamachado.com.br\/blog\/wp-json\/wp\/v2\/posts\/503\/revisions"}],"predecessor-version":[{"id":1521,"href":"https:\/\/biancamachado.com.br\/blog\/wp-json\/wp\/v2\/posts\/503\/revisions\/1521"}],"wp:featuredmedia":[{"embeddable":true,"href":"https:\/\/biancamachado.com.br\/blog\/wp-json\/wp\/v2\/media\/1341"}],"wp:attachment":[{"href":"https:\/\/biancamachado.com.br\/blog\/wp-json\/wp\/v2\/media?parent=503"}],"wp:term":[{"taxonomy":"category","embeddable":true,"href":"https:\/\/biancamachado.com.br\/blog\/wp-json\/wp\/v2\/categories?post=503"},{"taxonomy":"post_tag","embeddable":true,"href":"https:\/\/biancamachado.com.br\/blog\/wp-json\/wp\/v2\/tags?post=503"}],"curies":[{"name":"wp","href":"https:\/\/api.w.org\/{rel}","templated":true}]}}