{"id":500,"date":"2012-07-08T04:28:00","date_gmt":"2012-07-08T07:28:00","guid":{"rendered":"https:\/\/biancamachado.com.br\/blog\/?p=500"},"modified":"2021-02-17T23:35:32","modified_gmt":"2021-02-18T02:35:32","slug":"dicas-para-as-mamaes-o-bebe-mes-a-mes-no-primeiro-ano","status":"publish","type":"post","link":"https:\/\/biancamachado.com.br\/blog\/dicas-para-as-mamaes-o-bebe-mes-a-mes-no-primeiro-ano\/","title":{"rendered":"Dicas para as mam\u00e3es &#8211; O beb\u00ea m\u00eas a m\u00eas no primeiro ano"},"content":{"rendered":"<div name=\"HOTWordsTxt\">\n<div style=\"text-align: justify;\"><span>Mais algumas dicas para as mam\u00e3es que fizeram Book Gestante conosco e nesse momento est\u00e3o passando pela fase do primeiro aninho do seu beb\u00ea. Vale \u00e0 pena lembrar que \u00e9 sofrido, mas vale muito \u00e0 pena. Quando passa, deixa saudade&#8230; Em 1 ano seu beb\u00ea ser\u00e1 completamente diferente e interativo ! Vale lembrar que \u00e9 importante registrar trimestralmente as mudan\u00e7as em uma sess\u00e3o de fotos em est\u00fadio.&nbsp;<\/span><span style=\"text-align: start;\">Acesse nossos pre\u00e7os e promo\u00e7\u00f5es no site&nbsp;<\/span><a href=\"http:\/\/www.biancamachado.com.br\/\" style=\"text-align: start;\">www.biancamachado.com.br<\/a><\/p>\n<div style=\"text-align: start;\"><\/div>\n<div style=\"text-align: start;\"><span style=\"text-align: left;\">Visite tamb\u00e9m nosso site:&nbsp;<\/span><a href=\"http:\/\/www.biancamachado.com.br\/\" style=\"text-align: left;\">www.biancamachado.com.br<\/a><br style=\"text-align: left;\" \/><span style=\"text-align: left;\">(11) 97107-1018<\/span><\/div>\n<\/div>\n<table align=\"center\" cellpadding=\"0\" cellspacing=\"0\" style=\"margin-left: auto; margin-right: auto; text-align: center;\">\n<tbody>\n<tr>\n<td style=\"text-align: center;\"><a href=\"https:\/\/i0.wp.com\/3.bp.blogspot.com\/-AX8IzQ4nTkA\/UCWnBBhj0BI\/AAAAAAAAHSc\/rQQWT5EiJNM\/s1600\/027%2B%283%29.JPG\" style=\"margin-left: auto; margin-right: auto;\"><img data-recalc-dims=\"1\" loading=\"lazy\" decoding=\"async\" alt=\"fotos book infantil sp\" border=\"0\" height=\"213\" src=\"https:\/\/i0.wp.com\/3.bp.blogspot.com\/-AX8IzQ4nTkA\/UCWnBBhj0BI\/AAAAAAAAHSc\/rQQWT5EiJNM\/s320\/027%2B%283%29.JPG?resize=320%2C213&#038;ssl=1\" title=\"fotos book infantil sp\" width=\"320\" \/><\/a><\/td>\n<\/tr>\n<tr>\n<td style=\"text-align: center;\">fotos book infantil sp<\/td>\n<\/tr>\n<\/tbody>\n<\/table>\n<p><span><br \/><\/span><span><br \/><\/span><\/p>\n<table align=\"center\" cellpadding=\"0\" cellspacing=\"0\" style=\"margin-left: auto; margin-right: auto; text-align: center;\">\n<tbody>\n<tr>\n<td style=\"text-align: center;\"><a href=\"https:\/\/i0.wp.com\/2.bp.blogspot.com\/-Ie2mxQlQXbE\/T_k18FKVQwI\/AAAAAAAAF34\/mjKKEz1DjEo\/s1600\/book%2Bbebe.JPG\" style=\"margin-left: auto; margin-right: auto;\"><img data-recalc-dims=\"1\" loading=\"lazy\" decoding=\"async\" alt=\"Sess\u00e3o de Fotos Beb\u00ea em est\u00fadio\" border=\"0\" height=\"320\" src=\"https:\/\/i0.wp.com\/2.bp.blogspot.com\/-Ie2mxQlQXbE\/T_k18FKVQwI\/AAAAAAAAF34\/mjKKEz1DjEo\/s320\/book%2Bbebe.JPG?resize=213%2C320&#038;ssl=1\" title=\"Sess\u00e3o de Fotos Beb\u00ea em est\u00fadio\" width=\"213\" \/><\/a><\/td>\n<\/tr>\n<tr>\n<td style=\"text-align: center;\">Sess\u00e3o de Fotos Beb\u00ea em est\u00fadio<\/td>\n<\/tr>\n<\/tbody>\n<\/table>\n<p><span><\/p>\n<p><b>1\u00ba m\u00eas <\/b>\u2013 Dorme bastante e a vis\u00e3o \u00e9 limitada (enxerga somente se o objeto for colocado pr\u00f3ximo a seus olhos). Movimenta o corpo em cad\u00eancia com a voz e chora por comida. Ele mama a cada tr\u00eas ou quatro horas \u2013 mas esses intervalos podem ser menores. Tamb\u00e9m reage aos sons mais altos e pode se assustar com ru\u00eddos inesperados.<\/p>\n<p><b>2\u00ba m\u00eas<\/b> \u2013 Ele acompanha pessoas e objetos. Consegue emitir sons e j\u00e1 tenta levantar o t\u00f3rax com a cabe\u00e7a. Acalma-se ao ouvir vozes e sorri. Mexe bra\u00e7os e pernas desordenadamente devido \u00e0 falta de coordena\u00e7\u00e3o e tenta pegar objetos suspensos. Nessa fase, est\u00e1 com os m\u00fasculos do pesco\u00e7o mais enrijecidos.<\/p>\n<p><b>3\u00ba mes<\/b> \u2013 As gl\u00e2ndulas lacrimais come\u00e7am a funcionar. Ele reconhece os pais, consegue firmar a cabe\u00e7a e ganha peso. Agita-se com brincadeiras, escuta m\u00fasica e responde aos est\u00edmulos dos pais com sorrisos, sons voc\u00e1licos e gritinhos. Tamb\u00e9m come\u00e7a a brincar com as pr\u00f3prias m\u00e3os, levando-as \u00e0 boca. A crian\u00e7a<br \/>j\u00e1 consegue segurar objetos com firmeza por alguns minutos. Ela tamb\u00e9m fica de bru\u00e7os e<br \/>ap\u00f3ia-se nos antebra\u00e7os para observar o que se passa a seu redor. Curiosa, procura objetos que foram removidos para pontos distantes da sua vis\u00e3o e segue objetos com o olhar at\u00e9 180 graus.<\/p>\n<p><b>4\u00ba mes<\/b> \u2013 Grita forte e demonstra prefer\u00eancia por brinquedos. Tamb\u00e9m ri bastante, expressa desagrado e reconhece a voz dos familiares. Em geral, a m\u00e3e volta a trabalhar. Podem ser inclu\u00eddos na alimenta\u00e7\u00e3o sucos e papinha de frutas. Nessa fase, o beb\u00ea tem sua capacidade visual aumentada e fica em p\u00e9 quando segurado pela cintura. Ele ainda&nbsp;explora objetos com a boca e balan\u00e7a brinquedos sonoros.<br \/><span style=\"background-color: white;\"><br \/><\/span><\/span><br \/><span><span style=\"background-color: white;\"><b>5\u00ba m\u00eas<\/b> \u2013 Imita caretas. Segura objetos com firmeza e consegue se arrastar para peg\u00e1-los. Chupa os dedos dos p\u00e9s e brinca com eles. Al\u00e9m disso, percebe o barulho dos brinquedos e fica atento para o que acontece ao seu redor. Balbucia, movimenta-se com mais agilidade e pode rolar. Tamb\u00e9m tenta fazer for\u00e7a para sentar-se. Ele consegue discernir uma voz doce de&nbsp;<\/span>uma \u00e1spera e demonstra com express\u00e3o&nbsp;facial algo que lhe desagrada. Chacoalha brinquedos, brinca de esconder e transfere objetos de uma m\u00e3o para a outra.<\/p>\n<p><b>6\u00ba m\u00eas<\/b> \u2013 Tudo o que pega leva \u00e0 boca. Olha quando \u00e9 chamado e podem nascer os primeiros dentinhos, em geral os centrais superiores. Ao final do sexto m\u00eas, fica sentado. Ele come papinhas, balbucia monoss\u00edlabos associados com figuras e gosta de brincar de esconder. Demonstra grande interesse pelas m\u00e3os e gosta de passear nos ombros dos adultos. J\u00e1 estica&nbsp;os bracinhos para pedir colo e elege o&nbsp;brinquedo favorito. <\/p>\n<p><b>7\u00ba m\u00eas<\/b> \u2013 Grita e ri alto e ensaia engatinhar, mas ainda n\u00e3o consegue. Mas j\u00e1 tem uma vis\u00e3o maior do mundo. Apanha pedacinhos de comida e come. Adora mudar objetos de uma m\u00e3o para outra e levanta os bra\u00e7os em sauda\u00e7\u00e3o. Tamb\u00e9m tem rea\u00e7\u00f5es de estranheza a pessoas e objetos n\u00e3o conhecidos e sente medo. Repete os&nbsp;pr\u00f3prios sons. <\/p>\n<p><b>8\u00ba m\u00eas<\/b> \u2013 Ganha for\u00e7a no quadril e alguns conseguem engatinhar. J\u00e1 senta sozinho mas estranha pessoas. Adquire mais dois dentinhos, come\u00e7a a entender o significado do n\u00e3o e a ficar de p\u00e9 com apoio. Segura objetos com a ponta dos dedos, bate palmas e coloca v\u00e1rios cubos dentro de uma caixa. Acena e p\u00e1ra quando lhe dizem \u201cn\u00e3o\u201d. Manifesta&nbsp;sentimentos de raiva quando \u00e9 contrariado.<\/p>\n<p><b>9\u00ba m\u00eas<\/b> \u2013 Consegue engatinhar bem e adquire mais for\u00e7a nos p\u00e9s. Passa a manifestar de forma mais clara sua personalidade, gosta de ser o centro das aten\u00e7\u00f5es e faz gracinhas. Agarra-se a m\u00f3veis e consegue se levantar. Podem nascer mais dentinhos e ele \u00e9 capaz de usar x\u00edcara ou copinho. \u00c9 muito ativo durante o dia, olha entre as pernas&nbsp;abertas e empilha dois cubos. Imita sons e acha brinquedos&nbsp;escondidos. Adora jogar objetos ao ch\u00e3o e observ\u00e1-los cair. Repete s\u00edlabas.<br \/>&nbsp;<\/span><br \/><span><b>10\u00ba m\u00eas<\/b> \u2013 Senta e levanta sozinho, d\u00e1 tchau e pode falar papai e mam\u00e3e. Come bolacha, \u00e9 curioso, engatinha bem e fica em p\u00e9 com apoio. Gira a parte superior do corpo para alcan\u00e7ar um objeto, melhora a habilidade manual e come\u00e7a a definir qual m\u00e3o vai ser a dominante. J\u00e1 troca passinhos com apoio, imita sons e pode falar diss\u00edlabos.&nbsp;As meninas ficam mais femininas e elegantes. Interessa-se por&nbsp;fotos, desenhos e figuras.<\/p>\n<p><b>11\u00ba m\u00eas<\/b> \u2013 Ele suporta bem ficar per\u00edodos sozinho e brinca com outras crian\u00e7as. Caminha com apoio, passa da posi\u00e7\u00e3o de p\u00e9 para sentado e desloca-se segurando em m\u00f3veis. Diz mam\u00e1, pap\u00e1 e tchau. Vira p\u00e1ginas de um livro, segura copos e chama adultos e crian\u00e7as para brincar. Ganha mais dentinhos. Tamb\u00e9m atende a<br \/>\u201cd\u00e1\u201d, mas n\u00e3o solta o objeto. Move-se com agilidade, sobe e desce de m\u00f3veis e escadas.<br \/>J\u00e1 abre gavetas e come\u00e7a a ter no\u00e7\u00e3o do que \u00e9 proibido e permitido.<\/p>\n<p>  <b>12\u00ba m\u00eas<\/b> \u2013 Tem interesse pelas cores e coopera para se vestir. Entrega um brinquedo quando pedem e sua linguagem fica mais apurada. D\u00e1 uns passinhos, por\u00e9m prefere engatinhar para explorar o mundo. J\u00e1 pode fazer alimenta\u00e7\u00e3o variada com a fam\u00edlia, mas gosta de comer com as pr\u00f3prias m\u00e3os. Define gostos e avers\u00f5es, pode ter menos&nbsp;apetite e lembra onde est\u00e3o guardados seus brinquedos.<\/span><\/div>\n<div name=\"HOTWordsTxt\">\n<p>Visite tamb\u00e9m nosso site:&nbsp;<a href=\"http:\/\/www.biancamachado.com.br\/\">www.biancamachado.com.br<\/a><br \/>(11) 97107-1018<br \/><span><\/p>\n<p> <\/span><\/div>\nVisite tamb\u00e9m nosso site: www.biancamachado.com.br\r\n(11) 97107-1018\r\n\r\nAtendemos as regi\u00f5es de S\u00e3o Paulo, Sorocaba, Ibi\u00fana, Piedade, Votorantim, Cotia, Itupeva, Jundia\u00ed, It\u00fa e Campinas","protected":false},"excerpt":{"rendered":"<p>Mais algumas dicas para as<\/p>\n","protected":false},"author":1,"featured_media":1338,"comment_status":"open","ping_status":"open","sticky":false,"template":"","format":"standard","meta":{"_monsterinsights_skip_tracking":false,"_monsterinsights_sitenote_active":false,"_monsterinsights_sitenote_note":"","_monsterinsights_sitenote_category":0,"jetpack_post_was_ever_published":false,"_jetpack_newsletter_access":"","_jetpack_dont_email_post_to_subs":false,"_jetpack_newsletter_tier_id":0,"_jetpack_memberships_contains_paywalled_content":false,"_jetpack_memberships_contains_paid_content":false,"_joinchat":[],"footnotes":""},"categories":[283,1],"tags":[300,299,301,298],"class_list":["post-500","post","type-post","status-publish","format-standard","has-post-thumbnail","hentry","category-book-gestante-em-estudio","category-studio-bianca-machado","tag-book-fotografico-para-gravidas","tag-ensaio-de-fotos","tag-fotografas-de-gestantes","tag-fotos-de-book-gestante-em-estudio"],"yoast_head":"<!-- This site is optimized with the Yoast SEO plugin v27.4 - https:\/\/yoast.com\/product\/yoast-seo-wordpress\/ -->\n<title>Dicas para as mam\u00e3es - O beb\u00ea m\u00eas a m\u00eas no primeiro ano - STUDIO BIANCA MACHADO<\/title>\n<meta name=\"robots\" content=\"index, follow, max-snippet:-1, max-image-preview:large, max-video-preview:-1\" \/>\n<link rel=\"canonical\" href=\"https:\/\/biancamachado.com.br\/blog\/dicas-para-as-mamaes-o-bebe-mes-a-mes-no-primeiro-ano\/\" \/>\n<meta property=\"og:locale\" content=\"pt_BR\" \/>\n<meta property=\"og:type\" content=\"article\" \/>\n<meta property=\"og:title\" content=\"Dicas para as mam\u00e3es - O beb\u00ea m\u00eas a m\u00eas no primeiro ano - STUDIO BIANCA MACHADO\" \/>\n<meta property=\"og:description\" content=\"Mais algumas dicas para as\" \/>\n<meta property=\"og:url\" content=\"https:\/\/biancamachado.com.br\/blog\/dicas-para-as-mamaes-o-bebe-mes-a-mes-no-primeiro-ano\/\" \/>\n<meta property=\"og:site_name\" content=\"STUDIO BIANCA MACHADO\" \/>\n<meta property=\"article:publisher\" content=\"https:\/\/www.facebook.com\/Studiobiancamachado\/\" \/>\n<meta property=\"article:published_time\" content=\"2012-07-08T07:28:00+00:00\" \/>\n<meta property=\"article:modified_time\" content=\"2021-02-18T02:35:32+00:00\" \/>\n<meta property=\"og:image\" content=\"https:\/\/i0.wp.com\/biancamachado.com.br\/blog\/wp-content\/uploads\/2012\/07\/Screenshot_458.png?fit=324%2C216&ssl=1\" \/>\n\t<meta property=\"og:image:width\" content=\"324\" \/>\n\t<meta property=\"og:image:height\" content=\"216\" \/>\n\t<meta property=\"og:image:type\" content=\"image\/png\" \/>\n<meta name=\"author\" content=\"biancamachado\" \/>\n<meta name=\"twitter:card\" content=\"summary_large_image\" \/>\n<meta name=\"twitter:label1\" content=\"Escrito por\" \/>\n\t<meta name=\"twitter:data1\" content=\"biancamachado\" \/>\n\t<meta name=\"twitter:label2\" content=\"Est. tempo de leitura\" \/>\n\t<meta name=\"twitter:data2\" content=\"5 minutos\" \/>\n<script type=\"application\/ld+json\" class=\"yoast-schema-graph\">{\"@context\":\"https:\\\/\\\/schema.org\",\"@graph\":[{\"@type\":\"Article\",\"@id\":\"https:\\\/\\\/biancamachado.com.br\\\/blog\\\/dicas-para-as-mamaes-o-bebe-mes-a-mes-no-primeiro-ano\\\/#article\",\"isPartOf\":{\"@id\":\"https:\\\/\\\/biancamachado.com.br\\\/blog\\\/dicas-para-as-mamaes-o-bebe-mes-a-mes-no-primeiro-ano\\\/\"},\"author\":{\"name\":\"biancamachado\",\"@id\":\"https:\\\/\\\/biancamachado.com.br\\\/blog\\\/#\\\/schema\\\/person\\\/990263800ec5e9bdbbf092a2353550a1\"},\"headline\":\"Dicas para as mam\u00e3es &#8211; O beb\u00ea m\u00eas a m\u00eas no primeiro ano\",\"datePublished\":\"2012-07-08T07:28:00+00:00\",\"dateModified\":\"2021-02-18T02:35:32+00:00\",\"mainEntityOfPage\":{\"@id\":\"https:\\\/\\\/biancamachado.com.br\\\/blog\\\/dicas-para-as-mamaes-o-bebe-mes-a-mes-no-primeiro-ano\\\/\"},\"wordCount\":1071,\"commentCount\":0,\"publisher\":{\"@id\":\"https:\\\/\\\/biancamachado.com.br\\\/blog\\\/#organization\"},\"image\":{\"@id\":\"https:\\\/\\\/biancamachado.com.br\\\/blog\\\/dicas-para-as-mamaes-o-bebe-mes-a-mes-no-primeiro-ano\\\/#primaryimage\"},\"thumbnailUrl\":\"https:\\\/\\\/i0.wp.com\\\/biancamachado.com.br\\\/blog\\\/wp-content\\\/uploads\\\/2012\\\/07\\\/Screenshot_458.png?fit=324%2C216&ssl=1\",\"keywords\":[\"book fotografico para gravidas\",\"ensaio de fotos\",\"fotografas de gestantes\",\"fotos de book gestante em estudio\"],\"articleSection\":[\"Book Gestante em Estudio\",\"Studio Bianca Machado\"],\"inLanguage\":\"pt-BR\",\"potentialAction\":[{\"@type\":\"CommentAction\",\"name\":\"Comment\",\"target\":[\"https:\\\/\\\/biancamachado.com.br\\\/blog\\\/dicas-para-as-mamaes-o-bebe-mes-a-mes-no-primeiro-ano\\\/#respond\"]}]},{\"@type\":\"WebPage\",\"@id\":\"https:\\\/\\\/biancamachado.com.br\\\/blog\\\/dicas-para-as-mamaes-o-bebe-mes-a-mes-no-primeiro-ano\\\/\",\"url\":\"https:\\\/\\\/biancamachado.com.br\\\/blog\\\/dicas-para-as-mamaes-o-bebe-mes-a-mes-no-primeiro-ano\\\/\",\"name\":\"Dicas para as mam\u00e3es - O beb\u00ea m\u00eas a m\u00eas no primeiro ano - STUDIO BIANCA MACHADO\",\"isPartOf\":{\"@id\":\"https:\\\/\\\/biancamachado.com.br\\\/blog\\\/#website\"},\"primaryImageOfPage\":{\"@id\":\"https:\\\/\\\/biancamachado.com.br\\\/blog\\\/dicas-para-as-mamaes-o-bebe-mes-a-mes-no-primeiro-ano\\\/#primaryimage\"},\"image\":{\"@id\":\"https:\\\/\\\/biancamachado.com.br\\\/blog\\\/dicas-para-as-mamaes-o-bebe-mes-a-mes-no-primeiro-ano\\\/#primaryimage\"},\"thumbnailUrl\":\"https:\\\/\\\/i0.wp.com\\\/biancamachado.com.br\\\/blog\\\/wp-content\\\/uploads\\\/2012\\\/07\\\/Screenshot_458.png?fit=324%2C216&ssl=1\",\"datePublished\":\"2012-07-08T07:28:00+00:00\",\"dateModified\":\"2021-02-18T02:35:32+00:00\",\"breadcrumb\":{\"@id\":\"https:\\\/\\\/biancamachado.com.br\\\/blog\\\/dicas-para-as-mamaes-o-bebe-mes-a-mes-no-primeiro-ano\\\/#breadcrumb\"},\"inLanguage\":\"pt-BR\",\"potentialAction\":[{\"@type\":\"ReadAction\",\"target\":[\"https:\\\/\\\/biancamachado.com.br\\\/blog\\\/dicas-para-as-mamaes-o-bebe-mes-a-mes-no-primeiro-ano\\\/\"]}]},{\"@type\":\"ImageObject\",\"inLanguage\":\"pt-BR\",\"@id\":\"https:\\\/\\\/biancamachado.com.br\\\/blog\\\/dicas-para-as-mamaes-o-bebe-mes-a-mes-no-primeiro-ano\\\/#primaryimage\",\"url\":\"https:\\\/\\\/i0.wp.com\\\/biancamachado.com.br\\\/blog\\\/wp-content\\\/uploads\\\/2012\\\/07\\\/Screenshot_458.png?fit=324%2C216&ssl=1\",\"contentUrl\":\"https:\\\/\\\/i0.wp.com\\\/biancamachado.com.br\\\/blog\\\/wp-content\\\/uploads\\\/2012\\\/07\\\/Screenshot_458.png?fit=324%2C216&ssl=1\",\"width\":324,\"height\":216,\"caption\":\"Dicas para as mam\u00e3es \u2013 O beb\u00ea m\u00eas a m\u00eas no primeiro ano\"},{\"@type\":\"BreadcrumbList\",\"@id\":\"https:\\\/\\\/biancamachado.com.br\\\/blog\\\/dicas-para-as-mamaes-o-bebe-mes-a-mes-no-primeiro-ano\\\/#breadcrumb\",\"itemListElement\":[{\"@type\":\"ListItem\",\"position\":1,\"name\":\"In\u00edcio\",\"item\":\"https:\\\/\\\/biancamachado.com.br\\\/blog\\\/\"},{\"@type\":\"ListItem\",\"position\":2,\"name\":\"Dicas para as mam\u00e3es &#8211; O beb\u00ea m\u00eas a m\u00eas no primeiro ano\"}]},{\"@type\":\"WebSite\",\"@id\":\"https:\\\/\\\/biancamachado.com.br\\\/blog\\\/#website\",\"url\":\"https:\\\/\\\/biancamachado.com.br\\\/blog\\\/\",\"name\":\"STUDIO BIANCA MACHADO\",\"description\":\"Estudio Fotografico, Ensaios e Books de foto profissional\",\"publisher\":{\"@id\":\"https:\\\/\\\/biancamachado.com.br\\\/blog\\\/#organization\"},\"potentialAction\":[{\"@type\":\"SearchAction\",\"target\":{\"@type\":\"EntryPoint\",\"urlTemplate\":\"https:\\\/\\\/biancamachado.com.br\\\/blog\\\/?s={search_term_string}\"},\"query-input\":{\"@type\":\"PropertyValueSpecification\",\"valueRequired\":true,\"valueName\":\"search_term_string\"}}],\"inLanguage\":\"pt-BR\"},{\"@type\":\"Organization\",\"@id\":\"https:\\\/\\\/biancamachado.com.br\\\/blog\\\/#organization\",\"name\":\"STUDIO BIANCA MACHADO\",\"url\":\"https:\\\/\\\/biancamachado.com.br\\\/blog\\\/\",\"logo\":{\"@type\":\"ImageObject\",\"inLanguage\":\"pt-BR\",\"@id\":\"https:\\\/\\\/biancamachado.com.br\\\/blog\\\/#\\\/schema\\\/logo\\\/image\\\/\",\"url\":\"https:\\\/\\\/i0.wp.com\\\/biancamachado.com.br\\\/blog\\\/wp-content\\\/uploads\\\/2021\\\/02\\\/cropped-logo-ml.jpg?fit=278%2C100&ssl=1\",\"contentUrl\":\"https:\\\/\\\/i0.wp.com\\\/biancamachado.com.br\\\/blog\\\/wp-content\\\/uploads\\\/2021\\\/02\\\/cropped-logo-ml.jpg?fit=278%2C100&ssl=1\",\"width\":278,\"height\":100,\"caption\":\"STUDIO BIANCA MACHADO\"},\"image\":{\"@id\":\"https:\\\/\\\/biancamachado.com.br\\\/blog\\\/#\\\/schema\\\/logo\\\/image\\\/\"},\"sameAs\":[\"https:\\\/\\\/www.facebook.com\\\/Studiobiancamachado\\\/\",\"https:\\\/\\\/www.instagram.com\\\/Studiobiancamachado\\\/\"]},{\"@type\":\"Person\",\"@id\":\"https:\\\/\\\/biancamachado.com.br\\\/blog\\\/#\\\/schema\\\/person\\\/990263800ec5e9bdbbf092a2353550a1\",\"name\":\"biancamachado\",\"image\":{\"@type\":\"ImageObject\",\"inLanguage\":\"pt-BR\",\"@id\":\"https:\\\/\\\/secure.gravatar.com\\\/avatar\\\/62b1a50f2632dbc2e279c3eb55aa46cc324c969cff16a69c59756d155316542c?s=96&d=mm&r=g\",\"url\":\"https:\\\/\\\/secure.gravatar.com\\\/avatar\\\/62b1a50f2632dbc2e279c3eb55aa46cc324c969cff16a69c59756d155316542c?s=96&d=mm&r=g\",\"contentUrl\":\"https:\\\/\\\/secure.gravatar.com\\\/avatar\\\/62b1a50f2632dbc2e279c3eb55aa46cc324c969cff16a69c59756d155316542c?s=96&d=mm&r=g\",\"caption\":\"biancamachado\"},\"sameAs\":[\"https:\\\/\\\/biancamachado.com.br\\\/blog\"],\"url\":\"https:\\\/\\\/biancamachado.com.br\\\/blog\\\/author\\\/biancamachado\\\/\"}]}<\/script>\n<!-- \/ Yoast SEO plugin. -->","yoast_head_json":{"title":"Dicas para as mam\u00e3es - O beb\u00ea m\u00eas a m\u00eas no primeiro ano - STUDIO BIANCA MACHADO","robots":{"index":"index","follow":"follow","max-snippet":"max-snippet:-1","max-image-preview":"max-image-preview:large","max-video-preview":"max-video-preview:-1"},"canonical":"https:\/\/biancamachado.com.br\/blog\/dicas-para-as-mamaes-o-bebe-mes-a-mes-no-primeiro-ano\/","og_locale":"pt_BR","og_type":"article","og_title":"Dicas para as mam\u00e3es - O beb\u00ea m\u00eas a m\u00eas no primeiro ano - STUDIO BIANCA MACHADO","og_description":"Mais algumas dicas para as","og_url":"https:\/\/biancamachado.com.br\/blog\/dicas-para-as-mamaes-o-bebe-mes-a-mes-no-primeiro-ano\/","og_site_name":"STUDIO BIANCA MACHADO","article_publisher":"https:\/\/www.facebook.com\/Studiobiancamachado\/","article_published_time":"2012-07-08T07:28:00+00:00","article_modified_time":"2021-02-18T02:35:32+00:00","og_image":[{"width":324,"height":216,"url":"https:\/\/i0.wp.com\/biancamachado.com.br\/blog\/wp-content\/uploads\/2012\/07\/Screenshot_458.png?fit=324%2C216&ssl=1","type":"image\/png"}],"author":"biancamachado","twitter_card":"summary_large_image","twitter_misc":{"Escrito por":"biancamachado","Est. tempo de leitura":"5 minutos"},"schema":{"@context":"https:\/\/schema.org","@graph":[{"@type":"Article","@id":"https:\/\/biancamachado.com.br\/blog\/dicas-para-as-mamaes-o-bebe-mes-a-mes-no-primeiro-ano\/#article","isPartOf":{"@id":"https:\/\/biancamachado.com.br\/blog\/dicas-para-as-mamaes-o-bebe-mes-a-mes-no-primeiro-ano\/"},"author":{"name":"biancamachado","@id":"https:\/\/biancamachado.com.br\/blog\/#\/schema\/person\/990263800ec5e9bdbbf092a2353550a1"},"headline":"Dicas para as mam\u00e3es &#8211; O beb\u00ea m\u00eas a m\u00eas no primeiro ano","datePublished":"2012-07-08T07:28:00+00:00","dateModified":"2021-02-18T02:35:32+00:00","mainEntityOfPage":{"@id":"https:\/\/biancamachado.com.br\/blog\/dicas-para-as-mamaes-o-bebe-mes-a-mes-no-primeiro-ano\/"},"wordCount":1071,"commentCount":0,"publisher":{"@id":"https:\/\/biancamachado.com.br\/blog\/#organization"},"image":{"@id":"https:\/\/biancamachado.com.br\/blog\/dicas-para-as-mamaes-o-bebe-mes-a-mes-no-primeiro-ano\/#primaryimage"},"thumbnailUrl":"https:\/\/i0.wp.com\/biancamachado.com.br\/blog\/wp-content\/uploads\/2012\/07\/Screenshot_458.png?fit=324%2C216&ssl=1","keywords":["book fotografico para gravidas","ensaio de fotos","fotografas de gestantes","fotos de book gestante em estudio"],"articleSection":["Book Gestante em Estudio","Studio Bianca Machado"],"inLanguage":"pt-BR","potentialAction":[{"@type":"CommentAction","name":"Comment","target":["https:\/\/biancamachado.com.br\/blog\/dicas-para-as-mamaes-o-bebe-mes-a-mes-no-primeiro-ano\/#respond"]}]},{"@type":"WebPage","@id":"https:\/\/biancamachado.com.br\/blog\/dicas-para-as-mamaes-o-bebe-mes-a-mes-no-primeiro-ano\/","url":"https:\/\/biancamachado.com.br\/blog\/dicas-para-as-mamaes-o-bebe-mes-a-mes-no-primeiro-ano\/","name":"Dicas para as mam\u00e3es - O beb\u00ea m\u00eas a m\u00eas no primeiro ano - STUDIO BIANCA MACHADO","isPartOf":{"@id":"https:\/\/biancamachado.com.br\/blog\/#website"},"primaryImageOfPage":{"@id":"https:\/\/biancamachado.com.br\/blog\/dicas-para-as-mamaes-o-bebe-mes-a-mes-no-primeiro-ano\/#primaryimage"},"image":{"@id":"https:\/\/biancamachado.com.br\/blog\/dicas-para-as-mamaes-o-bebe-mes-a-mes-no-primeiro-ano\/#primaryimage"},"thumbnailUrl":"https:\/\/i0.wp.com\/biancamachado.com.br\/blog\/wp-content\/uploads\/2012\/07\/Screenshot_458.png?fit=324%2C216&ssl=1","datePublished":"2012-07-08T07:28:00+00:00","dateModified":"2021-02-18T02:35:32+00:00","breadcrumb":{"@id":"https:\/\/biancamachado.com.br\/blog\/dicas-para-as-mamaes-o-bebe-mes-a-mes-no-primeiro-ano\/#breadcrumb"},"inLanguage":"pt-BR","potentialAction":[{"@type":"ReadAction","target":["https:\/\/biancamachado.com.br\/blog\/dicas-para-as-mamaes-o-bebe-mes-a-mes-no-primeiro-ano\/"]}]},{"@type":"ImageObject","inLanguage":"pt-BR","@id":"https:\/\/biancamachado.com.br\/blog\/dicas-para-as-mamaes-o-bebe-mes-a-mes-no-primeiro-ano\/#primaryimage","url":"https:\/\/i0.wp.com\/biancamachado.com.br\/blog\/wp-content\/uploads\/2012\/07\/Screenshot_458.png?fit=324%2C216&ssl=1","contentUrl":"https:\/\/i0.wp.com\/biancamachado.com.br\/blog\/wp-content\/uploads\/2012\/07\/Screenshot_458.png?fit=324%2C216&ssl=1","width":324,"height":216,"caption":"Dicas para as mam\u00e3es \u2013 O beb\u00ea m\u00eas a m\u00eas no primeiro ano"},{"@type":"BreadcrumbList","@id":"https:\/\/biancamachado.com.br\/blog\/dicas-para-as-mamaes-o-bebe-mes-a-mes-no-primeiro-ano\/#breadcrumb","itemListElement":[{"@type":"ListItem","position":1,"name":"In\u00edcio","item":"https:\/\/biancamachado.com.br\/blog\/"},{"@type":"ListItem","position":2,"name":"Dicas para as mam\u00e3es &#8211; O beb\u00ea m\u00eas a m\u00eas no primeiro ano"}]},{"@type":"WebSite","@id":"https:\/\/biancamachado.com.br\/blog\/#website","url":"https:\/\/biancamachado.com.br\/blog\/","name":"STUDIO BIANCA MACHADO","description":"Estudio Fotografico, Ensaios e Books de foto profissional","publisher":{"@id":"https:\/\/biancamachado.com.br\/blog\/#organization"},"potentialAction":[{"@type":"SearchAction","target":{"@type":"EntryPoint","urlTemplate":"https:\/\/biancamachado.com.br\/blog\/?s={search_term_string}"},"query-input":{"@type":"PropertyValueSpecification","valueRequired":true,"valueName":"search_term_string"}}],"inLanguage":"pt-BR"},{"@type":"Organization","@id":"https:\/\/biancamachado.com.br\/blog\/#organization","name":"STUDIO BIANCA MACHADO","url":"https:\/\/biancamachado.com.br\/blog\/","logo":{"@type":"ImageObject","inLanguage":"pt-BR","@id":"https:\/\/biancamachado.com.br\/blog\/#\/schema\/logo\/image\/","url":"https:\/\/i0.wp.com\/biancamachado.com.br\/blog\/wp-content\/uploads\/2021\/02\/cropped-logo-ml.jpg?fit=278%2C100&ssl=1","contentUrl":"https:\/\/i0.wp.com\/biancamachado.com.br\/blog\/wp-content\/uploads\/2021\/02\/cropped-logo-ml.jpg?fit=278%2C100&ssl=1","width":278,"height":100,"caption":"STUDIO BIANCA MACHADO"},"image":{"@id":"https:\/\/biancamachado.com.br\/blog\/#\/schema\/logo\/image\/"},"sameAs":["https:\/\/www.facebook.com\/Studiobiancamachado\/","https:\/\/www.instagram.com\/Studiobiancamachado\/"]},{"@type":"Person","@id":"https:\/\/biancamachado.com.br\/blog\/#\/schema\/person\/990263800ec5e9bdbbf092a2353550a1","name":"biancamachado","image":{"@type":"ImageObject","inLanguage":"pt-BR","@id":"https:\/\/secure.gravatar.com\/avatar\/62b1a50f2632dbc2e279c3eb55aa46cc324c969cff16a69c59756d155316542c?s=96&d=mm&r=g","url":"https:\/\/secure.gravatar.com\/avatar\/62b1a50f2632dbc2e279c3eb55aa46cc324c969cff16a69c59756d155316542c?s=96&d=mm&r=g","contentUrl":"https:\/\/secure.gravatar.com\/avatar\/62b1a50f2632dbc2e279c3eb55aa46cc324c969cff16a69c59756d155316542c?s=96&d=mm&r=g","caption":"biancamachado"},"sameAs":["https:\/\/biancamachado.com.br\/blog"],"url":"https:\/\/biancamachado.com.br\/blog\/author\/biancamachado\/"}]}},"jetpack_featured_media_url":"https:\/\/i0.wp.com\/biancamachado.com.br\/blog\/wp-content\/uploads\/2012\/07\/Screenshot_458.png?fit=324%2C216&ssl=1","jetpack-related-posts":[],"jetpack_sharing_enabled":true,"_links":{"self":[{"href":"https:\/\/biancamachado.com.br\/blog\/wp-json\/wp\/v2\/posts\/500","targetHints":{"allow":["GET"]}}],"collection":[{"href":"https:\/\/biancamachado.com.br\/blog\/wp-json\/wp\/v2\/posts"}],"about":[{"href":"https:\/\/biancamachado.com.br\/blog\/wp-json\/wp\/v2\/types\/post"}],"author":[{"embeddable":true,"href":"https:\/\/biancamachado.com.br\/blog\/wp-json\/wp\/v2\/users\/1"}],"replies":[{"embeddable":true,"href":"https:\/\/biancamachado.com.br\/blog\/wp-json\/wp\/v2\/comments?post=500"}],"version-history":[{"count":1,"href":"https:\/\/biancamachado.com.br\/blog\/wp-json\/wp\/v2\/posts\/500\/revisions"}],"predecessor-version":[{"id":1520,"href":"https:\/\/biancamachado.com.br\/blog\/wp-json\/wp\/v2\/posts\/500\/revisions\/1520"}],"wp:featuredmedia":[{"embeddable":true,"href":"https:\/\/biancamachado.com.br\/blog\/wp-json\/wp\/v2\/media\/1338"}],"wp:attachment":[{"href":"https:\/\/biancamachado.com.br\/blog\/wp-json\/wp\/v2\/media?parent=500"}],"wp:term":[{"taxonomy":"category","embeddable":true,"href":"https:\/\/biancamachado.com.br\/blog\/wp-json\/wp\/v2\/categories?post=500"},{"taxonomy":"post_tag","embeddable":true,"href":"https:\/\/biancamachado.com.br\/blog\/wp-json\/wp\/v2\/tags?post=500"}],"curies":[{"name":"wp","href":"https:\/\/api.w.org\/{rel}","templated":true}]}}