{"id":50,"date":"2018-02-16T10:51:00","date_gmt":"2018-02-16T12:51:00","guid":{"rendered":"https:\/\/biancamachado.com.br\/blog\/?p=50"},"modified":"2023-02-12T16:31:14","modified_gmt":"2023-02-12T19:31:14","slug":"ensaio-de-fotos-para-musicos-e-bandas-em-estudio","status":"publish","type":"post","link":"https:\/\/biancamachado.com.br\/blog\/ensaio-de-fotos-para-musicos-e-bandas-em-estudio\/","title":{"rendered":"Ensaio de fotos para M\u00fasicos e Bandas em est\u00fadio"},"content":{"rendered":"<div style=\"text-align: justify;\">Para ingressar na \u00e1rea musical, \u00e9 preciso fazer certos investimentos seja em divulga\u00e7\u00e3o, como identidade visual. Um ensaio de fotos em est\u00fadio, permite um material limpo e criativo para trabalho desde nas redes sociais, como para material de divulga\u00e7\u00e3o em banners e folders.<\/div>\n<div style=\"text-align: justify;\">No est\u00fadio, temos v\u00e1rios pacotes de fotografia para bandas, segue o link do site http:\/\/www.biancamachado.com.br\/bandasmusicaisprecos.html<\/div>\n<div style=\"text-align: justify;\">Confira um pouco do resultado final de um ensaio fotogr\u00e1fico:<\/div>\n<p><center><\/p>\n<div>\n<div><iframe loading=\"lazy\" src=\"https:\/\/www.youtube.com\/embed\/lU_mhiyEGk4?showinfo=0\" width=\"560\" height=\"315\" frameborder=\"0\" allowfullscreen=\"allowfullscreen\"><\/iframe><\/div>\n<\/div>\n<p><\/center><\/p>\n<ol>\n<li>Escolha o estilo: Antes de come\u00e7ar o ensaio, \u00e9 importante ter em mente qual estilo de fotografia voc\u00ea deseja para o m\u00fasico ou banda. Seja algo mais tradicional, moderno ou ousado, \u00e9 importante que o estilo escolhido combine com a personalidade do m\u00fasico ou banda.<\/li>\n<li>Crie um ambiente confort\u00e1vel: A fotografia de m\u00fasicos e bandas em est\u00fadio requer um ambiente confort\u00e1vel e adequado. \u00c9 preciso ter um espa\u00e7o amplo o suficiente para acomodar todos os integrantes e os instrumentos, al\u00e9m de ilumina\u00e7\u00e3o adequada e climatiza\u00e7\u00e3o.<\/li>\n<li>Escolha o figurino: O figurino \u00e9 um dos elementos mais importantes para o ensaio de fotos. \u00c9 importante que a roupa escolhida combine com o estilo da m\u00fasica ou banda, al\u00e9m de ser confort\u00e1vel para o m\u00fasico.<\/li>\n<li>Pense na pose: As poses s\u00e3o um elemento importante em qualquer ensaio de fotos, e com os m\u00fasicos e bandas n\u00e3o \u00e9 diferente. \u00c9 importante escolher poses que sejam confort\u00e1veis e que mostrem a personalidade da m\u00fasica ou banda.<\/li>\n<li>Aproveite os instrumentos: Os instrumentos musicais podem ser um elemento poderoso nas fotos de m\u00fasicos e bandas. Use a criatividade e crie poses que destaquem o instrumento e o m\u00fasico ao mesmo tempo.<\/li>\n<li>Foco no rosto: \u00c9 importante focar no rosto dos m\u00fasicos e bandas, pois \u00e9 nele que est\u00e1 a express\u00e3o e a emo\u00e7\u00e3o da m\u00fasica. Busque criar fotos que transmitam emo\u00e7\u00e3o e conex\u00e3o com a m\u00fasica.<\/li>\n<li>Edi\u00e7\u00e3o: Depois que as fotos foram tiradas, \u00e9 importante escolher as melhores imagens e editar de forma adequada. A edi\u00e7\u00e3o pode ajudar a real\u00e7ar as cores, ajustar a ilumina\u00e7\u00e3o e destacar a personalidade da m\u00fasica ou banda.<\/li>\n<\/ol>\n<p>Se voc\u00ea \u00e9 m\u00fasico ou faz parte de uma banda e deseja registrar esse momento em um ensaio de fotos profissional, a fot\u00f3grafa Bianca Machado, do Studio Bianca Machado, \u00e9 especialista em fotografia de m\u00fasicos e bandas. Com muita experi\u00eancia em ensaios de fotos em est\u00fadio, ela pode ajud\u00e1-lo a escolher as poses, o figurino e criar um ambiente confort\u00e1vel para que voc\u00ea possa se concentrar na m\u00fasica e na emo\u00e7\u00e3o das fotos.<\/p>\nVisite tamb\u00e9m nosso site: www.biancamachado.com.br\r\n(11) 97107-1018\r\n\r\nAtendemos as regi\u00f5es de S\u00e3o Paulo, Sorocaba, Ibi\u00fana, Piedade, Votorantim, Cotia, Itupeva, Jundia\u00ed, It\u00fa e Campinas","protected":false},"excerpt":{"rendered":"<p>Para ingressar na \u00e1rea musical,<\/p>\n","protected":false},"author":1,"featured_media":789,"comment_status":"open","ping_status":"open","sticky":false,"template":"","format":"standard","meta":{"_monsterinsights_skip_tracking":false,"_monsterinsights_sitenote_active":false,"_monsterinsights_sitenote_note":"","_monsterinsights_sitenote_category":0,"jetpack_post_was_ever_published":false,"_jetpack_newsletter_access":"","_jetpack_dont_email_post_to_subs":false,"_jetpack_newsletter_tier_id":0,"_jetpack_memberships_contains_paywalled_content":false,"_jetpack_memberships_contains_paid_content":false,"_joinchat":[],"footnotes":""},"categories":[318,1],"tags":[328,355,770,354,356],"class_list":["post-50","post","type-post","status-publish","format-standard","has-post-thumbnail","hentry","category-book-bandas","category-studio-bianca-machado","tag-book-fotografico","tag-capa-de-cd","tag-edicao","tag-ensaio-de-fotos-para-bandas-e-musicos","tag-fotografia-profissional"],"yoast_head":"<!-- This site is optimized with the Yoast SEO plugin v27.4 - https:\/\/yoast.com\/product\/yoast-seo-wordpress\/ -->\n<title>Ensaio de fotos para M\u00fasicos e Bandas em est\u00fadio - STUDIO BIANCA MACHADO<\/title>\n<meta name=\"robots\" content=\"index, follow, max-snippet:-1, max-image-preview:large, max-video-preview:-1\" \/>\n<link rel=\"canonical\" href=\"https:\/\/biancamachado.com.br\/blog\/ensaio-de-fotos-para-musicos-e-bandas-em-estudio\/\" \/>\n<meta property=\"og:locale\" content=\"pt_BR\" \/>\n<meta property=\"og:type\" content=\"article\" \/>\n<meta property=\"og:title\" content=\"Ensaio de fotos para M\u00fasicos e Bandas em est\u00fadio - STUDIO BIANCA MACHADO\" \/>\n<meta property=\"og:description\" content=\"Para ingressar na \u00e1rea musical,\" \/>\n<meta property=\"og:url\" content=\"https:\/\/biancamachado.com.br\/blog\/ensaio-de-fotos-para-musicos-e-bandas-em-estudio\/\" \/>\n<meta property=\"og:site_name\" content=\"STUDIO BIANCA MACHADO\" \/>\n<meta property=\"article:publisher\" content=\"https:\/\/www.facebook.com\/Studiobiancamachado\/\" \/>\n<meta property=\"article:published_time\" content=\"2018-02-16T12:51:00+00:00\" \/>\n<meta property=\"article:modified_time\" content=\"2023-02-12T19:31:14+00:00\" \/>\n<meta property=\"og:image\" content=\"https:\/\/biancamachado.com.br\/blog\/wp-content\/uploads\/2018\/02\/Ensaio-para-musicos.jpg\" \/>\n\t<meta property=\"og:image:width\" content=\"1280\" \/>\n\t<meta property=\"og:image:height\" content=\"720\" \/>\n\t<meta property=\"og:image:type\" content=\"image\/jpeg\" \/>\n<meta name=\"author\" content=\"biancamachado\" \/>\n<meta name=\"twitter:card\" content=\"summary_large_image\" \/>\n<meta name=\"twitter:label1\" content=\"Escrito por\" \/>\n\t<meta name=\"twitter:data1\" content=\"biancamachado\" \/>\n\t<meta name=\"twitter:label2\" content=\"Est. tempo de leitura\" \/>\n\t<meta name=\"twitter:data2\" content=\"3 minutos\" \/>\n<script type=\"application\/ld+json\" class=\"yoast-schema-graph\">{\"@context\":\"https:\\\/\\\/schema.org\",\"@graph\":[{\"@type\":\"Article\",\"@id\":\"https:\\\/\\\/biancamachado.com.br\\\/blog\\\/ensaio-de-fotos-para-musicos-e-bandas-em-estudio\\\/#article\",\"isPartOf\":{\"@id\":\"https:\\\/\\\/biancamachado.com.br\\\/blog\\\/ensaio-de-fotos-para-musicos-e-bandas-em-estudio\\\/\"},\"author\":{\"name\":\"biancamachado\",\"@id\":\"https:\\\/\\\/biancamachado.com.br\\\/blog\\\/#\\\/schema\\\/person\\\/990263800ec5e9bdbbf092a2353550a1\"},\"headline\":\"Ensaio de fotos para M\u00fasicos e Bandas em est\u00fadio\",\"datePublished\":\"2018-02-16T12:51:00+00:00\",\"dateModified\":\"2023-02-12T19:31:14+00:00\",\"mainEntityOfPage\":{\"@id\":\"https:\\\/\\\/biancamachado.com.br\\\/blog\\\/ensaio-de-fotos-para-musicos-e-bandas-em-estudio\\\/\"},\"wordCount\":460,\"commentCount\":0,\"publisher\":{\"@id\":\"https:\\\/\\\/biancamachado.com.br\\\/blog\\\/#organization\"},\"image\":{\"@id\":\"https:\\\/\\\/biancamachado.com.br\\\/blog\\\/ensaio-de-fotos-para-musicos-e-bandas-em-estudio\\\/#primaryimage\"},\"thumbnailUrl\":\"https:\\\/\\\/i0.wp.com\\\/biancamachado.com.br\\\/blog\\\/wp-content\\\/uploads\\\/2018\\\/02\\\/Ensaio-para-musicos.jpg?fit=1280%2C720&ssl=1\",\"keywords\":[\"book fotografico\",\"capa de cd\",\"edi\u00e7\u00e3o\",\"ensaio de fotos para bandas e musicos\",\"fotografia profissional\"],\"articleSection\":[\"Book Bandas\",\"Studio Bianca Machado\"],\"inLanguage\":\"pt-BR\",\"potentialAction\":[{\"@type\":\"CommentAction\",\"name\":\"Comment\",\"target\":[\"https:\\\/\\\/biancamachado.com.br\\\/blog\\\/ensaio-de-fotos-para-musicos-e-bandas-em-estudio\\\/#respond\"]}]},{\"@type\":\"WebPage\",\"@id\":\"https:\\\/\\\/biancamachado.com.br\\\/blog\\\/ensaio-de-fotos-para-musicos-e-bandas-em-estudio\\\/\",\"url\":\"https:\\\/\\\/biancamachado.com.br\\\/blog\\\/ensaio-de-fotos-para-musicos-e-bandas-em-estudio\\\/\",\"name\":\"Ensaio de fotos para M\u00fasicos e Bandas em est\u00fadio - STUDIO BIANCA MACHADO\",\"isPartOf\":{\"@id\":\"https:\\\/\\\/biancamachado.com.br\\\/blog\\\/#website\"},\"primaryImageOfPage\":{\"@id\":\"https:\\\/\\\/biancamachado.com.br\\\/blog\\\/ensaio-de-fotos-para-musicos-e-bandas-em-estudio\\\/#primaryimage\"},\"image\":{\"@id\":\"https:\\\/\\\/biancamachado.com.br\\\/blog\\\/ensaio-de-fotos-para-musicos-e-bandas-em-estudio\\\/#primaryimage\"},\"thumbnailUrl\":\"https:\\\/\\\/i0.wp.com\\\/biancamachado.com.br\\\/blog\\\/wp-content\\\/uploads\\\/2018\\\/02\\\/Ensaio-para-musicos.jpg?fit=1280%2C720&ssl=1\",\"datePublished\":\"2018-02-16T12:51:00+00:00\",\"dateModified\":\"2023-02-12T19:31:14+00:00\",\"breadcrumb\":{\"@id\":\"https:\\\/\\\/biancamachado.com.br\\\/blog\\\/ensaio-de-fotos-para-musicos-e-bandas-em-estudio\\\/#breadcrumb\"},\"inLanguage\":\"pt-BR\",\"potentialAction\":[{\"@type\":\"ReadAction\",\"target\":[\"https:\\\/\\\/biancamachado.com.br\\\/blog\\\/ensaio-de-fotos-para-musicos-e-bandas-em-estudio\\\/\"]}]},{\"@type\":\"ImageObject\",\"inLanguage\":\"pt-BR\",\"@id\":\"https:\\\/\\\/biancamachado.com.br\\\/blog\\\/ensaio-de-fotos-para-musicos-e-bandas-em-estudio\\\/#primaryimage\",\"url\":\"https:\\\/\\\/i0.wp.com\\\/biancamachado.com.br\\\/blog\\\/wp-content\\\/uploads\\\/2018\\\/02\\\/Ensaio-para-musicos.jpg?fit=1280%2C720&ssl=1\",\"contentUrl\":\"https:\\\/\\\/i0.wp.com\\\/biancamachado.com.br\\\/blog\\\/wp-content\\\/uploads\\\/2018\\\/02\\\/Ensaio-para-musicos.jpg?fit=1280%2C720&ssl=1\",\"width\":1280,\"height\":720,\"caption\":\"Ensaio de fotos para M\u00fasicos e Bandas em est\u00fadio\"},{\"@type\":\"BreadcrumbList\",\"@id\":\"https:\\\/\\\/biancamachado.com.br\\\/blog\\\/ensaio-de-fotos-para-musicos-e-bandas-em-estudio\\\/#breadcrumb\",\"itemListElement\":[{\"@type\":\"ListItem\",\"position\":1,\"name\":\"In\u00edcio\",\"item\":\"https:\\\/\\\/biancamachado.com.br\\\/blog\\\/\"},{\"@type\":\"ListItem\",\"position\":2,\"name\":\"Ensaio de fotos para M\u00fasicos e Bandas em est\u00fadio\"}]},{\"@type\":\"WebSite\",\"@id\":\"https:\\\/\\\/biancamachado.com.br\\\/blog\\\/#website\",\"url\":\"https:\\\/\\\/biancamachado.com.br\\\/blog\\\/\",\"name\":\"STUDIO BIANCA MACHADO\",\"description\":\"Estudio Fotografico, Ensaios e Books de foto profissional\",\"publisher\":{\"@id\":\"https:\\\/\\\/biancamachado.com.br\\\/blog\\\/#organization\"},\"potentialAction\":[{\"@type\":\"SearchAction\",\"target\":{\"@type\":\"EntryPoint\",\"urlTemplate\":\"https:\\\/\\\/biancamachado.com.br\\\/blog\\\/?s={search_term_string}\"},\"query-input\":{\"@type\":\"PropertyValueSpecification\",\"valueRequired\":true,\"valueName\":\"search_term_string\"}}],\"inLanguage\":\"pt-BR\"},{\"@type\":\"Organization\",\"@id\":\"https:\\\/\\\/biancamachado.com.br\\\/blog\\\/#organization\",\"name\":\"STUDIO BIANCA MACHADO\",\"url\":\"https:\\\/\\\/biancamachado.com.br\\\/blog\\\/\",\"logo\":{\"@type\":\"ImageObject\",\"inLanguage\":\"pt-BR\",\"@id\":\"https:\\\/\\\/biancamachado.com.br\\\/blog\\\/#\\\/schema\\\/logo\\\/image\\\/\",\"url\":\"https:\\\/\\\/i0.wp.com\\\/biancamachado.com.br\\\/blog\\\/wp-content\\\/uploads\\\/2021\\\/02\\\/cropped-logo-ml.jpg?fit=278%2C100&ssl=1\",\"contentUrl\":\"https:\\\/\\\/i0.wp.com\\\/biancamachado.com.br\\\/blog\\\/wp-content\\\/uploads\\\/2021\\\/02\\\/cropped-logo-ml.jpg?fit=278%2C100&ssl=1\",\"width\":278,\"height\":100,\"caption\":\"STUDIO BIANCA MACHADO\"},\"image\":{\"@id\":\"https:\\\/\\\/biancamachado.com.br\\\/blog\\\/#\\\/schema\\\/logo\\\/image\\\/\"},\"sameAs\":[\"https:\\\/\\\/www.facebook.com\\\/Studiobiancamachado\\\/\",\"https:\\\/\\\/www.instagram.com\\\/Studiobiancamachado\\\/\"]},{\"@type\":\"Person\",\"@id\":\"https:\\\/\\\/biancamachado.com.br\\\/blog\\\/#\\\/schema\\\/person\\\/990263800ec5e9bdbbf092a2353550a1\",\"name\":\"biancamachado\",\"image\":{\"@type\":\"ImageObject\",\"inLanguage\":\"pt-BR\",\"@id\":\"https:\\\/\\\/secure.gravatar.com\\\/avatar\\\/62b1a50f2632dbc2e279c3eb55aa46cc324c969cff16a69c59756d155316542c?s=96&d=mm&r=g\",\"url\":\"https:\\\/\\\/secure.gravatar.com\\\/avatar\\\/62b1a50f2632dbc2e279c3eb55aa46cc324c969cff16a69c59756d155316542c?s=96&d=mm&r=g\",\"contentUrl\":\"https:\\\/\\\/secure.gravatar.com\\\/avatar\\\/62b1a50f2632dbc2e279c3eb55aa46cc324c969cff16a69c59756d155316542c?s=96&d=mm&r=g\",\"caption\":\"biancamachado\"},\"sameAs\":[\"https:\\\/\\\/biancamachado.com.br\\\/blog\"],\"url\":\"https:\\\/\\\/biancamachado.com.br\\\/blog\\\/author\\\/biancamachado\\\/\"}]}<\/script>\n<!-- \/ Yoast SEO plugin. -->","yoast_head_json":{"title":"Ensaio de fotos para M\u00fasicos e Bandas em est\u00fadio - STUDIO BIANCA MACHADO","robots":{"index":"index","follow":"follow","max-snippet":"max-snippet:-1","max-image-preview":"max-image-preview:large","max-video-preview":"max-video-preview:-1"},"canonical":"https:\/\/biancamachado.com.br\/blog\/ensaio-de-fotos-para-musicos-e-bandas-em-estudio\/","og_locale":"pt_BR","og_type":"article","og_title":"Ensaio de fotos para M\u00fasicos e Bandas em est\u00fadio - STUDIO BIANCA MACHADO","og_description":"Para ingressar na \u00e1rea musical,","og_url":"https:\/\/biancamachado.com.br\/blog\/ensaio-de-fotos-para-musicos-e-bandas-em-estudio\/","og_site_name":"STUDIO BIANCA MACHADO","article_publisher":"https:\/\/www.facebook.com\/Studiobiancamachado\/","article_published_time":"2018-02-16T12:51:00+00:00","article_modified_time":"2023-02-12T19:31:14+00:00","og_image":[{"width":1280,"height":720,"url":"https:\/\/biancamachado.com.br\/blog\/wp-content\/uploads\/2018\/02\/Ensaio-para-musicos.jpg","type":"image\/jpeg"}],"author":"biancamachado","twitter_card":"summary_large_image","twitter_misc":{"Escrito por":"biancamachado","Est. tempo de leitura":"3 minutos"},"schema":{"@context":"https:\/\/schema.org","@graph":[{"@type":"Article","@id":"https:\/\/biancamachado.com.br\/blog\/ensaio-de-fotos-para-musicos-e-bandas-em-estudio\/#article","isPartOf":{"@id":"https:\/\/biancamachado.com.br\/blog\/ensaio-de-fotos-para-musicos-e-bandas-em-estudio\/"},"author":{"name":"biancamachado","@id":"https:\/\/biancamachado.com.br\/blog\/#\/schema\/person\/990263800ec5e9bdbbf092a2353550a1"},"headline":"Ensaio de fotos para M\u00fasicos e Bandas em est\u00fadio","datePublished":"2018-02-16T12:51:00+00:00","dateModified":"2023-02-12T19:31:14+00:00","mainEntityOfPage":{"@id":"https:\/\/biancamachado.com.br\/blog\/ensaio-de-fotos-para-musicos-e-bandas-em-estudio\/"},"wordCount":460,"commentCount":0,"publisher":{"@id":"https:\/\/biancamachado.com.br\/blog\/#organization"},"image":{"@id":"https:\/\/biancamachado.com.br\/blog\/ensaio-de-fotos-para-musicos-e-bandas-em-estudio\/#primaryimage"},"thumbnailUrl":"https:\/\/i0.wp.com\/biancamachado.com.br\/blog\/wp-content\/uploads\/2018\/02\/Ensaio-para-musicos.jpg?fit=1280%2C720&ssl=1","keywords":["book fotografico","capa de cd","edi\u00e7\u00e3o","ensaio de fotos para bandas e musicos","fotografia profissional"],"articleSection":["Book Bandas","Studio Bianca Machado"],"inLanguage":"pt-BR","potentialAction":[{"@type":"CommentAction","name":"Comment","target":["https:\/\/biancamachado.com.br\/blog\/ensaio-de-fotos-para-musicos-e-bandas-em-estudio\/#respond"]}]},{"@type":"WebPage","@id":"https:\/\/biancamachado.com.br\/blog\/ensaio-de-fotos-para-musicos-e-bandas-em-estudio\/","url":"https:\/\/biancamachado.com.br\/blog\/ensaio-de-fotos-para-musicos-e-bandas-em-estudio\/","name":"Ensaio de fotos para M\u00fasicos e Bandas em est\u00fadio - STUDIO BIANCA MACHADO","isPartOf":{"@id":"https:\/\/biancamachado.com.br\/blog\/#website"},"primaryImageOfPage":{"@id":"https:\/\/biancamachado.com.br\/blog\/ensaio-de-fotos-para-musicos-e-bandas-em-estudio\/#primaryimage"},"image":{"@id":"https:\/\/biancamachado.com.br\/blog\/ensaio-de-fotos-para-musicos-e-bandas-em-estudio\/#primaryimage"},"thumbnailUrl":"https:\/\/i0.wp.com\/biancamachado.com.br\/blog\/wp-content\/uploads\/2018\/02\/Ensaio-para-musicos.jpg?fit=1280%2C720&ssl=1","datePublished":"2018-02-16T12:51:00+00:00","dateModified":"2023-02-12T19:31:14+00:00","breadcrumb":{"@id":"https:\/\/biancamachado.com.br\/blog\/ensaio-de-fotos-para-musicos-e-bandas-em-estudio\/#breadcrumb"},"inLanguage":"pt-BR","potentialAction":[{"@type":"ReadAction","target":["https:\/\/biancamachado.com.br\/blog\/ensaio-de-fotos-para-musicos-e-bandas-em-estudio\/"]}]},{"@type":"ImageObject","inLanguage":"pt-BR","@id":"https:\/\/biancamachado.com.br\/blog\/ensaio-de-fotos-para-musicos-e-bandas-em-estudio\/#primaryimage","url":"https:\/\/i0.wp.com\/biancamachado.com.br\/blog\/wp-content\/uploads\/2018\/02\/Ensaio-para-musicos.jpg?fit=1280%2C720&ssl=1","contentUrl":"https:\/\/i0.wp.com\/biancamachado.com.br\/blog\/wp-content\/uploads\/2018\/02\/Ensaio-para-musicos.jpg?fit=1280%2C720&ssl=1","width":1280,"height":720,"caption":"Ensaio de fotos para M\u00fasicos e Bandas em est\u00fadio"},{"@type":"BreadcrumbList","@id":"https:\/\/biancamachado.com.br\/blog\/ensaio-de-fotos-para-musicos-e-bandas-em-estudio\/#breadcrumb","itemListElement":[{"@type":"ListItem","position":1,"name":"In\u00edcio","item":"https:\/\/biancamachado.com.br\/blog\/"},{"@type":"ListItem","position":2,"name":"Ensaio de fotos para M\u00fasicos e Bandas em est\u00fadio"}]},{"@type":"WebSite","@id":"https:\/\/biancamachado.com.br\/blog\/#website","url":"https:\/\/biancamachado.com.br\/blog\/","name":"STUDIO BIANCA MACHADO","description":"Estudio Fotografico, Ensaios e Books de foto profissional","publisher":{"@id":"https:\/\/biancamachado.com.br\/blog\/#organization"},"potentialAction":[{"@type":"SearchAction","target":{"@type":"EntryPoint","urlTemplate":"https:\/\/biancamachado.com.br\/blog\/?s={search_term_string}"},"query-input":{"@type":"PropertyValueSpecification","valueRequired":true,"valueName":"search_term_string"}}],"inLanguage":"pt-BR"},{"@type":"Organization","@id":"https:\/\/biancamachado.com.br\/blog\/#organization","name":"STUDIO BIANCA MACHADO","url":"https:\/\/biancamachado.com.br\/blog\/","logo":{"@type":"ImageObject","inLanguage":"pt-BR","@id":"https:\/\/biancamachado.com.br\/blog\/#\/schema\/logo\/image\/","url":"https:\/\/i0.wp.com\/biancamachado.com.br\/blog\/wp-content\/uploads\/2021\/02\/cropped-logo-ml.jpg?fit=278%2C100&ssl=1","contentUrl":"https:\/\/i0.wp.com\/biancamachado.com.br\/blog\/wp-content\/uploads\/2021\/02\/cropped-logo-ml.jpg?fit=278%2C100&ssl=1","width":278,"height":100,"caption":"STUDIO BIANCA MACHADO"},"image":{"@id":"https:\/\/biancamachado.com.br\/blog\/#\/schema\/logo\/image\/"},"sameAs":["https:\/\/www.facebook.com\/Studiobiancamachado\/","https:\/\/www.instagram.com\/Studiobiancamachado\/"]},{"@type":"Person","@id":"https:\/\/biancamachado.com.br\/blog\/#\/schema\/person\/990263800ec5e9bdbbf092a2353550a1","name":"biancamachado","image":{"@type":"ImageObject","inLanguage":"pt-BR","@id":"https:\/\/secure.gravatar.com\/avatar\/62b1a50f2632dbc2e279c3eb55aa46cc324c969cff16a69c59756d155316542c?s=96&d=mm&r=g","url":"https:\/\/secure.gravatar.com\/avatar\/62b1a50f2632dbc2e279c3eb55aa46cc324c969cff16a69c59756d155316542c?s=96&d=mm&r=g","contentUrl":"https:\/\/secure.gravatar.com\/avatar\/62b1a50f2632dbc2e279c3eb55aa46cc324c969cff16a69c59756d155316542c?s=96&d=mm&r=g","caption":"biancamachado"},"sameAs":["https:\/\/biancamachado.com.br\/blog"],"url":"https:\/\/biancamachado.com.br\/blog\/author\/biancamachado\/"}]}},"jetpack_featured_media_url":"https:\/\/i0.wp.com\/biancamachado.com.br\/blog\/wp-content\/uploads\/2018\/02\/Ensaio-para-musicos.jpg?fit=1280%2C720&ssl=1","jetpack-related-posts":[],"jetpack_sharing_enabled":true,"_links":{"self":[{"href":"https:\/\/biancamachado.com.br\/blog\/wp-json\/wp\/v2\/posts\/50","targetHints":{"allow":["GET"]}}],"collection":[{"href":"https:\/\/biancamachado.com.br\/blog\/wp-json\/wp\/v2\/posts"}],"about":[{"href":"https:\/\/biancamachado.com.br\/blog\/wp-json\/wp\/v2\/types\/post"}],"author":[{"embeddable":true,"href":"https:\/\/biancamachado.com.br\/blog\/wp-json\/wp\/v2\/users\/1"}],"replies":[{"embeddable":true,"href":"https:\/\/biancamachado.com.br\/blog\/wp-json\/wp\/v2\/comments?post=50"}],"version-history":[{"count":2,"href":"https:\/\/biancamachado.com.br\/blog\/wp-json\/wp\/v2\/posts\/50\/revisions"}],"predecessor-version":[{"id":3290,"href":"https:\/\/biancamachado.com.br\/blog\/wp-json\/wp\/v2\/posts\/50\/revisions\/3290"}],"wp:featuredmedia":[{"embeddable":true,"href":"https:\/\/biancamachado.com.br\/blog\/wp-json\/wp\/v2\/media\/789"}],"wp:attachment":[{"href":"https:\/\/biancamachado.com.br\/blog\/wp-json\/wp\/v2\/media?parent=50"}],"wp:term":[{"taxonomy":"category","embeddable":true,"href":"https:\/\/biancamachado.com.br\/blog\/wp-json\/wp\/v2\/categories?post=50"},{"taxonomy":"post_tag","embeddable":true,"href":"https:\/\/biancamachado.com.br\/blog\/wp-json\/wp\/v2\/tags?post=50"}],"curies":[{"name":"wp","href":"https:\/\/api.w.org\/{rel}","templated":true}]}}