{"id":490,"date":"2012-07-09T04:27:00","date_gmt":"2012-07-09T07:27:00","guid":{"rendered":"https:\/\/biancamachado.com.br\/blog\/?p=490"},"modified":"2012-07-09T04:27:00","modified_gmt":"2012-07-09T07:27:00","slug":"galeria-de-fotos-festa-infantil","status":"publish","type":"post","link":"https:\/\/biancamachado.com.br\/blog\/galeria-de-fotos-festa-infantil\/","title":{"rendered":"Galeria de Fotos Festa Infantil"},"content":{"rendered":"<table align=\"center\" cellpadding=\"0\" cellspacing=\"0\" style=\"margin-left: auto; margin-right: auto; text-align: center;\">\n<tbody>\n<tr>\n<td style=\"text-align: center;\"><a href=\"https:\/\/i0.wp.com\/1.bp.blogspot.com\/-maeevGUFb4g\/T_qElL4YxuI\/AAAAAAAAF7Y\/y1ShgwfNRiU\/s1600\/festa_aniversario_infantil_foto.jpg\" style=\"margin-left: auto; margin-right: auto;\"><img data-recalc-dims=\"1\" loading=\"lazy\" decoding=\"async\" alt=\"Fotos Festa Aniversario\" border=\"0\" height=\"304\" src=\"https:\/\/i0.wp.com\/1.bp.blogspot.com\/-maeevGUFb4g\/T_qElL4YxuI\/AAAAAAAAF7Y\/y1ShgwfNRiU\/s640\/festa_aniversario_infantil_foto.jpg?resize=640%2C304&#038;ssl=1\" title=\"Fotos Festa Aniversario\" width=\"640\" \/><\/a><\/td>\n<\/tr>\n<tr>\n<td style=\"text-align: center;\">Fotos Festa Aniversario<\/td>\n<\/tr>\n<\/tbody>\n<\/table>\n<table align=\"center\" cellpadding=\"0\" cellspacing=\"0\" style=\"margin-left: auto; margin-right: auto; text-align: center;\">\n<tbody>\n<tr>\n<td style=\"text-align: center;\"><a href=\"https:\/\/i0.wp.com\/1.bp.blogspot.com\/-KKcmc0X5W_w\/T_qElo4G9qI\/AAAAAAAAF7g\/ihHfym2Q3IE\/s1600\/festa_foto_aniversario.jpg\" style=\"margin-left: auto; margin-right: auto;\"><img data-recalc-dims=\"1\" loading=\"lazy\" decoding=\"async\" alt=\"Fotos de Festa Infantil\" border=\"0\" height=\"304\" src=\"https:\/\/i0.wp.com\/1.bp.blogspot.com\/-KKcmc0X5W_w\/T_qElo4G9qI\/AAAAAAAAF7g\/ihHfym2Q3IE\/s640\/festa_foto_aniversario.jpg?resize=640%2C304&#038;ssl=1\" title=\"Fotos de Festa Infantil\" width=\"640\" \/><\/a><\/td>\n<\/tr>\n<tr>\n<td style=\"text-align: center;\">Fotos de Festa Infantil<\/td>\n<\/tr>\n<\/tbody>\n<\/table>\n<p><\/p>\n<table align=\"center\" cellpadding=\"0\" cellspacing=\"0\" style=\"margin-left: auto; margin-right: auto; text-align: center;\">\n<tbody>\n<tr>\n<td style=\"text-align: center;\"><a href=\"https:\/\/i0.wp.com\/3.bp.blogspot.com\/-TrSKctbARyY\/T_qEmWlu7yI\/AAAAAAAAF7o\/6FZ8BSbyqKQ\/s1600\/festa_infantil_sp.jpg\" style=\"margin-left: auto; margin-right: auto;\"><img data-recalc-dims=\"1\" loading=\"lazy\" decoding=\"async\" alt=\"fotos profissionais infantis\" border=\"0\" height=\"304\" src=\"https:\/\/i0.wp.com\/3.bp.blogspot.com\/-TrSKctbARyY\/T_qEmWlu7yI\/AAAAAAAAF7o\/6FZ8BSbyqKQ\/s640\/festa_infantil_sp.jpg?resize=640%2C304&#038;ssl=1\" title=\"fotos profissionais infantis\" width=\"640\" \/><\/a><\/td>\n<\/tr>\n<tr>\n<td style=\"text-align: center;\">fotos profissionais infantis<\/td>\n<\/tr>\n<\/tbody>\n<\/table>\n<p><\/p>\n<table align=\"center\" cellpadding=\"0\" cellspacing=\"0\" style=\"margin-left: auto; margin-right: auto; text-align: center;\">\n<tbody>\n<tr>\n<td style=\"text-align: center;\"><a href=\"https:\/\/i0.wp.com\/4.bp.blogspot.com\/-lmFQN7jF1UM\/T_qEmnX7V5I\/AAAAAAAAF7w\/b5rSF_6V7xc\/s1600\/foto_festa_fotografo.jpg\" style=\"margin-left: auto; margin-right: auto;\"><img data-recalc-dims=\"1\" loading=\"lazy\" decoding=\"async\" alt=\"foto festa infantil\" border=\"0\" height=\"304\" src=\"https:\/\/i0.wp.com\/4.bp.blogspot.com\/-lmFQN7jF1UM\/T_qEmnX7V5I\/AAAAAAAAF7w\/b5rSF_6V7xc\/s640\/foto_festa_fotografo.jpg?resize=640%2C304&#038;ssl=1\" title=\"foto festa infantil\" width=\"640\" \/><\/a><\/td>\n<\/tr>\n<tr>\n<td style=\"text-align: center;\">foto festa infantil<\/td>\n<\/tr>\n<\/tbody>\n<\/table>\n<p><\/p>\n<table align=\"center\" cellpadding=\"0\" cellspacing=\"0\" style=\"margin-left: auto; margin-right: auto; text-align: center;\">\n<tbody>\n<tr>\n<td style=\"text-align: center;\"><a href=\"https:\/\/i0.wp.com\/3.bp.blogspot.com\/-0I-Dpj3zhQY\/T_qEndyCrBI\/AAAAAAAAF74\/S-dq3hO1e-g\/s1600\/foto_fotografo_profissional_infantil.jpg\" style=\"margin-left: auto; margin-right: auto;\"><img data-recalc-dims=\"1\" loading=\"lazy\" decoding=\"async\" alt=\"foto festa aniversario\" border=\"0\" height=\"304\" src=\"https:\/\/i0.wp.com\/3.bp.blogspot.com\/-0I-Dpj3zhQY\/T_qEndyCrBI\/AAAAAAAAF74\/S-dq3hO1e-g\/s640\/foto_fotografo_profissional_infantil.jpg?resize=640%2C304&#038;ssl=1\" title=\"foto festa aniversario\" width=\"640\" \/><\/a><\/td>\n<\/tr>\n<tr>\n<td style=\"text-align: center;\">foto festa aniversario<\/td>\n<\/tr>\n<\/tbody>\n<\/table>\n<p><\/p>\n<table align=\"center\" cellpadding=\"0\" cellspacing=\"0\" style=\"margin-left: auto; margin-right: auto; text-align: center;\">\n<tbody>\n<tr>\n<td style=\"text-align: center;\"><a href=\"https:\/\/i0.wp.com\/2.bp.blogspot.com\/--ooIkrGAYrQ\/T_qEnxaK08I\/AAAAAAAAF8A\/GHDHcEEyEL4\/s1600\/foto_profissional_infantil2.jpg\" style=\"margin-left: auto; margin-right: auto;\"><img data-recalc-dims=\"1\" loading=\"lazy\" decoding=\"async\" alt=\"fotos festas aniversario\" border=\"0\" height=\"304\" src=\"https:\/\/i0.wp.com\/2.bp.blogspot.com\/--ooIkrGAYrQ\/T_qEnxaK08I\/AAAAAAAAF8A\/GHDHcEEyEL4\/s640\/foto_profissional_infantil2.jpg?resize=640%2C304&#038;ssl=1\" title=\"fotos festas aniversario\" width=\"640\" \/><\/a><\/td>\n<\/tr>\n<tr>\n<td style=\"text-align: center;\">fotos festas aniversario<\/td>\n<\/tr>\n<\/tbody>\n<\/table>\n<p><\/p>\n<table align=\"center\" cellpadding=\"0\" cellspacing=\"0\" style=\"margin-left: auto; margin-right: auto; text-align: center;\">\n<tbody>\n<tr>\n<td style=\"text-align: center;\"><a href=\"https:\/\/i0.wp.com\/3.bp.blogspot.com\/-xDexAmZQQ7I\/T_qEoE6o3OI\/AAAAAAAAF8I\/l7_Z9FF5mA0\/s1600\/fotografar_festa_infantil.jpg\" style=\"margin-left: auto; margin-right: auto;\"><img data-recalc-dims=\"1\" loading=\"lazy\" decoding=\"async\" alt=\"fotos festas infantis\" border=\"0\" height=\"304\" src=\"https:\/\/i0.wp.com\/3.bp.blogspot.com\/-xDexAmZQQ7I\/T_qEoE6o3OI\/AAAAAAAAF8I\/l7_Z9FF5mA0\/s640\/fotografar_festa_infantil.jpg?resize=640%2C304&#038;ssl=1\" title=\"fotos festas infantis\" width=\"640\" \/><\/a><\/td>\n<\/tr>\n<tr>\n<td style=\"text-align: center;\">fotos festas infantis<\/td>\n<\/tr>\n<\/tbody>\n<\/table>\n<p><\/p>\n<table align=\"center\" cellpadding=\"0\" cellspacing=\"0\" style=\"margin-left: auto; margin-right: auto; text-align: center;\">\n<tbody>\n<tr>\n<td style=\"text-align: center;\"><a href=\"https:\/\/i0.wp.com\/4.bp.blogspot.com\/-5ORh7gxUcAQ\/T_qEoa7R-qI\/AAAAAAAAF8Q\/QdOs2jTq3dg\/s1600\/fotografia_de_criancas_festa.jpg\" style=\"margin-left: auto; margin-right: auto;\"><img data-recalc-dims=\"1\" loading=\"lazy\" decoding=\"async\" alt=\"fotos profissionais em buffet infantil\" border=\"0\" height=\"304\" src=\"https:\/\/i0.wp.com\/4.bp.blogspot.com\/-5ORh7gxUcAQ\/T_qEoa7R-qI\/AAAAAAAAF8Q\/QdOs2jTq3dg\/s640\/fotografia_de_criancas_festa.jpg?resize=640%2C304&#038;ssl=1\" title=\"fotos profissionais em buffet infantil\" width=\"640\" \/><\/a><\/td>\n<\/tr>\n<tr>\n<td style=\"text-align: center;\">fotos profissionais em buffet infantil<\/td>\n<\/tr>\n<\/tbody>\n<\/table>\n<p><\/p>\n<table align=\"center\" cellpadding=\"0\" cellspacing=\"0\" style=\"margin-left: auto; margin-right: auto; text-align: center;\">\n<tbody>\n<tr>\n<td style=\"text-align: center;\"><a href=\"https:\/\/i0.wp.com\/4.bp.blogspot.com\/-VZhYWDsERYM\/T_qEo1OmylI\/AAAAAAAAF8Y\/G47qzajtJUM\/s1600\/fotografia_de_festa_sp.jpg\" style=\"margin-left: auto; margin-right: auto;\"><img data-recalc-dims=\"1\" loading=\"lazy\" decoding=\"async\" alt=\"fotografias de festa infantil\" border=\"0\" height=\"304\" src=\"https:\/\/i0.wp.com\/4.bp.blogspot.com\/-VZhYWDsERYM\/T_qEo1OmylI\/AAAAAAAAF8Y\/G47qzajtJUM\/s640\/fotografia_de_festa_sp.jpg?resize=640%2C304&#038;ssl=1\" title=\"fotografias de festa infantil\" width=\"640\" \/><\/a><\/td>\n<\/tr>\n<tr>\n<td style=\"text-align: center;\">fotografias de festa infantil<\/td>\n<\/tr>\n<\/tbody>\n<\/table>\n<p><\/p>\n<table align=\"center\" cellpadding=\"0\" cellspacing=\"0\" style=\"margin-left: auto; margin-right: auto; text-align: center;\">\n<tbody>\n<tr>\n<td style=\"text-align: center;\"><a href=\"https:\/\/i0.wp.com\/2.bp.blogspot.com\/-40TnYgZa5Jg\/T_qEpqgwtpI\/AAAAAAAAF8g\/wjy7iVN0Xp8\/s1600\/fotografia_infantil_profissional.jpg\" style=\"margin-left: auto; margin-right: auto;\"><img data-recalc-dims=\"1\" loading=\"lazy\" decoding=\"async\" alt=\"fotografias de festa de aniversario\" border=\"0\" height=\"304\" src=\"https:\/\/i0.wp.com\/2.bp.blogspot.com\/-40TnYgZa5Jg\/T_qEpqgwtpI\/AAAAAAAAF8g\/wjy7iVN0Xp8\/s640\/fotografia_infantil_profissional.jpg?resize=640%2C304&#038;ssl=1\" title=\"fotografias de festa de aniversario\" width=\"640\" \/><\/a><\/td>\n<\/tr>\n<tr>\n<td style=\"text-align: center;\">fotografias de festa de aniversario<\/td>\n<\/tr>\n<\/tbody>\n<\/table>\n<p><\/p>\n<table align=\"center\" cellpadding=\"0\" cellspacing=\"0\" style=\"margin-left: auto; margin-right: auto; text-align: center;\">\n<tbody>\n<tr>\n<td style=\"text-align: center;\"><a href=\"https:\/\/i0.wp.com\/3.bp.blogspot.com\/-Jd4J4D-TcwQ\/T_qEp-YfaKI\/AAAAAAAAF8o\/qk2jsa6v3GA\/s1600\/fotografia_para_aniversarios.jpg\" style=\"margin-left: auto; margin-right: auto;\"><img data-recalc-dims=\"1\" loading=\"lazy\" decoding=\"async\" alt=\"fotografias profissionais de criancas\" border=\"0\" height=\"304\" src=\"https:\/\/i0.wp.com\/3.bp.blogspot.com\/-Jd4J4D-TcwQ\/T_qEp-YfaKI\/AAAAAAAAF8o\/qk2jsa6v3GA\/s640\/fotografia_para_aniversarios.jpg?resize=640%2C304&#038;ssl=1\" title=\"fotografias profissionais de criancas\" width=\"640\" \/><\/a><\/td>\n<\/tr>\n<tr>\n<td style=\"text-align: center;\">fotografias profissionais de criancas<\/td>\n<\/tr>\n<\/tbody>\n<\/table>\n<p><\/p>\n<table align=\"center\" cellpadding=\"0\" cellspacing=\"0\" style=\"margin-left: auto; margin-right: auto; text-align: center;\">\n<tbody>\n<tr>\n<td style=\"text-align: center;\"><a href=\"https:\/\/i0.wp.com\/3.bp.blogspot.com\/-Xw_uYt_4J1k\/T_qEqQUUgaI\/AAAAAAAAF8s\/DGvhXoR3ctY\/s1600\/fotografia_profissional_infantil.jpg\" style=\"margin-left: auto; margin-right: auto;\"><img data-recalc-dims=\"1\" loading=\"lazy\" decoding=\"async\" alt=\"fotografias profissionais de festa de aniversario\" border=\"0\" height=\"304\" src=\"https:\/\/i0.wp.com\/3.bp.blogspot.com\/-Xw_uYt_4J1k\/T_qEqQUUgaI\/AAAAAAAAF8s\/DGvhXoR3ctY\/s640\/fotografia_profissional_infantil.jpg?resize=640%2C304&#038;ssl=1\" title=\"fotografias profissionais de festa de aniversario\" width=\"640\" \/><\/a><\/td>\n<\/tr>\n<tr>\n<td style=\"text-align: center;\">fotografias profissionais de festa de aniversario<\/td>\n<\/tr>\n<\/tbody>\n<\/table>\n<p><\/p>\n<table align=\"center\" cellpadding=\"0\" cellspacing=\"0\" style=\"margin-left: auto; margin-right: auto; text-align: center;\">\n<tbody>\n<tr>\n<td style=\"text-align: center;\"><a href=\"https:\/\/i0.wp.com\/3.bp.blogspot.com\/-Wp9ahi5IaPI\/T_qEqozovUI\/AAAAAAAAF84\/tceLQGGLSEA\/s1600\/fotografias_de_fotografos_de_aniversario.jpg\" style=\"margin-left: auto; margin-right: auto;\"><img data-recalc-dims=\"1\" loading=\"lazy\" decoding=\"async\" alt=\"fotografias profissionais de festas infantis\" border=\"0\" height=\"304\" src=\"https:\/\/i0.wp.com\/3.bp.blogspot.com\/-Wp9ahi5IaPI\/T_qEqozovUI\/AAAAAAAAF84\/tceLQGGLSEA\/s640\/fotografias_de_fotografos_de_aniversario.jpg?resize=640%2C304&#038;ssl=1\" title=\"fotografias profissionais de festas infantis\" width=\"640\" \/><\/a><\/td>\n<\/tr>\n<tr>\n<td style=\"text-align: center;\">fotografias profissionais de festas infantis<\/td>\n<\/tr>\n<\/tbody>\n<\/table>\n<p><\/p>\n<table align=\"center\" cellpadding=\"0\" cellspacing=\"0\" style=\"margin-left: auto; margin-right: auto; text-align: center;\">\n<tbody>\n<tr>\n<td style=\"text-align: center;\"><a href=\"https:\/\/i0.wp.com\/3.bp.blogspot.com\/-URuLBgwh6h4\/T_qErNirkuI\/AAAAAAAAF88\/wgaI-1qlsag\/s1600\/fotografo_para_festa_sp.jpg\" style=\"margin-left: auto; margin-right: auto;\"><img data-recalc-dims=\"1\" loading=\"lazy\" decoding=\"async\" alt=\"fotos para festas de aniversario\" border=\"0\" height=\"304\" src=\"https:\/\/i0.wp.com\/3.bp.blogspot.com\/-URuLBgwh6h4\/T_qErNirkuI\/AAAAAAAAF88\/wgaI-1qlsag\/s640\/fotografo_para_festa_sp.jpg?resize=640%2C304&#038;ssl=1\" title=\"fotos para festas de aniversario\" width=\"640\" \/><\/a><\/td>\n<\/tr>\n<tr>\n<td style=\"text-align: center;\">fotos para festas de aniversario<\/td>\n<\/tr>\n<\/tbody>\n<\/table>\n<p><\/p>\n<table align=\"center\" cellpadding=\"0\" cellspacing=\"0\" style=\"margin-left: auto; margin-right: auto; text-align: center;\">\n<tbody>\n<tr>\n<td style=\"text-align: center;\"><a href=\"https:\/\/i0.wp.com\/1.bp.blogspot.com\/-fIYtSzqzDH4\/T_qErhcQ9hI\/AAAAAAAAF9E\/Z9RjJLPovaA\/s1600\/fotografos_de_festas_crianca_sp.jpg\" style=\"margin-left: auto; margin-right: auto;\"><img data-recalc-dims=\"1\" loading=\"lazy\" decoding=\"async\" alt=\"fotos para festas infantis\" border=\"0\" height=\"304\" src=\"https:\/\/i0.wp.com\/1.bp.blogspot.com\/-fIYtSzqzDH4\/T_qErhcQ9hI\/AAAAAAAAF9E\/Z9RjJLPovaA\/s640\/fotografos_de_festas_crianca_sp.jpg?resize=640%2C304&#038;ssl=1\" title=\"fotos para festas infantis\" width=\"640\" \/><\/a><\/td>\n<\/tr>\n<tr>\n<td style=\"text-align: center;\">fotos para festas infantis<\/td>\n<\/tr>\n<\/tbody>\n<\/table>\n<p><\/p>\n<table align=\"center\" cellpadding=\"0\" cellspacing=\"0\" style=\"margin-left: auto; margin-right: auto; text-align: center;\">\n<tbody>\n<tr>\n<td style=\"text-align: center;\"><a href=\"https:\/\/i0.wp.com\/1.bp.blogspot.com\/-_ybWZYEzfjQ\/T_qEr7egg6I\/AAAAAAAAF9M\/vYNVdyWQ0_8\/s1600\/fotografos_festa_aniversario.jpg\" style=\"margin-left: auto; margin-right: auto;\"><img data-recalc-dims=\"1\" loading=\"lazy\" decoding=\"async\" alt=\"fotos de fotografos em festa infantil\" border=\"0\" height=\"304\" src=\"https:\/\/i0.wp.com\/1.bp.blogspot.com\/-_ybWZYEzfjQ\/T_qEr7egg6I\/AAAAAAAAF9M\/vYNVdyWQ0_8\/s640\/fotografos_festa_aniversario.jpg?resize=640%2C304&#038;ssl=1\" title=\"fotos de fotografos em festa infantil\" width=\"640\" \/><\/a><\/td>\n<\/tr>\n<tr>\n<td style=\"text-align: center;\">fotos de fotografos em festa infantil<\/td>\n<\/tr>\n<\/tbody>\n<\/table>\n<p><\/p>\n<table align=\"center\" cellpadding=\"0\" cellspacing=\"0\" style=\"margin-left: auto; margin-right: auto; text-align: center;\">\n<tbody>\n<tr>\n<td style=\"text-align: center;\"><a href=\"https:\/\/i0.wp.com\/2.bp.blogspot.com\/-EtRGQaZWslw\/T_qEsAT8loI\/AAAAAAAAF9U\/SVJ05BpLnaI\/s1600\/fotografos_festas_sp.jpg\" style=\"margin-left: auto; margin-right: auto;\"><img data-recalc-dims=\"1\" loading=\"lazy\" decoding=\"async\" alt=\"fotos de fotografos em festa aniversario\" border=\"0\" height=\"304\" src=\"https:\/\/i0.wp.com\/2.bp.blogspot.com\/-EtRGQaZWslw\/T_qEsAT8loI\/AAAAAAAAF9U\/SVJ05BpLnaI\/s640\/fotografos_festas_sp.jpg?resize=640%2C304&#038;ssl=1\" title=\"fotos de fotografos em festa aniversario\" width=\"640\" \/><\/a><\/td>\n<\/tr>\n<tr>\n<td style=\"text-align: center;\">fotos de fotografos em festa aniversario<\/td>\n<\/tr>\n<\/tbody>\n<\/table>\n<p><\/p>\n<table align=\"center\" cellpadding=\"0\" cellspacing=\"0\" style=\"margin-left: auto; margin-right: auto; text-align: center;\">\n<tbody>\n<tr>\n<td style=\"text-align: center;\"><a href=\"https:\/\/i0.wp.com\/2.bp.blogspot.com\/-WMItQaPkb3Q\/T_qEsvr8haI\/AAAAAAAAF9c\/9trbXpqIkwQ\/s1600\/fotografos_para_festa.jpg\" style=\"margin-left: auto; margin-right: auto;\"><img data-recalc-dims=\"1\" loading=\"lazy\" decoding=\"async\" alt=\"festa infantil\" border=\"0\" height=\"304\" src=\"https:\/\/i0.wp.com\/2.bp.blogspot.com\/-WMItQaPkb3Q\/T_qEsvr8haI\/AAAAAAAAF9c\/9trbXpqIkwQ\/s640\/fotografos_para_festa.jpg?resize=640%2C304&#038;ssl=1\" title=\"festa infantil\" width=\"640\" \/><\/a><\/td>\n<\/tr>\n<tr>\n<td style=\"text-align: center;\">festa infantil<\/td>\n<\/tr>\n<\/tbody>\n<\/table>\n<p><\/p>\n<table align=\"center\" cellpadding=\"0\" cellspacing=\"0\" style=\"margin-left: auto; margin-right: auto; text-align: center;\">\n<tbody>\n<tr>\n<td style=\"text-align: center;\"><a href=\"https:\/\/i0.wp.com\/1.bp.blogspot.com\/-qAoB75vArjE\/T_qEtHJnYqI\/AAAAAAAAF9k\/oZ1iMScOlPc\/s1600\/fotografos_profissionais_de_crianca.jpg\" style=\"margin-left: auto; margin-right: auto;\"><img data-recalc-dims=\"1\" loading=\"lazy\" decoding=\"async\" alt=\"festa aniversario\" border=\"0\" height=\"304\" src=\"https:\/\/i0.wp.com\/1.bp.blogspot.com\/-qAoB75vArjE\/T_qEtHJnYqI\/AAAAAAAAF9k\/oZ1iMScOlPc\/s640\/fotografos_profissionais_de_crianca.jpg?resize=640%2C304&#038;ssl=1\" title=\"festa aniversario\" width=\"640\" \/><\/a><\/td>\n<\/tr>\n<tr>\n<td style=\"text-align: center;\">festa aniversario<\/td>\n<\/tr>\n<\/tbody>\n<\/table>\n<p><\/p>\n<table align=\"center\" cellpadding=\"0\" cellspacing=\"0\" style=\"margin-left: auto; margin-right: auto; text-align: center;\">\n<tbody>\n<tr>\n<td style=\"text-align: center;\"><a href=\"https:\/\/i0.wp.com\/4.bp.blogspot.com\/-uXUIvi7rEY4\/T_qEtYu0d2I\/AAAAAAAAF9s\/ACsMRSRWGWM\/s1600\/fotografos_profissionais_sp2.jpg\" style=\"margin-left: auto; margin-right: auto;\"><img data-recalc-dims=\"1\" loading=\"lazy\" decoding=\"async\" alt=\"melhores fotos festa infantil\" border=\"0\" height=\"304\" src=\"https:\/\/i0.wp.com\/4.bp.blogspot.com\/-uXUIvi7rEY4\/T_qEtYu0d2I\/AAAAAAAAF9s\/ACsMRSRWGWM\/s640\/fotografos_profissionais_sp2.jpg?resize=640%2C304&#038;ssl=1\" title=\"melhores fotos festa infantil\" width=\"640\" \/><\/a><\/td>\n<\/tr>\n<tr>\n<td style=\"text-align: center;\">melhores fotos festa infantil<\/td>\n<\/tr>\n<\/tbody>\n<\/table>\n<p><\/p>\n<table align=\"center\" cellpadding=\"0\" cellspacing=\"0\" style=\"margin-left: auto; margin-right: auto; text-align: center;\">\n<tbody>\n<tr>\n<td style=\"text-align: center;\"><a href=\"https:\/\/i0.wp.com\/1.bp.blogspot.com\/-icAD_TrjYZE\/T_qEtvxwNAI\/AAAAAAAAF94\/ipx9I0ii9vU\/s1600\/fotos_aniversariante.jpg\" style=\"margin-left: auto; margin-right: auto;\"><img data-recalc-dims=\"1\" loading=\"lazy\" decoding=\"async\" alt=\"melhores fotos festa aniversario\" border=\"0\" height=\"304\" src=\"https:\/\/i0.wp.com\/1.bp.blogspot.com\/-icAD_TrjYZE\/T_qEtvxwNAI\/AAAAAAAAF94\/ipx9I0ii9vU\/s640\/fotos_aniversariante.jpg?resize=640%2C304&#038;ssl=1\" title=\"melhores fotos festa aniversario\" width=\"640\" \/><\/a><\/td>\n<\/tr>\n<tr>\n<td style=\"text-align: center;\">melhores fotos festa aniversario<\/td>\n<\/tr>\n<\/tbody>\n<\/table>\n<p><\/p>\n<table align=\"center\" cellpadding=\"0\" cellspacing=\"0\" style=\"margin-left: auto; margin-right: auto; text-align: center;\">\n<tbody>\n<tr>\n<td style=\"text-align: center;\"><a href=\"https:\/\/i0.wp.com\/1.bp.blogspot.com\/-VFnwm3WAUMs\/T_qEuTfAb9I\/AAAAAAAAF-A\/uPAzJeV4JOI\/s1600\/fotos_aniversario_bebes.jpg\" style=\"margin-left: auto; margin-right: auto;\"><img data-recalc-dims=\"1\" loading=\"lazy\" decoding=\"async\" alt=\"festa de crianca\" border=\"0\" height=\"304\" src=\"https:\/\/i0.wp.com\/1.bp.blogspot.com\/-VFnwm3WAUMs\/T_qEuTfAb9I\/AAAAAAAAF-A\/uPAzJeV4JOI\/s640\/fotos_aniversario_bebes.jpg?resize=640%2C304&#038;ssl=1\" title=\"festa de crianca\" width=\"640\" \/><\/a><\/td>\n<\/tr>\n<tr>\n<td style=\"text-align: center;\">festa de crianca<\/td>\n<\/tr>\n<\/tbody>\n<\/table>\n<p><\/p>\n<table align=\"center\" cellpadding=\"0\" cellspacing=\"0\" style=\"margin-left: auto; margin-right: auto; text-align: center;\">\n<tbody>\n<tr>\n<td style=\"text-align: center;\"><a href=\"https:\/\/i0.wp.com\/4.bp.blogspot.com\/-tyeRDVqOoR4\/T_qEuxmRtuI\/AAAAAAAAF-I\/E8POcXpSnj4\/s1600\/fotos_festa_aniversario_em_buffet.jpg\" style=\"margin-left: auto; margin-right: auto;\"><img data-recalc-dims=\"1\" loading=\"lazy\" decoding=\"async\" alt=\"festa de criancas\" border=\"0\" height=\"304\" src=\"https:\/\/i0.wp.com\/4.bp.blogspot.com\/-tyeRDVqOoR4\/T_qEuxmRtuI\/AAAAAAAAF-I\/E8POcXpSnj4\/s640\/fotos_festa_aniversario_em_buffet.jpg?resize=640%2C304&#038;ssl=1\" title=\"festa de criancas\" width=\"640\" \/><\/a><\/td>\n<\/tr>\n<tr>\n<td style=\"text-align: center;\">festa de criancas<\/td>\n<\/tr>\n<\/tbody>\n<\/table>\n<p><\/p>\n<table align=\"center\" cellpadding=\"0\" cellspacing=\"0\" style=\"margin-left: auto; margin-right: auto; text-align: center;\">\n<tbody>\n<tr>\n<td style=\"text-align: center;\"><a href=\"https:\/\/i0.wp.com\/3.bp.blogspot.com\/-KgjxJyJRkjw\/T_qEvKbepuI\/AAAAAAAAF-Q\/GTav9S0XcQU\/s1600\/fotos_festa_crianca.jpg\" style=\"margin-left: auto; margin-right: auto;\"><img data-recalc-dims=\"1\" loading=\"lazy\" decoding=\"async\" alt=\"aniversario de crianca\" border=\"0\" height=\"304\" src=\"https:\/\/i0.wp.com\/3.bp.blogspot.com\/-KgjxJyJRkjw\/T_qEvKbepuI\/AAAAAAAAF-Q\/GTav9S0XcQU\/s640\/fotos_festa_crianca.jpg?resize=640%2C304&#038;ssl=1\" title=\"aniversario de crianca\" width=\"640\" \/><\/a><\/td>\n<\/tr>\n<tr>\n<td style=\"text-align: center;\">aniversario de crianca<\/td>\n<\/tr>\n<\/tbody>\n<\/table>\n<p><\/p>\n<table align=\"center\" cellpadding=\"0\" cellspacing=\"0\" style=\"margin-left: auto; margin-right: auto; text-align: center;\">\n<tbody>\n<tr>\n<td style=\"text-align: center;\"><a href=\"https:\/\/i0.wp.com\/3.bp.blogspot.com\/-uNGzelO7_4A\/T_qEvhMTw8I\/AAAAAAAAF-Y\/7HF6z-tZ-Ns\/s1600\/fotos_festas.jpg\" style=\"margin-left: auto; margin-right: auto;\"><img data-recalc-dims=\"1\" loading=\"lazy\" decoding=\"async\" alt=\"fotos de aniversario de crianca\" border=\"0\" height=\"304\" src=\"https:\/\/i0.wp.com\/3.bp.blogspot.com\/-uNGzelO7_4A\/T_qEvhMTw8I\/AAAAAAAAF-Y\/7HF6z-tZ-Ns\/s640\/fotos_festas.jpg?resize=640%2C304&#038;ssl=1\" title=\"fotos de aniversario de crianca\" width=\"640\" \/><\/a><\/td>\n<\/tr>\n<tr>\n<td style=\"text-align: center;\">fotos de aniversario de crianca<\/td>\n<\/tr>\n<\/tbody>\n<\/table>\n<p><\/p>\n<table align=\"center\" cellpadding=\"0\" cellspacing=\"0\" style=\"margin-left: auto; margin-right: auto; text-align: center;\">\n<tbody>\n<tr>\n<td style=\"text-align: center;\"><a href=\"https:\/\/i0.wp.com\/2.bp.blogspot.com\/-QvtdefdrhP0\/T_qEwT9z3lI\/AAAAAAAAF-g\/zbxUOc6jzvc\/s1600\/fotos_festas_bebes.jpg\" style=\"margin-left: auto; margin-right: auto;\"><img data-recalc-dims=\"1\" loading=\"lazy\" decoding=\"async\" alt=\"fotos de aniversario infantil\" border=\"0\" height=\"304\" src=\"https:\/\/i0.wp.com\/2.bp.blogspot.com\/-QvtdefdrhP0\/T_qEwT9z3lI\/AAAAAAAAF-g\/zbxUOc6jzvc\/s640\/fotos_festas_bebes.jpg?resize=640%2C304&#038;ssl=1\" title=\"fotos de aniversario infantil\" width=\"640\" \/><\/a><\/td>\n<\/tr>\n<tr>\n<td style=\"text-align: center;\">fotos de aniversario infantil<\/td>\n<\/tr>\n<\/tbody>\n<\/table>\n<p><\/p>\n<table align=\"center\" cellpadding=\"0\" cellspacing=\"0\" style=\"margin-left: auto; margin-right: auto; text-align: center;\">\n<tbody>\n<tr>\n<td style=\"text-align: center;\"><a href=\"https:\/\/i0.wp.com\/1.bp.blogspot.com\/-O8ui4w6kDsY\/T_qEw9XlKII\/AAAAAAAAF-o\/7lJmXn7Y0Es\/s1600\/fotos_fotografos_para_festa_infantil.jpg\" style=\"margin-left: auto; margin-right: auto;\"><img data-recalc-dims=\"1\" loading=\"lazy\" decoding=\"async\" alt=\"fotos festas aniversario infantis\" border=\"0\" height=\"304\" src=\"https:\/\/i0.wp.com\/1.bp.blogspot.com\/-O8ui4w6kDsY\/T_qEw9XlKII\/AAAAAAAAF-o\/7lJmXn7Y0Es\/s640\/fotos_fotografos_para_festa_infantil.jpg?resize=640%2C304&#038;ssl=1\" title=\"fotos festas aniversario infantis\" width=\"640\" \/><\/a><\/td>\n<\/tr>\n<tr>\n<td style=\"text-align: center;\">fotos festas aniversario infantis<\/td>\n<\/tr>\n<\/tbody>\n<\/table>\n<div style=\"text-align: start;\"><\/div>\n<div style=\"text-align: start;\"><\/div>\n<div style=\"text-align: start;\">Visite tamb\u00e9m nosso site:&nbsp;<a href=\"http:\/\/www.biancamachado.com.br\/\">www.biancamachado.com.br<\/a><br \/>(11) 97107-1018<\/div>\nVisite tamb\u00e9m nosso site: www.biancamachado.com.br\r\n(11) 97107-1018\r\n\r\nAtendemos as regi\u00f5es de S\u00e3o Paulo, Sorocaba, Ibi\u00fana, Piedade, Votorantim, Cotia, Itupeva, Jundia\u00ed, It\u00fa e Campinas","protected":false},"excerpt":{"rendered":"<p>Fotos Festa Aniversario Fotos de<\/p>\n","protected":false},"author":1,"featured_media":1328,"comment_status":"open","ping_status":"open","sticky":false,"template":"","format":"standard","meta":{"_monsterinsights_skip_tracking":false,"_monsterinsights_sitenote_active":false,"_monsterinsights_sitenote_note":"","_monsterinsights_sitenote_category":0,"jetpack_post_was_ever_published":false,"_jetpack_newsletter_access":"","_jetpack_dont_email_post_to_subs":false,"_jetpack_newsletter_tier_id":0,"_jetpack_memberships_contains_paywalled_content":false,"_jetpack_memberships_contains_paid_content":false,"_joinchat":[],"footnotes":""},"categories":[1],"tags":[],"class_list":["post-490","post","type-post","status-publish","format-standard","has-post-thumbnail","hentry","category-studio-bianca-machado"],"yoast_head":"<!-- This site is optimized with the Yoast SEO plugin v27.4 - https:\/\/yoast.com\/product\/yoast-seo-wordpress\/ -->\n<title>Galeria de Fotos Festa Infantil - STUDIO BIANCA MACHADO<\/title>\n<meta name=\"robots\" content=\"index, follow, max-snippet:-1, max-image-preview:large, max-video-preview:-1\" \/>\n<link rel=\"canonical\" href=\"https:\/\/biancamachado.com.br\/blog\/galeria-de-fotos-festa-infantil\/\" \/>\n<meta property=\"og:locale\" content=\"pt_BR\" \/>\n<meta property=\"og:type\" content=\"article\" \/>\n<meta property=\"og:title\" content=\"Galeria de Fotos Festa Infantil - STUDIO BIANCA MACHADO\" \/>\n<meta property=\"og:description\" content=\"Fotos Festa Aniversario Fotos de\" \/>\n<meta property=\"og:url\" content=\"https:\/\/biancamachado.com.br\/blog\/galeria-de-fotos-festa-infantil\/\" \/>\n<meta property=\"og:site_name\" content=\"STUDIO BIANCA MACHADO\" \/>\n<meta property=\"article:publisher\" content=\"https:\/\/www.facebook.com\/Studiobiancamachado\/\" \/>\n<meta property=\"article:published_time\" content=\"2012-07-09T07:27:00+00:00\" \/>\n<meta property=\"og:image\" content=\"https:\/\/i0.wp.com\/biancamachado.com.br\/blog\/wp-content\/uploads\/2012\/07\/Screenshot_448.png?fit=617%2C302&ssl=1\" \/>\n\t<meta property=\"og:image:width\" content=\"617\" \/>\n\t<meta property=\"og:image:height\" content=\"302\" \/>\n\t<meta property=\"og:image:type\" content=\"image\/png\" \/>\n<meta name=\"author\" content=\"biancamachado\" \/>\n<meta name=\"twitter:card\" content=\"summary_large_image\" \/>\n<meta name=\"twitter:label1\" content=\"Escrito por\" \/>\n\t<meta name=\"twitter:data1\" content=\"biancamachado\" \/>\n<script type=\"application\/ld+json\" class=\"yoast-schema-graph\">{\"@context\":\"https:\\\/\\\/schema.org\",\"@graph\":[{\"@type\":\"Article\",\"@id\":\"https:\\\/\\\/biancamachado.com.br\\\/blog\\\/galeria-de-fotos-festa-infantil\\\/#article\",\"isPartOf\":{\"@id\":\"https:\\\/\\\/biancamachado.com.br\\\/blog\\\/galeria-de-fotos-festa-infantil\\\/\"},\"author\":{\"name\":\"biancamachado\",\"@id\":\"https:\\\/\\\/biancamachado.com.br\\\/blog\\\/#\\\/schema\\\/person\\\/990263800ec5e9bdbbf092a2353550a1\"},\"headline\":\"Galeria de Fotos Festa Infantil\",\"datePublished\":\"2012-07-09T07:27:00+00:00\",\"mainEntityOfPage\":{\"@id\":\"https:\\\/\\\/biancamachado.com.br\\\/blog\\\/galeria-de-fotos-festa-infantil\\\/\"},\"wordCount\":122,\"commentCount\":0,\"publisher\":{\"@id\":\"https:\\\/\\\/biancamachado.com.br\\\/blog\\\/#organization\"},\"image\":{\"@id\":\"https:\\\/\\\/biancamachado.com.br\\\/blog\\\/galeria-de-fotos-festa-infantil\\\/#primaryimage\"},\"thumbnailUrl\":\"https:\\\/\\\/i0.wp.com\\\/biancamachado.com.br\\\/blog\\\/wp-content\\\/uploads\\\/2012\\\/07\\\/Screenshot_448.png?fit=617%2C302&ssl=1\",\"articleSection\":[\"Studio Bianca Machado\"],\"inLanguage\":\"pt-BR\",\"potentialAction\":[{\"@type\":\"CommentAction\",\"name\":\"Comment\",\"target\":[\"https:\\\/\\\/biancamachado.com.br\\\/blog\\\/galeria-de-fotos-festa-infantil\\\/#respond\"]}]},{\"@type\":\"WebPage\",\"@id\":\"https:\\\/\\\/biancamachado.com.br\\\/blog\\\/galeria-de-fotos-festa-infantil\\\/\",\"url\":\"https:\\\/\\\/biancamachado.com.br\\\/blog\\\/galeria-de-fotos-festa-infantil\\\/\",\"name\":\"Galeria de Fotos Festa Infantil - STUDIO BIANCA MACHADO\",\"isPartOf\":{\"@id\":\"https:\\\/\\\/biancamachado.com.br\\\/blog\\\/#website\"},\"primaryImageOfPage\":{\"@id\":\"https:\\\/\\\/biancamachado.com.br\\\/blog\\\/galeria-de-fotos-festa-infantil\\\/#primaryimage\"},\"image\":{\"@id\":\"https:\\\/\\\/biancamachado.com.br\\\/blog\\\/galeria-de-fotos-festa-infantil\\\/#primaryimage\"},\"thumbnailUrl\":\"https:\\\/\\\/i0.wp.com\\\/biancamachado.com.br\\\/blog\\\/wp-content\\\/uploads\\\/2012\\\/07\\\/Screenshot_448.png?fit=617%2C302&ssl=1\",\"datePublished\":\"2012-07-09T07:27:00+00:00\",\"breadcrumb\":{\"@id\":\"https:\\\/\\\/biancamachado.com.br\\\/blog\\\/galeria-de-fotos-festa-infantil\\\/#breadcrumb\"},\"inLanguage\":\"pt-BR\",\"potentialAction\":[{\"@type\":\"ReadAction\",\"target\":[\"https:\\\/\\\/biancamachado.com.br\\\/blog\\\/galeria-de-fotos-festa-infantil\\\/\"]}]},{\"@type\":\"ImageObject\",\"inLanguage\":\"pt-BR\",\"@id\":\"https:\\\/\\\/biancamachado.com.br\\\/blog\\\/galeria-de-fotos-festa-infantil\\\/#primaryimage\",\"url\":\"https:\\\/\\\/i0.wp.com\\\/biancamachado.com.br\\\/blog\\\/wp-content\\\/uploads\\\/2012\\\/07\\\/Screenshot_448.png?fit=617%2C302&ssl=1\",\"contentUrl\":\"https:\\\/\\\/i0.wp.com\\\/biancamachado.com.br\\\/blog\\\/wp-content\\\/uploads\\\/2012\\\/07\\\/Screenshot_448.png?fit=617%2C302&ssl=1\",\"width\":617,\"height\":302,\"caption\":\"Galeria de Fotos Festa Infantil\"},{\"@type\":\"BreadcrumbList\",\"@id\":\"https:\\\/\\\/biancamachado.com.br\\\/blog\\\/galeria-de-fotos-festa-infantil\\\/#breadcrumb\",\"itemListElement\":[{\"@type\":\"ListItem\",\"position\":1,\"name\":\"In\u00edcio\",\"item\":\"https:\\\/\\\/biancamachado.com.br\\\/blog\\\/\"},{\"@type\":\"ListItem\",\"position\":2,\"name\":\"Galeria de Fotos Festa Infantil\"}]},{\"@type\":\"WebSite\",\"@id\":\"https:\\\/\\\/biancamachado.com.br\\\/blog\\\/#website\",\"url\":\"https:\\\/\\\/biancamachado.com.br\\\/blog\\\/\",\"name\":\"STUDIO BIANCA MACHADO\",\"description\":\"Estudio Fotografico, Ensaios e Books de foto profissional\",\"publisher\":{\"@id\":\"https:\\\/\\\/biancamachado.com.br\\\/blog\\\/#organization\"},\"potentialAction\":[{\"@type\":\"SearchAction\",\"target\":{\"@type\":\"EntryPoint\",\"urlTemplate\":\"https:\\\/\\\/biancamachado.com.br\\\/blog\\\/?s={search_term_string}\"},\"query-input\":{\"@type\":\"PropertyValueSpecification\",\"valueRequired\":true,\"valueName\":\"search_term_string\"}}],\"inLanguage\":\"pt-BR\"},{\"@type\":\"Organization\",\"@id\":\"https:\\\/\\\/biancamachado.com.br\\\/blog\\\/#organization\",\"name\":\"STUDIO BIANCA MACHADO\",\"url\":\"https:\\\/\\\/biancamachado.com.br\\\/blog\\\/\",\"logo\":{\"@type\":\"ImageObject\",\"inLanguage\":\"pt-BR\",\"@id\":\"https:\\\/\\\/biancamachado.com.br\\\/blog\\\/#\\\/schema\\\/logo\\\/image\\\/\",\"url\":\"https:\\\/\\\/i0.wp.com\\\/biancamachado.com.br\\\/blog\\\/wp-content\\\/uploads\\\/2021\\\/02\\\/cropped-logo-ml.jpg?fit=278%2C100&ssl=1\",\"contentUrl\":\"https:\\\/\\\/i0.wp.com\\\/biancamachado.com.br\\\/blog\\\/wp-content\\\/uploads\\\/2021\\\/02\\\/cropped-logo-ml.jpg?fit=278%2C100&ssl=1\",\"width\":278,\"height\":100,\"caption\":\"STUDIO BIANCA MACHADO\"},\"image\":{\"@id\":\"https:\\\/\\\/biancamachado.com.br\\\/blog\\\/#\\\/schema\\\/logo\\\/image\\\/\"},\"sameAs\":[\"https:\\\/\\\/www.facebook.com\\\/Studiobiancamachado\\\/\",\"https:\\\/\\\/www.instagram.com\\\/Studiobiancamachado\\\/\"]},{\"@type\":\"Person\",\"@id\":\"https:\\\/\\\/biancamachado.com.br\\\/blog\\\/#\\\/schema\\\/person\\\/990263800ec5e9bdbbf092a2353550a1\",\"name\":\"biancamachado\",\"image\":{\"@type\":\"ImageObject\",\"inLanguage\":\"pt-BR\",\"@id\":\"https:\\\/\\\/secure.gravatar.com\\\/avatar\\\/62b1a50f2632dbc2e279c3eb55aa46cc324c969cff16a69c59756d155316542c?s=96&d=mm&r=g\",\"url\":\"https:\\\/\\\/secure.gravatar.com\\\/avatar\\\/62b1a50f2632dbc2e279c3eb55aa46cc324c969cff16a69c59756d155316542c?s=96&d=mm&r=g\",\"contentUrl\":\"https:\\\/\\\/secure.gravatar.com\\\/avatar\\\/62b1a50f2632dbc2e279c3eb55aa46cc324c969cff16a69c59756d155316542c?s=96&d=mm&r=g\",\"caption\":\"biancamachado\"},\"sameAs\":[\"https:\\\/\\\/biancamachado.com.br\\\/blog\"],\"url\":\"https:\\\/\\\/biancamachado.com.br\\\/blog\\\/author\\\/biancamachado\\\/\"}]}<\/script>\n<!-- \/ Yoast SEO plugin. -->","yoast_head_json":{"title":"Galeria de Fotos Festa Infantil - STUDIO BIANCA MACHADO","robots":{"index":"index","follow":"follow","max-snippet":"max-snippet:-1","max-image-preview":"max-image-preview:large","max-video-preview":"max-video-preview:-1"},"canonical":"https:\/\/biancamachado.com.br\/blog\/galeria-de-fotos-festa-infantil\/","og_locale":"pt_BR","og_type":"article","og_title":"Galeria de Fotos Festa Infantil - STUDIO BIANCA MACHADO","og_description":"Fotos Festa Aniversario Fotos de","og_url":"https:\/\/biancamachado.com.br\/blog\/galeria-de-fotos-festa-infantil\/","og_site_name":"STUDIO BIANCA MACHADO","article_publisher":"https:\/\/www.facebook.com\/Studiobiancamachado\/","article_published_time":"2012-07-09T07:27:00+00:00","og_image":[{"width":617,"height":302,"url":"https:\/\/i0.wp.com\/biancamachado.com.br\/blog\/wp-content\/uploads\/2012\/07\/Screenshot_448.png?fit=617%2C302&ssl=1","type":"image\/png"}],"author":"biancamachado","twitter_card":"summary_large_image","twitter_misc":{"Escrito por":"biancamachado"},"schema":{"@context":"https:\/\/schema.org","@graph":[{"@type":"Article","@id":"https:\/\/biancamachado.com.br\/blog\/galeria-de-fotos-festa-infantil\/#article","isPartOf":{"@id":"https:\/\/biancamachado.com.br\/blog\/galeria-de-fotos-festa-infantil\/"},"author":{"name":"biancamachado","@id":"https:\/\/biancamachado.com.br\/blog\/#\/schema\/person\/990263800ec5e9bdbbf092a2353550a1"},"headline":"Galeria de Fotos Festa Infantil","datePublished":"2012-07-09T07:27:00+00:00","mainEntityOfPage":{"@id":"https:\/\/biancamachado.com.br\/blog\/galeria-de-fotos-festa-infantil\/"},"wordCount":122,"commentCount":0,"publisher":{"@id":"https:\/\/biancamachado.com.br\/blog\/#organization"},"image":{"@id":"https:\/\/biancamachado.com.br\/blog\/galeria-de-fotos-festa-infantil\/#primaryimage"},"thumbnailUrl":"https:\/\/i0.wp.com\/biancamachado.com.br\/blog\/wp-content\/uploads\/2012\/07\/Screenshot_448.png?fit=617%2C302&ssl=1","articleSection":["Studio Bianca Machado"],"inLanguage":"pt-BR","potentialAction":[{"@type":"CommentAction","name":"Comment","target":["https:\/\/biancamachado.com.br\/blog\/galeria-de-fotos-festa-infantil\/#respond"]}]},{"@type":"WebPage","@id":"https:\/\/biancamachado.com.br\/blog\/galeria-de-fotos-festa-infantil\/","url":"https:\/\/biancamachado.com.br\/blog\/galeria-de-fotos-festa-infantil\/","name":"Galeria de Fotos Festa Infantil - STUDIO BIANCA MACHADO","isPartOf":{"@id":"https:\/\/biancamachado.com.br\/blog\/#website"},"primaryImageOfPage":{"@id":"https:\/\/biancamachado.com.br\/blog\/galeria-de-fotos-festa-infantil\/#primaryimage"},"image":{"@id":"https:\/\/biancamachado.com.br\/blog\/galeria-de-fotos-festa-infantil\/#primaryimage"},"thumbnailUrl":"https:\/\/i0.wp.com\/biancamachado.com.br\/blog\/wp-content\/uploads\/2012\/07\/Screenshot_448.png?fit=617%2C302&ssl=1","datePublished":"2012-07-09T07:27:00+00:00","breadcrumb":{"@id":"https:\/\/biancamachado.com.br\/blog\/galeria-de-fotos-festa-infantil\/#breadcrumb"},"inLanguage":"pt-BR","potentialAction":[{"@type":"ReadAction","target":["https:\/\/biancamachado.com.br\/blog\/galeria-de-fotos-festa-infantil\/"]}]},{"@type":"ImageObject","inLanguage":"pt-BR","@id":"https:\/\/biancamachado.com.br\/blog\/galeria-de-fotos-festa-infantil\/#primaryimage","url":"https:\/\/i0.wp.com\/biancamachado.com.br\/blog\/wp-content\/uploads\/2012\/07\/Screenshot_448.png?fit=617%2C302&ssl=1","contentUrl":"https:\/\/i0.wp.com\/biancamachado.com.br\/blog\/wp-content\/uploads\/2012\/07\/Screenshot_448.png?fit=617%2C302&ssl=1","width":617,"height":302,"caption":"Galeria de Fotos Festa Infantil"},{"@type":"BreadcrumbList","@id":"https:\/\/biancamachado.com.br\/blog\/galeria-de-fotos-festa-infantil\/#breadcrumb","itemListElement":[{"@type":"ListItem","position":1,"name":"In\u00edcio","item":"https:\/\/biancamachado.com.br\/blog\/"},{"@type":"ListItem","position":2,"name":"Galeria de Fotos Festa Infantil"}]},{"@type":"WebSite","@id":"https:\/\/biancamachado.com.br\/blog\/#website","url":"https:\/\/biancamachado.com.br\/blog\/","name":"STUDIO BIANCA MACHADO","description":"Estudio Fotografico, Ensaios e Books de foto profissional","publisher":{"@id":"https:\/\/biancamachado.com.br\/blog\/#organization"},"potentialAction":[{"@type":"SearchAction","target":{"@type":"EntryPoint","urlTemplate":"https:\/\/biancamachado.com.br\/blog\/?s={search_term_string}"},"query-input":{"@type":"PropertyValueSpecification","valueRequired":true,"valueName":"search_term_string"}}],"inLanguage":"pt-BR"},{"@type":"Organization","@id":"https:\/\/biancamachado.com.br\/blog\/#organization","name":"STUDIO BIANCA MACHADO","url":"https:\/\/biancamachado.com.br\/blog\/","logo":{"@type":"ImageObject","inLanguage":"pt-BR","@id":"https:\/\/biancamachado.com.br\/blog\/#\/schema\/logo\/image\/","url":"https:\/\/i0.wp.com\/biancamachado.com.br\/blog\/wp-content\/uploads\/2021\/02\/cropped-logo-ml.jpg?fit=278%2C100&ssl=1","contentUrl":"https:\/\/i0.wp.com\/biancamachado.com.br\/blog\/wp-content\/uploads\/2021\/02\/cropped-logo-ml.jpg?fit=278%2C100&ssl=1","width":278,"height":100,"caption":"STUDIO BIANCA MACHADO"},"image":{"@id":"https:\/\/biancamachado.com.br\/blog\/#\/schema\/logo\/image\/"},"sameAs":["https:\/\/www.facebook.com\/Studiobiancamachado\/","https:\/\/www.instagram.com\/Studiobiancamachado\/"]},{"@type":"Person","@id":"https:\/\/biancamachado.com.br\/blog\/#\/schema\/person\/990263800ec5e9bdbbf092a2353550a1","name":"biancamachado","image":{"@type":"ImageObject","inLanguage":"pt-BR","@id":"https:\/\/secure.gravatar.com\/avatar\/62b1a50f2632dbc2e279c3eb55aa46cc324c969cff16a69c59756d155316542c?s=96&d=mm&r=g","url":"https:\/\/secure.gravatar.com\/avatar\/62b1a50f2632dbc2e279c3eb55aa46cc324c969cff16a69c59756d155316542c?s=96&d=mm&r=g","contentUrl":"https:\/\/secure.gravatar.com\/avatar\/62b1a50f2632dbc2e279c3eb55aa46cc324c969cff16a69c59756d155316542c?s=96&d=mm&r=g","caption":"biancamachado"},"sameAs":["https:\/\/biancamachado.com.br\/blog"],"url":"https:\/\/biancamachado.com.br\/blog\/author\/biancamachado\/"}]}},"jetpack_featured_media_url":"https:\/\/i0.wp.com\/biancamachado.com.br\/blog\/wp-content\/uploads\/2012\/07\/Screenshot_448.png?fit=617%2C302&ssl=1","jetpack-related-posts":[],"jetpack_sharing_enabled":true,"_links":{"self":[{"href":"https:\/\/biancamachado.com.br\/blog\/wp-json\/wp\/v2\/posts\/490","targetHints":{"allow":["GET"]}}],"collection":[{"href":"https:\/\/biancamachado.com.br\/blog\/wp-json\/wp\/v2\/posts"}],"about":[{"href":"https:\/\/biancamachado.com.br\/blog\/wp-json\/wp\/v2\/types\/post"}],"author":[{"embeddable":true,"href":"https:\/\/biancamachado.com.br\/blog\/wp-json\/wp\/v2\/users\/1"}],"replies":[{"embeddable":true,"href":"https:\/\/biancamachado.com.br\/blog\/wp-json\/wp\/v2\/comments?post=490"}],"version-history":[{"count":0,"href":"https:\/\/biancamachado.com.br\/blog\/wp-json\/wp\/v2\/posts\/490\/revisions"}],"wp:featuredmedia":[{"embeddable":true,"href":"https:\/\/biancamachado.com.br\/blog\/wp-json\/wp\/v2\/media\/1328"}],"wp:attachment":[{"href":"https:\/\/biancamachado.com.br\/blog\/wp-json\/wp\/v2\/media?parent=490"}],"wp:term":[{"taxonomy":"category","embeddable":true,"href":"https:\/\/biancamachado.com.br\/blog\/wp-json\/wp\/v2\/categories?post=490"},{"taxonomy":"post_tag","embeddable":true,"href":"https:\/\/biancamachado.com.br\/blog\/wp-json\/wp\/v2\/tags?post=490"}],"curies":[{"name":"wp","href":"https:\/\/api.w.org\/{rel}","templated":true}]}}