{"id":49,"date":"2018-02-16T11:21:00","date_gmt":"2018-02-16T13:21:00","guid":{"rendered":"https:\/\/biancamachado.com.br\/blog\/?p=49"},"modified":"2023-02-12T16:21:59","modified_gmt":"2023-02-12T19:21:59","slug":"fotos-de-fotografo-profissional-gestante-studio-bianca-machado","status":"publish","type":"post","link":"https:\/\/biancamachado.com.br\/blog\/fotos-de-fotografo-profissional-gestante-studio-bianca-machado\/","title":{"rendered":"Fotos de fotografo profissional gestante : Studio Bianca Machado"},"content":{"rendered":"<div style=\"text-align: justify;\">E l\u00e1 vem mais uma &#8220;japinha&#8221; por a\u00ed ! kkk<\/div>\n<div style=\"text-align: justify;\">Uma del\u00edcia esse trabalho, ainda mais receber uma fam\u00edlia com a energia t\u00e3o positiva, divertida, unida e o mais legal, ver que ela est\u00e1 crescendo !<\/div>\n<div style=\"text-align: justify;\">Segue um pouquinho da nossa divers\u00e3o:<\/div>\n<p><center><\/p>\n<div>\n<div><iframe loading=\"lazy\" src=\"https:\/\/www.youtube.com\/embed\/QxtcJxxbICA?showinfo=0\" width=\"560\" height=\"315\" frameborder=\"0\" allowfullscreen=\"allowfullscreen\"><\/iframe><\/div>\n<\/div>\n<p><\/center>A gesta\u00e7\u00e3o \u00e9 um momento \u00fanico na vida de uma mulher, e isso n\u00e3o \u00e9 diferente para as fot\u00f3grafas profissionais. Elas tamb\u00e9m desejam registrar esse momento t\u00e3o especial em suas vidas e ter uma recorda\u00e7\u00e3o duradoura.<\/p>\n<p>As fotos de uma fot\u00f3grafa profissional gestante s\u00e3o muito especiais, pois elas conhecem a import\u00e2ncia de registrar todos os detalhes desse momento \u00fanico. Elas sabem como capturar a beleza e a emo\u00e7\u00e3o da gravidez, al\u00e9m de escolher os cen\u00e1rios e as roupas ideais para a sess\u00e3o de fotos.<\/p>\n<p>Durante as sess\u00f5es de fotos, as fot\u00f3grafas profissionais gestantes podem ser inspiradoras, mostrando a for\u00e7a e a beleza da mulher nesse momento t\u00e3o especial. As fotos podem ser tiradas em diversos locais, como est\u00fadios, parques ou at\u00e9 mesmo na pr\u00f3pria casa da gestante, para que o ambiente seja o mais confort\u00e1vel poss\u00edvel.<\/p>\n<p>As poses escolhidas para as fotos tamb\u00e9m s\u00e3o importantes, pois devem real\u00e7ar a barriga e a beleza natural da gestante. A fot\u00f3grafa profissional gestante tamb\u00e9m pode escolher acess\u00f3rios que complementem o visual e deixem as fotos ainda mais especiais.<\/p>\n<p>As fotos de uma fot\u00f3grafa profissional gestante s\u00e3o uma linda recorda\u00e7\u00e3o n\u00e3o s\u00f3 para ela, mas para toda a fam\u00edlia. Elas registram a emo\u00e7\u00e3o e a felicidade desse momento t\u00e3o especial, e s\u00e3o uma forma de eternizar essa fase \u00fanica da vida.<\/p>\n<p>Se voc\u00ea \u00e9 uma fot\u00f3grafa profissional gestante e deseja registrar esse momento \u00fanico em sua vida, n\u00e3o deixe de contar com a ajuda da fot\u00f3grafa Bianca Machado, do Studio Bianca Machado. Com muita experi\u00eancia em fotografia gestante, ela pode ajud\u00e1-la a escolher os cen\u00e1rios e as poses ideais para as suas fotos, garantindo que cada momento seja registrado com muito amor e carinho.<\/p>\nVisite tamb\u00e9m nosso site: www.biancamachado.com.br\r\n(11) 97107-1018\r\n\r\nAtendemos as regi\u00f5es de S\u00e3o Paulo, Sorocaba, Ibi\u00fana, Piedade, Votorantim, Cotia, Itupeva, Jundia\u00ed, It\u00fa e Campinas","protected":false},"excerpt":{"rendered":"<p>E l\u00e1 vem mais uma<\/p>\n","protected":false},"author":1,"featured_media":788,"comment_status":"open","ping_status":"open","sticky":false,"template":"","format":"standard","meta":{"_monsterinsights_skip_tracking":false,"_monsterinsights_sitenote_active":false,"_monsterinsights_sitenote_note":"","_monsterinsights_sitenote_category":0,"jetpack_post_was_ever_published":false,"_jetpack_newsletter_access":"","_jetpack_dont_email_post_to_subs":false,"_jetpack_newsletter_tier_id":0,"_jetpack_memberships_contains_paywalled_content":false,"_jetpack_memberships_contains_paid_content":false,"_joinchat":[],"footnotes":""},"categories":[283,1],"tags":[757,591,372,766,753,517,751],"class_list":["post-49","post","type-post","status-publish","format-standard","has-post-thumbnail","hentry","category-book-gestante-em-estudio","category-studio-bianca-machado","tag-acessorios","tag-emocao","tag-ensaio-gestante","tag-fotografa-profissional-gestante","tag-gravidez","tag-poses","tag-sessao-de-fotos"],"yoast_head":"<!-- This site is optimized with the Yoast SEO plugin v27.4 - https:\/\/yoast.com\/product\/yoast-seo-wordpress\/ -->\n<title>Fotos de fotografo profissional gestante : Studio Bianca Machado - STUDIO BIANCA MACHADO<\/title>\n<meta name=\"robots\" content=\"index, follow, max-snippet:-1, max-image-preview:large, max-video-preview:-1\" \/>\n<link rel=\"canonical\" href=\"https:\/\/biancamachado.com.br\/blog\/fotos-de-fotografo-profissional-gestante-studio-bianca-machado\/\" \/>\n<meta property=\"og:locale\" content=\"pt_BR\" \/>\n<meta property=\"og:type\" content=\"article\" \/>\n<meta property=\"og:title\" content=\"Fotos de fotografo profissional gestante : Studio Bianca Machado - STUDIO BIANCA MACHADO\" \/>\n<meta property=\"og:description\" content=\"E l\u00e1 vem mais uma\" \/>\n<meta property=\"og:url\" content=\"https:\/\/biancamachado.com.br\/blog\/fotos-de-fotografo-profissional-gestante-studio-bianca-machado\/\" \/>\n<meta property=\"og:site_name\" content=\"STUDIO BIANCA MACHADO\" \/>\n<meta property=\"article:publisher\" content=\"https:\/\/www.facebook.com\/Studiobiancamachado\/\" \/>\n<meta property=\"article:published_time\" content=\"2018-02-16T13:21:00+00:00\" \/>\n<meta property=\"article:modified_time\" content=\"2023-02-12T19:21:59+00:00\" \/>\n<meta property=\"og:image\" content=\"https:\/\/biancamachado.com.br\/blog\/wp-content\/uploads\/2018\/02\/book-gravida-5.jpg\" \/>\n\t<meta property=\"og:image:width\" content=\"1280\" \/>\n\t<meta property=\"og:image:height\" content=\"720\" \/>\n\t<meta property=\"og:image:type\" content=\"image\/jpeg\" \/>\n<meta name=\"author\" content=\"biancamachado\" \/>\n<meta name=\"twitter:card\" content=\"summary_large_image\" \/>\n<meta name=\"twitter:label1\" content=\"Escrito por\" \/>\n\t<meta name=\"twitter:data1\" content=\"biancamachado\" \/>\n\t<meta name=\"twitter:label2\" content=\"Est. tempo de leitura\" \/>\n\t<meta name=\"twitter:data2\" content=\"2 minutos\" \/>\n<script type=\"application\/ld+json\" class=\"yoast-schema-graph\">{\"@context\":\"https:\\\/\\\/schema.org\",\"@graph\":[{\"@type\":\"Article\",\"@id\":\"https:\\\/\\\/biancamachado.com.br\\\/blog\\\/fotos-de-fotografo-profissional-gestante-studio-bianca-machado\\\/#article\",\"isPartOf\":{\"@id\":\"https:\\\/\\\/biancamachado.com.br\\\/blog\\\/fotos-de-fotografo-profissional-gestante-studio-bianca-machado\\\/\"},\"author\":{\"name\":\"biancamachado\",\"@id\":\"https:\\\/\\\/biancamachado.com.br\\\/blog\\\/#\\\/schema\\\/person\\\/990263800ec5e9bdbbf092a2353550a1\"},\"headline\":\"Fotos de fotografo profissional gestante : Studio Bianca Machado\",\"datePublished\":\"2018-02-16T13:21:00+00:00\",\"dateModified\":\"2023-02-12T19:21:59+00:00\",\"mainEntityOfPage\":{\"@id\":\"https:\\\/\\\/biancamachado.com.br\\\/blog\\\/fotos-de-fotografo-profissional-gestante-studio-bianca-machado\\\/\"},\"wordCount\":370,\"commentCount\":0,\"publisher\":{\"@id\":\"https:\\\/\\\/biancamachado.com.br\\\/blog\\\/#organization\"},\"image\":{\"@id\":\"https:\\\/\\\/biancamachado.com.br\\\/blog\\\/fotos-de-fotografo-profissional-gestante-studio-bianca-machado\\\/#primaryimage\"},\"thumbnailUrl\":\"https:\\\/\\\/i0.wp.com\\\/biancamachado.com.br\\\/blog\\\/wp-content\\\/uploads\\\/2018\\\/02\\\/book-gravida-5.jpg?fit=1280%2C720&ssl=1\",\"keywords\":[\"acess\u00f3rios\",\"emo\u00e7\u00e3o\",\"ensaio gestante\",\"fot\u00f3grafa profissional gestante\",\"gravidez\",\"poses\",\"sess\u00e3o de fotos\"],\"articleSection\":[\"Book Gestante em Estudio\",\"Studio Bianca Machado\"],\"inLanguage\":\"pt-BR\",\"potentialAction\":[{\"@type\":\"CommentAction\",\"name\":\"Comment\",\"target\":[\"https:\\\/\\\/biancamachado.com.br\\\/blog\\\/fotos-de-fotografo-profissional-gestante-studio-bianca-machado\\\/#respond\"]}]},{\"@type\":\"WebPage\",\"@id\":\"https:\\\/\\\/biancamachado.com.br\\\/blog\\\/fotos-de-fotografo-profissional-gestante-studio-bianca-machado\\\/\",\"url\":\"https:\\\/\\\/biancamachado.com.br\\\/blog\\\/fotos-de-fotografo-profissional-gestante-studio-bianca-machado\\\/\",\"name\":\"Fotos de fotografo profissional gestante : Studio Bianca Machado - STUDIO BIANCA MACHADO\",\"isPartOf\":{\"@id\":\"https:\\\/\\\/biancamachado.com.br\\\/blog\\\/#website\"},\"primaryImageOfPage\":{\"@id\":\"https:\\\/\\\/biancamachado.com.br\\\/blog\\\/fotos-de-fotografo-profissional-gestante-studio-bianca-machado\\\/#primaryimage\"},\"image\":{\"@id\":\"https:\\\/\\\/biancamachado.com.br\\\/blog\\\/fotos-de-fotografo-profissional-gestante-studio-bianca-machado\\\/#primaryimage\"},\"thumbnailUrl\":\"https:\\\/\\\/i0.wp.com\\\/biancamachado.com.br\\\/blog\\\/wp-content\\\/uploads\\\/2018\\\/02\\\/book-gravida-5.jpg?fit=1280%2C720&ssl=1\",\"datePublished\":\"2018-02-16T13:21:00+00:00\",\"dateModified\":\"2023-02-12T19:21:59+00:00\",\"breadcrumb\":{\"@id\":\"https:\\\/\\\/biancamachado.com.br\\\/blog\\\/fotos-de-fotografo-profissional-gestante-studio-bianca-machado\\\/#breadcrumb\"},\"inLanguage\":\"pt-BR\",\"potentialAction\":[{\"@type\":\"ReadAction\",\"target\":[\"https:\\\/\\\/biancamachado.com.br\\\/blog\\\/fotos-de-fotografo-profissional-gestante-studio-bianca-machado\\\/\"]}]},{\"@type\":\"ImageObject\",\"inLanguage\":\"pt-BR\",\"@id\":\"https:\\\/\\\/biancamachado.com.br\\\/blog\\\/fotos-de-fotografo-profissional-gestante-studio-bianca-machado\\\/#primaryimage\",\"url\":\"https:\\\/\\\/i0.wp.com\\\/biancamachado.com.br\\\/blog\\\/wp-content\\\/uploads\\\/2018\\\/02\\\/book-gravida-5.jpg?fit=1280%2C720&ssl=1\",\"contentUrl\":\"https:\\\/\\\/i0.wp.com\\\/biancamachado.com.br\\\/blog\\\/wp-content\\\/uploads\\\/2018\\\/02\\\/book-gravida-5.jpg?fit=1280%2C720&ssl=1\",\"width\":1280,\"height\":720,\"caption\":\"Fotos de fotografo profissional gestante : Studio Bianca\"},{\"@type\":\"BreadcrumbList\",\"@id\":\"https:\\\/\\\/biancamachado.com.br\\\/blog\\\/fotos-de-fotografo-profissional-gestante-studio-bianca-machado\\\/#breadcrumb\",\"itemListElement\":[{\"@type\":\"ListItem\",\"position\":1,\"name\":\"In\u00edcio\",\"item\":\"https:\\\/\\\/biancamachado.com.br\\\/blog\\\/\"},{\"@type\":\"ListItem\",\"position\":2,\"name\":\"Fotos de fotografo profissional gestante : Studio Bianca Machado\"}]},{\"@type\":\"WebSite\",\"@id\":\"https:\\\/\\\/biancamachado.com.br\\\/blog\\\/#website\",\"url\":\"https:\\\/\\\/biancamachado.com.br\\\/blog\\\/\",\"name\":\"STUDIO BIANCA MACHADO\",\"description\":\"Estudio Fotografico, Ensaios e Books de foto profissional\",\"publisher\":{\"@id\":\"https:\\\/\\\/biancamachado.com.br\\\/blog\\\/#organization\"},\"potentialAction\":[{\"@type\":\"SearchAction\",\"target\":{\"@type\":\"EntryPoint\",\"urlTemplate\":\"https:\\\/\\\/biancamachado.com.br\\\/blog\\\/?s={search_term_string}\"},\"query-input\":{\"@type\":\"PropertyValueSpecification\",\"valueRequired\":true,\"valueName\":\"search_term_string\"}}],\"inLanguage\":\"pt-BR\"},{\"@type\":\"Organization\",\"@id\":\"https:\\\/\\\/biancamachado.com.br\\\/blog\\\/#organization\",\"name\":\"STUDIO BIANCA MACHADO\",\"url\":\"https:\\\/\\\/biancamachado.com.br\\\/blog\\\/\",\"logo\":{\"@type\":\"ImageObject\",\"inLanguage\":\"pt-BR\",\"@id\":\"https:\\\/\\\/biancamachado.com.br\\\/blog\\\/#\\\/schema\\\/logo\\\/image\\\/\",\"url\":\"https:\\\/\\\/i0.wp.com\\\/biancamachado.com.br\\\/blog\\\/wp-content\\\/uploads\\\/2021\\\/02\\\/cropped-logo-ml.jpg?fit=278%2C100&ssl=1\",\"contentUrl\":\"https:\\\/\\\/i0.wp.com\\\/biancamachado.com.br\\\/blog\\\/wp-content\\\/uploads\\\/2021\\\/02\\\/cropped-logo-ml.jpg?fit=278%2C100&ssl=1\",\"width\":278,\"height\":100,\"caption\":\"STUDIO BIANCA MACHADO\"},\"image\":{\"@id\":\"https:\\\/\\\/biancamachado.com.br\\\/blog\\\/#\\\/schema\\\/logo\\\/image\\\/\"},\"sameAs\":[\"https:\\\/\\\/www.facebook.com\\\/Studiobiancamachado\\\/\",\"https:\\\/\\\/www.instagram.com\\\/Studiobiancamachado\\\/\"]},{\"@type\":\"Person\",\"@id\":\"https:\\\/\\\/biancamachado.com.br\\\/blog\\\/#\\\/schema\\\/person\\\/990263800ec5e9bdbbf092a2353550a1\",\"name\":\"biancamachado\",\"image\":{\"@type\":\"ImageObject\",\"inLanguage\":\"pt-BR\",\"@id\":\"https:\\\/\\\/secure.gravatar.com\\\/avatar\\\/62b1a50f2632dbc2e279c3eb55aa46cc324c969cff16a69c59756d155316542c?s=96&d=mm&r=g\",\"url\":\"https:\\\/\\\/secure.gravatar.com\\\/avatar\\\/62b1a50f2632dbc2e279c3eb55aa46cc324c969cff16a69c59756d155316542c?s=96&d=mm&r=g\",\"contentUrl\":\"https:\\\/\\\/secure.gravatar.com\\\/avatar\\\/62b1a50f2632dbc2e279c3eb55aa46cc324c969cff16a69c59756d155316542c?s=96&d=mm&r=g\",\"caption\":\"biancamachado\"},\"sameAs\":[\"https:\\\/\\\/biancamachado.com.br\\\/blog\"],\"url\":\"https:\\\/\\\/biancamachado.com.br\\\/blog\\\/author\\\/biancamachado\\\/\"}]}<\/script>\n<!-- \/ Yoast SEO plugin. -->","yoast_head_json":{"title":"Fotos de fotografo profissional gestante : Studio Bianca Machado - STUDIO BIANCA MACHADO","robots":{"index":"index","follow":"follow","max-snippet":"max-snippet:-1","max-image-preview":"max-image-preview:large","max-video-preview":"max-video-preview:-1"},"canonical":"https:\/\/biancamachado.com.br\/blog\/fotos-de-fotografo-profissional-gestante-studio-bianca-machado\/","og_locale":"pt_BR","og_type":"article","og_title":"Fotos de fotografo profissional gestante : Studio Bianca Machado - STUDIO BIANCA MACHADO","og_description":"E l\u00e1 vem mais uma","og_url":"https:\/\/biancamachado.com.br\/blog\/fotos-de-fotografo-profissional-gestante-studio-bianca-machado\/","og_site_name":"STUDIO BIANCA MACHADO","article_publisher":"https:\/\/www.facebook.com\/Studiobiancamachado\/","article_published_time":"2018-02-16T13:21:00+00:00","article_modified_time":"2023-02-12T19:21:59+00:00","og_image":[{"width":1280,"height":720,"url":"https:\/\/biancamachado.com.br\/blog\/wp-content\/uploads\/2018\/02\/book-gravida-5.jpg","type":"image\/jpeg"}],"author":"biancamachado","twitter_card":"summary_large_image","twitter_misc":{"Escrito por":"biancamachado","Est. tempo de leitura":"2 minutos"},"schema":{"@context":"https:\/\/schema.org","@graph":[{"@type":"Article","@id":"https:\/\/biancamachado.com.br\/blog\/fotos-de-fotografo-profissional-gestante-studio-bianca-machado\/#article","isPartOf":{"@id":"https:\/\/biancamachado.com.br\/blog\/fotos-de-fotografo-profissional-gestante-studio-bianca-machado\/"},"author":{"name":"biancamachado","@id":"https:\/\/biancamachado.com.br\/blog\/#\/schema\/person\/990263800ec5e9bdbbf092a2353550a1"},"headline":"Fotos de fotografo profissional gestante : Studio Bianca Machado","datePublished":"2018-02-16T13:21:00+00:00","dateModified":"2023-02-12T19:21:59+00:00","mainEntityOfPage":{"@id":"https:\/\/biancamachado.com.br\/blog\/fotos-de-fotografo-profissional-gestante-studio-bianca-machado\/"},"wordCount":370,"commentCount":0,"publisher":{"@id":"https:\/\/biancamachado.com.br\/blog\/#organization"},"image":{"@id":"https:\/\/biancamachado.com.br\/blog\/fotos-de-fotografo-profissional-gestante-studio-bianca-machado\/#primaryimage"},"thumbnailUrl":"https:\/\/i0.wp.com\/biancamachado.com.br\/blog\/wp-content\/uploads\/2018\/02\/book-gravida-5.jpg?fit=1280%2C720&ssl=1","keywords":["acess\u00f3rios","emo\u00e7\u00e3o","ensaio gestante","fot\u00f3grafa profissional gestante","gravidez","poses","sess\u00e3o de fotos"],"articleSection":["Book Gestante em Estudio","Studio Bianca Machado"],"inLanguage":"pt-BR","potentialAction":[{"@type":"CommentAction","name":"Comment","target":["https:\/\/biancamachado.com.br\/blog\/fotos-de-fotografo-profissional-gestante-studio-bianca-machado\/#respond"]}]},{"@type":"WebPage","@id":"https:\/\/biancamachado.com.br\/blog\/fotos-de-fotografo-profissional-gestante-studio-bianca-machado\/","url":"https:\/\/biancamachado.com.br\/blog\/fotos-de-fotografo-profissional-gestante-studio-bianca-machado\/","name":"Fotos de fotografo profissional gestante : Studio Bianca Machado - STUDIO BIANCA MACHADO","isPartOf":{"@id":"https:\/\/biancamachado.com.br\/blog\/#website"},"primaryImageOfPage":{"@id":"https:\/\/biancamachado.com.br\/blog\/fotos-de-fotografo-profissional-gestante-studio-bianca-machado\/#primaryimage"},"image":{"@id":"https:\/\/biancamachado.com.br\/blog\/fotos-de-fotografo-profissional-gestante-studio-bianca-machado\/#primaryimage"},"thumbnailUrl":"https:\/\/i0.wp.com\/biancamachado.com.br\/blog\/wp-content\/uploads\/2018\/02\/book-gravida-5.jpg?fit=1280%2C720&ssl=1","datePublished":"2018-02-16T13:21:00+00:00","dateModified":"2023-02-12T19:21:59+00:00","breadcrumb":{"@id":"https:\/\/biancamachado.com.br\/blog\/fotos-de-fotografo-profissional-gestante-studio-bianca-machado\/#breadcrumb"},"inLanguage":"pt-BR","potentialAction":[{"@type":"ReadAction","target":["https:\/\/biancamachado.com.br\/blog\/fotos-de-fotografo-profissional-gestante-studio-bianca-machado\/"]}]},{"@type":"ImageObject","inLanguage":"pt-BR","@id":"https:\/\/biancamachado.com.br\/blog\/fotos-de-fotografo-profissional-gestante-studio-bianca-machado\/#primaryimage","url":"https:\/\/i0.wp.com\/biancamachado.com.br\/blog\/wp-content\/uploads\/2018\/02\/book-gravida-5.jpg?fit=1280%2C720&ssl=1","contentUrl":"https:\/\/i0.wp.com\/biancamachado.com.br\/blog\/wp-content\/uploads\/2018\/02\/book-gravida-5.jpg?fit=1280%2C720&ssl=1","width":1280,"height":720,"caption":"Fotos de fotografo profissional gestante : Studio Bianca"},{"@type":"BreadcrumbList","@id":"https:\/\/biancamachado.com.br\/blog\/fotos-de-fotografo-profissional-gestante-studio-bianca-machado\/#breadcrumb","itemListElement":[{"@type":"ListItem","position":1,"name":"In\u00edcio","item":"https:\/\/biancamachado.com.br\/blog\/"},{"@type":"ListItem","position":2,"name":"Fotos de fotografo profissional gestante : Studio Bianca Machado"}]},{"@type":"WebSite","@id":"https:\/\/biancamachado.com.br\/blog\/#website","url":"https:\/\/biancamachado.com.br\/blog\/","name":"STUDIO BIANCA MACHADO","description":"Estudio Fotografico, Ensaios e Books de foto profissional","publisher":{"@id":"https:\/\/biancamachado.com.br\/blog\/#organization"},"potentialAction":[{"@type":"SearchAction","target":{"@type":"EntryPoint","urlTemplate":"https:\/\/biancamachado.com.br\/blog\/?s={search_term_string}"},"query-input":{"@type":"PropertyValueSpecification","valueRequired":true,"valueName":"search_term_string"}}],"inLanguage":"pt-BR"},{"@type":"Organization","@id":"https:\/\/biancamachado.com.br\/blog\/#organization","name":"STUDIO BIANCA MACHADO","url":"https:\/\/biancamachado.com.br\/blog\/","logo":{"@type":"ImageObject","inLanguage":"pt-BR","@id":"https:\/\/biancamachado.com.br\/blog\/#\/schema\/logo\/image\/","url":"https:\/\/i0.wp.com\/biancamachado.com.br\/blog\/wp-content\/uploads\/2021\/02\/cropped-logo-ml.jpg?fit=278%2C100&ssl=1","contentUrl":"https:\/\/i0.wp.com\/biancamachado.com.br\/blog\/wp-content\/uploads\/2021\/02\/cropped-logo-ml.jpg?fit=278%2C100&ssl=1","width":278,"height":100,"caption":"STUDIO BIANCA MACHADO"},"image":{"@id":"https:\/\/biancamachado.com.br\/blog\/#\/schema\/logo\/image\/"},"sameAs":["https:\/\/www.facebook.com\/Studiobiancamachado\/","https:\/\/www.instagram.com\/Studiobiancamachado\/"]},{"@type":"Person","@id":"https:\/\/biancamachado.com.br\/blog\/#\/schema\/person\/990263800ec5e9bdbbf092a2353550a1","name":"biancamachado","image":{"@type":"ImageObject","inLanguage":"pt-BR","@id":"https:\/\/secure.gravatar.com\/avatar\/62b1a50f2632dbc2e279c3eb55aa46cc324c969cff16a69c59756d155316542c?s=96&d=mm&r=g","url":"https:\/\/secure.gravatar.com\/avatar\/62b1a50f2632dbc2e279c3eb55aa46cc324c969cff16a69c59756d155316542c?s=96&d=mm&r=g","contentUrl":"https:\/\/secure.gravatar.com\/avatar\/62b1a50f2632dbc2e279c3eb55aa46cc324c969cff16a69c59756d155316542c?s=96&d=mm&r=g","caption":"biancamachado"},"sameAs":["https:\/\/biancamachado.com.br\/blog"],"url":"https:\/\/biancamachado.com.br\/blog\/author\/biancamachado\/"}]}},"jetpack_featured_media_url":"https:\/\/i0.wp.com\/biancamachado.com.br\/blog\/wp-content\/uploads\/2018\/02\/book-gravida-5.jpg?fit=1280%2C720&ssl=1","jetpack-related-posts":[],"jetpack_sharing_enabled":true,"_links":{"self":[{"href":"https:\/\/biancamachado.com.br\/blog\/wp-json\/wp\/v2\/posts\/49","targetHints":{"allow":["GET"]}}],"collection":[{"href":"https:\/\/biancamachado.com.br\/blog\/wp-json\/wp\/v2\/posts"}],"about":[{"href":"https:\/\/biancamachado.com.br\/blog\/wp-json\/wp\/v2\/types\/post"}],"author":[{"embeddable":true,"href":"https:\/\/biancamachado.com.br\/blog\/wp-json\/wp\/v2\/users\/1"}],"replies":[{"embeddable":true,"href":"https:\/\/biancamachado.com.br\/blog\/wp-json\/wp\/v2\/comments?post=49"}],"version-history":[{"count":2,"href":"https:\/\/biancamachado.com.br\/blog\/wp-json\/wp\/v2\/posts\/49\/revisions"}],"predecessor-version":[{"id":3289,"href":"https:\/\/biancamachado.com.br\/blog\/wp-json\/wp\/v2\/posts\/49\/revisions\/3289"}],"wp:featuredmedia":[{"embeddable":true,"href":"https:\/\/biancamachado.com.br\/blog\/wp-json\/wp\/v2\/media\/788"}],"wp:attachment":[{"href":"https:\/\/biancamachado.com.br\/blog\/wp-json\/wp\/v2\/media?parent=49"}],"wp:term":[{"taxonomy":"category","embeddable":true,"href":"https:\/\/biancamachado.com.br\/blog\/wp-json\/wp\/v2\/categories?post=49"},{"taxonomy":"post_tag","embeddable":true,"href":"https:\/\/biancamachado.com.br\/blog\/wp-json\/wp\/v2\/tags?post=49"}],"curies":[{"name":"wp","href":"https:\/\/api.w.org\/{rel}","templated":true}]}}