{"id":487,"date":"2012-07-10T02:52:00","date_gmt":"2012-07-10T05:52:00","guid":{"rendered":"https:\/\/biancamachado.com.br\/blog\/?p=487"},"modified":"2021-02-18T00:34:40","modified_gmt":"2021-02-18T03:34:40","slug":"galeria-de-fotos-festa-debutante-e-festa-aniversario","status":"publish","type":"post","link":"https:\/\/biancamachado.com.br\/blog\/galeria-de-fotos-festa-debutante-e-festa-aniversario\/","title":{"rendered":"Galeria de Fotos &#8211; Festa Debutante e Festa Anivers\u00e1rio"},"content":{"rendered":"<table align=\"center\" cellpadding=\"0\" cellspacing=\"0\" style=\"margin-left: auto; margin-right: auto; text-align: center;\">\n<tbody>\n<tr>\n<td style=\"text-align: center;\"><a href=\"https:\/\/i0.wp.com\/1.bp.blogspot.com\/-RTbIz_K1bKM\/T_u-1Rpl-LI\/AAAAAAAAGFg\/GVInq5yDfCA\/s1600\/festa_debutante_fotos.jpg\" style=\"margin-left: auto; margin-right: auto;\"><img data-recalc-dims=\"1\" loading=\"lazy\" decoding=\"async\" alt=\"Fotos festa debutante\" border=\"0\" height=\"304\" src=\"https:\/\/i0.wp.com\/1.bp.blogspot.com\/-RTbIz_K1bKM\/T_u-1Rpl-LI\/AAAAAAAAGFg\/GVInq5yDfCA\/s640\/festa_debutante_fotos.jpg?resize=640%2C304&#038;ssl=1\" title=\"Fotos festa debutante\" width=\"640\" \/><\/a><\/td>\n<\/tr>\n<tr>\n<td style=\"text-align: center;\">Fotos festa debutante<\/td>\n<\/tr>\n<\/tbody>\n<\/table>\n<p><\/p>\n<table align=\"center\" cellpadding=\"0\" cellspacing=\"0\" style=\"margin-left: auto; margin-right: auto; text-align: center;\">\n<tbody>\n<tr>\n<td style=\"text-align: center;\"><a href=\"https:\/\/i0.wp.com\/3.bp.blogspot.com\/-rneg6rxOlvs\/T_u-191I4JI\/AAAAAAAAGFk\/PykCOIBSkuw\/s1600\/festa_fotos.jpg\" style=\"margin-left: auto; margin-right: auto;\"><img data-recalc-dims=\"1\" loading=\"lazy\" decoding=\"async\" alt=\"Fotos Festa Anivers\u00e1rio 30 anos\" border=\"0\" height=\"304\" src=\"https:\/\/i0.wp.com\/3.bp.blogspot.com\/-rneg6rxOlvs\/T_u-191I4JI\/AAAAAAAAGFk\/PykCOIBSkuw\/s640\/festa_fotos.jpg?resize=640%2C304&#038;ssl=1\" title=\"Fotos Festa Anivers\u00e1rio 30 anos\" width=\"640\" \/><\/a><\/td>\n<\/tr>\n<tr>\n<td style=\"text-align: center;\">Fotos Festa Anivers\u00e1rio 30 anos<\/td>\n<\/tr>\n<\/tbody>\n<\/table>\n<p><\/p>\n<table align=\"center\" cellpadding=\"0\" cellspacing=\"0\" style=\"margin-left: auto; margin-right: auto; text-align: center;\">\n<tbody>\n<tr>\n<td style=\"text-align: center;\"><a href=\"https:\/\/i0.wp.com\/1.bp.blogspot.com\/-YhL58DVPeg4\/T_u-2F_oFyI\/AAAAAAAAGFs\/Uuqw07mgrC0\/s1600\/festas_de_aniversario.jpg\" style=\"margin-left: auto; margin-right: auto;\"><img data-recalc-dims=\"1\" loading=\"lazy\" decoding=\"async\" alt=\"Fotos festa anivers\u00e1rio\" border=\"0\" height=\"304\" src=\"https:\/\/i0.wp.com\/1.bp.blogspot.com\/-YhL58DVPeg4\/T_u-2F_oFyI\/AAAAAAAAGFs\/Uuqw07mgrC0\/s640\/festas_de_aniversario.jpg?resize=640%2C304&#038;ssl=1\" title=\"Fotos festa anivers\u00e1rio\" width=\"640\" \/><\/a><\/td>\n<\/tr>\n<tr>\n<td style=\"text-align: center;\">Fotos festa anivers\u00e1rio<\/td>\n<\/tr>\n<\/tbody>\n<\/table>\n<p><\/p>\n<table align=\"center\" cellpadding=\"0\" cellspacing=\"0\" style=\"margin-left: auto; margin-right: auto; text-align: center;\">\n<tbody>\n<tr>\n<td style=\"text-align: center;\"><a href=\"https:\/\/i0.wp.com\/2.bp.blogspot.com\/-PNuxJuwuQUI\/T_u-2R_EL8I\/AAAAAAAAGF0\/vsL2C76LVdM\/s1600\/foto_festa_de_debutante.jpg\" style=\"margin-left: auto; margin-right: auto;\"><img data-recalc-dims=\"1\" loading=\"lazy\" decoding=\"async\" alt=\"Fotos Festa 15 anos\" border=\"0\" height=\"304\" src=\"https:\/\/i0.wp.com\/2.bp.blogspot.com\/-PNuxJuwuQUI\/T_u-2R_EL8I\/AAAAAAAAGF0\/vsL2C76LVdM\/s640\/foto_festa_de_debutante.jpg?resize=640%2C304&#038;ssl=1\" title=\"Fotos Festa 15 anos\" width=\"640\" \/><\/a><\/td>\n<\/tr>\n<tr>\n<td style=\"text-align: center;\">Fotos Festa 15 anos<\/td>\n<\/tr>\n<\/tbody>\n<\/table>\n<p><\/p>\n<table align=\"center\" cellpadding=\"0\" cellspacing=\"0\" style=\"margin-left: auto; margin-right: auto; text-align: center;\">\n<tbody>\n<tr>\n<td style=\"text-align: center;\"><a href=\"https:\/\/i0.wp.com\/1.bp.blogspot.com\/-vrOO1yhRGH0\/T_u-2-f-fFI\/AAAAAAAAGF8\/dyDZZcpdwyY\/s1600\/foto_festa_debutante.jpg\" style=\"margin-left: auto; margin-right: auto;\"><img data-recalc-dims=\"1\" loading=\"lazy\" decoding=\"async\" alt=\"Fotos de Festa para Debutante\" border=\"0\" height=\"304\" src=\"https:\/\/i0.wp.com\/1.bp.blogspot.com\/-vrOO1yhRGH0\/T_u-2-f-fFI\/AAAAAAAAGF8\/dyDZZcpdwyY\/s640\/foto_festa_debutante.jpg?resize=640%2C304&#038;ssl=1\" title=\"Fotos de Festa para Debutante\" width=\"640\" \/><\/a><\/td>\n<\/tr>\n<tr>\n<td style=\"text-align: center;\">Fotos de Festa para Debutante<\/td>\n<\/tr>\n<\/tbody>\n<\/table>\n<p><\/p>\n<table align=\"center\" cellpadding=\"0\" cellspacing=\"0\" style=\"margin-left: auto; margin-right: auto; text-align: center;\">\n<tbody>\n<tr>\n<td style=\"text-align: center;\"><a href=\"https:\/\/i0.wp.com\/4.bp.blogspot.com\/-Q8vkoP5RTcw\/T_u-3CNhieI\/AAAAAAAAGGE\/on6VTQX17w8\/s1600\/fotografias_de_aniversario.jpg\" style=\"margin-left: auto; margin-right: auto;\"><img data-recalc-dims=\"1\" loading=\"lazy\" decoding=\"async\" alt=\"Fotografias festa anivers\u00e1rio\" border=\"0\" height=\"304\" src=\"https:\/\/i0.wp.com\/4.bp.blogspot.com\/-Q8vkoP5RTcw\/T_u-3CNhieI\/AAAAAAAAGGE\/on6VTQX17w8\/s640\/fotografias_de_aniversario.jpg?resize=640%2C304&#038;ssl=1\" title=\"Fotografias festa anivers\u00e1rio\" width=\"640\" \/><\/a><\/td>\n<\/tr>\n<tr>\n<td style=\"text-align: center;\">Fotografias festa anivers\u00e1rio<\/td>\n<\/tr>\n<\/tbody>\n<\/table>\n<p><\/p>\n<table align=\"center\" cellpadding=\"0\" cellspacing=\"0\" style=\"margin-left: auto; margin-right: auto; text-align: center;\">\n<tbody>\n<tr>\n<td style=\"text-align: center;\"><a href=\"https:\/\/i0.wp.com\/3.bp.blogspot.com\/-AQconK35gIU\/T_u-3py2NDI\/AAAAAAAAGGM\/RULh98ySWK4\/s1600\/fotografias_de_debutante_festa.jpg\" style=\"margin-left: auto; margin-right: auto;\"><img data-recalc-dims=\"1\" loading=\"lazy\" decoding=\"async\" alt=\"Fotos de festa debutante\" border=\"0\" height=\"304\" src=\"https:\/\/i0.wp.com\/3.bp.blogspot.com\/-AQconK35gIU\/T_u-3py2NDI\/AAAAAAAAGGM\/RULh98ySWK4\/s640\/fotografias_de_debutante_festa.jpg?resize=640%2C304&#038;ssl=1\" title=\"Fotos de festa debutante\" width=\"640\" \/><\/a><\/td>\n<\/tr>\n<tr>\n<td style=\"text-align: center;\">Fotos de festa debutante<\/td>\n<\/tr>\n<\/tbody>\n<\/table>\n<p><\/p>\n<table align=\"center\" cellpadding=\"0\" cellspacing=\"0\" style=\"margin-left: auto; margin-right: auto; text-align: center;\">\n<tbody>\n<tr>\n<td style=\"text-align: center;\"><a href=\"https:\/\/i0.wp.com\/2.bp.blogspot.com\/-EKJi4If78Tk\/T_u-30na1CI\/AAAAAAAAGGY\/17g1OzIey54\/s1600\/fotografias_de_festa.jpg\" style=\"margin-left: auto; margin-right: auto;\"><img data-recalc-dims=\"1\" loading=\"lazy\" decoding=\"async\" alt=\"Fotos de Anivers\u00e1rio Adulto\" border=\"0\" height=\"304\" src=\"https:\/\/i0.wp.com\/2.bp.blogspot.com\/-EKJi4If78Tk\/T_u-30na1CI\/AAAAAAAAGGY\/17g1OzIey54\/s640\/fotografias_de_festa.jpg?resize=640%2C304&#038;ssl=1\" title=\"Fotos de Anivers\u00e1rio Adulto\" width=\"640\" \/><\/a><\/td>\n<\/tr>\n<tr>\n<td style=\"text-align: center;\">Fotos de Anivers\u00e1rio Adulto<\/td>\n<\/tr>\n<\/tbody>\n<\/table>\n<p><\/p>\n<table align=\"center\" cellpadding=\"0\" cellspacing=\"0\" style=\"margin-left: auto; margin-right: auto; text-align: center;\">\n<tbody>\n<tr>\n<td style=\"text-align: center;\"><a href=\"https:\/\/i0.wp.com\/1.bp.blogspot.com\/-NFXvFppz0B4\/T_u-4Wkx9mI\/AAAAAAAAGGc\/0wAXJxpiCyk\/s1600\/fotografias_para_aniversario.jpg\" style=\"margin-left: auto; margin-right: auto;\"><img data-recalc-dims=\"1\" loading=\"lazy\" decoding=\"async\" alt=\"Festas de Aniversario\" border=\"0\" height=\"304\" src=\"https:\/\/i0.wp.com\/1.bp.blogspot.com\/-NFXvFppz0B4\/T_u-4Wkx9mI\/AAAAAAAAGGc\/0wAXJxpiCyk\/s640\/fotografias_para_aniversario.jpg?resize=640%2C304&#038;ssl=1\" title=\"Festas de Aniversario\" width=\"640\" \/><\/a><\/td>\n<\/tr>\n<tr>\n<td style=\"text-align: center;\">Festas de Aniversario<\/td>\n<\/tr>\n<\/tbody>\n<\/table>\n<p><\/p>\n<table align=\"center\" cellpadding=\"0\" cellspacing=\"0\" style=\"margin-left: auto; margin-right: auto; text-align: center;\">\n<tbody>\n<tr>\n<td style=\"text-align: center;\"><a href=\"https:\/\/i0.wp.com\/2.bp.blogspot.com\/-tFminXeF39Y\/T_u-4rPrLKI\/AAAAAAAAGGo\/uUY7AzBl5I4\/s1600\/fotografos_festa_aniversario2.jpg\" style=\"margin-left: auto; margin-right: auto;\"><img data-recalc-dims=\"1\" loading=\"lazy\" decoding=\"async\" alt=\"Festas de Anivers\u00e1rio 60 anos\" border=\"0\" height=\"304\" src=\"https:\/\/i0.wp.com\/2.bp.blogspot.com\/-tFminXeF39Y\/T_u-4rPrLKI\/AAAAAAAAGGo\/uUY7AzBl5I4\/s640\/fotografos_festa_aniversario2.jpg?resize=640%2C304&#038;ssl=1\" title=\"Festas de Anivers\u00e1rio 60 anos\" width=\"640\" \/><\/a><\/td>\n<\/tr>\n<tr>\n<td style=\"text-align: center;\">Festas de Anivers\u00e1rio 60 anos<\/td>\n<\/tr>\n<\/tbody>\n<\/table>\n<p><\/p>\n<table align=\"center\" cellpadding=\"0\" cellspacing=\"0\" style=\"margin-left: auto; margin-right: auto; text-align: center;\">\n<tbody>\n<tr>\n<td style=\"text-align: center;\"><a href=\"https:\/\/i0.wp.com\/2.bp.blogspot.com\/-GMxtCOI4x64\/T_u-5KA9WkI\/AAAAAAAAGGw\/cnHK6l6Nn-Q\/s1600\/fotografos_para_festa_15anos.jpg\" style=\"margin-left: auto; margin-right: auto;\"><img data-recalc-dims=\"1\" loading=\"lazy\" decoding=\"async\" alt=\"Fotos de Festas\" border=\"0\" height=\"304\" src=\"https:\/\/i0.wp.com\/2.bp.blogspot.com\/-GMxtCOI4x64\/T_u-5KA9WkI\/AAAAAAAAGGw\/cnHK6l6Nn-Q\/s640\/fotografos_para_festa_15anos.jpg?resize=640%2C304&#038;ssl=1\" title=\"Fotos de Festas\" width=\"640\" \/><\/a><\/td>\n<\/tr>\n<tr>\n<td style=\"text-align: center;\">Fotos de Festas<\/td>\n<\/tr>\n<\/tbody>\n<\/table>\n<p><\/p>\n<table align=\"center\" cellpadding=\"0\" cellspacing=\"0\" style=\"margin-left: auto; margin-right: auto; text-align: center;\">\n<tbody>\n<tr>\n<td style=\"text-align: center;\"><a href=\"https:\/\/i0.wp.com\/2.bp.blogspot.com\/-wqkaX5TPTYI\/T_u-5mC5KeI\/AAAAAAAAGG4\/fmBC-tGcfZs\/s1600\/fotografos_para_festa_de_15_anos.jpg\" style=\"margin-left: auto; margin-right: auto;\"><img data-recalc-dims=\"1\" loading=\"lazy\" decoding=\"async\" alt=\"Foto Festa 15 anos\" border=\"0\" height=\"304\" src=\"https:\/\/i0.wp.com\/2.bp.blogspot.com\/-wqkaX5TPTYI\/T_u-5mC5KeI\/AAAAAAAAGG4\/fmBC-tGcfZs\/s640\/fotografos_para_festa_de_15_anos.jpg?resize=640%2C304&#038;ssl=1\" title=\"Foto Festa 15 anos\" width=\"640\" \/><\/a><\/td>\n<\/tr>\n<tr>\n<td style=\"text-align: center;\">Foto Festa 15 anos<\/td>\n<\/tr>\n<\/tbody>\n<\/table>\n<p><\/p>\n<table align=\"center\" cellpadding=\"0\" cellspacing=\"0\" style=\"margin-left: auto; margin-right: auto; text-align: center;\">\n<tbody>\n<tr>\n<td style=\"text-align: center;\"><a href=\"https:\/\/i0.wp.com\/3.bp.blogspot.com\/-5LgPLF7lFxY\/T_u-5yGBqiI\/AAAAAAAAGHA\/zn850biveFQ\/s1600\/fotos_aniversario_comemoracao.jpg\" style=\"margin-left: auto; margin-right: auto;\"><img data-recalc-dims=\"1\" loading=\"lazy\" decoding=\"async\" alt=\"Foto Festa\" border=\"0\" height=\"304\" src=\"https:\/\/i0.wp.com\/3.bp.blogspot.com\/-5LgPLF7lFxY\/T_u-5yGBqiI\/AAAAAAAAGHA\/zn850biveFQ\/s640\/fotos_aniversario_comemoracao.jpg?resize=640%2C304&#038;ssl=1\" title=\"Foto Festa\" width=\"640\" \/><\/a><\/td>\n<\/tr>\n<tr>\n<td style=\"text-align: center;\">Foto Festa<\/td>\n<\/tr>\n<\/tbody>\n<\/table>\n<p><\/p>\n<table align=\"center\" cellpadding=\"0\" cellspacing=\"0\" style=\"margin-left: auto; margin-right: auto; text-align: center;\">\n<tbody>\n<tr>\n<td style=\"text-align: center;\"><a href=\"https:\/\/i0.wp.com\/1.bp.blogspot.com\/-O2wI0xJt8Rc\/T_u-6UNwUAI\/AAAAAAAAGHE\/IjaJR9gaElc\/s1600\/fotos_balada.jpg\" style=\"margin-left: auto; margin-right: auto;\"><img data-recalc-dims=\"1\" loading=\"lazy\" decoding=\"async\" alt=\"Fotos Festa Aniversario Balada\" border=\"0\" height=\"304\" src=\"https:\/\/i0.wp.com\/1.bp.blogspot.com\/-O2wI0xJt8Rc\/T_u-6UNwUAI\/AAAAAAAAGHE\/IjaJR9gaElc\/s640\/fotos_balada.jpg?resize=640%2C304&#038;ssl=1\" title=\"Fotos Festa Aniversario Balada\" width=\"640\" \/><\/a><\/td>\n<\/tr>\n<tr>\n<td style=\"text-align: center;\">Fotos Festa Aniversario Balada<\/td>\n<\/tr>\n<\/tbody>\n<\/table>\n<p><\/p>\n<table align=\"center\" cellpadding=\"0\" cellspacing=\"0\" style=\"margin-left: auto; margin-right: auto; text-align: center;\">\n<tbody>\n<tr>\n<td style=\"text-align: center;\"><a href=\"https:\/\/i0.wp.com\/1.bp.blogspot.com\/-0waBrWl1mlA\/T_u-66JzvxI\/AAAAAAAAGHM\/RF894CpwU_4\/s1600\/fotos_balada_festas.jpg\" style=\"margin-left: auto; margin-right: auto;\"><img data-recalc-dims=\"1\" loading=\"lazy\" decoding=\"async\" alt=\"Fotos Profisionais Balada\" border=\"0\" height=\"304\" src=\"https:\/\/i0.wp.com\/1.bp.blogspot.com\/-0waBrWl1mlA\/T_u-66JzvxI\/AAAAAAAAGHM\/RF894CpwU_4\/s640\/fotos_balada_festas.jpg?resize=640%2C304&#038;ssl=1\" title=\"Fotos Profisionais Balada\" width=\"640\" \/><\/a><\/td>\n<\/tr>\n<tr>\n<td style=\"text-align: center;\">Fotos Profisionais Balada<\/td>\n<\/tr>\n<\/tbody>\n<\/table>\n<p><\/p>\n<table align=\"center\" cellpadding=\"0\" cellspacing=\"0\" style=\"margin-left: auto; margin-right: auto; text-align: center;\">\n<tbody>\n<tr>\n<td style=\"text-align: center;\"><a href=\"https:\/\/i0.wp.com\/1.bp.blogspot.com\/-8XGoaXJde4c\/T_u-7VLEG4I\/AAAAAAAAGHY\/M9228IJxcHA\/s1600\/fotos_balada_teen_festas.jpg\" style=\"margin-left: auto; margin-right: auto;\"><img data-recalc-dims=\"1\" loading=\"lazy\" decoding=\"async\" alt=\"Fotos de Fotografos Balada\" border=\"0\" height=\"304\" src=\"https:\/\/i0.wp.com\/1.bp.blogspot.com\/-8XGoaXJde4c\/T_u-7VLEG4I\/AAAAAAAAGHY\/M9228IJxcHA\/s640\/fotos_balada_teen_festas.jpg?resize=640%2C304&#038;ssl=1\" title=\"Fotos de Fotografos Balada\" width=\"640\" \/><\/a><\/td>\n<\/tr>\n<tr>\n<td style=\"text-align: center;\">Fotos de Fotografos Balada<\/td>\n<\/tr>\n<\/tbody>\n<\/table>\n<p><\/p>\n<table align=\"center\" cellpadding=\"0\" cellspacing=\"0\" style=\"margin-left: auto; margin-right: auto; text-align: center;\">\n<tbody>\n<tr>\n<td style=\"text-align: center;\"><a href=\"https:\/\/i0.wp.com\/1.bp.blogspot.com\/-4bRNhJr8j5Q\/T_u-7-1O4zI\/AAAAAAAAGHg\/tWIFvC7XBw0\/s1600\/fotos_baladas_15_anos.jpg\" style=\"margin-left: auto; margin-right: auto;\"><img data-recalc-dims=\"1\" loading=\"lazy\" decoding=\"async\" alt=\"Fotos para festas de 15 anos\" border=\"0\" height=\"304\" src=\"https:\/\/i0.wp.com\/1.bp.blogspot.com\/-4bRNhJr8j5Q\/T_u-7-1O4zI\/AAAAAAAAGHg\/tWIFvC7XBw0\/s640\/fotos_baladas_15_anos.jpg?resize=640%2C304&#038;ssl=1\" title=\"Fotos para festas de 15 anos\" width=\"640\" \/><\/a><\/td>\n<\/tr>\n<tr>\n<td style=\"text-align: center;\">Fotos para festas de 15 anos<\/td>\n<\/tr>\n<\/tbody>\n<\/table>\n<p><\/p>\n<table align=\"center\" cellpadding=\"0\" cellspacing=\"0\" style=\"margin-left: auto; margin-right: auto; text-align: center;\">\n<tbody>\n<tr>\n<td style=\"text-align: center;\"><a href=\"https:\/\/i0.wp.com\/2.bp.blogspot.com\/-1gznAGXjm0w\/T_u-8BXV7nI\/AAAAAAAAGHk\/nVUJFnt2M3s\/s1600\/fotos_cerimonia_debutante.jpg\" style=\"margin-left: auto; margin-right: auto;\"><img data-recalc-dims=\"1\" loading=\"lazy\" decoding=\"async\" alt=\"Fotos para festas de debutante\" border=\"0\" height=\"304\" src=\"https:\/\/i0.wp.com\/2.bp.blogspot.com\/-1gznAGXjm0w\/T_u-8BXV7nI\/AAAAAAAAGHk\/nVUJFnt2M3s\/s640\/fotos_cerimonia_debutante.jpg?resize=640%2C304&#038;ssl=1\" title=\"Fotos para festas de debutante\" width=\"640\" \/><\/a><\/td>\n<\/tr>\n<tr>\n<td style=\"text-align: center;\">Fotos para festas de debutante<\/td>\n<\/tr>\n<\/tbody>\n<\/table>\n<p><\/p>\n<table align=\"center\" cellpadding=\"0\" cellspacing=\"0\" style=\"margin-left: auto; margin-right: auto; text-align: center;\">\n<tbody>\n<tr>\n<td style=\"text-align: center;\"><a href=\"https:\/\/i0.wp.com\/3.bp.blogspot.com\/-qvrsq-jrr5Y\/T_u-8vtxRSI\/AAAAAAAAGHs\/_zL8Yi8rzTs\/s1600\/fotos_festa.jpg\" style=\"margin-left: auto; margin-right: auto;\"><img data-recalc-dims=\"1\" loading=\"lazy\" decoding=\"async\" alt=\"Fotos comemora\u00e7\u00e3o\" border=\"0\" height=\"304\" src=\"https:\/\/i0.wp.com\/3.bp.blogspot.com\/-qvrsq-jrr5Y\/T_u-8vtxRSI\/AAAAAAAAGHs\/_zL8Yi8rzTs\/s640\/fotos_festa.jpg?resize=640%2C304&#038;ssl=1\" title=\"Fotos comemora\u00e7\u00e3o\" width=\"640\" \/><\/a><\/td>\n<\/tr>\n<tr>\n<td style=\"text-align: center;\">Fotos comemora\u00e7\u00e3o<\/td>\n<\/tr>\n<\/tbody>\n<\/table>\n<p><\/p>\n<table align=\"center\" cellpadding=\"0\" cellspacing=\"0\" style=\"margin-left: auto; margin-right: auto; text-align: center;\">\n<tbody>\n<tr>\n<td style=\"text-align: center;\"><a href=\"https:\/\/i0.wp.com\/4.bp.blogspot.com\/-XNAcTENKKJs\/T_u-9HZ0EjI\/AAAAAAAAGH0\/rHK7tnaM5Sk\/s1600\/fotos_festa_15_anos.jpg\" style=\"margin-left: auto; margin-right: auto;\"><img data-recalc-dims=\"1\" loading=\"lazy\" decoding=\"async\" alt=\"Fotos festa aniversario debutante\" border=\"0\" height=\"304\" src=\"https:\/\/i0.wp.com\/4.bp.blogspot.com\/-XNAcTENKKJs\/T_u-9HZ0EjI\/AAAAAAAAGH0\/rHK7tnaM5Sk\/s640\/fotos_festa_15_anos.jpg?resize=640%2C304&#038;ssl=1\" title=\"Fotos festa aniversario debutante\" width=\"640\" \/><\/a><\/td>\n<\/tr>\n<tr>\n<td style=\"text-align: center;\">Fotos festa aniversario debutante<\/td>\n<\/tr>\n<\/tbody>\n<\/table>\n<p><\/p>\n<table align=\"center\" cellpadding=\"0\" cellspacing=\"0\" style=\"margin-left: auto; margin-right: auto; text-align: center;\">\n<tbody>\n<tr>\n<td style=\"text-align: center;\"><a href=\"https:\/\/i0.wp.com\/1.bp.blogspot.com\/-enF4Vri9pqI\/T_u-9vLZTvI\/AAAAAAAAGH8\/cYW21sX1mC8\/s1600\/fotos_festa_30_anos.jpg\" style=\"margin-left: auto; margin-right: auto;\"><img data-recalc-dims=\"1\" loading=\"lazy\" decoding=\"async\" alt=\"Festas de 30 anos\" border=\"0\" height=\"304\" src=\"https:\/\/i0.wp.com\/1.bp.blogspot.com\/-enF4Vri9pqI\/T_u-9vLZTvI\/AAAAAAAAGH8\/cYW21sX1mC8\/s640\/fotos_festa_30_anos.jpg?resize=640%2C304&#038;ssl=1\" title=\"Festas de 30 anos\" width=\"640\" \/><\/a><\/td>\n<\/tr>\n<tr>\n<td style=\"text-align: center;\">Festas de 30 anos<\/td>\n<\/tr>\n<\/tbody>\n<\/table>\n<p><\/p>\n<table align=\"center\" cellpadding=\"0\" cellspacing=\"0\" style=\"margin-left: auto; margin-right: auto; text-align: center;\">\n<tbody>\n<tr>\n<td style=\"text-align: center;\"><a href=\"https:\/\/i0.wp.com\/1.bp.blogspot.com\/-2xfDI3CUrxA\/T_u-97Zmx2I\/AAAAAAAAGII\/O16B7bPhOaI\/s1600\/fotos_festa_50_anos.jpg\" style=\"margin-left: auto; margin-right: auto;\"><img data-recalc-dims=\"1\" loading=\"lazy\" decoding=\"async\" alt=\"Fotos Festa 60 anos\" border=\"0\" height=\"304\" src=\"https:\/\/i0.wp.com\/1.bp.blogspot.com\/-2xfDI3CUrxA\/T_u-97Zmx2I\/AAAAAAAAGII\/O16B7bPhOaI\/s640\/fotos_festa_50_anos.jpg?resize=640%2C304&#038;ssl=1\" title=\"Fotos Festa 60 anos\" width=\"640\" \/><\/a><\/td>\n<\/tr>\n<tr>\n<td style=\"text-align: center;\">Fotos Festa 60 anos<\/td>\n<\/tr>\n<\/tbody>\n<\/table>\n<p><\/p>\n<table align=\"center\" cellpadding=\"0\" cellspacing=\"0\" style=\"margin-left: auto; margin-right: auto; text-align: center;\">\n<tbody>\n<tr>\n<td style=\"text-align: center;\"><a href=\"https:\/\/i0.wp.com\/4.bp.blogspot.com\/-_hUyz43wLJ0\/T_u--UCZR1I\/AAAAAAAAGIQ\/5E_IClCxi40\/s1600\/fotos_festa_60anos.jpg\" style=\"margin-left: auto; margin-right: auto;\"><img data-recalc-dims=\"1\" loading=\"lazy\" decoding=\"async\" alt=\"Fotos festa 80 anos\" border=\"0\" height=\"304\" src=\"https:\/\/i0.wp.com\/4.bp.blogspot.com\/-_hUyz43wLJ0\/T_u--UCZR1I\/AAAAAAAAGIQ\/5E_IClCxi40\/s640\/fotos_festa_60anos.jpg?resize=640%2C304&#038;ssl=1\" title=\"Fotos festa 80 anos\" width=\"640\" \/><\/a><\/td>\n<\/tr>\n<tr>\n<td style=\"text-align: center;\">Fotos festa 80 anos<\/td>\n<\/tr>\n<\/tbody>\n<\/table>\n<p><\/p>\n<table align=\"center\" cellpadding=\"0\" cellspacing=\"0\" style=\"margin-left: auto; margin-right: auto; text-align: center;\">\n<tbody>\n<tr>\n<td style=\"text-align: center;\"><a href=\"https:\/\/i0.wp.com\/3.bp.blogspot.com\/-gFwsJ9PjJQM\/T_u--7HFjwI\/AAAAAAAAGIY\/vWu5U9GdNL8\/s1600\/fotos_festa_aniversario.jpg\" style=\"margin-left: auto; margin-right: auto;\"><img data-recalc-dims=\"1\" loading=\"lazy\" decoding=\"async\" alt=\"Fotos de decora\u00e7\u00e3o de festas\" border=\"0\" height=\"304\" src=\"https:\/\/i0.wp.com\/3.bp.blogspot.com\/-gFwsJ9PjJQM\/T_u--7HFjwI\/AAAAAAAAGIY\/vWu5U9GdNL8\/s640\/fotos_festa_aniversario.jpg?resize=640%2C304&#038;ssl=1\" title=\"Fotos de decora\u00e7\u00e3o de festas\" width=\"640\" \/><\/a><\/td>\n<\/tr>\n<tr>\n<td style=\"text-align: center;\">Fotos de decora\u00e7\u00e3o de festas<\/td>\n<\/tr>\n<\/tbody>\n<\/table>\n<p><\/p>\n<table align=\"center\" cellpadding=\"0\" cellspacing=\"0\" style=\"margin-left: auto; margin-right: auto; text-align: center;\">\n<tbody>\n<tr>\n<td style=\"text-align: center;\"><a href=\"https:\/\/i0.wp.com\/4.bp.blogspot.com\/-G8oZ5LooHmE\/T_u-_MPO6hI\/AAAAAAAAGIg\/zo1WNGmKSyQ\/s1600\/fotos_festa_de_15_anos.jpg\" style=\"margin-left: auto; margin-right: auto;\"><img data-recalc-dims=\"1\" loading=\"lazy\" decoding=\"async\" alt=\"Fotos de baile debutante\" border=\"0\" height=\"304\" src=\"https:\/\/i0.wp.com\/4.bp.blogspot.com\/-G8oZ5LooHmE\/T_u-_MPO6hI\/AAAAAAAAGIg\/zo1WNGmKSyQ\/s640\/fotos_festa_de_15_anos.jpg?resize=640%2C304&#038;ssl=1\" title=\"Fotos de baile debutante\" width=\"640\" \/><\/a><\/td>\n<\/tr>\n<tr>\n<td style=\"text-align: center;\">Fotos de baile debutante<\/td>\n<\/tr>\n<\/tbody>\n<\/table>\n<p><\/p>\n<table align=\"center\" cellpadding=\"0\" cellspacing=\"0\" style=\"margin-left: auto; margin-right: auto; text-align: center;\">\n<tbody>\n<tr>\n<td style=\"text-align: center;\"><a href=\"https:\/\/i0.wp.com\/3.bp.blogspot.com\/-BDfJzFdnQFM\/T_u-_tTh5jI\/AAAAAAAAGIo\/B8IRR7C7J6Y\/s1600\/fotos_festa_debutante.jpg\" style=\"margin-left: auto; margin-right: auto;\"><img data-recalc-dims=\"1\" loading=\"lazy\" decoding=\"async\" alt=\"Fotos festa 15 anos\" border=\"0\" height=\"304\" src=\"https:\/\/i0.wp.com\/3.bp.blogspot.com\/-BDfJzFdnQFM\/T_u-_tTh5jI\/AAAAAAAAGIo\/B8IRR7C7J6Y\/s640\/fotos_festa_debutante.jpg?resize=640%2C304&#038;ssl=1\" title=\"Fotos festa 15 anos\" width=\"640\" \/><\/a><\/td>\n<\/tr>\n<tr>\n<td style=\"text-align: center;\">Fotos festa 15 anos<\/td>\n<\/tr>\n<\/tbody>\n<\/table>\n<p><\/p>\n<table align=\"center\" cellpadding=\"0\" cellspacing=\"0\" style=\"margin-left: auto; margin-right: auto; text-align: center;\">\n<tbody>\n<tr>\n<td style=\"text-align: center;\"><a href=\"https:\/\/i0.wp.com\/4.bp.blogspot.com\/-Q8TpE2A5z5E\/T_u_ADffOkI\/AAAAAAAAGIs\/9QxyrmITBQI\/s1600\/fotos_festa_teen.jpg\" style=\"margin-left: auto; margin-right: auto;\"><img data-recalc-dims=\"1\" loading=\"lazy\" decoding=\"async\" alt=\"Debutante\" border=\"0\" height=\"304\" src=\"https:\/\/i0.wp.com\/4.bp.blogspot.com\/-Q8TpE2A5z5E\/T_u_ADffOkI\/AAAAAAAAGIs\/9QxyrmITBQI\/s640\/fotos_festa_teen.jpg?resize=640%2C304&#038;ssl=1\" title=\"Debutante\" width=\"640\" \/><\/a><\/td>\n<\/tr>\n<tr>\n<td style=\"text-align: center;\">Debutante<\/td>\n<\/tr>\n<\/tbody>\n<\/table>\n<p><\/p>\n<table align=\"center\" cellpadding=\"0\" cellspacing=\"0\" style=\"margin-left: auto; margin-right: auto; text-align: center;\">\n<tbody>\n<tr>\n<td style=\"text-align: center;\"><a href=\"https:\/\/i0.wp.com\/2.bp.blogspot.com\/-7fG7hwoqu-g\/T_u_AWEMaJI\/AAAAAAAAGI0\/lvoZFbyfcp4\/s1600\/fotos_festas_aniversario2.jpg\" style=\"margin-left: auto; margin-right: auto;\"><img data-recalc-dims=\"1\" loading=\"lazy\" decoding=\"async\" alt=\"festas de aniversario adulto\" border=\"0\" height=\"304\" src=\"https:\/\/i0.wp.com\/2.bp.blogspot.com\/-7fG7hwoqu-g\/T_u_AWEMaJI\/AAAAAAAAGI0\/lvoZFbyfcp4\/s640\/fotos_festas_aniversario2.jpg?resize=640%2C304&#038;ssl=1\" title=\"festas de aniversario adulto\" width=\"640\" \/><\/a><\/td>\n<\/tr>\n<tr>\n<td style=\"text-align: center;\">festas de aniversario adulto<\/td>\n<\/tr>\n<\/tbody>\n<\/table>\n<p><\/p>\n<table align=\"center\" cellpadding=\"0\" cellspacing=\"0\" style=\"margin-left: auto; margin-right: auto; text-align: center;\">\n<tbody>\n<tr>\n<td style=\"text-align: center;\"><a href=\"https:\/\/i0.wp.com\/3.bp.blogspot.com\/-NdXCL3aqSFM\/T_u_A3EKjVI\/AAAAAAAAGJA\/DctUNpb7c6k\/s1600\/fotos_festas_de_15_anos.jpg\" style=\"margin-left: auto; margin-right: auto;\"><img data-recalc-dims=\"1\" loading=\"lazy\" decoding=\"async\" alt=\"fotografias de debutante\" border=\"0\" height=\"304\" src=\"https:\/\/i0.wp.com\/3.bp.blogspot.com\/-NdXCL3aqSFM\/T_u_A3EKjVI\/AAAAAAAAGJA\/DctUNpb7c6k\/s640\/fotos_festas_de_15_anos.jpg?resize=640%2C304&#038;ssl=1\" title=\"fotografias de debutante\" width=\"640\" \/><\/a><\/td>\n<\/tr>\n<tr>\n<td style=\"text-align: center;\">fotografias de debutante<\/td>\n<\/tr>\n<\/tbody>\n<\/table>\n<p><\/p>\n<table align=\"center\" cellpadding=\"0\" cellspacing=\"0\" style=\"margin-left: auto; margin-right: auto; text-align: center;\">\n<tbody>\n<tr>\n<td style=\"text-align: center;\"><a href=\"https:\/\/i0.wp.com\/2.bp.blogspot.com\/--uRS3YxGVEY\/T_u_BM-O5pI\/AAAAAAAAGJI\/0Q4xIeEY-v8\/s1600\/fotos_para_festa_50_anos.jpg\" style=\"margin-left: auto; margin-right: auto;\"><img data-recalc-dims=\"1\" loading=\"lazy\" decoding=\"async\" alt=\"Fotos de fotografos em festa\" border=\"0\" height=\"304\" src=\"https:\/\/i0.wp.com\/2.bp.blogspot.com\/--uRS3YxGVEY\/T_u_BM-O5pI\/AAAAAAAAGJI\/0Q4xIeEY-v8\/s640\/fotos_para_festa_50_anos.jpg?resize=640%2C304&#038;ssl=1\" title=\"Fotos de fotografos em festa\" width=\"640\" \/><\/a><\/td>\n<\/tr>\n<tr>\n<td style=\"text-align: center;\">Fotos de fotografos em festa<\/td>\n<\/tr>\n<\/tbody>\n<\/table>\n<p><\/p>\n<table align=\"center\" cellpadding=\"0\" cellspacing=\"0\" style=\"margin-left: auto; margin-right: auto; text-align: center;\">\n<tbody>\n<tr>\n<td style=\"text-align: center;\"><a href=\"https:\/\/i0.wp.com\/2.bp.blogspot.com\/-KdjoMHTALuA\/T_u_B71KEeI\/AAAAAAAAGJQ\/j3BHmqLYhgs\/s1600\/fotos_para_festa_aniversario.jpg\" style=\"margin-left: auto; margin-right: auto;\"><img data-recalc-dims=\"1\" loading=\"lazy\" decoding=\"async\" alt=\"fotos de fotografos profissionais em festas\" border=\"0\" height=\"304\" src=\"https:\/\/i0.wp.com\/2.bp.blogspot.com\/-KdjoMHTALuA\/T_u_B71KEeI\/AAAAAAAAGJQ\/j3BHmqLYhgs\/s640\/fotos_para_festa_aniversario.jpg?resize=640%2C304&#038;ssl=1\" title=\"fotos de fotografos profissionais em festas\" width=\"640\" \/><\/a><\/td>\n<\/tr>\n<tr>\n<td style=\"text-align: center;\">fotos de fotografos profissionais em festas<\/td>\n<\/tr>\n<\/tbody>\n<\/table>\n<div style=\"text-align: start;\"><\/div>\n<div style=\"text-align: start;\"><\/div>\n<div style=\"text-align: start;\">Visite tamb\u00e9m nosso site:&nbsp;<a href=\"http:\/\/www.biancamachado.com.br\/\">www.biancamachado.com.br<\/a><br \/>(11) 97107-1018<\/div>\nVisite tamb\u00e9m nosso site: www.biancamachado.com.br\r\n(11) 97107-1018\r\n\r\nAtendemos as regi\u00f5es de S\u00e3o Paulo, Sorocaba, Ibi\u00fana, Piedade, Votorantim, Cotia, Itupeva, Jundia\u00ed, It\u00fa e Campinas","protected":false},"excerpt":{"rendered":"<p>Fotos festa debutante Fotos Festa<\/p>\n","protected":false},"author":1,"featured_media":1325,"comment_status":"open","ping_status":"open","sticky":false,"template":"","format":"standard","meta":{"_monsterinsights_skip_tracking":false,"_monsterinsights_sitenote_active":false,"_monsterinsights_sitenote_note":"","_monsterinsights_sitenote_category":0,"jetpack_post_was_ever_published":false,"_jetpack_newsletter_access":"","_jetpack_dont_email_post_to_subs":false,"_jetpack_newsletter_tier_id":0,"_jetpack_memberships_contains_paywalled_content":false,"_jetpack_memberships_contains_paid_content":false,"_joinchat":[],"footnotes":""},"categories":[314,321,1],"tags":[345,347,363,346,362],"class_list":["post-487","post","type-post","status-publish","format-standard","has-post-thumbnail","hentry","category-book-debutante-estudio","category-festa-debutante","category-studio-bianca-machado","tag-book-debutante-em-estudio","tag-book-profissional","tag-fotografia-festa-debutante","tag-fotos-book-para-15-anos","tag-fotos-profissionais-para-festa-15-anos"],"yoast_head":"<!-- This site is optimized with the Yoast SEO plugin v27.4 - https:\/\/yoast.com\/product\/yoast-seo-wordpress\/ -->\n<title>Galeria de Fotos - Festa Debutante e Festa Anivers\u00e1rio - STUDIO BIANCA MACHADO<\/title>\n<meta name=\"robots\" content=\"index, follow, max-snippet:-1, max-image-preview:large, max-video-preview:-1\" \/>\n<link rel=\"canonical\" href=\"https:\/\/biancamachado.com.br\/blog\/galeria-de-fotos-festa-debutante-e-festa-aniversario\/\" \/>\n<meta property=\"og:locale\" content=\"pt_BR\" \/>\n<meta property=\"og:type\" content=\"article\" \/>\n<meta property=\"og:title\" content=\"Galeria de Fotos - Festa Debutante e Festa Anivers\u00e1rio - STUDIO BIANCA MACHADO\" \/>\n<meta property=\"og:description\" content=\"Fotos festa debutante Fotos Festa\" \/>\n<meta property=\"og:url\" content=\"https:\/\/biancamachado.com.br\/blog\/galeria-de-fotos-festa-debutante-e-festa-aniversario\/\" \/>\n<meta property=\"og:site_name\" content=\"STUDIO BIANCA MACHADO\" \/>\n<meta property=\"article:publisher\" content=\"https:\/\/www.facebook.com\/Studiobiancamachado\/\" \/>\n<meta property=\"article:published_time\" content=\"2012-07-10T05:52:00+00:00\" \/>\n<meta property=\"article:modified_time\" content=\"2021-02-18T03:34:40+00:00\" \/>\n<meta property=\"og:image\" content=\"https:\/\/i0.wp.com\/biancamachado.com.br\/blog\/wp-content\/uploads\/2012\/07\/Screenshot_445.png?fit=589%2C297&ssl=1\" \/>\n\t<meta property=\"og:image:width\" content=\"589\" \/>\n\t<meta property=\"og:image:height\" content=\"297\" \/>\n\t<meta property=\"og:image:type\" content=\"image\/png\" \/>\n<meta name=\"author\" content=\"biancamachado\" \/>\n<meta name=\"twitter:card\" content=\"summary_large_image\" \/>\n<meta name=\"twitter:label1\" content=\"Escrito por\" \/>\n\t<meta name=\"twitter:data1\" content=\"biancamachado\" \/>\n<script type=\"application\/ld+json\" class=\"yoast-schema-graph\">{\"@context\":\"https:\\\/\\\/schema.org\",\"@graph\":[{\"@type\":\"Article\",\"@id\":\"https:\\\/\\\/biancamachado.com.br\\\/blog\\\/galeria-de-fotos-festa-debutante-e-festa-aniversario\\\/#article\",\"isPartOf\":{\"@id\":\"https:\\\/\\\/biancamachado.com.br\\\/blog\\\/galeria-de-fotos-festa-debutante-e-festa-aniversario\\\/\"},\"author\":{\"name\":\"biancamachado\",\"@id\":\"https:\\\/\\\/biancamachado.com.br\\\/blog\\\/#\\\/schema\\\/person\\\/990263800ec5e9bdbbf092a2353550a1\"},\"headline\":\"Galeria de Fotos &#8211; Festa Debutante e Festa Anivers\u00e1rio\",\"datePublished\":\"2012-07-10T05:52:00+00:00\",\"dateModified\":\"2021-02-18T03:34:40+00:00\",\"mainEntityOfPage\":{\"@id\":\"https:\\\/\\\/biancamachado.com.br\\\/blog\\\/galeria-de-fotos-festa-debutante-e-festa-aniversario\\\/\"},\"wordCount\":139,\"commentCount\":0,\"publisher\":{\"@id\":\"https:\\\/\\\/biancamachado.com.br\\\/blog\\\/#organization\"},\"image\":{\"@id\":\"https:\\\/\\\/biancamachado.com.br\\\/blog\\\/galeria-de-fotos-festa-debutante-e-festa-aniversario\\\/#primaryimage\"},\"thumbnailUrl\":\"https:\\\/\\\/i0.wp.com\\\/biancamachado.com.br\\\/blog\\\/wp-content\\\/uploads\\\/2012\\\/07\\\/Screenshot_445.png?fit=589%2C297&ssl=1\",\"keywords\":[\"book debutante em estudio\",\"book profissional\",\"fotografia festa debutante\",\"fotos book para 15 anos\",\"fotos profissionais para festa 15 anos\"],\"articleSection\":[\"Book Debutante Estudio\",\"Festa Debutante\",\"Studio Bianca Machado\"],\"inLanguage\":\"pt-BR\",\"potentialAction\":[{\"@type\":\"CommentAction\",\"name\":\"Comment\",\"target\":[\"https:\\\/\\\/biancamachado.com.br\\\/blog\\\/galeria-de-fotos-festa-debutante-e-festa-aniversario\\\/#respond\"]}]},{\"@type\":\"WebPage\",\"@id\":\"https:\\\/\\\/biancamachado.com.br\\\/blog\\\/galeria-de-fotos-festa-debutante-e-festa-aniversario\\\/\",\"url\":\"https:\\\/\\\/biancamachado.com.br\\\/blog\\\/galeria-de-fotos-festa-debutante-e-festa-aniversario\\\/\",\"name\":\"Galeria de Fotos - Festa Debutante e Festa Anivers\u00e1rio - STUDIO BIANCA MACHADO\",\"isPartOf\":{\"@id\":\"https:\\\/\\\/biancamachado.com.br\\\/blog\\\/#website\"},\"primaryImageOfPage\":{\"@id\":\"https:\\\/\\\/biancamachado.com.br\\\/blog\\\/galeria-de-fotos-festa-debutante-e-festa-aniversario\\\/#primaryimage\"},\"image\":{\"@id\":\"https:\\\/\\\/biancamachado.com.br\\\/blog\\\/galeria-de-fotos-festa-debutante-e-festa-aniversario\\\/#primaryimage\"},\"thumbnailUrl\":\"https:\\\/\\\/i0.wp.com\\\/biancamachado.com.br\\\/blog\\\/wp-content\\\/uploads\\\/2012\\\/07\\\/Screenshot_445.png?fit=589%2C297&ssl=1\",\"datePublished\":\"2012-07-10T05:52:00+00:00\",\"dateModified\":\"2021-02-18T03:34:40+00:00\",\"breadcrumb\":{\"@id\":\"https:\\\/\\\/biancamachado.com.br\\\/blog\\\/galeria-de-fotos-festa-debutante-e-festa-aniversario\\\/#breadcrumb\"},\"inLanguage\":\"pt-BR\",\"potentialAction\":[{\"@type\":\"ReadAction\",\"target\":[\"https:\\\/\\\/biancamachado.com.br\\\/blog\\\/galeria-de-fotos-festa-debutante-e-festa-aniversario\\\/\"]}]},{\"@type\":\"ImageObject\",\"inLanguage\":\"pt-BR\",\"@id\":\"https:\\\/\\\/biancamachado.com.br\\\/blog\\\/galeria-de-fotos-festa-debutante-e-festa-aniversario\\\/#primaryimage\",\"url\":\"https:\\\/\\\/i0.wp.com\\\/biancamachado.com.br\\\/blog\\\/wp-content\\\/uploads\\\/2012\\\/07\\\/Screenshot_445.png?fit=589%2C297&ssl=1\",\"contentUrl\":\"https:\\\/\\\/i0.wp.com\\\/biancamachado.com.br\\\/blog\\\/wp-content\\\/uploads\\\/2012\\\/07\\\/Screenshot_445.png?fit=589%2C297&ssl=1\",\"width\":589,\"height\":297,\"caption\":\"Galeria de Fotos \u2013 Festa Debutante e Festa Anivers\u00e1rio\"},{\"@type\":\"BreadcrumbList\",\"@id\":\"https:\\\/\\\/biancamachado.com.br\\\/blog\\\/galeria-de-fotos-festa-debutante-e-festa-aniversario\\\/#breadcrumb\",\"itemListElement\":[{\"@type\":\"ListItem\",\"position\":1,\"name\":\"In\u00edcio\",\"item\":\"https:\\\/\\\/biancamachado.com.br\\\/blog\\\/\"},{\"@type\":\"ListItem\",\"position\":2,\"name\":\"Galeria de Fotos &#8211; Festa Debutante e Festa Anivers\u00e1rio\"}]},{\"@type\":\"WebSite\",\"@id\":\"https:\\\/\\\/biancamachado.com.br\\\/blog\\\/#website\",\"url\":\"https:\\\/\\\/biancamachado.com.br\\\/blog\\\/\",\"name\":\"STUDIO BIANCA MACHADO\",\"description\":\"Estudio Fotografico, Ensaios e Books de foto profissional\",\"publisher\":{\"@id\":\"https:\\\/\\\/biancamachado.com.br\\\/blog\\\/#organization\"},\"potentialAction\":[{\"@type\":\"SearchAction\",\"target\":{\"@type\":\"EntryPoint\",\"urlTemplate\":\"https:\\\/\\\/biancamachado.com.br\\\/blog\\\/?s={search_term_string}\"},\"query-input\":{\"@type\":\"PropertyValueSpecification\",\"valueRequired\":true,\"valueName\":\"search_term_string\"}}],\"inLanguage\":\"pt-BR\"},{\"@type\":\"Organization\",\"@id\":\"https:\\\/\\\/biancamachado.com.br\\\/blog\\\/#organization\",\"name\":\"STUDIO BIANCA MACHADO\",\"url\":\"https:\\\/\\\/biancamachado.com.br\\\/blog\\\/\",\"logo\":{\"@type\":\"ImageObject\",\"inLanguage\":\"pt-BR\",\"@id\":\"https:\\\/\\\/biancamachado.com.br\\\/blog\\\/#\\\/schema\\\/logo\\\/image\\\/\",\"url\":\"https:\\\/\\\/i0.wp.com\\\/biancamachado.com.br\\\/blog\\\/wp-content\\\/uploads\\\/2021\\\/02\\\/cropped-logo-ml.jpg?fit=278%2C100&ssl=1\",\"contentUrl\":\"https:\\\/\\\/i0.wp.com\\\/biancamachado.com.br\\\/blog\\\/wp-content\\\/uploads\\\/2021\\\/02\\\/cropped-logo-ml.jpg?fit=278%2C100&ssl=1\",\"width\":278,\"height\":100,\"caption\":\"STUDIO BIANCA MACHADO\"},\"image\":{\"@id\":\"https:\\\/\\\/biancamachado.com.br\\\/blog\\\/#\\\/schema\\\/logo\\\/image\\\/\"},\"sameAs\":[\"https:\\\/\\\/www.facebook.com\\\/Studiobiancamachado\\\/\",\"https:\\\/\\\/www.instagram.com\\\/Studiobiancamachado\\\/\"]},{\"@type\":\"Person\",\"@id\":\"https:\\\/\\\/biancamachado.com.br\\\/blog\\\/#\\\/schema\\\/person\\\/990263800ec5e9bdbbf092a2353550a1\",\"name\":\"biancamachado\",\"image\":{\"@type\":\"ImageObject\",\"inLanguage\":\"pt-BR\",\"@id\":\"https:\\\/\\\/secure.gravatar.com\\\/avatar\\\/62b1a50f2632dbc2e279c3eb55aa46cc324c969cff16a69c59756d155316542c?s=96&d=mm&r=g\",\"url\":\"https:\\\/\\\/secure.gravatar.com\\\/avatar\\\/62b1a50f2632dbc2e279c3eb55aa46cc324c969cff16a69c59756d155316542c?s=96&d=mm&r=g\",\"contentUrl\":\"https:\\\/\\\/secure.gravatar.com\\\/avatar\\\/62b1a50f2632dbc2e279c3eb55aa46cc324c969cff16a69c59756d155316542c?s=96&d=mm&r=g\",\"caption\":\"biancamachado\"},\"sameAs\":[\"https:\\\/\\\/biancamachado.com.br\\\/blog\"],\"url\":\"https:\\\/\\\/biancamachado.com.br\\\/blog\\\/author\\\/biancamachado\\\/\"}]}<\/script>\n<!-- \/ Yoast SEO plugin. -->","yoast_head_json":{"title":"Galeria de Fotos - Festa Debutante e Festa Anivers\u00e1rio - STUDIO BIANCA MACHADO","robots":{"index":"index","follow":"follow","max-snippet":"max-snippet:-1","max-image-preview":"max-image-preview:large","max-video-preview":"max-video-preview:-1"},"canonical":"https:\/\/biancamachado.com.br\/blog\/galeria-de-fotos-festa-debutante-e-festa-aniversario\/","og_locale":"pt_BR","og_type":"article","og_title":"Galeria de Fotos - Festa Debutante e Festa Anivers\u00e1rio - STUDIO BIANCA MACHADO","og_description":"Fotos festa debutante Fotos Festa","og_url":"https:\/\/biancamachado.com.br\/blog\/galeria-de-fotos-festa-debutante-e-festa-aniversario\/","og_site_name":"STUDIO BIANCA MACHADO","article_publisher":"https:\/\/www.facebook.com\/Studiobiancamachado\/","article_published_time":"2012-07-10T05:52:00+00:00","article_modified_time":"2021-02-18T03:34:40+00:00","og_image":[{"width":589,"height":297,"url":"https:\/\/i0.wp.com\/biancamachado.com.br\/blog\/wp-content\/uploads\/2012\/07\/Screenshot_445.png?fit=589%2C297&ssl=1","type":"image\/png"}],"author":"biancamachado","twitter_card":"summary_large_image","twitter_misc":{"Escrito por":"biancamachado"},"schema":{"@context":"https:\/\/schema.org","@graph":[{"@type":"Article","@id":"https:\/\/biancamachado.com.br\/blog\/galeria-de-fotos-festa-debutante-e-festa-aniversario\/#article","isPartOf":{"@id":"https:\/\/biancamachado.com.br\/blog\/galeria-de-fotos-festa-debutante-e-festa-aniversario\/"},"author":{"name":"biancamachado","@id":"https:\/\/biancamachado.com.br\/blog\/#\/schema\/person\/990263800ec5e9bdbbf092a2353550a1"},"headline":"Galeria de Fotos &#8211; Festa Debutante e Festa Anivers\u00e1rio","datePublished":"2012-07-10T05:52:00+00:00","dateModified":"2021-02-18T03:34:40+00:00","mainEntityOfPage":{"@id":"https:\/\/biancamachado.com.br\/blog\/galeria-de-fotos-festa-debutante-e-festa-aniversario\/"},"wordCount":139,"commentCount":0,"publisher":{"@id":"https:\/\/biancamachado.com.br\/blog\/#organization"},"image":{"@id":"https:\/\/biancamachado.com.br\/blog\/galeria-de-fotos-festa-debutante-e-festa-aniversario\/#primaryimage"},"thumbnailUrl":"https:\/\/i0.wp.com\/biancamachado.com.br\/blog\/wp-content\/uploads\/2012\/07\/Screenshot_445.png?fit=589%2C297&ssl=1","keywords":["book debutante em estudio","book profissional","fotografia festa debutante","fotos book para 15 anos","fotos profissionais para festa 15 anos"],"articleSection":["Book Debutante Estudio","Festa Debutante","Studio Bianca Machado"],"inLanguage":"pt-BR","potentialAction":[{"@type":"CommentAction","name":"Comment","target":["https:\/\/biancamachado.com.br\/blog\/galeria-de-fotos-festa-debutante-e-festa-aniversario\/#respond"]}]},{"@type":"WebPage","@id":"https:\/\/biancamachado.com.br\/blog\/galeria-de-fotos-festa-debutante-e-festa-aniversario\/","url":"https:\/\/biancamachado.com.br\/blog\/galeria-de-fotos-festa-debutante-e-festa-aniversario\/","name":"Galeria de Fotos - Festa Debutante e Festa Anivers\u00e1rio - STUDIO BIANCA MACHADO","isPartOf":{"@id":"https:\/\/biancamachado.com.br\/blog\/#website"},"primaryImageOfPage":{"@id":"https:\/\/biancamachado.com.br\/blog\/galeria-de-fotos-festa-debutante-e-festa-aniversario\/#primaryimage"},"image":{"@id":"https:\/\/biancamachado.com.br\/blog\/galeria-de-fotos-festa-debutante-e-festa-aniversario\/#primaryimage"},"thumbnailUrl":"https:\/\/i0.wp.com\/biancamachado.com.br\/blog\/wp-content\/uploads\/2012\/07\/Screenshot_445.png?fit=589%2C297&ssl=1","datePublished":"2012-07-10T05:52:00+00:00","dateModified":"2021-02-18T03:34:40+00:00","breadcrumb":{"@id":"https:\/\/biancamachado.com.br\/blog\/galeria-de-fotos-festa-debutante-e-festa-aniversario\/#breadcrumb"},"inLanguage":"pt-BR","potentialAction":[{"@type":"ReadAction","target":["https:\/\/biancamachado.com.br\/blog\/galeria-de-fotos-festa-debutante-e-festa-aniversario\/"]}]},{"@type":"ImageObject","inLanguage":"pt-BR","@id":"https:\/\/biancamachado.com.br\/blog\/galeria-de-fotos-festa-debutante-e-festa-aniversario\/#primaryimage","url":"https:\/\/i0.wp.com\/biancamachado.com.br\/blog\/wp-content\/uploads\/2012\/07\/Screenshot_445.png?fit=589%2C297&ssl=1","contentUrl":"https:\/\/i0.wp.com\/biancamachado.com.br\/blog\/wp-content\/uploads\/2012\/07\/Screenshot_445.png?fit=589%2C297&ssl=1","width":589,"height":297,"caption":"Galeria de Fotos \u2013 Festa Debutante e Festa Anivers\u00e1rio"},{"@type":"BreadcrumbList","@id":"https:\/\/biancamachado.com.br\/blog\/galeria-de-fotos-festa-debutante-e-festa-aniversario\/#breadcrumb","itemListElement":[{"@type":"ListItem","position":1,"name":"In\u00edcio","item":"https:\/\/biancamachado.com.br\/blog\/"},{"@type":"ListItem","position":2,"name":"Galeria de Fotos &#8211; Festa Debutante e Festa Anivers\u00e1rio"}]},{"@type":"WebSite","@id":"https:\/\/biancamachado.com.br\/blog\/#website","url":"https:\/\/biancamachado.com.br\/blog\/","name":"STUDIO BIANCA MACHADO","description":"Estudio Fotografico, Ensaios e Books de foto profissional","publisher":{"@id":"https:\/\/biancamachado.com.br\/blog\/#organization"},"potentialAction":[{"@type":"SearchAction","target":{"@type":"EntryPoint","urlTemplate":"https:\/\/biancamachado.com.br\/blog\/?s={search_term_string}"},"query-input":{"@type":"PropertyValueSpecification","valueRequired":true,"valueName":"search_term_string"}}],"inLanguage":"pt-BR"},{"@type":"Organization","@id":"https:\/\/biancamachado.com.br\/blog\/#organization","name":"STUDIO BIANCA MACHADO","url":"https:\/\/biancamachado.com.br\/blog\/","logo":{"@type":"ImageObject","inLanguage":"pt-BR","@id":"https:\/\/biancamachado.com.br\/blog\/#\/schema\/logo\/image\/","url":"https:\/\/i0.wp.com\/biancamachado.com.br\/blog\/wp-content\/uploads\/2021\/02\/cropped-logo-ml.jpg?fit=278%2C100&ssl=1","contentUrl":"https:\/\/i0.wp.com\/biancamachado.com.br\/blog\/wp-content\/uploads\/2021\/02\/cropped-logo-ml.jpg?fit=278%2C100&ssl=1","width":278,"height":100,"caption":"STUDIO BIANCA MACHADO"},"image":{"@id":"https:\/\/biancamachado.com.br\/blog\/#\/schema\/logo\/image\/"},"sameAs":["https:\/\/www.facebook.com\/Studiobiancamachado\/","https:\/\/www.instagram.com\/Studiobiancamachado\/"]},{"@type":"Person","@id":"https:\/\/biancamachado.com.br\/blog\/#\/schema\/person\/990263800ec5e9bdbbf092a2353550a1","name":"biancamachado","image":{"@type":"ImageObject","inLanguage":"pt-BR","@id":"https:\/\/secure.gravatar.com\/avatar\/62b1a50f2632dbc2e279c3eb55aa46cc324c969cff16a69c59756d155316542c?s=96&d=mm&r=g","url":"https:\/\/secure.gravatar.com\/avatar\/62b1a50f2632dbc2e279c3eb55aa46cc324c969cff16a69c59756d155316542c?s=96&d=mm&r=g","contentUrl":"https:\/\/secure.gravatar.com\/avatar\/62b1a50f2632dbc2e279c3eb55aa46cc324c969cff16a69c59756d155316542c?s=96&d=mm&r=g","caption":"biancamachado"},"sameAs":["https:\/\/biancamachado.com.br\/blog"],"url":"https:\/\/biancamachado.com.br\/blog\/author\/biancamachado\/"}]}},"jetpack_featured_media_url":"https:\/\/i0.wp.com\/biancamachado.com.br\/blog\/wp-content\/uploads\/2012\/07\/Screenshot_445.png?fit=589%2C297&ssl=1","jetpack-related-posts":[],"jetpack_sharing_enabled":true,"_links":{"self":[{"href":"https:\/\/biancamachado.com.br\/blog\/wp-json\/wp\/v2\/posts\/487","targetHints":{"allow":["GET"]}}],"collection":[{"href":"https:\/\/biancamachado.com.br\/blog\/wp-json\/wp\/v2\/posts"}],"about":[{"href":"https:\/\/biancamachado.com.br\/blog\/wp-json\/wp\/v2\/types\/post"}],"author":[{"embeddable":true,"href":"https:\/\/biancamachado.com.br\/blog\/wp-json\/wp\/v2\/users\/1"}],"replies":[{"embeddable":true,"href":"https:\/\/biancamachado.com.br\/blog\/wp-json\/wp\/v2\/comments?post=487"}],"version-history":[{"count":1,"href":"https:\/\/biancamachado.com.br\/blog\/wp-json\/wp\/v2\/posts\/487\/revisions"}],"predecessor-version":[{"id":1713,"href":"https:\/\/biancamachado.com.br\/blog\/wp-json\/wp\/v2\/posts\/487\/revisions\/1713"}],"wp:featuredmedia":[{"embeddable":true,"href":"https:\/\/biancamachado.com.br\/blog\/wp-json\/wp\/v2\/media\/1325"}],"wp:attachment":[{"href":"https:\/\/biancamachado.com.br\/blog\/wp-json\/wp\/v2\/media?parent=487"}],"wp:term":[{"taxonomy":"category","embeddable":true,"href":"https:\/\/biancamachado.com.br\/blog\/wp-json\/wp\/v2\/categories?post=487"},{"taxonomy":"post_tag","embeddable":true,"href":"https:\/\/biancamachado.com.br\/blog\/wp-json\/wp\/v2\/tags?post=487"}],"curies":[{"name":"wp","href":"https:\/\/api.w.org\/{rel}","templated":true}]}}