{"id":4738,"date":"2023-05-02T14:02:21","date_gmt":"2023-05-02T17:02:21","guid":{"rendered":"https:\/\/biancamachado.com.br\/blog\/?p=4738"},"modified":"2023-05-02T14:02:22","modified_gmt":"2023-05-02T17:02:22","slug":"a-festa-mais-fofa-do-ano-aniversario-da-lais-vestida-de-masha","status":"publish","type":"post","link":"https:\/\/biancamachado.com.br\/blog\/a-festa-mais-fofa-do-ano-aniversario-da-lais-vestida-de-masha\/","title":{"rendered":"A festa mais fofa do ano: Anivers\u00e1rio da Lais vestida de Masha"},"content":{"rendered":"\n<p>O anivers\u00e1rio de 2 anos da Lais na Pompeia foi uma festa encantadora, com o tema da Masha e o Urso. A pequena Lais estava vestida de Masha, o que deixou a festa ainda mais fofa e divertida. A decora\u00e7\u00e3o estava caprichada e impec\u00e1vel, com todos os detalhes pensados para que a festa ficasse incr\u00edvel.<\/p>\n\n\n\n<div class=\"wp-block-jetpack-tiled-gallery aligncenter is-style-rectangular\"><div class=\"tiled-gallery__gallery\"><div class=\"tiled-gallery__row\"><div class=\"tiled-gallery__col\" style=\"flex-basis:66.78741%\"><figure class=\"tiled-gallery__item\"><img decoding=\"async\" srcset=\"https:\/\/i1.wp.com\/biancamachado.com.br\/blog\/wp-content\/uploads\/2023\/05\/002-1-1024x683.jpg?strip=info&#038;w=600&#038;ssl=1 600w,https:\/\/i1.wp.com\/biancamachado.com.br\/blog\/wp-content\/uploads\/2023\/05\/002-1-1024x683.jpg?strip=info&#038;w=900&#038;ssl=1 900w,https:\/\/i1.wp.com\/biancamachado.com.br\/blog\/wp-content\/uploads\/2023\/05\/002-1-1024x683.jpg?strip=info&#038;w=1200&#038;ssl=1 1200w,https:\/\/i1.wp.com\/biancamachado.com.br\/blog\/wp-content\/uploads\/2023\/05\/002-1-1024x683.jpg?strip=info&#038;w=1500&#038;ssl=1 1500w,https:\/\/i1.wp.com\/biancamachado.com.br\/blog\/wp-content\/uploads\/2023\/05\/002-1-1024x683.jpg?strip=info&#038;w=1800&#038;ssl=1 1800w,https:\/\/i1.wp.com\/biancamachado.com.br\/blog\/wp-content\/uploads\/2023\/05\/002-1-1024x683.jpg?strip=info&#038;w=2000&#038;ssl=1 2000w\" alt=\"fotos profissionais de festa de anivers\u00e1rio\" data-height=\"1707\" data-id=\"4742\" data-link=\"https:\/\/biancamachado.com.br\/blog\/?attachment_id=4742\" data-url=\"https:\/\/biancamachado.com.br\/blog\/wp-content\/uploads\/2023\/05\/002-1-1024x683.jpg\" data-width=\"2560\" src=\"https:\/\/i1.wp.com\/biancamachado.com.br\/blog\/wp-content\/uploads\/2023\/05\/002-1-1024x683.jpg?ssl=1\" data-amp-layout=\"responsive\"\/><\/figure><\/div><div class=\"tiled-gallery__col\" style=\"flex-basis:33.21259%\"><figure class=\"tiled-gallery__item\"><img decoding=\"async\" srcset=\"https:\/\/i1.wp.com\/biancamachado.com.br\/blog\/wp-content\/uploads\/2023\/05\/293-1024x683.jpg?strip=info&#038;w=600&#038;ssl=1 600w,https:\/\/i1.wp.com\/biancamachado.com.br\/blog\/wp-content\/uploads\/2023\/05\/293-1024x683.jpg?strip=info&#038;w=900&#038;ssl=1 900w,https:\/\/i1.wp.com\/biancamachado.com.br\/blog\/wp-content\/uploads\/2023\/05\/293-1024x683.jpg?strip=info&#038;w=1200&#038;ssl=1 1200w,https:\/\/i1.wp.com\/biancamachado.com.br\/blog\/wp-content\/uploads\/2023\/05\/293-1024x683.jpg?strip=info&#038;w=1500&#038;ssl=1 1500w,https:\/\/i1.wp.com\/biancamachado.com.br\/blog\/wp-content\/uploads\/2023\/05\/293-1024x683.jpg?strip=info&#038;w=1800&#038;ssl=1 1800w,https:\/\/i1.wp.com\/biancamachado.com.br\/blog\/wp-content\/uploads\/2023\/05\/293-1024x683.jpg?strip=info&#038;w=2000&#038;ssl=1 2000w\" alt=\"festa de anivers\u00e1rio tema masha e o urso\" data-height=\"1707\" data-id=\"4740\" data-link=\"https:\/\/biancamachado.com.br\/blog\/?attachment_id=4740\" data-url=\"https:\/\/biancamachado.com.br\/blog\/wp-content\/uploads\/2023\/05\/293-1024x683.jpg\" data-width=\"2560\" src=\"https:\/\/i1.wp.com\/biancamachado.com.br\/blog\/wp-content\/uploads\/2023\/05\/293-1024x683.jpg?ssl=1\" data-amp-layout=\"responsive\"\/><\/figure><figure class=\"tiled-gallery__item\"><img decoding=\"async\" srcset=\"https:\/\/i0.wp.com\/biancamachado.com.br\/blog\/wp-content\/uploads\/2023\/05\/001-1-1024x683.jpg?strip=info&#038;w=600&#038;ssl=1 600w,https:\/\/i0.wp.com\/biancamachado.com.br\/blog\/wp-content\/uploads\/2023\/05\/001-1-1024x683.jpg?strip=info&#038;w=900&#038;ssl=1 900w,https:\/\/i0.wp.com\/biancamachado.com.br\/blog\/wp-content\/uploads\/2023\/05\/001-1-1024x683.jpg?strip=info&#038;w=1200&#038;ssl=1 1200w,https:\/\/i0.wp.com\/biancamachado.com.br\/blog\/wp-content\/uploads\/2023\/05\/001-1-1024x683.jpg?strip=info&#038;w=1500&#038;ssl=1 1500w,https:\/\/i0.wp.com\/biancamachado.com.br\/blog\/wp-content\/uploads\/2023\/05\/001-1-1024x683.jpg?strip=info&#038;w=1800&#038;ssl=1 1800w,https:\/\/i0.wp.com\/biancamachado.com.br\/blog\/wp-content\/uploads\/2023\/05\/001-1-1024x683.jpg?strip=info&#038;w=2000&#038;ssl=1 2000w\" alt=\"fotos de anivers\u00e1rio de 2 anos\" data-height=\"1707\" data-id=\"4741\" data-link=\"https:\/\/biancamachado.com.br\/blog\/?attachment_id=4741\" data-url=\"https:\/\/biancamachado.com.br\/blog\/wp-content\/uploads\/2023\/05\/001-1-1024x683.jpg\" data-width=\"2560\" src=\"https:\/\/i0.wp.com\/biancamachado.com.br\/blog\/wp-content\/uploads\/2023\/05\/001-1-1024x683.jpg?ssl=1\" data-amp-layout=\"responsive\"\/><\/figure><\/div><\/div><div class=\"tiled-gallery__row\"><div class=\"tiled-gallery__col\" style=\"flex-basis:33.33333%\"><figure class=\"tiled-gallery__item\"><img decoding=\"async\" srcset=\"https:\/\/i0.wp.com\/biancamachado.com.br\/blog\/wp-content\/uploads\/2023\/05\/003-1024x683.jpg?strip=info&#038;w=600&#038;ssl=1 600w,https:\/\/i0.wp.com\/biancamachado.com.br\/blog\/wp-content\/uploads\/2023\/05\/003-1024x683.jpg?strip=info&#038;w=900&#038;ssl=1 900w,https:\/\/i0.wp.com\/biancamachado.com.br\/blog\/wp-content\/uploads\/2023\/05\/003-1024x683.jpg?strip=info&#038;w=1200&#038;ssl=1 1200w,https:\/\/i0.wp.com\/biancamachado.com.br\/blog\/wp-content\/uploads\/2023\/05\/003-1024x683.jpg?strip=info&#038;w=1500&#038;ssl=1 1500w,https:\/\/i0.wp.com\/biancamachado.com.br\/blog\/wp-content\/uploads\/2023\/05\/003-1024x683.jpg?strip=info&#038;w=1800&#038;ssl=1 1800w,https:\/\/i0.wp.com\/biancamachado.com.br\/blog\/wp-content\/uploads\/2023\/05\/003-1024x683.jpg?strip=info&#038;w=2000&#038;ssl=1 2000w\" alt=\"melhores fotografias de anivers\u00e1rio\" data-height=\"1707\" data-id=\"4743\" data-link=\"https:\/\/biancamachado.com.br\/blog\/?attachment_id=4743\" data-url=\"https:\/\/biancamachado.com.br\/blog\/wp-content\/uploads\/2023\/05\/003-1024x683.jpg\" data-width=\"2560\" src=\"https:\/\/i0.wp.com\/biancamachado.com.br\/blog\/wp-content\/uploads\/2023\/05\/003-1024x683.jpg?ssl=1\" data-amp-layout=\"responsive\"\/><\/figure><\/div><div class=\"tiled-gallery__col\" style=\"flex-basis:33.33333%\"><figure class=\"tiled-gallery__item\"><img decoding=\"async\" srcset=\"https:\/\/i0.wp.com\/biancamachado.com.br\/blog\/wp-content\/uploads\/2023\/05\/004-1024x683.jpg?strip=info&#038;w=600&#038;ssl=1 600w,https:\/\/i0.wp.com\/biancamachado.com.br\/blog\/wp-content\/uploads\/2023\/05\/004-1024x683.jpg?strip=info&#038;w=900&#038;ssl=1 900w,https:\/\/i0.wp.com\/biancamachado.com.br\/blog\/wp-content\/uploads\/2023\/05\/004-1024x683.jpg?strip=info&#038;w=1200&#038;ssl=1 1200w,https:\/\/i0.wp.com\/biancamachado.com.br\/blog\/wp-content\/uploads\/2023\/05\/004-1024x683.jpg?strip=info&#038;w=1500&#038;ssl=1 1500w,https:\/\/i0.wp.com\/biancamachado.com.br\/blog\/wp-content\/uploads\/2023\/05\/004-1024x683.jpg?strip=info&#038;w=1800&#038;ssl=1 1800w,https:\/\/i0.wp.com\/biancamachado.com.br\/blog\/wp-content\/uploads\/2023\/05\/004-1024x683.jpg?strip=info&#038;w=2000&#038;ssl=1 2000w\" alt=\"fotos anivers\u00e1rio masha e o urso\" data-height=\"1707\" data-id=\"4744\" data-link=\"https:\/\/biancamachado.com.br\/blog\/?attachment_id=4744\" data-url=\"https:\/\/biancamachado.com.br\/blog\/wp-content\/uploads\/2023\/05\/004-1024x683.jpg\" data-width=\"2560\" src=\"https:\/\/i0.wp.com\/biancamachado.com.br\/blog\/wp-content\/uploads\/2023\/05\/004-1024x683.jpg?ssl=1\" data-amp-layout=\"responsive\"\/><\/figure><\/div><div class=\"tiled-gallery__col\" style=\"flex-basis:33.33333%\"><figure class=\"tiled-gallery__item\"><img decoding=\"async\" srcset=\"https:\/\/i2.wp.com\/biancamachado.com.br\/blog\/wp-content\/uploads\/2023\/05\/005-1-1024x683.jpg?strip=info&#038;w=600&#038;ssl=1 600w,https:\/\/i2.wp.com\/biancamachado.com.br\/blog\/wp-content\/uploads\/2023\/05\/005-1-1024x683.jpg?strip=info&#038;w=900&#038;ssl=1 900w,https:\/\/i2.wp.com\/biancamachado.com.br\/blog\/wp-content\/uploads\/2023\/05\/005-1-1024x683.jpg?strip=info&#038;w=1200&#038;ssl=1 1200w,https:\/\/i2.wp.com\/biancamachado.com.br\/blog\/wp-content\/uploads\/2023\/05\/005-1-1024x683.jpg?strip=info&#038;w=1500&#038;ssl=1 1500w,https:\/\/i2.wp.com\/biancamachado.com.br\/blog\/wp-content\/uploads\/2023\/05\/005-1-1024x683.jpg?strip=info&#038;w=1800&#038;ssl=1 1800w,https:\/\/i2.wp.com\/biancamachado.com.br\/blog\/wp-content\/uploads\/2023\/05\/005-1-1024x683.jpg?strip=info&#038;w=2000&#038;ssl=1 2000w\" alt=\"decora\u00e7\u00e3o masha e o urso\" data-height=\"1707\" data-id=\"4745\" data-link=\"https:\/\/biancamachado.com.br\/blog\/?attachment_id=4745\" data-url=\"https:\/\/biancamachado.com.br\/blog\/wp-content\/uploads\/2023\/05\/005-1-1024x683.jpg\" data-width=\"2560\" src=\"https:\/\/i2.wp.com\/biancamachado.com.br\/blog\/wp-content\/uploads\/2023\/05\/005-1-1024x683.jpg?ssl=1\" data-amp-layout=\"responsive\"\/><\/figure><\/div><\/div><div class=\"tiled-gallery__row\"><div class=\"tiled-gallery__col\" style=\"flex-basis:33.21259%\"><figure class=\"tiled-gallery__item\"><img decoding=\"async\" srcset=\"https:\/\/i0.wp.com\/biancamachado.com.br\/blog\/wp-content\/uploads\/2023\/05\/011-1024x683.jpg?strip=info&#038;w=600&#038;ssl=1 600w,https:\/\/i0.wp.com\/biancamachado.com.br\/blog\/wp-content\/uploads\/2023\/05\/011-1024x683.jpg?strip=info&#038;w=900&#038;ssl=1 900w,https:\/\/i0.wp.com\/biancamachado.com.br\/blog\/wp-content\/uploads\/2023\/05\/011-1024x683.jpg?strip=info&#038;w=1200&#038;ssl=1 1200w,https:\/\/i0.wp.com\/biancamachado.com.br\/blog\/wp-content\/uploads\/2023\/05\/011-1024x683.jpg?strip=info&#038;w=1500&#038;ssl=1 1500w,https:\/\/i0.wp.com\/biancamachado.com.br\/blog\/wp-content\/uploads\/2023\/05\/011-1024x683.jpg?strip=info&#038;w=1800&#038;ssl=1 1800w,https:\/\/i0.wp.com\/biancamachado.com.br\/blog\/wp-content\/uploads\/2023\/05\/011-1024x683.jpg?strip=info&#038;w=2000&#038;ssl=1 2000w\" alt=\"fotos decora\u00e7\u00e3o festa infantil\" data-height=\"1707\" data-id=\"4746\" data-link=\"https:\/\/biancamachado.com.br\/blog\/?attachment_id=4746\" data-url=\"https:\/\/biancamachado.com.br\/blog\/wp-content\/uploads\/2023\/05\/011-1024x683.jpg\" data-width=\"2560\" src=\"https:\/\/i0.wp.com\/biancamachado.com.br\/blog\/wp-content\/uploads\/2023\/05\/011-1024x683.jpg?ssl=1\" data-amp-layout=\"responsive\"\/><\/figure><figure class=\"tiled-gallery__item\"><img decoding=\"async\" srcset=\"https:\/\/i0.wp.com\/biancamachado.com.br\/blog\/wp-content\/uploads\/2023\/05\/012-1024x683.jpg?strip=info&#038;w=600&#038;ssl=1 600w,https:\/\/i0.wp.com\/biancamachado.com.br\/blog\/wp-content\/uploads\/2023\/05\/012-1024x683.jpg?strip=info&#038;w=900&#038;ssl=1 900w,https:\/\/i0.wp.com\/biancamachado.com.br\/blog\/wp-content\/uploads\/2023\/05\/012-1024x683.jpg?strip=info&#038;w=1200&#038;ssl=1 1200w,https:\/\/i0.wp.com\/biancamachado.com.br\/blog\/wp-content\/uploads\/2023\/05\/012-1024x683.jpg?strip=info&#038;w=1500&#038;ssl=1 1500w,https:\/\/i0.wp.com\/biancamachado.com.br\/blog\/wp-content\/uploads\/2023\/05\/012-1024x683.jpg?strip=info&#038;w=1800&#038;ssl=1 1800w,https:\/\/i0.wp.com\/biancamachado.com.br\/blog\/wp-content\/uploads\/2023\/05\/012-1024x683.jpg?strip=info&#038;w=2000&#038;ssl=1 2000w\" alt=\"fotografias profissionais festa\" data-height=\"1707\" data-id=\"4747\" data-link=\"https:\/\/biancamachado.com.br\/blog\/?attachment_id=4747\" data-url=\"https:\/\/biancamachado.com.br\/blog\/wp-content\/uploads\/2023\/05\/012-1024x683.jpg\" data-width=\"2560\" src=\"https:\/\/i0.wp.com\/biancamachado.com.br\/blog\/wp-content\/uploads\/2023\/05\/012-1024x683.jpg?ssl=1\" data-amp-layout=\"responsive\"\/><\/figure><\/div><div class=\"tiled-gallery__col\" style=\"flex-basis:66.78741%\"><figure class=\"tiled-gallery__item\"><img decoding=\"async\" srcset=\"https:\/\/i0.wp.com\/biancamachado.com.br\/blog\/wp-content\/uploads\/2023\/05\/065-1024x683.jpg?strip=info&#038;w=600&#038;ssl=1 600w,https:\/\/i0.wp.com\/biancamachado.com.br\/blog\/wp-content\/uploads\/2023\/05\/065-1024x683.jpg?strip=info&#038;w=900&#038;ssl=1 900w,https:\/\/i0.wp.com\/biancamachado.com.br\/blog\/wp-content\/uploads\/2023\/05\/065-1024x683.jpg?strip=info&#038;w=1200&#038;ssl=1 1200w,https:\/\/i0.wp.com\/biancamachado.com.br\/blog\/wp-content\/uploads\/2023\/05\/065-1024x683.jpg?strip=info&#038;w=1500&#038;ssl=1 1500w,https:\/\/i0.wp.com\/biancamachado.com.br\/blog\/wp-content\/uploads\/2023\/05\/065-1024x683.jpg?strip=info&#038;w=1800&#038;ssl=1 1800w,https:\/\/i0.wp.com\/biancamachado.com.br\/blog\/wp-content\/uploads\/2023\/05\/065-1024x683.jpg?strip=info&#038;w=2000&#038;ssl=1 2000w\" alt=\"fotos de festa infantil pomp\u00e9ia\" data-height=\"1707\" data-id=\"4748\" data-link=\"https:\/\/biancamachado.com.br\/blog\/?attachment_id=4748\" data-url=\"https:\/\/biancamachado.com.br\/blog\/wp-content\/uploads\/2023\/05\/065-1024x683.jpg\" data-width=\"2560\" src=\"https:\/\/i0.wp.com\/biancamachado.com.br\/blog\/wp-content\/uploads\/2023\/05\/065-1024x683.jpg?ssl=1\" data-amp-layout=\"responsive\"\/><\/figure><\/div><\/div><div class=\"tiled-gallery__row\"><div class=\"tiled-gallery__col\" style=\"flex-basis:50.00000%\"><figure class=\"tiled-gallery__item\"><img decoding=\"async\" srcset=\"https:\/\/i2.wp.com\/biancamachado.com.br\/blog\/wp-content\/uploads\/2023\/05\/095-1024x683.jpg?strip=info&#038;w=600&#038;ssl=1 600w,https:\/\/i2.wp.com\/biancamachado.com.br\/blog\/wp-content\/uploads\/2023\/05\/095-1024x683.jpg?strip=info&#038;w=900&#038;ssl=1 900w,https:\/\/i2.wp.com\/biancamachado.com.br\/blog\/wp-content\/uploads\/2023\/05\/095-1024x683.jpg?strip=info&#038;w=1200&#038;ssl=1 1200w,https:\/\/i2.wp.com\/biancamachado.com.br\/blog\/wp-content\/uploads\/2023\/05\/095-1024x683.jpg?strip=info&#038;w=1500&#038;ssl=1 1500w,https:\/\/i2.wp.com\/biancamachado.com.br\/blog\/wp-content\/uploads\/2023\/05\/095-1024x683.jpg?strip=info&#038;w=1800&#038;ssl=1 1800w,https:\/\/i2.wp.com\/biancamachado.com.br\/blog\/wp-content\/uploads\/2023\/05\/095-1024x683.jpg?strip=info&#038;w=2000&#038;ssl=1 2000w\" alt=\"fotogradfia infantil anivers\u00e1rio\" data-height=\"1707\" data-id=\"4749\" data-link=\"https:\/\/biancamachado.com.br\/blog\/?attachment_id=4749\" data-url=\"https:\/\/biancamachado.com.br\/blog\/wp-content\/uploads\/2023\/05\/095-1024x683.jpg\" data-width=\"2560\" src=\"https:\/\/i2.wp.com\/biancamachado.com.br\/blog\/wp-content\/uploads\/2023\/05\/095-1024x683.jpg?ssl=1\" data-amp-layout=\"responsive\"\/><\/figure><\/div><div class=\"tiled-gallery__col\" style=\"flex-basis:50.00000%\"><figure class=\"tiled-gallery__item\"><img decoding=\"async\" srcset=\"https:\/\/i2.wp.com\/biancamachado.com.br\/blog\/wp-content\/uploads\/2023\/05\/148-1024x683.jpg?strip=info&#038;w=600&#038;ssl=1 600w,https:\/\/i2.wp.com\/biancamachado.com.br\/blog\/wp-content\/uploads\/2023\/05\/148-1024x683.jpg?strip=info&#038;w=900&#038;ssl=1 900w,https:\/\/i2.wp.com\/biancamachado.com.br\/blog\/wp-content\/uploads\/2023\/05\/148-1024x683.jpg?strip=info&#038;w=1200&#038;ssl=1 1200w,https:\/\/i2.wp.com\/biancamachado.com.br\/blog\/wp-content\/uploads\/2023\/05\/148-1024x683.jpg?strip=info&#038;w=1500&#038;ssl=1 1500w,https:\/\/i2.wp.com\/biancamachado.com.br\/blog\/wp-content\/uploads\/2023\/05\/148-1024x683.jpg?strip=info&#038;w=1800&#038;ssl=1 1800w,https:\/\/i2.wp.com\/biancamachado.com.br\/blog\/wp-content\/uploads\/2023\/05\/148-1024x683.jpg?strip=info&#038;w=2000&#038;ssl=1 2000w\" alt=\"fotos divertidas de crian\u00e7as\" data-height=\"1707\" data-id=\"4750\" data-link=\"https:\/\/biancamachado.com.br\/blog\/?attachment_id=4750\" data-url=\"https:\/\/biancamachado.com.br\/blog\/wp-content\/uploads\/2023\/05\/148-1024x683.jpg\" data-width=\"2560\" src=\"https:\/\/i2.wp.com\/biancamachado.com.br\/blog\/wp-content\/uploads\/2023\/05\/148-1024x683.jpg?ssl=1\" data-amp-layout=\"responsive\"\/><\/figure><\/div><\/div><div class=\"tiled-gallery__row\"><div class=\"tiled-gallery__col\" style=\"flex-basis:66.78741%\"><figure class=\"tiled-gallery__item\"><img decoding=\"async\" srcset=\"https:\/\/i0.wp.com\/biancamachado.com.br\/blog\/wp-content\/uploads\/2023\/05\/171-1024x683.jpg?strip=info&#038;w=600&#038;ssl=1 600w,https:\/\/i0.wp.com\/biancamachado.com.br\/blog\/wp-content\/uploads\/2023\/05\/171-1024x683.jpg?strip=info&#038;w=900&#038;ssl=1 900w,https:\/\/i0.wp.com\/biancamachado.com.br\/blog\/wp-content\/uploads\/2023\/05\/171-1024x683.jpg?strip=info&#038;w=1200&#038;ssl=1 1200w,https:\/\/i0.wp.com\/biancamachado.com.br\/blog\/wp-content\/uploads\/2023\/05\/171-1024x683.jpg?strip=info&#038;w=1500&#038;ssl=1 1500w,https:\/\/i0.wp.com\/biancamachado.com.br\/blog\/wp-content\/uploads\/2023\/05\/171-1024x683.jpg?strip=info&#038;w=1800&#038;ssl=1 1800w,https:\/\/i0.wp.com\/biancamachado.com.br\/blog\/wp-content\/uploads\/2023\/05\/171-1024x683.jpg?strip=info&#038;w=2000&#038;ssl=1 2000w\" alt=\"foto profissional de festa infantil\" data-height=\"1707\" data-id=\"4752\" data-link=\"https:\/\/biancamachado.com.br\/blog\/?attachment_id=4752\" data-url=\"https:\/\/biancamachado.com.br\/blog\/wp-content\/uploads\/2023\/05\/171-1024x683.jpg\" data-width=\"2560\" src=\"https:\/\/i0.wp.com\/biancamachado.com.br\/blog\/wp-content\/uploads\/2023\/05\/171-1024x683.jpg?ssl=1\" data-amp-layout=\"responsive\"\/><\/figure><\/div><div class=\"tiled-gallery__col\" style=\"flex-basis:33.21259%\"><figure class=\"tiled-gallery__item\"><img decoding=\"async\" srcset=\"https:\/\/i0.wp.com\/biancamachado.com.br\/blog\/wp-content\/uploads\/2023\/05\/193-1024x683.jpg?strip=info&#038;w=600&#038;ssl=1 600w,https:\/\/i0.wp.com\/biancamachado.com.br\/blog\/wp-content\/uploads\/2023\/05\/193-1024x683.jpg?strip=info&#038;w=900&#038;ssl=1 900w,https:\/\/i0.wp.com\/biancamachado.com.br\/blog\/wp-content\/uploads\/2023\/05\/193-1024x683.jpg?strip=info&#038;w=1200&#038;ssl=1 1200w,https:\/\/i0.wp.com\/biancamachado.com.br\/blog\/wp-content\/uploads\/2023\/05\/193-1024x683.jpg?strip=info&#038;w=1500&#038;ssl=1 1500w,https:\/\/i0.wp.com\/biancamachado.com.br\/blog\/wp-content\/uploads\/2023\/05\/193-1024x683.jpg?strip=info&#038;w=1800&#038;ssl=1 1800w,https:\/\/i0.wp.com\/biancamachado.com.br\/blog\/wp-content\/uploads\/2023\/05\/193-1024x683.jpg?strip=info&#038;w=2000&#038;ssl=1 2000w\" alt=\"fotografias de anivers\u00e1rio infantil\" data-height=\"1707\" data-id=\"4753\" data-link=\"https:\/\/biancamachado.com.br\/blog\/?attachment_id=4753\" data-url=\"https:\/\/biancamachado.com.br\/blog\/wp-content\/uploads\/2023\/05\/193-1024x683.jpg\" data-width=\"2560\" src=\"https:\/\/i0.wp.com\/biancamachado.com.br\/blog\/wp-content\/uploads\/2023\/05\/193-1024x683.jpg?ssl=1\" data-amp-layout=\"responsive\"\/><\/figure><figure class=\"tiled-gallery__item\"><img decoding=\"async\" srcset=\"https:\/\/i0.wp.com\/biancamachado.com.br\/blog\/wp-content\/uploads\/2023\/05\/199-1024x683.jpg?strip=info&#038;w=600&#038;ssl=1 600w,https:\/\/i0.wp.com\/biancamachado.com.br\/blog\/wp-content\/uploads\/2023\/05\/199-1024x683.jpg?strip=info&#038;w=900&#038;ssl=1 900w,https:\/\/i0.wp.com\/biancamachado.com.br\/blog\/wp-content\/uploads\/2023\/05\/199-1024x683.jpg?strip=info&#038;w=1200&#038;ssl=1 1200w,https:\/\/i0.wp.com\/biancamachado.com.br\/blog\/wp-content\/uploads\/2023\/05\/199-1024x683.jpg?strip=info&#038;w=1500&#038;ssl=1 1500w,https:\/\/i0.wp.com\/biancamachado.com.br\/blog\/wp-content\/uploads\/2023\/05\/199-1024x683.jpg?strip=info&#038;w=1800&#038;ssl=1 1800w,https:\/\/i0.wp.com\/biancamachado.com.br\/blog\/wp-content\/uploads\/2023\/05\/199-1024x683.jpg?strip=info&#038;w=2000&#038;ssl=1 2000w\" alt=\"fotos profissionais de anivers\u00e1rio de 2 anos\" data-height=\"1707\" data-id=\"4754\" data-link=\"https:\/\/biancamachado.com.br\/blog\/?attachment_id=4754\" data-url=\"https:\/\/biancamachado.com.br\/blog\/wp-content\/uploads\/2023\/05\/199-1024x683.jpg\" data-width=\"2560\" src=\"https:\/\/i0.wp.com\/biancamachado.com.br\/blog\/wp-content\/uploads\/2023\/05\/199-1024x683.jpg?ssl=1\" data-amp-layout=\"responsive\"\/><\/figure><\/div><\/div><div class=\"tiled-gallery__row\"><div class=\"tiled-gallery__col\" style=\"flex-basis:50.00000%\"><figure class=\"tiled-gallery__item\"><img decoding=\"async\" srcset=\"https:\/\/i2.wp.com\/biancamachado.com.br\/blog\/wp-content\/uploads\/2023\/05\/207-1024x683.jpg?strip=info&#038;w=600&#038;ssl=1 600w,https:\/\/i2.wp.com\/biancamachado.com.br\/blog\/wp-content\/uploads\/2023\/05\/207-1024x683.jpg?strip=info&#038;w=900&#038;ssl=1 900w,https:\/\/i2.wp.com\/biancamachado.com.br\/blog\/wp-content\/uploads\/2023\/05\/207-1024x683.jpg?strip=info&#038;w=1200&#038;ssl=1 1200w,https:\/\/i2.wp.com\/biancamachado.com.br\/blog\/wp-content\/uploads\/2023\/05\/207-1024x683.jpg?strip=info&#038;w=1500&#038;ssl=1 1500w,https:\/\/i2.wp.com\/biancamachado.com.br\/blog\/wp-content\/uploads\/2023\/05\/207-1024x683.jpg?strip=info&#038;w=1800&#038;ssl=1 1800w,https:\/\/i2.wp.com\/biancamachado.com.br\/blog\/wp-content\/uploads\/2023\/05\/207-1024x683.jpg?strip=info&#038;w=2000&#038;ssl=1 2000w\" alt=\"fotos fofas de crian\u00e7as\" data-height=\"1707\" data-id=\"4755\" data-link=\"https:\/\/biancamachado.com.br\/blog\/?attachment_id=4755\" data-url=\"https:\/\/biancamachado.com.br\/blog\/wp-content\/uploads\/2023\/05\/207-1024x683.jpg\" data-width=\"2560\" src=\"https:\/\/i2.wp.com\/biancamachado.com.br\/blog\/wp-content\/uploads\/2023\/05\/207-1024x683.jpg?ssl=1\" data-amp-layout=\"responsive\"\/><\/figure><\/div><div class=\"tiled-gallery__col\" style=\"flex-basis:50.00000%\"><figure class=\"tiled-gallery__item\"><img decoding=\"async\" srcset=\"https:\/\/i1.wp.com\/biancamachado.com.br\/blog\/wp-content\/uploads\/2023\/05\/238-1024x683.jpg?strip=info&#038;w=600&#038;ssl=1 600w,https:\/\/i1.wp.com\/biancamachado.com.br\/blog\/wp-content\/uploads\/2023\/05\/238-1024x683.jpg?strip=info&#038;w=900&#038;ssl=1 900w,https:\/\/i1.wp.com\/biancamachado.com.br\/blog\/wp-content\/uploads\/2023\/05\/238-1024x683.jpg?strip=info&#038;w=1200&#038;ssl=1 1200w,https:\/\/i1.wp.com\/biancamachado.com.br\/blog\/wp-content\/uploads\/2023\/05\/238-1024x683.jpg?strip=info&#038;w=1500&#038;ssl=1 1500w,https:\/\/i1.wp.com\/biancamachado.com.br\/blog\/wp-content\/uploads\/2023\/05\/238-1024x683.jpg?strip=info&#038;w=1800&#038;ssl=1 1800w,https:\/\/i1.wp.com\/biancamachado.com.br\/blog\/wp-content\/uploads\/2023\/05\/238-1024x683.jpg?strip=info&#038;w=2000&#038;ssl=1 2000w\" alt=\"anima\u00e7\u00e3o de festa infantil\" data-height=\"1707\" data-id=\"4756\" data-link=\"https:\/\/biancamachado.com.br\/blog\/?attachment_id=4756\" data-url=\"https:\/\/biancamachado.com.br\/blog\/wp-content\/uploads\/2023\/05\/238-1024x683.jpg\" data-width=\"2560\" src=\"https:\/\/i1.wp.com\/biancamachado.com.br\/blog\/wp-content\/uploads\/2023\/05\/238-1024x683.jpg?ssl=1\" data-amp-layout=\"responsive\"\/><\/figure><\/div><\/div><\/div><\/div>\n\n\n\n<p>A fam\u00edlia da Lais era muito animada e todos estavam radiantes naquele dia. A presen\u00e7a dos animadores, com brincadeiras e atividades para as crian\u00e7as, tornou a festa ainda mais especial. As crian\u00e7as se divertiram bastante e puderam aproveitar cada momento da comemora\u00e7\u00e3o.<\/p>\n\n\n\n<p>As fotos do anivers\u00e1rio da Lais na Pompeia ficaram lindas e capturaram com perfei\u00e7\u00e3o toda a alegria e emo\u00e7\u00e3o da festa. A felicidade estampada no rosto da aniversariante e de seus convidados foi registrada de forma \u00fanica e especial, para que esses momentos fiquem para sempre na mem\u00f3ria de todos.<\/p>\n\n\n\n<p>O anivers\u00e1rio da Lais na Pompeia foi uma festa inesquec\u00edvel, que certamente ficar\u00e1 marcada na mem\u00f3ria de todos os presentes. A uni\u00e3o da fam\u00edlia, a alegria das crian\u00e7as e a magia do tema da Masha e o Urso fizeram daquele dia um momento muito especial, e as fotos registraram toda essa emo\u00e7\u00e3o com perfei\u00e7\u00e3o.<\/p>\nVisite tamb\u00e9m nosso site: www.biancamachado.com.br\r\n(11) 97107-1018\r\n\r\nAtendemos as regi\u00f5es de S\u00e3o Paulo, Sorocaba, Ibi\u00fana, Piedade, Votorantim, Cotia, Itupeva, Jundia\u00ed, It\u00fa e Campinas","protected":false},"excerpt":{"rendered":"<p>O anivers\u00e1rio de 2 anos da Lais na Pompeia foi uma festa encantadora, com o tema da Masha e o Urso. A pequena Lais estava vestida de Masha, o que deixou a festa ainda mais fofa e divertida. A decora\u00e7\u00e3o estava caprichada e impec\u00e1vel, com todos os detalhes pensados para que a festa ficasse incr\u00edvel.<\/p>\n","protected":false},"author":1,"featured_media":4742,"comment_status":"open","ping_status":"open","sticky":false,"template":"","format":"standard","meta":{"_monsterinsights_skip_tracking":false,"_monsterinsights_sitenote_active":false,"_monsterinsights_sitenote_note":"","_monsterinsights_sitenote_category":0,"jetpack_post_was_ever_published":false,"_jetpack_newsletter_access":"","_jetpack_dont_email_post_to_subs":false,"_jetpack_newsletter_tier_id":0,"_jetpack_memberships_contains_paywalled_content":false,"_jetpack_memberships_contains_paid_content":false,"_joinchat":[],"footnotes":""},"categories":[319],"tags":[538,397,383,370,334,415,1135,1136],"class_list":["post-4738","post","type-post","status-publish","format-standard","has-post-thumbnail","hentry","category-festa-infantil-aniversario","tag-aniversario-infantil","tag-festa-infantil","tag-festa-infantil-fotos","tag-fotografia","tag-fotografia-profissional-para-familias","tag-fotos-aniversario-infantil","tag-masha-e-o-urso","tag-pompeia"],"yoast_head":"<!-- This site is optimized with the Yoast SEO plugin v27.5 - https:\/\/yoast.com\/product\/yoast-seo-wordpress\/ -->\n<title>A festa mais fofa do ano: Anivers\u00e1rio da Lais vestida de Masha - STUDIO BIANCA MACHADO<\/title>\n<meta name=\"description\" content=\"O anivers\u00e1rio de 2 anos da Lais na Pompeia foi uma festa encantadora, com o tema da Masha e o Urso. A pequena Lais estava vestida de Masha, o que deixou a festa ainda mais fofa e divertida. A decora\u00e7\u00e3o estava caprichada e impec\u00e1vel, com todos os detalhes pensados para que a festa ficasse incr\u00edvel.\" \/>\n<meta name=\"robots\" content=\"index, follow, max-snippet:-1, max-image-preview:large, max-video-preview:-1\" \/>\n<link rel=\"canonical\" href=\"https:\/\/biancamachado.com.br\/blog\/a-festa-mais-fofa-do-ano-aniversario-da-lais-vestida-de-masha\/\" \/>\n<meta property=\"og:locale\" content=\"pt_BR\" \/>\n<meta property=\"og:type\" content=\"article\" \/>\n<meta property=\"og:title\" content=\"A festa mais fofa do ano: Anivers\u00e1rio da Lais vestida de Masha - STUDIO BIANCA MACHADO\" \/>\n<meta property=\"og:description\" content=\"O anivers\u00e1rio de 2 anos da Lais na Pompeia foi uma festa encantadora, com o tema da Masha e o Urso. A pequena Lais estava vestida de Masha, o que deixou a festa ainda mais fofa e divertida. A decora\u00e7\u00e3o estava caprichada e impec\u00e1vel, com todos os detalhes pensados para que a festa ficasse incr\u00edvel.\" \/>\n<meta property=\"og:url\" content=\"https:\/\/biancamachado.com.br\/blog\/a-festa-mais-fofa-do-ano-aniversario-da-lais-vestida-de-masha\/\" \/>\n<meta property=\"og:site_name\" content=\"STUDIO BIANCA MACHADO\" \/>\n<meta property=\"article:publisher\" content=\"https:\/\/www.facebook.com\/Studiobiancamachado\/\" \/>\n<meta property=\"article:published_time\" content=\"2023-05-02T17:02:21+00:00\" \/>\n<meta property=\"article:modified_time\" content=\"2023-05-02T17:02:22+00:00\" \/>\n<meta property=\"og:image\" content=\"https:\/\/biancamachado.com.br\/blog\/wp-content\/uploads\/2023\/05\/002-1-scaled.jpg?v=1683046459\" \/>\n\t<meta property=\"og:image:width\" content=\"2560\" \/>\n\t<meta property=\"og:image:height\" content=\"1707\" \/>\n\t<meta property=\"og:image:type\" content=\"image\/jpeg\" \/>\n<meta name=\"author\" content=\"biancamachado\" \/>\n<meta name=\"twitter:card\" content=\"summary_large_image\" \/>\n<meta name=\"twitter:label1\" content=\"Escrito por\" \/>\n\t<meta name=\"twitter:data1\" content=\"biancamachado\" \/>\n\t<meta name=\"twitter:label2\" content=\"Est. tempo de leitura\" \/>\n\t<meta name=\"twitter:data2\" content=\"5 minutos\" \/>\n<script type=\"application\/ld+json\" class=\"yoast-schema-graph\">{\"@context\":\"https:\\\/\\\/schema.org\",\"@graph\":[{\"@type\":\"Article\",\"@id\":\"https:\\\/\\\/biancamachado.com.br\\\/blog\\\/a-festa-mais-fofa-do-ano-aniversario-da-lais-vestida-de-masha\\\/#article\",\"isPartOf\":{\"@id\":\"https:\\\/\\\/biancamachado.com.br\\\/blog\\\/a-festa-mais-fofa-do-ano-aniversario-da-lais-vestida-de-masha\\\/\"},\"author\":{\"name\":\"biancamachado\",\"@id\":\"https:\\\/\\\/biancamachado.com.br\\\/blog\\\/#\\\/schema\\\/person\\\/990263800ec5e9bdbbf092a2353550a1\"},\"headline\":\"A festa mais fofa do ano: Anivers\u00e1rio da Lais vestida de Masha\",\"datePublished\":\"2023-05-02T17:02:21+00:00\",\"dateModified\":\"2023-05-02T17:02:22+00:00\",\"mainEntityOfPage\":{\"@id\":\"https:\\\/\\\/biancamachado.com.br\\\/blog\\\/a-festa-mais-fofa-do-ano-aniversario-da-lais-vestida-de-masha\\\/\"},\"wordCount\":234,\"commentCount\":0,\"publisher\":{\"@id\":\"https:\\\/\\\/biancamachado.com.br\\\/blog\\\/#organization\"},\"image\":{\"@id\":\"https:\\\/\\\/biancamachado.com.br\\\/blog\\\/a-festa-mais-fofa-do-ano-aniversario-da-lais-vestida-de-masha\\\/#primaryimage\"},\"thumbnailUrl\":\"https:\\\/\\\/i0.wp.com\\\/biancamachado.com.br\\\/blog\\\/wp-content\\\/uploads\\\/2023\\\/05\\\/002-1-scaled.jpg?fit=2560%2C1707&ssl=1?v=1683046459\",\"keywords\":[\"anivers\u00e1rio infantil\",\"festa infantil\",\"festa infantil fotos\",\"fotografia\",\"fotografia profissional para familias\",\"fotos aniversario infantil\",\"masha e o urso\",\"pomp\u00e9ia\"],\"articleSection\":[\"Festa Infantil \\\/ Anivers\u00e1rio\"],\"inLanguage\":\"pt-BR\",\"potentialAction\":[{\"@type\":\"CommentAction\",\"name\":\"Comment\",\"target\":[\"https:\\\/\\\/biancamachado.com.br\\\/blog\\\/a-festa-mais-fofa-do-ano-aniversario-da-lais-vestida-de-masha\\\/#respond\"]}]},{\"@type\":\"WebPage\",\"@id\":\"https:\\\/\\\/biancamachado.com.br\\\/blog\\\/a-festa-mais-fofa-do-ano-aniversario-da-lais-vestida-de-masha\\\/\",\"url\":\"https:\\\/\\\/biancamachado.com.br\\\/blog\\\/a-festa-mais-fofa-do-ano-aniversario-da-lais-vestida-de-masha\\\/\",\"name\":\"A festa mais fofa do ano: Anivers\u00e1rio da Lais vestida de Masha - STUDIO BIANCA MACHADO\",\"isPartOf\":{\"@id\":\"https:\\\/\\\/biancamachado.com.br\\\/blog\\\/#website\"},\"primaryImageOfPage\":{\"@id\":\"https:\\\/\\\/biancamachado.com.br\\\/blog\\\/a-festa-mais-fofa-do-ano-aniversario-da-lais-vestida-de-masha\\\/#primaryimage\"},\"image\":{\"@id\":\"https:\\\/\\\/biancamachado.com.br\\\/blog\\\/a-festa-mais-fofa-do-ano-aniversario-da-lais-vestida-de-masha\\\/#primaryimage\"},\"thumbnailUrl\":\"https:\\\/\\\/i0.wp.com\\\/biancamachado.com.br\\\/blog\\\/wp-content\\\/uploads\\\/2023\\\/05\\\/002-1-scaled.jpg?fit=2560%2C1707&ssl=1?v=1683046459\",\"datePublished\":\"2023-05-02T17:02:21+00:00\",\"dateModified\":\"2023-05-02T17:02:22+00:00\",\"description\":\"O anivers\u00e1rio de 2 anos da Lais na Pompeia foi uma festa encantadora, com o tema da Masha e o Urso. A pequena Lais estava vestida de Masha, o que deixou a festa ainda mais fofa e divertida. A decora\u00e7\u00e3o estava caprichada e impec\u00e1vel, com todos os detalhes pensados para que a festa ficasse incr\u00edvel.\",\"breadcrumb\":{\"@id\":\"https:\\\/\\\/biancamachado.com.br\\\/blog\\\/a-festa-mais-fofa-do-ano-aniversario-da-lais-vestida-de-masha\\\/#breadcrumb\"},\"inLanguage\":\"pt-BR\",\"potentialAction\":[{\"@type\":\"ReadAction\",\"target\":[\"https:\\\/\\\/biancamachado.com.br\\\/blog\\\/a-festa-mais-fofa-do-ano-aniversario-da-lais-vestida-de-masha\\\/\"]}]},{\"@type\":\"ImageObject\",\"inLanguage\":\"pt-BR\",\"@id\":\"https:\\\/\\\/biancamachado.com.br\\\/blog\\\/a-festa-mais-fofa-do-ano-aniversario-da-lais-vestida-de-masha\\\/#primaryimage\",\"url\":\"https:\\\/\\\/i0.wp.com\\\/biancamachado.com.br\\\/blog\\\/wp-content\\\/uploads\\\/2023\\\/05\\\/002-1-scaled.jpg?fit=2560%2C1707&ssl=1?v=1683046459\",\"contentUrl\":\"https:\\\/\\\/i0.wp.com\\\/biancamachado.com.br\\\/blog\\\/wp-content\\\/uploads\\\/2023\\\/05\\\/002-1-scaled.jpg?fit=2560%2C1707&ssl=1?v=1683046459\",\"width\":2560,\"height\":1707,\"caption\":\"fotos profissionais de festa de anivers\u00e1rio\"},{\"@type\":\"BreadcrumbList\",\"@id\":\"https:\\\/\\\/biancamachado.com.br\\\/blog\\\/a-festa-mais-fofa-do-ano-aniversario-da-lais-vestida-de-masha\\\/#breadcrumb\",\"itemListElement\":[{\"@type\":\"ListItem\",\"position\":1,\"name\":\"In\u00edcio\",\"item\":\"https:\\\/\\\/biancamachado.com.br\\\/blog\\\/\"},{\"@type\":\"ListItem\",\"position\":2,\"name\":\"A festa mais fofa do ano: Anivers\u00e1rio da Lais vestida de Masha\"}]},{\"@type\":\"WebSite\",\"@id\":\"https:\\\/\\\/biancamachado.com.br\\\/blog\\\/#website\",\"url\":\"https:\\\/\\\/biancamachado.com.br\\\/blog\\\/\",\"name\":\"STUDIO BIANCA MACHADO\",\"description\":\"Estudio Fotografico, Ensaios e Books de foto profissional\",\"publisher\":{\"@id\":\"https:\\\/\\\/biancamachado.com.br\\\/blog\\\/#organization\"},\"potentialAction\":[{\"@type\":\"SearchAction\",\"target\":{\"@type\":\"EntryPoint\",\"urlTemplate\":\"https:\\\/\\\/biancamachado.com.br\\\/blog\\\/?s={search_term_string}\"},\"query-input\":{\"@type\":\"PropertyValueSpecification\",\"valueRequired\":true,\"valueName\":\"search_term_string\"}}],\"inLanguage\":\"pt-BR\"},{\"@type\":\"Organization\",\"@id\":\"https:\\\/\\\/biancamachado.com.br\\\/blog\\\/#organization\",\"name\":\"STUDIO BIANCA MACHADO\",\"url\":\"https:\\\/\\\/biancamachado.com.br\\\/blog\\\/\",\"logo\":{\"@type\":\"ImageObject\",\"inLanguage\":\"pt-BR\",\"@id\":\"https:\\\/\\\/biancamachado.com.br\\\/blog\\\/#\\\/schema\\\/logo\\\/image\\\/\",\"url\":\"https:\\\/\\\/i0.wp.com\\\/biancamachado.com.br\\\/blog\\\/wp-content\\\/uploads\\\/2021\\\/02\\\/cropped-logo-ml.jpg?fit=278%2C100&ssl=1\",\"contentUrl\":\"https:\\\/\\\/i0.wp.com\\\/biancamachado.com.br\\\/blog\\\/wp-content\\\/uploads\\\/2021\\\/02\\\/cropped-logo-ml.jpg?fit=278%2C100&ssl=1\",\"width\":278,\"height\":100,\"caption\":\"STUDIO BIANCA MACHADO\"},\"image\":{\"@id\":\"https:\\\/\\\/biancamachado.com.br\\\/blog\\\/#\\\/schema\\\/logo\\\/image\\\/\"},\"sameAs\":[\"https:\\\/\\\/www.facebook.com\\\/Studiobiancamachado\\\/\",\"https:\\\/\\\/www.instagram.com\\\/Studiobiancamachado\\\/\"]},{\"@type\":\"Person\",\"@id\":\"https:\\\/\\\/biancamachado.com.br\\\/blog\\\/#\\\/schema\\\/person\\\/990263800ec5e9bdbbf092a2353550a1\",\"name\":\"biancamachado\",\"image\":{\"@type\":\"ImageObject\",\"inLanguage\":\"pt-BR\",\"@id\":\"https:\\\/\\\/secure.gravatar.com\\\/avatar\\\/62b1a50f2632dbc2e279c3eb55aa46cc324c969cff16a69c59756d155316542c?s=96&d=mm&r=g\",\"url\":\"https:\\\/\\\/secure.gravatar.com\\\/avatar\\\/62b1a50f2632dbc2e279c3eb55aa46cc324c969cff16a69c59756d155316542c?s=96&d=mm&r=g\",\"contentUrl\":\"https:\\\/\\\/secure.gravatar.com\\\/avatar\\\/62b1a50f2632dbc2e279c3eb55aa46cc324c969cff16a69c59756d155316542c?s=96&d=mm&r=g\",\"caption\":\"biancamachado\"},\"sameAs\":[\"https:\\\/\\\/biancamachado.com.br\\\/blog\"],\"url\":\"https:\\\/\\\/biancamachado.com.br\\\/blog\\\/author\\\/biancamachado\\\/\"}]}<\/script>\n<!-- \/ Yoast SEO plugin. -->","yoast_head_json":{"title":"A festa mais fofa do ano: Anivers\u00e1rio da Lais vestida de Masha - STUDIO BIANCA MACHADO","description":"O anivers\u00e1rio de 2 anos da Lais na Pompeia foi uma festa encantadora, com o tema da Masha e o Urso. A pequena Lais estava vestida de Masha, o que deixou a festa ainda mais fofa e divertida. A decora\u00e7\u00e3o estava caprichada e impec\u00e1vel, com todos os detalhes pensados para que a festa ficasse incr\u00edvel.","robots":{"index":"index","follow":"follow","max-snippet":"max-snippet:-1","max-image-preview":"max-image-preview:large","max-video-preview":"max-video-preview:-1"},"canonical":"https:\/\/biancamachado.com.br\/blog\/a-festa-mais-fofa-do-ano-aniversario-da-lais-vestida-de-masha\/","og_locale":"pt_BR","og_type":"article","og_title":"A festa mais fofa do ano: Anivers\u00e1rio da Lais vestida de Masha - STUDIO BIANCA MACHADO","og_description":"O anivers\u00e1rio de 2 anos da Lais na Pompeia foi uma festa encantadora, com o tema da Masha e o Urso. A pequena Lais estava vestida de Masha, o que deixou a festa ainda mais fofa e divertida. A decora\u00e7\u00e3o estava caprichada e impec\u00e1vel, com todos os detalhes pensados para que a festa ficasse incr\u00edvel.","og_url":"https:\/\/biancamachado.com.br\/blog\/a-festa-mais-fofa-do-ano-aniversario-da-lais-vestida-de-masha\/","og_site_name":"STUDIO BIANCA MACHADO","article_publisher":"https:\/\/www.facebook.com\/Studiobiancamachado\/","article_published_time":"2023-05-02T17:02:21+00:00","article_modified_time":"2023-05-02T17:02:22+00:00","og_image":[{"width":2560,"height":1707,"url":"https:\/\/biancamachado.com.br\/blog\/wp-content\/uploads\/2023\/05\/002-1-scaled.jpg?v=1683046459","type":"image\/jpeg"}],"author":"biancamachado","twitter_card":"summary_large_image","twitter_misc":{"Escrito por":"biancamachado","Est. tempo de leitura":"5 minutos"},"schema":{"@context":"https:\/\/schema.org","@graph":[{"@type":"Article","@id":"https:\/\/biancamachado.com.br\/blog\/a-festa-mais-fofa-do-ano-aniversario-da-lais-vestida-de-masha\/#article","isPartOf":{"@id":"https:\/\/biancamachado.com.br\/blog\/a-festa-mais-fofa-do-ano-aniversario-da-lais-vestida-de-masha\/"},"author":{"name":"biancamachado","@id":"https:\/\/biancamachado.com.br\/blog\/#\/schema\/person\/990263800ec5e9bdbbf092a2353550a1"},"headline":"A festa mais fofa do ano: Anivers\u00e1rio da Lais vestida de Masha","datePublished":"2023-05-02T17:02:21+00:00","dateModified":"2023-05-02T17:02:22+00:00","mainEntityOfPage":{"@id":"https:\/\/biancamachado.com.br\/blog\/a-festa-mais-fofa-do-ano-aniversario-da-lais-vestida-de-masha\/"},"wordCount":234,"commentCount":0,"publisher":{"@id":"https:\/\/biancamachado.com.br\/blog\/#organization"},"image":{"@id":"https:\/\/biancamachado.com.br\/blog\/a-festa-mais-fofa-do-ano-aniversario-da-lais-vestida-de-masha\/#primaryimage"},"thumbnailUrl":"https:\/\/i0.wp.com\/biancamachado.com.br\/blog\/wp-content\/uploads\/2023\/05\/002-1-scaled.jpg?fit=2560%2C1707&ssl=1?v=1683046459","keywords":["anivers\u00e1rio infantil","festa infantil","festa infantil fotos","fotografia","fotografia profissional para familias","fotos aniversario infantil","masha e o urso","pomp\u00e9ia"],"articleSection":["Festa Infantil \/ Anivers\u00e1rio"],"inLanguage":"pt-BR","potentialAction":[{"@type":"CommentAction","name":"Comment","target":["https:\/\/biancamachado.com.br\/blog\/a-festa-mais-fofa-do-ano-aniversario-da-lais-vestida-de-masha\/#respond"]}]},{"@type":"WebPage","@id":"https:\/\/biancamachado.com.br\/blog\/a-festa-mais-fofa-do-ano-aniversario-da-lais-vestida-de-masha\/","url":"https:\/\/biancamachado.com.br\/blog\/a-festa-mais-fofa-do-ano-aniversario-da-lais-vestida-de-masha\/","name":"A festa mais fofa do ano: Anivers\u00e1rio da Lais vestida de Masha - STUDIO BIANCA MACHADO","isPartOf":{"@id":"https:\/\/biancamachado.com.br\/blog\/#website"},"primaryImageOfPage":{"@id":"https:\/\/biancamachado.com.br\/blog\/a-festa-mais-fofa-do-ano-aniversario-da-lais-vestida-de-masha\/#primaryimage"},"image":{"@id":"https:\/\/biancamachado.com.br\/blog\/a-festa-mais-fofa-do-ano-aniversario-da-lais-vestida-de-masha\/#primaryimage"},"thumbnailUrl":"https:\/\/i0.wp.com\/biancamachado.com.br\/blog\/wp-content\/uploads\/2023\/05\/002-1-scaled.jpg?fit=2560%2C1707&ssl=1?v=1683046459","datePublished":"2023-05-02T17:02:21+00:00","dateModified":"2023-05-02T17:02:22+00:00","description":"O anivers\u00e1rio de 2 anos da Lais na Pompeia foi uma festa encantadora, com o tema da Masha e o Urso. A pequena Lais estava vestida de Masha, o que deixou a festa ainda mais fofa e divertida. A decora\u00e7\u00e3o estava caprichada e impec\u00e1vel, com todos os detalhes pensados para que a festa ficasse incr\u00edvel.","breadcrumb":{"@id":"https:\/\/biancamachado.com.br\/blog\/a-festa-mais-fofa-do-ano-aniversario-da-lais-vestida-de-masha\/#breadcrumb"},"inLanguage":"pt-BR","potentialAction":[{"@type":"ReadAction","target":["https:\/\/biancamachado.com.br\/blog\/a-festa-mais-fofa-do-ano-aniversario-da-lais-vestida-de-masha\/"]}]},{"@type":"ImageObject","inLanguage":"pt-BR","@id":"https:\/\/biancamachado.com.br\/blog\/a-festa-mais-fofa-do-ano-aniversario-da-lais-vestida-de-masha\/#primaryimage","url":"https:\/\/i0.wp.com\/biancamachado.com.br\/blog\/wp-content\/uploads\/2023\/05\/002-1-scaled.jpg?fit=2560%2C1707&ssl=1?v=1683046459","contentUrl":"https:\/\/i0.wp.com\/biancamachado.com.br\/blog\/wp-content\/uploads\/2023\/05\/002-1-scaled.jpg?fit=2560%2C1707&ssl=1?v=1683046459","width":2560,"height":1707,"caption":"fotos profissionais de festa de anivers\u00e1rio"},{"@type":"BreadcrumbList","@id":"https:\/\/biancamachado.com.br\/blog\/a-festa-mais-fofa-do-ano-aniversario-da-lais-vestida-de-masha\/#breadcrumb","itemListElement":[{"@type":"ListItem","position":1,"name":"In\u00edcio","item":"https:\/\/biancamachado.com.br\/blog\/"},{"@type":"ListItem","position":2,"name":"A festa mais fofa do ano: Anivers\u00e1rio da Lais vestida de Masha"}]},{"@type":"WebSite","@id":"https:\/\/biancamachado.com.br\/blog\/#website","url":"https:\/\/biancamachado.com.br\/blog\/","name":"STUDIO BIANCA MACHADO","description":"Estudio Fotografico, Ensaios e Books de foto profissional","publisher":{"@id":"https:\/\/biancamachado.com.br\/blog\/#organization"},"potentialAction":[{"@type":"SearchAction","target":{"@type":"EntryPoint","urlTemplate":"https:\/\/biancamachado.com.br\/blog\/?s={search_term_string}"},"query-input":{"@type":"PropertyValueSpecification","valueRequired":true,"valueName":"search_term_string"}}],"inLanguage":"pt-BR"},{"@type":"Organization","@id":"https:\/\/biancamachado.com.br\/blog\/#organization","name":"STUDIO BIANCA MACHADO","url":"https:\/\/biancamachado.com.br\/blog\/","logo":{"@type":"ImageObject","inLanguage":"pt-BR","@id":"https:\/\/biancamachado.com.br\/blog\/#\/schema\/logo\/image\/","url":"https:\/\/i0.wp.com\/biancamachado.com.br\/blog\/wp-content\/uploads\/2021\/02\/cropped-logo-ml.jpg?fit=278%2C100&ssl=1","contentUrl":"https:\/\/i0.wp.com\/biancamachado.com.br\/blog\/wp-content\/uploads\/2021\/02\/cropped-logo-ml.jpg?fit=278%2C100&ssl=1","width":278,"height":100,"caption":"STUDIO BIANCA MACHADO"},"image":{"@id":"https:\/\/biancamachado.com.br\/blog\/#\/schema\/logo\/image\/"},"sameAs":["https:\/\/www.facebook.com\/Studiobiancamachado\/","https:\/\/www.instagram.com\/Studiobiancamachado\/"]},{"@type":"Person","@id":"https:\/\/biancamachado.com.br\/blog\/#\/schema\/person\/990263800ec5e9bdbbf092a2353550a1","name":"biancamachado","image":{"@type":"ImageObject","inLanguage":"pt-BR","@id":"https:\/\/secure.gravatar.com\/avatar\/62b1a50f2632dbc2e279c3eb55aa46cc324c969cff16a69c59756d155316542c?s=96&d=mm&r=g","url":"https:\/\/secure.gravatar.com\/avatar\/62b1a50f2632dbc2e279c3eb55aa46cc324c969cff16a69c59756d155316542c?s=96&d=mm&r=g","contentUrl":"https:\/\/secure.gravatar.com\/avatar\/62b1a50f2632dbc2e279c3eb55aa46cc324c969cff16a69c59756d155316542c?s=96&d=mm&r=g","caption":"biancamachado"},"sameAs":["https:\/\/biancamachado.com.br\/blog"],"url":"https:\/\/biancamachado.com.br\/blog\/author\/biancamachado\/"}]}},"jetpack_featured_media_url":"https:\/\/i0.wp.com\/biancamachado.com.br\/blog\/wp-content\/uploads\/2023\/05\/002-1-scaled.jpg?fit=2560%2C1707&ssl=1?v=1683046459","jetpack-related-posts":[],"jetpack_sharing_enabled":true,"_links":{"self":[{"href":"https:\/\/biancamachado.com.br\/blog\/wp-json\/wp\/v2\/posts\/4738","targetHints":{"allow":["GET"]}}],"collection":[{"href":"https:\/\/biancamachado.com.br\/blog\/wp-json\/wp\/v2\/posts"}],"about":[{"href":"https:\/\/biancamachado.com.br\/blog\/wp-json\/wp\/v2\/types\/post"}],"author":[{"embeddable":true,"href":"https:\/\/biancamachado.com.br\/blog\/wp-json\/wp\/v2\/users\/1"}],"replies":[{"embeddable":true,"href":"https:\/\/biancamachado.com.br\/blog\/wp-json\/wp\/v2\/comments?post=4738"}],"version-history":[{"count":1,"href":"https:\/\/biancamachado.com.br\/blog\/wp-json\/wp\/v2\/posts\/4738\/revisions"}],"predecessor-version":[{"id":4757,"href":"https:\/\/biancamachado.com.br\/blog\/wp-json\/wp\/v2\/posts\/4738\/revisions\/4757"}],"wp:featuredmedia":[{"embeddable":true,"href":"https:\/\/biancamachado.com.br\/blog\/wp-json\/wp\/v2\/media\/4742"}],"wp:attachment":[{"href":"https:\/\/biancamachado.com.br\/blog\/wp-json\/wp\/v2\/media?parent=4738"}],"wp:term":[{"taxonomy":"category","embeddable":true,"href":"https:\/\/biancamachado.com.br\/blog\/wp-json\/wp\/v2\/categories?post=4738"},{"taxonomy":"post_tag","embeddable":true,"href":"https:\/\/biancamachado.com.br\/blog\/wp-json\/wp\/v2\/tags?post=4738"}],"curies":[{"name":"wp","href":"https:\/\/api.w.org\/{rel}","templated":true}]}}