{"id":461,"date":"2012-07-18T03:19:00","date_gmt":"2012-07-18T06:19:00","guid":{"rendered":"https:\/\/biancamachado.com.br\/blog\/?p=461"},"modified":"2021-02-18T00:32:02","modified_gmt":"2021-02-18T03:32:02","slug":"fotos-para-festas-infantis-foto-para-festa-de-aniversario","status":"publish","type":"post","link":"https:\/\/biancamachado.com.br\/blog\/fotos-para-festas-infantis-foto-para-festa-de-aniversario\/","title":{"rendered":"Fotos para Festas Infantis &#8211; Foto para Festa de Anivers\u00e1rio"},"content":{"rendered":"<table align=\"center\" cellpadding=\"0\" cellspacing=\"0\" style=\"margin-left: auto; margin-right: auto; text-align: center;\">\n<tbody>\n<tr>\n<td style=\"text-align: center;\">\n<div style=\"text-align: start;\"><\/div>\n<div style=\"text-align: start;\"><\/div>\n<p><a href=\"https:\/\/i0.wp.com\/1.bp.blogspot.com\/-7LkDsY2Pt8A\/UAZRplead5I\/AAAAAAAAGT8\/BCJhAmpIfg0\/s1600\/foto%2Bpara%2Bfesta%2Binfantil.jpg\" style=\"margin-left: auto; margin-right: auto;\"><img data-recalc-dims=\"1\" loading=\"lazy\" decoding=\"async\" alt=\"fotos para festas infantis\" border=\"0\" height=\"426\" src=\"https:\/\/i0.wp.com\/1.bp.blogspot.com\/-7LkDsY2Pt8A\/UAZRplead5I\/AAAAAAAAGT8\/BCJhAmpIfg0\/s640\/foto%2Bpara%2Bfesta%2Binfantil.jpg?resize=640%2C426&#038;ssl=1\" title=\"fotos para festas infantis\" width=\"640\" \/><\/a><\/td>\n<\/tr>\n<tr>\n<td style=\"text-align: center;\">fotos para festas infantis<\/td>\n<\/tr>\n<\/tbody>\n<\/table>\n<p><\/p>\n<table align=\"center\" cellpadding=\"0\" cellspacing=\"0\" style=\"margin-left: auto; margin-right: auto; text-align: center;\">\n<tbody>\n<tr>\n<td style=\"text-align: center;\"><a href=\"https:\/\/i0.wp.com\/3.bp.blogspot.com\/-UFADJXwXauk\/UAZRq4B6-yI\/AAAAAAAAGUE\/DyLH87vobsQ\/s1600\/fotografias%2Bde%2Bfestas%2Binfantis.jpg\" style=\"margin-left: auto; margin-right: auto;\"><img data-recalc-dims=\"1\" loading=\"lazy\" decoding=\"async\" alt=\"foto para festas infantis\" border=\"0\" height=\"426\" src=\"https:\/\/i0.wp.com\/3.bp.blogspot.com\/-UFADJXwXauk\/UAZRq4B6-yI\/AAAAAAAAGUE\/DyLH87vobsQ\/s640\/fotografias%2Bde%2Bfestas%2Binfantis.jpg?resize=640%2C426&#038;ssl=1\" title=\"foto para festas infantis\" width=\"640\" \/><\/a><\/td>\n<\/tr>\n<tr>\n<td style=\"text-align: center;\">foto para festas infantis<\/td>\n<\/tr>\n<\/tbody>\n<\/table>\n<p><\/p>\n<table align=\"center\" cellpadding=\"0\" cellspacing=\"0\" style=\"margin-left: auto; margin-right: auto; text-align: center;\">\n<tbody>\n<tr>\n<td style=\"text-align: center;\"><a href=\"https:\/\/i0.wp.com\/4.bp.blogspot.com\/-d-6e6HruBbo\/UAZRs-lEU4I\/AAAAAAAAGUM\/ZBBUf2qTr3o\/s1600\/fotos%2Bpara%2Bfestas%2Binfantis.jpg\" style=\"margin-left: auto; margin-right: auto;\"><img data-recalc-dims=\"1\" loading=\"lazy\" decoding=\"async\" alt=\"fotografos profissionais para festas infantis\" border=\"0\" height=\"426\" src=\"https:\/\/i0.wp.com\/4.bp.blogspot.com\/-d-6e6HruBbo\/UAZRs-lEU4I\/AAAAAAAAGUM\/ZBBUf2qTr3o\/s640\/fotos%2Bpara%2Bfestas%2Binfantis.jpg?resize=640%2C426&#038;ssl=1\" title=\"fotografos profissionais para festas infantis\" width=\"640\" \/><\/a><\/td>\n<\/tr>\n<tr>\n<td style=\"text-align: center;\">fotografos profissionais para festas infantis<\/td>\n<\/tr>\n<\/tbody>\n<\/table>\n<div style=\"text-align: justify;\">Independente do local, seja um buffet infantil, um sal\u00e3o de festas, uma s\u00edtio, ou mesmo na pr\u00f3pria resid\u00eancia, os primeiros anivers\u00e1rios do seu filho merecem uma fotografia profissional.&nbsp;<\/div>\n<div style=\"text-align: justify;\">Temos Fot\u00f3grafos profissionais para a festa do seu filho.&nbsp;<span style=\"text-align: start;\">Acesse nossos pre\u00e7os e promo\u00e7\u00f5es no site&nbsp;<\/span><a href=\"http:\/\/www.biancamachado.com.br\/\" style=\"text-align: start;\">www.biancamachado.com.br<\/a><\/p>\n<div>\n<div style=\"text-align: start;\"><span style=\"text-align: left;\">Visite tamb\u00e9m nosso site:&nbsp;<\/span><a href=\"http:\/\/www.biancamachado.com.br\/\" style=\"text-align: left;\">www.biancamachado.com.br<\/a><br style=\"text-align: left;\" \/><span style=\"text-align: left;\">Studio Bianca Machado &amp; Jo\u00e3o Sinatro&nbsp;<\/span><br style=\"text-align: left;\" \/><span style=\"text-align: left;\">(11) 97107-1018<\/span><\/div>\n<\/div>\n<\/div>\nVisite tamb\u00e9m nosso site: www.biancamachado.com.br\r\n(11) 97107-1018\r\n\r\nAtendemos as regi\u00f5es de S\u00e3o Paulo, Sorocaba, Ibi\u00fana, Piedade, Votorantim, Cotia, Itupeva, Jundia\u00ed, It\u00fa e Campinas","protected":false},"excerpt":{"rendered":"<p>fotos para festas infantis foto<\/p>\n","protected":false},"author":1,"featured_media":1299,"comment_status":"open","ping_status":"open","sticky":false,"template":"","format":"standard","meta":{"_monsterinsights_skip_tracking":false,"_monsterinsights_sitenote_active":false,"_monsterinsights_sitenote_note":"","_monsterinsights_sitenote_category":0,"jetpack_post_was_ever_published":false,"_jetpack_newsletter_access":"","_jetpack_dont_email_post_to_subs":false,"_jetpack_newsletter_tier_id":0,"_jetpack_memberships_contains_paywalled_content":false,"_jetpack_memberships_contains_paid_content":false,"_joinchat":[],"footnotes":""},"categories":[319,1],"tags":[358,334,357],"class_list":["post-461","post","type-post","status-publish","format-standard","has-post-thumbnail","hentry","category-festa-infantil-aniversario","category-studio-bianca-machado","tag-festa-de-criancas","tag-fotografia-profissional-para-familias","tag-fotos-para-festa-de-aniversario-infantil"],"yoast_head":"<!-- This site is optimized with the Yoast SEO plugin v27.4 - https:\/\/yoast.com\/product\/yoast-seo-wordpress\/ -->\n<title>Fotos para Festas Infantis - Foto para Festa de Anivers\u00e1rio - STUDIO BIANCA MACHADO<\/title>\n<meta name=\"robots\" content=\"index, follow, max-snippet:-1, max-image-preview:large, max-video-preview:-1\" \/>\n<link rel=\"canonical\" href=\"https:\/\/biancamachado.com.br\/blog\/fotos-para-festas-infantis-foto-para-festa-de-aniversario\/\" \/>\n<meta property=\"og:locale\" content=\"pt_BR\" \/>\n<meta property=\"og:type\" content=\"article\" \/>\n<meta property=\"og:title\" content=\"Fotos para Festas Infantis - Foto para Festa de Anivers\u00e1rio - STUDIO BIANCA MACHADO\" \/>\n<meta property=\"og:description\" content=\"fotos para festas infantis foto\" \/>\n<meta property=\"og:url\" content=\"https:\/\/biancamachado.com.br\/blog\/fotos-para-festas-infantis-foto-para-festa-de-aniversario\/\" \/>\n<meta property=\"og:site_name\" content=\"STUDIO BIANCA MACHADO\" \/>\n<meta property=\"article:publisher\" content=\"https:\/\/www.facebook.com\/Studiobiancamachado\/\" \/>\n<meta property=\"article:published_time\" content=\"2012-07-18T06:19:00+00:00\" \/>\n<meta property=\"article:modified_time\" content=\"2021-02-18T03:32:02+00:00\" \/>\n<meta property=\"og:image\" content=\"https:\/\/i0.wp.com\/biancamachado.com.br\/blog\/wp-content\/uploads\/2012\/07\/Screenshot_419.png?fit=609%2C414&ssl=1\" \/>\n\t<meta property=\"og:image:width\" content=\"609\" \/>\n\t<meta property=\"og:image:height\" content=\"414\" \/>\n\t<meta property=\"og:image:type\" content=\"image\/png\" \/>\n<meta name=\"author\" content=\"biancamachado\" \/>\n<meta name=\"twitter:card\" content=\"summary_large_image\" \/>\n<meta name=\"twitter:label1\" content=\"Escrito por\" \/>\n\t<meta name=\"twitter:data1\" content=\"biancamachado\" \/>\n<script type=\"application\/ld+json\" class=\"yoast-schema-graph\">{\"@context\":\"https:\\\/\\\/schema.org\",\"@graph\":[{\"@type\":\"Article\",\"@id\":\"https:\\\/\\\/biancamachado.com.br\\\/blog\\\/fotos-para-festas-infantis-foto-para-festa-de-aniversario\\\/#article\",\"isPartOf\":{\"@id\":\"https:\\\/\\\/biancamachado.com.br\\\/blog\\\/fotos-para-festas-infantis-foto-para-festa-de-aniversario\\\/\"},\"author\":{\"name\":\"biancamachado\",\"@id\":\"https:\\\/\\\/biancamachado.com.br\\\/blog\\\/#\\\/schema\\\/person\\\/990263800ec5e9bdbbf092a2353550a1\"},\"headline\":\"Fotos para Festas Infantis &#8211; Foto para Festa de Anivers\u00e1rio\",\"datePublished\":\"2012-07-18T06:19:00+00:00\",\"dateModified\":\"2021-02-18T03:32:02+00:00\",\"mainEntityOfPage\":{\"@id\":\"https:\\\/\\\/biancamachado.com.br\\\/blog\\\/fotos-para-festas-infantis-foto-para-festa-de-aniversario\\\/\"},\"wordCount\":102,\"commentCount\":0,\"publisher\":{\"@id\":\"https:\\\/\\\/biancamachado.com.br\\\/blog\\\/#organization\"},\"image\":{\"@id\":\"https:\\\/\\\/biancamachado.com.br\\\/blog\\\/fotos-para-festas-infantis-foto-para-festa-de-aniversario\\\/#primaryimage\"},\"thumbnailUrl\":\"https:\\\/\\\/i0.wp.com\\\/biancamachado.com.br\\\/blog\\\/wp-content\\\/uploads\\\/2012\\\/07\\\/Screenshot_419.png?fit=609%2C414&ssl=1\",\"keywords\":[\"festa de crian\u00e7as\",\"fotografia profissional para familias\",\"fotos para festa de aniversario infantil\"],\"articleSection\":[\"Festa Infantil \\\/ Anivers\u00e1rio\",\"Studio Bianca Machado\"],\"inLanguage\":\"pt-BR\",\"potentialAction\":[{\"@type\":\"CommentAction\",\"name\":\"Comment\",\"target\":[\"https:\\\/\\\/biancamachado.com.br\\\/blog\\\/fotos-para-festas-infantis-foto-para-festa-de-aniversario\\\/#respond\"]}]},{\"@type\":\"WebPage\",\"@id\":\"https:\\\/\\\/biancamachado.com.br\\\/blog\\\/fotos-para-festas-infantis-foto-para-festa-de-aniversario\\\/\",\"url\":\"https:\\\/\\\/biancamachado.com.br\\\/blog\\\/fotos-para-festas-infantis-foto-para-festa-de-aniversario\\\/\",\"name\":\"Fotos para Festas Infantis - Foto para Festa de Anivers\u00e1rio - STUDIO BIANCA MACHADO\",\"isPartOf\":{\"@id\":\"https:\\\/\\\/biancamachado.com.br\\\/blog\\\/#website\"},\"primaryImageOfPage\":{\"@id\":\"https:\\\/\\\/biancamachado.com.br\\\/blog\\\/fotos-para-festas-infantis-foto-para-festa-de-aniversario\\\/#primaryimage\"},\"image\":{\"@id\":\"https:\\\/\\\/biancamachado.com.br\\\/blog\\\/fotos-para-festas-infantis-foto-para-festa-de-aniversario\\\/#primaryimage\"},\"thumbnailUrl\":\"https:\\\/\\\/i0.wp.com\\\/biancamachado.com.br\\\/blog\\\/wp-content\\\/uploads\\\/2012\\\/07\\\/Screenshot_419.png?fit=609%2C414&ssl=1\",\"datePublished\":\"2012-07-18T06:19:00+00:00\",\"dateModified\":\"2021-02-18T03:32:02+00:00\",\"breadcrumb\":{\"@id\":\"https:\\\/\\\/biancamachado.com.br\\\/blog\\\/fotos-para-festas-infantis-foto-para-festa-de-aniversario\\\/#breadcrumb\"},\"inLanguage\":\"pt-BR\",\"potentialAction\":[{\"@type\":\"ReadAction\",\"target\":[\"https:\\\/\\\/biancamachado.com.br\\\/blog\\\/fotos-para-festas-infantis-foto-para-festa-de-aniversario\\\/\"]}]},{\"@type\":\"ImageObject\",\"inLanguage\":\"pt-BR\",\"@id\":\"https:\\\/\\\/biancamachado.com.br\\\/blog\\\/fotos-para-festas-infantis-foto-para-festa-de-aniversario\\\/#primaryimage\",\"url\":\"https:\\\/\\\/i0.wp.com\\\/biancamachado.com.br\\\/blog\\\/wp-content\\\/uploads\\\/2012\\\/07\\\/Screenshot_419.png?fit=609%2C414&ssl=1\",\"contentUrl\":\"https:\\\/\\\/i0.wp.com\\\/biancamachado.com.br\\\/blog\\\/wp-content\\\/uploads\\\/2012\\\/07\\\/Screenshot_419.png?fit=609%2C414&ssl=1\",\"width\":609,\"height\":414,\"caption\":\"Fotos para Festas Infantis \u2013 Foto para Festa de Anivers\u00e1rio\"},{\"@type\":\"BreadcrumbList\",\"@id\":\"https:\\\/\\\/biancamachado.com.br\\\/blog\\\/fotos-para-festas-infantis-foto-para-festa-de-aniversario\\\/#breadcrumb\",\"itemListElement\":[{\"@type\":\"ListItem\",\"position\":1,\"name\":\"In\u00edcio\",\"item\":\"https:\\\/\\\/biancamachado.com.br\\\/blog\\\/\"},{\"@type\":\"ListItem\",\"position\":2,\"name\":\"Fotos para Festas Infantis &#8211; Foto para Festa de Anivers\u00e1rio\"}]},{\"@type\":\"WebSite\",\"@id\":\"https:\\\/\\\/biancamachado.com.br\\\/blog\\\/#website\",\"url\":\"https:\\\/\\\/biancamachado.com.br\\\/blog\\\/\",\"name\":\"STUDIO BIANCA MACHADO\",\"description\":\"Estudio Fotografico, Ensaios e Books de foto profissional\",\"publisher\":{\"@id\":\"https:\\\/\\\/biancamachado.com.br\\\/blog\\\/#organization\"},\"potentialAction\":[{\"@type\":\"SearchAction\",\"target\":{\"@type\":\"EntryPoint\",\"urlTemplate\":\"https:\\\/\\\/biancamachado.com.br\\\/blog\\\/?s={search_term_string}\"},\"query-input\":{\"@type\":\"PropertyValueSpecification\",\"valueRequired\":true,\"valueName\":\"search_term_string\"}}],\"inLanguage\":\"pt-BR\"},{\"@type\":\"Organization\",\"@id\":\"https:\\\/\\\/biancamachado.com.br\\\/blog\\\/#organization\",\"name\":\"STUDIO BIANCA MACHADO\",\"url\":\"https:\\\/\\\/biancamachado.com.br\\\/blog\\\/\",\"logo\":{\"@type\":\"ImageObject\",\"inLanguage\":\"pt-BR\",\"@id\":\"https:\\\/\\\/biancamachado.com.br\\\/blog\\\/#\\\/schema\\\/logo\\\/image\\\/\",\"url\":\"https:\\\/\\\/i0.wp.com\\\/biancamachado.com.br\\\/blog\\\/wp-content\\\/uploads\\\/2021\\\/02\\\/cropped-logo-ml.jpg?fit=278%2C100&ssl=1\",\"contentUrl\":\"https:\\\/\\\/i0.wp.com\\\/biancamachado.com.br\\\/blog\\\/wp-content\\\/uploads\\\/2021\\\/02\\\/cropped-logo-ml.jpg?fit=278%2C100&ssl=1\",\"width\":278,\"height\":100,\"caption\":\"STUDIO BIANCA MACHADO\"},\"image\":{\"@id\":\"https:\\\/\\\/biancamachado.com.br\\\/blog\\\/#\\\/schema\\\/logo\\\/image\\\/\"},\"sameAs\":[\"https:\\\/\\\/www.facebook.com\\\/Studiobiancamachado\\\/\",\"https:\\\/\\\/www.instagram.com\\\/Studiobiancamachado\\\/\"]},{\"@type\":\"Person\",\"@id\":\"https:\\\/\\\/biancamachado.com.br\\\/blog\\\/#\\\/schema\\\/person\\\/990263800ec5e9bdbbf092a2353550a1\",\"name\":\"biancamachado\",\"image\":{\"@type\":\"ImageObject\",\"inLanguage\":\"pt-BR\",\"@id\":\"https:\\\/\\\/secure.gravatar.com\\\/avatar\\\/62b1a50f2632dbc2e279c3eb55aa46cc324c969cff16a69c59756d155316542c?s=96&d=mm&r=g\",\"url\":\"https:\\\/\\\/secure.gravatar.com\\\/avatar\\\/62b1a50f2632dbc2e279c3eb55aa46cc324c969cff16a69c59756d155316542c?s=96&d=mm&r=g\",\"contentUrl\":\"https:\\\/\\\/secure.gravatar.com\\\/avatar\\\/62b1a50f2632dbc2e279c3eb55aa46cc324c969cff16a69c59756d155316542c?s=96&d=mm&r=g\",\"caption\":\"biancamachado\"},\"sameAs\":[\"https:\\\/\\\/biancamachado.com.br\\\/blog\"],\"url\":\"https:\\\/\\\/biancamachado.com.br\\\/blog\\\/author\\\/biancamachado\\\/\"}]}<\/script>\n<!-- \/ Yoast SEO plugin. -->","yoast_head_json":{"title":"Fotos para Festas Infantis - Foto para Festa de Anivers\u00e1rio - STUDIO BIANCA MACHADO","robots":{"index":"index","follow":"follow","max-snippet":"max-snippet:-1","max-image-preview":"max-image-preview:large","max-video-preview":"max-video-preview:-1"},"canonical":"https:\/\/biancamachado.com.br\/blog\/fotos-para-festas-infantis-foto-para-festa-de-aniversario\/","og_locale":"pt_BR","og_type":"article","og_title":"Fotos para Festas Infantis - Foto para Festa de Anivers\u00e1rio - STUDIO BIANCA MACHADO","og_description":"fotos para festas infantis foto","og_url":"https:\/\/biancamachado.com.br\/blog\/fotos-para-festas-infantis-foto-para-festa-de-aniversario\/","og_site_name":"STUDIO BIANCA MACHADO","article_publisher":"https:\/\/www.facebook.com\/Studiobiancamachado\/","article_published_time":"2012-07-18T06:19:00+00:00","article_modified_time":"2021-02-18T03:32:02+00:00","og_image":[{"width":609,"height":414,"url":"https:\/\/i0.wp.com\/biancamachado.com.br\/blog\/wp-content\/uploads\/2012\/07\/Screenshot_419.png?fit=609%2C414&ssl=1","type":"image\/png"}],"author":"biancamachado","twitter_card":"summary_large_image","twitter_misc":{"Escrito por":"biancamachado"},"schema":{"@context":"https:\/\/schema.org","@graph":[{"@type":"Article","@id":"https:\/\/biancamachado.com.br\/blog\/fotos-para-festas-infantis-foto-para-festa-de-aniversario\/#article","isPartOf":{"@id":"https:\/\/biancamachado.com.br\/blog\/fotos-para-festas-infantis-foto-para-festa-de-aniversario\/"},"author":{"name":"biancamachado","@id":"https:\/\/biancamachado.com.br\/blog\/#\/schema\/person\/990263800ec5e9bdbbf092a2353550a1"},"headline":"Fotos para Festas Infantis &#8211; Foto para Festa de Anivers\u00e1rio","datePublished":"2012-07-18T06:19:00+00:00","dateModified":"2021-02-18T03:32:02+00:00","mainEntityOfPage":{"@id":"https:\/\/biancamachado.com.br\/blog\/fotos-para-festas-infantis-foto-para-festa-de-aniversario\/"},"wordCount":102,"commentCount":0,"publisher":{"@id":"https:\/\/biancamachado.com.br\/blog\/#organization"},"image":{"@id":"https:\/\/biancamachado.com.br\/blog\/fotos-para-festas-infantis-foto-para-festa-de-aniversario\/#primaryimage"},"thumbnailUrl":"https:\/\/i0.wp.com\/biancamachado.com.br\/blog\/wp-content\/uploads\/2012\/07\/Screenshot_419.png?fit=609%2C414&ssl=1","keywords":["festa de crian\u00e7as","fotografia profissional para familias","fotos para festa de aniversario infantil"],"articleSection":["Festa Infantil \/ Anivers\u00e1rio","Studio Bianca Machado"],"inLanguage":"pt-BR","potentialAction":[{"@type":"CommentAction","name":"Comment","target":["https:\/\/biancamachado.com.br\/blog\/fotos-para-festas-infantis-foto-para-festa-de-aniversario\/#respond"]}]},{"@type":"WebPage","@id":"https:\/\/biancamachado.com.br\/blog\/fotos-para-festas-infantis-foto-para-festa-de-aniversario\/","url":"https:\/\/biancamachado.com.br\/blog\/fotos-para-festas-infantis-foto-para-festa-de-aniversario\/","name":"Fotos para Festas Infantis - Foto para Festa de Anivers\u00e1rio - STUDIO BIANCA MACHADO","isPartOf":{"@id":"https:\/\/biancamachado.com.br\/blog\/#website"},"primaryImageOfPage":{"@id":"https:\/\/biancamachado.com.br\/blog\/fotos-para-festas-infantis-foto-para-festa-de-aniversario\/#primaryimage"},"image":{"@id":"https:\/\/biancamachado.com.br\/blog\/fotos-para-festas-infantis-foto-para-festa-de-aniversario\/#primaryimage"},"thumbnailUrl":"https:\/\/i0.wp.com\/biancamachado.com.br\/blog\/wp-content\/uploads\/2012\/07\/Screenshot_419.png?fit=609%2C414&ssl=1","datePublished":"2012-07-18T06:19:00+00:00","dateModified":"2021-02-18T03:32:02+00:00","breadcrumb":{"@id":"https:\/\/biancamachado.com.br\/blog\/fotos-para-festas-infantis-foto-para-festa-de-aniversario\/#breadcrumb"},"inLanguage":"pt-BR","potentialAction":[{"@type":"ReadAction","target":["https:\/\/biancamachado.com.br\/blog\/fotos-para-festas-infantis-foto-para-festa-de-aniversario\/"]}]},{"@type":"ImageObject","inLanguage":"pt-BR","@id":"https:\/\/biancamachado.com.br\/blog\/fotos-para-festas-infantis-foto-para-festa-de-aniversario\/#primaryimage","url":"https:\/\/i0.wp.com\/biancamachado.com.br\/blog\/wp-content\/uploads\/2012\/07\/Screenshot_419.png?fit=609%2C414&ssl=1","contentUrl":"https:\/\/i0.wp.com\/biancamachado.com.br\/blog\/wp-content\/uploads\/2012\/07\/Screenshot_419.png?fit=609%2C414&ssl=1","width":609,"height":414,"caption":"Fotos para Festas Infantis \u2013 Foto para Festa de Anivers\u00e1rio"},{"@type":"BreadcrumbList","@id":"https:\/\/biancamachado.com.br\/blog\/fotos-para-festas-infantis-foto-para-festa-de-aniversario\/#breadcrumb","itemListElement":[{"@type":"ListItem","position":1,"name":"In\u00edcio","item":"https:\/\/biancamachado.com.br\/blog\/"},{"@type":"ListItem","position":2,"name":"Fotos para Festas Infantis &#8211; Foto para Festa de Anivers\u00e1rio"}]},{"@type":"WebSite","@id":"https:\/\/biancamachado.com.br\/blog\/#website","url":"https:\/\/biancamachado.com.br\/blog\/","name":"STUDIO BIANCA MACHADO","description":"Estudio Fotografico, Ensaios e Books de foto profissional","publisher":{"@id":"https:\/\/biancamachado.com.br\/blog\/#organization"},"potentialAction":[{"@type":"SearchAction","target":{"@type":"EntryPoint","urlTemplate":"https:\/\/biancamachado.com.br\/blog\/?s={search_term_string}"},"query-input":{"@type":"PropertyValueSpecification","valueRequired":true,"valueName":"search_term_string"}}],"inLanguage":"pt-BR"},{"@type":"Organization","@id":"https:\/\/biancamachado.com.br\/blog\/#organization","name":"STUDIO BIANCA MACHADO","url":"https:\/\/biancamachado.com.br\/blog\/","logo":{"@type":"ImageObject","inLanguage":"pt-BR","@id":"https:\/\/biancamachado.com.br\/blog\/#\/schema\/logo\/image\/","url":"https:\/\/i0.wp.com\/biancamachado.com.br\/blog\/wp-content\/uploads\/2021\/02\/cropped-logo-ml.jpg?fit=278%2C100&ssl=1","contentUrl":"https:\/\/i0.wp.com\/biancamachado.com.br\/blog\/wp-content\/uploads\/2021\/02\/cropped-logo-ml.jpg?fit=278%2C100&ssl=1","width":278,"height":100,"caption":"STUDIO BIANCA MACHADO"},"image":{"@id":"https:\/\/biancamachado.com.br\/blog\/#\/schema\/logo\/image\/"},"sameAs":["https:\/\/www.facebook.com\/Studiobiancamachado\/","https:\/\/www.instagram.com\/Studiobiancamachado\/"]},{"@type":"Person","@id":"https:\/\/biancamachado.com.br\/blog\/#\/schema\/person\/990263800ec5e9bdbbf092a2353550a1","name":"biancamachado","image":{"@type":"ImageObject","inLanguage":"pt-BR","@id":"https:\/\/secure.gravatar.com\/avatar\/62b1a50f2632dbc2e279c3eb55aa46cc324c969cff16a69c59756d155316542c?s=96&d=mm&r=g","url":"https:\/\/secure.gravatar.com\/avatar\/62b1a50f2632dbc2e279c3eb55aa46cc324c969cff16a69c59756d155316542c?s=96&d=mm&r=g","contentUrl":"https:\/\/secure.gravatar.com\/avatar\/62b1a50f2632dbc2e279c3eb55aa46cc324c969cff16a69c59756d155316542c?s=96&d=mm&r=g","caption":"biancamachado"},"sameAs":["https:\/\/biancamachado.com.br\/blog"],"url":"https:\/\/biancamachado.com.br\/blog\/author\/biancamachado\/"}]}},"jetpack_featured_media_url":"https:\/\/i0.wp.com\/biancamachado.com.br\/blog\/wp-content\/uploads\/2012\/07\/Screenshot_419.png?fit=609%2C414&ssl=1","jetpack-related-posts":[],"jetpack_sharing_enabled":true,"_links":{"self":[{"href":"https:\/\/biancamachado.com.br\/blog\/wp-json\/wp\/v2\/posts\/461","targetHints":{"allow":["GET"]}}],"collection":[{"href":"https:\/\/biancamachado.com.br\/blog\/wp-json\/wp\/v2\/posts"}],"about":[{"href":"https:\/\/biancamachado.com.br\/blog\/wp-json\/wp\/v2\/types\/post"}],"author":[{"embeddable":true,"href":"https:\/\/biancamachado.com.br\/blog\/wp-json\/wp\/v2\/users\/1"}],"replies":[{"embeddable":true,"href":"https:\/\/biancamachado.com.br\/blog\/wp-json\/wp\/v2\/comments?post=461"}],"version-history":[{"count":1,"href":"https:\/\/biancamachado.com.br\/blog\/wp-json\/wp\/v2\/posts\/461\/revisions"}],"predecessor-version":[{"id":1739,"href":"https:\/\/biancamachado.com.br\/blog\/wp-json\/wp\/v2\/posts\/461\/revisions\/1739"}],"wp:featuredmedia":[{"embeddable":true,"href":"https:\/\/biancamachado.com.br\/blog\/wp-json\/wp\/v2\/media\/1299"}],"wp:attachment":[{"href":"https:\/\/biancamachado.com.br\/blog\/wp-json\/wp\/v2\/media?parent=461"}],"wp:term":[{"taxonomy":"category","embeddable":true,"href":"https:\/\/biancamachado.com.br\/blog\/wp-json\/wp\/v2\/categories?post=461"},{"taxonomy":"post_tag","embeddable":true,"href":"https:\/\/biancamachado.com.br\/blog\/wp-json\/wp\/v2\/tags?post=461"}],"curies":[{"name":"wp","href":"https:\/\/api.w.org\/{rel}","templated":true}]}}