{"id":4601,"date":"2023-03-27T13:26:43","date_gmt":"2023-03-27T16:26:43","guid":{"rendered":"https:\/\/biancamachado.com.br\/blog\/?p=4601"},"modified":"2023-03-27T13:26:44","modified_gmt":"2023-03-27T16:26:44","slug":"gabriela-comemora-10-anos-de-idade-com-tema-lilo-stitch-em-festa-animada","status":"publish","type":"post","link":"https:\/\/biancamachado.com.br\/blog\/gabriela-comemora-10-anos-de-idade-com-tema-lilo-stitch-em-festa-animada\/","title":{"rendered":"Gabriela comemora 10 anos de idade com tema Lilo &amp; Stitch em festa animada"},"content":{"rendered":"\n<p>A festa de anivers\u00e1rio de Gabriela foi um verdadeiro sucesso. Comemorando seus 10 anos de idade, a garota escolheu o tema Lilo &amp; Stitch para a decora\u00e7\u00e3o da festa, deixando tudo ainda mais colorido e divertido. As fotos registraram a alegria estampada nos rostos das crian\u00e7as presentes na Vila Indiana.<\/p>\n\n\n\n<div class=\"wp-block-jetpack-tiled-gallery aligncenter is-style-rectangular\"><div class=\"tiled-gallery__gallery\"><div class=\"tiled-gallery__row\"><div class=\"tiled-gallery__col\" style=\"flex-basis:52.74265%\"><figure class=\"tiled-gallery__item\"><img decoding=\"async\" srcset=\"https:\/\/i2.wp.com\/biancamachado.com.br\/blog\/wp-content\/uploads\/2023\/03\/003-11-1024x683.jpg?strip=info&#038;w=600&#038;ssl=1 600w,https:\/\/i2.wp.com\/biancamachado.com.br\/blog\/wp-content\/uploads\/2023\/03\/003-11-1024x683.jpg?strip=info&#038;w=900&#038;ssl=1 900w,https:\/\/i2.wp.com\/biancamachado.com.br\/blog\/wp-content\/uploads\/2023\/03\/003-11-1024x683.jpg?strip=info&#038;w=1200&#038;ssl=1 1200w,https:\/\/i2.wp.com\/biancamachado.com.br\/blog\/wp-content\/uploads\/2023\/03\/003-11-1024x683.jpg?strip=info&#038;w=1500&#038;ssl=1 1500w,https:\/\/i2.wp.com\/biancamachado.com.br\/blog\/wp-content\/uploads\/2023\/03\/003-11-1024x683.jpg?strip=info&#038;w=1800&#038;ssl=1 1800w,https:\/\/i2.wp.com\/biancamachado.com.br\/blog\/wp-content\/uploads\/2023\/03\/003-11-1024x683.jpg?strip=info&#038;w=2000&#038;ssl=1 2000w\" alt=\"fotografia profissional infantil\" data-height=\"1707\" data-id=\"4604\" data-link=\"https:\/\/biancamachado.com.br\/blog\/?attachment_id=4604\" data-url=\"https:\/\/biancamachado.com.br\/blog\/wp-content\/uploads\/2023\/03\/003-11-1024x683.jpg\" data-width=\"2560\" src=\"https:\/\/i2.wp.com\/biancamachado.com.br\/blog\/wp-content\/uploads\/2023\/03\/003-11-1024x683.jpg?ssl=1\" data-amp-layout=\"responsive\"\/><\/figure><figure class=\"tiled-gallery__item\"><img decoding=\"async\" srcset=\"https:\/\/i2.wp.com\/biancamachado.com.br\/blog\/wp-content\/uploads\/2023\/03\/002-13-1024x683.jpg?strip=info&#038;w=600&#038;ssl=1 600w,https:\/\/i2.wp.com\/biancamachado.com.br\/blog\/wp-content\/uploads\/2023\/03\/002-13-1024x683.jpg?strip=info&#038;w=900&#038;ssl=1 900w,https:\/\/i2.wp.com\/biancamachado.com.br\/blog\/wp-content\/uploads\/2023\/03\/002-13-1024x683.jpg?strip=info&#038;w=1200&#038;ssl=1 1200w,https:\/\/i2.wp.com\/biancamachado.com.br\/blog\/wp-content\/uploads\/2023\/03\/002-13-1024x683.jpg?strip=info&#038;w=1500&#038;ssl=1 1500w,https:\/\/i2.wp.com\/biancamachado.com.br\/blog\/wp-content\/uploads\/2023\/03\/002-13-1024x683.jpg?strip=info&#038;w=1800&#038;ssl=1 1800w,https:\/\/i2.wp.com\/biancamachado.com.br\/blog\/wp-content\/uploads\/2023\/03\/002-13-1024x683.jpg?strip=info&#038;w=2000&#038;ssl=1 2000w\" alt=\"fotos profissionais anivers\u00e1rio 10 anos\" data-height=\"1707\" data-id=\"4603\" data-link=\"https:\/\/biancamachado.com.br\/blog\/?attachment_id=4603\" data-url=\"https:\/\/biancamachado.com.br\/blog\/wp-content\/uploads\/2023\/03\/002-13-1024x683.jpg\" data-width=\"2560\" src=\"https:\/\/i2.wp.com\/biancamachado.com.br\/blog\/wp-content\/uploads\/2023\/03\/002-13-1024x683.jpg?ssl=1\" data-amp-layout=\"responsive\"\/><\/figure><\/div><div class=\"tiled-gallery__col\" style=\"flex-basis:47.25735%\"><figure class=\"tiled-gallery__item\"><img decoding=\"async\" srcset=\"https:\/\/i2.wp.com\/biancamachado.com.br\/blog\/wp-content\/uploads\/2023\/03\/010-4-683x1024.jpg?strip=info&#038;w=600&#038;ssl=1 600w,https:\/\/i2.wp.com\/biancamachado.com.br\/blog\/wp-content\/uploads\/2023\/03\/010-4-683x1024.jpg?strip=info&#038;w=900&#038;ssl=1 900w,https:\/\/i2.wp.com\/biancamachado.com.br\/blog\/wp-content\/uploads\/2023\/03\/010-4-683x1024.jpg?strip=info&#038;w=1200&#038;ssl=1 1200w,https:\/\/i2.wp.com\/biancamachado.com.br\/blog\/wp-content\/uploads\/2023\/03\/010-4-683x1024.jpg?strip=info&#038;w=1500&#038;ssl=1 1500w,https:\/\/i2.wp.com\/biancamachado.com.br\/blog\/wp-content\/uploads\/2023\/03\/010-4-683x1024.jpg?strip=info&#038;w=1707&#038;ssl=1 1707w\" alt=\"melhores fotografias de crian\u00e7a\" data-height=\"2560\" data-id=\"4605\" data-link=\"https:\/\/biancamachado.com.br\/blog\/?attachment_id=4605\" data-url=\"https:\/\/biancamachado.com.br\/blog\/wp-content\/uploads\/2023\/03\/010-4-683x1024.jpg\" data-width=\"1707\" src=\"https:\/\/i2.wp.com\/biancamachado.com.br\/blog\/wp-content\/uploads\/2023\/03\/010-4-683x1024.jpg?ssl=1\" data-amp-layout=\"responsive\"\/><\/figure><\/div><\/div><div class=\"tiled-gallery__row\"><div class=\"tiled-gallery__col\" style=\"flex-basis:57.37520%\"><figure class=\"tiled-gallery__item\"><img decoding=\"async\" srcset=\"https:\/\/i0.wp.com\/biancamachado.com.br\/blog\/wp-content\/uploads\/2023\/03\/012-5-683x1024.jpg?strip=info&#038;w=600&#038;ssl=1 600w,https:\/\/i0.wp.com\/biancamachado.com.br\/blog\/wp-content\/uploads\/2023\/03\/012-5-683x1024.jpg?strip=info&#038;w=900&#038;ssl=1 900w,https:\/\/i0.wp.com\/biancamachado.com.br\/blog\/wp-content\/uploads\/2023\/03\/012-5-683x1024.jpg?strip=info&#038;w=1200&#038;ssl=1 1200w,https:\/\/i0.wp.com\/biancamachado.com.br\/blog\/wp-content\/uploads\/2023\/03\/012-5-683x1024.jpg?strip=info&#038;w=1500&#038;ssl=1 1500w,https:\/\/i0.wp.com\/biancamachado.com.br\/blog\/wp-content\/uploads\/2023\/03\/012-5-683x1024.jpg?strip=info&#038;w=1707&#038;ssl=1 1707w\" alt=\"anivers\u00e1rio vila indiana fotografos profissionais\" data-height=\"2560\" data-id=\"4606\" data-link=\"https:\/\/biancamachado.com.br\/blog\/?attachment_id=4606\" data-url=\"https:\/\/biancamachado.com.br\/blog\/wp-content\/uploads\/2023\/03\/012-5-683x1024.jpg\" data-width=\"1707\" src=\"https:\/\/i0.wp.com\/biancamachado.com.br\/blog\/wp-content\/uploads\/2023\/03\/012-5-683x1024.jpg?ssl=1\" data-amp-layout=\"responsive\"\/><\/figure><\/div><div class=\"tiled-gallery__col\" style=\"flex-basis:42.62480%\"><figure class=\"tiled-gallery__item\"><img decoding=\"async\" srcset=\"https:\/\/i0.wp.com\/biancamachado.com.br\/blog\/wp-content\/uploads\/2023\/03\/021-1-1024x683.jpg?strip=info&#038;w=600&#038;ssl=1 600w,https:\/\/i0.wp.com\/biancamachado.com.br\/blog\/wp-content\/uploads\/2023\/03\/021-1-1024x683.jpg?strip=info&#038;w=900&#038;ssl=1 900w,https:\/\/i0.wp.com\/biancamachado.com.br\/blog\/wp-content\/uploads\/2023\/03\/021-1-1024x683.jpg?strip=info&#038;w=1200&#038;ssl=1 1200w,https:\/\/i0.wp.com\/biancamachado.com.br\/blog\/wp-content\/uploads\/2023\/03\/021-1-1024x683.jpg?strip=info&#038;w=1500&#038;ssl=1 1500w,https:\/\/i0.wp.com\/biancamachado.com.br\/blog\/wp-content\/uploads\/2023\/03\/021-1-1024x683.jpg?strip=info&#038;w=1800&#038;ssl=1 1800w,https:\/\/i0.wp.com\/biancamachado.com.br\/blog\/wp-content\/uploads\/2023\/03\/021-1-1024x683.jpg?strip=info&#038;w=2000&#038;ssl=1 2000w\" alt=\"tema da festa Lilo &amp; Stitch\" data-height=\"1707\" data-id=\"4607\" data-link=\"https:\/\/biancamachado.com.br\/blog\/?attachment_id=4607\" data-url=\"https:\/\/biancamachado.com.br\/blog\/wp-content\/uploads\/2023\/03\/021-1-1024x683.jpg\" data-width=\"2560\" src=\"https:\/\/i0.wp.com\/biancamachado.com.br\/blog\/wp-content\/uploads\/2023\/03\/021-1-1024x683.jpg?ssl=1\" data-amp-layout=\"responsive\"\/><\/figure><figure class=\"tiled-gallery__item\"><img decoding=\"async\" srcset=\"https:\/\/i2.wp.com\/biancamachado.com.br\/blog\/wp-content\/uploads\/2023\/03\/027-1-1024x683.jpg?strip=info&#038;w=600&#038;ssl=1 600w,https:\/\/i2.wp.com\/biancamachado.com.br\/blog\/wp-content\/uploads\/2023\/03\/027-1-1024x683.jpg?strip=info&#038;w=900&#038;ssl=1 900w,https:\/\/i2.wp.com\/biancamachado.com.br\/blog\/wp-content\/uploads\/2023\/03\/027-1-1024x683.jpg?strip=info&#038;w=1200&#038;ssl=1 1200w,https:\/\/i2.wp.com\/biancamachado.com.br\/blog\/wp-content\/uploads\/2023\/03\/027-1-1024x683.jpg?strip=info&#038;w=1500&#038;ssl=1 1500w,https:\/\/i2.wp.com\/biancamachado.com.br\/blog\/wp-content\/uploads\/2023\/03\/027-1-1024x683.jpg?strip=info&#038;w=1800&#038;ssl=1 1800w,https:\/\/i2.wp.com\/biancamachado.com.br\/blog\/wp-content\/uploads\/2023\/03\/027-1-1024x683.jpg?strip=info&#038;w=2000&#038;ssl=1 2000w\" alt=\"ideias tema festa Lilo &amp; Stitch\" data-height=\"1707\" data-id=\"4608\" data-link=\"https:\/\/biancamachado.com.br\/blog\/?attachment_id=4608\" data-url=\"https:\/\/biancamachado.com.br\/blog\/wp-content\/uploads\/2023\/03\/027-1-1024x683.jpg\" data-width=\"2560\" src=\"https:\/\/i2.wp.com\/biancamachado.com.br\/blog\/wp-content\/uploads\/2023\/03\/027-1-1024x683.jpg?ssl=1\" data-amp-layout=\"responsive\"\/><\/figure><figure class=\"tiled-gallery__item\"><img decoding=\"async\" srcset=\"https:\/\/i2.wp.com\/biancamachado.com.br\/blog\/wp-content\/uploads\/2023\/03\/038-1-1024x683.jpg?strip=info&#038;w=600&#038;ssl=1 600w,https:\/\/i2.wp.com\/biancamachado.com.br\/blog\/wp-content\/uploads\/2023\/03\/038-1-1024x683.jpg?strip=info&#038;w=900&#038;ssl=1 900w,https:\/\/i2.wp.com\/biancamachado.com.br\/blog\/wp-content\/uploads\/2023\/03\/038-1-1024x683.jpg?strip=info&#038;w=1200&#038;ssl=1 1200w,https:\/\/i2.wp.com\/biancamachado.com.br\/blog\/wp-content\/uploads\/2023\/03\/038-1-1024x683.jpg?strip=info&#038;w=1500&#038;ssl=1 1500w,https:\/\/i2.wp.com\/biancamachado.com.br\/blog\/wp-content\/uploads\/2023\/03\/038-1-1024x683.jpg?strip=info&#038;w=1800&#038;ssl=1 1800w,https:\/\/i2.wp.com\/biancamachado.com.br\/blog\/wp-content\/uploads\/2023\/03\/038-1-1024x683.jpg?strip=info&#038;w=2000&#038;ssl=1 2000w\" alt=\"\" data-height=\"1707\" data-id=\"4609\" data-link=\"https:\/\/biancamachado.com.br\/blog\/?attachment_id=4609\" data-url=\"https:\/\/biancamachado.com.br\/blog\/wp-content\/uploads\/2023\/03\/038-1-1024x683.jpg\" data-width=\"2560\" src=\"https:\/\/i2.wp.com\/biancamachado.com.br\/blog\/wp-content\/uploads\/2023\/03\/038-1-1024x683.jpg?ssl=1\" data-amp-layout=\"responsive\"\/><\/figure><\/div><\/div><div class=\"tiled-gallery__row\"><div class=\"tiled-gallery__col\" style=\"flex-basis:66.78741%\"><figure class=\"tiled-gallery__item\"><img decoding=\"async\" srcset=\"https:\/\/i2.wp.com\/biancamachado.com.br\/blog\/wp-content\/uploads\/2023\/03\/164-1024x683.jpg?strip=info&#038;w=600&#038;ssl=1 600w,https:\/\/i2.wp.com\/biancamachado.com.br\/blog\/wp-content\/uploads\/2023\/03\/164-1024x683.jpg?strip=info&#038;w=900&#038;ssl=1 900w,https:\/\/i2.wp.com\/biancamachado.com.br\/blog\/wp-content\/uploads\/2023\/03\/164-1024x683.jpg?strip=info&#038;w=1200&#038;ssl=1 1200w,https:\/\/i2.wp.com\/biancamachado.com.br\/blog\/wp-content\/uploads\/2023\/03\/164-1024x683.jpg?strip=info&#038;w=1500&#038;ssl=1 1500w,https:\/\/i2.wp.com\/biancamachado.com.br\/blog\/wp-content\/uploads\/2023\/03\/164-1024x683.jpg?strip=info&#038;w=1800&#038;ssl=1 1800w,https:\/\/i2.wp.com\/biancamachado.com.br\/blog\/wp-content\/uploads\/2023\/03\/164-1024x683.jpg?strip=info&#038;w=2000&#038;ssl=1 2000w\" alt=\"anivers\u00e1rio de crian\u00e7as fotografias\" data-height=\"1707\" data-id=\"4610\" data-link=\"https:\/\/biancamachado.com.br\/blog\/?attachment_id=4610\" data-url=\"https:\/\/biancamachado.com.br\/blog\/wp-content\/uploads\/2023\/03\/164-1024x683.jpg\" data-width=\"2560\" src=\"https:\/\/i2.wp.com\/biancamachado.com.br\/blog\/wp-content\/uploads\/2023\/03\/164-1024x683.jpg?ssl=1\" data-amp-layout=\"responsive\"\/><\/figure><\/div><div class=\"tiled-gallery__col\" style=\"flex-basis:33.21259%\"><figure class=\"tiled-gallery__item\"><img decoding=\"async\" srcset=\"https:\/\/i2.wp.com\/biancamachado.com.br\/blog\/wp-content\/uploads\/2023\/03\/277-1-1024x683.jpg?strip=info&#038;w=600&#038;ssl=1 600w,https:\/\/i2.wp.com\/biancamachado.com.br\/blog\/wp-content\/uploads\/2023\/03\/277-1-1024x683.jpg?strip=info&#038;w=900&#038;ssl=1 900w,https:\/\/i2.wp.com\/biancamachado.com.br\/blog\/wp-content\/uploads\/2023\/03\/277-1-1024x683.jpg?strip=info&#038;w=1200&#038;ssl=1 1200w,https:\/\/i2.wp.com\/biancamachado.com.br\/blog\/wp-content\/uploads\/2023\/03\/277-1-1024x683.jpg?strip=info&#038;w=1500&#038;ssl=1 1500w,https:\/\/i2.wp.com\/biancamachado.com.br\/blog\/wp-content\/uploads\/2023\/03\/277-1-1024x683.jpg?strip=info&#038;w=1800&#038;ssl=1 1800w,https:\/\/i2.wp.com\/biancamachado.com.br\/blog\/wp-content\/uploads\/2023\/03\/277-1-1024x683.jpg?strip=info&#038;w=2000&#038;ssl=1 2000w\" alt=\"festa de anivers\u00e1rio infantil de 10 anos\" data-height=\"1707\" data-id=\"4611\" data-link=\"https:\/\/biancamachado.com.br\/blog\/?attachment_id=4611\" data-url=\"https:\/\/biancamachado.com.br\/blog\/wp-content\/uploads\/2023\/03\/277-1-1024x683.jpg\" data-width=\"2560\" src=\"https:\/\/i2.wp.com\/biancamachado.com.br\/blog\/wp-content\/uploads\/2023\/03\/277-1-1024x683.jpg?ssl=1\" data-amp-layout=\"responsive\"\/><\/figure><figure class=\"tiled-gallery__item\"><img decoding=\"async\" srcset=\"https:\/\/i1.wp.com\/biancamachado.com.br\/blog\/wp-content\/uploads\/2023\/03\/298-1024x683.jpg?strip=info&#038;w=600&#038;ssl=1 600w,https:\/\/i1.wp.com\/biancamachado.com.br\/blog\/wp-content\/uploads\/2023\/03\/298-1024x683.jpg?strip=info&#038;w=900&#038;ssl=1 900w,https:\/\/i1.wp.com\/biancamachado.com.br\/blog\/wp-content\/uploads\/2023\/03\/298-1024x683.jpg?strip=info&#038;w=1200&#038;ssl=1 1200w,https:\/\/i1.wp.com\/biancamachado.com.br\/blog\/wp-content\/uploads\/2023\/03\/298-1024x683.jpg?strip=info&#038;w=1500&#038;ssl=1 1500w,https:\/\/i1.wp.com\/biancamachado.com.br\/blog\/wp-content\/uploads\/2023\/03\/298-1024x683.jpg?strip=info&#038;w=1800&#038;ssl=1 1800w,https:\/\/i1.wp.com\/biancamachado.com.br\/blog\/wp-content\/uploads\/2023\/03\/298-1024x683.jpg?strip=info&#038;w=2000&#038;ssl=1 2000w\" alt=\"fotos parabens anivers\u00e1rio\" data-height=\"1707\" data-id=\"4612\" data-link=\"https:\/\/biancamachado.com.br\/blog\/?attachment_id=4612\" data-url=\"https:\/\/biancamachado.com.br\/blog\/wp-content\/uploads\/2023\/03\/298-1024x683.jpg\" data-width=\"2560\" src=\"https:\/\/i1.wp.com\/biancamachado.com.br\/blog\/wp-content\/uploads\/2023\/03\/298-1024x683.jpg?ssl=1\" data-amp-layout=\"responsive\"\/><\/figure><\/div><\/div><\/div><\/div>\n\n\n\n<p>A decora\u00e7\u00e3o da festa estava simplesmente incr\u00edvel. Com enfeites e adere\u00e7os que lembravam o universo de Lilo &amp; Stitch, a atmosfera ficou contagiante. Desde as cores vibrantes at\u00e9 as imagens dos personagens, tudo foi pensado com muito carinho para agradar a aniversariante e seus convidados.<\/p>\n\n\n\n<p>As fotos da festa mostram a alegria estampada nos rostos das crian\u00e7as, que se divertiram muito na comemora\u00e7\u00e3o do anivers\u00e1rio de Gabriela. A emo\u00e7\u00e3o de cortar o bolo de anivers\u00e1rio, a alegria de posar para as fotos com os adere\u00e7os tem\u00e1ticos e a felicidade de estar na companhia de amigos foram momentos marcantes registrados pelas lentes.<\/p>\n\n\n\n<p>A festa de anivers\u00e1rio de Gabriela foi um momento inesquec\u00edvel para todos os presentes. A decora\u00e7\u00e3o caprichada e os detalhes que remetiam ao tema Lilo &amp; Stitch tornaram a celebra\u00e7\u00e3o ainda mais especial. As fotos s\u00e3o uma lembran\u00e7a duradoura dessa comemora\u00e7\u00e3o alegre e divertida.<\/p>\nVisite tamb\u00e9m nosso site: www.biancamachado.com.br\r\n(11) 97107-1018\r\n\r\nAtendemos as regi\u00f5es de S\u00e3o Paulo, Sorocaba, Ibi\u00fana, Piedade, Votorantim, Cotia, Itupeva, Jundia\u00ed, It\u00fa e Campinas","protected":false},"excerpt":{"rendered":"<p>A festa de anivers\u00e1rio de Gabriela foi um verdadeiro sucesso. Comemorando seus 10 anos de idade, a garota escolheu o tema Lilo &#038; Stitch para a decora\u00e7\u00e3o da festa, deixando tudo ainda mais colorido e divertido. As fotos registraram a alegria estampada nos rostos das crian\u00e7as presentes na Vila Indiana.<\/p>\n","protected":false},"author":1,"featured_media":4604,"comment_status":"open","ping_status":"open","sticky":false,"template":"","format":"standard","meta":{"_monsterinsights_skip_tracking":false,"_monsterinsights_sitenote_active":false,"_monsterinsights_sitenote_note":"","_monsterinsights_sitenote_category":0,"jetpack_post_was_ever_published":false,"_jetpack_newsletter_access":"","_jetpack_dont_email_post_to_subs":false,"_jetpack_newsletter_tier_id":0,"_jetpack_memberships_contains_paywalled_content":false,"_jetpack_memberships_contains_paid_content":false,"_joinchat":[],"footnotes":""},"categories":[319],"tags":[538,358,397,1127],"class_list":["post-4601","post","type-post","status-publish","format-standard","has-post-thumbnail","hentry","category-festa-infantil-aniversario","tag-aniversario-infantil","tag-festa-de-criancas","tag-festa-infantil","tag-lilo-stitch"],"yoast_head":"<!-- This site is optimized with the Yoast SEO plugin v27.4 - https:\/\/yoast.com\/product\/yoast-seo-wordpress\/ -->\n<title>Gabriela comemora 10 anos de idade com tema Lilo &amp; Stitch em festa animada - STUDIO BIANCA MACHADO<\/title>\n<meta name=\"description\" content=\"A festa de anivers\u00e1rio de Gabriela foi um verdadeiro sucesso. Comemorando seus 10 anos de idade, a garota escolheu o tema Lilo &amp; Stitch para a decora\u00e7\u00e3o da festa, deixando tudo ainda mais colorido e divertido. As fotos registraram a alegria estampada nos rostos das crian\u00e7as presentes na Vila Indiana.\" \/>\n<meta name=\"robots\" content=\"index, follow, max-snippet:-1, max-image-preview:large, max-video-preview:-1\" \/>\n<link rel=\"canonical\" href=\"https:\/\/biancamachado.com.br\/blog\/gabriela-comemora-10-anos-de-idade-com-tema-lilo-stitch-em-festa-animada\/\" \/>\n<meta property=\"og:locale\" content=\"pt_BR\" \/>\n<meta property=\"og:type\" content=\"article\" \/>\n<meta property=\"og:title\" content=\"Gabriela comemora 10 anos de idade com tema Lilo &amp; Stitch em festa animada - STUDIO BIANCA MACHADO\" \/>\n<meta property=\"og:description\" content=\"A festa de anivers\u00e1rio de Gabriela foi um verdadeiro sucesso. Comemorando seus 10 anos de idade, a garota escolheu o tema Lilo &amp; Stitch para a decora\u00e7\u00e3o da festa, deixando tudo ainda mais colorido e divertido. As fotos registraram a alegria estampada nos rostos das crian\u00e7as presentes na Vila Indiana.\" \/>\n<meta property=\"og:url\" content=\"https:\/\/biancamachado.com.br\/blog\/gabriela-comemora-10-anos-de-idade-com-tema-lilo-stitch-em-festa-animada\/\" \/>\n<meta property=\"og:site_name\" content=\"STUDIO BIANCA MACHADO\" \/>\n<meta property=\"article:publisher\" content=\"https:\/\/www.facebook.com\/Studiobiancamachado\/\" \/>\n<meta property=\"article:published_time\" content=\"2023-03-27T16:26:43+00:00\" \/>\n<meta property=\"article:modified_time\" content=\"2023-03-27T16:26:44+00:00\" \/>\n<meta property=\"og:image\" content=\"https:\/\/biancamachado.com.br\/blog\/wp-content\/uploads\/2023\/03\/003-11-scaled.jpg?v=1679933385\" \/>\n\t<meta property=\"og:image:width\" content=\"2560\" \/>\n\t<meta property=\"og:image:height\" content=\"1707\" \/>\n\t<meta property=\"og:image:type\" content=\"image\/jpeg\" \/>\n<meta name=\"author\" content=\"biancamachado\" \/>\n<meta name=\"twitter:card\" content=\"summary_large_image\" \/>\n<meta name=\"twitter:label1\" content=\"Escrito por\" \/>\n\t<meta name=\"twitter:data1\" content=\"biancamachado\" \/>\n\t<meta name=\"twitter:label2\" content=\"Est. tempo de leitura\" \/>\n\t<meta name=\"twitter:data2\" content=\"4 minutos\" \/>\n<script type=\"application\/ld+json\" class=\"yoast-schema-graph\">{\"@context\":\"https:\\\/\\\/schema.org\",\"@graph\":[{\"@type\":\"Article\",\"@id\":\"https:\\\/\\\/biancamachado.com.br\\\/blog\\\/gabriela-comemora-10-anos-de-idade-com-tema-lilo-stitch-em-festa-animada\\\/#article\",\"isPartOf\":{\"@id\":\"https:\\\/\\\/biancamachado.com.br\\\/blog\\\/gabriela-comemora-10-anos-de-idade-com-tema-lilo-stitch-em-festa-animada\\\/\"},\"author\":{\"name\":\"biancamachado\",\"@id\":\"https:\\\/\\\/biancamachado.com.br\\\/blog\\\/#\\\/schema\\\/person\\\/990263800ec5e9bdbbf092a2353550a1\"},\"headline\":\"Gabriela comemora 10 anos de idade com tema Lilo &amp; Stitch em festa animada\",\"datePublished\":\"2023-03-27T16:26:43+00:00\",\"dateModified\":\"2023-03-27T16:26:44+00:00\",\"mainEntityOfPage\":{\"@id\":\"https:\\\/\\\/biancamachado.com.br\\\/blog\\\/gabriela-comemora-10-anos-de-idade-com-tema-lilo-stitch-em-festa-animada\\\/\"},\"wordCount\":227,\"commentCount\":0,\"publisher\":{\"@id\":\"https:\\\/\\\/biancamachado.com.br\\\/blog\\\/#organization\"},\"image\":{\"@id\":\"https:\\\/\\\/biancamachado.com.br\\\/blog\\\/gabriela-comemora-10-anos-de-idade-com-tema-lilo-stitch-em-festa-animada\\\/#primaryimage\"},\"thumbnailUrl\":\"https:\\\/\\\/i0.wp.com\\\/biancamachado.com.br\\\/blog\\\/wp-content\\\/uploads\\\/2023\\\/03\\\/003-11-scaled.jpg?fit=2560%2C1707&ssl=1?v=1679933385\",\"keywords\":[\"anivers\u00e1rio infantil\",\"festa de crian\u00e7as\",\"festa infantil\",\"lilo &amp; Stitch\"],\"articleSection\":[\"Festa Infantil \\\/ Anivers\u00e1rio\"],\"inLanguage\":\"pt-BR\",\"potentialAction\":[{\"@type\":\"CommentAction\",\"name\":\"Comment\",\"target\":[\"https:\\\/\\\/biancamachado.com.br\\\/blog\\\/gabriela-comemora-10-anos-de-idade-com-tema-lilo-stitch-em-festa-animada\\\/#respond\"]}]},{\"@type\":\"WebPage\",\"@id\":\"https:\\\/\\\/biancamachado.com.br\\\/blog\\\/gabriela-comemora-10-anos-de-idade-com-tema-lilo-stitch-em-festa-animada\\\/\",\"url\":\"https:\\\/\\\/biancamachado.com.br\\\/blog\\\/gabriela-comemora-10-anos-de-idade-com-tema-lilo-stitch-em-festa-animada\\\/\",\"name\":\"Gabriela comemora 10 anos de idade com tema Lilo &amp; Stitch em festa animada - STUDIO BIANCA MACHADO\",\"isPartOf\":{\"@id\":\"https:\\\/\\\/biancamachado.com.br\\\/blog\\\/#website\"},\"primaryImageOfPage\":{\"@id\":\"https:\\\/\\\/biancamachado.com.br\\\/blog\\\/gabriela-comemora-10-anos-de-idade-com-tema-lilo-stitch-em-festa-animada\\\/#primaryimage\"},\"image\":{\"@id\":\"https:\\\/\\\/biancamachado.com.br\\\/blog\\\/gabriela-comemora-10-anos-de-idade-com-tema-lilo-stitch-em-festa-animada\\\/#primaryimage\"},\"thumbnailUrl\":\"https:\\\/\\\/i0.wp.com\\\/biancamachado.com.br\\\/blog\\\/wp-content\\\/uploads\\\/2023\\\/03\\\/003-11-scaled.jpg?fit=2560%2C1707&ssl=1?v=1679933385\",\"datePublished\":\"2023-03-27T16:26:43+00:00\",\"dateModified\":\"2023-03-27T16:26:44+00:00\",\"description\":\"A festa de anivers\u00e1rio de Gabriela foi um verdadeiro sucesso. Comemorando seus 10 anos de idade, a garota escolheu o tema Lilo & Stitch para a decora\u00e7\u00e3o da festa, deixando tudo ainda mais colorido e divertido. As fotos registraram a alegria estampada nos rostos das crian\u00e7as presentes na Vila Indiana.\",\"breadcrumb\":{\"@id\":\"https:\\\/\\\/biancamachado.com.br\\\/blog\\\/gabriela-comemora-10-anos-de-idade-com-tema-lilo-stitch-em-festa-animada\\\/#breadcrumb\"},\"inLanguage\":\"pt-BR\",\"potentialAction\":[{\"@type\":\"ReadAction\",\"target\":[\"https:\\\/\\\/biancamachado.com.br\\\/blog\\\/gabriela-comemora-10-anos-de-idade-com-tema-lilo-stitch-em-festa-animada\\\/\"]}]},{\"@type\":\"ImageObject\",\"inLanguage\":\"pt-BR\",\"@id\":\"https:\\\/\\\/biancamachado.com.br\\\/blog\\\/gabriela-comemora-10-anos-de-idade-com-tema-lilo-stitch-em-festa-animada\\\/#primaryimage\",\"url\":\"https:\\\/\\\/i0.wp.com\\\/biancamachado.com.br\\\/blog\\\/wp-content\\\/uploads\\\/2023\\\/03\\\/003-11-scaled.jpg?fit=2560%2C1707&ssl=1?v=1679933385\",\"contentUrl\":\"https:\\\/\\\/i0.wp.com\\\/biancamachado.com.br\\\/blog\\\/wp-content\\\/uploads\\\/2023\\\/03\\\/003-11-scaled.jpg?fit=2560%2C1707&ssl=1?v=1679933385\",\"width\":2560,\"height\":1707,\"caption\":\"fotografia profissional infantil\"},{\"@type\":\"BreadcrumbList\",\"@id\":\"https:\\\/\\\/biancamachado.com.br\\\/blog\\\/gabriela-comemora-10-anos-de-idade-com-tema-lilo-stitch-em-festa-animada\\\/#breadcrumb\",\"itemListElement\":[{\"@type\":\"ListItem\",\"position\":1,\"name\":\"In\u00edcio\",\"item\":\"https:\\\/\\\/biancamachado.com.br\\\/blog\\\/\"},{\"@type\":\"ListItem\",\"position\":2,\"name\":\"Gabriela comemora 10 anos de idade com tema Lilo &amp; Stitch em festa animada\"}]},{\"@type\":\"WebSite\",\"@id\":\"https:\\\/\\\/biancamachado.com.br\\\/blog\\\/#website\",\"url\":\"https:\\\/\\\/biancamachado.com.br\\\/blog\\\/\",\"name\":\"STUDIO BIANCA MACHADO\",\"description\":\"Estudio Fotografico, Ensaios e Books de foto profissional\",\"publisher\":{\"@id\":\"https:\\\/\\\/biancamachado.com.br\\\/blog\\\/#organization\"},\"potentialAction\":[{\"@type\":\"SearchAction\",\"target\":{\"@type\":\"EntryPoint\",\"urlTemplate\":\"https:\\\/\\\/biancamachado.com.br\\\/blog\\\/?s={search_term_string}\"},\"query-input\":{\"@type\":\"PropertyValueSpecification\",\"valueRequired\":true,\"valueName\":\"search_term_string\"}}],\"inLanguage\":\"pt-BR\"},{\"@type\":\"Organization\",\"@id\":\"https:\\\/\\\/biancamachado.com.br\\\/blog\\\/#organization\",\"name\":\"STUDIO BIANCA MACHADO\",\"url\":\"https:\\\/\\\/biancamachado.com.br\\\/blog\\\/\",\"logo\":{\"@type\":\"ImageObject\",\"inLanguage\":\"pt-BR\",\"@id\":\"https:\\\/\\\/biancamachado.com.br\\\/blog\\\/#\\\/schema\\\/logo\\\/image\\\/\",\"url\":\"https:\\\/\\\/i0.wp.com\\\/biancamachado.com.br\\\/blog\\\/wp-content\\\/uploads\\\/2021\\\/02\\\/cropped-logo-ml.jpg?fit=278%2C100&ssl=1\",\"contentUrl\":\"https:\\\/\\\/i0.wp.com\\\/biancamachado.com.br\\\/blog\\\/wp-content\\\/uploads\\\/2021\\\/02\\\/cropped-logo-ml.jpg?fit=278%2C100&ssl=1\",\"width\":278,\"height\":100,\"caption\":\"STUDIO BIANCA MACHADO\"},\"image\":{\"@id\":\"https:\\\/\\\/biancamachado.com.br\\\/blog\\\/#\\\/schema\\\/logo\\\/image\\\/\"},\"sameAs\":[\"https:\\\/\\\/www.facebook.com\\\/Studiobiancamachado\\\/\",\"https:\\\/\\\/www.instagram.com\\\/Studiobiancamachado\\\/\"]},{\"@type\":\"Person\",\"@id\":\"https:\\\/\\\/biancamachado.com.br\\\/blog\\\/#\\\/schema\\\/person\\\/990263800ec5e9bdbbf092a2353550a1\",\"name\":\"biancamachado\",\"image\":{\"@type\":\"ImageObject\",\"inLanguage\":\"pt-BR\",\"@id\":\"https:\\\/\\\/secure.gravatar.com\\\/avatar\\\/62b1a50f2632dbc2e279c3eb55aa46cc324c969cff16a69c59756d155316542c?s=96&d=mm&r=g\",\"url\":\"https:\\\/\\\/secure.gravatar.com\\\/avatar\\\/62b1a50f2632dbc2e279c3eb55aa46cc324c969cff16a69c59756d155316542c?s=96&d=mm&r=g\",\"contentUrl\":\"https:\\\/\\\/secure.gravatar.com\\\/avatar\\\/62b1a50f2632dbc2e279c3eb55aa46cc324c969cff16a69c59756d155316542c?s=96&d=mm&r=g\",\"caption\":\"biancamachado\"},\"sameAs\":[\"https:\\\/\\\/biancamachado.com.br\\\/blog\"],\"url\":\"https:\\\/\\\/biancamachado.com.br\\\/blog\\\/author\\\/biancamachado\\\/\"}]}<\/script>\n<!-- \/ Yoast SEO plugin. -->","yoast_head_json":{"title":"Gabriela comemora 10 anos de idade com tema Lilo &amp; Stitch em festa animada - STUDIO BIANCA MACHADO","description":"A festa de anivers\u00e1rio de Gabriela foi um verdadeiro sucesso. Comemorando seus 10 anos de idade, a garota escolheu o tema Lilo & Stitch para a decora\u00e7\u00e3o da festa, deixando tudo ainda mais colorido e divertido. As fotos registraram a alegria estampada nos rostos das crian\u00e7as presentes na Vila Indiana.","robots":{"index":"index","follow":"follow","max-snippet":"max-snippet:-1","max-image-preview":"max-image-preview:large","max-video-preview":"max-video-preview:-1"},"canonical":"https:\/\/biancamachado.com.br\/blog\/gabriela-comemora-10-anos-de-idade-com-tema-lilo-stitch-em-festa-animada\/","og_locale":"pt_BR","og_type":"article","og_title":"Gabriela comemora 10 anos de idade com tema Lilo &amp; Stitch em festa animada - STUDIO BIANCA MACHADO","og_description":"A festa de anivers\u00e1rio de Gabriela foi um verdadeiro sucesso. Comemorando seus 10 anos de idade, a garota escolheu o tema Lilo & Stitch para a decora\u00e7\u00e3o da festa, deixando tudo ainda mais colorido e divertido. As fotos registraram a alegria estampada nos rostos das crian\u00e7as presentes na Vila Indiana.","og_url":"https:\/\/biancamachado.com.br\/blog\/gabriela-comemora-10-anos-de-idade-com-tema-lilo-stitch-em-festa-animada\/","og_site_name":"STUDIO BIANCA MACHADO","article_publisher":"https:\/\/www.facebook.com\/Studiobiancamachado\/","article_published_time":"2023-03-27T16:26:43+00:00","article_modified_time":"2023-03-27T16:26:44+00:00","og_image":[{"width":2560,"height":1707,"url":"https:\/\/biancamachado.com.br\/blog\/wp-content\/uploads\/2023\/03\/003-11-scaled.jpg?v=1679933385","type":"image\/jpeg"}],"author":"biancamachado","twitter_card":"summary_large_image","twitter_misc":{"Escrito por":"biancamachado","Est. tempo de leitura":"4 minutos"},"schema":{"@context":"https:\/\/schema.org","@graph":[{"@type":"Article","@id":"https:\/\/biancamachado.com.br\/blog\/gabriela-comemora-10-anos-de-idade-com-tema-lilo-stitch-em-festa-animada\/#article","isPartOf":{"@id":"https:\/\/biancamachado.com.br\/blog\/gabriela-comemora-10-anos-de-idade-com-tema-lilo-stitch-em-festa-animada\/"},"author":{"name":"biancamachado","@id":"https:\/\/biancamachado.com.br\/blog\/#\/schema\/person\/990263800ec5e9bdbbf092a2353550a1"},"headline":"Gabriela comemora 10 anos de idade com tema Lilo &amp; Stitch em festa animada","datePublished":"2023-03-27T16:26:43+00:00","dateModified":"2023-03-27T16:26:44+00:00","mainEntityOfPage":{"@id":"https:\/\/biancamachado.com.br\/blog\/gabriela-comemora-10-anos-de-idade-com-tema-lilo-stitch-em-festa-animada\/"},"wordCount":227,"commentCount":0,"publisher":{"@id":"https:\/\/biancamachado.com.br\/blog\/#organization"},"image":{"@id":"https:\/\/biancamachado.com.br\/blog\/gabriela-comemora-10-anos-de-idade-com-tema-lilo-stitch-em-festa-animada\/#primaryimage"},"thumbnailUrl":"https:\/\/i0.wp.com\/biancamachado.com.br\/blog\/wp-content\/uploads\/2023\/03\/003-11-scaled.jpg?fit=2560%2C1707&ssl=1?v=1679933385","keywords":["anivers\u00e1rio infantil","festa de crian\u00e7as","festa infantil","lilo &amp; Stitch"],"articleSection":["Festa Infantil \/ Anivers\u00e1rio"],"inLanguage":"pt-BR","potentialAction":[{"@type":"CommentAction","name":"Comment","target":["https:\/\/biancamachado.com.br\/blog\/gabriela-comemora-10-anos-de-idade-com-tema-lilo-stitch-em-festa-animada\/#respond"]}]},{"@type":"WebPage","@id":"https:\/\/biancamachado.com.br\/blog\/gabriela-comemora-10-anos-de-idade-com-tema-lilo-stitch-em-festa-animada\/","url":"https:\/\/biancamachado.com.br\/blog\/gabriela-comemora-10-anos-de-idade-com-tema-lilo-stitch-em-festa-animada\/","name":"Gabriela comemora 10 anos de idade com tema Lilo &amp; Stitch em festa animada - STUDIO BIANCA MACHADO","isPartOf":{"@id":"https:\/\/biancamachado.com.br\/blog\/#website"},"primaryImageOfPage":{"@id":"https:\/\/biancamachado.com.br\/blog\/gabriela-comemora-10-anos-de-idade-com-tema-lilo-stitch-em-festa-animada\/#primaryimage"},"image":{"@id":"https:\/\/biancamachado.com.br\/blog\/gabriela-comemora-10-anos-de-idade-com-tema-lilo-stitch-em-festa-animada\/#primaryimage"},"thumbnailUrl":"https:\/\/i0.wp.com\/biancamachado.com.br\/blog\/wp-content\/uploads\/2023\/03\/003-11-scaled.jpg?fit=2560%2C1707&ssl=1?v=1679933385","datePublished":"2023-03-27T16:26:43+00:00","dateModified":"2023-03-27T16:26:44+00:00","description":"A festa de anivers\u00e1rio de Gabriela foi um verdadeiro sucesso. Comemorando seus 10 anos de idade, a garota escolheu o tema Lilo & Stitch para a decora\u00e7\u00e3o da festa, deixando tudo ainda mais colorido e divertido. As fotos registraram a alegria estampada nos rostos das crian\u00e7as presentes na Vila Indiana.","breadcrumb":{"@id":"https:\/\/biancamachado.com.br\/blog\/gabriela-comemora-10-anos-de-idade-com-tema-lilo-stitch-em-festa-animada\/#breadcrumb"},"inLanguage":"pt-BR","potentialAction":[{"@type":"ReadAction","target":["https:\/\/biancamachado.com.br\/blog\/gabriela-comemora-10-anos-de-idade-com-tema-lilo-stitch-em-festa-animada\/"]}]},{"@type":"ImageObject","inLanguage":"pt-BR","@id":"https:\/\/biancamachado.com.br\/blog\/gabriela-comemora-10-anos-de-idade-com-tema-lilo-stitch-em-festa-animada\/#primaryimage","url":"https:\/\/i0.wp.com\/biancamachado.com.br\/blog\/wp-content\/uploads\/2023\/03\/003-11-scaled.jpg?fit=2560%2C1707&ssl=1?v=1679933385","contentUrl":"https:\/\/i0.wp.com\/biancamachado.com.br\/blog\/wp-content\/uploads\/2023\/03\/003-11-scaled.jpg?fit=2560%2C1707&ssl=1?v=1679933385","width":2560,"height":1707,"caption":"fotografia profissional infantil"},{"@type":"BreadcrumbList","@id":"https:\/\/biancamachado.com.br\/blog\/gabriela-comemora-10-anos-de-idade-com-tema-lilo-stitch-em-festa-animada\/#breadcrumb","itemListElement":[{"@type":"ListItem","position":1,"name":"In\u00edcio","item":"https:\/\/biancamachado.com.br\/blog\/"},{"@type":"ListItem","position":2,"name":"Gabriela comemora 10 anos de idade com tema Lilo &amp; Stitch em festa animada"}]},{"@type":"WebSite","@id":"https:\/\/biancamachado.com.br\/blog\/#website","url":"https:\/\/biancamachado.com.br\/blog\/","name":"STUDIO BIANCA MACHADO","description":"Estudio Fotografico, Ensaios e Books de foto profissional","publisher":{"@id":"https:\/\/biancamachado.com.br\/blog\/#organization"},"potentialAction":[{"@type":"SearchAction","target":{"@type":"EntryPoint","urlTemplate":"https:\/\/biancamachado.com.br\/blog\/?s={search_term_string}"},"query-input":{"@type":"PropertyValueSpecification","valueRequired":true,"valueName":"search_term_string"}}],"inLanguage":"pt-BR"},{"@type":"Organization","@id":"https:\/\/biancamachado.com.br\/blog\/#organization","name":"STUDIO BIANCA MACHADO","url":"https:\/\/biancamachado.com.br\/blog\/","logo":{"@type":"ImageObject","inLanguage":"pt-BR","@id":"https:\/\/biancamachado.com.br\/blog\/#\/schema\/logo\/image\/","url":"https:\/\/i0.wp.com\/biancamachado.com.br\/blog\/wp-content\/uploads\/2021\/02\/cropped-logo-ml.jpg?fit=278%2C100&ssl=1","contentUrl":"https:\/\/i0.wp.com\/biancamachado.com.br\/blog\/wp-content\/uploads\/2021\/02\/cropped-logo-ml.jpg?fit=278%2C100&ssl=1","width":278,"height":100,"caption":"STUDIO BIANCA MACHADO"},"image":{"@id":"https:\/\/biancamachado.com.br\/blog\/#\/schema\/logo\/image\/"},"sameAs":["https:\/\/www.facebook.com\/Studiobiancamachado\/","https:\/\/www.instagram.com\/Studiobiancamachado\/"]},{"@type":"Person","@id":"https:\/\/biancamachado.com.br\/blog\/#\/schema\/person\/990263800ec5e9bdbbf092a2353550a1","name":"biancamachado","image":{"@type":"ImageObject","inLanguage":"pt-BR","@id":"https:\/\/secure.gravatar.com\/avatar\/62b1a50f2632dbc2e279c3eb55aa46cc324c969cff16a69c59756d155316542c?s=96&d=mm&r=g","url":"https:\/\/secure.gravatar.com\/avatar\/62b1a50f2632dbc2e279c3eb55aa46cc324c969cff16a69c59756d155316542c?s=96&d=mm&r=g","contentUrl":"https:\/\/secure.gravatar.com\/avatar\/62b1a50f2632dbc2e279c3eb55aa46cc324c969cff16a69c59756d155316542c?s=96&d=mm&r=g","caption":"biancamachado"},"sameAs":["https:\/\/biancamachado.com.br\/blog"],"url":"https:\/\/biancamachado.com.br\/blog\/author\/biancamachado\/"}]}},"jetpack_featured_media_url":"https:\/\/i0.wp.com\/biancamachado.com.br\/blog\/wp-content\/uploads\/2023\/03\/003-11-scaled.jpg?fit=2560%2C1707&ssl=1?v=1679933385","jetpack-related-posts":[],"jetpack_sharing_enabled":true,"_links":{"self":[{"href":"https:\/\/biancamachado.com.br\/blog\/wp-json\/wp\/v2\/posts\/4601","targetHints":{"allow":["GET"]}}],"collection":[{"href":"https:\/\/biancamachado.com.br\/blog\/wp-json\/wp\/v2\/posts"}],"about":[{"href":"https:\/\/biancamachado.com.br\/blog\/wp-json\/wp\/v2\/types\/post"}],"author":[{"embeddable":true,"href":"https:\/\/biancamachado.com.br\/blog\/wp-json\/wp\/v2\/users\/1"}],"replies":[{"embeddable":true,"href":"https:\/\/biancamachado.com.br\/blog\/wp-json\/wp\/v2\/comments?post=4601"}],"version-history":[{"count":1,"href":"https:\/\/biancamachado.com.br\/blog\/wp-json\/wp\/v2\/posts\/4601\/revisions"}],"predecessor-version":[{"id":4613,"href":"https:\/\/biancamachado.com.br\/blog\/wp-json\/wp\/v2\/posts\/4601\/revisions\/4613"}],"wp:featuredmedia":[{"embeddable":true,"href":"https:\/\/biancamachado.com.br\/blog\/wp-json\/wp\/v2\/media\/4604"}],"wp:attachment":[{"href":"https:\/\/biancamachado.com.br\/blog\/wp-json\/wp\/v2\/media?parent=4601"}],"wp:term":[{"taxonomy":"category","embeddable":true,"href":"https:\/\/biancamachado.com.br\/blog\/wp-json\/wp\/v2\/categories?post=4601"},{"taxonomy":"post_tag","embeddable":true,"href":"https:\/\/biancamachado.com.br\/blog\/wp-json\/wp\/v2\/tags?post=4601"}],"curies":[{"name":"wp","href":"https:\/\/api.w.org\/{rel}","templated":true}]}}