{"id":4513,"date":"2023-03-14T15:22:35","date_gmt":"2023-03-14T18:22:35","guid":{"rendered":"https:\/\/biancamachado.com.br\/blog\/?p=4513"},"modified":"2023-03-14T15:22:37","modified_gmt":"2023-03-14T18:22:37","slug":"acompanhamento-mensal-como-registrar-cada-fase-importante-do-crescimento-do-seu-bebe","status":"publish","type":"post","link":"https:\/\/biancamachado.com.br\/blog\/acompanhamento-mensal-como-registrar-cada-fase-importante-do-crescimento-do-seu-bebe\/","title":{"rendered":"Acompanhamento mensal: como registrar cada fase importante do crescimento do seu beb\u00ea"},"content":{"rendered":"\n<p>Fotografar a evolu\u00e7\u00e3o de um beb\u00ea \u00e9 uma das tarefas mais gratificantes para um fot\u00f3grafo. Tive o prazer de acompanhar o Rafinha desde seus primeiros dias de vida, e agora, com 9 meses, registramos mais um ensaio que marca uma fase importante do seu crescimento.<\/p>\n\n\n\n<div class=\"wp-block-jetpack-tiled-gallery aligncenter is-style-rectangular\"><div class=\"tiled-gallery__gallery\"><div class=\"tiled-gallery__row\"><div class=\"tiled-gallery__col\" style=\"flex-basis:42.62480%\"><figure class=\"tiled-gallery__item\"><img decoding=\"async\" srcset=\"https:\/\/i0.wp.com\/biancamachado.com.br\/blog\/wp-content\/uploads\/2023\/03\/001-12-1024x683.jpg?strip=info&#038;w=600&#038;ssl=1 600w,https:\/\/i0.wp.com\/biancamachado.com.br\/blog\/wp-content\/uploads\/2023\/03\/001-12-1024x683.jpg?strip=info&#038;w=900&#038;ssl=1 900w,https:\/\/i0.wp.com\/biancamachado.com.br\/blog\/wp-content\/uploads\/2023\/03\/001-12-1024x683.jpg?strip=info&#038;w=1200&#038;ssl=1 1200w,https:\/\/i0.wp.com\/biancamachado.com.br\/blog\/wp-content\/uploads\/2023\/03\/001-12-1024x683.jpg?strip=info&#038;w=1500&#038;ssl=1 1500w,https:\/\/i0.wp.com\/biancamachado.com.br\/blog\/wp-content\/uploads\/2023\/03\/001-12-1024x683.jpg?strip=info&#038;w=1800&#038;ssl=1 1800w,https:\/\/i0.wp.com\/biancamachado.com.br\/blog\/wp-content\/uploads\/2023\/03\/001-12-1024x683.jpg?strip=info&#038;w=2000&#038;ssl=1 2000w\" alt=\"fotografia profissional de bebes\" data-height=\"1707\" data-id=\"4516\" data-link=\"https:\/\/biancamachado.com.br\/blog\/?attachment_id=4516\" data-url=\"https:\/\/biancamachado.com.br\/blog\/wp-content\/uploads\/2023\/03\/001-12-1024x683.jpg\" data-width=\"2560\" src=\"https:\/\/i0.wp.com\/biancamachado.com.br\/blog\/wp-content\/uploads\/2023\/03\/001-12-1024x683.jpg?ssl=1\" data-amp-layout=\"responsive\"\/><\/figure><figure class=\"tiled-gallery__item\"><img decoding=\"async\" srcset=\"https:\/\/i0.wp.com\/biancamachado.com.br\/blog\/wp-content\/uploads\/2023\/03\/019-2-1024x683.jpg?strip=info&#038;w=600&#038;ssl=1 600w,https:\/\/i0.wp.com\/biancamachado.com.br\/blog\/wp-content\/uploads\/2023\/03\/019-2-1024x683.jpg?strip=info&#038;w=900&#038;ssl=1 900w,https:\/\/i0.wp.com\/biancamachado.com.br\/blog\/wp-content\/uploads\/2023\/03\/019-2-1024x683.jpg?strip=info&#038;w=1200&#038;ssl=1 1200w,https:\/\/i0.wp.com\/biancamachado.com.br\/blog\/wp-content\/uploads\/2023\/03\/019-2-1024x683.jpg?strip=info&#038;w=1500&#038;ssl=1 1500w,https:\/\/i0.wp.com\/biancamachado.com.br\/blog\/wp-content\/uploads\/2023\/03\/019-2-1024x683.jpg?strip=info&#038;w=1800&#038;ssl=1 1800w,https:\/\/i0.wp.com\/biancamachado.com.br\/blog\/wp-content\/uploads\/2023\/03\/019-2-1024x683.jpg?strip=info&#038;w=2000&#038;ssl=1 2000w\" alt=\"fotos acompanhamento bebe 9 meses\" data-height=\"1707\" data-id=\"4515\" data-link=\"https:\/\/biancamachado.com.br\/blog\/?attachment_id=4515\" data-url=\"https:\/\/biancamachado.com.br\/blog\/wp-content\/uploads\/2023\/03\/019-2-1024x683.jpg\" data-width=\"2560\" src=\"https:\/\/i0.wp.com\/biancamachado.com.br\/blog\/wp-content\/uploads\/2023\/03\/019-2-1024x683.jpg?ssl=1\" data-amp-layout=\"responsive\"\/><\/figure><figure class=\"tiled-gallery__item\"><img decoding=\"async\" srcset=\"https:\/\/i1.wp.com\/biancamachado.com.br\/blog\/wp-content\/uploads\/2023\/03\/003-9-1024x683.jpg?strip=info&#038;w=600&#038;ssl=1 600w,https:\/\/i1.wp.com\/biancamachado.com.br\/blog\/wp-content\/uploads\/2023\/03\/003-9-1024x683.jpg?strip=info&#038;w=900&#038;ssl=1 900w,https:\/\/i1.wp.com\/biancamachado.com.br\/blog\/wp-content\/uploads\/2023\/03\/003-9-1024x683.jpg?strip=info&#038;w=1200&#038;ssl=1 1200w,https:\/\/i1.wp.com\/biancamachado.com.br\/blog\/wp-content\/uploads\/2023\/03\/003-9-1024x683.jpg?strip=info&#038;w=1500&#038;ssl=1 1500w,https:\/\/i1.wp.com\/biancamachado.com.br\/blog\/wp-content\/uploads\/2023\/03\/003-9-1024x683.jpg?strip=info&#038;w=1800&#038;ssl=1 1800w,https:\/\/i1.wp.com\/biancamachado.com.br\/blog\/wp-content\/uploads\/2023\/03\/003-9-1024x683.jpg?strip=info&#038;w=2000&#038;ssl=1 2000w\" alt=\"fotos familia profissionais\" data-height=\"1707\" data-id=\"4517\" data-link=\"https:\/\/biancamachado.com.br\/blog\/?attachment_id=4517\" data-url=\"https:\/\/biancamachado.com.br\/blog\/wp-content\/uploads\/2023\/03\/003-9-1024x683.jpg\" data-width=\"2560\" src=\"https:\/\/i1.wp.com\/biancamachado.com.br\/blog\/wp-content\/uploads\/2023\/03\/003-9-1024x683.jpg?ssl=1\" data-amp-layout=\"responsive\"\/><\/figure><\/div><div class=\"tiled-gallery__col\" style=\"flex-basis:57.37520%\"><figure class=\"tiled-gallery__item\"><img decoding=\"async\" srcset=\"https:\/\/i2.wp.com\/biancamachado.com.br\/blog\/wp-content\/uploads\/2023\/03\/006-5-683x1024.jpg?strip=info&#038;w=600&#038;ssl=1 600w,https:\/\/i2.wp.com\/biancamachado.com.br\/blog\/wp-content\/uploads\/2023\/03\/006-5-683x1024.jpg?strip=info&#038;w=900&#038;ssl=1 900w,https:\/\/i2.wp.com\/biancamachado.com.br\/blog\/wp-content\/uploads\/2023\/03\/006-5-683x1024.jpg?strip=info&#038;w=1200&#038;ssl=1 1200w,https:\/\/i2.wp.com\/biancamachado.com.br\/blog\/wp-content\/uploads\/2023\/03\/006-5-683x1024.jpg?strip=info&#038;w=1500&#038;ssl=1 1500w,https:\/\/i2.wp.com\/biancamachado.com.br\/blog\/wp-content\/uploads\/2023\/03\/006-5-683x1024.jpg?strip=info&#038;w=1707&#038;ssl=1 1707w\" alt=\"\" data-height=\"2560\" data-id=\"4518\" data-link=\"https:\/\/biancamachado.com.br\/blog\/?attachment_id=4518\" data-url=\"https:\/\/biancamachado.com.br\/blog\/wp-content\/uploads\/2023\/03\/006-5-683x1024.jpg\" data-width=\"1707\" src=\"https:\/\/i2.wp.com\/biancamachado.com.br\/blog\/wp-content\/uploads\/2023\/03\/006-5-683x1024.jpg?ssl=1\" data-amp-layout=\"responsive\"\/><\/figure><\/div><\/div><div class=\"tiled-gallery__row\"><div class=\"tiled-gallery__col\" style=\"flex-basis:42.77617%\"><figure class=\"tiled-gallery__item\"><img decoding=\"async\" srcset=\"https:\/\/i0.wp.com\/biancamachado.com.br\/blog\/wp-content\/uploads\/2023\/03\/007-8-1024x683.jpg?strip=info&#038;w=600&#038;ssl=1 600w,https:\/\/i0.wp.com\/biancamachado.com.br\/blog\/wp-content\/uploads\/2023\/03\/007-8-1024x683.jpg?strip=info&#038;w=900&#038;ssl=1 900w,https:\/\/i0.wp.com\/biancamachado.com.br\/blog\/wp-content\/uploads\/2023\/03\/007-8-1024x683.jpg?strip=info&#038;w=1200&#038;ssl=1 1200w,https:\/\/i0.wp.com\/biancamachado.com.br\/blog\/wp-content\/uploads\/2023\/03\/007-8-1024x683.jpg?strip=info&#038;w=1500&#038;ssl=1 1500w,https:\/\/i0.wp.com\/biancamachado.com.br\/blog\/wp-content\/uploads\/2023\/03\/007-8-1024x683.jpg?strip=info&#038;w=1800&#038;ssl=1 1800w,https:\/\/i0.wp.com\/biancamachado.com.br\/blog\/wp-content\/uploads\/2023\/03\/007-8-1024x683.jpg?strip=info&#038;w=2000&#038;ssl=1 2000w\" alt=\"\" data-height=\"1707\" data-id=\"4519\" data-link=\"https:\/\/biancamachado.com.br\/blog\/?attachment_id=4519\" data-url=\"https:\/\/biancamachado.com.br\/blog\/wp-content\/uploads\/2023\/03\/007-8-1024x683.jpg\" data-width=\"2560\" src=\"https:\/\/i0.wp.com\/biancamachado.com.br\/blog\/wp-content\/uploads\/2023\/03\/007-8-1024x683.jpg?ssl=1\" data-amp-layout=\"responsive\"\/><\/figure><\/div><div class=\"tiled-gallery__col\" style=\"flex-basis:19.07832%\"><figure class=\"tiled-gallery__item\"><img decoding=\"async\" srcset=\"https:\/\/i0.wp.com\/biancamachado.com.br\/blog\/wp-content\/uploads\/2023\/03\/016-683x1024.jpg?strip=info&#038;w=600&#038;ssl=1 600w,https:\/\/i0.wp.com\/biancamachado.com.br\/blog\/wp-content\/uploads\/2023\/03\/016-683x1024.jpg?strip=info&#038;w=900&#038;ssl=1 900w,https:\/\/i0.wp.com\/biancamachado.com.br\/blog\/wp-content\/uploads\/2023\/03\/016-683x1024.jpg?strip=info&#038;w=1200&#038;ssl=1 1200w,https:\/\/i0.wp.com\/biancamachado.com.br\/blog\/wp-content\/uploads\/2023\/03\/016-683x1024.jpg?strip=info&#038;w=1500&#038;ssl=1 1500w,https:\/\/i0.wp.com\/biancamachado.com.br\/blog\/wp-content\/uploads\/2023\/03\/016-683x1024.jpg?strip=info&#038;w=1707&#038;ssl=1 1707w\" alt=\"fotos bebes sao paulo 9 meses\" data-height=\"2560\" data-id=\"4522\" data-link=\"https:\/\/biancamachado.com.br\/blog\/?attachment_id=4522\" data-url=\"https:\/\/biancamachado.com.br\/blog\/wp-content\/uploads\/2023\/03\/016-683x1024.jpg\" data-width=\"1707\" src=\"https:\/\/i0.wp.com\/biancamachado.com.br\/blog\/wp-content\/uploads\/2023\/03\/016-683x1024.jpg?ssl=1\" data-amp-layout=\"responsive\"\/><\/figure><\/div><div class=\"tiled-gallery__col\" style=\"flex-basis:19.06720%\"><figure class=\"tiled-gallery__item\"><img decoding=\"async\" srcset=\"https:\/\/i2.wp.com\/biancamachado.com.br\/blog\/wp-content\/uploads\/2023\/03\/010-3-683x1024.jpg?strip=info&#038;w=600&#038;ssl=1 600w,https:\/\/i2.wp.com\/biancamachado.com.br\/blog\/wp-content\/uploads\/2023\/03\/010-3-683x1024.jpg?strip=info&#038;w=900&#038;ssl=1 900w,https:\/\/i2.wp.com\/biancamachado.com.br\/blog\/wp-content\/uploads\/2023\/03\/010-3-683x1024.jpg?strip=info&#038;w=1200&#038;ssl=1 1200w,https:\/\/i2.wp.com\/biancamachado.com.br\/blog\/wp-content\/uploads\/2023\/03\/010-3-683x1024.jpg?strip=info&#038;w=1500&#038;ssl=1 1500w,https:\/\/i2.wp.com\/biancamachado.com.br\/blog\/wp-content\/uploads\/2023\/03\/010-3-683x1024.jpg?strip=info&#038;w=1706&#038;ssl=1 1706w\" alt=\"melhores fotos profissional de 9 meses\" data-height=\"2560\" data-id=\"4520\" data-link=\"https:\/\/biancamachado.com.br\/blog\/?attachment_id=4520\" data-url=\"https:\/\/biancamachado.com.br\/blog\/wp-content\/uploads\/2023\/03\/010-3-683x1024.jpg\" data-width=\"1706\" src=\"https:\/\/i2.wp.com\/biancamachado.com.br\/blog\/wp-content\/uploads\/2023\/03\/010-3-683x1024.jpg?ssl=1\" data-amp-layout=\"responsive\"\/><\/figure><\/div><div class=\"tiled-gallery__col\" style=\"flex-basis:19.07832%\"><figure class=\"tiled-gallery__item\"><img decoding=\"async\" srcset=\"https:\/\/i2.wp.com\/biancamachado.com.br\/blog\/wp-content\/uploads\/2023\/03\/011-1-683x1024.jpg?strip=info&#038;w=600&#038;ssl=1 600w,https:\/\/i2.wp.com\/biancamachado.com.br\/blog\/wp-content\/uploads\/2023\/03\/011-1-683x1024.jpg?strip=info&#038;w=900&#038;ssl=1 900w,https:\/\/i2.wp.com\/biancamachado.com.br\/blog\/wp-content\/uploads\/2023\/03\/011-1-683x1024.jpg?strip=info&#038;w=1200&#038;ssl=1 1200w,https:\/\/i2.wp.com\/biancamachado.com.br\/blog\/wp-content\/uploads\/2023\/03\/011-1-683x1024.jpg?strip=info&#038;w=1500&#038;ssl=1 1500w,https:\/\/i2.wp.com\/biancamachado.com.br\/blog\/wp-content\/uploads\/2023\/03\/011-1-683x1024.jpg?strip=info&#038;w=1707&#038;ssl=1 1707w\" alt=\"fotografia bebes acompanhamento primeiro ano\" data-height=\"2560\" data-id=\"4521\" data-link=\"https:\/\/biancamachado.com.br\/blog\/?attachment_id=4521\" data-url=\"https:\/\/biancamachado.com.br\/blog\/wp-content\/uploads\/2023\/03\/011-1-683x1024.jpg\" data-width=\"1707\" src=\"https:\/\/i2.wp.com\/biancamachado.com.br\/blog\/wp-content\/uploads\/2023\/03\/011-1-683x1024.jpg?ssl=1\" data-amp-layout=\"responsive\"\/><\/figure><\/div><\/div><\/div><\/div>\n\n\n\n<p>Os ensaios mensais do Rafinha s\u00e3o uma forma de eternizar cada momento do seu desenvolvimento, desde rec\u00e9m-nascido at\u00e9 os primeiros passos. Come\u00e7amos fotografando o Rafinha quando ele era um pequeno beb\u00ea, com apenas alguns dias de vida, depois passamos para as fases de sentar e engatinhar, e agora ele j\u00e1 est\u00e1 de p\u00e9 e prestes a dar seus primeiros passos.<\/p>\n\n\n\n<p>A fam\u00edlia do Rafinha \u00e9 muito tranquila e amorosa, o que torna o ensaio ainda mais especial. A irm\u00e3zinha do Rafinha \u00e9 uma gracinha e adora estar presente em cada ensaio, tornando as imagens ainda mais divertidas e emocionantes.<\/p>\n\n\n\n<p>Durante o ensaio, aproveitamos a energia e a curiosidade do Rafinha para criar imagens espont\u00e2neas e cheias de personalidade. <\/p>\n\n\n\n<p>Registrar cada fase do crescimento do Rafinha \u00e9 uma forma de criar mem\u00f3rias que ficar\u00e3o para sempre na fam\u00edlia. Cada imagem \u00e9 um registro de um momento \u00fanico e especial na vida do beb\u00ea, e o ensaio de acompanhamento mensal \u00e9 uma maneira de guardar essas lembran\u00e7as para sempre.<\/p>\n\n\n\n<p>Em resumo, o ensaio de acompanhamento do Rafinha aos 9 meses foi mais um momento emocionante e especial na sua jornada de crescimento. Fotografar cada fase \u00e9 uma forma de eternizar as lembran\u00e7as e criar uma hist\u00f3ria visual da vida do beb\u00ea. E, com uma fam\u00edlia t\u00e3o amorosa e tranquila, cada ensaio \u00e9 um momento de felicidade e alegria.<\/p>\nVisite tamb\u00e9m nosso site: www.biancamachado.com.br\r\n(11) 97107-1018\r\n\r\nAtendemos as regi\u00f5es de S\u00e3o Paulo, Sorocaba, Ibi\u00fana, Piedade, Votorantim, Cotia, Itupeva, Jundia\u00ed, It\u00fa e Campinas","protected":false},"excerpt":{"rendered":"<p>Fotografar a evolu\u00e7\u00e3o de um beb\u00ea \u00e9 uma das tarefas mais gratificantes para um fot\u00f3grafo. Tive o prazer de acompanhar o Rafinha desde seus primeiros dias de vida, e agora, com 9 meses, registramos mais um ensaio que marca uma fase importante do seu crescimento.<\/p>\n","protected":false},"author":1,"featured_media":4516,"comment_status":"open","ping_status":"open","sticky":false,"template":"","format":"standard","meta":{"_monsterinsights_skip_tracking":false,"_monsterinsights_sitenote_active":false,"_monsterinsights_sitenote_note":"","_monsterinsights_sitenote_category":0,"jetpack_post_was_ever_published":false,"_jetpack_newsletter_access":"","_jetpack_dont_email_post_to_subs":false,"_jetpack_newsletter_tier_id":0,"_jetpack_memberships_contains_paywalled_content":false,"_jetpack_memberships_contains_paid_content":false,"_joinchat":[],"footnotes":""},"categories":[312],"tags":[950,438,450],"class_list":["post-4513","post","type-post","status-publish","format-standard","has-post-thumbnail","hentry","category-acompanhamento-bebes","tag-acompanhamento-de-fotos","tag-acompanhamento-mensal-de-bebes","tag-fotografos-de-bebes"],"yoast_head":"<!-- This site is optimized with the Yoast SEO plugin v27.4 - https:\/\/yoast.com\/product\/yoast-seo-wordpress\/ -->\n<title>Acompanhamento mensal: como registrar cada fase importante do crescimento do seu beb\u00ea - STUDIO BIANCA MACHADO<\/title>\n<meta name=\"description\" content=\"Fotografar a evolu\u00e7\u00e3o de um beb\u00ea \u00e9 uma das tarefas mais gratificantes para um fot\u00f3grafo. Tive o prazer de acompanhar o Rafinha desde seus primeiros dias de vida, e agora, com 9 meses, registramos mais um ensaio que marca uma fase importante do seu crescimento.\" \/>\n<meta name=\"robots\" content=\"index, follow, max-snippet:-1, max-image-preview:large, max-video-preview:-1\" \/>\n<link rel=\"canonical\" href=\"https:\/\/biancamachado.com.br\/blog\/acompanhamento-mensal-como-registrar-cada-fase-importante-do-crescimento-do-seu-bebe\/\" \/>\n<meta property=\"og:locale\" content=\"pt_BR\" \/>\n<meta property=\"og:type\" content=\"article\" \/>\n<meta property=\"og:title\" content=\"Acompanhamento mensal: como registrar cada fase importante do crescimento do seu beb\u00ea - STUDIO BIANCA MACHADO\" \/>\n<meta property=\"og:description\" content=\"Fotografar a evolu\u00e7\u00e3o de um beb\u00ea \u00e9 uma das tarefas mais gratificantes para um fot\u00f3grafo. Tive o prazer de acompanhar o Rafinha desde seus primeiros dias de vida, e agora, com 9 meses, registramos mais um ensaio que marca uma fase importante do seu crescimento.\" \/>\n<meta property=\"og:url\" content=\"https:\/\/biancamachado.com.br\/blog\/acompanhamento-mensal-como-registrar-cada-fase-importante-do-crescimento-do-seu-bebe\/\" \/>\n<meta property=\"og:site_name\" content=\"STUDIO BIANCA MACHADO\" \/>\n<meta property=\"article:publisher\" content=\"https:\/\/www.facebook.com\/Studiobiancamachado\/\" \/>\n<meta property=\"article:published_time\" content=\"2023-03-14T18:22:35+00:00\" \/>\n<meta property=\"article:modified_time\" content=\"2023-03-14T18:22:37+00:00\" \/>\n<meta property=\"og:image\" content=\"https:\/\/biancamachado.com.br\/blog\/wp-content\/uploads\/2023\/03\/001-12-scaled.jpg?v=1678817885\" \/>\n\t<meta property=\"og:image:width\" content=\"2560\" \/>\n\t<meta property=\"og:image:height\" content=\"1707\" \/>\n\t<meta property=\"og:image:type\" content=\"image\/jpeg\" \/>\n<meta name=\"author\" content=\"biancamachado\" \/>\n<meta name=\"twitter:card\" content=\"summary_large_image\" \/>\n<meta name=\"twitter:label1\" content=\"Escrito por\" \/>\n\t<meta name=\"twitter:data1\" content=\"biancamachado\" \/>\n\t<meta name=\"twitter:label2\" content=\"Est. tempo de leitura\" \/>\n\t<meta name=\"twitter:data2\" content=\"4 minutos\" \/>\n<script type=\"application\/ld+json\" class=\"yoast-schema-graph\">{\"@context\":\"https:\\\/\\\/schema.org\",\"@graph\":[{\"@type\":\"Article\",\"@id\":\"https:\\\/\\\/biancamachado.com.br\\\/blog\\\/acompanhamento-mensal-como-registrar-cada-fase-importante-do-crescimento-do-seu-bebe\\\/#article\",\"isPartOf\":{\"@id\":\"https:\\\/\\\/biancamachado.com.br\\\/blog\\\/acompanhamento-mensal-como-registrar-cada-fase-importante-do-crescimento-do-seu-bebe\\\/\"},\"author\":{\"name\":\"biancamachado\",\"@id\":\"https:\\\/\\\/biancamachado.com.br\\\/blog\\\/#\\\/schema\\\/person\\\/990263800ec5e9bdbbf092a2353550a1\"},\"headline\":\"Acompanhamento mensal: como registrar cada fase importante do crescimento do seu beb\u00ea\",\"datePublished\":\"2023-03-14T18:22:35+00:00\",\"dateModified\":\"2023-03-14T18:22:37+00:00\",\"mainEntityOfPage\":{\"@id\":\"https:\\\/\\\/biancamachado.com.br\\\/blog\\\/acompanhamento-mensal-como-registrar-cada-fase-importante-do-crescimento-do-seu-bebe\\\/\"},\"wordCount\":289,\"commentCount\":0,\"publisher\":{\"@id\":\"https:\\\/\\\/biancamachado.com.br\\\/blog\\\/#organization\"},\"image\":{\"@id\":\"https:\\\/\\\/biancamachado.com.br\\\/blog\\\/acompanhamento-mensal-como-registrar-cada-fase-importante-do-crescimento-do-seu-bebe\\\/#primaryimage\"},\"thumbnailUrl\":\"https:\\\/\\\/i0.wp.com\\\/biancamachado.com.br\\\/blog\\\/wp-content\\\/uploads\\\/2023\\\/03\\\/001-12-scaled.jpg?fit=2560%2C1707&ssl=1?v=1678817885\",\"keywords\":[\"acompanhamento de fotos\",\"acompanhamento mensal de bebes\",\"fotografos de bebes\"],\"articleSection\":[\"Acompanhamento bebes\"],\"inLanguage\":\"pt-BR\",\"potentialAction\":[{\"@type\":\"CommentAction\",\"name\":\"Comment\",\"target\":[\"https:\\\/\\\/biancamachado.com.br\\\/blog\\\/acompanhamento-mensal-como-registrar-cada-fase-importante-do-crescimento-do-seu-bebe\\\/#respond\"]}]},{\"@type\":\"WebPage\",\"@id\":\"https:\\\/\\\/biancamachado.com.br\\\/blog\\\/acompanhamento-mensal-como-registrar-cada-fase-importante-do-crescimento-do-seu-bebe\\\/\",\"url\":\"https:\\\/\\\/biancamachado.com.br\\\/blog\\\/acompanhamento-mensal-como-registrar-cada-fase-importante-do-crescimento-do-seu-bebe\\\/\",\"name\":\"Acompanhamento mensal: como registrar cada fase importante do crescimento do seu beb\u00ea - STUDIO BIANCA MACHADO\",\"isPartOf\":{\"@id\":\"https:\\\/\\\/biancamachado.com.br\\\/blog\\\/#website\"},\"primaryImageOfPage\":{\"@id\":\"https:\\\/\\\/biancamachado.com.br\\\/blog\\\/acompanhamento-mensal-como-registrar-cada-fase-importante-do-crescimento-do-seu-bebe\\\/#primaryimage\"},\"image\":{\"@id\":\"https:\\\/\\\/biancamachado.com.br\\\/blog\\\/acompanhamento-mensal-como-registrar-cada-fase-importante-do-crescimento-do-seu-bebe\\\/#primaryimage\"},\"thumbnailUrl\":\"https:\\\/\\\/i0.wp.com\\\/biancamachado.com.br\\\/blog\\\/wp-content\\\/uploads\\\/2023\\\/03\\\/001-12-scaled.jpg?fit=2560%2C1707&ssl=1?v=1678817885\",\"datePublished\":\"2023-03-14T18:22:35+00:00\",\"dateModified\":\"2023-03-14T18:22:37+00:00\",\"description\":\"Fotografar a evolu\u00e7\u00e3o de um beb\u00ea \u00e9 uma das tarefas mais gratificantes para um fot\u00f3grafo. Tive o prazer de acompanhar o Rafinha desde seus primeiros dias de vida, e agora, com 9 meses, registramos mais um ensaio que marca uma fase importante do seu crescimento.\",\"breadcrumb\":{\"@id\":\"https:\\\/\\\/biancamachado.com.br\\\/blog\\\/acompanhamento-mensal-como-registrar-cada-fase-importante-do-crescimento-do-seu-bebe\\\/#breadcrumb\"},\"inLanguage\":\"pt-BR\",\"potentialAction\":[{\"@type\":\"ReadAction\",\"target\":[\"https:\\\/\\\/biancamachado.com.br\\\/blog\\\/acompanhamento-mensal-como-registrar-cada-fase-importante-do-crescimento-do-seu-bebe\\\/\"]}]},{\"@type\":\"ImageObject\",\"inLanguage\":\"pt-BR\",\"@id\":\"https:\\\/\\\/biancamachado.com.br\\\/blog\\\/acompanhamento-mensal-como-registrar-cada-fase-importante-do-crescimento-do-seu-bebe\\\/#primaryimage\",\"url\":\"https:\\\/\\\/i0.wp.com\\\/biancamachado.com.br\\\/blog\\\/wp-content\\\/uploads\\\/2023\\\/03\\\/001-12-scaled.jpg?fit=2560%2C1707&ssl=1?v=1678817885\",\"contentUrl\":\"https:\\\/\\\/i0.wp.com\\\/biancamachado.com.br\\\/blog\\\/wp-content\\\/uploads\\\/2023\\\/03\\\/001-12-scaled.jpg?fit=2560%2C1707&ssl=1?v=1678817885\",\"width\":2560,\"height\":1707,\"caption\":\"fotografia profissional de bebes\"},{\"@type\":\"BreadcrumbList\",\"@id\":\"https:\\\/\\\/biancamachado.com.br\\\/blog\\\/acompanhamento-mensal-como-registrar-cada-fase-importante-do-crescimento-do-seu-bebe\\\/#breadcrumb\",\"itemListElement\":[{\"@type\":\"ListItem\",\"position\":1,\"name\":\"In\u00edcio\",\"item\":\"https:\\\/\\\/biancamachado.com.br\\\/blog\\\/\"},{\"@type\":\"ListItem\",\"position\":2,\"name\":\"Acompanhamento mensal: como registrar cada fase importante do crescimento do seu beb\u00ea\"}]},{\"@type\":\"WebSite\",\"@id\":\"https:\\\/\\\/biancamachado.com.br\\\/blog\\\/#website\",\"url\":\"https:\\\/\\\/biancamachado.com.br\\\/blog\\\/\",\"name\":\"STUDIO BIANCA MACHADO\",\"description\":\"Estudio Fotografico, Ensaios e Books de foto profissional\",\"publisher\":{\"@id\":\"https:\\\/\\\/biancamachado.com.br\\\/blog\\\/#organization\"},\"potentialAction\":[{\"@type\":\"SearchAction\",\"target\":{\"@type\":\"EntryPoint\",\"urlTemplate\":\"https:\\\/\\\/biancamachado.com.br\\\/blog\\\/?s={search_term_string}\"},\"query-input\":{\"@type\":\"PropertyValueSpecification\",\"valueRequired\":true,\"valueName\":\"search_term_string\"}}],\"inLanguage\":\"pt-BR\"},{\"@type\":\"Organization\",\"@id\":\"https:\\\/\\\/biancamachado.com.br\\\/blog\\\/#organization\",\"name\":\"STUDIO BIANCA MACHADO\",\"url\":\"https:\\\/\\\/biancamachado.com.br\\\/blog\\\/\",\"logo\":{\"@type\":\"ImageObject\",\"inLanguage\":\"pt-BR\",\"@id\":\"https:\\\/\\\/biancamachado.com.br\\\/blog\\\/#\\\/schema\\\/logo\\\/image\\\/\",\"url\":\"https:\\\/\\\/i0.wp.com\\\/biancamachado.com.br\\\/blog\\\/wp-content\\\/uploads\\\/2021\\\/02\\\/cropped-logo-ml.jpg?fit=278%2C100&ssl=1\",\"contentUrl\":\"https:\\\/\\\/i0.wp.com\\\/biancamachado.com.br\\\/blog\\\/wp-content\\\/uploads\\\/2021\\\/02\\\/cropped-logo-ml.jpg?fit=278%2C100&ssl=1\",\"width\":278,\"height\":100,\"caption\":\"STUDIO BIANCA MACHADO\"},\"image\":{\"@id\":\"https:\\\/\\\/biancamachado.com.br\\\/blog\\\/#\\\/schema\\\/logo\\\/image\\\/\"},\"sameAs\":[\"https:\\\/\\\/www.facebook.com\\\/Studiobiancamachado\\\/\",\"https:\\\/\\\/www.instagram.com\\\/Studiobiancamachado\\\/\"]},{\"@type\":\"Person\",\"@id\":\"https:\\\/\\\/biancamachado.com.br\\\/blog\\\/#\\\/schema\\\/person\\\/990263800ec5e9bdbbf092a2353550a1\",\"name\":\"biancamachado\",\"image\":{\"@type\":\"ImageObject\",\"inLanguage\":\"pt-BR\",\"@id\":\"https:\\\/\\\/secure.gravatar.com\\\/avatar\\\/62b1a50f2632dbc2e279c3eb55aa46cc324c969cff16a69c59756d155316542c?s=96&d=mm&r=g\",\"url\":\"https:\\\/\\\/secure.gravatar.com\\\/avatar\\\/62b1a50f2632dbc2e279c3eb55aa46cc324c969cff16a69c59756d155316542c?s=96&d=mm&r=g\",\"contentUrl\":\"https:\\\/\\\/secure.gravatar.com\\\/avatar\\\/62b1a50f2632dbc2e279c3eb55aa46cc324c969cff16a69c59756d155316542c?s=96&d=mm&r=g\",\"caption\":\"biancamachado\"},\"sameAs\":[\"https:\\\/\\\/biancamachado.com.br\\\/blog\"],\"url\":\"https:\\\/\\\/biancamachado.com.br\\\/blog\\\/author\\\/biancamachado\\\/\"}]}<\/script>\n<!-- \/ Yoast SEO plugin. -->","yoast_head_json":{"title":"Acompanhamento mensal: como registrar cada fase importante do crescimento do seu beb\u00ea - STUDIO BIANCA MACHADO","description":"Fotografar a evolu\u00e7\u00e3o de um beb\u00ea \u00e9 uma das tarefas mais gratificantes para um fot\u00f3grafo. Tive o prazer de acompanhar o Rafinha desde seus primeiros dias de vida, e agora, com 9 meses, registramos mais um ensaio que marca uma fase importante do seu crescimento.","robots":{"index":"index","follow":"follow","max-snippet":"max-snippet:-1","max-image-preview":"max-image-preview:large","max-video-preview":"max-video-preview:-1"},"canonical":"https:\/\/biancamachado.com.br\/blog\/acompanhamento-mensal-como-registrar-cada-fase-importante-do-crescimento-do-seu-bebe\/","og_locale":"pt_BR","og_type":"article","og_title":"Acompanhamento mensal: como registrar cada fase importante do crescimento do seu beb\u00ea - STUDIO BIANCA MACHADO","og_description":"Fotografar a evolu\u00e7\u00e3o de um beb\u00ea \u00e9 uma das tarefas mais gratificantes para um fot\u00f3grafo. Tive o prazer de acompanhar o Rafinha desde seus primeiros dias de vida, e agora, com 9 meses, registramos mais um ensaio que marca uma fase importante do seu crescimento.","og_url":"https:\/\/biancamachado.com.br\/blog\/acompanhamento-mensal-como-registrar-cada-fase-importante-do-crescimento-do-seu-bebe\/","og_site_name":"STUDIO BIANCA MACHADO","article_publisher":"https:\/\/www.facebook.com\/Studiobiancamachado\/","article_published_time":"2023-03-14T18:22:35+00:00","article_modified_time":"2023-03-14T18:22:37+00:00","og_image":[{"width":2560,"height":1707,"url":"https:\/\/biancamachado.com.br\/blog\/wp-content\/uploads\/2023\/03\/001-12-scaled.jpg?v=1678817885","type":"image\/jpeg"}],"author":"biancamachado","twitter_card":"summary_large_image","twitter_misc":{"Escrito por":"biancamachado","Est. tempo de leitura":"4 minutos"},"schema":{"@context":"https:\/\/schema.org","@graph":[{"@type":"Article","@id":"https:\/\/biancamachado.com.br\/blog\/acompanhamento-mensal-como-registrar-cada-fase-importante-do-crescimento-do-seu-bebe\/#article","isPartOf":{"@id":"https:\/\/biancamachado.com.br\/blog\/acompanhamento-mensal-como-registrar-cada-fase-importante-do-crescimento-do-seu-bebe\/"},"author":{"name":"biancamachado","@id":"https:\/\/biancamachado.com.br\/blog\/#\/schema\/person\/990263800ec5e9bdbbf092a2353550a1"},"headline":"Acompanhamento mensal: como registrar cada fase importante do crescimento do seu beb\u00ea","datePublished":"2023-03-14T18:22:35+00:00","dateModified":"2023-03-14T18:22:37+00:00","mainEntityOfPage":{"@id":"https:\/\/biancamachado.com.br\/blog\/acompanhamento-mensal-como-registrar-cada-fase-importante-do-crescimento-do-seu-bebe\/"},"wordCount":289,"commentCount":0,"publisher":{"@id":"https:\/\/biancamachado.com.br\/blog\/#organization"},"image":{"@id":"https:\/\/biancamachado.com.br\/blog\/acompanhamento-mensal-como-registrar-cada-fase-importante-do-crescimento-do-seu-bebe\/#primaryimage"},"thumbnailUrl":"https:\/\/i0.wp.com\/biancamachado.com.br\/blog\/wp-content\/uploads\/2023\/03\/001-12-scaled.jpg?fit=2560%2C1707&ssl=1?v=1678817885","keywords":["acompanhamento de fotos","acompanhamento mensal de bebes","fotografos de bebes"],"articleSection":["Acompanhamento bebes"],"inLanguage":"pt-BR","potentialAction":[{"@type":"CommentAction","name":"Comment","target":["https:\/\/biancamachado.com.br\/blog\/acompanhamento-mensal-como-registrar-cada-fase-importante-do-crescimento-do-seu-bebe\/#respond"]}]},{"@type":"WebPage","@id":"https:\/\/biancamachado.com.br\/blog\/acompanhamento-mensal-como-registrar-cada-fase-importante-do-crescimento-do-seu-bebe\/","url":"https:\/\/biancamachado.com.br\/blog\/acompanhamento-mensal-como-registrar-cada-fase-importante-do-crescimento-do-seu-bebe\/","name":"Acompanhamento mensal: como registrar cada fase importante do crescimento do seu beb\u00ea - STUDIO BIANCA MACHADO","isPartOf":{"@id":"https:\/\/biancamachado.com.br\/blog\/#website"},"primaryImageOfPage":{"@id":"https:\/\/biancamachado.com.br\/blog\/acompanhamento-mensal-como-registrar-cada-fase-importante-do-crescimento-do-seu-bebe\/#primaryimage"},"image":{"@id":"https:\/\/biancamachado.com.br\/blog\/acompanhamento-mensal-como-registrar-cada-fase-importante-do-crescimento-do-seu-bebe\/#primaryimage"},"thumbnailUrl":"https:\/\/i0.wp.com\/biancamachado.com.br\/blog\/wp-content\/uploads\/2023\/03\/001-12-scaled.jpg?fit=2560%2C1707&ssl=1?v=1678817885","datePublished":"2023-03-14T18:22:35+00:00","dateModified":"2023-03-14T18:22:37+00:00","description":"Fotografar a evolu\u00e7\u00e3o de um beb\u00ea \u00e9 uma das tarefas mais gratificantes para um fot\u00f3grafo. Tive o prazer de acompanhar o Rafinha desde seus primeiros dias de vida, e agora, com 9 meses, registramos mais um ensaio que marca uma fase importante do seu crescimento.","breadcrumb":{"@id":"https:\/\/biancamachado.com.br\/blog\/acompanhamento-mensal-como-registrar-cada-fase-importante-do-crescimento-do-seu-bebe\/#breadcrumb"},"inLanguage":"pt-BR","potentialAction":[{"@type":"ReadAction","target":["https:\/\/biancamachado.com.br\/blog\/acompanhamento-mensal-como-registrar-cada-fase-importante-do-crescimento-do-seu-bebe\/"]}]},{"@type":"ImageObject","inLanguage":"pt-BR","@id":"https:\/\/biancamachado.com.br\/blog\/acompanhamento-mensal-como-registrar-cada-fase-importante-do-crescimento-do-seu-bebe\/#primaryimage","url":"https:\/\/i0.wp.com\/biancamachado.com.br\/blog\/wp-content\/uploads\/2023\/03\/001-12-scaled.jpg?fit=2560%2C1707&ssl=1?v=1678817885","contentUrl":"https:\/\/i0.wp.com\/biancamachado.com.br\/blog\/wp-content\/uploads\/2023\/03\/001-12-scaled.jpg?fit=2560%2C1707&ssl=1?v=1678817885","width":2560,"height":1707,"caption":"fotografia profissional de bebes"},{"@type":"BreadcrumbList","@id":"https:\/\/biancamachado.com.br\/blog\/acompanhamento-mensal-como-registrar-cada-fase-importante-do-crescimento-do-seu-bebe\/#breadcrumb","itemListElement":[{"@type":"ListItem","position":1,"name":"In\u00edcio","item":"https:\/\/biancamachado.com.br\/blog\/"},{"@type":"ListItem","position":2,"name":"Acompanhamento mensal: como registrar cada fase importante do crescimento do seu beb\u00ea"}]},{"@type":"WebSite","@id":"https:\/\/biancamachado.com.br\/blog\/#website","url":"https:\/\/biancamachado.com.br\/blog\/","name":"STUDIO BIANCA MACHADO","description":"Estudio Fotografico, Ensaios e Books de foto profissional","publisher":{"@id":"https:\/\/biancamachado.com.br\/blog\/#organization"},"potentialAction":[{"@type":"SearchAction","target":{"@type":"EntryPoint","urlTemplate":"https:\/\/biancamachado.com.br\/blog\/?s={search_term_string}"},"query-input":{"@type":"PropertyValueSpecification","valueRequired":true,"valueName":"search_term_string"}}],"inLanguage":"pt-BR"},{"@type":"Organization","@id":"https:\/\/biancamachado.com.br\/blog\/#organization","name":"STUDIO BIANCA MACHADO","url":"https:\/\/biancamachado.com.br\/blog\/","logo":{"@type":"ImageObject","inLanguage":"pt-BR","@id":"https:\/\/biancamachado.com.br\/blog\/#\/schema\/logo\/image\/","url":"https:\/\/i0.wp.com\/biancamachado.com.br\/blog\/wp-content\/uploads\/2021\/02\/cropped-logo-ml.jpg?fit=278%2C100&ssl=1","contentUrl":"https:\/\/i0.wp.com\/biancamachado.com.br\/blog\/wp-content\/uploads\/2021\/02\/cropped-logo-ml.jpg?fit=278%2C100&ssl=1","width":278,"height":100,"caption":"STUDIO BIANCA MACHADO"},"image":{"@id":"https:\/\/biancamachado.com.br\/blog\/#\/schema\/logo\/image\/"},"sameAs":["https:\/\/www.facebook.com\/Studiobiancamachado\/","https:\/\/www.instagram.com\/Studiobiancamachado\/"]},{"@type":"Person","@id":"https:\/\/biancamachado.com.br\/blog\/#\/schema\/person\/990263800ec5e9bdbbf092a2353550a1","name":"biancamachado","image":{"@type":"ImageObject","inLanguage":"pt-BR","@id":"https:\/\/secure.gravatar.com\/avatar\/62b1a50f2632dbc2e279c3eb55aa46cc324c969cff16a69c59756d155316542c?s=96&d=mm&r=g","url":"https:\/\/secure.gravatar.com\/avatar\/62b1a50f2632dbc2e279c3eb55aa46cc324c969cff16a69c59756d155316542c?s=96&d=mm&r=g","contentUrl":"https:\/\/secure.gravatar.com\/avatar\/62b1a50f2632dbc2e279c3eb55aa46cc324c969cff16a69c59756d155316542c?s=96&d=mm&r=g","caption":"biancamachado"},"sameAs":["https:\/\/biancamachado.com.br\/blog"],"url":"https:\/\/biancamachado.com.br\/blog\/author\/biancamachado\/"}]}},"jetpack_featured_media_url":"https:\/\/i0.wp.com\/biancamachado.com.br\/blog\/wp-content\/uploads\/2023\/03\/001-12-scaled.jpg?fit=2560%2C1707&ssl=1?v=1678817885","jetpack-related-posts":[],"jetpack_sharing_enabled":true,"_links":{"self":[{"href":"https:\/\/biancamachado.com.br\/blog\/wp-json\/wp\/v2\/posts\/4513","targetHints":{"allow":["GET"]}}],"collection":[{"href":"https:\/\/biancamachado.com.br\/blog\/wp-json\/wp\/v2\/posts"}],"about":[{"href":"https:\/\/biancamachado.com.br\/blog\/wp-json\/wp\/v2\/types\/post"}],"author":[{"embeddable":true,"href":"https:\/\/biancamachado.com.br\/blog\/wp-json\/wp\/v2\/users\/1"}],"replies":[{"embeddable":true,"href":"https:\/\/biancamachado.com.br\/blog\/wp-json\/wp\/v2\/comments?post=4513"}],"version-history":[{"count":1,"href":"https:\/\/biancamachado.com.br\/blog\/wp-json\/wp\/v2\/posts\/4513\/revisions"}],"predecessor-version":[{"id":4523,"href":"https:\/\/biancamachado.com.br\/blog\/wp-json\/wp\/v2\/posts\/4513\/revisions\/4523"}],"wp:featuredmedia":[{"embeddable":true,"href":"https:\/\/biancamachado.com.br\/blog\/wp-json\/wp\/v2\/media\/4516"}],"wp:attachment":[{"href":"https:\/\/biancamachado.com.br\/blog\/wp-json\/wp\/v2\/media?parent=4513"}],"wp:term":[{"taxonomy":"category","embeddable":true,"href":"https:\/\/biancamachado.com.br\/blog\/wp-json\/wp\/v2\/categories?post=4513"},{"taxonomy":"post_tag","embeddable":true,"href":"https:\/\/biancamachado.com.br\/blog\/wp-json\/wp\/v2\/tags?post=4513"}],"curies":[{"name":"wp","href":"https:\/\/api.w.org\/{rel}","templated":true}]}}