{"id":4480,"date":"2023-03-14T13:12:48","date_gmt":"2023-03-14T16:12:48","guid":{"rendered":"https:\/\/biancamachado.com.br\/blog\/?p=4480"},"modified":"2023-03-14T13:12:51","modified_gmt":"2023-03-14T16:12:51","slug":"capturando-sorrisos-a-fotografia-da-festa-de-aniversario-de-karolen-de-31-anos","status":"publish","type":"post","link":"https:\/\/biancamachado.com.br\/blog\/capturando-sorrisos-a-fotografia-da-festa-de-aniversario-de-karolen-de-31-anos\/","title":{"rendered":"Capturando sorrisos: A fotografia da festa de anivers\u00e1rio de Karolen de 31 anos"},"content":{"rendered":"\n<p>A festa de anivers\u00e1rio de 31 anos da Karolen no sal\u00e3o de festas do bairro Tabo\u00e3o da Serra foi um evento maravilhoso de se fotografar. O ambiente estava decorado de forma minuciosa, o que proporcionou um cen\u00e1rio perfeito para capturar belas imagens. Todos os convidados eram muito agrad\u00e1veis, o que ajudou a tornar a noite ainda mais especial.<\/p>\n\n\n\n<div class=\"wp-block-jetpack-tiled-gallery aligncenter is-style-rectangular\"><div class=\"tiled-gallery__gallery\"><div class=\"tiled-gallery__row\"><div class=\"tiled-gallery__col\" style=\"flex-basis:69.17215%\"><figure class=\"tiled-gallery__item\"><img decoding=\"async\" srcset=\"https:\/\/i1.wp.com\/biancamachado.com.br\/blog\/wp-content\/uploads\/2023\/03\/005-5-1024x683.jpg?strip=info&#038;w=600&#038;ssl=1 600w,https:\/\/i1.wp.com\/biancamachado.com.br\/blog\/wp-content\/uploads\/2023\/03\/005-5-1024x683.jpg?strip=info&#038;w=900&#038;ssl=1 900w,https:\/\/i1.wp.com\/biancamachado.com.br\/blog\/wp-content\/uploads\/2023\/03\/005-5-1024x683.jpg?strip=info&#038;w=1200&#038;ssl=1 1200w,https:\/\/i1.wp.com\/biancamachado.com.br\/blog\/wp-content\/uploads\/2023\/03\/005-5-1024x683.jpg?strip=info&#038;w=1500&#038;ssl=1 1500w,https:\/\/i1.wp.com\/biancamachado.com.br\/blog\/wp-content\/uploads\/2023\/03\/005-5-1024x683.jpg?strip=info&#038;w=1800&#038;ssl=1 1800w,https:\/\/i1.wp.com\/biancamachado.com.br\/blog\/wp-content\/uploads\/2023\/03\/005-5-1024x683.jpg?strip=info&#038;w=2000&#038;ssl=1 2000w\" alt=\"fotografos profissionais sao paulo anivers\u00e1rio\" data-height=\"1707\" data-id=\"4486\" data-link=\"https:\/\/biancamachado.com.br\/blog\/?attachment_id=4486\" data-url=\"https:\/\/biancamachado.com.br\/blog\/wp-content\/uploads\/2023\/03\/005-5-1024x683.jpg\" data-width=\"2560\" src=\"https:\/\/i1.wp.com\/biancamachado.com.br\/blog\/wp-content\/uploads\/2023\/03\/005-5-1024x683.jpg?ssl=1\" data-amp-layout=\"responsive\"\/><\/figure><\/div><div class=\"tiled-gallery__col\" style=\"flex-basis:30.82785%\"><figure class=\"tiled-gallery__item\"><img decoding=\"async\" srcset=\"https:\/\/i0.wp.com\/biancamachado.com.br\/blog\/wp-content\/uploads\/2023\/03\/156-683x1024.jpg?strip=info&#038;w=600&#038;ssl=1 600w,https:\/\/i0.wp.com\/biancamachado.com.br\/blog\/wp-content\/uploads\/2023\/03\/156-683x1024.jpg?strip=info&#038;w=900&#038;ssl=1 900w,https:\/\/i0.wp.com\/biancamachado.com.br\/blog\/wp-content\/uploads\/2023\/03\/156-683x1024.jpg?strip=info&#038;w=1200&#038;ssl=1 1200w,https:\/\/i0.wp.com\/biancamachado.com.br\/blog\/wp-content\/uploads\/2023\/03\/156-683x1024.jpg?strip=info&#038;w=1500&#038;ssl=1 1500w,https:\/\/i0.wp.com\/biancamachado.com.br\/blog\/wp-content\/uploads\/2023\/03\/156-683x1024.jpg?strip=info&#038;w=1707&#038;ssl=1 1707w\" alt=\"fotos profissionais de anivers\u00e1rio da 31 anos\" data-height=\"2560\" data-id=\"4482\" data-link=\"https:\/\/biancamachado.com.br\/blog\/?attachment_id=4482\" data-url=\"https:\/\/biancamachado.com.br\/blog\/wp-content\/uploads\/2023\/03\/156-683x1024.jpg\" data-width=\"1707\" src=\"https:\/\/i0.wp.com\/biancamachado.com.br\/blog\/wp-content\/uploads\/2023\/03\/156-683x1024.jpg?ssl=1\" data-amp-layout=\"responsive\"\/><\/figure><\/div><\/div><div class=\"tiled-gallery__row\"><div class=\"tiled-gallery__col\" style=\"flex-basis:25.00000%\"><figure class=\"tiled-gallery__item\"><img decoding=\"async\" srcset=\"https:\/\/i0.wp.com\/biancamachado.com.br\/blog\/wp-content\/uploads\/2023\/03\/161-683x1024.jpg?strip=info&#038;w=600&#038;ssl=1 600w,https:\/\/i0.wp.com\/biancamachado.com.br\/blog\/wp-content\/uploads\/2023\/03\/161-683x1024.jpg?strip=info&#038;w=900&#038;ssl=1 900w,https:\/\/i0.wp.com\/biancamachado.com.br\/blog\/wp-content\/uploads\/2023\/03\/161-683x1024.jpg?strip=info&#038;w=1200&#038;ssl=1 1200w,https:\/\/i0.wp.com\/biancamachado.com.br\/blog\/wp-content\/uploads\/2023\/03\/161-683x1024.jpg?strip=info&#038;w=1500&#038;ssl=1 1500w,https:\/\/i0.wp.com\/biancamachado.com.br\/blog\/wp-content\/uploads\/2023\/03\/161-683x1024.jpg?strip=info&#038;w=1707&#038;ssl=1 1707w\" alt=\"fotografia de anivers\u00e1rio\" data-height=\"2560\" data-id=\"4483\" data-link=\"https:\/\/biancamachado.com.br\/blog\/?attachment_id=4483\" data-url=\"https:\/\/biancamachado.com.br\/blog\/wp-content\/uploads\/2023\/03\/161-683x1024.jpg\" data-width=\"1707\" src=\"https:\/\/i0.wp.com\/biancamachado.com.br\/blog\/wp-content\/uploads\/2023\/03\/161-683x1024.jpg?ssl=1\" data-amp-layout=\"responsive\"\/><\/figure><\/div><div class=\"tiled-gallery__col\" style=\"flex-basis:25.00000%\"><figure class=\"tiled-gallery__item\"><img decoding=\"async\" srcset=\"https:\/\/i0.wp.com\/biancamachado.com.br\/blog\/wp-content\/uploads\/2023\/03\/001-10-683x1024.jpg?strip=info&#038;w=600&#038;ssl=1 600w,https:\/\/i0.wp.com\/biancamachado.com.br\/blog\/wp-content\/uploads\/2023\/03\/001-10-683x1024.jpg?strip=info&#038;w=900&#038;ssl=1 900w,https:\/\/i0.wp.com\/biancamachado.com.br\/blog\/wp-content\/uploads\/2023\/03\/001-10-683x1024.jpg?strip=info&#038;w=1200&#038;ssl=1 1200w,https:\/\/i0.wp.com\/biancamachado.com.br\/blog\/wp-content\/uploads\/2023\/03\/001-10-683x1024.jpg?strip=info&#038;w=1500&#038;ssl=1 1500w,https:\/\/i0.wp.com\/biancamachado.com.br\/blog\/wp-content\/uploads\/2023\/03\/001-10-683x1024.jpg?strip=info&#038;w=1707&#038;ssl=1 1707w\" alt=\"festa de anivers\u00e1rio adulto\" data-height=\"2560\" data-id=\"4484\" data-link=\"https:\/\/biancamachado.com.br\/blog\/?attachment_id=4484\" data-url=\"https:\/\/biancamachado.com.br\/blog\/wp-content\/uploads\/2023\/03\/001-10-683x1024.jpg\" data-width=\"1707\" src=\"https:\/\/i0.wp.com\/biancamachado.com.br\/blog\/wp-content\/uploads\/2023\/03\/001-10-683x1024.jpg?ssl=1\" data-amp-layout=\"responsive\"\/><\/figure><\/div><div class=\"tiled-gallery__col\" style=\"flex-basis:25.00000%\"><figure class=\"tiled-gallery__item\"><img decoding=\"async\" srcset=\"https:\/\/i0.wp.com\/biancamachado.com.br\/blog\/wp-content\/uploads\/2023\/03\/002-9-683x1024.jpg?strip=info&#038;w=600&#038;ssl=1 600w,https:\/\/i0.wp.com\/biancamachado.com.br\/blog\/wp-content\/uploads\/2023\/03\/002-9-683x1024.jpg?strip=info&#038;w=900&#038;ssl=1 900w,https:\/\/i0.wp.com\/biancamachado.com.br\/blog\/wp-content\/uploads\/2023\/03\/002-9-683x1024.jpg?strip=info&#038;w=1200&#038;ssl=1 1200w,https:\/\/i0.wp.com\/biancamachado.com.br\/blog\/wp-content\/uploads\/2023\/03\/002-9-683x1024.jpg?strip=info&#038;w=1500&#038;ssl=1 1500w,https:\/\/i0.wp.com\/biancamachado.com.br\/blog\/wp-content\/uploads\/2023\/03\/002-9-683x1024.jpg?strip=info&#038;w=1707&#038;ssl=1 1707w\" alt=\"melhores fotos de anivers\u00e1rio 31 anos\" data-height=\"2560\" data-id=\"4485\" data-link=\"https:\/\/biancamachado.com.br\/blog\/?attachment_id=4485\" data-url=\"https:\/\/biancamachado.com.br\/blog\/wp-content\/uploads\/2023\/03\/002-9-683x1024.jpg\" data-width=\"1707\" src=\"https:\/\/i0.wp.com\/biancamachado.com.br\/blog\/wp-content\/uploads\/2023\/03\/002-9-683x1024.jpg?ssl=1\" data-amp-layout=\"responsive\"\/><\/figure><\/div><div class=\"tiled-gallery__col\" style=\"flex-basis:25.00000%\"><figure class=\"tiled-gallery__item\"><img decoding=\"async\" srcset=\"https:\/\/i0.wp.com\/biancamachado.com.br\/blog\/wp-content\/uploads\/2023\/03\/008-4-683x1024.jpg?strip=info&#038;w=600&#038;ssl=1 600w,https:\/\/i0.wp.com\/biancamachado.com.br\/blog\/wp-content\/uploads\/2023\/03\/008-4-683x1024.jpg?strip=info&#038;w=900&#038;ssl=1 900w,https:\/\/i0.wp.com\/biancamachado.com.br\/blog\/wp-content\/uploads\/2023\/03\/008-4-683x1024.jpg?strip=info&#038;w=1200&#038;ssl=1 1200w,https:\/\/i0.wp.com\/biancamachado.com.br\/blog\/wp-content\/uploads\/2023\/03\/008-4-683x1024.jpg?strip=info&#038;w=1500&#038;ssl=1 1500w,https:\/\/i0.wp.com\/biancamachado.com.br\/blog\/wp-content\/uploads\/2023\/03\/008-4-683x1024.jpg?strip=info&#038;w=1707&#038;ssl=1 1707w\" alt=\"id\u00e9ias de decora\u00e7\u00e3o de festa de anivers\u00e1rio\" data-height=\"2560\" data-id=\"4487\" data-link=\"https:\/\/biancamachado.com.br\/blog\/?attachment_id=4487\" data-url=\"https:\/\/biancamachado.com.br\/blog\/wp-content\/uploads\/2023\/03\/008-4-683x1024.jpg\" data-width=\"1707\" src=\"https:\/\/i0.wp.com\/biancamachado.com.br\/blog\/wp-content\/uploads\/2023\/03\/008-4-683x1024.jpg?ssl=1\" data-amp-layout=\"responsive\"\/><\/figure><\/div><\/div><div class=\"tiled-gallery__row\"><div class=\"tiled-gallery__col\" style=\"flex-basis:66.78741%\"><figure class=\"tiled-gallery__item\"><img decoding=\"async\" srcset=\"https:\/\/i1.wp.com\/biancamachado.com.br\/blog\/wp-content\/uploads\/2023\/03\/010-2-1024x683.jpg?strip=info&#038;w=600&#038;ssl=1 600w,https:\/\/i1.wp.com\/biancamachado.com.br\/blog\/wp-content\/uploads\/2023\/03\/010-2-1024x683.jpg?strip=info&#038;w=900&#038;ssl=1 900w,https:\/\/i1.wp.com\/biancamachado.com.br\/blog\/wp-content\/uploads\/2023\/03\/010-2-1024x683.jpg?strip=info&#038;w=1200&#038;ssl=1 1200w,https:\/\/i1.wp.com\/biancamachado.com.br\/blog\/wp-content\/uploads\/2023\/03\/010-2-1024x683.jpg?strip=info&#038;w=1500&#038;ssl=1 1500w,https:\/\/i1.wp.com\/biancamachado.com.br\/blog\/wp-content\/uploads\/2023\/03\/010-2-1024x683.jpg?strip=info&#038;w=1800&#038;ssl=1 1800w,https:\/\/i1.wp.com\/biancamachado.com.br\/blog\/wp-content\/uploads\/2023\/03\/010-2-1024x683.jpg?strip=info&#038;w=2000&#038;ssl=1 2000w\" alt=\"decora\u00e7\u00e3o 31 anos\" data-height=\"1707\" data-id=\"4488\" data-link=\"https:\/\/biancamachado.com.br\/blog\/?attachment_id=4488\" data-url=\"https:\/\/biancamachado.com.br\/blog\/wp-content\/uploads\/2023\/03\/010-2-1024x683.jpg\" data-width=\"2560\" src=\"https:\/\/i1.wp.com\/biancamachado.com.br\/blog\/wp-content\/uploads\/2023\/03\/010-2-1024x683.jpg?ssl=1\" data-amp-layout=\"responsive\"\/><\/figure><\/div><div class=\"tiled-gallery__col\" style=\"flex-basis:33.21259%\"><figure class=\"tiled-gallery__item\"><img decoding=\"async\" srcset=\"https:\/\/i0.wp.com\/biancamachado.com.br\/blog\/wp-content\/uploads\/2023\/03\/017-3-1024x683.jpg?strip=info&#038;w=600&#038;ssl=1 600w,https:\/\/i0.wp.com\/biancamachado.com.br\/blog\/wp-content\/uploads\/2023\/03\/017-3-1024x683.jpg?strip=info&#038;w=900&#038;ssl=1 900w,https:\/\/i0.wp.com\/biancamachado.com.br\/blog\/wp-content\/uploads\/2023\/03\/017-3-1024x683.jpg?strip=info&#038;w=1200&#038;ssl=1 1200w,https:\/\/i0.wp.com\/biancamachado.com.br\/blog\/wp-content\/uploads\/2023\/03\/017-3-1024x683.jpg?strip=info&#038;w=1500&#038;ssl=1 1500w,https:\/\/i0.wp.com\/biancamachado.com.br\/blog\/wp-content\/uploads\/2023\/03\/017-3-1024x683.jpg?strip=info&#038;w=1800&#038;ssl=1 1800w,https:\/\/i0.wp.com\/biancamachado.com.br\/blog\/wp-content\/uploads\/2023\/03\/017-3-1024x683.jpg?strip=info&#038;w=2000&#038;ssl=1 2000w\" alt=\"id\u00e9ias de decora\u00e7\u00e3o de festa de anivers\u00e1rio\" data-height=\"1707\" data-id=\"4489\" data-link=\"https:\/\/biancamachado.com.br\/blog\/?attachment_id=4489\" data-url=\"https:\/\/biancamachado.com.br\/blog\/wp-content\/uploads\/2023\/03\/017-3-1024x683.jpg\" data-width=\"2560\" src=\"https:\/\/i0.wp.com\/biancamachado.com.br\/blog\/wp-content\/uploads\/2023\/03\/017-3-1024x683.jpg?ssl=1\" data-amp-layout=\"responsive\"\/><\/figure><figure class=\"tiled-gallery__item\"><img decoding=\"async\" srcset=\"https:\/\/i1.wp.com\/biancamachado.com.br\/blog\/wp-content\/uploads\/2023\/03\/022-3-1024x683.jpg?strip=info&#038;w=600&#038;ssl=1 600w,https:\/\/i1.wp.com\/biancamachado.com.br\/blog\/wp-content\/uploads\/2023\/03\/022-3-1024x683.jpg?strip=info&#038;w=900&#038;ssl=1 900w,https:\/\/i1.wp.com\/biancamachado.com.br\/blog\/wp-content\/uploads\/2023\/03\/022-3-1024x683.jpg?strip=info&#038;w=1200&#038;ssl=1 1200w,https:\/\/i1.wp.com\/biancamachado.com.br\/blog\/wp-content\/uploads\/2023\/03\/022-3-1024x683.jpg?strip=info&#038;w=1500&#038;ssl=1 1500w,https:\/\/i1.wp.com\/biancamachado.com.br\/blog\/wp-content\/uploads\/2023\/03\/022-3-1024x683.jpg?strip=info&#038;w=1800&#038;ssl=1 1800w,https:\/\/i1.wp.com\/biancamachado.com.br\/blog\/wp-content\/uploads\/2023\/03\/022-3-1024x683.jpg?strip=info&#038;w=2000&#038;ssl=1 2000w\" alt=\"bolo de anivers\u00e1rio de 31 anos\" data-height=\"1707\" data-id=\"4490\" data-link=\"https:\/\/biancamachado.com.br\/blog\/?attachment_id=4490\" data-url=\"https:\/\/biancamachado.com.br\/blog\/wp-content\/uploads\/2023\/03\/022-3-1024x683.jpg\" data-width=\"2560\" src=\"https:\/\/i1.wp.com\/biancamachado.com.br\/blog\/wp-content\/uploads\/2023\/03\/022-3-1024x683.jpg?ssl=1\" data-amp-layout=\"responsive\"\/><\/figure><\/div><\/div><div class=\"tiled-gallery__row\"><div class=\"tiled-gallery__col\" style=\"flex-basis:33.33333%\"><figure class=\"tiled-gallery__item\"><img decoding=\"async\" srcset=\"https:\/\/i2.wp.com\/biancamachado.com.br\/blog\/wp-content\/uploads\/2023\/03\/025-4-1024x683.jpg?strip=info&#038;w=600&#038;ssl=1 600w,https:\/\/i2.wp.com\/biancamachado.com.br\/blog\/wp-content\/uploads\/2023\/03\/025-4-1024x683.jpg?strip=info&#038;w=900&#038;ssl=1 900w,https:\/\/i2.wp.com\/biancamachado.com.br\/blog\/wp-content\/uploads\/2023\/03\/025-4-1024x683.jpg?strip=info&#038;w=1200&#038;ssl=1 1200w,https:\/\/i2.wp.com\/biancamachado.com.br\/blog\/wp-content\/uploads\/2023\/03\/025-4-1024x683.jpg?strip=info&#038;w=1500&#038;ssl=1 1500w,https:\/\/i2.wp.com\/biancamachado.com.br\/blog\/wp-content\/uploads\/2023\/03\/025-4-1024x683.jpg?strip=info&#038;w=1800&#038;ssl=1 1800w,https:\/\/i2.wp.com\/biancamachado.com.br\/blog\/wp-content\/uploads\/2023\/03\/025-4-1024x683.jpg?strip=info&#038;w=2000&#038;ssl=1 2000w\" alt=\"doces anivers\u00e1rio 31 anos\" data-height=\"1707\" data-id=\"4491\" data-link=\"https:\/\/biancamachado.com.br\/blog\/?attachment_id=4491\" data-url=\"https:\/\/biancamachado.com.br\/blog\/wp-content\/uploads\/2023\/03\/025-4-1024x683.jpg\" data-width=\"2560\" src=\"https:\/\/i2.wp.com\/biancamachado.com.br\/blog\/wp-content\/uploads\/2023\/03\/025-4-1024x683.jpg?ssl=1\" data-amp-layout=\"responsive\"\/><\/figure><\/div><div class=\"tiled-gallery__col\" style=\"flex-basis:33.33333%\"><figure class=\"tiled-gallery__item\"><img decoding=\"async\" srcset=\"https:\/\/i1.wp.com\/biancamachado.com.br\/blog\/wp-content\/uploads\/2023\/03\/053-1-1024x683.jpg?strip=info&#038;w=600&#038;ssl=1 600w,https:\/\/i1.wp.com\/biancamachado.com.br\/blog\/wp-content\/uploads\/2023\/03\/053-1-1024x683.jpg?strip=info&#038;w=900&#038;ssl=1 900w,https:\/\/i1.wp.com\/biancamachado.com.br\/blog\/wp-content\/uploads\/2023\/03\/053-1-1024x683.jpg?strip=info&#038;w=1200&#038;ssl=1 1200w,https:\/\/i1.wp.com\/biancamachado.com.br\/blog\/wp-content\/uploads\/2023\/03\/053-1-1024x683.jpg?strip=info&#038;w=1500&#038;ssl=1 1500w,https:\/\/i1.wp.com\/biancamachado.com.br\/blog\/wp-content\/uploads\/2023\/03\/053-1-1024x683.jpg?strip=info&#038;w=1800&#038;ssl=1 1800w,https:\/\/i1.wp.com\/biancamachado.com.br\/blog\/wp-content\/uploads\/2023\/03\/053-1-1024x683.jpg?strip=info&#038;w=2000&#038;ssl=1 2000w\" alt=\"fotografias de festa\" data-height=\"1707\" data-id=\"4492\" data-link=\"https:\/\/biancamachado.com.br\/blog\/?attachment_id=4492\" data-url=\"https:\/\/biancamachado.com.br\/blog\/wp-content\/uploads\/2023\/03\/053-1-1024x683.jpg\" data-width=\"2560\" src=\"https:\/\/i1.wp.com\/biancamachado.com.br\/blog\/wp-content\/uploads\/2023\/03\/053-1-1024x683.jpg?ssl=1\" data-amp-layout=\"responsive\"\/><\/figure><\/div><div class=\"tiled-gallery__col\" style=\"flex-basis:33.33333%\"><figure class=\"tiled-gallery__item\"><img decoding=\"async\" srcset=\"https:\/\/i2.wp.com\/biancamachado.com.br\/blog\/wp-content\/uploads\/2023\/03\/057-1-1024x683.jpg?strip=info&#038;w=600&#038;ssl=1 600w,https:\/\/i2.wp.com\/biancamachado.com.br\/blog\/wp-content\/uploads\/2023\/03\/057-1-1024x683.jpg?strip=info&#038;w=900&#038;ssl=1 900w,https:\/\/i2.wp.com\/biancamachado.com.br\/blog\/wp-content\/uploads\/2023\/03\/057-1-1024x683.jpg?strip=info&#038;w=1200&#038;ssl=1 1200w,https:\/\/i2.wp.com\/biancamachado.com.br\/blog\/wp-content\/uploads\/2023\/03\/057-1-1024x683.jpg?strip=info&#038;w=1500&#038;ssl=1 1500w,https:\/\/i2.wp.com\/biancamachado.com.br\/blog\/wp-content\/uploads\/2023\/03\/057-1-1024x683.jpg?strip=info&#038;w=1800&#038;ssl=1 1800w,https:\/\/i2.wp.com\/biancamachado.com.br\/blog\/wp-content\/uploads\/2023\/03\/057-1-1024x683.jpg?strip=info&#038;w=2000&#038;ssl=1 2000w\" alt=\"fotos de festa\" data-height=\"1707\" data-id=\"4493\" data-link=\"https:\/\/biancamachado.com.br\/blog\/?attachment_id=4493\" data-url=\"https:\/\/biancamachado.com.br\/blog\/wp-content\/uploads\/2023\/03\/057-1-1024x683.jpg\" data-width=\"2560\" src=\"https:\/\/i2.wp.com\/biancamachado.com.br\/blog\/wp-content\/uploads\/2023\/03\/057-1-1024x683.jpg?ssl=1\" data-amp-layout=\"responsive\"\/><\/figure><\/div><\/div><div class=\"tiled-gallery__row\"><div class=\"tiled-gallery__col\" style=\"flex-basis:52.74265%\"><figure class=\"tiled-gallery__item\"><img decoding=\"async\" srcset=\"https:\/\/i1.wp.com\/biancamachado.com.br\/blog\/wp-content\/uploads\/2023\/03\/066-1024x683.jpg?strip=info&#038;w=600&#038;ssl=1 600w,https:\/\/i1.wp.com\/biancamachado.com.br\/blog\/wp-content\/uploads\/2023\/03\/066-1024x683.jpg?strip=info&#038;w=900&#038;ssl=1 900w,https:\/\/i1.wp.com\/biancamachado.com.br\/blog\/wp-content\/uploads\/2023\/03\/066-1024x683.jpg?strip=info&#038;w=1200&#038;ssl=1 1200w,https:\/\/i1.wp.com\/biancamachado.com.br\/blog\/wp-content\/uploads\/2023\/03\/066-1024x683.jpg?strip=info&#038;w=1500&#038;ssl=1 1500w,https:\/\/i1.wp.com\/biancamachado.com.br\/blog\/wp-content\/uploads\/2023\/03\/066-1024x683.jpg?strip=info&#038;w=1800&#038;ssl=1 1800w,https:\/\/i1.wp.com\/biancamachado.com.br\/blog\/wp-content\/uploads\/2023\/03\/066-1024x683.jpg?strip=info&#038;w=2000&#038;ssl=1 2000w\" alt=\"fotografos de festa\" data-height=\"1707\" data-id=\"4494\" data-link=\"https:\/\/biancamachado.com.br\/blog\/?attachment_id=4494\" data-url=\"https:\/\/biancamachado.com.br\/blog\/wp-content\/uploads\/2023\/03\/066-1024x683.jpg\" data-width=\"2560\" src=\"https:\/\/i1.wp.com\/biancamachado.com.br\/blog\/wp-content\/uploads\/2023\/03\/066-1024x683.jpg?ssl=1\" data-amp-layout=\"responsive\"\/><\/figure><figure class=\"tiled-gallery__item\"><img decoding=\"async\" srcset=\"https:\/\/i2.wp.com\/biancamachado.com.br\/blog\/wp-content\/uploads\/2023\/03\/067-1-1024x683.jpg?strip=info&#038;w=600&#038;ssl=1 600w,https:\/\/i2.wp.com\/biancamachado.com.br\/blog\/wp-content\/uploads\/2023\/03\/067-1-1024x683.jpg?strip=info&#038;w=900&#038;ssl=1 900w,https:\/\/i2.wp.com\/biancamachado.com.br\/blog\/wp-content\/uploads\/2023\/03\/067-1-1024x683.jpg?strip=info&#038;w=1200&#038;ssl=1 1200w,https:\/\/i2.wp.com\/biancamachado.com.br\/blog\/wp-content\/uploads\/2023\/03\/067-1-1024x683.jpg?strip=info&#038;w=1500&#038;ssl=1 1500w,https:\/\/i2.wp.com\/biancamachado.com.br\/blog\/wp-content\/uploads\/2023\/03\/067-1-1024x683.jpg?strip=info&#038;w=1800&#038;ssl=1 1800w,https:\/\/i2.wp.com\/biancamachado.com.br\/blog\/wp-content\/uploads\/2023\/03\/067-1-1024x683.jpg?strip=info&#038;w=2000&#038;ssl=1 2000w\" alt=\"melhores fotografias de anivers\u00e1rio tabo\u00e3o da serra\" data-height=\"1707\" data-id=\"4495\" data-link=\"https:\/\/biancamachado.com.br\/blog\/?attachment_id=4495\" data-url=\"https:\/\/biancamachado.com.br\/blog\/wp-content\/uploads\/2023\/03\/067-1-1024x683.jpg\" data-width=\"2560\" src=\"https:\/\/i2.wp.com\/biancamachado.com.br\/blog\/wp-content\/uploads\/2023\/03\/067-1-1024x683.jpg?ssl=1\" data-amp-layout=\"responsive\"\/><\/figure><\/div><div class=\"tiled-gallery__col\" style=\"flex-basis:47.25735%\"><figure class=\"tiled-gallery__item\"><img decoding=\"async\" srcset=\"https:\/\/i2.wp.com\/biancamachado.com.br\/blog\/wp-content\/uploads\/2023\/03\/070-1-683x1024.jpg?strip=info&#038;w=600&#038;ssl=1 600w,https:\/\/i2.wp.com\/biancamachado.com.br\/blog\/wp-content\/uploads\/2023\/03\/070-1-683x1024.jpg?strip=info&#038;w=900&#038;ssl=1 900w,https:\/\/i2.wp.com\/biancamachado.com.br\/blog\/wp-content\/uploads\/2023\/03\/070-1-683x1024.jpg?strip=info&#038;w=1200&#038;ssl=1 1200w,https:\/\/i2.wp.com\/biancamachado.com.br\/blog\/wp-content\/uploads\/2023\/03\/070-1-683x1024.jpg?strip=info&#038;w=1500&#038;ssl=1 1500w,https:\/\/i2.wp.com\/biancamachado.com.br\/blog\/wp-content\/uploads\/2023\/03\/070-1-683x1024.jpg?strip=info&#038;w=1707&#038;ssl=1 1707w\" alt=\"fotos divertidas anivers\u00e1rio\" data-height=\"2560\" data-id=\"4496\" data-link=\"https:\/\/biancamachado.com.br\/blog\/?attachment_id=4496\" data-url=\"https:\/\/biancamachado.com.br\/blog\/wp-content\/uploads\/2023\/03\/070-1-683x1024.jpg\" data-width=\"1707\" src=\"https:\/\/i2.wp.com\/biancamachado.com.br\/blog\/wp-content\/uploads\/2023\/03\/070-1-683x1024.jpg?ssl=1\" data-amp-layout=\"responsive\"\/><\/figure><\/div><\/div><div class=\"tiled-gallery__row\"><div class=\"tiled-gallery__col\" style=\"flex-basis:18.25502%\"><figure class=\"tiled-gallery__item\"><img decoding=\"async\" srcset=\"https:\/\/i0.wp.com\/biancamachado.com.br\/blog\/wp-content\/uploads\/2023\/03\/088-1-683x1024.jpg?strip=info&#038;w=600&#038;ssl=1 600w,https:\/\/i0.wp.com\/biancamachado.com.br\/blog\/wp-content\/uploads\/2023\/03\/088-1-683x1024.jpg?strip=info&#038;w=900&#038;ssl=1 900w,https:\/\/i0.wp.com\/biancamachado.com.br\/blog\/wp-content\/uploads\/2023\/03\/088-1-683x1024.jpg?strip=info&#038;w=1200&#038;ssl=1 1200w,https:\/\/i0.wp.com\/biancamachado.com.br\/blog\/wp-content\/uploads\/2023\/03\/088-1-683x1024.jpg?strip=info&#038;w=1500&#038;ssl=1 1500w,https:\/\/i0.wp.com\/biancamachado.com.br\/blog\/wp-content\/uploads\/2023\/03\/088-1-683x1024.jpg?strip=info&#038;w=1707&#038;ssl=1 1707w\" alt=\"fotografia profissional 31 anos\" data-height=\"2560\" data-id=\"4497\" data-link=\"https:\/\/biancamachado.com.br\/blog\/?attachment_id=4497\" data-url=\"https:\/\/biancamachado.com.br\/blog\/wp-content\/uploads\/2023\/03\/088-1-683x1024.jpg\" data-width=\"1707\" src=\"https:\/\/i0.wp.com\/biancamachado.com.br\/blog\/wp-content\/uploads\/2023\/03\/088-1-683x1024.jpg?ssl=1\" data-amp-layout=\"responsive\"\/><\/figure><\/div><div class=\"tiled-gallery__col\" style=\"flex-basis:40.87249%\"><figure class=\"tiled-gallery__item\"><img decoding=\"async\" srcset=\"https:\/\/i0.wp.com\/biancamachado.com.br\/blog\/wp-content\/uploads\/2023\/03\/116-1024x683.jpg?strip=info&#038;w=600&#038;ssl=1 600w,https:\/\/i0.wp.com\/biancamachado.com.br\/blog\/wp-content\/uploads\/2023\/03\/116-1024x683.jpg?strip=info&#038;w=900&#038;ssl=1 900w,https:\/\/i0.wp.com\/biancamachado.com.br\/blog\/wp-content\/uploads\/2023\/03\/116-1024x683.jpg?strip=info&#038;w=1200&#038;ssl=1 1200w,https:\/\/i0.wp.com\/biancamachado.com.br\/blog\/wp-content\/uploads\/2023\/03\/116-1024x683.jpg?strip=info&#038;w=1500&#038;ssl=1 1500w,https:\/\/i0.wp.com\/biancamachado.com.br\/blog\/wp-content\/uploads\/2023\/03\/116-1024x683.jpg?strip=info&#038;w=1800&#038;ssl=1 1800w,https:\/\/i0.wp.com\/biancamachado.com.br\/blog\/wp-content\/uploads\/2023\/03\/116-1024x683.jpg?strip=info&#038;w=2000&#038;ssl=1 2000w\" alt=\"fotojornalismo festa\" data-height=\"1707\" data-id=\"4498\" data-link=\"https:\/\/biancamachado.com.br\/blog\/?attachment_id=4498\" data-url=\"https:\/\/biancamachado.com.br\/blog\/wp-content\/uploads\/2023\/03\/116-1024x683.jpg\" data-width=\"2560\" src=\"https:\/\/i0.wp.com\/biancamachado.com.br\/blog\/wp-content\/uploads\/2023\/03\/116-1024x683.jpg?ssl=1\" data-amp-layout=\"responsive\"\/><\/figure><\/div><div class=\"tiled-gallery__col\" style=\"flex-basis:40.87249%\"><figure class=\"tiled-gallery__item\"><img decoding=\"async\" srcset=\"https:\/\/i2.wp.com\/biancamachado.com.br\/blog\/wp-content\/uploads\/2023\/03\/123-1024x683.jpg?strip=info&#038;w=600&#038;ssl=1 600w,https:\/\/i2.wp.com\/biancamachado.com.br\/blog\/wp-content\/uploads\/2023\/03\/123-1024x683.jpg?strip=info&#038;w=900&#038;ssl=1 900w,https:\/\/i2.wp.com\/biancamachado.com.br\/blog\/wp-content\/uploads\/2023\/03\/123-1024x683.jpg?strip=info&#038;w=1200&#038;ssl=1 1200w,https:\/\/i2.wp.com\/biancamachado.com.br\/blog\/wp-content\/uploads\/2023\/03\/123-1024x683.jpg?strip=info&#038;w=1500&#038;ssl=1 1500w,https:\/\/i2.wp.com\/biancamachado.com.br\/blog\/wp-content\/uploads\/2023\/03\/123-1024x683.jpg?strip=info&#038;w=1800&#038;ssl=1 1800w,https:\/\/i2.wp.com\/biancamachado.com.br\/blog\/wp-content\/uploads\/2023\/03\/123-1024x683.jpg?strip=info&#038;w=2000&#038;ssl=1 2000w\" alt=\"karaoke festa\" data-height=\"1707\" data-id=\"4499\" data-link=\"https:\/\/biancamachado.com.br\/blog\/?attachment_id=4499\" data-url=\"https:\/\/biancamachado.com.br\/blog\/wp-content\/uploads\/2023\/03\/123-1024x683.jpg\" data-width=\"2560\" src=\"https:\/\/i2.wp.com\/biancamachado.com.br\/blog\/wp-content\/uploads\/2023\/03\/123-1024x683.jpg?ssl=1\" data-amp-layout=\"responsive\"\/><\/figure><\/div><\/div><\/div><\/div>\n\n\n\n<p>A aniversariante, Karolen, era extremamente simp\u00e1tica e carinhosa com todos os presentes. Com seu sorriso radiante e energia contagiante, ela fez com que todos se sentissem \u00e0 vontade e felizes por estarem l\u00e1 para comemorar seu anivers\u00e1rio.<\/p>\n\n\n\n<p>A festa contou com um karaok\u00ea que animou ainda mais a noite, proporcionando momentos de muita descontra\u00e7\u00e3o e divers\u00e3o. Al\u00e9m disso, a deliciosa feijoada servida deixou todos os convidados satisfeitos e com \u00e1gua na boca.<\/p>\n\n\n\n<p>Como fot\u00f3grafa, tive o prazer de capturar momentos \u00fanicos e especiais durante a festa. Desde os preparativos da aniversariante at\u00e9 os momentos mais animados da noite, cada clique foi importante para eternizar esse momento t\u00e3o especial na vida de Karolen. Sem d\u00favida, uma festa inesquec\u00edvel que ficar\u00e1 marcada para sempre em minhas mem\u00f3rias e nas imagens capturadas.<\/p>\n\n\n\n<p>Em resumo, a festa de anivers\u00e1rio de Karolen foi uma noite m\u00e1gica, cheia de sorrisos, alegria e divers\u00e3o. Cada detalhe, desde a decora\u00e7\u00e3o at\u00e9 as pessoas presentes, foi fundamental para tornar a festa ainda mais especial e memor\u00e1vel. Como fot\u00f3grafa, fico feliz em ter tido a oportunidade de eternizar esses momentos \u00fanicos em imagens que a aniversariante e seus convidados poder\u00e3o apreciar e relembrar por muitos anos.<\/p>\nVisite tamb\u00e9m nosso site: www.biancamachado.com.br\r\n(11) 97107-1018\r\n\r\nAtendemos as regi\u00f5es de S\u00e3o Paulo, Sorocaba, Ibi\u00fana, Piedade, Votorantim, Cotia, Itupeva, Jundia\u00ed, It\u00fa e Campinas","protected":false},"excerpt":{"rendered":"<p>A festa de anivers\u00e1rio de 31 anos da Karolen no sal\u00e3o de festas do bairro Tabo\u00e3o da Serra foi um evento maravilhoso de se fotografar. O ambiente estava decorado de forma minuciosa, o que proporcionou um cen\u00e1rio perfeito para capturar belas imagens. Todos os convidados eram muito agrad\u00e1veis, o que ajudou a tornar a noite ainda mais especial.<\/p>\n","protected":false},"author":1,"featured_media":4486,"comment_status":"open","ping_status":"open","sticky":false,"template":"","format":"standard","meta":{"_monsterinsights_skip_tracking":false,"_monsterinsights_sitenote_active":false,"_monsterinsights_sitenote_note":"","_monsterinsights_sitenote_category":0,"jetpack_post_was_ever_published":false,"_jetpack_newsletter_access":"","_jetpack_dont_email_post_to_subs":false,"_jetpack_newsletter_tier_id":0,"_jetpack_memberships_contains_paywalled_content":false,"_jetpack_memberships_contains_paid_content":false,"_joinchat":[],"footnotes":""},"categories":[613],"tags":[618,334,611],"class_list":["post-4480","post","type-post","status-publish","format-standard","has-post-thumbnail","hentry","category-festa-adulto","tag-aniversario","tag-fotografia-profissional-para-familias","tag-fotos"],"yoast_head":"<!-- This site is optimized with the Yoast SEO plugin v27.4 - https:\/\/yoast.com\/product\/yoast-seo-wordpress\/ -->\n<title>Capturando sorrisos: A fotografia da festa de anivers\u00e1rio de Karolen de 31 anos - STUDIO BIANCA MACHADO<\/title>\n<meta name=\"description\" content=\"A festa de anivers\u00e1rio de 31 anos da Karolen no sal\u00e3o de festas do bairro Tabo\u00e3o da Serra foi um evento maravilhoso de se fotografar. O ambiente estava decorado de forma minuciosa, o que proporcionou um cen\u00e1rio perfeito para capturar belas imagens. Todos os convidados eram muito agrad\u00e1veis, o que ajudou a tornar a noite ainda mais especial.\" \/>\n<meta name=\"robots\" content=\"index, follow, max-snippet:-1, max-image-preview:large, max-video-preview:-1\" \/>\n<link rel=\"canonical\" href=\"https:\/\/biancamachado.com.br\/blog\/capturando-sorrisos-a-fotografia-da-festa-de-aniversario-de-karolen-de-31-anos\/\" \/>\n<meta property=\"og:locale\" content=\"pt_BR\" \/>\n<meta property=\"og:type\" content=\"article\" \/>\n<meta property=\"og:title\" content=\"Capturando sorrisos: A fotografia da festa de anivers\u00e1rio de Karolen de 31 anos - STUDIO BIANCA MACHADO\" \/>\n<meta property=\"og:description\" content=\"A festa de anivers\u00e1rio de 31 anos da Karolen no sal\u00e3o de festas do bairro Tabo\u00e3o da Serra foi um evento maravilhoso de se fotografar. O ambiente estava decorado de forma minuciosa, o que proporcionou um cen\u00e1rio perfeito para capturar belas imagens. Todos os convidados eram muito agrad\u00e1veis, o que ajudou a tornar a noite ainda mais especial.\" \/>\n<meta property=\"og:url\" content=\"https:\/\/biancamachado.com.br\/blog\/capturando-sorrisos-a-fotografia-da-festa-de-aniversario-de-karolen-de-31-anos\/\" \/>\n<meta property=\"og:site_name\" content=\"STUDIO BIANCA MACHADO\" \/>\n<meta property=\"article:publisher\" content=\"https:\/\/www.facebook.com\/Studiobiancamachado\/\" \/>\n<meta property=\"article:published_time\" content=\"2023-03-14T16:12:48+00:00\" \/>\n<meta property=\"article:modified_time\" content=\"2023-03-14T16:12:51+00:00\" \/>\n<meta property=\"og:image\" content=\"https:\/\/biancamachado.com.br\/blog\/wp-content\/uploads\/2023\/03\/005-5-scaled.jpg?v=1678810102\" \/>\n\t<meta property=\"og:image:width\" content=\"2560\" \/>\n\t<meta property=\"og:image:height\" content=\"1707\" \/>\n\t<meta property=\"og:image:type\" content=\"image\/jpeg\" \/>\n<meta name=\"author\" content=\"biancamachado\" \/>\n<meta name=\"twitter:card\" content=\"summary_large_image\" \/>\n<meta name=\"twitter:label1\" content=\"Escrito por\" \/>\n\t<meta name=\"twitter:data1\" content=\"biancamachado\" \/>\n\t<meta name=\"twitter:label2\" content=\"Est. tempo de leitura\" \/>\n\t<meta name=\"twitter:data2\" content=\"6 minutos\" \/>\n<script type=\"application\/ld+json\" class=\"yoast-schema-graph\">{\"@context\":\"https:\\\/\\\/schema.org\",\"@graph\":[{\"@type\":\"Article\",\"@id\":\"https:\\\/\\\/biancamachado.com.br\\\/blog\\\/capturando-sorrisos-a-fotografia-da-festa-de-aniversario-de-karolen-de-31-anos\\\/#article\",\"isPartOf\":{\"@id\":\"https:\\\/\\\/biancamachado.com.br\\\/blog\\\/capturando-sorrisos-a-fotografia-da-festa-de-aniversario-de-karolen-de-31-anos\\\/\"},\"author\":{\"name\":\"biancamachado\",\"@id\":\"https:\\\/\\\/biancamachado.com.br\\\/blog\\\/#\\\/schema\\\/person\\\/990263800ec5e9bdbbf092a2353550a1\"},\"headline\":\"Capturando sorrisos: A fotografia da festa de anivers\u00e1rio de Karolen de 31 anos\",\"datePublished\":\"2023-03-14T16:12:48+00:00\",\"dateModified\":\"2023-03-14T16:12:51+00:00\",\"mainEntityOfPage\":{\"@id\":\"https:\\\/\\\/biancamachado.com.br\\\/blog\\\/capturando-sorrisos-a-fotografia-da-festa-de-aniversario-de-karolen-de-31-anos\\\/\"},\"wordCount\":287,\"commentCount\":0,\"publisher\":{\"@id\":\"https:\\\/\\\/biancamachado.com.br\\\/blog\\\/#organization\"},\"image\":{\"@id\":\"https:\\\/\\\/biancamachado.com.br\\\/blog\\\/capturando-sorrisos-a-fotografia-da-festa-de-aniversario-de-karolen-de-31-anos\\\/#primaryimage\"},\"thumbnailUrl\":\"https:\\\/\\\/i0.wp.com\\\/biancamachado.com.br\\\/blog\\\/wp-content\\\/uploads\\\/2023\\\/03\\\/005-5-scaled.jpg?fit=2560%2C1707&ssl=1?v=1678810102\",\"keywords\":[\"anivers\u00e1rio\",\"fotografia profissional para familias\",\"fotos\"],\"articleSection\":[\"Festa Adulto\"],\"inLanguage\":\"pt-BR\",\"potentialAction\":[{\"@type\":\"CommentAction\",\"name\":\"Comment\",\"target\":[\"https:\\\/\\\/biancamachado.com.br\\\/blog\\\/capturando-sorrisos-a-fotografia-da-festa-de-aniversario-de-karolen-de-31-anos\\\/#respond\"]}]},{\"@type\":\"WebPage\",\"@id\":\"https:\\\/\\\/biancamachado.com.br\\\/blog\\\/capturando-sorrisos-a-fotografia-da-festa-de-aniversario-de-karolen-de-31-anos\\\/\",\"url\":\"https:\\\/\\\/biancamachado.com.br\\\/blog\\\/capturando-sorrisos-a-fotografia-da-festa-de-aniversario-de-karolen-de-31-anos\\\/\",\"name\":\"Capturando sorrisos: A fotografia da festa de anivers\u00e1rio de Karolen de 31 anos - STUDIO BIANCA MACHADO\",\"isPartOf\":{\"@id\":\"https:\\\/\\\/biancamachado.com.br\\\/blog\\\/#website\"},\"primaryImageOfPage\":{\"@id\":\"https:\\\/\\\/biancamachado.com.br\\\/blog\\\/capturando-sorrisos-a-fotografia-da-festa-de-aniversario-de-karolen-de-31-anos\\\/#primaryimage\"},\"image\":{\"@id\":\"https:\\\/\\\/biancamachado.com.br\\\/blog\\\/capturando-sorrisos-a-fotografia-da-festa-de-aniversario-de-karolen-de-31-anos\\\/#primaryimage\"},\"thumbnailUrl\":\"https:\\\/\\\/i0.wp.com\\\/biancamachado.com.br\\\/blog\\\/wp-content\\\/uploads\\\/2023\\\/03\\\/005-5-scaled.jpg?fit=2560%2C1707&ssl=1?v=1678810102\",\"datePublished\":\"2023-03-14T16:12:48+00:00\",\"dateModified\":\"2023-03-14T16:12:51+00:00\",\"description\":\"A festa de anivers\u00e1rio de 31 anos da Karolen no sal\u00e3o de festas do bairro Tabo\u00e3o da Serra foi um evento maravilhoso de se fotografar. O ambiente estava decorado de forma minuciosa, o que proporcionou um cen\u00e1rio perfeito para capturar belas imagens. Todos os convidados eram muito agrad\u00e1veis, o que ajudou a tornar a noite ainda mais especial.\",\"breadcrumb\":{\"@id\":\"https:\\\/\\\/biancamachado.com.br\\\/blog\\\/capturando-sorrisos-a-fotografia-da-festa-de-aniversario-de-karolen-de-31-anos\\\/#breadcrumb\"},\"inLanguage\":\"pt-BR\",\"potentialAction\":[{\"@type\":\"ReadAction\",\"target\":[\"https:\\\/\\\/biancamachado.com.br\\\/blog\\\/capturando-sorrisos-a-fotografia-da-festa-de-aniversario-de-karolen-de-31-anos\\\/\"]}]},{\"@type\":\"ImageObject\",\"inLanguage\":\"pt-BR\",\"@id\":\"https:\\\/\\\/biancamachado.com.br\\\/blog\\\/capturando-sorrisos-a-fotografia-da-festa-de-aniversario-de-karolen-de-31-anos\\\/#primaryimage\",\"url\":\"https:\\\/\\\/i0.wp.com\\\/biancamachado.com.br\\\/blog\\\/wp-content\\\/uploads\\\/2023\\\/03\\\/005-5-scaled.jpg?fit=2560%2C1707&ssl=1?v=1678810102\",\"contentUrl\":\"https:\\\/\\\/i0.wp.com\\\/biancamachado.com.br\\\/blog\\\/wp-content\\\/uploads\\\/2023\\\/03\\\/005-5-scaled.jpg?fit=2560%2C1707&ssl=1?v=1678810102\",\"width\":2560,\"height\":1707,\"caption\":\"fotografos profissionais sao paulo anivers\u00e1rio\"},{\"@type\":\"BreadcrumbList\",\"@id\":\"https:\\\/\\\/biancamachado.com.br\\\/blog\\\/capturando-sorrisos-a-fotografia-da-festa-de-aniversario-de-karolen-de-31-anos\\\/#breadcrumb\",\"itemListElement\":[{\"@type\":\"ListItem\",\"position\":1,\"name\":\"In\u00edcio\",\"item\":\"https:\\\/\\\/biancamachado.com.br\\\/blog\\\/\"},{\"@type\":\"ListItem\",\"position\":2,\"name\":\"Capturando sorrisos: A fotografia da festa de anivers\u00e1rio de Karolen de 31 anos\"}]},{\"@type\":\"WebSite\",\"@id\":\"https:\\\/\\\/biancamachado.com.br\\\/blog\\\/#website\",\"url\":\"https:\\\/\\\/biancamachado.com.br\\\/blog\\\/\",\"name\":\"STUDIO BIANCA MACHADO\",\"description\":\"Estudio Fotografico, Ensaios e Books de foto profissional\",\"publisher\":{\"@id\":\"https:\\\/\\\/biancamachado.com.br\\\/blog\\\/#organization\"},\"potentialAction\":[{\"@type\":\"SearchAction\",\"target\":{\"@type\":\"EntryPoint\",\"urlTemplate\":\"https:\\\/\\\/biancamachado.com.br\\\/blog\\\/?s={search_term_string}\"},\"query-input\":{\"@type\":\"PropertyValueSpecification\",\"valueRequired\":true,\"valueName\":\"search_term_string\"}}],\"inLanguage\":\"pt-BR\"},{\"@type\":\"Organization\",\"@id\":\"https:\\\/\\\/biancamachado.com.br\\\/blog\\\/#organization\",\"name\":\"STUDIO BIANCA MACHADO\",\"url\":\"https:\\\/\\\/biancamachado.com.br\\\/blog\\\/\",\"logo\":{\"@type\":\"ImageObject\",\"inLanguage\":\"pt-BR\",\"@id\":\"https:\\\/\\\/biancamachado.com.br\\\/blog\\\/#\\\/schema\\\/logo\\\/image\\\/\",\"url\":\"https:\\\/\\\/i0.wp.com\\\/biancamachado.com.br\\\/blog\\\/wp-content\\\/uploads\\\/2021\\\/02\\\/cropped-logo-ml.jpg?fit=278%2C100&ssl=1\",\"contentUrl\":\"https:\\\/\\\/i0.wp.com\\\/biancamachado.com.br\\\/blog\\\/wp-content\\\/uploads\\\/2021\\\/02\\\/cropped-logo-ml.jpg?fit=278%2C100&ssl=1\",\"width\":278,\"height\":100,\"caption\":\"STUDIO BIANCA MACHADO\"},\"image\":{\"@id\":\"https:\\\/\\\/biancamachado.com.br\\\/blog\\\/#\\\/schema\\\/logo\\\/image\\\/\"},\"sameAs\":[\"https:\\\/\\\/www.facebook.com\\\/Studiobiancamachado\\\/\",\"https:\\\/\\\/www.instagram.com\\\/Studiobiancamachado\\\/\"]},{\"@type\":\"Person\",\"@id\":\"https:\\\/\\\/biancamachado.com.br\\\/blog\\\/#\\\/schema\\\/person\\\/990263800ec5e9bdbbf092a2353550a1\",\"name\":\"biancamachado\",\"image\":{\"@type\":\"ImageObject\",\"inLanguage\":\"pt-BR\",\"@id\":\"https:\\\/\\\/secure.gravatar.com\\\/avatar\\\/62b1a50f2632dbc2e279c3eb55aa46cc324c969cff16a69c59756d155316542c?s=96&d=mm&r=g\",\"url\":\"https:\\\/\\\/secure.gravatar.com\\\/avatar\\\/62b1a50f2632dbc2e279c3eb55aa46cc324c969cff16a69c59756d155316542c?s=96&d=mm&r=g\",\"contentUrl\":\"https:\\\/\\\/secure.gravatar.com\\\/avatar\\\/62b1a50f2632dbc2e279c3eb55aa46cc324c969cff16a69c59756d155316542c?s=96&d=mm&r=g\",\"caption\":\"biancamachado\"},\"sameAs\":[\"https:\\\/\\\/biancamachado.com.br\\\/blog\"],\"url\":\"https:\\\/\\\/biancamachado.com.br\\\/blog\\\/author\\\/biancamachado\\\/\"}]}<\/script>\n<!-- \/ Yoast SEO plugin. -->","yoast_head_json":{"title":"Capturando sorrisos: A fotografia da festa de anivers\u00e1rio de Karolen de 31 anos - STUDIO BIANCA MACHADO","description":"A festa de anivers\u00e1rio de 31 anos da Karolen no sal\u00e3o de festas do bairro Tabo\u00e3o da Serra foi um evento maravilhoso de se fotografar. O ambiente estava decorado de forma minuciosa, o que proporcionou um cen\u00e1rio perfeito para capturar belas imagens. Todos os convidados eram muito agrad\u00e1veis, o que ajudou a tornar a noite ainda mais especial.","robots":{"index":"index","follow":"follow","max-snippet":"max-snippet:-1","max-image-preview":"max-image-preview:large","max-video-preview":"max-video-preview:-1"},"canonical":"https:\/\/biancamachado.com.br\/blog\/capturando-sorrisos-a-fotografia-da-festa-de-aniversario-de-karolen-de-31-anos\/","og_locale":"pt_BR","og_type":"article","og_title":"Capturando sorrisos: A fotografia da festa de anivers\u00e1rio de Karolen de 31 anos - STUDIO BIANCA MACHADO","og_description":"A festa de anivers\u00e1rio de 31 anos da Karolen no sal\u00e3o de festas do bairro Tabo\u00e3o da Serra foi um evento maravilhoso de se fotografar. O ambiente estava decorado de forma minuciosa, o que proporcionou um cen\u00e1rio perfeito para capturar belas imagens. Todos os convidados eram muito agrad\u00e1veis, o que ajudou a tornar a noite ainda mais especial.","og_url":"https:\/\/biancamachado.com.br\/blog\/capturando-sorrisos-a-fotografia-da-festa-de-aniversario-de-karolen-de-31-anos\/","og_site_name":"STUDIO BIANCA MACHADO","article_publisher":"https:\/\/www.facebook.com\/Studiobiancamachado\/","article_published_time":"2023-03-14T16:12:48+00:00","article_modified_time":"2023-03-14T16:12:51+00:00","og_image":[{"width":2560,"height":1707,"url":"https:\/\/biancamachado.com.br\/blog\/wp-content\/uploads\/2023\/03\/005-5-scaled.jpg?v=1678810102","type":"image\/jpeg"}],"author":"biancamachado","twitter_card":"summary_large_image","twitter_misc":{"Escrito por":"biancamachado","Est. tempo de leitura":"6 minutos"},"schema":{"@context":"https:\/\/schema.org","@graph":[{"@type":"Article","@id":"https:\/\/biancamachado.com.br\/blog\/capturando-sorrisos-a-fotografia-da-festa-de-aniversario-de-karolen-de-31-anos\/#article","isPartOf":{"@id":"https:\/\/biancamachado.com.br\/blog\/capturando-sorrisos-a-fotografia-da-festa-de-aniversario-de-karolen-de-31-anos\/"},"author":{"name":"biancamachado","@id":"https:\/\/biancamachado.com.br\/blog\/#\/schema\/person\/990263800ec5e9bdbbf092a2353550a1"},"headline":"Capturando sorrisos: A fotografia da festa de anivers\u00e1rio de Karolen de 31 anos","datePublished":"2023-03-14T16:12:48+00:00","dateModified":"2023-03-14T16:12:51+00:00","mainEntityOfPage":{"@id":"https:\/\/biancamachado.com.br\/blog\/capturando-sorrisos-a-fotografia-da-festa-de-aniversario-de-karolen-de-31-anos\/"},"wordCount":287,"commentCount":0,"publisher":{"@id":"https:\/\/biancamachado.com.br\/blog\/#organization"},"image":{"@id":"https:\/\/biancamachado.com.br\/blog\/capturando-sorrisos-a-fotografia-da-festa-de-aniversario-de-karolen-de-31-anos\/#primaryimage"},"thumbnailUrl":"https:\/\/i0.wp.com\/biancamachado.com.br\/blog\/wp-content\/uploads\/2023\/03\/005-5-scaled.jpg?fit=2560%2C1707&ssl=1?v=1678810102","keywords":["anivers\u00e1rio","fotografia profissional para familias","fotos"],"articleSection":["Festa Adulto"],"inLanguage":"pt-BR","potentialAction":[{"@type":"CommentAction","name":"Comment","target":["https:\/\/biancamachado.com.br\/blog\/capturando-sorrisos-a-fotografia-da-festa-de-aniversario-de-karolen-de-31-anos\/#respond"]}]},{"@type":"WebPage","@id":"https:\/\/biancamachado.com.br\/blog\/capturando-sorrisos-a-fotografia-da-festa-de-aniversario-de-karolen-de-31-anos\/","url":"https:\/\/biancamachado.com.br\/blog\/capturando-sorrisos-a-fotografia-da-festa-de-aniversario-de-karolen-de-31-anos\/","name":"Capturando sorrisos: A fotografia da festa de anivers\u00e1rio de Karolen de 31 anos - STUDIO BIANCA MACHADO","isPartOf":{"@id":"https:\/\/biancamachado.com.br\/blog\/#website"},"primaryImageOfPage":{"@id":"https:\/\/biancamachado.com.br\/blog\/capturando-sorrisos-a-fotografia-da-festa-de-aniversario-de-karolen-de-31-anos\/#primaryimage"},"image":{"@id":"https:\/\/biancamachado.com.br\/blog\/capturando-sorrisos-a-fotografia-da-festa-de-aniversario-de-karolen-de-31-anos\/#primaryimage"},"thumbnailUrl":"https:\/\/i0.wp.com\/biancamachado.com.br\/blog\/wp-content\/uploads\/2023\/03\/005-5-scaled.jpg?fit=2560%2C1707&ssl=1?v=1678810102","datePublished":"2023-03-14T16:12:48+00:00","dateModified":"2023-03-14T16:12:51+00:00","description":"A festa de anivers\u00e1rio de 31 anos da Karolen no sal\u00e3o de festas do bairro Tabo\u00e3o da Serra foi um evento maravilhoso de se fotografar. O ambiente estava decorado de forma minuciosa, o que proporcionou um cen\u00e1rio perfeito para capturar belas imagens. Todos os convidados eram muito agrad\u00e1veis, o que ajudou a tornar a noite ainda mais especial.","breadcrumb":{"@id":"https:\/\/biancamachado.com.br\/blog\/capturando-sorrisos-a-fotografia-da-festa-de-aniversario-de-karolen-de-31-anos\/#breadcrumb"},"inLanguage":"pt-BR","potentialAction":[{"@type":"ReadAction","target":["https:\/\/biancamachado.com.br\/blog\/capturando-sorrisos-a-fotografia-da-festa-de-aniversario-de-karolen-de-31-anos\/"]}]},{"@type":"ImageObject","inLanguage":"pt-BR","@id":"https:\/\/biancamachado.com.br\/blog\/capturando-sorrisos-a-fotografia-da-festa-de-aniversario-de-karolen-de-31-anos\/#primaryimage","url":"https:\/\/i0.wp.com\/biancamachado.com.br\/blog\/wp-content\/uploads\/2023\/03\/005-5-scaled.jpg?fit=2560%2C1707&ssl=1?v=1678810102","contentUrl":"https:\/\/i0.wp.com\/biancamachado.com.br\/blog\/wp-content\/uploads\/2023\/03\/005-5-scaled.jpg?fit=2560%2C1707&ssl=1?v=1678810102","width":2560,"height":1707,"caption":"fotografos profissionais sao paulo anivers\u00e1rio"},{"@type":"BreadcrumbList","@id":"https:\/\/biancamachado.com.br\/blog\/capturando-sorrisos-a-fotografia-da-festa-de-aniversario-de-karolen-de-31-anos\/#breadcrumb","itemListElement":[{"@type":"ListItem","position":1,"name":"In\u00edcio","item":"https:\/\/biancamachado.com.br\/blog\/"},{"@type":"ListItem","position":2,"name":"Capturando sorrisos: A fotografia da festa de anivers\u00e1rio de Karolen de 31 anos"}]},{"@type":"WebSite","@id":"https:\/\/biancamachado.com.br\/blog\/#website","url":"https:\/\/biancamachado.com.br\/blog\/","name":"STUDIO BIANCA MACHADO","description":"Estudio Fotografico, Ensaios e Books de foto profissional","publisher":{"@id":"https:\/\/biancamachado.com.br\/blog\/#organization"},"potentialAction":[{"@type":"SearchAction","target":{"@type":"EntryPoint","urlTemplate":"https:\/\/biancamachado.com.br\/blog\/?s={search_term_string}"},"query-input":{"@type":"PropertyValueSpecification","valueRequired":true,"valueName":"search_term_string"}}],"inLanguage":"pt-BR"},{"@type":"Organization","@id":"https:\/\/biancamachado.com.br\/blog\/#organization","name":"STUDIO BIANCA MACHADO","url":"https:\/\/biancamachado.com.br\/blog\/","logo":{"@type":"ImageObject","inLanguage":"pt-BR","@id":"https:\/\/biancamachado.com.br\/blog\/#\/schema\/logo\/image\/","url":"https:\/\/i0.wp.com\/biancamachado.com.br\/blog\/wp-content\/uploads\/2021\/02\/cropped-logo-ml.jpg?fit=278%2C100&ssl=1","contentUrl":"https:\/\/i0.wp.com\/biancamachado.com.br\/blog\/wp-content\/uploads\/2021\/02\/cropped-logo-ml.jpg?fit=278%2C100&ssl=1","width":278,"height":100,"caption":"STUDIO BIANCA MACHADO"},"image":{"@id":"https:\/\/biancamachado.com.br\/blog\/#\/schema\/logo\/image\/"},"sameAs":["https:\/\/www.facebook.com\/Studiobiancamachado\/","https:\/\/www.instagram.com\/Studiobiancamachado\/"]},{"@type":"Person","@id":"https:\/\/biancamachado.com.br\/blog\/#\/schema\/person\/990263800ec5e9bdbbf092a2353550a1","name":"biancamachado","image":{"@type":"ImageObject","inLanguage":"pt-BR","@id":"https:\/\/secure.gravatar.com\/avatar\/62b1a50f2632dbc2e279c3eb55aa46cc324c969cff16a69c59756d155316542c?s=96&d=mm&r=g","url":"https:\/\/secure.gravatar.com\/avatar\/62b1a50f2632dbc2e279c3eb55aa46cc324c969cff16a69c59756d155316542c?s=96&d=mm&r=g","contentUrl":"https:\/\/secure.gravatar.com\/avatar\/62b1a50f2632dbc2e279c3eb55aa46cc324c969cff16a69c59756d155316542c?s=96&d=mm&r=g","caption":"biancamachado"},"sameAs":["https:\/\/biancamachado.com.br\/blog"],"url":"https:\/\/biancamachado.com.br\/blog\/author\/biancamachado\/"}]}},"jetpack_featured_media_url":"https:\/\/i0.wp.com\/biancamachado.com.br\/blog\/wp-content\/uploads\/2023\/03\/005-5-scaled.jpg?fit=2560%2C1707&ssl=1?v=1678810102","jetpack-related-posts":[],"jetpack_sharing_enabled":true,"_links":{"self":[{"href":"https:\/\/biancamachado.com.br\/blog\/wp-json\/wp\/v2\/posts\/4480","targetHints":{"allow":["GET"]}}],"collection":[{"href":"https:\/\/biancamachado.com.br\/blog\/wp-json\/wp\/v2\/posts"}],"about":[{"href":"https:\/\/biancamachado.com.br\/blog\/wp-json\/wp\/v2\/types\/post"}],"author":[{"embeddable":true,"href":"https:\/\/biancamachado.com.br\/blog\/wp-json\/wp\/v2\/users\/1"}],"replies":[{"embeddable":true,"href":"https:\/\/biancamachado.com.br\/blog\/wp-json\/wp\/v2\/comments?post=4480"}],"version-history":[{"count":1,"href":"https:\/\/biancamachado.com.br\/blog\/wp-json\/wp\/v2\/posts\/4480\/revisions"}],"predecessor-version":[{"id":4500,"href":"https:\/\/biancamachado.com.br\/blog\/wp-json\/wp\/v2\/posts\/4480\/revisions\/4500"}],"wp:featuredmedia":[{"embeddable":true,"href":"https:\/\/biancamachado.com.br\/blog\/wp-json\/wp\/v2\/media\/4486"}],"wp:attachment":[{"href":"https:\/\/biancamachado.com.br\/blog\/wp-json\/wp\/v2\/media?parent=4480"}],"wp:term":[{"taxonomy":"category","embeddable":true,"href":"https:\/\/biancamachado.com.br\/blog\/wp-json\/wp\/v2\/categories?post=4480"},{"taxonomy":"post_tag","embeddable":true,"href":"https:\/\/biancamachado.com.br\/blog\/wp-json\/wp\/v2\/tags?post=4480"}],"curies":[{"name":"wp","href":"https:\/\/api.w.org\/{rel}","templated":true}]}}