{"id":441,"date":"2012-08-13T00:54:00","date_gmt":"2012-08-13T03:54:00","guid":{"rendered":"https:\/\/biancamachado.com.br\/blog\/?p=441"},"modified":"2021-02-17T23:35:32","modified_gmt":"2021-02-18T02:35:32","slug":"como-conciliar-a-gravidez-com-o-trabalho","status":"publish","type":"post","link":"https:\/\/biancamachado.com.br\/blog\/como-conciliar-a-gravidez-com-o-trabalho\/","title":{"rendered":"Como conciliar a gravidez com o trabalho?"},"content":{"rendered":"<div style=\"text-align: justify;\">Uma d\u00favida para todas as gestantes, \u00e9 como conseguir trabalhar sem baixar a produtividade durante a gravidez.&nbsp;<\/div>\n<div style=\"text-align: justify;\">Umas das principais dicas, \u00e9 a organiza\u00e7\u00e3o e planejamento. \u00c9 poss\u00edvel manter v\u00e1rias agendas e anotar todas as tarefas de forma organizada, para compensar os lapsos de mem\u00f3ria comuns durante a gravidez.&nbsp;<\/div>\n<div style=\"text-align: justify;\">O corpo e a parte emocional ir\u00e3o alterar completamente m\u00eas a m\u00eas, ent\u00e3o \u00e9 aconselh\u00e1vel evitar de deixar para amanh\u00e3 o que se pode fazer hoje. Sem contar que a qualquer momento, pode-se ter um mal estar, e por isso \u00e9 importante ter tudo muito organizado para que qualquer colega de trabalho possa continuar a tarefa sem dificuldades.&nbsp;<\/div>\n<div style=\"text-align: justify;\">Para as gravidinhas que est\u00e3o acostumadas a uma vida de decis\u00f5es stressantes, e competitividade no trabalho, \u00e9 aconselh\u00e1vel freiar um pouquinho as situa\u00e7\u00f5es de nervosismo, sempre planejando e organizando.&nbsp;<\/div>\n<div style=\"text-align: justify;\">Para as mulheres, ser m\u00e3e exige muito, e profissionalmente, mais ainda. Mas \u00e9 poss\u00edvel sim administrar as duas coisas com qualidade.&nbsp;<\/div>\n<div style=\"text-align: justify;\">Uma boa dica para reduzir o stress, \u00e9 fazer uma divertida sess\u00e3o de fotos do Book Gestante.&nbsp;<\/div>\n<div style=\"text-align: justify;\"><\/div>\n<p><\/p>\n<div style=\"text-align: justify;\"><\/div>\n<div style=\"text-align: justify;\"><\/div>\n<div style=\"text-align: justify;\"><\/div>\n<table align=\"center\" cellpadding=\"0\" cellspacing=\"0\" style=\"margin-left: auto; margin-right: auto; text-align: center;\">\n<tbody>\n<tr>\n<td style=\"text-align: center;\"><a href=\"https:\/\/i0.wp.com\/1.bp.blogspot.com\/-u8ZQsa26LwE\/UCh5pgNbsFI\/AAAAAAAAHWU\/dFlCUHePUBA\/s1600\/fotos%2Bbook%2Bgravida.JPG\" style=\"margin-left: auto; margin-right: auto;\"><img data-recalc-dims=\"1\" loading=\"lazy\" decoding=\"async\" alt=\"fotos book gravida\" border=\"0\" height=\"426\" src=\"https:\/\/i0.wp.com\/1.bp.blogspot.com\/-u8ZQsa26LwE\/UCh5pgNbsFI\/AAAAAAAAHWU\/dFlCUHePUBA\/s640\/fotos%2Bbook%2Bgravida.JPG?resize=640%2C426&#038;ssl=1\" title=\"fotos book gravida\" width=\"640\" \/><\/a><\/td>\n<\/tr>\n<tr>\n<td style=\"text-align: center;\">fotos book gravida<\/td>\n<\/tr>\n<\/tbody>\n<\/table>\n<div style=\"text-align: justify;\">\n<div>\n<div style=\"text-align: start;\"><span style=\"text-align: left;\">Visite tamb\u00e9m nosso site:&nbsp;<\/span><a href=\"http:\/\/www.biancamachado.com.br\/\" style=\"text-align: left;\">www.biancamachado.com.br<\/a><br style=\"text-align: left;\" \/><span style=\"text-align: left;\">Studio Bianca Machado &amp; Jo\u00e3o Sinatro&nbsp;<\/span><br style=\"text-align: left;\" \/><span style=\"text-align: left;\">(11) 97107-1018<\/span><\/div>\n<\/div>\n<\/div>\nVisite tamb\u00e9m nosso site: www.biancamachado.com.br\r\n(11) 97107-1018\r\n\r\nAtendemos as regi\u00f5es de S\u00e3o Paulo, Sorocaba, Ibi\u00fana, Piedade, Votorantim, Cotia, Itupeva, Jundia\u00ed, It\u00fa e Campinas","protected":false},"excerpt":{"rendered":"<p>Uma d\u00favida para todas as<\/p>\n","protected":false},"author":1,"featured_media":1279,"comment_status":"open","ping_status":"open","sticky":false,"template":"","format":"standard","meta":{"_monsterinsights_skip_tracking":false,"_monsterinsights_sitenote_active":false,"_monsterinsights_sitenote_note":"","_monsterinsights_sitenote_category":0,"jetpack_post_was_ever_published":false,"_jetpack_newsletter_access":"","_jetpack_dont_email_post_to_subs":false,"_jetpack_newsletter_tier_id":0,"_jetpack_memberships_contains_paywalled_content":false,"_jetpack_memberships_contains_paid_content":false,"_joinchat":[],"footnotes":""},"categories":[283,1],"tags":[300,299,301,298],"class_list":["post-441","post","type-post","status-publish","format-standard","has-post-thumbnail","hentry","category-book-gestante-em-estudio","category-studio-bianca-machado","tag-book-fotografico-para-gravidas","tag-ensaio-de-fotos","tag-fotografas-de-gestantes","tag-fotos-de-book-gestante-em-estudio"],"yoast_head":"<!-- This site is optimized with the Yoast SEO plugin v27.4 - https:\/\/yoast.com\/product\/yoast-seo-wordpress\/ -->\n<title>Como conciliar a gravidez com o trabalho? - STUDIO BIANCA MACHADO<\/title>\n<meta name=\"robots\" content=\"index, follow, max-snippet:-1, max-image-preview:large, max-video-preview:-1\" \/>\n<link rel=\"canonical\" href=\"https:\/\/biancamachado.com.br\/blog\/como-conciliar-a-gravidez-com-o-trabalho\/\" \/>\n<meta property=\"og:locale\" content=\"pt_BR\" \/>\n<meta property=\"og:type\" content=\"article\" \/>\n<meta property=\"og:title\" content=\"Como conciliar a gravidez com o trabalho? - STUDIO BIANCA MACHADO\" \/>\n<meta property=\"og:description\" content=\"Uma d\u00favida para todas as\" \/>\n<meta property=\"og:url\" content=\"https:\/\/biancamachado.com.br\/blog\/como-conciliar-a-gravidez-com-o-trabalho\/\" \/>\n<meta property=\"og:site_name\" content=\"STUDIO BIANCA MACHADO\" \/>\n<meta property=\"article:publisher\" content=\"https:\/\/www.facebook.com\/Studiobiancamachado\/\" \/>\n<meta property=\"article:published_time\" content=\"2012-08-13T03:54:00+00:00\" \/>\n<meta property=\"article:modified_time\" content=\"2021-02-18T02:35:32+00:00\" \/>\n<meta property=\"og:image\" content=\"https:\/\/i0.wp.com\/biancamachado.com.br\/blog\/wp-content\/uploads\/2012\/08\/Screenshot_399.png?fit=636%2C432&ssl=1\" \/>\n\t<meta property=\"og:image:width\" content=\"636\" \/>\n\t<meta property=\"og:image:height\" content=\"432\" \/>\n\t<meta property=\"og:image:type\" content=\"image\/png\" \/>\n<meta name=\"author\" content=\"biancamachado\" \/>\n<meta name=\"twitter:card\" content=\"summary_large_image\" \/>\n<meta name=\"twitter:label1\" content=\"Escrito por\" \/>\n\t<meta name=\"twitter:data1\" content=\"biancamachado\" \/>\n\t<meta name=\"twitter:label2\" content=\"Est. tempo de leitura\" \/>\n\t<meta name=\"twitter:data2\" content=\"1 minuto\" \/>\n<script type=\"application\/ld+json\" class=\"yoast-schema-graph\">{\"@context\":\"https:\\\/\\\/schema.org\",\"@graph\":[{\"@type\":\"Article\",\"@id\":\"https:\\\/\\\/biancamachado.com.br\\\/blog\\\/como-conciliar-a-gravidez-com-o-trabalho\\\/#article\",\"isPartOf\":{\"@id\":\"https:\\\/\\\/biancamachado.com.br\\\/blog\\\/como-conciliar-a-gravidez-com-o-trabalho\\\/\"},\"author\":{\"name\":\"biancamachado\",\"@id\":\"https:\\\/\\\/biancamachado.com.br\\\/blog\\\/#\\\/schema\\\/person\\\/990263800ec5e9bdbbf092a2353550a1\"},\"headline\":\"Como conciliar a gravidez com o trabalho?\",\"datePublished\":\"2012-08-13T03:54:00+00:00\",\"dateModified\":\"2021-02-18T02:35:32+00:00\",\"mainEntityOfPage\":{\"@id\":\"https:\\\/\\\/biancamachado.com.br\\\/blog\\\/como-conciliar-a-gravidez-com-o-trabalho\\\/\"},\"wordCount\":218,\"commentCount\":0,\"publisher\":{\"@id\":\"https:\\\/\\\/biancamachado.com.br\\\/blog\\\/#organization\"},\"image\":{\"@id\":\"https:\\\/\\\/biancamachado.com.br\\\/blog\\\/como-conciliar-a-gravidez-com-o-trabalho\\\/#primaryimage\"},\"thumbnailUrl\":\"https:\\\/\\\/i0.wp.com\\\/biancamachado.com.br\\\/blog\\\/wp-content\\\/uploads\\\/2012\\\/08\\\/Screenshot_399.png?fit=636%2C432&ssl=1\",\"keywords\":[\"book fotografico para gravidas\",\"ensaio de fotos\",\"fotografas de gestantes\",\"fotos de book gestante em estudio\"],\"articleSection\":[\"Book Gestante em Estudio\",\"Studio Bianca Machado\"],\"inLanguage\":\"pt-BR\",\"potentialAction\":[{\"@type\":\"CommentAction\",\"name\":\"Comment\",\"target\":[\"https:\\\/\\\/biancamachado.com.br\\\/blog\\\/como-conciliar-a-gravidez-com-o-trabalho\\\/#respond\"]}]},{\"@type\":\"WebPage\",\"@id\":\"https:\\\/\\\/biancamachado.com.br\\\/blog\\\/como-conciliar-a-gravidez-com-o-trabalho\\\/\",\"url\":\"https:\\\/\\\/biancamachado.com.br\\\/blog\\\/como-conciliar-a-gravidez-com-o-trabalho\\\/\",\"name\":\"Como conciliar a gravidez com o trabalho? - STUDIO BIANCA MACHADO\",\"isPartOf\":{\"@id\":\"https:\\\/\\\/biancamachado.com.br\\\/blog\\\/#website\"},\"primaryImageOfPage\":{\"@id\":\"https:\\\/\\\/biancamachado.com.br\\\/blog\\\/como-conciliar-a-gravidez-com-o-trabalho\\\/#primaryimage\"},\"image\":{\"@id\":\"https:\\\/\\\/biancamachado.com.br\\\/blog\\\/como-conciliar-a-gravidez-com-o-trabalho\\\/#primaryimage\"},\"thumbnailUrl\":\"https:\\\/\\\/i0.wp.com\\\/biancamachado.com.br\\\/blog\\\/wp-content\\\/uploads\\\/2012\\\/08\\\/Screenshot_399.png?fit=636%2C432&ssl=1\",\"datePublished\":\"2012-08-13T03:54:00+00:00\",\"dateModified\":\"2021-02-18T02:35:32+00:00\",\"breadcrumb\":{\"@id\":\"https:\\\/\\\/biancamachado.com.br\\\/blog\\\/como-conciliar-a-gravidez-com-o-trabalho\\\/#breadcrumb\"},\"inLanguage\":\"pt-BR\",\"potentialAction\":[{\"@type\":\"ReadAction\",\"target\":[\"https:\\\/\\\/biancamachado.com.br\\\/blog\\\/como-conciliar-a-gravidez-com-o-trabalho\\\/\"]}]},{\"@type\":\"ImageObject\",\"inLanguage\":\"pt-BR\",\"@id\":\"https:\\\/\\\/biancamachado.com.br\\\/blog\\\/como-conciliar-a-gravidez-com-o-trabalho\\\/#primaryimage\",\"url\":\"https:\\\/\\\/i0.wp.com\\\/biancamachado.com.br\\\/blog\\\/wp-content\\\/uploads\\\/2012\\\/08\\\/Screenshot_399.png?fit=636%2C432&ssl=1\",\"contentUrl\":\"https:\\\/\\\/i0.wp.com\\\/biancamachado.com.br\\\/blog\\\/wp-content\\\/uploads\\\/2012\\\/08\\\/Screenshot_399.png?fit=636%2C432&ssl=1\",\"width\":636,\"height\":432,\"caption\":\"Como conciliar a gravidez com o trabalho?\"},{\"@type\":\"BreadcrumbList\",\"@id\":\"https:\\\/\\\/biancamachado.com.br\\\/blog\\\/como-conciliar-a-gravidez-com-o-trabalho\\\/#breadcrumb\",\"itemListElement\":[{\"@type\":\"ListItem\",\"position\":1,\"name\":\"In\u00edcio\",\"item\":\"https:\\\/\\\/biancamachado.com.br\\\/blog\\\/\"},{\"@type\":\"ListItem\",\"position\":2,\"name\":\"Como conciliar a gravidez com o trabalho?\"}]},{\"@type\":\"WebSite\",\"@id\":\"https:\\\/\\\/biancamachado.com.br\\\/blog\\\/#website\",\"url\":\"https:\\\/\\\/biancamachado.com.br\\\/blog\\\/\",\"name\":\"STUDIO BIANCA MACHADO\",\"description\":\"Estudio Fotografico, Ensaios e Books de foto profissional\",\"publisher\":{\"@id\":\"https:\\\/\\\/biancamachado.com.br\\\/blog\\\/#organization\"},\"potentialAction\":[{\"@type\":\"SearchAction\",\"target\":{\"@type\":\"EntryPoint\",\"urlTemplate\":\"https:\\\/\\\/biancamachado.com.br\\\/blog\\\/?s={search_term_string}\"},\"query-input\":{\"@type\":\"PropertyValueSpecification\",\"valueRequired\":true,\"valueName\":\"search_term_string\"}}],\"inLanguage\":\"pt-BR\"},{\"@type\":\"Organization\",\"@id\":\"https:\\\/\\\/biancamachado.com.br\\\/blog\\\/#organization\",\"name\":\"STUDIO BIANCA MACHADO\",\"url\":\"https:\\\/\\\/biancamachado.com.br\\\/blog\\\/\",\"logo\":{\"@type\":\"ImageObject\",\"inLanguage\":\"pt-BR\",\"@id\":\"https:\\\/\\\/biancamachado.com.br\\\/blog\\\/#\\\/schema\\\/logo\\\/image\\\/\",\"url\":\"https:\\\/\\\/i0.wp.com\\\/biancamachado.com.br\\\/blog\\\/wp-content\\\/uploads\\\/2021\\\/02\\\/cropped-logo-ml.jpg?fit=278%2C100&ssl=1\",\"contentUrl\":\"https:\\\/\\\/i0.wp.com\\\/biancamachado.com.br\\\/blog\\\/wp-content\\\/uploads\\\/2021\\\/02\\\/cropped-logo-ml.jpg?fit=278%2C100&ssl=1\",\"width\":278,\"height\":100,\"caption\":\"STUDIO BIANCA MACHADO\"},\"image\":{\"@id\":\"https:\\\/\\\/biancamachado.com.br\\\/blog\\\/#\\\/schema\\\/logo\\\/image\\\/\"},\"sameAs\":[\"https:\\\/\\\/www.facebook.com\\\/Studiobiancamachado\\\/\",\"https:\\\/\\\/www.instagram.com\\\/Studiobiancamachado\\\/\"]},{\"@type\":\"Person\",\"@id\":\"https:\\\/\\\/biancamachado.com.br\\\/blog\\\/#\\\/schema\\\/person\\\/990263800ec5e9bdbbf092a2353550a1\",\"name\":\"biancamachado\",\"image\":{\"@type\":\"ImageObject\",\"inLanguage\":\"pt-BR\",\"@id\":\"https:\\\/\\\/secure.gravatar.com\\\/avatar\\\/62b1a50f2632dbc2e279c3eb55aa46cc324c969cff16a69c59756d155316542c?s=96&d=mm&r=g\",\"url\":\"https:\\\/\\\/secure.gravatar.com\\\/avatar\\\/62b1a50f2632dbc2e279c3eb55aa46cc324c969cff16a69c59756d155316542c?s=96&d=mm&r=g\",\"contentUrl\":\"https:\\\/\\\/secure.gravatar.com\\\/avatar\\\/62b1a50f2632dbc2e279c3eb55aa46cc324c969cff16a69c59756d155316542c?s=96&d=mm&r=g\",\"caption\":\"biancamachado\"},\"sameAs\":[\"https:\\\/\\\/biancamachado.com.br\\\/blog\"],\"url\":\"https:\\\/\\\/biancamachado.com.br\\\/blog\\\/author\\\/biancamachado\\\/\"}]}<\/script>\n<!-- \/ Yoast SEO plugin. -->","yoast_head_json":{"title":"Como conciliar a gravidez com o trabalho? - STUDIO BIANCA MACHADO","robots":{"index":"index","follow":"follow","max-snippet":"max-snippet:-1","max-image-preview":"max-image-preview:large","max-video-preview":"max-video-preview:-1"},"canonical":"https:\/\/biancamachado.com.br\/blog\/como-conciliar-a-gravidez-com-o-trabalho\/","og_locale":"pt_BR","og_type":"article","og_title":"Como conciliar a gravidez com o trabalho? - STUDIO BIANCA MACHADO","og_description":"Uma d\u00favida para todas as","og_url":"https:\/\/biancamachado.com.br\/blog\/como-conciliar-a-gravidez-com-o-trabalho\/","og_site_name":"STUDIO BIANCA MACHADO","article_publisher":"https:\/\/www.facebook.com\/Studiobiancamachado\/","article_published_time":"2012-08-13T03:54:00+00:00","article_modified_time":"2021-02-18T02:35:32+00:00","og_image":[{"width":636,"height":432,"url":"https:\/\/i0.wp.com\/biancamachado.com.br\/blog\/wp-content\/uploads\/2012\/08\/Screenshot_399.png?fit=636%2C432&ssl=1","type":"image\/png"}],"author":"biancamachado","twitter_card":"summary_large_image","twitter_misc":{"Escrito por":"biancamachado","Est. tempo de leitura":"1 minuto"},"schema":{"@context":"https:\/\/schema.org","@graph":[{"@type":"Article","@id":"https:\/\/biancamachado.com.br\/blog\/como-conciliar-a-gravidez-com-o-trabalho\/#article","isPartOf":{"@id":"https:\/\/biancamachado.com.br\/blog\/como-conciliar-a-gravidez-com-o-trabalho\/"},"author":{"name":"biancamachado","@id":"https:\/\/biancamachado.com.br\/blog\/#\/schema\/person\/990263800ec5e9bdbbf092a2353550a1"},"headline":"Como conciliar a gravidez com o trabalho?","datePublished":"2012-08-13T03:54:00+00:00","dateModified":"2021-02-18T02:35:32+00:00","mainEntityOfPage":{"@id":"https:\/\/biancamachado.com.br\/blog\/como-conciliar-a-gravidez-com-o-trabalho\/"},"wordCount":218,"commentCount":0,"publisher":{"@id":"https:\/\/biancamachado.com.br\/blog\/#organization"},"image":{"@id":"https:\/\/biancamachado.com.br\/blog\/como-conciliar-a-gravidez-com-o-trabalho\/#primaryimage"},"thumbnailUrl":"https:\/\/i0.wp.com\/biancamachado.com.br\/blog\/wp-content\/uploads\/2012\/08\/Screenshot_399.png?fit=636%2C432&ssl=1","keywords":["book fotografico para gravidas","ensaio de fotos","fotografas de gestantes","fotos de book gestante em estudio"],"articleSection":["Book Gestante em Estudio","Studio Bianca Machado"],"inLanguage":"pt-BR","potentialAction":[{"@type":"CommentAction","name":"Comment","target":["https:\/\/biancamachado.com.br\/blog\/como-conciliar-a-gravidez-com-o-trabalho\/#respond"]}]},{"@type":"WebPage","@id":"https:\/\/biancamachado.com.br\/blog\/como-conciliar-a-gravidez-com-o-trabalho\/","url":"https:\/\/biancamachado.com.br\/blog\/como-conciliar-a-gravidez-com-o-trabalho\/","name":"Como conciliar a gravidez com o trabalho? - STUDIO BIANCA MACHADO","isPartOf":{"@id":"https:\/\/biancamachado.com.br\/blog\/#website"},"primaryImageOfPage":{"@id":"https:\/\/biancamachado.com.br\/blog\/como-conciliar-a-gravidez-com-o-trabalho\/#primaryimage"},"image":{"@id":"https:\/\/biancamachado.com.br\/blog\/como-conciliar-a-gravidez-com-o-trabalho\/#primaryimage"},"thumbnailUrl":"https:\/\/i0.wp.com\/biancamachado.com.br\/blog\/wp-content\/uploads\/2012\/08\/Screenshot_399.png?fit=636%2C432&ssl=1","datePublished":"2012-08-13T03:54:00+00:00","dateModified":"2021-02-18T02:35:32+00:00","breadcrumb":{"@id":"https:\/\/biancamachado.com.br\/blog\/como-conciliar-a-gravidez-com-o-trabalho\/#breadcrumb"},"inLanguage":"pt-BR","potentialAction":[{"@type":"ReadAction","target":["https:\/\/biancamachado.com.br\/blog\/como-conciliar-a-gravidez-com-o-trabalho\/"]}]},{"@type":"ImageObject","inLanguage":"pt-BR","@id":"https:\/\/biancamachado.com.br\/blog\/como-conciliar-a-gravidez-com-o-trabalho\/#primaryimage","url":"https:\/\/i0.wp.com\/biancamachado.com.br\/blog\/wp-content\/uploads\/2012\/08\/Screenshot_399.png?fit=636%2C432&ssl=1","contentUrl":"https:\/\/i0.wp.com\/biancamachado.com.br\/blog\/wp-content\/uploads\/2012\/08\/Screenshot_399.png?fit=636%2C432&ssl=1","width":636,"height":432,"caption":"Como conciliar a gravidez com o trabalho?"},{"@type":"BreadcrumbList","@id":"https:\/\/biancamachado.com.br\/blog\/como-conciliar-a-gravidez-com-o-trabalho\/#breadcrumb","itemListElement":[{"@type":"ListItem","position":1,"name":"In\u00edcio","item":"https:\/\/biancamachado.com.br\/blog\/"},{"@type":"ListItem","position":2,"name":"Como conciliar a gravidez com o trabalho?"}]},{"@type":"WebSite","@id":"https:\/\/biancamachado.com.br\/blog\/#website","url":"https:\/\/biancamachado.com.br\/blog\/","name":"STUDIO BIANCA MACHADO","description":"Estudio Fotografico, Ensaios e Books de foto profissional","publisher":{"@id":"https:\/\/biancamachado.com.br\/blog\/#organization"},"potentialAction":[{"@type":"SearchAction","target":{"@type":"EntryPoint","urlTemplate":"https:\/\/biancamachado.com.br\/blog\/?s={search_term_string}"},"query-input":{"@type":"PropertyValueSpecification","valueRequired":true,"valueName":"search_term_string"}}],"inLanguage":"pt-BR"},{"@type":"Organization","@id":"https:\/\/biancamachado.com.br\/blog\/#organization","name":"STUDIO BIANCA MACHADO","url":"https:\/\/biancamachado.com.br\/blog\/","logo":{"@type":"ImageObject","inLanguage":"pt-BR","@id":"https:\/\/biancamachado.com.br\/blog\/#\/schema\/logo\/image\/","url":"https:\/\/i0.wp.com\/biancamachado.com.br\/blog\/wp-content\/uploads\/2021\/02\/cropped-logo-ml.jpg?fit=278%2C100&ssl=1","contentUrl":"https:\/\/i0.wp.com\/biancamachado.com.br\/blog\/wp-content\/uploads\/2021\/02\/cropped-logo-ml.jpg?fit=278%2C100&ssl=1","width":278,"height":100,"caption":"STUDIO BIANCA MACHADO"},"image":{"@id":"https:\/\/biancamachado.com.br\/blog\/#\/schema\/logo\/image\/"},"sameAs":["https:\/\/www.facebook.com\/Studiobiancamachado\/","https:\/\/www.instagram.com\/Studiobiancamachado\/"]},{"@type":"Person","@id":"https:\/\/biancamachado.com.br\/blog\/#\/schema\/person\/990263800ec5e9bdbbf092a2353550a1","name":"biancamachado","image":{"@type":"ImageObject","inLanguage":"pt-BR","@id":"https:\/\/secure.gravatar.com\/avatar\/62b1a50f2632dbc2e279c3eb55aa46cc324c969cff16a69c59756d155316542c?s=96&d=mm&r=g","url":"https:\/\/secure.gravatar.com\/avatar\/62b1a50f2632dbc2e279c3eb55aa46cc324c969cff16a69c59756d155316542c?s=96&d=mm&r=g","contentUrl":"https:\/\/secure.gravatar.com\/avatar\/62b1a50f2632dbc2e279c3eb55aa46cc324c969cff16a69c59756d155316542c?s=96&d=mm&r=g","caption":"biancamachado"},"sameAs":["https:\/\/biancamachado.com.br\/blog"],"url":"https:\/\/biancamachado.com.br\/blog\/author\/biancamachado\/"}]}},"jetpack_featured_media_url":"https:\/\/i0.wp.com\/biancamachado.com.br\/blog\/wp-content\/uploads\/2012\/08\/Screenshot_399.png?fit=636%2C432&ssl=1","jetpack-related-posts":[],"jetpack_sharing_enabled":true,"_links":{"self":[{"href":"https:\/\/biancamachado.com.br\/blog\/wp-json\/wp\/v2\/posts\/441","targetHints":{"allow":["GET"]}}],"collection":[{"href":"https:\/\/biancamachado.com.br\/blog\/wp-json\/wp\/v2\/posts"}],"about":[{"href":"https:\/\/biancamachado.com.br\/blog\/wp-json\/wp\/v2\/types\/post"}],"author":[{"embeddable":true,"href":"https:\/\/biancamachado.com.br\/blog\/wp-json\/wp\/v2\/users\/1"}],"replies":[{"embeddable":true,"href":"https:\/\/biancamachado.com.br\/blog\/wp-json\/wp\/v2\/comments?post=441"}],"version-history":[{"count":1,"href":"https:\/\/biancamachado.com.br\/blog\/wp-json\/wp\/v2\/posts\/441\/revisions"}],"predecessor-version":[{"id":1518,"href":"https:\/\/biancamachado.com.br\/blog\/wp-json\/wp\/v2\/posts\/441\/revisions\/1518"}],"wp:featuredmedia":[{"embeddable":true,"href":"https:\/\/biancamachado.com.br\/blog\/wp-json\/wp\/v2\/media\/1279"}],"wp:attachment":[{"href":"https:\/\/biancamachado.com.br\/blog\/wp-json\/wp\/v2\/media?parent=441"}],"wp:term":[{"taxonomy":"category","embeddable":true,"href":"https:\/\/biancamachado.com.br\/blog\/wp-json\/wp\/v2\/categories?post=441"},{"taxonomy":"post_tag","embeddable":true,"href":"https:\/\/biancamachado.com.br\/blog\/wp-json\/wp\/v2\/tags?post=441"}],"curies":[{"name":"wp","href":"https:\/\/api.w.org\/{rel}","templated":true}]}}