{"id":439,"date":"2012-08-13T01:39:00","date_gmt":"2012-08-13T04:39:00","guid":{"rendered":"https:\/\/biancamachado.com.br\/blog\/?p=439"},"modified":"2012-08-13T01:39:00","modified_gmt":"2012-08-13T04:39:00","slug":"os-primeiros-meses-do-nascimento-do-bebe","status":"publish","type":"post","link":"https:\/\/biancamachado.com.br\/blog\/os-primeiros-meses-do-nascimento-do-bebe\/","title":{"rendered":"Os primeiros meses do nascimento do beb\u00ea"},"content":{"rendered":"<div style=\"text-align: justify;\">Para os pais, \u00e9 fato que demora no m\u00ednimo 3 meses para que toda a rotina tenha se estabelecido na casa. Uma nova rotina, completamente diferente de tudo que se imaginava.<\/div>\n<div style=\"text-align: justify;\">Os primeiros 3 meses s\u00e3o os mais dif\u00edceis.<\/div>\n<div style=\"text-align: justify;\">Dizem que quando nasce um beb\u00ea, &nbsp;nasce uma nova mam\u00e3e e um novo papai, e \u00e9 verdade.&nbsp;<\/div>\n<div style=\"text-align: justify;\">As mamadas de 3 em 3 horas, pouco tempo para dormir, o choro, a dificuldade de entender o que o beb\u00ea precisa, misturados com a inseguran\u00e7a de ser m\u00e3e, s\u00e3o realmente um grande teste.&nbsp;<\/div>\n<div style=\"text-align: justify;\">Mas acredite, depois de alguns anos, muitas risadas estar\u00e3o reservadas para relembrar esses momentos atrapalhados da fam\u00edlia.&nbsp;<\/div>\n<div style=\"text-align: justify;\">Por isso, essa fase se chama &#8220;fase de adapta\u00e7\u00e3o&#8221;, uma dica, \u00e9 lembrar que ela n\u00e3o \u00e9 para sempre&#8230; rs&#8230;<\/div>\n<div style=\"text-align: justify;\">Existe algo dentro do cora\u00e7\u00e3o da m\u00e3e e do pai, que realmente sabe o que a crian\u00e7a precisa. Aquela frase que fala &#8220;M\u00e3e sabe&#8221;, realmente \u00e9 verdade.&nbsp;<\/div>\n<div style=\"text-align: justify;\">Eu me lembro que tinha muito medo de que a minha filhinha tivesse febre, e que eu n\u00e3o percebesse. Acredite, qualquer mudan\u00e7a no comportamento do beb\u00ea, a m\u00e3e sente, acredite nos seus instintos maternos.&nbsp;<\/div>\n<div style=\"text-align: justify;\">Depois do primeiro aninho, as coisas ficam muito mais confort\u00e1veis, com novos desafios, mas os pais j\u00e1 se sentem mais confiantes e seguros. Sem contar que a crian\u00e7a j\u00e1 se comunica, expressa seus sentimentos e essa sincronia vai aumentando a cada dia.&nbsp;<\/div>\n<div style=\"text-align: justify;\">Ser m\u00e3e e pai, \u00e9 a coisa mais maravilhosa do mundo, \u00e9 importante ter um pouquinho de paci\u00eancia.&nbsp;<\/div>\n<div style=\"text-align: justify;\">Uma dica super bacana, \u00e9 registrar cada momento desse per\u00edodo t\u00e3o especial com muito carinho.&nbsp;<\/div>\n<p><\/p>\n<div style=\"text-align: justify;\"><\/div>\n<table align=\"center\" cellpadding=\"0\" cellspacing=\"0\" style=\"margin-left: auto; margin-right: auto; text-align: center;\">\n<tbody>\n<tr>\n<td style=\"text-align: center;\"><a href=\"https:\/\/i0.wp.com\/3.bp.blogspot.com\/-Yi4LirFtjvQ\/UCiCoqz4oCI\/AAAAAAAAHaU\/MQ2RcZ8_4OM\/s1600\/fotos%2Bdivertidas%2Bde%2Bbebes.jpg\" style=\"margin-left: auto; margin-right: auto;\"><img data-recalc-dims=\"1\" loading=\"lazy\" decoding=\"async\" alt=\"fotos de bebe em estudio\" border=\"0\" height=\"426\" src=\"https:\/\/i0.wp.com\/3.bp.blogspot.com\/-Yi4LirFtjvQ\/UCiCoqz4oCI\/AAAAAAAAHaU\/MQ2RcZ8_4OM\/s640\/fotos%2Bdivertidas%2Bde%2Bbebes.jpg?resize=640%2C426&#038;ssl=1\" title=\"fotos de bebe em estudio\" width=\"640\" \/><\/a><\/td>\n<\/tr>\n<tr>\n<td style=\"text-align: center;\">fotos de bebe em estudio<\/td>\n<\/tr>\n<\/tbody>\n<\/table>\n<table align=\"center\" cellpadding=\"0\" cellspacing=\"0\" style=\"margin-left: auto; margin-right: auto; text-align: center;\">\n<tbody>\n<tr>\n<td style=\"text-align: center;\"><a href=\"https:\/\/i0.wp.com\/2.bp.blogspot.com\/-HunzFhL815Y\/UCiDmeoaJLI\/AAAAAAAAHac\/0tiYl_IK8wI\/s1600\/foto%2Bpara%2Bbebes.JPG\" style=\"margin-left: auto; margin-right: auto;\"><img data-recalc-dims=\"1\" loading=\"lazy\" decoding=\"async\" alt=\"foto para bebes\" border=\"0\" height=\"640\" src=\"https:\/\/i0.wp.com\/2.bp.blogspot.com\/-HunzFhL815Y\/UCiDmeoaJLI\/AAAAAAAAHac\/0tiYl_IK8wI\/s640\/foto%2Bpara%2Bbebes.JPG?resize=426%2C640&#038;ssl=1\" title=\"foto para bebes\" width=\"426\" \/><\/a><\/td>\n<\/tr>\n<tr>\n<td style=\"text-align: center;\">foto para bebes<\/td>\n<\/tr>\n<\/tbody>\n<\/table>\n<p><\/p>\n<table align=\"center\" cellpadding=\"0\" cellspacing=\"0\" style=\"margin-left: auto; margin-right: auto; text-align: center;\">\n<tbody>\n<tr>\n<td style=\"text-align: center;\"><a href=\"https:\/\/i0.wp.com\/4.bp.blogspot.com\/-tk7c6TvpdgE\/UCiDxFM3JQI\/AAAAAAAAHak\/abSBbugfiis\/s1600\/fotografias%2Bde%2Bbebes%2Bestudio.jpg\" style=\"margin-left: auto; margin-right: auto;\"><img data-recalc-dims=\"1\" loading=\"lazy\" decoding=\"async\" alt=\"fotografias de bebes estudio\" border=\"0\" height=\"640\" src=\"https:\/\/i0.wp.com\/4.bp.blogspot.com\/-tk7c6TvpdgE\/UCiDxFM3JQI\/AAAAAAAAHak\/abSBbugfiis\/s640\/fotografias%2Bde%2Bbebes%2Bestudio.jpg?resize=426%2C640&#038;ssl=1\" title=\"fotografias de bebes estudio\" width=\"426\" \/><\/a><\/td>\n<\/tr>\n<tr>\n<td style=\"text-align: center;\">fotografias de bebes estudio<\/td>\n<\/tr>\n<\/tbody>\n<\/table>\n<p><\/p>\n<table align=\"center\" cellpadding=\"0\" cellspacing=\"0\" style=\"margin-left: auto; margin-right: auto; text-align: center;\">\n<tbody>\n<tr>\n<td style=\"text-align: center;\"><a href=\"https:\/\/i0.wp.com\/4.bp.blogspot.com\/-lIHyWU01x7U\/UCiEBoikIhI\/AAAAAAAAHas\/mkUkLBiCaP8\/s1600\/fotos%2Bbook%2Bfotografico%2Bbebe.JPG\" style=\"margin-left: auto; margin-right: auto;\"><img data-recalc-dims=\"1\" loading=\"lazy\" decoding=\"async\" alt=\"fotos book fotografico bebe\" border=\"0\" height=\"640\" src=\"https:\/\/i0.wp.com\/4.bp.blogspot.com\/-lIHyWU01x7U\/UCiEBoikIhI\/AAAAAAAAHas\/mkUkLBiCaP8\/s640\/fotos%2Bbook%2Bfotografico%2Bbebe.JPG?resize=426%2C640&#038;ssl=1\" title=\"fotos book fotografico bebe\" width=\"426\" \/><\/a><\/td>\n<\/tr>\n<tr>\n<td style=\"text-align: center;\">fotos book fotografico bebe<\/td>\n<\/tr>\n<\/tbody>\n<\/table>\n<p><\/p>\n<table align=\"center\" cellpadding=\"0\" cellspacing=\"0\" style=\"margin-left: auto; margin-right: auto; text-align: center;\">\n<tbody>\n<tr>\n<td style=\"text-align: center;\"><a href=\"https:\/\/i0.wp.com\/4.bp.blogspot.com\/-3o3XBZJNaT8\/UCiEP0OxFKI\/AAAAAAAAHa0\/t0vLBC47J3U\/s1600\/fotos%2Bcom%2Bbebes.JPG\" style=\"margin-left: auto; margin-right: auto;\"><img data-recalc-dims=\"1\" loading=\"lazy\" decoding=\"async\" alt=\"fotos com bebes\" border=\"0\" height=\"640\" src=\"https:\/\/i0.wp.com\/4.bp.blogspot.com\/-3o3XBZJNaT8\/UCiEP0OxFKI\/AAAAAAAAHa0\/t0vLBC47J3U\/s640\/fotos%2Bcom%2Bbebes.JPG?resize=426%2C640&#038;ssl=1\" title=\"fotos com bebes\" width=\"426\" \/><\/a><\/td>\n<\/tr>\n<tr>\n<td style=\"text-align: center;\">fotos com bebes<\/td>\n<\/tr>\n<\/tbody>\n<\/table>\n<div style=\"text-align: justify;\">\n<div>\n<div style=\"text-align: start;\"><span style=\"text-align: left;\">Visite tamb\u00e9m nosso site:&nbsp;<\/span><a href=\"http:\/\/www.biancamachado.com.br\/\" style=\"text-align: left;\">www.biancamachado.com.br<\/a><br style=\"text-align: left;\" \/><span style=\"text-align: left;\">Studio Bianca Machado &amp; Jo\u00e3o Sinatro&nbsp;<\/span><br style=\"text-align: left;\" \/><span style=\"text-align: left;\">(11) 97107-1018<\/span><\/div>\n<\/div>\n<\/div>\nVisite tamb\u00e9m nosso site: www.biancamachado.com.br\r\n(11) 97107-1018\r\n\r\nAtendemos as regi\u00f5es de S\u00e3o Paulo, Sorocaba, Ibi\u00fana, Piedade, Votorantim, Cotia, Itupeva, Jundia\u00ed, It\u00fa e Campinas","protected":false},"excerpt":{"rendered":"<p>Para os pais, \u00e9 fato<\/p>\n","protected":false},"author":1,"featured_media":1277,"comment_status":"open","ping_status":"open","sticky":false,"template":"","format":"standard","meta":{"_monsterinsights_skip_tracking":false,"_monsterinsights_sitenote_active":false,"_monsterinsights_sitenote_note":"","_monsterinsights_sitenote_category":0,"jetpack_post_was_ever_published":false,"_jetpack_newsletter_access":"","_jetpack_dont_email_post_to_subs":false,"_jetpack_newsletter_tier_id":0,"_jetpack_memberships_contains_paywalled_content":false,"_jetpack_memberships_contains_paid_content":false,"_joinchat":[],"footnotes":""},"categories":[1],"tags":[],"class_list":["post-439","post","type-post","status-publish","format-standard","has-post-thumbnail","hentry","category-studio-bianca-machado"],"yoast_head":"<!-- This site is optimized with the Yoast SEO plugin v27.4 - https:\/\/yoast.com\/product\/yoast-seo-wordpress\/ -->\n<title>Os primeiros meses do nascimento do beb\u00ea - STUDIO BIANCA MACHADO<\/title>\n<meta name=\"robots\" content=\"index, follow, max-snippet:-1, max-image-preview:large, max-video-preview:-1\" \/>\n<link rel=\"canonical\" href=\"https:\/\/biancamachado.com.br\/blog\/os-primeiros-meses-do-nascimento-do-bebe\/\" \/>\n<meta property=\"og:locale\" content=\"pt_BR\" \/>\n<meta property=\"og:type\" content=\"article\" \/>\n<meta property=\"og:title\" content=\"Os primeiros meses do nascimento do beb\u00ea - STUDIO BIANCA MACHADO\" \/>\n<meta property=\"og:description\" content=\"Para os pais, \u00e9 fato\" \/>\n<meta property=\"og:url\" content=\"https:\/\/biancamachado.com.br\/blog\/os-primeiros-meses-do-nascimento-do-bebe\/\" \/>\n<meta property=\"og:site_name\" content=\"STUDIO BIANCA MACHADO\" \/>\n<meta property=\"article:publisher\" content=\"https:\/\/www.facebook.com\/Studiobiancamachado\/\" \/>\n<meta property=\"article:published_time\" content=\"2012-08-13T04:39:00+00:00\" \/>\n<meta property=\"og:image\" content=\"https:\/\/i0.wp.com\/biancamachado.com.br\/blog\/wp-content\/uploads\/2012\/08\/Screenshot_397.png?fit=613%2C410&ssl=1\" \/>\n\t<meta property=\"og:image:width\" content=\"613\" \/>\n\t<meta property=\"og:image:height\" content=\"410\" \/>\n\t<meta property=\"og:image:type\" content=\"image\/png\" \/>\n<meta name=\"author\" content=\"biancamachado\" \/>\n<meta name=\"twitter:card\" content=\"summary_large_image\" \/>\n<meta name=\"twitter:label1\" content=\"Escrito por\" \/>\n\t<meta name=\"twitter:data1\" content=\"biancamachado\" \/>\n\t<meta name=\"twitter:label2\" content=\"Est. tempo de leitura\" \/>\n\t<meta name=\"twitter:data2\" content=\"2 minutos\" \/>\n<script type=\"application\/ld+json\" class=\"yoast-schema-graph\">{\"@context\":\"https:\\\/\\\/schema.org\",\"@graph\":[{\"@type\":\"Article\",\"@id\":\"https:\\\/\\\/biancamachado.com.br\\\/blog\\\/os-primeiros-meses-do-nascimento-do-bebe\\\/#article\",\"isPartOf\":{\"@id\":\"https:\\\/\\\/biancamachado.com.br\\\/blog\\\/os-primeiros-meses-do-nascimento-do-bebe\\\/\"},\"author\":{\"name\":\"biancamachado\",\"@id\":\"https:\\\/\\\/biancamachado.com.br\\\/blog\\\/#\\\/schema\\\/person\\\/990263800ec5e9bdbbf092a2353550a1\"},\"headline\":\"Os primeiros meses do nascimento do beb\u00ea\",\"datePublished\":\"2012-08-13T04:39:00+00:00\",\"mainEntityOfPage\":{\"@id\":\"https:\\\/\\\/biancamachado.com.br\\\/blog\\\/os-primeiros-meses-do-nascimento-do-bebe\\\/\"},\"wordCount\":329,\"commentCount\":0,\"publisher\":{\"@id\":\"https:\\\/\\\/biancamachado.com.br\\\/blog\\\/#organization\"},\"image\":{\"@id\":\"https:\\\/\\\/biancamachado.com.br\\\/blog\\\/os-primeiros-meses-do-nascimento-do-bebe\\\/#primaryimage\"},\"thumbnailUrl\":\"https:\\\/\\\/i0.wp.com\\\/biancamachado.com.br\\\/blog\\\/wp-content\\\/uploads\\\/2012\\\/08\\\/Screenshot_397.png?fit=613%2C410&ssl=1\",\"articleSection\":[\"Studio Bianca Machado\"],\"inLanguage\":\"pt-BR\",\"potentialAction\":[{\"@type\":\"CommentAction\",\"name\":\"Comment\",\"target\":[\"https:\\\/\\\/biancamachado.com.br\\\/blog\\\/os-primeiros-meses-do-nascimento-do-bebe\\\/#respond\"]}]},{\"@type\":\"WebPage\",\"@id\":\"https:\\\/\\\/biancamachado.com.br\\\/blog\\\/os-primeiros-meses-do-nascimento-do-bebe\\\/\",\"url\":\"https:\\\/\\\/biancamachado.com.br\\\/blog\\\/os-primeiros-meses-do-nascimento-do-bebe\\\/\",\"name\":\"Os primeiros meses do nascimento do beb\u00ea - STUDIO BIANCA MACHADO\",\"isPartOf\":{\"@id\":\"https:\\\/\\\/biancamachado.com.br\\\/blog\\\/#website\"},\"primaryImageOfPage\":{\"@id\":\"https:\\\/\\\/biancamachado.com.br\\\/blog\\\/os-primeiros-meses-do-nascimento-do-bebe\\\/#primaryimage\"},\"image\":{\"@id\":\"https:\\\/\\\/biancamachado.com.br\\\/blog\\\/os-primeiros-meses-do-nascimento-do-bebe\\\/#primaryimage\"},\"thumbnailUrl\":\"https:\\\/\\\/i0.wp.com\\\/biancamachado.com.br\\\/blog\\\/wp-content\\\/uploads\\\/2012\\\/08\\\/Screenshot_397.png?fit=613%2C410&ssl=1\",\"datePublished\":\"2012-08-13T04:39:00+00:00\",\"breadcrumb\":{\"@id\":\"https:\\\/\\\/biancamachado.com.br\\\/blog\\\/os-primeiros-meses-do-nascimento-do-bebe\\\/#breadcrumb\"},\"inLanguage\":\"pt-BR\",\"potentialAction\":[{\"@type\":\"ReadAction\",\"target\":[\"https:\\\/\\\/biancamachado.com.br\\\/blog\\\/os-primeiros-meses-do-nascimento-do-bebe\\\/\"]}]},{\"@type\":\"ImageObject\",\"inLanguage\":\"pt-BR\",\"@id\":\"https:\\\/\\\/biancamachado.com.br\\\/blog\\\/os-primeiros-meses-do-nascimento-do-bebe\\\/#primaryimage\",\"url\":\"https:\\\/\\\/i0.wp.com\\\/biancamachado.com.br\\\/blog\\\/wp-content\\\/uploads\\\/2012\\\/08\\\/Screenshot_397.png?fit=613%2C410&ssl=1\",\"contentUrl\":\"https:\\\/\\\/i0.wp.com\\\/biancamachado.com.br\\\/blog\\\/wp-content\\\/uploads\\\/2012\\\/08\\\/Screenshot_397.png?fit=613%2C410&ssl=1\",\"width\":613,\"height\":410,\"caption\":\"Os primeiros meses do nascimento do beb\u00ea\"},{\"@type\":\"BreadcrumbList\",\"@id\":\"https:\\\/\\\/biancamachado.com.br\\\/blog\\\/os-primeiros-meses-do-nascimento-do-bebe\\\/#breadcrumb\",\"itemListElement\":[{\"@type\":\"ListItem\",\"position\":1,\"name\":\"In\u00edcio\",\"item\":\"https:\\\/\\\/biancamachado.com.br\\\/blog\\\/\"},{\"@type\":\"ListItem\",\"position\":2,\"name\":\"Os primeiros meses do nascimento do beb\u00ea\"}]},{\"@type\":\"WebSite\",\"@id\":\"https:\\\/\\\/biancamachado.com.br\\\/blog\\\/#website\",\"url\":\"https:\\\/\\\/biancamachado.com.br\\\/blog\\\/\",\"name\":\"STUDIO BIANCA MACHADO\",\"description\":\"Estudio Fotografico, Ensaios e Books de foto profissional\",\"publisher\":{\"@id\":\"https:\\\/\\\/biancamachado.com.br\\\/blog\\\/#organization\"},\"potentialAction\":[{\"@type\":\"SearchAction\",\"target\":{\"@type\":\"EntryPoint\",\"urlTemplate\":\"https:\\\/\\\/biancamachado.com.br\\\/blog\\\/?s={search_term_string}\"},\"query-input\":{\"@type\":\"PropertyValueSpecification\",\"valueRequired\":true,\"valueName\":\"search_term_string\"}}],\"inLanguage\":\"pt-BR\"},{\"@type\":\"Organization\",\"@id\":\"https:\\\/\\\/biancamachado.com.br\\\/blog\\\/#organization\",\"name\":\"STUDIO BIANCA MACHADO\",\"url\":\"https:\\\/\\\/biancamachado.com.br\\\/blog\\\/\",\"logo\":{\"@type\":\"ImageObject\",\"inLanguage\":\"pt-BR\",\"@id\":\"https:\\\/\\\/biancamachado.com.br\\\/blog\\\/#\\\/schema\\\/logo\\\/image\\\/\",\"url\":\"https:\\\/\\\/i0.wp.com\\\/biancamachado.com.br\\\/blog\\\/wp-content\\\/uploads\\\/2021\\\/02\\\/cropped-logo-ml.jpg?fit=278%2C100&ssl=1\",\"contentUrl\":\"https:\\\/\\\/i0.wp.com\\\/biancamachado.com.br\\\/blog\\\/wp-content\\\/uploads\\\/2021\\\/02\\\/cropped-logo-ml.jpg?fit=278%2C100&ssl=1\",\"width\":278,\"height\":100,\"caption\":\"STUDIO BIANCA MACHADO\"},\"image\":{\"@id\":\"https:\\\/\\\/biancamachado.com.br\\\/blog\\\/#\\\/schema\\\/logo\\\/image\\\/\"},\"sameAs\":[\"https:\\\/\\\/www.facebook.com\\\/Studiobiancamachado\\\/\",\"https:\\\/\\\/www.instagram.com\\\/Studiobiancamachado\\\/\"]},{\"@type\":\"Person\",\"@id\":\"https:\\\/\\\/biancamachado.com.br\\\/blog\\\/#\\\/schema\\\/person\\\/990263800ec5e9bdbbf092a2353550a1\",\"name\":\"biancamachado\",\"image\":{\"@type\":\"ImageObject\",\"inLanguage\":\"pt-BR\",\"@id\":\"https:\\\/\\\/secure.gravatar.com\\\/avatar\\\/62b1a50f2632dbc2e279c3eb55aa46cc324c969cff16a69c59756d155316542c?s=96&d=mm&r=g\",\"url\":\"https:\\\/\\\/secure.gravatar.com\\\/avatar\\\/62b1a50f2632dbc2e279c3eb55aa46cc324c969cff16a69c59756d155316542c?s=96&d=mm&r=g\",\"contentUrl\":\"https:\\\/\\\/secure.gravatar.com\\\/avatar\\\/62b1a50f2632dbc2e279c3eb55aa46cc324c969cff16a69c59756d155316542c?s=96&d=mm&r=g\",\"caption\":\"biancamachado\"},\"sameAs\":[\"https:\\\/\\\/biancamachado.com.br\\\/blog\"],\"url\":\"https:\\\/\\\/biancamachado.com.br\\\/blog\\\/author\\\/biancamachado\\\/\"}]}<\/script>\n<!-- \/ Yoast SEO plugin. -->","yoast_head_json":{"title":"Os primeiros meses do nascimento do beb\u00ea - STUDIO BIANCA MACHADO","robots":{"index":"index","follow":"follow","max-snippet":"max-snippet:-1","max-image-preview":"max-image-preview:large","max-video-preview":"max-video-preview:-1"},"canonical":"https:\/\/biancamachado.com.br\/blog\/os-primeiros-meses-do-nascimento-do-bebe\/","og_locale":"pt_BR","og_type":"article","og_title":"Os primeiros meses do nascimento do beb\u00ea - STUDIO BIANCA MACHADO","og_description":"Para os pais, \u00e9 fato","og_url":"https:\/\/biancamachado.com.br\/blog\/os-primeiros-meses-do-nascimento-do-bebe\/","og_site_name":"STUDIO BIANCA MACHADO","article_publisher":"https:\/\/www.facebook.com\/Studiobiancamachado\/","article_published_time":"2012-08-13T04:39:00+00:00","og_image":[{"width":613,"height":410,"url":"https:\/\/i0.wp.com\/biancamachado.com.br\/blog\/wp-content\/uploads\/2012\/08\/Screenshot_397.png?fit=613%2C410&ssl=1","type":"image\/png"}],"author":"biancamachado","twitter_card":"summary_large_image","twitter_misc":{"Escrito por":"biancamachado","Est. tempo de leitura":"2 minutos"},"schema":{"@context":"https:\/\/schema.org","@graph":[{"@type":"Article","@id":"https:\/\/biancamachado.com.br\/blog\/os-primeiros-meses-do-nascimento-do-bebe\/#article","isPartOf":{"@id":"https:\/\/biancamachado.com.br\/blog\/os-primeiros-meses-do-nascimento-do-bebe\/"},"author":{"name":"biancamachado","@id":"https:\/\/biancamachado.com.br\/blog\/#\/schema\/person\/990263800ec5e9bdbbf092a2353550a1"},"headline":"Os primeiros meses do nascimento do beb\u00ea","datePublished":"2012-08-13T04:39:00+00:00","mainEntityOfPage":{"@id":"https:\/\/biancamachado.com.br\/blog\/os-primeiros-meses-do-nascimento-do-bebe\/"},"wordCount":329,"commentCount":0,"publisher":{"@id":"https:\/\/biancamachado.com.br\/blog\/#organization"},"image":{"@id":"https:\/\/biancamachado.com.br\/blog\/os-primeiros-meses-do-nascimento-do-bebe\/#primaryimage"},"thumbnailUrl":"https:\/\/i0.wp.com\/biancamachado.com.br\/blog\/wp-content\/uploads\/2012\/08\/Screenshot_397.png?fit=613%2C410&ssl=1","articleSection":["Studio Bianca Machado"],"inLanguage":"pt-BR","potentialAction":[{"@type":"CommentAction","name":"Comment","target":["https:\/\/biancamachado.com.br\/blog\/os-primeiros-meses-do-nascimento-do-bebe\/#respond"]}]},{"@type":"WebPage","@id":"https:\/\/biancamachado.com.br\/blog\/os-primeiros-meses-do-nascimento-do-bebe\/","url":"https:\/\/biancamachado.com.br\/blog\/os-primeiros-meses-do-nascimento-do-bebe\/","name":"Os primeiros meses do nascimento do beb\u00ea - STUDIO BIANCA MACHADO","isPartOf":{"@id":"https:\/\/biancamachado.com.br\/blog\/#website"},"primaryImageOfPage":{"@id":"https:\/\/biancamachado.com.br\/blog\/os-primeiros-meses-do-nascimento-do-bebe\/#primaryimage"},"image":{"@id":"https:\/\/biancamachado.com.br\/blog\/os-primeiros-meses-do-nascimento-do-bebe\/#primaryimage"},"thumbnailUrl":"https:\/\/i0.wp.com\/biancamachado.com.br\/blog\/wp-content\/uploads\/2012\/08\/Screenshot_397.png?fit=613%2C410&ssl=1","datePublished":"2012-08-13T04:39:00+00:00","breadcrumb":{"@id":"https:\/\/biancamachado.com.br\/blog\/os-primeiros-meses-do-nascimento-do-bebe\/#breadcrumb"},"inLanguage":"pt-BR","potentialAction":[{"@type":"ReadAction","target":["https:\/\/biancamachado.com.br\/blog\/os-primeiros-meses-do-nascimento-do-bebe\/"]}]},{"@type":"ImageObject","inLanguage":"pt-BR","@id":"https:\/\/biancamachado.com.br\/blog\/os-primeiros-meses-do-nascimento-do-bebe\/#primaryimage","url":"https:\/\/i0.wp.com\/biancamachado.com.br\/blog\/wp-content\/uploads\/2012\/08\/Screenshot_397.png?fit=613%2C410&ssl=1","contentUrl":"https:\/\/i0.wp.com\/biancamachado.com.br\/blog\/wp-content\/uploads\/2012\/08\/Screenshot_397.png?fit=613%2C410&ssl=1","width":613,"height":410,"caption":"Os primeiros meses do nascimento do beb\u00ea"},{"@type":"BreadcrumbList","@id":"https:\/\/biancamachado.com.br\/blog\/os-primeiros-meses-do-nascimento-do-bebe\/#breadcrumb","itemListElement":[{"@type":"ListItem","position":1,"name":"In\u00edcio","item":"https:\/\/biancamachado.com.br\/blog\/"},{"@type":"ListItem","position":2,"name":"Os primeiros meses do nascimento do beb\u00ea"}]},{"@type":"WebSite","@id":"https:\/\/biancamachado.com.br\/blog\/#website","url":"https:\/\/biancamachado.com.br\/blog\/","name":"STUDIO BIANCA MACHADO","description":"Estudio Fotografico, Ensaios e Books de foto profissional","publisher":{"@id":"https:\/\/biancamachado.com.br\/blog\/#organization"},"potentialAction":[{"@type":"SearchAction","target":{"@type":"EntryPoint","urlTemplate":"https:\/\/biancamachado.com.br\/blog\/?s={search_term_string}"},"query-input":{"@type":"PropertyValueSpecification","valueRequired":true,"valueName":"search_term_string"}}],"inLanguage":"pt-BR"},{"@type":"Organization","@id":"https:\/\/biancamachado.com.br\/blog\/#organization","name":"STUDIO BIANCA MACHADO","url":"https:\/\/biancamachado.com.br\/blog\/","logo":{"@type":"ImageObject","inLanguage":"pt-BR","@id":"https:\/\/biancamachado.com.br\/blog\/#\/schema\/logo\/image\/","url":"https:\/\/i0.wp.com\/biancamachado.com.br\/blog\/wp-content\/uploads\/2021\/02\/cropped-logo-ml.jpg?fit=278%2C100&ssl=1","contentUrl":"https:\/\/i0.wp.com\/biancamachado.com.br\/blog\/wp-content\/uploads\/2021\/02\/cropped-logo-ml.jpg?fit=278%2C100&ssl=1","width":278,"height":100,"caption":"STUDIO BIANCA MACHADO"},"image":{"@id":"https:\/\/biancamachado.com.br\/blog\/#\/schema\/logo\/image\/"},"sameAs":["https:\/\/www.facebook.com\/Studiobiancamachado\/","https:\/\/www.instagram.com\/Studiobiancamachado\/"]},{"@type":"Person","@id":"https:\/\/biancamachado.com.br\/blog\/#\/schema\/person\/990263800ec5e9bdbbf092a2353550a1","name":"biancamachado","image":{"@type":"ImageObject","inLanguage":"pt-BR","@id":"https:\/\/secure.gravatar.com\/avatar\/62b1a50f2632dbc2e279c3eb55aa46cc324c969cff16a69c59756d155316542c?s=96&d=mm&r=g","url":"https:\/\/secure.gravatar.com\/avatar\/62b1a50f2632dbc2e279c3eb55aa46cc324c969cff16a69c59756d155316542c?s=96&d=mm&r=g","contentUrl":"https:\/\/secure.gravatar.com\/avatar\/62b1a50f2632dbc2e279c3eb55aa46cc324c969cff16a69c59756d155316542c?s=96&d=mm&r=g","caption":"biancamachado"},"sameAs":["https:\/\/biancamachado.com.br\/blog"],"url":"https:\/\/biancamachado.com.br\/blog\/author\/biancamachado\/"}]}},"jetpack_featured_media_url":"https:\/\/i0.wp.com\/biancamachado.com.br\/blog\/wp-content\/uploads\/2012\/08\/Screenshot_397.png?fit=613%2C410&ssl=1","jetpack-related-posts":[],"jetpack_sharing_enabled":true,"_links":{"self":[{"href":"https:\/\/biancamachado.com.br\/blog\/wp-json\/wp\/v2\/posts\/439","targetHints":{"allow":["GET"]}}],"collection":[{"href":"https:\/\/biancamachado.com.br\/blog\/wp-json\/wp\/v2\/posts"}],"about":[{"href":"https:\/\/biancamachado.com.br\/blog\/wp-json\/wp\/v2\/types\/post"}],"author":[{"embeddable":true,"href":"https:\/\/biancamachado.com.br\/blog\/wp-json\/wp\/v2\/users\/1"}],"replies":[{"embeddable":true,"href":"https:\/\/biancamachado.com.br\/blog\/wp-json\/wp\/v2\/comments?post=439"}],"version-history":[{"count":0,"href":"https:\/\/biancamachado.com.br\/blog\/wp-json\/wp\/v2\/posts\/439\/revisions"}],"wp:featuredmedia":[{"embeddable":true,"href":"https:\/\/biancamachado.com.br\/blog\/wp-json\/wp\/v2\/media\/1277"}],"wp:attachment":[{"href":"https:\/\/biancamachado.com.br\/blog\/wp-json\/wp\/v2\/media?parent=439"}],"wp:term":[{"taxonomy":"category","embeddable":true,"href":"https:\/\/biancamachado.com.br\/blog\/wp-json\/wp\/v2\/categories?post=439"},{"taxonomy":"post_tag","embeddable":true,"href":"https:\/\/biancamachado.com.br\/blog\/wp-json\/wp\/v2\/tags?post=439"}],"curies":[{"name":"wp","href":"https:\/\/api.w.org\/{rel}","templated":true}]}}