{"id":4383,"date":"2023-03-06T15:52:41","date_gmt":"2023-03-06T18:52:41","guid":{"rendered":"https:\/\/biancamachado.com.br\/blog\/?p=4383"},"modified":"2023-03-06T15:53:40","modified_gmt":"2023-03-06T18:53:40","slug":"aniversario-de-17-anos-do-studio-bianca-machado-agora-tambem-em-sorocaba","status":"publish","type":"post","link":"https:\/\/biancamachado.com.br\/blog\/aniversario-de-17-anos-do-studio-bianca-machado-agora-tambem-em-sorocaba\/","title":{"rendered":"Anivers\u00e1rio de 17 anos do Studio Bianca Machado ! Agora tamb\u00e9m em Sorocaba"},"content":{"rendered":"\n<p>O Studio Bianca Machado de fotografia est\u00e1 completando 17 anos de exist\u00eancia em 2023. Durante todos esses anos, o est\u00fadio passou por diversos desafios, adquiriu uma vasta experi\u00eancia em 23 segmentos diferentes da fotografia.<\/p>\n\n\n\n<p>Desde a sua funda\u00e7\u00e3o em 2006, o Studio Bianca Machado tem sido refer\u00eancia no mercado de fotografia, oferecendo servi\u00e7os de alta qualidade para os mais diversos tipos de eventos e projetos fotogr\u00e1ficos. Ao longo desses 17 anos, a equipe do est\u00fadio acumulou uma vasta experi\u00eancia em \u00e1reas como fotografia de casamento, fotografia infantil, fotografia empresarial, fotografia de moda, entre outras.<\/p>\n\n\n<div class=\"wp-block-image\">\n<figure class=\"aligncenter size-large\"><img data-recalc-dims=\"1\" loading=\"lazy\" decoding=\"async\" width=\"640\" height=\"480\" src=\"https:\/\/i0.wp.com\/biancamachado.com.br\/blog\/wp-content\/uploads\/2023\/03\/IMG_0171.jpg?resize=640%2C480&#038;ssl=1\" alt=\"Studio bianca machado fotografos\" class=\"wp-image-4386\" srcset=\"https:\/\/i0.wp.com\/biancamachado.com.br\/blog\/wp-content\/uploads\/2023\/03\/IMG_0171-scaled.jpg?resize=1024%2C768&amp;ssl=1 1024w, https:\/\/i0.wp.com\/biancamachado.com.br\/blog\/wp-content\/uploads\/2023\/03\/IMG_0171-scaled.jpg?resize=300%2C225&amp;ssl=1 300w, https:\/\/i0.wp.com\/biancamachado.com.br\/blog\/wp-content\/uploads\/2023\/03\/IMG_0171-scaled.jpg?resize=768%2C576&amp;ssl=1 768w, https:\/\/i0.wp.com\/biancamachado.com.br\/blog\/wp-content\/uploads\/2023\/03\/IMG_0171-scaled.jpg?resize=1536%2C1152&amp;ssl=1 1536w, https:\/\/i0.wp.com\/biancamachado.com.br\/blog\/wp-content\/uploads\/2023\/03\/IMG_0171-scaled.jpg?resize=2048%2C1536&amp;ssl=1 2048w, https:\/\/i0.wp.com\/biancamachado.com.br\/blog\/wp-content\/uploads\/2023\/03\/IMG_0171-scaled.jpg?resize=800%2C600&amp;ssl=1 800w, https:\/\/i0.wp.com\/biancamachado.com.br\/blog\/wp-content\/uploads\/2023\/03\/IMG_0171-scaled.jpg?resize=720%2C540&amp;ssl=1 720w, https:\/\/i0.wp.com\/biancamachado.com.br\/blog\/wp-content\/uploads\/2023\/03\/IMG_0171-scaled.jpg?w=1280&amp;ssl=1 1280w, https:\/\/i0.wp.com\/biancamachado.com.br\/blog\/wp-content\/uploads\/2023\/03\/IMG_0171-scaled.jpg?w=1920&amp;ssl=1 1920w\" sizes=\"auto, (max-width: 640px) 100vw, 640px\" \/><figcaption class=\"wp-element-caption\">Studio bianca machado fotografos<\/figcaption><\/figure>\n<\/div>\n\n\n<p>Mas mesmo com toda essa experi\u00eancia, a pandemia apresentou um grande desafio para o Studio Bianca Machado. Com as restri\u00e7\u00f5es de distanciamento social e a diminui\u00e7\u00e3o dos eventos presenciais, o est\u00fadio precisou se reinventar e buscar novas oportunidades de neg\u00f3cio. Foi um momento dif\u00edcil, mas a equipe do est\u00fadio conseguiu superar os desafios e se adaptar \u00e0s novas demandas do mercado.<\/p>\n\n\n\n<p>E agora, em 2023, o Studio Bianca Machado est\u00e1 em expans\u00e3o, levando seus servi\u00e7os de alta qualidade al\u00e9m de S\u00e3o Paulo, para as cidades de Sorocaba e interior de SP. Essa expans\u00e3o \u00e9 um reconhecimento da qualidade do trabalho realizado pelo est\u00fadio ao longo dos anos e uma oportunidade para levar essa qualidade para ainda mais pessoas.<\/p>\n\n\n\n<p>Ao longo desses 17 anos, o Studio Bianca Machado de fotografia acumulou muitas hist\u00f3rias e conquistas. E a equipe do est\u00fadio est\u00e1 pronta para continuar contando essas hist\u00f3rias, com a mesma paix\u00e3o e dedica\u00e7\u00e3o que sempre teve.<\/p>\nVisite tamb\u00e9m nosso site: www.biancamachado.com.br\r\n(11) 97107-1018\r\n\r\nAtendemos as regi\u00f5es de S\u00e3o Paulo, Sorocaba, Ibi\u00fana, Piedade, Votorantim, Cotia, Itupeva, Jundia\u00ed, It\u00fa e Campinas","protected":false},"excerpt":{"rendered":"<p>Desde a sua funda\u00e7\u00e3o em 2006, o Studio Bianca Machado tem sido refer\u00eancia no mercado de fotografia, oferecendo servi\u00e7os de alta qualidade para os mais diversos tipos de eventos e projetos fotogr\u00e1ficos. Ao longo desses 17 anos, a equipe do est\u00fadio acumulou uma vasta experi\u00eancia em \u00e1reas como fotografia de casamento, fotografia infantil, fotografia empresarial, fotografia de moda, entre outras.<\/p>\n","protected":false},"author":1,"featured_media":4386,"comment_status":"open","ping_status":"open","sticky":false,"template":"","format":"standard","meta":{"_monsterinsights_skip_tracking":false,"_monsterinsights_sitenote_active":false,"_monsterinsights_sitenote_note":"","_monsterinsights_sitenote_category":0,"jetpack_post_was_ever_published":false,"_jetpack_newsletter_access":"","_jetpack_dont_email_post_to_subs":false,"_jetpack_newsletter_tier_id":0,"_jetpack_memberships_contains_paywalled_content":false,"_jetpack_memberships_contains_paid_content":false,"_joinchat":[],"footnotes":""},"categories":[293,1,1019],"tags":[1120,541],"class_list":["post-4383","post","type-post","status-publish","format-standard","has-post-thumbnail","hentry","category-bianca-machado","category-studio-bianca-machado","category-vida-de-fotografo","tag-17-anos-de-fotografia","tag-vida-de-fotografo"],"yoast_head":"<!-- This site is optimized with the Yoast SEO plugin v27.4 - https:\/\/yoast.com\/product\/yoast-seo-wordpress\/ -->\n<title>Anivers\u00e1rio de 17 anos do Studio Bianca Machado ! Agora tamb\u00e9m em Sorocaba - STUDIO BIANCA MACHADO<\/title>\n<meta name=\"robots\" content=\"index, follow, max-snippet:-1, max-image-preview:large, max-video-preview:-1\" \/>\n<link rel=\"canonical\" href=\"https:\/\/biancamachado.com.br\/blog\/aniversario-de-17-anos-do-studio-bianca-machado-agora-tambem-em-sorocaba\/\" \/>\n<meta property=\"og:locale\" content=\"pt_BR\" \/>\n<meta property=\"og:type\" content=\"article\" \/>\n<meta property=\"og:title\" content=\"Anivers\u00e1rio de 17 anos do Studio Bianca Machado ! Agora tamb\u00e9m em Sorocaba - STUDIO BIANCA MACHADO\" \/>\n<meta property=\"og:description\" content=\"Desde a sua funda\u00e7\u00e3o em 2006, o Studio Bianca Machado tem sido refer\u00eancia no mercado de fotografia, oferecendo servi\u00e7os de alta qualidade para os mais diversos tipos de eventos e projetos fotogr\u00e1ficos. Ao longo desses 17 anos, a equipe do est\u00fadio acumulou uma vasta experi\u00eancia em \u00e1reas como fotografia de casamento, fotografia infantil, fotografia empresarial, fotografia de moda, entre outras.\" \/>\n<meta property=\"og:url\" content=\"https:\/\/biancamachado.com.br\/blog\/aniversario-de-17-anos-do-studio-bianca-machado-agora-tambem-em-sorocaba\/\" \/>\n<meta property=\"og:site_name\" content=\"STUDIO BIANCA MACHADO\" \/>\n<meta property=\"article:publisher\" content=\"https:\/\/www.facebook.com\/Studiobiancamachado\/\" \/>\n<meta property=\"article:published_time\" content=\"2023-03-06T18:52:41+00:00\" \/>\n<meta property=\"article:modified_time\" content=\"2023-03-06T18:53:40+00:00\" \/>\n<meta property=\"og:image\" content=\"https:\/\/biancamachado.com.br\/blog\/wp-content\/uploads\/2023\/03\/IMG_0171-scaled.jpg?v=1678128675\" \/>\n\t<meta property=\"og:image:width\" content=\"2560\" \/>\n\t<meta property=\"og:image:height\" content=\"1920\" \/>\n\t<meta property=\"og:image:type\" content=\"image\/jpeg\" \/>\n<meta name=\"author\" content=\"biancamachado\" \/>\n<meta name=\"twitter:card\" content=\"summary_large_image\" \/>\n<meta name=\"twitter:label1\" content=\"Escrito por\" \/>\n\t<meta name=\"twitter:data1\" content=\"biancamachado\" \/>\n\t<meta name=\"twitter:label2\" content=\"Est. tempo de leitura\" \/>\n\t<meta name=\"twitter:data2\" content=\"2 minutos\" \/>\n<script type=\"application\/ld+json\" class=\"yoast-schema-graph\">{\"@context\":\"https:\\\/\\\/schema.org\",\"@graph\":[{\"@type\":\"Article\",\"@id\":\"https:\\\/\\\/biancamachado.com.br\\\/blog\\\/aniversario-de-17-anos-do-studio-bianca-machado-agora-tambem-em-sorocaba\\\/#article\",\"isPartOf\":{\"@id\":\"https:\\\/\\\/biancamachado.com.br\\\/blog\\\/aniversario-de-17-anos-do-studio-bianca-machado-agora-tambem-em-sorocaba\\\/\"},\"author\":{\"name\":\"biancamachado\",\"@id\":\"https:\\\/\\\/biancamachado.com.br\\\/blog\\\/#\\\/schema\\\/person\\\/990263800ec5e9bdbbf092a2353550a1\"},\"headline\":\"Anivers\u00e1rio de 17 anos do Studio Bianca Machado ! Agora tamb\u00e9m em Sorocaba\",\"datePublished\":\"2023-03-06T18:52:41+00:00\",\"dateModified\":\"2023-03-06T18:53:40+00:00\",\"mainEntityOfPage\":{\"@id\":\"https:\\\/\\\/biancamachado.com.br\\\/blog\\\/aniversario-de-17-anos-do-studio-bianca-machado-agora-tambem-em-sorocaba\\\/\"},\"wordCount\":285,\"commentCount\":0,\"publisher\":{\"@id\":\"https:\\\/\\\/biancamachado.com.br\\\/blog\\\/#organization\"},\"image\":{\"@id\":\"https:\\\/\\\/biancamachado.com.br\\\/blog\\\/aniversario-de-17-anos-do-studio-bianca-machado-agora-tambem-em-sorocaba\\\/#primaryimage\"},\"thumbnailUrl\":\"https:\\\/\\\/i0.wp.com\\\/biancamachado.com.br\\\/blog\\\/wp-content\\\/uploads\\\/2023\\\/03\\\/IMG_0171-scaled.jpg?fit=2560%2C1920&ssl=1?v=1678128675\",\"keywords\":[\"17 anos de fotografia\",\"vida de fotografo\"],\"articleSection\":[\"Bianca Machado\",\"Studio Bianca Machado\",\"Vida de Fot\u00f3grafo\"],\"inLanguage\":\"pt-BR\",\"potentialAction\":[{\"@type\":\"CommentAction\",\"name\":\"Comment\",\"target\":[\"https:\\\/\\\/biancamachado.com.br\\\/blog\\\/aniversario-de-17-anos-do-studio-bianca-machado-agora-tambem-em-sorocaba\\\/#respond\"]}]},{\"@type\":\"WebPage\",\"@id\":\"https:\\\/\\\/biancamachado.com.br\\\/blog\\\/aniversario-de-17-anos-do-studio-bianca-machado-agora-tambem-em-sorocaba\\\/\",\"url\":\"https:\\\/\\\/biancamachado.com.br\\\/blog\\\/aniversario-de-17-anos-do-studio-bianca-machado-agora-tambem-em-sorocaba\\\/\",\"name\":\"Anivers\u00e1rio de 17 anos do Studio Bianca Machado ! Agora tamb\u00e9m em Sorocaba - STUDIO BIANCA MACHADO\",\"isPartOf\":{\"@id\":\"https:\\\/\\\/biancamachado.com.br\\\/blog\\\/#website\"},\"primaryImageOfPage\":{\"@id\":\"https:\\\/\\\/biancamachado.com.br\\\/blog\\\/aniversario-de-17-anos-do-studio-bianca-machado-agora-tambem-em-sorocaba\\\/#primaryimage\"},\"image\":{\"@id\":\"https:\\\/\\\/biancamachado.com.br\\\/blog\\\/aniversario-de-17-anos-do-studio-bianca-machado-agora-tambem-em-sorocaba\\\/#primaryimage\"},\"thumbnailUrl\":\"https:\\\/\\\/i0.wp.com\\\/biancamachado.com.br\\\/blog\\\/wp-content\\\/uploads\\\/2023\\\/03\\\/IMG_0171-scaled.jpg?fit=2560%2C1920&ssl=1?v=1678128675\",\"datePublished\":\"2023-03-06T18:52:41+00:00\",\"dateModified\":\"2023-03-06T18:53:40+00:00\",\"breadcrumb\":{\"@id\":\"https:\\\/\\\/biancamachado.com.br\\\/blog\\\/aniversario-de-17-anos-do-studio-bianca-machado-agora-tambem-em-sorocaba\\\/#breadcrumb\"},\"inLanguage\":\"pt-BR\",\"potentialAction\":[{\"@type\":\"ReadAction\",\"target\":[\"https:\\\/\\\/biancamachado.com.br\\\/blog\\\/aniversario-de-17-anos-do-studio-bianca-machado-agora-tambem-em-sorocaba\\\/\"]}]},{\"@type\":\"ImageObject\",\"inLanguage\":\"pt-BR\",\"@id\":\"https:\\\/\\\/biancamachado.com.br\\\/blog\\\/aniversario-de-17-anos-do-studio-bianca-machado-agora-tambem-em-sorocaba\\\/#primaryimage\",\"url\":\"https:\\\/\\\/i0.wp.com\\\/biancamachado.com.br\\\/blog\\\/wp-content\\\/uploads\\\/2023\\\/03\\\/IMG_0171-scaled.jpg?fit=2560%2C1920&ssl=1?v=1678128675\",\"contentUrl\":\"https:\\\/\\\/i0.wp.com\\\/biancamachado.com.br\\\/blog\\\/wp-content\\\/uploads\\\/2023\\\/03\\\/IMG_0171-scaled.jpg?fit=2560%2C1920&ssl=1?v=1678128675\",\"width\":2560,\"height\":1920,\"caption\":\"Studio bianca machado fotografos\"},{\"@type\":\"BreadcrumbList\",\"@id\":\"https:\\\/\\\/biancamachado.com.br\\\/blog\\\/aniversario-de-17-anos-do-studio-bianca-machado-agora-tambem-em-sorocaba\\\/#breadcrumb\",\"itemListElement\":[{\"@type\":\"ListItem\",\"position\":1,\"name\":\"In\u00edcio\",\"item\":\"https:\\\/\\\/biancamachado.com.br\\\/blog\\\/\"},{\"@type\":\"ListItem\",\"position\":2,\"name\":\"Anivers\u00e1rio de 17 anos do Studio Bianca Machado ! Agora tamb\u00e9m em Sorocaba\"}]},{\"@type\":\"WebSite\",\"@id\":\"https:\\\/\\\/biancamachado.com.br\\\/blog\\\/#website\",\"url\":\"https:\\\/\\\/biancamachado.com.br\\\/blog\\\/\",\"name\":\"STUDIO BIANCA MACHADO\",\"description\":\"Estudio Fotografico, Ensaios e Books de foto profissional\",\"publisher\":{\"@id\":\"https:\\\/\\\/biancamachado.com.br\\\/blog\\\/#organization\"},\"potentialAction\":[{\"@type\":\"SearchAction\",\"target\":{\"@type\":\"EntryPoint\",\"urlTemplate\":\"https:\\\/\\\/biancamachado.com.br\\\/blog\\\/?s={search_term_string}\"},\"query-input\":{\"@type\":\"PropertyValueSpecification\",\"valueRequired\":true,\"valueName\":\"search_term_string\"}}],\"inLanguage\":\"pt-BR\"},{\"@type\":\"Organization\",\"@id\":\"https:\\\/\\\/biancamachado.com.br\\\/blog\\\/#organization\",\"name\":\"STUDIO BIANCA MACHADO\",\"url\":\"https:\\\/\\\/biancamachado.com.br\\\/blog\\\/\",\"logo\":{\"@type\":\"ImageObject\",\"inLanguage\":\"pt-BR\",\"@id\":\"https:\\\/\\\/biancamachado.com.br\\\/blog\\\/#\\\/schema\\\/logo\\\/image\\\/\",\"url\":\"https:\\\/\\\/i0.wp.com\\\/biancamachado.com.br\\\/blog\\\/wp-content\\\/uploads\\\/2021\\\/02\\\/cropped-logo-ml.jpg?fit=278%2C100&ssl=1\",\"contentUrl\":\"https:\\\/\\\/i0.wp.com\\\/biancamachado.com.br\\\/blog\\\/wp-content\\\/uploads\\\/2021\\\/02\\\/cropped-logo-ml.jpg?fit=278%2C100&ssl=1\",\"width\":278,\"height\":100,\"caption\":\"STUDIO BIANCA MACHADO\"},\"image\":{\"@id\":\"https:\\\/\\\/biancamachado.com.br\\\/blog\\\/#\\\/schema\\\/logo\\\/image\\\/\"},\"sameAs\":[\"https:\\\/\\\/www.facebook.com\\\/Studiobiancamachado\\\/\",\"https:\\\/\\\/www.instagram.com\\\/Studiobiancamachado\\\/\"]},{\"@type\":\"Person\",\"@id\":\"https:\\\/\\\/biancamachado.com.br\\\/blog\\\/#\\\/schema\\\/person\\\/990263800ec5e9bdbbf092a2353550a1\",\"name\":\"biancamachado\",\"image\":{\"@type\":\"ImageObject\",\"inLanguage\":\"pt-BR\",\"@id\":\"https:\\\/\\\/secure.gravatar.com\\\/avatar\\\/62b1a50f2632dbc2e279c3eb55aa46cc324c969cff16a69c59756d155316542c?s=96&d=mm&r=g\",\"url\":\"https:\\\/\\\/secure.gravatar.com\\\/avatar\\\/62b1a50f2632dbc2e279c3eb55aa46cc324c969cff16a69c59756d155316542c?s=96&d=mm&r=g\",\"contentUrl\":\"https:\\\/\\\/secure.gravatar.com\\\/avatar\\\/62b1a50f2632dbc2e279c3eb55aa46cc324c969cff16a69c59756d155316542c?s=96&d=mm&r=g\",\"caption\":\"biancamachado\"},\"sameAs\":[\"https:\\\/\\\/biancamachado.com.br\\\/blog\"],\"url\":\"https:\\\/\\\/biancamachado.com.br\\\/blog\\\/author\\\/biancamachado\\\/\"}]}<\/script>\n<!-- \/ Yoast SEO plugin. -->","yoast_head_json":{"title":"Anivers\u00e1rio de 17 anos do Studio Bianca Machado ! Agora tamb\u00e9m em Sorocaba - STUDIO BIANCA MACHADO","robots":{"index":"index","follow":"follow","max-snippet":"max-snippet:-1","max-image-preview":"max-image-preview:large","max-video-preview":"max-video-preview:-1"},"canonical":"https:\/\/biancamachado.com.br\/blog\/aniversario-de-17-anos-do-studio-bianca-machado-agora-tambem-em-sorocaba\/","og_locale":"pt_BR","og_type":"article","og_title":"Anivers\u00e1rio de 17 anos do Studio Bianca Machado ! Agora tamb\u00e9m em Sorocaba - STUDIO BIANCA MACHADO","og_description":"Desde a sua funda\u00e7\u00e3o em 2006, o Studio Bianca Machado tem sido refer\u00eancia no mercado de fotografia, oferecendo servi\u00e7os de alta qualidade para os mais diversos tipos de eventos e projetos fotogr\u00e1ficos. Ao longo desses 17 anos, a equipe do est\u00fadio acumulou uma vasta experi\u00eancia em \u00e1reas como fotografia de casamento, fotografia infantil, fotografia empresarial, fotografia de moda, entre outras.","og_url":"https:\/\/biancamachado.com.br\/blog\/aniversario-de-17-anos-do-studio-bianca-machado-agora-tambem-em-sorocaba\/","og_site_name":"STUDIO BIANCA MACHADO","article_publisher":"https:\/\/www.facebook.com\/Studiobiancamachado\/","article_published_time":"2023-03-06T18:52:41+00:00","article_modified_time":"2023-03-06T18:53:40+00:00","og_image":[{"width":2560,"height":1920,"url":"https:\/\/biancamachado.com.br\/blog\/wp-content\/uploads\/2023\/03\/IMG_0171-scaled.jpg?v=1678128675","type":"image\/jpeg"}],"author":"biancamachado","twitter_card":"summary_large_image","twitter_misc":{"Escrito por":"biancamachado","Est. tempo de leitura":"2 minutos"},"schema":{"@context":"https:\/\/schema.org","@graph":[{"@type":"Article","@id":"https:\/\/biancamachado.com.br\/blog\/aniversario-de-17-anos-do-studio-bianca-machado-agora-tambem-em-sorocaba\/#article","isPartOf":{"@id":"https:\/\/biancamachado.com.br\/blog\/aniversario-de-17-anos-do-studio-bianca-machado-agora-tambem-em-sorocaba\/"},"author":{"name":"biancamachado","@id":"https:\/\/biancamachado.com.br\/blog\/#\/schema\/person\/990263800ec5e9bdbbf092a2353550a1"},"headline":"Anivers\u00e1rio de 17 anos do Studio Bianca Machado ! Agora tamb\u00e9m em Sorocaba","datePublished":"2023-03-06T18:52:41+00:00","dateModified":"2023-03-06T18:53:40+00:00","mainEntityOfPage":{"@id":"https:\/\/biancamachado.com.br\/blog\/aniversario-de-17-anos-do-studio-bianca-machado-agora-tambem-em-sorocaba\/"},"wordCount":285,"commentCount":0,"publisher":{"@id":"https:\/\/biancamachado.com.br\/blog\/#organization"},"image":{"@id":"https:\/\/biancamachado.com.br\/blog\/aniversario-de-17-anos-do-studio-bianca-machado-agora-tambem-em-sorocaba\/#primaryimage"},"thumbnailUrl":"https:\/\/i0.wp.com\/biancamachado.com.br\/blog\/wp-content\/uploads\/2023\/03\/IMG_0171-scaled.jpg?fit=2560%2C1920&ssl=1?v=1678128675","keywords":["17 anos de fotografia","vida de fotografo"],"articleSection":["Bianca Machado","Studio Bianca Machado","Vida de Fot\u00f3grafo"],"inLanguage":"pt-BR","potentialAction":[{"@type":"CommentAction","name":"Comment","target":["https:\/\/biancamachado.com.br\/blog\/aniversario-de-17-anos-do-studio-bianca-machado-agora-tambem-em-sorocaba\/#respond"]}]},{"@type":"WebPage","@id":"https:\/\/biancamachado.com.br\/blog\/aniversario-de-17-anos-do-studio-bianca-machado-agora-tambem-em-sorocaba\/","url":"https:\/\/biancamachado.com.br\/blog\/aniversario-de-17-anos-do-studio-bianca-machado-agora-tambem-em-sorocaba\/","name":"Anivers\u00e1rio de 17 anos do Studio Bianca Machado ! Agora tamb\u00e9m em Sorocaba - STUDIO BIANCA MACHADO","isPartOf":{"@id":"https:\/\/biancamachado.com.br\/blog\/#website"},"primaryImageOfPage":{"@id":"https:\/\/biancamachado.com.br\/blog\/aniversario-de-17-anos-do-studio-bianca-machado-agora-tambem-em-sorocaba\/#primaryimage"},"image":{"@id":"https:\/\/biancamachado.com.br\/blog\/aniversario-de-17-anos-do-studio-bianca-machado-agora-tambem-em-sorocaba\/#primaryimage"},"thumbnailUrl":"https:\/\/i0.wp.com\/biancamachado.com.br\/blog\/wp-content\/uploads\/2023\/03\/IMG_0171-scaled.jpg?fit=2560%2C1920&ssl=1?v=1678128675","datePublished":"2023-03-06T18:52:41+00:00","dateModified":"2023-03-06T18:53:40+00:00","breadcrumb":{"@id":"https:\/\/biancamachado.com.br\/blog\/aniversario-de-17-anos-do-studio-bianca-machado-agora-tambem-em-sorocaba\/#breadcrumb"},"inLanguage":"pt-BR","potentialAction":[{"@type":"ReadAction","target":["https:\/\/biancamachado.com.br\/blog\/aniversario-de-17-anos-do-studio-bianca-machado-agora-tambem-em-sorocaba\/"]}]},{"@type":"ImageObject","inLanguage":"pt-BR","@id":"https:\/\/biancamachado.com.br\/blog\/aniversario-de-17-anos-do-studio-bianca-machado-agora-tambem-em-sorocaba\/#primaryimage","url":"https:\/\/i0.wp.com\/biancamachado.com.br\/blog\/wp-content\/uploads\/2023\/03\/IMG_0171-scaled.jpg?fit=2560%2C1920&ssl=1?v=1678128675","contentUrl":"https:\/\/i0.wp.com\/biancamachado.com.br\/blog\/wp-content\/uploads\/2023\/03\/IMG_0171-scaled.jpg?fit=2560%2C1920&ssl=1?v=1678128675","width":2560,"height":1920,"caption":"Studio bianca machado fotografos"},{"@type":"BreadcrumbList","@id":"https:\/\/biancamachado.com.br\/blog\/aniversario-de-17-anos-do-studio-bianca-machado-agora-tambem-em-sorocaba\/#breadcrumb","itemListElement":[{"@type":"ListItem","position":1,"name":"In\u00edcio","item":"https:\/\/biancamachado.com.br\/blog\/"},{"@type":"ListItem","position":2,"name":"Anivers\u00e1rio de 17 anos do Studio Bianca Machado ! Agora tamb\u00e9m em Sorocaba"}]},{"@type":"WebSite","@id":"https:\/\/biancamachado.com.br\/blog\/#website","url":"https:\/\/biancamachado.com.br\/blog\/","name":"STUDIO BIANCA MACHADO","description":"Estudio Fotografico, Ensaios e Books de foto profissional","publisher":{"@id":"https:\/\/biancamachado.com.br\/blog\/#organization"},"potentialAction":[{"@type":"SearchAction","target":{"@type":"EntryPoint","urlTemplate":"https:\/\/biancamachado.com.br\/blog\/?s={search_term_string}"},"query-input":{"@type":"PropertyValueSpecification","valueRequired":true,"valueName":"search_term_string"}}],"inLanguage":"pt-BR"},{"@type":"Organization","@id":"https:\/\/biancamachado.com.br\/blog\/#organization","name":"STUDIO BIANCA MACHADO","url":"https:\/\/biancamachado.com.br\/blog\/","logo":{"@type":"ImageObject","inLanguage":"pt-BR","@id":"https:\/\/biancamachado.com.br\/blog\/#\/schema\/logo\/image\/","url":"https:\/\/i0.wp.com\/biancamachado.com.br\/blog\/wp-content\/uploads\/2021\/02\/cropped-logo-ml.jpg?fit=278%2C100&ssl=1","contentUrl":"https:\/\/i0.wp.com\/biancamachado.com.br\/blog\/wp-content\/uploads\/2021\/02\/cropped-logo-ml.jpg?fit=278%2C100&ssl=1","width":278,"height":100,"caption":"STUDIO BIANCA MACHADO"},"image":{"@id":"https:\/\/biancamachado.com.br\/blog\/#\/schema\/logo\/image\/"},"sameAs":["https:\/\/www.facebook.com\/Studiobiancamachado\/","https:\/\/www.instagram.com\/Studiobiancamachado\/"]},{"@type":"Person","@id":"https:\/\/biancamachado.com.br\/blog\/#\/schema\/person\/990263800ec5e9bdbbf092a2353550a1","name":"biancamachado","image":{"@type":"ImageObject","inLanguage":"pt-BR","@id":"https:\/\/secure.gravatar.com\/avatar\/62b1a50f2632dbc2e279c3eb55aa46cc324c969cff16a69c59756d155316542c?s=96&d=mm&r=g","url":"https:\/\/secure.gravatar.com\/avatar\/62b1a50f2632dbc2e279c3eb55aa46cc324c969cff16a69c59756d155316542c?s=96&d=mm&r=g","contentUrl":"https:\/\/secure.gravatar.com\/avatar\/62b1a50f2632dbc2e279c3eb55aa46cc324c969cff16a69c59756d155316542c?s=96&d=mm&r=g","caption":"biancamachado"},"sameAs":["https:\/\/biancamachado.com.br\/blog"],"url":"https:\/\/biancamachado.com.br\/blog\/author\/biancamachado\/"}]}},"jetpack_featured_media_url":"https:\/\/i0.wp.com\/biancamachado.com.br\/blog\/wp-content\/uploads\/2023\/03\/IMG_0171-scaled.jpg?fit=2560%2C1920&ssl=1?v=1678128675","jetpack-related-posts":[],"jetpack_sharing_enabled":true,"_links":{"self":[{"href":"https:\/\/biancamachado.com.br\/blog\/wp-json\/wp\/v2\/posts\/4383","targetHints":{"allow":["GET"]}}],"collection":[{"href":"https:\/\/biancamachado.com.br\/blog\/wp-json\/wp\/v2\/posts"}],"about":[{"href":"https:\/\/biancamachado.com.br\/blog\/wp-json\/wp\/v2\/types\/post"}],"author":[{"embeddable":true,"href":"https:\/\/biancamachado.com.br\/blog\/wp-json\/wp\/v2\/users\/1"}],"replies":[{"embeddable":true,"href":"https:\/\/biancamachado.com.br\/blog\/wp-json\/wp\/v2\/comments?post=4383"}],"version-history":[{"count":2,"href":"https:\/\/biancamachado.com.br\/blog\/wp-json\/wp\/v2\/posts\/4383\/revisions"}],"predecessor-version":[{"id":4388,"href":"https:\/\/biancamachado.com.br\/blog\/wp-json\/wp\/v2\/posts\/4383\/revisions\/4388"}],"wp:featuredmedia":[{"embeddable":true,"href":"https:\/\/biancamachado.com.br\/blog\/wp-json\/wp\/v2\/media\/4386"}],"wp:attachment":[{"href":"https:\/\/biancamachado.com.br\/blog\/wp-json\/wp\/v2\/media?parent=4383"}],"wp:term":[{"taxonomy":"category","embeddable":true,"href":"https:\/\/biancamachado.com.br\/blog\/wp-json\/wp\/v2\/categories?post=4383"},{"taxonomy":"post_tag","embeddable":true,"href":"https:\/\/biancamachado.com.br\/blog\/wp-json\/wp\/v2\/tags?post=4383"}],"curies":[{"name":"wp","href":"https:\/\/api.w.org\/{rel}","templated":true}]}}