{"id":438,"date":"2012-08-13T01:54:00","date_gmt":"2012-08-13T04:54:00","guid":{"rendered":"https:\/\/biancamachado.com.br\/blog\/?p=438"},"modified":"2012-08-13T01:54:00","modified_gmt":"2012-08-13T04:54:00","slug":"o-pai-pode-sofrer-de-gravidez-psicologica","status":"publish","type":"post","link":"https:\/\/biancamachado.com.br\/blog\/o-pai-pode-sofrer-de-gravidez-psicologica\/","title":{"rendered":"O pai pode sofrer de gravidez psicol\u00f3gica?"},"content":{"rendered":"<div style=\"text-align: justify;\">Quando o casal tem uma cumplicidade acima do normal, \u00e9 comum que o pai sinta junto com a gestante, alguns sintomas da gravidez, incluindo enjoos, vontades, esquecimentos e at\u00e9 aumento de peso.&nbsp;<\/div>\n<div style=\"text-align: justify;\">N\u00e3o \u00e9 fofo ver um casal assim unido? rs&#8230;<\/div>\n<div style=\"text-align: justify;\">A gravidez, tamb\u00e9m afeta o pai e cada um tem a sua forma de lidar psicologicamente com a situa\u00e7\u00e3o.&nbsp;<\/div>\n<div style=\"text-align: justify;\">Alguns pais, come\u00e7am a trabalhar muito mais do que antes, j\u00e1 antecipando as despesas com o nascimento do beb\u00ea, e isso apesar de deixar a gestante um pouco solit\u00e1ria, \u00e9 uma forma de amor, poder contar com um companheiro que est\u00e1 se esfor\u00e7ando ao m\u00e1ximo para que nada falte em casa.&nbsp;<\/div>\n<div style=\"text-align: justify;\">Alguns pais, curtem a gesta\u00e7\u00e3o passo a passo, com os olhos cheios de l\u00e1grimas a cada ultrasson.&nbsp;<\/div>\n<div style=\"text-align: justify;\">Aqui no est\u00fadio, tive a oportunidade de conhecer casais maravilhosos e inspiradores, pais que participam ativamente na vida dos seus filhos, tanto na troca de fraldas, banho, alimenta\u00e7\u00e3o, enfim, pude notar que esses casais tinham beb\u00eas mais calmos, mais sorridentes.<\/div>\n<div style=\"text-align: justify;\">Cada um tem a sua forma de lidar com a situa\u00e7\u00e3o, mas uma coisa \u00e9 fato: O amor est\u00e1 presente em todos os casais que fotografam conosco, cada um \u00c0 sua maneira particular.&nbsp;<\/div>\n<p><\/p>\n<table align=\"center\" cellpadding=\"0\" cellspacing=\"0\" style=\"margin-left: auto; margin-right: auto; text-align: center;\">\n<tbody>\n<tr>\n<td style=\"text-align: center;\"><a href=\"https:\/\/i0.wp.com\/1.bp.blogspot.com\/-hHFWGpLbNyk\/UCiGh7epurI\/AAAAAAAAHa8\/Efn6PmbdrJQ\/s1600\/books%2Bgravidas.JPG\" style=\"margin-left: auto; margin-right: auto;\"><img data-recalc-dims=\"1\" loading=\"lazy\" decoding=\"async\" alt=\"books gravidas\" border=\"0\" height=\"426\" src=\"https:\/\/i0.wp.com\/1.bp.blogspot.com\/-hHFWGpLbNyk\/UCiGh7epurI\/AAAAAAAAHa8\/Efn6PmbdrJQ\/s640\/books%2Bgravidas.JPG?resize=640%2C426&#038;ssl=1\" title=\"books gravidas\" width=\"640\" \/><\/a><\/td>\n<\/tr>\n<tr>\n<td style=\"text-align: center;\">books gravidas<\/td>\n<\/tr>\n<\/tbody>\n<\/table>\n<p><\/p>\n<table align=\"center\" cellpadding=\"0\" cellspacing=\"0\" style=\"margin-left: auto; margin-right: auto; text-align: center;\">\n<tbody>\n<tr>\n<td style=\"text-align: center;\"><a href=\"https:\/\/i0.wp.com\/4.bp.blogspot.com\/-161INQ_C6rs\/UCiGmAe0rBI\/AAAAAAAAHbE\/tEirHcc06h0\/s1600\/estudios%2Bfotograficos%2Bgravidas.JPG\" style=\"margin-left: auto; margin-right: auto;\"><img data-recalc-dims=\"1\" loading=\"lazy\" decoding=\"async\" alt=\"estudios fotograficos gravidas\" border=\"0\" height=\"426\" src=\"https:\/\/i0.wp.com\/4.bp.blogspot.com\/-161INQ_C6rs\/UCiGmAe0rBI\/AAAAAAAAHbE\/tEirHcc06h0\/s640\/estudios%2Bfotograficos%2Bgravidas.JPG?resize=640%2C426&#038;ssl=1\" title=\"estudios fotograficos gravidas\" width=\"640\" \/><\/a><\/td>\n<\/tr>\n<tr>\n<td style=\"text-align: center;\">estudios fotograficos gravidas<\/td>\n<\/tr>\n<\/tbody>\n<\/table>\n<p><\/p>\n<table align=\"center\" cellpadding=\"0\" cellspacing=\"0\" style=\"margin-left: auto; margin-right: auto; text-align: center;\">\n<tbody>\n<tr>\n<td style=\"text-align: center;\"><a href=\"https:\/\/i0.wp.com\/4.bp.blogspot.com\/-xt_yfAGa05E\/UCiGpxSpdwI\/AAAAAAAAHbM\/HfcKjw7QWA0\/s1600\/fotos%2Bem%2Bestudio%2Bpara%2Bgravidas.JPG\" style=\"margin-left: auto; margin-right: auto;\"><img data-recalc-dims=\"1\" loading=\"lazy\" decoding=\"async\" alt=\"fotos em estudio para gravidas\" border=\"0\" height=\"640\" src=\"https:\/\/i0.wp.com\/4.bp.blogspot.com\/-xt_yfAGa05E\/UCiGpxSpdwI\/AAAAAAAAHbM\/HfcKjw7QWA0\/s640\/fotos%2Bem%2Bestudio%2Bpara%2Bgravidas.JPG?resize=426%2C640&#038;ssl=1\" title=\"fotos em estudio para gravidas\" width=\"426\" \/><\/a><\/td>\n<\/tr>\n<tr>\n<td style=\"text-align: center;\">fotos em estudio para gravidas<\/td>\n<\/tr>\n<\/tbody>\n<\/table>\n<div style=\"text-align: justify;\">\n<div style=\"text-align: start;\"><span style=\"text-align: left;\">Visite tamb\u00e9m nosso site:&nbsp;<\/span><a href=\"http:\/\/www.biancamachado.com.br\/\" style=\"text-align: left;\">www.biancamachado.com.br<\/a><br style=\"text-align: left;\" \/><span style=\"text-align: left;\">Studio Bianca Machado &amp; Jo\u00e3o Sinatro&nbsp;<\/span><br style=\"text-align: left;\" \/><span style=\"text-align: left;\">(11) 97107-1018<\/span><\/div>\n<\/div>\nVisite tamb\u00e9m nosso site: www.biancamachado.com.br\r\n(11) 97107-1018\r\n\r\nAtendemos as regi\u00f5es de S\u00e3o Paulo, Sorocaba, Ibi\u00fana, Piedade, Votorantim, Cotia, Itupeva, Jundia\u00ed, It\u00fa e Campinas","protected":false},"excerpt":{"rendered":"<p>Quando o casal tem uma<\/p>\n","protected":false},"author":1,"featured_media":1276,"comment_status":"open","ping_status":"open","sticky":false,"template":"","format":"standard","meta":{"_monsterinsights_skip_tracking":false,"_monsterinsights_sitenote_active":false,"_monsterinsights_sitenote_note":"","_monsterinsights_sitenote_category":0,"jetpack_post_was_ever_published":false,"_jetpack_newsletter_access":"","_jetpack_dont_email_post_to_subs":false,"_jetpack_newsletter_tier_id":0,"_jetpack_memberships_contains_paywalled_content":false,"_jetpack_memberships_contains_paid_content":false,"_joinchat":[],"footnotes":""},"categories":[1],"tags":[],"class_list":["post-438","post","type-post","status-publish","format-standard","has-post-thumbnail","hentry","category-studio-bianca-machado"],"yoast_head":"<!-- This site is optimized with the Yoast SEO plugin v27.4 - https:\/\/yoast.com\/product\/yoast-seo-wordpress\/ -->\n<title>O pai pode sofrer de gravidez psicol\u00f3gica? - STUDIO BIANCA MACHADO<\/title>\n<meta name=\"robots\" content=\"index, follow, max-snippet:-1, max-image-preview:large, max-video-preview:-1\" \/>\n<link rel=\"canonical\" href=\"https:\/\/biancamachado.com.br\/blog\/o-pai-pode-sofrer-de-gravidez-psicologica\/\" \/>\n<meta property=\"og:locale\" content=\"pt_BR\" \/>\n<meta property=\"og:type\" content=\"article\" \/>\n<meta property=\"og:title\" content=\"O pai pode sofrer de gravidez psicol\u00f3gica? - STUDIO BIANCA MACHADO\" \/>\n<meta property=\"og:description\" content=\"Quando o casal tem uma\" \/>\n<meta property=\"og:url\" content=\"https:\/\/biancamachado.com.br\/blog\/o-pai-pode-sofrer-de-gravidez-psicologica\/\" \/>\n<meta property=\"og:site_name\" content=\"STUDIO BIANCA MACHADO\" \/>\n<meta property=\"article:publisher\" content=\"https:\/\/www.facebook.com\/Studiobiancamachado\/\" \/>\n<meta property=\"article:published_time\" content=\"2012-08-13T04:54:00+00:00\" \/>\n<meta property=\"og:image\" content=\"https:\/\/i0.wp.com\/biancamachado.com.br\/blog\/wp-content\/uploads\/2012\/08\/Screenshot_396.png?fit=644%2C418&ssl=1\" \/>\n\t<meta property=\"og:image:width\" content=\"644\" \/>\n\t<meta property=\"og:image:height\" content=\"418\" \/>\n\t<meta property=\"og:image:type\" content=\"image\/png\" \/>\n<meta name=\"author\" content=\"biancamachado\" \/>\n<meta name=\"twitter:card\" content=\"summary_large_image\" \/>\n<meta name=\"twitter:label1\" content=\"Escrito por\" \/>\n\t<meta name=\"twitter:data1\" content=\"biancamachado\" \/>\n\t<meta name=\"twitter:label2\" content=\"Est. tempo de leitura\" \/>\n\t<meta name=\"twitter:data2\" content=\"1 minuto\" \/>\n<script type=\"application\/ld+json\" class=\"yoast-schema-graph\">{\"@context\":\"https:\\\/\\\/schema.org\",\"@graph\":[{\"@type\":\"Article\",\"@id\":\"https:\\\/\\\/biancamachado.com.br\\\/blog\\\/o-pai-pode-sofrer-de-gravidez-psicologica\\\/#article\",\"isPartOf\":{\"@id\":\"https:\\\/\\\/biancamachado.com.br\\\/blog\\\/o-pai-pode-sofrer-de-gravidez-psicologica\\\/\"},\"author\":{\"name\":\"biancamachado\",\"@id\":\"https:\\\/\\\/biancamachado.com.br\\\/blog\\\/#\\\/schema\\\/person\\\/990263800ec5e9bdbbf092a2353550a1\"},\"headline\":\"O pai pode sofrer de gravidez psicol\u00f3gica?\",\"datePublished\":\"2012-08-13T04:54:00+00:00\",\"mainEntityOfPage\":{\"@id\":\"https:\\\/\\\/biancamachado.com.br\\\/blog\\\/o-pai-pode-sofrer-de-gravidez-psicologica\\\/\"},\"wordCount\":251,\"commentCount\":0,\"publisher\":{\"@id\":\"https:\\\/\\\/biancamachado.com.br\\\/blog\\\/#organization\"},\"image\":{\"@id\":\"https:\\\/\\\/biancamachado.com.br\\\/blog\\\/o-pai-pode-sofrer-de-gravidez-psicologica\\\/#primaryimage\"},\"thumbnailUrl\":\"https:\\\/\\\/i0.wp.com\\\/biancamachado.com.br\\\/blog\\\/wp-content\\\/uploads\\\/2012\\\/08\\\/Screenshot_396.png?fit=644%2C418&ssl=1\",\"articleSection\":[\"Studio Bianca Machado\"],\"inLanguage\":\"pt-BR\",\"potentialAction\":[{\"@type\":\"CommentAction\",\"name\":\"Comment\",\"target\":[\"https:\\\/\\\/biancamachado.com.br\\\/blog\\\/o-pai-pode-sofrer-de-gravidez-psicologica\\\/#respond\"]}]},{\"@type\":\"WebPage\",\"@id\":\"https:\\\/\\\/biancamachado.com.br\\\/blog\\\/o-pai-pode-sofrer-de-gravidez-psicologica\\\/\",\"url\":\"https:\\\/\\\/biancamachado.com.br\\\/blog\\\/o-pai-pode-sofrer-de-gravidez-psicologica\\\/\",\"name\":\"O pai pode sofrer de gravidez psicol\u00f3gica? - STUDIO BIANCA MACHADO\",\"isPartOf\":{\"@id\":\"https:\\\/\\\/biancamachado.com.br\\\/blog\\\/#website\"},\"primaryImageOfPage\":{\"@id\":\"https:\\\/\\\/biancamachado.com.br\\\/blog\\\/o-pai-pode-sofrer-de-gravidez-psicologica\\\/#primaryimage\"},\"image\":{\"@id\":\"https:\\\/\\\/biancamachado.com.br\\\/blog\\\/o-pai-pode-sofrer-de-gravidez-psicologica\\\/#primaryimage\"},\"thumbnailUrl\":\"https:\\\/\\\/i0.wp.com\\\/biancamachado.com.br\\\/blog\\\/wp-content\\\/uploads\\\/2012\\\/08\\\/Screenshot_396.png?fit=644%2C418&ssl=1\",\"datePublished\":\"2012-08-13T04:54:00+00:00\",\"breadcrumb\":{\"@id\":\"https:\\\/\\\/biancamachado.com.br\\\/blog\\\/o-pai-pode-sofrer-de-gravidez-psicologica\\\/#breadcrumb\"},\"inLanguage\":\"pt-BR\",\"potentialAction\":[{\"@type\":\"ReadAction\",\"target\":[\"https:\\\/\\\/biancamachado.com.br\\\/blog\\\/o-pai-pode-sofrer-de-gravidez-psicologica\\\/\"]}]},{\"@type\":\"ImageObject\",\"inLanguage\":\"pt-BR\",\"@id\":\"https:\\\/\\\/biancamachado.com.br\\\/blog\\\/o-pai-pode-sofrer-de-gravidez-psicologica\\\/#primaryimage\",\"url\":\"https:\\\/\\\/i0.wp.com\\\/biancamachado.com.br\\\/blog\\\/wp-content\\\/uploads\\\/2012\\\/08\\\/Screenshot_396.png?fit=644%2C418&ssl=1\",\"contentUrl\":\"https:\\\/\\\/i0.wp.com\\\/biancamachado.com.br\\\/blog\\\/wp-content\\\/uploads\\\/2012\\\/08\\\/Screenshot_396.png?fit=644%2C418&ssl=1\",\"width\":644,\"height\":418,\"caption\":\"O pai pode sofrer de gravidez psicol\u00f3gica?\"},{\"@type\":\"BreadcrumbList\",\"@id\":\"https:\\\/\\\/biancamachado.com.br\\\/blog\\\/o-pai-pode-sofrer-de-gravidez-psicologica\\\/#breadcrumb\",\"itemListElement\":[{\"@type\":\"ListItem\",\"position\":1,\"name\":\"In\u00edcio\",\"item\":\"https:\\\/\\\/biancamachado.com.br\\\/blog\\\/\"},{\"@type\":\"ListItem\",\"position\":2,\"name\":\"O pai pode sofrer de gravidez psicol\u00f3gica?\"}]},{\"@type\":\"WebSite\",\"@id\":\"https:\\\/\\\/biancamachado.com.br\\\/blog\\\/#website\",\"url\":\"https:\\\/\\\/biancamachado.com.br\\\/blog\\\/\",\"name\":\"STUDIO BIANCA MACHADO\",\"description\":\"Estudio Fotografico, Ensaios e Books de foto profissional\",\"publisher\":{\"@id\":\"https:\\\/\\\/biancamachado.com.br\\\/blog\\\/#organization\"},\"potentialAction\":[{\"@type\":\"SearchAction\",\"target\":{\"@type\":\"EntryPoint\",\"urlTemplate\":\"https:\\\/\\\/biancamachado.com.br\\\/blog\\\/?s={search_term_string}\"},\"query-input\":{\"@type\":\"PropertyValueSpecification\",\"valueRequired\":true,\"valueName\":\"search_term_string\"}}],\"inLanguage\":\"pt-BR\"},{\"@type\":\"Organization\",\"@id\":\"https:\\\/\\\/biancamachado.com.br\\\/blog\\\/#organization\",\"name\":\"STUDIO BIANCA MACHADO\",\"url\":\"https:\\\/\\\/biancamachado.com.br\\\/blog\\\/\",\"logo\":{\"@type\":\"ImageObject\",\"inLanguage\":\"pt-BR\",\"@id\":\"https:\\\/\\\/biancamachado.com.br\\\/blog\\\/#\\\/schema\\\/logo\\\/image\\\/\",\"url\":\"https:\\\/\\\/i0.wp.com\\\/biancamachado.com.br\\\/blog\\\/wp-content\\\/uploads\\\/2021\\\/02\\\/cropped-logo-ml.jpg?fit=278%2C100&ssl=1\",\"contentUrl\":\"https:\\\/\\\/i0.wp.com\\\/biancamachado.com.br\\\/blog\\\/wp-content\\\/uploads\\\/2021\\\/02\\\/cropped-logo-ml.jpg?fit=278%2C100&ssl=1\",\"width\":278,\"height\":100,\"caption\":\"STUDIO BIANCA MACHADO\"},\"image\":{\"@id\":\"https:\\\/\\\/biancamachado.com.br\\\/blog\\\/#\\\/schema\\\/logo\\\/image\\\/\"},\"sameAs\":[\"https:\\\/\\\/www.facebook.com\\\/Studiobiancamachado\\\/\",\"https:\\\/\\\/www.instagram.com\\\/Studiobiancamachado\\\/\"]},{\"@type\":\"Person\",\"@id\":\"https:\\\/\\\/biancamachado.com.br\\\/blog\\\/#\\\/schema\\\/person\\\/990263800ec5e9bdbbf092a2353550a1\",\"name\":\"biancamachado\",\"image\":{\"@type\":\"ImageObject\",\"inLanguage\":\"pt-BR\",\"@id\":\"https:\\\/\\\/secure.gravatar.com\\\/avatar\\\/62b1a50f2632dbc2e279c3eb55aa46cc324c969cff16a69c59756d155316542c?s=96&d=mm&r=g\",\"url\":\"https:\\\/\\\/secure.gravatar.com\\\/avatar\\\/62b1a50f2632dbc2e279c3eb55aa46cc324c969cff16a69c59756d155316542c?s=96&d=mm&r=g\",\"contentUrl\":\"https:\\\/\\\/secure.gravatar.com\\\/avatar\\\/62b1a50f2632dbc2e279c3eb55aa46cc324c969cff16a69c59756d155316542c?s=96&d=mm&r=g\",\"caption\":\"biancamachado\"},\"sameAs\":[\"https:\\\/\\\/biancamachado.com.br\\\/blog\"],\"url\":\"https:\\\/\\\/biancamachado.com.br\\\/blog\\\/author\\\/biancamachado\\\/\"}]}<\/script>\n<!-- \/ Yoast SEO plugin. -->","yoast_head_json":{"title":"O pai pode sofrer de gravidez psicol\u00f3gica? - STUDIO BIANCA MACHADO","robots":{"index":"index","follow":"follow","max-snippet":"max-snippet:-1","max-image-preview":"max-image-preview:large","max-video-preview":"max-video-preview:-1"},"canonical":"https:\/\/biancamachado.com.br\/blog\/o-pai-pode-sofrer-de-gravidez-psicologica\/","og_locale":"pt_BR","og_type":"article","og_title":"O pai pode sofrer de gravidez psicol\u00f3gica? - STUDIO BIANCA MACHADO","og_description":"Quando o casal tem uma","og_url":"https:\/\/biancamachado.com.br\/blog\/o-pai-pode-sofrer-de-gravidez-psicologica\/","og_site_name":"STUDIO BIANCA MACHADO","article_publisher":"https:\/\/www.facebook.com\/Studiobiancamachado\/","article_published_time":"2012-08-13T04:54:00+00:00","og_image":[{"width":644,"height":418,"url":"https:\/\/i0.wp.com\/biancamachado.com.br\/blog\/wp-content\/uploads\/2012\/08\/Screenshot_396.png?fit=644%2C418&ssl=1","type":"image\/png"}],"author":"biancamachado","twitter_card":"summary_large_image","twitter_misc":{"Escrito por":"biancamachado","Est. tempo de leitura":"1 minuto"},"schema":{"@context":"https:\/\/schema.org","@graph":[{"@type":"Article","@id":"https:\/\/biancamachado.com.br\/blog\/o-pai-pode-sofrer-de-gravidez-psicologica\/#article","isPartOf":{"@id":"https:\/\/biancamachado.com.br\/blog\/o-pai-pode-sofrer-de-gravidez-psicologica\/"},"author":{"name":"biancamachado","@id":"https:\/\/biancamachado.com.br\/blog\/#\/schema\/person\/990263800ec5e9bdbbf092a2353550a1"},"headline":"O pai pode sofrer de gravidez psicol\u00f3gica?","datePublished":"2012-08-13T04:54:00+00:00","mainEntityOfPage":{"@id":"https:\/\/biancamachado.com.br\/blog\/o-pai-pode-sofrer-de-gravidez-psicologica\/"},"wordCount":251,"commentCount":0,"publisher":{"@id":"https:\/\/biancamachado.com.br\/blog\/#organization"},"image":{"@id":"https:\/\/biancamachado.com.br\/blog\/o-pai-pode-sofrer-de-gravidez-psicologica\/#primaryimage"},"thumbnailUrl":"https:\/\/i0.wp.com\/biancamachado.com.br\/blog\/wp-content\/uploads\/2012\/08\/Screenshot_396.png?fit=644%2C418&ssl=1","articleSection":["Studio Bianca Machado"],"inLanguage":"pt-BR","potentialAction":[{"@type":"CommentAction","name":"Comment","target":["https:\/\/biancamachado.com.br\/blog\/o-pai-pode-sofrer-de-gravidez-psicologica\/#respond"]}]},{"@type":"WebPage","@id":"https:\/\/biancamachado.com.br\/blog\/o-pai-pode-sofrer-de-gravidez-psicologica\/","url":"https:\/\/biancamachado.com.br\/blog\/o-pai-pode-sofrer-de-gravidez-psicologica\/","name":"O pai pode sofrer de gravidez psicol\u00f3gica? - STUDIO BIANCA MACHADO","isPartOf":{"@id":"https:\/\/biancamachado.com.br\/blog\/#website"},"primaryImageOfPage":{"@id":"https:\/\/biancamachado.com.br\/blog\/o-pai-pode-sofrer-de-gravidez-psicologica\/#primaryimage"},"image":{"@id":"https:\/\/biancamachado.com.br\/blog\/o-pai-pode-sofrer-de-gravidez-psicologica\/#primaryimage"},"thumbnailUrl":"https:\/\/i0.wp.com\/biancamachado.com.br\/blog\/wp-content\/uploads\/2012\/08\/Screenshot_396.png?fit=644%2C418&ssl=1","datePublished":"2012-08-13T04:54:00+00:00","breadcrumb":{"@id":"https:\/\/biancamachado.com.br\/blog\/o-pai-pode-sofrer-de-gravidez-psicologica\/#breadcrumb"},"inLanguage":"pt-BR","potentialAction":[{"@type":"ReadAction","target":["https:\/\/biancamachado.com.br\/blog\/o-pai-pode-sofrer-de-gravidez-psicologica\/"]}]},{"@type":"ImageObject","inLanguage":"pt-BR","@id":"https:\/\/biancamachado.com.br\/blog\/o-pai-pode-sofrer-de-gravidez-psicologica\/#primaryimage","url":"https:\/\/i0.wp.com\/biancamachado.com.br\/blog\/wp-content\/uploads\/2012\/08\/Screenshot_396.png?fit=644%2C418&ssl=1","contentUrl":"https:\/\/i0.wp.com\/biancamachado.com.br\/blog\/wp-content\/uploads\/2012\/08\/Screenshot_396.png?fit=644%2C418&ssl=1","width":644,"height":418,"caption":"O pai pode sofrer de gravidez psicol\u00f3gica?"},{"@type":"BreadcrumbList","@id":"https:\/\/biancamachado.com.br\/blog\/o-pai-pode-sofrer-de-gravidez-psicologica\/#breadcrumb","itemListElement":[{"@type":"ListItem","position":1,"name":"In\u00edcio","item":"https:\/\/biancamachado.com.br\/blog\/"},{"@type":"ListItem","position":2,"name":"O pai pode sofrer de gravidez psicol\u00f3gica?"}]},{"@type":"WebSite","@id":"https:\/\/biancamachado.com.br\/blog\/#website","url":"https:\/\/biancamachado.com.br\/blog\/","name":"STUDIO BIANCA MACHADO","description":"Estudio Fotografico, Ensaios e Books de foto profissional","publisher":{"@id":"https:\/\/biancamachado.com.br\/blog\/#organization"},"potentialAction":[{"@type":"SearchAction","target":{"@type":"EntryPoint","urlTemplate":"https:\/\/biancamachado.com.br\/blog\/?s={search_term_string}"},"query-input":{"@type":"PropertyValueSpecification","valueRequired":true,"valueName":"search_term_string"}}],"inLanguage":"pt-BR"},{"@type":"Organization","@id":"https:\/\/biancamachado.com.br\/blog\/#organization","name":"STUDIO BIANCA MACHADO","url":"https:\/\/biancamachado.com.br\/blog\/","logo":{"@type":"ImageObject","inLanguage":"pt-BR","@id":"https:\/\/biancamachado.com.br\/blog\/#\/schema\/logo\/image\/","url":"https:\/\/i0.wp.com\/biancamachado.com.br\/blog\/wp-content\/uploads\/2021\/02\/cropped-logo-ml.jpg?fit=278%2C100&ssl=1","contentUrl":"https:\/\/i0.wp.com\/biancamachado.com.br\/blog\/wp-content\/uploads\/2021\/02\/cropped-logo-ml.jpg?fit=278%2C100&ssl=1","width":278,"height":100,"caption":"STUDIO BIANCA MACHADO"},"image":{"@id":"https:\/\/biancamachado.com.br\/blog\/#\/schema\/logo\/image\/"},"sameAs":["https:\/\/www.facebook.com\/Studiobiancamachado\/","https:\/\/www.instagram.com\/Studiobiancamachado\/"]},{"@type":"Person","@id":"https:\/\/biancamachado.com.br\/blog\/#\/schema\/person\/990263800ec5e9bdbbf092a2353550a1","name":"biancamachado","image":{"@type":"ImageObject","inLanguage":"pt-BR","@id":"https:\/\/secure.gravatar.com\/avatar\/62b1a50f2632dbc2e279c3eb55aa46cc324c969cff16a69c59756d155316542c?s=96&d=mm&r=g","url":"https:\/\/secure.gravatar.com\/avatar\/62b1a50f2632dbc2e279c3eb55aa46cc324c969cff16a69c59756d155316542c?s=96&d=mm&r=g","contentUrl":"https:\/\/secure.gravatar.com\/avatar\/62b1a50f2632dbc2e279c3eb55aa46cc324c969cff16a69c59756d155316542c?s=96&d=mm&r=g","caption":"biancamachado"},"sameAs":["https:\/\/biancamachado.com.br\/blog"],"url":"https:\/\/biancamachado.com.br\/blog\/author\/biancamachado\/"}]}},"jetpack_featured_media_url":"https:\/\/i0.wp.com\/biancamachado.com.br\/blog\/wp-content\/uploads\/2012\/08\/Screenshot_396.png?fit=644%2C418&ssl=1","jetpack-related-posts":[],"jetpack_sharing_enabled":true,"_links":{"self":[{"href":"https:\/\/biancamachado.com.br\/blog\/wp-json\/wp\/v2\/posts\/438","targetHints":{"allow":["GET"]}}],"collection":[{"href":"https:\/\/biancamachado.com.br\/blog\/wp-json\/wp\/v2\/posts"}],"about":[{"href":"https:\/\/biancamachado.com.br\/blog\/wp-json\/wp\/v2\/types\/post"}],"author":[{"embeddable":true,"href":"https:\/\/biancamachado.com.br\/blog\/wp-json\/wp\/v2\/users\/1"}],"replies":[{"embeddable":true,"href":"https:\/\/biancamachado.com.br\/blog\/wp-json\/wp\/v2\/comments?post=438"}],"version-history":[{"count":0,"href":"https:\/\/biancamachado.com.br\/blog\/wp-json\/wp\/v2\/posts\/438\/revisions"}],"wp:featuredmedia":[{"embeddable":true,"href":"https:\/\/biancamachado.com.br\/blog\/wp-json\/wp\/v2\/media\/1276"}],"wp:attachment":[{"href":"https:\/\/biancamachado.com.br\/blog\/wp-json\/wp\/v2\/media?parent=438"}],"wp:term":[{"taxonomy":"category","embeddable":true,"href":"https:\/\/biancamachado.com.br\/blog\/wp-json\/wp\/v2\/categories?post=438"},{"taxonomy":"post_tag","embeddable":true,"href":"https:\/\/biancamachado.com.br\/blog\/wp-json\/wp\/v2\/tags?post=438"}],"curies":[{"name":"wp","href":"https:\/\/api.w.org\/{rel}","templated":true}]}}