{"id":4330,"date":"2023-03-06T12:05:45","date_gmt":"2023-03-06T15:05:45","guid":{"rendered":"https:\/\/biancamachado.com.br\/blog\/?p=4330"},"modified":"2023-03-06T12:05:48","modified_gmt":"2023-03-06T15:05:48","slug":"fortalecendo-a-imagem-da-clinica-fotos-profissionais-da-equipe-medica","status":"publish","type":"post","link":"https:\/\/biancamachado.com.br\/blog\/fortalecendo-a-imagem-da-clinica-fotos-profissionais-da-equipe-medica\/","title":{"rendered":"Fortalecendo a imagem da cl\u00ednica: fotos profissionais da equipe m\u00e9dica"},"content":{"rendered":"\n<p>O trabalho de uma equipe m\u00e9dica \u00e9 essencial para a sa\u00fade de muitas pessoas, e \u00e9 importante ter registros profissionais para divulga\u00e7\u00e3o e comunica\u00e7\u00e3o. Foi nesse contexto que Dr. Fabio, Dr. Rodrigo e Dra. Erica da \u00e1rea de cirurgia decidiram fazer fotos profissionais para a cl\u00ednica. A equipe usou um est\u00fadio port\u00e1til e aproveitou os ambientes da cl\u00ednica para capturar o trabalho e dedica\u00e7\u00e3o da equipe m\u00e9dica.<\/p>\n\n\n\n<p>As fotos mostram a compet\u00eancia e profissionalismo da equipe, al\u00e9m de transmitir seguran\u00e7a e confian\u00e7a aos pacientes. Al\u00e9m disso, as fotos s\u00e3o uma forma de divulga\u00e7\u00e3o da cl\u00ednica e dos profissionais, ajudando a atrair novos pacientes e fortalecer a imagem da cl\u00ednica.<\/p>\n\n\n\n<div class=\"wp-block-jetpack-tiled-gallery aligncenter is-style-rectangular\"><div class=\"tiled-gallery__gallery\"><div class=\"tiled-gallery__row\"><div class=\"tiled-gallery__col\" style=\"flex-basis:66.78742%\"><figure class=\"tiled-gallery__item\"><img decoding=\"async\" srcset=\"https:\/\/i1.wp.com\/biancamachado.com.br\/blog\/wp-content\/uploads\/2023\/03\/009-4-1024x683.jpg?strip=info&#038;w=600&#038;ssl=1 600w,https:\/\/i1.wp.com\/biancamachado.com.br\/blog\/wp-content\/uploads\/2023\/03\/009-4-1024x683.jpg?strip=info&#038;w=900&#038;ssl=1 900w,https:\/\/i1.wp.com\/biancamachado.com.br\/blog\/wp-content\/uploads\/2023\/03\/009-4-1024x683.jpg?strip=info&#038;w=1200&#038;ssl=1 1200w,https:\/\/i1.wp.com\/biancamachado.com.br\/blog\/wp-content\/uploads\/2023\/03\/009-4-1024x683.jpg?strip=info&#038;w=1500&#038;ssl=1 1500w,https:\/\/i1.wp.com\/biancamachado.com.br\/blog\/wp-content\/uploads\/2023\/03\/009-4-1024x683.jpg?strip=info&#038;w=1800&#038;ssl=1 1800w,https:\/\/i1.wp.com\/biancamachado.com.br\/blog\/wp-content\/uploads\/2023\/03\/009-4-1024x683.jpg?strip=info&#038;w=2000&#038;ssl=1 2000w\" alt=\"marketing visual da equipe m\u00e9dica\" data-height=\"1707\" data-id=\"4338\" data-link=\"https:\/\/biancamachado.com.br\/blog\/?attachment_id=4338\" data-url=\"https:\/\/biancamachado.com.br\/blog\/wp-content\/uploads\/2023\/03\/009-4-1024x683.jpg\" data-width=\"2560\" src=\"https:\/\/i1.wp.com\/biancamachado.com.br\/blog\/wp-content\/uploads\/2023\/03\/009-4-1024x683.jpg?ssl=1\" data-amp-layout=\"responsive\"\/><\/figure><\/div><div class=\"tiled-gallery__col\" style=\"flex-basis:33.21258%\"><figure class=\"tiled-gallery__item\"><img decoding=\"async\" srcset=\"https:\/\/i1.wp.com\/biancamachado.com.br\/blog\/wp-content\/uploads\/2023\/03\/013-2-1024x683.jpg?strip=info&#038;w=600&#038;ssl=1 600w,https:\/\/i1.wp.com\/biancamachado.com.br\/blog\/wp-content\/uploads\/2023\/03\/013-2-1024x683.jpg?strip=info&#038;w=900&#038;ssl=1 900w,https:\/\/i1.wp.com\/biancamachado.com.br\/blog\/wp-content\/uploads\/2023\/03\/013-2-1024x683.jpg?strip=info&#038;w=1200&#038;ssl=1 1200w,https:\/\/i1.wp.com\/biancamachado.com.br\/blog\/wp-content\/uploads\/2023\/03\/013-2-1024x683.jpg?strip=info&#038;w=1500&#038;ssl=1 1500w,https:\/\/i1.wp.com\/biancamachado.com.br\/blog\/wp-content\/uploads\/2023\/03\/013-2-1024x683.jpg?strip=info&#038;w=1800&#038;ssl=1 1800w,https:\/\/i1.wp.com\/biancamachado.com.br\/blog\/wp-content\/uploads\/2023\/03\/013-2-1024x683.jpg?strip=info&#038;w=2000&#038;ssl=1 2000w\" alt=\"fotos profissionais da \u00e1rea m\u00e9dica de cirurgias\" data-height=\"1707\" data-id=\"4331\" data-link=\"https:\/\/biancamachado.com.br\/blog\/?attachment_id=4331\" data-url=\"https:\/\/biancamachado.com.br\/blog\/wp-content\/uploads\/2023\/03\/013-2-1024x683.jpg\" data-width=\"2560\" src=\"https:\/\/i1.wp.com\/biancamachado.com.br\/blog\/wp-content\/uploads\/2023\/03\/013-2-1024x683.jpg?ssl=1\" data-amp-layout=\"responsive\"\/><\/figure><figure class=\"tiled-gallery__item\"><img decoding=\"async\" srcset=\"https:\/\/i0.wp.com\/biancamachado.com.br\/blog\/wp-content\/uploads\/2023\/03\/003-4-1024x683.jpg?strip=info&#038;w=600&#038;ssl=1 600w,https:\/\/i0.wp.com\/biancamachado.com.br\/blog\/wp-content\/uploads\/2023\/03\/003-4-1024x683.jpg?strip=info&#038;w=900&#038;ssl=1 900w,https:\/\/i0.wp.com\/biancamachado.com.br\/blog\/wp-content\/uploads\/2023\/03\/003-4-1024x683.jpg?strip=info&#038;w=1200&#038;ssl=1 1200w,https:\/\/i0.wp.com\/biancamachado.com.br\/blog\/wp-content\/uploads\/2023\/03\/003-4-1024x683.jpg?strip=info&#038;w=1500&#038;ssl=1 1500w,https:\/\/i0.wp.com\/biancamachado.com.br\/blog\/wp-content\/uploads\/2023\/03\/003-4-1024x683.jpg?strip=info&#038;w=1800&#038;ssl=1 1800w,https:\/\/i0.wp.com\/biancamachado.com.br\/blog\/wp-content\/uploads\/2023\/03\/003-4-1024x683.jpg?strip=info&#038;w=2000&#038;ssl=1 2000w\" alt=\"fotografos profissionais de m\u00e9dicos\" data-height=\"1707\" data-id=\"4336\" data-link=\"https:\/\/biancamachado.com.br\/blog\/?attachment_id=4336\" data-url=\"https:\/\/biancamachado.com.br\/blog\/wp-content\/uploads\/2023\/03\/003-4-1024x683.jpg\" data-width=\"2560\" src=\"https:\/\/i0.wp.com\/biancamachado.com.br\/blog\/wp-content\/uploads\/2023\/03\/003-4-1024x683.jpg?ssl=1\" data-amp-layout=\"responsive\"\/><\/figure><\/div><\/div><div class=\"tiled-gallery__row\"><div class=\"tiled-gallery__col\" style=\"flex-basis:25.01091%\"><figure class=\"tiled-gallery__item\"><img decoding=\"async\" srcset=\"https:\/\/i0.wp.com\/biancamachado.com.br\/blog\/wp-content\/uploads\/2023\/03\/017-2-1024x683.jpg?strip=info&#038;w=600&#038;ssl=1 600w,https:\/\/i0.wp.com\/biancamachado.com.br\/blog\/wp-content\/uploads\/2023\/03\/017-2-1024x683.jpg?strip=info&#038;w=900&#038;ssl=1 900w,https:\/\/i0.wp.com\/biancamachado.com.br\/blog\/wp-content\/uploads\/2023\/03\/017-2-1024x683.jpg?strip=info&#038;w=1200&#038;ssl=1 1200w,https:\/\/i0.wp.com\/biancamachado.com.br\/blog\/wp-content\/uploads\/2023\/03\/017-2-1024x683.jpg?strip=info&#038;w=1500&#038;ssl=1 1500w,https:\/\/i0.wp.com\/biancamachado.com.br\/blog\/wp-content\/uploads\/2023\/03\/017-2-1024x683.jpg?strip=info&#038;w=1800&#038;ssl=1 1800w,https:\/\/i0.wp.com\/biancamachado.com.br\/blog\/wp-content\/uploads\/2023\/03\/017-2-1024x683.jpg?strip=info&#038;w=2000&#038;ssl=1 2000w\" alt=\"fotos da equipe m\u00e9dica ambientadas na cl\u00ednica\" data-height=\"1706\" data-id=\"4333\" data-link=\"https:\/\/biancamachado.com.br\/blog\/?attachment_id=4333\" data-url=\"https:\/\/biancamachado.com.br\/blog\/wp-content\/uploads\/2023\/03\/017-2-1024x683.jpg\" data-width=\"2560\" src=\"https:\/\/i0.wp.com\/biancamachado.com.br\/blog\/wp-content\/uploads\/2023\/03\/017-2-1024x683.jpg?ssl=1\" data-amp-layout=\"responsive\"\/><\/figure><\/div><div class=\"tiled-gallery__col\" style=\"flex-basis:24.99636%\"><figure class=\"tiled-gallery__item\"><img decoding=\"async\" srcset=\"https:\/\/i0.wp.com\/biancamachado.com.br\/blog\/wp-content\/uploads\/2023\/03\/018-1-1024x683.jpg?strip=info&#038;w=600&#038;ssl=1 600w,https:\/\/i0.wp.com\/biancamachado.com.br\/blog\/wp-content\/uploads\/2023\/03\/018-1-1024x683.jpg?strip=info&#038;w=900&#038;ssl=1 900w,https:\/\/i0.wp.com\/biancamachado.com.br\/blog\/wp-content\/uploads\/2023\/03\/018-1-1024x683.jpg?strip=info&#038;w=1200&#038;ssl=1 1200w,https:\/\/i0.wp.com\/biancamachado.com.br\/blog\/wp-content\/uploads\/2023\/03\/018-1-1024x683.jpg?strip=info&#038;w=1500&#038;ssl=1 1500w,https:\/\/i0.wp.com\/biancamachado.com.br\/blog\/wp-content\/uploads\/2023\/03\/018-1-1024x683.jpg?strip=info&#038;w=1800&#038;ssl=1 1800w,https:\/\/i0.wp.com\/biancamachado.com.br\/blog\/wp-content\/uploads\/2023\/03\/018-1-1024x683.jpg?strip=info&#038;w=2000&#038;ssl=1 2000w\" alt=\"fotografias de m\u00e9dicos na empresa\" data-height=\"1707\" data-id=\"4334\" data-link=\"https:\/\/biancamachado.com.br\/blog\/?attachment_id=4334\" data-url=\"https:\/\/biancamachado.com.br\/blog\/wp-content\/uploads\/2023\/03\/018-1-1024x683.jpg\" data-width=\"2560\" src=\"https:\/\/i0.wp.com\/biancamachado.com.br\/blog\/wp-content\/uploads\/2023\/03\/018-1-1024x683.jpg?ssl=1\" data-amp-layout=\"responsive\"\/><\/figure><\/div><div class=\"tiled-gallery__col\" style=\"flex-basis:24.99636%\"><figure class=\"tiled-gallery__item\"><img decoding=\"async\" srcset=\"https:\/\/i2.wp.com\/biancamachado.com.br\/blog\/wp-content\/uploads\/2023\/03\/021-1024x683.jpg?strip=info&#038;w=600&#038;ssl=1 600w,https:\/\/i2.wp.com\/biancamachado.com.br\/blog\/wp-content\/uploads\/2023\/03\/021-1024x683.jpg?strip=info&#038;w=900&#038;ssl=1 900w,https:\/\/i2.wp.com\/biancamachado.com.br\/blog\/wp-content\/uploads\/2023\/03\/021-1024x683.jpg?strip=info&#038;w=1200&#038;ssl=1 1200w,https:\/\/i2.wp.com\/biancamachado.com.br\/blog\/wp-content\/uploads\/2023\/03\/021-1024x683.jpg?strip=info&#038;w=1500&#038;ssl=1 1500w,https:\/\/i2.wp.com\/biancamachado.com.br\/blog\/wp-content\/uploads\/2023\/03\/021-1024x683.jpg?strip=info&#038;w=1800&#038;ssl=1 1800w,https:\/\/i2.wp.com\/biancamachado.com.br\/blog\/wp-content\/uploads\/2023\/03\/021-1024x683.jpg?strip=info&#038;w=2000&#038;ssl=1 2000w\" alt=\"fotos profissionais equipe m\u00e9dica \" data-height=\"1707\" data-id=\"4335\" data-link=\"https:\/\/biancamachado.com.br\/blog\/?attachment_id=4335\" data-url=\"https:\/\/biancamachado.com.br\/blog\/wp-content\/uploads\/2023\/03\/021-1024x683.jpg\" data-width=\"2560\" src=\"https:\/\/i2.wp.com\/biancamachado.com.br\/blog\/wp-content\/uploads\/2023\/03\/021-1024x683.jpg?ssl=1\" data-amp-layout=\"responsive\"\/><\/figure><\/div><div class=\"tiled-gallery__col\" style=\"flex-basis:24.99636%\"><figure class=\"tiled-gallery__item\"><img decoding=\"async\" srcset=\"https:\/\/i0.wp.com\/biancamachado.com.br\/blog\/wp-content\/uploads\/2023\/03\/007-5-1024x683.jpg?strip=info&#038;w=600&#038;ssl=1 600w,https:\/\/i0.wp.com\/biancamachado.com.br\/blog\/wp-content\/uploads\/2023\/03\/007-5-1024x683.jpg?strip=info&#038;w=900&#038;ssl=1 900w,https:\/\/i0.wp.com\/biancamachado.com.br\/blog\/wp-content\/uploads\/2023\/03\/007-5-1024x683.jpg?strip=info&#038;w=1200&#038;ssl=1 1200w,https:\/\/i0.wp.com\/biancamachado.com.br\/blog\/wp-content\/uploads\/2023\/03\/007-5-1024x683.jpg?strip=info&#038;w=1500&#038;ssl=1 1500w,https:\/\/i0.wp.com\/biancamachado.com.br\/blog\/wp-content\/uploads\/2023\/03\/007-5-1024x683.jpg?strip=info&#038;w=1800&#038;ssl=1 1800w,https:\/\/i0.wp.com\/biancamachado.com.br\/blog\/wp-content\/uploads\/2023\/03\/007-5-1024x683.jpg?strip=info&#038;w=2000&#038;ssl=1 2000w\" alt=\"fotografias para perfil profissional da equipe\" data-height=\"1707\" data-id=\"4337\" data-link=\"https:\/\/biancamachado.com.br\/blog\/?attachment_id=4337\" data-url=\"https:\/\/biancamachado.com.br\/blog\/wp-content\/uploads\/2023\/03\/007-5-1024x683.jpg\" data-width=\"2560\" src=\"https:\/\/i0.wp.com\/biancamachado.com.br\/blog\/wp-content\/uploads\/2023\/03\/007-5-1024x683.jpg?ssl=1\" data-amp-layout=\"responsive\"\/><\/figure><\/div><\/div><\/div><\/div>\n\n\n\n<p>A fotografia \u00e9 uma ferramenta valiosa para os profissionais da sa\u00fade, pois permite registrar e compartilhar o seu trabalho e habilidades. Al\u00e9m disso, \u00e9 uma forma de mostrar ao p\u00fablico o cuidado e dedica\u00e7\u00e3o que a equipe m\u00e9dica tem com seus pacientes.<\/p>\n\n\n\n<p>A fotografia \u00e9 uma ferramenta poderosa para as equipes m\u00e9dicas, pois permite que eles compartilhem seu trabalho e habilidades com o p\u00fablico. Al\u00e9m disso, as fotos tamb\u00e9m ajudam a fortalecer a imagem da cl\u00ednica e atrair novos pacientes.<\/p>\nVisite tamb\u00e9m nosso site: www.biancamachado.com.br\r\n(11) 97107-1018\r\n\r\nAtendemos as regi\u00f5es de S\u00e3o Paulo, Sorocaba, Ibi\u00fana, Piedade, Votorantim, Cotia, Itupeva, Jundia\u00ed, It\u00fa e Campinas","protected":false},"excerpt":{"rendered":"<p>O trabalho de uma equipe m\u00e9dica \u00e9 essencial para a sa\u00fade de muitas pessoas, e \u00e9 importante ter registros profissionais para divulga\u00e7\u00e3o e comunica\u00e7\u00e3o. Foi nesse contexto que Dr. Fabio, Dr. Rodrigo e Dra. Erica da \u00e1rea de cirurgia decidiram fazer fotos profissionais para a cl\u00ednica. A equipe usou um est\u00fadio port\u00e1til e aproveitou os ambientes da cl\u00ednica para capturar o trabalho e dedica\u00e7\u00e3o da equipe m\u00e9dica.<\/p>\n","protected":false},"author":1,"featured_media":4338,"comment_status":"open","ping_status":"open","sticky":false,"template":"","format":"standard","meta":{"_monsterinsights_skip_tracking":false,"_monsterinsights_sitenote_active":false,"_monsterinsights_sitenote_note":"","_monsterinsights_sitenote_category":0,"jetpack_post_was_ever_published":false,"_jetpack_newsletter_access":"","_jetpack_dont_email_post_to_subs":false,"_jetpack_newsletter_tier_id":0,"_jetpack_memberships_contains_paywalled_content":false,"_jetpack_memberships_contains_paid_content":false,"_joinchat":[],"footnotes":""},"categories":[322,297],"tags":[716,1105,1106,1108,340,1107],"class_list":["post-4330","post","type-post","status-publish","format-standard","has-post-thumbnail","hentry","category-corporativo-eventos","category-linkedin-retrato-profisional","tag-clinica","tag-equipe-medica","tag-foto-corporativa","tag-fotografos-profissionais-medicos","tag-fotos-profissionais","tag-perfil-profissional-medicos"],"yoast_head":"<!-- This site is optimized with the Yoast SEO plugin v27.4 - https:\/\/yoast.com\/product\/yoast-seo-wordpress\/ -->\n<title>Fortalecendo a imagem da cl\u00ednica: fotos profissionais da equipe m\u00e9dica - STUDIO BIANCA MACHADO<\/title>\n<meta name=\"description\" content=\"O trabalho de uma equipe m\u00e9dica \u00e9 essencial para a sa\u00fade de muitas pessoas, e \u00e9 importante ter registros profissionais para divulga\u00e7\u00e3o e comunica\u00e7\u00e3o. Foi nesse contexto que Dr. Fabio, Dr. Rodrigo e Dra. Erica da \u00e1rea de cirurgia decidiram fazer fotos profissionais para a cl\u00ednica. A equipe usou um est\u00fadio port\u00e1til e aproveitou os ambientes da cl\u00ednica para capturar o trabalho e dedica\u00e7\u00e3o da equipe m\u00e9dica.\" \/>\n<meta name=\"robots\" content=\"index, follow, max-snippet:-1, max-image-preview:large, max-video-preview:-1\" \/>\n<link rel=\"canonical\" href=\"https:\/\/biancamachado.com.br\/blog\/fortalecendo-a-imagem-da-clinica-fotos-profissionais-da-equipe-medica\/\" \/>\n<meta property=\"og:locale\" content=\"pt_BR\" \/>\n<meta property=\"og:type\" content=\"article\" \/>\n<meta property=\"og:title\" content=\"Fortalecendo a imagem da cl\u00ednica: fotos profissionais da equipe m\u00e9dica - STUDIO BIANCA MACHADO\" \/>\n<meta property=\"og:description\" content=\"O trabalho de uma equipe m\u00e9dica \u00e9 essencial para a sa\u00fade de muitas pessoas, e \u00e9 importante ter registros profissionais para divulga\u00e7\u00e3o e comunica\u00e7\u00e3o. Foi nesse contexto que Dr. Fabio, Dr. Rodrigo e Dra. Erica da \u00e1rea de cirurgia decidiram fazer fotos profissionais para a cl\u00ednica. A equipe usou um est\u00fadio port\u00e1til e aproveitou os ambientes da cl\u00ednica para capturar o trabalho e dedica\u00e7\u00e3o da equipe m\u00e9dica.\" \/>\n<meta property=\"og:url\" content=\"https:\/\/biancamachado.com.br\/blog\/fortalecendo-a-imagem-da-clinica-fotos-profissionais-da-equipe-medica\/\" \/>\n<meta property=\"og:site_name\" content=\"STUDIO BIANCA MACHADO\" \/>\n<meta property=\"article:publisher\" content=\"https:\/\/www.facebook.com\/Studiobiancamachado\/\" \/>\n<meta property=\"article:published_time\" content=\"2023-03-06T15:05:45+00:00\" \/>\n<meta property=\"article:modified_time\" content=\"2023-03-06T15:05:48+00:00\" \/>\n<meta property=\"og:image\" content=\"https:\/\/biancamachado.com.br\/blog\/wp-content\/uploads\/2023\/03\/009-4-scaled.jpg?v=1678114921\" \/>\n\t<meta property=\"og:image:width\" content=\"2560\" \/>\n\t<meta property=\"og:image:height\" content=\"1707\" \/>\n\t<meta property=\"og:image:type\" content=\"image\/jpeg\" \/>\n<meta name=\"author\" content=\"biancamachado\" \/>\n<meta name=\"twitter:card\" content=\"summary_large_image\" \/>\n<meta name=\"twitter:label1\" content=\"Escrito por\" \/>\n\t<meta name=\"twitter:data1\" content=\"biancamachado\" \/>\n\t<meta name=\"twitter:label2\" content=\"Est. tempo de leitura\" \/>\n\t<meta name=\"twitter:data2\" content=\"3 minutos\" \/>\n<script type=\"application\/ld+json\" class=\"yoast-schema-graph\">{\"@context\":\"https:\\\/\\\/schema.org\",\"@graph\":[{\"@type\":\"Article\",\"@id\":\"https:\\\/\\\/biancamachado.com.br\\\/blog\\\/fortalecendo-a-imagem-da-clinica-fotos-profissionais-da-equipe-medica\\\/#article\",\"isPartOf\":{\"@id\":\"https:\\\/\\\/biancamachado.com.br\\\/blog\\\/fortalecendo-a-imagem-da-clinica-fotos-profissionais-da-equipe-medica\\\/\"},\"author\":{\"name\":\"biancamachado\",\"@id\":\"https:\\\/\\\/biancamachado.com.br\\\/blog\\\/#\\\/schema\\\/person\\\/990263800ec5e9bdbbf092a2353550a1\"},\"headline\":\"Fortalecendo a imagem da cl\u00ednica: fotos profissionais da equipe m\u00e9dica\",\"datePublished\":\"2023-03-06T15:05:45+00:00\",\"dateModified\":\"2023-03-06T15:05:48+00:00\",\"mainEntityOfPage\":{\"@id\":\"https:\\\/\\\/biancamachado.com.br\\\/blog\\\/fortalecendo-a-imagem-da-clinica-fotos-profissionais-da-equipe-medica\\\/\"},\"wordCount\":225,\"commentCount\":0,\"publisher\":{\"@id\":\"https:\\\/\\\/biancamachado.com.br\\\/blog\\\/#organization\"},\"image\":{\"@id\":\"https:\\\/\\\/biancamachado.com.br\\\/blog\\\/fortalecendo-a-imagem-da-clinica-fotos-profissionais-da-equipe-medica\\\/#primaryimage\"},\"thumbnailUrl\":\"https:\\\/\\\/i0.wp.com\\\/biancamachado.com.br\\\/blog\\\/wp-content\\\/uploads\\\/2023\\\/03\\\/009-4-scaled.jpg?fit=2560%2C1707&ssl=1?v=1678114921\",\"keywords\":[\"cl\u00ednica\",\"equipe m\u00e9dica\",\"foto corporativa\",\"fotografos profissionais m\u00e9dicos\",\"fotos profissionais\",\"perfil profissional m\u00e9dicos\"],\"articleSection\":[\"Corporativo \\\/ Eventos\",\"Linkedin Retrato Profisional\"],\"inLanguage\":\"pt-BR\",\"potentialAction\":[{\"@type\":\"CommentAction\",\"name\":\"Comment\",\"target\":[\"https:\\\/\\\/biancamachado.com.br\\\/blog\\\/fortalecendo-a-imagem-da-clinica-fotos-profissionais-da-equipe-medica\\\/#respond\"]}]},{\"@type\":\"WebPage\",\"@id\":\"https:\\\/\\\/biancamachado.com.br\\\/blog\\\/fortalecendo-a-imagem-da-clinica-fotos-profissionais-da-equipe-medica\\\/\",\"url\":\"https:\\\/\\\/biancamachado.com.br\\\/blog\\\/fortalecendo-a-imagem-da-clinica-fotos-profissionais-da-equipe-medica\\\/\",\"name\":\"Fortalecendo a imagem da cl\u00ednica: fotos profissionais da equipe m\u00e9dica - STUDIO BIANCA MACHADO\",\"isPartOf\":{\"@id\":\"https:\\\/\\\/biancamachado.com.br\\\/blog\\\/#website\"},\"primaryImageOfPage\":{\"@id\":\"https:\\\/\\\/biancamachado.com.br\\\/blog\\\/fortalecendo-a-imagem-da-clinica-fotos-profissionais-da-equipe-medica\\\/#primaryimage\"},\"image\":{\"@id\":\"https:\\\/\\\/biancamachado.com.br\\\/blog\\\/fortalecendo-a-imagem-da-clinica-fotos-profissionais-da-equipe-medica\\\/#primaryimage\"},\"thumbnailUrl\":\"https:\\\/\\\/i0.wp.com\\\/biancamachado.com.br\\\/blog\\\/wp-content\\\/uploads\\\/2023\\\/03\\\/009-4-scaled.jpg?fit=2560%2C1707&ssl=1?v=1678114921\",\"datePublished\":\"2023-03-06T15:05:45+00:00\",\"dateModified\":\"2023-03-06T15:05:48+00:00\",\"description\":\"O trabalho de uma equipe m\u00e9dica \u00e9 essencial para a sa\u00fade de muitas pessoas, e \u00e9 importante ter registros profissionais para divulga\u00e7\u00e3o e comunica\u00e7\u00e3o. Foi nesse contexto que Dr. Fabio, Dr. Rodrigo e Dra. Erica da \u00e1rea de cirurgia decidiram fazer fotos profissionais para a cl\u00ednica. A equipe usou um est\u00fadio port\u00e1til e aproveitou os ambientes da cl\u00ednica para capturar o trabalho e dedica\u00e7\u00e3o da equipe m\u00e9dica.\",\"breadcrumb\":{\"@id\":\"https:\\\/\\\/biancamachado.com.br\\\/blog\\\/fortalecendo-a-imagem-da-clinica-fotos-profissionais-da-equipe-medica\\\/#breadcrumb\"},\"inLanguage\":\"pt-BR\",\"potentialAction\":[{\"@type\":\"ReadAction\",\"target\":[\"https:\\\/\\\/biancamachado.com.br\\\/blog\\\/fortalecendo-a-imagem-da-clinica-fotos-profissionais-da-equipe-medica\\\/\"]}]},{\"@type\":\"ImageObject\",\"inLanguage\":\"pt-BR\",\"@id\":\"https:\\\/\\\/biancamachado.com.br\\\/blog\\\/fortalecendo-a-imagem-da-clinica-fotos-profissionais-da-equipe-medica\\\/#primaryimage\",\"url\":\"https:\\\/\\\/i0.wp.com\\\/biancamachado.com.br\\\/blog\\\/wp-content\\\/uploads\\\/2023\\\/03\\\/009-4-scaled.jpg?fit=2560%2C1707&ssl=1?v=1678114921\",\"contentUrl\":\"https:\\\/\\\/i0.wp.com\\\/biancamachado.com.br\\\/blog\\\/wp-content\\\/uploads\\\/2023\\\/03\\\/009-4-scaled.jpg?fit=2560%2C1707&ssl=1?v=1678114921\",\"width\":2560,\"height\":1707,\"caption\":\"marketing visual da equipe m\u00e9dica\"},{\"@type\":\"BreadcrumbList\",\"@id\":\"https:\\\/\\\/biancamachado.com.br\\\/blog\\\/fortalecendo-a-imagem-da-clinica-fotos-profissionais-da-equipe-medica\\\/#breadcrumb\",\"itemListElement\":[{\"@type\":\"ListItem\",\"position\":1,\"name\":\"In\u00edcio\",\"item\":\"https:\\\/\\\/biancamachado.com.br\\\/blog\\\/\"},{\"@type\":\"ListItem\",\"position\":2,\"name\":\"Fortalecendo a imagem da cl\u00ednica: fotos profissionais da equipe m\u00e9dica\"}]},{\"@type\":\"WebSite\",\"@id\":\"https:\\\/\\\/biancamachado.com.br\\\/blog\\\/#website\",\"url\":\"https:\\\/\\\/biancamachado.com.br\\\/blog\\\/\",\"name\":\"STUDIO BIANCA MACHADO\",\"description\":\"Estudio Fotografico, Ensaios e Books de foto profissional\",\"publisher\":{\"@id\":\"https:\\\/\\\/biancamachado.com.br\\\/blog\\\/#organization\"},\"potentialAction\":[{\"@type\":\"SearchAction\",\"target\":{\"@type\":\"EntryPoint\",\"urlTemplate\":\"https:\\\/\\\/biancamachado.com.br\\\/blog\\\/?s={search_term_string}\"},\"query-input\":{\"@type\":\"PropertyValueSpecification\",\"valueRequired\":true,\"valueName\":\"search_term_string\"}}],\"inLanguage\":\"pt-BR\"},{\"@type\":\"Organization\",\"@id\":\"https:\\\/\\\/biancamachado.com.br\\\/blog\\\/#organization\",\"name\":\"STUDIO BIANCA MACHADO\",\"url\":\"https:\\\/\\\/biancamachado.com.br\\\/blog\\\/\",\"logo\":{\"@type\":\"ImageObject\",\"inLanguage\":\"pt-BR\",\"@id\":\"https:\\\/\\\/biancamachado.com.br\\\/blog\\\/#\\\/schema\\\/logo\\\/image\\\/\",\"url\":\"https:\\\/\\\/i0.wp.com\\\/biancamachado.com.br\\\/blog\\\/wp-content\\\/uploads\\\/2021\\\/02\\\/cropped-logo-ml.jpg?fit=278%2C100&ssl=1\",\"contentUrl\":\"https:\\\/\\\/i0.wp.com\\\/biancamachado.com.br\\\/blog\\\/wp-content\\\/uploads\\\/2021\\\/02\\\/cropped-logo-ml.jpg?fit=278%2C100&ssl=1\",\"width\":278,\"height\":100,\"caption\":\"STUDIO BIANCA MACHADO\"},\"image\":{\"@id\":\"https:\\\/\\\/biancamachado.com.br\\\/blog\\\/#\\\/schema\\\/logo\\\/image\\\/\"},\"sameAs\":[\"https:\\\/\\\/www.facebook.com\\\/Studiobiancamachado\\\/\",\"https:\\\/\\\/www.instagram.com\\\/Studiobiancamachado\\\/\"]},{\"@type\":\"Person\",\"@id\":\"https:\\\/\\\/biancamachado.com.br\\\/blog\\\/#\\\/schema\\\/person\\\/990263800ec5e9bdbbf092a2353550a1\",\"name\":\"biancamachado\",\"image\":{\"@type\":\"ImageObject\",\"inLanguage\":\"pt-BR\",\"@id\":\"https:\\\/\\\/secure.gravatar.com\\\/avatar\\\/62b1a50f2632dbc2e279c3eb55aa46cc324c969cff16a69c59756d155316542c?s=96&d=mm&r=g\",\"url\":\"https:\\\/\\\/secure.gravatar.com\\\/avatar\\\/62b1a50f2632dbc2e279c3eb55aa46cc324c969cff16a69c59756d155316542c?s=96&d=mm&r=g\",\"contentUrl\":\"https:\\\/\\\/secure.gravatar.com\\\/avatar\\\/62b1a50f2632dbc2e279c3eb55aa46cc324c969cff16a69c59756d155316542c?s=96&d=mm&r=g\",\"caption\":\"biancamachado\"},\"sameAs\":[\"https:\\\/\\\/biancamachado.com.br\\\/blog\"],\"url\":\"https:\\\/\\\/biancamachado.com.br\\\/blog\\\/author\\\/biancamachado\\\/\"}]}<\/script>\n<!-- \/ Yoast SEO plugin. -->","yoast_head_json":{"title":"Fortalecendo a imagem da cl\u00ednica: fotos profissionais da equipe m\u00e9dica - STUDIO BIANCA MACHADO","description":"O trabalho de uma equipe m\u00e9dica \u00e9 essencial para a sa\u00fade de muitas pessoas, e \u00e9 importante ter registros profissionais para divulga\u00e7\u00e3o e comunica\u00e7\u00e3o. Foi nesse contexto que Dr. Fabio, Dr. Rodrigo e Dra. Erica da \u00e1rea de cirurgia decidiram fazer fotos profissionais para a cl\u00ednica. A equipe usou um est\u00fadio port\u00e1til e aproveitou os ambientes da cl\u00ednica para capturar o trabalho e dedica\u00e7\u00e3o da equipe m\u00e9dica.","robots":{"index":"index","follow":"follow","max-snippet":"max-snippet:-1","max-image-preview":"max-image-preview:large","max-video-preview":"max-video-preview:-1"},"canonical":"https:\/\/biancamachado.com.br\/blog\/fortalecendo-a-imagem-da-clinica-fotos-profissionais-da-equipe-medica\/","og_locale":"pt_BR","og_type":"article","og_title":"Fortalecendo a imagem da cl\u00ednica: fotos profissionais da equipe m\u00e9dica - STUDIO BIANCA MACHADO","og_description":"O trabalho de uma equipe m\u00e9dica \u00e9 essencial para a sa\u00fade de muitas pessoas, e \u00e9 importante ter registros profissionais para divulga\u00e7\u00e3o e comunica\u00e7\u00e3o. Foi nesse contexto que Dr. Fabio, Dr. Rodrigo e Dra. Erica da \u00e1rea de cirurgia decidiram fazer fotos profissionais para a cl\u00ednica. A equipe usou um est\u00fadio port\u00e1til e aproveitou os ambientes da cl\u00ednica para capturar o trabalho e dedica\u00e7\u00e3o da equipe m\u00e9dica.","og_url":"https:\/\/biancamachado.com.br\/blog\/fortalecendo-a-imagem-da-clinica-fotos-profissionais-da-equipe-medica\/","og_site_name":"STUDIO BIANCA MACHADO","article_publisher":"https:\/\/www.facebook.com\/Studiobiancamachado\/","article_published_time":"2023-03-06T15:05:45+00:00","article_modified_time":"2023-03-06T15:05:48+00:00","og_image":[{"width":2560,"height":1707,"url":"https:\/\/biancamachado.com.br\/blog\/wp-content\/uploads\/2023\/03\/009-4-scaled.jpg?v=1678114921","type":"image\/jpeg"}],"author":"biancamachado","twitter_card":"summary_large_image","twitter_misc":{"Escrito por":"biancamachado","Est. tempo de leitura":"3 minutos"},"schema":{"@context":"https:\/\/schema.org","@graph":[{"@type":"Article","@id":"https:\/\/biancamachado.com.br\/blog\/fortalecendo-a-imagem-da-clinica-fotos-profissionais-da-equipe-medica\/#article","isPartOf":{"@id":"https:\/\/biancamachado.com.br\/blog\/fortalecendo-a-imagem-da-clinica-fotos-profissionais-da-equipe-medica\/"},"author":{"name":"biancamachado","@id":"https:\/\/biancamachado.com.br\/blog\/#\/schema\/person\/990263800ec5e9bdbbf092a2353550a1"},"headline":"Fortalecendo a imagem da cl\u00ednica: fotos profissionais da equipe m\u00e9dica","datePublished":"2023-03-06T15:05:45+00:00","dateModified":"2023-03-06T15:05:48+00:00","mainEntityOfPage":{"@id":"https:\/\/biancamachado.com.br\/blog\/fortalecendo-a-imagem-da-clinica-fotos-profissionais-da-equipe-medica\/"},"wordCount":225,"commentCount":0,"publisher":{"@id":"https:\/\/biancamachado.com.br\/blog\/#organization"},"image":{"@id":"https:\/\/biancamachado.com.br\/blog\/fortalecendo-a-imagem-da-clinica-fotos-profissionais-da-equipe-medica\/#primaryimage"},"thumbnailUrl":"https:\/\/i0.wp.com\/biancamachado.com.br\/blog\/wp-content\/uploads\/2023\/03\/009-4-scaled.jpg?fit=2560%2C1707&ssl=1?v=1678114921","keywords":["cl\u00ednica","equipe m\u00e9dica","foto corporativa","fotografos profissionais m\u00e9dicos","fotos profissionais","perfil profissional m\u00e9dicos"],"articleSection":["Corporativo \/ Eventos","Linkedin Retrato Profisional"],"inLanguage":"pt-BR","potentialAction":[{"@type":"CommentAction","name":"Comment","target":["https:\/\/biancamachado.com.br\/blog\/fortalecendo-a-imagem-da-clinica-fotos-profissionais-da-equipe-medica\/#respond"]}]},{"@type":"WebPage","@id":"https:\/\/biancamachado.com.br\/blog\/fortalecendo-a-imagem-da-clinica-fotos-profissionais-da-equipe-medica\/","url":"https:\/\/biancamachado.com.br\/blog\/fortalecendo-a-imagem-da-clinica-fotos-profissionais-da-equipe-medica\/","name":"Fortalecendo a imagem da cl\u00ednica: fotos profissionais da equipe m\u00e9dica - STUDIO BIANCA MACHADO","isPartOf":{"@id":"https:\/\/biancamachado.com.br\/blog\/#website"},"primaryImageOfPage":{"@id":"https:\/\/biancamachado.com.br\/blog\/fortalecendo-a-imagem-da-clinica-fotos-profissionais-da-equipe-medica\/#primaryimage"},"image":{"@id":"https:\/\/biancamachado.com.br\/blog\/fortalecendo-a-imagem-da-clinica-fotos-profissionais-da-equipe-medica\/#primaryimage"},"thumbnailUrl":"https:\/\/i0.wp.com\/biancamachado.com.br\/blog\/wp-content\/uploads\/2023\/03\/009-4-scaled.jpg?fit=2560%2C1707&ssl=1?v=1678114921","datePublished":"2023-03-06T15:05:45+00:00","dateModified":"2023-03-06T15:05:48+00:00","description":"O trabalho de uma equipe m\u00e9dica \u00e9 essencial para a sa\u00fade de muitas pessoas, e \u00e9 importante ter registros profissionais para divulga\u00e7\u00e3o e comunica\u00e7\u00e3o. Foi nesse contexto que Dr. Fabio, Dr. Rodrigo e Dra. Erica da \u00e1rea de cirurgia decidiram fazer fotos profissionais para a cl\u00ednica. A equipe usou um est\u00fadio port\u00e1til e aproveitou os ambientes da cl\u00ednica para capturar o trabalho e dedica\u00e7\u00e3o da equipe m\u00e9dica.","breadcrumb":{"@id":"https:\/\/biancamachado.com.br\/blog\/fortalecendo-a-imagem-da-clinica-fotos-profissionais-da-equipe-medica\/#breadcrumb"},"inLanguage":"pt-BR","potentialAction":[{"@type":"ReadAction","target":["https:\/\/biancamachado.com.br\/blog\/fortalecendo-a-imagem-da-clinica-fotos-profissionais-da-equipe-medica\/"]}]},{"@type":"ImageObject","inLanguage":"pt-BR","@id":"https:\/\/biancamachado.com.br\/blog\/fortalecendo-a-imagem-da-clinica-fotos-profissionais-da-equipe-medica\/#primaryimage","url":"https:\/\/i0.wp.com\/biancamachado.com.br\/blog\/wp-content\/uploads\/2023\/03\/009-4-scaled.jpg?fit=2560%2C1707&ssl=1?v=1678114921","contentUrl":"https:\/\/i0.wp.com\/biancamachado.com.br\/blog\/wp-content\/uploads\/2023\/03\/009-4-scaled.jpg?fit=2560%2C1707&ssl=1?v=1678114921","width":2560,"height":1707,"caption":"marketing visual da equipe m\u00e9dica"},{"@type":"BreadcrumbList","@id":"https:\/\/biancamachado.com.br\/blog\/fortalecendo-a-imagem-da-clinica-fotos-profissionais-da-equipe-medica\/#breadcrumb","itemListElement":[{"@type":"ListItem","position":1,"name":"In\u00edcio","item":"https:\/\/biancamachado.com.br\/blog\/"},{"@type":"ListItem","position":2,"name":"Fortalecendo a imagem da cl\u00ednica: fotos profissionais da equipe m\u00e9dica"}]},{"@type":"WebSite","@id":"https:\/\/biancamachado.com.br\/blog\/#website","url":"https:\/\/biancamachado.com.br\/blog\/","name":"STUDIO BIANCA MACHADO","description":"Estudio Fotografico, Ensaios e Books de foto profissional","publisher":{"@id":"https:\/\/biancamachado.com.br\/blog\/#organization"},"potentialAction":[{"@type":"SearchAction","target":{"@type":"EntryPoint","urlTemplate":"https:\/\/biancamachado.com.br\/blog\/?s={search_term_string}"},"query-input":{"@type":"PropertyValueSpecification","valueRequired":true,"valueName":"search_term_string"}}],"inLanguage":"pt-BR"},{"@type":"Organization","@id":"https:\/\/biancamachado.com.br\/blog\/#organization","name":"STUDIO BIANCA MACHADO","url":"https:\/\/biancamachado.com.br\/blog\/","logo":{"@type":"ImageObject","inLanguage":"pt-BR","@id":"https:\/\/biancamachado.com.br\/blog\/#\/schema\/logo\/image\/","url":"https:\/\/i0.wp.com\/biancamachado.com.br\/blog\/wp-content\/uploads\/2021\/02\/cropped-logo-ml.jpg?fit=278%2C100&ssl=1","contentUrl":"https:\/\/i0.wp.com\/biancamachado.com.br\/blog\/wp-content\/uploads\/2021\/02\/cropped-logo-ml.jpg?fit=278%2C100&ssl=1","width":278,"height":100,"caption":"STUDIO BIANCA MACHADO"},"image":{"@id":"https:\/\/biancamachado.com.br\/blog\/#\/schema\/logo\/image\/"},"sameAs":["https:\/\/www.facebook.com\/Studiobiancamachado\/","https:\/\/www.instagram.com\/Studiobiancamachado\/"]},{"@type":"Person","@id":"https:\/\/biancamachado.com.br\/blog\/#\/schema\/person\/990263800ec5e9bdbbf092a2353550a1","name":"biancamachado","image":{"@type":"ImageObject","inLanguage":"pt-BR","@id":"https:\/\/secure.gravatar.com\/avatar\/62b1a50f2632dbc2e279c3eb55aa46cc324c969cff16a69c59756d155316542c?s=96&d=mm&r=g","url":"https:\/\/secure.gravatar.com\/avatar\/62b1a50f2632dbc2e279c3eb55aa46cc324c969cff16a69c59756d155316542c?s=96&d=mm&r=g","contentUrl":"https:\/\/secure.gravatar.com\/avatar\/62b1a50f2632dbc2e279c3eb55aa46cc324c969cff16a69c59756d155316542c?s=96&d=mm&r=g","caption":"biancamachado"},"sameAs":["https:\/\/biancamachado.com.br\/blog"],"url":"https:\/\/biancamachado.com.br\/blog\/author\/biancamachado\/"}]}},"jetpack_featured_media_url":"https:\/\/i0.wp.com\/biancamachado.com.br\/blog\/wp-content\/uploads\/2023\/03\/009-4-scaled.jpg?fit=2560%2C1707&ssl=1?v=1678114921","jetpack-related-posts":[],"jetpack_sharing_enabled":true,"_links":{"self":[{"href":"https:\/\/biancamachado.com.br\/blog\/wp-json\/wp\/v2\/posts\/4330","targetHints":{"allow":["GET"]}}],"collection":[{"href":"https:\/\/biancamachado.com.br\/blog\/wp-json\/wp\/v2\/posts"}],"about":[{"href":"https:\/\/biancamachado.com.br\/blog\/wp-json\/wp\/v2\/types\/post"}],"author":[{"embeddable":true,"href":"https:\/\/biancamachado.com.br\/blog\/wp-json\/wp\/v2\/users\/1"}],"replies":[{"embeddable":true,"href":"https:\/\/biancamachado.com.br\/blog\/wp-json\/wp\/v2\/comments?post=4330"}],"version-history":[{"count":1,"href":"https:\/\/biancamachado.com.br\/blog\/wp-json\/wp\/v2\/posts\/4330\/revisions"}],"predecessor-version":[{"id":4339,"href":"https:\/\/biancamachado.com.br\/blog\/wp-json\/wp\/v2\/posts\/4330\/revisions\/4339"}],"wp:featuredmedia":[{"embeddable":true,"href":"https:\/\/biancamachado.com.br\/blog\/wp-json\/wp\/v2\/media\/4338"}],"wp:attachment":[{"href":"https:\/\/biancamachado.com.br\/blog\/wp-json\/wp\/v2\/media?parent=4330"}],"wp:term":[{"taxonomy":"category","embeddable":true,"href":"https:\/\/biancamachado.com.br\/blog\/wp-json\/wp\/v2\/categories?post=4330"},{"taxonomy":"post_tag","embeddable":true,"href":"https:\/\/biancamachado.com.br\/blog\/wp-json\/wp\/v2\/tags?post=4330"}],"curies":[{"name":"wp","href":"https:\/\/api.w.org\/{rel}","templated":true}]}}