{"id":4119,"date":"2023-03-02T11:40:53","date_gmt":"2023-03-02T14:40:53","guid":{"rendered":"https:\/\/biancamachado.com.br\/blog\/?p=4119"},"modified":"2023-03-02T11:42:11","modified_gmt":"2023-03-02T14:42:11","slug":"uma-noite-inesquecivel-aniversario-de-40-anos-da-aline-no-villa-glan","status":"publish","type":"post","link":"https:\/\/biancamachado.com.br\/blog\/uma-noite-inesquecivel-aniversario-de-40-anos-da-aline-no-villa-glan\/","title":{"rendered":"Uma noite inesquec\u00edvel: Anivers\u00e1rio de 40 anos da Aline no Villa Glan"},"content":{"rendered":"\n<p>Comemorar uma data t\u00e3o importante quanto os 40 anos merece um grande festejo, e foi exatamente isso que a Aline fez. A celebra\u00e7\u00e3o aconteceu no Espa\u00e7o Villa Glan em Moema, um local elegante e aconchegante, perfeito para celebrar a vida ao lado de amigos e familiares.<\/p>\n\n\n\n<div class=\"wp-block-jetpack-tiled-gallery aligncenter is-style-rectangular\"><div class=\"tiled-gallery__gallery\"><div class=\"tiled-gallery__row\"><div class=\"tiled-gallery__col\" style=\"flex-basis:52.74265%\"><figure class=\"tiled-gallery__item\"><img decoding=\"async\" srcset=\"https:\/\/i0.wp.com\/biancamachado.com.br\/blog\/wp-content\/uploads\/2023\/03\/237-1024x683.jpg?strip=info&#038;w=600&#038;ssl=1 600w,https:\/\/i0.wp.com\/biancamachado.com.br\/blog\/wp-content\/uploads\/2023\/03\/237-1024x683.jpg?strip=info&#038;w=900&#038;ssl=1 900w,https:\/\/i0.wp.com\/biancamachado.com.br\/blog\/wp-content\/uploads\/2023\/03\/237-1024x683.jpg?strip=info&#038;w=1200&#038;ssl=1 1200w,https:\/\/i0.wp.com\/biancamachado.com.br\/blog\/wp-content\/uploads\/2023\/03\/237-1024x683.jpg?strip=info&#038;w=1500&#038;ssl=1 1500w,https:\/\/i0.wp.com\/biancamachado.com.br\/blog\/wp-content\/uploads\/2023\/03\/237-1024x683.jpg?strip=info&#038;w=1800&#038;ssl=1 1800w,https:\/\/i0.wp.com\/biancamachado.com.br\/blog\/wp-content\/uploads\/2023\/03\/237-1024x683.jpg?strip=info&#038;w=2000&#038;ssl=1 2000w\" alt=\"fotografos profissionais fotos\" data-height=\"1707\" data-id=\"4132\" data-link=\"https:\/\/biancamachado.com.br\/blog\/?attachment_id=4132\" data-url=\"https:\/\/biancamachado.com.br\/blog\/wp-content\/uploads\/2023\/03\/237-1024x683.jpg\" data-width=\"2560\" src=\"https:\/\/i0.wp.com\/biancamachado.com.br\/blog\/wp-content\/uploads\/2023\/03\/237-1024x683.jpg?ssl=1\" data-amp-layout=\"responsive\"\/><\/figure><figure class=\"tiled-gallery__item\"><img decoding=\"async\" srcset=\"https:\/\/i1.wp.com\/biancamachado.com.br\/blog\/wp-content\/uploads\/2023\/03\/128-1024x683.jpg?strip=info&#038;w=600&#038;ssl=1 600w,https:\/\/i1.wp.com\/biancamachado.com.br\/blog\/wp-content\/uploads\/2023\/03\/128-1024x683.jpg?strip=info&#038;w=900&#038;ssl=1 900w,https:\/\/i1.wp.com\/biancamachado.com.br\/blog\/wp-content\/uploads\/2023\/03\/128-1024x683.jpg?strip=info&#038;w=1200&#038;ssl=1 1200w,https:\/\/i1.wp.com\/biancamachado.com.br\/blog\/wp-content\/uploads\/2023\/03\/128-1024x683.jpg?strip=info&#038;w=1500&#038;ssl=1 1500w,https:\/\/i1.wp.com\/biancamachado.com.br\/blog\/wp-content\/uploads\/2023\/03\/128-1024x683.jpg?strip=info&#038;w=1800&#038;ssl=1 1800w,https:\/\/i1.wp.com\/biancamachado.com.br\/blog\/wp-content\/uploads\/2023\/03\/128-1024x683.jpg?strip=info&#038;w=2000&#038;ssl=1 2000w\" alt=\"fotografias profissionais\" data-height=\"1707\" data-id=\"4131\" data-link=\"https:\/\/biancamachado.com.br\/blog\/?attachment_id=4131\" data-url=\"https:\/\/biancamachado.com.br\/blog\/wp-content\/uploads\/2023\/03\/128-1024x683.jpg\" data-width=\"2560\" src=\"https:\/\/i1.wp.com\/biancamachado.com.br\/blog\/wp-content\/uploads\/2023\/03\/128-1024x683.jpg?ssl=1\" data-amp-layout=\"responsive\"\/><\/figure><\/div><div class=\"tiled-gallery__col\" style=\"flex-basis:47.25735%\"><figure class=\"tiled-gallery__item\"><img decoding=\"async\" srcset=\"https:\/\/i2.wp.com\/biancamachado.com.br\/blog\/wp-content\/uploads\/2023\/03\/122-683x1024.jpg?strip=info&#038;w=600&#038;ssl=1 600w,https:\/\/i2.wp.com\/biancamachado.com.br\/blog\/wp-content\/uploads\/2023\/03\/122-683x1024.jpg?strip=info&#038;w=900&#038;ssl=1 900w,https:\/\/i2.wp.com\/biancamachado.com.br\/blog\/wp-content\/uploads\/2023\/03\/122-683x1024.jpg?strip=info&#038;w=1200&#038;ssl=1 1200w,https:\/\/i2.wp.com\/biancamachado.com.br\/blog\/wp-content\/uploads\/2023\/03\/122-683x1024.jpg?strip=info&#038;w=1500&#038;ssl=1 1500w,https:\/\/i2.wp.com\/biancamachado.com.br\/blog\/wp-content\/uploads\/2023\/03\/122-683x1024.jpg?strip=info&#038;w=1707&#038;ssl=1 1707w\" alt=\"foto profissional comemora\u00e7ao\" data-height=\"2560\" data-id=\"4130\" data-link=\"https:\/\/biancamachado.com.br\/blog\/?attachment_id=4130\" data-url=\"https:\/\/biancamachado.com.br\/blog\/wp-content\/uploads\/2023\/03\/122-683x1024.jpg\" data-width=\"1707\" src=\"https:\/\/i2.wp.com\/biancamachado.com.br\/blog\/wp-content\/uploads\/2023\/03\/122-683x1024.jpg?ssl=1\" data-amp-layout=\"responsive\"\/><\/figure><\/div><\/div><div class=\"tiled-gallery__row\"><div class=\"tiled-gallery__col\" style=\"flex-basis:23.56797%\"><figure class=\"tiled-gallery__item\"><img decoding=\"async\" srcset=\"https:\/\/i2.wp.com\/biancamachado.com.br\/blog\/wp-content\/uploads\/2023\/03\/034-683x1024.jpg?strip=info&#038;w=600&#038;ssl=1 600w,https:\/\/i2.wp.com\/biancamachado.com.br\/blog\/wp-content\/uploads\/2023\/03\/034-683x1024.jpg?strip=info&#038;w=900&#038;ssl=1 900w,https:\/\/i2.wp.com\/biancamachado.com.br\/blog\/wp-content\/uploads\/2023\/03\/034-683x1024.jpg?strip=info&#038;w=1200&#038;ssl=1 1200w,https:\/\/i2.wp.com\/biancamachado.com.br\/blog\/wp-content\/uploads\/2023\/03\/034-683x1024.jpg?strip=info&#038;w=1500&#038;ssl=1 1500w,https:\/\/i2.wp.com\/biancamachado.com.br\/blog\/wp-content\/uploads\/2023\/03\/034-683x1024.jpg?strip=info&#038;w=1707&#038;ssl=1 1707w\" alt=\"id\u00e9ias decora\u00e7ao 40 anos\" data-height=\"2560\" data-id=\"4129\" data-link=\"https:\/\/biancamachado.com.br\/blog\/?attachment_id=4129\" data-url=\"https:\/\/biancamachado.com.br\/blog\/wp-content\/uploads\/2023\/03\/034-683x1024.jpg\" data-width=\"1707\" src=\"https:\/\/i2.wp.com\/biancamachado.com.br\/blog\/wp-content\/uploads\/2023\/03\/034-683x1024.jpg?ssl=1\" data-amp-layout=\"responsive\"\/><\/figure><\/div><div class=\"tiled-gallery__col\" style=\"flex-basis:52.86406%\"><figure class=\"tiled-gallery__item\"><img decoding=\"async\" srcset=\"https:\/\/i0.wp.com\/biancamachado.com.br\/blog\/wp-content\/uploads\/2023\/03\/032-1024x683.jpg?strip=info&#038;w=600&#038;ssl=1 600w,https:\/\/i0.wp.com\/biancamachado.com.br\/blog\/wp-content\/uploads\/2023\/03\/032-1024x683.jpg?strip=info&#038;w=900&#038;ssl=1 900w,https:\/\/i0.wp.com\/biancamachado.com.br\/blog\/wp-content\/uploads\/2023\/03\/032-1024x683.jpg?strip=info&#038;w=1200&#038;ssl=1 1200w,https:\/\/i0.wp.com\/biancamachado.com.br\/blog\/wp-content\/uploads\/2023\/03\/032-1024x683.jpg?strip=info&#038;w=1500&#038;ssl=1 1500w,https:\/\/i0.wp.com\/biancamachado.com.br\/blog\/wp-content\/uploads\/2023\/03\/032-1024x683.jpg?strip=info&#038;w=1800&#038;ssl=1 1800w,https:\/\/i0.wp.com\/biancamachado.com.br\/blog\/wp-content\/uploads\/2023\/03\/032-1024x683.jpg?strip=info&#038;w=2000&#038;ssl=1 2000w\" alt=\"fotos profissionais de festa\" data-height=\"1707\" data-id=\"4128\" data-link=\"https:\/\/biancamachado.com.br\/blog\/?attachment_id=4128\" data-url=\"https:\/\/biancamachado.com.br\/blog\/wp-content\/uploads\/2023\/03\/032-1024x683.jpg\" data-width=\"2560\" src=\"https:\/\/i0.wp.com\/biancamachado.com.br\/blog\/wp-content\/uploads\/2023\/03\/032-1024x683.jpg?ssl=1\" data-amp-layout=\"responsive\"\/><\/figure><\/div><div class=\"tiled-gallery__col\" style=\"flex-basis:23.56797%\"><figure class=\"tiled-gallery__item\"><img decoding=\"async\" srcset=\"https:\/\/i2.wp.com\/biancamachado.com.br\/blog\/wp-content\/uploads\/2023\/03\/028-683x1024.jpg?strip=info&#038;w=600&#038;ssl=1 600w,https:\/\/i2.wp.com\/biancamachado.com.br\/blog\/wp-content\/uploads\/2023\/03\/028-683x1024.jpg?strip=info&#038;w=900&#038;ssl=1 900w,https:\/\/i2.wp.com\/biancamachado.com.br\/blog\/wp-content\/uploads\/2023\/03\/028-683x1024.jpg?strip=info&#038;w=1200&#038;ssl=1 1200w,https:\/\/i2.wp.com\/biancamachado.com.br\/blog\/wp-content\/uploads\/2023\/03\/028-683x1024.jpg?strip=info&#038;w=1500&#038;ssl=1 1500w,https:\/\/i2.wp.com\/biancamachado.com.br\/blog\/wp-content\/uploads\/2023\/03\/028-683x1024.jpg?strip=info&#038;w=1707&#038;ssl=1 1707w\" alt=\"comemora\u00e7\u00e3o 40 anos\" data-height=\"2560\" data-id=\"4127\" data-link=\"https:\/\/biancamachado.com.br\/blog\/?attachment_id=4127\" data-url=\"https:\/\/biancamachado.com.br\/blog\/wp-content\/uploads\/2023\/03\/028-683x1024.jpg\" data-width=\"1707\" src=\"https:\/\/i2.wp.com\/biancamachado.com.br\/blog\/wp-content\/uploads\/2023\/03\/028-683x1024.jpg?ssl=1\" data-amp-layout=\"responsive\"\/><\/figure><\/div><\/div><div class=\"tiled-gallery__row\"><div class=\"tiled-gallery__col\" style=\"flex-basis:42.62479%\"><figure class=\"tiled-gallery__item\"><img decoding=\"async\" srcset=\"https:\/\/i0.wp.com\/biancamachado.com.br\/blog\/wp-content\/uploads\/2023\/03\/025-1024x683.jpg?strip=info&#038;w=600&#038;ssl=1 600w,https:\/\/i0.wp.com\/biancamachado.com.br\/blog\/wp-content\/uploads\/2023\/03\/025-1024x683.jpg?strip=info&#038;w=900&#038;ssl=1 900w,https:\/\/i0.wp.com\/biancamachado.com.br\/blog\/wp-content\/uploads\/2023\/03\/025-1024x683.jpg?strip=info&#038;w=1200&#038;ssl=1 1200w,https:\/\/i0.wp.com\/biancamachado.com.br\/blog\/wp-content\/uploads\/2023\/03\/025-1024x683.jpg?strip=info&#038;w=1500&#038;ssl=1 1500w,https:\/\/i0.wp.com\/biancamachado.com.br\/blog\/wp-content\/uploads\/2023\/03\/025-1024x683.jpg?strip=info&#038;w=1800&#038;ssl=1 1800w,https:\/\/i0.wp.com\/biancamachado.com.br\/blog\/wp-content\/uploads\/2023\/03\/025-1024x683.jpg?strip=info&#038;w=2000&#038;ssl=1 2000w\" alt=\"buffet villa glam moema\" data-height=\"1707\" data-id=\"4126\" data-link=\"https:\/\/biancamachado.com.br\/blog\/?attachment_id=4126\" data-url=\"https:\/\/biancamachado.com.br\/blog\/wp-content\/uploads\/2023\/03\/025-1024x683.jpg\" data-width=\"2560\" src=\"https:\/\/i0.wp.com\/biancamachado.com.br\/blog\/wp-content\/uploads\/2023\/03\/025-1024x683.jpg?ssl=1\" data-amp-layout=\"responsive\"\/><\/figure><figure class=\"tiled-gallery__item\"><img decoding=\"async\" srcset=\"https:\/\/i2.wp.com\/biancamachado.com.br\/blog\/wp-content\/uploads\/2023\/03\/013-1-1024x683.jpg?strip=info&#038;w=600&#038;ssl=1 600w,https:\/\/i2.wp.com\/biancamachado.com.br\/blog\/wp-content\/uploads\/2023\/03\/013-1-1024x683.jpg?strip=info&#038;w=900&#038;ssl=1 900w,https:\/\/i2.wp.com\/biancamachado.com.br\/blog\/wp-content\/uploads\/2023\/03\/013-1-1024x683.jpg?strip=info&#038;w=1200&#038;ssl=1 1200w,https:\/\/i2.wp.com\/biancamachado.com.br\/blog\/wp-content\/uploads\/2023\/03\/013-1-1024x683.jpg?strip=info&#038;w=1500&#038;ssl=1 1500w,https:\/\/i2.wp.com\/biancamachado.com.br\/blog\/wp-content\/uploads\/2023\/03\/013-1-1024x683.jpg?strip=info&#038;w=1800&#038;ssl=1 1800w,https:\/\/i2.wp.com\/biancamachado.com.br\/blog\/wp-content\/uploads\/2023\/03\/013-1-1024x683.jpg?strip=info&#038;w=2000&#038;ssl=1 2000w\" alt=\"fotografia de anivers\u00e1rio\" data-height=\"1707\" data-id=\"4125\" data-link=\"https:\/\/biancamachado.com.br\/blog\/?attachment_id=4125\" data-url=\"https:\/\/biancamachado.com.br\/blog\/wp-content\/uploads\/2023\/03\/013-1-1024x683.jpg\" data-width=\"2560\" src=\"https:\/\/i2.wp.com\/biancamachado.com.br\/blog\/wp-content\/uploads\/2023\/03\/013-1-1024x683.jpg?ssl=1\" data-amp-layout=\"responsive\"\/><\/figure><figure class=\"tiled-gallery__item\"><img decoding=\"async\" srcset=\"https:\/\/i0.wp.com\/biancamachado.com.br\/blog\/wp-content\/uploads\/2023\/03\/007-1024x683.jpg?strip=info&#038;w=600&#038;ssl=1 600w,https:\/\/i0.wp.com\/biancamachado.com.br\/blog\/wp-content\/uploads\/2023\/03\/007-1024x683.jpg?strip=info&#038;w=900&#038;ssl=1 900w,https:\/\/i0.wp.com\/biancamachado.com.br\/blog\/wp-content\/uploads\/2023\/03\/007-1024x683.jpg?strip=info&#038;w=1200&#038;ssl=1 1200w,https:\/\/i0.wp.com\/biancamachado.com.br\/blog\/wp-content\/uploads\/2023\/03\/007-1024x683.jpg?strip=info&#038;w=1500&#038;ssl=1 1500w,https:\/\/i0.wp.com\/biancamachado.com.br\/blog\/wp-content\/uploads\/2023\/03\/007-1024x683.jpg?strip=info&#038;w=1800&#038;ssl=1 1800w,https:\/\/i0.wp.com\/biancamachado.com.br\/blog\/wp-content\/uploads\/2023\/03\/007-1024x683.jpg?strip=info&#038;w=2000&#038;ssl=1 2000w\" alt=\"buffet villa glam moema\" data-height=\"1707\" data-id=\"4124\" data-link=\"https:\/\/biancamachado.com.br\/blog\/?attachment_id=4124\" data-url=\"https:\/\/biancamachado.com.br\/blog\/wp-content\/uploads\/2023\/03\/007-1024x683.jpg\" data-width=\"2560\" src=\"https:\/\/i0.wp.com\/biancamachado.com.br\/blog\/wp-content\/uploads\/2023\/03\/007-1024x683.jpg?ssl=1\" data-amp-layout=\"responsive\"\/><\/figure><\/div><div class=\"tiled-gallery__col\" style=\"flex-basis:57.37521%\"><figure class=\"tiled-gallery__item\"><img decoding=\"async\" srcset=\"https:\/\/i1.wp.com\/biancamachado.com.br\/blog\/wp-content\/uploads\/2023\/03\/311-683x1024.jpg?strip=info&#038;w=600&#038;ssl=1 600w,https:\/\/i1.wp.com\/biancamachado.com.br\/blog\/wp-content\/uploads\/2023\/03\/311-683x1024.jpg?strip=info&#038;w=900&#038;ssl=1 900w,https:\/\/i1.wp.com\/biancamachado.com.br\/blog\/wp-content\/uploads\/2023\/03\/311-683x1024.jpg?strip=info&#038;w=1200&#038;ssl=1 1200w,https:\/\/i1.wp.com\/biancamachado.com.br\/blog\/wp-content\/uploads\/2023\/03\/311-683x1024.jpg?strip=info&#038;w=1500&#038;ssl=1 1500w,https:\/\/i1.wp.com\/biancamachado.com.br\/blog\/wp-content\/uploads\/2023\/03\/311-683x1024.jpg?strip=info&#038;w=1707&#038;ssl=1 1707w\" alt=\"fotografia anivers\u00e1rio 40 anos\" data-height=\"2560\" data-id=\"4121\" data-link=\"https:\/\/biancamachado.com.br\/blog\/?attachment_id=4121\" data-url=\"https:\/\/biancamachado.com.br\/blog\/wp-content\/uploads\/2023\/03\/311-683x1024.jpg\" data-width=\"1707\" src=\"https:\/\/i1.wp.com\/biancamachado.com.br\/blog\/wp-content\/uploads\/2023\/03\/311-683x1024.jpg?ssl=1\" data-amp-layout=\"responsive\"\/><\/figure><\/div><\/div><div class=\"tiled-gallery__row\"><div class=\"tiled-gallery__col\" style=\"flex-basis:50.00000%\"><figure class=\"tiled-gallery__item\"><img decoding=\"async\" srcset=\"https:\/\/i1.wp.com\/biancamachado.com.br\/blog\/wp-content\/uploads\/2023\/03\/002-1-1024x683.jpg?strip=info&#038;w=600&#038;ssl=1 600w,https:\/\/i1.wp.com\/biancamachado.com.br\/blog\/wp-content\/uploads\/2023\/03\/002-1-1024x683.jpg?strip=info&#038;w=900&#038;ssl=1 900w,https:\/\/i1.wp.com\/biancamachado.com.br\/blog\/wp-content\/uploads\/2023\/03\/002-1-1024x683.jpg?strip=info&#038;w=1200&#038;ssl=1 1200w,https:\/\/i1.wp.com\/biancamachado.com.br\/blog\/wp-content\/uploads\/2023\/03\/002-1-1024x683.jpg?strip=info&#038;w=1500&#038;ssl=1 1500w,https:\/\/i1.wp.com\/biancamachado.com.br\/blog\/wp-content\/uploads\/2023\/03\/002-1-1024x683.jpg?strip=info&#038;w=1800&#038;ssl=1 1800w,https:\/\/i1.wp.com\/biancamachado.com.br\/blog\/wp-content\/uploads\/2023\/03\/002-1-1024x683.jpg?strip=info&#038;w=2000&#038;ssl=1 2000w\" alt=\"buffet Villa Glam foto profissional\" data-height=\"1707\" data-id=\"4122\" data-link=\"https:\/\/biancamachado.com.br\/blog\/?attachment_id=4122\" data-url=\"https:\/\/biancamachado.com.br\/blog\/wp-content\/uploads\/2023\/03\/002-1-1024x683.jpg\" data-width=\"2560\" src=\"https:\/\/i1.wp.com\/biancamachado.com.br\/blog\/wp-content\/uploads\/2023\/03\/002-1-1024x683.jpg?ssl=1\" data-amp-layout=\"responsive\"\/><\/figure><\/div><div class=\"tiled-gallery__col\" style=\"flex-basis:50.00000%\"><figure class=\"tiled-gallery__item\"><img decoding=\"async\" srcset=\"https:\/\/i2.wp.com\/biancamachado.com.br\/blog\/wp-content\/uploads\/2023\/03\/241-1024x683.jpg?strip=info&#038;w=600&#038;ssl=1 600w,https:\/\/i2.wp.com\/biancamachado.com.br\/blog\/wp-content\/uploads\/2023\/03\/241-1024x683.jpg?strip=info&#038;w=900&#038;ssl=1 900w,https:\/\/i2.wp.com\/biancamachado.com.br\/blog\/wp-content\/uploads\/2023\/03\/241-1024x683.jpg?strip=info&#038;w=1200&#038;ssl=1 1200w,https:\/\/i2.wp.com\/biancamachado.com.br\/blog\/wp-content\/uploads\/2023\/03\/241-1024x683.jpg?strip=info&#038;w=1500&#038;ssl=1 1500w,https:\/\/i2.wp.com\/biancamachado.com.br\/blog\/wp-content\/uploads\/2023\/03\/241-1024x683.jpg?strip=info&#038;w=1800&#038;ssl=1 1800w,https:\/\/i2.wp.com\/biancamachado.com.br\/blog\/wp-content\/uploads\/2023\/03\/241-1024x683.jpg?strip=info&#038;w=2000&#038;ssl=1 2000w\" alt=\"fotos anivers\u00e1rio 40 anos\" data-height=\"1707\" data-id=\"4120\" data-link=\"https:\/\/biancamachado.com.br\/blog\/?attachment_id=4120\" data-url=\"https:\/\/biancamachado.com.br\/blog\/wp-content\/uploads\/2023\/03\/241-1024x683.jpg\" data-width=\"2560\" src=\"https:\/\/i2.wp.com\/biancamachado.com.br\/blog\/wp-content\/uploads\/2023\/03\/241-1024x683.jpg?ssl=1\" data-amp-layout=\"responsive\"\/><\/figure><\/div><\/div><\/div><\/div>\n\n\n\n<p>A decora\u00e7\u00e3o da festa n\u00e3o deixou a desejar, com arranjos de flores, velas e luzes, deixou o ambiente ainda mais bonito e acolhedor. Os convidados foram recebidos com muitos petiscos, como salgadinhos, canap\u00e9s e frutas, tudo para acompanhar os drinks e come\u00e7ar a festa animados.<\/p>\n\n\n\n<p>A noite seguiu com muita m\u00fasica e dan\u00e7a na pista, que foi um sucesso entre os convidados. A Aline e seus convidados dan\u00e7aram at\u00e9 o fim da noite, celebrando a vida e a felicidade de ter chegado aos 40 anos.<\/p>\n\n\n\n<p>A festa de anivers\u00e1rio da Aline foi realmente memor\u00e1vel e um exemplo de como celebrar a vida com estilo e eleg\u00e2ncia. Parab\u00e9ns, Aline, e que venham muitos mais anos de alegria e felicidade!<\/p>\nVisite tamb\u00e9m nosso site: www.biancamachado.com.br\r\n(11) 97107-1018\r\n\r\nAtendemos as regi\u00f5es de S\u00e3o Paulo, Sorocaba, Ibi\u00fana, Piedade, Votorantim, Cotia, Itupeva, Jundia\u00ed, It\u00fa e Campinas","protected":false},"excerpt":{"rendered":"<p>Comemorar uma data t\u00e3o importante quanto os 40 anos merece um grande festejo, e foi exatamente isso que a Aline fez. A celebra\u00e7\u00e3o aconteceu no Espa\u00e7o Villa Glan em Moema, um local elegante e aconchegante, perfeito para celebrar a vida ao lado de amigos e familiares.<\/p>\n","protected":false},"author":1,"featured_media":4122,"comment_status":"open","ping_status":"open","sticky":false,"template":"","format":"standard","meta":{"_monsterinsights_skip_tracking":false,"_monsterinsights_sitenote_active":false,"_monsterinsights_sitenote_note":"","_monsterinsights_sitenote_category":0,"jetpack_post_was_ever_published":false,"_jetpack_newsletter_access":"","_jetpack_dont_email_post_to_subs":false,"_jetpack_newsletter_tier_id":0,"_jetpack_memberships_contains_paywalled_content":false,"_jetpack_memberships_contains_paid_content":false,"_joinchat":[],"footnotes":""},"categories":[613],"tags":[1052,1054,1055,1006],"class_list":["post-4119","post","type-post","status-publish","format-standard","has-post-thumbnail","hentry","category-festa-adulto","tag-aniversario-de-40-anos","tag-decoracao-elegante","tag-espaco-villa-glan","tag-moema"],"yoast_head":"<!-- This site is optimized with the Yoast SEO plugin v27.4 - https:\/\/yoast.com\/product\/yoast-seo-wordpress\/ -->\n<title>Uma noite inesquec\u00edvel: Anivers\u00e1rio de 40 anos da Aline no Villa Glan - STUDIO BIANCA MACHADO<\/title>\n<meta name=\"description\" content=\"Comemorar uma data t\u00e3o importante quanto os 40 anos merece um grande festejo, e foi exatamente isso que a Aline fez. A celebra\u00e7\u00e3o aconteceu no Espa\u00e7o Villa Glan em Moema, um local elegante e aconchegante, perfeito para celebrar a vida ao lado de amigos e familiares.\" \/>\n<meta name=\"robots\" content=\"index, follow, max-snippet:-1, max-image-preview:large, max-video-preview:-1\" \/>\n<link rel=\"canonical\" href=\"https:\/\/biancamachado.com.br\/blog\/uma-noite-inesquecivel-aniversario-de-40-anos-da-aline-no-villa-glan\/\" \/>\n<meta property=\"og:locale\" content=\"pt_BR\" \/>\n<meta property=\"og:type\" content=\"article\" \/>\n<meta property=\"og:title\" content=\"Uma noite inesquec\u00edvel: Anivers\u00e1rio de 40 anos da Aline no Villa Glan - STUDIO BIANCA MACHADO\" \/>\n<meta property=\"og:description\" content=\"Comemorar uma data t\u00e3o importante quanto os 40 anos merece um grande festejo, e foi exatamente isso que a Aline fez. A celebra\u00e7\u00e3o aconteceu no Espa\u00e7o Villa Glan em Moema, um local elegante e aconchegante, perfeito para celebrar a vida ao lado de amigos e familiares.\" \/>\n<meta property=\"og:url\" content=\"https:\/\/biancamachado.com.br\/blog\/uma-noite-inesquecivel-aniversario-de-40-anos-da-aline-no-villa-glan\/\" \/>\n<meta property=\"og:site_name\" content=\"STUDIO BIANCA MACHADO\" \/>\n<meta property=\"article:publisher\" content=\"https:\/\/www.facebook.com\/Studiobiancamachado\/\" \/>\n<meta property=\"article:published_time\" content=\"2023-03-02T14:40:53+00:00\" \/>\n<meta property=\"article:modified_time\" content=\"2023-03-02T14:42:11+00:00\" \/>\n<meta property=\"og:image\" content=\"https:\/\/biancamachado.com.br\/blog\/wp-content\/uploads\/2023\/03\/002-1-scaled.jpg?v=1677765952\" \/>\n\t<meta property=\"og:image:width\" content=\"2560\" \/>\n\t<meta property=\"og:image:height\" content=\"1707\" \/>\n\t<meta property=\"og:image:type\" content=\"image\/jpeg\" \/>\n<meta name=\"author\" content=\"biancamachado\" \/>\n<meta name=\"twitter:card\" content=\"summary_large_image\" \/>\n<meta name=\"twitter:label1\" content=\"Escrito por\" \/>\n\t<meta name=\"twitter:data1\" content=\"biancamachado\" \/>\n\t<meta name=\"twitter:label2\" content=\"Est. tempo de leitura\" \/>\n\t<meta name=\"twitter:data2\" content=\"4 minutos\" \/>\n<script type=\"application\/ld+json\" class=\"yoast-schema-graph\">{\"@context\":\"https:\\\/\\\/schema.org\",\"@graph\":[{\"@type\":\"Article\",\"@id\":\"https:\\\/\\\/biancamachado.com.br\\\/blog\\\/uma-noite-inesquecivel-aniversario-de-40-anos-da-aline-no-villa-glan\\\/#article\",\"isPartOf\":{\"@id\":\"https:\\\/\\\/biancamachado.com.br\\\/blog\\\/uma-noite-inesquecivel-aniversario-de-40-anos-da-aline-no-villa-glan\\\/\"},\"author\":{\"name\":\"biancamachado\",\"@id\":\"https:\\\/\\\/biancamachado.com.br\\\/blog\\\/#\\\/schema\\\/person\\\/990263800ec5e9bdbbf092a2353550a1\"},\"headline\":\"Uma noite inesquec\u00edvel: Anivers\u00e1rio de 40 anos da Aline no Villa Glan\",\"datePublished\":\"2023-03-02T14:40:53+00:00\",\"dateModified\":\"2023-03-02T14:42:11+00:00\",\"mainEntityOfPage\":{\"@id\":\"https:\\\/\\\/biancamachado.com.br\\\/blog\\\/uma-noite-inesquecivel-aniversario-de-40-anos-da-aline-no-villa-glan\\\/\"},\"wordCount\":189,\"commentCount\":0,\"publisher\":{\"@id\":\"https:\\\/\\\/biancamachado.com.br\\\/blog\\\/#organization\"},\"image\":{\"@id\":\"https:\\\/\\\/biancamachado.com.br\\\/blog\\\/uma-noite-inesquecivel-aniversario-de-40-anos-da-aline-no-villa-glan\\\/#primaryimage\"},\"thumbnailUrl\":\"https:\\\/\\\/i0.wp.com\\\/biancamachado.com.br\\\/blog\\\/wp-content\\\/uploads\\\/2023\\\/03\\\/002-1-scaled.jpg?fit=2560%2C1707&ssl=1?v=1677765952\",\"keywords\":[\"anivers\u00e1rio de 40 anos\",\"decora\u00e7\u00e3o elegante\",\"Espa\u00e7o Villa Glan\",\"Moema\"],\"articleSection\":[\"Festa Adulto\"],\"inLanguage\":\"pt-BR\",\"potentialAction\":[{\"@type\":\"CommentAction\",\"name\":\"Comment\",\"target\":[\"https:\\\/\\\/biancamachado.com.br\\\/blog\\\/uma-noite-inesquecivel-aniversario-de-40-anos-da-aline-no-villa-glan\\\/#respond\"]}]},{\"@type\":\"WebPage\",\"@id\":\"https:\\\/\\\/biancamachado.com.br\\\/blog\\\/uma-noite-inesquecivel-aniversario-de-40-anos-da-aline-no-villa-glan\\\/\",\"url\":\"https:\\\/\\\/biancamachado.com.br\\\/blog\\\/uma-noite-inesquecivel-aniversario-de-40-anos-da-aline-no-villa-glan\\\/\",\"name\":\"Uma noite inesquec\u00edvel: Anivers\u00e1rio de 40 anos da Aline no Villa Glan - STUDIO BIANCA MACHADO\",\"isPartOf\":{\"@id\":\"https:\\\/\\\/biancamachado.com.br\\\/blog\\\/#website\"},\"primaryImageOfPage\":{\"@id\":\"https:\\\/\\\/biancamachado.com.br\\\/blog\\\/uma-noite-inesquecivel-aniversario-de-40-anos-da-aline-no-villa-glan\\\/#primaryimage\"},\"image\":{\"@id\":\"https:\\\/\\\/biancamachado.com.br\\\/blog\\\/uma-noite-inesquecivel-aniversario-de-40-anos-da-aline-no-villa-glan\\\/#primaryimage\"},\"thumbnailUrl\":\"https:\\\/\\\/i0.wp.com\\\/biancamachado.com.br\\\/blog\\\/wp-content\\\/uploads\\\/2023\\\/03\\\/002-1-scaled.jpg?fit=2560%2C1707&ssl=1?v=1677765952\",\"datePublished\":\"2023-03-02T14:40:53+00:00\",\"dateModified\":\"2023-03-02T14:42:11+00:00\",\"description\":\"Comemorar uma data t\u00e3o importante quanto os 40 anos merece um grande festejo, e foi exatamente isso que a Aline fez. A celebra\u00e7\u00e3o aconteceu no Espa\u00e7o Villa Glan em Moema, um local elegante e aconchegante, perfeito para celebrar a vida ao lado de amigos e familiares.\",\"breadcrumb\":{\"@id\":\"https:\\\/\\\/biancamachado.com.br\\\/blog\\\/uma-noite-inesquecivel-aniversario-de-40-anos-da-aline-no-villa-glan\\\/#breadcrumb\"},\"inLanguage\":\"pt-BR\",\"potentialAction\":[{\"@type\":\"ReadAction\",\"target\":[\"https:\\\/\\\/biancamachado.com.br\\\/blog\\\/uma-noite-inesquecivel-aniversario-de-40-anos-da-aline-no-villa-glan\\\/\"]}]},{\"@type\":\"ImageObject\",\"inLanguage\":\"pt-BR\",\"@id\":\"https:\\\/\\\/biancamachado.com.br\\\/blog\\\/uma-noite-inesquecivel-aniversario-de-40-anos-da-aline-no-villa-glan\\\/#primaryimage\",\"url\":\"https:\\\/\\\/i0.wp.com\\\/biancamachado.com.br\\\/blog\\\/wp-content\\\/uploads\\\/2023\\\/03\\\/002-1-scaled.jpg?fit=2560%2C1707&ssl=1?v=1677765952\",\"contentUrl\":\"https:\\\/\\\/i0.wp.com\\\/biancamachado.com.br\\\/blog\\\/wp-content\\\/uploads\\\/2023\\\/03\\\/002-1-scaled.jpg?fit=2560%2C1707&ssl=1?v=1677765952\",\"width\":2560,\"height\":1707,\"caption\":\"buffet Villa Glam foto profissional\"},{\"@type\":\"BreadcrumbList\",\"@id\":\"https:\\\/\\\/biancamachado.com.br\\\/blog\\\/uma-noite-inesquecivel-aniversario-de-40-anos-da-aline-no-villa-glan\\\/#breadcrumb\",\"itemListElement\":[{\"@type\":\"ListItem\",\"position\":1,\"name\":\"In\u00edcio\",\"item\":\"https:\\\/\\\/biancamachado.com.br\\\/blog\\\/\"},{\"@type\":\"ListItem\",\"position\":2,\"name\":\"Uma noite inesquec\u00edvel: Anivers\u00e1rio de 40 anos da Aline no Villa Glan\"}]},{\"@type\":\"WebSite\",\"@id\":\"https:\\\/\\\/biancamachado.com.br\\\/blog\\\/#website\",\"url\":\"https:\\\/\\\/biancamachado.com.br\\\/blog\\\/\",\"name\":\"STUDIO BIANCA MACHADO\",\"description\":\"Estudio Fotografico, Ensaios e Books de foto profissional\",\"publisher\":{\"@id\":\"https:\\\/\\\/biancamachado.com.br\\\/blog\\\/#organization\"},\"potentialAction\":[{\"@type\":\"SearchAction\",\"target\":{\"@type\":\"EntryPoint\",\"urlTemplate\":\"https:\\\/\\\/biancamachado.com.br\\\/blog\\\/?s={search_term_string}\"},\"query-input\":{\"@type\":\"PropertyValueSpecification\",\"valueRequired\":true,\"valueName\":\"search_term_string\"}}],\"inLanguage\":\"pt-BR\"},{\"@type\":\"Organization\",\"@id\":\"https:\\\/\\\/biancamachado.com.br\\\/blog\\\/#organization\",\"name\":\"STUDIO BIANCA MACHADO\",\"url\":\"https:\\\/\\\/biancamachado.com.br\\\/blog\\\/\",\"logo\":{\"@type\":\"ImageObject\",\"inLanguage\":\"pt-BR\",\"@id\":\"https:\\\/\\\/biancamachado.com.br\\\/blog\\\/#\\\/schema\\\/logo\\\/image\\\/\",\"url\":\"https:\\\/\\\/i0.wp.com\\\/biancamachado.com.br\\\/blog\\\/wp-content\\\/uploads\\\/2021\\\/02\\\/cropped-logo-ml.jpg?fit=278%2C100&ssl=1\",\"contentUrl\":\"https:\\\/\\\/i0.wp.com\\\/biancamachado.com.br\\\/blog\\\/wp-content\\\/uploads\\\/2021\\\/02\\\/cropped-logo-ml.jpg?fit=278%2C100&ssl=1\",\"width\":278,\"height\":100,\"caption\":\"STUDIO BIANCA MACHADO\"},\"image\":{\"@id\":\"https:\\\/\\\/biancamachado.com.br\\\/blog\\\/#\\\/schema\\\/logo\\\/image\\\/\"},\"sameAs\":[\"https:\\\/\\\/www.facebook.com\\\/Studiobiancamachado\\\/\",\"https:\\\/\\\/www.instagram.com\\\/Studiobiancamachado\\\/\"]},{\"@type\":\"Person\",\"@id\":\"https:\\\/\\\/biancamachado.com.br\\\/blog\\\/#\\\/schema\\\/person\\\/990263800ec5e9bdbbf092a2353550a1\",\"name\":\"biancamachado\",\"image\":{\"@type\":\"ImageObject\",\"inLanguage\":\"pt-BR\",\"@id\":\"https:\\\/\\\/secure.gravatar.com\\\/avatar\\\/62b1a50f2632dbc2e279c3eb55aa46cc324c969cff16a69c59756d155316542c?s=96&d=mm&r=g\",\"url\":\"https:\\\/\\\/secure.gravatar.com\\\/avatar\\\/62b1a50f2632dbc2e279c3eb55aa46cc324c969cff16a69c59756d155316542c?s=96&d=mm&r=g\",\"contentUrl\":\"https:\\\/\\\/secure.gravatar.com\\\/avatar\\\/62b1a50f2632dbc2e279c3eb55aa46cc324c969cff16a69c59756d155316542c?s=96&d=mm&r=g\",\"caption\":\"biancamachado\"},\"sameAs\":[\"https:\\\/\\\/biancamachado.com.br\\\/blog\"],\"url\":\"https:\\\/\\\/biancamachado.com.br\\\/blog\\\/author\\\/biancamachado\\\/\"}]}<\/script>\n<!-- \/ Yoast SEO plugin. -->","yoast_head_json":{"title":"Uma noite inesquec\u00edvel: Anivers\u00e1rio de 40 anos da Aline no Villa Glan - STUDIO BIANCA MACHADO","description":"Comemorar uma data t\u00e3o importante quanto os 40 anos merece um grande festejo, e foi exatamente isso que a Aline fez. A celebra\u00e7\u00e3o aconteceu no Espa\u00e7o Villa Glan em Moema, um local elegante e aconchegante, perfeito para celebrar a vida ao lado de amigos e familiares.","robots":{"index":"index","follow":"follow","max-snippet":"max-snippet:-1","max-image-preview":"max-image-preview:large","max-video-preview":"max-video-preview:-1"},"canonical":"https:\/\/biancamachado.com.br\/blog\/uma-noite-inesquecivel-aniversario-de-40-anos-da-aline-no-villa-glan\/","og_locale":"pt_BR","og_type":"article","og_title":"Uma noite inesquec\u00edvel: Anivers\u00e1rio de 40 anos da Aline no Villa Glan - STUDIO BIANCA MACHADO","og_description":"Comemorar uma data t\u00e3o importante quanto os 40 anos merece um grande festejo, e foi exatamente isso que a Aline fez. A celebra\u00e7\u00e3o aconteceu no Espa\u00e7o Villa Glan em Moema, um local elegante e aconchegante, perfeito para celebrar a vida ao lado de amigos e familiares.","og_url":"https:\/\/biancamachado.com.br\/blog\/uma-noite-inesquecivel-aniversario-de-40-anos-da-aline-no-villa-glan\/","og_site_name":"STUDIO BIANCA MACHADO","article_publisher":"https:\/\/www.facebook.com\/Studiobiancamachado\/","article_published_time":"2023-03-02T14:40:53+00:00","article_modified_time":"2023-03-02T14:42:11+00:00","og_image":[{"width":2560,"height":1707,"url":"https:\/\/biancamachado.com.br\/blog\/wp-content\/uploads\/2023\/03\/002-1-scaled.jpg?v=1677765952","type":"image\/jpeg"}],"author":"biancamachado","twitter_card":"summary_large_image","twitter_misc":{"Escrito por":"biancamachado","Est. tempo de leitura":"4 minutos"},"schema":{"@context":"https:\/\/schema.org","@graph":[{"@type":"Article","@id":"https:\/\/biancamachado.com.br\/blog\/uma-noite-inesquecivel-aniversario-de-40-anos-da-aline-no-villa-glan\/#article","isPartOf":{"@id":"https:\/\/biancamachado.com.br\/blog\/uma-noite-inesquecivel-aniversario-de-40-anos-da-aline-no-villa-glan\/"},"author":{"name":"biancamachado","@id":"https:\/\/biancamachado.com.br\/blog\/#\/schema\/person\/990263800ec5e9bdbbf092a2353550a1"},"headline":"Uma noite inesquec\u00edvel: Anivers\u00e1rio de 40 anos da Aline no Villa Glan","datePublished":"2023-03-02T14:40:53+00:00","dateModified":"2023-03-02T14:42:11+00:00","mainEntityOfPage":{"@id":"https:\/\/biancamachado.com.br\/blog\/uma-noite-inesquecivel-aniversario-de-40-anos-da-aline-no-villa-glan\/"},"wordCount":189,"commentCount":0,"publisher":{"@id":"https:\/\/biancamachado.com.br\/blog\/#organization"},"image":{"@id":"https:\/\/biancamachado.com.br\/blog\/uma-noite-inesquecivel-aniversario-de-40-anos-da-aline-no-villa-glan\/#primaryimage"},"thumbnailUrl":"https:\/\/i0.wp.com\/biancamachado.com.br\/blog\/wp-content\/uploads\/2023\/03\/002-1-scaled.jpg?fit=2560%2C1707&ssl=1?v=1677765952","keywords":["anivers\u00e1rio de 40 anos","decora\u00e7\u00e3o elegante","Espa\u00e7o Villa Glan","Moema"],"articleSection":["Festa Adulto"],"inLanguage":"pt-BR","potentialAction":[{"@type":"CommentAction","name":"Comment","target":["https:\/\/biancamachado.com.br\/blog\/uma-noite-inesquecivel-aniversario-de-40-anos-da-aline-no-villa-glan\/#respond"]}]},{"@type":"WebPage","@id":"https:\/\/biancamachado.com.br\/blog\/uma-noite-inesquecivel-aniversario-de-40-anos-da-aline-no-villa-glan\/","url":"https:\/\/biancamachado.com.br\/blog\/uma-noite-inesquecivel-aniversario-de-40-anos-da-aline-no-villa-glan\/","name":"Uma noite inesquec\u00edvel: Anivers\u00e1rio de 40 anos da Aline no Villa Glan - STUDIO BIANCA MACHADO","isPartOf":{"@id":"https:\/\/biancamachado.com.br\/blog\/#website"},"primaryImageOfPage":{"@id":"https:\/\/biancamachado.com.br\/blog\/uma-noite-inesquecivel-aniversario-de-40-anos-da-aline-no-villa-glan\/#primaryimage"},"image":{"@id":"https:\/\/biancamachado.com.br\/blog\/uma-noite-inesquecivel-aniversario-de-40-anos-da-aline-no-villa-glan\/#primaryimage"},"thumbnailUrl":"https:\/\/i0.wp.com\/biancamachado.com.br\/blog\/wp-content\/uploads\/2023\/03\/002-1-scaled.jpg?fit=2560%2C1707&ssl=1?v=1677765952","datePublished":"2023-03-02T14:40:53+00:00","dateModified":"2023-03-02T14:42:11+00:00","description":"Comemorar uma data t\u00e3o importante quanto os 40 anos merece um grande festejo, e foi exatamente isso que a Aline fez. A celebra\u00e7\u00e3o aconteceu no Espa\u00e7o Villa Glan em Moema, um local elegante e aconchegante, perfeito para celebrar a vida ao lado de amigos e familiares.","breadcrumb":{"@id":"https:\/\/biancamachado.com.br\/blog\/uma-noite-inesquecivel-aniversario-de-40-anos-da-aline-no-villa-glan\/#breadcrumb"},"inLanguage":"pt-BR","potentialAction":[{"@type":"ReadAction","target":["https:\/\/biancamachado.com.br\/blog\/uma-noite-inesquecivel-aniversario-de-40-anos-da-aline-no-villa-glan\/"]}]},{"@type":"ImageObject","inLanguage":"pt-BR","@id":"https:\/\/biancamachado.com.br\/blog\/uma-noite-inesquecivel-aniversario-de-40-anos-da-aline-no-villa-glan\/#primaryimage","url":"https:\/\/i0.wp.com\/biancamachado.com.br\/blog\/wp-content\/uploads\/2023\/03\/002-1-scaled.jpg?fit=2560%2C1707&ssl=1?v=1677765952","contentUrl":"https:\/\/i0.wp.com\/biancamachado.com.br\/blog\/wp-content\/uploads\/2023\/03\/002-1-scaled.jpg?fit=2560%2C1707&ssl=1?v=1677765952","width":2560,"height":1707,"caption":"buffet Villa Glam foto profissional"},{"@type":"BreadcrumbList","@id":"https:\/\/biancamachado.com.br\/blog\/uma-noite-inesquecivel-aniversario-de-40-anos-da-aline-no-villa-glan\/#breadcrumb","itemListElement":[{"@type":"ListItem","position":1,"name":"In\u00edcio","item":"https:\/\/biancamachado.com.br\/blog\/"},{"@type":"ListItem","position":2,"name":"Uma noite inesquec\u00edvel: Anivers\u00e1rio de 40 anos da Aline no Villa Glan"}]},{"@type":"WebSite","@id":"https:\/\/biancamachado.com.br\/blog\/#website","url":"https:\/\/biancamachado.com.br\/blog\/","name":"STUDIO BIANCA MACHADO","description":"Estudio Fotografico, Ensaios e Books de foto profissional","publisher":{"@id":"https:\/\/biancamachado.com.br\/blog\/#organization"},"potentialAction":[{"@type":"SearchAction","target":{"@type":"EntryPoint","urlTemplate":"https:\/\/biancamachado.com.br\/blog\/?s={search_term_string}"},"query-input":{"@type":"PropertyValueSpecification","valueRequired":true,"valueName":"search_term_string"}}],"inLanguage":"pt-BR"},{"@type":"Organization","@id":"https:\/\/biancamachado.com.br\/blog\/#organization","name":"STUDIO BIANCA MACHADO","url":"https:\/\/biancamachado.com.br\/blog\/","logo":{"@type":"ImageObject","inLanguage":"pt-BR","@id":"https:\/\/biancamachado.com.br\/blog\/#\/schema\/logo\/image\/","url":"https:\/\/i0.wp.com\/biancamachado.com.br\/blog\/wp-content\/uploads\/2021\/02\/cropped-logo-ml.jpg?fit=278%2C100&ssl=1","contentUrl":"https:\/\/i0.wp.com\/biancamachado.com.br\/blog\/wp-content\/uploads\/2021\/02\/cropped-logo-ml.jpg?fit=278%2C100&ssl=1","width":278,"height":100,"caption":"STUDIO BIANCA MACHADO"},"image":{"@id":"https:\/\/biancamachado.com.br\/blog\/#\/schema\/logo\/image\/"},"sameAs":["https:\/\/www.facebook.com\/Studiobiancamachado\/","https:\/\/www.instagram.com\/Studiobiancamachado\/"]},{"@type":"Person","@id":"https:\/\/biancamachado.com.br\/blog\/#\/schema\/person\/990263800ec5e9bdbbf092a2353550a1","name":"biancamachado","image":{"@type":"ImageObject","inLanguage":"pt-BR","@id":"https:\/\/secure.gravatar.com\/avatar\/62b1a50f2632dbc2e279c3eb55aa46cc324c969cff16a69c59756d155316542c?s=96&d=mm&r=g","url":"https:\/\/secure.gravatar.com\/avatar\/62b1a50f2632dbc2e279c3eb55aa46cc324c969cff16a69c59756d155316542c?s=96&d=mm&r=g","contentUrl":"https:\/\/secure.gravatar.com\/avatar\/62b1a50f2632dbc2e279c3eb55aa46cc324c969cff16a69c59756d155316542c?s=96&d=mm&r=g","caption":"biancamachado"},"sameAs":["https:\/\/biancamachado.com.br\/blog"],"url":"https:\/\/biancamachado.com.br\/blog\/author\/biancamachado\/"}]}},"jetpack_featured_media_url":"https:\/\/i0.wp.com\/biancamachado.com.br\/blog\/wp-content\/uploads\/2023\/03\/002-1-scaled.jpg?fit=2560%2C1707&ssl=1?v=1677765952","jetpack-related-posts":[],"jetpack_sharing_enabled":true,"_links":{"self":[{"href":"https:\/\/biancamachado.com.br\/blog\/wp-json\/wp\/v2\/posts\/4119","targetHints":{"allow":["GET"]}}],"collection":[{"href":"https:\/\/biancamachado.com.br\/blog\/wp-json\/wp\/v2\/posts"}],"about":[{"href":"https:\/\/biancamachado.com.br\/blog\/wp-json\/wp\/v2\/types\/post"}],"author":[{"embeddable":true,"href":"https:\/\/biancamachado.com.br\/blog\/wp-json\/wp\/v2\/users\/1"}],"replies":[{"embeddable":true,"href":"https:\/\/biancamachado.com.br\/blog\/wp-json\/wp\/v2\/comments?post=4119"}],"version-history":[{"count":1,"href":"https:\/\/biancamachado.com.br\/blog\/wp-json\/wp\/v2\/posts\/4119\/revisions"}],"predecessor-version":[{"id":4133,"href":"https:\/\/biancamachado.com.br\/blog\/wp-json\/wp\/v2\/posts\/4119\/revisions\/4133"}],"wp:featuredmedia":[{"embeddable":true,"href":"https:\/\/biancamachado.com.br\/blog\/wp-json\/wp\/v2\/media\/4122"}],"wp:attachment":[{"href":"https:\/\/biancamachado.com.br\/blog\/wp-json\/wp\/v2\/media?parent=4119"}],"wp:term":[{"taxonomy":"category","embeddable":true,"href":"https:\/\/biancamachado.com.br\/blog\/wp-json\/wp\/v2\/categories?post=4119"},{"taxonomy":"post_tag","embeddable":true,"href":"https:\/\/biancamachado.com.br\/blog\/wp-json\/wp\/v2\/tags?post=4119"}],"curies":[{"name":"wp","href":"https:\/\/api.w.org\/{rel}","templated":true}]}}