{"id":408,"date":"2012-10-25T17:24:00","date_gmt":"2012-10-25T19:24:00","guid":{"rendered":"https:\/\/biancamachado.com.br\/blog\/?p=408"},"modified":"2021-02-18T00:09:27","modified_gmt":"2021-02-18T03:09:27","slug":"fotos-de-book-no-parque-recordacao-em-familia","status":"publish","type":"post","link":"https:\/\/biancamachado.com.br\/blog\/fotos-de-book-no-parque-recordacao-em-familia\/","title":{"rendered":"Fotos de Book no parque &#8211; Recorda\u00e7\u00e3o em fam\u00edlia"},"content":{"rendered":"<div style=\"text-align: justify;\">Que tal fazer uma recorda\u00e7\u00e3o super diferente?<\/div>\n<div style=\"text-align: justify;\">Contratar um fot\u00f3grafo profissional para um passeio no parque em fam\u00edlia e ter uma recorda\u00e7\u00e3o \u00fanica e inesquec\u00edvel !<\/div>\n<div style=\"text-align: justify;\"><\/div>\n<div style=\"text-align: justify;\">\n<table align=\"center\" cellpadding=\"0\" cellspacing=\"0\" style=\"margin-left: auto; margin-right: auto; text-align: center;\">\n<tbody>\n<tr>\n<td><a href=\"https:\/\/i0.wp.com\/4.bp.blogspot.com\/-jfXQku-ZcQM\/UImcwEnSphI\/AAAAAAAAIfM\/oZM-Qmb_7cE\/s1600\/afotos%2Bde%2Bbook%2Bprofissional.JPG\" style=\"margin-left: auto; margin-right: auto;\"><img data-recalc-dims=\"1\" loading=\"lazy\" decoding=\"async\" alt=\"fotos de book profissional\" border=\"0\" height=\"426\" src=\"https:\/\/i0.wp.com\/4.bp.blogspot.com\/-jfXQku-ZcQM\/UImcwEnSphI\/AAAAAAAAIfM\/oZM-Qmb_7cE\/s640\/afotos%2Bde%2Bbook%2Bprofissional.JPG?resize=640%2C426&#038;ssl=1\" title=\"fotos de book profissional\" width=\"640\" \/><\/a><\/td>\n<\/tr>\n<tr>\n<td>fotos de book profissional<\/td>\n<\/tr>\n<\/tbody>\n<\/table>\n<\/div>\n<p><\/p>\n<table align=\"center\" cellpadding=\"0\" cellspacing=\"0\" style=\"margin-left: auto; margin-right: auto; text-align: center;\">\n<tbody>\n<tr>\n<td style=\"text-align: center;\"><a href=\"https:\/\/i0.wp.com\/4.bp.blogspot.com\/-JLJZ5AsYcz0\/UImczKz7X_I\/AAAAAAAAIfU\/IPldB29sZzI\/s1600\/bafotos%2Bde%2Bpasseio%2Bno%2Bparque.JPG\" style=\"margin-left: auto; margin-right: auto;\"><img data-recalc-dims=\"1\" loading=\"lazy\" decoding=\"async\" alt=\"fotos de passeio no parque\" border=\"0\" height=\"426\" src=\"https:\/\/i0.wp.com\/4.bp.blogspot.com\/-JLJZ5AsYcz0\/UImczKz7X_I\/AAAAAAAAIfU\/IPldB29sZzI\/s640\/bafotos%2Bde%2Bpasseio%2Bno%2Bparque.JPG?resize=640%2C426&#038;ssl=1\" title=\"fotos de passeio no parque\" width=\"640\" \/><\/a><\/td>\n<\/tr>\n<tr>\n<td style=\"text-align: center;\">fotos de passeio no parque<\/td>\n<\/tr>\n<\/tbody>\n<\/table>\n<p><\/p>\n<table align=\"center\" cellpadding=\"0\" cellspacing=\"0\" style=\"margin-left: auto; margin-right: auto; text-align: center;\">\n<tbody>\n<tr>\n<td style=\"text-align: center;\"><a href=\"https:\/\/i0.wp.com\/4.bp.blogspot.com\/-_TnO7hqK3Gk\/UImc3ouIbGI\/AAAAAAAAIfc\/Oit7ko6ZBq8\/s1600\/bfotos%2Bde%2Bbook%2Bexterno%2Bde%2Bbebe.JPG\" style=\"margin-left: auto; margin-right: auto;\"><img data-recalc-dims=\"1\" loading=\"lazy\" decoding=\"async\" alt=\"fotos de book externo de bebe\" border=\"0\" height=\"640\" src=\"https:\/\/i0.wp.com\/4.bp.blogspot.com\/-_TnO7hqK3Gk\/UImc3ouIbGI\/AAAAAAAAIfc\/Oit7ko6ZBq8\/s640\/bfotos%2Bde%2Bbook%2Bexterno%2Bde%2Bbebe.JPG?resize=426%2C640&#038;ssl=1\" title=\"fotos de book externo de bebe\" width=\"426\" \/><\/a><\/td>\n<\/tr>\n<tr>\n<td style=\"text-align: center;\">fotos de book externo de bebe<\/td>\n<\/tr>\n<\/tbody>\n<\/table>\n<p><\/p>\n<table align=\"center\" cellpadding=\"0\" cellspacing=\"0\" style=\"margin-left: auto; margin-right: auto; text-align: center;\">\n<tbody>\n<tr>\n<td style=\"text-align: center;\"><a href=\"https:\/\/i0.wp.com\/2.bp.blogspot.com\/-LrVPQGQdpAc\/UImc6K47yAI\/AAAAAAAAIfk\/UG3gJSDaKUo\/s1600\/book%2Bacompanhamento%2Bno%2Bparque.JPG\" style=\"margin-left: auto; margin-right: auto;\"><img data-recalc-dims=\"1\" loading=\"lazy\" decoding=\"async\" alt=\"book acompanhamento no parque\" border=\"0\" height=\"640\" src=\"https:\/\/i0.wp.com\/2.bp.blogspot.com\/-LrVPQGQdpAc\/UImc6K47yAI\/AAAAAAAAIfk\/UG3gJSDaKUo\/s640\/book%2Bacompanhamento%2Bno%2Bparque.JPG?resize=426%2C640&#038;ssl=1\" title=\"book acompanhamento no parque\" width=\"426\" \/><\/a><\/td>\n<\/tr>\n<tr>\n<td style=\"text-align: center;\">book acompanhamento no parque<\/td>\n<\/tr>\n<\/tbody>\n<\/table>\n<p><\/p>\n<table align=\"center\" cellpadding=\"0\" cellspacing=\"0\" style=\"margin-left: auto; margin-right: auto; text-align: center;\">\n<tbody>\n<tr>\n<td style=\"text-align: center;\"><a href=\"https:\/\/i0.wp.com\/1.bp.blogspot.com\/-1M01Uvdavp8\/UImc8TIQYZI\/AAAAAAAAIfs\/yTW_Y_fBKYI\/s1600\/book%2Bbebe%2Bno%2Bparque.JPG\" style=\"margin-left: auto; margin-right: auto;\"><img data-recalc-dims=\"1\" loading=\"lazy\" decoding=\"async\" alt=\"book bebe no parque\" border=\"0\" height=\"426\" src=\"https:\/\/i0.wp.com\/1.bp.blogspot.com\/-1M01Uvdavp8\/UImc8TIQYZI\/AAAAAAAAIfs\/yTW_Y_fBKYI\/s640\/book%2Bbebe%2Bno%2Bparque.JPG?resize=640%2C426&#038;ssl=1\" title=\"book bebe no parque\" width=\"640\" \/><\/a><\/td>\n<\/tr>\n<tr>\n<td style=\"text-align: center;\">book bebe no parque<\/td>\n<\/tr>\n<\/tbody>\n<\/table>\n<p><\/p>\n<table align=\"center\" cellpadding=\"0\" cellspacing=\"0\" style=\"margin-left: auto; margin-right: auto; text-align: center;\">\n<tbody>\n<tr>\n<td style=\"text-align: center;\"><a href=\"https:\/\/i0.wp.com\/2.bp.blogspot.com\/-NqxWnxAjaOM\/UImc-WwFuAI\/AAAAAAAAIf0\/VXzfXtKkuPU\/s1600\/book%2Bem%2Bcasa%2Binfantil.JPG\" style=\"margin-left: auto; margin-right: auto;\"><img data-recalc-dims=\"1\" loading=\"lazy\" decoding=\"async\" alt=\"book em casa infantil\" border=\"0\" height=\"640\" src=\"https:\/\/i0.wp.com\/2.bp.blogspot.com\/-NqxWnxAjaOM\/UImc-WwFuAI\/AAAAAAAAIf0\/VXzfXtKkuPU\/s640\/book%2Bem%2Bcasa%2Binfantil.JPG?resize=426%2C640&#038;ssl=1\" title=\"book em casa infantil\" width=\"426\" \/><\/a><\/td>\n<\/tr>\n<tr>\n<td style=\"text-align: center;\">book em casa infantil<\/td>\n<\/tr>\n<\/tbody>\n<\/table>\n<p><\/p>\n<table align=\"center\" cellpadding=\"0\" cellspacing=\"0\" style=\"margin-left: auto; margin-right: auto; text-align: center;\">\n<tbody>\n<tr>\n<td style=\"text-align: center;\"><a href=\"https:\/\/i0.wp.com\/4.bp.blogspot.com\/-A4Qd8Fn3bDA\/UImdBeGC4aI\/AAAAAAAAIf8\/Tuai-CtvWyQ\/s1600\/book%2Bno%2Bparque.JPG\" style=\"margin-left: auto; margin-right: auto;\"><img data-recalc-dims=\"1\" loading=\"lazy\" decoding=\"async\" alt=\"book no parque\" border=\"0\" height=\"426\" src=\"https:\/\/i0.wp.com\/4.bp.blogspot.com\/-A4Qd8Fn3bDA\/UImdBeGC4aI\/AAAAAAAAIf8\/Tuai-CtvWyQ\/s640\/book%2Bno%2Bparque.JPG?resize=640%2C426&#038;ssl=1\" title=\"book no parque\" width=\"640\" \/><\/a><\/td>\n<\/tr>\n<tr>\n<td style=\"text-align: center;\">book no parque<\/td>\n<\/tr>\n<\/tbody>\n<\/table>\n<p><\/p>\n<table align=\"center\" cellpadding=\"0\" cellspacing=\"0\" style=\"margin-left: auto; margin-right: auto; text-align: center;\">\n<tbody>\n<tr>\n<td style=\"text-align: center;\"><a href=\"https:\/\/i0.wp.com\/3.bp.blogspot.com\/-ZEik3FmaZG4\/UImdDzTGD_I\/AAAAAAAAIgE\/5oVCbTYweOQ\/s1600\/ensaio%2Bfotografico%2Bem%2Bfamilia.JPG\" style=\"margin-left: auto; margin-right: auto;\"><img data-recalc-dims=\"1\" loading=\"lazy\" decoding=\"async\" alt=\"ensaio fotografico em familia\" border=\"0\" height=\"426\" src=\"https:\/\/i0.wp.com\/3.bp.blogspot.com\/-ZEik3FmaZG4\/UImdDzTGD_I\/AAAAAAAAIgE\/5oVCbTYweOQ\/s640\/ensaio%2Bfotografico%2Bem%2Bfamilia.JPG?resize=640%2C426&#038;ssl=1\" title=\"ensaio fotografico em familia\" width=\"640\" \/><\/a><\/td>\n<\/tr>\n<tr>\n<td style=\"text-align: center;\">ensaio fotografico em familia<\/td>\n<\/tr>\n<\/tbody>\n<\/table>\n<p><\/p>\n<table align=\"center\" cellpadding=\"0\" cellspacing=\"0\" style=\"margin-left: auto; margin-right: auto; text-align: center;\">\n<tbody>\n<tr>\n<td style=\"text-align: center;\"><a href=\"https:\/\/i0.wp.com\/3.bp.blogspot.com\/-PRITUwQco44\/UImdGXxiT_I\/AAAAAAAAIgM\/aaWzU28yW-E\/s1600\/ensaio%2Bfotografico%2Bno%2Bparque.JPG\" style=\"margin-left: auto; margin-right: auto;\"><img data-recalc-dims=\"1\" loading=\"lazy\" decoding=\"async\" alt=\"ensaio fotografico no parque\" border=\"0\" height=\"640\" src=\"https:\/\/i0.wp.com\/3.bp.blogspot.com\/-PRITUwQco44\/UImdGXxiT_I\/AAAAAAAAIgM\/aaWzU28yW-E\/s640\/ensaio%2Bfotografico%2Bno%2Bparque.JPG?resize=426%2C640&#038;ssl=1\" title=\"ensaio fotografico no parque\" width=\"426\" \/><\/a><\/td>\n<\/tr>\n<tr>\n<td style=\"text-align: center;\">ensaio fotografico no parque<\/td>\n<\/tr>\n<\/tbody>\n<\/table>\n<p><\/p>\n<table align=\"center\" cellpadding=\"0\" cellspacing=\"0\" style=\"margin-left: auto; margin-right: auto; text-align: center;\">\n<tbody>\n<tr>\n<td style=\"text-align: center;\"><a href=\"https:\/\/i0.wp.com\/4.bp.blogspot.com\/-luLJCusrVP4\/UImdJQJ5arI\/AAAAAAAAIgU\/YPQumWku6pc\/s1600\/fotografias%2Bde%2Bbook%2Bno%2Bparque%2Binfantil.JPG\" style=\"margin-left: auto; margin-right: auto;\"><img data-recalc-dims=\"1\" loading=\"lazy\" decoding=\"async\" alt=\"fotografias de book no parque infantil\" border=\"0\" height=\"426\" src=\"https:\/\/i0.wp.com\/4.bp.blogspot.com\/-luLJCusrVP4\/UImdJQJ5arI\/AAAAAAAAIgU\/YPQumWku6pc\/s640\/fotografias%2Bde%2Bbook%2Bno%2Bparque%2Binfantil.JPG?resize=640%2C426&#038;ssl=1\" title=\"fotografias de book no parque infantil\" width=\"640\" \/><\/a><\/td>\n<\/tr>\n<tr>\n<td style=\"text-align: center;\">fotografias de book no parque infantil<\/td>\n<\/tr>\n<\/tbody>\n<\/table>\n<p><\/p>\n<table align=\"center\" cellpadding=\"0\" cellspacing=\"0\" style=\"margin-left: auto; margin-right: auto; text-align: center;\">\n<tbody>\n<tr>\n<td style=\"text-align: center;\"><a href=\"https:\/\/i0.wp.com\/2.bp.blogspot.com\/-D-RT4zSEtA4\/UImdMa7E9fI\/AAAAAAAAIgc\/RXFdxwbtJr8\/s1600\/fotos%2Bde%2Bbebes%2Bno%2Bparque.JPG\" style=\"margin-left: auto; margin-right: auto;\"><img data-recalc-dims=\"1\" loading=\"lazy\" decoding=\"async\" alt=\"fotos de bebes no parque\" border=\"0\" height=\"426\" src=\"https:\/\/i0.wp.com\/2.bp.blogspot.com\/-D-RT4zSEtA4\/UImdMa7E9fI\/AAAAAAAAIgc\/RXFdxwbtJr8\/s640\/fotos%2Bde%2Bbebes%2Bno%2Bparque.JPG?resize=640%2C426&#038;ssl=1\" title=\"fotos de bebes no parque\" width=\"640\" \/><\/a><\/td>\n<\/tr>\n<tr>\n<td style=\"text-align: center;\">fotos de bebes no parque<\/td>\n<\/tr>\n<\/tbody>\n<\/table>\n<p><\/p>\n<table align=\"center\" cellpadding=\"0\" cellspacing=\"0\" style=\"margin-left: auto; margin-right: auto; text-align: center;\">\n<tbody>\n<tr>\n<td style=\"text-align: center;\"><a href=\"https:\/\/i0.wp.com\/4.bp.blogspot.com\/-AIay0Fy86oQ\/UImdO-xZ3EI\/AAAAAAAAIgk\/GljkgoVzWhw\/s1600\/fotos%2Bde%2Bbook%2Bbebe.JPG\" style=\"margin-left: auto; margin-right: auto;\"><img data-recalc-dims=\"1\" loading=\"lazy\" decoding=\"async\" alt=\"fotos de book bebe\" border=\"0\" height=\"640\" src=\"https:\/\/i0.wp.com\/4.bp.blogspot.com\/-AIay0Fy86oQ\/UImdO-xZ3EI\/AAAAAAAAIgk\/GljkgoVzWhw\/s640\/fotos%2Bde%2Bbook%2Bbebe.JPG?resize=426%2C640&#038;ssl=1\" title=\"fotos de book bebe\" width=\"426\" \/><\/a><\/td>\n<\/tr>\n<tr>\n<td style=\"text-align: center;\">fotos de book bebe<\/td>\n<\/tr>\n<\/tbody>\n<\/table>\n<p><\/p>\n<table align=\"center\" cellpadding=\"0\" cellspacing=\"0\" style=\"margin-left: auto; margin-right: auto; text-align: center;\">\n<tbody>\n<tr>\n<td style=\"text-align: center;\"><a href=\"https:\/\/i0.wp.com\/2.bp.blogspot.com\/-ViLIBdUicw4\/UImdR5MvCoI\/AAAAAAAAIgs\/Ldf20wfPp2I\/s1600\/fotos%2Bde%2Bbook%2Bde%2Bcrian%C3%A7as.JPG\" style=\"margin-left: auto; margin-right: auto;\"><img data-recalc-dims=\"1\" loading=\"lazy\" decoding=\"async\" alt=\"fotos de book de crian\u00e7as\" border=\"0\" height=\"426\" src=\"https:\/\/i0.wp.com\/2.bp.blogspot.com\/-ViLIBdUicw4\/UImdR5MvCoI\/AAAAAAAAIgs\/Ldf20wfPp2I\/s640\/fotos%2Bde%2Bbook%2Bde%2Bcrian%C3%A7as.JPG?resize=640%2C426&#038;ssl=1\" title=\"fotos de book de crian\u00e7as\" width=\"640\" \/><\/a><\/td>\n<\/tr>\n<tr>\n<td style=\"text-align: center;\">fotos de book de crian\u00e7as<\/td>\n<\/tr>\n<\/tbody>\n<\/table>\n<p><\/p>\n<table align=\"center\" cellpadding=\"0\" cellspacing=\"0\" style=\"margin-left: auto; margin-right: auto; text-align: center;\">\n<tbody>\n<tr>\n<td style=\"text-align: center;\"><a href=\"https:\/\/i0.wp.com\/2.bp.blogspot.com\/-jgZv1Zt6iN0\/UImdUjCRM6I\/AAAAAAAAIg0\/TLHfHu4Ft-A\/s1600\/fotos%2Bde%2Bbook%2Bno%2Bparque.JPG\" style=\"margin-left: auto; margin-right: auto;\"><img data-recalc-dims=\"1\" loading=\"lazy\" decoding=\"async\" alt=\"fotos de book no parque\" border=\"0\" height=\"640\" src=\"https:\/\/i0.wp.com\/2.bp.blogspot.com\/-jgZv1Zt6iN0\/UImdUjCRM6I\/AAAAAAAAIg0\/TLHfHu4Ft-A\/s640\/fotos%2Bde%2Bbook%2Bno%2Bparque.JPG?resize=426%2C640&#038;ssl=1\" title=\"fotos de book no parque\" width=\"426\" \/><\/a><\/td>\n<\/tr>\n<tr>\n<td style=\"text-align: center;\">fotos de book no parque<\/td>\n<\/tr>\n<\/tbody>\n<\/table>\n<p><\/p>\n<table align=\"center\" cellpadding=\"0\" cellspacing=\"0\" style=\"margin-left: auto; margin-right: auto; text-align: center;\">\n<tbody>\n<tr>\n<td style=\"text-align: center;\"><a href=\"https:\/\/i0.wp.com\/4.bp.blogspot.com\/-1PTz1yVLJGU\/UImdb8uhIWI\/AAAAAAAAIg8\/NffNWHAJ69Y\/s1600\/fotos%2Bde%2Bcrian%C3%A7as%2Bno%2Bparque.JPG\" style=\"margin-left: auto; margin-right: auto;\"><img data-recalc-dims=\"1\" loading=\"lazy\" decoding=\"async\" alt=\"fotos de crian\u00e7as no parque\" border=\"0\" height=\"640\" src=\"https:\/\/i0.wp.com\/4.bp.blogspot.com\/-1PTz1yVLJGU\/UImdb8uhIWI\/AAAAAAAAIg8\/NffNWHAJ69Y\/s640\/fotos%2Bde%2Bcrian%C3%A7as%2Bno%2Bparque.JPG?resize=426%2C640&#038;ssl=1\" title=\"fotos de crian\u00e7as no parque\" width=\"426\" \/><\/a><\/td>\n<\/tr>\n<tr>\n<td style=\"text-align: center;\">fotos de crian\u00e7as no parque<\/td>\n<\/tr>\n<\/tbody>\n<\/table>\n<p><\/p>\n<table align=\"center\" cellpadding=\"0\" cellspacing=\"0\" style=\"margin-left: auto; margin-right: auto; text-align: center;\">\n<tbody>\n<tr>\n<td style=\"text-align: center;\"><a href=\"https:\/\/i0.wp.com\/3.bp.blogspot.com\/-b_WIWHLqVIU\/UImdephiQaI\/AAAAAAAAIhE\/wMKN54pN108\/s1600\/fotos%2Bde%2Bpasseio%2Bem%2Bfamilia.JPG\" style=\"margin-left: auto; margin-right: auto;\"><img data-recalc-dims=\"1\" loading=\"lazy\" decoding=\"async\" alt=\"fotos de passeio em familia\" border=\"0\" height=\"426\" src=\"https:\/\/i0.wp.com\/3.bp.blogspot.com\/-b_WIWHLqVIU\/UImdephiQaI\/AAAAAAAAIhE\/wMKN54pN108\/s640\/fotos%2Bde%2Bpasseio%2Bem%2Bfamilia.JPG?resize=640%2C426&#038;ssl=1\" title=\"fotos de passeio em familia\" width=\"640\" \/><\/a><\/td>\n<\/tr>\n<tr>\n<td style=\"text-align: center;\">fotos de passeio em familia<\/td>\n<\/tr>\n<\/tbody>\n<\/table>\n<p><\/p>\n<table align=\"center\" cellpadding=\"0\" cellspacing=\"0\" style=\"margin-left: auto; margin-right: auto; text-align: center;\">\n<tbody>\n<tr>\n<td style=\"text-align: center;\"><a href=\"https:\/\/i0.wp.com\/2.bp.blogspot.com\/-DXQqO6PNpPw\/UImdhMfWMTI\/AAAAAAAAIhM\/1wXHIZhJ8YE\/s1600\/fotos%2Bprofissionais%2Bno%2Bparque.JPG\" style=\"margin-left: auto; margin-right: auto;\"><img data-recalc-dims=\"1\" loading=\"lazy\" decoding=\"async\" alt=\"fotos profissionais no parque\" border=\"0\" height=\"426\" src=\"https:\/\/i0.wp.com\/2.bp.blogspot.com\/-DXQqO6PNpPw\/UImdhMfWMTI\/AAAAAAAAIhM\/1wXHIZhJ8YE\/s640\/fotos%2Bprofissionais%2Bno%2Bparque.JPG?resize=640%2C426&#038;ssl=1\" title=\"fotos profissionais no parque\" width=\"640\" \/><\/a><\/td>\n<\/tr>\n<tr>\n<td style=\"text-align: center;\">fotos profissionais no parque<\/td>\n<\/tr>\n<\/tbody>\n<\/table>\n<p><\/p>\n<table align=\"center\" cellpadding=\"0\" cellspacing=\"0\" style=\"margin-left: auto; margin-right: auto; text-align: center;\">\n<tbody>\n<tr>\n<td style=\"text-align: center;\"><a href=\"https:\/\/i0.wp.com\/2.bp.blogspot.com\/-xvLMhKwtPlg\/UImdjh12_kI\/AAAAAAAAIhU\/lYSOsAuU4z0\/s1600\/sessao%2Bde%2Bfotos%2Bexterno.JPG\" style=\"margin-left: auto; margin-right: auto;\"><img data-recalc-dims=\"1\" loading=\"lazy\" decoding=\"async\" alt=\"sessao de fotos externo\" border=\"0\" height=\"426\" src=\"https:\/\/i0.wp.com\/2.bp.blogspot.com\/-xvLMhKwtPlg\/UImdjh12_kI\/AAAAAAAAIhU\/lYSOsAuU4z0\/s640\/sessao%2Bde%2Bfotos%2Bexterno.JPG?resize=640%2C426&#038;ssl=1\" title=\"sessao de fotos externo\" width=\"640\" \/><\/a><\/td>\n<\/tr>\n<tr>\n<td style=\"text-align: center;\">sessao de fotos externo<\/td>\n<\/tr>\n<\/tbody>\n<\/table>\n<p><\/p>\n<table align=\"center\" cellpadding=\"0\" cellspacing=\"0\" style=\"margin-left: auto; margin-right: auto; text-align: center;\">\n<tbody>\n<tr>\n<td style=\"text-align: center;\"><a href=\"https:\/\/i0.wp.com\/1.bp.blogspot.com\/-RFiVZUtKngI\/UImdmAIn0cI\/AAAAAAAAIhc\/YV3Xa5A2phk\/s1600\/sessao%2Bde%2Bfotos%2Bno%2Bparque.JPG\" style=\"margin-left: auto; margin-right: auto;\"><img data-recalc-dims=\"1\" loading=\"lazy\" decoding=\"async\" alt=\"sessao de fotos no parque\" border=\"0\" height=\"426\" src=\"https:\/\/i0.wp.com\/1.bp.blogspot.com\/-RFiVZUtKngI\/UImdmAIn0cI\/AAAAAAAAIhc\/YV3Xa5A2phk\/s640\/sessao%2Bde%2Bfotos%2Bno%2Bparque.JPG?resize=640%2C426&#038;ssl=1\" title=\"sessao de fotos no parque\" width=\"640\" \/><\/a><\/td>\n<\/tr>\n<tr>\n<td style=\"text-align: center;\">sessao de fotos no parque<\/td>\n<\/tr>\n<\/tbody>\n<\/table>\n<p><\/p>\n<table align=\"center\" cellpadding=\"0\" cellspacing=\"0\" style=\"margin-left: auto; margin-right: auto; text-align: center;\">\n<tbody>\n<tr>\n<td style=\"text-align: center;\"><a href=\"https:\/\/i0.wp.com\/1.bp.blogspot.com\/-BzsG2_hvHBM\/UImdoRCOA-I\/AAAAAAAAIhk\/PYOIJIq5yvc\/s1600\/tomada%2Bde%2Bfotos%2Bno%2Bparque.JPG\" style=\"margin-left: auto; margin-right: auto;\"><img data-recalc-dims=\"1\" loading=\"lazy\" decoding=\"async\" alt=\"tomada de fotos no parque\" border=\"0\" height=\"426\" src=\"https:\/\/i0.wp.com\/1.bp.blogspot.com\/-BzsG2_hvHBM\/UImdoRCOA-I\/AAAAAAAAIhk\/PYOIJIq5yvc\/s640\/tomada%2Bde%2Bfotos%2Bno%2Bparque.JPG?resize=640%2C426&#038;ssl=1\" title=\"tomada de fotos no parque\" width=\"640\" \/><\/a><\/td>\n<\/tr>\n<tr>\n<td style=\"text-align: center;\">tomada de fotos no parque<\/td>\n<\/tr>\n<\/tbody>\n<\/table>\n<p><\/p>\n<div>Visite tamb\u00e9m nosso site:&nbsp;<a href=\"http:\/\/www.biancamachado.com.br\/\">www.biancamachado.com.br<\/a><br \/>(11) 97107-1018<\/div>\nVisite tamb\u00e9m nosso site: www.biancamachado.com.br\r\n(11) 97107-1018\r\n\r\nAtendemos as regi\u00f5es de S\u00e3o Paulo, Sorocaba, Ibi\u00fana, Piedade, Votorantim, Cotia, Itupeva, Jundia\u00ed, It\u00fa e Campinas","protected":false},"excerpt":{"rendered":"<p>Que tal fazer uma recorda\u00e7\u00e3o<\/p>\n","protected":false},"author":1,"featured_media":1243,"comment_status":"open","ping_status":"open","sticky":false,"template":"","format":"standard","meta":{"_monsterinsights_skip_tracking":false,"_monsterinsights_sitenote_active":false,"_monsterinsights_sitenote_note":"","_monsterinsights_sitenote_category":0,"jetpack_post_was_ever_published":false,"_jetpack_newsletter_access":"","_jetpack_dont_email_post_to_subs":false,"_jetpack_newsletter_tier_id":0,"_jetpack_memberships_contains_paywalled_content":false,"_jetpack_memberships_contains_paid_content":false,"_joinchat":[],"footnotes":""},"categories":[292,290,291,1],"tags":[332,328,303,327,329,299,333,334],"class_list":["post-408","post","type-post","status-publish","format-standard","has-post-thumbnail","hentry","category-book-familia-estudio","category-book-infantil-estudio","category-book-infantil-externo","category-studio-bianca-machado","tag-book-familia-em-estudio","tag-book-fotografico","tag-book-fotografico-em-parques","tag-book-infantil-em-estudio","tag-book-infantil-externo","tag-ensaio-de-fotos","tag-ensaio-de-fotos-com-criancas","tag-fotografia-profissional-para-familias"],"yoast_head":"<!-- This site is optimized with the Yoast SEO plugin v27.4 - https:\/\/yoast.com\/product\/yoast-seo-wordpress\/ -->\n<title>Fotos de Book no parque - Recorda\u00e7\u00e3o em fam\u00edlia - STUDIO BIANCA MACHADO<\/title>\n<meta name=\"robots\" content=\"index, follow, max-snippet:-1, max-image-preview:large, max-video-preview:-1\" \/>\n<link rel=\"canonical\" href=\"https:\/\/biancamachado.com.br\/blog\/fotos-de-book-no-parque-recordacao-em-familia\/\" \/>\n<meta property=\"og:locale\" content=\"pt_BR\" \/>\n<meta property=\"og:type\" content=\"article\" \/>\n<meta property=\"og:title\" content=\"Fotos de Book no parque - Recorda\u00e7\u00e3o em fam\u00edlia - STUDIO BIANCA MACHADO\" \/>\n<meta property=\"og:description\" content=\"Que tal fazer uma recorda\u00e7\u00e3o\" \/>\n<meta property=\"og:url\" content=\"https:\/\/biancamachado.com.br\/blog\/fotos-de-book-no-parque-recordacao-em-familia\/\" \/>\n<meta property=\"og:site_name\" content=\"STUDIO BIANCA MACHADO\" \/>\n<meta property=\"article:publisher\" content=\"https:\/\/www.facebook.com\/Studiobiancamachado\/\" \/>\n<meta property=\"article:published_time\" content=\"2012-10-25T19:24:00+00:00\" \/>\n<meta property=\"article:modified_time\" content=\"2021-02-18T03:09:27+00:00\" \/>\n<meta property=\"og:image\" content=\"https:\/\/i0.wp.com\/biancamachado.com.br\/blog\/wp-content\/uploads\/2012\/10\/Screenshot_366.png?fit=602%2C413&ssl=1\" \/>\n\t<meta property=\"og:image:width\" content=\"602\" \/>\n\t<meta property=\"og:image:height\" content=\"413\" \/>\n\t<meta property=\"og:image:type\" content=\"image\/png\" \/>\n<meta name=\"author\" content=\"biancamachado\" \/>\n<meta name=\"twitter:card\" content=\"summary_large_image\" \/>\n<meta name=\"twitter:label1\" content=\"Escrito por\" \/>\n\t<meta name=\"twitter:data1\" content=\"biancamachado\" \/>\n\t<meta name=\"twitter:label2\" content=\"Est. tempo de leitura\" \/>\n\t<meta name=\"twitter:data2\" content=\"1 minuto\" \/>\n<script type=\"application\/ld+json\" class=\"yoast-schema-graph\">{\"@context\":\"https:\\\/\\\/schema.org\",\"@graph\":[{\"@type\":\"Article\",\"@id\":\"https:\\\/\\\/biancamachado.com.br\\\/blog\\\/fotos-de-book-no-parque-recordacao-em-familia\\\/#article\",\"isPartOf\":{\"@id\":\"https:\\\/\\\/biancamachado.com.br\\\/blog\\\/fotos-de-book-no-parque-recordacao-em-familia\\\/\"},\"author\":{\"name\":\"biancamachado\",\"@id\":\"https:\\\/\\\/biancamachado.com.br\\\/blog\\\/#\\\/schema\\\/person\\\/990263800ec5e9bdbbf092a2353550a1\"},\"headline\":\"Fotos de Book no parque &#8211; Recorda\u00e7\u00e3o em fam\u00edlia\",\"datePublished\":\"2012-10-25T19:24:00+00:00\",\"dateModified\":\"2021-02-18T03:09:27+00:00\",\"mainEntityOfPage\":{\"@id\":\"https:\\\/\\\/biancamachado.com.br\\\/blog\\\/fotos-de-book-no-parque-recordacao-em-familia\\\/\"},\"wordCount\":145,\"commentCount\":0,\"publisher\":{\"@id\":\"https:\\\/\\\/biancamachado.com.br\\\/blog\\\/#organization\"},\"image\":{\"@id\":\"https:\\\/\\\/biancamachado.com.br\\\/blog\\\/fotos-de-book-no-parque-recordacao-em-familia\\\/#primaryimage\"},\"thumbnailUrl\":\"https:\\\/\\\/i0.wp.com\\\/biancamachado.com.br\\\/blog\\\/wp-content\\\/uploads\\\/2012\\\/10\\\/Screenshot_366.png?fit=602%2C413&ssl=1\",\"keywords\":[\"Book familia em estudio\",\"book fotografico\",\"book fotografico em parques\",\"book infantil em estudio\",\"book infantil externo\",\"ensaio de fotos\",\"ensaio de fotos com crian\u00e7as\",\"fotografia profissional para familias\"],\"articleSection\":[\"Book Familia Estudio\",\"Book Infantil Estudio\",\"Book Infantil Externo\",\"Studio Bianca Machado\"],\"inLanguage\":\"pt-BR\",\"potentialAction\":[{\"@type\":\"CommentAction\",\"name\":\"Comment\",\"target\":[\"https:\\\/\\\/biancamachado.com.br\\\/blog\\\/fotos-de-book-no-parque-recordacao-em-familia\\\/#respond\"]}]},{\"@type\":\"WebPage\",\"@id\":\"https:\\\/\\\/biancamachado.com.br\\\/blog\\\/fotos-de-book-no-parque-recordacao-em-familia\\\/\",\"url\":\"https:\\\/\\\/biancamachado.com.br\\\/blog\\\/fotos-de-book-no-parque-recordacao-em-familia\\\/\",\"name\":\"Fotos de Book no parque - Recorda\u00e7\u00e3o em fam\u00edlia - STUDIO BIANCA MACHADO\",\"isPartOf\":{\"@id\":\"https:\\\/\\\/biancamachado.com.br\\\/blog\\\/#website\"},\"primaryImageOfPage\":{\"@id\":\"https:\\\/\\\/biancamachado.com.br\\\/blog\\\/fotos-de-book-no-parque-recordacao-em-familia\\\/#primaryimage\"},\"image\":{\"@id\":\"https:\\\/\\\/biancamachado.com.br\\\/blog\\\/fotos-de-book-no-parque-recordacao-em-familia\\\/#primaryimage\"},\"thumbnailUrl\":\"https:\\\/\\\/i0.wp.com\\\/biancamachado.com.br\\\/blog\\\/wp-content\\\/uploads\\\/2012\\\/10\\\/Screenshot_366.png?fit=602%2C413&ssl=1\",\"datePublished\":\"2012-10-25T19:24:00+00:00\",\"dateModified\":\"2021-02-18T03:09:27+00:00\",\"breadcrumb\":{\"@id\":\"https:\\\/\\\/biancamachado.com.br\\\/blog\\\/fotos-de-book-no-parque-recordacao-em-familia\\\/#breadcrumb\"},\"inLanguage\":\"pt-BR\",\"potentialAction\":[{\"@type\":\"ReadAction\",\"target\":[\"https:\\\/\\\/biancamachado.com.br\\\/blog\\\/fotos-de-book-no-parque-recordacao-em-familia\\\/\"]}]},{\"@type\":\"ImageObject\",\"inLanguage\":\"pt-BR\",\"@id\":\"https:\\\/\\\/biancamachado.com.br\\\/blog\\\/fotos-de-book-no-parque-recordacao-em-familia\\\/#primaryimage\",\"url\":\"https:\\\/\\\/i0.wp.com\\\/biancamachado.com.br\\\/blog\\\/wp-content\\\/uploads\\\/2012\\\/10\\\/Screenshot_366.png?fit=602%2C413&ssl=1\",\"contentUrl\":\"https:\\\/\\\/i0.wp.com\\\/biancamachado.com.br\\\/blog\\\/wp-content\\\/uploads\\\/2012\\\/10\\\/Screenshot_366.png?fit=602%2C413&ssl=1\",\"width\":602,\"height\":413,\"caption\":\"Fotos de Book no parque \u2013 Recorda\u00e7\u00e3o em fam\u00edlia\"},{\"@type\":\"BreadcrumbList\",\"@id\":\"https:\\\/\\\/biancamachado.com.br\\\/blog\\\/fotos-de-book-no-parque-recordacao-em-familia\\\/#breadcrumb\",\"itemListElement\":[{\"@type\":\"ListItem\",\"position\":1,\"name\":\"In\u00edcio\",\"item\":\"https:\\\/\\\/biancamachado.com.br\\\/blog\\\/\"},{\"@type\":\"ListItem\",\"position\":2,\"name\":\"Fotos de Book no parque &#8211; Recorda\u00e7\u00e3o em fam\u00edlia\"}]},{\"@type\":\"WebSite\",\"@id\":\"https:\\\/\\\/biancamachado.com.br\\\/blog\\\/#website\",\"url\":\"https:\\\/\\\/biancamachado.com.br\\\/blog\\\/\",\"name\":\"STUDIO BIANCA MACHADO\",\"description\":\"Estudio Fotografico, Ensaios e Books de foto profissional\",\"publisher\":{\"@id\":\"https:\\\/\\\/biancamachado.com.br\\\/blog\\\/#organization\"},\"potentialAction\":[{\"@type\":\"SearchAction\",\"target\":{\"@type\":\"EntryPoint\",\"urlTemplate\":\"https:\\\/\\\/biancamachado.com.br\\\/blog\\\/?s={search_term_string}\"},\"query-input\":{\"@type\":\"PropertyValueSpecification\",\"valueRequired\":true,\"valueName\":\"search_term_string\"}}],\"inLanguage\":\"pt-BR\"},{\"@type\":\"Organization\",\"@id\":\"https:\\\/\\\/biancamachado.com.br\\\/blog\\\/#organization\",\"name\":\"STUDIO BIANCA MACHADO\",\"url\":\"https:\\\/\\\/biancamachado.com.br\\\/blog\\\/\",\"logo\":{\"@type\":\"ImageObject\",\"inLanguage\":\"pt-BR\",\"@id\":\"https:\\\/\\\/biancamachado.com.br\\\/blog\\\/#\\\/schema\\\/logo\\\/image\\\/\",\"url\":\"https:\\\/\\\/i0.wp.com\\\/biancamachado.com.br\\\/blog\\\/wp-content\\\/uploads\\\/2021\\\/02\\\/cropped-logo-ml.jpg?fit=278%2C100&ssl=1\",\"contentUrl\":\"https:\\\/\\\/i0.wp.com\\\/biancamachado.com.br\\\/blog\\\/wp-content\\\/uploads\\\/2021\\\/02\\\/cropped-logo-ml.jpg?fit=278%2C100&ssl=1\",\"width\":278,\"height\":100,\"caption\":\"STUDIO BIANCA MACHADO\"},\"image\":{\"@id\":\"https:\\\/\\\/biancamachado.com.br\\\/blog\\\/#\\\/schema\\\/logo\\\/image\\\/\"},\"sameAs\":[\"https:\\\/\\\/www.facebook.com\\\/Studiobiancamachado\\\/\",\"https:\\\/\\\/www.instagram.com\\\/Studiobiancamachado\\\/\"]},{\"@type\":\"Person\",\"@id\":\"https:\\\/\\\/biancamachado.com.br\\\/blog\\\/#\\\/schema\\\/person\\\/990263800ec5e9bdbbf092a2353550a1\",\"name\":\"biancamachado\",\"image\":{\"@type\":\"ImageObject\",\"inLanguage\":\"pt-BR\",\"@id\":\"https:\\\/\\\/secure.gravatar.com\\\/avatar\\\/62b1a50f2632dbc2e279c3eb55aa46cc324c969cff16a69c59756d155316542c?s=96&d=mm&r=g\",\"url\":\"https:\\\/\\\/secure.gravatar.com\\\/avatar\\\/62b1a50f2632dbc2e279c3eb55aa46cc324c969cff16a69c59756d155316542c?s=96&d=mm&r=g\",\"contentUrl\":\"https:\\\/\\\/secure.gravatar.com\\\/avatar\\\/62b1a50f2632dbc2e279c3eb55aa46cc324c969cff16a69c59756d155316542c?s=96&d=mm&r=g\",\"caption\":\"biancamachado\"},\"sameAs\":[\"https:\\\/\\\/biancamachado.com.br\\\/blog\"],\"url\":\"https:\\\/\\\/biancamachado.com.br\\\/blog\\\/author\\\/biancamachado\\\/\"}]}<\/script>\n<!-- \/ Yoast SEO plugin. -->","yoast_head_json":{"title":"Fotos de Book no parque - Recorda\u00e7\u00e3o em fam\u00edlia - STUDIO BIANCA MACHADO","robots":{"index":"index","follow":"follow","max-snippet":"max-snippet:-1","max-image-preview":"max-image-preview:large","max-video-preview":"max-video-preview:-1"},"canonical":"https:\/\/biancamachado.com.br\/blog\/fotos-de-book-no-parque-recordacao-em-familia\/","og_locale":"pt_BR","og_type":"article","og_title":"Fotos de Book no parque - Recorda\u00e7\u00e3o em fam\u00edlia - STUDIO BIANCA MACHADO","og_description":"Que tal fazer uma recorda\u00e7\u00e3o","og_url":"https:\/\/biancamachado.com.br\/blog\/fotos-de-book-no-parque-recordacao-em-familia\/","og_site_name":"STUDIO BIANCA MACHADO","article_publisher":"https:\/\/www.facebook.com\/Studiobiancamachado\/","article_published_time":"2012-10-25T19:24:00+00:00","article_modified_time":"2021-02-18T03:09:27+00:00","og_image":[{"width":602,"height":413,"url":"https:\/\/i0.wp.com\/biancamachado.com.br\/blog\/wp-content\/uploads\/2012\/10\/Screenshot_366.png?fit=602%2C413&ssl=1","type":"image\/png"}],"author":"biancamachado","twitter_card":"summary_large_image","twitter_misc":{"Escrito por":"biancamachado","Est. tempo de leitura":"1 minuto"},"schema":{"@context":"https:\/\/schema.org","@graph":[{"@type":"Article","@id":"https:\/\/biancamachado.com.br\/blog\/fotos-de-book-no-parque-recordacao-em-familia\/#article","isPartOf":{"@id":"https:\/\/biancamachado.com.br\/blog\/fotos-de-book-no-parque-recordacao-em-familia\/"},"author":{"name":"biancamachado","@id":"https:\/\/biancamachado.com.br\/blog\/#\/schema\/person\/990263800ec5e9bdbbf092a2353550a1"},"headline":"Fotos de Book no parque &#8211; Recorda\u00e7\u00e3o em fam\u00edlia","datePublished":"2012-10-25T19:24:00+00:00","dateModified":"2021-02-18T03:09:27+00:00","mainEntityOfPage":{"@id":"https:\/\/biancamachado.com.br\/blog\/fotos-de-book-no-parque-recordacao-em-familia\/"},"wordCount":145,"commentCount":0,"publisher":{"@id":"https:\/\/biancamachado.com.br\/blog\/#organization"},"image":{"@id":"https:\/\/biancamachado.com.br\/blog\/fotos-de-book-no-parque-recordacao-em-familia\/#primaryimage"},"thumbnailUrl":"https:\/\/i0.wp.com\/biancamachado.com.br\/blog\/wp-content\/uploads\/2012\/10\/Screenshot_366.png?fit=602%2C413&ssl=1","keywords":["Book familia em estudio","book fotografico","book fotografico em parques","book infantil em estudio","book infantil externo","ensaio de fotos","ensaio de fotos com crian\u00e7as","fotografia profissional para familias"],"articleSection":["Book Familia Estudio","Book Infantil Estudio","Book Infantil Externo","Studio Bianca Machado"],"inLanguage":"pt-BR","potentialAction":[{"@type":"CommentAction","name":"Comment","target":["https:\/\/biancamachado.com.br\/blog\/fotos-de-book-no-parque-recordacao-em-familia\/#respond"]}]},{"@type":"WebPage","@id":"https:\/\/biancamachado.com.br\/blog\/fotos-de-book-no-parque-recordacao-em-familia\/","url":"https:\/\/biancamachado.com.br\/blog\/fotos-de-book-no-parque-recordacao-em-familia\/","name":"Fotos de Book no parque - Recorda\u00e7\u00e3o em fam\u00edlia - STUDIO BIANCA MACHADO","isPartOf":{"@id":"https:\/\/biancamachado.com.br\/blog\/#website"},"primaryImageOfPage":{"@id":"https:\/\/biancamachado.com.br\/blog\/fotos-de-book-no-parque-recordacao-em-familia\/#primaryimage"},"image":{"@id":"https:\/\/biancamachado.com.br\/blog\/fotos-de-book-no-parque-recordacao-em-familia\/#primaryimage"},"thumbnailUrl":"https:\/\/i0.wp.com\/biancamachado.com.br\/blog\/wp-content\/uploads\/2012\/10\/Screenshot_366.png?fit=602%2C413&ssl=1","datePublished":"2012-10-25T19:24:00+00:00","dateModified":"2021-02-18T03:09:27+00:00","breadcrumb":{"@id":"https:\/\/biancamachado.com.br\/blog\/fotos-de-book-no-parque-recordacao-em-familia\/#breadcrumb"},"inLanguage":"pt-BR","potentialAction":[{"@type":"ReadAction","target":["https:\/\/biancamachado.com.br\/blog\/fotos-de-book-no-parque-recordacao-em-familia\/"]}]},{"@type":"ImageObject","inLanguage":"pt-BR","@id":"https:\/\/biancamachado.com.br\/blog\/fotos-de-book-no-parque-recordacao-em-familia\/#primaryimage","url":"https:\/\/i0.wp.com\/biancamachado.com.br\/blog\/wp-content\/uploads\/2012\/10\/Screenshot_366.png?fit=602%2C413&ssl=1","contentUrl":"https:\/\/i0.wp.com\/biancamachado.com.br\/blog\/wp-content\/uploads\/2012\/10\/Screenshot_366.png?fit=602%2C413&ssl=1","width":602,"height":413,"caption":"Fotos de Book no parque \u2013 Recorda\u00e7\u00e3o em fam\u00edlia"},{"@type":"BreadcrumbList","@id":"https:\/\/biancamachado.com.br\/blog\/fotos-de-book-no-parque-recordacao-em-familia\/#breadcrumb","itemListElement":[{"@type":"ListItem","position":1,"name":"In\u00edcio","item":"https:\/\/biancamachado.com.br\/blog\/"},{"@type":"ListItem","position":2,"name":"Fotos de Book no parque &#8211; Recorda\u00e7\u00e3o em fam\u00edlia"}]},{"@type":"WebSite","@id":"https:\/\/biancamachado.com.br\/blog\/#website","url":"https:\/\/biancamachado.com.br\/blog\/","name":"STUDIO BIANCA MACHADO","description":"Estudio Fotografico, Ensaios e Books de foto profissional","publisher":{"@id":"https:\/\/biancamachado.com.br\/blog\/#organization"},"potentialAction":[{"@type":"SearchAction","target":{"@type":"EntryPoint","urlTemplate":"https:\/\/biancamachado.com.br\/blog\/?s={search_term_string}"},"query-input":{"@type":"PropertyValueSpecification","valueRequired":true,"valueName":"search_term_string"}}],"inLanguage":"pt-BR"},{"@type":"Organization","@id":"https:\/\/biancamachado.com.br\/blog\/#organization","name":"STUDIO BIANCA MACHADO","url":"https:\/\/biancamachado.com.br\/blog\/","logo":{"@type":"ImageObject","inLanguage":"pt-BR","@id":"https:\/\/biancamachado.com.br\/blog\/#\/schema\/logo\/image\/","url":"https:\/\/i0.wp.com\/biancamachado.com.br\/blog\/wp-content\/uploads\/2021\/02\/cropped-logo-ml.jpg?fit=278%2C100&ssl=1","contentUrl":"https:\/\/i0.wp.com\/biancamachado.com.br\/blog\/wp-content\/uploads\/2021\/02\/cropped-logo-ml.jpg?fit=278%2C100&ssl=1","width":278,"height":100,"caption":"STUDIO BIANCA MACHADO"},"image":{"@id":"https:\/\/biancamachado.com.br\/blog\/#\/schema\/logo\/image\/"},"sameAs":["https:\/\/www.facebook.com\/Studiobiancamachado\/","https:\/\/www.instagram.com\/Studiobiancamachado\/"]},{"@type":"Person","@id":"https:\/\/biancamachado.com.br\/blog\/#\/schema\/person\/990263800ec5e9bdbbf092a2353550a1","name":"biancamachado","image":{"@type":"ImageObject","inLanguage":"pt-BR","@id":"https:\/\/secure.gravatar.com\/avatar\/62b1a50f2632dbc2e279c3eb55aa46cc324c969cff16a69c59756d155316542c?s=96&d=mm&r=g","url":"https:\/\/secure.gravatar.com\/avatar\/62b1a50f2632dbc2e279c3eb55aa46cc324c969cff16a69c59756d155316542c?s=96&d=mm&r=g","contentUrl":"https:\/\/secure.gravatar.com\/avatar\/62b1a50f2632dbc2e279c3eb55aa46cc324c969cff16a69c59756d155316542c?s=96&d=mm&r=g","caption":"biancamachado"},"sameAs":["https:\/\/biancamachado.com.br\/blog"],"url":"https:\/\/biancamachado.com.br\/blog\/author\/biancamachado\/"}]}},"jetpack_featured_media_url":"https:\/\/i0.wp.com\/biancamachado.com.br\/blog\/wp-content\/uploads\/2012\/10\/Screenshot_366.png?fit=602%2C413&ssl=1","jetpack-related-posts":[],"jetpack_sharing_enabled":true,"_links":{"self":[{"href":"https:\/\/biancamachado.com.br\/blog\/wp-json\/wp\/v2\/posts\/408","targetHints":{"allow":["GET"]}}],"collection":[{"href":"https:\/\/biancamachado.com.br\/blog\/wp-json\/wp\/v2\/posts"}],"about":[{"href":"https:\/\/biancamachado.com.br\/blog\/wp-json\/wp\/v2\/types\/post"}],"author":[{"embeddable":true,"href":"https:\/\/biancamachado.com.br\/blog\/wp-json\/wp\/v2\/users\/1"}],"replies":[{"embeddable":true,"href":"https:\/\/biancamachado.com.br\/blog\/wp-json\/wp\/v2\/comments?post=408"}],"version-history":[{"count":1,"href":"https:\/\/biancamachado.com.br\/blog\/wp-json\/wp\/v2\/posts\/408\/revisions"}],"predecessor-version":[{"id":1580,"href":"https:\/\/biancamachado.com.br\/blog\/wp-json\/wp\/v2\/posts\/408\/revisions\/1580"}],"wp:featuredmedia":[{"embeddable":true,"href":"https:\/\/biancamachado.com.br\/blog\/wp-json\/wp\/v2\/media\/1243"}],"wp:attachment":[{"href":"https:\/\/biancamachado.com.br\/blog\/wp-json\/wp\/v2\/media?parent=408"}],"wp:term":[{"taxonomy":"category","embeddable":true,"href":"https:\/\/biancamachado.com.br\/blog\/wp-json\/wp\/v2\/categories?post=408"},{"taxonomy":"post_tag","embeddable":true,"href":"https:\/\/biancamachado.com.br\/blog\/wp-json\/wp\/v2\/tags?post=408"}],"curies":[{"name":"wp","href":"https:\/\/api.w.org\/{rel}","templated":true}]}}