{"id":40,"date":"2018-02-16T12:43:00","date_gmt":"2018-02-16T14:43:00","guid":{"rendered":"https:\/\/biancamachado.com.br\/blog\/?p=40"},"modified":"2023-02-12T16:02:23","modified_gmt":"2023-02-12T19:02:23","slug":"fotos-de-bebes-com-menos-de-1-ano-studio-bianca-machado","status":"publish","type":"post","link":"https:\/\/biancamachado.com.br\/blog\/fotos-de-bebes-com-menos-de-1-ano-studio-bianca-machado\/","title":{"rendered":"Fotos de beb\u00eas com menos de 1 ano : Studio Bianca Machado"},"content":{"rendered":"<p>Toda vez que eu vejo essa mocinha, eu me apaixono pela quantidade de cabelos e pelo sorriso divertido ! kkk Como pode n\u00e3o ter nem 1 aninho?<br \/>\nCada crian\u00e7a \u00e9 um universo, cada crian\u00e7a \u00e9 \u00fanica !<br \/>\nVamos acompanhar um pouquinho dessa sess\u00e3o de fotos de acompanhamento para bebes?<\/p>\n<p><center><\/p>\n<div>\n<div><iframe loading=\"lazy\" src=\"https:\/\/www.youtube.com\/embed\/2BKCJnzSQxM?showinfo=0\" width=\"560\" height=\"315\" frameborder=\"0\" allowfullscreen=\"allowfullscreen\"><\/iframe><\/div>\n<\/div>\n<p><\/center>Fotografar beb\u00eas com menos de um ano de idade pode ser um desafio, mas \u00e9 tamb\u00e9m uma das experi\u00eancias mais gratificantes para um fot\u00f3grafo. Com um olhar atento e sensibilidade, a fot\u00f3grafa pode capturar as express\u00f5es \u00fanicas dos beb\u00eas, suas risadas, seus olhares curiosos e seus movimentos espont\u00e2neos.<\/p>\n<p>Um ensaio de fotos em est\u00fadio pode ser uma \u00f3tima op\u00e7\u00e3o para registrar esses momentos especiais. Com um ambiente controlado e ilumina\u00e7\u00e3o adequada, a fot\u00f3grafa pode explorar diferentes cen\u00e1rios e acess\u00f3rios para criar uma s\u00e9rie de imagens que mostram a personalidade e a beleza dos beb\u00eas.<\/p>\n<p>Algumas dicas para um ensaio de fotos em est\u00fadio com beb\u00eas:<\/p>\n<ol>\n<li>Esteja preparado: \u00e9 importante ter tudo pronto antes do beb\u00ea chegar ao est\u00fadio. Isso inclui os cen\u00e1rios, adere\u00e7os, roupas, e qualquer outra coisa que voc\u00ea possa precisar durante a sess\u00e3o de fotos.<\/li>\n<li>Crie um ambiente confort\u00e1vel: \u00e9 importante que o beb\u00ea esteja confort\u00e1vel durante o ensaio de fotos. Certifique-se de que a temperatura do est\u00fadio esteja adequada e que haja um lugar seguro para o beb\u00ea descansar entre as poses.<\/li>\n<li>Use adere\u00e7os e cen\u00e1rios: brinquedos, mantas e outros adere\u00e7os podem ser usados para criar diferentes cen\u00e1rios e poses durante o ensaio de fotos. Crie um ambiente l\u00fadico e divertido para o beb\u00ea.<\/li>\n<li>Seja paciente: beb\u00eas podem ser imprevis\u00edveis e terem necessidades diferentes a qualquer momento. Esteja sempre pronto para adaptar o ensaio de fotos \u00e0s necessidades do beb\u00ea e tenha paci\u00eancia para capturar o momento certo.<\/li>\n<li>Conte com um fot\u00f3grafo experiente: um fot\u00f3grafo experiente em ensaios de beb\u00eas pode ajudar a criar um ambiente tranquilo e seguro, e capturar as express\u00f5es \u00fanicas do beb\u00ea.<\/li>\n<\/ol>\n<p>Em um ensaio de fotos em est\u00fadio com beb\u00eas, a fot\u00f3grafa Bianca Machado do Studio Bianca Machado tem a experi\u00eancia e a sensibilidade necess\u00e1rias para criar imagens incr\u00edveis e \u00fanicas. Entre em contato para saber mais sobre ensaios de fotos com beb\u00eas.<\/p>\nVisite tamb\u00e9m nosso site: www.biancamachado.com.br\r\n(11) 97107-1018\r\n\r\nAtendemos as regi\u00f5es de S\u00e3o Paulo, Sorocaba, Ibi\u00fana, Piedade, Votorantim, Cotia, Itupeva, Jundia\u00ed, It\u00fa e Campinas","protected":false},"excerpt":{"rendered":"<p>Toda vez que eu vejo<\/p>\n","protected":false},"author":1,"featured_media":779,"comment_status":"open","ping_status":"open","sticky":false,"template":"","format":"standard","meta":{"_monsterinsights_skip_tracking":false,"_monsterinsights_sitenote_active":false,"_monsterinsights_sitenote_note":"","_monsterinsights_sitenote_category":0,"jetpack_post_was_ever_published":false,"_jetpack_newsletter_access":"","_jetpack_dont_email_post_to_subs":false,"_jetpack_newsletter_tier_id":0,"_jetpack_memberships_contains_paywalled_content":false,"_jetpack_memberships_contains_paid_content":false,"_joinchat":[],"footnotes":""},"categories":[292,1],"tags":[742,299,684,707,373],"class_list":["post-40","post","type-post","status-publish","format-standard","has-post-thumbnail","hentry","category-book-familia-estudio","category-studio-bianca-machado","tag-bebes","tag-ensaio-de-fotos","tag-estudio","tag-fotografa-bianca-machado","tag-fotos-de-familia"],"yoast_head":"<!-- This site is optimized with the Yoast SEO plugin v27.4 - https:\/\/yoast.com\/product\/yoast-seo-wordpress\/ -->\n<title>Fotos de beb\u00eas com menos de 1 ano : Studio Bianca Machado - STUDIO BIANCA MACHADO<\/title>\n<meta name=\"robots\" content=\"index, follow, max-snippet:-1, max-image-preview:large, max-video-preview:-1\" \/>\n<link rel=\"canonical\" href=\"https:\/\/biancamachado.com.br\/blog\/fotos-de-bebes-com-menos-de-1-ano-studio-bianca-machado\/\" \/>\n<meta property=\"og:locale\" content=\"pt_BR\" \/>\n<meta property=\"og:type\" content=\"article\" \/>\n<meta property=\"og:title\" content=\"Fotos de beb\u00eas com menos de 1 ano : Studio Bianca Machado - STUDIO BIANCA MACHADO\" \/>\n<meta property=\"og:description\" content=\"Toda vez que eu vejo\" \/>\n<meta property=\"og:url\" content=\"https:\/\/biancamachado.com.br\/blog\/fotos-de-bebes-com-menos-de-1-ano-studio-bianca-machado\/\" \/>\n<meta property=\"og:site_name\" content=\"STUDIO BIANCA MACHADO\" \/>\n<meta property=\"article:publisher\" content=\"https:\/\/www.facebook.com\/Studiobiancamachado\/\" \/>\n<meta property=\"article:published_time\" content=\"2018-02-16T14:43:00+00:00\" \/>\n<meta property=\"article:modified_time\" content=\"2023-02-12T19:02:23+00:00\" \/>\n<meta property=\"og:image\" content=\"https:\/\/biancamachado.com.br\/blog\/wp-content\/uploads\/2018\/02\/bookbebemeninina.jpg\" \/>\n\t<meta property=\"og:image:width\" content=\"1280\" \/>\n\t<meta property=\"og:image:height\" content=\"720\" \/>\n\t<meta property=\"og:image:type\" content=\"image\/jpeg\" \/>\n<meta name=\"author\" content=\"biancamachado\" \/>\n<meta name=\"twitter:card\" content=\"summary_large_image\" \/>\n<meta name=\"twitter:label1\" content=\"Escrito por\" \/>\n\t<meta name=\"twitter:data1\" content=\"biancamachado\" \/>\n\t<meta name=\"twitter:label2\" content=\"Est. tempo de leitura\" \/>\n\t<meta name=\"twitter:data2\" content=\"2 minutos\" \/>\n<script type=\"application\/ld+json\" class=\"yoast-schema-graph\">{\"@context\":\"https:\\\/\\\/schema.org\",\"@graph\":[{\"@type\":\"Article\",\"@id\":\"https:\\\/\\\/biancamachado.com.br\\\/blog\\\/fotos-de-bebes-com-menos-de-1-ano-studio-bianca-machado\\\/#article\",\"isPartOf\":{\"@id\":\"https:\\\/\\\/biancamachado.com.br\\\/blog\\\/fotos-de-bebes-com-menos-de-1-ano-studio-bianca-machado\\\/\"},\"author\":{\"name\":\"biancamachado\",\"@id\":\"https:\\\/\\\/biancamachado.com.br\\\/blog\\\/#\\\/schema\\\/person\\\/990263800ec5e9bdbbf092a2353550a1\"},\"headline\":\"Fotos de beb\u00eas com menos de 1 ano : Studio Bianca Machado\",\"datePublished\":\"2018-02-16T14:43:00+00:00\",\"dateModified\":\"2023-02-12T19:02:23+00:00\",\"mainEntityOfPage\":{\"@id\":\"https:\\\/\\\/biancamachado.com.br\\\/blog\\\/fotos-de-bebes-com-menos-de-1-ano-studio-bianca-machado\\\/\"},\"wordCount\":411,\"commentCount\":0,\"publisher\":{\"@id\":\"https:\\\/\\\/biancamachado.com.br\\\/blog\\\/#organization\"},\"image\":{\"@id\":\"https:\\\/\\\/biancamachado.com.br\\\/blog\\\/fotos-de-bebes-com-menos-de-1-ano-studio-bianca-machado\\\/#primaryimage\"},\"thumbnailUrl\":\"https:\\\/\\\/i0.wp.com\\\/biancamachado.com.br\\\/blog\\\/wp-content\\\/uploads\\\/2018\\\/02\\\/bookbebemeninina.jpg?fit=1280%2C720&ssl=1\",\"keywords\":[\"beb\u00eas\",\"ensaio de fotos\",\"est\u00fadio\",\"fot\u00f3grafa Bianca Machado\",\"fotos de familia\"],\"articleSection\":[\"Book Familia Estudio\",\"Studio Bianca Machado\"],\"inLanguage\":\"pt-BR\",\"potentialAction\":[{\"@type\":\"CommentAction\",\"name\":\"Comment\",\"target\":[\"https:\\\/\\\/biancamachado.com.br\\\/blog\\\/fotos-de-bebes-com-menos-de-1-ano-studio-bianca-machado\\\/#respond\"]}]},{\"@type\":\"WebPage\",\"@id\":\"https:\\\/\\\/biancamachado.com.br\\\/blog\\\/fotos-de-bebes-com-menos-de-1-ano-studio-bianca-machado\\\/\",\"url\":\"https:\\\/\\\/biancamachado.com.br\\\/blog\\\/fotos-de-bebes-com-menos-de-1-ano-studio-bianca-machado\\\/\",\"name\":\"Fotos de beb\u00eas com menos de 1 ano : Studio Bianca Machado - STUDIO BIANCA MACHADO\",\"isPartOf\":{\"@id\":\"https:\\\/\\\/biancamachado.com.br\\\/blog\\\/#website\"},\"primaryImageOfPage\":{\"@id\":\"https:\\\/\\\/biancamachado.com.br\\\/blog\\\/fotos-de-bebes-com-menos-de-1-ano-studio-bianca-machado\\\/#primaryimage\"},\"image\":{\"@id\":\"https:\\\/\\\/biancamachado.com.br\\\/blog\\\/fotos-de-bebes-com-menos-de-1-ano-studio-bianca-machado\\\/#primaryimage\"},\"thumbnailUrl\":\"https:\\\/\\\/i0.wp.com\\\/biancamachado.com.br\\\/blog\\\/wp-content\\\/uploads\\\/2018\\\/02\\\/bookbebemeninina.jpg?fit=1280%2C720&ssl=1\",\"datePublished\":\"2018-02-16T14:43:00+00:00\",\"dateModified\":\"2023-02-12T19:02:23+00:00\",\"breadcrumb\":{\"@id\":\"https:\\\/\\\/biancamachado.com.br\\\/blog\\\/fotos-de-bebes-com-menos-de-1-ano-studio-bianca-machado\\\/#breadcrumb\"},\"inLanguage\":\"pt-BR\",\"potentialAction\":[{\"@type\":\"ReadAction\",\"target\":[\"https:\\\/\\\/biancamachado.com.br\\\/blog\\\/fotos-de-bebes-com-menos-de-1-ano-studio-bianca-machado\\\/\"]}]},{\"@type\":\"ImageObject\",\"inLanguage\":\"pt-BR\",\"@id\":\"https:\\\/\\\/biancamachado.com.br\\\/blog\\\/fotos-de-bebes-com-menos-de-1-ano-studio-bianca-machado\\\/#primaryimage\",\"url\":\"https:\\\/\\\/i0.wp.com\\\/biancamachado.com.br\\\/blog\\\/wp-content\\\/uploads\\\/2018\\\/02\\\/bookbebemeninina.jpg?fit=1280%2C720&ssl=1\",\"contentUrl\":\"https:\\\/\\\/i0.wp.com\\\/biancamachado.com.br\\\/blog\\\/wp-content\\\/uploads\\\/2018\\\/02\\\/bookbebemeninina.jpg?fit=1280%2C720&ssl=1\",\"width\":1280,\"height\":720,\"caption\":\"Fotos de beb\u00eas com menos de 1 ano : Studio Bianca Machado\"},{\"@type\":\"BreadcrumbList\",\"@id\":\"https:\\\/\\\/biancamachado.com.br\\\/blog\\\/fotos-de-bebes-com-menos-de-1-ano-studio-bianca-machado\\\/#breadcrumb\",\"itemListElement\":[{\"@type\":\"ListItem\",\"position\":1,\"name\":\"In\u00edcio\",\"item\":\"https:\\\/\\\/biancamachado.com.br\\\/blog\\\/\"},{\"@type\":\"ListItem\",\"position\":2,\"name\":\"Fotos de beb\u00eas com menos de 1 ano : Studio Bianca Machado\"}]},{\"@type\":\"WebSite\",\"@id\":\"https:\\\/\\\/biancamachado.com.br\\\/blog\\\/#website\",\"url\":\"https:\\\/\\\/biancamachado.com.br\\\/blog\\\/\",\"name\":\"STUDIO BIANCA MACHADO\",\"description\":\"Estudio Fotografico, Ensaios e Books de foto profissional\",\"publisher\":{\"@id\":\"https:\\\/\\\/biancamachado.com.br\\\/blog\\\/#organization\"},\"potentialAction\":[{\"@type\":\"SearchAction\",\"target\":{\"@type\":\"EntryPoint\",\"urlTemplate\":\"https:\\\/\\\/biancamachado.com.br\\\/blog\\\/?s={search_term_string}\"},\"query-input\":{\"@type\":\"PropertyValueSpecification\",\"valueRequired\":true,\"valueName\":\"search_term_string\"}}],\"inLanguage\":\"pt-BR\"},{\"@type\":\"Organization\",\"@id\":\"https:\\\/\\\/biancamachado.com.br\\\/blog\\\/#organization\",\"name\":\"STUDIO BIANCA MACHADO\",\"url\":\"https:\\\/\\\/biancamachado.com.br\\\/blog\\\/\",\"logo\":{\"@type\":\"ImageObject\",\"inLanguage\":\"pt-BR\",\"@id\":\"https:\\\/\\\/biancamachado.com.br\\\/blog\\\/#\\\/schema\\\/logo\\\/image\\\/\",\"url\":\"https:\\\/\\\/i0.wp.com\\\/biancamachado.com.br\\\/blog\\\/wp-content\\\/uploads\\\/2021\\\/02\\\/cropped-logo-ml.jpg?fit=278%2C100&ssl=1\",\"contentUrl\":\"https:\\\/\\\/i0.wp.com\\\/biancamachado.com.br\\\/blog\\\/wp-content\\\/uploads\\\/2021\\\/02\\\/cropped-logo-ml.jpg?fit=278%2C100&ssl=1\",\"width\":278,\"height\":100,\"caption\":\"STUDIO BIANCA MACHADO\"},\"image\":{\"@id\":\"https:\\\/\\\/biancamachado.com.br\\\/blog\\\/#\\\/schema\\\/logo\\\/image\\\/\"},\"sameAs\":[\"https:\\\/\\\/www.facebook.com\\\/Studiobiancamachado\\\/\",\"https:\\\/\\\/www.instagram.com\\\/Studiobiancamachado\\\/\"]},{\"@type\":\"Person\",\"@id\":\"https:\\\/\\\/biancamachado.com.br\\\/blog\\\/#\\\/schema\\\/person\\\/990263800ec5e9bdbbf092a2353550a1\",\"name\":\"biancamachado\",\"image\":{\"@type\":\"ImageObject\",\"inLanguage\":\"pt-BR\",\"@id\":\"https:\\\/\\\/secure.gravatar.com\\\/avatar\\\/62b1a50f2632dbc2e279c3eb55aa46cc324c969cff16a69c59756d155316542c?s=96&d=mm&r=g\",\"url\":\"https:\\\/\\\/secure.gravatar.com\\\/avatar\\\/62b1a50f2632dbc2e279c3eb55aa46cc324c969cff16a69c59756d155316542c?s=96&d=mm&r=g\",\"contentUrl\":\"https:\\\/\\\/secure.gravatar.com\\\/avatar\\\/62b1a50f2632dbc2e279c3eb55aa46cc324c969cff16a69c59756d155316542c?s=96&d=mm&r=g\",\"caption\":\"biancamachado\"},\"sameAs\":[\"https:\\\/\\\/biancamachado.com.br\\\/blog\"],\"url\":\"https:\\\/\\\/biancamachado.com.br\\\/blog\\\/author\\\/biancamachado\\\/\"}]}<\/script>\n<!-- \/ Yoast SEO plugin. -->","yoast_head_json":{"title":"Fotos de beb\u00eas com menos de 1 ano : Studio Bianca Machado - STUDIO BIANCA MACHADO","robots":{"index":"index","follow":"follow","max-snippet":"max-snippet:-1","max-image-preview":"max-image-preview:large","max-video-preview":"max-video-preview:-1"},"canonical":"https:\/\/biancamachado.com.br\/blog\/fotos-de-bebes-com-menos-de-1-ano-studio-bianca-machado\/","og_locale":"pt_BR","og_type":"article","og_title":"Fotos de beb\u00eas com menos de 1 ano : Studio Bianca Machado - STUDIO BIANCA MACHADO","og_description":"Toda vez que eu vejo","og_url":"https:\/\/biancamachado.com.br\/blog\/fotos-de-bebes-com-menos-de-1-ano-studio-bianca-machado\/","og_site_name":"STUDIO BIANCA MACHADO","article_publisher":"https:\/\/www.facebook.com\/Studiobiancamachado\/","article_published_time":"2018-02-16T14:43:00+00:00","article_modified_time":"2023-02-12T19:02:23+00:00","og_image":[{"width":1280,"height":720,"url":"https:\/\/biancamachado.com.br\/blog\/wp-content\/uploads\/2018\/02\/bookbebemeninina.jpg","type":"image\/jpeg"}],"author":"biancamachado","twitter_card":"summary_large_image","twitter_misc":{"Escrito por":"biancamachado","Est. tempo de leitura":"2 minutos"},"schema":{"@context":"https:\/\/schema.org","@graph":[{"@type":"Article","@id":"https:\/\/biancamachado.com.br\/blog\/fotos-de-bebes-com-menos-de-1-ano-studio-bianca-machado\/#article","isPartOf":{"@id":"https:\/\/biancamachado.com.br\/blog\/fotos-de-bebes-com-menos-de-1-ano-studio-bianca-machado\/"},"author":{"name":"biancamachado","@id":"https:\/\/biancamachado.com.br\/blog\/#\/schema\/person\/990263800ec5e9bdbbf092a2353550a1"},"headline":"Fotos de beb\u00eas com menos de 1 ano : Studio Bianca Machado","datePublished":"2018-02-16T14:43:00+00:00","dateModified":"2023-02-12T19:02:23+00:00","mainEntityOfPage":{"@id":"https:\/\/biancamachado.com.br\/blog\/fotos-de-bebes-com-menos-de-1-ano-studio-bianca-machado\/"},"wordCount":411,"commentCount":0,"publisher":{"@id":"https:\/\/biancamachado.com.br\/blog\/#organization"},"image":{"@id":"https:\/\/biancamachado.com.br\/blog\/fotos-de-bebes-com-menos-de-1-ano-studio-bianca-machado\/#primaryimage"},"thumbnailUrl":"https:\/\/i0.wp.com\/biancamachado.com.br\/blog\/wp-content\/uploads\/2018\/02\/bookbebemeninina.jpg?fit=1280%2C720&ssl=1","keywords":["beb\u00eas","ensaio de fotos","est\u00fadio","fot\u00f3grafa Bianca Machado","fotos de familia"],"articleSection":["Book Familia Estudio","Studio Bianca Machado"],"inLanguage":"pt-BR","potentialAction":[{"@type":"CommentAction","name":"Comment","target":["https:\/\/biancamachado.com.br\/blog\/fotos-de-bebes-com-menos-de-1-ano-studio-bianca-machado\/#respond"]}]},{"@type":"WebPage","@id":"https:\/\/biancamachado.com.br\/blog\/fotos-de-bebes-com-menos-de-1-ano-studio-bianca-machado\/","url":"https:\/\/biancamachado.com.br\/blog\/fotos-de-bebes-com-menos-de-1-ano-studio-bianca-machado\/","name":"Fotos de beb\u00eas com menos de 1 ano : Studio Bianca Machado - STUDIO BIANCA MACHADO","isPartOf":{"@id":"https:\/\/biancamachado.com.br\/blog\/#website"},"primaryImageOfPage":{"@id":"https:\/\/biancamachado.com.br\/blog\/fotos-de-bebes-com-menos-de-1-ano-studio-bianca-machado\/#primaryimage"},"image":{"@id":"https:\/\/biancamachado.com.br\/blog\/fotos-de-bebes-com-menos-de-1-ano-studio-bianca-machado\/#primaryimage"},"thumbnailUrl":"https:\/\/i0.wp.com\/biancamachado.com.br\/blog\/wp-content\/uploads\/2018\/02\/bookbebemeninina.jpg?fit=1280%2C720&ssl=1","datePublished":"2018-02-16T14:43:00+00:00","dateModified":"2023-02-12T19:02:23+00:00","breadcrumb":{"@id":"https:\/\/biancamachado.com.br\/blog\/fotos-de-bebes-com-menos-de-1-ano-studio-bianca-machado\/#breadcrumb"},"inLanguage":"pt-BR","potentialAction":[{"@type":"ReadAction","target":["https:\/\/biancamachado.com.br\/blog\/fotos-de-bebes-com-menos-de-1-ano-studio-bianca-machado\/"]}]},{"@type":"ImageObject","inLanguage":"pt-BR","@id":"https:\/\/biancamachado.com.br\/blog\/fotos-de-bebes-com-menos-de-1-ano-studio-bianca-machado\/#primaryimage","url":"https:\/\/i0.wp.com\/biancamachado.com.br\/blog\/wp-content\/uploads\/2018\/02\/bookbebemeninina.jpg?fit=1280%2C720&ssl=1","contentUrl":"https:\/\/i0.wp.com\/biancamachado.com.br\/blog\/wp-content\/uploads\/2018\/02\/bookbebemeninina.jpg?fit=1280%2C720&ssl=1","width":1280,"height":720,"caption":"Fotos de beb\u00eas com menos de 1 ano : Studio Bianca Machado"},{"@type":"BreadcrumbList","@id":"https:\/\/biancamachado.com.br\/blog\/fotos-de-bebes-com-menos-de-1-ano-studio-bianca-machado\/#breadcrumb","itemListElement":[{"@type":"ListItem","position":1,"name":"In\u00edcio","item":"https:\/\/biancamachado.com.br\/blog\/"},{"@type":"ListItem","position":2,"name":"Fotos de beb\u00eas com menos de 1 ano : Studio Bianca Machado"}]},{"@type":"WebSite","@id":"https:\/\/biancamachado.com.br\/blog\/#website","url":"https:\/\/biancamachado.com.br\/blog\/","name":"STUDIO BIANCA MACHADO","description":"Estudio Fotografico, Ensaios e Books de foto profissional","publisher":{"@id":"https:\/\/biancamachado.com.br\/blog\/#organization"},"potentialAction":[{"@type":"SearchAction","target":{"@type":"EntryPoint","urlTemplate":"https:\/\/biancamachado.com.br\/blog\/?s={search_term_string}"},"query-input":{"@type":"PropertyValueSpecification","valueRequired":true,"valueName":"search_term_string"}}],"inLanguage":"pt-BR"},{"@type":"Organization","@id":"https:\/\/biancamachado.com.br\/blog\/#organization","name":"STUDIO BIANCA MACHADO","url":"https:\/\/biancamachado.com.br\/blog\/","logo":{"@type":"ImageObject","inLanguage":"pt-BR","@id":"https:\/\/biancamachado.com.br\/blog\/#\/schema\/logo\/image\/","url":"https:\/\/i0.wp.com\/biancamachado.com.br\/blog\/wp-content\/uploads\/2021\/02\/cropped-logo-ml.jpg?fit=278%2C100&ssl=1","contentUrl":"https:\/\/i0.wp.com\/biancamachado.com.br\/blog\/wp-content\/uploads\/2021\/02\/cropped-logo-ml.jpg?fit=278%2C100&ssl=1","width":278,"height":100,"caption":"STUDIO BIANCA MACHADO"},"image":{"@id":"https:\/\/biancamachado.com.br\/blog\/#\/schema\/logo\/image\/"},"sameAs":["https:\/\/www.facebook.com\/Studiobiancamachado\/","https:\/\/www.instagram.com\/Studiobiancamachado\/"]},{"@type":"Person","@id":"https:\/\/biancamachado.com.br\/blog\/#\/schema\/person\/990263800ec5e9bdbbf092a2353550a1","name":"biancamachado","image":{"@type":"ImageObject","inLanguage":"pt-BR","@id":"https:\/\/secure.gravatar.com\/avatar\/62b1a50f2632dbc2e279c3eb55aa46cc324c969cff16a69c59756d155316542c?s=96&d=mm&r=g","url":"https:\/\/secure.gravatar.com\/avatar\/62b1a50f2632dbc2e279c3eb55aa46cc324c969cff16a69c59756d155316542c?s=96&d=mm&r=g","contentUrl":"https:\/\/secure.gravatar.com\/avatar\/62b1a50f2632dbc2e279c3eb55aa46cc324c969cff16a69c59756d155316542c?s=96&d=mm&r=g","caption":"biancamachado"},"sameAs":["https:\/\/biancamachado.com.br\/blog"],"url":"https:\/\/biancamachado.com.br\/blog\/author\/biancamachado\/"}]}},"jetpack_featured_media_url":"https:\/\/i0.wp.com\/biancamachado.com.br\/blog\/wp-content\/uploads\/2018\/02\/bookbebemeninina.jpg?fit=1280%2C720&ssl=1","jetpack-related-posts":[],"jetpack_sharing_enabled":true,"_links":{"self":[{"href":"https:\/\/biancamachado.com.br\/blog\/wp-json\/wp\/v2\/posts\/40","targetHints":{"allow":["GET"]}}],"collection":[{"href":"https:\/\/biancamachado.com.br\/blog\/wp-json\/wp\/v2\/posts"}],"about":[{"href":"https:\/\/biancamachado.com.br\/blog\/wp-json\/wp\/v2\/types\/post"}],"author":[{"embeddable":true,"href":"https:\/\/biancamachado.com.br\/blog\/wp-json\/wp\/v2\/users\/1"}],"replies":[{"embeddable":true,"href":"https:\/\/biancamachado.com.br\/blog\/wp-json\/wp\/v2\/comments?post=40"}],"version-history":[{"count":2,"href":"https:\/\/biancamachado.com.br\/blog\/wp-json\/wp\/v2\/posts\/40\/revisions"}],"predecessor-version":[{"id":3275,"href":"https:\/\/biancamachado.com.br\/blog\/wp-json\/wp\/v2\/posts\/40\/revisions\/3275"}],"wp:featuredmedia":[{"embeddable":true,"href":"https:\/\/biancamachado.com.br\/blog\/wp-json\/wp\/v2\/media\/779"}],"wp:attachment":[{"href":"https:\/\/biancamachado.com.br\/blog\/wp-json\/wp\/v2\/media?parent=40"}],"wp:term":[{"taxonomy":"category","embeddable":true,"href":"https:\/\/biancamachado.com.br\/blog\/wp-json\/wp\/v2\/categories?post=40"},{"taxonomy":"post_tag","embeddable":true,"href":"https:\/\/biancamachado.com.br\/blog\/wp-json\/wp\/v2\/tags?post=40"}],"curies":[{"name":"wp","href":"https:\/\/api.w.org\/{rel}","templated":true}]}}