{"id":3981,"date":"2023-02-24T13:44:21","date_gmt":"2023-02-24T16:44:21","guid":{"rendered":"https:\/\/biancamachado.com.br\/blog\/?p=3981"},"modified":"2023-02-24T13:44:24","modified_gmt":"2023-02-24T16:44:24","slug":"elevando-seu-perfil-profissional-com-um-ensaio-fotografico","status":"publish","type":"post","link":"https:\/\/biancamachado.com.br\/blog\/elevando-seu-perfil-profissional-com-um-ensaio-fotografico\/","title":{"rendered":"Elevando seu perfil profissional com um ensaio fotogr\u00e1fico"},"content":{"rendered":"\n<p>O ensaio de fotos para retrato profissional da Angela foi um sucesso! A Angela, uma assessora de projetos m\u00e9dicos, decidiu investir em sua imagem para fortalecer sua presen\u00e7a digital e expandir suas oportunidades profissionais. Para isso, ela escolheu fazer as fotos em um est\u00fadio port\u00e1til, localizado na regi\u00e3o de Moema. O objetivo era capturar sua personalidade e habilidades profissionais de uma forma atraente e eficaz, para ser usado em suas redes sociais e perfis online.<\/p>\n\n\n\n<div class=\"wp-block-jetpack-tiled-gallery aligncenter is-style-rectangular\"><div class=\"tiled-gallery__gallery\"><div class=\"tiled-gallery__row\"><div class=\"tiled-gallery__col\" style=\"flex-basis:25.00365%\"><figure class=\"tiled-gallery__item\"><img decoding=\"async\" srcset=\"https:\/\/i2.wp.com\/biancamachado.com.br\/blog\/wp-content\/uploads\/2023\/02\/001-31-683x1024.jpg?strip=info&#038;w=600&#038;ssl=1 600w,https:\/\/i2.wp.com\/biancamachado.com.br\/blog\/wp-content\/uploads\/2023\/02\/001-31-683x1024.jpg?strip=info&#038;w=900&#038;ssl=1 900w,https:\/\/i2.wp.com\/biancamachado.com.br\/blog\/wp-content\/uploads\/2023\/02\/001-31-683x1024.jpg?strip=info&#038;w=1200&#038;ssl=1 1200w,https:\/\/i2.wp.com\/biancamachado.com.br\/blog\/wp-content\/uploads\/2023\/02\/001-31-683x1024.jpg?strip=info&#038;w=1500&#038;ssl=1 1500w,https:\/\/i2.wp.com\/biancamachado.com.br\/blog\/wp-content\/uploads\/2023\/02\/001-31-683x1024.jpg?strip=info&#038;w=1707&#038;ssl=1 1707w\" alt=\"fotos profissionais fundo cinza\" data-height=\"2560\" data-id=\"3983\" data-link=\"https:\/\/biancamachado.com.br\/blog\/?attachment_id=3983\" data-url=\"https:\/\/biancamachado.com.br\/blog\/wp-content\/uploads\/2023\/02\/001-31-683x1024.jpg\" data-width=\"1707\" src=\"https:\/\/i2.wp.com\/biancamachado.com.br\/blog\/wp-content\/uploads\/2023\/02\/001-31-683x1024.jpg?ssl=1\" data-amp-layout=\"responsive\"\/><\/figure><\/div><div class=\"tiled-gallery__col\" style=\"flex-basis:25.00365%\"><figure class=\"tiled-gallery__item\"><img decoding=\"async\" srcset=\"https:\/\/i0.wp.com\/biancamachado.com.br\/blog\/wp-content\/uploads\/2023\/02\/003-17-683x1024.jpg?strip=info&#038;w=600&#038;ssl=1 600w,https:\/\/i0.wp.com\/biancamachado.com.br\/blog\/wp-content\/uploads\/2023\/02\/003-17-683x1024.jpg?strip=info&#038;w=900&#038;ssl=1 900w,https:\/\/i0.wp.com\/biancamachado.com.br\/blog\/wp-content\/uploads\/2023\/02\/003-17-683x1024.jpg?strip=info&#038;w=1200&#038;ssl=1 1200w,https:\/\/i0.wp.com\/biancamachado.com.br\/blog\/wp-content\/uploads\/2023\/02\/003-17-683x1024.jpg?strip=info&#038;w=1500&#038;ssl=1 1500w,https:\/\/i0.wp.com\/biancamachado.com.br\/blog\/wp-content\/uploads\/2023\/02\/003-17-683x1024.jpg?strip=info&#038;w=1707&#038;ssl=1 1707w\" alt=\"assessora de projetos m\u00e9dicos\" data-height=\"2560\" data-id=\"3984\" data-link=\"https:\/\/biancamachado.com.br\/blog\/?attachment_id=3984\" data-url=\"https:\/\/biancamachado.com.br\/blog\/wp-content\/uploads\/2023\/02\/003-17-683x1024.jpg\" data-width=\"1707\" src=\"https:\/\/i0.wp.com\/biancamachado.com.br\/blog\/wp-content\/uploads\/2023\/02\/003-17-683x1024.jpg?ssl=1\" data-amp-layout=\"responsive\"\/><\/figure><\/div><div class=\"tiled-gallery__col\" style=\"flex-basis:24.98905%\"><figure class=\"tiled-gallery__item\"><img decoding=\"async\" srcset=\"https:\/\/i0.wp.com\/biancamachado.com.br\/blog\/wp-content\/uploads\/2023\/02\/004-15-683x1024.jpg?strip=info&#038;w=600&#038;ssl=1 600w,https:\/\/i0.wp.com\/biancamachado.com.br\/blog\/wp-content\/uploads\/2023\/02\/004-15-683x1024.jpg?strip=info&#038;w=900&#038;ssl=1 900w,https:\/\/i0.wp.com\/biancamachado.com.br\/blog\/wp-content\/uploads\/2023\/02\/004-15-683x1024.jpg?strip=info&#038;w=1200&#038;ssl=1 1200w,https:\/\/i0.wp.com\/biancamachado.com.br\/blog\/wp-content\/uploads\/2023\/02\/004-15-683x1024.jpg?strip=info&#038;w=1500&#038;ssl=1 1500w,https:\/\/i0.wp.com\/biancamachado.com.br\/blog\/wp-content\/uploads\/2023\/02\/004-15-683x1024.jpg?strip=info&#038;w=1706&#038;ssl=1 1706w\" alt=\"fotografos retrato\" data-height=\"2560\" data-id=\"3985\" data-link=\"https:\/\/biancamachado.com.br\/blog\/?attachment_id=3985\" data-url=\"https:\/\/biancamachado.com.br\/blog\/wp-content\/uploads\/2023\/02\/004-15-683x1024.jpg\" data-width=\"1706\" src=\"https:\/\/i0.wp.com\/biancamachado.com.br\/blog\/wp-content\/uploads\/2023\/02\/004-15-683x1024.jpg?ssl=1\" data-amp-layout=\"responsive\"\/><\/figure><\/div><div class=\"tiled-gallery__col\" style=\"flex-basis:25.00365%\"><figure class=\"tiled-gallery__item\"><img decoding=\"async\" srcset=\"https:\/\/i0.wp.com\/biancamachado.com.br\/blog\/wp-content\/uploads\/2023\/02\/005-10-683x1024.jpg?strip=info&#038;w=600&#038;ssl=1 600w,https:\/\/i0.wp.com\/biancamachado.com.br\/blog\/wp-content\/uploads\/2023\/02\/005-10-683x1024.jpg?strip=info&#038;w=900&#038;ssl=1 900w,https:\/\/i0.wp.com\/biancamachado.com.br\/blog\/wp-content\/uploads\/2023\/02\/005-10-683x1024.jpg?strip=info&#038;w=1200&#038;ssl=1 1200w,https:\/\/i0.wp.com\/biancamachado.com.br\/blog\/wp-content\/uploads\/2023\/02\/005-10-683x1024.jpg?strip=info&#038;w=1500&#038;ssl=1 1500w,https:\/\/i0.wp.com\/biancamachado.com.br\/blog\/wp-content\/uploads\/2023\/02\/005-10-683x1024.jpg?strip=info&#038;w=1707&#038;ssl=1 1707w\" alt=\"fotografia retrato moema\" data-height=\"2560\" data-id=\"3986\" data-link=\"https:\/\/biancamachado.com.br\/blog\/?attachment_id=3986\" data-url=\"https:\/\/biancamachado.com.br\/blog\/wp-content\/uploads\/2023\/02\/005-10-683x1024.jpg\" data-width=\"1707\" src=\"https:\/\/i0.wp.com\/biancamachado.com.br\/blog\/wp-content\/uploads\/2023\/02\/005-10-683x1024.jpg?ssl=1\" data-amp-layout=\"responsive\"\/><\/figure><\/div><\/div><\/div><\/div>\n\n\n\n<p>A sess\u00e3o de fotos foi um sucesso, com muita energia e entusiasmo por parte da Angela e do fot\u00f3grafo. A equipe do est\u00fadio port\u00e1til fez quest\u00e3o de criar um ambiente acolhedor e seguro para que a Angela se sentisse \u00e0 vontade durante o ensaio. O resultado foi incr\u00edvel, as fotos retratavam a personalidade vibrante e confiante da Angela, destacando suas habilidades e experi\u00eancia profissional de uma forma atraente e atrativa.<\/p>\n\n\n\n<p>Com as novas fotos, a Angela est\u00e1 pronta para expandir seus horizontes profissionais e alcan\u00e7ar novos desafios. Ela agora tem uma presen\u00e7a digital forte e confiante, que ir\u00e1 ajud\u00e1-la a se destacar e atrair novas oportunidades. Parab\u00e9ns, Angela, por investir em sua imagem e em seu futuro profissional!<\/p>\nVisite tamb\u00e9m nosso site: www.biancamachado.com.br\r\n(11) 97107-1018\r\n\r\nAtendemos as regi\u00f5es de S\u00e3o Paulo, Sorocaba, Ibi\u00fana, Piedade, Votorantim, Cotia, Itupeva, Jundia\u00ed, It\u00fa e Campinas","protected":false},"excerpt":{"rendered":"<p>O ensaio de fotos para retrato profissional da Angela foi um sucesso! A Angela, uma assessora de projetos m\u00e9dicos, decidiu investir em sua imagem para fortalecer sua presen\u00e7a digital e expandir suas oportunidades profissionais. Para isso, ela escolheu fazer as fotos em um est\u00fadio port\u00e1til, localizado na regi\u00e3o de Moema. O objetivo era capturar sua personalidade e habilidades profissionais de uma forma atraente e eficaz, para ser usado em suas redes sociais e perfis online.<\/p>\n","protected":false},"author":1,"featured_media":3987,"comment_status":"open","ping_status":"open","sticky":false,"template":"","format":"standard","meta":{"_monsterinsights_skip_tracking":false,"_monsterinsights_sitenote_active":false,"_monsterinsights_sitenote_note":"","_monsterinsights_sitenote_category":0,"jetpack_post_was_ever_published":false,"_jetpack_newsletter_access":"","_jetpack_dont_email_post_to_subs":false,"_jetpack_newsletter_tier_id":0,"_jetpack_memberships_contains_paywalled_content":false,"_jetpack_memberships_contains_paid_content":false,"_joinchat":[],"footnotes":""},"categories":[297],"tags":[1004,518,568,1006,394],"class_list":["post-3981","post","type-post","status-publish","format-standard","has-post-thumbnail","hentry","category-linkedin-retrato-profisional","tag-assessora-de-projetos-medicos","tag-estudio-portatil","tag-marketing-digital","tag-moema","tag-retrato-profissional"],"yoast_head":"<!-- This site is optimized with the Yoast SEO plugin v27.4 - https:\/\/yoast.com\/product\/yoast-seo-wordpress\/ -->\n<title>Elevando seu perfil profissional com um ensaio fotogr\u00e1fico - STUDIO BIANCA MACHADO<\/title>\n<meta name=\"description\" content=\"O ensaio de fotos para retrato profissional da Angela foi um sucesso! A Angela, uma assessora de projetos m\u00e9dicos, decidiu investir em sua imagem para fortalecer sua presen\u00e7a digital e expandir suas oportunidades profissionais. Para isso, ela escolheu fazer as fotos em um est\u00fadio port\u00e1til, localizado na regi\u00e3o de Moema. O objetivo era capturar sua personalidade e habilidades profissionais de uma forma atraente e eficaz, para ser usado em suas redes sociais e perfis online.\" \/>\n<meta name=\"robots\" content=\"index, follow, max-snippet:-1, max-image-preview:large, max-video-preview:-1\" \/>\n<link rel=\"canonical\" href=\"https:\/\/biancamachado.com.br\/blog\/elevando-seu-perfil-profissional-com-um-ensaio-fotografico\/\" \/>\n<meta property=\"og:locale\" content=\"pt_BR\" \/>\n<meta property=\"og:type\" content=\"article\" \/>\n<meta property=\"og:title\" content=\"Elevando seu perfil profissional com um ensaio fotogr\u00e1fico - STUDIO BIANCA MACHADO\" \/>\n<meta property=\"og:description\" content=\"O ensaio de fotos para retrato profissional da Angela foi um sucesso! A Angela, uma assessora de projetos m\u00e9dicos, decidiu investir em sua imagem para fortalecer sua presen\u00e7a digital e expandir suas oportunidades profissionais. Para isso, ela escolheu fazer as fotos em um est\u00fadio port\u00e1til, localizado na regi\u00e3o de Moema. O objetivo era capturar sua personalidade e habilidades profissionais de uma forma atraente e eficaz, para ser usado em suas redes sociais e perfis online.\" \/>\n<meta property=\"og:url\" content=\"https:\/\/biancamachado.com.br\/blog\/elevando-seu-perfil-profissional-com-um-ensaio-fotografico\/\" \/>\n<meta property=\"og:site_name\" content=\"STUDIO BIANCA MACHADO\" \/>\n<meta property=\"article:publisher\" content=\"https:\/\/www.facebook.com\/Studiobiancamachado\/\" \/>\n<meta property=\"article:published_time\" content=\"2023-02-24T16:44:21+00:00\" \/>\n<meta property=\"article:modified_time\" content=\"2023-02-24T16:44:24+00:00\" \/>\n<meta property=\"og:image\" content=\"https:\/\/biancamachado.com.br\/blog\/wp-content\/uploads\/2023\/02\/capa-6-scaled.jpg?v=1677256913\" \/>\n\t<meta property=\"og:image:width\" content=\"2560\" \/>\n\t<meta property=\"og:image:height\" content=\"1707\" \/>\n\t<meta property=\"og:image:type\" content=\"image\/jpeg\" \/>\n<meta name=\"author\" content=\"biancamachado\" \/>\n<meta name=\"twitter:card\" content=\"summary_large_image\" \/>\n<meta name=\"twitter:label1\" content=\"Escrito por\" \/>\n\t<meta name=\"twitter:data1\" content=\"biancamachado\" \/>\n\t<meta name=\"twitter:label2\" content=\"Est. tempo de leitura\" \/>\n\t<meta name=\"twitter:data2\" content=\"2 minutos\" \/>\n<script type=\"application\/ld+json\" class=\"yoast-schema-graph\">{\"@context\":\"https:\\\/\\\/schema.org\",\"@graph\":[{\"@type\":\"Article\",\"@id\":\"https:\\\/\\\/biancamachado.com.br\\\/blog\\\/elevando-seu-perfil-profissional-com-um-ensaio-fotografico\\\/#article\",\"isPartOf\":{\"@id\":\"https:\\\/\\\/biancamachado.com.br\\\/blog\\\/elevando-seu-perfil-profissional-com-um-ensaio-fotografico\\\/\"},\"author\":{\"name\":\"biancamachado\",\"@id\":\"https:\\\/\\\/biancamachado.com.br\\\/blog\\\/#\\\/schema\\\/person\\\/990263800ec5e9bdbbf092a2353550a1\"},\"headline\":\"Elevando seu perfil profissional com um ensaio fotogr\u00e1fico\",\"datePublished\":\"2023-02-24T16:44:21+00:00\",\"dateModified\":\"2023-02-24T16:44:24+00:00\",\"mainEntityOfPage\":{\"@id\":\"https:\\\/\\\/biancamachado.com.br\\\/blog\\\/elevando-seu-perfil-profissional-com-um-ensaio-fotografico\\\/\"},\"wordCount\":217,\"commentCount\":0,\"publisher\":{\"@id\":\"https:\\\/\\\/biancamachado.com.br\\\/blog\\\/#organization\"},\"image\":{\"@id\":\"https:\\\/\\\/biancamachado.com.br\\\/blog\\\/elevando-seu-perfil-profissional-com-um-ensaio-fotografico\\\/#primaryimage\"},\"thumbnailUrl\":\"https:\\\/\\\/i0.wp.com\\\/biancamachado.com.br\\\/blog\\\/wp-content\\\/uploads\\\/2023\\\/02\\\/capa-6-scaled.jpg?fit=2560%2C1707&ssl=1?v=1677256913\",\"keywords\":[\"assessora de projetos m\u00e9dicos\",\"est\u00fadio port\u00e1til\",\"marketing digital\",\"Moema\",\"retrato profissional\"],\"articleSection\":[\"Linkedin Retrato Profisional\"],\"inLanguage\":\"pt-BR\",\"potentialAction\":[{\"@type\":\"CommentAction\",\"name\":\"Comment\",\"target\":[\"https:\\\/\\\/biancamachado.com.br\\\/blog\\\/elevando-seu-perfil-profissional-com-um-ensaio-fotografico\\\/#respond\"]}]},{\"@type\":\"WebPage\",\"@id\":\"https:\\\/\\\/biancamachado.com.br\\\/blog\\\/elevando-seu-perfil-profissional-com-um-ensaio-fotografico\\\/\",\"url\":\"https:\\\/\\\/biancamachado.com.br\\\/blog\\\/elevando-seu-perfil-profissional-com-um-ensaio-fotografico\\\/\",\"name\":\"Elevando seu perfil profissional com um ensaio fotogr\u00e1fico - STUDIO BIANCA MACHADO\",\"isPartOf\":{\"@id\":\"https:\\\/\\\/biancamachado.com.br\\\/blog\\\/#website\"},\"primaryImageOfPage\":{\"@id\":\"https:\\\/\\\/biancamachado.com.br\\\/blog\\\/elevando-seu-perfil-profissional-com-um-ensaio-fotografico\\\/#primaryimage\"},\"image\":{\"@id\":\"https:\\\/\\\/biancamachado.com.br\\\/blog\\\/elevando-seu-perfil-profissional-com-um-ensaio-fotografico\\\/#primaryimage\"},\"thumbnailUrl\":\"https:\\\/\\\/i0.wp.com\\\/biancamachado.com.br\\\/blog\\\/wp-content\\\/uploads\\\/2023\\\/02\\\/capa-6-scaled.jpg?fit=2560%2C1707&ssl=1?v=1677256913\",\"datePublished\":\"2023-02-24T16:44:21+00:00\",\"dateModified\":\"2023-02-24T16:44:24+00:00\",\"description\":\"O ensaio de fotos para retrato profissional da Angela foi um sucesso! A Angela, uma assessora de projetos m\u00e9dicos, decidiu investir em sua imagem para fortalecer sua presen\u00e7a digital e expandir suas oportunidades profissionais. Para isso, ela escolheu fazer as fotos em um est\u00fadio port\u00e1til, localizado na regi\u00e3o de Moema. O objetivo era capturar sua personalidade e habilidades profissionais de uma forma atraente e eficaz, para ser usado em suas redes sociais e perfis online.\",\"breadcrumb\":{\"@id\":\"https:\\\/\\\/biancamachado.com.br\\\/blog\\\/elevando-seu-perfil-profissional-com-um-ensaio-fotografico\\\/#breadcrumb\"},\"inLanguage\":\"pt-BR\",\"potentialAction\":[{\"@type\":\"ReadAction\",\"target\":[\"https:\\\/\\\/biancamachado.com.br\\\/blog\\\/elevando-seu-perfil-profissional-com-um-ensaio-fotografico\\\/\"]}]},{\"@type\":\"ImageObject\",\"inLanguage\":\"pt-BR\",\"@id\":\"https:\\\/\\\/biancamachado.com.br\\\/blog\\\/elevando-seu-perfil-profissional-com-um-ensaio-fotografico\\\/#primaryimage\",\"url\":\"https:\\\/\\\/i0.wp.com\\\/biancamachado.com.br\\\/blog\\\/wp-content\\\/uploads\\\/2023\\\/02\\\/capa-6-scaled.jpg?fit=2560%2C1707&ssl=1?v=1677256913\",\"contentUrl\":\"https:\\\/\\\/i0.wp.com\\\/biancamachado.com.br\\\/blog\\\/wp-content\\\/uploads\\\/2023\\\/02\\\/capa-6-scaled.jpg?fit=2560%2C1707&ssl=1?v=1677256913\",\"width\":2560,\"height\":1707,\"caption\":\"fotografo profissional fotos\"},{\"@type\":\"BreadcrumbList\",\"@id\":\"https:\\\/\\\/biancamachado.com.br\\\/blog\\\/elevando-seu-perfil-profissional-com-um-ensaio-fotografico\\\/#breadcrumb\",\"itemListElement\":[{\"@type\":\"ListItem\",\"position\":1,\"name\":\"In\u00edcio\",\"item\":\"https:\\\/\\\/biancamachado.com.br\\\/blog\\\/\"},{\"@type\":\"ListItem\",\"position\":2,\"name\":\"Elevando seu perfil profissional com um ensaio fotogr\u00e1fico\"}]},{\"@type\":\"WebSite\",\"@id\":\"https:\\\/\\\/biancamachado.com.br\\\/blog\\\/#website\",\"url\":\"https:\\\/\\\/biancamachado.com.br\\\/blog\\\/\",\"name\":\"STUDIO BIANCA MACHADO\",\"description\":\"Estudio Fotografico, Ensaios e Books de foto profissional\",\"publisher\":{\"@id\":\"https:\\\/\\\/biancamachado.com.br\\\/blog\\\/#organization\"},\"potentialAction\":[{\"@type\":\"SearchAction\",\"target\":{\"@type\":\"EntryPoint\",\"urlTemplate\":\"https:\\\/\\\/biancamachado.com.br\\\/blog\\\/?s={search_term_string}\"},\"query-input\":{\"@type\":\"PropertyValueSpecification\",\"valueRequired\":true,\"valueName\":\"search_term_string\"}}],\"inLanguage\":\"pt-BR\"},{\"@type\":\"Organization\",\"@id\":\"https:\\\/\\\/biancamachado.com.br\\\/blog\\\/#organization\",\"name\":\"STUDIO BIANCA MACHADO\",\"url\":\"https:\\\/\\\/biancamachado.com.br\\\/blog\\\/\",\"logo\":{\"@type\":\"ImageObject\",\"inLanguage\":\"pt-BR\",\"@id\":\"https:\\\/\\\/biancamachado.com.br\\\/blog\\\/#\\\/schema\\\/logo\\\/image\\\/\",\"url\":\"https:\\\/\\\/i0.wp.com\\\/biancamachado.com.br\\\/blog\\\/wp-content\\\/uploads\\\/2021\\\/02\\\/cropped-logo-ml.jpg?fit=278%2C100&ssl=1\",\"contentUrl\":\"https:\\\/\\\/i0.wp.com\\\/biancamachado.com.br\\\/blog\\\/wp-content\\\/uploads\\\/2021\\\/02\\\/cropped-logo-ml.jpg?fit=278%2C100&ssl=1\",\"width\":278,\"height\":100,\"caption\":\"STUDIO BIANCA MACHADO\"},\"image\":{\"@id\":\"https:\\\/\\\/biancamachado.com.br\\\/blog\\\/#\\\/schema\\\/logo\\\/image\\\/\"},\"sameAs\":[\"https:\\\/\\\/www.facebook.com\\\/Studiobiancamachado\\\/\",\"https:\\\/\\\/www.instagram.com\\\/Studiobiancamachado\\\/\"]},{\"@type\":\"Person\",\"@id\":\"https:\\\/\\\/biancamachado.com.br\\\/blog\\\/#\\\/schema\\\/person\\\/990263800ec5e9bdbbf092a2353550a1\",\"name\":\"biancamachado\",\"image\":{\"@type\":\"ImageObject\",\"inLanguage\":\"pt-BR\",\"@id\":\"https:\\\/\\\/secure.gravatar.com\\\/avatar\\\/62b1a50f2632dbc2e279c3eb55aa46cc324c969cff16a69c59756d155316542c?s=96&d=mm&r=g\",\"url\":\"https:\\\/\\\/secure.gravatar.com\\\/avatar\\\/62b1a50f2632dbc2e279c3eb55aa46cc324c969cff16a69c59756d155316542c?s=96&d=mm&r=g\",\"contentUrl\":\"https:\\\/\\\/secure.gravatar.com\\\/avatar\\\/62b1a50f2632dbc2e279c3eb55aa46cc324c969cff16a69c59756d155316542c?s=96&d=mm&r=g\",\"caption\":\"biancamachado\"},\"sameAs\":[\"https:\\\/\\\/biancamachado.com.br\\\/blog\"],\"url\":\"https:\\\/\\\/biancamachado.com.br\\\/blog\\\/author\\\/biancamachado\\\/\"}]}<\/script>\n<!-- \/ Yoast SEO plugin. -->","yoast_head_json":{"title":"Elevando seu perfil profissional com um ensaio fotogr\u00e1fico - STUDIO BIANCA MACHADO","description":"O ensaio de fotos para retrato profissional da Angela foi um sucesso! A Angela, uma assessora de projetos m\u00e9dicos, decidiu investir em sua imagem para fortalecer sua presen\u00e7a digital e expandir suas oportunidades profissionais. Para isso, ela escolheu fazer as fotos em um est\u00fadio port\u00e1til, localizado na regi\u00e3o de Moema. O objetivo era capturar sua personalidade e habilidades profissionais de uma forma atraente e eficaz, para ser usado em suas redes sociais e perfis online.","robots":{"index":"index","follow":"follow","max-snippet":"max-snippet:-1","max-image-preview":"max-image-preview:large","max-video-preview":"max-video-preview:-1"},"canonical":"https:\/\/biancamachado.com.br\/blog\/elevando-seu-perfil-profissional-com-um-ensaio-fotografico\/","og_locale":"pt_BR","og_type":"article","og_title":"Elevando seu perfil profissional com um ensaio fotogr\u00e1fico - STUDIO BIANCA MACHADO","og_description":"O ensaio de fotos para retrato profissional da Angela foi um sucesso! A Angela, uma assessora de projetos m\u00e9dicos, decidiu investir em sua imagem para fortalecer sua presen\u00e7a digital e expandir suas oportunidades profissionais. Para isso, ela escolheu fazer as fotos em um est\u00fadio port\u00e1til, localizado na regi\u00e3o de Moema. O objetivo era capturar sua personalidade e habilidades profissionais de uma forma atraente e eficaz, para ser usado em suas redes sociais e perfis online.","og_url":"https:\/\/biancamachado.com.br\/blog\/elevando-seu-perfil-profissional-com-um-ensaio-fotografico\/","og_site_name":"STUDIO BIANCA MACHADO","article_publisher":"https:\/\/www.facebook.com\/Studiobiancamachado\/","article_published_time":"2023-02-24T16:44:21+00:00","article_modified_time":"2023-02-24T16:44:24+00:00","og_image":[{"width":2560,"height":1707,"url":"https:\/\/biancamachado.com.br\/blog\/wp-content\/uploads\/2023\/02\/capa-6-scaled.jpg?v=1677256913","type":"image\/jpeg"}],"author":"biancamachado","twitter_card":"summary_large_image","twitter_misc":{"Escrito por":"biancamachado","Est. tempo de leitura":"2 minutos"},"schema":{"@context":"https:\/\/schema.org","@graph":[{"@type":"Article","@id":"https:\/\/biancamachado.com.br\/blog\/elevando-seu-perfil-profissional-com-um-ensaio-fotografico\/#article","isPartOf":{"@id":"https:\/\/biancamachado.com.br\/blog\/elevando-seu-perfil-profissional-com-um-ensaio-fotografico\/"},"author":{"name":"biancamachado","@id":"https:\/\/biancamachado.com.br\/blog\/#\/schema\/person\/990263800ec5e9bdbbf092a2353550a1"},"headline":"Elevando seu perfil profissional com um ensaio fotogr\u00e1fico","datePublished":"2023-02-24T16:44:21+00:00","dateModified":"2023-02-24T16:44:24+00:00","mainEntityOfPage":{"@id":"https:\/\/biancamachado.com.br\/blog\/elevando-seu-perfil-profissional-com-um-ensaio-fotografico\/"},"wordCount":217,"commentCount":0,"publisher":{"@id":"https:\/\/biancamachado.com.br\/blog\/#organization"},"image":{"@id":"https:\/\/biancamachado.com.br\/blog\/elevando-seu-perfil-profissional-com-um-ensaio-fotografico\/#primaryimage"},"thumbnailUrl":"https:\/\/i0.wp.com\/biancamachado.com.br\/blog\/wp-content\/uploads\/2023\/02\/capa-6-scaled.jpg?fit=2560%2C1707&ssl=1?v=1677256913","keywords":["assessora de projetos m\u00e9dicos","est\u00fadio port\u00e1til","marketing digital","Moema","retrato profissional"],"articleSection":["Linkedin Retrato Profisional"],"inLanguage":"pt-BR","potentialAction":[{"@type":"CommentAction","name":"Comment","target":["https:\/\/biancamachado.com.br\/blog\/elevando-seu-perfil-profissional-com-um-ensaio-fotografico\/#respond"]}]},{"@type":"WebPage","@id":"https:\/\/biancamachado.com.br\/blog\/elevando-seu-perfil-profissional-com-um-ensaio-fotografico\/","url":"https:\/\/biancamachado.com.br\/blog\/elevando-seu-perfil-profissional-com-um-ensaio-fotografico\/","name":"Elevando seu perfil profissional com um ensaio fotogr\u00e1fico - STUDIO BIANCA MACHADO","isPartOf":{"@id":"https:\/\/biancamachado.com.br\/blog\/#website"},"primaryImageOfPage":{"@id":"https:\/\/biancamachado.com.br\/blog\/elevando-seu-perfil-profissional-com-um-ensaio-fotografico\/#primaryimage"},"image":{"@id":"https:\/\/biancamachado.com.br\/blog\/elevando-seu-perfil-profissional-com-um-ensaio-fotografico\/#primaryimage"},"thumbnailUrl":"https:\/\/i0.wp.com\/biancamachado.com.br\/blog\/wp-content\/uploads\/2023\/02\/capa-6-scaled.jpg?fit=2560%2C1707&ssl=1?v=1677256913","datePublished":"2023-02-24T16:44:21+00:00","dateModified":"2023-02-24T16:44:24+00:00","description":"O ensaio de fotos para retrato profissional da Angela foi um sucesso! A Angela, uma assessora de projetos m\u00e9dicos, decidiu investir em sua imagem para fortalecer sua presen\u00e7a digital e expandir suas oportunidades profissionais. Para isso, ela escolheu fazer as fotos em um est\u00fadio port\u00e1til, localizado na regi\u00e3o de Moema. O objetivo era capturar sua personalidade e habilidades profissionais de uma forma atraente e eficaz, para ser usado em suas redes sociais e perfis online.","breadcrumb":{"@id":"https:\/\/biancamachado.com.br\/blog\/elevando-seu-perfil-profissional-com-um-ensaio-fotografico\/#breadcrumb"},"inLanguage":"pt-BR","potentialAction":[{"@type":"ReadAction","target":["https:\/\/biancamachado.com.br\/blog\/elevando-seu-perfil-profissional-com-um-ensaio-fotografico\/"]}]},{"@type":"ImageObject","inLanguage":"pt-BR","@id":"https:\/\/biancamachado.com.br\/blog\/elevando-seu-perfil-profissional-com-um-ensaio-fotografico\/#primaryimage","url":"https:\/\/i0.wp.com\/biancamachado.com.br\/blog\/wp-content\/uploads\/2023\/02\/capa-6-scaled.jpg?fit=2560%2C1707&ssl=1?v=1677256913","contentUrl":"https:\/\/i0.wp.com\/biancamachado.com.br\/blog\/wp-content\/uploads\/2023\/02\/capa-6-scaled.jpg?fit=2560%2C1707&ssl=1?v=1677256913","width":2560,"height":1707,"caption":"fotografo profissional fotos"},{"@type":"BreadcrumbList","@id":"https:\/\/biancamachado.com.br\/blog\/elevando-seu-perfil-profissional-com-um-ensaio-fotografico\/#breadcrumb","itemListElement":[{"@type":"ListItem","position":1,"name":"In\u00edcio","item":"https:\/\/biancamachado.com.br\/blog\/"},{"@type":"ListItem","position":2,"name":"Elevando seu perfil profissional com um ensaio fotogr\u00e1fico"}]},{"@type":"WebSite","@id":"https:\/\/biancamachado.com.br\/blog\/#website","url":"https:\/\/biancamachado.com.br\/blog\/","name":"STUDIO BIANCA MACHADO","description":"Estudio Fotografico, Ensaios e Books de foto profissional","publisher":{"@id":"https:\/\/biancamachado.com.br\/blog\/#organization"},"potentialAction":[{"@type":"SearchAction","target":{"@type":"EntryPoint","urlTemplate":"https:\/\/biancamachado.com.br\/blog\/?s={search_term_string}"},"query-input":{"@type":"PropertyValueSpecification","valueRequired":true,"valueName":"search_term_string"}}],"inLanguage":"pt-BR"},{"@type":"Organization","@id":"https:\/\/biancamachado.com.br\/blog\/#organization","name":"STUDIO BIANCA MACHADO","url":"https:\/\/biancamachado.com.br\/blog\/","logo":{"@type":"ImageObject","inLanguage":"pt-BR","@id":"https:\/\/biancamachado.com.br\/blog\/#\/schema\/logo\/image\/","url":"https:\/\/i0.wp.com\/biancamachado.com.br\/blog\/wp-content\/uploads\/2021\/02\/cropped-logo-ml.jpg?fit=278%2C100&ssl=1","contentUrl":"https:\/\/i0.wp.com\/biancamachado.com.br\/blog\/wp-content\/uploads\/2021\/02\/cropped-logo-ml.jpg?fit=278%2C100&ssl=1","width":278,"height":100,"caption":"STUDIO BIANCA MACHADO"},"image":{"@id":"https:\/\/biancamachado.com.br\/blog\/#\/schema\/logo\/image\/"},"sameAs":["https:\/\/www.facebook.com\/Studiobiancamachado\/","https:\/\/www.instagram.com\/Studiobiancamachado\/"]},{"@type":"Person","@id":"https:\/\/biancamachado.com.br\/blog\/#\/schema\/person\/990263800ec5e9bdbbf092a2353550a1","name":"biancamachado","image":{"@type":"ImageObject","inLanguage":"pt-BR","@id":"https:\/\/secure.gravatar.com\/avatar\/62b1a50f2632dbc2e279c3eb55aa46cc324c969cff16a69c59756d155316542c?s=96&d=mm&r=g","url":"https:\/\/secure.gravatar.com\/avatar\/62b1a50f2632dbc2e279c3eb55aa46cc324c969cff16a69c59756d155316542c?s=96&d=mm&r=g","contentUrl":"https:\/\/secure.gravatar.com\/avatar\/62b1a50f2632dbc2e279c3eb55aa46cc324c969cff16a69c59756d155316542c?s=96&d=mm&r=g","caption":"biancamachado"},"sameAs":["https:\/\/biancamachado.com.br\/blog"],"url":"https:\/\/biancamachado.com.br\/blog\/author\/biancamachado\/"}]}},"jetpack_featured_media_url":"https:\/\/i0.wp.com\/biancamachado.com.br\/blog\/wp-content\/uploads\/2023\/02\/capa-6-scaled.jpg?fit=2560%2C1707&ssl=1?v=1677256913","jetpack-related-posts":[],"jetpack_sharing_enabled":true,"_links":{"self":[{"href":"https:\/\/biancamachado.com.br\/blog\/wp-json\/wp\/v2\/posts\/3981","targetHints":{"allow":["GET"]}}],"collection":[{"href":"https:\/\/biancamachado.com.br\/blog\/wp-json\/wp\/v2\/posts"}],"about":[{"href":"https:\/\/biancamachado.com.br\/blog\/wp-json\/wp\/v2\/types\/post"}],"author":[{"embeddable":true,"href":"https:\/\/biancamachado.com.br\/blog\/wp-json\/wp\/v2\/users\/1"}],"replies":[{"embeddable":true,"href":"https:\/\/biancamachado.com.br\/blog\/wp-json\/wp\/v2\/comments?post=3981"}],"version-history":[{"count":1,"href":"https:\/\/biancamachado.com.br\/blog\/wp-json\/wp\/v2\/posts\/3981\/revisions"}],"predecessor-version":[{"id":3988,"href":"https:\/\/biancamachado.com.br\/blog\/wp-json\/wp\/v2\/posts\/3981\/revisions\/3988"}],"wp:featuredmedia":[{"embeddable":true,"href":"https:\/\/biancamachado.com.br\/blog\/wp-json\/wp\/v2\/media\/3987"}],"wp:attachment":[{"href":"https:\/\/biancamachado.com.br\/blog\/wp-json\/wp\/v2\/media?parent=3981"}],"wp:term":[{"taxonomy":"category","embeddable":true,"href":"https:\/\/biancamachado.com.br\/blog\/wp-json\/wp\/v2\/categories?post=3981"},{"taxonomy":"post_tag","embeddable":true,"href":"https:\/\/biancamachado.com.br\/blog\/wp-json\/wp\/v2\/tags?post=3981"}],"curies":[{"name":"wp","href":"https:\/\/api.w.org\/{rel}","templated":true}]}}