{"id":393,"date":"2012-12-27T12:31:00","date_gmt":"2012-12-27T14:31:00","guid":{"rendered":"https:\/\/biancamachado.com.br\/blog\/?p=393"},"modified":"2021-02-18T00:20:23","modified_gmt":"2021-02-18T03:20:23","slug":"preco-de-estudio-fotografico-quanto-custa-um-book-profissional","status":"publish","type":"post","link":"https:\/\/biancamachado.com.br\/blog\/preco-de-estudio-fotografico-quanto-custa-um-book-profissional\/","title":{"rendered":"Pre\u00e7o de Estudio Fotografico : Quanto custa um Book Profissional?"},"content":{"rendered":"<p>Para se ter fotos profissionais de qualidade, n\u00e3o \u00e9 necess\u00e1rio gastar muito, nem ter pretens\u00f5es de ter uma carreira de modelo. Vale \u00e0 pena &#8221; brincar &#8221; e descobrir sua auto estima em uma sess\u00e3o de book fotogr\u00e1fico super divertida e criativa.<\/p>\n<table align=\"center\" cellpadding=\"0\" cellspacing=\"0\" style=\"margin-left: auto; margin-right: auto; text-align: center;\">\n<tbody>\n<tr>\n<td style=\"text-align: center;\"><a href=\"https:\/\/i0.wp.com\/3.bp.blogspot.com\/-ojCeW08mM8U\/UNxpUXSQY5I\/AAAAAAAAI3A\/ekqe-zAiX7M\/s1600\/apre%C3%A7o%2Bestudio%2Bfotografico.jpg\" style=\"margin-left: auto; margin-right: auto;\"><img data-recalc-dims=\"1\" loading=\"lazy\" decoding=\"async\" alt=\"pre\u00e7o estudio fotografico\" border=\"0\" height=\"426\" src=\"https:\/\/i0.wp.com\/3.bp.blogspot.com\/-ojCeW08mM8U\/UNxpUXSQY5I\/AAAAAAAAI3A\/ekqe-zAiX7M\/s640\/apre%C3%A7o%2Bestudio%2Bfotografico.jpg?resize=640%2C426&#038;ssl=1\" title=\"pre\u00e7o estudio fotografico\" width=\"640\" \/><\/a><\/td>\n<\/tr>\n<tr>\n<td style=\"text-align: center;\">pre\u00e7o estudio fotografico<\/td>\n<\/tr>\n<\/tbody>\n<\/table>\n<p><\/p>\n<table align=\"center\" cellpadding=\"0\" cellspacing=\"0\" style=\"margin-left: auto; margin-right: auto; text-align: center;\">\n<tbody>\n<tr>\n<td style=\"text-align: center;\"><a href=\"https:\/\/i0.wp.com\/1.bp.blogspot.com\/-Gjxw5POEIZI\/UNxpdSDMtlI\/AAAAAAAAI3I\/xR1_HdK3kL4\/s1600\/pre%C3%A7o%2Bbook%2Bfotografico.JPG\" style=\"margin-left: auto; margin-right: auto;\"><img data-recalc-dims=\"1\" loading=\"lazy\" decoding=\"async\" alt=\"pre\u00e7o book fotografico\" border=\"0\" height=\"640\" src=\"https:\/\/i0.wp.com\/1.bp.blogspot.com\/-Gjxw5POEIZI\/UNxpdSDMtlI\/AAAAAAAAI3I\/xR1_HdK3kL4\/s640\/pre%C3%A7o%2Bbook%2Bfotografico.JPG?resize=426%2C640&#038;ssl=1\" title=\"pre\u00e7o book fotografico\" width=\"426\" \/><\/a><\/td>\n<\/tr>\n<tr>\n<td style=\"text-align: center;\">pre\u00e7o book fotografico<\/td>\n<\/tr>\n<\/tbody>\n<\/table>\n<p><\/p>\n<div>Visite tamb\u00e9m nosso site:&nbsp;<a href=\"http:\/\/www.biancamachado.com.br\/\">www.biancamachado.com.br<\/a><br \/>(11) 97107-1018<\/div>\nVisite tamb\u00e9m nosso site: www.biancamachado.com.br\r\n(11) 97107-1018\r\n\r\nAtendemos as regi\u00f5es de S\u00e3o Paulo, Sorocaba, Ibi\u00fana, Piedade, Votorantim, Cotia, Itupeva, Jundia\u00ed, It\u00fa e Campinas","protected":false},"excerpt":{"rendered":"<p>Para se ter fotos profissionais<\/p>\n","protected":false},"author":1,"featured_media":1228,"comment_status":"open","ping_status":"open","sticky":false,"template":"","format":"standard","meta":{"_monsterinsights_skip_tracking":false,"_monsterinsights_sitenote_active":false,"_monsterinsights_sitenote_note":"","_monsterinsights_sitenote_category":0,"jetpack_post_was_ever_published":false,"_jetpack_newsletter_access":"","_jetpack_dont_email_post_to_subs":false,"_jetpack_newsletter_tier_id":0,"_jetpack_memberships_contains_paywalled_content":false,"_jetpack_memberships_contains_paid_content":false,"_joinchat":[],"footnotes":""},"categories":[286,1],"tags":[338,339,340],"class_list":["post-393","post","type-post","status-publish","format-standard","has-post-thumbnail","hentry","category-book-feminino-estudio","category-studio-bianca-machado","tag-book-fotografico-feminino","tag-book-modelo","tag-fotos-profissionais"],"yoast_head":"<!-- This site is optimized with the Yoast SEO plugin v27.4 - https:\/\/yoast.com\/product\/yoast-seo-wordpress\/ -->\n<title>Pre\u00e7o de Estudio Fotografico : Quanto custa um Book Profissional? - STUDIO BIANCA MACHADO<\/title>\n<meta name=\"robots\" content=\"index, follow, max-snippet:-1, max-image-preview:large, max-video-preview:-1\" \/>\n<link rel=\"canonical\" href=\"https:\/\/biancamachado.com.br\/blog\/preco-de-estudio-fotografico-quanto-custa-um-book-profissional\/\" \/>\n<meta property=\"og:locale\" content=\"pt_BR\" \/>\n<meta property=\"og:type\" content=\"article\" \/>\n<meta property=\"og:title\" content=\"Pre\u00e7o de Estudio Fotografico : Quanto custa um Book Profissional? - STUDIO BIANCA MACHADO\" \/>\n<meta property=\"og:description\" content=\"Para se ter fotos profissionais\" \/>\n<meta property=\"og:url\" content=\"https:\/\/biancamachado.com.br\/blog\/preco-de-estudio-fotografico-quanto-custa-um-book-profissional\/\" \/>\n<meta property=\"og:site_name\" content=\"STUDIO BIANCA MACHADO\" \/>\n<meta property=\"article:publisher\" content=\"https:\/\/www.facebook.com\/Studiobiancamachado\/\" \/>\n<meta property=\"article:published_time\" content=\"2012-12-27T14:31:00+00:00\" \/>\n<meta property=\"article:modified_time\" content=\"2021-02-18T03:20:23+00:00\" \/>\n<meta property=\"og:image\" content=\"https:\/\/i0.wp.com\/biancamachado.com.br\/blog\/wp-content\/uploads\/2012\/12\/Screenshot_351.png?fit=545%2C414&ssl=1\" \/>\n\t<meta property=\"og:image:width\" content=\"545\" \/>\n\t<meta property=\"og:image:height\" content=\"414\" \/>\n\t<meta property=\"og:image:type\" content=\"image\/png\" \/>\n<meta name=\"author\" content=\"biancamachado\" \/>\n<meta name=\"twitter:card\" content=\"summary_large_image\" \/>\n<meta name=\"twitter:label1\" content=\"Escrito por\" \/>\n\t<meta name=\"twitter:data1\" content=\"biancamachado\" \/>\n<script type=\"application\/ld+json\" class=\"yoast-schema-graph\">{\"@context\":\"https:\\\/\\\/schema.org\",\"@graph\":[{\"@type\":\"Article\",\"@id\":\"https:\\\/\\\/biancamachado.com.br\\\/blog\\\/preco-de-estudio-fotografico-quanto-custa-um-book-profissional\\\/#article\",\"isPartOf\":{\"@id\":\"https:\\\/\\\/biancamachado.com.br\\\/blog\\\/preco-de-estudio-fotografico-quanto-custa-um-book-profissional\\\/\"},\"author\":{\"name\":\"biancamachado\",\"@id\":\"https:\\\/\\\/biancamachado.com.br\\\/blog\\\/#\\\/schema\\\/person\\\/990263800ec5e9bdbbf092a2353550a1\"},\"headline\":\"Pre\u00e7o de Estudio Fotografico : Quanto custa um Book Profissional?\",\"datePublished\":\"2012-12-27T14:31:00+00:00\",\"dateModified\":\"2021-02-18T03:20:23+00:00\",\"mainEntityOfPage\":{\"@id\":\"https:\\\/\\\/biancamachado.com.br\\\/blog\\\/preco-de-estudio-fotografico-quanto-custa-um-book-profissional\\\/\"},\"wordCount\":72,\"commentCount\":0,\"publisher\":{\"@id\":\"https:\\\/\\\/biancamachado.com.br\\\/blog\\\/#organization\"},\"image\":{\"@id\":\"https:\\\/\\\/biancamachado.com.br\\\/blog\\\/preco-de-estudio-fotografico-quanto-custa-um-book-profissional\\\/#primaryimage\"},\"thumbnailUrl\":\"https:\\\/\\\/i0.wp.com\\\/biancamachado.com.br\\\/blog\\\/wp-content\\\/uploads\\\/2012\\\/12\\\/Screenshot_351.png?fit=545%2C414&ssl=1\",\"keywords\":[\"book fotografico feminino\",\"book modelo\",\"fotos profissionais\"],\"articleSection\":[\"Book Feminino Estudio\",\"Studio Bianca Machado\"],\"inLanguage\":\"pt-BR\",\"potentialAction\":[{\"@type\":\"CommentAction\",\"name\":\"Comment\",\"target\":[\"https:\\\/\\\/biancamachado.com.br\\\/blog\\\/preco-de-estudio-fotografico-quanto-custa-um-book-profissional\\\/#respond\"]}]},{\"@type\":\"WebPage\",\"@id\":\"https:\\\/\\\/biancamachado.com.br\\\/blog\\\/preco-de-estudio-fotografico-quanto-custa-um-book-profissional\\\/\",\"url\":\"https:\\\/\\\/biancamachado.com.br\\\/blog\\\/preco-de-estudio-fotografico-quanto-custa-um-book-profissional\\\/\",\"name\":\"Pre\u00e7o de Estudio Fotografico : Quanto custa um Book Profissional? - STUDIO BIANCA MACHADO\",\"isPartOf\":{\"@id\":\"https:\\\/\\\/biancamachado.com.br\\\/blog\\\/#website\"},\"primaryImageOfPage\":{\"@id\":\"https:\\\/\\\/biancamachado.com.br\\\/blog\\\/preco-de-estudio-fotografico-quanto-custa-um-book-profissional\\\/#primaryimage\"},\"image\":{\"@id\":\"https:\\\/\\\/biancamachado.com.br\\\/blog\\\/preco-de-estudio-fotografico-quanto-custa-um-book-profissional\\\/#primaryimage\"},\"thumbnailUrl\":\"https:\\\/\\\/i0.wp.com\\\/biancamachado.com.br\\\/blog\\\/wp-content\\\/uploads\\\/2012\\\/12\\\/Screenshot_351.png?fit=545%2C414&ssl=1\",\"datePublished\":\"2012-12-27T14:31:00+00:00\",\"dateModified\":\"2021-02-18T03:20:23+00:00\",\"breadcrumb\":{\"@id\":\"https:\\\/\\\/biancamachado.com.br\\\/blog\\\/preco-de-estudio-fotografico-quanto-custa-um-book-profissional\\\/#breadcrumb\"},\"inLanguage\":\"pt-BR\",\"potentialAction\":[{\"@type\":\"ReadAction\",\"target\":[\"https:\\\/\\\/biancamachado.com.br\\\/blog\\\/preco-de-estudio-fotografico-quanto-custa-um-book-profissional\\\/\"]}]},{\"@type\":\"ImageObject\",\"inLanguage\":\"pt-BR\",\"@id\":\"https:\\\/\\\/biancamachado.com.br\\\/blog\\\/preco-de-estudio-fotografico-quanto-custa-um-book-profissional\\\/#primaryimage\",\"url\":\"https:\\\/\\\/i0.wp.com\\\/biancamachado.com.br\\\/blog\\\/wp-content\\\/uploads\\\/2012\\\/12\\\/Screenshot_351.png?fit=545%2C414&ssl=1\",\"contentUrl\":\"https:\\\/\\\/i0.wp.com\\\/biancamachado.com.br\\\/blog\\\/wp-content\\\/uploads\\\/2012\\\/12\\\/Screenshot_351.png?fit=545%2C414&ssl=1\",\"width\":545,\"height\":414,\"caption\":\"Pre\u00e7o de Estudio Fotografico : Quanto custa um Book Profissional?\"},{\"@type\":\"BreadcrumbList\",\"@id\":\"https:\\\/\\\/biancamachado.com.br\\\/blog\\\/preco-de-estudio-fotografico-quanto-custa-um-book-profissional\\\/#breadcrumb\",\"itemListElement\":[{\"@type\":\"ListItem\",\"position\":1,\"name\":\"In\u00edcio\",\"item\":\"https:\\\/\\\/biancamachado.com.br\\\/blog\\\/\"},{\"@type\":\"ListItem\",\"position\":2,\"name\":\"Pre\u00e7o de Estudio Fotografico : Quanto custa um Book Profissional?\"}]},{\"@type\":\"WebSite\",\"@id\":\"https:\\\/\\\/biancamachado.com.br\\\/blog\\\/#website\",\"url\":\"https:\\\/\\\/biancamachado.com.br\\\/blog\\\/\",\"name\":\"STUDIO BIANCA MACHADO\",\"description\":\"Estudio Fotografico, Ensaios e Books de foto profissional\",\"publisher\":{\"@id\":\"https:\\\/\\\/biancamachado.com.br\\\/blog\\\/#organization\"},\"potentialAction\":[{\"@type\":\"SearchAction\",\"target\":{\"@type\":\"EntryPoint\",\"urlTemplate\":\"https:\\\/\\\/biancamachado.com.br\\\/blog\\\/?s={search_term_string}\"},\"query-input\":{\"@type\":\"PropertyValueSpecification\",\"valueRequired\":true,\"valueName\":\"search_term_string\"}}],\"inLanguage\":\"pt-BR\"},{\"@type\":\"Organization\",\"@id\":\"https:\\\/\\\/biancamachado.com.br\\\/blog\\\/#organization\",\"name\":\"STUDIO BIANCA MACHADO\",\"url\":\"https:\\\/\\\/biancamachado.com.br\\\/blog\\\/\",\"logo\":{\"@type\":\"ImageObject\",\"inLanguage\":\"pt-BR\",\"@id\":\"https:\\\/\\\/biancamachado.com.br\\\/blog\\\/#\\\/schema\\\/logo\\\/image\\\/\",\"url\":\"https:\\\/\\\/i0.wp.com\\\/biancamachado.com.br\\\/blog\\\/wp-content\\\/uploads\\\/2021\\\/02\\\/cropped-logo-ml.jpg?fit=278%2C100&ssl=1\",\"contentUrl\":\"https:\\\/\\\/i0.wp.com\\\/biancamachado.com.br\\\/blog\\\/wp-content\\\/uploads\\\/2021\\\/02\\\/cropped-logo-ml.jpg?fit=278%2C100&ssl=1\",\"width\":278,\"height\":100,\"caption\":\"STUDIO BIANCA MACHADO\"},\"image\":{\"@id\":\"https:\\\/\\\/biancamachado.com.br\\\/blog\\\/#\\\/schema\\\/logo\\\/image\\\/\"},\"sameAs\":[\"https:\\\/\\\/www.facebook.com\\\/Studiobiancamachado\\\/\",\"https:\\\/\\\/www.instagram.com\\\/Studiobiancamachado\\\/\"]},{\"@type\":\"Person\",\"@id\":\"https:\\\/\\\/biancamachado.com.br\\\/blog\\\/#\\\/schema\\\/person\\\/990263800ec5e9bdbbf092a2353550a1\",\"name\":\"biancamachado\",\"image\":{\"@type\":\"ImageObject\",\"inLanguage\":\"pt-BR\",\"@id\":\"https:\\\/\\\/secure.gravatar.com\\\/avatar\\\/62b1a50f2632dbc2e279c3eb55aa46cc324c969cff16a69c59756d155316542c?s=96&d=mm&r=g\",\"url\":\"https:\\\/\\\/secure.gravatar.com\\\/avatar\\\/62b1a50f2632dbc2e279c3eb55aa46cc324c969cff16a69c59756d155316542c?s=96&d=mm&r=g\",\"contentUrl\":\"https:\\\/\\\/secure.gravatar.com\\\/avatar\\\/62b1a50f2632dbc2e279c3eb55aa46cc324c969cff16a69c59756d155316542c?s=96&d=mm&r=g\",\"caption\":\"biancamachado\"},\"sameAs\":[\"https:\\\/\\\/biancamachado.com.br\\\/blog\"],\"url\":\"https:\\\/\\\/biancamachado.com.br\\\/blog\\\/author\\\/biancamachado\\\/\"}]}<\/script>\n<!-- \/ Yoast SEO plugin. -->","yoast_head_json":{"title":"Pre\u00e7o de Estudio Fotografico : Quanto custa um Book Profissional? - STUDIO BIANCA MACHADO","robots":{"index":"index","follow":"follow","max-snippet":"max-snippet:-1","max-image-preview":"max-image-preview:large","max-video-preview":"max-video-preview:-1"},"canonical":"https:\/\/biancamachado.com.br\/blog\/preco-de-estudio-fotografico-quanto-custa-um-book-profissional\/","og_locale":"pt_BR","og_type":"article","og_title":"Pre\u00e7o de Estudio Fotografico : Quanto custa um Book Profissional? - STUDIO BIANCA MACHADO","og_description":"Para se ter fotos profissionais","og_url":"https:\/\/biancamachado.com.br\/blog\/preco-de-estudio-fotografico-quanto-custa-um-book-profissional\/","og_site_name":"STUDIO BIANCA MACHADO","article_publisher":"https:\/\/www.facebook.com\/Studiobiancamachado\/","article_published_time":"2012-12-27T14:31:00+00:00","article_modified_time":"2021-02-18T03:20:23+00:00","og_image":[{"width":545,"height":414,"url":"https:\/\/i0.wp.com\/biancamachado.com.br\/blog\/wp-content\/uploads\/2012\/12\/Screenshot_351.png?fit=545%2C414&ssl=1","type":"image\/png"}],"author":"biancamachado","twitter_card":"summary_large_image","twitter_misc":{"Escrito por":"biancamachado"},"schema":{"@context":"https:\/\/schema.org","@graph":[{"@type":"Article","@id":"https:\/\/biancamachado.com.br\/blog\/preco-de-estudio-fotografico-quanto-custa-um-book-profissional\/#article","isPartOf":{"@id":"https:\/\/biancamachado.com.br\/blog\/preco-de-estudio-fotografico-quanto-custa-um-book-profissional\/"},"author":{"name":"biancamachado","@id":"https:\/\/biancamachado.com.br\/blog\/#\/schema\/person\/990263800ec5e9bdbbf092a2353550a1"},"headline":"Pre\u00e7o de Estudio Fotografico : Quanto custa um Book Profissional?","datePublished":"2012-12-27T14:31:00+00:00","dateModified":"2021-02-18T03:20:23+00:00","mainEntityOfPage":{"@id":"https:\/\/biancamachado.com.br\/blog\/preco-de-estudio-fotografico-quanto-custa-um-book-profissional\/"},"wordCount":72,"commentCount":0,"publisher":{"@id":"https:\/\/biancamachado.com.br\/blog\/#organization"},"image":{"@id":"https:\/\/biancamachado.com.br\/blog\/preco-de-estudio-fotografico-quanto-custa-um-book-profissional\/#primaryimage"},"thumbnailUrl":"https:\/\/i0.wp.com\/biancamachado.com.br\/blog\/wp-content\/uploads\/2012\/12\/Screenshot_351.png?fit=545%2C414&ssl=1","keywords":["book fotografico feminino","book modelo","fotos profissionais"],"articleSection":["Book Feminino Estudio","Studio Bianca Machado"],"inLanguage":"pt-BR","potentialAction":[{"@type":"CommentAction","name":"Comment","target":["https:\/\/biancamachado.com.br\/blog\/preco-de-estudio-fotografico-quanto-custa-um-book-profissional\/#respond"]}]},{"@type":"WebPage","@id":"https:\/\/biancamachado.com.br\/blog\/preco-de-estudio-fotografico-quanto-custa-um-book-profissional\/","url":"https:\/\/biancamachado.com.br\/blog\/preco-de-estudio-fotografico-quanto-custa-um-book-profissional\/","name":"Pre\u00e7o de Estudio Fotografico : Quanto custa um Book Profissional? - STUDIO BIANCA MACHADO","isPartOf":{"@id":"https:\/\/biancamachado.com.br\/blog\/#website"},"primaryImageOfPage":{"@id":"https:\/\/biancamachado.com.br\/blog\/preco-de-estudio-fotografico-quanto-custa-um-book-profissional\/#primaryimage"},"image":{"@id":"https:\/\/biancamachado.com.br\/blog\/preco-de-estudio-fotografico-quanto-custa-um-book-profissional\/#primaryimage"},"thumbnailUrl":"https:\/\/i0.wp.com\/biancamachado.com.br\/blog\/wp-content\/uploads\/2012\/12\/Screenshot_351.png?fit=545%2C414&ssl=1","datePublished":"2012-12-27T14:31:00+00:00","dateModified":"2021-02-18T03:20:23+00:00","breadcrumb":{"@id":"https:\/\/biancamachado.com.br\/blog\/preco-de-estudio-fotografico-quanto-custa-um-book-profissional\/#breadcrumb"},"inLanguage":"pt-BR","potentialAction":[{"@type":"ReadAction","target":["https:\/\/biancamachado.com.br\/blog\/preco-de-estudio-fotografico-quanto-custa-um-book-profissional\/"]}]},{"@type":"ImageObject","inLanguage":"pt-BR","@id":"https:\/\/biancamachado.com.br\/blog\/preco-de-estudio-fotografico-quanto-custa-um-book-profissional\/#primaryimage","url":"https:\/\/i0.wp.com\/biancamachado.com.br\/blog\/wp-content\/uploads\/2012\/12\/Screenshot_351.png?fit=545%2C414&ssl=1","contentUrl":"https:\/\/i0.wp.com\/biancamachado.com.br\/blog\/wp-content\/uploads\/2012\/12\/Screenshot_351.png?fit=545%2C414&ssl=1","width":545,"height":414,"caption":"Pre\u00e7o de Estudio Fotografico : Quanto custa um Book Profissional?"},{"@type":"BreadcrumbList","@id":"https:\/\/biancamachado.com.br\/blog\/preco-de-estudio-fotografico-quanto-custa-um-book-profissional\/#breadcrumb","itemListElement":[{"@type":"ListItem","position":1,"name":"In\u00edcio","item":"https:\/\/biancamachado.com.br\/blog\/"},{"@type":"ListItem","position":2,"name":"Pre\u00e7o de Estudio Fotografico : Quanto custa um Book Profissional?"}]},{"@type":"WebSite","@id":"https:\/\/biancamachado.com.br\/blog\/#website","url":"https:\/\/biancamachado.com.br\/blog\/","name":"STUDIO BIANCA MACHADO","description":"Estudio Fotografico, Ensaios e Books de foto profissional","publisher":{"@id":"https:\/\/biancamachado.com.br\/blog\/#organization"},"potentialAction":[{"@type":"SearchAction","target":{"@type":"EntryPoint","urlTemplate":"https:\/\/biancamachado.com.br\/blog\/?s={search_term_string}"},"query-input":{"@type":"PropertyValueSpecification","valueRequired":true,"valueName":"search_term_string"}}],"inLanguage":"pt-BR"},{"@type":"Organization","@id":"https:\/\/biancamachado.com.br\/blog\/#organization","name":"STUDIO BIANCA MACHADO","url":"https:\/\/biancamachado.com.br\/blog\/","logo":{"@type":"ImageObject","inLanguage":"pt-BR","@id":"https:\/\/biancamachado.com.br\/blog\/#\/schema\/logo\/image\/","url":"https:\/\/i0.wp.com\/biancamachado.com.br\/blog\/wp-content\/uploads\/2021\/02\/cropped-logo-ml.jpg?fit=278%2C100&ssl=1","contentUrl":"https:\/\/i0.wp.com\/biancamachado.com.br\/blog\/wp-content\/uploads\/2021\/02\/cropped-logo-ml.jpg?fit=278%2C100&ssl=1","width":278,"height":100,"caption":"STUDIO BIANCA MACHADO"},"image":{"@id":"https:\/\/biancamachado.com.br\/blog\/#\/schema\/logo\/image\/"},"sameAs":["https:\/\/www.facebook.com\/Studiobiancamachado\/","https:\/\/www.instagram.com\/Studiobiancamachado\/"]},{"@type":"Person","@id":"https:\/\/biancamachado.com.br\/blog\/#\/schema\/person\/990263800ec5e9bdbbf092a2353550a1","name":"biancamachado","image":{"@type":"ImageObject","inLanguage":"pt-BR","@id":"https:\/\/secure.gravatar.com\/avatar\/62b1a50f2632dbc2e279c3eb55aa46cc324c969cff16a69c59756d155316542c?s=96&d=mm&r=g","url":"https:\/\/secure.gravatar.com\/avatar\/62b1a50f2632dbc2e279c3eb55aa46cc324c969cff16a69c59756d155316542c?s=96&d=mm&r=g","contentUrl":"https:\/\/secure.gravatar.com\/avatar\/62b1a50f2632dbc2e279c3eb55aa46cc324c969cff16a69c59756d155316542c?s=96&d=mm&r=g","caption":"biancamachado"},"sameAs":["https:\/\/biancamachado.com.br\/blog"],"url":"https:\/\/biancamachado.com.br\/blog\/author\/biancamachado\/"}]}},"jetpack_featured_media_url":"https:\/\/i0.wp.com\/biancamachado.com.br\/blog\/wp-content\/uploads\/2012\/12\/Screenshot_351.png?fit=545%2C414&ssl=1","jetpack-related-posts":[],"jetpack_sharing_enabled":true,"_links":{"self":[{"href":"https:\/\/biancamachado.com.br\/blog\/wp-json\/wp\/v2\/posts\/393","targetHints":{"allow":["GET"]}}],"collection":[{"href":"https:\/\/biancamachado.com.br\/blog\/wp-json\/wp\/v2\/posts"}],"about":[{"href":"https:\/\/biancamachado.com.br\/blog\/wp-json\/wp\/v2\/types\/post"}],"author":[{"embeddable":true,"href":"https:\/\/biancamachado.com.br\/blog\/wp-json\/wp\/v2\/users\/1"}],"replies":[{"embeddable":true,"href":"https:\/\/biancamachado.com.br\/blog\/wp-json\/wp\/v2\/comments?post=393"}],"version-history":[{"count":1,"href":"https:\/\/biancamachado.com.br\/blog\/wp-json\/wp\/v2\/posts\/393\/revisions"}],"predecessor-version":[{"id":1698,"href":"https:\/\/biancamachado.com.br\/blog\/wp-json\/wp\/v2\/posts\/393\/revisions\/1698"}],"wp:featuredmedia":[{"embeddable":true,"href":"https:\/\/biancamachado.com.br\/blog\/wp-json\/wp\/v2\/media\/1228"}],"wp:attachment":[{"href":"https:\/\/biancamachado.com.br\/blog\/wp-json\/wp\/v2\/media?parent=393"}],"wp:term":[{"taxonomy":"category","embeddable":true,"href":"https:\/\/biancamachado.com.br\/blog\/wp-json\/wp\/v2\/categories?post=393"},{"taxonomy":"post_tag","embeddable":true,"href":"https:\/\/biancamachado.com.br\/blog\/wp-json\/wp\/v2\/tags?post=393"}],"curies":[{"name":"wp","href":"https:\/\/api.w.org\/{rel}","templated":true}]}}