{"id":3918,"date":"2023-02-23T08:53:51","date_gmt":"2023-02-23T11:53:51","guid":{"rendered":"https:\/\/biancamachado.com.br\/blog\/?p=3918"},"modified":"2023-02-23T08:53:53","modified_gmt":"2023-02-23T11:53:53","slug":"comemorando-o-primeiro-aninho-da-maya-uma-festinha-encantadora-com-tema-borboletas","status":"publish","type":"post","link":"https:\/\/biancamachado.com.br\/blog\/comemorando-o-primeiro-aninho-da-maya-uma-festinha-encantadora-com-tema-borboletas\/","title":{"rendered":"Comemorando o Primeiro Aninho da Maya: Uma Festinha Encantadora com Tema Borboletas"},"content":{"rendered":"\n<p>O primeiro anivers\u00e1rio \u00e9 sempre uma data muito especial para todos os pais, afinal \u00e9 um marco importante no desenvolvimento de seus filhos. E a festa de anivers\u00e1rio da Maya n\u00e3o foi diferente! Com o tema borboletas, a decora\u00e7\u00e3o da festa foi linda e delicada, transmitindo a sensa\u00e7\u00e3o de leveza e pureza da pequena aniversariante.<\/p>\n\n\n\n<p>O evento aconteceu no Condom\u00ednio Paulistano na Vila S\u00f4nia, um lugar perfeito para comemorar esse momento especial. A decora\u00e7\u00e3o teve tons de rosa, lil\u00e1s e amarelo, complementados por enfeites de borboletas, flores e bal\u00f5es. Tudo combinou perfeitamente para criar um ambiente acolhedor e cheio de amor.<\/p>\n\n\n\n<div class=\"wp-block-jetpack-tiled-gallery aligncenter is-style-rectangular\"><div class=\"tiled-gallery__gallery\"><div class=\"tiled-gallery__row\"><div class=\"tiled-gallery__col\" style=\"flex-basis:40.87249%\"><figure class=\"tiled-gallery__item\"><img decoding=\"async\" srcset=\"https:\/\/i1.wp.com\/biancamachado.com.br\/blog\/wp-content\/uploads\/2023\/02\/248-1024x683.jpg?strip=info&#038;w=600&#038;ssl=1 600w,https:\/\/i1.wp.com\/biancamachado.com.br\/blog\/wp-content\/uploads\/2023\/02\/248-1024x683.jpg?strip=info&#038;w=900&#038;ssl=1 900w,https:\/\/i1.wp.com\/biancamachado.com.br\/blog\/wp-content\/uploads\/2023\/02\/248-1024x683.jpg?strip=info&#038;w=1200&#038;ssl=1 1200w,https:\/\/i1.wp.com\/biancamachado.com.br\/blog\/wp-content\/uploads\/2023\/02\/248-1024x683.jpg?strip=info&#038;w=1500&#038;ssl=1 1500w,https:\/\/i1.wp.com\/biancamachado.com.br\/blog\/wp-content\/uploads\/2023\/02\/248-1024x683.jpg?strip=info&#038;w=1800&#038;ssl=1 1800w,https:\/\/i1.wp.com\/biancamachado.com.br\/blog\/wp-content\/uploads\/2023\/02\/248-1024x683.jpg?strip=info&#038;w=2000&#038;ssl=1 2000w\" alt=\"anivers\u00e1rio infantil fotos\" data-height=\"1707\" data-id=\"3920\" data-link=\"https:\/\/biancamachado.com.br\/blog\/?attachment_id=3920\" data-url=\"https:\/\/biancamachado.com.br\/blog\/wp-content\/uploads\/2023\/02\/248-1024x683.jpg\" data-width=\"2560\" src=\"https:\/\/i1.wp.com\/biancamachado.com.br\/blog\/wp-content\/uploads\/2023\/02\/248-1024x683.jpg?ssl=1\" data-amp-layout=\"responsive\"\/><\/figure><\/div><div class=\"tiled-gallery__col\" style=\"flex-basis:18.25502%\"><figure class=\"tiled-gallery__item\"><img decoding=\"async\" srcset=\"https:\/\/i0.wp.com\/biancamachado.com.br\/blog\/wp-content\/uploads\/2023\/02\/047-1-683x1024.jpg?strip=info&#038;w=600&#038;ssl=1 600w,https:\/\/i0.wp.com\/biancamachado.com.br\/blog\/wp-content\/uploads\/2023\/02\/047-1-683x1024.jpg?strip=info&#038;w=900&#038;ssl=1 900w,https:\/\/i0.wp.com\/biancamachado.com.br\/blog\/wp-content\/uploads\/2023\/02\/047-1-683x1024.jpg?strip=info&#038;w=1200&#038;ssl=1 1200w,https:\/\/i0.wp.com\/biancamachado.com.br\/blog\/wp-content\/uploads\/2023\/02\/047-1-683x1024.jpg?strip=info&#038;w=1500&#038;ssl=1 1500w,https:\/\/i0.wp.com\/biancamachado.com.br\/blog\/wp-content\/uploads\/2023\/02\/047-1-683x1024.jpg?strip=info&#038;w=1707&#038;ssl=1 1707w\" alt=\"fotografias anivers\u00e1rio 1 ano\" data-height=\"2560\" data-id=\"3927\" data-link=\"https:\/\/biancamachado.com.br\/blog\/?attachment_id=3927\" data-url=\"https:\/\/biancamachado.com.br\/blog\/wp-content\/uploads\/2023\/02\/047-1-683x1024.jpg\" data-width=\"1707\" src=\"https:\/\/i0.wp.com\/biancamachado.com.br\/blog\/wp-content\/uploads\/2023\/02\/047-1-683x1024.jpg?ssl=1\" data-amp-layout=\"responsive\"\/><\/figure><\/div><div class=\"tiled-gallery__col\" style=\"flex-basis:40.87249%\"><figure class=\"tiled-gallery__item\"><img decoding=\"async\" srcset=\"https:\/\/i1.wp.com\/biancamachado.com.br\/blog\/wp-content\/uploads\/2023\/02\/001-27-1024x683.jpg?strip=info&#038;w=600&#038;ssl=1 600w,https:\/\/i1.wp.com\/biancamachado.com.br\/blog\/wp-content\/uploads\/2023\/02\/001-27-1024x683.jpg?strip=info&#038;w=900&#038;ssl=1 900w,https:\/\/i1.wp.com\/biancamachado.com.br\/blog\/wp-content\/uploads\/2023\/02\/001-27-1024x683.jpg?strip=info&#038;w=1200&#038;ssl=1 1200w,https:\/\/i1.wp.com\/biancamachado.com.br\/blog\/wp-content\/uploads\/2023\/02\/001-27-1024x683.jpg?strip=info&#038;w=1500&#038;ssl=1 1500w,https:\/\/i1.wp.com\/biancamachado.com.br\/blog\/wp-content\/uploads\/2023\/02\/001-27-1024x683.jpg?strip=info&#038;w=1800&#038;ssl=1 1800w,https:\/\/i1.wp.com\/biancamachado.com.br\/blog\/wp-content\/uploads\/2023\/02\/001-27-1024x683.jpg?strip=info&#038;w=2000&#038;ssl=1 2000w\" alt=\"fotografia aniversario de 1 ano\" data-height=\"1707\" data-id=\"3921\" data-link=\"https:\/\/biancamachado.com.br\/blog\/?attachment_id=3921\" data-url=\"https:\/\/biancamachado.com.br\/blog\/wp-content\/uploads\/2023\/02\/001-27-1024x683.jpg\" data-width=\"2560\" src=\"https:\/\/i1.wp.com\/biancamachado.com.br\/blog\/wp-content\/uploads\/2023\/02\/001-27-1024x683.jpg?ssl=1\" data-amp-layout=\"responsive\"\/><\/figure><\/div><\/div><div class=\"tiled-gallery__row\"><div class=\"tiled-gallery__col\" style=\"flex-basis:66.78742%\"><figure class=\"tiled-gallery__item\"><img decoding=\"async\" srcset=\"https:\/\/i1.wp.com\/biancamachado.com.br\/blog\/wp-content\/uploads\/2023\/02\/002-20-1024x683.jpg?strip=info&#038;w=600&#038;ssl=1 600w,https:\/\/i1.wp.com\/biancamachado.com.br\/blog\/wp-content\/uploads\/2023\/02\/002-20-1024x683.jpg?strip=info&#038;w=900&#038;ssl=1 900w,https:\/\/i1.wp.com\/biancamachado.com.br\/blog\/wp-content\/uploads\/2023\/02\/002-20-1024x683.jpg?strip=info&#038;w=1200&#038;ssl=1 1200w,https:\/\/i1.wp.com\/biancamachado.com.br\/blog\/wp-content\/uploads\/2023\/02\/002-20-1024x683.jpg?strip=info&#038;w=1500&#038;ssl=1 1500w,https:\/\/i1.wp.com\/biancamachado.com.br\/blog\/wp-content\/uploads\/2023\/02\/002-20-1024x683.jpg?strip=info&#038;w=1800&#038;ssl=1 1800w,https:\/\/i1.wp.com\/biancamachado.com.br\/blog\/wp-content\/uploads\/2023\/02\/002-20-1024x683.jpg?strip=info&#038;w=2000&#038;ssl=1 2000w\" alt=\"festa de anivers\u00e1rio tema borboletas\" data-height=\"1707\" data-id=\"3922\" data-link=\"https:\/\/biancamachado.com.br\/blog\/?attachment_id=3922\" data-url=\"https:\/\/biancamachado.com.br\/blog\/wp-content\/uploads\/2023\/02\/002-20-1024x683.jpg\" data-width=\"2560\" src=\"https:\/\/i1.wp.com\/biancamachado.com.br\/blog\/wp-content\/uploads\/2023\/02\/002-20-1024x683.jpg?ssl=1\" data-amp-layout=\"responsive\"\/><\/figure><\/div><div class=\"tiled-gallery__col\" style=\"flex-basis:33.21258%\"><figure class=\"tiled-gallery__item\"><img decoding=\"async\" srcset=\"https:\/\/i2.wp.com\/biancamachado.com.br\/blog\/wp-content\/uploads\/2023\/02\/004-13-1024x683.jpg?strip=info&#038;w=600&#038;ssl=1 600w,https:\/\/i2.wp.com\/biancamachado.com.br\/blog\/wp-content\/uploads\/2023\/02\/004-13-1024x683.jpg?strip=info&#038;w=900&#038;ssl=1 900w,https:\/\/i2.wp.com\/biancamachado.com.br\/blog\/wp-content\/uploads\/2023\/02\/004-13-1024x683.jpg?strip=info&#038;w=1200&#038;ssl=1 1200w,https:\/\/i2.wp.com\/biancamachado.com.br\/blog\/wp-content\/uploads\/2023\/02\/004-13-1024x683.jpg?strip=info&#038;w=1500&#038;ssl=1 1500w,https:\/\/i2.wp.com\/biancamachado.com.br\/blog\/wp-content\/uploads\/2023\/02\/004-13-1024x683.jpg?strip=info&#038;w=1800&#038;ssl=1 1800w,https:\/\/i2.wp.com\/biancamachado.com.br\/blog\/wp-content\/uploads\/2023\/02\/004-13-1024x683.jpg?strip=info&#038;w=2000&#038;ssl=1 2000w\" alt=\"decora\u00e7\u00e3o festa borboletas\" data-height=\"1707\" data-id=\"3923\" data-link=\"https:\/\/biancamachado.com.br\/blog\/?attachment_id=3923\" data-url=\"https:\/\/biancamachado.com.br\/blog\/wp-content\/uploads\/2023\/02\/004-13-1024x683.jpg\" data-width=\"2560\" src=\"https:\/\/i2.wp.com\/biancamachado.com.br\/blog\/wp-content\/uploads\/2023\/02\/004-13-1024x683.jpg?ssl=1\" data-amp-layout=\"responsive\"\/><\/figure><figure class=\"tiled-gallery__item\"><img decoding=\"async\" srcset=\"https:\/\/i0.wp.com\/biancamachado.com.br\/blog\/wp-content\/uploads\/2023\/02\/007-7-1024x683.jpg?strip=info&#038;w=600&#038;ssl=1 600w,https:\/\/i0.wp.com\/biancamachado.com.br\/blog\/wp-content\/uploads\/2023\/02\/007-7-1024x683.jpg?strip=info&#038;w=900&#038;ssl=1 900w,https:\/\/i0.wp.com\/biancamachado.com.br\/blog\/wp-content\/uploads\/2023\/02\/007-7-1024x683.jpg?strip=info&#038;w=1200&#038;ssl=1 1200w,https:\/\/i0.wp.com\/biancamachado.com.br\/blog\/wp-content\/uploads\/2023\/02\/007-7-1024x683.jpg?strip=info&#038;w=1500&#038;ssl=1 1500w,https:\/\/i0.wp.com\/biancamachado.com.br\/blog\/wp-content\/uploads\/2023\/02\/007-7-1024x683.jpg?strip=info&#038;w=1800&#038;ssl=1 1800w,https:\/\/i0.wp.com\/biancamachado.com.br\/blog\/wp-content\/uploads\/2023\/02\/007-7-1024x683.jpg?strip=info&#038;w=2000&#038;ssl=1 2000w\" alt=\"id\u00e9ias de decora\u00e7\u00e3o festa infantil\" data-height=\"1707\" data-id=\"3924\" data-link=\"https:\/\/biancamachado.com.br\/blog\/?attachment_id=3924\" data-url=\"https:\/\/biancamachado.com.br\/blog\/wp-content\/uploads\/2023\/02\/007-7-1024x683.jpg\" data-width=\"2560\" src=\"https:\/\/i0.wp.com\/biancamachado.com.br\/blog\/wp-content\/uploads\/2023\/02\/007-7-1024x683.jpg?ssl=1\" data-amp-layout=\"responsive\"\/><\/figure><\/div><\/div><div class=\"tiled-gallery__row\"><div class=\"tiled-gallery__col\" style=\"flex-basis:33.21258%\"><figure class=\"tiled-gallery__item\"><img decoding=\"async\" srcset=\"https:\/\/i0.wp.com\/biancamachado.com.br\/blog\/wp-content\/uploads\/2023\/02\/013-4-1024x683.jpg?strip=info&#038;w=600&#038;ssl=1 600w,https:\/\/i0.wp.com\/biancamachado.com.br\/blog\/wp-content\/uploads\/2023\/02\/013-4-1024x683.jpg?strip=info&#038;w=900&#038;ssl=1 900w,https:\/\/i0.wp.com\/biancamachado.com.br\/blog\/wp-content\/uploads\/2023\/02\/013-4-1024x683.jpg?strip=info&#038;w=1200&#038;ssl=1 1200w,https:\/\/i0.wp.com\/biancamachado.com.br\/blog\/wp-content\/uploads\/2023\/02\/013-4-1024x683.jpg?strip=info&#038;w=1500&#038;ssl=1 1500w,https:\/\/i0.wp.com\/biancamachado.com.br\/blog\/wp-content\/uploads\/2023\/02\/013-4-1024x683.jpg?strip=info&#038;w=1800&#038;ssl=1 1800w,https:\/\/i0.wp.com\/biancamachado.com.br\/blog\/wp-content\/uploads\/2023\/02\/013-4-1024x683.jpg?strip=info&#038;w=2000&#038;ssl=1 2000w\" alt=\"decora\u00e7\u00e3o borboletas\" data-height=\"1707\" data-id=\"3925\" data-link=\"https:\/\/biancamachado.com.br\/blog\/?attachment_id=3925\" data-url=\"https:\/\/biancamachado.com.br\/blog\/wp-content\/uploads\/2023\/02\/013-4-1024x683.jpg\" data-width=\"2560\" src=\"https:\/\/i0.wp.com\/biancamachado.com.br\/blog\/wp-content\/uploads\/2023\/02\/013-4-1024x683.jpg?ssl=1\" data-amp-layout=\"responsive\"\/><\/figure><figure class=\"tiled-gallery__item\"><img decoding=\"async\" srcset=\"https:\/\/i0.wp.com\/biancamachado.com.br\/blog\/wp-content\/uploads\/2023\/02\/032-2-1024x683.jpg?strip=info&#038;w=600&#038;ssl=1 600w,https:\/\/i0.wp.com\/biancamachado.com.br\/blog\/wp-content\/uploads\/2023\/02\/032-2-1024x683.jpg?strip=info&#038;w=900&#038;ssl=1 900w,https:\/\/i0.wp.com\/biancamachado.com.br\/blog\/wp-content\/uploads\/2023\/02\/032-2-1024x683.jpg?strip=info&#038;w=1200&#038;ssl=1 1200w,https:\/\/i0.wp.com\/biancamachado.com.br\/blog\/wp-content\/uploads\/2023\/02\/032-2-1024x683.jpg?strip=info&#038;w=1500&#038;ssl=1 1500w,https:\/\/i0.wp.com\/biancamachado.com.br\/blog\/wp-content\/uploads\/2023\/02\/032-2-1024x683.jpg?strip=info&#038;w=1800&#038;ssl=1 1800w,https:\/\/i0.wp.com\/biancamachado.com.br\/blog\/wp-content\/uploads\/2023\/02\/032-2-1024x683.jpg?strip=info&#038;w=2000&#038;ssl=1 2000w\" alt=\"fotografos festa\" data-height=\"1707\" data-id=\"3926\" data-link=\"https:\/\/biancamachado.com.br\/blog\/?attachment_id=3926\" data-url=\"https:\/\/biancamachado.com.br\/blog\/wp-content\/uploads\/2023\/02\/032-2-1024x683.jpg\" data-width=\"2560\" src=\"https:\/\/i0.wp.com\/biancamachado.com.br\/blog\/wp-content\/uploads\/2023\/02\/032-2-1024x683.jpg?ssl=1\" data-amp-layout=\"responsive\"\/><\/figure><\/div><div class=\"tiled-gallery__col\" style=\"flex-basis:66.78742%\"><figure class=\"tiled-gallery__item\"><img decoding=\"async\" srcset=\"https:\/\/i1.wp.com\/biancamachado.com.br\/blog\/wp-content\/uploads\/2023\/02\/084-1-1024x683.jpg?strip=info&#038;w=600&#038;ssl=1 600w,https:\/\/i1.wp.com\/biancamachado.com.br\/blog\/wp-content\/uploads\/2023\/02\/084-1-1024x683.jpg?strip=info&#038;w=900&#038;ssl=1 900w,https:\/\/i1.wp.com\/biancamachado.com.br\/blog\/wp-content\/uploads\/2023\/02\/084-1-1024x683.jpg?strip=info&#038;w=1200&#038;ssl=1 1200w,https:\/\/i1.wp.com\/biancamachado.com.br\/blog\/wp-content\/uploads\/2023\/02\/084-1-1024x683.jpg?strip=info&#038;w=1500&#038;ssl=1 1500w,https:\/\/i1.wp.com\/biancamachado.com.br\/blog\/wp-content\/uploads\/2023\/02\/084-1-1024x683.jpg?strip=info&#038;w=1800&#038;ssl=1 1800w,https:\/\/i1.wp.com\/biancamachado.com.br\/blog\/wp-content\/uploads\/2023\/02\/084-1-1024x683.jpg?strip=info&#038;w=2000&#038;ssl=1 2000w\" alt=\"anivers\u00e1rio crian\u00e7a fotos\" data-height=\"1707\" data-id=\"3928\" data-link=\"https:\/\/biancamachado.com.br\/blog\/?attachment_id=3928\" data-url=\"https:\/\/biancamachado.com.br\/blog\/wp-content\/uploads\/2023\/02\/084-1-1024x683.jpg\" data-width=\"2560\" src=\"https:\/\/i1.wp.com\/biancamachado.com.br\/blog\/wp-content\/uploads\/2023\/02\/084-1-1024x683.jpg?ssl=1\" data-amp-layout=\"responsive\"\/><\/figure><\/div><\/div><div class=\"tiled-gallery__row\"><div class=\"tiled-gallery__col\" style=\"flex-basis:40.87249%\"><figure class=\"tiled-gallery__item\"><img decoding=\"async\" srcset=\"https:\/\/i2.wp.com\/biancamachado.com.br\/blog\/wp-content\/uploads\/2023\/02\/096-1-1024x683.jpg?strip=info&#038;w=600&#038;ssl=1 600w,https:\/\/i2.wp.com\/biancamachado.com.br\/blog\/wp-content\/uploads\/2023\/02\/096-1-1024x683.jpg?strip=info&#038;w=900&#038;ssl=1 900w,https:\/\/i2.wp.com\/biancamachado.com.br\/blog\/wp-content\/uploads\/2023\/02\/096-1-1024x683.jpg?strip=info&#038;w=1200&#038;ssl=1 1200w,https:\/\/i2.wp.com\/biancamachado.com.br\/blog\/wp-content\/uploads\/2023\/02\/096-1-1024x683.jpg?strip=info&#038;w=1500&#038;ssl=1 1500w,https:\/\/i2.wp.com\/biancamachado.com.br\/blog\/wp-content\/uploads\/2023\/02\/096-1-1024x683.jpg?strip=info&#038;w=1800&#038;ssl=1 1800w,https:\/\/i2.wp.com\/biancamachado.com.br\/blog\/wp-content\/uploads\/2023\/02\/096-1-1024x683.jpg?strip=info&#038;w=2000&#038;ssl=1 2000w\" alt=\"foto festa\" data-height=\"1707\" data-id=\"3929\" data-link=\"https:\/\/biancamachado.com.br\/blog\/?attachment_id=3929\" data-url=\"https:\/\/biancamachado.com.br\/blog\/wp-content\/uploads\/2023\/02\/096-1-1024x683.jpg\" data-width=\"2560\" src=\"https:\/\/i2.wp.com\/biancamachado.com.br\/blog\/wp-content\/uploads\/2023\/02\/096-1-1024x683.jpg?ssl=1\" data-amp-layout=\"responsive\"\/><\/figure><\/div><div class=\"tiled-gallery__col\" style=\"flex-basis:40.87249%\"><figure class=\"tiled-gallery__item\"><img decoding=\"async\" srcset=\"https:\/\/i2.wp.com\/biancamachado.com.br\/blog\/wp-content\/uploads\/2023\/02\/105-1024x683.jpg?strip=info&#038;w=600&#038;ssl=1 600w,https:\/\/i2.wp.com\/biancamachado.com.br\/blog\/wp-content\/uploads\/2023\/02\/105-1024x683.jpg?strip=info&#038;w=900&#038;ssl=1 900w,https:\/\/i2.wp.com\/biancamachado.com.br\/blog\/wp-content\/uploads\/2023\/02\/105-1024x683.jpg?strip=info&#038;w=1200&#038;ssl=1 1200w,https:\/\/i2.wp.com\/biancamachado.com.br\/blog\/wp-content\/uploads\/2023\/02\/105-1024x683.jpg?strip=info&#038;w=1500&#038;ssl=1 1500w,https:\/\/i2.wp.com\/biancamachado.com.br\/blog\/wp-content\/uploads\/2023\/02\/105-1024x683.jpg?strip=info&#038;w=1800&#038;ssl=1 1800w,https:\/\/i2.wp.com\/biancamachado.com.br\/blog\/wp-content\/uploads\/2023\/02\/105-1024x683.jpg?strip=info&#038;w=2000&#038;ssl=1 2000w\" alt=\"melhores fotos bebes em festa\" data-height=\"1707\" data-id=\"3930\" data-link=\"https:\/\/biancamachado.com.br\/blog\/?attachment_id=3930\" data-url=\"https:\/\/biancamachado.com.br\/blog\/wp-content\/uploads\/2023\/02\/105-1024x683.jpg\" data-width=\"2560\" src=\"https:\/\/i2.wp.com\/biancamachado.com.br\/blog\/wp-content\/uploads\/2023\/02\/105-1024x683.jpg?ssl=1\" data-amp-layout=\"responsive\"\/><\/figure><\/div><div class=\"tiled-gallery__col\" style=\"flex-basis:18.25502%\"><figure class=\"tiled-gallery__item\"><img decoding=\"async\" srcset=\"https:\/\/i0.wp.com\/biancamachado.com.br\/blog\/wp-content\/uploads\/2023\/02\/109-683x1024.jpg?strip=info&#038;w=600&#038;ssl=1 600w,https:\/\/i0.wp.com\/biancamachado.com.br\/blog\/wp-content\/uploads\/2023\/02\/109-683x1024.jpg?strip=info&#038;w=900&#038;ssl=1 900w,https:\/\/i0.wp.com\/biancamachado.com.br\/blog\/wp-content\/uploads\/2023\/02\/109-683x1024.jpg?strip=info&#038;w=1200&#038;ssl=1 1200w,https:\/\/i0.wp.com\/biancamachado.com.br\/blog\/wp-content\/uploads\/2023\/02\/109-683x1024.jpg?strip=info&#038;w=1500&#038;ssl=1 1500w,https:\/\/i0.wp.com\/biancamachado.com.br\/blog\/wp-content\/uploads\/2023\/02\/109-683x1024.jpg?strip=info&#038;w=1707&#038;ssl=1 1707w\" alt=\"fotografia infantil\" data-height=\"2560\" data-id=\"3931\" data-link=\"https:\/\/biancamachado.com.br\/blog\/?attachment_id=3931\" data-url=\"https:\/\/biancamachado.com.br\/blog\/wp-content\/uploads\/2023\/02\/109-683x1024.jpg\" data-width=\"1707\" src=\"https:\/\/i0.wp.com\/biancamachado.com.br\/blog\/wp-content\/uploads\/2023\/02\/109-683x1024.jpg?ssl=1\" data-amp-layout=\"responsive\"\/><\/figure><\/div><\/div><\/div><\/div>\n\n\n\n<p>A Maya foi a estrela da festa, recebendo carinhos e aten\u00e7\u00e3o de todos os convidados. Ela brilhava com seu sorriso de orelha a orelha, apreciando cada momento da comemora\u00e7\u00e3o. E claro, n\u00e3o podia faltar o Smash the Cake, momento que marca a passagem do primeiro ano de vida da crian\u00e7a. A pequena foi retratada com muito carinho, registrando esse momento inesquec\u00edvel.<\/p>\n\n\n\n<p>A comemora\u00e7\u00e3o foi um sucesso, com muita anima\u00e7\u00e3o e alegria. A fam\u00edlia e amigos se reuniram para celebrar o primeiro ano de vida da Maya, e o resultado foi um dia inesquec\u00edvel, cheio de risadas e fotos lindas para guardar com carinho.<\/p>\n\n\n\n<p>Parab\u00e9ns Maya! Que essa festa tenha sido apenas o in\u00edcio de muitos anos de comemora\u00e7\u00f5es felizes e inesquec\u00edveis.<\/p>\nVisite tamb\u00e9m nosso site: www.biancamachado.com.br\r\n(11) 97107-1018\r\n\r\nAtendemos as regi\u00f5es de S\u00e3o Paulo, Sorocaba, Ibi\u00fana, Piedade, Votorantim, Cotia, Itupeva, Jundia\u00ed, It\u00fa e Campinas","protected":false},"excerpt":{"rendered":"<p>O primeiro anivers\u00e1rio \u00e9 sempre uma data muito especial para todos os pais, afinal \u00e9 um marco importante no desenvolvimento de seus filhos. E a festa de anivers\u00e1rio da Maya n\u00e3o foi diferente! Com o tema borboletas, a decora\u00e7\u00e3o da festa foi linda e delicada, transmitindo a sensa\u00e7\u00e3o de leveza e pureza da pequena aniversariante.<\/p>\n","protected":false},"author":1,"featured_media":3922,"comment_status":"open","ping_status":"open","sticky":false,"template":"","format":"standard","meta":{"_monsterinsights_skip_tracking":false,"_monsterinsights_sitenote_active":false,"_monsterinsights_sitenote_note":"","_monsterinsights_sitenote_category":0,"jetpack_post_was_ever_published":false,"_jetpack_newsletter_access":"","_jetpack_dont_email_post_to_subs":false,"_jetpack_newsletter_tier_id":0,"_jetpack_memberships_contains_paywalled_content":false,"_jetpack_memberships_contains_paid_content":false,"_joinchat":[],"footnotes":""},"categories":[319],"tags":[948,618,984,986,619,987],"class_list":["post-3918","post","type-post","status-publish","format-standard","has-post-thumbnail","hentry","category-festa-infantil-aniversario","tag-1-ano","tag-aniversario","tag-borboletas","tag-condominio-paulistano","tag-decoracao","tag-vila-sonia"],"yoast_head":"<!-- This site is optimized with the Yoast SEO plugin v27.4 - https:\/\/yoast.com\/product\/yoast-seo-wordpress\/ -->\n<title>Comemorando o Primeiro Aninho da Maya: Uma Festinha Encantadora com Tema Borboletas - STUDIO BIANCA MACHADO<\/title>\n<meta name=\"description\" content=\"O primeiro anivers\u00e1rio \u00e9 sempre uma data muito especial para todos os pais, afinal \u00e9 um marco importante no desenvolvimento de seus filhos. E a festa de anivers\u00e1rio da Maya n\u00e3o foi diferente! Com o tema borboletas, a decora\u00e7\u00e3o da festa foi linda e delicada, transmitindo a sensa\u00e7\u00e3o de leveza e pureza da pequena aniversariante.\" \/>\n<meta name=\"robots\" content=\"index, follow, max-snippet:-1, max-image-preview:large, max-video-preview:-1\" \/>\n<link rel=\"canonical\" href=\"https:\/\/biancamachado.com.br\/blog\/comemorando-o-primeiro-aninho-da-maya-uma-festinha-encantadora-com-tema-borboletas\/\" \/>\n<meta property=\"og:locale\" content=\"pt_BR\" \/>\n<meta property=\"og:type\" content=\"article\" \/>\n<meta property=\"og:title\" content=\"Comemorando o Primeiro Aninho da Maya: Uma Festinha Encantadora com Tema Borboletas - STUDIO BIANCA MACHADO\" \/>\n<meta property=\"og:description\" content=\"O primeiro anivers\u00e1rio \u00e9 sempre uma data muito especial para todos os pais, afinal \u00e9 um marco importante no desenvolvimento de seus filhos. E a festa de anivers\u00e1rio da Maya n\u00e3o foi diferente! Com o tema borboletas, a decora\u00e7\u00e3o da festa foi linda e delicada, transmitindo a sensa\u00e7\u00e3o de leveza e pureza da pequena aniversariante.\" \/>\n<meta property=\"og:url\" content=\"https:\/\/biancamachado.com.br\/blog\/comemorando-o-primeiro-aninho-da-maya-uma-festinha-encantadora-com-tema-borboletas\/\" \/>\n<meta property=\"og:site_name\" content=\"STUDIO BIANCA MACHADO\" \/>\n<meta property=\"article:publisher\" content=\"https:\/\/www.facebook.com\/Studiobiancamachado\/\" \/>\n<meta property=\"article:published_time\" content=\"2023-02-23T11:53:51+00:00\" \/>\n<meta property=\"article:modified_time\" content=\"2023-02-23T11:53:53+00:00\" \/>\n<meta property=\"og:image\" content=\"https:\/\/biancamachado.com.br\/blog\/wp-content\/uploads\/2023\/02\/002-20-scaled.jpg?v=1677152989\" \/>\n\t<meta property=\"og:image:width\" content=\"2560\" \/>\n\t<meta property=\"og:image:height\" content=\"1707\" \/>\n\t<meta property=\"og:image:type\" content=\"image\/jpeg\" \/>\n<meta name=\"author\" content=\"biancamachado\" \/>\n<meta name=\"twitter:card\" content=\"summary_large_image\" \/>\n<meta name=\"twitter:label1\" content=\"Escrito por\" \/>\n\t<meta name=\"twitter:data1\" content=\"biancamachado\" \/>\n\t<meta name=\"twitter:label2\" content=\"Est. tempo de leitura\" \/>\n\t<meta name=\"twitter:data2\" content=\"4 minutos\" \/>\n<script type=\"application\/ld+json\" class=\"yoast-schema-graph\">{\"@context\":\"https:\\\/\\\/schema.org\",\"@graph\":[{\"@type\":\"Article\",\"@id\":\"https:\\\/\\\/biancamachado.com.br\\\/blog\\\/comemorando-o-primeiro-aninho-da-maya-uma-festinha-encantadora-com-tema-borboletas\\\/#article\",\"isPartOf\":{\"@id\":\"https:\\\/\\\/biancamachado.com.br\\\/blog\\\/comemorando-o-primeiro-aninho-da-maya-uma-festinha-encantadora-com-tema-borboletas\\\/\"},\"author\":{\"name\":\"biancamachado\",\"@id\":\"https:\\\/\\\/biancamachado.com.br\\\/blog\\\/#\\\/schema\\\/person\\\/990263800ec5e9bdbbf092a2353550a1\"},\"headline\":\"Comemorando o Primeiro Aninho da Maya: Uma Festinha Encantadora com Tema Borboletas\",\"datePublished\":\"2023-02-23T11:53:51+00:00\",\"dateModified\":\"2023-02-23T11:53:53+00:00\",\"mainEntityOfPage\":{\"@id\":\"https:\\\/\\\/biancamachado.com.br\\\/blog\\\/comemorando-o-primeiro-aninho-da-maya-uma-festinha-encantadora-com-tema-borboletas\\\/\"},\"wordCount\":255,\"commentCount\":0,\"publisher\":{\"@id\":\"https:\\\/\\\/biancamachado.com.br\\\/blog\\\/#organization\"},\"image\":{\"@id\":\"https:\\\/\\\/biancamachado.com.br\\\/blog\\\/comemorando-o-primeiro-aninho-da-maya-uma-festinha-encantadora-com-tema-borboletas\\\/#primaryimage\"},\"thumbnailUrl\":\"https:\\\/\\\/i0.wp.com\\\/biancamachado.com.br\\\/blog\\\/wp-content\\\/uploads\\\/2023\\\/02\\\/002-20-scaled.jpg?fit=2560%2C1707&ssl=1?v=1677152989\",\"keywords\":[\"1 ano\",\"anivers\u00e1rio\",\"borboletas\",\"condom\u00ednio Paulistano\",\"decora\u00e7\u00e3o\",\"Vila S\u00f4nia\"],\"articleSection\":[\"Festa Infantil \\\/ Anivers\u00e1rio\"],\"inLanguage\":\"pt-BR\",\"potentialAction\":[{\"@type\":\"CommentAction\",\"name\":\"Comment\",\"target\":[\"https:\\\/\\\/biancamachado.com.br\\\/blog\\\/comemorando-o-primeiro-aninho-da-maya-uma-festinha-encantadora-com-tema-borboletas\\\/#respond\"]}]},{\"@type\":\"WebPage\",\"@id\":\"https:\\\/\\\/biancamachado.com.br\\\/blog\\\/comemorando-o-primeiro-aninho-da-maya-uma-festinha-encantadora-com-tema-borboletas\\\/\",\"url\":\"https:\\\/\\\/biancamachado.com.br\\\/blog\\\/comemorando-o-primeiro-aninho-da-maya-uma-festinha-encantadora-com-tema-borboletas\\\/\",\"name\":\"Comemorando o Primeiro Aninho da Maya: Uma Festinha Encantadora com Tema Borboletas - STUDIO BIANCA MACHADO\",\"isPartOf\":{\"@id\":\"https:\\\/\\\/biancamachado.com.br\\\/blog\\\/#website\"},\"primaryImageOfPage\":{\"@id\":\"https:\\\/\\\/biancamachado.com.br\\\/blog\\\/comemorando-o-primeiro-aninho-da-maya-uma-festinha-encantadora-com-tema-borboletas\\\/#primaryimage\"},\"image\":{\"@id\":\"https:\\\/\\\/biancamachado.com.br\\\/blog\\\/comemorando-o-primeiro-aninho-da-maya-uma-festinha-encantadora-com-tema-borboletas\\\/#primaryimage\"},\"thumbnailUrl\":\"https:\\\/\\\/i0.wp.com\\\/biancamachado.com.br\\\/blog\\\/wp-content\\\/uploads\\\/2023\\\/02\\\/002-20-scaled.jpg?fit=2560%2C1707&ssl=1?v=1677152989\",\"datePublished\":\"2023-02-23T11:53:51+00:00\",\"dateModified\":\"2023-02-23T11:53:53+00:00\",\"description\":\"O primeiro anivers\u00e1rio \u00e9 sempre uma data muito especial para todos os pais, afinal \u00e9 um marco importante no desenvolvimento de seus filhos. E a festa de anivers\u00e1rio da Maya n\u00e3o foi diferente! Com o tema borboletas, a decora\u00e7\u00e3o da festa foi linda e delicada, transmitindo a sensa\u00e7\u00e3o de leveza e pureza da pequena aniversariante.\",\"breadcrumb\":{\"@id\":\"https:\\\/\\\/biancamachado.com.br\\\/blog\\\/comemorando-o-primeiro-aninho-da-maya-uma-festinha-encantadora-com-tema-borboletas\\\/#breadcrumb\"},\"inLanguage\":\"pt-BR\",\"potentialAction\":[{\"@type\":\"ReadAction\",\"target\":[\"https:\\\/\\\/biancamachado.com.br\\\/blog\\\/comemorando-o-primeiro-aninho-da-maya-uma-festinha-encantadora-com-tema-borboletas\\\/\"]}]},{\"@type\":\"ImageObject\",\"inLanguage\":\"pt-BR\",\"@id\":\"https:\\\/\\\/biancamachado.com.br\\\/blog\\\/comemorando-o-primeiro-aninho-da-maya-uma-festinha-encantadora-com-tema-borboletas\\\/#primaryimage\",\"url\":\"https:\\\/\\\/i0.wp.com\\\/biancamachado.com.br\\\/blog\\\/wp-content\\\/uploads\\\/2023\\\/02\\\/002-20-scaled.jpg?fit=2560%2C1707&ssl=1?v=1677152989\",\"contentUrl\":\"https:\\\/\\\/i0.wp.com\\\/biancamachado.com.br\\\/blog\\\/wp-content\\\/uploads\\\/2023\\\/02\\\/002-20-scaled.jpg?fit=2560%2C1707&ssl=1?v=1677152989\",\"width\":2560,\"height\":1707,\"caption\":\"festa de anivers\u00e1rio tema borboletas\"},{\"@type\":\"BreadcrumbList\",\"@id\":\"https:\\\/\\\/biancamachado.com.br\\\/blog\\\/comemorando-o-primeiro-aninho-da-maya-uma-festinha-encantadora-com-tema-borboletas\\\/#breadcrumb\",\"itemListElement\":[{\"@type\":\"ListItem\",\"position\":1,\"name\":\"In\u00edcio\",\"item\":\"https:\\\/\\\/biancamachado.com.br\\\/blog\\\/\"},{\"@type\":\"ListItem\",\"position\":2,\"name\":\"Comemorando o Primeiro Aninho da Maya: Uma Festinha Encantadora com Tema Borboletas\"}]},{\"@type\":\"WebSite\",\"@id\":\"https:\\\/\\\/biancamachado.com.br\\\/blog\\\/#website\",\"url\":\"https:\\\/\\\/biancamachado.com.br\\\/blog\\\/\",\"name\":\"STUDIO BIANCA MACHADO\",\"description\":\"Estudio Fotografico, Ensaios e Books de foto profissional\",\"publisher\":{\"@id\":\"https:\\\/\\\/biancamachado.com.br\\\/blog\\\/#organization\"},\"potentialAction\":[{\"@type\":\"SearchAction\",\"target\":{\"@type\":\"EntryPoint\",\"urlTemplate\":\"https:\\\/\\\/biancamachado.com.br\\\/blog\\\/?s={search_term_string}\"},\"query-input\":{\"@type\":\"PropertyValueSpecification\",\"valueRequired\":true,\"valueName\":\"search_term_string\"}}],\"inLanguage\":\"pt-BR\"},{\"@type\":\"Organization\",\"@id\":\"https:\\\/\\\/biancamachado.com.br\\\/blog\\\/#organization\",\"name\":\"STUDIO BIANCA MACHADO\",\"url\":\"https:\\\/\\\/biancamachado.com.br\\\/blog\\\/\",\"logo\":{\"@type\":\"ImageObject\",\"inLanguage\":\"pt-BR\",\"@id\":\"https:\\\/\\\/biancamachado.com.br\\\/blog\\\/#\\\/schema\\\/logo\\\/image\\\/\",\"url\":\"https:\\\/\\\/i0.wp.com\\\/biancamachado.com.br\\\/blog\\\/wp-content\\\/uploads\\\/2021\\\/02\\\/cropped-logo-ml.jpg?fit=278%2C100&ssl=1\",\"contentUrl\":\"https:\\\/\\\/i0.wp.com\\\/biancamachado.com.br\\\/blog\\\/wp-content\\\/uploads\\\/2021\\\/02\\\/cropped-logo-ml.jpg?fit=278%2C100&ssl=1\",\"width\":278,\"height\":100,\"caption\":\"STUDIO BIANCA MACHADO\"},\"image\":{\"@id\":\"https:\\\/\\\/biancamachado.com.br\\\/blog\\\/#\\\/schema\\\/logo\\\/image\\\/\"},\"sameAs\":[\"https:\\\/\\\/www.facebook.com\\\/Studiobiancamachado\\\/\",\"https:\\\/\\\/www.instagram.com\\\/Studiobiancamachado\\\/\"]},{\"@type\":\"Person\",\"@id\":\"https:\\\/\\\/biancamachado.com.br\\\/blog\\\/#\\\/schema\\\/person\\\/990263800ec5e9bdbbf092a2353550a1\",\"name\":\"biancamachado\",\"image\":{\"@type\":\"ImageObject\",\"inLanguage\":\"pt-BR\",\"@id\":\"https:\\\/\\\/secure.gravatar.com\\\/avatar\\\/62b1a50f2632dbc2e279c3eb55aa46cc324c969cff16a69c59756d155316542c?s=96&d=mm&r=g\",\"url\":\"https:\\\/\\\/secure.gravatar.com\\\/avatar\\\/62b1a50f2632dbc2e279c3eb55aa46cc324c969cff16a69c59756d155316542c?s=96&d=mm&r=g\",\"contentUrl\":\"https:\\\/\\\/secure.gravatar.com\\\/avatar\\\/62b1a50f2632dbc2e279c3eb55aa46cc324c969cff16a69c59756d155316542c?s=96&d=mm&r=g\",\"caption\":\"biancamachado\"},\"sameAs\":[\"https:\\\/\\\/biancamachado.com.br\\\/blog\"],\"url\":\"https:\\\/\\\/biancamachado.com.br\\\/blog\\\/author\\\/biancamachado\\\/\"}]}<\/script>\n<!-- \/ Yoast SEO plugin. -->","yoast_head_json":{"title":"Comemorando o Primeiro Aninho da Maya: Uma Festinha Encantadora com Tema Borboletas - STUDIO BIANCA MACHADO","description":"O primeiro anivers\u00e1rio \u00e9 sempre uma data muito especial para todos os pais, afinal \u00e9 um marco importante no desenvolvimento de seus filhos. E a festa de anivers\u00e1rio da Maya n\u00e3o foi diferente! Com o tema borboletas, a decora\u00e7\u00e3o da festa foi linda e delicada, transmitindo a sensa\u00e7\u00e3o de leveza e pureza da pequena aniversariante.","robots":{"index":"index","follow":"follow","max-snippet":"max-snippet:-1","max-image-preview":"max-image-preview:large","max-video-preview":"max-video-preview:-1"},"canonical":"https:\/\/biancamachado.com.br\/blog\/comemorando-o-primeiro-aninho-da-maya-uma-festinha-encantadora-com-tema-borboletas\/","og_locale":"pt_BR","og_type":"article","og_title":"Comemorando o Primeiro Aninho da Maya: Uma Festinha Encantadora com Tema Borboletas - STUDIO BIANCA MACHADO","og_description":"O primeiro anivers\u00e1rio \u00e9 sempre uma data muito especial para todos os pais, afinal \u00e9 um marco importante no desenvolvimento de seus filhos. E a festa de anivers\u00e1rio da Maya n\u00e3o foi diferente! Com o tema borboletas, a decora\u00e7\u00e3o da festa foi linda e delicada, transmitindo a sensa\u00e7\u00e3o de leveza e pureza da pequena aniversariante.","og_url":"https:\/\/biancamachado.com.br\/blog\/comemorando-o-primeiro-aninho-da-maya-uma-festinha-encantadora-com-tema-borboletas\/","og_site_name":"STUDIO BIANCA MACHADO","article_publisher":"https:\/\/www.facebook.com\/Studiobiancamachado\/","article_published_time":"2023-02-23T11:53:51+00:00","article_modified_time":"2023-02-23T11:53:53+00:00","og_image":[{"width":2560,"height":1707,"url":"https:\/\/biancamachado.com.br\/blog\/wp-content\/uploads\/2023\/02\/002-20-scaled.jpg?v=1677152989","type":"image\/jpeg"}],"author":"biancamachado","twitter_card":"summary_large_image","twitter_misc":{"Escrito por":"biancamachado","Est. tempo de leitura":"4 minutos"},"schema":{"@context":"https:\/\/schema.org","@graph":[{"@type":"Article","@id":"https:\/\/biancamachado.com.br\/blog\/comemorando-o-primeiro-aninho-da-maya-uma-festinha-encantadora-com-tema-borboletas\/#article","isPartOf":{"@id":"https:\/\/biancamachado.com.br\/blog\/comemorando-o-primeiro-aninho-da-maya-uma-festinha-encantadora-com-tema-borboletas\/"},"author":{"name":"biancamachado","@id":"https:\/\/biancamachado.com.br\/blog\/#\/schema\/person\/990263800ec5e9bdbbf092a2353550a1"},"headline":"Comemorando o Primeiro Aninho da Maya: Uma Festinha Encantadora com Tema Borboletas","datePublished":"2023-02-23T11:53:51+00:00","dateModified":"2023-02-23T11:53:53+00:00","mainEntityOfPage":{"@id":"https:\/\/biancamachado.com.br\/blog\/comemorando-o-primeiro-aninho-da-maya-uma-festinha-encantadora-com-tema-borboletas\/"},"wordCount":255,"commentCount":0,"publisher":{"@id":"https:\/\/biancamachado.com.br\/blog\/#organization"},"image":{"@id":"https:\/\/biancamachado.com.br\/blog\/comemorando-o-primeiro-aninho-da-maya-uma-festinha-encantadora-com-tema-borboletas\/#primaryimage"},"thumbnailUrl":"https:\/\/i0.wp.com\/biancamachado.com.br\/blog\/wp-content\/uploads\/2023\/02\/002-20-scaled.jpg?fit=2560%2C1707&ssl=1?v=1677152989","keywords":["1 ano","anivers\u00e1rio","borboletas","condom\u00ednio Paulistano","decora\u00e7\u00e3o","Vila S\u00f4nia"],"articleSection":["Festa Infantil \/ Anivers\u00e1rio"],"inLanguage":"pt-BR","potentialAction":[{"@type":"CommentAction","name":"Comment","target":["https:\/\/biancamachado.com.br\/blog\/comemorando-o-primeiro-aninho-da-maya-uma-festinha-encantadora-com-tema-borboletas\/#respond"]}]},{"@type":"WebPage","@id":"https:\/\/biancamachado.com.br\/blog\/comemorando-o-primeiro-aninho-da-maya-uma-festinha-encantadora-com-tema-borboletas\/","url":"https:\/\/biancamachado.com.br\/blog\/comemorando-o-primeiro-aninho-da-maya-uma-festinha-encantadora-com-tema-borboletas\/","name":"Comemorando o Primeiro Aninho da Maya: Uma Festinha Encantadora com Tema Borboletas - STUDIO BIANCA MACHADO","isPartOf":{"@id":"https:\/\/biancamachado.com.br\/blog\/#website"},"primaryImageOfPage":{"@id":"https:\/\/biancamachado.com.br\/blog\/comemorando-o-primeiro-aninho-da-maya-uma-festinha-encantadora-com-tema-borboletas\/#primaryimage"},"image":{"@id":"https:\/\/biancamachado.com.br\/blog\/comemorando-o-primeiro-aninho-da-maya-uma-festinha-encantadora-com-tema-borboletas\/#primaryimage"},"thumbnailUrl":"https:\/\/i0.wp.com\/biancamachado.com.br\/blog\/wp-content\/uploads\/2023\/02\/002-20-scaled.jpg?fit=2560%2C1707&ssl=1?v=1677152989","datePublished":"2023-02-23T11:53:51+00:00","dateModified":"2023-02-23T11:53:53+00:00","description":"O primeiro anivers\u00e1rio \u00e9 sempre uma data muito especial para todos os pais, afinal \u00e9 um marco importante no desenvolvimento de seus filhos. E a festa de anivers\u00e1rio da Maya n\u00e3o foi diferente! Com o tema borboletas, a decora\u00e7\u00e3o da festa foi linda e delicada, transmitindo a sensa\u00e7\u00e3o de leveza e pureza da pequena aniversariante.","breadcrumb":{"@id":"https:\/\/biancamachado.com.br\/blog\/comemorando-o-primeiro-aninho-da-maya-uma-festinha-encantadora-com-tema-borboletas\/#breadcrumb"},"inLanguage":"pt-BR","potentialAction":[{"@type":"ReadAction","target":["https:\/\/biancamachado.com.br\/blog\/comemorando-o-primeiro-aninho-da-maya-uma-festinha-encantadora-com-tema-borboletas\/"]}]},{"@type":"ImageObject","inLanguage":"pt-BR","@id":"https:\/\/biancamachado.com.br\/blog\/comemorando-o-primeiro-aninho-da-maya-uma-festinha-encantadora-com-tema-borboletas\/#primaryimage","url":"https:\/\/i0.wp.com\/biancamachado.com.br\/blog\/wp-content\/uploads\/2023\/02\/002-20-scaled.jpg?fit=2560%2C1707&ssl=1?v=1677152989","contentUrl":"https:\/\/i0.wp.com\/biancamachado.com.br\/blog\/wp-content\/uploads\/2023\/02\/002-20-scaled.jpg?fit=2560%2C1707&ssl=1?v=1677152989","width":2560,"height":1707,"caption":"festa de anivers\u00e1rio tema borboletas"},{"@type":"BreadcrumbList","@id":"https:\/\/biancamachado.com.br\/blog\/comemorando-o-primeiro-aninho-da-maya-uma-festinha-encantadora-com-tema-borboletas\/#breadcrumb","itemListElement":[{"@type":"ListItem","position":1,"name":"In\u00edcio","item":"https:\/\/biancamachado.com.br\/blog\/"},{"@type":"ListItem","position":2,"name":"Comemorando o Primeiro Aninho da Maya: Uma Festinha Encantadora com Tema Borboletas"}]},{"@type":"WebSite","@id":"https:\/\/biancamachado.com.br\/blog\/#website","url":"https:\/\/biancamachado.com.br\/blog\/","name":"STUDIO BIANCA MACHADO","description":"Estudio Fotografico, Ensaios e Books de foto profissional","publisher":{"@id":"https:\/\/biancamachado.com.br\/blog\/#organization"},"potentialAction":[{"@type":"SearchAction","target":{"@type":"EntryPoint","urlTemplate":"https:\/\/biancamachado.com.br\/blog\/?s={search_term_string}"},"query-input":{"@type":"PropertyValueSpecification","valueRequired":true,"valueName":"search_term_string"}}],"inLanguage":"pt-BR"},{"@type":"Organization","@id":"https:\/\/biancamachado.com.br\/blog\/#organization","name":"STUDIO BIANCA MACHADO","url":"https:\/\/biancamachado.com.br\/blog\/","logo":{"@type":"ImageObject","inLanguage":"pt-BR","@id":"https:\/\/biancamachado.com.br\/blog\/#\/schema\/logo\/image\/","url":"https:\/\/i0.wp.com\/biancamachado.com.br\/blog\/wp-content\/uploads\/2021\/02\/cropped-logo-ml.jpg?fit=278%2C100&ssl=1","contentUrl":"https:\/\/i0.wp.com\/biancamachado.com.br\/blog\/wp-content\/uploads\/2021\/02\/cropped-logo-ml.jpg?fit=278%2C100&ssl=1","width":278,"height":100,"caption":"STUDIO BIANCA MACHADO"},"image":{"@id":"https:\/\/biancamachado.com.br\/blog\/#\/schema\/logo\/image\/"},"sameAs":["https:\/\/www.facebook.com\/Studiobiancamachado\/","https:\/\/www.instagram.com\/Studiobiancamachado\/"]},{"@type":"Person","@id":"https:\/\/biancamachado.com.br\/blog\/#\/schema\/person\/990263800ec5e9bdbbf092a2353550a1","name":"biancamachado","image":{"@type":"ImageObject","inLanguage":"pt-BR","@id":"https:\/\/secure.gravatar.com\/avatar\/62b1a50f2632dbc2e279c3eb55aa46cc324c969cff16a69c59756d155316542c?s=96&d=mm&r=g","url":"https:\/\/secure.gravatar.com\/avatar\/62b1a50f2632dbc2e279c3eb55aa46cc324c969cff16a69c59756d155316542c?s=96&d=mm&r=g","contentUrl":"https:\/\/secure.gravatar.com\/avatar\/62b1a50f2632dbc2e279c3eb55aa46cc324c969cff16a69c59756d155316542c?s=96&d=mm&r=g","caption":"biancamachado"},"sameAs":["https:\/\/biancamachado.com.br\/blog"],"url":"https:\/\/biancamachado.com.br\/blog\/author\/biancamachado\/"}]}},"jetpack_featured_media_url":"https:\/\/i0.wp.com\/biancamachado.com.br\/blog\/wp-content\/uploads\/2023\/02\/002-20-scaled.jpg?fit=2560%2C1707&ssl=1?v=1677152989","jetpack-related-posts":[],"jetpack_sharing_enabled":true,"_links":{"self":[{"href":"https:\/\/biancamachado.com.br\/blog\/wp-json\/wp\/v2\/posts\/3918","targetHints":{"allow":["GET"]}}],"collection":[{"href":"https:\/\/biancamachado.com.br\/blog\/wp-json\/wp\/v2\/posts"}],"about":[{"href":"https:\/\/biancamachado.com.br\/blog\/wp-json\/wp\/v2\/types\/post"}],"author":[{"embeddable":true,"href":"https:\/\/biancamachado.com.br\/blog\/wp-json\/wp\/v2\/users\/1"}],"replies":[{"embeddable":true,"href":"https:\/\/biancamachado.com.br\/blog\/wp-json\/wp\/v2\/comments?post=3918"}],"version-history":[{"count":1,"href":"https:\/\/biancamachado.com.br\/blog\/wp-json\/wp\/v2\/posts\/3918\/revisions"}],"predecessor-version":[{"id":3932,"href":"https:\/\/biancamachado.com.br\/blog\/wp-json\/wp\/v2\/posts\/3918\/revisions\/3932"}],"wp:featuredmedia":[{"embeddable":true,"href":"https:\/\/biancamachado.com.br\/blog\/wp-json\/wp\/v2\/media\/3922"}],"wp:attachment":[{"href":"https:\/\/biancamachado.com.br\/blog\/wp-json\/wp\/v2\/media?parent=3918"}],"wp:term":[{"taxonomy":"category","embeddable":true,"href":"https:\/\/biancamachado.com.br\/blog\/wp-json\/wp\/v2\/categories?post=3918"},{"taxonomy":"post_tag","embeddable":true,"href":"https:\/\/biancamachado.com.br\/blog\/wp-json\/wp\/v2\/tags?post=3918"}],"curies":[{"name":"wp","href":"https:\/\/api.w.org\/{rel}","templated":true}]}}