{"id":3889,"date":"2023-02-23T08:30:20","date_gmt":"2023-02-23T11:30:20","guid":{"rendered":"https:\/\/biancamachado.com.br\/blog\/?p=3889"},"modified":"2023-02-23T08:30:23","modified_gmt":"2023-02-23T11:30:23","slug":"comemorando-os-6-anos-de-rafael-na-fazendinha-do-viva-vida-uma-festinha-de-homem-aranha-inesquecivel","status":"publish","type":"post","link":"https:\/\/biancamachado.com.br\/blog\/comemorando-os-6-anos-de-rafael-na-fazendinha-do-viva-vida-uma-festinha-de-homem-aranha-inesquecivel\/","title":{"rendered":"Comemorando os 6 Anos de Rafael na Fazendinha do Viva Vida: Uma Festinha de Homem Aranha inesquec\u00edvel!"},"content":{"rendered":"\n<p>A festa de anivers\u00e1rio de 6 anos do Rafael foi realmente incr\u00edvel! Com o tema Homem Aranha, o menino deu um show de anima\u00e7\u00e3o e alegria, acompanhado de seus amigos e familiares. O local escolhido para comemorar esse dia t\u00e3o especial foi o buffet Viva Vida Fazendinha, no bairro do  , que proporcionou um ambiente l\u00fadico e divertido para as crian\u00e7as.<\/p>\n\n\n\n<p>Mas o grande destaque da festa foi a presen\u00e7a do pr\u00f3prio Homem Aranha, que deixou todos os convidados de boca aberta. O personagem interagiu com as crian\u00e7as, fez brincadeiras, dan\u00e7ou e ainda posou para fotos com todos. O Rafael e seus amigos ficaram euf\u00f3ricos com a presen\u00e7a do her\u00f3i em sua festa.<\/p>\n\n\n\n<div class=\"wp-block-jetpack-tiled-gallery aligncenter is-style-rectangular\"><div class=\"tiled-gallery__gallery\"><div class=\"tiled-gallery__row\"><div class=\"tiled-gallery__col\" style=\"flex-basis:42.62479%\"><figure class=\"tiled-gallery__item\"><img decoding=\"async\" srcset=\"https:\/\/i1.wp.com\/biancamachado.com.br\/blog\/wp-content\/uploads\/2023\/02\/003-13-1024x683.jpg?strip=info&#038;w=600&#038;ssl=1 600w,https:\/\/i1.wp.com\/biancamachado.com.br\/blog\/wp-content\/uploads\/2023\/02\/003-13-1024x683.jpg?strip=info&#038;w=900&#038;ssl=1 900w,https:\/\/i1.wp.com\/biancamachado.com.br\/blog\/wp-content\/uploads\/2023\/02\/003-13-1024x683.jpg?strip=info&#038;w=1200&#038;ssl=1 1200w,https:\/\/i1.wp.com\/biancamachado.com.br\/blog\/wp-content\/uploads\/2023\/02\/003-13-1024x683.jpg?strip=info&#038;w=1500&#038;ssl=1 1500w,https:\/\/i1.wp.com\/biancamachado.com.br\/blog\/wp-content\/uploads\/2023\/02\/003-13-1024x683.jpg?strip=info&#038;w=1800&#038;ssl=1 1800w,https:\/\/i1.wp.com\/biancamachado.com.br\/blog\/wp-content\/uploads\/2023\/02\/003-13-1024x683.jpg?strip=info&#038;w=2000&#038;ssl=1 2000w\" alt=\"melhores fotografias de festa\" data-height=\"1707\" data-id=\"3894\" data-link=\"https:\/\/biancamachado.com.br\/blog\/?attachment_id=3894\" data-url=\"https:\/\/biancamachado.com.br\/blog\/wp-content\/uploads\/2023\/02\/003-13-1024x683.jpg\" data-width=\"2560\" src=\"https:\/\/i1.wp.com\/biancamachado.com.br\/blog\/wp-content\/uploads\/2023\/02\/003-13-1024x683.jpg?ssl=1\" data-amp-layout=\"responsive\"\/><\/figure><figure class=\"tiled-gallery__item\"><img decoding=\"async\" srcset=\"https:\/\/i0.wp.com\/biancamachado.com.br\/blog\/wp-content\/uploads\/2023\/02\/413-1024x683.jpg?strip=info&#038;w=600&#038;ssl=1 600w,https:\/\/i0.wp.com\/biancamachado.com.br\/blog\/wp-content\/uploads\/2023\/02\/413-1024x683.jpg?strip=info&#038;w=900&#038;ssl=1 900w,https:\/\/i0.wp.com\/biancamachado.com.br\/blog\/wp-content\/uploads\/2023\/02\/413-1024x683.jpg?strip=info&#038;w=1200&#038;ssl=1 1200w,https:\/\/i0.wp.com\/biancamachado.com.br\/blog\/wp-content\/uploads\/2023\/02\/413-1024x683.jpg?strip=info&#038;w=1500&#038;ssl=1 1500w,https:\/\/i0.wp.com\/biancamachado.com.br\/blog\/wp-content\/uploads\/2023\/02\/413-1024x683.jpg?strip=info&#038;w=1800&#038;ssl=1 1800w,https:\/\/i0.wp.com\/biancamachado.com.br\/blog\/wp-content\/uploads\/2023\/02\/413-1024x683.jpg?strip=info&#038;w=2000&#038;ssl=1 2000w\" alt=\"anivers\u00e1rio de 6 anos\" data-height=\"1707\" data-id=\"3891\" data-link=\"https:\/\/biancamachado.com.br\/blog\/?attachment_id=3891\" data-url=\"https:\/\/biancamachado.com.br\/blog\/wp-content\/uploads\/2023\/02\/413-1024x683.jpg\" data-width=\"2560\" src=\"https:\/\/i0.wp.com\/biancamachado.com.br\/blog\/wp-content\/uploads\/2023\/02\/413-1024x683.jpg?ssl=1\" data-amp-layout=\"responsive\"\/><\/figure><figure class=\"tiled-gallery__item\"><img decoding=\"async\" srcset=\"https:\/\/i2.wp.com\/biancamachado.com.br\/blog\/wp-content\/uploads\/2023\/02\/001-26-1024x683.jpg?strip=info&#038;w=600&#038;ssl=1 600w,https:\/\/i2.wp.com\/biancamachado.com.br\/blog\/wp-content\/uploads\/2023\/02\/001-26-1024x683.jpg?strip=info&#038;w=900&#038;ssl=1 900w,https:\/\/i2.wp.com\/biancamachado.com.br\/blog\/wp-content\/uploads\/2023\/02\/001-26-1024x683.jpg?strip=info&#038;w=1200&#038;ssl=1 1200w,https:\/\/i2.wp.com\/biancamachado.com.br\/blog\/wp-content\/uploads\/2023\/02\/001-26-1024x683.jpg?strip=info&#038;w=1500&#038;ssl=1 1500w,https:\/\/i2.wp.com\/biancamachado.com.br\/blog\/wp-content\/uploads\/2023\/02\/001-26-1024x683.jpg?strip=info&#038;w=1800&#038;ssl=1 1800w,https:\/\/i2.wp.com\/biancamachado.com.br\/blog\/wp-content\/uploads\/2023\/02\/001-26-1024x683.jpg?strip=info&#038;w=2000&#038;ssl=1 2000w\" alt=\"tema festa infantil homem aranha\" data-height=\"1707\" data-id=\"3892\" data-link=\"https:\/\/biancamachado.com.br\/blog\/?attachment_id=3892\" data-url=\"https:\/\/biancamachado.com.br\/blog\/wp-content\/uploads\/2023\/02\/001-26-1024x683.jpg\" data-width=\"2560\" src=\"https:\/\/i2.wp.com\/biancamachado.com.br\/blog\/wp-content\/uploads\/2023\/02\/001-26-1024x683.jpg?ssl=1\" data-amp-layout=\"responsive\"\/><\/figure><\/div><div class=\"tiled-gallery__col\" style=\"flex-basis:57.37521%\"><figure class=\"tiled-gallery__item\"><img decoding=\"async\" srcset=\"https:\/\/i0.wp.com\/biancamachado.com.br\/blog\/wp-content\/uploads\/2023\/02\/002-18-683x1024.jpg?strip=info&#038;w=600&#038;ssl=1 600w,https:\/\/i0.wp.com\/biancamachado.com.br\/blog\/wp-content\/uploads\/2023\/02\/002-18-683x1024.jpg?strip=info&#038;w=900&#038;ssl=1 900w,https:\/\/i0.wp.com\/biancamachado.com.br\/blog\/wp-content\/uploads\/2023\/02\/002-18-683x1024.jpg?strip=info&#038;w=1200&#038;ssl=1 1200w,https:\/\/i0.wp.com\/biancamachado.com.br\/blog\/wp-content\/uploads\/2023\/02\/002-18-683x1024.jpg?strip=info&#038;w=1500&#038;ssl=1 1500w,https:\/\/i0.wp.com\/biancamachado.com.br\/blog\/wp-content\/uploads\/2023\/02\/002-18-683x1024.jpg?strip=info&#038;w=1707&#038;ssl=1 1707w\" alt=\"foto profissional anivers\u00e1rio\" data-height=\"2560\" data-id=\"3893\" data-link=\"https:\/\/biancamachado.com.br\/blog\/?attachment_id=3893\" data-url=\"https:\/\/biancamachado.com.br\/blog\/wp-content\/uploads\/2023\/02\/002-18-683x1024.jpg\" data-width=\"1707\" src=\"https:\/\/i0.wp.com\/biancamachado.com.br\/blog\/wp-content\/uploads\/2023\/02\/002-18-683x1024.jpg?ssl=1\" data-amp-layout=\"responsive\"\/><\/figure><\/div><\/div><div class=\"tiled-gallery__row\"><div class=\"tiled-gallery__col\" style=\"flex-basis:66.78742%\"><figure class=\"tiled-gallery__item\"><img decoding=\"async\" srcset=\"https:\/\/i1.wp.com\/biancamachado.com.br\/blog\/wp-content\/uploads\/2023\/02\/009-4-1024x683.jpg?strip=info&#038;w=600&#038;ssl=1 600w,https:\/\/i1.wp.com\/biancamachado.com.br\/blog\/wp-content\/uploads\/2023\/02\/009-4-1024x683.jpg?strip=info&#038;w=900&#038;ssl=1 900w,https:\/\/i1.wp.com\/biancamachado.com.br\/blog\/wp-content\/uploads\/2023\/02\/009-4-1024x683.jpg?strip=info&#038;w=1200&#038;ssl=1 1200w,https:\/\/i1.wp.com\/biancamachado.com.br\/blog\/wp-content\/uploads\/2023\/02\/009-4-1024x683.jpg?strip=info&#038;w=1500&#038;ssl=1 1500w,https:\/\/i1.wp.com\/biancamachado.com.br\/blog\/wp-content\/uploads\/2023\/02\/009-4-1024x683.jpg?strip=info&#038;w=1800&#038;ssl=1 1800w,https:\/\/i1.wp.com\/biancamachado.com.br\/blog\/wp-content\/uploads\/2023\/02\/009-4-1024x683.jpg?strip=info&#038;w=2000&#038;ssl=1 2000w\" alt=\"id\u00e9ias de decora\u00e7\u00e3o festa homem aranha\" data-height=\"1707\" data-id=\"3895\" data-link=\"https:\/\/biancamachado.com.br\/blog\/?attachment_id=3895\" data-url=\"https:\/\/biancamachado.com.br\/blog\/wp-content\/uploads\/2023\/02\/009-4-1024x683.jpg\" data-width=\"2560\" src=\"https:\/\/i1.wp.com\/biancamachado.com.br\/blog\/wp-content\/uploads\/2023\/02\/009-4-1024x683.jpg?ssl=1\" data-amp-layout=\"responsive\"\/><\/figure><\/div><div class=\"tiled-gallery__col\" style=\"flex-basis:33.21258%\"><figure class=\"tiled-gallery__item\"><img decoding=\"async\" srcset=\"https:\/\/i1.wp.com\/biancamachado.com.br\/blog\/wp-content\/uploads\/2023\/02\/021-3-1024x683.jpg?strip=info&#038;w=600&#038;ssl=1 600w,https:\/\/i1.wp.com\/biancamachado.com.br\/blog\/wp-content\/uploads\/2023\/02\/021-3-1024x683.jpg?strip=info&#038;w=900&#038;ssl=1 900w,https:\/\/i1.wp.com\/biancamachado.com.br\/blog\/wp-content\/uploads\/2023\/02\/021-3-1024x683.jpg?strip=info&#038;w=1200&#038;ssl=1 1200w,https:\/\/i1.wp.com\/biancamachado.com.br\/blog\/wp-content\/uploads\/2023\/02\/021-3-1024x683.jpg?strip=info&#038;w=1500&#038;ssl=1 1500w,https:\/\/i1.wp.com\/biancamachado.com.br\/blog\/wp-content\/uploads\/2023\/02\/021-3-1024x683.jpg?strip=info&#038;w=1800&#038;ssl=1 1800w,https:\/\/i1.wp.com\/biancamachado.com.br\/blog\/wp-content\/uploads\/2023\/02\/021-3-1024x683.jpg?strip=info&#038;w=2000&#038;ssl=1 2000w\" alt=\"bolo do homem aranha\" data-height=\"1707\" data-id=\"3896\" data-link=\"https:\/\/biancamachado.com.br\/blog\/?attachment_id=3896\" data-url=\"https:\/\/biancamachado.com.br\/blog\/wp-content\/uploads\/2023\/02\/021-3-1024x683.jpg\" data-width=\"2560\" src=\"https:\/\/i1.wp.com\/biancamachado.com.br\/blog\/wp-content\/uploads\/2023\/02\/021-3-1024x683.jpg?ssl=1\" data-amp-layout=\"responsive\"\/><\/figure><figure class=\"tiled-gallery__item\"><img decoding=\"async\" srcset=\"https:\/\/i2.wp.com\/biancamachado.com.br\/blog\/wp-content\/uploads\/2023\/02\/134-1024x683.jpg?strip=info&#038;w=600&#038;ssl=1 600w,https:\/\/i2.wp.com\/biancamachado.com.br\/blog\/wp-content\/uploads\/2023\/02\/134-1024x683.jpg?strip=info&#038;w=900&#038;ssl=1 900w,https:\/\/i2.wp.com\/biancamachado.com.br\/blog\/wp-content\/uploads\/2023\/02\/134-1024x683.jpg?strip=info&#038;w=1200&#038;ssl=1 1200w,https:\/\/i2.wp.com\/biancamachado.com.br\/blog\/wp-content\/uploads\/2023\/02\/134-1024x683.jpg?strip=info&#038;w=1500&#038;ssl=1 1500w,https:\/\/i2.wp.com\/biancamachado.com.br\/blog\/wp-content\/uploads\/2023\/02\/134-1024x683.jpg?strip=info&#038;w=1800&#038;ssl=1 1800w,https:\/\/i2.wp.com\/biancamachado.com.br\/blog\/wp-content\/uploads\/2023\/02\/134-1024x683.jpg?strip=info&#038;w=2000&#038;ssl=1 2000w\" alt=\"homem aranha na festa infantil\" data-height=\"1707\" data-id=\"3897\" data-link=\"https:\/\/biancamachado.com.br\/blog\/?attachment_id=3897\" data-url=\"https:\/\/biancamachado.com.br\/blog\/wp-content\/uploads\/2023\/02\/134-1024x683.jpg\" data-width=\"2560\" src=\"https:\/\/i2.wp.com\/biancamachado.com.br\/blog\/wp-content\/uploads\/2023\/02\/134-1024x683.jpg?ssl=1\" data-amp-layout=\"responsive\"\/><\/figure><\/div><\/div><div class=\"tiled-gallery__row\"><div class=\"tiled-gallery__col\" style=\"flex-basis:23.56797%\"><figure class=\"tiled-gallery__item\"><img decoding=\"async\" srcset=\"https:\/\/i2.wp.com\/biancamachado.com.br\/blog\/wp-content\/uploads\/2023\/02\/153-2-683x1024.jpg?strip=info&#038;w=600&#038;ssl=1 600w,https:\/\/i2.wp.com\/biancamachado.com.br\/blog\/wp-content\/uploads\/2023\/02\/153-2-683x1024.jpg?strip=info&#038;w=900&#038;ssl=1 900w,https:\/\/i2.wp.com\/biancamachado.com.br\/blog\/wp-content\/uploads\/2023\/02\/153-2-683x1024.jpg?strip=info&#038;w=1200&#038;ssl=1 1200w,https:\/\/i2.wp.com\/biancamachado.com.br\/blog\/wp-content\/uploads\/2023\/02\/153-2-683x1024.jpg?strip=info&#038;w=1500&#038;ssl=1 1500w,https:\/\/i2.wp.com\/biancamachado.com.br\/blog\/wp-content\/uploads\/2023\/02\/153-2-683x1024.jpg?strip=info&#038;w=1707&#038;ssl=1 1707w\" alt=\"divers\u00e3o com homem aranha no anivers\u00e1rio\" data-height=\"2560\" data-id=\"3898\" data-link=\"https:\/\/biancamachado.com.br\/blog\/?attachment_id=3898\" data-url=\"https:\/\/biancamachado.com.br\/blog\/wp-content\/uploads\/2023\/02\/153-2-683x1024.jpg\" data-width=\"1707\" src=\"https:\/\/i2.wp.com\/biancamachado.com.br\/blog\/wp-content\/uploads\/2023\/02\/153-2-683x1024.jpg?ssl=1\" data-amp-layout=\"responsive\"\/><\/figure><\/div><div class=\"tiled-gallery__col\" style=\"flex-basis:23.56797%\"><figure class=\"tiled-gallery__item\"><img decoding=\"async\" srcset=\"https:\/\/i2.wp.com\/biancamachado.com.br\/blog\/wp-content\/uploads\/2023\/02\/174-683x1024.jpg?strip=info&#038;w=600&#038;ssl=1 600w,https:\/\/i2.wp.com\/biancamachado.com.br\/blog\/wp-content\/uploads\/2023\/02\/174-683x1024.jpg?strip=info&#038;w=900&#038;ssl=1 900w,https:\/\/i2.wp.com\/biancamachado.com.br\/blog\/wp-content\/uploads\/2023\/02\/174-683x1024.jpg?strip=info&#038;w=1200&#038;ssl=1 1200w,https:\/\/i2.wp.com\/biancamachado.com.br\/blog\/wp-content\/uploads\/2023\/02\/174-683x1024.jpg?strip=info&#038;w=1500&#038;ssl=1 1500w,https:\/\/i2.wp.com\/biancamachado.com.br\/blog\/wp-content\/uploads\/2023\/02\/174-683x1024.jpg?strip=info&#038;w=1707&#038;ssl=1 1707w\" alt=\"foto festa\" data-height=\"2560\" data-id=\"3899\" data-link=\"https:\/\/biancamachado.com.br\/blog\/?attachment_id=3899\" data-url=\"https:\/\/biancamachado.com.br\/blog\/wp-content\/uploads\/2023\/02\/174-683x1024.jpg\" data-width=\"1707\" src=\"https:\/\/i2.wp.com\/biancamachado.com.br\/blog\/wp-content\/uploads\/2023\/02\/174-683x1024.jpg?ssl=1\" data-amp-layout=\"responsive\"\/><\/figure><\/div><div class=\"tiled-gallery__col\" style=\"flex-basis:52.86406%\"><figure class=\"tiled-gallery__item\"><img decoding=\"async\" srcset=\"https:\/\/i0.wp.com\/biancamachado.com.br\/blog\/wp-content\/uploads\/2023\/02\/403-1024x683.jpg?strip=info&#038;w=600&#038;ssl=1 600w,https:\/\/i0.wp.com\/biancamachado.com.br\/blog\/wp-content\/uploads\/2023\/02\/403-1024x683.jpg?strip=info&#038;w=900&#038;ssl=1 900w,https:\/\/i0.wp.com\/biancamachado.com.br\/blog\/wp-content\/uploads\/2023\/02\/403-1024x683.jpg?strip=info&#038;w=1200&#038;ssl=1 1200w,https:\/\/i0.wp.com\/biancamachado.com.br\/blog\/wp-content\/uploads\/2023\/02\/403-1024x683.jpg?strip=info&#038;w=1500&#038;ssl=1 1500w,https:\/\/i0.wp.com\/biancamachado.com.br\/blog\/wp-content\/uploads\/2023\/02\/403-1024x683.jpg?strip=info&#038;w=1800&#038;ssl=1 1800w,https:\/\/i0.wp.com\/biancamachado.com.br\/blog\/wp-content\/uploads\/2023\/02\/403-1024x683.jpg?strip=info&#038;w=2000&#038;ssl=1 2000w\" alt=\"foto profissional festa infantil\" data-height=\"1707\" data-id=\"3900\" data-link=\"https:\/\/biancamachado.com.br\/blog\/?attachment_id=3900\" data-url=\"https:\/\/biancamachado.com.br\/blog\/wp-content\/uploads\/2023\/02\/403-1024x683.jpg\" data-width=\"2560\" src=\"https:\/\/i0.wp.com\/biancamachado.com.br\/blog\/wp-content\/uploads\/2023\/02\/403-1024x683.jpg?ssl=1\" data-amp-layout=\"responsive\"\/><\/figure><\/div><\/div><\/div><\/div>\n\n\n\n<p>Al\u00e9m da presen\u00e7a do Homem Aranha, a decora\u00e7\u00e3o da festa tamb\u00e9m foi impec\u00e1vel, com detalhes inspirados no universo do her\u00f3i e muitos bal\u00f5es coloridos. O piquenique para as crian\u00e7as tamb\u00e9m foi um sucesso, com muitas guloseimas e brincadeiras divertidas.<\/p>\n\n\n\n<p>As fotos desse dia t\u00e3o especial foram registradas com muito carinho e capricho, e com certeza ser\u00e3o uma recorda\u00e7\u00e3o eterna para o Rafael e sua fam\u00edlia. A festa de anivers\u00e1rio de 6 anos do menino foi um sucesso, cheia de alegria, sorrisos e muito amor. Parab\u00e9ns Rafael!<\/p>\nVisite tamb\u00e9m nosso site: www.biancamachado.com.br\r\n(11) 97107-1018\r\n\r\nAtendemos as regi\u00f5es de S\u00e3o Paulo, Sorocaba, Ibi\u00fana, Piedade, Votorantim, Cotia, Itupeva, Jundia\u00ed, It\u00fa e Campinas","protected":false},"excerpt":{"rendered":"<p>A festa de anivers\u00e1rio de 6 anos do Rafael foi realmente incr\u00edvel! Com o tema Homem Aranha, o menino deu um show de anima\u00e7\u00e3o e alegria, acompanhado de seus amigos e familiares. O local escolhido para comemorar esse dia t\u00e3o especial foi o buffet Viva Vida Fazendinha, no bairro do Butant\u00e3, que proporcionou um ambiente l\u00fadico e divertido para as crian\u00e7as.<\/p>\n","protected":false},"author":1,"featured_media":3894,"comment_status":"open","ping_status":"open","sticky":false,"template":"","format":"standard","meta":{"_monsterinsights_skip_tracking":false,"_monsterinsights_sitenote_active":false,"_monsterinsights_sitenote_note":"","_monsterinsights_sitenote_category":0,"jetpack_post_was_ever_published":false,"_jetpack_newsletter_access":"","_jetpack_dont_email_post_to_subs":false,"_jetpack_newsletter_tier_id":0,"_jetpack_memberships_contains_paywalled_content":false,"_jetpack_memberships_contains_paid_content":false,"_joinchat":[],"footnotes":""},"categories":[319],"tags":[908,618,974,976,972,973],"class_list":["post-3889","post","type-post","status-publish","format-standard","has-post-thumbnail","hentry","category-festa-infantil-aniversario","tag-6-anos","tag-aniversario","tag-buffet-viva-vida-fazendinha","tag-festinha","tag-homem-aranha","tag-tema-homem-aranha"],"yoast_head":"<!-- This site is optimized with the Yoast SEO plugin v27.4 - https:\/\/yoast.com\/product\/yoast-seo-wordpress\/ -->\n<title>Comemorando os 6 Anos de Rafael na Fazendinha do Viva Vida: Uma Festinha de Homem Aranha inesquec\u00edvel! - STUDIO BIANCA MACHADO<\/title>\n<meta name=\"description\" content=\"A festa de anivers\u00e1rio de 6 anos do Rafael foi realmente incr\u00edvel! Com o tema Homem Aranha, o menino deu um show de anima\u00e7\u00e3o e alegria, acompanhado de seus amigos e familiares. O local escolhido para comemorar esse dia t\u00e3o especial foi o buffet Viva Vida Fazendinha, no bairro do Butant\u00e3, que proporcionou um ambiente l\u00fadico e divertido para as crian\u00e7as.\" \/>\n<meta name=\"robots\" content=\"index, follow, max-snippet:-1, max-image-preview:large, max-video-preview:-1\" \/>\n<link rel=\"canonical\" href=\"https:\/\/biancamachado.com.br\/blog\/comemorando-os-6-anos-de-rafael-na-fazendinha-do-viva-vida-uma-festinha-de-homem-aranha-inesquecivel\/\" \/>\n<meta property=\"og:locale\" content=\"pt_BR\" \/>\n<meta property=\"og:type\" content=\"article\" \/>\n<meta property=\"og:title\" content=\"Comemorando os 6 Anos de Rafael na Fazendinha do Viva Vida: Uma Festinha de Homem Aranha inesquec\u00edvel! - STUDIO BIANCA MACHADO\" \/>\n<meta property=\"og:description\" content=\"A festa de anivers\u00e1rio de 6 anos do Rafael foi realmente incr\u00edvel! Com o tema Homem Aranha, o menino deu um show de anima\u00e7\u00e3o e alegria, acompanhado de seus amigos e familiares. O local escolhido para comemorar esse dia t\u00e3o especial foi o buffet Viva Vida Fazendinha, no bairro do Butant\u00e3, que proporcionou um ambiente l\u00fadico e divertido para as crian\u00e7as.\" \/>\n<meta property=\"og:url\" content=\"https:\/\/biancamachado.com.br\/blog\/comemorando-os-6-anos-de-rafael-na-fazendinha-do-viva-vida-uma-festinha-de-homem-aranha-inesquecivel\/\" \/>\n<meta property=\"og:site_name\" content=\"STUDIO BIANCA MACHADO\" \/>\n<meta property=\"article:publisher\" content=\"https:\/\/www.facebook.com\/Studiobiancamachado\/\" \/>\n<meta property=\"article:published_time\" content=\"2023-02-23T11:30:20+00:00\" \/>\n<meta property=\"article:modified_time\" content=\"2023-02-23T11:30:23+00:00\" \/>\n<meta property=\"og:image\" content=\"https:\/\/biancamachado.com.br\/blog\/wp-content\/uploads\/2023\/02\/003-13-scaled.jpg?v=1677151635\" \/>\n\t<meta property=\"og:image:width\" content=\"2560\" \/>\n\t<meta property=\"og:image:height\" content=\"1707\" \/>\n\t<meta property=\"og:image:type\" content=\"image\/jpeg\" \/>\n<meta name=\"author\" content=\"biancamachado\" \/>\n<meta name=\"twitter:card\" content=\"summary_large_image\" \/>\n<meta name=\"twitter:label1\" content=\"Escrito por\" \/>\n\t<meta name=\"twitter:data1\" content=\"biancamachado\" \/>\n\t<meta name=\"twitter:label2\" content=\"Est. tempo de leitura\" \/>\n\t<meta name=\"twitter:data2\" content=\"4 minutos\" \/>\n<script type=\"application\/ld+json\" class=\"yoast-schema-graph\">{\"@context\":\"https:\\\/\\\/schema.org\",\"@graph\":[{\"@type\":\"Article\",\"@id\":\"https:\\\/\\\/biancamachado.com.br\\\/blog\\\/comemorando-os-6-anos-de-rafael-na-fazendinha-do-viva-vida-uma-festinha-de-homem-aranha-inesquecivel\\\/#article\",\"isPartOf\":{\"@id\":\"https:\\\/\\\/biancamachado.com.br\\\/blog\\\/comemorando-os-6-anos-de-rafael-na-fazendinha-do-viva-vida-uma-festinha-de-homem-aranha-inesquecivel\\\/\"},\"author\":{\"name\":\"biancamachado\",\"@id\":\"https:\\\/\\\/biancamachado.com.br\\\/blog\\\/#\\\/schema\\\/person\\\/990263800ec5e9bdbbf092a2353550a1\"},\"headline\":\"Comemorando os 6 Anos de Rafael na Fazendinha do Viva Vida: Uma Festinha de Homem Aranha inesquec\u00edvel!\",\"datePublished\":\"2023-02-23T11:30:20+00:00\",\"dateModified\":\"2023-02-23T11:30:23+00:00\",\"mainEntityOfPage\":{\"@id\":\"https:\\\/\\\/biancamachado.com.br\\\/blog\\\/comemorando-os-6-anos-de-rafael-na-fazendinha-do-viva-vida-uma-festinha-de-homem-aranha-inesquecivel\\\/\"},\"wordCount\":242,\"commentCount\":0,\"publisher\":{\"@id\":\"https:\\\/\\\/biancamachado.com.br\\\/blog\\\/#organization\"},\"image\":{\"@id\":\"https:\\\/\\\/biancamachado.com.br\\\/blog\\\/comemorando-os-6-anos-de-rafael-na-fazendinha-do-viva-vida-uma-festinha-de-homem-aranha-inesquecivel\\\/#primaryimage\"},\"thumbnailUrl\":\"https:\\\/\\\/i0.wp.com\\\/biancamachado.com.br\\\/blog\\\/wp-content\\\/uploads\\\/2023\\\/02\\\/003-13-scaled.jpg?fit=2560%2C1707&ssl=1?v=1677151635\",\"keywords\":[\"6 anos\",\"anivers\u00e1rio\",\"buffet Viva Vida Fazendinha\",\"festinha\",\"Homem Aranha\",\"tema Homem Aranha\"],\"articleSection\":[\"Festa Infantil \\\/ Anivers\u00e1rio\"],\"inLanguage\":\"pt-BR\",\"potentialAction\":[{\"@type\":\"CommentAction\",\"name\":\"Comment\",\"target\":[\"https:\\\/\\\/biancamachado.com.br\\\/blog\\\/comemorando-os-6-anos-de-rafael-na-fazendinha-do-viva-vida-uma-festinha-de-homem-aranha-inesquecivel\\\/#respond\"]}]},{\"@type\":\"WebPage\",\"@id\":\"https:\\\/\\\/biancamachado.com.br\\\/blog\\\/comemorando-os-6-anos-de-rafael-na-fazendinha-do-viva-vida-uma-festinha-de-homem-aranha-inesquecivel\\\/\",\"url\":\"https:\\\/\\\/biancamachado.com.br\\\/blog\\\/comemorando-os-6-anos-de-rafael-na-fazendinha-do-viva-vida-uma-festinha-de-homem-aranha-inesquecivel\\\/\",\"name\":\"Comemorando os 6 Anos de Rafael na Fazendinha do Viva Vida: Uma Festinha de Homem Aranha inesquec\u00edvel! - STUDIO BIANCA MACHADO\",\"isPartOf\":{\"@id\":\"https:\\\/\\\/biancamachado.com.br\\\/blog\\\/#website\"},\"primaryImageOfPage\":{\"@id\":\"https:\\\/\\\/biancamachado.com.br\\\/blog\\\/comemorando-os-6-anos-de-rafael-na-fazendinha-do-viva-vida-uma-festinha-de-homem-aranha-inesquecivel\\\/#primaryimage\"},\"image\":{\"@id\":\"https:\\\/\\\/biancamachado.com.br\\\/blog\\\/comemorando-os-6-anos-de-rafael-na-fazendinha-do-viva-vida-uma-festinha-de-homem-aranha-inesquecivel\\\/#primaryimage\"},\"thumbnailUrl\":\"https:\\\/\\\/i0.wp.com\\\/biancamachado.com.br\\\/blog\\\/wp-content\\\/uploads\\\/2023\\\/02\\\/003-13-scaled.jpg?fit=2560%2C1707&ssl=1?v=1677151635\",\"datePublished\":\"2023-02-23T11:30:20+00:00\",\"dateModified\":\"2023-02-23T11:30:23+00:00\",\"description\":\"A festa de anivers\u00e1rio de 6 anos do Rafael foi realmente incr\u00edvel! Com o tema Homem Aranha, o menino deu um show de anima\u00e7\u00e3o e alegria, acompanhado de seus amigos e familiares. O local escolhido para comemorar esse dia t\u00e3o especial foi o buffet Viva Vida Fazendinha, no bairro do Butant\u00e3, que proporcionou um ambiente l\u00fadico e divertido para as crian\u00e7as.\",\"breadcrumb\":{\"@id\":\"https:\\\/\\\/biancamachado.com.br\\\/blog\\\/comemorando-os-6-anos-de-rafael-na-fazendinha-do-viva-vida-uma-festinha-de-homem-aranha-inesquecivel\\\/#breadcrumb\"},\"inLanguage\":\"pt-BR\",\"potentialAction\":[{\"@type\":\"ReadAction\",\"target\":[\"https:\\\/\\\/biancamachado.com.br\\\/blog\\\/comemorando-os-6-anos-de-rafael-na-fazendinha-do-viva-vida-uma-festinha-de-homem-aranha-inesquecivel\\\/\"]}]},{\"@type\":\"ImageObject\",\"inLanguage\":\"pt-BR\",\"@id\":\"https:\\\/\\\/biancamachado.com.br\\\/blog\\\/comemorando-os-6-anos-de-rafael-na-fazendinha-do-viva-vida-uma-festinha-de-homem-aranha-inesquecivel\\\/#primaryimage\",\"url\":\"https:\\\/\\\/i0.wp.com\\\/biancamachado.com.br\\\/blog\\\/wp-content\\\/uploads\\\/2023\\\/02\\\/003-13-scaled.jpg?fit=2560%2C1707&ssl=1?v=1677151635\",\"contentUrl\":\"https:\\\/\\\/i0.wp.com\\\/biancamachado.com.br\\\/blog\\\/wp-content\\\/uploads\\\/2023\\\/02\\\/003-13-scaled.jpg?fit=2560%2C1707&ssl=1?v=1677151635\",\"width\":2560,\"height\":1707,\"caption\":\"melhores fotografias de festa\"},{\"@type\":\"BreadcrumbList\",\"@id\":\"https:\\\/\\\/biancamachado.com.br\\\/blog\\\/comemorando-os-6-anos-de-rafael-na-fazendinha-do-viva-vida-uma-festinha-de-homem-aranha-inesquecivel\\\/#breadcrumb\",\"itemListElement\":[{\"@type\":\"ListItem\",\"position\":1,\"name\":\"In\u00edcio\",\"item\":\"https:\\\/\\\/biancamachado.com.br\\\/blog\\\/\"},{\"@type\":\"ListItem\",\"position\":2,\"name\":\"Comemorando os 6 Anos de Rafael na Fazendinha do Viva Vida: Uma Festinha de Homem Aranha inesquec\u00edvel!\"}]},{\"@type\":\"WebSite\",\"@id\":\"https:\\\/\\\/biancamachado.com.br\\\/blog\\\/#website\",\"url\":\"https:\\\/\\\/biancamachado.com.br\\\/blog\\\/\",\"name\":\"STUDIO BIANCA MACHADO\",\"description\":\"Estudio Fotografico, Ensaios e Books de foto profissional\",\"publisher\":{\"@id\":\"https:\\\/\\\/biancamachado.com.br\\\/blog\\\/#organization\"},\"potentialAction\":[{\"@type\":\"SearchAction\",\"target\":{\"@type\":\"EntryPoint\",\"urlTemplate\":\"https:\\\/\\\/biancamachado.com.br\\\/blog\\\/?s={search_term_string}\"},\"query-input\":{\"@type\":\"PropertyValueSpecification\",\"valueRequired\":true,\"valueName\":\"search_term_string\"}}],\"inLanguage\":\"pt-BR\"},{\"@type\":\"Organization\",\"@id\":\"https:\\\/\\\/biancamachado.com.br\\\/blog\\\/#organization\",\"name\":\"STUDIO BIANCA MACHADO\",\"url\":\"https:\\\/\\\/biancamachado.com.br\\\/blog\\\/\",\"logo\":{\"@type\":\"ImageObject\",\"inLanguage\":\"pt-BR\",\"@id\":\"https:\\\/\\\/biancamachado.com.br\\\/blog\\\/#\\\/schema\\\/logo\\\/image\\\/\",\"url\":\"https:\\\/\\\/i0.wp.com\\\/biancamachado.com.br\\\/blog\\\/wp-content\\\/uploads\\\/2021\\\/02\\\/cropped-logo-ml.jpg?fit=278%2C100&ssl=1\",\"contentUrl\":\"https:\\\/\\\/i0.wp.com\\\/biancamachado.com.br\\\/blog\\\/wp-content\\\/uploads\\\/2021\\\/02\\\/cropped-logo-ml.jpg?fit=278%2C100&ssl=1\",\"width\":278,\"height\":100,\"caption\":\"STUDIO BIANCA MACHADO\"},\"image\":{\"@id\":\"https:\\\/\\\/biancamachado.com.br\\\/blog\\\/#\\\/schema\\\/logo\\\/image\\\/\"},\"sameAs\":[\"https:\\\/\\\/www.facebook.com\\\/Studiobiancamachado\\\/\",\"https:\\\/\\\/www.instagram.com\\\/Studiobiancamachado\\\/\"]},{\"@type\":\"Person\",\"@id\":\"https:\\\/\\\/biancamachado.com.br\\\/blog\\\/#\\\/schema\\\/person\\\/990263800ec5e9bdbbf092a2353550a1\",\"name\":\"biancamachado\",\"image\":{\"@type\":\"ImageObject\",\"inLanguage\":\"pt-BR\",\"@id\":\"https:\\\/\\\/secure.gravatar.com\\\/avatar\\\/62b1a50f2632dbc2e279c3eb55aa46cc324c969cff16a69c59756d155316542c?s=96&d=mm&r=g\",\"url\":\"https:\\\/\\\/secure.gravatar.com\\\/avatar\\\/62b1a50f2632dbc2e279c3eb55aa46cc324c969cff16a69c59756d155316542c?s=96&d=mm&r=g\",\"contentUrl\":\"https:\\\/\\\/secure.gravatar.com\\\/avatar\\\/62b1a50f2632dbc2e279c3eb55aa46cc324c969cff16a69c59756d155316542c?s=96&d=mm&r=g\",\"caption\":\"biancamachado\"},\"sameAs\":[\"https:\\\/\\\/biancamachado.com.br\\\/blog\"],\"url\":\"https:\\\/\\\/biancamachado.com.br\\\/blog\\\/author\\\/biancamachado\\\/\"}]}<\/script>\n<!-- \/ Yoast SEO plugin. -->","yoast_head_json":{"title":"Comemorando os 6 Anos de Rafael na Fazendinha do Viva Vida: Uma Festinha de Homem Aranha inesquec\u00edvel! - STUDIO BIANCA MACHADO","description":"A festa de anivers\u00e1rio de 6 anos do Rafael foi realmente incr\u00edvel! Com o tema Homem Aranha, o menino deu um show de anima\u00e7\u00e3o e alegria, acompanhado de seus amigos e familiares. O local escolhido para comemorar esse dia t\u00e3o especial foi o buffet Viva Vida Fazendinha, no bairro do Butant\u00e3, que proporcionou um ambiente l\u00fadico e divertido para as crian\u00e7as.","robots":{"index":"index","follow":"follow","max-snippet":"max-snippet:-1","max-image-preview":"max-image-preview:large","max-video-preview":"max-video-preview:-1"},"canonical":"https:\/\/biancamachado.com.br\/blog\/comemorando-os-6-anos-de-rafael-na-fazendinha-do-viva-vida-uma-festinha-de-homem-aranha-inesquecivel\/","og_locale":"pt_BR","og_type":"article","og_title":"Comemorando os 6 Anos de Rafael na Fazendinha do Viva Vida: Uma Festinha de Homem Aranha inesquec\u00edvel! - STUDIO BIANCA MACHADO","og_description":"A festa de anivers\u00e1rio de 6 anos do Rafael foi realmente incr\u00edvel! Com o tema Homem Aranha, o menino deu um show de anima\u00e7\u00e3o e alegria, acompanhado de seus amigos e familiares. O local escolhido para comemorar esse dia t\u00e3o especial foi o buffet Viva Vida Fazendinha, no bairro do Butant\u00e3, que proporcionou um ambiente l\u00fadico e divertido para as crian\u00e7as.","og_url":"https:\/\/biancamachado.com.br\/blog\/comemorando-os-6-anos-de-rafael-na-fazendinha-do-viva-vida-uma-festinha-de-homem-aranha-inesquecivel\/","og_site_name":"STUDIO BIANCA MACHADO","article_publisher":"https:\/\/www.facebook.com\/Studiobiancamachado\/","article_published_time":"2023-02-23T11:30:20+00:00","article_modified_time":"2023-02-23T11:30:23+00:00","og_image":[{"width":2560,"height":1707,"url":"https:\/\/biancamachado.com.br\/blog\/wp-content\/uploads\/2023\/02\/003-13-scaled.jpg?v=1677151635","type":"image\/jpeg"}],"author":"biancamachado","twitter_card":"summary_large_image","twitter_misc":{"Escrito por":"biancamachado","Est. tempo de leitura":"4 minutos"},"schema":{"@context":"https:\/\/schema.org","@graph":[{"@type":"Article","@id":"https:\/\/biancamachado.com.br\/blog\/comemorando-os-6-anos-de-rafael-na-fazendinha-do-viva-vida-uma-festinha-de-homem-aranha-inesquecivel\/#article","isPartOf":{"@id":"https:\/\/biancamachado.com.br\/blog\/comemorando-os-6-anos-de-rafael-na-fazendinha-do-viva-vida-uma-festinha-de-homem-aranha-inesquecivel\/"},"author":{"name":"biancamachado","@id":"https:\/\/biancamachado.com.br\/blog\/#\/schema\/person\/990263800ec5e9bdbbf092a2353550a1"},"headline":"Comemorando os 6 Anos de Rafael na Fazendinha do Viva Vida: Uma Festinha de Homem Aranha inesquec\u00edvel!","datePublished":"2023-02-23T11:30:20+00:00","dateModified":"2023-02-23T11:30:23+00:00","mainEntityOfPage":{"@id":"https:\/\/biancamachado.com.br\/blog\/comemorando-os-6-anos-de-rafael-na-fazendinha-do-viva-vida-uma-festinha-de-homem-aranha-inesquecivel\/"},"wordCount":242,"commentCount":0,"publisher":{"@id":"https:\/\/biancamachado.com.br\/blog\/#organization"},"image":{"@id":"https:\/\/biancamachado.com.br\/blog\/comemorando-os-6-anos-de-rafael-na-fazendinha-do-viva-vida-uma-festinha-de-homem-aranha-inesquecivel\/#primaryimage"},"thumbnailUrl":"https:\/\/i0.wp.com\/biancamachado.com.br\/blog\/wp-content\/uploads\/2023\/02\/003-13-scaled.jpg?fit=2560%2C1707&ssl=1?v=1677151635","keywords":["6 anos","anivers\u00e1rio","buffet Viva Vida Fazendinha","festinha","Homem Aranha","tema Homem Aranha"],"articleSection":["Festa Infantil \/ Anivers\u00e1rio"],"inLanguage":"pt-BR","potentialAction":[{"@type":"CommentAction","name":"Comment","target":["https:\/\/biancamachado.com.br\/blog\/comemorando-os-6-anos-de-rafael-na-fazendinha-do-viva-vida-uma-festinha-de-homem-aranha-inesquecivel\/#respond"]}]},{"@type":"WebPage","@id":"https:\/\/biancamachado.com.br\/blog\/comemorando-os-6-anos-de-rafael-na-fazendinha-do-viva-vida-uma-festinha-de-homem-aranha-inesquecivel\/","url":"https:\/\/biancamachado.com.br\/blog\/comemorando-os-6-anos-de-rafael-na-fazendinha-do-viva-vida-uma-festinha-de-homem-aranha-inesquecivel\/","name":"Comemorando os 6 Anos de Rafael na Fazendinha do Viva Vida: Uma Festinha de Homem Aranha inesquec\u00edvel! - STUDIO BIANCA MACHADO","isPartOf":{"@id":"https:\/\/biancamachado.com.br\/blog\/#website"},"primaryImageOfPage":{"@id":"https:\/\/biancamachado.com.br\/blog\/comemorando-os-6-anos-de-rafael-na-fazendinha-do-viva-vida-uma-festinha-de-homem-aranha-inesquecivel\/#primaryimage"},"image":{"@id":"https:\/\/biancamachado.com.br\/blog\/comemorando-os-6-anos-de-rafael-na-fazendinha-do-viva-vida-uma-festinha-de-homem-aranha-inesquecivel\/#primaryimage"},"thumbnailUrl":"https:\/\/i0.wp.com\/biancamachado.com.br\/blog\/wp-content\/uploads\/2023\/02\/003-13-scaled.jpg?fit=2560%2C1707&ssl=1?v=1677151635","datePublished":"2023-02-23T11:30:20+00:00","dateModified":"2023-02-23T11:30:23+00:00","description":"A festa de anivers\u00e1rio de 6 anos do Rafael foi realmente incr\u00edvel! Com o tema Homem Aranha, o menino deu um show de anima\u00e7\u00e3o e alegria, acompanhado de seus amigos e familiares. O local escolhido para comemorar esse dia t\u00e3o especial foi o buffet Viva Vida Fazendinha, no bairro do Butant\u00e3, que proporcionou um ambiente l\u00fadico e divertido para as crian\u00e7as.","breadcrumb":{"@id":"https:\/\/biancamachado.com.br\/blog\/comemorando-os-6-anos-de-rafael-na-fazendinha-do-viva-vida-uma-festinha-de-homem-aranha-inesquecivel\/#breadcrumb"},"inLanguage":"pt-BR","potentialAction":[{"@type":"ReadAction","target":["https:\/\/biancamachado.com.br\/blog\/comemorando-os-6-anos-de-rafael-na-fazendinha-do-viva-vida-uma-festinha-de-homem-aranha-inesquecivel\/"]}]},{"@type":"ImageObject","inLanguage":"pt-BR","@id":"https:\/\/biancamachado.com.br\/blog\/comemorando-os-6-anos-de-rafael-na-fazendinha-do-viva-vida-uma-festinha-de-homem-aranha-inesquecivel\/#primaryimage","url":"https:\/\/i0.wp.com\/biancamachado.com.br\/blog\/wp-content\/uploads\/2023\/02\/003-13-scaled.jpg?fit=2560%2C1707&ssl=1?v=1677151635","contentUrl":"https:\/\/i0.wp.com\/biancamachado.com.br\/blog\/wp-content\/uploads\/2023\/02\/003-13-scaled.jpg?fit=2560%2C1707&ssl=1?v=1677151635","width":2560,"height":1707,"caption":"melhores fotografias de festa"},{"@type":"BreadcrumbList","@id":"https:\/\/biancamachado.com.br\/blog\/comemorando-os-6-anos-de-rafael-na-fazendinha-do-viva-vida-uma-festinha-de-homem-aranha-inesquecivel\/#breadcrumb","itemListElement":[{"@type":"ListItem","position":1,"name":"In\u00edcio","item":"https:\/\/biancamachado.com.br\/blog\/"},{"@type":"ListItem","position":2,"name":"Comemorando os 6 Anos de Rafael na Fazendinha do Viva Vida: Uma Festinha de Homem Aranha inesquec\u00edvel!"}]},{"@type":"WebSite","@id":"https:\/\/biancamachado.com.br\/blog\/#website","url":"https:\/\/biancamachado.com.br\/blog\/","name":"STUDIO BIANCA MACHADO","description":"Estudio Fotografico, Ensaios e Books de foto profissional","publisher":{"@id":"https:\/\/biancamachado.com.br\/blog\/#organization"},"potentialAction":[{"@type":"SearchAction","target":{"@type":"EntryPoint","urlTemplate":"https:\/\/biancamachado.com.br\/blog\/?s={search_term_string}"},"query-input":{"@type":"PropertyValueSpecification","valueRequired":true,"valueName":"search_term_string"}}],"inLanguage":"pt-BR"},{"@type":"Organization","@id":"https:\/\/biancamachado.com.br\/blog\/#organization","name":"STUDIO BIANCA MACHADO","url":"https:\/\/biancamachado.com.br\/blog\/","logo":{"@type":"ImageObject","inLanguage":"pt-BR","@id":"https:\/\/biancamachado.com.br\/blog\/#\/schema\/logo\/image\/","url":"https:\/\/i0.wp.com\/biancamachado.com.br\/blog\/wp-content\/uploads\/2021\/02\/cropped-logo-ml.jpg?fit=278%2C100&ssl=1","contentUrl":"https:\/\/i0.wp.com\/biancamachado.com.br\/blog\/wp-content\/uploads\/2021\/02\/cropped-logo-ml.jpg?fit=278%2C100&ssl=1","width":278,"height":100,"caption":"STUDIO BIANCA MACHADO"},"image":{"@id":"https:\/\/biancamachado.com.br\/blog\/#\/schema\/logo\/image\/"},"sameAs":["https:\/\/www.facebook.com\/Studiobiancamachado\/","https:\/\/www.instagram.com\/Studiobiancamachado\/"]},{"@type":"Person","@id":"https:\/\/biancamachado.com.br\/blog\/#\/schema\/person\/990263800ec5e9bdbbf092a2353550a1","name":"biancamachado","image":{"@type":"ImageObject","inLanguage":"pt-BR","@id":"https:\/\/secure.gravatar.com\/avatar\/62b1a50f2632dbc2e279c3eb55aa46cc324c969cff16a69c59756d155316542c?s=96&d=mm&r=g","url":"https:\/\/secure.gravatar.com\/avatar\/62b1a50f2632dbc2e279c3eb55aa46cc324c969cff16a69c59756d155316542c?s=96&d=mm&r=g","contentUrl":"https:\/\/secure.gravatar.com\/avatar\/62b1a50f2632dbc2e279c3eb55aa46cc324c969cff16a69c59756d155316542c?s=96&d=mm&r=g","caption":"biancamachado"},"sameAs":["https:\/\/biancamachado.com.br\/blog"],"url":"https:\/\/biancamachado.com.br\/blog\/author\/biancamachado\/"}]}},"jetpack_featured_media_url":"https:\/\/i0.wp.com\/biancamachado.com.br\/blog\/wp-content\/uploads\/2023\/02\/003-13-scaled.jpg?fit=2560%2C1707&ssl=1?v=1677151635","jetpack-related-posts":[],"jetpack_sharing_enabled":true,"_links":{"self":[{"href":"https:\/\/biancamachado.com.br\/blog\/wp-json\/wp\/v2\/posts\/3889","targetHints":{"allow":["GET"]}}],"collection":[{"href":"https:\/\/biancamachado.com.br\/blog\/wp-json\/wp\/v2\/posts"}],"about":[{"href":"https:\/\/biancamachado.com.br\/blog\/wp-json\/wp\/v2\/types\/post"}],"author":[{"embeddable":true,"href":"https:\/\/biancamachado.com.br\/blog\/wp-json\/wp\/v2\/users\/1"}],"replies":[{"embeddable":true,"href":"https:\/\/biancamachado.com.br\/blog\/wp-json\/wp\/v2\/comments?post=3889"}],"version-history":[{"count":1,"href":"https:\/\/biancamachado.com.br\/blog\/wp-json\/wp\/v2\/posts\/3889\/revisions"}],"predecessor-version":[{"id":3901,"href":"https:\/\/biancamachado.com.br\/blog\/wp-json\/wp\/v2\/posts\/3889\/revisions\/3901"}],"wp:featuredmedia":[{"embeddable":true,"href":"https:\/\/biancamachado.com.br\/blog\/wp-json\/wp\/v2\/media\/3894"}],"wp:attachment":[{"href":"https:\/\/biancamachado.com.br\/blog\/wp-json\/wp\/v2\/media?parent=3889"}],"wp:term":[{"taxonomy":"category","embeddable":true,"href":"https:\/\/biancamachado.com.br\/blog\/wp-json\/wp\/v2\/categories?post=3889"},{"taxonomy":"post_tag","embeddable":true,"href":"https:\/\/biancamachado.com.br\/blog\/wp-json\/wp\/v2\/tags?post=3889"}],"curies":[{"name":"wp","href":"https:\/\/api.w.org\/{rel}","templated":true}]}}