{"id":3844,"date":"2023-02-22T18:05:10","date_gmt":"2023-02-22T21:05:10","guid":{"rendered":"https:\/\/biancamachado.com.br\/blog\/?p=3844"},"modified":"2023-02-22T18:05:12","modified_gmt":"2023-02-22T21:05:12","slug":"festejando-a-educacao-a-formatura-infantil-do-colegio-zeze-e-lele-na-vila-dos-baixinhos","status":"publish","type":"post","link":"https:\/\/biancamachado.com.br\/blog\/festejando-a-educacao-a-formatura-infantil-do-colegio-zeze-e-lele-na-vila-dos-baixinhos\/","title":{"rendered":"Festejando a educa\u00e7\u00e3o: A formatura infantil do Col\u00e9gio Zez\u00e9 e Lel\u00e9 na Vila dos Baixinhos"},"content":{"rendered":"\n<p>Foi um dia marcante para as crian\u00e7as do col\u00e9gio Zez\u00e9 e Lel\u00e9, quando chegou a hora de celebrar a conclus\u00e3o do ensino infantil. A formatura foi realizada no Buffet Vila dos Baixinhos, no bairro  , com muita alegria e descontra\u00e7\u00e3o para as crian\u00e7as.<\/p>\n\n\n\n<p>A solenidade foi pensada especialmente para as crian\u00e7as, com brincadeiras, m\u00fasicas animadas e uma decora\u00e7\u00e3o colorida e l\u00fadica. As crian\u00e7as se divertiram muito, dan\u00e7ando, cantando e brincando com seus amigos.<\/p>\n\n\n\n<div class=\"wp-block-jetpack-tiled-gallery aligncenter is-style-rectangular\"><div class=\"tiled-gallery__gallery\"><div class=\"tiled-gallery__row\"><div class=\"tiled-gallery__col\" style=\"flex-basis:42.62479%\"><figure class=\"tiled-gallery__item\"><img decoding=\"async\" srcset=\"https:\/\/i0.wp.com\/biancamachado.com.br\/blog\/wp-content\/uploads\/2023\/02\/001-22-1024x683.jpg?strip=info&#038;w=600&#038;ssl=1 600w,https:\/\/i0.wp.com\/biancamachado.com.br\/blog\/wp-content\/uploads\/2023\/02\/001-22-1024x683.jpg?strip=info&#038;w=900&#038;ssl=1 900w,https:\/\/i0.wp.com\/biancamachado.com.br\/blog\/wp-content\/uploads\/2023\/02\/001-22-1024x683.jpg?strip=info&#038;w=1200&#038;ssl=1 1200w,https:\/\/i0.wp.com\/biancamachado.com.br\/blog\/wp-content\/uploads\/2023\/02\/001-22-1024x683.jpg?strip=info&#038;w=1500&#038;ssl=1 1500w,https:\/\/i0.wp.com\/biancamachado.com.br\/blog\/wp-content\/uploads\/2023\/02\/001-22-1024x683.jpg?strip=info&#038;w=1800&#038;ssl=1 1800w,https:\/\/i0.wp.com\/biancamachado.com.br\/blog\/wp-content\/uploads\/2023\/02\/001-22-1024x683.jpg?strip=info&#038;w=2000&#038;ssl=1 2000w\" alt=\"fotos divertidas de formatura infantil\" data-height=\"1707\" data-id=\"3854\" data-link=\"https:\/\/biancamachado.com.br\/blog\/?attachment_id=3854\" data-url=\"https:\/\/biancamachado.com.br\/blog\/wp-content\/uploads\/2023\/02\/001-22-1024x683.jpg\" data-width=\"2560\" src=\"https:\/\/i0.wp.com\/biancamachado.com.br\/blog\/wp-content\/uploads\/2023\/02\/001-22-1024x683.jpg?ssl=1\" data-amp-layout=\"responsive\"\/><\/figure><figure class=\"tiled-gallery__item\"><img decoding=\"async\" srcset=\"https:\/\/i0.wp.com\/biancamachado.com.br\/blog\/wp-content\/uploads\/2023\/02\/002-16-1024x683.jpg?strip=info&#038;w=600&#038;ssl=1 600w,https:\/\/i0.wp.com\/biancamachado.com.br\/blog\/wp-content\/uploads\/2023\/02\/002-16-1024x683.jpg?strip=info&#038;w=900&#038;ssl=1 900w,https:\/\/i0.wp.com\/biancamachado.com.br\/blog\/wp-content\/uploads\/2023\/02\/002-16-1024x683.jpg?strip=info&#038;w=1200&#038;ssl=1 1200w,https:\/\/i0.wp.com\/biancamachado.com.br\/blog\/wp-content\/uploads\/2023\/02\/002-16-1024x683.jpg?strip=info&#038;w=1500&#038;ssl=1 1500w,https:\/\/i0.wp.com\/biancamachado.com.br\/blog\/wp-content\/uploads\/2023\/02\/002-16-1024x683.jpg?strip=info&#038;w=1800&#038;ssl=1 1800w,https:\/\/i0.wp.com\/biancamachado.com.br\/blog\/wp-content\/uploads\/2023\/02\/002-16-1024x683.jpg?strip=info&#038;w=2000&#038;ssl=1 2000w\" alt=\"formatura infantil col\u00e9gio zez\u00e9 e lel\u00e9\" data-height=\"1707\" data-id=\"3845\" data-link=\"https:\/\/biancamachado.com.br\/blog\/?attachment_id=3845\" data-url=\"https:\/\/biancamachado.com.br\/blog\/wp-content\/uploads\/2023\/02\/002-16-1024x683.jpg\" data-width=\"2560\" src=\"https:\/\/i0.wp.com\/biancamachado.com.br\/blog\/wp-content\/uploads\/2023\/02\/002-16-1024x683.jpg?ssl=1\" data-amp-layout=\"responsive\"\/><\/figure><figure class=\"tiled-gallery__item\"><img decoding=\"async\" srcset=\"https:\/\/i0.wp.com\/biancamachado.com.br\/blog\/wp-content\/uploads\/2023\/02\/004-10-1024x683.jpg?strip=info&#038;w=600&#038;ssl=1 600w,https:\/\/i0.wp.com\/biancamachado.com.br\/blog\/wp-content\/uploads\/2023\/02\/004-10-1024x683.jpg?strip=info&#038;w=900&#038;ssl=1 900w,https:\/\/i0.wp.com\/biancamachado.com.br\/blog\/wp-content\/uploads\/2023\/02\/004-10-1024x683.jpg?strip=info&#038;w=1200&#038;ssl=1 1200w,https:\/\/i0.wp.com\/biancamachado.com.br\/blog\/wp-content\/uploads\/2023\/02\/004-10-1024x683.jpg?strip=info&#038;w=1500&#038;ssl=1 1500w,https:\/\/i0.wp.com\/biancamachado.com.br\/blog\/wp-content\/uploads\/2023\/02\/004-10-1024x683.jpg?strip=info&#038;w=1800&#038;ssl=1 1800w,https:\/\/i0.wp.com\/biancamachado.com.br\/blog\/wp-content\/uploads\/2023\/02\/004-10-1024x683.jpg?strip=info&#038;w=2000&#038;ssl=1 2000w\" alt=\"formutura infantil no buffet vila dos baixinhos\" data-height=\"1707\" data-id=\"3847\" data-link=\"https:\/\/biancamachado.com.br\/blog\/?attachment_id=3847\" data-url=\"https:\/\/biancamachado.com.br\/blog\/wp-content\/uploads\/2023\/02\/004-10-1024x683.jpg\" data-width=\"2560\" src=\"https:\/\/i0.wp.com\/biancamachado.com.br\/blog\/wp-content\/uploads\/2023\/02\/004-10-1024x683.jpg?ssl=1\" data-amp-layout=\"responsive\"\/><\/figure><\/div><div class=\"tiled-gallery__col\" style=\"flex-basis:57.37521%\"><figure class=\"tiled-gallery__item\"><img decoding=\"async\" srcset=\"https:\/\/i0.wp.com\/biancamachado.com.br\/blog\/wp-content\/uploads\/2023\/02\/005-6-683x1024.jpg?strip=info&#038;w=600&#038;ssl=1 600w,https:\/\/i0.wp.com\/biancamachado.com.br\/blog\/wp-content\/uploads\/2023\/02\/005-6-683x1024.jpg?strip=info&#038;w=900&#038;ssl=1 900w,https:\/\/i0.wp.com\/biancamachado.com.br\/blog\/wp-content\/uploads\/2023\/02\/005-6-683x1024.jpg?strip=info&#038;w=1200&#038;ssl=1 1200w,https:\/\/i0.wp.com\/biancamachado.com.br\/blog\/wp-content\/uploads\/2023\/02\/005-6-683x1024.jpg?strip=info&#038;w=1500&#038;ssl=1 1500w,https:\/\/i0.wp.com\/biancamachado.com.br\/blog\/wp-content\/uploads\/2023\/02\/005-6-683x1024.jpg?strip=info&#038;w=1707&#038;ssl=1 1707w\" alt=\"buffet vila dos baixinhos\" data-height=\"2560\" data-id=\"3848\" data-link=\"https:\/\/biancamachado.com.br\/blog\/?attachment_id=3848\" data-url=\"https:\/\/biancamachado.com.br\/blog\/wp-content\/uploads\/2023\/02\/005-6-683x1024.jpg\" data-width=\"1707\" src=\"https:\/\/i0.wp.com\/biancamachado.com.br\/blog\/wp-content\/uploads\/2023\/02\/005-6-683x1024.jpg?ssl=1\" data-amp-layout=\"responsive\"\/><\/figure><\/div><\/div><div class=\"tiled-gallery__row\"><div class=\"tiled-gallery__col\" style=\"flex-basis:66.78742%\"><figure class=\"tiled-gallery__item\"><img decoding=\"async\" srcset=\"https:\/\/i1.wp.com\/biancamachado.com.br\/blog\/wp-content\/uploads\/2023\/02\/007-5-1024x683.jpg?strip=info&#038;w=600&#038;ssl=1 600w,https:\/\/i1.wp.com\/biancamachado.com.br\/blog\/wp-content\/uploads\/2023\/02\/007-5-1024x683.jpg?strip=info&#038;w=900&#038;ssl=1 900w,https:\/\/i1.wp.com\/biancamachado.com.br\/blog\/wp-content\/uploads\/2023\/02\/007-5-1024x683.jpg?strip=info&#038;w=1200&#038;ssl=1 1200w,https:\/\/i1.wp.com\/biancamachado.com.br\/blog\/wp-content\/uploads\/2023\/02\/007-5-1024x683.jpg?strip=info&#038;w=1500&#038;ssl=1 1500w,https:\/\/i1.wp.com\/biancamachado.com.br\/blog\/wp-content\/uploads\/2023\/02\/007-5-1024x683.jpg?strip=info&#038;w=1800&#038;ssl=1 1800w,https:\/\/i1.wp.com\/biancamachado.com.br\/blog\/wp-content\/uploads\/2023\/02\/007-5-1024x683.jpg?strip=info&#038;w=2000&#038;ssl=1 2000w\" alt=\"decora\u00e7\u00e3o formatura infantil\" data-height=\"1707\" data-id=\"3849\" data-link=\"https:\/\/biancamachado.com.br\/blog\/?attachment_id=3849\" data-url=\"https:\/\/biancamachado.com.br\/blog\/wp-content\/uploads\/2023\/02\/007-5-1024x683.jpg\" data-width=\"2560\" src=\"https:\/\/i1.wp.com\/biancamachado.com.br\/blog\/wp-content\/uploads\/2023\/02\/007-5-1024x683.jpg?ssl=1\" data-amp-layout=\"responsive\"\/><\/figure><\/div><div class=\"tiled-gallery__col\" style=\"flex-basis:33.21258%\"><figure class=\"tiled-gallery__item\"><img decoding=\"async\" srcset=\"https:\/\/i1.wp.com\/biancamachado.com.br\/blog\/wp-content\/uploads\/2023\/02\/009-3-1024x683.jpg?strip=info&#038;w=600&#038;ssl=1 600w,https:\/\/i1.wp.com\/biancamachado.com.br\/blog\/wp-content\/uploads\/2023\/02\/009-3-1024x683.jpg?strip=info&#038;w=900&#038;ssl=1 900w,https:\/\/i1.wp.com\/biancamachado.com.br\/blog\/wp-content\/uploads\/2023\/02\/009-3-1024x683.jpg?strip=info&#038;w=1200&#038;ssl=1 1200w,https:\/\/i1.wp.com\/biancamachado.com.br\/blog\/wp-content\/uploads\/2023\/02\/009-3-1024x683.jpg?strip=info&#038;w=1500&#038;ssl=1 1500w,https:\/\/i1.wp.com\/biancamachado.com.br\/blog\/wp-content\/uploads\/2023\/02\/009-3-1024x683.jpg?strip=info&#038;w=1800&#038;ssl=1 1800w,https:\/\/i1.wp.com\/biancamachado.com.br\/blog\/wp-content\/uploads\/2023\/02\/009-3-1024x683.jpg?strip=info&#038;w=2000&#038;ssl=1 2000w\" alt=\"formandos no buffet vila dos baixinhos butanta\" data-height=\"1707\" data-id=\"3850\" data-link=\"https:\/\/biancamachado.com.br\/blog\/?attachment_id=3850\" data-url=\"https:\/\/biancamachado.com.br\/blog\/wp-content\/uploads\/2023\/02\/009-3-1024x683.jpg\" data-width=\"2560\" src=\"https:\/\/i1.wp.com\/biancamachado.com.br\/blog\/wp-content\/uploads\/2023\/02\/009-3-1024x683.jpg?ssl=1\" data-amp-layout=\"responsive\"\/><\/figure><figure class=\"tiled-gallery__item\"><img decoding=\"async\" srcset=\"https:\/\/i0.wp.com\/biancamachado.com.br\/blog\/wp-content\/uploads\/2023\/02\/028-2-1024x683.jpg?strip=info&#038;w=600&#038;ssl=1 600w,https:\/\/i0.wp.com\/biancamachado.com.br\/blog\/wp-content\/uploads\/2023\/02\/028-2-1024x683.jpg?strip=info&#038;w=900&#038;ssl=1 900w,https:\/\/i0.wp.com\/biancamachado.com.br\/blog\/wp-content\/uploads\/2023\/02\/028-2-1024x683.jpg?strip=info&#038;w=1200&#038;ssl=1 1200w,https:\/\/i0.wp.com\/biancamachado.com.br\/blog\/wp-content\/uploads\/2023\/02\/028-2-1024x683.jpg?strip=info&#038;w=1500&#038;ssl=1 1500w,https:\/\/i0.wp.com\/biancamachado.com.br\/blog\/wp-content\/uploads\/2023\/02\/028-2-1024x683.jpg?strip=info&#038;w=1800&#038;ssl=1 1800w,https:\/\/i0.wp.com\/biancamachado.com.br\/blog\/wp-content\/uploads\/2023\/02\/028-2-1024x683.jpg?strip=info&#038;w=2000&#038;ssl=1 2000w\" alt=\"formatura col\u00e9gio zez\u00e9 e lel\u00e9\" data-height=\"1707\" data-id=\"3851\" data-link=\"https:\/\/biancamachado.com.br\/blog\/?attachment_id=3851\" data-url=\"https:\/\/biancamachado.com.br\/blog\/wp-content\/uploads\/2023\/02\/028-2-1024x683.jpg\" data-width=\"2560\" src=\"https:\/\/i0.wp.com\/biancamachado.com.br\/blog\/wp-content\/uploads\/2023\/02\/028-2-1024x683.jpg?ssl=1\" data-amp-layout=\"responsive\"\/><\/figure><\/div><\/div><div class=\"tiled-gallery__row\"><div class=\"tiled-gallery__col\" style=\"flex-basis:50.00000%\"><figure class=\"tiled-gallery__item\"><img decoding=\"async\" srcset=\"https:\/\/i1.wp.com\/biancamachado.com.br\/blog\/wp-content\/uploads\/2023\/02\/039-1-1024x683.jpg?strip=info&#038;w=600&#038;ssl=1 600w,https:\/\/i1.wp.com\/biancamachado.com.br\/blog\/wp-content\/uploads\/2023\/02\/039-1-1024x683.jpg?strip=info&#038;w=900&#038;ssl=1 900w,https:\/\/i1.wp.com\/biancamachado.com.br\/blog\/wp-content\/uploads\/2023\/02\/039-1-1024x683.jpg?strip=info&#038;w=1200&#038;ssl=1 1200w,https:\/\/i1.wp.com\/biancamachado.com.br\/blog\/wp-content\/uploads\/2023\/02\/039-1-1024x683.jpg?strip=info&#038;w=1500&#038;ssl=1 1500w,https:\/\/i1.wp.com\/biancamachado.com.br\/blog\/wp-content\/uploads\/2023\/02\/039-1-1024x683.jpg?strip=info&#038;w=1800&#038;ssl=1 1800w,https:\/\/i1.wp.com\/biancamachado.com.br\/blog\/wp-content\/uploads\/2023\/02\/039-1-1024x683.jpg?strip=info&#038;w=2000&#038;ssl=1 2000w\" alt=\"formatura infantil\" data-height=\"1707\" data-id=\"3852\" data-link=\"https:\/\/biancamachado.com.br\/blog\/?attachment_id=3852\" data-url=\"https:\/\/biancamachado.com.br\/blog\/wp-content\/uploads\/2023\/02\/039-1-1024x683.jpg\" data-width=\"2560\" src=\"https:\/\/i1.wp.com\/biancamachado.com.br\/blog\/wp-content\/uploads\/2023\/02\/039-1-1024x683.jpg?ssl=1\" data-amp-layout=\"responsive\"\/><\/figure><\/div><div class=\"tiled-gallery__col\" style=\"flex-basis:50.00000%\"><figure class=\"tiled-gallery__item\"><img decoding=\"async\" srcset=\"https:\/\/i2.wp.com\/biancamachado.com.br\/blog\/wp-content\/uploads\/2023\/02\/059-3-1024x683.jpg?strip=info&#038;w=600&#038;ssl=1 600w,https:\/\/i2.wp.com\/biancamachado.com.br\/blog\/wp-content\/uploads\/2023\/02\/059-3-1024x683.jpg?strip=info&#038;w=900&#038;ssl=1 900w,https:\/\/i2.wp.com\/biancamachado.com.br\/blog\/wp-content\/uploads\/2023\/02\/059-3-1024x683.jpg?strip=info&#038;w=1200&#038;ssl=1 1200w,https:\/\/i2.wp.com\/biancamachado.com.br\/blog\/wp-content\/uploads\/2023\/02\/059-3-1024x683.jpg?strip=info&#038;w=1500&#038;ssl=1 1500w,https:\/\/i2.wp.com\/biancamachado.com.br\/blog\/wp-content\/uploads\/2023\/02\/059-3-1024x683.jpg?strip=info&#038;w=1800&#038;ssl=1 1800w,https:\/\/i2.wp.com\/biancamachado.com.br\/blog\/wp-content\/uploads\/2023\/02\/059-3-1024x683.jpg?strip=info&#038;w=2000&#038;ssl=1 2000w\" alt=\"fotos de formatura infantil profissional\" data-height=\"1707\" data-id=\"3853\" data-link=\"https:\/\/biancamachado.com.br\/blog\/?attachment_id=3853\" data-url=\"https:\/\/biancamachado.com.br\/blog\/wp-content\/uploads\/2023\/02\/059-3-1024x683.jpg\" data-width=\"2560\" src=\"https:\/\/i2.wp.com\/biancamachado.com.br\/blog\/wp-content\/uploads\/2023\/02\/059-3-1024x683.jpg?ssl=1\" data-amp-layout=\"responsive\"\/><\/figure><\/div><\/div><\/div><\/div>\n\n\n\n<p>As fotos da formatura foram capturadas pelos fot\u00f3grafos, registrando todos os momentos especiais da cerim\u00f4nia, desde a entrada emocionada das crian\u00e7as at\u00e9 o momento da entrega dos diplomas. Foi poss\u00edvel ver no olhar das crian\u00e7as, a alegria e o orgulho de ter conclu\u00eddo o ensino infantil.<\/p>\n\n\n\n<p>Al\u00e9m disso, a presen\u00e7a dos pais, av\u00f3s e demais familiares, tornou o dia ainda mais especial. Eles puderam prestigiar a formatura de seus filhos e netos e celebrar essa etapa importante da vida dessas crian\u00e7as.<\/p>\n\n\n\n<p>A formatura infantil do col\u00e9gio Zez\u00e9 e Lel\u00e9 foi um dia de muita alegria e celebra\u00e7\u00e3o. As fotos registraram todos esses momentos especiais para sempre e ser\u00e3o recordadas por todos por muitos anos.<\/p>\nVisite tamb\u00e9m nosso site: www.biancamachado.com.br\r\n(11) 97107-1018\r\n\r\nAtendemos as regi\u00f5es de S\u00e3o Paulo, Sorocaba, Ibi\u00fana, Piedade, Votorantim, Cotia, Itupeva, Jundia\u00ed, It\u00fa e Campinas","protected":false},"excerpt":{"rendered":"<p>Foi um dia marcante para as crian\u00e7as do col\u00e9gio Zez\u00e9 e Lel\u00e9, quando chegou a hora de celebrar a conclus\u00e3o do ensino infantil. A formatura foi realizada no Buffet Vila dos Baixinhos, no bairro Butant\u00e3, com muita alegria e descontra\u00e7\u00e3o para as crian\u00e7as.<\/p>\n","protected":false},"author":1,"featured_media":3854,"comment_status":"open","ping_status":"open","sticky":false,"template":"","format":"standard","meta":{"_monsterinsights_skip_tracking":false,"_monsterinsights_sitenote_active":false,"_monsterinsights_sitenote_note":"","_monsterinsights_sitenote_category":0,"jetpack_post_was_ever_published":false,"_jetpack_newsletter_access":"","_jetpack_dont_email_post_to_subs":false,"_jetpack_newsletter_tier_id":0,"_jetpack_memberships_contains_paywalled_content":false,"_jetpack_memberships_contains_paid_content":false,"_joinchat":[],"footnotes":""},"categories":[595],"tags":[955,954,957,539,958,956],"class_list":["post-3844","post","type-post","status-publish","format-standard","has-post-thumbnail","hentry","category-formatura","tag-buffet-vila-dos-baixinhos","tag-butanta","tag-colegio-zeze-e-lele","tag-criancas","tag-formatura-infantil","tag-solenidade"],"yoast_head":"<!-- This site is optimized with the Yoast SEO plugin v27.4 - https:\/\/yoast.com\/product\/yoast-seo-wordpress\/ -->\n<title>Festejando a educa\u00e7\u00e3o: A formatura infantil do Col\u00e9gio Zez\u00e9 e Lel\u00e9 na Vila dos Baixinhos - STUDIO BIANCA MACHADO<\/title>\n<meta name=\"description\" content=\"Foi um dia marcante para as crian\u00e7as do col\u00e9gio Zez\u00e9 e Lel\u00e9, quando chegou a hora de celebrar a conclus\u00e3o do ensino infantil. A formatura foi realizada no Buffet Vila dos Baixinhos, no bairro Butant\u00e3, com muita alegria e descontra\u00e7\u00e3o para as crian\u00e7as.\" \/>\n<meta name=\"robots\" content=\"index, follow, max-snippet:-1, max-image-preview:large, max-video-preview:-1\" \/>\n<link rel=\"canonical\" href=\"https:\/\/biancamachado.com.br\/blog\/festejando-a-educacao-a-formatura-infantil-do-colegio-zeze-e-lele-na-vila-dos-baixinhos\/\" \/>\n<meta property=\"og:locale\" content=\"pt_BR\" \/>\n<meta property=\"og:type\" content=\"article\" \/>\n<meta property=\"og:title\" content=\"Festejando a educa\u00e7\u00e3o: A formatura infantil do Col\u00e9gio Zez\u00e9 e Lel\u00e9 na Vila dos Baixinhos - STUDIO BIANCA MACHADO\" \/>\n<meta property=\"og:description\" content=\"Foi um dia marcante para as crian\u00e7as do col\u00e9gio Zez\u00e9 e Lel\u00e9, quando chegou a hora de celebrar a conclus\u00e3o do ensino infantil. A formatura foi realizada no Buffet Vila dos Baixinhos, no bairro Butant\u00e3, com muita alegria e descontra\u00e7\u00e3o para as crian\u00e7as.\" \/>\n<meta property=\"og:url\" content=\"https:\/\/biancamachado.com.br\/blog\/festejando-a-educacao-a-formatura-infantil-do-colegio-zeze-e-lele-na-vila-dos-baixinhos\/\" \/>\n<meta property=\"og:site_name\" content=\"STUDIO BIANCA MACHADO\" \/>\n<meta property=\"article:publisher\" content=\"https:\/\/www.facebook.com\/Studiobiancamachado\/\" \/>\n<meta property=\"article:published_time\" content=\"2023-02-22T21:05:10+00:00\" \/>\n<meta property=\"article:modified_time\" content=\"2023-02-22T21:05:12+00:00\" \/>\n<meta property=\"og:image\" content=\"https:\/\/biancamachado.com.br\/blog\/wp-content\/uploads\/2023\/02\/001-22-scaled.jpg?v=1677099774\" \/>\n\t<meta property=\"og:image:width\" content=\"2560\" \/>\n\t<meta property=\"og:image:height\" content=\"1707\" \/>\n\t<meta property=\"og:image:type\" content=\"image\/jpeg\" \/>\n<meta name=\"author\" content=\"biancamachado\" \/>\n<meta name=\"twitter:card\" content=\"summary_large_image\" \/>\n<meta name=\"twitter:label1\" content=\"Escrito por\" \/>\n\t<meta name=\"twitter:data1\" content=\"biancamachado\" \/>\n\t<meta name=\"twitter:label2\" content=\"Est. tempo de leitura\" \/>\n\t<meta name=\"twitter:data2\" content=\"3 minutos\" \/>\n<script type=\"application\/ld+json\" class=\"yoast-schema-graph\">{\"@context\":\"https:\\\/\\\/schema.org\",\"@graph\":[{\"@type\":\"Article\",\"@id\":\"https:\\\/\\\/biancamachado.com.br\\\/blog\\\/festejando-a-educacao-a-formatura-infantil-do-colegio-zeze-e-lele-na-vila-dos-baixinhos\\\/#article\",\"isPartOf\":{\"@id\":\"https:\\\/\\\/biancamachado.com.br\\\/blog\\\/festejando-a-educacao-a-formatura-infantil-do-colegio-zeze-e-lele-na-vila-dos-baixinhos\\\/\"},\"author\":{\"name\":\"biancamachado\",\"@id\":\"https:\\\/\\\/biancamachado.com.br\\\/blog\\\/#\\\/schema\\\/person\\\/990263800ec5e9bdbbf092a2353550a1\"},\"headline\":\"Festejando a educa\u00e7\u00e3o: A formatura infantil do Col\u00e9gio Zez\u00e9 e Lel\u00e9 na Vila dos Baixinhos\",\"datePublished\":\"2023-02-22T21:05:10+00:00\",\"dateModified\":\"2023-02-22T21:05:12+00:00\",\"mainEntityOfPage\":{\"@id\":\"https:\\\/\\\/biancamachado.com.br\\\/blog\\\/festejando-a-educacao-a-formatura-infantil-do-colegio-zeze-e-lele-na-vila-dos-baixinhos\\\/\"},\"wordCount\":228,\"commentCount\":0,\"publisher\":{\"@id\":\"https:\\\/\\\/biancamachado.com.br\\\/blog\\\/#organization\"},\"image\":{\"@id\":\"https:\\\/\\\/biancamachado.com.br\\\/blog\\\/festejando-a-educacao-a-formatura-infantil-do-colegio-zeze-e-lele-na-vila-dos-baixinhos\\\/#primaryimage\"},\"thumbnailUrl\":\"https:\\\/\\\/i0.wp.com\\\/biancamachado.com.br\\\/blog\\\/wp-content\\\/uploads\\\/2023\\\/02\\\/001-22-scaled.jpg?fit=2560%2C1707&ssl=1?v=1677099774\",\"keywords\":[\"Buffet Vila dos Baixinhos\",\"Butant\u00e3\",\"col\u00e9gio Zez\u00e9 e Lel\u00e9\",\"crian\u00e7as\",\"formatura infantil\",\"solenidade\"],\"articleSection\":[\"Formatura\"],\"inLanguage\":\"pt-BR\",\"potentialAction\":[{\"@type\":\"CommentAction\",\"name\":\"Comment\",\"target\":[\"https:\\\/\\\/biancamachado.com.br\\\/blog\\\/festejando-a-educacao-a-formatura-infantil-do-colegio-zeze-e-lele-na-vila-dos-baixinhos\\\/#respond\"]}]},{\"@type\":\"WebPage\",\"@id\":\"https:\\\/\\\/biancamachado.com.br\\\/blog\\\/festejando-a-educacao-a-formatura-infantil-do-colegio-zeze-e-lele-na-vila-dos-baixinhos\\\/\",\"url\":\"https:\\\/\\\/biancamachado.com.br\\\/blog\\\/festejando-a-educacao-a-formatura-infantil-do-colegio-zeze-e-lele-na-vila-dos-baixinhos\\\/\",\"name\":\"Festejando a educa\u00e7\u00e3o: A formatura infantil do Col\u00e9gio Zez\u00e9 e Lel\u00e9 na Vila dos Baixinhos - STUDIO BIANCA MACHADO\",\"isPartOf\":{\"@id\":\"https:\\\/\\\/biancamachado.com.br\\\/blog\\\/#website\"},\"primaryImageOfPage\":{\"@id\":\"https:\\\/\\\/biancamachado.com.br\\\/blog\\\/festejando-a-educacao-a-formatura-infantil-do-colegio-zeze-e-lele-na-vila-dos-baixinhos\\\/#primaryimage\"},\"image\":{\"@id\":\"https:\\\/\\\/biancamachado.com.br\\\/blog\\\/festejando-a-educacao-a-formatura-infantil-do-colegio-zeze-e-lele-na-vila-dos-baixinhos\\\/#primaryimage\"},\"thumbnailUrl\":\"https:\\\/\\\/i0.wp.com\\\/biancamachado.com.br\\\/blog\\\/wp-content\\\/uploads\\\/2023\\\/02\\\/001-22-scaled.jpg?fit=2560%2C1707&ssl=1?v=1677099774\",\"datePublished\":\"2023-02-22T21:05:10+00:00\",\"dateModified\":\"2023-02-22T21:05:12+00:00\",\"description\":\"Foi um dia marcante para as crian\u00e7as do col\u00e9gio Zez\u00e9 e Lel\u00e9, quando chegou a hora de celebrar a conclus\u00e3o do ensino infantil. A formatura foi realizada no Buffet Vila dos Baixinhos, no bairro Butant\u00e3, com muita alegria e descontra\u00e7\u00e3o para as crian\u00e7as.\",\"breadcrumb\":{\"@id\":\"https:\\\/\\\/biancamachado.com.br\\\/blog\\\/festejando-a-educacao-a-formatura-infantil-do-colegio-zeze-e-lele-na-vila-dos-baixinhos\\\/#breadcrumb\"},\"inLanguage\":\"pt-BR\",\"potentialAction\":[{\"@type\":\"ReadAction\",\"target\":[\"https:\\\/\\\/biancamachado.com.br\\\/blog\\\/festejando-a-educacao-a-formatura-infantil-do-colegio-zeze-e-lele-na-vila-dos-baixinhos\\\/\"]}]},{\"@type\":\"ImageObject\",\"inLanguage\":\"pt-BR\",\"@id\":\"https:\\\/\\\/biancamachado.com.br\\\/blog\\\/festejando-a-educacao-a-formatura-infantil-do-colegio-zeze-e-lele-na-vila-dos-baixinhos\\\/#primaryimage\",\"url\":\"https:\\\/\\\/i0.wp.com\\\/biancamachado.com.br\\\/blog\\\/wp-content\\\/uploads\\\/2023\\\/02\\\/001-22-scaled.jpg?fit=2560%2C1707&ssl=1?v=1677099774\",\"contentUrl\":\"https:\\\/\\\/i0.wp.com\\\/biancamachado.com.br\\\/blog\\\/wp-content\\\/uploads\\\/2023\\\/02\\\/001-22-scaled.jpg?fit=2560%2C1707&ssl=1?v=1677099774\",\"width\":2560,\"height\":1707,\"caption\":\"fotos divertidas de formatura infantil\"},{\"@type\":\"BreadcrumbList\",\"@id\":\"https:\\\/\\\/biancamachado.com.br\\\/blog\\\/festejando-a-educacao-a-formatura-infantil-do-colegio-zeze-e-lele-na-vila-dos-baixinhos\\\/#breadcrumb\",\"itemListElement\":[{\"@type\":\"ListItem\",\"position\":1,\"name\":\"In\u00edcio\",\"item\":\"https:\\\/\\\/biancamachado.com.br\\\/blog\\\/\"},{\"@type\":\"ListItem\",\"position\":2,\"name\":\"Festejando a educa\u00e7\u00e3o: A formatura infantil do Col\u00e9gio Zez\u00e9 e Lel\u00e9 na Vila dos Baixinhos\"}]},{\"@type\":\"WebSite\",\"@id\":\"https:\\\/\\\/biancamachado.com.br\\\/blog\\\/#website\",\"url\":\"https:\\\/\\\/biancamachado.com.br\\\/blog\\\/\",\"name\":\"STUDIO BIANCA MACHADO\",\"description\":\"Estudio Fotografico, Ensaios e Books de foto profissional\",\"publisher\":{\"@id\":\"https:\\\/\\\/biancamachado.com.br\\\/blog\\\/#organization\"},\"potentialAction\":[{\"@type\":\"SearchAction\",\"target\":{\"@type\":\"EntryPoint\",\"urlTemplate\":\"https:\\\/\\\/biancamachado.com.br\\\/blog\\\/?s={search_term_string}\"},\"query-input\":{\"@type\":\"PropertyValueSpecification\",\"valueRequired\":true,\"valueName\":\"search_term_string\"}}],\"inLanguage\":\"pt-BR\"},{\"@type\":\"Organization\",\"@id\":\"https:\\\/\\\/biancamachado.com.br\\\/blog\\\/#organization\",\"name\":\"STUDIO BIANCA MACHADO\",\"url\":\"https:\\\/\\\/biancamachado.com.br\\\/blog\\\/\",\"logo\":{\"@type\":\"ImageObject\",\"inLanguage\":\"pt-BR\",\"@id\":\"https:\\\/\\\/biancamachado.com.br\\\/blog\\\/#\\\/schema\\\/logo\\\/image\\\/\",\"url\":\"https:\\\/\\\/i0.wp.com\\\/biancamachado.com.br\\\/blog\\\/wp-content\\\/uploads\\\/2021\\\/02\\\/cropped-logo-ml.jpg?fit=278%2C100&ssl=1\",\"contentUrl\":\"https:\\\/\\\/i0.wp.com\\\/biancamachado.com.br\\\/blog\\\/wp-content\\\/uploads\\\/2021\\\/02\\\/cropped-logo-ml.jpg?fit=278%2C100&ssl=1\",\"width\":278,\"height\":100,\"caption\":\"STUDIO BIANCA MACHADO\"},\"image\":{\"@id\":\"https:\\\/\\\/biancamachado.com.br\\\/blog\\\/#\\\/schema\\\/logo\\\/image\\\/\"},\"sameAs\":[\"https:\\\/\\\/www.facebook.com\\\/Studiobiancamachado\\\/\",\"https:\\\/\\\/www.instagram.com\\\/Studiobiancamachado\\\/\"]},{\"@type\":\"Person\",\"@id\":\"https:\\\/\\\/biancamachado.com.br\\\/blog\\\/#\\\/schema\\\/person\\\/990263800ec5e9bdbbf092a2353550a1\",\"name\":\"biancamachado\",\"image\":{\"@type\":\"ImageObject\",\"inLanguage\":\"pt-BR\",\"@id\":\"https:\\\/\\\/secure.gravatar.com\\\/avatar\\\/62b1a50f2632dbc2e279c3eb55aa46cc324c969cff16a69c59756d155316542c?s=96&d=mm&r=g\",\"url\":\"https:\\\/\\\/secure.gravatar.com\\\/avatar\\\/62b1a50f2632dbc2e279c3eb55aa46cc324c969cff16a69c59756d155316542c?s=96&d=mm&r=g\",\"contentUrl\":\"https:\\\/\\\/secure.gravatar.com\\\/avatar\\\/62b1a50f2632dbc2e279c3eb55aa46cc324c969cff16a69c59756d155316542c?s=96&d=mm&r=g\",\"caption\":\"biancamachado\"},\"sameAs\":[\"https:\\\/\\\/biancamachado.com.br\\\/blog\"],\"url\":\"https:\\\/\\\/biancamachado.com.br\\\/blog\\\/author\\\/biancamachado\\\/\"}]}<\/script>\n<!-- \/ Yoast SEO plugin. -->","yoast_head_json":{"title":"Festejando a educa\u00e7\u00e3o: A formatura infantil do Col\u00e9gio Zez\u00e9 e Lel\u00e9 na Vila dos Baixinhos - STUDIO BIANCA MACHADO","description":"Foi um dia marcante para as crian\u00e7as do col\u00e9gio Zez\u00e9 e Lel\u00e9, quando chegou a hora de celebrar a conclus\u00e3o do ensino infantil. A formatura foi realizada no Buffet Vila dos Baixinhos, no bairro Butant\u00e3, com muita alegria e descontra\u00e7\u00e3o para as crian\u00e7as.","robots":{"index":"index","follow":"follow","max-snippet":"max-snippet:-1","max-image-preview":"max-image-preview:large","max-video-preview":"max-video-preview:-1"},"canonical":"https:\/\/biancamachado.com.br\/blog\/festejando-a-educacao-a-formatura-infantil-do-colegio-zeze-e-lele-na-vila-dos-baixinhos\/","og_locale":"pt_BR","og_type":"article","og_title":"Festejando a educa\u00e7\u00e3o: A formatura infantil do Col\u00e9gio Zez\u00e9 e Lel\u00e9 na Vila dos Baixinhos - STUDIO BIANCA MACHADO","og_description":"Foi um dia marcante para as crian\u00e7as do col\u00e9gio Zez\u00e9 e Lel\u00e9, quando chegou a hora de celebrar a conclus\u00e3o do ensino infantil. A formatura foi realizada no Buffet Vila dos Baixinhos, no bairro Butant\u00e3, com muita alegria e descontra\u00e7\u00e3o para as crian\u00e7as.","og_url":"https:\/\/biancamachado.com.br\/blog\/festejando-a-educacao-a-formatura-infantil-do-colegio-zeze-e-lele-na-vila-dos-baixinhos\/","og_site_name":"STUDIO BIANCA MACHADO","article_publisher":"https:\/\/www.facebook.com\/Studiobiancamachado\/","article_published_time":"2023-02-22T21:05:10+00:00","article_modified_time":"2023-02-22T21:05:12+00:00","og_image":[{"width":2560,"height":1707,"url":"https:\/\/biancamachado.com.br\/blog\/wp-content\/uploads\/2023\/02\/001-22-scaled.jpg?v=1677099774","type":"image\/jpeg"}],"author":"biancamachado","twitter_card":"summary_large_image","twitter_misc":{"Escrito por":"biancamachado","Est. tempo de leitura":"3 minutos"},"schema":{"@context":"https:\/\/schema.org","@graph":[{"@type":"Article","@id":"https:\/\/biancamachado.com.br\/blog\/festejando-a-educacao-a-formatura-infantil-do-colegio-zeze-e-lele-na-vila-dos-baixinhos\/#article","isPartOf":{"@id":"https:\/\/biancamachado.com.br\/blog\/festejando-a-educacao-a-formatura-infantil-do-colegio-zeze-e-lele-na-vila-dos-baixinhos\/"},"author":{"name":"biancamachado","@id":"https:\/\/biancamachado.com.br\/blog\/#\/schema\/person\/990263800ec5e9bdbbf092a2353550a1"},"headline":"Festejando a educa\u00e7\u00e3o: A formatura infantil do Col\u00e9gio Zez\u00e9 e Lel\u00e9 na Vila dos Baixinhos","datePublished":"2023-02-22T21:05:10+00:00","dateModified":"2023-02-22T21:05:12+00:00","mainEntityOfPage":{"@id":"https:\/\/biancamachado.com.br\/blog\/festejando-a-educacao-a-formatura-infantil-do-colegio-zeze-e-lele-na-vila-dos-baixinhos\/"},"wordCount":228,"commentCount":0,"publisher":{"@id":"https:\/\/biancamachado.com.br\/blog\/#organization"},"image":{"@id":"https:\/\/biancamachado.com.br\/blog\/festejando-a-educacao-a-formatura-infantil-do-colegio-zeze-e-lele-na-vila-dos-baixinhos\/#primaryimage"},"thumbnailUrl":"https:\/\/i0.wp.com\/biancamachado.com.br\/blog\/wp-content\/uploads\/2023\/02\/001-22-scaled.jpg?fit=2560%2C1707&ssl=1?v=1677099774","keywords":["Buffet Vila dos Baixinhos","Butant\u00e3","col\u00e9gio Zez\u00e9 e Lel\u00e9","crian\u00e7as","formatura infantil","solenidade"],"articleSection":["Formatura"],"inLanguage":"pt-BR","potentialAction":[{"@type":"CommentAction","name":"Comment","target":["https:\/\/biancamachado.com.br\/blog\/festejando-a-educacao-a-formatura-infantil-do-colegio-zeze-e-lele-na-vila-dos-baixinhos\/#respond"]}]},{"@type":"WebPage","@id":"https:\/\/biancamachado.com.br\/blog\/festejando-a-educacao-a-formatura-infantil-do-colegio-zeze-e-lele-na-vila-dos-baixinhos\/","url":"https:\/\/biancamachado.com.br\/blog\/festejando-a-educacao-a-formatura-infantil-do-colegio-zeze-e-lele-na-vila-dos-baixinhos\/","name":"Festejando a educa\u00e7\u00e3o: A formatura infantil do Col\u00e9gio Zez\u00e9 e Lel\u00e9 na Vila dos Baixinhos - STUDIO BIANCA MACHADO","isPartOf":{"@id":"https:\/\/biancamachado.com.br\/blog\/#website"},"primaryImageOfPage":{"@id":"https:\/\/biancamachado.com.br\/blog\/festejando-a-educacao-a-formatura-infantil-do-colegio-zeze-e-lele-na-vila-dos-baixinhos\/#primaryimage"},"image":{"@id":"https:\/\/biancamachado.com.br\/blog\/festejando-a-educacao-a-formatura-infantil-do-colegio-zeze-e-lele-na-vila-dos-baixinhos\/#primaryimage"},"thumbnailUrl":"https:\/\/i0.wp.com\/biancamachado.com.br\/blog\/wp-content\/uploads\/2023\/02\/001-22-scaled.jpg?fit=2560%2C1707&ssl=1?v=1677099774","datePublished":"2023-02-22T21:05:10+00:00","dateModified":"2023-02-22T21:05:12+00:00","description":"Foi um dia marcante para as crian\u00e7as do col\u00e9gio Zez\u00e9 e Lel\u00e9, quando chegou a hora de celebrar a conclus\u00e3o do ensino infantil. A formatura foi realizada no Buffet Vila dos Baixinhos, no bairro Butant\u00e3, com muita alegria e descontra\u00e7\u00e3o para as crian\u00e7as.","breadcrumb":{"@id":"https:\/\/biancamachado.com.br\/blog\/festejando-a-educacao-a-formatura-infantil-do-colegio-zeze-e-lele-na-vila-dos-baixinhos\/#breadcrumb"},"inLanguage":"pt-BR","potentialAction":[{"@type":"ReadAction","target":["https:\/\/biancamachado.com.br\/blog\/festejando-a-educacao-a-formatura-infantil-do-colegio-zeze-e-lele-na-vila-dos-baixinhos\/"]}]},{"@type":"ImageObject","inLanguage":"pt-BR","@id":"https:\/\/biancamachado.com.br\/blog\/festejando-a-educacao-a-formatura-infantil-do-colegio-zeze-e-lele-na-vila-dos-baixinhos\/#primaryimage","url":"https:\/\/i0.wp.com\/biancamachado.com.br\/blog\/wp-content\/uploads\/2023\/02\/001-22-scaled.jpg?fit=2560%2C1707&ssl=1?v=1677099774","contentUrl":"https:\/\/i0.wp.com\/biancamachado.com.br\/blog\/wp-content\/uploads\/2023\/02\/001-22-scaled.jpg?fit=2560%2C1707&ssl=1?v=1677099774","width":2560,"height":1707,"caption":"fotos divertidas de formatura infantil"},{"@type":"BreadcrumbList","@id":"https:\/\/biancamachado.com.br\/blog\/festejando-a-educacao-a-formatura-infantil-do-colegio-zeze-e-lele-na-vila-dos-baixinhos\/#breadcrumb","itemListElement":[{"@type":"ListItem","position":1,"name":"In\u00edcio","item":"https:\/\/biancamachado.com.br\/blog\/"},{"@type":"ListItem","position":2,"name":"Festejando a educa\u00e7\u00e3o: A formatura infantil do Col\u00e9gio Zez\u00e9 e Lel\u00e9 na Vila dos Baixinhos"}]},{"@type":"WebSite","@id":"https:\/\/biancamachado.com.br\/blog\/#website","url":"https:\/\/biancamachado.com.br\/blog\/","name":"STUDIO BIANCA MACHADO","description":"Estudio Fotografico, Ensaios e Books de foto profissional","publisher":{"@id":"https:\/\/biancamachado.com.br\/blog\/#organization"},"potentialAction":[{"@type":"SearchAction","target":{"@type":"EntryPoint","urlTemplate":"https:\/\/biancamachado.com.br\/blog\/?s={search_term_string}"},"query-input":{"@type":"PropertyValueSpecification","valueRequired":true,"valueName":"search_term_string"}}],"inLanguage":"pt-BR"},{"@type":"Organization","@id":"https:\/\/biancamachado.com.br\/blog\/#organization","name":"STUDIO BIANCA MACHADO","url":"https:\/\/biancamachado.com.br\/blog\/","logo":{"@type":"ImageObject","inLanguage":"pt-BR","@id":"https:\/\/biancamachado.com.br\/blog\/#\/schema\/logo\/image\/","url":"https:\/\/i0.wp.com\/biancamachado.com.br\/blog\/wp-content\/uploads\/2021\/02\/cropped-logo-ml.jpg?fit=278%2C100&ssl=1","contentUrl":"https:\/\/i0.wp.com\/biancamachado.com.br\/blog\/wp-content\/uploads\/2021\/02\/cropped-logo-ml.jpg?fit=278%2C100&ssl=1","width":278,"height":100,"caption":"STUDIO BIANCA MACHADO"},"image":{"@id":"https:\/\/biancamachado.com.br\/blog\/#\/schema\/logo\/image\/"},"sameAs":["https:\/\/www.facebook.com\/Studiobiancamachado\/","https:\/\/www.instagram.com\/Studiobiancamachado\/"]},{"@type":"Person","@id":"https:\/\/biancamachado.com.br\/blog\/#\/schema\/person\/990263800ec5e9bdbbf092a2353550a1","name":"biancamachado","image":{"@type":"ImageObject","inLanguage":"pt-BR","@id":"https:\/\/secure.gravatar.com\/avatar\/62b1a50f2632dbc2e279c3eb55aa46cc324c969cff16a69c59756d155316542c?s=96&d=mm&r=g","url":"https:\/\/secure.gravatar.com\/avatar\/62b1a50f2632dbc2e279c3eb55aa46cc324c969cff16a69c59756d155316542c?s=96&d=mm&r=g","contentUrl":"https:\/\/secure.gravatar.com\/avatar\/62b1a50f2632dbc2e279c3eb55aa46cc324c969cff16a69c59756d155316542c?s=96&d=mm&r=g","caption":"biancamachado"},"sameAs":["https:\/\/biancamachado.com.br\/blog"],"url":"https:\/\/biancamachado.com.br\/blog\/author\/biancamachado\/"}]}},"jetpack_featured_media_url":"https:\/\/i0.wp.com\/biancamachado.com.br\/blog\/wp-content\/uploads\/2023\/02\/001-22-scaled.jpg?fit=2560%2C1707&ssl=1?v=1677099774","jetpack-related-posts":[],"jetpack_sharing_enabled":true,"_links":{"self":[{"href":"https:\/\/biancamachado.com.br\/blog\/wp-json\/wp\/v2\/posts\/3844","targetHints":{"allow":["GET"]}}],"collection":[{"href":"https:\/\/biancamachado.com.br\/blog\/wp-json\/wp\/v2\/posts"}],"about":[{"href":"https:\/\/biancamachado.com.br\/blog\/wp-json\/wp\/v2\/types\/post"}],"author":[{"embeddable":true,"href":"https:\/\/biancamachado.com.br\/blog\/wp-json\/wp\/v2\/users\/1"}],"replies":[{"embeddable":true,"href":"https:\/\/biancamachado.com.br\/blog\/wp-json\/wp\/v2\/comments?post=3844"}],"version-history":[{"count":1,"href":"https:\/\/biancamachado.com.br\/blog\/wp-json\/wp\/v2\/posts\/3844\/revisions"}],"predecessor-version":[{"id":3855,"href":"https:\/\/biancamachado.com.br\/blog\/wp-json\/wp\/v2\/posts\/3844\/revisions\/3855"}],"wp:featuredmedia":[{"embeddable":true,"href":"https:\/\/biancamachado.com.br\/blog\/wp-json\/wp\/v2\/media\/3854"}],"wp:attachment":[{"href":"https:\/\/biancamachado.com.br\/blog\/wp-json\/wp\/v2\/media?parent=3844"}],"wp:term":[{"taxonomy":"category","embeddable":true,"href":"https:\/\/biancamachado.com.br\/blog\/wp-json\/wp\/v2\/categories?post=3844"},{"taxonomy":"post_tag","embeddable":true,"href":"https:\/\/biancamachado.com.br\/blog\/wp-json\/wp\/v2\/tags?post=3844"}],"curies":[{"name":"wp","href":"https:\/\/api.w.org\/{rel}","templated":true}]}}