{"id":383,"date":"2012-12-27T15:01:00","date_gmt":"2012-12-27T17:01:00","guid":{"rendered":"https:\/\/biancamachado.com.br\/blog\/?p=383"},"modified":"2021-02-17T23:37:56","modified_gmt":"2021-02-18T02:37:56","slug":"precos-de-fotos-para-gestantes-e-gravidas-em-casa","status":"publish","type":"post","link":"https:\/\/biancamachado.com.br\/blog\/precos-de-fotos-para-gestantes-e-gravidas-em-casa\/","title":{"rendered":"Pre\u00e7os de Fotos para Gestantes e Gr\u00e1vidas em casa"},"content":{"rendered":"<p>Agora atendemos tamb\u00e9m \u00e0 domic\u00edlio para fazer sua sess\u00e3o de Book Gestante.<br \/>Com detalhes da decora\u00e7\u00e3o do quartinho do beb\u00ea e usando toda a nossa sensibilidade para retratar esse momento t\u00e3o importante da espera da chegada do beb\u00ea.<\/p>\n<p><\/p>\n<table align=\"center\" cellpadding=\"0\" cellspacing=\"0\" style=\"margin-left: auto; margin-right: auto; text-align: center;\">\n<tbody>\n<tr>\n<td style=\"text-align: center;\"><a href=\"https:\/\/i0.wp.com\/2.bp.blogspot.com\/-WfjDFh20Jec\/UNyLxxT3VJI\/AAAAAAAAJEM\/u6ox6rx_OGk\/s1600\/desconto%2Bde%2Bbook%2Bgestante%2Bem%2Bdomicilio.jpg\" style=\"margin-left: auto; margin-right: auto;\"><img data-recalc-dims=\"1\" loading=\"lazy\" decoding=\"async\" alt=\"desconto de book gestante em domicilio\" border=\"0\" height=\"426\" src=\"https:\/\/i0.wp.com\/2.bp.blogspot.com\/-WfjDFh20Jec\/UNyLxxT3VJI\/AAAAAAAAJEM\/u6ox6rx_OGk\/s640\/desconto%2Bde%2Bbook%2Bgestante%2Bem%2Bdomicilio.jpg?resize=640%2C426&#038;ssl=1\" title=\"desconto de book gestante em domicilio\" width=\"640\" \/><\/a><\/td>\n<\/tr>\n<tr>\n<td style=\"text-align: center;\">desconto de book gestante em domicilio<\/td>\n<\/tr>\n<\/tbody>\n<\/table>\n<p><\/p>\n<table align=\"center\" cellpadding=\"0\" cellspacing=\"0\" style=\"margin-left: auto; margin-right: auto; text-align: center;\">\n<tbody>\n<tr>\n<td style=\"text-align: center;\"><a href=\"https:\/\/i0.wp.com\/4.bp.blogspot.com\/-U0TSTaEw97M\/UNyL11tWLQI\/AAAAAAAAJEU\/vTdueBlIhTI\/s1600\/fotos%2Bde%2Bbook%2Bgestante%2Bprofissional%2Bem%2Bcasa.jpg\" style=\"margin-left: auto; margin-right: auto;\"><img data-recalc-dims=\"1\" loading=\"lazy\" decoding=\"async\" alt=\"fotos de book gestante profissional em casa\" border=\"0\" height=\"426\" src=\"https:\/\/i0.wp.com\/4.bp.blogspot.com\/-U0TSTaEw97M\/UNyL11tWLQI\/AAAAAAAAJEU\/vTdueBlIhTI\/s640\/fotos%2Bde%2Bbook%2Bgestante%2Bprofissional%2Bem%2Bcasa.jpg?resize=640%2C426&#038;ssl=1\" title=\"fotos de book gestante profissional em casa\" width=\"640\" \/><\/a><\/td>\n<\/tr>\n<tr>\n<td style=\"text-align: center;\">fotos de book gestante profissional em casa<\/td>\n<\/tr>\n<\/tbody>\n<\/table>\n<p><\/p>\n<table align=\"center\" cellpadding=\"0\" cellspacing=\"0\" style=\"margin-left: auto; margin-right: auto; text-align: center;\">\n<tbody>\n<tr>\n<td style=\"text-align: center;\"><a href=\"https:\/\/i0.wp.com\/3.bp.blogspot.com\/-oAjBcZJhibA\/UNyL7e_TR6I\/AAAAAAAAJEc\/ZRZGp3AG-8A\/s1600\/oferta%2Bde%2Bbook%2Bexterno.jpg\" style=\"margin-left: auto; margin-right: auto;\"><img data-recalc-dims=\"1\" loading=\"lazy\" decoding=\"async\" alt=\"oferta de book externo\" border=\"0\" height=\"426\" src=\"https:\/\/i0.wp.com\/3.bp.blogspot.com\/-oAjBcZJhibA\/UNyL7e_TR6I\/AAAAAAAAJEc\/ZRZGp3AG-8A\/s640\/oferta%2Bde%2Bbook%2Bexterno.jpg?resize=640%2C426&#038;ssl=1\" title=\"oferta de book externo\" width=\"640\" \/><\/a><\/td>\n<\/tr>\n<tr>\n<td style=\"text-align: center;\">oferta de book externoAdicionar legenda<\/td>\n<\/tr>\n<\/tbody>\n<\/table>\n<p><\/p>\n<table align=\"center\" cellpadding=\"0\" cellspacing=\"0\" style=\"margin-left: auto; margin-right: auto; text-align: center;\">\n<tbody>\n<tr>\n<td style=\"text-align: center;\"><a href=\"https:\/\/i0.wp.com\/2.bp.blogspot.com\/-PYFw8jwRHz0\/UNyL_lVAGbI\/AAAAAAAAJEk\/IUBJZ4Yc9f0\/s1600\/pre%C3%A7os%2Bde%2Bbook%2Bem%2Bcasa.jpg\" style=\"margin-left: auto; margin-right: auto;\"><img data-recalc-dims=\"1\" loading=\"lazy\" decoding=\"async\" alt=\"pre\u00e7os de book em casa\" border=\"0\" height=\"426\" src=\"https:\/\/i0.wp.com\/2.bp.blogspot.com\/-PYFw8jwRHz0\/UNyL_lVAGbI\/AAAAAAAAJEk\/IUBJZ4Yc9f0\/s640\/pre%C3%A7os%2Bde%2Bbook%2Bem%2Bcasa.jpg?resize=640%2C426&#038;ssl=1\" title=\"pre\u00e7os de book em casa\" width=\"640\" \/><\/a><\/td>\n<\/tr>\n<tr>\n<td style=\"text-align: center;\">pre\u00e7os de book em casa<\/td>\n<\/tr>\n<\/tbody>\n<\/table>\n<p><\/p>\n<table align=\"center\" cellpadding=\"0\" cellspacing=\"0\" style=\"margin-left: auto; margin-right: auto; text-align: center;\">\n<tbody>\n<tr>\n<td style=\"text-align: center;\"><a href=\"https:\/\/i0.wp.com\/3.bp.blogspot.com\/-Q6Vc6Udnztg\/UNyMC2hTz1I\/AAAAAAAAJEs\/18twypBhKvY\/s1600\/pre%C3%A7os%2Bde%2Bfotos%2Bde%2Bgravidas.jpg\" style=\"margin-left: auto; margin-right: auto;\"><img data-recalc-dims=\"1\" loading=\"lazy\" decoding=\"async\" alt=\"pre\u00e7os de fotos de gravidas\" border=\"0\" height=\"426\" src=\"https:\/\/i0.wp.com\/3.bp.blogspot.com\/-Q6Vc6Udnztg\/UNyMC2hTz1I\/AAAAAAAAJEs\/18twypBhKvY\/s640\/pre%C3%A7os%2Bde%2Bfotos%2Bde%2Bgravidas.jpg?resize=640%2C426&#038;ssl=1\" title=\"pre\u00e7os de fotos de gravidas\" width=\"640\" \/><\/a><\/td>\n<\/tr>\n<tr>\n<td style=\"text-align: center;\">pre\u00e7os de fotos de gravidas<\/td>\n<\/tr>\n<\/tbody>\n<\/table>\n<p><\/p>\n<table align=\"center\" cellpadding=\"0\" cellspacing=\"0\" style=\"margin-left: auto; margin-right: auto; text-align: center;\">\n<tbody>\n<tr>\n<td style=\"text-align: center;\"><a href=\"https:\/\/i0.wp.com\/2.bp.blogspot.com\/-RCK4_6Yx5us\/UNyMHNNnNvI\/AAAAAAAAJE0\/Yln4ehFXNCg\/s1600\/promo%C3%A7%C3%A3o%2Bde%2Bbook%2Bem%2Bcasa.jpg\" style=\"margin-left: auto; margin-right: auto;\"><img data-recalc-dims=\"1\" loading=\"lazy\" decoding=\"async\" alt=\"promo\u00e7\u00e3o de book em casa\" border=\"0\" height=\"426\" src=\"https:\/\/i0.wp.com\/2.bp.blogspot.com\/-RCK4_6Yx5us\/UNyMHNNnNvI\/AAAAAAAAJE0\/Yln4ehFXNCg\/s640\/promo%C3%A7%C3%A3o%2Bde%2Bbook%2Bem%2Bcasa.jpg?resize=640%2C426&#038;ssl=1\" title=\"promo\u00e7\u00e3o de book em casa\" width=\"640\" \/><\/a><\/td>\n<\/tr>\n<tr>\n<td style=\"text-align: center;\">promo\u00e7\u00e3o de book em casa<\/td>\n<\/tr>\n<\/tbody>\n<\/table>\n<p><\/p>\n<div>Visite tamb\u00e9m nosso site:&nbsp;<a href=\"http:\/\/www.biancamachado.com.br\/\">www.biancamachado.com.br<\/a><br \/>(11) 97107-1018<\/div>\nVisite tamb\u00e9m nosso site: www.biancamachado.com.br\r\n(11) 97107-1018\r\n\r\nAtendemos as regi\u00f5es de S\u00e3o Paulo, Sorocaba, Ibi\u00fana, Piedade, Votorantim, Cotia, Itupeva, Jundia\u00ed, It\u00fa e Campinas","protected":false},"excerpt":{"rendered":"<p>Agora atendemos tamb\u00e9m \u00e0 domic\u00edlio<\/p>\n","protected":false},"author":1,"featured_media":1218,"comment_status":"open","ping_status":"open","sticky":false,"template":"","format":"standard","meta":{"_monsterinsights_skip_tracking":false,"_monsterinsights_sitenote_active":false,"_monsterinsights_sitenote_note":"","_monsterinsights_sitenote_category":0,"jetpack_post_was_ever_published":false,"_jetpack_newsletter_access":"","_jetpack_dont_email_post_to_subs":false,"_jetpack_newsletter_tier_id":0,"_jetpack_memberships_contains_paywalled_content":false,"_jetpack_memberships_contains_paid_content":false,"_joinchat":[],"footnotes":""},"categories":[283,285,1],"tags":[303,300,299,302,301,304,305,298],"class_list":["post-383","post","type-post","status-publish","format-standard","has-post-thumbnail","hentry","category-book-gestante-em-estudio","category-book-gestante-externo","category-studio-bianca-machado","tag-book-fotografico-em-parques","tag-book-fotografico-para-gravidas","tag-ensaio-de-fotos","tag-ensaio-gestante-externo","tag-fotografas-de-gestantes","tag-fotografias-de-gravida","tag-fotografos-de-gestante","tag-fotos-de-book-gestante-em-estudio"],"yoast_head":"<!-- This site is optimized with the Yoast SEO plugin v27.4 - https:\/\/yoast.com\/product\/yoast-seo-wordpress\/ -->\n<title>Pre\u00e7os de Fotos para Gestantes e Gr\u00e1vidas em casa - STUDIO BIANCA MACHADO<\/title>\n<meta name=\"robots\" content=\"index, follow, max-snippet:-1, max-image-preview:large, max-video-preview:-1\" \/>\n<link rel=\"canonical\" href=\"https:\/\/biancamachado.com.br\/blog\/precos-de-fotos-para-gestantes-e-gravidas-em-casa\/\" \/>\n<meta property=\"og:locale\" content=\"pt_BR\" \/>\n<meta property=\"og:type\" content=\"article\" \/>\n<meta property=\"og:title\" content=\"Pre\u00e7os de Fotos para Gestantes e Gr\u00e1vidas em casa - STUDIO BIANCA MACHADO\" \/>\n<meta property=\"og:description\" content=\"Agora atendemos tamb\u00e9m \u00e0 domic\u00edlio\" \/>\n<meta property=\"og:url\" content=\"https:\/\/biancamachado.com.br\/blog\/precos-de-fotos-para-gestantes-e-gravidas-em-casa\/\" \/>\n<meta property=\"og:site_name\" content=\"STUDIO BIANCA MACHADO\" \/>\n<meta property=\"article:publisher\" content=\"https:\/\/www.facebook.com\/Studiobiancamachado\/\" \/>\n<meta property=\"article:published_time\" content=\"2012-12-27T17:01:00+00:00\" \/>\n<meta property=\"article:modified_time\" content=\"2021-02-18T02:37:56+00:00\" \/>\n<meta property=\"og:image\" content=\"https:\/\/i0.wp.com\/biancamachado.com.br\/blog\/wp-content\/uploads\/2012\/12\/Screenshot_341.png?fit=622%2C417&ssl=1\" \/>\n\t<meta property=\"og:image:width\" content=\"622\" \/>\n\t<meta property=\"og:image:height\" content=\"417\" \/>\n\t<meta property=\"og:image:type\" content=\"image\/png\" \/>\n<meta name=\"author\" content=\"biancamachado\" \/>\n<meta name=\"twitter:card\" content=\"summary_large_image\" \/>\n<meta name=\"twitter:label1\" content=\"Escrito por\" \/>\n\t<meta name=\"twitter:data1\" content=\"biancamachado\" \/>\n<script type=\"application\/ld+json\" class=\"yoast-schema-graph\">{\"@context\":\"https:\\\/\\\/schema.org\",\"@graph\":[{\"@type\":\"Article\",\"@id\":\"https:\\\/\\\/biancamachado.com.br\\\/blog\\\/precos-de-fotos-para-gestantes-e-gravidas-em-casa\\\/#article\",\"isPartOf\":{\"@id\":\"https:\\\/\\\/biancamachado.com.br\\\/blog\\\/precos-de-fotos-para-gestantes-e-gravidas-em-casa\\\/\"},\"author\":{\"name\":\"biancamachado\",\"@id\":\"https:\\\/\\\/biancamachado.com.br\\\/blog\\\/#\\\/schema\\\/person\\\/990263800ec5e9bdbbf092a2353550a1\"},\"headline\":\"Pre\u00e7os de Fotos para Gestantes e Gr\u00e1vidas em casa\",\"datePublished\":\"2012-12-27T17:01:00+00:00\",\"dateModified\":\"2021-02-18T02:37:56+00:00\",\"mainEntityOfPage\":{\"@id\":\"https:\\\/\\\/biancamachado.com.br\\\/blog\\\/precos-de-fotos-para-gestantes-e-gravidas-em-casa\\\/\"},\"wordCount\":100,\"commentCount\":0,\"publisher\":{\"@id\":\"https:\\\/\\\/biancamachado.com.br\\\/blog\\\/#organization\"},\"image\":{\"@id\":\"https:\\\/\\\/biancamachado.com.br\\\/blog\\\/precos-de-fotos-para-gestantes-e-gravidas-em-casa\\\/#primaryimage\"},\"thumbnailUrl\":\"https:\\\/\\\/i0.wp.com\\\/biancamachado.com.br\\\/blog\\\/wp-content\\\/uploads\\\/2012\\\/12\\\/Screenshot_341.png?fit=622%2C417&ssl=1\",\"keywords\":[\"book fotografico em parques\",\"book fotografico para gravidas\",\"ensaio de fotos\",\"ensaio gestante externo\",\"fotografas de gestantes\",\"fotografias de gravida\",\"fotografos de gestante\",\"fotos de book gestante em estudio\"],\"articleSection\":[\"Book Gestante em Estudio\",\"Book Gestante Externo\",\"Studio Bianca Machado\"],\"inLanguage\":\"pt-BR\",\"potentialAction\":[{\"@type\":\"CommentAction\",\"name\":\"Comment\",\"target\":[\"https:\\\/\\\/biancamachado.com.br\\\/blog\\\/precos-de-fotos-para-gestantes-e-gravidas-em-casa\\\/#respond\"]}]},{\"@type\":\"WebPage\",\"@id\":\"https:\\\/\\\/biancamachado.com.br\\\/blog\\\/precos-de-fotos-para-gestantes-e-gravidas-em-casa\\\/\",\"url\":\"https:\\\/\\\/biancamachado.com.br\\\/blog\\\/precos-de-fotos-para-gestantes-e-gravidas-em-casa\\\/\",\"name\":\"Pre\u00e7os de Fotos para Gestantes e Gr\u00e1vidas em casa - STUDIO BIANCA MACHADO\",\"isPartOf\":{\"@id\":\"https:\\\/\\\/biancamachado.com.br\\\/blog\\\/#website\"},\"primaryImageOfPage\":{\"@id\":\"https:\\\/\\\/biancamachado.com.br\\\/blog\\\/precos-de-fotos-para-gestantes-e-gravidas-em-casa\\\/#primaryimage\"},\"image\":{\"@id\":\"https:\\\/\\\/biancamachado.com.br\\\/blog\\\/precos-de-fotos-para-gestantes-e-gravidas-em-casa\\\/#primaryimage\"},\"thumbnailUrl\":\"https:\\\/\\\/i0.wp.com\\\/biancamachado.com.br\\\/blog\\\/wp-content\\\/uploads\\\/2012\\\/12\\\/Screenshot_341.png?fit=622%2C417&ssl=1\",\"datePublished\":\"2012-12-27T17:01:00+00:00\",\"dateModified\":\"2021-02-18T02:37:56+00:00\",\"breadcrumb\":{\"@id\":\"https:\\\/\\\/biancamachado.com.br\\\/blog\\\/precos-de-fotos-para-gestantes-e-gravidas-em-casa\\\/#breadcrumb\"},\"inLanguage\":\"pt-BR\",\"potentialAction\":[{\"@type\":\"ReadAction\",\"target\":[\"https:\\\/\\\/biancamachado.com.br\\\/blog\\\/precos-de-fotos-para-gestantes-e-gravidas-em-casa\\\/\"]}]},{\"@type\":\"ImageObject\",\"inLanguage\":\"pt-BR\",\"@id\":\"https:\\\/\\\/biancamachado.com.br\\\/blog\\\/precos-de-fotos-para-gestantes-e-gravidas-em-casa\\\/#primaryimage\",\"url\":\"https:\\\/\\\/i0.wp.com\\\/biancamachado.com.br\\\/blog\\\/wp-content\\\/uploads\\\/2012\\\/12\\\/Screenshot_341.png?fit=622%2C417&ssl=1\",\"contentUrl\":\"https:\\\/\\\/i0.wp.com\\\/biancamachado.com.br\\\/blog\\\/wp-content\\\/uploads\\\/2012\\\/12\\\/Screenshot_341.png?fit=622%2C417&ssl=1\",\"width\":622,\"height\":417,\"caption\":\"Pre\u00e7os de Fotos para Gestantes e Gr\u00e1vidas em casa\"},{\"@type\":\"BreadcrumbList\",\"@id\":\"https:\\\/\\\/biancamachado.com.br\\\/blog\\\/precos-de-fotos-para-gestantes-e-gravidas-em-casa\\\/#breadcrumb\",\"itemListElement\":[{\"@type\":\"ListItem\",\"position\":1,\"name\":\"In\u00edcio\",\"item\":\"https:\\\/\\\/biancamachado.com.br\\\/blog\\\/\"},{\"@type\":\"ListItem\",\"position\":2,\"name\":\"Pre\u00e7os de Fotos para Gestantes e Gr\u00e1vidas em casa\"}]},{\"@type\":\"WebSite\",\"@id\":\"https:\\\/\\\/biancamachado.com.br\\\/blog\\\/#website\",\"url\":\"https:\\\/\\\/biancamachado.com.br\\\/blog\\\/\",\"name\":\"STUDIO BIANCA MACHADO\",\"description\":\"Estudio Fotografico, Ensaios e Books de foto profissional\",\"publisher\":{\"@id\":\"https:\\\/\\\/biancamachado.com.br\\\/blog\\\/#organization\"},\"potentialAction\":[{\"@type\":\"SearchAction\",\"target\":{\"@type\":\"EntryPoint\",\"urlTemplate\":\"https:\\\/\\\/biancamachado.com.br\\\/blog\\\/?s={search_term_string}\"},\"query-input\":{\"@type\":\"PropertyValueSpecification\",\"valueRequired\":true,\"valueName\":\"search_term_string\"}}],\"inLanguage\":\"pt-BR\"},{\"@type\":\"Organization\",\"@id\":\"https:\\\/\\\/biancamachado.com.br\\\/blog\\\/#organization\",\"name\":\"STUDIO BIANCA MACHADO\",\"url\":\"https:\\\/\\\/biancamachado.com.br\\\/blog\\\/\",\"logo\":{\"@type\":\"ImageObject\",\"inLanguage\":\"pt-BR\",\"@id\":\"https:\\\/\\\/biancamachado.com.br\\\/blog\\\/#\\\/schema\\\/logo\\\/image\\\/\",\"url\":\"https:\\\/\\\/i0.wp.com\\\/biancamachado.com.br\\\/blog\\\/wp-content\\\/uploads\\\/2021\\\/02\\\/cropped-logo-ml.jpg?fit=278%2C100&ssl=1\",\"contentUrl\":\"https:\\\/\\\/i0.wp.com\\\/biancamachado.com.br\\\/blog\\\/wp-content\\\/uploads\\\/2021\\\/02\\\/cropped-logo-ml.jpg?fit=278%2C100&ssl=1\",\"width\":278,\"height\":100,\"caption\":\"STUDIO BIANCA MACHADO\"},\"image\":{\"@id\":\"https:\\\/\\\/biancamachado.com.br\\\/blog\\\/#\\\/schema\\\/logo\\\/image\\\/\"},\"sameAs\":[\"https:\\\/\\\/www.facebook.com\\\/Studiobiancamachado\\\/\",\"https:\\\/\\\/www.instagram.com\\\/Studiobiancamachado\\\/\"]},{\"@type\":\"Person\",\"@id\":\"https:\\\/\\\/biancamachado.com.br\\\/blog\\\/#\\\/schema\\\/person\\\/990263800ec5e9bdbbf092a2353550a1\",\"name\":\"biancamachado\",\"image\":{\"@type\":\"ImageObject\",\"inLanguage\":\"pt-BR\",\"@id\":\"https:\\\/\\\/secure.gravatar.com\\\/avatar\\\/62b1a50f2632dbc2e279c3eb55aa46cc324c969cff16a69c59756d155316542c?s=96&d=mm&r=g\",\"url\":\"https:\\\/\\\/secure.gravatar.com\\\/avatar\\\/62b1a50f2632dbc2e279c3eb55aa46cc324c969cff16a69c59756d155316542c?s=96&d=mm&r=g\",\"contentUrl\":\"https:\\\/\\\/secure.gravatar.com\\\/avatar\\\/62b1a50f2632dbc2e279c3eb55aa46cc324c969cff16a69c59756d155316542c?s=96&d=mm&r=g\",\"caption\":\"biancamachado\"},\"sameAs\":[\"https:\\\/\\\/biancamachado.com.br\\\/blog\"],\"url\":\"https:\\\/\\\/biancamachado.com.br\\\/blog\\\/author\\\/biancamachado\\\/\"}]}<\/script>\n<!-- \/ Yoast SEO plugin. -->","yoast_head_json":{"title":"Pre\u00e7os de Fotos para Gestantes e Gr\u00e1vidas em casa - STUDIO BIANCA MACHADO","robots":{"index":"index","follow":"follow","max-snippet":"max-snippet:-1","max-image-preview":"max-image-preview:large","max-video-preview":"max-video-preview:-1"},"canonical":"https:\/\/biancamachado.com.br\/blog\/precos-de-fotos-para-gestantes-e-gravidas-em-casa\/","og_locale":"pt_BR","og_type":"article","og_title":"Pre\u00e7os de Fotos para Gestantes e Gr\u00e1vidas em casa - STUDIO BIANCA MACHADO","og_description":"Agora atendemos tamb\u00e9m \u00e0 domic\u00edlio","og_url":"https:\/\/biancamachado.com.br\/blog\/precos-de-fotos-para-gestantes-e-gravidas-em-casa\/","og_site_name":"STUDIO BIANCA MACHADO","article_publisher":"https:\/\/www.facebook.com\/Studiobiancamachado\/","article_published_time":"2012-12-27T17:01:00+00:00","article_modified_time":"2021-02-18T02:37:56+00:00","og_image":[{"width":622,"height":417,"url":"https:\/\/i0.wp.com\/biancamachado.com.br\/blog\/wp-content\/uploads\/2012\/12\/Screenshot_341.png?fit=622%2C417&ssl=1","type":"image\/png"}],"author":"biancamachado","twitter_card":"summary_large_image","twitter_misc":{"Escrito por":"biancamachado"},"schema":{"@context":"https:\/\/schema.org","@graph":[{"@type":"Article","@id":"https:\/\/biancamachado.com.br\/blog\/precos-de-fotos-para-gestantes-e-gravidas-em-casa\/#article","isPartOf":{"@id":"https:\/\/biancamachado.com.br\/blog\/precos-de-fotos-para-gestantes-e-gravidas-em-casa\/"},"author":{"name":"biancamachado","@id":"https:\/\/biancamachado.com.br\/blog\/#\/schema\/person\/990263800ec5e9bdbbf092a2353550a1"},"headline":"Pre\u00e7os de Fotos para Gestantes e Gr\u00e1vidas em casa","datePublished":"2012-12-27T17:01:00+00:00","dateModified":"2021-02-18T02:37:56+00:00","mainEntityOfPage":{"@id":"https:\/\/biancamachado.com.br\/blog\/precos-de-fotos-para-gestantes-e-gravidas-em-casa\/"},"wordCount":100,"commentCount":0,"publisher":{"@id":"https:\/\/biancamachado.com.br\/blog\/#organization"},"image":{"@id":"https:\/\/biancamachado.com.br\/blog\/precos-de-fotos-para-gestantes-e-gravidas-em-casa\/#primaryimage"},"thumbnailUrl":"https:\/\/i0.wp.com\/biancamachado.com.br\/blog\/wp-content\/uploads\/2012\/12\/Screenshot_341.png?fit=622%2C417&ssl=1","keywords":["book fotografico em parques","book fotografico para gravidas","ensaio de fotos","ensaio gestante externo","fotografas de gestantes","fotografias de gravida","fotografos de gestante","fotos de book gestante em estudio"],"articleSection":["Book Gestante em Estudio","Book Gestante Externo","Studio Bianca Machado"],"inLanguage":"pt-BR","potentialAction":[{"@type":"CommentAction","name":"Comment","target":["https:\/\/biancamachado.com.br\/blog\/precos-de-fotos-para-gestantes-e-gravidas-em-casa\/#respond"]}]},{"@type":"WebPage","@id":"https:\/\/biancamachado.com.br\/blog\/precos-de-fotos-para-gestantes-e-gravidas-em-casa\/","url":"https:\/\/biancamachado.com.br\/blog\/precos-de-fotos-para-gestantes-e-gravidas-em-casa\/","name":"Pre\u00e7os de Fotos para Gestantes e Gr\u00e1vidas em casa - STUDIO BIANCA MACHADO","isPartOf":{"@id":"https:\/\/biancamachado.com.br\/blog\/#website"},"primaryImageOfPage":{"@id":"https:\/\/biancamachado.com.br\/blog\/precos-de-fotos-para-gestantes-e-gravidas-em-casa\/#primaryimage"},"image":{"@id":"https:\/\/biancamachado.com.br\/blog\/precos-de-fotos-para-gestantes-e-gravidas-em-casa\/#primaryimage"},"thumbnailUrl":"https:\/\/i0.wp.com\/biancamachado.com.br\/blog\/wp-content\/uploads\/2012\/12\/Screenshot_341.png?fit=622%2C417&ssl=1","datePublished":"2012-12-27T17:01:00+00:00","dateModified":"2021-02-18T02:37:56+00:00","breadcrumb":{"@id":"https:\/\/biancamachado.com.br\/blog\/precos-de-fotos-para-gestantes-e-gravidas-em-casa\/#breadcrumb"},"inLanguage":"pt-BR","potentialAction":[{"@type":"ReadAction","target":["https:\/\/biancamachado.com.br\/blog\/precos-de-fotos-para-gestantes-e-gravidas-em-casa\/"]}]},{"@type":"ImageObject","inLanguage":"pt-BR","@id":"https:\/\/biancamachado.com.br\/blog\/precos-de-fotos-para-gestantes-e-gravidas-em-casa\/#primaryimage","url":"https:\/\/i0.wp.com\/biancamachado.com.br\/blog\/wp-content\/uploads\/2012\/12\/Screenshot_341.png?fit=622%2C417&ssl=1","contentUrl":"https:\/\/i0.wp.com\/biancamachado.com.br\/blog\/wp-content\/uploads\/2012\/12\/Screenshot_341.png?fit=622%2C417&ssl=1","width":622,"height":417,"caption":"Pre\u00e7os de Fotos para Gestantes e Gr\u00e1vidas em casa"},{"@type":"BreadcrumbList","@id":"https:\/\/biancamachado.com.br\/blog\/precos-de-fotos-para-gestantes-e-gravidas-em-casa\/#breadcrumb","itemListElement":[{"@type":"ListItem","position":1,"name":"In\u00edcio","item":"https:\/\/biancamachado.com.br\/blog\/"},{"@type":"ListItem","position":2,"name":"Pre\u00e7os de Fotos para Gestantes e Gr\u00e1vidas em casa"}]},{"@type":"WebSite","@id":"https:\/\/biancamachado.com.br\/blog\/#website","url":"https:\/\/biancamachado.com.br\/blog\/","name":"STUDIO BIANCA MACHADO","description":"Estudio Fotografico, Ensaios e Books de foto profissional","publisher":{"@id":"https:\/\/biancamachado.com.br\/blog\/#organization"},"potentialAction":[{"@type":"SearchAction","target":{"@type":"EntryPoint","urlTemplate":"https:\/\/biancamachado.com.br\/blog\/?s={search_term_string}"},"query-input":{"@type":"PropertyValueSpecification","valueRequired":true,"valueName":"search_term_string"}}],"inLanguage":"pt-BR"},{"@type":"Organization","@id":"https:\/\/biancamachado.com.br\/blog\/#organization","name":"STUDIO BIANCA MACHADO","url":"https:\/\/biancamachado.com.br\/blog\/","logo":{"@type":"ImageObject","inLanguage":"pt-BR","@id":"https:\/\/biancamachado.com.br\/blog\/#\/schema\/logo\/image\/","url":"https:\/\/i0.wp.com\/biancamachado.com.br\/blog\/wp-content\/uploads\/2021\/02\/cropped-logo-ml.jpg?fit=278%2C100&ssl=1","contentUrl":"https:\/\/i0.wp.com\/biancamachado.com.br\/blog\/wp-content\/uploads\/2021\/02\/cropped-logo-ml.jpg?fit=278%2C100&ssl=1","width":278,"height":100,"caption":"STUDIO BIANCA MACHADO"},"image":{"@id":"https:\/\/biancamachado.com.br\/blog\/#\/schema\/logo\/image\/"},"sameAs":["https:\/\/www.facebook.com\/Studiobiancamachado\/","https:\/\/www.instagram.com\/Studiobiancamachado\/"]},{"@type":"Person","@id":"https:\/\/biancamachado.com.br\/blog\/#\/schema\/person\/990263800ec5e9bdbbf092a2353550a1","name":"biancamachado","image":{"@type":"ImageObject","inLanguage":"pt-BR","@id":"https:\/\/secure.gravatar.com\/avatar\/62b1a50f2632dbc2e279c3eb55aa46cc324c969cff16a69c59756d155316542c?s=96&d=mm&r=g","url":"https:\/\/secure.gravatar.com\/avatar\/62b1a50f2632dbc2e279c3eb55aa46cc324c969cff16a69c59756d155316542c?s=96&d=mm&r=g","contentUrl":"https:\/\/secure.gravatar.com\/avatar\/62b1a50f2632dbc2e279c3eb55aa46cc324c969cff16a69c59756d155316542c?s=96&d=mm&r=g","caption":"biancamachado"},"sameAs":["https:\/\/biancamachado.com.br\/blog"],"url":"https:\/\/biancamachado.com.br\/blog\/author\/biancamachado\/"}]}},"jetpack_featured_media_url":"https:\/\/i0.wp.com\/biancamachado.com.br\/blog\/wp-content\/uploads\/2012\/12\/Screenshot_341.png?fit=622%2C417&ssl=1","jetpack-related-posts":[],"jetpack_sharing_enabled":true,"_links":{"self":[{"href":"https:\/\/biancamachado.com.br\/blog\/wp-json\/wp\/v2\/posts\/383","targetHints":{"allow":["GET"]}}],"collection":[{"href":"https:\/\/biancamachado.com.br\/blog\/wp-json\/wp\/v2\/posts"}],"about":[{"href":"https:\/\/biancamachado.com.br\/blog\/wp-json\/wp\/v2\/types\/post"}],"author":[{"embeddable":true,"href":"https:\/\/biancamachado.com.br\/blog\/wp-json\/wp\/v2\/users\/1"}],"replies":[{"embeddable":true,"href":"https:\/\/biancamachado.com.br\/blog\/wp-json\/wp\/v2\/comments?post=383"}],"version-history":[{"count":1,"href":"https:\/\/biancamachado.com.br\/blog\/wp-json\/wp\/v2\/posts\/383\/revisions"}],"predecessor-version":[{"id":1486,"href":"https:\/\/biancamachado.com.br\/blog\/wp-json\/wp\/v2\/posts\/383\/revisions\/1486"}],"wp:featuredmedia":[{"embeddable":true,"href":"https:\/\/biancamachado.com.br\/blog\/wp-json\/wp\/v2\/media\/1218"}],"wp:attachment":[{"href":"https:\/\/biancamachado.com.br\/blog\/wp-json\/wp\/v2\/media?parent=383"}],"wp:term":[{"taxonomy":"category","embeddable":true,"href":"https:\/\/biancamachado.com.br\/blog\/wp-json\/wp\/v2\/categories?post=383"},{"taxonomy":"post_tag","embeddable":true,"href":"https:\/\/biancamachado.com.br\/blog\/wp-json\/wp\/v2\/tags?post=383"}],"curies":[{"name":"wp","href":"https:\/\/api.w.org\/{rel}","templated":true}]}}