{"id":380,"date":"2012-12-27T16:01:00","date_gmt":"2012-12-27T18:01:00","guid":{"rendered":"https:\/\/biancamachado.com.br\/blog\/?p=380"},"modified":"2021-02-17T23:59:24","modified_gmt":"2021-02-18T02:59:24","slug":"fotos-de-recem-nascido-sessao-fotos-new-born","status":"publish","type":"post","link":"https:\/\/biancamachado.com.br\/blog\/fotos-de-recem-nascido-sessao-fotos-new-born\/","title":{"rendered":"Fotos de Rec\u00e9m Nascido &#8211; Sess\u00e3o fotos Newborn"},"content":{"rendered":"<p>\u00c9 poss\u00edvel fazer uma sess\u00e3o de fotos no parque, em casa, no jardim, nos primeiros dias de nascimento do beb\u00ea para registrar com a sensibilidade profissional esse momento t\u00e3o fofo !<\/p>\n<table align=\"center\" cellpadding=\"0\" cellspacing=\"0\" style=\"margin-left: auto; margin-right: auto; text-align: center;\">\n<tbody>\n<tr>\n<td style=\"text-align: center;\"><a href=\"https:\/\/i0.wp.com\/3.bp.blogspot.com\/-8KeVqNhkNaY\/UNyZiHZ799I\/AAAAAAAAJIo\/wZXIQdHRD5Q\/s1600\/fotos%2Bnew%2Bborn%2Bparque.jpg\" style=\"margin-left: auto; margin-right: auto;\"><img data-recalc-dims=\"1\" loading=\"lazy\" decoding=\"async\" alt=\"fotos newborn parque\" border=\"0\" height=\"426\" src=\"https:\/\/i0.wp.com\/3.bp.blogspot.com\/-8KeVqNhkNaY\/UNyZiHZ799I\/AAAAAAAAJIo\/wZXIQdHRD5Q\/s640\/fotos%2Bnew%2Bborn%2Bparque.jpg?resize=640%2C426&#038;ssl=1\" title=\"fotos newborn parque\" width=\"640\"><\/a><\/td>\n<\/tr>\n<tr>\n<td style=\"text-align: center;\">fotos newborn parque<\/td>\n<\/tr>\n<\/tbody>\n<\/table>\n<table align=\"center\" cellpadding=\"0\" cellspacing=\"0\" style=\"margin-left: auto; margin-right: auto; text-align: center;\">\n<tbody>\n<tr>\n<td style=\"text-align: center;\"><a href=\"https:\/\/i0.wp.com\/3.bp.blogspot.com\/-Lucc17-p0LA\/UNyZre0cDUI\/AAAAAAAAJIw\/8WNgJJmGeJU\/s1600\/desconto%2Bfotos%2Brecem%2Bnascido.jpg\" style=\"margin-left: auto; margin-right: auto;\"><img data-recalc-dims=\"1\" loading=\"lazy\" decoding=\"async\" alt=\"desconto fotos recem nascido\" border=\"0\" height=\"640\" src=\"https:\/\/i0.wp.com\/3.bp.blogspot.com\/-Lucc17-p0LA\/UNyZre0cDUI\/AAAAAAAAJIw\/8WNgJJmGeJU\/s640\/desconto%2Bfotos%2Brecem%2Bnascido.jpg?resize=426%2C640&#038;ssl=1\" title=\"desconto fotos recem nascido\" width=\"426\"><\/a><\/td>\n<\/tr>\n<tr>\n<td style=\"text-align: center;\">desconto fotos recem nascido<\/td>\n<\/tr>\n<\/tbody>\n<\/table>\n<table align=\"center\" cellpadding=\"0\" cellspacing=\"0\" style=\"margin-left: auto; margin-right: auto; text-align: center;\">\n<tbody>\n<tr>\n<td style=\"text-align: center;\"><a href=\"https:\/\/i0.wp.com\/4.bp.blogspot.com\/-OzHYW2Z0jeQ\/UNyZxiD5JaI\/AAAAAAAAJI4\/GdMMfDu3-OQ\/s1600\/fotos%2Bbook%2Bexterno%2Bnew%2Bborn.jpg\" style=\"margin-left: auto; margin-right: auto;\"><img data-recalc-dims=\"1\" loading=\"lazy\" decoding=\"async\" alt=\"fotos book externo newborn\" border=\"0\" height=\"426\" src=\"https:\/\/i0.wp.com\/4.bp.blogspot.com\/-OzHYW2Z0jeQ\/UNyZxiD5JaI\/AAAAAAAAJI4\/GdMMfDu3-OQ\/s640\/fotos%2Bbook%2Bexterno%2Bnew%2Bborn.jpg?resize=640%2C426&#038;ssl=1\" title=\"fotos book externo newborn\" width=\"640\"><\/a><\/td>\n<\/tr>\n<tr>\n<td style=\"text-align: center;\">fotos book externo newborn<\/td>\n<\/tr>\n<\/tbody>\n<\/table>\n<table align=\"center\" cellpadding=\"0\" cellspacing=\"0\" style=\"margin-left: auto; margin-right: auto; text-align: center;\">\n<tbody>\n<tr>\n<td style=\"text-align: center;\"><a href=\"https:\/\/i0.wp.com\/2.bp.blogspot.com\/-1kYWmN4giJc\/UNyZ0grdQjI\/AAAAAAAAJJA\/2SadACiqz9Q\/s1600\/fotos%2Bprofissionais%2Brecem%2Bnascido.jpg\" style=\"margin-left: auto; margin-right: auto;\"><img data-recalc-dims=\"1\" loading=\"lazy\" decoding=\"async\" alt=\"fotos profissionais recem nascido\" border=\"0\" height=\"640\" src=\"https:\/\/i0.wp.com\/2.bp.blogspot.com\/-1kYWmN4giJc\/UNyZ0grdQjI\/AAAAAAAAJJA\/2SadACiqz9Q\/s640\/fotos%2Bprofissionais%2Brecem%2Bnascido.jpg?resize=426%2C640&#038;ssl=1\" title=\"fotos profissionais recem nascido\" width=\"426\"><\/a><\/td>\n<\/tr>\n<tr>\n<td style=\"text-align: center;\">fotos profissionais recem nascido<\/td>\n<\/tr>\n<\/tbody>\n<\/table>\n<table align=\"center\" cellpadding=\"0\" cellspacing=\"0\" style=\"margin-left: auto; margin-right: auto; text-align: center;\">\n<tbody>\n<tr>\n<td style=\"text-align: center;\"><a href=\"https:\/\/i0.wp.com\/3.bp.blogspot.com\/-suqL0zc99a4\/UNyZ5CqUKaI\/AAAAAAAAJJI\/WTAm7-ViqSo\/s1600\/fotos%2Brecem%2Bnascido.jpg\" style=\"margin-left: auto; margin-right: auto;\"><img data-recalc-dims=\"1\" loading=\"lazy\" decoding=\"async\" alt=\"fotos recem nascido\" border=\"0\" height=\"640\" src=\"https:\/\/i0.wp.com\/3.bp.blogspot.com\/-suqL0zc99a4\/UNyZ5CqUKaI\/AAAAAAAAJJI\/WTAm7-ViqSo\/s640\/fotos%2Brecem%2Bnascido.jpg?resize=426%2C640&#038;ssl=1\" title=\"fotos recem nascido\" width=\"426\"><\/a><\/td>\n<\/tr>\n<tr>\n<td style=\"text-align: center;\">fotos recem nascido<\/td>\n<\/tr>\n<\/tbody>\n<\/table>\n<table align=\"center\" cellpadding=\"0\" cellspacing=\"0\" style=\"margin-left: auto; margin-right: auto; text-align: center;\">\n<tbody>\n<tr>\n<td style=\"text-align: center;\"><a href=\"https:\/\/i0.wp.com\/1.bp.blogspot.com\/-MyMRtWJQk8w\/UNyZ9GtIKfI\/AAAAAAAAJJQ\/bDNkiVJ6Ocw\/s1600\/oferta%2Bfotos%2Brecem%2Bnascido.jpg\" style=\"margin-left: auto; margin-right: auto;\"><img data-recalc-dims=\"1\" loading=\"lazy\" decoding=\"async\" alt=\"oferta fotos recem nascido\" border=\"0\" height=\"426\" src=\"https:\/\/i0.wp.com\/1.bp.blogspot.com\/-MyMRtWJQk8w\/UNyZ9GtIKfI\/AAAAAAAAJJQ\/bDNkiVJ6Ocw\/s640\/oferta%2Bfotos%2Brecem%2Bnascido.jpg?resize=640%2C426&#038;ssl=1\" title=\"oferta fotos recem nascido\" width=\"640\"><\/a><\/td>\n<\/tr>\n<tr>\n<td style=\"text-align: center;\">oferta fotos recem nascido<\/td>\n<\/tr>\n<\/tbody>\n<\/table>\n<table align=\"center\" cellpadding=\"0\" cellspacing=\"0\" style=\"margin-left: auto; margin-right: auto; text-align: center;\">\n<tbody>\n<tr>\n<td style=\"text-align: center;\"><a href=\"https:\/\/i0.wp.com\/2.bp.blogspot.com\/-mpJzRttefHQ\/UNyaB-1RX5I\/AAAAAAAAJJY\/5iGESI5Sz4A\/s1600\/promo%C3%A7%C3%A3o%2Bbook%2Bnew%2Bborn.jpg\" style=\"margin-left: auto; margin-right: auto;\"><img data-recalc-dims=\"1\" loading=\"lazy\" decoding=\"async\" alt=\"promo\u00e7\u00e3o book newborn\" border=\"0\" height=\"640\" src=\"https:\/\/i0.wp.com\/2.bp.blogspot.com\/-mpJzRttefHQ\/UNyaB-1RX5I\/AAAAAAAAJJY\/5iGESI5Sz4A\/s640\/promo%C3%A7%C3%A3o%2Bbook%2Bnew%2Bborn.jpg?resize=426%2C640&#038;ssl=1\" title=\"promo\u00e7\u00e3o book newborn\" width=\"426\"><\/a><\/td>\n<\/tr>\n<tr>\n<td style=\"text-align: center;\">promo\u00e7\u00e3o book newborn<\/td>\n<\/tr>\n<\/tbody>\n<\/table>\n<p>Visite tamb\u00e9m nosso site:&nbsp;<a href=\"http:\/\/www.biancamachado.com.br\/\">www.biancamachado.com.br<\/a><br \/>\n(11) 97107-1018<\/p>\nVisite tamb\u00e9m nosso site: www.biancamachado.com.br\r\n(11) 97107-1018\r\n\r\nAtendemos as regi\u00f5es de S\u00e3o Paulo, Sorocaba, Ibi\u00fana, Piedade, Votorantim, Cotia, Itupeva, Jundia\u00ed, It\u00fa e Campinas","protected":false},"excerpt":{"rendered":"<p>\u00c9 poss\u00edvel fazer uma sess\u00e3o<\/p>\n","protected":false},"author":1,"featured_media":1215,"comment_status":"open","ping_status":"open","sticky":false,"template":"","format":"standard","meta":{"_monsterinsights_skip_tracking":false,"_monsterinsights_sitenote_active":false,"_monsterinsights_sitenote_note":"","_monsterinsights_sitenote_category":0,"jetpack_post_was_ever_published":false,"_jetpack_newsletter_access":"","_jetpack_dont_email_post_to_subs":false,"_jetpack_newsletter_tier_id":0,"_jetpack_memberships_contains_paywalled_content":false,"_jetpack_memberships_contains_paid_content":false,"_joinchat":[],"footnotes":""},"categories":[311,1],"tags":[326,325],"class_list":["post-380","post","type-post","status-publish","format-standard","has-post-thumbnail","hentry","category-newborn-recem-nascido","category-studio-bianca-machado","tag-fotografia-newborn","tag-fotos-para-recem-nascidos"],"yoast_head":"<!-- This site is optimized with the Yoast SEO plugin v27.4 - https:\/\/yoast.com\/product\/yoast-seo-wordpress\/ -->\n<title>Fotos de Rec\u00e9m Nascido - Sess\u00e3o fotos Newborn - STUDIO BIANCA MACHADO<\/title>\n<meta name=\"robots\" content=\"index, follow, max-snippet:-1, max-image-preview:large, max-video-preview:-1\" \/>\n<link rel=\"canonical\" href=\"https:\/\/biancamachado.com.br\/blog\/fotos-de-recem-nascido-sessao-fotos-new-born\/\" \/>\n<meta property=\"og:locale\" content=\"pt_BR\" \/>\n<meta property=\"og:type\" content=\"article\" \/>\n<meta property=\"og:title\" content=\"Fotos de Rec\u00e9m Nascido - Sess\u00e3o fotos Newborn - STUDIO BIANCA MACHADO\" \/>\n<meta property=\"og:description\" content=\"\u00c9 poss\u00edvel fazer uma sess\u00e3o\" \/>\n<meta property=\"og:url\" content=\"https:\/\/biancamachado.com.br\/blog\/fotos-de-recem-nascido-sessao-fotos-new-born\/\" \/>\n<meta property=\"og:site_name\" content=\"STUDIO BIANCA MACHADO\" \/>\n<meta property=\"article:publisher\" content=\"https:\/\/www.facebook.com\/Studiobiancamachado\/\" \/>\n<meta property=\"article:published_time\" content=\"2012-12-27T18:01:00+00:00\" \/>\n<meta property=\"article:modified_time\" content=\"2021-02-18T02:59:24+00:00\" \/>\n<meta property=\"og:image\" content=\"https:\/\/i0.wp.com\/biancamachado.com.br\/blog\/wp-content\/uploads\/2012\/12\/Screenshot_338.png?fit=633%2C427&ssl=1\" \/>\n\t<meta property=\"og:image:width\" content=\"633\" \/>\n\t<meta property=\"og:image:height\" content=\"427\" \/>\n\t<meta property=\"og:image:type\" content=\"image\/png\" \/>\n<meta name=\"author\" content=\"biancamachado\" \/>\n<meta name=\"twitter:card\" content=\"summary_large_image\" \/>\n<meta name=\"twitter:label1\" content=\"Escrito por\" \/>\n\t<meta name=\"twitter:data1\" content=\"biancamachado\" \/>\n<script type=\"application\/ld+json\" class=\"yoast-schema-graph\">{\"@context\":\"https:\\\/\\\/schema.org\",\"@graph\":[{\"@type\":\"Article\",\"@id\":\"https:\\\/\\\/biancamachado.com.br\\\/blog\\\/fotos-de-recem-nascido-sessao-fotos-new-born\\\/#article\",\"isPartOf\":{\"@id\":\"https:\\\/\\\/biancamachado.com.br\\\/blog\\\/fotos-de-recem-nascido-sessao-fotos-new-born\\\/\"},\"author\":{\"name\":\"biancamachado\",\"@id\":\"https:\\\/\\\/biancamachado.com.br\\\/blog\\\/#\\\/schema\\\/person\\\/990263800ec5e9bdbbf092a2353550a1\"},\"headline\":\"Fotos de Rec\u00e9m Nascido &#8211; Sess\u00e3o fotos Newborn\",\"datePublished\":\"2012-12-27T18:01:00+00:00\",\"dateModified\":\"2021-02-18T02:59:24+00:00\",\"mainEntityOfPage\":{\"@id\":\"https:\\\/\\\/biancamachado.com.br\\\/blog\\\/fotos-de-recem-nascido-sessao-fotos-new-born\\\/\"},\"wordCount\":79,\"commentCount\":0,\"publisher\":{\"@id\":\"https:\\\/\\\/biancamachado.com.br\\\/blog\\\/#organization\"},\"image\":{\"@id\":\"https:\\\/\\\/biancamachado.com.br\\\/blog\\\/fotos-de-recem-nascido-sessao-fotos-new-born\\\/#primaryimage\"},\"thumbnailUrl\":\"https:\\\/\\\/i0.wp.com\\\/biancamachado.com.br\\\/blog\\\/wp-content\\\/uploads\\\/2012\\\/12\\\/Screenshot_338.png?fit=633%2C427&ssl=1\",\"keywords\":[\"fotografia newborn\",\"fotos para recem nascidos\"],\"articleSection\":[\"Newborn \\\/ Rec\u00e9m nascido\",\"Studio Bianca Machado\"],\"inLanguage\":\"pt-BR\",\"potentialAction\":[{\"@type\":\"CommentAction\",\"name\":\"Comment\",\"target\":[\"https:\\\/\\\/biancamachado.com.br\\\/blog\\\/fotos-de-recem-nascido-sessao-fotos-new-born\\\/#respond\"]}]},{\"@type\":\"WebPage\",\"@id\":\"https:\\\/\\\/biancamachado.com.br\\\/blog\\\/fotos-de-recem-nascido-sessao-fotos-new-born\\\/\",\"url\":\"https:\\\/\\\/biancamachado.com.br\\\/blog\\\/fotos-de-recem-nascido-sessao-fotos-new-born\\\/\",\"name\":\"Fotos de Rec\u00e9m Nascido - Sess\u00e3o fotos Newborn - STUDIO BIANCA MACHADO\",\"isPartOf\":{\"@id\":\"https:\\\/\\\/biancamachado.com.br\\\/blog\\\/#website\"},\"primaryImageOfPage\":{\"@id\":\"https:\\\/\\\/biancamachado.com.br\\\/blog\\\/fotos-de-recem-nascido-sessao-fotos-new-born\\\/#primaryimage\"},\"image\":{\"@id\":\"https:\\\/\\\/biancamachado.com.br\\\/blog\\\/fotos-de-recem-nascido-sessao-fotos-new-born\\\/#primaryimage\"},\"thumbnailUrl\":\"https:\\\/\\\/i0.wp.com\\\/biancamachado.com.br\\\/blog\\\/wp-content\\\/uploads\\\/2012\\\/12\\\/Screenshot_338.png?fit=633%2C427&ssl=1\",\"datePublished\":\"2012-12-27T18:01:00+00:00\",\"dateModified\":\"2021-02-18T02:59:24+00:00\",\"breadcrumb\":{\"@id\":\"https:\\\/\\\/biancamachado.com.br\\\/blog\\\/fotos-de-recem-nascido-sessao-fotos-new-born\\\/#breadcrumb\"},\"inLanguage\":\"pt-BR\",\"potentialAction\":[{\"@type\":\"ReadAction\",\"target\":[\"https:\\\/\\\/biancamachado.com.br\\\/blog\\\/fotos-de-recem-nascido-sessao-fotos-new-born\\\/\"]}]},{\"@type\":\"ImageObject\",\"inLanguage\":\"pt-BR\",\"@id\":\"https:\\\/\\\/biancamachado.com.br\\\/blog\\\/fotos-de-recem-nascido-sessao-fotos-new-born\\\/#primaryimage\",\"url\":\"https:\\\/\\\/i0.wp.com\\\/biancamachado.com.br\\\/blog\\\/wp-content\\\/uploads\\\/2012\\\/12\\\/Screenshot_338.png?fit=633%2C427&ssl=1\",\"contentUrl\":\"https:\\\/\\\/i0.wp.com\\\/biancamachado.com.br\\\/blog\\\/wp-content\\\/uploads\\\/2012\\\/12\\\/Screenshot_338.png?fit=633%2C427&ssl=1\",\"width\":633,\"height\":427,\"caption\":\"Fotos de Rec\u00e9m Nascido \u2013 Sess\u00e3o fotos New Born\"},{\"@type\":\"BreadcrumbList\",\"@id\":\"https:\\\/\\\/biancamachado.com.br\\\/blog\\\/fotos-de-recem-nascido-sessao-fotos-new-born\\\/#breadcrumb\",\"itemListElement\":[{\"@type\":\"ListItem\",\"position\":1,\"name\":\"In\u00edcio\",\"item\":\"https:\\\/\\\/biancamachado.com.br\\\/blog\\\/\"},{\"@type\":\"ListItem\",\"position\":2,\"name\":\"Fotos de Rec\u00e9m Nascido &#8211; Sess\u00e3o fotos Newborn\"}]},{\"@type\":\"WebSite\",\"@id\":\"https:\\\/\\\/biancamachado.com.br\\\/blog\\\/#website\",\"url\":\"https:\\\/\\\/biancamachado.com.br\\\/blog\\\/\",\"name\":\"STUDIO BIANCA MACHADO\",\"description\":\"Estudio Fotografico, Ensaios e Books de foto profissional\",\"publisher\":{\"@id\":\"https:\\\/\\\/biancamachado.com.br\\\/blog\\\/#organization\"},\"potentialAction\":[{\"@type\":\"SearchAction\",\"target\":{\"@type\":\"EntryPoint\",\"urlTemplate\":\"https:\\\/\\\/biancamachado.com.br\\\/blog\\\/?s={search_term_string}\"},\"query-input\":{\"@type\":\"PropertyValueSpecification\",\"valueRequired\":true,\"valueName\":\"search_term_string\"}}],\"inLanguage\":\"pt-BR\"},{\"@type\":\"Organization\",\"@id\":\"https:\\\/\\\/biancamachado.com.br\\\/blog\\\/#organization\",\"name\":\"STUDIO BIANCA MACHADO\",\"url\":\"https:\\\/\\\/biancamachado.com.br\\\/blog\\\/\",\"logo\":{\"@type\":\"ImageObject\",\"inLanguage\":\"pt-BR\",\"@id\":\"https:\\\/\\\/biancamachado.com.br\\\/blog\\\/#\\\/schema\\\/logo\\\/image\\\/\",\"url\":\"https:\\\/\\\/i0.wp.com\\\/biancamachado.com.br\\\/blog\\\/wp-content\\\/uploads\\\/2021\\\/02\\\/cropped-logo-ml.jpg?fit=278%2C100&ssl=1\",\"contentUrl\":\"https:\\\/\\\/i0.wp.com\\\/biancamachado.com.br\\\/blog\\\/wp-content\\\/uploads\\\/2021\\\/02\\\/cropped-logo-ml.jpg?fit=278%2C100&ssl=1\",\"width\":278,\"height\":100,\"caption\":\"STUDIO BIANCA MACHADO\"},\"image\":{\"@id\":\"https:\\\/\\\/biancamachado.com.br\\\/blog\\\/#\\\/schema\\\/logo\\\/image\\\/\"},\"sameAs\":[\"https:\\\/\\\/www.facebook.com\\\/Studiobiancamachado\\\/\",\"https:\\\/\\\/www.instagram.com\\\/Studiobiancamachado\\\/\"]},{\"@type\":\"Person\",\"@id\":\"https:\\\/\\\/biancamachado.com.br\\\/blog\\\/#\\\/schema\\\/person\\\/990263800ec5e9bdbbf092a2353550a1\",\"name\":\"biancamachado\",\"image\":{\"@type\":\"ImageObject\",\"inLanguage\":\"pt-BR\",\"@id\":\"https:\\\/\\\/secure.gravatar.com\\\/avatar\\\/62b1a50f2632dbc2e279c3eb55aa46cc324c969cff16a69c59756d155316542c?s=96&d=mm&r=g\",\"url\":\"https:\\\/\\\/secure.gravatar.com\\\/avatar\\\/62b1a50f2632dbc2e279c3eb55aa46cc324c969cff16a69c59756d155316542c?s=96&d=mm&r=g\",\"contentUrl\":\"https:\\\/\\\/secure.gravatar.com\\\/avatar\\\/62b1a50f2632dbc2e279c3eb55aa46cc324c969cff16a69c59756d155316542c?s=96&d=mm&r=g\",\"caption\":\"biancamachado\"},\"sameAs\":[\"https:\\\/\\\/biancamachado.com.br\\\/blog\"],\"url\":\"https:\\\/\\\/biancamachado.com.br\\\/blog\\\/author\\\/biancamachado\\\/\"}]}<\/script>\n<!-- \/ Yoast SEO plugin. -->","yoast_head_json":{"title":"Fotos de Rec\u00e9m Nascido - Sess\u00e3o fotos Newborn - STUDIO BIANCA MACHADO","robots":{"index":"index","follow":"follow","max-snippet":"max-snippet:-1","max-image-preview":"max-image-preview:large","max-video-preview":"max-video-preview:-1"},"canonical":"https:\/\/biancamachado.com.br\/blog\/fotos-de-recem-nascido-sessao-fotos-new-born\/","og_locale":"pt_BR","og_type":"article","og_title":"Fotos de Rec\u00e9m Nascido - Sess\u00e3o fotos Newborn - STUDIO BIANCA MACHADO","og_description":"\u00c9 poss\u00edvel fazer uma sess\u00e3o","og_url":"https:\/\/biancamachado.com.br\/blog\/fotos-de-recem-nascido-sessao-fotos-new-born\/","og_site_name":"STUDIO BIANCA MACHADO","article_publisher":"https:\/\/www.facebook.com\/Studiobiancamachado\/","article_published_time":"2012-12-27T18:01:00+00:00","article_modified_time":"2021-02-18T02:59:24+00:00","og_image":[{"width":633,"height":427,"url":"https:\/\/i0.wp.com\/biancamachado.com.br\/blog\/wp-content\/uploads\/2012\/12\/Screenshot_338.png?fit=633%2C427&ssl=1","type":"image\/png"}],"author":"biancamachado","twitter_card":"summary_large_image","twitter_misc":{"Escrito por":"biancamachado"},"schema":{"@context":"https:\/\/schema.org","@graph":[{"@type":"Article","@id":"https:\/\/biancamachado.com.br\/blog\/fotos-de-recem-nascido-sessao-fotos-new-born\/#article","isPartOf":{"@id":"https:\/\/biancamachado.com.br\/blog\/fotos-de-recem-nascido-sessao-fotos-new-born\/"},"author":{"name":"biancamachado","@id":"https:\/\/biancamachado.com.br\/blog\/#\/schema\/person\/990263800ec5e9bdbbf092a2353550a1"},"headline":"Fotos de Rec\u00e9m Nascido &#8211; Sess\u00e3o fotos Newborn","datePublished":"2012-12-27T18:01:00+00:00","dateModified":"2021-02-18T02:59:24+00:00","mainEntityOfPage":{"@id":"https:\/\/biancamachado.com.br\/blog\/fotos-de-recem-nascido-sessao-fotos-new-born\/"},"wordCount":79,"commentCount":0,"publisher":{"@id":"https:\/\/biancamachado.com.br\/blog\/#organization"},"image":{"@id":"https:\/\/biancamachado.com.br\/blog\/fotos-de-recem-nascido-sessao-fotos-new-born\/#primaryimage"},"thumbnailUrl":"https:\/\/i0.wp.com\/biancamachado.com.br\/blog\/wp-content\/uploads\/2012\/12\/Screenshot_338.png?fit=633%2C427&ssl=1","keywords":["fotografia newborn","fotos para recem nascidos"],"articleSection":["Newborn \/ Rec\u00e9m nascido","Studio Bianca Machado"],"inLanguage":"pt-BR","potentialAction":[{"@type":"CommentAction","name":"Comment","target":["https:\/\/biancamachado.com.br\/blog\/fotos-de-recem-nascido-sessao-fotos-new-born\/#respond"]}]},{"@type":"WebPage","@id":"https:\/\/biancamachado.com.br\/blog\/fotos-de-recem-nascido-sessao-fotos-new-born\/","url":"https:\/\/biancamachado.com.br\/blog\/fotos-de-recem-nascido-sessao-fotos-new-born\/","name":"Fotos de Rec\u00e9m Nascido - Sess\u00e3o fotos Newborn - STUDIO BIANCA MACHADO","isPartOf":{"@id":"https:\/\/biancamachado.com.br\/blog\/#website"},"primaryImageOfPage":{"@id":"https:\/\/biancamachado.com.br\/blog\/fotos-de-recem-nascido-sessao-fotos-new-born\/#primaryimage"},"image":{"@id":"https:\/\/biancamachado.com.br\/blog\/fotos-de-recem-nascido-sessao-fotos-new-born\/#primaryimage"},"thumbnailUrl":"https:\/\/i0.wp.com\/biancamachado.com.br\/blog\/wp-content\/uploads\/2012\/12\/Screenshot_338.png?fit=633%2C427&ssl=1","datePublished":"2012-12-27T18:01:00+00:00","dateModified":"2021-02-18T02:59:24+00:00","breadcrumb":{"@id":"https:\/\/biancamachado.com.br\/blog\/fotos-de-recem-nascido-sessao-fotos-new-born\/#breadcrumb"},"inLanguage":"pt-BR","potentialAction":[{"@type":"ReadAction","target":["https:\/\/biancamachado.com.br\/blog\/fotos-de-recem-nascido-sessao-fotos-new-born\/"]}]},{"@type":"ImageObject","inLanguage":"pt-BR","@id":"https:\/\/biancamachado.com.br\/blog\/fotos-de-recem-nascido-sessao-fotos-new-born\/#primaryimage","url":"https:\/\/i0.wp.com\/biancamachado.com.br\/blog\/wp-content\/uploads\/2012\/12\/Screenshot_338.png?fit=633%2C427&ssl=1","contentUrl":"https:\/\/i0.wp.com\/biancamachado.com.br\/blog\/wp-content\/uploads\/2012\/12\/Screenshot_338.png?fit=633%2C427&ssl=1","width":633,"height":427,"caption":"Fotos de Rec\u00e9m Nascido \u2013 Sess\u00e3o fotos New Born"},{"@type":"BreadcrumbList","@id":"https:\/\/biancamachado.com.br\/blog\/fotos-de-recem-nascido-sessao-fotos-new-born\/#breadcrumb","itemListElement":[{"@type":"ListItem","position":1,"name":"In\u00edcio","item":"https:\/\/biancamachado.com.br\/blog\/"},{"@type":"ListItem","position":2,"name":"Fotos de Rec\u00e9m Nascido &#8211; Sess\u00e3o fotos Newborn"}]},{"@type":"WebSite","@id":"https:\/\/biancamachado.com.br\/blog\/#website","url":"https:\/\/biancamachado.com.br\/blog\/","name":"STUDIO BIANCA MACHADO","description":"Estudio Fotografico, Ensaios e Books de foto profissional","publisher":{"@id":"https:\/\/biancamachado.com.br\/blog\/#organization"},"potentialAction":[{"@type":"SearchAction","target":{"@type":"EntryPoint","urlTemplate":"https:\/\/biancamachado.com.br\/blog\/?s={search_term_string}"},"query-input":{"@type":"PropertyValueSpecification","valueRequired":true,"valueName":"search_term_string"}}],"inLanguage":"pt-BR"},{"@type":"Organization","@id":"https:\/\/biancamachado.com.br\/blog\/#organization","name":"STUDIO BIANCA MACHADO","url":"https:\/\/biancamachado.com.br\/blog\/","logo":{"@type":"ImageObject","inLanguage":"pt-BR","@id":"https:\/\/biancamachado.com.br\/blog\/#\/schema\/logo\/image\/","url":"https:\/\/i0.wp.com\/biancamachado.com.br\/blog\/wp-content\/uploads\/2021\/02\/cropped-logo-ml.jpg?fit=278%2C100&ssl=1","contentUrl":"https:\/\/i0.wp.com\/biancamachado.com.br\/blog\/wp-content\/uploads\/2021\/02\/cropped-logo-ml.jpg?fit=278%2C100&ssl=1","width":278,"height":100,"caption":"STUDIO BIANCA MACHADO"},"image":{"@id":"https:\/\/biancamachado.com.br\/blog\/#\/schema\/logo\/image\/"},"sameAs":["https:\/\/www.facebook.com\/Studiobiancamachado\/","https:\/\/www.instagram.com\/Studiobiancamachado\/"]},{"@type":"Person","@id":"https:\/\/biancamachado.com.br\/blog\/#\/schema\/person\/990263800ec5e9bdbbf092a2353550a1","name":"biancamachado","image":{"@type":"ImageObject","inLanguage":"pt-BR","@id":"https:\/\/secure.gravatar.com\/avatar\/62b1a50f2632dbc2e279c3eb55aa46cc324c969cff16a69c59756d155316542c?s=96&d=mm&r=g","url":"https:\/\/secure.gravatar.com\/avatar\/62b1a50f2632dbc2e279c3eb55aa46cc324c969cff16a69c59756d155316542c?s=96&d=mm&r=g","contentUrl":"https:\/\/secure.gravatar.com\/avatar\/62b1a50f2632dbc2e279c3eb55aa46cc324c969cff16a69c59756d155316542c?s=96&d=mm&r=g","caption":"biancamachado"},"sameAs":["https:\/\/biancamachado.com.br\/blog"],"url":"https:\/\/biancamachado.com.br\/blog\/author\/biancamachado\/"}]}},"jetpack_featured_media_url":"https:\/\/i0.wp.com\/biancamachado.com.br\/blog\/wp-content\/uploads\/2012\/12\/Screenshot_338.png?fit=633%2C427&ssl=1","jetpack-related-posts":[],"jetpack_sharing_enabled":true,"_links":{"self":[{"href":"https:\/\/biancamachado.com.br\/blog\/wp-json\/wp\/v2\/posts\/380","targetHints":{"allow":["GET"]}}],"collection":[{"href":"https:\/\/biancamachado.com.br\/blog\/wp-json\/wp\/v2\/posts"}],"about":[{"href":"https:\/\/biancamachado.com.br\/blog\/wp-json\/wp\/v2\/types\/post"}],"author":[{"embeddable":true,"href":"https:\/\/biancamachado.com.br\/blog\/wp-json\/wp\/v2\/users\/1"}],"replies":[{"embeddable":true,"href":"https:\/\/biancamachado.com.br\/blog\/wp-json\/wp\/v2\/comments?post=380"}],"version-history":[{"count":3,"href":"https:\/\/biancamachado.com.br\/blog\/wp-json\/wp\/v2\/posts\/380\/revisions"}],"predecessor-version":[{"id":1555,"href":"https:\/\/biancamachado.com.br\/blog\/wp-json\/wp\/v2\/posts\/380\/revisions\/1555"}],"wp:featuredmedia":[{"embeddable":true,"href":"https:\/\/biancamachado.com.br\/blog\/wp-json\/wp\/v2\/media\/1215"}],"wp:attachment":[{"href":"https:\/\/biancamachado.com.br\/blog\/wp-json\/wp\/v2\/media?parent=380"}],"wp:term":[{"taxonomy":"category","embeddable":true,"href":"https:\/\/biancamachado.com.br\/blog\/wp-json\/wp\/v2\/categories?post=380"},{"taxonomy":"post_tag","embeddable":true,"href":"https:\/\/biancamachado.com.br\/blog\/wp-json\/wp\/v2\/tags?post=380"}],"curies":[{"name":"wp","href":"https:\/\/api.w.org\/{rel}","templated":true}]}}