{"id":38,"date":"2018-02-16T12:53:00","date_gmt":"2018-02-16T14:53:00","guid":{"rendered":"https:\/\/biancamachado.com.br\/blog\/?p=38"},"modified":"2023-02-12T15:55:56","modified_gmt":"2023-02-12T18:55:56","slug":"ensaio-de-fotos-com-a-vovo-que-ideia-legal","status":"publish","type":"post","link":"https:\/\/biancamachado.com.br\/blog\/ensaio-de-fotos-com-a-vovo-que-ideia-legal\/","title":{"rendered":"Ensaio de fotos com a vov\u00f3 : que ideia legal !"},"content":{"rendered":"<p>O que seria das mam\u00e3es sem as vov\u00f3s? Ent\u00e3o, essa \u00e9 uma sess\u00e3o de &#8220;reconhecimento&#8221; kkk<br \/>\nQue divertido ver uma fam\u00edlia t\u00e3o unida, e uma vov\u00f3 t\u00e3o linda e animada !<br \/>\nVamos conferir um pouco desse ensaios de fotos?<\/p>\n<p><center><\/p>\n<div>\n<div><iframe loading=\"lazy\" src=\"https:\/\/www.youtube.com\/embed\/oen6Mfoa37E?showinfo=0\" width=\"560\" height=\"315\" frameborder=\"0\" allowfullscreen=\"allowfullscreen\"><\/iframe><\/div>\n<\/div>\n<p><\/center><\/p>\n<p>Registrar momentos especiais com a vov\u00f3 e o beb\u00ea \u00e9 uma das formas mais emocionantes de guardar mem\u00f3rias que ficar\u00e3o para sempre na mem\u00f3ria. E se voc\u00ea est\u00e1 procurando um est\u00fadio de fotografia especializado em ensaios com beb\u00eas e vov\u00f3s, pode contar com a fot\u00f3grafa Bianca Machado do Studio Bianca Machado.<\/p>\n<p>O est\u00fadio da Bianca Machado oferece um ambiente acolhedor e confort\u00e1vel para que a vov\u00f3 e o beb\u00ea possam se sentir \u00e0 vontade durante a sess\u00e3o de fotos. A fot\u00f3grafa Bianca Machado sabe como criar um clima descontra\u00eddo e divertido para que a vov\u00f3 e o beb\u00ea possam interagir de forma natural e espont\u00e2nea.<\/p>\n<p>Al\u00e9m disso, a fot\u00f3grafa Bianca Machado tamb\u00e9m \u00e9 especialista em capturar momentos \u00fanicos e emocionantes entre a vov\u00f3 e o beb\u00ea. Cada imagem capturada \u00e9 aut\u00eantica e \u00fanica, refletindo a conex\u00e3o e o amor entre a vov\u00f3 e o beb\u00ea.<\/p>\n<p>Outra vantagem de escolher um est\u00fadio de fotografia para o ensaio com beb\u00ea e vov\u00f3 \u00e9 a possibilidade de criar imagens \u00fanicas e memor\u00e1veis que ficar\u00e3o para sempre na mem\u00f3ria. A fot\u00f3grafa Bianca Machado sabe como usar a luz, a pose e as express\u00f5es faciais para criar um registro aut\u00eantico e impactante, que ser\u00e1 lembrado por muitos anos.<\/p>\n<p>Se voc\u00ea est\u00e1 procurando um presente divertido e emocionante para a vov\u00f3 e o beb\u00ea, um ensaio fotogr\u00e1fico com a fot\u00f3grafa Bianca Machado pode ser a escolha perfeita. Entre em contato com o Studio Bianca Machado para saber mais sobre as op\u00e7\u00f5es de ensaio com beb\u00eas e vov\u00f3s.<\/p>\nVisite tamb\u00e9m nosso site: www.biancamachado.com.br\r\n(11) 97107-1018\r\n\r\nAtendemos as regi\u00f5es de S\u00e3o Paulo, Sorocaba, Ibi\u00fana, Piedade, Votorantim, Cotia, Itupeva, Jundia\u00ed, It\u00fa e Campinas","protected":false},"excerpt":{"rendered":"<p>O que seria das mam\u00e3es<\/p>\n","protected":false},"author":1,"featured_media":777,"comment_status":"open","ping_status":"open","sticky":false,"template":"","format":"standard","meta":{"_monsterinsights_skip_tracking":false,"_monsterinsights_sitenote_active":false,"_monsterinsights_sitenote_note":"","_monsterinsights_sitenote_category":0,"jetpack_post_was_ever_published":false,"_jetpack_newsletter_access":"","_jetpack_dont_email_post_to_subs":false,"_jetpack_newsletter_tier_id":0,"_jetpack_memberships_contains_paywalled_content":false,"_jetpack_memberships_contains_paid_content":false,"_joinchat":[],"footnotes":""},"categories":[292,1],"tags":[742,332,333,744,684,707,334,748],"class_list":["post-38","post","type-post","status-publish","format-standard","has-post-thumbnail","hentry","category-book-familia-estudio","category-studio-bianca-machado","tag-bebes","tag-book-familia-em-estudio","tag-ensaio-de-fotos-com-criancas","tag-ensaio-fotografico","tag-estudio","tag-fotografa-bianca-machado","tag-fotografia-profissional-para-familias","tag-vovo"],"yoast_head":"<!-- This site is optimized with the Yoast SEO plugin v27.4 - https:\/\/yoast.com\/product\/yoast-seo-wordpress\/ -->\n<title>Ensaio de fotos com a vov\u00f3 : que ideia legal ! - STUDIO BIANCA MACHADO<\/title>\n<meta name=\"robots\" content=\"index, follow, max-snippet:-1, max-image-preview:large, max-video-preview:-1\" \/>\n<link rel=\"canonical\" href=\"https:\/\/biancamachado.com.br\/blog\/ensaio-de-fotos-com-a-vovo-que-ideia-legal\/\" \/>\n<meta property=\"og:locale\" content=\"pt_BR\" \/>\n<meta property=\"og:type\" content=\"article\" \/>\n<meta property=\"og:title\" content=\"Ensaio de fotos com a vov\u00f3 : que ideia legal ! - STUDIO BIANCA MACHADO\" \/>\n<meta property=\"og:description\" content=\"O que seria das mam\u00e3es\" \/>\n<meta property=\"og:url\" content=\"https:\/\/biancamachado.com.br\/blog\/ensaio-de-fotos-com-a-vovo-que-ideia-legal\/\" \/>\n<meta property=\"og:site_name\" content=\"STUDIO BIANCA MACHADO\" \/>\n<meta property=\"article:publisher\" content=\"https:\/\/www.facebook.com\/Studiobiancamachado\/\" \/>\n<meta property=\"article:published_time\" content=\"2018-02-16T14:53:00+00:00\" \/>\n<meta property=\"article:modified_time\" content=\"2023-02-12T18:55:56+00:00\" \/>\n<meta property=\"og:image\" content=\"https:\/\/biancamachado.com.br\/blog\/wp-content\/uploads\/2018\/02\/ensaio-de-fotos-com-a-vovo.jpg\" \/>\n\t<meta property=\"og:image:width\" content=\"1280\" \/>\n\t<meta property=\"og:image:height\" content=\"720\" \/>\n\t<meta property=\"og:image:type\" content=\"image\/jpeg\" \/>\n<meta name=\"author\" content=\"biancamachado\" \/>\n<meta name=\"twitter:card\" content=\"summary_large_image\" \/>\n<meta name=\"twitter:label1\" content=\"Escrito por\" \/>\n\t<meta name=\"twitter:data1\" content=\"biancamachado\" \/>\n\t<meta name=\"twitter:label2\" content=\"Est. tempo de leitura\" \/>\n\t<meta name=\"twitter:data2\" content=\"2 minutos\" \/>\n<script type=\"application\/ld+json\" class=\"yoast-schema-graph\">{\"@context\":\"https:\\\/\\\/schema.org\",\"@graph\":[{\"@type\":\"Article\",\"@id\":\"https:\\\/\\\/biancamachado.com.br\\\/blog\\\/ensaio-de-fotos-com-a-vovo-que-ideia-legal\\\/#article\",\"isPartOf\":{\"@id\":\"https:\\\/\\\/biancamachado.com.br\\\/blog\\\/ensaio-de-fotos-com-a-vovo-que-ideia-legal\\\/\"},\"author\":{\"name\":\"biancamachado\",\"@id\":\"https:\\\/\\\/biancamachado.com.br\\\/blog\\\/#\\\/schema\\\/person\\\/990263800ec5e9bdbbf092a2353550a1\"},\"headline\":\"Ensaio de fotos com a vov\u00f3 : que ideia legal !\",\"datePublished\":\"2018-02-16T14:53:00+00:00\",\"dateModified\":\"2023-02-12T18:55:56+00:00\",\"mainEntityOfPage\":{\"@id\":\"https:\\\/\\\/biancamachado.com.br\\\/blog\\\/ensaio-de-fotos-com-a-vovo-que-ideia-legal\\\/\"},\"wordCount\":329,\"commentCount\":0,\"publisher\":{\"@id\":\"https:\\\/\\\/biancamachado.com.br\\\/blog\\\/#organization\"},\"image\":{\"@id\":\"https:\\\/\\\/biancamachado.com.br\\\/blog\\\/ensaio-de-fotos-com-a-vovo-que-ideia-legal\\\/#primaryimage\"},\"thumbnailUrl\":\"https:\\\/\\\/i0.wp.com\\\/biancamachado.com.br\\\/blog\\\/wp-content\\\/uploads\\\/2018\\\/02\\\/ensaio-de-fotos-com-a-vovo.jpg?fit=1280%2C720&ssl=1\",\"keywords\":[\"beb\u00eas\",\"Book familia em estudio\",\"ensaio de fotos com crian\u00e7as\",\"ensaio fotogr\u00e1fico\",\"est\u00fadio\",\"fot\u00f3grafa Bianca Machado\",\"fotografia profissional para familias\",\"vov\u00f3\"],\"articleSection\":[\"Book Familia Estudio\",\"Studio Bianca Machado\"],\"inLanguage\":\"pt-BR\",\"potentialAction\":[{\"@type\":\"CommentAction\",\"name\":\"Comment\",\"target\":[\"https:\\\/\\\/biancamachado.com.br\\\/blog\\\/ensaio-de-fotos-com-a-vovo-que-ideia-legal\\\/#respond\"]}]},{\"@type\":\"WebPage\",\"@id\":\"https:\\\/\\\/biancamachado.com.br\\\/blog\\\/ensaio-de-fotos-com-a-vovo-que-ideia-legal\\\/\",\"url\":\"https:\\\/\\\/biancamachado.com.br\\\/blog\\\/ensaio-de-fotos-com-a-vovo-que-ideia-legal\\\/\",\"name\":\"Ensaio de fotos com a vov\u00f3 : que ideia legal ! - STUDIO BIANCA MACHADO\",\"isPartOf\":{\"@id\":\"https:\\\/\\\/biancamachado.com.br\\\/blog\\\/#website\"},\"primaryImageOfPage\":{\"@id\":\"https:\\\/\\\/biancamachado.com.br\\\/blog\\\/ensaio-de-fotos-com-a-vovo-que-ideia-legal\\\/#primaryimage\"},\"image\":{\"@id\":\"https:\\\/\\\/biancamachado.com.br\\\/blog\\\/ensaio-de-fotos-com-a-vovo-que-ideia-legal\\\/#primaryimage\"},\"thumbnailUrl\":\"https:\\\/\\\/i0.wp.com\\\/biancamachado.com.br\\\/blog\\\/wp-content\\\/uploads\\\/2018\\\/02\\\/ensaio-de-fotos-com-a-vovo.jpg?fit=1280%2C720&ssl=1\",\"datePublished\":\"2018-02-16T14:53:00+00:00\",\"dateModified\":\"2023-02-12T18:55:56+00:00\",\"breadcrumb\":{\"@id\":\"https:\\\/\\\/biancamachado.com.br\\\/blog\\\/ensaio-de-fotos-com-a-vovo-que-ideia-legal\\\/#breadcrumb\"},\"inLanguage\":\"pt-BR\",\"potentialAction\":[{\"@type\":\"ReadAction\",\"target\":[\"https:\\\/\\\/biancamachado.com.br\\\/blog\\\/ensaio-de-fotos-com-a-vovo-que-ideia-legal\\\/\"]}]},{\"@type\":\"ImageObject\",\"inLanguage\":\"pt-BR\",\"@id\":\"https:\\\/\\\/biancamachado.com.br\\\/blog\\\/ensaio-de-fotos-com-a-vovo-que-ideia-legal\\\/#primaryimage\",\"url\":\"https:\\\/\\\/i0.wp.com\\\/biancamachado.com.br\\\/blog\\\/wp-content\\\/uploads\\\/2018\\\/02\\\/ensaio-de-fotos-com-a-vovo.jpg?fit=1280%2C720&ssl=1\",\"contentUrl\":\"https:\\\/\\\/i0.wp.com\\\/biancamachado.com.br\\\/blog\\\/wp-content\\\/uploads\\\/2018\\\/02\\\/ensaio-de-fotos-com-a-vovo.jpg?fit=1280%2C720&ssl=1\",\"width\":1280,\"height\":720,\"caption\":\"Ensaio de fotos com a vov\u00f3 : que ideia legal !\"},{\"@type\":\"BreadcrumbList\",\"@id\":\"https:\\\/\\\/biancamachado.com.br\\\/blog\\\/ensaio-de-fotos-com-a-vovo-que-ideia-legal\\\/#breadcrumb\",\"itemListElement\":[{\"@type\":\"ListItem\",\"position\":1,\"name\":\"In\u00edcio\",\"item\":\"https:\\\/\\\/biancamachado.com.br\\\/blog\\\/\"},{\"@type\":\"ListItem\",\"position\":2,\"name\":\"Ensaio de fotos com a vov\u00f3 : que ideia legal !\"}]},{\"@type\":\"WebSite\",\"@id\":\"https:\\\/\\\/biancamachado.com.br\\\/blog\\\/#website\",\"url\":\"https:\\\/\\\/biancamachado.com.br\\\/blog\\\/\",\"name\":\"STUDIO BIANCA MACHADO\",\"description\":\"Estudio Fotografico, Ensaios e Books de foto profissional\",\"publisher\":{\"@id\":\"https:\\\/\\\/biancamachado.com.br\\\/blog\\\/#organization\"},\"potentialAction\":[{\"@type\":\"SearchAction\",\"target\":{\"@type\":\"EntryPoint\",\"urlTemplate\":\"https:\\\/\\\/biancamachado.com.br\\\/blog\\\/?s={search_term_string}\"},\"query-input\":{\"@type\":\"PropertyValueSpecification\",\"valueRequired\":true,\"valueName\":\"search_term_string\"}}],\"inLanguage\":\"pt-BR\"},{\"@type\":\"Organization\",\"@id\":\"https:\\\/\\\/biancamachado.com.br\\\/blog\\\/#organization\",\"name\":\"STUDIO BIANCA MACHADO\",\"url\":\"https:\\\/\\\/biancamachado.com.br\\\/blog\\\/\",\"logo\":{\"@type\":\"ImageObject\",\"inLanguage\":\"pt-BR\",\"@id\":\"https:\\\/\\\/biancamachado.com.br\\\/blog\\\/#\\\/schema\\\/logo\\\/image\\\/\",\"url\":\"https:\\\/\\\/i0.wp.com\\\/biancamachado.com.br\\\/blog\\\/wp-content\\\/uploads\\\/2021\\\/02\\\/cropped-logo-ml.jpg?fit=278%2C100&ssl=1\",\"contentUrl\":\"https:\\\/\\\/i0.wp.com\\\/biancamachado.com.br\\\/blog\\\/wp-content\\\/uploads\\\/2021\\\/02\\\/cropped-logo-ml.jpg?fit=278%2C100&ssl=1\",\"width\":278,\"height\":100,\"caption\":\"STUDIO BIANCA MACHADO\"},\"image\":{\"@id\":\"https:\\\/\\\/biancamachado.com.br\\\/blog\\\/#\\\/schema\\\/logo\\\/image\\\/\"},\"sameAs\":[\"https:\\\/\\\/www.facebook.com\\\/Studiobiancamachado\\\/\",\"https:\\\/\\\/www.instagram.com\\\/Studiobiancamachado\\\/\"]},{\"@type\":\"Person\",\"@id\":\"https:\\\/\\\/biancamachado.com.br\\\/blog\\\/#\\\/schema\\\/person\\\/990263800ec5e9bdbbf092a2353550a1\",\"name\":\"biancamachado\",\"image\":{\"@type\":\"ImageObject\",\"inLanguage\":\"pt-BR\",\"@id\":\"https:\\\/\\\/secure.gravatar.com\\\/avatar\\\/62b1a50f2632dbc2e279c3eb55aa46cc324c969cff16a69c59756d155316542c?s=96&d=mm&r=g\",\"url\":\"https:\\\/\\\/secure.gravatar.com\\\/avatar\\\/62b1a50f2632dbc2e279c3eb55aa46cc324c969cff16a69c59756d155316542c?s=96&d=mm&r=g\",\"contentUrl\":\"https:\\\/\\\/secure.gravatar.com\\\/avatar\\\/62b1a50f2632dbc2e279c3eb55aa46cc324c969cff16a69c59756d155316542c?s=96&d=mm&r=g\",\"caption\":\"biancamachado\"},\"sameAs\":[\"https:\\\/\\\/biancamachado.com.br\\\/blog\"],\"url\":\"https:\\\/\\\/biancamachado.com.br\\\/blog\\\/author\\\/biancamachado\\\/\"}]}<\/script>\n<!-- \/ Yoast SEO plugin. -->","yoast_head_json":{"title":"Ensaio de fotos com a vov\u00f3 : que ideia legal ! - STUDIO BIANCA MACHADO","robots":{"index":"index","follow":"follow","max-snippet":"max-snippet:-1","max-image-preview":"max-image-preview:large","max-video-preview":"max-video-preview:-1"},"canonical":"https:\/\/biancamachado.com.br\/blog\/ensaio-de-fotos-com-a-vovo-que-ideia-legal\/","og_locale":"pt_BR","og_type":"article","og_title":"Ensaio de fotos com a vov\u00f3 : que ideia legal ! - STUDIO BIANCA MACHADO","og_description":"O que seria das mam\u00e3es","og_url":"https:\/\/biancamachado.com.br\/blog\/ensaio-de-fotos-com-a-vovo-que-ideia-legal\/","og_site_name":"STUDIO BIANCA MACHADO","article_publisher":"https:\/\/www.facebook.com\/Studiobiancamachado\/","article_published_time":"2018-02-16T14:53:00+00:00","article_modified_time":"2023-02-12T18:55:56+00:00","og_image":[{"width":1280,"height":720,"url":"https:\/\/biancamachado.com.br\/blog\/wp-content\/uploads\/2018\/02\/ensaio-de-fotos-com-a-vovo.jpg","type":"image\/jpeg"}],"author":"biancamachado","twitter_card":"summary_large_image","twitter_misc":{"Escrito por":"biancamachado","Est. tempo de leitura":"2 minutos"},"schema":{"@context":"https:\/\/schema.org","@graph":[{"@type":"Article","@id":"https:\/\/biancamachado.com.br\/blog\/ensaio-de-fotos-com-a-vovo-que-ideia-legal\/#article","isPartOf":{"@id":"https:\/\/biancamachado.com.br\/blog\/ensaio-de-fotos-com-a-vovo-que-ideia-legal\/"},"author":{"name":"biancamachado","@id":"https:\/\/biancamachado.com.br\/blog\/#\/schema\/person\/990263800ec5e9bdbbf092a2353550a1"},"headline":"Ensaio de fotos com a vov\u00f3 : que ideia legal !","datePublished":"2018-02-16T14:53:00+00:00","dateModified":"2023-02-12T18:55:56+00:00","mainEntityOfPage":{"@id":"https:\/\/biancamachado.com.br\/blog\/ensaio-de-fotos-com-a-vovo-que-ideia-legal\/"},"wordCount":329,"commentCount":0,"publisher":{"@id":"https:\/\/biancamachado.com.br\/blog\/#organization"},"image":{"@id":"https:\/\/biancamachado.com.br\/blog\/ensaio-de-fotos-com-a-vovo-que-ideia-legal\/#primaryimage"},"thumbnailUrl":"https:\/\/i0.wp.com\/biancamachado.com.br\/blog\/wp-content\/uploads\/2018\/02\/ensaio-de-fotos-com-a-vovo.jpg?fit=1280%2C720&ssl=1","keywords":["beb\u00eas","Book familia em estudio","ensaio de fotos com crian\u00e7as","ensaio fotogr\u00e1fico","est\u00fadio","fot\u00f3grafa Bianca Machado","fotografia profissional para familias","vov\u00f3"],"articleSection":["Book Familia Estudio","Studio Bianca Machado"],"inLanguage":"pt-BR","potentialAction":[{"@type":"CommentAction","name":"Comment","target":["https:\/\/biancamachado.com.br\/blog\/ensaio-de-fotos-com-a-vovo-que-ideia-legal\/#respond"]}]},{"@type":"WebPage","@id":"https:\/\/biancamachado.com.br\/blog\/ensaio-de-fotos-com-a-vovo-que-ideia-legal\/","url":"https:\/\/biancamachado.com.br\/blog\/ensaio-de-fotos-com-a-vovo-que-ideia-legal\/","name":"Ensaio de fotos com a vov\u00f3 : que ideia legal ! - STUDIO BIANCA MACHADO","isPartOf":{"@id":"https:\/\/biancamachado.com.br\/blog\/#website"},"primaryImageOfPage":{"@id":"https:\/\/biancamachado.com.br\/blog\/ensaio-de-fotos-com-a-vovo-que-ideia-legal\/#primaryimage"},"image":{"@id":"https:\/\/biancamachado.com.br\/blog\/ensaio-de-fotos-com-a-vovo-que-ideia-legal\/#primaryimage"},"thumbnailUrl":"https:\/\/i0.wp.com\/biancamachado.com.br\/blog\/wp-content\/uploads\/2018\/02\/ensaio-de-fotos-com-a-vovo.jpg?fit=1280%2C720&ssl=1","datePublished":"2018-02-16T14:53:00+00:00","dateModified":"2023-02-12T18:55:56+00:00","breadcrumb":{"@id":"https:\/\/biancamachado.com.br\/blog\/ensaio-de-fotos-com-a-vovo-que-ideia-legal\/#breadcrumb"},"inLanguage":"pt-BR","potentialAction":[{"@type":"ReadAction","target":["https:\/\/biancamachado.com.br\/blog\/ensaio-de-fotos-com-a-vovo-que-ideia-legal\/"]}]},{"@type":"ImageObject","inLanguage":"pt-BR","@id":"https:\/\/biancamachado.com.br\/blog\/ensaio-de-fotos-com-a-vovo-que-ideia-legal\/#primaryimage","url":"https:\/\/i0.wp.com\/biancamachado.com.br\/blog\/wp-content\/uploads\/2018\/02\/ensaio-de-fotos-com-a-vovo.jpg?fit=1280%2C720&ssl=1","contentUrl":"https:\/\/i0.wp.com\/biancamachado.com.br\/blog\/wp-content\/uploads\/2018\/02\/ensaio-de-fotos-com-a-vovo.jpg?fit=1280%2C720&ssl=1","width":1280,"height":720,"caption":"Ensaio de fotos com a vov\u00f3 : que ideia legal !"},{"@type":"BreadcrumbList","@id":"https:\/\/biancamachado.com.br\/blog\/ensaio-de-fotos-com-a-vovo-que-ideia-legal\/#breadcrumb","itemListElement":[{"@type":"ListItem","position":1,"name":"In\u00edcio","item":"https:\/\/biancamachado.com.br\/blog\/"},{"@type":"ListItem","position":2,"name":"Ensaio de fotos com a vov\u00f3 : que ideia legal !"}]},{"@type":"WebSite","@id":"https:\/\/biancamachado.com.br\/blog\/#website","url":"https:\/\/biancamachado.com.br\/blog\/","name":"STUDIO BIANCA MACHADO","description":"Estudio Fotografico, Ensaios e Books de foto profissional","publisher":{"@id":"https:\/\/biancamachado.com.br\/blog\/#organization"},"potentialAction":[{"@type":"SearchAction","target":{"@type":"EntryPoint","urlTemplate":"https:\/\/biancamachado.com.br\/blog\/?s={search_term_string}"},"query-input":{"@type":"PropertyValueSpecification","valueRequired":true,"valueName":"search_term_string"}}],"inLanguage":"pt-BR"},{"@type":"Organization","@id":"https:\/\/biancamachado.com.br\/blog\/#organization","name":"STUDIO BIANCA MACHADO","url":"https:\/\/biancamachado.com.br\/blog\/","logo":{"@type":"ImageObject","inLanguage":"pt-BR","@id":"https:\/\/biancamachado.com.br\/blog\/#\/schema\/logo\/image\/","url":"https:\/\/i0.wp.com\/biancamachado.com.br\/blog\/wp-content\/uploads\/2021\/02\/cropped-logo-ml.jpg?fit=278%2C100&ssl=1","contentUrl":"https:\/\/i0.wp.com\/biancamachado.com.br\/blog\/wp-content\/uploads\/2021\/02\/cropped-logo-ml.jpg?fit=278%2C100&ssl=1","width":278,"height":100,"caption":"STUDIO BIANCA MACHADO"},"image":{"@id":"https:\/\/biancamachado.com.br\/blog\/#\/schema\/logo\/image\/"},"sameAs":["https:\/\/www.facebook.com\/Studiobiancamachado\/","https:\/\/www.instagram.com\/Studiobiancamachado\/"]},{"@type":"Person","@id":"https:\/\/biancamachado.com.br\/blog\/#\/schema\/person\/990263800ec5e9bdbbf092a2353550a1","name":"biancamachado","image":{"@type":"ImageObject","inLanguage":"pt-BR","@id":"https:\/\/secure.gravatar.com\/avatar\/62b1a50f2632dbc2e279c3eb55aa46cc324c969cff16a69c59756d155316542c?s=96&d=mm&r=g","url":"https:\/\/secure.gravatar.com\/avatar\/62b1a50f2632dbc2e279c3eb55aa46cc324c969cff16a69c59756d155316542c?s=96&d=mm&r=g","contentUrl":"https:\/\/secure.gravatar.com\/avatar\/62b1a50f2632dbc2e279c3eb55aa46cc324c969cff16a69c59756d155316542c?s=96&d=mm&r=g","caption":"biancamachado"},"sameAs":["https:\/\/biancamachado.com.br\/blog"],"url":"https:\/\/biancamachado.com.br\/blog\/author\/biancamachado\/"}]}},"jetpack_featured_media_url":"https:\/\/i0.wp.com\/biancamachado.com.br\/blog\/wp-content\/uploads\/2018\/02\/ensaio-de-fotos-com-a-vovo.jpg?fit=1280%2C720&ssl=1","jetpack-related-posts":[],"jetpack_sharing_enabled":true,"_links":{"self":[{"href":"https:\/\/biancamachado.com.br\/blog\/wp-json\/wp\/v2\/posts\/38","targetHints":{"allow":["GET"]}}],"collection":[{"href":"https:\/\/biancamachado.com.br\/blog\/wp-json\/wp\/v2\/posts"}],"about":[{"href":"https:\/\/biancamachado.com.br\/blog\/wp-json\/wp\/v2\/types\/post"}],"author":[{"embeddable":true,"href":"https:\/\/biancamachado.com.br\/blog\/wp-json\/wp\/v2\/users\/1"}],"replies":[{"embeddable":true,"href":"https:\/\/biancamachado.com.br\/blog\/wp-json\/wp\/v2\/comments?post=38"}],"version-history":[{"count":2,"href":"https:\/\/biancamachado.com.br\/blog\/wp-json\/wp\/v2\/posts\/38\/revisions"}],"predecessor-version":[{"id":3273,"href":"https:\/\/biancamachado.com.br\/blog\/wp-json\/wp\/v2\/posts\/38\/revisions\/3273"}],"wp:featuredmedia":[{"embeddable":true,"href":"https:\/\/biancamachado.com.br\/blog\/wp-json\/wp\/v2\/media\/777"}],"wp:attachment":[{"href":"https:\/\/biancamachado.com.br\/blog\/wp-json\/wp\/v2\/media?parent=38"}],"wp:term":[{"taxonomy":"category","embeddable":true,"href":"https:\/\/biancamachado.com.br\/blog\/wp-json\/wp\/v2\/categories?post=38"},{"taxonomy":"post_tag","embeddable":true,"href":"https:\/\/biancamachado.com.br\/blog\/wp-json\/wp\/v2\/tags?post=38"}],"curies":[{"name":"wp","href":"https:\/\/api.w.org\/{rel}","templated":true}]}}