{"id":3753,"date":"2023-02-21T11:32:00","date_gmt":"2023-02-21T14:32:00","guid":{"rendered":"https:\/\/biancamachado.com.br\/blog\/?p=3753"},"modified":"2023-02-21T11:32:02","modified_gmt":"2023-02-21T14:32:02","slug":"familia-unida-uma-jornada-fotografica","status":"publish","type":"post","link":"https:\/\/biancamachado.com.br\/blog\/familia-unida-uma-jornada-fotografica\/","title":{"rendered":"Fam\u00edlia unida: uma jornada fotogr\u00e1fica"},"content":{"rendered":"\n<p>\u00c9 incr\u00edvel como o tempo voa quando estamos registrando momentos especiais de uma fam\u00edlia t\u00e3o unida e alegre. J\u00e1 s\u00e3o oito sess\u00f5es de fotos e eu sou grata por poder ser parte desse registro. Neste m\u00eas, tivemos a oportunidade de comemorar o nono anivers\u00e1rio da irm\u00e3 durante a sess\u00e3o de fotos no condom\u00ednio Paradiso na Zona Oeste.<\/p>\n\n\n\n<p>A fam\u00edlia \u00e9 uma del\u00edcia de se fotografar, sempre cheia de sorrisos e risadas. Adoro capturar os momentos de amor e carinho entre os membros da fam\u00edlia. O condom\u00ednio Paradiso na Lapa proporcionou um cen\u00e1rio perfeito para comemorarmos o anivers\u00e1rio da irm\u00e3, com um clima agrad\u00e1vel e sol brilhante.<\/p>\n\n\n\n<div class=\"wp-block-jetpack-tiled-gallery aligncenter is-style-rectangular\"><div class=\"tiled-gallery__gallery\"><div class=\"tiled-gallery__row\"><div class=\"tiled-gallery__col\" style=\"flex-basis:43.16060%\"><figure class=\"tiled-gallery__item\"><img decoding=\"async\" srcset=\"https:\/\/i1.wp.com\/biancamachado.com.br\/blog\/wp-content\/uploads\/2023\/02\/030-1024x683.jpg?strip=info&#038;w=600&#038;ssl=1 600w,https:\/\/i1.wp.com\/biancamachado.com.br\/blog\/wp-content\/uploads\/2023\/02\/030-1024x683.jpg?strip=info&#038;w=900&#038;ssl=1 900w,https:\/\/i1.wp.com\/biancamachado.com.br\/blog\/wp-content\/uploads\/2023\/02\/030-1024x683.jpg?strip=info&#038;w=1200&#038;ssl=1 1200w,https:\/\/i1.wp.com\/biancamachado.com.br\/blog\/wp-content\/uploads\/2023\/02\/030-1024x683.jpg?strip=info&#038;w=1500&#038;ssl=1 1500w,https:\/\/i1.wp.com\/biancamachado.com.br\/blog\/wp-content\/uploads\/2023\/02\/030-1024x683.jpg?strip=info&#038;w=1800&#038;ssl=1 1800w,https:\/\/i1.wp.com\/biancamachado.com.br\/blog\/wp-content\/uploads\/2023\/02\/030-1024x683.jpg?strip=info&#038;w=2000&#038;ssl=1 2000w\" alt=\"ensaio de fotos zona oeste\" data-height=\"1707\" data-id=\"3755\" data-link=\"https:\/\/biancamachado.com.br\/blog\/?attachment_id=3755\" data-url=\"https:\/\/biancamachado.com.br\/blog\/wp-content\/uploads\/2023\/02\/030-1024x683.jpg\" data-width=\"2560\" src=\"https:\/\/i1.wp.com\/biancamachado.com.br\/blog\/wp-content\/uploads\/2023\/02\/030-1024x683.jpg?ssl=1\" data-amp-layout=\"responsive\"\/><\/figure><figure class=\"tiled-gallery__item\"><img decoding=\"async\" srcset=\"https:\/\/i1.wp.com\/biancamachado.com.br\/blog\/wp-content\/uploads\/2023\/02\/001-18-1024x638.jpg?strip=info&#038;w=600&#038;ssl=1 600w,https:\/\/i1.wp.com\/biancamachado.com.br\/blog\/wp-content\/uploads\/2023\/02\/001-18-1024x638.jpg?strip=info&#038;w=900&#038;ssl=1 900w,https:\/\/i1.wp.com\/biancamachado.com.br\/blog\/wp-content\/uploads\/2023\/02\/001-18-1024x638.jpg?strip=info&#038;w=1200&#038;ssl=1 1200w,https:\/\/i1.wp.com\/biancamachado.com.br\/blog\/wp-content\/uploads\/2023\/02\/001-18-1024x638.jpg?strip=info&#038;w=1500&#038;ssl=1 1500w,https:\/\/i1.wp.com\/biancamachado.com.br\/blog\/wp-content\/uploads\/2023\/02\/001-18-1024x638.jpg?strip=info&#038;w=1800&#038;ssl=1 1800w,https:\/\/i1.wp.com\/biancamachado.com.br\/blog\/wp-content\/uploads\/2023\/02\/001-18-1024x638.jpg?strip=info&#038;w=2000&#038;ssl=1 2000w\" alt=\"fotos condominio paradiso\" data-height=\"1595\" data-id=\"3756\" data-link=\"https:\/\/biancamachado.com.br\/blog\/?attachment_id=3756\" data-url=\"https:\/\/biancamachado.com.br\/blog\/wp-content\/uploads\/2023\/02\/001-18-1024x638.jpg\" data-width=\"2560\" src=\"https:\/\/i1.wp.com\/biancamachado.com.br\/blog\/wp-content\/uploads\/2023\/02\/001-18-1024x638.jpg?ssl=1\" data-amp-layout=\"responsive\"\/><\/figure><figure class=\"tiled-gallery__item\"><img decoding=\"async\" srcset=\"https:\/\/i0.wp.com\/biancamachado.com.br\/blog\/wp-content\/uploads\/2023\/02\/002-12-1024x683.jpg?strip=info&#038;w=600&#038;ssl=1 600w,https:\/\/i0.wp.com\/biancamachado.com.br\/blog\/wp-content\/uploads\/2023\/02\/002-12-1024x683.jpg?strip=info&#038;w=900&#038;ssl=1 900w,https:\/\/i0.wp.com\/biancamachado.com.br\/blog\/wp-content\/uploads\/2023\/02\/002-12-1024x683.jpg?strip=info&#038;w=1200&#038;ssl=1 1200w,https:\/\/i0.wp.com\/biancamachado.com.br\/blog\/wp-content\/uploads\/2023\/02\/002-12-1024x683.jpg?strip=info&#038;w=1500&#038;ssl=1 1500w,https:\/\/i0.wp.com\/biancamachado.com.br\/blog\/wp-content\/uploads\/2023\/02\/002-12-1024x683.jpg?strip=info&#038;w=1800&#038;ssl=1 1800w,https:\/\/i0.wp.com\/biancamachado.com.br\/blog\/wp-content\/uploads\/2023\/02\/002-12-1024x683.jpg?strip=info&#038;w=2000&#038;ssl=1 2000w\" alt=\"fotografia profissional acompanhamento\" data-height=\"1707\" data-id=\"3757\" data-link=\"https:\/\/biancamachado.com.br\/blog\/?attachment_id=3757\" data-url=\"https:\/\/biancamachado.com.br\/blog\/wp-content\/uploads\/2023\/02\/002-12-1024x683.jpg\" data-width=\"2560\" src=\"https:\/\/i0.wp.com\/biancamachado.com.br\/blog\/wp-content\/uploads\/2023\/02\/002-12-1024x683.jpg?ssl=1\" data-amp-layout=\"responsive\"\/><\/figure><\/div><div class=\"tiled-gallery__col\" style=\"flex-basis:56.83940%\"><figure class=\"tiled-gallery__item\"><img decoding=\"async\" srcset=\"https:\/\/i1.wp.com\/biancamachado.com.br\/blog\/wp-content\/uploads\/2023\/02\/016-2-683x1024.jpg?strip=info&#038;w=600&#038;ssl=1 600w,https:\/\/i1.wp.com\/biancamachado.com.br\/blog\/wp-content\/uploads\/2023\/02\/016-2-683x1024.jpg?strip=info&#038;w=900&#038;ssl=1 900w,https:\/\/i1.wp.com\/biancamachado.com.br\/blog\/wp-content\/uploads\/2023\/02\/016-2-683x1024.jpg?strip=info&#038;w=1200&#038;ssl=1 1200w,https:\/\/i1.wp.com\/biancamachado.com.br\/blog\/wp-content\/uploads\/2023\/02\/016-2-683x1024.jpg?strip=info&#038;w=1500&#038;ssl=1 1500w,https:\/\/i1.wp.com\/biancamachado.com.br\/blog\/wp-content\/uploads\/2023\/02\/016-2-683x1024.jpg?strip=info&#038;w=1707&#038;ssl=1 1707w\" alt=\"registro de 8 meses do bebe\" data-height=\"2560\" data-id=\"3758\" data-link=\"https:\/\/biancamachado.com.br\/blog\/?attachment_id=3758\" data-url=\"https:\/\/biancamachado.com.br\/blog\/wp-content\/uploads\/2023\/02\/016-2-683x1024.jpg\" data-width=\"1707\" src=\"https:\/\/i1.wp.com\/biancamachado.com.br\/blog\/wp-content\/uploads\/2023\/02\/016-2-683x1024.jpg?ssl=1\" data-amp-layout=\"responsive\"\/><\/figure><\/div><\/div><div class=\"tiled-gallery__row\"><div class=\"tiled-gallery__col\" style=\"flex-basis:50.00000%\"><figure class=\"tiled-gallery__item\"><img decoding=\"async\" srcset=\"https:\/\/i1.wp.com\/biancamachado.com.br\/blog\/wp-content\/uploads\/2023\/02\/018-683x1024.jpg?strip=info&#038;w=600&#038;ssl=1 600w,https:\/\/i1.wp.com\/biancamachado.com.br\/blog\/wp-content\/uploads\/2023\/02\/018-683x1024.jpg?strip=info&#038;w=900&#038;ssl=1 900w,https:\/\/i1.wp.com\/biancamachado.com.br\/blog\/wp-content\/uploads\/2023\/02\/018-683x1024.jpg?strip=info&#038;w=1200&#038;ssl=1 1200w,https:\/\/i1.wp.com\/biancamachado.com.br\/blog\/wp-content\/uploads\/2023\/02\/018-683x1024.jpg?strip=info&#038;w=1500&#038;ssl=1 1500w,https:\/\/i1.wp.com\/biancamachado.com.br\/blog\/wp-content\/uploads\/2023\/02\/018-683x1024.jpg?strip=info&#038;w=1707&#038;ssl=1 1707w\" alt=\"fotografia de familia\" data-height=\"2560\" data-id=\"3759\" data-link=\"https:\/\/biancamachado.com.br\/blog\/?attachment_id=3759\" data-url=\"https:\/\/biancamachado.com.br\/blog\/wp-content\/uploads\/2023\/02\/018-683x1024.jpg\" data-width=\"1707\" src=\"https:\/\/i1.wp.com\/biancamachado.com.br\/blog\/wp-content\/uploads\/2023\/02\/018-683x1024.jpg?ssl=1\" data-amp-layout=\"responsive\"\/><\/figure><\/div><div class=\"tiled-gallery__col\" style=\"flex-basis:50.00000%\"><figure class=\"tiled-gallery__item\"><img decoding=\"async\" srcset=\"https:\/\/i1.wp.com\/biancamachado.com.br\/blog\/wp-content\/uploads\/2023\/02\/026-1-683x1024.jpg?strip=info&#038;w=600&#038;ssl=1 600w,https:\/\/i1.wp.com\/biancamachado.com.br\/blog\/wp-content\/uploads\/2023\/02\/026-1-683x1024.jpg?strip=info&#038;w=900&#038;ssl=1 900w,https:\/\/i1.wp.com\/biancamachado.com.br\/blog\/wp-content\/uploads\/2023\/02\/026-1-683x1024.jpg?strip=info&#038;w=1200&#038;ssl=1 1200w,https:\/\/i1.wp.com\/biancamachado.com.br\/blog\/wp-content\/uploads\/2023\/02\/026-1-683x1024.jpg?strip=info&#038;w=1500&#038;ssl=1 1500w,https:\/\/i1.wp.com\/biancamachado.com.br\/blog\/wp-content\/uploads\/2023\/02\/026-1-683x1024.jpg?strip=info&#038;w=1707&#038;ssl=1 1707w\" alt=\"ensaio de fotos divertido\" data-height=\"2560\" data-id=\"3760\" data-link=\"https:\/\/biancamachado.com.br\/blog\/?attachment_id=3760\" data-url=\"https:\/\/biancamachado.com.br\/blog\/wp-content\/uploads\/2023\/02\/026-1-683x1024.jpg\" data-width=\"1707\" src=\"https:\/\/i1.wp.com\/biancamachado.com.br\/blog\/wp-content\/uploads\/2023\/02\/026-1-683x1024.jpg?ssl=1\" data-amp-layout=\"responsive\"\/><\/figure><\/div><\/div><\/div><\/div>\n\n\n\n<p>Cada sess\u00e3o de fotos \u00e9 uma aventura diferente e \u00e9 incr\u00edvel ver as crian\u00e7as crescendo e mudando ao longo do tempo. A fam\u00edlia \u00e9 t\u00e3o amorosa e unida, e isso se reflete nas fotos que produzimos juntos.<\/p>\n\n\n\n<p>Sou grata por poder fotografar essa fam\u00edlia incr\u00edvel e espero poder continuar registrando momentos especiais da vida deles por muito tempo. Cada sess\u00e3o de fotos \u00e9 uma oportunidade de criar mem\u00f3rias inesquec\u00edveis e eu adoro ver as crian\u00e7as crescerem e se desenvolverem ao longo do tempo.<\/p>\nVisite tamb\u00e9m nosso site: www.biancamachado.com.br\r\n(11) 97107-1018\r\n\r\nAtendemos as regi\u00f5es de S\u00e3o Paulo, Sorocaba, Ibi\u00fana, Piedade, Votorantim, Cotia, Itupeva, Jundia\u00ed, It\u00fa e Campinas","protected":false},"excerpt":{"rendered":"<p>\u00c9 incr\u00edvel como o tempo voa quando estamos registrando momentos especiais de uma fam\u00edlia t\u00e3o unida e alegre. J\u00e1 s\u00e3o oito sess\u00f5es de fotos e eu sou grata por poder ser parte desse registro. Neste m\u00eas, tivemos a oportunidade de comemorar o nono anivers\u00e1rio da irm\u00e3 durante a sess\u00e3o de fotos no condom\u00ednio Paradiso na Lapa.<\/p>\n","protected":false},"author":1,"featured_media":3756,"comment_status":"open","ping_status":"open","sticky":false,"template":"","format":"standard","meta":{"_monsterinsights_skip_tracking":false,"_monsterinsights_sitenote_active":false,"_monsterinsights_sitenote_note":"","_monsterinsights_sitenote_category":0,"jetpack_post_was_ever_published":false,"_jetpack_newsletter_access":"","_jetpack_dont_email_post_to_subs":false,"_jetpack_newsletter_tier_id":0,"_jetpack_memberships_contains_paywalled_content":false,"_jetpack_memberships_contains_paid_content":false,"_joinchat":[],"footnotes":""},"categories":[312,291],"tags":[746,370,519,918,915,620,612,916],"class_list":["post-3753","post","type-post","status-publish","format-standard","has-post-thumbnail","hentry","category-acompanhamento-bebes","category-book-infantil-externo","tag-familia-2","tag-fotografia","tag-memorias","tag-momentos","tag-registro","tag-sorrisos","tag-uniao","tag-unida"],"yoast_head":"<!-- This site is optimized with the Yoast SEO plugin v27.4 - https:\/\/yoast.com\/product\/yoast-seo-wordpress\/ -->\n<title>Fam\u00edlia unida: uma jornada fotogr\u00e1fica - STUDIO BIANCA MACHADO<\/title>\n<meta name=\"description\" content=\"\u00c9 incr\u00edvel como o tempo voa quando estamos registrando momentos especiais de uma fam\u00edlia t\u00e3o unida e alegre. J\u00e1 s\u00e3o oito sess\u00f5es de fotos e eu sou grata por poder ser parte desse registro. Neste m\u00eas, tivemos a oportunidade de comemorar o nono anivers\u00e1rio da irm\u00e3 durante a sess\u00e3o de fotos no condom\u00ednio Paradiso na Lapa.\" \/>\n<meta name=\"robots\" content=\"index, follow, max-snippet:-1, max-image-preview:large, max-video-preview:-1\" \/>\n<link rel=\"canonical\" href=\"https:\/\/biancamachado.com.br\/blog\/familia-unida-uma-jornada-fotografica\/\" \/>\n<meta property=\"og:locale\" content=\"pt_BR\" \/>\n<meta property=\"og:type\" content=\"article\" \/>\n<meta property=\"og:title\" content=\"Fam\u00edlia unida: uma jornada fotogr\u00e1fica - STUDIO BIANCA MACHADO\" \/>\n<meta property=\"og:description\" content=\"\u00c9 incr\u00edvel como o tempo voa quando estamos registrando momentos especiais de uma fam\u00edlia t\u00e3o unida e alegre. J\u00e1 s\u00e3o oito sess\u00f5es de fotos e eu sou grata por poder ser parte desse registro. Neste m\u00eas, tivemos a oportunidade de comemorar o nono anivers\u00e1rio da irm\u00e3 durante a sess\u00e3o de fotos no condom\u00ednio Paradiso na Lapa.\" \/>\n<meta property=\"og:url\" content=\"https:\/\/biancamachado.com.br\/blog\/familia-unida-uma-jornada-fotografica\/\" \/>\n<meta property=\"og:site_name\" content=\"STUDIO BIANCA MACHADO\" \/>\n<meta property=\"article:publisher\" content=\"https:\/\/www.facebook.com\/Studiobiancamachado\/\" \/>\n<meta property=\"article:published_time\" content=\"2023-02-21T14:32:00+00:00\" \/>\n<meta property=\"article:modified_time\" content=\"2023-02-21T14:32:02+00:00\" \/>\n<meta property=\"og:image\" content=\"https:\/\/biancamachado.com.br\/blog\/wp-content\/uploads\/2023\/02\/001-18-scaled.jpg?v=1676989786\" \/>\n\t<meta property=\"og:image:width\" content=\"2560\" \/>\n\t<meta property=\"og:image:height\" content=\"1595\" \/>\n\t<meta property=\"og:image:type\" content=\"image\/jpeg\" \/>\n<meta name=\"author\" content=\"biancamachado\" \/>\n<meta name=\"twitter:card\" content=\"summary_large_image\" \/>\n<meta name=\"twitter:label1\" content=\"Escrito por\" \/>\n\t<meta name=\"twitter:data1\" content=\"biancamachado\" \/>\n\t<meta name=\"twitter:label2\" content=\"Est. tempo de leitura\" \/>\n\t<meta name=\"twitter:data2\" content=\"3 minutos\" \/>\n<script type=\"application\/ld+json\" class=\"yoast-schema-graph\">{\"@context\":\"https:\\\/\\\/schema.org\",\"@graph\":[{\"@type\":\"Article\",\"@id\":\"https:\\\/\\\/biancamachado.com.br\\\/blog\\\/familia-unida-uma-jornada-fotografica\\\/#article\",\"isPartOf\":{\"@id\":\"https:\\\/\\\/biancamachado.com.br\\\/blog\\\/familia-unida-uma-jornada-fotografica\\\/\"},\"author\":{\"name\":\"biancamachado\",\"@id\":\"https:\\\/\\\/biancamachado.com.br\\\/blog\\\/#\\\/schema\\\/person\\\/990263800ec5e9bdbbf092a2353550a1\"},\"headline\":\"Fam\u00edlia unida: uma jornada fotogr\u00e1fica\",\"datePublished\":\"2023-02-21T14:32:00+00:00\",\"dateModified\":\"2023-02-21T14:32:02+00:00\",\"mainEntityOfPage\":{\"@id\":\"https:\\\/\\\/biancamachado.com.br\\\/blog\\\/familia-unida-uma-jornada-fotografica\\\/\"},\"wordCount\":217,\"commentCount\":0,\"publisher\":{\"@id\":\"https:\\\/\\\/biancamachado.com.br\\\/blog\\\/#organization\"},\"image\":{\"@id\":\"https:\\\/\\\/biancamachado.com.br\\\/blog\\\/familia-unida-uma-jornada-fotografica\\\/#primaryimage\"},\"thumbnailUrl\":\"https:\\\/\\\/i0.wp.com\\\/biancamachado.com.br\\\/blog\\\/wp-content\\\/uploads\\\/2023\\\/02\\\/001-18-scaled.jpg?fit=2560%2C1595&ssl=1?v=1676989786\",\"keywords\":[\"fam\u00edlia\",\"fotografia\",\"mem\u00f3rias\",\"momentos\",\"registro\",\"sorrisos\",\"uni\u00e3o\",\"unida\"],\"articleSection\":[\"Acompanhamento bebes\",\"Book Infantil Externo\"],\"inLanguage\":\"pt-BR\",\"potentialAction\":[{\"@type\":\"CommentAction\",\"name\":\"Comment\",\"target\":[\"https:\\\/\\\/biancamachado.com.br\\\/blog\\\/familia-unida-uma-jornada-fotografica\\\/#respond\"]}]},{\"@type\":\"WebPage\",\"@id\":\"https:\\\/\\\/biancamachado.com.br\\\/blog\\\/familia-unida-uma-jornada-fotografica\\\/\",\"url\":\"https:\\\/\\\/biancamachado.com.br\\\/blog\\\/familia-unida-uma-jornada-fotografica\\\/\",\"name\":\"Fam\u00edlia unida: uma jornada fotogr\u00e1fica - STUDIO BIANCA MACHADO\",\"isPartOf\":{\"@id\":\"https:\\\/\\\/biancamachado.com.br\\\/blog\\\/#website\"},\"primaryImageOfPage\":{\"@id\":\"https:\\\/\\\/biancamachado.com.br\\\/blog\\\/familia-unida-uma-jornada-fotografica\\\/#primaryimage\"},\"image\":{\"@id\":\"https:\\\/\\\/biancamachado.com.br\\\/blog\\\/familia-unida-uma-jornada-fotografica\\\/#primaryimage\"},\"thumbnailUrl\":\"https:\\\/\\\/i0.wp.com\\\/biancamachado.com.br\\\/blog\\\/wp-content\\\/uploads\\\/2023\\\/02\\\/001-18-scaled.jpg?fit=2560%2C1595&ssl=1?v=1676989786\",\"datePublished\":\"2023-02-21T14:32:00+00:00\",\"dateModified\":\"2023-02-21T14:32:02+00:00\",\"description\":\"\u00c9 incr\u00edvel como o tempo voa quando estamos registrando momentos especiais de uma fam\u00edlia t\u00e3o unida e alegre. J\u00e1 s\u00e3o oito sess\u00f5es de fotos e eu sou grata por poder ser parte desse registro. Neste m\u00eas, tivemos a oportunidade de comemorar o nono anivers\u00e1rio da irm\u00e3 durante a sess\u00e3o de fotos no condom\u00ednio Paradiso na Lapa.\",\"breadcrumb\":{\"@id\":\"https:\\\/\\\/biancamachado.com.br\\\/blog\\\/familia-unida-uma-jornada-fotografica\\\/#breadcrumb\"},\"inLanguage\":\"pt-BR\",\"potentialAction\":[{\"@type\":\"ReadAction\",\"target\":[\"https:\\\/\\\/biancamachado.com.br\\\/blog\\\/familia-unida-uma-jornada-fotografica\\\/\"]}]},{\"@type\":\"ImageObject\",\"inLanguage\":\"pt-BR\",\"@id\":\"https:\\\/\\\/biancamachado.com.br\\\/blog\\\/familia-unida-uma-jornada-fotografica\\\/#primaryimage\",\"url\":\"https:\\\/\\\/i0.wp.com\\\/biancamachado.com.br\\\/blog\\\/wp-content\\\/uploads\\\/2023\\\/02\\\/001-18-scaled.jpg?fit=2560%2C1595&ssl=1?v=1676989786\",\"contentUrl\":\"https:\\\/\\\/i0.wp.com\\\/biancamachado.com.br\\\/blog\\\/wp-content\\\/uploads\\\/2023\\\/02\\\/001-18-scaled.jpg?fit=2560%2C1595&ssl=1?v=1676989786\",\"width\":2560,\"height\":1595,\"caption\":\"fotos condominio paradiso\"},{\"@type\":\"BreadcrumbList\",\"@id\":\"https:\\\/\\\/biancamachado.com.br\\\/blog\\\/familia-unida-uma-jornada-fotografica\\\/#breadcrumb\",\"itemListElement\":[{\"@type\":\"ListItem\",\"position\":1,\"name\":\"In\u00edcio\",\"item\":\"https:\\\/\\\/biancamachado.com.br\\\/blog\\\/\"},{\"@type\":\"ListItem\",\"position\":2,\"name\":\"Fam\u00edlia unida: uma jornada fotogr\u00e1fica\"}]},{\"@type\":\"WebSite\",\"@id\":\"https:\\\/\\\/biancamachado.com.br\\\/blog\\\/#website\",\"url\":\"https:\\\/\\\/biancamachado.com.br\\\/blog\\\/\",\"name\":\"STUDIO BIANCA MACHADO\",\"description\":\"Estudio Fotografico, Ensaios e Books de foto profissional\",\"publisher\":{\"@id\":\"https:\\\/\\\/biancamachado.com.br\\\/blog\\\/#organization\"},\"potentialAction\":[{\"@type\":\"SearchAction\",\"target\":{\"@type\":\"EntryPoint\",\"urlTemplate\":\"https:\\\/\\\/biancamachado.com.br\\\/blog\\\/?s={search_term_string}\"},\"query-input\":{\"@type\":\"PropertyValueSpecification\",\"valueRequired\":true,\"valueName\":\"search_term_string\"}}],\"inLanguage\":\"pt-BR\"},{\"@type\":\"Organization\",\"@id\":\"https:\\\/\\\/biancamachado.com.br\\\/blog\\\/#organization\",\"name\":\"STUDIO BIANCA MACHADO\",\"url\":\"https:\\\/\\\/biancamachado.com.br\\\/blog\\\/\",\"logo\":{\"@type\":\"ImageObject\",\"inLanguage\":\"pt-BR\",\"@id\":\"https:\\\/\\\/biancamachado.com.br\\\/blog\\\/#\\\/schema\\\/logo\\\/image\\\/\",\"url\":\"https:\\\/\\\/i0.wp.com\\\/biancamachado.com.br\\\/blog\\\/wp-content\\\/uploads\\\/2021\\\/02\\\/cropped-logo-ml.jpg?fit=278%2C100&ssl=1\",\"contentUrl\":\"https:\\\/\\\/i0.wp.com\\\/biancamachado.com.br\\\/blog\\\/wp-content\\\/uploads\\\/2021\\\/02\\\/cropped-logo-ml.jpg?fit=278%2C100&ssl=1\",\"width\":278,\"height\":100,\"caption\":\"STUDIO BIANCA MACHADO\"},\"image\":{\"@id\":\"https:\\\/\\\/biancamachado.com.br\\\/blog\\\/#\\\/schema\\\/logo\\\/image\\\/\"},\"sameAs\":[\"https:\\\/\\\/www.facebook.com\\\/Studiobiancamachado\\\/\",\"https:\\\/\\\/www.instagram.com\\\/Studiobiancamachado\\\/\"]},{\"@type\":\"Person\",\"@id\":\"https:\\\/\\\/biancamachado.com.br\\\/blog\\\/#\\\/schema\\\/person\\\/990263800ec5e9bdbbf092a2353550a1\",\"name\":\"biancamachado\",\"image\":{\"@type\":\"ImageObject\",\"inLanguage\":\"pt-BR\",\"@id\":\"https:\\\/\\\/secure.gravatar.com\\\/avatar\\\/62b1a50f2632dbc2e279c3eb55aa46cc324c969cff16a69c59756d155316542c?s=96&d=mm&r=g\",\"url\":\"https:\\\/\\\/secure.gravatar.com\\\/avatar\\\/62b1a50f2632dbc2e279c3eb55aa46cc324c969cff16a69c59756d155316542c?s=96&d=mm&r=g\",\"contentUrl\":\"https:\\\/\\\/secure.gravatar.com\\\/avatar\\\/62b1a50f2632dbc2e279c3eb55aa46cc324c969cff16a69c59756d155316542c?s=96&d=mm&r=g\",\"caption\":\"biancamachado\"},\"sameAs\":[\"https:\\\/\\\/biancamachado.com.br\\\/blog\"],\"url\":\"https:\\\/\\\/biancamachado.com.br\\\/blog\\\/author\\\/biancamachado\\\/\"}]}<\/script>\n<!-- \/ Yoast SEO plugin. -->","yoast_head_json":{"title":"Fam\u00edlia unida: uma jornada fotogr\u00e1fica - STUDIO BIANCA MACHADO","description":"\u00c9 incr\u00edvel como o tempo voa quando estamos registrando momentos especiais de uma fam\u00edlia t\u00e3o unida e alegre. J\u00e1 s\u00e3o oito sess\u00f5es de fotos e eu sou grata por poder ser parte desse registro. Neste m\u00eas, tivemos a oportunidade de comemorar o nono anivers\u00e1rio da irm\u00e3 durante a sess\u00e3o de fotos no condom\u00ednio Paradiso na Lapa.","robots":{"index":"index","follow":"follow","max-snippet":"max-snippet:-1","max-image-preview":"max-image-preview:large","max-video-preview":"max-video-preview:-1"},"canonical":"https:\/\/biancamachado.com.br\/blog\/familia-unida-uma-jornada-fotografica\/","og_locale":"pt_BR","og_type":"article","og_title":"Fam\u00edlia unida: uma jornada fotogr\u00e1fica - STUDIO BIANCA MACHADO","og_description":"\u00c9 incr\u00edvel como o tempo voa quando estamos registrando momentos especiais de uma fam\u00edlia t\u00e3o unida e alegre. J\u00e1 s\u00e3o oito sess\u00f5es de fotos e eu sou grata por poder ser parte desse registro. Neste m\u00eas, tivemos a oportunidade de comemorar o nono anivers\u00e1rio da irm\u00e3 durante a sess\u00e3o de fotos no condom\u00ednio Paradiso na Lapa.","og_url":"https:\/\/biancamachado.com.br\/blog\/familia-unida-uma-jornada-fotografica\/","og_site_name":"STUDIO BIANCA MACHADO","article_publisher":"https:\/\/www.facebook.com\/Studiobiancamachado\/","article_published_time":"2023-02-21T14:32:00+00:00","article_modified_time":"2023-02-21T14:32:02+00:00","og_image":[{"width":2560,"height":1595,"url":"https:\/\/biancamachado.com.br\/blog\/wp-content\/uploads\/2023\/02\/001-18-scaled.jpg?v=1676989786","type":"image\/jpeg"}],"author":"biancamachado","twitter_card":"summary_large_image","twitter_misc":{"Escrito por":"biancamachado","Est. tempo de leitura":"3 minutos"},"schema":{"@context":"https:\/\/schema.org","@graph":[{"@type":"Article","@id":"https:\/\/biancamachado.com.br\/blog\/familia-unida-uma-jornada-fotografica\/#article","isPartOf":{"@id":"https:\/\/biancamachado.com.br\/blog\/familia-unida-uma-jornada-fotografica\/"},"author":{"name":"biancamachado","@id":"https:\/\/biancamachado.com.br\/blog\/#\/schema\/person\/990263800ec5e9bdbbf092a2353550a1"},"headline":"Fam\u00edlia unida: uma jornada fotogr\u00e1fica","datePublished":"2023-02-21T14:32:00+00:00","dateModified":"2023-02-21T14:32:02+00:00","mainEntityOfPage":{"@id":"https:\/\/biancamachado.com.br\/blog\/familia-unida-uma-jornada-fotografica\/"},"wordCount":217,"commentCount":0,"publisher":{"@id":"https:\/\/biancamachado.com.br\/blog\/#organization"},"image":{"@id":"https:\/\/biancamachado.com.br\/blog\/familia-unida-uma-jornada-fotografica\/#primaryimage"},"thumbnailUrl":"https:\/\/i0.wp.com\/biancamachado.com.br\/blog\/wp-content\/uploads\/2023\/02\/001-18-scaled.jpg?fit=2560%2C1595&ssl=1?v=1676989786","keywords":["fam\u00edlia","fotografia","mem\u00f3rias","momentos","registro","sorrisos","uni\u00e3o","unida"],"articleSection":["Acompanhamento bebes","Book Infantil Externo"],"inLanguage":"pt-BR","potentialAction":[{"@type":"CommentAction","name":"Comment","target":["https:\/\/biancamachado.com.br\/blog\/familia-unida-uma-jornada-fotografica\/#respond"]}]},{"@type":"WebPage","@id":"https:\/\/biancamachado.com.br\/blog\/familia-unida-uma-jornada-fotografica\/","url":"https:\/\/biancamachado.com.br\/blog\/familia-unida-uma-jornada-fotografica\/","name":"Fam\u00edlia unida: uma jornada fotogr\u00e1fica - STUDIO BIANCA MACHADO","isPartOf":{"@id":"https:\/\/biancamachado.com.br\/blog\/#website"},"primaryImageOfPage":{"@id":"https:\/\/biancamachado.com.br\/blog\/familia-unida-uma-jornada-fotografica\/#primaryimage"},"image":{"@id":"https:\/\/biancamachado.com.br\/blog\/familia-unida-uma-jornada-fotografica\/#primaryimage"},"thumbnailUrl":"https:\/\/i0.wp.com\/biancamachado.com.br\/blog\/wp-content\/uploads\/2023\/02\/001-18-scaled.jpg?fit=2560%2C1595&ssl=1?v=1676989786","datePublished":"2023-02-21T14:32:00+00:00","dateModified":"2023-02-21T14:32:02+00:00","description":"\u00c9 incr\u00edvel como o tempo voa quando estamos registrando momentos especiais de uma fam\u00edlia t\u00e3o unida e alegre. J\u00e1 s\u00e3o oito sess\u00f5es de fotos e eu sou grata por poder ser parte desse registro. Neste m\u00eas, tivemos a oportunidade de comemorar o nono anivers\u00e1rio da irm\u00e3 durante a sess\u00e3o de fotos no condom\u00ednio Paradiso na Lapa.","breadcrumb":{"@id":"https:\/\/biancamachado.com.br\/blog\/familia-unida-uma-jornada-fotografica\/#breadcrumb"},"inLanguage":"pt-BR","potentialAction":[{"@type":"ReadAction","target":["https:\/\/biancamachado.com.br\/blog\/familia-unida-uma-jornada-fotografica\/"]}]},{"@type":"ImageObject","inLanguage":"pt-BR","@id":"https:\/\/biancamachado.com.br\/blog\/familia-unida-uma-jornada-fotografica\/#primaryimage","url":"https:\/\/i0.wp.com\/biancamachado.com.br\/blog\/wp-content\/uploads\/2023\/02\/001-18-scaled.jpg?fit=2560%2C1595&ssl=1?v=1676989786","contentUrl":"https:\/\/i0.wp.com\/biancamachado.com.br\/blog\/wp-content\/uploads\/2023\/02\/001-18-scaled.jpg?fit=2560%2C1595&ssl=1?v=1676989786","width":2560,"height":1595,"caption":"fotos condominio paradiso"},{"@type":"BreadcrumbList","@id":"https:\/\/biancamachado.com.br\/blog\/familia-unida-uma-jornada-fotografica\/#breadcrumb","itemListElement":[{"@type":"ListItem","position":1,"name":"In\u00edcio","item":"https:\/\/biancamachado.com.br\/blog\/"},{"@type":"ListItem","position":2,"name":"Fam\u00edlia unida: uma jornada fotogr\u00e1fica"}]},{"@type":"WebSite","@id":"https:\/\/biancamachado.com.br\/blog\/#website","url":"https:\/\/biancamachado.com.br\/blog\/","name":"STUDIO BIANCA MACHADO","description":"Estudio Fotografico, Ensaios e Books de foto profissional","publisher":{"@id":"https:\/\/biancamachado.com.br\/blog\/#organization"},"potentialAction":[{"@type":"SearchAction","target":{"@type":"EntryPoint","urlTemplate":"https:\/\/biancamachado.com.br\/blog\/?s={search_term_string}"},"query-input":{"@type":"PropertyValueSpecification","valueRequired":true,"valueName":"search_term_string"}}],"inLanguage":"pt-BR"},{"@type":"Organization","@id":"https:\/\/biancamachado.com.br\/blog\/#organization","name":"STUDIO BIANCA MACHADO","url":"https:\/\/biancamachado.com.br\/blog\/","logo":{"@type":"ImageObject","inLanguage":"pt-BR","@id":"https:\/\/biancamachado.com.br\/blog\/#\/schema\/logo\/image\/","url":"https:\/\/i0.wp.com\/biancamachado.com.br\/blog\/wp-content\/uploads\/2021\/02\/cropped-logo-ml.jpg?fit=278%2C100&ssl=1","contentUrl":"https:\/\/i0.wp.com\/biancamachado.com.br\/blog\/wp-content\/uploads\/2021\/02\/cropped-logo-ml.jpg?fit=278%2C100&ssl=1","width":278,"height":100,"caption":"STUDIO BIANCA MACHADO"},"image":{"@id":"https:\/\/biancamachado.com.br\/blog\/#\/schema\/logo\/image\/"},"sameAs":["https:\/\/www.facebook.com\/Studiobiancamachado\/","https:\/\/www.instagram.com\/Studiobiancamachado\/"]},{"@type":"Person","@id":"https:\/\/biancamachado.com.br\/blog\/#\/schema\/person\/990263800ec5e9bdbbf092a2353550a1","name":"biancamachado","image":{"@type":"ImageObject","inLanguage":"pt-BR","@id":"https:\/\/secure.gravatar.com\/avatar\/62b1a50f2632dbc2e279c3eb55aa46cc324c969cff16a69c59756d155316542c?s=96&d=mm&r=g","url":"https:\/\/secure.gravatar.com\/avatar\/62b1a50f2632dbc2e279c3eb55aa46cc324c969cff16a69c59756d155316542c?s=96&d=mm&r=g","contentUrl":"https:\/\/secure.gravatar.com\/avatar\/62b1a50f2632dbc2e279c3eb55aa46cc324c969cff16a69c59756d155316542c?s=96&d=mm&r=g","caption":"biancamachado"},"sameAs":["https:\/\/biancamachado.com.br\/blog"],"url":"https:\/\/biancamachado.com.br\/blog\/author\/biancamachado\/"}]}},"jetpack_featured_media_url":"https:\/\/i0.wp.com\/biancamachado.com.br\/blog\/wp-content\/uploads\/2023\/02\/001-18-scaled.jpg?fit=2560%2C1595&ssl=1?v=1676989786","jetpack-related-posts":[],"jetpack_sharing_enabled":true,"_links":{"self":[{"href":"https:\/\/biancamachado.com.br\/blog\/wp-json\/wp\/v2\/posts\/3753","targetHints":{"allow":["GET"]}}],"collection":[{"href":"https:\/\/biancamachado.com.br\/blog\/wp-json\/wp\/v2\/posts"}],"about":[{"href":"https:\/\/biancamachado.com.br\/blog\/wp-json\/wp\/v2\/types\/post"}],"author":[{"embeddable":true,"href":"https:\/\/biancamachado.com.br\/blog\/wp-json\/wp\/v2\/users\/1"}],"replies":[{"embeddable":true,"href":"https:\/\/biancamachado.com.br\/blog\/wp-json\/wp\/v2\/comments?post=3753"}],"version-history":[{"count":1,"href":"https:\/\/biancamachado.com.br\/blog\/wp-json\/wp\/v2\/posts\/3753\/revisions"}],"predecessor-version":[{"id":3761,"href":"https:\/\/biancamachado.com.br\/blog\/wp-json\/wp\/v2\/posts\/3753\/revisions\/3761"}],"wp:featuredmedia":[{"embeddable":true,"href":"https:\/\/biancamachado.com.br\/blog\/wp-json\/wp\/v2\/media\/3756"}],"wp:attachment":[{"href":"https:\/\/biancamachado.com.br\/blog\/wp-json\/wp\/v2\/media?parent=3753"}],"wp:term":[{"taxonomy":"category","embeddable":true,"href":"https:\/\/biancamachado.com.br\/blog\/wp-json\/wp\/v2\/categories?post=3753"},{"taxonomy":"post_tag","embeddable":true,"href":"https:\/\/biancamachado.com.br\/blog\/wp-json\/wp\/v2\/tags?post=3753"}],"curies":[{"name":"wp","href":"https:\/\/api.w.org\/{rel}","templated":true}]}}