{"id":3438,"date":"2023-02-15T16:34:16","date_gmt":"2023-02-15T19:34:16","guid":{"rendered":"https:\/\/biancamachado.com.br\/blog\/?p=3438"},"modified":"2023-02-15T16:34:18","modified_gmt":"2023-02-15T19:34:18","slug":"comemorando-o-15o-aniversario-do-bruno-no-condominio-residencial-itahye-em-alphaville-com-a-fotografa-bianca-machado","status":"publish","type":"post","link":"https:\/\/biancamachado.com.br\/blog\/comemorando-o-15o-aniversario-do-bruno-no-condominio-residencial-itahye-em-alphaville-com-a-fotografa-bianca-machado\/","title":{"rendered":"Comemorando o 15\u00ba Anivers\u00e1rio do Bruno no Condom\u00ednio Residencial Itahye em Alphaville com a fot\u00f3grafa Bianca Machado"},"content":{"rendered":"\n<p>Eu, Bianca Machado, fot\u00f3grafa especializada em fotografia para anivers\u00e1rios, tive o prazer de capturar o 15\u00ba anivers\u00e1rio do Bruno no Condom\u00ednio Residencial Itahye em Alphaville S\u00e3o Paulo. Foi um momento cheio de alegria e emo\u00e7\u00e3o, e eu me dediquei a criar fotos lindas e inesquec\u00edveis desse dia t\u00e3o especial.<\/p>\n\n\n\n<p>Fiz a sess\u00e3o fotogr\u00e1fica em um ambiente aconchegante e elegante, perfeito para comemorar esse momento especial. Me preocupei em capturar a personalidade e a ess\u00eancia do Bruno, retratando sua beleza e juventude. As fotos foram feitas com muita alegria e descontra\u00e7\u00e3o, para que o Bruno se sentisse \u00e0 vontade e pudesse desfrutar ao m\u00e1ximo desse momento.<\/p>\n\n\n\n<div class=\"wp-block-jetpack-tiled-gallery aligncenter is-style-rectangular\"><div class=\"tiled-gallery__gallery\"><div class=\"tiled-gallery__row\"><div class=\"tiled-gallery__col\" style=\"flex-basis:66.78742%\"><figure class=\"tiled-gallery__item\"><img decoding=\"async\" srcset=\"https:\/\/i1.wp.com\/biancamachado.com.br\/blog\/wp-content\/uploads\/2023\/02\/137-1-1024x683.jpg?strip=info&#038;w=600&#038;ssl=1 600w,https:\/\/i1.wp.com\/biancamachado.com.br\/blog\/wp-content\/uploads\/2023\/02\/137-1-1024x683.jpg?strip=info&#038;w=900&#038;ssl=1 900w,https:\/\/i1.wp.com\/biancamachado.com.br\/blog\/wp-content\/uploads\/2023\/02\/137-1-1024x683.jpg?strip=info&#038;w=1200&#038;ssl=1 1200w,https:\/\/i1.wp.com\/biancamachado.com.br\/blog\/wp-content\/uploads\/2023\/02\/137-1-1024x683.jpg?strip=info&#038;w=1500&#038;ssl=1 1500w,https:\/\/i1.wp.com\/biancamachado.com.br\/blog\/wp-content\/uploads\/2023\/02\/137-1-1024x683.jpg?strip=info&#038;w=1800&#038;ssl=1 1800w,https:\/\/i1.wp.com\/biancamachado.com.br\/blog\/wp-content\/uploads\/2023\/02\/137-1-1024x683.jpg?strip=info&#038;w=2000&#038;ssl=1 2000w\" alt=\"anivers\u00e1rio 15 anos\" data-height=\"1707\" data-id=\"3440\" data-link=\"https:\/\/biancamachado.com.br\/blog\/?attachment_id=3440\" data-url=\"https:\/\/biancamachado.com.br\/blog\/wp-content\/uploads\/2023\/02\/137-1-1024x683.jpg\" data-width=\"2560\" src=\"https:\/\/i1.wp.com\/biancamachado.com.br\/blog\/wp-content\/uploads\/2023\/02\/137-1-1024x683.jpg?ssl=1\" data-amp-layout=\"responsive\"\/><\/figure><\/div><div class=\"tiled-gallery__col\" style=\"flex-basis:33.21258%\"><figure class=\"tiled-gallery__item\"><img decoding=\"async\" srcset=\"https:\/\/i2.wp.com\/biancamachado.com.br\/blog\/wp-content\/uploads\/2023\/02\/153-1-1024x683.jpg?strip=info&#038;w=600&#038;ssl=1 600w,https:\/\/i2.wp.com\/biancamachado.com.br\/blog\/wp-content\/uploads\/2023\/02\/153-1-1024x683.jpg?strip=info&#038;w=900&#038;ssl=1 900w,https:\/\/i2.wp.com\/biancamachado.com.br\/blog\/wp-content\/uploads\/2023\/02\/153-1-1024x683.jpg?strip=info&#038;w=1200&#038;ssl=1 1200w,https:\/\/i2.wp.com\/biancamachado.com.br\/blog\/wp-content\/uploads\/2023\/02\/153-1-1024x683.jpg?strip=info&#038;w=1500&#038;ssl=1 1500w,https:\/\/i2.wp.com\/biancamachado.com.br\/blog\/wp-content\/uploads\/2023\/02\/153-1-1024x683.jpg?strip=info&#038;w=1800&#038;ssl=1 1800w,https:\/\/i2.wp.com\/biancamachado.com.br\/blog\/wp-content\/uploads\/2023\/02\/153-1-1024x683.jpg?strip=info&#038;w=2000&#038;ssl=1 2000w\" alt=\"fotos anivers\u00e1rio 15 anos \" data-height=\"1707\" data-id=\"3441\" data-link=\"https:\/\/biancamachado.com.br\/blog\/?attachment_id=3441\" data-url=\"https:\/\/biancamachado.com.br\/blog\/wp-content\/uploads\/2023\/02\/153-1-1024x683.jpg\" data-width=\"2560\" src=\"https:\/\/i2.wp.com\/biancamachado.com.br\/blog\/wp-content\/uploads\/2023\/02\/153-1-1024x683.jpg?ssl=1\" data-amp-layout=\"responsive\"\/><\/figure><figure class=\"tiled-gallery__item\"><img decoding=\"async\" srcset=\"https:\/\/i1.wp.com\/biancamachado.com.br\/blog\/wp-content\/uploads\/2023\/02\/001-15-1024x683.jpg?strip=info&#038;w=600&#038;ssl=1 600w,https:\/\/i1.wp.com\/biancamachado.com.br\/blog\/wp-content\/uploads\/2023\/02\/001-15-1024x683.jpg?strip=info&#038;w=900&#038;ssl=1 900w,https:\/\/i1.wp.com\/biancamachado.com.br\/blog\/wp-content\/uploads\/2023\/02\/001-15-1024x683.jpg?strip=info&#038;w=1200&#038;ssl=1 1200w,https:\/\/i1.wp.com\/biancamachado.com.br\/blog\/wp-content\/uploads\/2023\/02\/001-15-1024x683.jpg?strip=info&#038;w=1500&#038;ssl=1 1500w,https:\/\/i1.wp.com\/biancamachado.com.br\/blog\/wp-content\/uploads\/2023\/02\/001-15-1024x683.jpg?strip=info&#038;w=1800&#038;ssl=1 1800w,https:\/\/i1.wp.com\/biancamachado.com.br\/blog\/wp-content\/uploads\/2023\/02\/001-15-1024x683.jpg?strip=info&#038;w=2000&#038;ssl=1 2000w\" alt=\"fotografia anivers\u00e1rio condominio Itahye Alphaville\" data-height=\"1707\" data-id=\"3442\" data-link=\"https:\/\/biancamachado.com.br\/blog\/?attachment_id=3442\" data-url=\"https:\/\/biancamachado.com.br\/blog\/wp-content\/uploads\/2023\/02\/001-15-1024x683.jpg\" data-width=\"2560\" src=\"https:\/\/i1.wp.com\/biancamachado.com.br\/blog\/wp-content\/uploads\/2023\/02\/001-15-1024x683.jpg?ssl=1\" data-amp-layout=\"responsive\"\/><\/figure><\/div><\/div><div class=\"tiled-gallery__row\"><div class=\"tiled-gallery__col\" style=\"flex-basis:40.87249%\"><figure class=\"tiled-gallery__item\"><img decoding=\"async\" srcset=\"https:\/\/i0.wp.com\/biancamachado.com.br\/blog\/wp-content\/uploads\/2023\/02\/005-3-1024x683.jpg?strip=info&#038;w=600&#038;ssl=1 600w,https:\/\/i0.wp.com\/biancamachado.com.br\/blog\/wp-content\/uploads\/2023\/02\/005-3-1024x683.jpg?strip=info&#038;w=900&#038;ssl=1 900w,https:\/\/i0.wp.com\/biancamachado.com.br\/blog\/wp-content\/uploads\/2023\/02\/005-3-1024x683.jpg?strip=info&#038;w=1200&#038;ssl=1 1200w,https:\/\/i0.wp.com\/biancamachado.com.br\/blog\/wp-content\/uploads\/2023\/02\/005-3-1024x683.jpg?strip=info&#038;w=1500&#038;ssl=1 1500w,https:\/\/i0.wp.com\/biancamachado.com.br\/blog\/wp-content\/uploads\/2023\/02\/005-3-1024x683.jpg?strip=info&#038;w=1800&#038;ssl=1 1800w,https:\/\/i0.wp.com\/biancamachado.com.br\/blog\/wp-content\/uploads\/2023\/02\/005-3-1024x683.jpg?strip=info&#038;w=2000&#038;ssl=1 2000w\" alt=\"aniversario em familia\" data-height=\"1707\" data-id=\"3443\" data-link=\"https:\/\/biancamachado.com.br\/blog\/?attachment_id=3443\" data-url=\"https:\/\/biancamachado.com.br\/blog\/wp-content\/uploads\/2023\/02\/005-3-1024x683.jpg\" data-width=\"2560\" src=\"https:\/\/i0.wp.com\/biancamachado.com.br\/blog\/wp-content\/uploads\/2023\/02\/005-3-1024x683.jpg?ssl=1\" data-amp-layout=\"responsive\"\/><\/figure><\/div><div class=\"tiled-gallery__col\" style=\"flex-basis:18.25502%\"><figure class=\"tiled-gallery__item\"><img decoding=\"async\" srcset=\"https:\/\/i0.wp.com\/biancamachado.com.br\/blog\/wp-content\/uploads\/2023\/02\/034-1-683x1024.jpg?strip=info&#038;w=600&#038;ssl=1 600w,https:\/\/i0.wp.com\/biancamachado.com.br\/blog\/wp-content\/uploads\/2023\/02\/034-1-683x1024.jpg?strip=info&#038;w=900&#038;ssl=1 900w,https:\/\/i0.wp.com\/biancamachado.com.br\/blog\/wp-content\/uploads\/2023\/02\/034-1-683x1024.jpg?strip=info&#038;w=1200&#038;ssl=1 1200w,https:\/\/i0.wp.com\/biancamachado.com.br\/blog\/wp-content\/uploads\/2023\/02\/034-1-683x1024.jpg?strip=info&#038;w=1500&#038;ssl=1 1500w,https:\/\/i0.wp.com\/biancamachado.com.br\/blog\/wp-content\/uploads\/2023\/02\/034-1-683x1024.jpg?strip=info&#038;w=1707&#038;ssl=1 1707w\" alt=\"comemora\u00e7\u00e3o anivrs\u00e1rio 15 anos meninos\" data-height=\"2560\" data-id=\"3444\" data-link=\"https:\/\/biancamachado.com.br\/blog\/?attachment_id=3444\" data-url=\"https:\/\/biancamachado.com.br\/blog\/wp-content\/uploads\/2023\/02\/034-1-683x1024.jpg\" data-width=\"1707\" src=\"https:\/\/i0.wp.com\/biancamachado.com.br\/blog\/wp-content\/uploads\/2023\/02\/034-1-683x1024.jpg?ssl=1\" data-amp-layout=\"responsive\"\/><\/figure><\/div><div class=\"tiled-gallery__col\" style=\"flex-basis:40.87249%\"><figure class=\"tiled-gallery__item\"><img decoding=\"async\" srcset=\"https:\/\/i1.wp.com\/biancamachado.com.br\/blog\/wp-content\/uploads\/2023\/02\/059-2-1024x683.jpg?strip=info&#038;w=600&#038;ssl=1 600w,https:\/\/i1.wp.com\/biancamachado.com.br\/blog\/wp-content\/uploads\/2023\/02\/059-2-1024x683.jpg?strip=info&#038;w=900&#038;ssl=1 900w,https:\/\/i1.wp.com\/biancamachado.com.br\/blog\/wp-content\/uploads\/2023\/02\/059-2-1024x683.jpg?strip=info&#038;w=1200&#038;ssl=1 1200w,https:\/\/i1.wp.com\/biancamachado.com.br\/blog\/wp-content\/uploads\/2023\/02\/059-2-1024x683.jpg?strip=info&#038;w=1500&#038;ssl=1 1500w,https:\/\/i1.wp.com\/biancamachado.com.br\/blog\/wp-content\/uploads\/2023\/02\/059-2-1024x683.jpg?strip=info&#038;w=1800&#038;ssl=1 1800w,https:\/\/i1.wp.com\/biancamachado.com.br\/blog\/wp-content\/uploads\/2023\/02\/059-2-1024x683.jpg?strip=info&#038;w=2000&#038;ssl=1 2000w\" alt=\"Fotografia profissional anivers\u00e1rio 15 anos\" data-height=\"1707\" data-id=\"3445\" data-link=\"https:\/\/biancamachado.com.br\/blog\/?attachment_id=3445\" data-url=\"https:\/\/biancamachado.com.br\/blog\/wp-content\/uploads\/2023\/02\/059-2-1024x683.jpg\" data-width=\"2560\" src=\"https:\/\/i1.wp.com\/biancamachado.com.br\/blog\/wp-content\/uploads\/2023\/02\/059-2-1024x683.jpg?ssl=1\" data-amp-layout=\"responsive\"\/><\/figure><\/div><\/div><div class=\"tiled-gallery__row\"><div class=\"tiled-gallery__col\" style=\"flex-basis:50.00000%\"><figure class=\"tiled-gallery__item\"><img decoding=\"async\" srcset=\"https:\/\/i1.wp.com\/biancamachado.com.br\/blog\/wp-content\/uploads\/2023\/02\/123-1-1024x683.jpg?strip=info&#038;w=600&#038;ssl=1 600w,https:\/\/i1.wp.com\/biancamachado.com.br\/blog\/wp-content\/uploads\/2023\/02\/123-1-1024x683.jpg?strip=info&#038;w=900&#038;ssl=1 900w,https:\/\/i1.wp.com\/biancamachado.com.br\/blog\/wp-content\/uploads\/2023\/02\/123-1-1024x683.jpg?strip=info&#038;w=1200&#038;ssl=1 1200w,https:\/\/i1.wp.com\/biancamachado.com.br\/blog\/wp-content\/uploads\/2023\/02\/123-1-1024x683.jpg?strip=info&#038;w=1500&#038;ssl=1 1500w,https:\/\/i1.wp.com\/biancamachado.com.br\/blog\/wp-content\/uploads\/2023\/02\/123-1-1024x683.jpg?strip=info&#038;w=1800&#038;ssl=1 1800w,https:\/\/i1.wp.com\/biancamachado.com.br\/blog\/wp-content\/uploads\/2023\/02\/123-1-1024x683.jpg?strip=info&#038;w=2000&#038;ssl=1 2000w\" alt=\"anivers\u00e1rio tema futebol\" data-height=\"1707\" data-id=\"3446\" data-link=\"https:\/\/biancamachado.com.br\/blog\/?attachment_id=3446\" data-url=\"https:\/\/biancamachado.com.br\/blog\/wp-content\/uploads\/2023\/02\/123-1-1024x683.jpg\" data-width=\"2560\" src=\"https:\/\/i1.wp.com\/biancamachado.com.br\/blog\/wp-content\/uploads\/2023\/02\/123-1-1024x683.jpg?ssl=1\" data-amp-layout=\"responsive\"\/><\/figure><\/div><div class=\"tiled-gallery__col\" style=\"flex-basis:50.00000%\"><figure class=\"tiled-gallery__item\"><img decoding=\"async\" srcset=\"https:\/\/i1.wp.com\/biancamachado.com.br\/blog\/wp-content\/uploads\/2023\/02\/132-1024x683.jpg?strip=info&#038;w=600&#038;ssl=1 600w,https:\/\/i1.wp.com\/biancamachado.com.br\/blog\/wp-content\/uploads\/2023\/02\/132-1024x683.jpg?strip=info&#038;w=900&#038;ssl=1 900w,https:\/\/i1.wp.com\/biancamachado.com.br\/blog\/wp-content\/uploads\/2023\/02\/132-1024x683.jpg?strip=info&#038;w=1200&#038;ssl=1 1200w,https:\/\/i1.wp.com\/biancamachado.com.br\/blog\/wp-content\/uploads\/2023\/02\/132-1024x683.jpg?strip=info&#038;w=1500&#038;ssl=1 1500w,https:\/\/i1.wp.com\/biancamachado.com.br\/blog\/wp-content\/uploads\/2023\/02\/132-1024x683.jpg?strip=info&#038;w=1800&#038;ssl=1 1800w,https:\/\/i1.wp.com\/biancamachado.com.br\/blog\/wp-content\/uploads\/2023\/02\/132-1024x683.jpg?strip=info&#038;w=2000&#038;ssl=1 2000w\" alt=\"fotografia de time\" data-height=\"1707\" data-id=\"3447\" data-link=\"https:\/\/biancamachado.com.br\/blog\/?attachment_id=3447\" data-url=\"https:\/\/biancamachado.com.br\/blog\/wp-content\/uploads\/2023\/02\/132-1024x683.jpg\" data-width=\"2560\" src=\"https:\/\/i1.wp.com\/biancamachado.com.br\/blog\/wp-content\/uploads\/2023\/02\/132-1024x683.jpg?ssl=1\" data-amp-layout=\"responsive\"\/><\/figure><\/div><\/div><\/div><\/div>\n\n\n\n<p>Quero que o Bruno e sua fam\u00edlia guardem essas fotos como um recorda\u00e7\u00e3o eterna desse dia t\u00e3o especial. Espero ter contribu\u00eddo para tornar esse momento inesquec\u00edvel e ter criado fotos lindas que retratem a alegria e a juventude do Bruno.<\/p>\n\n\n\n<p>Agrade\u00e7o a oportunidade de comemorar o 15\u00ba anivers\u00e1rio do Bruno e espero poder capturar mais momentos especiais como esse em breve.<\/p>\nVisite tamb\u00e9m nosso site: www.biancamachado.com.br\r\n(11) 97107-1018\r\n\r\nAtendemos as regi\u00f5es de S\u00e3o Paulo, Sorocaba, Ibi\u00fana, Piedade, Votorantim, Cotia, Itupeva, Jundia\u00ed, It\u00fa e Campinas","protected":false},"excerpt":{"rendered":"<p>Tive o prazer de capturar o 15\u00ba anivers\u00e1rio do Bruno no Condom\u00ednio Residencial Itahye em Alphaville S\u00e3o Paulo. O ambiente era aconchegante e elegante, perfeito para comemorar esse momento especial. Me dediquei a retratar a personalidade e a ess\u00eancia do Bruno, capturando sua beleza e juventude, e criei fotos lindas e inesquec\u00edveis com muita alegria e descontra\u00e7\u00e3o. \u00c9 meu objetivo que o Bruno e sua fam\u00edlia guardem essas fotos como um recorda\u00e7\u00e3o eterna desse dia t\u00e3o especial.<\/p>\n","protected":false},"author":1,"featured_media":3447,"comment_status":"open","ping_status":"open","sticky":false,"template":"","format":"standard","meta":{"_monsterinsights_skip_tracking":false,"_monsterinsights_sitenote_active":false,"_monsterinsights_sitenote_note":"","_monsterinsights_sitenote_category":0,"jetpack_post_was_ever_published":false,"_jetpack_newsletter_access":"","_jetpack_dont_email_post_to_subs":false,"_jetpack_newsletter_tier_id":0,"_jetpack_memberships_contains_paywalled_content":false,"_jetpack_memberships_contains_paid_content":false,"_joinchat":[],"footnotes":""},"categories":[613,319],"tags":[898,900,618,829,899,896,649,814,370,481,901,528],"class_list":["post-3438","post","type-post","status-publish","format-standard","has-post-thumbnail","hentry","category-festa-adulto","category-festa-infantil-aniversario","tag-15-anos","tag-alphaville-sao-paulo","tag-aniversario","tag-bianca-machado","tag-condominio-residencial-itahye","tag-essencia","tag-foto","tag-fotografa","tag-fotografia","tag-inesquecivel","tag-juventude","tag-personalidade"],"yoast_head":"<!-- This site is optimized with the Yoast SEO plugin v27.4 - https:\/\/yoast.com\/product\/yoast-seo-wordpress\/ -->\n<title>Comemorando o 15\u00ba Anivers\u00e1rio do Bruno no Condom\u00ednio Residencial Itahye em Alphaville com a fot\u00f3grafa Bianca Machado - STUDIO BIANCA MACHADO<\/title>\n<meta name=\"description\" content=\"Tive o prazer de capturar o 15\u00ba anivers\u00e1rio do Bruno no Condom\u00ednio Residencial Itahye em Alphaville S\u00e3o Paulo. O ambiente era aconchegante e elegante, perfeito para comemorar esse momento especial. Me dediquei a retratar a personalidade e a ess\u00eancia do Bruno, capturando sua beleza e juventude, e criei fotos lindas e inesquec\u00edveis com muita alegria e descontra\u00e7\u00e3o. \u00c9 meu objetivo que o Bruno e sua fam\u00edlia guardem essas fotos como um recorda\u00e7\u00e3o eterna desse dia t\u00e3o especial.\" \/>\n<meta name=\"robots\" content=\"index, follow, max-snippet:-1, max-image-preview:large, max-video-preview:-1\" \/>\n<link rel=\"canonical\" href=\"https:\/\/biancamachado.com.br\/blog\/comemorando-o-15o-aniversario-do-bruno-no-condominio-residencial-itahye-em-alphaville-com-a-fotografa-bianca-machado\/\" \/>\n<meta property=\"og:locale\" content=\"pt_BR\" \/>\n<meta property=\"og:type\" content=\"article\" \/>\n<meta property=\"og:title\" content=\"Comemorando o 15\u00ba Anivers\u00e1rio do Bruno no Condom\u00ednio Residencial Itahye em Alphaville com a fot\u00f3grafa Bianca Machado - STUDIO BIANCA MACHADO\" \/>\n<meta property=\"og:description\" content=\"Tive o prazer de capturar o 15\u00ba anivers\u00e1rio do Bruno no Condom\u00ednio Residencial Itahye em Alphaville S\u00e3o Paulo. O ambiente era aconchegante e elegante, perfeito para comemorar esse momento especial. Me dediquei a retratar a personalidade e a ess\u00eancia do Bruno, capturando sua beleza e juventude, e criei fotos lindas e inesquec\u00edveis com muita alegria e descontra\u00e7\u00e3o. \u00c9 meu objetivo que o Bruno e sua fam\u00edlia guardem essas fotos como um recorda\u00e7\u00e3o eterna desse dia t\u00e3o especial.\" \/>\n<meta property=\"og:url\" content=\"https:\/\/biancamachado.com.br\/blog\/comemorando-o-15o-aniversario-do-bruno-no-condominio-residencial-itahye-em-alphaville-com-a-fotografa-bianca-machado\/\" \/>\n<meta property=\"og:site_name\" content=\"STUDIO BIANCA MACHADO\" \/>\n<meta property=\"article:publisher\" content=\"https:\/\/www.facebook.com\/Studiobiancamachado\/\" \/>\n<meta property=\"article:published_time\" content=\"2023-02-15T19:34:16+00:00\" \/>\n<meta property=\"article:modified_time\" content=\"2023-02-15T19:34:18+00:00\" \/>\n<meta property=\"og:image\" content=\"https:\/\/biancamachado.com.br\/blog\/wp-content\/uploads\/2023\/02\/132-scaled.jpg?v=1676489471\" \/>\n\t<meta property=\"og:image:width\" content=\"2560\" \/>\n\t<meta property=\"og:image:height\" content=\"1707\" \/>\n\t<meta property=\"og:image:type\" content=\"image\/jpeg\" \/>\n<meta name=\"author\" content=\"biancamachado\" \/>\n<meta name=\"twitter:card\" content=\"summary_large_image\" \/>\n<meta name=\"twitter:label1\" content=\"Escrito por\" \/>\n\t<meta name=\"twitter:data1\" content=\"biancamachado\" \/>\n\t<meta name=\"twitter:label2\" content=\"Est. tempo de leitura\" \/>\n\t<meta name=\"twitter:data2\" content=\"3 minutos\" \/>\n<script type=\"application\/ld+json\" class=\"yoast-schema-graph\">{\"@context\":\"https:\\\/\\\/schema.org\",\"@graph\":[{\"@type\":\"Article\",\"@id\":\"https:\\\/\\\/biancamachado.com.br\\\/blog\\\/comemorando-o-15o-aniversario-do-bruno-no-condominio-residencial-itahye-em-alphaville-com-a-fotografa-bianca-machado\\\/#article\",\"isPartOf\":{\"@id\":\"https:\\\/\\\/biancamachado.com.br\\\/blog\\\/comemorando-o-15o-aniversario-do-bruno-no-condominio-residencial-itahye-em-alphaville-com-a-fotografa-bianca-machado\\\/\"},\"author\":{\"name\":\"biancamachado\",\"@id\":\"https:\\\/\\\/biancamachado.com.br\\\/blog\\\/#\\\/schema\\\/person\\\/990263800ec5e9bdbbf092a2353550a1\"},\"headline\":\"Comemorando o 15\u00ba Anivers\u00e1rio do Bruno no Condom\u00ednio Residencial Itahye em Alphaville com a fot\u00f3grafa Bianca Machado\",\"datePublished\":\"2023-02-15T19:34:16+00:00\",\"dateModified\":\"2023-02-15T19:34:18+00:00\",\"mainEntityOfPage\":{\"@id\":\"https:\\\/\\\/biancamachado.com.br\\\/blog\\\/comemorando-o-15o-aniversario-do-bruno-no-condominio-residencial-itahye-em-alphaville-com-a-fotografa-bianca-machado\\\/\"},\"wordCount\":202,\"commentCount\":0,\"publisher\":{\"@id\":\"https:\\\/\\\/biancamachado.com.br\\\/blog\\\/#organization\"},\"image\":{\"@id\":\"https:\\\/\\\/biancamachado.com.br\\\/blog\\\/comemorando-o-15o-aniversario-do-bruno-no-condominio-residencial-itahye-em-alphaville-com-a-fotografa-bianca-machado\\\/#primaryimage\"},\"thumbnailUrl\":\"https:\\\/\\\/i0.wp.com\\\/biancamachado.com.br\\\/blog\\\/wp-content\\\/uploads\\\/2023\\\/02\\\/132-scaled.jpg?fit=2560%2C1707&ssl=1?v=1676489471\",\"keywords\":[\"15 anos\",\"Alphaville S\u00e3o Paulo\",\"anivers\u00e1rio\",\"Bianca Machado\",\"Condom\u00ednio Residencial Itahye\",\"ess\u00eancia\",\"foto\",\"fot\u00f3grafa\",\"fotografia\",\"Inesquec\u00edvel\",\"juventude\",\"personalidade\"],\"articleSection\":[\"Festa Adulto\",\"Festa Infantil \\\/ Anivers\u00e1rio\"],\"inLanguage\":\"pt-BR\",\"potentialAction\":[{\"@type\":\"CommentAction\",\"name\":\"Comment\",\"target\":[\"https:\\\/\\\/biancamachado.com.br\\\/blog\\\/comemorando-o-15o-aniversario-do-bruno-no-condominio-residencial-itahye-em-alphaville-com-a-fotografa-bianca-machado\\\/#respond\"]}]},{\"@type\":\"WebPage\",\"@id\":\"https:\\\/\\\/biancamachado.com.br\\\/blog\\\/comemorando-o-15o-aniversario-do-bruno-no-condominio-residencial-itahye-em-alphaville-com-a-fotografa-bianca-machado\\\/\",\"url\":\"https:\\\/\\\/biancamachado.com.br\\\/blog\\\/comemorando-o-15o-aniversario-do-bruno-no-condominio-residencial-itahye-em-alphaville-com-a-fotografa-bianca-machado\\\/\",\"name\":\"Comemorando o 15\u00ba Anivers\u00e1rio do Bruno no Condom\u00ednio Residencial Itahye em Alphaville com a fot\u00f3grafa Bianca Machado - STUDIO BIANCA MACHADO\",\"isPartOf\":{\"@id\":\"https:\\\/\\\/biancamachado.com.br\\\/blog\\\/#website\"},\"primaryImageOfPage\":{\"@id\":\"https:\\\/\\\/biancamachado.com.br\\\/blog\\\/comemorando-o-15o-aniversario-do-bruno-no-condominio-residencial-itahye-em-alphaville-com-a-fotografa-bianca-machado\\\/#primaryimage\"},\"image\":{\"@id\":\"https:\\\/\\\/biancamachado.com.br\\\/blog\\\/comemorando-o-15o-aniversario-do-bruno-no-condominio-residencial-itahye-em-alphaville-com-a-fotografa-bianca-machado\\\/#primaryimage\"},\"thumbnailUrl\":\"https:\\\/\\\/i0.wp.com\\\/biancamachado.com.br\\\/blog\\\/wp-content\\\/uploads\\\/2023\\\/02\\\/132-scaled.jpg?fit=2560%2C1707&ssl=1?v=1676489471\",\"datePublished\":\"2023-02-15T19:34:16+00:00\",\"dateModified\":\"2023-02-15T19:34:18+00:00\",\"description\":\"Tive o prazer de capturar o 15\u00ba anivers\u00e1rio do Bruno no Condom\u00ednio Residencial Itahye em Alphaville S\u00e3o Paulo. O ambiente era aconchegante e elegante, perfeito para comemorar esse momento especial. Me dediquei a retratar a personalidade e a ess\u00eancia do Bruno, capturando sua beleza e juventude, e criei fotos lindas e inesquec\u00edveis com muita alegria e descontra\u00e7\u00e3o. \u00c9 meu objetivo que o Bruno e sua fam\u00edlia guardem essas fotos como um recorda\u00e7\u00e3o eterna desse dia t\u00e3o especial.\",\"breadcrumb\":{\"@id\":\"https:\\\/\\\/biancamachado.com.br\\\/blog\\\/comemorando-o-15o-aniversario-do-bruno-no-condominio-residencial-itahye-em-alphaville-com-a-fotografa-bianca-machado\\\/#breadcrumb\"},\"inLanguage\":\"pt-BR\",\"potentialAction\":[{\"@type\":\"ReadAction\",\"target\":[\"https:\\\/\\\/biancamachado.com.br\\\/blog\\\/comemorando-o-15o-aniversario-do-bruno-no-condominio-residencial-itahye-em-alphaville-com-a-fotografa-bianca-machado\\\/\"]}]},{\"@type\":\"ImageObject\",\"inLanguage\":\"pt-BR\",\"@id\":\"https:\\\/\\\/biancamachado.com.br\\\/blog\\\/comemorando-o-15o-aniversario-do-bruno-no-condominio-residencial-itahye-em-alphaville-com-a-fotografa-bianca-machado\\\/#primaryimage\",\"url\":\"https:\\\/\\\/i0.wp.com\\\/biancamachado.com.br\\\/blog\\\/wp-content\\\/uploads\\\/2023\\\/02\\\/132-scaled.jpg?fit=2560%2C1707&ssl=1?v=1676489471\",\"contentUrl\":\"https:\\\/\\\/i0.wp.com\\\/biancamachado.com.br\\\/blog\\\/wp-content\\\/uploads\\\/2023\\\/02\\\/132-scaled.jpg?fit=2560%2C1707&ssl=1?v=1676489471\",\"width\":2560,\"height\":1707,\"caption\":\"fotografia de time\"},{\"@type\":\"BreadcrumbList\",\"@id\":\"https:\\\/\\\/biancamachado.com.br\\\/blog\\\/comemorando-o-15o-aniversario-do-bruno-no-condominio-residencial-itahye-em-alphaville-com-a-fotografa-bianca-machado\\\/#breadcrumb\",\"itemListElement\":[{\"@type\":\"ListItem\",\"position\":1,\"name\":\"In\u00edcio\",\"item\":\"https:\\\/\\\/biancamachado.com.br\\\/blog\\\/\"},{\"@type\":\"ListItem\",\"position\":2,\"name\":\"Comemorando o 15\u00ba Anivers\u00e1rio do Bruno no Condom\u00ednio Residencial Itahye em Alphaville com a fot\u00f3grafa Bianca Machado\"}]},{\"@type\":\"WebSite\",\"@id\":\"https:\\\/\\\/biancamachado.com.br\\\/blog\\\/#website\",\"url\":\"https:\\\/\\\/biancamachado.com.br\\\/blog\\\/\",\"name\":\"STUDIO BIANCA MACHADO\",\"description\":\"Estudio Fotografico, Ensaios e Books de foto profissional\",\"publisher\":{\"@id\":\"https:\\\/\\\/biancamachado.com.br\\\/blog\\\/#organization\"},\"potentialAction\":[{\"@type\":\"SearchAction\",\"target\":{\"@type\":\"EntryPoint\",\"urlTemplate\":\"https:\\\/\\\/biancamachado.com.br\\\/blog\\\/?s={search_term_string}\"},\"query-input\":{\"@type\":\"PropertyValueSpecification\",\"valueRequired\":true,\"valueName\":\"search_term_string\"}}],\"inLanguage\":\"pt-BR\"},{\"@type\":\"Organization\",\"@id\":\"https:\\\/\\\/biancamachado.com.br\\\/blog\\\/#organization\",\"name\":\"STUDIO BIANCA MACHADO\",\"url\":\"https:\\\/\\\/biancamachado.com.br\\\/blog\\\/\",\"logo\":{\"@type\":\"ImageObject\",\"inLanguage\":\"pt-BR\",\"@id\":\"https:\\\/\\\/biancamachado.com.br\\\/blog\\\/#\\\/schema\\\/logo\\\/image\\\/\",\"url\":\"https:\\\/\\\/i0.wp.com\\\/biancamachado.com.br\\\/blog\\\/wp-content\\\/uploads\\\/2021\\\/02\\\/cropped-logo-ml.jpg?fit=278%2C100&ssl=1\",\"contentUrl\":\"https:\\\/\\\/i0.wp.com\\\/biancamachado.com.br\\\/blog\\\/wp-content\\\/uploads\\\/2021\\\/02\\\/cropped-logo-ml.jpg?fit=278%2C100&ssl=1\",\"width\":278,\"height\":100,\"caption\":\"STUDIO BIANCA MACHADO\"},\"image\":{\"@id\":\"https:\\\/\\\/biancamachado.com.br\\\/blog\\\/#\\\/schema\\\/logo\\\/image\\\/\"},\"sameAs\":[\"https:\\\/\\\/www.facebook.com\\\/Studiobiancamachado\\\/\",\"https:\\\/\\\/www.instagram.com\\\/Studiobiancamachado\\\/\"]},{\"@type\":\"Person\",\"@id\":\"https:\\\/\\\/biancamachado.com.br\\\/blog\\\/#\\\/schema\\\/person\\\/990263800ec5e9bdbbf092a2353550a1\",\"name\":\"biancamachado\",\"image\":{\"@type\":\"ImageObject\",\"inLanguage\":\"pt-BR\",\"@id\":\"https:\\\/\\\/secure.gravatar.com\\\/avatar\\\/62b1a50f2632dbc2e279c3eb55aa46cc324c969cff16a69c59756d155316542c?s=96&d=mm&r=g\",\"url\":\"https:\\\/\\\/secure.gravatar.com\\\/avatar\\\/62b1a50f2632dbc2e279c3eb55aa46cc324c969cff16a69c59756d155316542c?s=96&d=mm&r=g\",\"contentUrl\":\"https:\\\/\\\/secure.gravatar.com\\\/avatar\\\/62b1a50f2632dbc2e279c3eb55aa46cc324c969cff16a69c59756d155316542c?s=96&d=mm&r=g\",\"caption\":\"biancamachado\"},\"sameAs\":[\"https:\\\/\\\/biancamachado.com.br\\\/blog\"],\"url\":\"https:\\\/\\\/biancamachado.com.br\\\/blog\\\/author\\\/biancamachado\\\/\"}]}<\/script>\n<!-- \/ Yoast SEO plugin. -->","yoast_head_json":{"title":"Comemorando o 15\u00ba Anivers\u00e1rio do Bruno no Condom\u00ednio Residencial Itahye em Alphaville com a fot\u00f3grafa Bianca Machado - STUDIO BIANCA MACHADO","description":"Tive o prazer de capturar o 15\u00ba anivers\u00e1rio do Bruno no Condom\u00ednio Residencial Itahye em Alphaville S\u00e3o Paulo. O ambiente era aconchegante e elegante, perfeito para comemorar esse momento especial. Me dediquei a retratar a personalidade e a ess\u00eancia do Bruno, capturando sua beleza e juventude, e criei fotos lindas e inesquec\u00edveis com muita alegria e descontra\u00e7\u00e3o. \u00c9 meu objetivo que o Bruno e sua fam\u00edlia guardem essas fotos como um recorda\u00e7\u00e3o eterna desse dia t\u00e3o especial.","robots":{"index":"index","follow":"follow","max-snippet":"max-snippet:-1","max-image-preview":"max-image-preview:large","max-video-preview":"max-video-preview:-1"},"canonical":"https:\/\/biancamachado.com.br\/blog\/comemorando-o-15o-aniversario-do-bruno-no-condominio-residencial-itahye-em-alphaville-com-a-fotografa-bianca-machado\/","og_locale":"pt_BR","og_type":"article","og_title":"Comemorando o 15\u00ba Anivers\u00e1rio do Bruno no Condom\u00ednio Residencial Itahye em Alphaville com a fot\u00f3grafa Bianca Machado - STUDIO BIANCA MACHADO","og_description":"Tive o prazer de capturar o 15\u00ba anivers\u00e1rio do Bruno no Condom\u00ednio Residencial Itahye em Alphaville S\u00e3o Paulo. O ambiente era aconchegante e elegante, perfeito para comemorar esse momento especial. Me dediquei a retratar a personalidade e a ess\u00eancia do Bruno, capturando sua beleza e juventude, e criei fotos lindas e inesquec\u00edveis com muita alegria e descontra\u00e7\u00e3o. \u00c9 meu objetivo que o Bruno e sua fam\u00edlia guardem essas fotos como um recorda\u00e7\u00e3o eterna desse dia t\u00e3o especial.","og_url":"https:\/\/biancamachado.com.br\/blog\/comemorando-o-15o-aniversario-do-bruno-no-condominio-residencial-itahye-em-alphaville-com-a-fotografa-bianca-machado\/","og_site_name":"STUDIO BIANCA MACHADO","article_publisher":"https:\/\/www.facebook.com\/Studiobiancamachado\/","article_published_time":"2023-02-15T19:34:16+00:00","article_modified_time":"2023-02-15T19:34:18+00:00","og_image":[{"width":2560,"height":1707,"url":"https:\/\/biancamachado.com.br\/blog\/wp-content\/uploads\/2023\/02\/132-scaled.jpg?v=1676489471","type":"image\/jpeg"}],"author":"biancamachado","twitter_card":"summary_large_image","twitter_misc":{"Escrito por":"biancamachado","Est. tempo de leitura":"3 minutos"},"schema":{"@context":"https:\/\/schema.org","@graph":[{"@type":"Article","@id":"https:\/\/biancamachado.com.br\/blog\/comemorando-o-15o-aniversario-do-bruno-no-condominio-residencial-itahye-em-alphaville-com-a-fotografa-bianca-machado\/#article","isPartOf":{"@id":"https:\/\/biancamachado.com.br\/blog\/comemorando-o-15o-aniversario-do-bruno-no-condominio-residencial-itahye-em-alphaville-com-a-fotografa-bianca-machado\/"},"author":{"name":"biancamachado","@id":"https:\/\/biancamachado.com.br\/blog\/#\/schema\/person\/990263800ec5e9bdbbf092a2353550a1"},"headline":"Comemorando o 15\u00ba Anivers\u00e1rio do Bruno no Condom\u00ednio Residencial Itahye em Alphaville com a fot\u00f3grafa Bianca Machado","datePublished":"2023-02-15T19:34:16+00:00","dateModified":"2023-02-15T19:34:18+00:00","mainEntityOfPage":{"@id":"https:\/\/biancamachado.com.br\/blog\/comemorando-o-15o-aniversario-do-bruno-no-condominio-residencial-itahye-em-alphaville-com-a-fotografa-bianca-machado\/"},"wordCount":202,"commentCount":0,"publisher":{"@id":"https:\/\/biancamachado.com.br\/blog\/#organization"},"image":{"@id":"https:\/\/biancamachado.com.br\/blog\/comemorando-o-15o-aniversario-do-bruno-no-condominio-residencial-itahye-em-alphaville-com-a-fotografa-bianca-machado\/#primaryimage"},"thumbnailUrl":"https:\/\/i0.wp.com\/biancamachado.com.br\/blog\/wp-content\/uploads\/2023\/02\/132-scaled.jpg?fit=2560%2C1707&ssl=1?v=1676489471","keywords":["15 anos","Alphaville S\u00e3o Paulo","anivers\u00e1rio","Bianca Machado","Condom\u00ednio Residencial Itahye","ess\u00eancia","foto","fot\u00f3grafa","fotografia","Inesquec\u00edvel","juventude","personalidade"],"articleSection":["Festa Adulto","Festa Infantil \/ Anivers\u00e1rio"],"inLanguage":"pt-BR","potentialAction":[{"@type":"CommentAction","name":"Comment","target":["https:\/\/biancamachado.com.br\/blog\/comemorando-o-15o-aniversario-do-bruno-no-condominio-residencial-itahye-em-alphaville-com-a-fotografa-bianca-machado\/#respond"]}]},{"@type":"WebPage","@id":"https:\/\/biancamachado.com.br\/blog\/comemorando-o-15o-aniversario-do-bruno-no-condominio-residencial-itahye-em-alphaville-com-a-fotografa-bianca-machado\/","url":"https:\/\/biancamachado.com.br\/blog\/comemorando-o-15o-aniversario-do-bruno-no-condominio-residencial-itahye-em-alphaville-com-a-fotografa-bianca-machado\/","name":"Comemorando o 15\u00ba Anivers\u00e1rio do Bruno no Condom\u00ednio Residencial Itahye em Alphaville com a fot\u00f3grafa Bianca Machado - STUDIO BIANCA MACHADO","isPartOf":{"@id":"https:\/\/biancamachado.com.br\/blog\/#website"},"primaryImageOfPage":{"@id":"https:\/\/biancamachado.com.br\/blog\/comemorando-o-15o-aniversario-do-bruno-no-condominio-residencial-itahye-em-alphaville-com-a-fotografa-bianca-machado\/#primaryimage"},"image":{"@id":"https:\/\/biancamachado.com.br\/blog\/comemorando-o-15o-aniversario-do-bruno-no-condominio-residencial-itahye-em-alphaville-com-a-fotografa-bianca-machado\/#primaryimage"},"thumbnailUrl":"https:\/\/i0.wp.com\/biancamachado.com.br\/blog\/wp-content\/uploads\/2023\/02\/132-scaled.jpg?fit=2560%2C1707&ssl=1?v=1676489471","datePublished":"2023-02-15T19:34:16+00:00","dateModified":"2023-02-15T19:34:18+00:00","description":"Tive o prazer de capturar o 15\u00ba anivers\u00e1rio do Bruno no Condom\u00ednio Residencial Itahye em Alphaville S\u00e3o Paulo. O ambiente era aconchegante e elegante, perfeito para comemorar esse momento especial. Me dediquei a retratar a personalidade e a ess\u00eancia do Bruno, capturando sua beleza e juventude, e criei fotos lindas e inesquec\u00edveis com muita alegria e descontra\u00e7\u00e3o. \u00c9 meu objetivo que o Bruno e sua fam\u00edlia guardem essas fotos como um recorda\u00e7\u00e3o eterna desse dia t\u00e3o especial.","breadcrumb":{"@id":"https:\/\/biancamachado.com.br\/blog\/comemorando-o-15o-aniversario-do-bruno-no-condominio-residencial-itahye-em-alphaville-com-a-fotografa-bianca-machado\/#breadcrumb"},"inLanguage":"pt-BR","potentialAction":[{"@type":"ReadAction","target":["https:\/\/biancamachado.com.br\/blog\/comemorando-o-15o-aniversario-do-bruno-no-condominio-residencial-itahye-em-alphaville-com-a-fotografa-bianca-machado\/"]}]},{"@type":"ImageObject","inLanguage":"pt-BR","@id":"https:\/\/biancamachado.com.br\/blog\/comemorando-o-15o-aniversario-do-bruno-no-condominio-residencial-itahye-em-alphaville-com-a-fotografa-bianca-machado\/#primaryimage","url":"https:\/\/i0.wp.com\/biancamachado.com.br\/blog\/wp-content\/uploads\/2023\/02\/132-scaled.jpg?fit=2560%2C1707&ssl=1?v=1676489471","contentUrl":"https:\/\/i0.wp.com\/biancamachado.com.br\/blog\/wp-content\/uploads\/2023\/02\/132-scaled.jpg?fit=2560%2C1707&ssl=1?v=1676489471","width":2560,"height":1707,"caption":"fotografia de time"},{"@type":"BreadcrumbList","@id":"https:\/\/biancamachado.com.br\/blog\/comemorando-o-15o-aniversario-do-bruno-no-condominio-residencial-itahye-em-alphaville-com-a-fotografa-bianca-machado\/#breadcrumb","itemListElement":[{"@type":"ListItem","position":1,"name":"In\u00edcio","item":"https:\/\/biancamachado.com.br\/blog\/"},{"@type":"ListItem","position":2,"name":"Comemorando o 15\u00ba Anivers\u00e1rio do Bruno no Condom\u00ednio Residencial Itahye em Alphaville com a fot\u00f3grafa Bianca Machado"}]},{"@type":"WebSite","@id":"https:\/\/biancamachado.com.br\/blog\/#website","url":"https:\/\/biancamachado.com.br\/blog\/","name":"STUDIO BIANCA MACHADO","description":"Estudio Fotografico, Ensaios e Books de foto profissional","publisher":{"@id":"https:\/\/biancamachado.com.br\/blog\/#organization"},"potentialAction":[{"@type":"SearchAction","target":{"@type":"EntryPoint","urlTemplate":"https:\/\/biancamachado.com.br\/blog\/?s={search_term_string}"},"query-input":{"@type":"PropertyValueSpecification","valueRequired":true,"valueName":"search_term_string"}}],"inLanguage":"pt-BR"},{"@type":"Organization","@id":"https:\/\/biancamachado.com.br\/blog\/#organization","name":"STUDIO BIANCA MACHADO","url":"https:\/\/biancamachado.com.br\/blog\/","logo":{"@type":"ImageObject","inLanguage":"pt-BR","@id":"https:\/\/biancamachado.com.br\/blog\/#\/schema\/logo\/image\/","url":"https:\/\/i0.wp.com\/biancamachado.com.br\/blog\/wp-content\/uploads\/2021\/02\/cropped-logo-ml.jpg?fit=278%2C100&ssl=1","contentUrl":"https:\/\/i0.wp.com\/biancamachado.com.br\/blog\/wp-content\/uploads\/2021\/02\/cropped-logo-ml.jpg?fit=278%2C100&ssl=1","width":278,"height":100,"caption":"STUDIO BIANCA MACHADO"},"image":{"@id":"https:\/\/biancamachado.com.br\/blog\/#\/schema\/logo\/image\/"},"sameAs":["https:\/\/www.facebook.com\/Studiobiancamachado\/","https:\/\/www.instagram.com\/Studiobiancamachado\/"]},{"@type":"Person","@id":"https:\/\/biancamachado.com.br\/blog\/#\/schema\/person\/990263800ec5e9bdbbf092a2353550a1","name":"biancamachado","image":{"@type":"ImageObject","inLanguage":"pt-BR","@id":"https:\/\/secure.gravatar.com\/avatar\/62b1a50f2632dbc2e279c3eb55aa46cc324c969cff16a69c59756d155316542c?s=96&d=mm&r=g","url":"https:\/\/secure.gravatar.com\/avatar\/62b1a50f2632dbc2e279c3eb55aa46cc324c969cff16a69c59756d155316542c?s=96&d=mm&r=g","contentUrl":"https:\/\/secure.gravatar.com\/avatar\/62b1a50f2632dbc2e279c3eb55aa46cc324c969cff16a69c59756d155316542c?s=96&d=mm&r=g","caption":"biancamachado"},"sameAs":["https:\/\/biancamachado.com.br\/blog"],"url":"https:\/\/biancamachado.com.br\/blog\/author\/biancamachado\/"}]}},"jetpack_featured_media_url":"https:\/\/i0.wp.com\/biancamachado.com.br\/blog\/wp-content\/uploads\/2023\/02\/132-scaled.jpg?fit=2560%2C1707&ssl=1?v=1676489471","jetpack-related-posts":[],"jetpack_sharing_enabled":true,"_links":{"self":[{"href":"https:\/\/biancamachado.com.br\/blog\/wp-json\/wp\/v2\/posts\/3438","targetHints":{"allow":["GET"]}}],"collection":[{"href":"https:\/\/biancamachado.com.br\/blog\/wp-json\/wp\/v2\/posts"}],"about":[{"href":"https:\/\/biancamachado.com.br\/blog\/wp-json\/wp\/v2\/types\/post"}],"author":[{"embeddable":true,"href":"https:\/\/biancamachado.com.br\/blog\/wp-json\/wp\/v2\/users\/1"}],"replies":[{"embeddable":true,"href":"https:\/\/biancamachado.com.br\/blog\/wp-json\/wp\/v2\/comments?post=3438"}],"version-history":[{"count":1,"href":"https:\/\/biancamachado.com.br\/blog\/wp-json\/wp\/v2\/posts\/3438\/revisions"}],"predecessor-version":[{"id":3448,"href":"https:\/\/biancamachado.com.br\/blog\/wp-json\/wp\/v2\/posts\/3438\/revisions\/3448"}],"wp:featuredmedia":[{"embeddable":true,"href":"https:\/\/biancamachado.com.br\/blog\/wp-json\/wp\/v2\/media\/3447"}],"wp:attachment":[{"href":"https:\/\/biancamachado.com.br\/blog\/wp-json\/wp\/v2\/media?parent=3438"}],"wp:term":[{"taxonomy":"category","embeddable":true,"href":"https:\/\/biancamachado.com.br\/blog\/wp-json\/wp\/v2\/categories?post=3438"},{"taxonomy":"post_tag","embeddable":true,"href":"https:\/\/biancamachado.com.br\/blog\/wp-json\/wp\/v2\/tags?post=3438"}],"curies":[{"name":"wp","href":"https:\/\/api.w.org\/{rel}","templated":true}]}}