{"id":34,"date":"2018-02-16T13:25:00","date_gmt":"2018-02-16T15:25:00","guid":{"rendered":"https:\/\/biancamachado.com.br\/blog\/?p=34"},"modified":"2023-02-12T15:47:30","modified_gmt":"2023-02-12T18:47:30","slug":"ensaios-de-fotos-para-bebes-em-estudio-ofertas-de-sessao-de-fotos","status":"publish","type":"post","link":"https:\/\/biancamachado.com.br\/blog\/ensaios-de-fotos-para-bebes-em-estudio-ofertas-de-sessao-de-fotos\/","title":{"rendered":"Ensaios de fotos para beb\u00eas em est\u00fadio : Ofertas de sess\u00e3o de fotos"},"content":{"rendered":"<div style=\"text-align: justify;\">Como \u00e9 gostoso um bebezinho nessa idade kkk<\/div>\n<div style=\"text-align: justify;\">O cheirinho, a forma de olhar, a delicadeza das m\u00e3ozinhas&#8230; que coisinha mais fofa !<\/div>\n<div style=\"text-align: justify;\">Ainda mais quando j\u00e1 nasce amiguinho da irm\u00e3, \u00e9 muito fofo kkk<\/div>\n<div style=\"text-align: justify;\">Essa fam\u00edlia j\u00e1 est\u00e1 conosco h\u00e1 um bom tempo, como \u00e9 gostoso conferir esse momento t\u00e3o emocionante.<\/div>\n<div style=\"text-align: justify;\">Vamos conferir um pouquinho do ensaio de bebe?<\/div>\n<p><center><\/p>\n<div>\n<div><iframe loading=\"lazy\" src=\"https:\/\/www.youtube.com\/embed\/cJwMWsb_3hE?showinfo=0\" width=\"560\" height=\"315\" frameborder=\"0\" allowfullscreen=\"allowfullscreen\"><\/iframe><\/div>\n<\/div>\n<p><\/center>Registrar os primeiros meses de vida de um beb\u00ea \u00e9 uma das formas mais especiais de guardar mem\u00f3rias da inf\u00e2ncia. Para isso, muitos pais optam por realizar um ensaio de fotos em est\u00fadio com um fot\u00f3grafo profissional. E se voc\u00ea est\u00e1 procurando uma fot\u00f3grafa especializada em ensaios de beb\u00eas em est\u00fadio, pode contar com a Bianca Machado do Studio Bianca Machado.<\/p>\n<p>Com anos de experi\u00eancia em fotografia de beb\u00eas, Bianca sabe como criar um ambiente acolhedor e seguro para os pequenos, garantindo um ensaio tranquilo e seguro para todos os envolvidos. Ela \u00e9 capaz de capturar os melhores \u00e2ngulos e poses, destacando a beleza natural e a serenidade dos beb\u00eas.<\/p>\n<p>Al\u00e9m disso, a fot\u00f3grafa Bianca Machado utiliza os recursos de ilumina\u00e7\u00e3o e p\u00f3s-produ\u00e7\u00e3o para criar um registro aut\u00eantico e impactante. Ela sabe como capturar as emo\u00e7\u00f5es mais intensas, as express\u00f5es faciais e os detalhes \u00fanicos que fazem cada beb\u00ea t\u00e3o especial.<\/p>\n<p>Durante o ensaio de fotos em est\u00fadio, Bianca Machado tem como objetivo capturar momentos \u00fanicos e especiais dos beb\u00eas, que ser\u00e3o lembrados para sempre. Ela sabe como criar um ambiente seguro e confort\u00e1vel para os beb\u00eas, garantindo um ensaio tranquilo e seguro para todos os envolvidos.<\/p>\n<p>Se voc\u00ea deseja registrar os primeiros meses de vida do seu beb\u00ea em um ensaio de fotos em est\u00fadio, a fot\u00f3grafa Bianca Machado pode ajud\u00e1-lo. Com anos de experi\u00eancia em fotografia de beb\u00eas, ela \u00e9 capaz de criar um registro aut\u00eantico e impactante que ser\u00e1 lembrado para sempre.<\/p>\n<p>N\u00e3o perca a oportunidade de guardar mem\u00f3rias \u00fanicas e especiais da inf\u00e2ncia do seu beb\u00ea. Entre em contato com o Studio Bianca Machado e saiba mais sobre nossos servi\u00e7os de fotografia de beb\u00eas.<\/p>\nVisite tamb\u00e9m nosso site: www.biancamachado.com.br\r\n(11) 97107-1018\r\n\r\nAtendemos as regi\u00f5es de S\u00e3o Paulo, Sorocaba, Ibi\u00fana, Piedade, Votorantim, Cotia, Itupeva, Jundia\u00ed, It\u00fa e Campinas","protected":false},"excerpt":{"rendered":"<p>Como \u00e9 gostoso um bebezinho<\/p>\n","protected":false},"author":1,"featured_media":773,"comment_status":"open","ping_status":"open","sticky":false,"template":"","format":"standard","meta":{"_monsterinsights_skip_tracking":false,"_monsterinsights_sitenote_active":false,"_monsterinsights_sitenote_note":"","_monsterinsights_sitenote_category":0,"jetpack_post_was_ever_published":false,"_jetpack_newsletter_access":"","_jetpack_dont_email_post_to_subs":false,"_jetpack_newsletter_tier_id":0,"_jetpack_memberships_contains_paywalled_content":false,"_jetpack_memberships_contains_paid_content":false,"_joinchat":[],"footnotes":""},"categories":[292,1],"tags":[742,332,299,333,684,707,334],"class_list":["post-34","post","type-post","status-publish","format-standard","has-post-thumbnail","hentry","category-book-familia-estudio","category-studio-bianca-machado","tag-bebes","tag-book-familia-em-estudio","tag-ensaio-de-fotos","tag-ensaio-de-fotos-com-criancas","tag-estudio","tag-fotografa-bianca-machado","tag-fotografia-profissional-para-familias"],"yoast_head":"<!-- This site is optimized with the Yoast SEO plugin v27.4 - https:\/\/yoast.com\/product\/yoast-seo-wordpress\/ -->\n<title>Ensaios de fotos para beb\u00eas em est\u00fadio : Ofertas de sess\u00e3o de fotos - STUDIO BIANCA MACHADO<\/title>\n<meta name=\"robots\" content=\"index, follow, max-snippet:-1, max-image-preview:large, max-video-preview:-1\" \/>\n<link rel=\"canonical\" href=\"https:\/\/biancamachado.com.br\/blog\/ensaios-de-fotos-para-bebes-em-estudio-ofertas-de-sessao-de-fotos\/\" \/>\n<meta property=\"og:locale\" content=\"pt_BR\" \/>\n<meta property=\"og:type\" content=\"article\" \/>\n<meta property=\"og:title\" content=\"Ensaios de fotos para beb\u00eas em est\u00fadio : Ofertas de sess\u00e3o de fotos - STUDIO BIANCA MACHADO\" \/>\n<meta property=\"og:description\" content=\"Como \u00e9 gostoso um bebezinho\" \/>\n<meta property=\"og:url\" content=\"https:\/\/biancamachado.com.br\/blog\/ensaios-de-fotos-para-bebes-em-estudio-ofertas-de-sessao-de-fotos\/\" \/>\n<meta property=\"og:site_name\" content=\"STUDIO BIANCA MACHADO\" \/>\n<meta property=\"article:publisher\" content=\"https:\/\/www.facebook.com\/Studiobiancamachado\/\" \/>\n<meta property=\"article:published_time\" content=\"2018-02-16T15:25:00+00:00\" \/>\n<meta property=\"article:modified_time\" content=\"2023-02-12T18:47:30+00:00\" \/>\n<meta property=\"og:image\" content=\"https:\/\/biancamachado.com.br\/blog\/wp-content\/uploads\/2018\/02\/ensaiodefotosbebe.jpg\" \/>\n\t<meta property=\"og:image:width\" content=\"1280\" \/>\n\t<meta property=\"og:image:height\" content=\"720\" \/>\n\t<meta property=\"og:image:type\" content=\"image\/jpeg\" \/>\n<meta name=\"author\" content=\"biancamachado\" \/>\n<meta name=\"twitter:card\" content=\"summary_large_image\" \/>\n<meta name=\"twitter:label1\" content=\"Escrito por\" \/>\n\t<meta name=\"twitter:data1\" content=\"biancamachado\" \/>\n\t<meta name=\"twitter:label2\" content=\"Est. tempo de leitura\" \/>\n\t<meta name=\"twitter:data2\" content=\"2 minutos\" \/>\n<script type=\"application\/ld+json\" class=\"yoast-schema-graph\">{\"@context\":\"https:\\\/\\\/schema.org\",\"@graph\":[{\"@type\":\"Article\",\"@id\":\"https:\\\/\\\/biancamachado.com.br\\\/blog\\\/ensaios-de-fotos-para-bebes-em-estudio-ofertas-de-sessao-de-fotos\\\/#article\",\"isPartOf\":{\"@id\":\"https:\\\/\\\/biancamachado.com.br\\\/blog\\\/ensaios-de-fotos-para-bebes-em-estudio-ofertas-de-sessao-de-fotos\\\/\"},\"author\":{\"name\":\"biancamachado\",\"@id\":\"https:\\\/\\\/biancamachado.com.br\\\/blog\\\/#\\\/schema\\\/person\\\/990263800ec5e9bdbbf092a2353550a1\"},\"headline\":\"Ensaios de fotos para beb\u00eas em est\u00fadio : Ofertas de sess\u00e3o de fotos\",\"datePublished\":\"2018-02-16T15:25:00+00:00\",\"dateModified\":\"2023-02-12T18:47:30+00:00\",\"mainEntityOfPage\":{\"@id\":\"https:\\\/\\\/biancamachado.com.br\\\/blog\\\/ensaios-de-fotos-para-bebes-em-estudio-ofertas-de-sessao-de-fotos\\\/\"},\"wordCount\":384,\"commentCount\":0,\"publisher\":{\"@id\":\"https:\\\/\\\/biancamachado.com.br\\\/blog\\\/#organization\"},\"image\":{\"@id\":\"https:\\\/\\\/biancamachado.com.br\\\/blog\\\/ensaios-de-fotos-para-bebes-em-estudio-ofertas-de-sessao-de-fotos\\\/#primaryimage\"},\"thumbnailUrl\":\"https:\\\/\\\/i0.wp.com\\\/biancamachado.com.br\\\/blog\\\/wp-content\\\/uploads\\\/2018\\\/02\\\/ensaiodefotosbebe.jpg?fit=1280%2C720&ssl=1\",\"keywords\":[\"beb\u00eas\",\"Book familia em estudio\",\"ensaio de fotos\",\"ensaio de fotos com crian\u00e7as\",\"est\u00fadio\",\"fot\u00f3grafa Bianca Machado\",\"fotografia profissional para familias\"],\"articleSection\":[\"Book Familia Estudio\",\"Studio Bianca Machado\"],\"inLanguage\":\"pt-BR\",\"potentialAction\":[{\"@type\":\"CommentAction\",\"name\":\"Comment\",\"target\":[\"https:\\\/\\\/biancamachado.com.br\\\/blog\\\/ensaios-de-fotos-para-bebes-em-estudio-ofertas-de-sessao-de-fotos\\\/#respond\"]}]},{\"@type\":\"WebPage\",\"@id\":\"https:\\\/\\\/biancamachado.com.br\\\/blog\\\/ensaios-de-fotos-para-bebes-em-estudio-ofertas-de-sessao-de-fotos\\\/\",\"url\":\"https:\\\/\\\/biancamachado.com.br\\\/blog\\\/ensaios-de-fotos-para-bebes-em-estudio-ofertas-de-sessao-de-fotos\\\/\",\"name\":\"Ensaios de fotos para beb\u00eas em est\u00fadio : Ofertas de sess\u00e3o de fotos - STUDIO BIANCA MACHADO\",\"isPartOf\":{\"@id\":\"https:\\\/\\\/biancamachado.com.br\\\/blog\\\/#website\"},\"primaryImageOfPage\":{\"@id\":\"https:\\\/\\\/biancamachado.com.br\\\/blog\\\/ensaios-de-fotos-para-bebes-em-estudio-ofertas-de-sessao-de-fotos\\\/#primaryimage\"},\"image\":{\"@id\":\"https:\\\/\\\/biancamachado.com.br\\\/blog\\\/ensaios-de-fotos-para-bebes-em-estudio-ofertas-de-sessao-de-fotos\\\/#primaryimage\"},\"thumbnailUrl\":\"https:\\\/\\\/i0.wp.com\\\/biancamachado.com.br\\\/blog\\\/wp-content\\\/uploads\\\/2018\\\/02\\\/ensaiodefotosbebe.jpg?fit=1280%2C720&ssl=1\",\"datePublished\":\"2018-02-16T15:25:00+00:00\",\"dateModified\":\"2023-02-12T18:47:30+00:00\",\"breadcrumb\":{\"@id\":\"https:\\\/\\\/biancamachado.com.br\\\/blog\\\/ensaios-de-fotos-para-bebes-em-estudio-ofertas-de-sessao-de-fotos\\\/#breadcrumb\"},\"inLanguage\":\"pt-BR\",\"potentialAction\":[{\"@type\":\"ReadAction\",\"target\":[\"https:\\\/\\\/biancamachado.com.br\\\/blog\\\/ensaios-de-fotos-para-bebes-em-estudio-ofertas-de-sessao-de-fotos\\\/\"]}]},{\"@type\":\"ImageObject\",\"inLanguage\":\"pt-BR\",\"@id\":\"https:\\\/\\\/biancamachado.com.br\\\/blog\\\/ensaios-de-fotos-para-bebes-em-estudio-ofertas-de-sessao-de-fotos\\\/#primaryimage\",\"url\":\"https:\\\/\\\/i0.wp.com\\\/biancamachado.com.br\\\/blog\\\/wp-content\\\/uploads\\\/2018\\\/02\\\/ensaiodefotosbebe.jpg?fit=1280%2C720&ssl=1\",\"contentUrl\":\"https:\\\/\\\/i0.wp.com\\\/biancamachado.com.br\\\/blog\\\/wp-content\\\/uploads\\\/2018\\\/02\\\/ensaiodefotosbebe.jpg?fit=1280%2C720&ssl=1\",\"width\":1280,\"height\":720,\"caption\":\"Ensaios de fotos para beb\u00eas em est\u00fadio : Ofertas de sess\u00e3o de fotos\"},{\"@type\":\"BreadcrumbList\",\"@id\":\"https:\\\/\\\/biancamachado.com.br\\\/blog\\\/ensaios-de-fotos-para-bebes-em-estudio-ofertas-de-sessao-de-fotos\\\/#breadcrumb\",\"itemListElement\":[{\"@type\":\"ListItem\",\"position\":1,\"name\":\"In\u00edcio\",\"item\":\"https:\\\/\\\/biancamachado.com.br\\\/blog\\\/\"},{\"@type\":\"ListItem\",\"position\":2,\"name\":\"Ensaios de fotos para beb\u00eas em est\u00fadio : Ofertas de sess\u00e3o de fotos\"}]},{\"@type\":\"WebSite\",\"@id\":\"https:\\\/\\\/biancamachado.com.br\\\/blog\\\/#website\",\"url\":\"https:\\\/\\\/biancamachado.com.br\\\/blog\\\/\",\"name\":\"STUDIO BIANCA MACHADO\",\"description\":\"Estudio Fotografico, Ensaios e Books de foto profissional\",\"publisher\":{\"@id\":\"https:\\\/\\\/biancamachado.com.br\\\/blog\\\/#organization\"},\"potentialAction\":[{\"@type\":\"SearchAction\",\"target\":{\"@type\":\"EntryPoint\",\"urlTemplate\":\"https:\\\/\\\/biancamachado.com.br\\\/blog\\\/?s={search_term_string}\"},\"query-input\":{\"@type\":\"PropertyValueSpecification\",\"valueRequired\":true,\"valueName\":\"search_term_string\"}}],\"inLanguage\":\"pt-BR\"},{\"@type\":\"Organization\",\"@id\":\"https:\\\/\\\/biancamachado.com.br\\\/blog\\\/#organization\",\"name\":\"STUDIO BIANCA MACHADO\",\"url\":\"https:\\\/\\\/biancamachado.com.br\\\/blog\\\/\",\"logo\":{\"@type\":\"ImageObject\",\"inLanguage\":\"pt-BR\",\"@id\":\"https:\\\/\\\/biancamachado.com.br\\\/blog\\\/#\\\/schema\\\/logo\\\/image\\\/\",\"url\":\"https:\\\/\\\/i0.wp.com\\\/biancamachado.com.br\\\/blog\\\/wp-content\\\/uploads\\\/2021\\\/02\\\/cropped-logo-ml.jpg?fit=278%2C100&ssl=1\",\"contentUrl\":\"https:\\\/\\\/i0.wp.com\\\/biancamachado.com.br\\\/blog\\\/wp-content\\\/uploads\\\/2021\\\/02\\\/cropped-logo-ml.jpg?fit=278%2C100&ssl=1\",\"width\":278,\"height\":100,\"caption\":\"STUDIO BIANCA MACHADO\"},\"image\":{\"@id\":\"https:\\\/\\\/biancamachado.com.br\\\/blog\\\/#\\\/schema\\\/logo\\\/image\\\/\"},\"sameAs\":[\"https:\\\/\\\/www.facebook.com\\\/Studiobiancamachado\\\/\",\"https:\\\/\\\/www.instagram.com\\\/Studiobiancamachado\\\/\"]},{\"@type\":\"Person\",\"@id\":\"https:\\\/\\\/biancamachado.com.br\\\/blog\\\/#\\\/schema\\\/person\\\/990263800ec5e9bdbbf092a2353550a1\",\"name\":\"biancamachado\",\"image\":{\"@type\":\"ImageObject\",\"inLanguage\":\"pt-BR\",\"@id\":\"https:\\\/\\\/secure.gravatar.com\\\/avatar\\\/62b1a50f2632dbc2e279c3eb55aa46cc324c969cff16a69c59756d155316542c?s=96&d=mm&r=g\",\"url\":\"https:\\\/\\\/secure.gravatar.com\\\/avatar\\\/62b1a50f2632dbc2e279c3eb55aa46cc324c969cff16a69c59756d155316542c?s=96&d=mm&r=g\",\"contentUrl\":\"https:\\\/\\\/secure.gravatar.com\\\/avatar\\\/62b1a50f2632dbc2e279c3eb55aa46cc324c969cff16a69c59756d155316542c?s=96&d=mm&r=g\",\"caption\":\"biancamachado\"},\"sameAs\":[\"https:\\\/\\\/biancamachado.com.br\\\/blog\"],\"url\":\"https:\\\/\\\/biancamachado.com.br\\\/blog\\\/author\\\/biancamachado\\\/\"}]}<\/script>\n<!-- \/ Yoast SEO plugin. -->","yoast_head_json":{"title":"Ensaios de fotos para beb\u00eas em est\u00fadio : Ofertas de sess\u00e3o de fotos - STUDIO BIANCA MACHADO","robots":{"index":"index","follow":"follow","max-snippet":"max-snippet:-1","max-image-preview":"max-image-preview:large","max-video-preview":"max-video-preview:-1"},"canonical":"https:\/\/biancamachado.com.br\/blog\/ensaios-de-fotos-para-bebes-em-estudio-ofertas-de-sessao-de-fotos\/","og_locale":"pt_BR","og_type":"article","og_title":"Ensaios de fotos para beb\u00eas em est\u00fadio : Ofertas de sess\u00e3o de fotos - STUDIO BIANCA MACHADO","og_description":"Como \u00e9 gostoso um bebezinho","og_url":"https:\/\/biancamachado.com.br\/blog\/ensaios-de-fotos-para-bebes-em-estudio-ofertas-de-sessao-de-fotos\/","og_site_name":"STUDIO BIANCA MACHADO","article_publisher":"https:\/\/www.facebook.com\/Studiobiancamachado\/","article_published_time":"2018-02-16T15:25:00+00:00","article_modified_time":"2023-02-12T18:47:30+00:00","og_image":[{"width":1280,"height":720,"url":"https:\/\/biancamachado.com.br\/blog\/wp-content\/uploads\/2018\/02\/ensaiodefotosbebe.jpg","type":"image\/jpeg"}],"author":"biancamachado","twitter_card":"summary_large_image","twitter_misc":{"Escrito por":"biancamachado","Est. tempo de leitura":"2 minutos"},"schema":{"@context":"https:\/\/schema.org","@graph":[{"@type":"Article","@id":"https:\/\/biancamachado.com.br\/blog\/ensaios-de-fotos-para-bebes-em-estudio-ofertas-de-sessao-de-fotos\/#article","isPartOf":{"@id":"https:\/\/biancamachado.com.br\/blog\/ensaios-de-fotos-para-bebes-em-estudio-ofertas-de-sessao-de-fotos\/"},"author":{"name":"biancamachado","@id":"https:\/\/biancamachado.com.br\/blog\/#\/schema\/person\/990263800ec5e9bdbbf092a2353550a1"},"headline":"Ensaios de fotos para beb\u00eas em est\u00fadio : Ofertas de sess\u00e3o de fotos","datePublished":"2018-02-16T15:25:00+00:00","dateModified":"2023-02-12T18:47:30+00:00","mainEntityOfPage":{"@id":"https:\/\/biancamachado.com.br\/blog\/ensaios-de-fotos-para-bebes-em-estudio-ofertas-de-sessao-de-fotos\/"},"wordCount":384,"commentCount":0,"publisher":{"@id":"https:\/\/biancamachado.com.br\/blog\/#organization"},"image":{"@id":"https:\/\/biancamachado.com.br\/blog\/ensaios-de-fotos-para-bebes-em-estudio-ofertas-de-sessao-de-fotos\/#primaryimage"},"thumbnailUrl":"https:\/\/i0.wp.com\/biancamachado.com.br\/blog\/wp-content\/uploads\/2018\/02\/ensaiodefotosbebe.jpg?fit=1280%2C720&ssl=1","keywords":["beb\u00eas","Book familia em estudio","ensaio de fotos","ensaio de fotos com crian\u00e7as","est\u00fadio","fot\u00f3grafa Bianca Machado","fotografia profissional para familias"],"articleSection":["Book Familia Estudio","Studio Bianca Machado"],"inLanguage":"pt-BR","potentialAction":[{"@type":"CommentAction","name":"Comment","target":["https:\/\/biancamachado.com.br\/blog\/ensaios-de-fotos-para-bebes-em-estudio-ofertas-de-sessao-de-fotos\/#respond"]}]},{"@type":"WebPage","@id":"https:\/\/biancamachado.com.br\/blog\/ensaios-de-fotos-para-bebes-em-estudio-ofertas-de-sessao-de-fotos\/","url":"https:\/\/biancamachado.com.br\/blog\/ensaios-de-fotos-para-bebes-em-estudio-ofertas-de-sessao-de-fotos\/","name":"Ensaios de fotos para beb\u00eas em est\u00fadio : Ofertas de sess\u00e3o de fotos - STUDIO BIANCA MACHADO","isPartOf":{"@id":"https:\/\/biancamachado.com.br\/blog\/#website"},"primaryImageOfPage":{"@id":"https:\/\/biancamachado.com.br\/blog\/ensaios-de-fotos-para-bebes-em-estudio-ofertas-de-sessao-de-fotos\/#primaryimage"},"image":{"@id":"https:\/\/biancamachado.com.br\/blog\/ensaios-de-fotos-para-bebes-em-estudio-ofertas-de-sessao-de-fotos\/#primaryimage"},"thumbnailUrl":"https:\/\/i0.wp.com\/biancamachado.com.br\/blog\/wp-content\/uploads\/2018\/02\/ensaiodefotosbebe.jpg?fit=1280%2C720&ssl=1","datePublished":"2018-02-16T15:25:00+00:00","dateModified":"2023-02-12T18:47:30+00:00","breadcrumb":{"@id":"https:\/\/biancamachado.com.br\/blog\/ensaios-de-fotos-para-bebes-em-estudio-ofertas-de-sessao-de-fotos\/#breadcrumb"},"inLanguage":"pt-BR","potentialAction":[{"@type":"ReadAction","target":["https:\/\/biancamachado.com.br\/blog\/ensaios-de-fotos-para-bebes-em-estudio-ofertas-de-sessao-de-fotos\/"]}]},{"@type":"ImageObject","inLanguage":"pt-BR","@id":"https:\/\/biancamachado.com.br\/blog\/ensaios-de-fotos-para-bebes-em-estudio-ofertas-de-sessao-de-fotos\/#primaryimage","url":"https:\/\/i0.wp.com\/biancamachado.com.br\/blog\/wp-content\/uploads\/2018\/02\/ensaiodefotosbebe.jpg?fit=1280%2C720&ssl=1","contentUrl":"https:\/\/i0.wp.com\/biancamachado.com.br\/blog\/wp-content\/uploads\/2018\/02\/ensaiodefotosbebe.jpg?fit=1280%2C720&ssl=1","width":1280,"height":720,"caption":"Ensaios de fotos para beb\u00eas em est\u00fadio : Ofertas de sess\u00e3o de fotos"},{"@type":"BreadcrumbList","@id":"https:\/\/biancamachado.com.br\/blog\/ensaios-de-fotos-para-bebes-em-estudio-ofertas-de-sessao-de-fotos\/#breadcrumb","itemListElement":[{"@type":"ListItem","position":1,"name":"In\u00edcio","item":"https:\/\/biancamachado.com.br\/blog\/"},{"@type":"ListItem","position":2,"name":"Ensaios de fotos para beb\u00eas em est\u00fadio : Ofertas de sess\u00e3o de fotos"}]},{"@type":"WebSite","@id":"https:\/\/biancamachado.com.br\/blog\/#website","url":"https:\/\/biancamachado.com.br\/blog\/","name":"STUDIO BIANCA MACHADO","description":"Estudio Fotografico, Ensaios e Books de foto profissional","publisher":{"@id":"https:\/\/biancamachado.com.br\/blog\/#organization"},"potentialAction":[{"@type":"SearchAction","target":{"@type":"EntryPoint","urlTemplate":"https:\/\/biancamachado.com.br\/blog\/?s={search_term_string}"},"query-input":{"@type":"PropertyValueSpecification","valueRequired":true,"valueName":"search_term_string"}}],"inLanguage":"pt-BR"},{"@type":"Organization","@id":"https:\/\/biancamachado.com.br\/blog\/#organization","name":"STUDIO BIANCA MACHADO","url":"https:\/\/biancamachado.com.br\/blog\/","logo":{"@type":"ImageObject","inLanguage":"pt-BR","@id":"https:\/\/biancamachado.com.br\/blog\/#\/schema\/logo\/image\/","url":"https:\/\/i0.wp.com\/biancamachado.com.br\/blog\/wp-content\/uploads\/2021\/02\/cropped-logo-ml.jpg?fit=278%2C100&ssl=1","contentUrl":"https:\/\/i0.wp.com\/biancamachado.com.br\/blog\/wp-content\/uploads\/2021\/02\/cropped-logo-ml.jpg?fit=278%2C100&ssl=1","width":278,"height":100,"caption":"STUDIO BIANCA MACHADO"},"image":{"@id":"https:\/\/biancamachado.com.br\/blog\/#\/schema\/logo\/image\/"},"sameAs":["https:\/\/www.facebook.com\/Studiobiancamachado\/","https:\/\/www.instagram.com\/Studiobiancamachado\/"]},{"@type":"Person","@id":"https:\/\/biancamachado.com.br\/blog\/#\/schema\/person\/990263800ec5e9bdbbf092a2353550a1","name":"biancamachado","image":{"@type":"ImageObject","inLanguage":"pt-BR","@id":"https:\/\/secure.gravatar.com\/avatar\/62b1a50f2632dbc2e279c3eb55aa46cc324c969cff16a69c59756d155316542c?s=96&d=mm&r=g","url":"https:\/\/secure.gravatar.com\/avatar\/62b1a50f2632dbc2e279c3eb55aa46cc324c969cff16a69c59756d155316542c?s=96&d=mm&r=g","contentUrl":"https:\/\/secure.gravatar.com\/avatar\/62b1a50f2632dbc2e279c3eb55aa46cc324c969cff16a69c59756d155316542c?s=96&d=mm&r=g","caption":"biancamachado"},"sameAs":["https:\/\/biancamachado.com.br\/blog"],"url":"https:\/\/biancamachado.com.br\/blog\/author\/biancamachado\/"}]}},"jetpack_featured_media_url":"https:\/\/i0.wp.com\/biancamachado.com.br\/blog\/wp-content\/uploads\/2018\/02\/ensaiodefotosbebe.jpg?fit=1280%2C720&ssl=1","jetpack-related-posts":[],"jetpack_sharing_enabled":true,"_links":{"self":[{"href":"https:\/\/biancamachado.com.br\/blog\/wp-json\/wp\/v2\/posts\/34","targetHints":{"allow":["GET"]}}],"collection":[{"href":"https:\/\/biancamachado.com.br\/blog\/wp-json\/wp\/v2\/posts"}],"about":[{"href":"https:\/\/biancamachado.com.br\/blog\/wp-json\/wp\/v2\/types\/post"}],"author":[{"embeddable":true,"href":"https:\/\/biancamachado.com.br\/blog\/wp-json\/wp\/v2\/users\/1"}],"replies":[{"embeddable":true,"href":"https:\/\/biancamachado.com.br\/blog\/wp-json\/wp\/v2\/comments?post=34"}],"version-history":[{"count":2,"href":"https:\/\/biancamachado.com.br\/blog\/wp-json\/wp\/v2\/posts\/34\/revisions"}],"predecessor-version":[{"id":3268,"href":"https:\/\/biancamachado.com.br\/blog\/wp-json\/wp\/v2\/posts\/34\/revisions\/3268"}],"wp:featuredmedia":[{"embeddable":true,"href":"https:\/\/biancamachado.com.br\/blog\/wp-json\/wp\/v2\/media\/773"}],"wp:attachment":[{"href":"https:\/\/biancamachado.com.br\/blog\/wp-json\/wp\/v2\/media?parent=34"}],"wp:term":[{"taxonomy":"category","embeddable":true,"href":"https:\/\/biancamachado.com.br\/blog\/wp-json\/wp\/v2\/categories?post=34"},{"taxonomy":"post_tag","embeddable":true,"href":"https:\/\/biancamachado.com.br\/blog\/wp-json\/wp\/v2\/tags?post=34"}],"curies":[{"name":"wp","href":"https:\/\/api.w.org\/{rel}","templated":true}]}}