{"id":32,"date":"2018-02-24T21:20:00","date_gmt":"2018-02-25T00:20:00","guid":{"rendered":"https:\/\/biancamachado.com.br\/blog\/?p=32"},"modified":"2023-02-10T12:23:19","modified_gmt":"2023-02-10T15:23:19","slug":"fotos-de-aniversario-no-parque-ibirapuera-que-ideia-bacana","status":"publish","type":"post","link":"https:\/\/biancamachado.com.br\/blog\/fotos-de-aniversario-no-parque-ibirapuera-que-ideia-bacana\/","title":{"rendered":"Fotos de Anivers\u00e1rio no Parque Ibirapuera &#8211; Que id\u00e9ia bacana !"},"content":{"rendered":"<div style=\"text-align: justify;\">Comemorar o anivers\u00e1rio no parque Ibirapuera com muito estilo, alegria e divers\u00e3o, adorei a ideia !<\/div>\n<div style=\"text-align: justify;\">6 aninhos da Isabela, como o tempo voa kkk. Mais um ano que estamos comemorando juntos, essa fam\u00edlia \u00e9 uma alegria s\u00f3, uma grande honra pra mim kkk<\/div>\n<div style=\"text-align: justify;\">Vamos conferir um pouquinho da festinha da Isa?<\/div>\n<p><center><\/p>\n<div>\n<div><iframe loading=\"lazy\" src=\"https:\/\/www.youtube.com\/embed\/20-VSWBFaCQ?showinfo=0\" width=\"560\" height=\"315\" frameborder=\"0\" allowfullscreen=\"allowfullscreen\"><\/iframe><\/div>\n<\/div>\n<p><\/center>Comemorar um anivers\u00e1rio \u00e9 sempre uma ocasi\u00e3o especial e merece ser registrada com fotos incr\u00edveis. E o que poderia ser mais bacana do que fotografias de anivers\u00e1rio no Parque Ibirapuera, um dos locais mais bonitos de S\u00e3o Paulo?<\/p>\n<p>Contratar um fot\u00f3grafo profissional para registrar esse momento \u00e9 uma \u00f3tima ideia, pois ele pode ajudar a capturar as lembran\u00e7as e emo\u00e7\u00f5es de uma forma \u00fanica e art\u00edstica. O Parque Ibirapuera oferece uma variedade de paisagens, desde os jardins bem cuidados at\u00e9 a arquitetura moderna, e um fot\u00f3grafo profissional saber\u00e1 como usar esses elementos para criar imagens surpreendentes.<\/p>\n<p>Al\u00e9m disso, um fot\u00f3grafo profissional ter\u00e1 a habilidade de fazer ajustes de ilumina\u00e7\u00e3o e posicionamento para garantir que as fotos sejam n\u00edtidas e de alta qualidade. Ele tamb\u00e9m pode ajudar a escolher as melhores poses e composi\u00e7\u00f5es para destacar a personalidade e a beleza do aniversariante e dos convidados.<\/p>\n<p>N\u00e3o se esque\u00e7a de trazer adere\u00e7os e elementos pessoais para a sess\u00e3o de fotos, como bal\u00f5es, flores, bandeiras e cartazes, para tornar as fotos ainda mais especiais e significativas.<\/p>\n<p>Com fotografias profissionais no Parque Ibirapuera, voc\u00ea ter\u00e1 uma recorda\u00e7\u00e3o eterna desse dia especial e poder\u00e1 compartilhar essas fotos com amigos e familiares por anos e anos. Contratar um fot\u00f3grafo profissional \u00e9 uma escolha acertada para registrar esse momento especial.<\/p>\n<table style=\"margin-left: auto; margin-right: auto; text-align: center;\" cellspacing=\"0\" cellpadding=\"0\" align=\"center\">\n<tbody>\n<tr>\n<td style=\"text-align: center;\"><a style=\"margin-left: auto; margin-right: auto;\" href=\"https:\/\/i0.wp.com\/4.bp.blogspot.com\/-Eh8w5r3aJFw\/WpH6wILnHZI\/AAAAAAAAWyM\/4U9cNEH0zxgB-mtGic7z4JJPxn67Eq5AgCLcBGAs\/s1600\/aniversario%2Bno%2Bparque.jpg?ssl=1\"><img data-recalc-dims=\"1\" loading=\"lazy\" decoding=\"async\" title=\"aniversario no parque\" src=\"https:\/\/i0.wp.com\/4.bp.blogspot.com\/-Eh8w5r3aJFw\/WpH6wILnHZI\/AAAAAAAAWyM\/4U9cNEH0zxgB-mtGic7z4JJPxn67Eq5AgCLcBGAs\/s640\/aniversario%2Bno%2Bparque.jpg?resize=640%2C426&#038;ssl=1\" alt=\"aniversario no parque\" width=\"640\" height=\"426\" border=\"0\" data-original-height=\"1067\" data-original-width=\"1600\" \/><\/a><\/td>\n<\/tr>\n<tr>\n<td style=\"text-align: center;\">aniversario no parque<\/td>\n<\/tr>\n<\/tbody>\n<\/table>\n<table style=\"margin-left: auto; margin-right: auto; text-align: center;\" cellspacing=\"0\" cellpadding=\"0\" align=\"center\">\n<tbody>\n<tr>\n<td style=\"text-align: center;\"><a style=\"margin-left: auto; margin-right: auto;\" href=\"https:\/\/i0.wp.com\/2.bp.blogspot.com\/-LenkhgwCaMU\/WpH6zsEj6MI\/AAAAAAAAWyQ\/4dkznOQaRo0Ek8cAEx5BPN6GJ0Wg5kI_gCLcBGAs\/s1600\/festas%2Binfantis%2Bdiferentes.jpg?ssl=1\"><img data-recalc-dims=\"1\" loading=\"lazy\" decoding=\"async\" title=\"festas infantis diferentes\" src=\"https:\/\/i0.wp.com\/2.bp.blogspot.com\/-LenkhgwCaMU\/WpH6zsEj6MI\/AAAAAAAAWyQ\/4dkznOQaRo0Ek8cAEx5BPN6GJ0Wg5kI_gCLcBGAs\/s640\/festas%2Binfantis%2Bdiferentes.jpg?resize=640%2C426&#038;ssl=1\" alt=\"festas infantis diferentes\" width=\"640\" height=\"426\" border=\"0\" data-original-height=\"1067\" data-original-width=\"1600\" \/><\/a><\/td>\n<\/tr>\n<tr>\n<td style=\"text-align: center;\">festas infantis diferentes<\/td>\n<\/tr>\n<\/tbody>\n<\/table>\n<table style=\"margin-left: auto; margin-right: auto; text-align: center;\" cellspacing=\"0\" cellpadding=\"0\" align=\"center\">\n<tbody>\n<tr>\n<td style=\"text-align: center;\"><a style=\"margin-left: auto; margin-right: auto;\" href=\"https:\/\/i0.wp.com\/2.bp.blogspot.com\/-C5kJ03zZvBw\/WpH6z25BOSI\/AAAAAAAAWyU\/m8hmo2HgPEM4nsScWt9pDcN8WHTjxDgYgCLcBGAs\/s1600\/fotos%2Bde%2Baniversario%2Bparque%2Bibirapuera.jpg?ssl=1\"><img data-recalc-dims=\"1\" loading=\"lazy\" decoding=\"async\" title=\"fotos de aniversario parque ibirapuera\" src=\"https:\/\/i0.wp.com\/2.bp.blogspot.com\/-C5kJ03zZvBw\/WpH6z25BOSI\/AAAAAAAAWyU\/m8hmo2HgPEM4nsScWt9pDcN8WHTjxDgYgCLcBGAs\/s640\/fotos%2Bde%2Baniversario%2Bparque%2Bibirapuera.jpg?resize=640%2C426&#038;ssl=1\" alt=\"fotos de aniversario parque ibirapuera\" width=\"640\" height=\"426\" border=\"0\" data-original-height=\"1067\" data-original-width=\"1600\" \/><\/a><\/td>\n<\/tr>\n<tr>\n<td style=\"text-align: center;\">fotos de aniversario parque ibirapuera<\/td>\n<\/tr>\n<\/tbody>\n<\/table>\n<table style=\"margin-left: auto; margin-right: auto; text-align: center;\" cellspacing=\"0\" cellpadding=\"0\" align=\"center\">\n<tbody>\n<tr>\n<td style=\"text-align: center;\"><a style=\"margin-left: auto; margin-right: auto;\" href=\"https:\/\/i0.wp.com\/1.bp.blogspot.com\/-T_qZwe01dWQ\/WpH61FGNfGI\/AAAAAAAAWyY\/K9GrFuEv2fcbC0J0KPTO94G2fRwYoMdxQCLcBGAs\/s1600\/fotos%2Bprofissionais%2Bno%2Bparque.jpg?ssl=1\"><img data-recalc-dims=\"1\" loading=\"lazy\" decoding=\"async\" title=\"fotos profissionais no parque\" src=\"https:\/\/i0.wp.com\/1.bp.blogspot.com\/-T_qZwe01dWQ\/WpH61FGNfGI\/AAAAAAAAWyY\/K9GrFuEv2fcbC0J0KPTO94G2fRwYoMdxQCLcBGAs\/s640\/fotos%2Bprofissionais%2Bno%2Bparque.jpg?resize=640%2C426&#038;ssl=1\" alt=\"fotos profissionais no parque\" width=\"640\" height=\"426\" border=\"0\" data-original-height=\"1067\" data-original-width=\"1600\" \/><\/a><\/td>\n<\/tr>\n<tr>\n<td style=\"text-align: center;\">fotos profissionais no parque<\/td>\n<\/tr>\n<\/tbody>\n<\/table>\n<table style=\"margin-left: auto; margin-right: auto; text-align: center;\" cellspacing=\"0\" cellpadding=\"0\" align=\"center\">\n<tbody>\n<tr>\n<td style=\"text-align: center;\"><a style=\"margin-left: auto; margin-right: auto;\" href=\"https:\/\/i0.wp.com\/1.bp.blogspot.com\/-A3jQjUAXRvY\/WpH634dOd-I\/AAAAAAAAWyc\/8yifui6hei84QUmDk0mU8DlQyiW2PAjxACLcBGAs\/s1600\/ideias%2Bcriativas%2Bpara%2Bcomemorar%2Baniversario.jpg?ssl=1\"><img data-recalc-dims=\"1\" loading=\"lazy\" decoding=\"async\" title=\"ideias criativas para comemorar aniversario\" src=\"https:\/\/i0.wp.com\/1.bp.blogspot.com\/-A3jQjUAXRvY\/WpH634dOd-I\/AAAAAAAAWyc\/8yifui6hei84QUmDk0mU8DlQyiW2PAjxACLcBGAs\/s640\/ideias%2Bcriativas%2Bpara%2Bcomemorar%2Baniversario.jpg?resize=640%2C426&#038;ssl=1\" alt=\"ideias criativas para comemorar aniversario\" width=\"640\" height=\"426\" border=\"0\" data-original-height=\"1067\" data-original-width=\"1600\" \/><\/a><\/td>\n<\/tr>\n<tr>\n<td style=\"text-align: center;\">ideias criativas para comemorar aniversario<\/td>\n<\/tr>\n<\/tbody>\n<\/table>\n<p><a style=\"clear: left; float: left; margin-bottom: 1em; margin-right: 1em;\" href=\"https:\/\/i0.wp.com\/www.biancamachado.com.br\/images\/whatsapp-blog.jpg?ssl=1\"><img data-recalc-dims=\"1\" loading=\"lazy\" decoding=\"async\" src=\"https:\/\/i0.wp.com\/www.biancamachado.com.br\/images\/whatsapp-blog.jpg?resize=200%2C90&#038;ssl=1\" width=\"200\" height=\"90\" border=\"0\" data-original-height=\"128\" data-original-width=\"283\" \/><\/a><br \/>\nVisite tamb\u00e9m nosso site:\u00a0<a href=\"http:\/\/www.biancamachado.com.br\/\">www.biancamachado.com.br<\/a><br \/>\n(11) 97107-1018<\/p>\nVisite tamb\u00e9m nosso site: www.biancamachado.com.br\r\n(11) 97107-1018\r\n\r\nAtendemos as regi\u00f5es de S\u00e3o Paulo, Sorocaba, Ibi\u00fana, Piedade, Votorantim, Cotia, Itupeva, Jundia\u00ed, It\u00fa e Campinas","protected":false},"excerpt":{"rendered":"<p>Com fotografias profissionais no Parque Ibirapuera, voc\u00ea ter\u00e1 uma recorda\u00e7\u00e3o eterna desse dia especial e poder\u00e1 compartilhar essas fotos com amigos e familiares por anos e anos. Contratar um fot\u00f3grafo profissional \u00e9 uma escolha acertada para registrar esse momento especial.<\/p>\n","protected":false},"author":1,"featured_media":771,"comment_status":"open","ping_status":"open","sticky":false,"template":"","format":"standard","meta":{"_monsterinsights_skip_tracking":false,"_monsterinsights_sitenote_active":false,"_monsterinsights_sitenote_note":"","_monsterinsights_sitenote_category":0,"jetpack_post_was_ever_published":false,"_jetpack_newsletter_access":"","_jetpack_dont_email_post_to_subs":false,"_jetpack_newsletter_tier_id":0,"_jetpack_memberships_contains_paywalled_content":false,"_jetpack_memberships_contains_paid_content":false,"_joinchat":[],"footnotes":""},"categories":[292,1],"tags":[332,333,334],"class_list":["post-32","post","type-post","status-publish","format-standard","has-post-thumbnail","hentry","category-book-familia-estudio","category-studio-bianca-machado","tag-book-familia-em-estudio","tag-ensaio-de-fotos-com-criancas","tag-fotografia-profissional-para-familias"],"yoast_head":"<!-- This site is optimized with the Yoast SEO plugin v27.4 - https:\/\/yoast.com\/product\/yoast-seo-wordpress\/ -->\n<title>Fotos de Anivers\u00e1rio no Parque Ibirapuera - Que id\u00e9ia bacana ! - STUDIO BIANCA MACHADO<\/title>\n<meta name=\"robots\" content=\"index, follow, max-snippet:-1, max-image-preview:large, max-video-preview:-1\" \/>\n<link rel=\"canonical\" href=\"https:\/\/biancamachado.com.br\/blog\/fotos-de-aniversario-no-parque-ibirapuera-que-ideia-bacana\/\" \/>\n<meta property=\"og:locale\" content=\"pt_BR\" \/>\n<meta property=\"og:type\" content=\"article\" \/>\n<meta property=\"og:title\" content=\"Fotos de Anivers\u00e1rio no Parque Ibirapuera - Que id\u00e9ia bacana ! - STUDIO BIANCA MACHADO\" \/>\n<meta property=\"og:description\" content=\"Com fotografias profissionais no Parque Ibirapuera, voc\u00ea ter\u00e1 uma recorda\u00e7\u00e3o eterna desse dia especial e poder\u00e1 compartilhar essas fotos com amigos e familiares por anos e anos. Contratar um fot\u00f3grafo profissional \u00e9 uma escolha acertada para registrar esse momento especial.\" \/>\n<meta property=\"og:url\" content=\"https:\/\/biancamachado.com.br\/blog\/fotos-de-aniversario-no-parque-ibirapuera-que-ideia-bacana\/\" \/>\n<meta property=\"og:site_name\" content=\"STUDIO BIANCA MACHADO\" \/>\n<meta property=\"article:publisher\" content=\"https:\/\/www.facebook.com\/Studiobiancamachado\/\" \/>\n<meta property=\"article:published_time\" content=\"2018-02-25T00:20:00+00:00\" \/>\n<meta property=\"article:modified_time\" content=\"2023-02-10T15:23:19+00:00\" \/>\n<meta property=\"og:image\" content=\"https:\/\/biancamachado.com.br\/blog\/wp-content\/uploads\/2018\/02\/Screenshot_25.png\" \/>\n\t<meta property=\"og:image:width\" content=\"632\" \/>\n\t<meta property=\"og:image:height\" content=\"418\" \/>\n\t<meta property=\"og:image:type\" content=\"image\/png\" \/>\n<meta name=\"author\" content=\"biancamachado\" \/>\n<meta name=\"twitter:card\" content=\"summary_large_image\" \/>\n<meta name=\"twitter:label1\" content=\"Escrito por\" \/>\n\t<meta name=\"twitter:data1\" content=\"biancamachado\" \/>\n\t<meta name=\"twitter:label2\" content=\"Est. tempo de leitura\" \/>\n\t<meta name=\"twitter:data2\" content=\"3 minutos\" \/>\n<script type=\"application\/ld+json\" class=\"yoast-schema-graph\">{\"@context\":\"https:\\\/\\\/schema.org\",\"@graph\":[{\"@type\":\"Article\",\"@id\":\"https:\\\/\\\/biancamachado.com.br\\\/blog\\\/fotos-de-aniversario-no-parque-ibirapuera-que-ideia-bacana\\\/#article\",\"isPartOf\":{\"@id\":\"https:\\\/\\\/biancamachado.com.br\\\/blog\\\/fotos-de-aniversario-no-parque-ibirapuera-que-ideia-bacana\\\/\"},\"author\":{\"name\":\"biancamachado\",\"@id\":\"https:\\\/\\\/biancamachado.com.br\\\/blog\\\/#\\\/schema\\\/person\\\/990263800ec5e9bdbbf092a2353550a1\"},\"headline\":\"Fotos de Anivers\u00e1rio no Parque Ibirapuera &#8211; Que id\u00e9ia bacana !\",\"datePublished\":\"2018-02-25T00:20:00+00:00\",\"dateModified\":\"2023-02-10T15:23:19+00:00\",\"mainEntityOfPage\":{\"@id\":\"https:\\\/\\\/biancamachado.com.br\\\/blog\\\/fotos-de-aniversario-no-parque-ibirapuera-que-ideia-bacana\\\/\"},\"wordCount\":328,\"commentCount\":0,\"publisher\":{\"@id\":\"https:\\\/\\\/biancamachado.com.br\\\/blog\\\/#organization\"},\"image\":{\"@id\":\"https:\\\/\\\/biancamachado.com.br\\\/blog\\\/fotos-de-aniversario-no-parque-ibirapuera-que-ideia-bacana\\\/#primaryimage\"},\"thumbnailUrl\":\"https:\\\/\\\/i0.wp.com\\\/biancamachado.com.br\\\/blog\\\/wp-content\\\/uploads\\\/2018\\\/02\\\/Screenshot_25.png?fit=632%2C418&ssl=1\",\"keywords\":[\"Book familia em estudio\",\"ensaio de fotos com crian\u00e7as\",\"fotografia profissional para familias\"],\"articleSection\":[\"Book Familia Estudio\",\"Studio Bianca Machado\"],\"inLanguage\":\"pt-BR\",\"potentialAction\":[{\"@type\":\"CommentAction\",\"name\":\"Comment\",\"target\":[\"https:\\\/\\\/biancamachado.com.br\\\/blog\\\/fotos-de-aniversario-no-parque-ibirapuera-que-ideia-bacana\\\/#respond\"]}]},{\"@type\":\"WebPage\",\"@id\":\"https:\\\/\\\/biancamachado.com.br\\\/blog\\\/fotos-de-aniversario-no-parque-ibirapuera-que-ideia-bacana\\\/\",\"url\":\"https:\\\/\\\/biancamachado.com.br\\\/blog\\\/fotos-de-aniversario-no-parque-ibirapuera-que-ideia-bacana\\\/\",\"name\":\"Fotos de Anivers\u00e1rio no Parque Ibirapuera - Que id\u00e9ia bacana ! - STUDIO BIANCA MACHADO\",\"isPartOf\":{\"@id\":\"https:\\\/\\\/biancamachado.com.br\\\/blog\\\/#website\"},\"primaryImageOfPage\":{\"@id\":\"https:\\\/\\\/biancamachado.com.br\\\/blog\\\/fotos-de-aniversario-no-parque-ibirapuera-que-ideia-bacana\\\/#primaryimage\"},\"image\":{\"@id\":\"https:\\\/\\\/biancamachado.com.br\\\/blog\\\/fotos-de-aniversario-no-parque-ibirapuera-que-ideia-bacana\\\/#primaryimage\"},\"thumbnailUrl\":\"https:\\\/\\\/i0.wp.com\\\/biancamachado.com.br\\\/blog\\\/wp-content\\\/uploads\\\/2018\\\/02\\\/Screenshot_25.png?fit=632%2C418&ssl=1\",\"datePublished\":\"2018-02-25T00:20:00+00:00\",\"dateModified\":\"2023-02-10T15:23:19+00:00\",\"breadcrumb\":{\"@id\":\"https:\\\/\\\/biancamachado.com.br\\\/blog\\\/fotos-de-aniversario-no-parque-ibirapuera-que-ideia-bacana\\\/#breadcrumb\"},\"inLanguage\":\"pt-BR\",\"potentialAction\":[{\"@type\":\"ReadAction\",\"target\":[\"https:\\\/\\\/biancamachado.com.br\\\/blog\\\/fotos-de-aniversario-no-parque-ibirapuera-que-ideia-bacana\\\/\"]}]},{\"@type\":\"ImageObject\",\"inLanguage\":\"pt-BR\",\"@id\":\"https:\\\/\\\/biancamachado.com.br\\\/blog\\\/fotos-de-aniversario-no-parque-ibirapuera-que-ideia-bacana\\\/#primaryimage\",\"url\":\"https:\\\/\\\/i0.wp.com\\\/biancamachado.com.br\\\/blog\\\/wp-content\\\/uploads\\\/2018\\\/02\\\/Screenshot_25.png?fit=632%2C418&ssl=1\",\"contentUrl\":\"https:\\\/\\\/i0.wp.com\\\/biancamachado.com.br\\\/blog\\\/wp-content\\\/uploads\\\/2018\\\/02\\\/Screenshot_25.png?fit=632%2C418&ssl=1\",\"width\":632,\"height\":418,\"caption\":\"fotos de aniversario em parque\"},{\"@type\":\"BreadcrumbList\",\"@id\":\"https:\\\/\\\/biancamachado.com.br\\\/blog\\\/fotos-de-aniversario-no-parque-ibirapuera-que-ideia-bacana\\\/#breadcrumb\",\"itemListElement\":[{\"@type\":\"ListItem\",\"position\":1,\"name\":\"In\u00edcio\",\"item\":\"https:\\\/\\\/biancamachado.com.br\\\/blog\\\/\"},{\"@type\":\"ListItem\",\"position\":2,\"name\":\"Fotos de Anivers\u00e1rio no Parque Ibirapuera &#8211; Que id\u00e9ia bacana !\"}]},{\"@type\":\"WebSite\",\"@id\":\"https:\\\/\\\/biancamachado.com.br\\\/blog\\\/#website\",\"url\":\"https:\\\/\\\/biancamachado.com.br\\\/blog\\\/\",\"name\":\"STUDIO BIANCA MACHADO\",\"description\":\"Estudio Fotografico, Ensaios e Books de foto profissional\",\"publisher\":{\"@id\":\"https:\\\/\\\/biancamachado.com.br\\\/blog\\\/#organization\"},\"potentialAction\":[{\"@type\":\"SearchAction\",\"target\":{\"@type\":\"EntryPoint\",\"urlTemplate\":\"https:\\\/\\\/biancamachado.com.br\\\/blog\\\/?s={search_term_string}\"},\"query-input\":{\"@type\":\"PropertyValueSpecification\",\"valueRequired\":true,\"valueName\":\"search_term_string\"}}],\"inLanguage\":\"pt-BR\"},{\"@type\":\"Organization\",\"@id\":\"https:\\\/\\\/biancamachado.com.br\\\/blog\\\/#organization\",\"name\":\"STUDIO BIANCA MACHADO\",\"url\":\"https:\\\/\\\/biancamachado.com.br\\\/blog\\\/\",\"logo\":{\"@type\":\"ImageObject\",\"inLanguage\":\"pt-BR\",\"@id\":\"https:\\\/\\\/biancamachado.com.br\\\/blog\\\/#\\\/schema\\\/logo\\\/image\\\/\",\"url\":\"https:\\\/\\\/i0.wp.com\\\/biancamachado.com.br\\\/blog\\\/wp-content\\\/uploads\\\/2021\\\/02\\\/cropped-logo-ml.jpg?fit=278%2C100&ssl=1\",\"contentUrl\":\"https:\\\/\\\/i0.wp.com\\\/biancamachado.com.br\\\/blog\\\/wp-content\\\/uploads\\\/2021\\\/02\\\/cropped-logo-ml.jpg?fit=278%2C100&ssl=1\",\"width\":278,\"height\":100,\"caption\":\"STUDIO BIANCA MACHADO\"},\"image\":{\"@id\":\"https:\\\/\\\/biancamachado.com.br\\\/blog\\\/#\\\/schema\\\/logo\\\/image\\\/\"},\"sameAs\":[\"https:\\\/\\\/www.facebook.com\\\/Studiobiancamachado\\\/\",\"https:\\\/\\\/www.instagram.com\\\/Studiobiancamachado\\\/\"]},{\"@type\":\"Person\",\"@id\":\"https:\\\/\\\/biancamachado.com.br\\\/blog\\\/#\\\/schema\\\/person\\\/990263800ec5e9bdbbf092a2353550a1\",\"name\":\"biancamachado\",\"image\":{\"@type\":\"ImageObject\",\"inLanguage\":\"pt-BR\",\"@id\":\"https:\\\/\\\/secure.gravatar.com\\\/avatar\\\/62b1a50f2632dbc2e279c3eb55aa46cc324c969cff16a69c59756d155316542c?s=96&d=mm&r=g\",\"url\":\"https:\\\/\\\/secure.gravatar.com\\\/avatar\\\/62b1a50f2632dbc2e279c3eb55aa46cc324c969cff16a69c59756d155316542c?s=96&d=mm&r=g\",\"contentUrl\":\"https:\\\/\\\/secure.gravatar.com\\\/avatar\\\/62b1a50f2632dbc2e279c3eb55aa46cc324c969cff16a69c59756d155316542c?s=96&d=mm&r=g\",\"caption\":\"biancamachado\"},\"sameAs\":[\"https:\\\/\\\/biancamachado.com.br\\\/blog\"],\"url\":\"https:\\\/\\\/biancamachado.com.br\\\/blog\\\/author\\\/biancamachado\\\/\"}]}<\/script>\n<!-- \/ Yoast SEO plugin. -->","yoast_head_json":{"title":"Fotos de Anivers\u00e1rio no Parque Ibirapuera - Que id\u00e9ia bacana ! - STUDIO BIANCA MACHADO","robots":{"index":"index","follow":"follow","max-snippet":"max-snippet:-1","max-image-preview":"max-image-preview:large","max-video-preview":"max-video-preview:-1"},"canonical":"https:\/\/biancamachado.com.br\/blog\/fotos-de-aniversario-no-parque-ibirapuera-que-ideia-bacana\/","og_locale":"pt_BR","og_type":"article","og_title":"Fotos de Anivers\u00e1rio no Parque Ibirapuera - Que id\u00e9ia bacana ! - STUDIO BIANCA MACHADO","og_description":"Com fotografias profissionais no Parque Ibirapuera, voc\u00ea ter\u00e1 uma recorda\u00e7\u00e3o eterna desse dia especial e poder\u00e1 compartilhar essas fotos com amigos e familiares por anos e anos. Contratar um fot\u00f3grafo profissional \u00e9 uma escolha acertada para registrar esse momento especial.","og_url":"https:\/\/biancamachado.com.br\/blog\/fotos-de-aniversario-no-parque-ibirapuera-que-ideia-bacana\/","og_site_name":"STUDIO BIANCA MACHADO","article_publisher":"https:\/\/www.facebook.com\/Studiobiancamachado\/","article_published_time":"2018-02-25T00:20:00+00:00","article_modified_time":"2023-02-10T15:23:19+00:00","og_image":[{"width":632,"height":418,"url":"https:\/\/biancamachado.com.br\/blog\/wp-content\/uploads\/2018\/02\/Screenshot_25.png","type":"image\/png"}],"author":"biancamachado","twitter_card":"summary_large_image","twitter_misc":{"Escrito por":"biancamachado","Est. tempo de leitura":"3 minutos"},"schema":{"@context":"https:\/\/schema.org","@graph":[{"@type":"Article","@id":"https:\/\/biancamachado.com.br\/blog\/fotos-de-aniversario-no-parque-ibirapuera-que-ideia-bacana\/#article","isPartOf":{"@id":"https:\/\/biancamachado.com.br\/blog\/fotos-de-aniversario-no-parque-ibirapuera-que-ideia-bacana\/"},"author":{"name":"biancamachado","@id":"https:\/\/biancamachado.com.br\/blog\/#\/schema\/person\/990263800ec5e9bdbbf092a2353550a1"},"headline":"Fotos de Anivers\u00e1rio no Parque Ibirapuera &#8211; Que id\u00e9ia bacana !","datePublished":"2018-02-25T00:20:00+00:00","dateModified":"2023-02-10T15:23:19+00:00","mainEntityOfPage":{"@id":"https:\/\/biancamachado.com.br\/blog\/fotos-de-aniversario-no-parque-ibirapuera-que-ideia-bacana\/"},"wordCount":328,"commentCount":0,"publisher":{"@id":"https:\/\/biancamachado.com.br\/blog\/#organization"},"image":{"@id":"https:\/\/biancamachado.com.br\/blog\/fotos-de-aniversario-no-parque-ibirapuera-que-ideia-bacana\/#primaryimage"},"thumbnailUrl":"https:\/\/i0.wp.com\/biancamachado.com.br\/blog\/wp-content\/uploads\/2018\/02\/Screenshot_25.png?fit=632%2C418&ssl=1","keywords":["Book familia em estudio","ensaio de fotos com crian\u00e7as","fotografia profissional para familias"],"articleSection":["Book Familia Estudio","Studio Bianca Machado"],"inLanguage":"pt-BR","potentialAction":[{"@type":"CommentAction","name":"Comment","target":["https:\/\/biancamachado.com.br\/blog\/fotos-de-aniversario-no-parque-ibirapuera-que-ideia-bacana\/#respond"]}]},{"@type":"WebPage","@id":"https:\/\/biancamachado.com.br\/blog\/fotos-de-aniversario-no-parque-ibirapuera-que-ideia-bacana\/","url":"https:\/\/biancamachado.com.br\/blog\/fotos-de-aniversario-no-parque-ibirapuera-que-ideia-bacana\/","name":"Fotos de Anivers\u00e1rio no Parque Ibirapuera - Que id\u00e9ia bacana ! - STUDIO BIANCA MACHADO","isPartOf":{"@id":"https:\/\/biancamachado.com.br\/blog\/#website"},"primaryImageOfPage":{"@id":"https:\/\/biancamachado.com.br\/blog\/fotos-de-aniversario-no-parque-ibirapuera-que-ideia-bacana\/#primaryimage"},"image":{"@id":"https:\/\/biancamachado.com.br\/blog\/fotos-de-aniversario-no-parque-ibirapuera-que-ideia-bacana\/#primaryimage"},"thumbnailUrl":"https:\/\/i0.wp.com\/biancamachado.com.br\/blog\/wp-content\/uploads\/2018\/02\/Screenshot_25.png?fit=632%2C418&ssl=1","datePublished":"2018-02-25T00:20:00+00:00","dateModified":"2023-02-10T15:23:19+00:00","breadcrumb":{"@id":"https:\/\/biancamachado.com.br\/blog\/fotos-de-aniversario-no-parque-ibirapuera-que-ideia-bacana\/#breadcrumb"},"inLanguage":"pt-BR","potentialAction":[{"@type":"ReadAction","target":["https:\/\/biancamachado.com.br\/blog\/fotos-de-aniversario-no-parque-ibirapuera-que-ideia-bacana\/"]}]},{"@type":"ImageObject","inLanguage":"pt-BR","@id":"https:\/\/biancamachado.com.br\/blog\/fotos-de-aniversario-no-parque-ibirapuera-que-ideia-bacana\/#primaryimage","url":"https:\/\/i0.wp.com\/biancamachado.com.br\/blog\/wp-content\/uploads\/2018\/02\/Screenshot_25.png?fit=632%2C418&ssl=1","contentUrl":"https:\/\/i0.wp.com\/biancamachado.com.br\/blog\/wp-content\/uploads\/2018\/02\/Screenshot_25.png?fit=632%2C418&ssl=1","width":632,"height":418,"caption":"fotos de aniversario em parque"},{"@type":"BreadcrumbList","@id":"https:\/\/biancamachado.com.br\/blog\/fotos-de-aniversario-no-parque-ibirapuera-que-ideia-bacana\/#breadcrumb","itemListElement":[{"@type":"ListItem","position":1,"name":"In\u00edcio","item":"https:\/\/biancamachado.com.br\/blog\/"},{"@type":"ListItem","position":2,"name":"Fotos de Anivers\u00e1rio no Parque Ibirapuera &#8211; Que id\u00e9ia bacana !"}]},{"@type":"WebSite","@id":"https:\/\/biancamachado.com.br\/blog\/#website","url":"https:\/\/biancamachado.com.br\/blog\/","name":"STUDIO BIANCA MACHADO","description":"Estudio Fotografico, Ensaios e Books de foto profissional","publisher":{"@id":"https:\/\/biancamachado.com.br\/blog\/#organization"},"potentialAction":[{"@type":"SearchAction","target":{"@type":"EntryPoint","urlTemplate":"https:\/\/biancamachado.com.br\/blog\/?s={search_term_string}"},"query-input":{"@type":"PropertyValueSpecification","valueRequired":true,"valueName":"search_term_string"}}],"inLanguage":"pt-BR"},{"@type":"Organization","@id":"https:\/\/biancamachado.com.br\/blog\/#organization","name":"STUDIO BIANCA MACHADO","url":"https:\/\/biancamachado.com.br\/blog\/","logo":{"@type":"ImageObject","inLanguage":"pt-BR","@id":"https:\/\/biancamachado.com.br\/blog\/#\/schema\/logo\/image\/","url":"https:\/\/i0.wp.com\/biancamachado.com.br\/blog\/wp-content\/uploads\/2021\/02\/cropped-logo-ml.jpg?fit=278%2C100&ssl=1","contentUrl":"https:\/\/i0.wp.com\/biancamachado.com.br\/blog\/wp-content\/uploads\/2021\/02\/cropped-logo-ml.jpg?fit=278%2C100&ssl=1","width":278,"height":100,"caption":"STUDIO BIANCA MACHADO"},"image":{"@id":"https:\/\/biancamachado.com.br\/blog\/#\/schema\/logo\/image\/"},"sameAs":["https:\/\/www.facebook.com\/Studiobiancamachado\/","https:\/\/www.instagram.com\/Studiobiancamachado\/"]},{"@type":"Person","@id":"https:\/\/biancamachado.com.br\/blog\/#\/schema\/person\/990263800ec5e9bdbbf092a2353550a1","name":"biancamachado","image":{"@type":"ImageObject","inLanguage":"pt-BR","@id":"https:\/\/secure.gravatar.com\/avatar\/62b1a50f2632dbc2e279c3eb55aa46cc324c969cff16a69c59756d155316542c?s=96&d=mm&r=g","url":"https:\/\/secure.gravatar.com\/avatar\/62b1a50f2632dbc2e279c3eb55aa46cc324c969cff16a69c59756d155316542c?s=96&d=mm&r=g","contentUrl":"https:\/\/secure.gravatar.com\/avatar\/62b1a50f2632dbc2e279c3eb55aa46cc324c969cff16a69c59756d155316542c?s=96&d=mm&r=g","caption":"biancamachado"},"sameAs":["https:\/\/biancamachado.com.br\/blog"],"url":"https:\/\/biancamachado.com.br\/blog\/author\/biancamachado\/"}]}},"jetpack_featured_media_url":"https:\/\/i0.wp.com\/biancamachado.com.br\/blog\/wp-content\/uploads\/2018\/02\/Screenshot_25.png?fit=632%2C418&ssl=1","jetpack-related-posts":[],"jetpack_sharing_enabled":true,"_links":{"self":[{"href":"https:\/\/biancamachado.com.br\/blog\/wp-json\/wp\/v2\/posts\/32","targetHints":{"allow":["GET"]}}],"collection":[{"href":"https:\/\/biancamachado.com.br\/blog\/wp-json\/wp\/v2\/posts"}],"about":[{"href":"https:\/\/biancamachado.com.br\/blog\/wp-json\/wp\/v2\/types\/post"}],"author":[{"embeddable":true,"href":"https:\/\/biancamachado.com.br\/blog\/wp-json\/wp\/v2\/users\/1"}],"replies":[{"embeddable":true,"href":"https:\/\/biancamachado.com.br\/blog\/wp-json\/wp\/v2\/comments?post=32"}],"version-history":[{"count":2,"href":"https:\/\/biancamachado.com.br\/blog\/wp-json\/wp\/v2\/posts\/32\/revisions"}],"predecessor-version":[{"id":3199,"href":"https:\/\/biancamachado.com.br\/blog\/wp-json\/wp\/v2\/posts\/32\/revisions\/3199"}],"wp:featuredmedia":[{"embeddable":true,"href":"https:\/\/biancamachado.com.br\/blog\/wp-json\/wp\/v2\/media\/771"}],"wp:attachment":[{"href":"https:\/\/biancamachado.com.br\/blog\/wp-json\/wp\/v2\/media?parent=32"}],"wp:term":[{"taxonomy":"category","embeddable":true,"href":"https:\/\/biancamachado.com.br\/blog\/wp-json\/wp\/v2\/categories?post=32"},{"taxonomy":"post_tag","embeddable":true,"href":"https:\/\/biancamachado.com.br\/blog\/wp-json\/wp\/v2\/tags?post=32"}],"curies":[{"name":"wp","href":"https:\/\/api.w.org\/{rel}","templated":true}]}}