{"id":2999,"date":"2023-02-07T16:16:47","date_gmt":"2023-02-07T19:16:47","guid":{"rendered":"https:\/\/biancamachado.com.br\/blog\/?p=2999"},"modified":"2023-02-07T16:59:45","modified_gmt":"2023-02-07T19:59:45","slug":"destacando-habilidade-e-paixao-fotografia-profissional-para-mulheres-na-area-de-estetica","status":"publish","type":"post","link":"https:\/\/biancamachado.com.br\/blog\/destacando-habilidade-e-paixao-fotografia-profissional-para-mulheres-na-area-de-estetica\/","title":{"rendered":"Destacando habilidade e paix\u00e3o: Fotografia profissional para mulheres na \u00e1rea de est\u00e9tica"},"content":{"rendered":"\n<p>A fotografia profissional \u00e9 uma ferramenta valiosa para mulheres na \u00e1rea de est\u00e9tica que desejam destacar seu trabalho e se promover no mercado. Com a ajuda de um fot\u00f3grafo profissional, \u00e9 poss\u00edvel capturar imagens incr\u00edveis que transmitam a habilidade, a compet\u00eancia e a paix\u00e3o pelo trabalho de cada mulher na \u00e1rea de est\u00e9tica.<\/p>\n\n\n\n<p>O fot\u00f3grafo profissional ir\u00e1 realizar as fotos em um est\u00fadio, com um cen\u00e1rio controlado e ilumina\u00e7\u00e3o perfeita para destacar os melhores aspectos da mulher. Al\u00e9m disso, a fot\u00f3grafa profissional tamb\u00e9m utilizar\u00e1 t\u00e9cnicas avan\u00e7adas de edi\u00e7\u00e3o de imagem para garantir que as fotos fiquem perfeitas e transmitam a mensagem desejada.<\/p>\n\n\n\n<div class=\"wp-block-jetpack-tiled-gallery aligncenter is-style-rectangular\"><div class=\"tiled-gallery__gallery\"><div class=\"tiled-gallery__row\"><div class=\"tiled-gallery__col\" style=\"flex-basis:50.00000%\"><figure class=\"tiled-gallery__item\"><img decoding=\"async\" srcset=\"https:\/\/i2.wp.com\/biancamachado.com.br\/blog\/wp-content\/uploads\/2023\/02\/001-3-683x1024.jpg?strip=info&#038;w=600&#038;ssl=1 600w,https:\/\/i2.wp.com\/biancamachado.com.br\/blog\/wp-content\/uploads\/2023\/02\/001-3-683x1024.jpg?strip=info&#038;w=900&#038;ssl=1 900w,https:\/\/i2.wp.com\/biancamachado.com.br\/blog\/wp-content\/uploads\/2023\/02\/001-3-683x1024.jpg?strip=info&#038;w=1200&#038;ssl=1 1200w,https:\/\/i2.wp.com\/biancamachado.com.br\/blog\/wp-content\/uploads\/2023\/02\/001-3-683x1024.jpg?strip=info&#038;w=1500&#038;ssl=1 1500w,https:\/\/i2.wp.com\/biancamachado.com.br\/blog\/wp-content\/uploads\/2023\/02\/001-3-683x1024.jpg?strip=info&#038;w=1707&#038;ssl=1 1707w\" alt=\"fotografia profissional \u00e1rea est\u00e9tica\" data-height=\"2560\" data-id=\"3000\" data-link=\"https:\/\/biancamachado.com.br\/blog\/destacando-habilidade-e-paixao-fotografia-profissional-para-mulheres-na-area-de-estetica\/001-54\/\" data-url=\"https:\/\/biancamachado.com.br\/blog\/wp-content\/uploads\/2023\/02\/001-3-683x1024.jpg?v=1675797233\" data-width=\"1707\" src=\"https:\/\/i2.wp.com\/biancamachado.com.br\/blog\/wp-content\/uploads\/2023\/02\/001-3-683x1024.jpg?ssl=1\" data-amp-layout=\"responsive\"\/><\/figure><\/div><div class=\"tiled-gallery__col\" style=\"flex-basis:50.00000%\"><figure class=\"tiled-gallery__item\"><img decoding=\"async\" srcset=\"https:\/\/i1.wp.com\/biancamachado.com.br\/blog\/wp-content\/uploads\/2023\/02\/003-1-683x1024.jpg?strip=info&#038;w=600&#038;ssl=1 600w,https:\/\/i1.wp.com\/biancamachado.com.br\/blog\/wp-content\/uploads\/2023\/02\/003-1-683x1024.jpg?strip=info&#038;w=900&#038;ssl=1 900w,https:\/\/i1.wp.com\/biancamachado.com.br\/blog\/wp-content\/uploads\/2023\/02\/003-1-683x1024.jpg?strip=info&#038;w=1200&#038;ssl=1 1200w,https:\/\/i1.wp.com\/biancamachado.com.br\/blog\/wp-content\/uploads\/2023\/02\/003-1-683x1024.jpg?strip=info&#038;w=1500&#038;ssl=1 1500w,https:\/\/i1.wp.com\/biancamachado.com.br\/blog\/wp-content\/uploads\/2023\/02\/003-1-683x1024.jpg?strip=info&#038;w=1707&#038;ssl=1 1707w\" alt=\"foto perfil profissional\" data-height=\"2560\" data-id=\"3002\" data-link=\"https:\/\/biancamachado.com.br\/blog\/destacando-habilidade-e-paixao-fotografia-profissional-para-mulheres-na-area-de-estetica\/003-49\/\" data-url=\"https:\/\/biancamachado.com.br\/blog\/wp-content\/uploads\/2023\/02\/003-1-683x1024.jpg?v=1675797246\" data-width=\"1707\" src=\"https:\/\/i1.wp.com\/biancamachado.com.br\/blog\/wp-content\/uploads\/2023\/02\/003-1-683x1024.jpg?ssl=1\" data-amp-layout=\"responsive\"\/><\/figure><\/div><\/div><div class=\"tiled-gallery__row\"><div class=\"tiled-gallery__col\" style=\"flex-basis:66.78742%\"><figure class=\"tiled-gallery__item\"><img decoding=\"async\" srcset=\"https:\/\/i2.wp.com\/biancamachado.com.br\/blog\/wp-content\/uploads\/2023\/02\/019-1024x683.jpg?strip=info&#038;w=600&#038;ssl=1 600w,https:\/\/i2.wp.com\/biancamachado.com.br\/blog\/wp-content\/uploads\/2023\/02\/019-1024x683.jpg?strip=info&#038;w=900&#038;ssl=1 900w,https:\/\/i2.wp.com\/biancamachado.com.br\/blog\/wp-content\/uploads\/2023\/02\/019-1024x683.jpg?strip=info&#038;w=1200&#038;ssl=1 1200w,https:\/\/i2.wp.com\/biancamachado.com.br\/blog\/wp-content\/uploads\/2023\/02\/019-1024x683.jpg?strip=info&#038;w=1500&#038;ssl=1 1500w,https:\/\/i2.wp.com\/biancamachado.com.br\/blog\/wp-content\/uploads\/2023\/02\/019-1024x683.jpg?strip=info&#038;w=1800&#038;ssl=1 1800w,https:\/\/i2.wp.com\/biancamachado.com.br\/blog\/wp-content\/uploads\/2023\/02\/019-1024x683.jpg?strip=info&#038;w=2000&#038;ssl=1 2000w\" alt=\"fotos para linkedin est\u00e9tica\" data-height=\"1707\" data-id=\"3003\" data-link=\"https:\/\/biancamachado.com.br\/blog\/destacando-habilidade-e-paixao-fotografia-profissional-para-mulheres-na-area-de-estetica\/019-11\/\" data-url=\"https:\/\/biancamachado.com.br\/blog\/wp-content\/uploads\/2023\/02\/019-1024x683.jpg?v=1675797259\" data-width=\"2560\" src=\"https:\/\/i2.wp.com\/biancamachado.com.br\/blog\/wp-content\/uploads\/2023\/02\/019-1024x683.jpg?ssl=1\" data-amp-layout=\"responsive\"\/><\/figure><\/div><div class=\"tiled-gallery__col\" style=\"flex-basis:33.21258%\"><figure class=\"tiled-gallery__item\"><img decoding=\"async\" srcset=\"https:\/\/i0.wp.com\/biancamachado.com.br\/blog\/wp-content\/uploads\/2023\/02\/032-1024x683.jpg?strip=info&#038;w=600&#038;ssl=1 600w,https:\/\/i0.wp.com\/biancamachado.com.br\/blog\/wp-content\/uploads\/2023\/02\/032-1024x683.jpg?strip=info&#038;w=900&#038;ssl=1 900w,https:\/\/i0.wp.com\/biancamachado.com.br\/blog\/wp-content\/uploads\/2023\/02\/032-1024x683.jpg?strip=info&#038;w=1200&#038;ssl=1 1200w,https:\/\/i0.wp.com\/biancamachado.com.br\/blog\/wp-content\/uploads\/2023\/02\/032-1024x683.jpg?strip=info&#038;w=1500&#038;ssl=1 1500w,https:\/\/i0.wp.com\/biancamachado.com.br\/blog\/wp-content\/uploads\/2023\/02\/032-1024x683.jpg?strip=info&#038;w=1800&#038;ssl=1 1800w,https:\/\/i0.wp.com\/biancamachado.com.br\/blog\/wp-content\/uploads\/2023\/02\/032-1024x683.jpg?strip=info&#038;w=2000&#038;ssl=1 2000w\" alt=\"poses para fotografia profissional area est\u00e9tica\" data-height=\"1707\" data-id=\"3004\" data-link=\"https:\/\/biancamachado.com.br\/blog\/destacando-habilidade-e-paixao-fotografia-profissional-para-mulheres-na-area-de-estetica\/032-3\/\" data-url=\"https:\/\/biancamachado.com.br\/blog\/wp-content\/uploads\/2023\/02\/032-1024x683.jpg?v=1675797272\" data-width=\"2560\" src=\"https:\/\/i0.wp.com\/biancamachado.com.br\/blog\/wp-content\/uploads\/2023\/02\/032-1024x683.jpg?ssl=1\" data-amp-layout=\"responsive\"\/><\/figure><figure class=\"tiled-gallery__item\"><img decoding=\"async\" srcset=\"https:\/\/i1.wp.com\/biancamachado.com.br\/blog\/wp-content\/uploads\/2023\/02\/034-1024x683.jpg?strip=info&#038;w=600&#038;ssl=1 600w,https:\/\/i1.wp.com\/biancamachado.com.br\/blog\/wp-content\/uploads\/2023\/02\/034-1024x683.jpg?strip=info&#038;w=900&#038;ssl=1 900w,https:\/\/i1.wp.com\/biancamachado.com.br\/blog\/wp-content\/uploads\/2023\/02\/034-1024x683.jpg?strip=info&#038;w=1200&#038;ssl=1 1200w,https:\/\/i1.wp.com\/biancamachado.com.br\/blog\/wp-content\/uploads\/2023\/02\/034-1024x683.jpg?strip=info&#038;w=1500&#038;ssl=1 1500w,https:\/\/i1.wp.com\/biancamachado.com.br\/blog\/wp-content\/uploads\/2023\/02\/034-1024x683.jpg?strip=info&#038;w=1800&#038;ssl=1 1800w,https:\/\/i1.wp.com\/biancamachado.com.br\/blog\/wp-content\/uploads\/2023\/02\/034-1024x683.jpg?strip=info&#038;w=2000&#038;ssl=1 2000w\" alt=\"fotografia corporativa\" data-height=\"1707\" data-id=\"3005\" data-link=\"https:\/\/biancamachado.com.br\/blog\/destacando-habilidade-e-paixao-fotografia-profissional-para-mulheres-na-area-de-estetica\/034-4\/\" data-url=\"https:\/\/biancamachado.com.br\/blog\/wp-content\/uploads\/2023\/02\/034-1024x683.jpg?v=1675797286\" data-width=\"2560\" src=\"https:\/\/i1.wp.com\/biancamachado.com.br\/blog\/wp-content\/uploads\/2023\/02\/034-1024x683.jpg?ssl=1\" data-amp-layout=\"responsive\"\/><\/figure><\/div><\/div><div class=\"tiled-gallery__row\"><div class=\"tiled-gallery__col\" style=\"flex-basis:100.00000%\"><figure class=\"tiled-gallery__item\"><img decoding=\"async\" srcset=\"https:\/\/i1.wp.com\/biancamachado.com.br\/blog\/wp-content\/uploads\/2023\/02\/063-1024x683.jpg?strip=info&#038;w=600&#038;ssl=1 600w,https:\/\/i1.wp.com\/biancamachado.com.br\/blog\/wp-content\/uploads\/2023\/02\/063-1024x683.jpg?strip=info&#038;w=900&#038;ssl=1 900w,https:\/\/i1.wp.com\/biancamachado.com.br\/blog\/wp-content\/uploads\/2023\/02\/063-1024x683.jpg?strip=info&#038;w=1200&#038;ssl=1 1200w,https:\/\/i1.wp.com\/biancamachado.com.br\/blog\/wp-content\/uploads\/2023\/02\/063-1024x683.jpg?strip=info&#038;w=1500&#038;ssl=1 1500w,https:\/\/i1.wp.com\/biancamachado.com.br\/blog\/wp-content\/uploads\/2023\/02\/063-1024x683.jpg?strip=info&#038;w=1800&#038;ssl=1 1800w,https:\/\/i1.wp.com\/biancamachado.com.br\/blog\/wp-content\/uploads\/2023\/02\/063-1024x683.jpg?strip=info&#038;w=2000&#038;ssl=1 2000w\" alt=\"retrato profissional feminino\" data-height=\"1707\" data-id=\"3006\" data-link=\"https:\/\/biancamachado.com.br\/blog\/destacando-habilidade-e-paixao-fotografia-profissional-para-mulheres-na-area-de-estetica\/063-6\/\" data-url=\"https:\/\/biancamachado.com.br\/blog\/wp-content\/uploads\/2023\/02\/063-1024x683.jpg?v=1675797299\" data-width=\"2560\" src=\"https:\/\/i1.wp.com\/biancamachado.com.br\/blog\/wp-content\/uploads\/2023\/02\/063-1024x683.jpg?ssl=1\" data-amp-layout=\"responsive\"\/><\/figure><\/div><\/div><\/div><\/div>\n\n\n\n<p>A fotografia profissional \u00e9 uma importante ferramenta de marketing pessoal para mulheres na \u00e1rea de est\u00e9tica. As fotos ser\u00e3o usadas para promover o trabalho de cada mulher e atrair novos clientes, e ser\u00e3o um registro precioso de sua habilidade e compet\u00eancia como profissional.<\/p>\n\n\n\n<p>O trabalho realizado por um fot\u00f3grafo profissional para fotografia profissional de mulheres na \u00e1rea de est\u00e9tica ser\u00e1 um sucesso, e ir\u00e1 destacar sua presen\u00e7a no mercado e transmitir sua paix\u00e3o e dedica\u00e7\u00e3o pelo trabalho. \u00c9 importante investir em uma fotografia profissional para ter imagens de alta qualidade e se promover de maneira eficiente e atraente no mercado de trabalho.<\/p>\nVisite tamb\u00e9m nosso site: www.biancamachado.com.br\r\n(11) 97107-1018\r\n\r\nAtendemos as regi\u00f5es de S\u00e3o Paulo, Sorocaba, Ibi\u00fana, Piedade, Votorantim, Cotia, Itupeva, Jundia\u00ed, It\u00fa e Campinas","protected":false},"excerpt":{"rendered":"<p>A fotografia profissional \u00e9 uma<\/p>\n","protected":false},"author":1,"featured_media":3004,"comment_status":"open","ping_status":"open","sticky":false,"template":"","format":"standard","meta":{"_monsterinsights_skip_tracking":false,"_monsterinsights_sitenote_active":false,"_monsterinsights_sitenote_note":"","_monsterinsights_sitenote_category":0,"jetpack_post_was_ever_published":false,"_jetpack_newsletter_access":"","_jetpack_dont_email_post_to_subs":false,"_jetpack_newsletter_tier_id":0,"_jetpack_memberships_contains_paywalled_content":false,"_jetpack_memberships_contains_paid_content":false,"_joinchat":[],"footnotes":""},"categories":[297],"tags":[516,504,507,501,356,494,477,498,514,511,515,512,480,484],"class_list":["post-2999","post","type-post","status-publish","format-standard","has-post-thumbnail","hentry","category-linkedin-retrato-profisional","tag-area-de-estetica","tag-cenario-controlado","tag-competencia","tag-edicao-de-imagem","tag-fotografia-profissional","tag-fotografo-profissional","tag-habilidade","tag-iluminacao-perfeita","tag-marketing-pessoal","tag-mensagem-desejada","tag-mulheres","tag-promover-imagem","tag-registro-precioso","tag-sucesso"],"yoast_head":"<!-- This site is optimized with the Yoast SEO plugin v27.4 - https:\/\/yoast.com\/product\/yoast-seo-wordpress\/ -->\n<title>Destacando habilidade e paix\u00e3o: Fotografia profissional para mulheres na \u00e1rea de est\u00e9tica - STUDIO BIANCA MACHADO<\/title>\n<meta name=\"robots\" content=\"index, follow, max-snippet:-1, max-image-preview:large, max-video-preview:-1\" \/>\n<link rel=\"canonical\" href=\"https:\/\/biancamachado.com.br\/blog\/destacando-habilidade-e-paixao-fotografia-profissional-para-mulheres-na-area-de-estetica\/\" \/>\n<meta property=\"og:locale\" content=\"pt_BR\" \/>\n<meta property=\"og:type\" content=\"article\" \/>\n<meta property=\"og:title\" content=\"Destacando habilidade e paix\u00e3o: Fotografia profissional para mulheres na \u00e1rea de est\u00e9tica - STUDIO BIANCA MACHADO\" \/>\n<meta property=\"og:description\" content=\"A fotografia profissional \u00e9 uma\" \/>\n<meta property=\"og:url\" content=\"https:\/\/biancamachado.com.br\/blog\/destacando-habilidade-e-paixao-fotografia-profissional-para-mulheres-na-area-de-estetica\/\" \/>\n<meta property=\"og:site_name\" content=\"STUDIO BIANCA MACHADO\" \/>\n<meta property=\"article:publisher\" content=\"https:\/\/www.facebook.com\/Studiobiancamachado\/\" \/>\n<meta property=\"article:published_time\" content=\"2023-02-07T19:16:47+00:00\" \/>\n<meta property=\"article:modified_time\" content=\"2023-02-07T19:59:45+00:00\" \/>\n<meta property=\"og:image\" content=\"https:\/\/biancamachado.com.br\/blog\/wp-content\/uploads\/2023\/02\/032-scaled.jpg?v=1675797272\" \/>\n\t<meta property=\"og:image:width\" content=\"2560\" \/>\n\t<meta property=\"og:image:height\" content=\"1707\" \/>\n\t<meta property=\"og:image:type\" content=\"image\/jpeg\" \/>\n<meta name=\"author\" content=\"biancamachado\" \/>\n<meta name=\"twitter:card\" content=\"summary_large_image\" \/>\n<meta name=\"twitter:label1\" content=\"Escrito por\" \/>\n\t<meta name=\"twitter:data1\" content=\"biancamachado\" \/>\n\t<meta name=\"twitter:label2\" content=\"Est. tempo de leitura\" \/>\n\t<meta name=\"twitter:data2\" content=\"3 minutos\" \/>\n<script type=\"application\/ld+json\" class=\"yoast-schema-graph\">{\"@context\":\"https:\\\/\\\/schema.org\",\"@graph\":[{\"@type\":\"Article\",\"@id\":\"https:\\\/\\\/biancamachado.com.br\\\/blog\\\/destacando-habilidade-e-paixao-fotografia-profissional-para-mulheres-na-area-de-estetica\\\/#article\",\"isPartOf\":{\"@id\":\"https:\\\/\\\/biancamachado.com.br\\\/blog\\\/destacando-habilidade-e-paixao-fotografia-profissional-para-mulheres-na-area-de-estetica\\\/\"},\"author\":{\"name\":\"biancamachado\",\"@id\":\"https:\\\/\\\/biancamachado.com.br\\\/blog\\\/#\\\/schema\\\/person\\\/990263800ec5e9bdbbf092a2353550a1\"},\"headline\":\"Destacando habilidade e paix\u00e3o: Fotografia profissional para mulheres na \u00e1rea de est\u00e9tica\",\"datePublished\":\"2023-02-07T19:16:47+00:00\",\"dateModified\":\"2023-02-07T19:59:45+00:00\",\"mainEntityOfPage\":{\"@id\":\"https:\\\/\\\/biancamachado.com.br\\\/blog\\\/destacando-habilidade-e-paixao-fotografia-profissional-para-mulheres-na-area-de-estetica\\\/\"},\"wordCount\":240,\"commentCount\":0,\"publisher\":{\"@id\":\"https:\\\/\\\/biancamachado.com.br\\\/blog\\\/#organization\"},\"image\":{\"@id\":\"https:\\\/\\\/biancamachado.com.br\\\/blog\\\/destacando-habilidade-e-paixao-fotografia-profissional-para-mulheres-na-area-de-estetica\\\/#primaryimage\"},\"thumbnailUrl\":\"https:\\\/\\\/i0.wp.com\\\/biancamachado.com.br\\\/blog\\\/wp-content\\\/uploads\\\/2023\\\/02\\\/032-scaled.jpg?fit=2560%2C1707&ssl=1?v=1675797272\",\"keywords\":[\"\u00e1rea de est\u00e9tica\",\"Cen\u00e1rio Controlado\",\"compet\u00eancia\",\"Edi\u00e7\u00e3o de Imagem\",\"fotografia profissional\",\"Fot\u00f3grafo Profissional\",\"Habilidade\",\"Ilumina\u00e7\u00e3o Perfeita\",\"marketing pessoal\",\"mensagem desejada\",\"mulheres\",\"promover imagem\",\"Registro Precioso\",\"Sucesso\"],\"articleSection\":[\"Linkedin Retrato Profisional\"],\"inLanguage\":\"pt-BR\",\"potentialAction\":[{\"@type\":\"CommentAction\",\"name\":\"Comment\",\"target\":[\"https:\\\/\\\/biancamachado.com.br\\\/blog\\\/destacando-habilidade-e-paixao-fotografia-profissional-para-mulheres-na-area-de-estetica\\\/#respond\"]}]},{\"@type\":\"WebPage\",\"@id\":\"https:\\\/\\\/biancamachado.com.br\\\/blog\\\/destacando-habilidade-e-paixao-fotografia-profissional-para-mulheres-na-area-de-estetica\\\/\",\"url\":\"https:\\\/\\\/biancamachado.com.br\\\/blog\\\/destacando-habilidade-e-paixao-fotografia-profissional-para-mulheres-na-area-de-estetica\\\/\",\"name\":\"Destacando habilidade e paix\u00e3o: Fotografia profissional para mulheres na \u00e1rea de est\u00e9tica - STUDIO BIANCA MACHADO\",\"isPartOf\":{\"@id\":\"https:\\\/\\\/biancamachado.com.br\\\/blog\\\/#website\"},\"primaryImageOfPage\":{\"@id\":\"https:\\\/\\\/biancamachado.com.br\\\/blog\\\/destacando-habilidade-e-paixao-fotografia-profissional-para-mulheres-na-area-de-estetica\\\/#primaryimage\"},\"image\":{\"@id\":\"https:\\\/\\\/biancamachado.com.br\\\/blog\\\/destacando-habilidade-e-paixao-fotografia-profissional-para-mulheres-na-area-de-estetica\\\/#primaryimage\"},\"thumbnailUrl\":\"https:\\\/\\\/i0.wp.com\\\/biancamachado.com.br\\\/blog\\\/wp-content\\\/uploads\\\/2023\\\/02\\\/032-scaled.jpg?fit=2560%2C1707&ssl=1?v=1675797272\",\"datePublished\":\"2023-02-07T19:16:47+00:00\",\"dateModified\":\"2023-02-07T19:59:45+00:00\",\"breadcrumb\":{\"@id\":\"https:\\\/\\\/biancamachado.com.br\\\/blog\\\/destacando-habilidade-e-paixao-fotografia-profissional-para-mulheres-na-area-de-estetica\\\/#breadcrumb\"},\"inLanguage\":\"pt-BR\",\"potentialAction\":[{\"@type\":\"ReadAction\",\"target\":[\"https:\\\/\\\/biancamachado.com.br\\\/blog\\\/destacando-habilidade-e-paixao-fotografia-profissional-para-mulheres-na-area-de-estetica\\\/\"]}]},{\"@type\":\"ImageObject\",\"inLanguage\":\"pt-BR\",\"@id\":\"https:\\\/\\\/biancamachado.com.br\\\/blog\\\/destacando-habilidade-e-paixao-fotografia-profissional-para-mulheres-na-area-de-estetica\\\/#primaryimage\",\"url\":\"https:\\\/\\\/i0.wp.com\\\/biancamachado.com.br\\\/blog\\\/wp-content\\\/uploads\\\/2023\\\/02\\\/032-scaled.jpg?fit=2560%2C1707&ssl=1?v=1675797272\",\"contentUrl\":\"https:\\\/\\\/i0.wp.com\\\/biancamachado.com.br\\\/blog\\\/wp-content\\\/uploads\\\/2023\\\/02\\\/032-scaled.jpg?fit=2560%2C1707&ssl=1?v=1675797272\",\"width\":2560,\"height\":1707,\"caption\":\"poses para fotografia profissional area est\u00e9tica\"},{\"@type\":\"BreadcrumbList\",\"@id\":\"https:\\\/\\\/biancamachado.com.br\\\/blog\\\/destacando-habilidade-e-paixao-fotografia-profissional-para-mulheres-na-area-de-estetica\\\/#breadcrumb\",\"itemListElement\":[{\"@type\":\"ListItem\",\"position\":1,\"name\":\"In\u00edcio\",\"item\":\"https:\\\/\\\/biancamachado.com.br\\\/blog\\\/\"},{\"@type\":\"ListItem\",\"position\":2,\"name\":\"Destacando habilidade e paix\u00e3o: Fotografia profissional para mulheres na \u00e1rea de est\u00e9tica\"}]},{\"@type\":\"WebSite\",\"@id\":\"https:\\\/\\\/biancamachado.com.br\\\/blog\\\/#website\",\"url\":\"https:\\\/\\\/biancamachado.com.br\\\/blog\\\/\",\"name\":\"STUDIO BIANCA MACHADO\",\"description\":\"Estudio Fotografico, Ensaios e Books de foto profissional\",\"publisher\":{\"@id\":\"https:\\\/\\\/biancamachado.com.br\\\/blog\\\/#organization\"},\"potentialAction\":[{\"@type\":\"SearchAction\",\"target\":{\"@type\":\"EntryPoint\",\"urlTemplate\":\"https:\\\/\\\/biancamachado.com.br\\\/blog\\\/?s={search_term_string}\"},\"query-input\":{\"@type\":\"PropertyValueSpecification\",\"valueRequired\":true,\"valueName\":\"search_term_string\"}}],\"inLanguage\":\"pt-BR\"},{\"@type\":\"Organization\",\"@id\":\"https:\\\/\\\/biancamachado.com.br\\\/blog\\\/#organization\",\"name\":\"STUDIO BIANCA MACHADO\",\"url\":\"https:\\\/\\\/biancamachado.com.br\\\/blog\\\/\",\"logo\":{\"@type\":\"ImageObject\",\"inLanguage\":\"pt-BR\",\"@id\":\"https:\\\/\\\/biancamachado.com.br\\\/blog\\\/#\\\/schema\\\/logo\\\/image\\\/\",\"url\":\"https:\\\/\\\/i0.wp.com\\\/biancamachado.com.br\\\/blog\\\/wp-content\\\/uploads\\\/2021\\\/02\\\/cropped-logo-ml.jpg?fit=278%2C100&ssl=1\",\"contentUrl\":\"https:\\\/\\\/i0.wp.com\\\/biancamachado.com.br\\\/blog\\\/wp-content\\\/uploads\\\/2021\\\/02\\\/cropped-logo-ml.jpg?fit=278%2C100&ssl=1\",\"width\":278,\"height\":100,\"caption\":\"STUDIO BIANCA MACHADO\"},\"image\":{\"@id\":\"https:\\\/\\\/biancamachado.com.br\\\/blog\\\/#\\\/schema\\\/logo\\\/image\\\/\"},\"sameAs\":[\"https:\\\/\\\/www.facebook.com\\\/Studiobiancamachado\\\/\",\"https:\\\/\\\/www.instagram.com\\\/Studiobiancamachado\\\/\"]},{\"@type\":\"Person\",\"@id\":\"https:\\\/\\\/biancamachado.com.br\\\/blog\\\/#\\\/schema\\\/person\\\/990263800ec5e9bdbbf092a2353550a1\",\"name\":\"biancamachado\",\"image\":{\"@type\":\"ImageObject\",\"inLanguage\":\"pt-BR\",\"@id\":\"https:\\\/\\\/secure.gravatar.com\\\/avatar\\\/62b1a50f2632dbc2e279c3eb55aa46cc324c969cff16a69c59756d155316542c?s=96&d=mm&r=g\",\"url\":\"https:\\\/\\\/secure.gravatar.com\\\/avatar\\\/62b1a50f2632dbc2e279c3eb55aa46cc324c969cff16a69c59756d155316542c?s=96&d=mm&r=g\",\"contentUrl\":\"https:\\\/\\\/secure.gravatar.com\\\/avatar\\\/62b1a50f2632dbc2e279c3eb55aa46cc324c969cff16a69c59756d155316542c?s=96&d=mm&r=g\",\"caption\":\"biancamachado\"},\"sameAs\":[\"https:\\\/\\\/biancamachado.com.br\\\/blog\"],\"url\":\"https:\\\/\\\/biancamachado.com.br\\\/blog\\\/author\\\/biancamachado\\\/\"}]}<\/script>\n<!-- \/ Yoast SEO plugin. -->","yoast_head_json":{"title":"Destacando habilidade e paix\u00e3o: Fotografia profissional para mulheres na \u00e1rea de est\u00e9tica - STUDIO BIANCA MACHADO","robots":{"index":"index","follow":"follow","max-snippet":"max-snippet:-1","max-image-preview":"max-image-preview:large","max-video-preview":"max-video-preview:-1"},"canonical":"https:\/\/biancamachado.com.br\/blog\/destacando-habilidade-e-paixao-fotografia-profissional-para-mulheres-na-area-de-estetica\/","og_locale":"pt_BR","og_type":"article","og_title":"Destacando habilidade e paix\u00e3o: Fotografia profissional para mulheres na \u00e1rea de est\u00e9tica - STUDIO BIANCA MACHADO","og_description":"A fotografia profissional \u00e9 uma","og_url":"https:\/\/biancamachado.com.br\/blog\/destacando-habilidade-e-paixao-fotografia-profissional-para-mulheres-na-area-de-estetica\/","og_site_name":"STUDIO BIANCA MACHADO","article_publisher":"https:\/\/www.facebook.com\/Studiobiancamachado\/","article_published_time":"2023-02-07T19:16:47+00:00","article_modified_time":"2023-02-07T19:59:45+00:00","og_image":[{"width":2560,"height":1707,"url":"https:\/\/biancamachado.com.br\/blog\/wp-content\/uploads\/2023\/02\/032-scaled.jpg?v=1675797272","type":"image\/jpeg"}],"author":"biancamachado","twitter_card":"summary_large_image","twitter_misc":{"Escrito por":"biancamachado","Est. tempo de leitura":"3 minutos"},"schema":{"@context":"https:\/\/schema.org","@graph":[{"@type":"Article","@id":"https:\/\/biancamachado.com.br\/blog\/destacando-habilidade-e-paixao-fotografia-profissional-para-mulheres-na-area-de-estetica\/#article","isPartOf":{"@id":"https:\/\/biancamachado.com.br\/blog\/destacando-habilidade-e-paixao-fotografia-profissional-para-mulheres-na-area-de-estetica\/"},"author":{"name":"biancamachado","@id":"https:\/\/biancamachado.com.br\/blog\/#\/schema\/person\/990263800ec5e9bdbbf092a2353550a1"},"headline":"Destacando habilidade e paix\u00e3o: Fotografia profissional para mulheres na \u00e1rea de est\u00e9tica","datePublished":"2023-02-07T19:16:47+00:00","dateModified":"2023-02-07T19:59:45+00:00","mainEntityOfPage":{"@id":"https:\/\/biancamachado.com.br\/blog\/destacando-habilidade-e-paixao-fotografia-profissional-para-mulheres-na-area-de-estetica\/"},"wordCount":240,"commentCount":0,"publisher":{"@id":"https:\/\/biancamachado.com.br\/blog\/#organization"},"image":{"@id":"https:\/\/biancamachado.com.br\/blog\/destacando-habilidade-e-paixao-fotografia-profissional-para-mulheres-na-area-de-estetica\/#primaryimage"},"thumbnailUrl":"https:\/\/i0.wp.com\/biancamachado.com.br\/blog\/wp-content\/uploads\/2023\/02\/032-scaled.jpg?fit=2560%2C1707&ssl=1?v=1675797272","keywords":["\u00e1rea de est\u00e9tica","Cen\u00e1rio Controlado","compet\u00eancia","Edi\u00e7\u00e3o de Imagem","fotografia profissional","Fot\u00f3grafo Profissional","Habilidade","Ilumina\u00e7\u00e3o Perfeita","marketing pessoal","mensagem desejada","mulheres","promover imagem","Registro Precioso","Sucesso"],"articleSection":["Linkedin Retrato Profisional"],"inLanguage":"pt-BR","potentialAction":[{"@type":"CommentAction","name":"Comment","target":["https:\/\/biancamachado.com.br\/blog\/destacando-habilidade-e-paixao-fotografia-profissional-para-mulheres-na-area-de-estetica\/#respond"]}]},{"@type":"WebPage","@id":"https:\/\/biancamachado.com.br\/blog\/destacando-habilidade-e-paixao-fotografia-profissional-para-mulheres-na-area-de-estetica\/","url":"https:\/\/biancamachado.com.br\/blog\/destacando-habilidade-e-paixao-fotografia-profissional-para-mulheres-na-area-de-estetica\/","name":"Destacando habilidade e paix\u00e3o: Fotografia profissional para mulheres na \u00e1rea de est\u00e9tica - STUDIO BIANCA MACHADO","isPartOf":{"@id":"https:\/\/biancamachado.com.br\/blog\/#website"},"primaryImageOfPage":{"@id":"https:\/\/biancamachado.com.br\/blog\/destacando-habilidade-e-paixao-fotografia-profissional-para-mulheres-na-area-de-estetica\/#primaryimage"},"image":{"@id":"https:\/\/biancamachado.com.br\/blog\/destacando-habilidade-e-paixao-fotografia-profissional-para-mulheres-na-area-de-estetica\/#primaryimage"},"thumbnailUrl":"https:\/\/i0.wp.com\/biancamachado.com.br\/blog\/wp-content\/uploads\/2023\/02\/032-scaled.jpg?fit=2560%2C1707&ssl=1?v=1675797272","datePublished":"2023-02-07T19:16:47+00:00","dateModified":"2023-02-07T19:59:45+00:00","breadcrumb":{"@id":"https:\/\/biancamachado.com.br\/blog\/destacando-habilidade-e-paixao-fotografia-profissional-para-mulheres-na-area-de-estetica\/#breadcrumb"},"inLanguage":"pt-BR","potentialAction":[{"@type":"ReadAction","target":["https:\/\/biancamachado.com.br\/blog\/destacando-habilidade-e-paixao-fotografia-profissional-para-mulheres-na-area-de-estetica\/"]}]},{"@type":"ImageObject","inLanguage":"pt-BR","@id":"https:\/\/biancamachado.com.br\/blog\/destacando-habilidade-e-paixao-fotografia-profissional-para-mulheres-na-area-de-estetica\/#primaryimage","url":"https:\/\/i0.wp.com\/biancamachado.com.br\/blog\/wp-content\/uploads\/2023\/02\/032-scaled.jpg?fit=2560%2C1707&ssl=1?v=1675797272","contentUrl":"https:\/\/i0.wp.com\/biancamachado.com.br\/blog\/wp-content\/uploads\/2023\/02\/032-scaled.jpg?fit=2560%2C1707&ssl=1?v=1675797272","width":2560,"height":1707,"caption":"poses para fotografia profissional area est\u00e9tica"},{"@type":"BreadcrumbList","@id":"https:\/\/biancamachado.com.br\/blog\/destacando-habilidade-e-paixao-fotografia-profissional-para-mulheres-na-area-de-estetica\/#breadcrumb","itemListElement":[{"@type":"ListItem","position":1,"name":"In\u00edcio","item":"https:\/\/biancamachado.com.br\/blog\/"},{"@type":"ListItem","position":2,"name":"Destacando habilidade e paix\u00e3o: Fotografia profissional para mulheres na \u00e1rea de est\u00e9tica"}]},{"@type":"WebSite","@id":"https:\/\/biancamachado.com.br\/blog\/#website","url":"https:\/\/biancamachado.com.br\/blog\/","name":"STUDIO BIANCA MACHADO","description":"Estudio Fotografico, Ensaios e Books de foto profissional","publisher":{"@id":"https:\/\/biancamachado.com.br\/blog\/#organization"},"potentialAction":[{"@type":"SearchAction","target":{"@type":"EntryPoint","urlTemplate":"https:\/\/biancamachado.com.br\/blog\/?s={search_term_string}"},"query-input":{"@type":"PropertyValueSpecification","valueRequired":true,"valueName":"search_term_string"}}],"inLanguage":"pt-BR"},{"@type":"Organization","@id":"https:\/\/biancamachado.com.br\/blog\/#organization","name":"STUDIO BIANCA MACHADO","url":"https:\/\/biancamachado.com.br\/blog\/","logo":{"@type":"ImageObject","inLanguage":"pt-BR","@id":"https:\/\/biancamachado.com.br\/blog\/#\/schema\/logo\/image\/","url":"https:\/\/i0.wp.com\/biancamachado.com.br\/blog\/wp-content\/uploads\/2021\/02\/cropped-logo-ml.jpg?fit=278%2C100&ssl=1","contentUrl":"https:\/\/i0.wp.com\/biancamachado.com.br\/blog\/wp-content\/uploads\/2021\/02\/cropped-logo-ml.jpg?fit=278%2C100&ssl=1","width":278,"height":100,"caption":"STUDIO BIANCA MACHADO"},"image":{"@id":"https:\/\/biancamachado.com.br\/blog\/#\/schema\/logo\/image\/"},"sameAs":["https:\/\/www.facebook.com\/Studiobiancamachado\/","https:\/\/www.instagram.com\/Studiobiancamachado\/"]},{"@type":"Person","@id":"https:\/\/biancamachado.com.br\/blog\/#\/schema\/person\/990263800ec5e9bdbbf092a2353550a1","name":"biancamachado","image":{"@type":"ImageObject","inLanguage":"pt-BR","@id":"https:\/\/secure.gravatar.com\/avatar\/62b1a50f2632dbc2e279c3eb55aa46cc324c969cff16a69c59756d155316542c?s=96&d=mm&r=g","url":"https:\/\/secure.gravatar.com\/avatar\/62b1a50f2632dbc2e279c3eb55aa46cc324c969cff16a69c59756d155316542c?s=96&d=mm&r=g","contentUrl":"https:\/\/secure.gravatar.com\/avatar\/62b1a50f2632dbc2e279c3eb55aa46cc324c969cff16a69c59756d155316542c?s=96&d=mm&r=g","caption":"biancamachado"},"sameAs":["https:\/\/biancamachado.com.br\/blog"],"url":"https:\/\/biancamachado.com.br\/blog\/author\/biancamachado\/"}]}},"jetpack_featured_media_url":"https:\/\/i0.wp.com\/biancamachado.com.br\/blog\/wp-content\/uploads\/2023\/02\/032-scaled.jpg?fit=2560%2C1707&ssl=1?v=1675797272","jetpack-related-posts":[],"jetpack_sharing_enabled":true,"_links":{"self":[{"href":"https:\/\/biancamachado.com.br\/blog\/wp-json\/wp\/v2\/posts\/2999","targetHints":{"allow":["GET"]}}],"collection":[{"href":"https:\/\/biancamachado.com.br\/blog\/wp-json\/wp\/v2\/posts"}],"about":[{"href":"https:\/\/biancamachado.com.br\/blog\/wp-json\/wp\/v2\/types\/post"}],"author":[{"embeddable":true,"href":"https:\/\/biancamachado.com.br\/blog\/wp-json\/wp\/v2\/users\/1"}],"replies":[{"embeddable":true,"href":"https:\/\/biancamachado.com.br\/blog\/wp-json\/wp\/v2\/comments?post=2999"}],"version-history":[{"count":2,"href":"https:\/\/biancamachado.com.br\/blog\/wp-json\/wp\/v2\/posts\/2999\/revisions"}],"predecessor-version":[{"id":3040,"href":"https:\/\/biancamachado.com.br\/blog\/wp-json\/wp\/v2\/posts\/2999\/revisions\/3040"}],"wp:featuredmedia":[{"embeddable":true,"href":"https:\/\/biancamachado.com.br\/blog\/wp-json\/wp\/v2\/media\/3004"}],"wp:attachment":[{"href":"https:\/\/biancamachado.com.br\/blog\/wp-json\/wp\/v2\/media?parent=2999"}],"wp:term":[{"taxonomy":"category","embeddable":true,"href":"https:\/\/biancamachado.com.br\/blog\/wp-json\/wp\/v2\/categories?post=2999"},{"taxonomy":"post_tag","embeddable":true,"href":"https:\/\/biancamachado.com.br\/blog\/wp-json\/wp\/v2\/tags?post=2999"}],"curies":[{"name":"wp","href":"https:\/\/api.w.org\/{rel}","templated":true}]}}