{"id":2950,"date":"2023-02-07T17:05:07","date_gmt":"2023-02-07T20:05:07","guid":{"rendered":"https:\/\/biancamachado.com.br\/blog\/?p=2950"},"modified":"2023-02-24T14:41:42","modified_gmt":"2023-02-24T17:41:42","slug":"vida-de-fotografo-no-interior-de-sao-paulo","status":"publish","type":"post","link":"https:\/\/biancamachado.com.br\/blog\/vida-de-fotografo-no-interior-de-sao-paulo\/","title":{"rendered":"Vida de fot\u00f3grafo no interior de S\u00e3o Paulo"},"content":{"rendered":"\n<p>A vida de um fot\u00f3grafo no interior pode ser cheia de desafios e recompensas. Ao trabalhar longe das grandes cidades, os fot\u00f3grafos precisam ser vers\u00e1teis e criativos para encontrar maneiras de atrair clientes e criar belas imagens. No entanto, a vida no interior tamb\u00e9m oferece a oportunidade de se conectar com a comunidade local e capturar a beleza natural e a simplicidade da vida rural.<\/p>\n\n\n\n<p>Os fot\u00f3grafos no interior frequentemente precisam se esfor\u00e7ar mais para atrair clientes, j\u00e1 que a demanda por servi\u00e7os fotogr\u00e1ficos pode ser menor do que nas grandes cidades. Eles precisam ser proativos e criativos ao divulgar seu trabalho e construir uma base de clientes fi\u00e9is. Isso pode incluir a cria\u00e7\u00e3o de um site de portf\u00f3lio, participa\u00e7\u00e3o em feiras de arte e eventos da comunidade, e estabelecer parcerias com outros neg\u00f3cios locais.<\/p>\n\n\n<div class=\"wp-block-image\">\n<figure class=\"aligncenter size-large\"><img data-recalc-dims=\"1\" loading=\"lazy\" decoding=\"async\" width=\"640\" height=\"480\" src=\"https:\/\/i0.wp.com\/biancamachado.com.br\/blog\/wp-content\/uploads\/2023\/02\/20191225_163221.jpg?resize=640%2C480&#038;ssl=1\" alt=\"vida de fotografo\" class=\"wp-image-3045\" srcset=\"https:\/\/i0.wp.com\/biancamachado.com.br\/blog\/wp-content\/uploads\/2023\/02\/20191225_163221-scaled.jpg?resize=1024%2C768&amp;ssl=1 1024w, https:\/\/i0.wp.com\/biancamachado.com.br\/blog\/wp-content\/uploads\/2023\/02\/20191225_163221-scaled.jpg?resize=300%2C225&amp;ssl=1 300w, https:\/\/i0.wp.com\/biancamachado.com.br\/blog\/wp-content\/uploads\/2023\/02\/20191225_163221-scaled.jpg?resize=768%2C576&amp;ssl=1 768w, https:\/\/i0.wp.com\/biancamachado.com.br\/blog\/wp-content\/uploads\/2023\/02\/20191225_163221-scaled.jpg?resize=1536%2C1152&amp;ssl=1 1536w, https:\/\/i0.wp.com\/biancamachado.com.br\/blog\/wp-content\/uploads\/2023\/02\/20191225_163221-scaled.jpg?resize=2048%2C1536&amp;ssl=1 2048w, https:\/\/i0.wp.com\/biancamachado.com.br\/blog\/wp-content\/uploads\/2023\/02\/20191225_163221-scaled.jpg?resize=800%2C600&amp;ssl=1 800w, https:\/\/i0.wp.com\/biancamachado.com.br\/blog\/wp-content\/uploads\/2023\/02\/20191225_163221-scaled.jpg?resize=720%2C540&amp;ssl=1 720w, https:\/\/i0.wp.com\/biancamachado.com.br\/blog\/wp-content\/uploads\/2023\/02\/20191225_163221-scaled.jpg?w=1280&amp;ssl=1 1280w, https:\/\/i0.wp.com\/biancamachado.com.br\/blog\/wp-content\/uploads\/2023\/02\/20191225_163221-scaled.jpg?w=1920&amp;ssl=1 1920w\" sizes=\"auto, (max-width: 640px) 100vw, 640px\" \/><figcaption class=\"wp-element-caption\">vida de fotografo<\/figcaption><\/figure>\n<\/div>\n\n\n<p>No entanto, a vida no interior tamb\u00e9m oferece a oportunidade de se conectar com a comunidade local e capturar a beleza natural e a simplicidade da vida rural. Os fot\u00f3grafos no interior t\u00eam acesso a paisagens e cen\u00e1rios pitorescos que s\u00e3o \u00fanicos e dif\u00edceis de encontrar nas grandes cidades. Eles tamb\u00e9m t\u00eam a oportunidade de documentar eventos e tradi\u00e7\u00f5es importantes da comunidade, como festivais, casamentos e reuni\u00f5es familiares.<\/p>\n\n\n\n<p>Al\u00e9m disso, a vida no interior pode ser mais tranquila e serena do que nas grandes cidades, o que pode ser uma grande vantagem para os fot\u00f3grafos que buscam inspira\u00e7\u00e3o e foco. Eles tamb\u00e9m t\u00eam acesso a uma rede de apoio e colabora\u00e7\u00e3o mais pr\u00f3xima, j\u00e1 que as comunidades rurais costumam ser mais unidas e colaborativas do que as grandes cidades.<\/p>\n\n\n\n<p>Em resumo, a vida de um fot\u00f3grafo no interior pode ser desafiadora, mas tamb\u00e9m oferece muitas recompensas. Ao trabalhar longe das grandes cidades, os fot\u00f3grafos t\u00eam a oportunidade de se conectar com a comunidade local, capturar a beleza natural da vida rural e encontrar tranquilidade e inspira\u00e7\u00e3o em um ambiente mais tranquilo.<\/p>\nVisite tamb\u00e9m nosso site: www.biancamachado.com.br\r\n(11) 97107-1018\r\n\r\nAtendemos as regi\u00f5es de S\u00e3o Paulo, Sorocaba, Ibi\u00fana, Piedade, Votorantim, Cotia, Itupeva, Jundia\u00ed, It\u00fa e Campinas","protected":false},"excerpt":{"rendered":"<p>A vida de um fot\u00f3grafo<\/p>\n","protected":false},"author":1,"featured_media":3045,"comment_status":"open","ping_status":"open","sticky":false,"template":"","format":"standard","meta":{"_monsterinsights_skip_tracking":false,"_monsterinsights_sitenote_active":false,"_monsterinsights_sitenote_note":"","_monsterinsights_sitenote_category":0,"jetpack_post_was_ever_published":false,"_jetpack_newsletter_access":"","_jetpack_dont_email_post_to_subs":false,"_jetpack_newsletter_tier_id":0,"_jetpack_memberships_contains_paywalled_content":false,"_jetpack_memberships_contains_paid_content":false,"_joinchat":[],"footnotes":""},"categories":[293,1019],"tags":[542,541],"class_list":["post-2950","post","type-post","status-publish","format-standard","has-post-thumbnail","hentry","category-bianca-machado","category-vida-de-fotografo","tag-interior-sp","tag-vida-de-fotografo"],"yoast_head":"<!-- This site is optimized with the Yoast SEO plugin v27.4 - https:\/\/yoast.com\/product\/yoast-seo-wordpress\/ -->\n<title>Vida de fot\u00f3grafo no interior de S\u00e3o Paulo - STUDIO BIANCA MACHADO<\/title>\n<meta name=\"robots\" content=\"index, follow, max-snippet:-1, max-image-preview:large, max-video-preview:-1\" \/>\n<link rel=\"canonical\" href=\"https:\/\/biancamachado.com.br\/blog\/vida-de-fotografo-no-interior-de-sao-paulo\/\" \/>\n<meta property=\"og:locale\" content=\"pt_BR\" \/>\n<meta property=\"og:type\" content=\"article\" \/>\n<meta property=\"og:title\" content=\"Vida de fot\u00f3grafo no interior de S\u00e3o Paulo - STUDIO BIANCA MACHADO\" \/>\n<meta property=\"og:description\" content=\"A vida de um fot\u00f3grafo\" \/>\n<meta property=\"og:url\" content=\"https:\/\/biancamachado.com.br\/blog\/vida-de-fotografo-no-interior-de-sao-paulo\/\" \/>\n<meta property=\"og:site_name\" content=\"STUDIO BIANCA MACHADO\" \/>\n<meta property=\"article:publisher\" content=\"https:\/\/www.facebook.com\/Studiobiancamachado\/\" \/>\n<meta property=\"article:published_time\" content=\"2023-02-07T20:05:07+00:00\" \/>\n<meta property=\"article:modified_time\" content=\"2023-02-24T17:41:42+00:00\" \/>\n<meta property=\"og:image\" content=\"https:\/\/biancamachado.com.br\/blog\/wp-content\/uploads\/2023\/02\/20191225_163221-scaled.jpg?v=1675800232\" \/>\n\t<meta property=\"og:image:width\" content=\"2560\" \/>\n\t<meta property=\"og:image:height\" content=\"1920\" \/>\n\t<meta property=\"og:image:type\" content=\"image\/jpeg\" \/>\n<meta name=\"author\" content=\"biancamachado\" \/>\n<meta name=\"twitter:card\" content=\"summary_large_image\" \/>\n<meta name=\"twitter:label1\" content=\"Escrito por\" \/>\n\t<meta name=\"twitter:data1\" content=\"biancamachado\" \/>\n\t<meta name=\"twitter:label2\" content=\"Est. tempo de leitura\" \/>\n\t<meta name=\"twitter:data2\" content=\"2 minutos\" \/>\n<script type=\"application\/ld+json\" class=\"yoast-schema-graph\">{\"@context\":\"https:\\\/\\\/schema.org\",\"@graph\":[{\"@type\":\"Article\",\"@id\":\"https:\\\/\\\/biancamachado.com.br\\\/blog\\\/vida-de-fotografo-no-interior-de-sao-paulo\\\/#article\",\"isPartOf\":{\"@id\":\"https:\\\/\\\/biancamachado.com.br\\\/blog\\\/vida-de-fotografo-no-interior-de-sao-paulo\\\/\"},\"author\":{\"name\":\"biancamachado\",\"@id\":\"https:\\\/\\\/biancamachado.com.br\\\/blog\\\/#\\\/schema\\\/person\\\/990263800ec5e9bdbbf092a2353550a1\"},\"headline\":\"Vida de fot\u00f3grafo no interior de S\u00e3o Paulo\",\"datePublished\":\"2023-02-07T20:05:07+00:00\",\"dateModified\":\"2023-02-24T17:41:42+00:00\",\"mainEntityOfPage\":{\"@id\":\"https:\\\/\\\/biancamachado.com.br\\\/blog\\\/vida-de-fotografo-no-interior-de-sao-paulo\\\/\"},\"wordCount\":364,\"commentCount\":0,\"publisher\":{\"@id\":\"https:\\\/\\\/biancamachado.com.br\\\/blog\\\/#organization\"},\"image\":{\"@id\":\"https:\\\/\\\/biancamachado.com.br\\\/blog\\\/vida-de-fotografo-no-interior-de-sao-paulo\\\/#primaryimage\"},\"thumbnailUrl\":\"https:\\\/\\\/i0.wp.com\\\/biancamachado.com.br\\\/blog\\\/wp-content\\\/uploads\\\/2023\\\/02\\\/20191225_163221-scaled.jpg?fit=2560%2C1920&ssl=1?v=1675800232\",\"keywords\":[\"interior sp\",\"vida de fotografo\"],\"articleSection\":[\"Bianca Machado\",\"Vida de Fot\u00f3grafo\"],\"inLanguage\":\"pt-BR\",\"potentialAction\":[{\"@type\":\"CommentAction\",\"name\":\"Comment\",\"target\":[\"https:\\\/\\\/biancamachado.com.br\\\/blog\\\/vida-de-fotografo-no-interior-de-sao-paulo\\\/#respond\"]}]},{\"@type\":\"WebPage\",\"@id\":\"https:\\\/\\\/biancamachado.com.br\\\/blog\\\/vida-de-fotografo-no-interior-de-sao-paulo\\\/\",\"url\":\"https:\\\/\\\/biancamachado.com.br\\\/blog\\\/vida-de-fotografo-no-interior-de-sao-paulo\\\/\",\"name\":\"Vida de fot\u00f3grafo no interior de S\u00e3o Paulo - STUDIO BIANCA MACHADO\",\"isPartOf\":{\"@id\":\"https:\\\/\\\/biancamachado.com.br\\\/blog\\\/#website\"},\"primaryImageOfPage\":{\"@id\":\"https:\\\/\\\/biancamachado.com.br\\\/blog\\\/vida-de-fotografo-no-interior-de-sao-paulo\\\/#primaryimage\"},\"image\":{\"@id\":\"https:\\\/\\\/biancamachado.com.br\\\/blog\\\/vida-de-fotografo-no-interior-de-sao-paulo\\\/#primaryimage\"},\"thumbnailUrl\":\"https:\\\/\\\/i0.wp.com\\\/biancamachado.com.br\\\/blog\\\/wp-content\\\/uploads\\\/2023\\\/02\\\/20191225_163221-scaled.jpg?fit=2560%2C1920&ssl=1?v=1675800232\",\"datePublished\":\"2023-02-07T20:05:07+00:00\",\"dateModified\":\"2023-02-24T17:41:42+00:00\",\"breadcrumb\":{\"@id\":\"https:\\\/\\\/biancamachado.com.br\\\/blog\\\/vida-de-fotografo-no-interior-de-sao-paulo\\\/#breadcrumb\"},\"inLanguage\":\"pt-BR\",\"potentialAction\":[{\"@type\":\"ReadAction\",\"target\":[\"https:\\\/\\\/biancamachado.com.br\\\/blog\\\/vida-de-fotografo-no-interior-de-sao-paulo\\\/\"]}]},{\"@type\":\"ImageObject\",\"inLanguage\":\"pt-BR\",\"@id\":\"https:\\\/\\\/biancamachado.com.br\\\/blog\\\/vida-de-fotografo-no-interior-de-sao-paulo\\\/#primaryimage\",\"url\":\"https:\\\/\\\/i0.wp.com\\\/biancamachado.com.br\\\/blog\\\/wp-content\\\/uploads\\\/2023\\\/02\\\/20191225_163221-scaled.jpg?fit=2560%2C1920&ssl=1?v=1675800232\",\"contentUrl\":\"https:\\\/\\\/i0.wp.com\\\/biancamachado.com.br\\\/blog\\\/wp-content\\\/uploads\\\/2023\\\/02\\\/20191225_163221-scaled.jpg?fit=2560%2C1920&ssl=1?v=1675800232\",\"width\":2560,\"height\":1920,\"caption\":\"vida de fotografo\"},{\"@type\":\"BreadcrumbList\",\"@id\":\"https:\\\/\\\/biancamachado.com.br\\\/blog\\\/vida-de-fotografo-no-interior-de-sao-paulo\\\/#breadcrumb\",\"itemListElement\":[{\"@type\":\"ListItem\",\"position\":1,\"name\":\"In\u00edcio\",\"item\":\"https:\\\/\\\/biancamachado.com.br\\\/blog\\\/\"},{\"@type\":\"ListItem\",\"position\":2,\"name\":\"Vida de fot\u00f3grafo no interior de S\u00e3o Paulo\"}]},{\"@type\":\"WebSite\",\"@id\":\"https:\\\/\\\/biancamachado.com.br\\\/blog\\\/#website\",\"url\":\"https:\\\/\\\/biancamachado.com.br\\\/blog\\\/\",\"name\":\"STUDIO BIANCA MACHADO\",\"description\":\"Estudio Fotografico, Ensaios e Books de foto profissional\",\"publisher\":{\"@id\":\"https:\\\/\\\/biancamachado.com.br\\\/blog\\\/#organization\"},\"potentialAction\":[{\"@type\":\"SearchAction\",\"target\":{\"@type\":\"EntryPoint\",\"urlTemplate\":\"https:\\\/\\\/biancamachado.com.br\\\/blog\\\/?s={search_term_string}\"},\"query-input\":{\"@type\":\"PropertyValueSpecification\",\"valueRequired\":true,\"valueName\":\"search_term_string\"}}],\"inLanguage\":\"pt-BR\"},{\"@type\":\"Organization\",\"@id\":\"https:\\\/\\\/biancamachado.com.br\\\/blog\\\/#organization\",\"name\":\"STUDIO BIANCA MACHADO\",\"url\":\"https:\\\/\\\/biancamachado.com.br\\\/blog\\\/\",\"logo\":{\"@type\":\"ImageObject\",\"inLanguage\":\"pt-BR\",\"@id\":\"https:\\\/\\\/biancamachado.com.br\\\/blog\\\/#\\\/schema\\\/logo\\\/image\\\/\",\"url\":\"https:\\\/\\\/i0.wp.com\\\/biancamachado.com.br\\\/blog\\\/wp-content\\\/uploads\\\/2021\\\/02\\\/cropped-logo-ml.jpg?fit=278%2C100&ssl=1\",\"contentUrl\":\"https:\\\/\\\/i0.wp.com\\\/biancamachado.com.br\\\/blog\\\/wp-content\\\/uploads\\\/2021\\\/02\\\/cropped-logo-ml.jpg?fit=278%2C100&ssl=1\",\"width\":278,\"height\":100,\"caption\":\"STUDIO BIANCA MACHADO\"},\"image\":{\"@id\":\"https:\\\/\\\/biancamachado.com.br\\\/blog\\\/#\\\/schema\\\/logo\\\/image\\\/\"},\"sameAs\":[\"https:\\\/\\\/www.facebook.com\\\/Studiobiancamachado\\\/\",\"https:\\\/\\\/www.instagram.com\\\/Studiobiancamachado\\\/\"]},{\"@type\":\"Person\",\"@id\":\"https:\\\/\\\/biancamachado.com.br\\\/blog\\\/#\\\/schema\\\/person\\\/990263800ec5e9bdbbf092a2353550a1\",\"name\":\"biancamachado\",\"image\":{\"@type\":\"ImageObject\",\"inLanguage\":\"pt-BR\",\"@id\":\"https:\\\/\\\/secure.gravatar.com\\\/avatar\\\/62b1a50f2632dbc2e279c3eb55aa46cc324c969cff16a69c59756d155316542c?s=96&d=mm&r=g\",\"url\":\"https:\\\/\\\/secure.gravatar.com\\\/avatar\\\/62b1a50f2632dbc2e279c3eb55aa46cc324c969cff16a69c59756d155316542c?s=96&d=mm&r=g\",\"contentUrl\":\"https:\\\/\\\/secure.gravatar.com\\\/avatar\\\/62b1a50f2632dbc2e279c3eb55aa46cc324c969cff16a69c59756d155316542c?s=96&d=mm&r=g\",\"caption\":\"biancamachado\"},\"sameAs\":[\"https:\\\/\\\/biancamachado.com.br\\\/blog\"],\"url\":\"https:\\\/\\\/biancamachado.com.br\\\/blog\\\/author\\\/biancamachado\\\/\"}]}<\/script>\n<!-- \/ Yoast SEO plugin. -->","yoast_head_json":{"title":"Vida de fot\u00f3grafo no interior de S\u00e3o Paulo - STUDIO BIANCA MACHADO","robots":{"index":"index","follow":"follow","max-snippet":"max-snippet:-1","max-image-preview":"max-image-preview:large","max-video-preview":"max-video-preview:-1"},"canonical":"https:\/\/biancamachado.com.br\/blog\/vida-de-fotografo-no-interior-de-sao-paulo\/","og_locale":"pt_BR","og_type":"article","og_title":"Vida de fot\u00f3grafo no interior de S\u00e3o Paulo - STUDIO BIANCA MACHADO","og_description":"A vida de um fot\u00f3grafo","og_url":"https:\/\/biancamachado.com.br\/blog\/vida-de-fotografo-no-interior-de-sao-paulo\/","og_site_name":"STUDIO BIANCA MACHADO","article_publisher":"https:\/\/www.facebook.com\/Studiobiancamachado\/","article_published_time":"2023-02-07T20:05:07+00:00","article_modified_time":"2023-02-24T17:41:42+00:00","og_image":[{"width":2560,"height":1920,"url":"https:\/\/biancamachado.com.br\/blog\/wp-content\/uploads\/2023\/02\/20191225_163221-scaled.jpg?v=1675800232","type":"image\/jpeg"}],"author":"biancamachado","twitter_card":"summary_large_image","twitter_misc":{"Escrito por":"biancamachado","Est. tempo de leitura":"2 minutos"},"schema":{"@context":"https:\/\/schema.org","@graph":[{"@type":"Article","@id":"https:\/\/biancamachado.com.br\/blog\/vida-de-fotografo-no-interior-de-sao-paulo\/#article","isPartOf":{"@id":"https:\/\/biancamachado.com.br\/blog\/vida-de-fotografo-no-interior-de-sao-paulo\/"},"author":{"name":"biancamachado","@id":"https:\/\/biancamachado.com.br\/blog\/#\/schema\/person\/990263800ec5e9bdbbf092a2353550a1"},"headline":"Vida de fot\u00f3grafo no interior de S\u00e3o Paulo","datePublished":"2023-02-07T20:05:07+00:00","dateModified":"2023-02-24T17:41:42+00:00","mainEntityOfPage":{"@id":"https:\/\/biancamachado.com.br\/blog\/vida-de-fotografo-no-interior-de-sao-paulo\/"},"wordCount":364,"commentCount":0,"publisher":{"@id":"https:\/\/biancamachado.com.br\/blog\/#organization"},"image":{"@id":"https:\/\/biancamachado.com.br\/blog\/vida-de-fotografo-no-interior-de-sao-paulo\/#primaryimage"},"thumbnailUrl":"https:\/\/i0.wp.com\/biancamachado.com.br\/blog\/wp-content\/uploads\/2023\/02\/20191225_163221-scaled.jpg?fit=2560%2C1920&ssl=1?v=1675800232","keywords":["interior sp","vida de fotografo"],"articleSection":["Bianca Machado","Vida de Fot\u00f3grafo"],"inLanguage":"pt-BR","potentialAction":[{"@type":"CommentAction","name":"Comment","target":["https:\/\/biancamachado.com.br\/blog\/vida-de-fotografo-no-interior-de-sao-paulo\/#respond"]}]},{"@type":"WebPage","@id":"https:\/\/biancamachado.com.br\/blog\/vida-de-fotografo-no-interior-de-sao-paulo\/","url":"https:\/\/biancamachado.com.br\/blog\/vida-de-fotografo-no-interior-de-sao-paulo\/","name":"Vida de fot\u00f3grafo no interior de S\u00e3o Paulo - STUDIO BIANCA MACHADO","isPartOf":{"@id":"https:\/\/biancamachado.com.br\/blog\/#website"},"primaryImageOfPage":{"@id":"https:\/\/biancamachado.com.br\/blog\/vida-de-fotografo-no-interior-de-sao-paulo\/#primaryimage"},"image":{"@id":"https:\/\/biancamachado.com.br\/blog\/vida-de-fotografo-no-interior-de-sao-paulo\/#primaryimage"},"thumbnailUrl":"https:\/\/i0.wp.com\/biancamachado.com.br\/blog\/wp-content\/uploads\/2023\/02\/20191225_163221-scaled.jpg?fit=2560%2C1920&ssl=1?v=1675800232","datePublished":"2023-02-07T20:05:07+00:00","dateModified":"2023-02-24T17:41:42+00:00","breadcrumb":{"@id":"https:\/\/biancamachado.com.br\/blog\/vida-de-fotografo-no-interior-de-sao-paulo\/#breadcrumb"},"inLanguage":"pt-BR","potentialAction":[{"@type":"ReadAction","target":["https:\/\/biancamachado.com.br\/blog\/vida-de-fotografo-no-interior-de-sao-paulo\/"]}]},{"@type":"ImageObject","inLanguage":"pt-BR","@id":"https:\/\/biancamachado.com.br\/blog\/vida-de-fotografo-no-interior-de-sao-paulo\/#primaryimage","url":"https:\/\/i0.wp.com\/biancamachado.com.br\/blog\/wp-content\/uploads\/2023\/02\/20191225_163221-scaled.jpg?fit=2560%2C1920&ssl=1?v=1675800232","contentUrl":"https:\/\/i0.wp.com\/biancamachado.com.br\/blog\/wp-content\/uploads\/2023\/02\/20191225_163221-scaled.jpg?fit=2560%2C1920&ssl=1?v=1675800232","width":2560,"height":1920,"caption":"vida de fotografo"},{"@type":"BreadcrumbList","@id":"https:\/\/biancamachado.com.br\/blog\/vida-de-fotografo-no-interior-de-sao-paulo\/#breadcrumb","itemListElement":[{"@type":"ListItem","position":1,"name":"In\u00edcio","item":"https:\/\/biancamachado.com.br\/blog\/"},{"@type":"ListItem","position":2,"name":"Vida de fot\u00f3grafo no interior de S\u00e3o Paulo"}]},{"@type":"WebSite","@id":"https:\/\/biancamachado.com.br\/blog\/#website","url":"https:\/\/biancamachado.com.br\/blog\/","name":"STUDIO BIANCA MACHADO","description":"Estudio Fotografico, Ensaios e Books de foto profissional","publisher":{"@id":"https:\/\/biancamachado.com.br\/blog\/#organization"},"potentialAction":[{"@type":"SearchAction","target":{"@type":"EntryPoint","urlTemplate":"https:\/\/biancamachado.com.br\/blog\/?s={search_term_string}"},"query-input":{"@type":"PropertyValueSpecification","valueRequired":true,"valueName":"search_term_string"}}],"inLanguage":"pt-BR"},{"@type":"Organization","@id":"https:\/\/biancamachado.com.br\/blog\/#organization","name":"STUDIO BIANCA MACHADO","url":"https:\/\/biancamachado.com.br\/blog\/","logo":{"@type":"ImageObject","inLanguage":"pt-BR","@id":"https:\/\/biancamachado.com.br\/blog\/#\/schema\/logo\/image\/","url":"https:\/\/i0.wp.com\/biancamachado.com.br\/blog\/wp-content\/uploads\/2021\/02\/cropped-logo-ml.jpg?fit=278%2C100&ssl=1","contentUrl":"https:\/\/i0.wp.com\/biancamachado.com.br\/blog\/wp-content\/uploads\/2021\/02\/cropped-logo-ml.jpg?fit=278%2C100&ssl=1","width":278,"height":100,"caption":"STUDIO BIANCA MACHADO"},"image":{"@id":"https:\/\/biancamachado.com.br\/blog\/#\/schema\/logo\/image\/"},"sameAs":["https:\/\/www.facebook.com\/Studiobiancamachado\/","https:\/\/www.instagram.com\/Studiobiancamachado\/"]},{"@type":"Person","@id":"https:\/\/biancamachado.com.br\/blog\/#\/schema\/person\/990263800ec5e9bdbbf092a2353550a1","name":"biancamachado","image":{"@type":"ImageObject","inLanguage":"pt-BR","@id":"https:\/\/secure.gravatar.com\/avatar\/62b1a50f2632dbc2e279c3eb55aa46cc324c969cff16a69c59756d155316542c?s=96&d=mm&r=g","url":"https:\/\/secure.gravatar.com\/avatar\/62b1a50f2632dbc2e279c3eb55aa46cc324c969cff16a69c59756d155316542c?s=96&d=mm&r=g","contentUrl":"https:\/\/secure.gravatar.com\/avatar\/62b1a50f2632dbc2e279c3eb55aa46cc324c969cff16a69c59756d155316542c?s=96&d=mm&r=g","caption":"biancamachado"},"sameAs":["https:\/\/biancamachado.com.br\/blog"],"url":"https:\/\/biancamachado.com.br\/blog\/author\/biancamachado\/"}]}},"jetpack_featured_media_url":"https:\/\/i0.wp.com\/biancamachado.com.br\/blog\/wp-content\/uploads\/2023\/02\/20191225_163221-scaled.jpg?fit=2560%2C1920&ssl=1?v=1675800232","jetpack-related-posts":[],"jetpack_sharing_enabled":true,"_links":{"self":[{"href":"https:\/\/biancamachado.com.br\/blog\/wp-json\/wp\/v2\/posts\/2950","targetHints":{"allow":["GET"]}}],"collection":[{"href":"https:\/\/biancamachado.com.br\/blog\/wp-json\/wp\/v2\/posts"}],"about":[{"href":"https:\/\/biancamachado.com.br\/blog\/wp-json\/wp\/v2\/types\/post"}],"author":[{"embeddable":true,"href":"https:\/\/biancamachado.com.br\/blog\/wp-json\/wp\/v2\/users\/1"}],"replies":[{"embeddable":true,"href":"https:\/\/biancamachado.com.br\/blog\/wp-json\/wp\/v2\/comments?post=2950"}],"version-history":[{"count":2,"href":"https:\/\/biancamachado.com.br\/blog\/wp-json\/wp\/v2\/posts\/2950\/revisions"}],"predecessor-version":[{"id":3046,"href":"https:\/\/biancamachado.com.br\/blog\/wp-json\/wp\/v2\/posts\/2950\/revisions\/3046"}],"wp:featuredmedia":[{"embeddable":true,"href":"https:\/\/biancamachado.com.br\/blog\/wp-json\/wp\/v2\/media\/3045"}],"wp:attachment":[{"href":"https:\/\/biancamachado.com.br\/blog\/wp-json\/wp\/v2\/media?parent=2950"}],"wp:term":[{"taxonomy":"category","embeddable":true,"href":"https:\/\/biancamachado.com.br\/blog\/wp-json\/wp\/v2\/categories?post=2950"},{"taxonomy":"post_tag","embeddable":true,"href":"https:\/\/biancamachado.com.br\/blog\/wp-json\/wp\/v2\/tags?post=2950"}],"curies":[{"name":"wp","href":"https:\/\/api.w.org\/{rel}","templated":true}]}}