{"id":2935,"date":"2023-02-07T17:34:21","date_gmt":"2023-02-07T20:34:21","guid":{"rendered":"https:\/\/biancamachado.com.br\/blog\/?p=2935"},"modified":"2023-02-12T14:29:59","modified_gmt":"2023-02-12T17:29:59","slug":"a-importancia-da-identidade-visual-no-mercado-de-trabalho","status":"publish","type":"post","link":"https:\/\/biancamachado.com.br\/blog\/a-importancia-da-identidade-visual-no-mercado-de-trabalho\/","title":{"rendered":"A import\u00e2ncia da identidade visual no mercado de trabalho"},"content":{"rendered":"\n<p>&#8220;A identidade visual \u00e9 o conjunto de elementos visuais que comp\u00f5em a apar\u00eancia da marca ou empresa. Isso inclui logotipo, tipografia, cores, imagens e design gr\u00e1fico. Todos esses elementos trabalham juntos para criar uma apar\u00eancia \u00fanica e reconhec\u00edvel que representa a personalidade e os valores da marca.<\/p>\n\n\n\n<p>A identidade visual \u00e9 crucial para a constru\u00e7\u00e3o de uma presen\u00e7a forte e coerente na mente dos clientes e do p\u00fablico em geral. \u00c9 importante que todos os elementos da identidade visual sejam consistentes e utilizados de maneira consistente em todas as comunica\u00e7\u00f5es, incluindo site, cart\u00f5es de visita, publicidade e m\u00eddia social.<\/p>\n\n\n\n<div class=\"wp-block-jetpack-tiled-gallery aligncenter is-style-rectangular\"><div class=\"tiled-gallery__gallery\"><div class=\"tiled-gallery__row\"><div class=\"tiled-gallery__col\" style=\"flex-basis:19.07832%\"><figure class=\"tiled-gallery__item\"><img decoding=\"async\" srcset=\"https:\/\/i2.wp.com\/biancamachado.com.br\/blog\/wp-content\/uploads\/2023\/02\/001-8-683x1024.jpg?strip=info&#038;w=600&#038;ssl=1 600w,https:\/\/i2.wp.com\/biancamachado.com.br\/blog\/wp-content\/uploads\/2023\/02\/001-8-683x1024.jpg?strip=info&#038;w=900&#038;ssl=1 900w,https:\/\/i2.wp.com\/biancamachado.com.br\/blog\/wp-content\/uploads\/2023\/02\/001-8-683x1024.jpg?strip=info&#038;w=1200&#038;ssl=1 1200w,https:\/\/i2.wp.com\/biancamachado.com.br\/blog\/wp-content\/uploads\/2023\/02\/001-8-683x1024.jpg?strip=info&#038;w=1500&#038;ssl=1 1500w,https:\/\/i2.wp.com\/biancamachado.com.br\/blog\/wp-content\/uploads\/2023\/02\/001-8-683x1024.jpg?strip=info&#038;w=1707&#038;ssl=1 1707w\" alt=\"fotos linkedin\" data-height=\"2560\" data-id=\"3062\" data-link=\"https:\/\/biancamachado.com.br\/blog\/a-importancia-da-identidade-visual-no-mercado-de-trabalho\/001-59\/\" data-url=\"https:\/\/biancamachado.com.br\/blog\/wp-content\/uploads\/2023\/02\/001-8-683x1024.jpg?v=1675801931\" data-width=\"1707\" src=\"https:\/\/i2.wp.com\/biancamachado.com.br\/blog\/wp-content\/uploads\/2023\/02\/001-8-683x1024.jpg?ssl=1\" data-amp-layout=\"responsive\"\/><\/figure><\/div><div class=\"tiled-gallery__col\" style=\"flex-basis:19.07832%\"><figure class=\"tiled-gallery__item\"><img decoding=\"async\" srcset=\"https:\/\/i1.wp.com\/biancamachado.com.br\/blog\/wp-content\/uploads\/2023\/02\/005-1-683x1024.jpg?strip=info&#038;w=600&#038;ssl=1 600w,https:\/\/i1.wp.com\/biancamachado.com.br\/blog\/wp-content\/uploads\/2023\/02\/005-1-683x1024.jpg?strip=info&#038;w=900&#038;ssl=1 900w,https:\/\/i1.wp.com\/biancamachado.com.br\/blog\/wp-content\/uploads\/2023\/02\/005-1-683x1024.jpg?strip=info&#038;w=1200&#038;ssl=1 1200w,https:\/\/i1.wp.com\/biancamachado.com.br\/blog\/wp-content\/uploads\/2023\/02\/005-1-683x1024.jpg?strip=info&#038;w=1500&#038;ssl=1 1500w,https:\/\/i1.wp.com\/biancamachado.com.br\/blog\/wp-content\/uploads\/2023\/02\/005-1-683x1024.jpg?strip=info&#038;w=1707&#038;ssl=1 1707w\" alt=\"foto profissional\" data-height=\"2560\" data-id=\"3063\" data-link=\"https:\/\/biancamachado.com.br\/blog\/a-importancia-da-identidade-visual-no-mercado-de-trabalho\/005-36\/\" data-url=\"https:\/\/biancamachado.com.br\/blog\/wp-content\/uploads\/2023\/02\/005-1-683x1024.jpg?v=1675801943\" data-width=\"1707\" src=\"https:\/\/i1.wp.com\/biancamachado.com.br\/blog\/wp-content\/uploads\/2023\/02\/005-1-683x1024.jpg?ssl=1\" data-amp-layout=\"responsive\"\/><\/figure><\/div><div class=\"tiled-gallery__col\" style=\"flex-basis:19.06720%\"><figure class=\"tiled-gallery__item\"><img decoding=\"async\" srcset=\"https:\/\/i2.wp.com\/biancamachado.com.br\/blog\/wp-content\/uploads\/2023\/02\/015-682x1024.jpg?strip=info&#038;w=600&#038;ssl=1 600w,https:\/\/i2.wp.com\/biancamachado.com.br\/blog\/wp-content\/uploads\/2023\/02\/015-682x1024.jpg?strip=info&#038;w=900&#038;ssl=1 900w,https:\/\/i2.wp.com\/biancamachado.com.br\/blog\/wp-content\/uploads\/2023\/02\/015-682x1024.jpg?strip=info&#038;w=1200&#038;ssl=1 1200w,https:\/\/i2.wp.com\/biancamachado.com.br\/blog\/wp-content\/uploads\/2023\/02\/015-682x1024.jpg?strip=info&#038;w=1500&#038;ssl=1 1500w,https:\/\/i2.wp.com\/biancamachado.com.br\/blog\/wp-content\/uploads\/2023\/02\/015-682x1024.jpg?strip=info&#038;w=1706&#038;ssl=1 1706w\" alt=\"foto retrato\" data-height=\"2560\" data-id=\"3064\" data-link=\"https:\/\/biancamachado.com.br\/blog\/a-importancia-da-identidade-visual-no-mercado-de-trabalho\/015-13\/\" data-url=\"https:\/\/biancamachado.com.br\/blog\/wp-content\/uploads\/2023\/02\/015-682x1024.jpg?v=1675801955\" data-width=\"1706\" src=\"https:\/\/i2.wp.com\/biancamachado.com.br\/blog\/wp-content\/uploads\/2023\/02\/015-682x1024.jpg?ssl=1\" data-amp-layout=\"responsive\"\/><\/figure><\/div><div class=\"tiled-gallery__col\" style=\"flex-basis:42.77617%\"><figure class=\"tiled-gallery__item\"><img decoding=\"async\" srcset=\"https:\/\/i0.wp.com\/biancamachado.com.br\/blog\/wp-content\/uploads\/2023\/02\/021-2-1024x683.jpg?strip=info&#038;w=600&#038;ssl=1 600w,https:\/\/i0.wp.com\/biancamachado.com.br\/blog\/wp-content\/uploads\/2023\/02\/021-2-1024x683.jpg?strip=info&#038;w=900&#038;ssl=1 900w,https:\/\/i0.wp.com\/biancamachado.com.br\/blog\/wp-content\/uploads\/2023\/02\/021-2-1024x683.jpg?strip=info&#038;w=1200&#038;ssl=1 1200w,https:\/\/i0.wp.com\/biancamachado.com.br\/blog\/wp-content\/uploads\/2023\/02\/021-2-1024x683.jpg?strip=info&#038;w=1500&#038;ssl=1 1500w,https:\/\/i0.wp.com\/biancamachado.com.br\/blog\/wp-content\/uploads\/2023\/02\/021-2-1024x683.jpg?strip=info&#038;w=1800&#038;ssl=1 1800w,https:\/\/i0.wp.com\/biancamachado.com.br\/blog\/wp-content\/uploads\/2023\/02\/021-2-1024x683.jpg?strip=info&#038;w=2000&#038;ssl=1 2000w\" alt=\"identidade visual\" data-height=\"1707\" data-id=\"3061\" data-link=\"https:\/\/biancamachado.com.br\/blog\/a-importancia-da-identidade-visual-no-mercado-de-trabalho\/021-15\/\" data-url=\"https:\/\/biancamachado.com.br\/blog\/wp-content\/uploads\/2023\/02\/021-2-1024x683.jpg?v=1675801918\" data-width=\"2560\" src=\"https:\/\/i0.wp.com\/biancamachado.com.br\/blog\/wp-content\/uploads\/2023\/02\/021-2-1024x683.jpg?ssl=1\" data-amp-layout=\"responsive\"\/><\/figure><\/div><\/div><\/div><\/div>\n\n\n\n<p>Al\u00e9m disso, a identidade visual tamb\u00e9m pode ajudar a diferenciar a marca de seus concorrentes e criar uma conex\u00e3o emocional com o p\u00fablico. \u00c9 importante investir em uma identidade visual s\u00f3lida e bem desenvolvida desde o in\u00edcio, pois pode ser dif\u00edcil mudar uma imagem j\u00e1 estabelecida no futuro.<\/p>\n\n\n\n<p>Em resumo, a identidade visual \u00e9 uma parte fundamental da estrat\u00e9gia de marketing e da constru\u00e7\u00e3o da presen\u00e7a da marca. Ao criar uma apar\u00eancia coerente e memor\u00e1vel, voc\u00ea pode ajudar a construir confian\u00e7a e credibilidade com o p\u00fablico e a diferenciar sua marca de seus concorrentes.&#8221;<\/p>\nVisite tamb\u00e9m nosso site: www.biancamachado.com.br\r\n(11) 97107-1018\r\n\r\nAtendemos as regi\u00f5es de S\u00e3o Paulo, Sorocaba, Ibi\u00fana, Piedade, Votorantim, Cotia, Itupeva, Jundia\u00ed, It\u00fa e Campinas","protected":false},"excerpt":{"rendered":"<p>&#8220;A identidade visual \u00e9 o<\/p>\n","protected":false},"author":1,"featured_media":3061,"comment_status":"open","ping_status":"open","sticky":false,"template":"","format":"standard","meta":{"_monsterinsights_skip_tracking":false,"_monsterinsights_sitenote_active":false,"_monsterinsights_sitenote_note":"","_monsterinsights_sitenote_category":0,"jetpack_post_was_ever_published":false,"_jetpack_newsletter_access":"","_jetpack_dont_email_post_to_subs":false,"_jetpack_newsletter_tier_id":0,"_jetpack_memberships_contains_paywalled_content":false,"_jetpack_memberships_contains_paid_content":false,"_joinchat":[],"footnotes":""},"categories":[297],"tags":[547,553,340,436],"class_list":["post-2935","post","type-post","status-publish","format-standard","has-post-thumbnail","hentry","category-linkedin-retrato-profisional","tag-foto-profissional","tag-fotografo","tag-fotos-profissionais","tag-identidade-visual"],"yoast_head":"<!-- This site is optimized with the Yoast SEO plugin v27.4 - https:\/\/yoast.com\/product\/yoast-seo-wordpress\/ -->\n<title>A import\u00e2ncia da identidade visual no mercado de trabalho - STUDIO BIANCA MACHADO<\/title>\n<meta name=\"robots\" content=\"index, follow, max-snippet:-1, max-image-preview:large, max-video-preview:-1\" \/>\n<link rel=\"canonical\" href=\"https:\/\/biancamachado.com.br\/blog\/a-importancia-da-identidade-visual-no-mercado-de-trabalho\/\" \/>\n<meta property=\"og:locale\" content=\"pt_BR\" \/>\n<meta property=\"og:type\" content=\"article\" \/>\n<meta property=\"og:title\" content=\"A import\u00e2ncia da identidade visual no mercado de trabalho - STUDIO BIANCA MACHADO\" \/>\n<meta property=\"og:description\" content=\"&#8220;A identidade visual \u00e9 o\" \/>\n<meta property=\"og:url\" content=\"https:\/\/biancamachado.com.br\/blog\/a-importancia-da-identidade-visual-no-mercado-de-trabalho\/\" \/>\n<meta property=\"og:site_name\" content=\"STUDIO BIANCA MACHADO\" \/>\n<meta property=\"article:publisher\" content=\"https:\/\/www.facebook.com\/Studiobiancamachado\/\" \/>\n<meta property=\"article:published_time\" content=\"2023-02-07T20:34:21+00:00\" \/>\n<meta property=\"article:modified_time\" content=\"2023-02-12T17:29:59+00:00\" \/>\n<meta property=\"og:image\" content=\"https:\/\/biancamachado.com.br\/blog\/wp-content\/uploads\/2023\/02\/021-2-scaled.jpg?v=1675801918\" \/>\n\t<meta property=\"og:image:width\" content=\"2560\" \/>\n\t<meta property=\"og:image:height\" content=\"1707\" \/>\n\t<meta property=\"og:image:type\" content=\"image\/jpeg\" \/>\n<meta name=\"author\" content=\"biancamachado\" \/>\n<meta name=\"twitter:card\" content=\"summary_large_image\" \/>\n<meta name=\"twitter:label1\" content=\"Escrito por\" \/>\n\t<meta name=\"twitter:data1\" content=\"biancamachado\" \/>\n\t<meta name=\"twitter:label2\" content=\"Est. tempo de leitura\" \/>\n\t<meta name=\"twitter:data2\" content=\"2 minutos\" \/>\n<script type=\"application\/ld+json\" class=\"yoast-schema-graph\">{\"@context\":\"https:\\\/\\\/schema.org\",\"@graph\":[{\"@type\":\"Article\",\"@id\":\"https:\\\/\\\/biancamachado.com.br\\\/blog\\\/a-importancia-da-identidade-visual-no-mercado-de-trabalho\\\/#article\",\"isPartOf\":{\"@id\":\"https:\\\/\\\/biancamachado.com.br\\\/blog\\\/a-importancia-da-identidade-visual-no-mercado-de-trabalho\\\/\"},\"author\":{\"name\":\"biancamachado\",\"@id\":\"https:\\\/\\\/biancamachado.com.br\\\/blog\\\/#\\\/schema\\\/person\\\/990263800ec5e9bdbbf092a2353550a1\"},\"headline\":\"A import\u00e2ncia da identidade visual no mercado de trabalho\",\"datePublished\":\"2023-02-07T20:34:21+00:00\",\"dateModified\":\"2023-02-12T17:29:59+00:00\",\"mainEntityOfPage\":{\"@id\":\"https:\\\/\\\/biancamachado.com.br\\\/blog\\\/a-importancia-da-identidade-visual-no-mercado-de-trabalho\\\/\"},\"wordCount\":223,\"commentCount\":0,\"publisher\":{\"@id\":\"https:\\\/\\\/biancamachado.com.br\\\/blog\\\/#organization\"},\"image\":{\"@id\":\"https:\\\/\\\/biancamachado.com.br\\\/blog\\\/a-importancia-da-identidade-visual-no-mercado-de-trabalho\\\/#primaryimage\"},\"thumbnailUrl\":\"https:\\\/\\\/i0.wp.com\\\/biancamachado.com.br\\\/blog\\\/wp-content\\\/uploads\\\/2023\\\/02\\\/021-2-scaled.jpg?fit=2560%2C1707&ssl=1?v=1675801918\",\"keywords\":[\"foto profissional\",\"fotografo\",\"fotos profissionais\",\"identidade visual\"],\"articleSection\":[\"Linkedin Retrato Profisional\"],\"inLanguage\":\"pt-BR\",\"potentialAction\":[{\"@type\":\"CommentAction\",\"name\":\"Comment\",\"target\":[\"https:\\\/\\\/biancamachado.com.br\\\/blog\\\/a-importancia-da-identidade-visual-no-mercado-de-trabalho\\\/#respond\"]}]},{\"@type\":\"WebPage\",\"@id\":\"https:\\\/\\\/biancamachado.com.br\\\/blog\\\/a-importancia-da-identidade-visual-no-mercado-de-trabalho\\\/\",\"url\":\"https:\\\/\\\/biancamachado.com.br\\\/blog\\\/a-importancia-da-identidade-visual-no-mercado-de-trabalho\\\/\",\"name\":\"A import\u00e2ncia da identidade visual no mercado de trabalho - STUDIO BIANCA MACHADO\",\"isPartOf\":{\"@id\":\"https:\\\/\\\/biancamachado.com.br\\\/blog\\\/#website\"},\"primaryImageOfPage\":{\"@id\":\"https:\\\/\\\/biancamachado.com.br\\\/blog\\\/a-importancia-da-identidade-visual-no-mercado-de-trabalho\\\/#primaryimage\"},\"image\":{\"@id\":\"https:\\\/\\\/biancamachado.com.br\\\/blog\\\/a-importancia-da-identidade-visual-no-mercado-de-trabalho\\\/#primaryimage\"},\"thumbnailUrl\":\"https:\\\/\\\/i0.wp.com\\\/biancamachado.com.br\\\/blog\\\/wp-content\\\/uploads\\\/2023\\\/02\\\/021-2-scaled.jpg?fit=2560%2C1707&ssl=1?v=1675801918\",\"datePublished\":\"2023-02-07T20:34:21+00:00\",\"dateModified\":\"2023-02-12T17:29:59+00:00\",\"breadcrumb\":{\"@id\":\"https:\\\/\\\/biancamachado.com.br\\\/blog\\\/a-importancia-da-identidade-visual-no-mercado-de-trabalho\\\/#breadcrumb\"},\"inLanguage\":\"pt-BR\",\"potentialAction\":[{\"@type\":\"ReadAction\",\"target\":[\"https:\\\/\\\/biancamachado.com.br\\\/blog\\\/a-importancia-da-identidade-visual-no-mercado-de-trabalho\\\/\"]}]},{\"@type\":\"ImageObject\",\"inLanguage\":\"pt-BR\",\"@id\":\"https:\\\/\\\/biancamachado.com.br\\\/blog\\\/a-importancia-da-identidade-visual-no-mercado-de-trabalho\\\/#primaryimage\",\"url\":\"https:\\\/\\\/i0.wp.com\\\/biancamachado.com.br\\\/blog\\\/wp-content\\\/uploads\\\/2023\\\/02\\\/021-2-scaled.jpg?fit=2560%2C1707&ssl=1?v=1675801918\",\"contentUrl\":\"https:\\\/\\\/i0.wp.com\\\/biancamachado.com.br\\\/blog\\\/wp-content\\\/uploads\\\/2023\\\/02\\\/021-2-scaled.jpg?fit=2560%2C1707&ssl=1?v=1675801918\",\"width\":2560,\"height\":1707,\"caption\":\"identidade visual\"},{\"@type\":\"BreadcrumbList\",\"@id\":\"https:\\\/\\\/biancamachado.com.br\\\/blog\\\/a-importancia-da-identidade-visual-no-mercado-de-trabalho\\\/#breadcrumb\",\"itemListElement\":[{\"@type\":\"ListItem\",\"position\":1,\"name\":\"In\u00edcio\",\"item\":\"https:\\\/\\\/biancamachado.com.br\\\/blog\\\/\"},{\"@type\":\"ListItem\",\"position\":2,\"name\":\"A import\u00e2ncia da identidade visual no mercado de trabalho\"}]},{\"@type\":\"WebSite\",\"@id\":\"https:\\\/\\\/biancamachado.com.br\\\/blog\\\/#website\",\"url\":\"https:\\\/\\\/biancamachado.com.br\\\/blog\\\/\",\"name\":\"STUDIO BIANCA MACHADO\",\"description\":\"Estudio Fotografico, Ensaios e Books de foto profissional\",\"publisher\":{\"@id\":\"https:\\\/\\\/biancamachado.com.br\\\/blog\\\/#organization\"},\"potentialAction\":[{\"@type\":\"SearchAction\",\"target\":{\"@type\":\"EntryPoint\",\"urlTemplate\":\"https:\\\/\\\/biancamachado.com.br\\\/blog\\\/?s={search_term_string}\"},\"query-input\":{\"@type\":\"PropertyValueSpecification\",\"valueRequired\":true,\"valueName\":\"search_term_string\"}}],\"inLanguage\":\"pt-BR\"},{\"@type\":\"Organization\",\"@id\":\"https:\\\/\\\/biancamachado.com.br\\\/blog\\\/#organization\",\"name\":\"STUDIO BIANCA MACHADO\",\"url\":\"https:\\\/\\\/biancamachado.com.br\\\/blog\\\/\",\"logo\":{\"@type\":\"ImageObject\",\"inLanguage\":\"pt-BR\",\"@id\":\"https:\\\/\\\/biancamachado.com.br\\\/blog\\\/#\\\/schema\\\/logo\\\/image\\\/\",\"url\":\"https:\\\/\\\/i0.wp.com\\\/biancamachado.com.br\\\/blog\\\/wp-content\\\/uploads\\\/2021\\\/02\\\/cropped-logo-ml.jpg?fit=278%2C100&ssl=1\",\"contentUrl\":\"https:\\\/\\\/i0.wp.com\\\/biancamachado.com.br\\\/blog\\\/wp-content\\\/uploads\\\/2021\\\/02\\\/cropped-logo-ml.jpg?fit=278%2C100&ssl=1\",\"width\":278,\"height\":100,\"caption\":\"STUDIO BIANCA MACHADO\"},\"image\":{\"@id\":\"https:\\\/\\\/biancamachado.com.br\\\/blog\\\/#\\\/schema\\\/logo\\\/image\\\/\"},\"sameAs\":[\"https:\\\/\\\/www.facebook.com\\\/Studiobiancamachado\\\/\",\"https:\\\/\\\/www.instagram.com\\\/Studiobiancamachado\\\/\"]},{\"@type\":\"Person\",\"@id\":\"https:\\\/\\\/biancamachado.com.br\\\/blog\\\/#\\\/schema\\\/person\\\/990263800ec5e9bdbbf092a2353550a1\",\"name\":\"biancamachado\",\"image\":{\"@type\":\"ImageObject\",\"inLanguage\":\"pt-BR\",\"@id\":\"https:\\\/\\\/secure.gravatar.com\\\/avatar\\\/62b1a50f2632dbc2e279c3eb55aa46cc324c969cff16a69c59756d155316542c?s=96&d=mm&r=g\",\"url\":\"https:\\\/\\\/secure.gravatar.com\\\/avatar\\\/62b1a50f2632dbc2e279c3eb55aa46cc324c969cff16a69c59756d155316542c?s=96&d=mm&r=g\",\"contentUrl\":\"https:\\\/\\\/secure.gravatar.com\\\/avatar\\\/62b1a50f2632dbc2e279c3eb55aa46cc324c969cff16a69c59756d155316542c?s=96&d=mm&r=g\",\"caption\":\"biancamachado\"},\"sameAs\":[\"https:\\\/\\\/biancamachado.com.br\\\/blog\"],\"url\":\"https:\\\/\\\/biancamachado.com.br\\\/blog\\\/author\\\/biancamachado\\\/\"}]}<\/script>\n<!-- \/ Yoast SEO plugin. -->","yoast_head_json":{"title":"A import\u00e2ncia da identidade visual no mercado de trabalho - STUDIO BIANCA MACHADO","robots":{"index":"index","follow":"follow","max-snippet":"max-snippet:-1","max-image-preview":"max-image-preview:large","max-video-preview":"max-video-preview:-1"},"canonical":"https:\/\/biancamachado.com.br\/blog\/a-importancia-da-identidade-visual-no-mercado-de-trabalho\/","og_locale":"pt_BR","og_type":"article","og_title":"A import\u00e2ncia da identidade visual no mercado de trabalho - STUDIO BIANCA MACHADO","og_description":"&#8220;A identidade visual \u00e9 o","og_url":"https:\/\/biancamachado.com.br\/blog\/a-importancia-da-identidade-visual-no-mercado-de-trabalho\/","og_site_name":"STUDIO BIANCA MACHADO","article_publisher":"https:\/\/www.facebook.com\/Studiobiancamachado\/","article_published_time":"2023-02-07T20:34:21+00:00","article_modified_time":"2023-02-12T17:29:59+00:00","og_image":[{"width":2560,"height":1707,"url":"https:\/\/biancamachado.com.br\/blog\/wp-content\/uploads\/2023\/02\/021-2-scaled.jpg?v=1675801918","type":"image\/jpeg"}],"author":"biancamachado","twitter_card":"summary_large_image","twitter_misc":{"Escrito por":"biancamachado","Est. tempo de leitura":"2 minutos"},"schema":{"@context":"https:\/\/schema.org","@graph":[{"@type":"Article","@id":"https:\/\/biancamachado.com.br\/blog\/a-importancia-da-identidade-visual-no-mercado-de-trabalho\/#article","isPartOf":{"@id":"https:\/\/biancamachado.com.br\/blog\/a-importancia-da-identidade-visual-no-mercado-de-trabalho\/"},"author":{"name":"biancamachado","@id":"https:\/\/biancamachado.com.br\/blog\/#\/schema\/person\/990263800ec5e9bdbbf092a2353550a1"},"headline":"A import\u00e2ncia da identidade visual no mercado de trabalho","datePublished":"2023-02-07T20:34:21+00:00","dateModified":"2023-02-12T17:29:59+00:00","mainEntityOfPage":{"@id":"https:\/\/biancamachado.com.br\/blog\/a-importancia-da-identidade-visual-no-mercado-de-trabalho\/"},"wordCount":223,"commentCount":0,"publisher":{"@id":"https:\/\/biancamachado.com.br\/blog\/#organization"},"image":{"@id":"https:\/\/biancamachado.com.br\/blog\/a-importancia-da-identidade-visual-no-mercado-de-trabalho\/#primaryimage"},"thumbnailUrl":"https:\/\/i0.wp.com\/biancamachado.com.br\/blog\/wp-content\/uploads\/2023\/02\/021-2-scaled.jpg?fit=2560%2C1707&ssl=1?v=1675801918","keywords":["foto profissional","fotografo","fotos profissionais","identidade visual"],"articleSection":["Linkedin Retrato Profisional"],"inLanguage":"pt-BR","potentialAction":[{"@type":"CommentAction","name":"Comment","target":["https:\/\/biancamachado.com.br\/blog\/a-importancia-da-identidade-visual-no-mercado-de-trabalho\/#respond"]}]},{"@type":"WebPage","@id":"https:\/\/biancamachado.com.br\/blog\/a-importancia-da-identidade-visual-no-mercado-de-trabalho\/","url":"https:\/\/biancamachado.com.br\/blog\/a-importancia-da-identidade-visual-no-mercado-de-trabalho\/","name":"A import\u00e2ncia da identidade visual no mercado de trabalho - STUDIO BIANCA MACHADO","isPartOf":{"@id":"https:\/\/biancamachado.com.br\/blog\/#website"},"primaryImageOfPage":{"@id":"https:\/\/biancamachado.com.br\/blog\/a-importancia-da-identidade-visual-no-mercado-de-trabalho\/#primaryimage"},"image":{"@id":"https:\/\/biancamachado.com.br\/blog\/a-importancia-da-identidade-visual-no-mercado-de-trabalho\/#primaryimage"},"thumbnailUrl":"https:\/\/i0.wp.com\/biancamachado.com.br\/blog\/wp-content\/uploads\/2023\/02\/021-2-scaled.jpg?fit=2560%2C1707&ssl=1?v=1675801918","datePublished":"2023-02-07T20:34:21+00:00","dateModified":"2023-02-12T17:29:59+00:00","breadcrumb":{"@id":"https:\/\/biancamachado.com.br\/blog\/a-importancia-da-identidade-visual-no-mercado-de-trabalho\/#breadcrumb"},"inLanguage":"pt-BR","potentialAction":[{"@type":"ReadAction","target":["https:\/\/biancamachado.com.br\/blog\/a-importancia-da-identidade-visual-no-mercado-de-trabalho\/"]}]},{"@type":"ImageObject","inLanguage":"pt-BR","@id":"https:\/\/biancamachado.com.br\/blog\/a-importancia-da-identidade-visual-no-mercado-de-trabalho\/#primaryimage","url":"https:\/\/i0.wp.com\/biancamachado.com.br\/blog\/wp-content\/uploads\/2023\/02\/021-2-scaled.jpg?fit=2560%2C1707&ssl=1?v=1675801918","contentUrl":"https:\/\/i0.wp.com\/biancamachado.com.br\/blog\/wp-content\/uploads\/2023\/02\/021-2-scaled.jpg?fit=2560%2C1707&ssl=1?v=1675801918","width":2560,"height":1707,"caption":"identidade visual"},{"@type":"BreadcrumbList","@id":"https:\/\/biancamachado.com.br\/blog\/a-importancia-da-identidade-visual-no-mercado-de-trabalho\/#breadcrumb","itemListElement":[{"@type":"ListItem","position":1,"name":"In\u00edcio","item":"https:\/\/biancamachado.com.br\/blog\/"},{"@type":"ListItem","position":2,"name":"A import\u00e2ncia da identidade visual no mercado de trabalho"}]},{"@type":"WebSite","@id":"https:\/\/biancamachado.com.br\/blog\/#website","url":"https:\/\/biancamachado.com.br\/blog\/","name":"STUDIO BIANCA MACHADO","description":"Estudio Fotografico, Ensaios e Books de foto profissional","publisher":{"@id":"https:\/\/biancamachado.com.br\/blog\/#organization"},"potentialAction":[{"@type":"SearchAction","target":{"@type":"EntryPoint","urlTemplate":"https:\/\/biancamachado.com.br\/blog\/?s={search_term_string}"},"query-input":{"@type":"PropertyValueSpecification","valueRequired":true,"valueName":"search_term_string"}}],"inLanguage":"pt-BR"},{"@type":"Organization","@id":"https:\/\/biancamachado.com.br\/blog\/#organization","name":"STUDIO BIANCA MACHADO","url":"https:\/\/biancamachado.com.br\/blog\/","logo":{"@type":"ImageObject","inLanguage":"pt-BR","@id":"https:\/\/biancamachado.com.br\/blog\/#\/schema\/logo\/image\/","url":"https:\/\/i0.wp.com\/biancamachado.com.br\/blog\/wp-content\/uploads\/2021\/02\/cropped-logo-ml.jpg?fit=278%2C100&ssl=1","contentUrl":"https:\/\/i0.wp.com\/biancamachado.com.br\/blog\/wp-content\/uploads\/2021\/02\/cropped-logo-ml.jpg?fit=278%2C100&ssl=1","width":278,"height":100,"caption":"STUDIO BIANCA MACHADO"},"image":{"@id":"https:\/\/biancamachado.com.br\/blog\/#\/schema\/logo\/image\/"},"sameAs":["https:\/\/www.facebook.com\/Studiobiancamachado\/","https:\/\/www.instagram.com\/Studiobiancamachado\/"]},{"@type":"Person","@id":"https:\/\/biancamachado.com.br\/blog\/#\/schema\/person\/990263800ec5e9bdbbf092a2353550a1","name":"biancamachado","image":{"@type":"ImageObject","inLanguage":"pt-BR","@id":"https:\/\/secure.gravatar.com\/avatar\/62b1a50f2632dbc2e279c3eb55aa46cc324c969cff16a69c59756d155316542c?s=96&d=mm&r=g","url":"https:\/\/secure.gravatar.com\/avatar\/62b1a50f2632dbc2e279c3eb55aa46cc324c969cff16a69c59756d155316542c?s=96&d=mm&r=g","contentUrl":"https:\/\/secure.gravatar.com\/avatar\/62b1a50f2632dbc2e279c3eb55aa46cc324c969cff16a69c59756d155316542c?s=96&d=mm&r=g","caption":"biancamachado"},"sameAs":["https:\/\/biancamachado.com.br\/blog"],"url":"https:\/\/biancamachado.com.br\/blog\/author\/biancamachado\/"}]}},"jetpack_featured_media_url":"https:\/\/i0.wp.com\/biancamachado.com.br\/blog\/wp-content\/uploads\/2023\/02\/021-2-scaled.jpg?fit=2560%2C1707&ssl=1?v=1675801918","jetpack-related-posts":[],"jetpack_sharing_enabled":true,"_links":{"self":[{"href":"https:\/\/biancamachado.com.br\/blog\/wp-json\/wp\/v2\/posts\/2935","targetHints":{"allow":["GET"]}}],"collection":[{"href":"https:\/\/biancamachado.com.br\/blog\/wp-json\/wp\/v2\/posts"}],"about":[{"href":"https:\/\/biancamachado.com.br\/blog\/wp-json\/wp\/v2\/types\/post"}],"author":[{"embeddable":true,"href":"https:\/\/biancamachado.com.br\/blog\/wp-json\/wp\/v2\/users\/1"}],"replies":[{"embeddable":true,"href":"https:\/\/biancamachado.com.br\/blog\/wp-json\/wp\/v2\/comments?post=2935"}],"version-history":[{"count":3,"href":"https:\/\/biancamachado.com.br\/blog\/wp-json\/wp\/v2\/posts\/2935\/revisions"}],"predecessor-version":[{"id":3217,"href":"https:\/\/biancamachado.com.br\/blog\/wp-json\/wp\/v2\/posts\/2935\/revisions\/3217"}],"wp:featuredmedia":[{"embeddable":true,"href":"https:\/\/biancamachado.com.br\/blog\/wp-json\/wp\/v2\/media\/3061"}],"wp:attachment":[{"href":"https:\/\/biancamachado.com.br\/blog\/wp-json\/wp\/v2\/media?parent=2935"}],"wp:term":[{"taxonomy":"category","embeddable":true,"href":"https:\/\/biancamachado.com.br\/blog\/wp-json\/wp\/v2\/categories?post=2935"},{"taxonomy":"post_tag","embeddable":true,"href":"https:\/\/biancamachado.com.br\/blog\/wp-json\/wp\/v2\/tags?post=2935"}],"curies":[{"name":"wp","href":"https:\/\/api.w.org\/{rel}","templated":true}]}}