{"id":2891,"date":"2022-09-30T11:49:19","date_gmt":"2022-09-30T14:49:19","guid":{"rendered":"https:\/\/biancamachado.com.br\/blog\/?p=2891"},"modified":"2023-02-12T14:26:40","modified_gmt":"2023-02-12T17:26:40","slug":"fotos-de-aniversario-infantil","status":"publish","type":"post","link":"https:\/\/biancamachado.com.br\/blog\/fotos-de-aniversario-infantil\/","title":{"rendered":"Fotos de anivers\u00e1rio Infantil"},"content":{"rendered":"\n<p>S\u00e3o tantos momentos especiais na fotografia, e tanta correria, que quase n\u00e3o encontramos tempo de compartilhar os melhores momentos aqui no blog, mas sempre vale registrar os pedacinhos de carinho e risadas que vivemos nos ultimos 15 anos de estudio.<\/p>\n\n\n\n<p>Fotografias s\u00e3o uma forma incr\u00edvel de eternizar momentos especiais, e em eventos infantis elas s\u00e3o ainda mais importantes, pois guardam as lembran\u00e7as da inf\u00e2ncia para sempre. E como os eventos infantis est\u00e3o cada vez mais variados, com festas tem\u00e1ticas, festas do pijama em buffets e eventos inspirados em artistas, escolher um fot\u00f3grafo que seja experiente e criativo \u00e9 fundamental para garantir registros incr\u00edveis e \u00fanicos.<\/p>\n\n\n\n<p>Se voc\u00ea est\u00e1 planejando uma festa do pijama em um buffet, por exemplo, contar com um fot\u00f3grafo que saiba capturar os momentos de descontra\u00e7\u00e3o e as brincadeiras das crian\u00e7as pode garantir lembran\u00e7as incr\u00edveis da noite. J\u00e1 se o tema da sua festa \u00e9 o Now United, um fot\u00f3grafo que conhe\u00e7a a m\u00fasica e a cultura do grupo pode criar um registro especial de uma festa moderna e animada.<\/p>\n\n\n\n<p>Mas independente do tema ou formato da festa infantil, a fotografia \u00e9 um elemento essencial para guardar as lembran\u00e7as do momento. Por isso, escolher um fot\u00f3grafo que tenha experi\u00eancia em eventos infantis e saiba capturar os detalhes e as emo\u00e7\u00f5es de cada momento \u00e9 fundamental. Com um olhar atento e criativo, o fot\u00f3grafo pode registrar os sorrisos, as gargalhadas, as brincadeiras e as intera\u00e7\u00f5es entre amigos e familiares, criando um registro \u00fanico e emocionante da festa.<\/p>\n\n\n\n<p>Se voc\u00ea est\u00e1 em busca de um fot\u00f3grafo para registrar os momentos especiais da sua festa infantil, o Studio Bianca Machado est\u00e1 pronto para atender voc\u00ea. Nossa equipe de fot\u00f3grafos experientes e criativos \u00e9 especializada em eventos infantis, e est\u00e1 preparada para capturar as melhores fotos da sua festa. Com aten\u00e7\u00e3o aos detalhes e um olhar atento \u00e0s emo\u00e7\u00f5es, garantimos registros \u00fanicos e inesquec\u00edveis que v\u00e3o guardar as lembran\u00e7as da inf\u00e2ncia para sempre.<\/p>\n\n\n\n<p>N\u00e3o perca a chance de registrar as melhores fotos da sua festa infantil. Entre em contato com o Studio Bianca Machado e tenha a certeza de contar com profissionais apaixonados pela fotografia e pelo universo infantil!<\/p>\n\n\n\n<p><\/p>\n\n\n\n<div class=\"wp-block-jetpack-tiled-gallery aligncenter is-style-rectangular\"><div class=\"tiled-gallery__gallery\"><div class=\"tiled-gallery__row\"><div class=\"tiled-gallery__col\" style=\"flex-basis:66.78742%\"><figure class=\"tiled-gallery__item\"><img decoding=\"async\" srcset=\"https:\/\/i1.wp.com\/biancamachado.com.br\/blog\/wp-content\/uploads\/2022\/09\/fotos-de-aniversario-scaled.jpg?strip=info&#038;w=600&#038;ssl=1 600w,https:\/\/i1.wp.com\/biancamachado.com.br\/blog\/wp-content\/uploads\/2022\/09\/fotos-de-aniversario-scaled.jpg?strip=info&#038;w=900&#038;ssl=1 900w,https:\/\/i1.wp.com\/biancamachado.com.br\/blog\/wp-content\/uploads\/2022\/09\/fotos-de-aniversario-scaled.jpg?strip=info&#038;w=1200&#038;ssl=1 1200w,https:\/\/i1.wp.com\/biancamachado.com.br\/blog\/wp-content\/uploads\/2022\/09\/fotos-de-aniversario-scaled.jpg?strip=info&#038;w=1500&#038;ssl=1 1500w,https:\/\/i1.wp.com\/biancamachado.com.br\/blog\/wp-content\/uploads\/2022\/09\/fotos-de-aniversario-scaled.jpg?strip=info&#038;w=1800&#038;ssl=1 1800w,https:\/\/i1.wp.com\/biancamachado.com.br\/blog\/wp-content\/uploads\/2022\/09\/fotos-de-aniversario-scaled.jpg?strip=info&#038;w=2000&#038;ssl=1 2000w\" alt=\"fotos de aniversario\" data-height=\"1707\" data-id=\"2894\" data-link=\"https:\/\/biancamachado.com.br\/blog\/fotos-de-aniversario-infantil\/fotos-de-aniversario\/\" data-url=\"https:\/\/biancamachado.com.br\/blog\/wp-content\/uploads\/2022\/09\/fotos-de-aniversario-scaled.jpg\" data-width=\"2560\" src=\"https:\/\/i1.wp.com\/biancamachado.com.br\/blog\/wp-content\/uploads\/2022\/09\/fotos-de-aniversario-scaled.jpg?ssl=1\" data-amp-layout=\"responsive\"\/><\/figure><\/div><div class=\"tiled-gallery__col\" style=\"flex-basis:33.21258%\"><figure class=\"tiled-gallery__item\"><img decoding=\"async\" srcset=\"https:\/\/i0.wp.com\/biancamachado.com.br\/blog\/wp-content\/uploads\/2022\/09\/fotos-aniversario-crianca-scaled.jpg?strip=info&#038;w=600&#038;ssl=1 600w,https:\/\/i0.wp.com\/biancamachado.com.br\/blog\/wp-content\/uploads\/2022\/09\/fotos-aniversario-crianca-scaled.jpg?strip=info&#038;w=900&#038;ssl=1 900w,https:\/\/i0.wp.com\/biancamachado.com.br\/blog\/wp-content\/uploads\/2022\/09\/fotos-aniversario-crianca-scaled.jpg?strip=info&#038;w=1200&#038;ssl=1 1200w,https:\/\/i0.wp.com\/biancamachado.com.br\/blog\/wp-content\/uploads\/2022\/09\/fotos-aniversario-crianca-scaled.jpg?strip=info&#038;w=1500&#038;ssl=1 1500w,https:\/\/i0.wp.com\/biancamachado.com.br\/blog\/wp-content\/uploads\/2022\/09\/fotos-aniversario-crianca-scaled.jpg?strip=info&#038;w=1800&#038;ssl=1 1800w,https:\/\/i0.wp.com\/biancamachado.com.br\/blog\/wp-content\/uploads\/2022\/09\/fotos-aniversario-crianca-scaled.jpg?strip=info&#038;w=2000&#038;ssl=1 2000w\" alt=\"fotos aniversario crianca\" data-height=\"1707\" data-id=\"2893\" data-link=\"https:\/\/biancamachado.com.br\/blog\/fotos-de-aniversario-infantil\/fotos-aniversario-crianca\/\" data-url=\"https:\/\/biancamachado.com.br\/blog\/wp-content\/uploads\/2022\/09\/fotos-aniversario-crianca-scaled.jpg\" data-width=\"2560\" src=\"https:\/\/i0.wp.com\/biancamachado.com.br\/blog\/wp-content\/uploads\/2022\/09\/fotos-aniversario-crianca-scaled.jpg?ssl=1\" data-amp-layout=\"responsive\"\/><\/figure><figure class=\"tiled-gallery__item\"><img decoding=\"async\" srcset=\"https:\/\/i0.wp.com\/biancamachado.com.br\/blog\/wp-content\/uploads\/2022\/09\/ideias-de-festas-infantil-scaled.jpg?strip=info&#038;w=600&#038;ssl=1 600w,https:\/\/i0.wp.com\/biancamachado.com.br\/blog\/wp-content\/uploads\/2022\/09\/ideias-de-festas-infantil-scaled.jpg?strip=info&#038;w=900&#038;ssl=1 900w,https:\/\/i0.wp.com\/biancamachado.com.br\/blog\/wp-content\/uploads\/2022\/09\/ideias-de-festas-infantil-scaled.jpg?strip=info&#038;w=1200&#038;ssl=1 1200w,https:\/\/i0.wp.com\/biancamachado.com.br\/blog\/wp-content\/uploads\/2022\/09\/ideias-de-festas-infantil-scaled.jpg?strip=info&#038;w=1500&#038;ssl=1 1500w,https:\/\/i0.wp.com\/biancamachado.com.br\/blog\/wp-content\/uploads\/2022\/09\/ideias-de-festas-infantil-scaled.jpg?strip=info&#038;w=1800&#038;ssl=1 1800w,https:\/\/i0.wp.com\/biancamachado.com.br\/blog\/wp-content\/uploads\/2022\/09\/ideias-de-festas-infantil-scaled.jpg?strip=info&#038;w=2000&#038;ssl=1 2000w\" alt=\"ideias de festas infantil\" data-height=\"1707\" data-id=\"2895\" data-link=\"https:\/\/biancamachado.com.br\/blog\/fotos-de-aniversario-infantil\/ideias-de-festas-infantil\/\" data-url=\"https:\/\/biancamachado.com.br\/blog\/wp-content\/uploads\/2022\/09\/ideias-de-festas-infantil-scaled.jpg\" data-width=\"2560\" src=\"https:\/\/i0.wp.com\/biancamachado.com.br\/blog\/wp-content\/uploads\/2022\/09\/ideias-de-festas-infantil-scaled.jpg?ssl=1\" data-amp-layout=\"responsive\"\/><\/figure><\/div><\/div><div class=\"tiled-gallery__row\"><div class=\"tiled-gallery__col\" style=\"flex-basis:52.74265%\"><figure class=\"tiled-gallery__item\"><img decoding=\"async\" srcset=\"https:\/\/i1.wp.com\/biancamachado.com.br\/blog\/wp-content\/uploads\/2022\/09\/aniversario-infantil-scaled.jpg?strip=info&#038;w=600&#038;ssl=1 600w,https:\/\/i1.wp.com\/biancamachado.com.br\/blog\/wp-content\/uploads\/2022\/09\/aniversario-infantil-scaled.jpg?strip=info&#038;w=900&#038;ssl=1 900w,https:\/\/i1.wp.com\/biancamachado.com.br\/blog\/wp-content\/uploads\/2022\/09\/aniversario-infantil-scaled.jpg?strip=info&#038;w=1200&#038;ssl=1 1200w,https:\/\/i1.wp.com\/biancamachado.com.br\/blog\/wp-content\/uploads\/2022\/09\/aniversario-infantil-scaled.jpg?strip=info&#038;w=1500&#038;ssl=1 1500w,https:\/\/i1.wp.com\/biancamachado.com.br\/blog\/wp-content\/uploads\/2022\/09\/aniversario-infantil-scaled.jpg?strip=info&#038;w=1800&#038;ssl=1 1800w,https:\/\/i1.wp.com\/biancamachado.com.br\/blog\/wp-content\/uploads\/2022\/09\/aniversario-infantil-scaled.jpg?strip=info&#038;w=2000&#038;ssl=1 2000w\" alt=\"aniversario infantil\" data-height=\"1707\" data-id=\"2896\" data-link=\"https:\/\/biancamachado.com.br\/blog\/fotos-de-aniversario-infantil\/aniversario-infantil\/\" data-url=\"https:\/\/biancamachado.com.br\/blog\/wp-content\/uploads\/2022\/09\/aniversario-infantil-scaled.jpg\" data-width=\"2560\" src=\"https:\/\/i1.wp.com\/biancamachado.com.br\/blog\/wp-content\/uploads\/2022\/09\/aniversario-infantil-scaled.jpg?ssl=1\" data-amp-layout=\"responsive\"\/><\/figure><figure class=\"tiled-gallery__item\"><img decoding=\"async\" srcset=\"https:\/\/i2.wp.com\/biancamachado.com.br\/blog\/wp-content\/uploads\/2022\/09\/decoracao-festa-infantil-scaled.jpg?strip=info&#038;w=600&#038;ssl=1 600w,https:\/\/i2.wp.com\/biancamachado.com.br\/blog\/wp-content\/uploads\/2022\/09\/decoracao-festa-infantil-scaled.jpg?strip=info&#038;w=900&#038;ssl=1 900w,https:\/\/i2.wp.com\/biancamachado.com.br\/blog\/wp-content\/uploads\/2022\/09\/decoracao-festa-infantil-scaled.jpg?strip=info&#038;w=1200&#038;ssl=1 1200w,https:\/\/i2.wp.com\/biancamachado.com.br\/blog\/wp-content\/uploads\/2022\/09\/decoracao-festa-infantil-scaled.jpg?strip=info&#038;w=1500&#038;ssl=1 1500w,https:\/\/i2.wp.com\/biancamachado.com.br\/blog\/wp-content\/uploads\/2022\/09\/decoracao-festa-infantil-scaled.jpg?strip=info&#038;w=1800&#038;ssl=1 1800w,https:\/\/i2.wp.com\/biancamachado.com.br\/blog\/wp-content\/uploads\/2022\/09\/decoracao-festa-infantil-scaled.jpg?strip=info&#038;w=2000&#038;ssl=1 2000w\" alt=\"decora\u00e7\u00e3o festa infantil\" data-height=\"1707\" data-id=\"2897\" data-link=\"https:\/\/biancamachado.com.br\/blog\/fotos-de-aniversario-infantil\/decoracao-festa-infantil\/\" data-url=\"https:\/\/biancamachado.com.br\/blog\/wp-content\/uploads\/2022\/09\/decoracao-festa-infantil-scaled.jpg\" data-width=\"2560\" src=\"https:\/\/i2.wp.com\/biancamachado.com.br\/blog\/wp-content\/uploads\/2022\/09\/decoracao-festa-infantil-scaled.jpg?ssl=1\" data-amp-layout=\"responsive\"\/><\/figure><\/div><div class=\"tiled-gallery__col\" style=\"flex-basis:47.25735%\"><figure class=\"tiled-gallery__item\"><img decoding=\"async\" srcset=\"https:\/\/i1.wp.com\/biancamachado.com.br\/blog\/wp-content\/uploads\/2022\/09\/fotografia-festa-aniversario-scaled.jpg?strip=info&#038;w=600&#038;ssl=1 600w,https:\/\/i1.wp.com\/biancamachado.com.br\/blog\/wp-content\/uploads\/2022\/09\/fotografia-festa-aniversario-scaled.jpg?strip=info&#038;w=900&#038;ssl=1 900w,https:\/\/i1.wp.com\/biancamachado.com.br\/blog\/wp-content\/uploads\/2022\/09\/fotografia-festa-aniversario-scaled.jpg?strip=info&#038;w=1200&#038;ssl=1 1200w,https:\/\/i1.wp.com\/biancamachado.com.br\/blog\/wp-content\/uploads\/2022\/09\/fotografia-festa-aniversario-scaled.jpg?strip=info&#038;w=1500&#038;ssl=1 1500w,https:\/\/i1.wp.com\/biancamachado.com.br\/blog\/wp-content\/uploads\/2022\/09\/fotografia-festa-aniversario-scaled.jpg?strip=info&#038;w=1707&#038;ssl=1 1707w\" alt=\"fotografia festa aniversario\" data-height=\"2560\" data-id=\"2898\" data-link=\"https:\/\/biancamachado.com.br\/blog\/fotos-de-aniversario-infantil\/fotografia-festa-aniversario\/\" data-url=\"https:\/\/biancamachado.com.br\/blog\/wp-content\/uploads\/2022\/09\/fotografia-festa-aniversario-scaled.jpg\" data-width=\"1707\" src=\"https:\/\/i1.wp.com\/biancamachado.com.br\/blog\/wp-content\/uploads\/2022\/09\/fotografia-festa-aniversario-scaled.jpg?ssl=1\" data-amp-layout=\"responsive\"\/><\/figure><\/div><\/div><div class=\"tiled-gallery__row\"><div class=\"tiled-gallery__col\" style=\"flex-basis:50.00000%\"><figure class=\"tiled-gallery__item\"><img decoding=\"async\" srcset=\"https:\/\/i1.wp.com\/biancamachado.com.br\/blog\/wp-content\/uploads\/2022\/09\/fotografia-infantil-scaled.jpg?strip=info&#038;w=600&#038;ssl=1 600w,https:\/\/i1.wp.com\/biancamachado.com.br\/blog\/wp-content\/uploads\/2022\/09\/fotografia-infantil-scaled.jpg?strip=info&#038;w=900&#038;ssl=1 900w,https:\/\/i1.wp.com\/biancamachado.com.br\/blog\/wp-content\/uploads\/2022\/09\/fotografia-infantil-scaled.jpg?strip=info&#038;w=1200&#038;ssl=1 1200w,https:\/\/i1.wp.com\/biancamachado.com.br\/blog\/wp-content\/uploads\/2022\/09\/fotografia-infantil-scaled.jpg?strip=info&#038;w=1500&#038;ssl=1 1500w,https:\/\/i1.wp.com\/biancamachado.com.br\/blog\/wp-content\/uploads\/2022\/09\/fotografia-infantil-scaled.jpg?strip=info&#038;w=1800&#038;ssl=1 1800w,https:\/\/i1.wp.com\/biancamachado.com.br\/blog\/wp-content\/uploads\/2022\/09\/fotografia-infantil-scaled.jpg?strip=info&#038;w=2000&#038;ssl=1 2000w\" alt=\"fotografia infantil\" data-height=\"1707\" data-id=\"2899\" data-link=\"https:\/\/biancamachado.com.br\/blog\/fotos-de-aniversario-infantil\/fotografia-infantil-2\/\" data-url=\"https:\/\/biancamachado.com.br\/blog\/wp-content\/uploads\/2022\/09\/fotografia-infantil-scaled.jpg\" data-width=\"2560\" src=\"https:\/\/i1.wp.com\/biancamachado.com.br\/blog\/wp-content\/uploads\/2022\/09\/fotografia-infantil-scaled.jpg?ssl=1\" data-amp-layout=\"responsive\"\/><\/figure><\/div><div class=\"tiled-gallery__col\" style=\"flex-basis:50.00000%\"><figure class=\"tiled-gallery__item\"><img decoding=\"async\" srcset=\"https:\/\/i0.wp.com\/biancamachado.com.br\/blog\/wp-content\/uploads\/2022\/09\/fotografos-de-festa-infantil-scaled.jpg?strip=info&#038;w=600&#038;ssl=1 600w,https:\/\/i0.wp.com\/biancamachado.com.br\/blog\/wp-content\/uploads\/2022\/09\/fotografos-de-festa-infantil-scaled.jpg?strip=info&#038;w=900&#038;ssl=1 900w,https:\/\/i0.wp.com\/biancamachado.com.br\/blog\/wp-content\/uploads\/2022\/09\/fotografos-de-festa-infantil-scaled.jpg?strip=info&#038;w=1200&#038;ssl=1 1200w,https:\/\/i0.wp.com\/biancamachado.com.br\/blog\/wp-content\/uploads\/2022\/09\/fotografos-de-festa-infantil-scaled.jpg?strip=info&#038;w=1500&#038;ssl=1 1500w,https:\/\/i0.wp.com\/biancamachado.com.br\/blog\/wp-content\/uploads\/2022\/09\/fotografos-de-festa-infantil-scaled.jpg?strip=info&#038;w=1800&#038;ssl=1 1800w,https:\/\/i0.wp.com\/biancamachado.com.br\/blog\/wp-content\/uploads\/2022\/09\/fotografos-de-festa-infantil-scaled.jpg?strip=info&#038;w=2000&#038;ssl=1 2000w\" alt=\"fotografos de festa infantil\" data-height=\"1707\" data-id=\"2900\" data-link=\"https:\/\/biancamachado.com.br\/blog\/fotos-de-aniversario-infantil\/fotografos-de-festa-infantil\/\" data-url=\"https:\/\/biancamachado.com.br\/blog\/wp-content\/uploads\/2022\/09\/fotografos-de-festa-infantil-scaled.jpg\" data-width=\"2560\" src=\"https:\/\/i0.wp.com\/biancamachado.com.br\/blog\/wp-content\/uploads\/2022\/09\/fotografos-de-festa-infantil-scaled.jpg?ssl=1\" data-amp-layout=\"responsive\"\/><\/figure><\/div><\/div><\/div><\/div>\nVisite tamb\u00e9m nosso site: www.biancamachado.com.br\r\n(11) 97107-1018\r\n\r\nAtendemos as regi\u00f5es de S\u00e3o Paulo, Sorocaba, Ibi\u00fana, Piedade, Votorantim, Cotia, Itupeva, Jundia\u00ed, It\u00fa e Campinas","protected":false},"excerpt":{"rendered":"<p>Se voc\u00ea est\u00e1 planejando uma festa do pijama em um buffet, por exemplo, contar com um fot\u00f3grafo que saiba capturar os momentos de descontra\u00e7\u00e3o e as brincadeiras das crian\u00e7as pode garantir lembran\u00e7as incr\u00edveis da noite. J\u00e1 se o tema da sua festa \u00e9 o Now United, um fot\u00f3grafo que conhe\u00e7a a m\u00fasica e a cultura do grupo pode criar um registro especial de uma festa moderna e animada.<\/p>\n","protected":false},"author":1,"featured_media":2894,"comment_status":"open","ping_status":"open","sticky":false,"template":"","format":"standard","meta":{"_monsterinsights_skip_tracking":false,"_monsterinsights_sitenote_active":false,"_monsterinsights_sitenote_note":"","_monsterinsights_sitenote_category":0,"jetpack_post_was_ever_published":false,"_jetpack_newsletter_access":"","_jetpack_dont_email_post_to_subs":false,"_jetpack_newsletter_tier_id":0,"_jetpack_memberships_contains_paywalled_content":false,"_jetpack_memberships_contains_paid_content":false,"_joinchat":[],"footnotes":""},"categories":[319],"tags":[648,651,646,647,645,397,649,370,650,357,644,643,561],"class_list":["post-2891","post","type-post","status-publish","format-standard","has-post-thumbnail","hentry","category-festa-infantil-aniversario","tag-buffet","tag-criativo","tag-evento-tematico","tag-experiente","tag-festa-do-pijama","tag-festa-infantil","tag-foto","tag-fotografia","tag-fotografo-2","tag-fotos-para-festa-de-aniversario-infantil","tag-lembrancas","tag-now-united","tag-profissional"],"yoast_head":"<!-- This site is optimized with the Yoast SEO plugin v27.4 - https:\/\/yoast.com\/product\/yoast-seo-wordpress\/ -->\n<title>Fotos de anivers\u00e1rio Infantil - STUDIO BIANCA MACHADO<\/title>\n<meta name=\"robots\" content=\"index, follow, max-snippet:-1, max-image-preview:large, max-video-preview:-1\" \/>\n<link rel=\"canonical\" href=\"https:\/\/biancamachado.com.br\/blog\/fotos-de-aniversario-infantil\/\" \/>\n<meta property=\"og:locale\" content=\"pt_BR\" \/>\n<meta property=\"og:type\" content=\"article\" \/>\n<meta property=\"og:title\" content=\"Fotos de anivers\u00e1rio Infantil - STUDIO BIANCA MACHADO\" \/>\n<meta property=\"og:description\" content=\"Se voc\u00ea est\u00e1 planejando uma festa do pijama em um buffet, por exemplo, contar com um fot\u00f3grafo que saiba capturar os momentos de descontra\u00e7\u00e3o e as brincadeiras das crian\u00e7as pode garantir lembran\u00e7as incr\u00edveis da noite. J\u00e1 se o tema da sua festa \u00e9 o Now United, um fot\u00f3grafo que conhe\u00e7a a m\u00fasica e a cultura do grupo pode criar um registro especial de uma festa moderna e animada.\" \/>\n<meta property=\"og:url\" content=\"https:\/\/biancamachado.com.br\/blog\/fotos-de-aniversario-infantil\/\" \/>\n<meta property=\"og:site_name\" content=\"STUDIO BIANCA MACHADO\" \/>\n<meta property=\"article:publisher\" content=\"https:\/\/www.facebook.com\/Studiobiancamachado\/\" \/>\n<meta property=\"article:published_time\" content=\"2022-09-30T14:49:19+00:00\" \/>\n<meta property=\"article:modified_time\" content=\"2023-02-12T17:26:40+00:00\" \/>\n<meta property=\"og:image\" content=\"https:\/\/biancamachado.com.br\/blog\/wp-content\/uploads\/2022\/09\/fotos-de-aniversario-scaled.jpg?v=1664548771\" \/>\n\t<meta property=\"og:image:width\" content=\"2560\" \/>\n\t<meta property=\"og:image:height\" content=\"1707\" \/>\n\t<meta property=\"og:image:type\" content=\"image\/jpeg\" \/>\n<meta name=\"author\" content=\"biancamachado\" \/>\n<meta name=\"twitter:card\" content=\"summary_large_image\" \/>\n<meta name=\"twitter:label1\" content=\"Escrito por\" \/>\n\t<meta name=\"twitter:data1\" content=\"biancamachado\" \/>\n\t<meta name=\"twitter:label2\" content=\"Est. tempo de leitura\" \/>\n\t<meta name=\"twitter:data2\" content=\"4 minutos\" \/>\n<script type=\"application\/ld+json\" class=\"yoast-schema-graph\">{\"@context\":\"https:\\\/\\\/schema.org\",\"@graph\":[{\"@type\":\"Article\",\"@id\":\"https:\\\/\\\/biancamachado.com.br\\\/blog\\\/fotos-de-aniversario-infantil\\\/#article\",\"isPartOf\":{\"@id\":\"https:\\\/\\\/biancamachado.com.br\\\/blog\\\/fotos-de-aniversario-infantil\\\/\"},\"author\":{\"name\":\"biancamachado\",\"@id\":\"https:\\\/\\\/biancamachado.com.br\\\/blog\\\/#\\\/schema\\\/person\\\/990263800ec5e9bdbbf092a2353550a1\"},\"headline\":\"Fotos de anivers\u00e1rio Infantil\",\"datePublished\":\"2022-09-30T14:49:19+00:00\",\"dateModified\":\"2023-02-12T17:26:40+00:00\",\"mainEntityOfPage\":{\"@id\":\"https:\\\/\\\/biancamachado.com.br\\\/blog\\\/fotos-de-aniversario-infantil\\\/\"},\"wordCount\":391,\"commentCount\":0,\"publisher\":{\"@id\":\"https:\\\/\\\/biancamachado.com.br\\\/blog\\\/#organization\"},\"image\":{\"@id\":\"https:\\\/\\\/biancamachado.com.br\\\/blog\\\/fotos-de-aniversario-infantil\\\/#primaryimage\"},\"thumbnailUrl\":\"https:\\\/\\\/i0.wp.com\\\/biancamachado.com.br\\\/blog\\\/wp-content\\\/uploads\\\/2022\\\/09\\\/fotos-de-aniversario-scaled.jpg?fit=2560%2C1707&ssl=1?v=1664548771\",\"keywords\":[\"buffet\",\"criativo\",\"evento tem\u00e1tico\",\"experiente\",\"festa do pijama\",\"festa infantil\",\"foto\",\"fotografia\",\"fot\u00f3grafo\",\"fotos para festa de aniversario infantil\",\"lembran\u00e7as\",\"Now United\",\"profissional\"],\"articleSection\":[\"Festa Infantil \\\/ Anivers\u00e1rio\"],\"inLanguage\":\"pt-BR\",\"potentialAction\":[{\"@type\":\"CommentAction\",\"name\":\"Comment\",\"target\":[\"https:\\\/\\\/biancamachado.com.br\\\/blog\\\/fotos-de-aniversario-infantil\\\/#respond\"]}]},{\"@type\":\"WebPage\",\"@id\":\"https:\\\/\\\/biancamachado.com.br\\\/blog\\\/fotos-de-aniversario-infantil\\\/\",\"url\":\"https:\\\/\\\/biancamachado.com.br\\\/blog\\\/fotos-de-aniversario-infantil\\\/\",\"name\":\"Fotos de anivers\u00e1rio Infantil - STUDIO BIANCA MACHADO\",\"isPartOf\":{\"@id\":\"https:\\\/\\\/biancamachado.com.br\\\/blog\\\/#website\"},\"primaryImageOfPage\":{\"@id\":\"https:\\\/\\\/biancamachado.com.br\\\/blog\\\/fotos-de-aniversario-infantil\\\/#primaryimage\"},\"image\":{\"@id\":\"https:\\\/\\\/biancamachado.com.br\\\/blog\\\/fotos-de-aniversario-infantil\\\/#primaryimage\"},\"thumbnailUrl\":\"https:\\\/\\\/i0.wp.com\\\/biancamachado.com.br\\\/blog\\\/wp-content\\\/uploads\\\/2022\\\/09\\\/fotos-de-aniversario-scaled.jpg?fit=2560%2C1707&ssl=1?v=1664548771\",\"datePublished\":\"2022-09-30T14:49:19+00:00\",\"dateModified\":\"2023-02-12T17:26:40+00:00\",\"breadcrumb\":{\"@id\":\"https:\\\/\\\/biancamachado.com.br\\\/blog\\\/fotos-de-aniversario-infantil\\\/#breadcrumb\"},\"inLanguage\":\"pt-BR\",\"potentialAction\":[{\"@type\":\"ReadAction\",\"target\":[\"https:\\\/\\\/biancamachado.com.br\\\/blog\\\/fotos-de-aniversario-infantil\\\/\"]}]},{\"@type\":\"ImageObject\",\"inLanguage\":\"pt-BR\",\"@id\":\"https:\\\/\\\/biancamachado.com.br\\\/blog\\\/fotos-de-aniversario-infantil\\\/#primaryimage\",\"url\":\"https:\\\/\\\/i0.wp.com\\\/biancamachado.com.br\\\/blog\\\/wp-content\\\/uploads\\\/2022\\\/09\\\/fotos-de-aniversario-scaled.jpg?fit=2560%2C1707&ssl=1?v=1664548771\",\"contentUrl\":\"https:\\\/\\\/i0.wp.com\\\/biancamachado.com.br\\\/blog\\\/wp-content\\\/uploads\\\/2022\\\/09\\\/fotos-de-aniversario-scaled.jpg?fit=2560%2C1707&ssl=1?v=1664548771\",\"width\":2560,\"height\":1707,\"caption\":\"fotos de aniversario\"},{\"@type\":\"BreadcrumbList\",\"@id\":\"https:\\\/\\\/biancamachado.com.br\\\/blog\\\/fotos-de-aniversario-infantil\\\/#breadcrumb\",\"itemListElement\":[{\"@type\":\"ListItem\",\"position\":1,\"name\":\"In\u00edcio\",\"item\":\"https:\\\/\\\/biancamachado.com.br\\\/blog\\\/\"},{\"@type\":\"ListItem\",\"position\":2,\"name\":\"Fotos de anivers\u00e1rio Infantil\"}]},{\"@type\":\"WebSite\",\"@id\":\"https:\\\/\\\/biancamachado.com.br\\\/blog\\\/#website\",\"url\":\"https:\\\/\\\/biancamachado.com.br\\\/blog\\\/\",\"name\":\"STUDIO BIANCA MACHADO\",\"description\":\"Estudio Fotografico, Ensaios e Books de foto profissional\",\"publisher\":{\"@id\":\"https:\\\/\\\/biancamachado.com.br\\\/blog\\\/#organization\"},\"potentialAction\":[{\"@type\":\"SearchAction\",\"target\":{\"@type\":\"EntryPoint\",\"urlTemplate\":\"https:\\\/\\\/biancamachado.com.br\\\/blog\\\/?s={search_term_string}\"},\"query-input\":{\"@type\":\"PropertyValueSpecification\",\"valueRequired\":true,\"valueName\":\"search_term_string\"}}],\"inLanguage\":\"pt-BR\"},{\"@type\":\"Organization\",\"@id\":\"https:\\\/\\\/biancamachado.com.br\\\/blog\\\/#organization\",\"name\":\"STUDIO BIANCA MACHADO\",\"url\":\"https:\\\/\\\/biancamachado.com.br\\\/blog\\\/\",\"logo\":{\"@type\":\"ImageObject\",\"inLanguage\":\"pt-BR\",\"@id\":\"https:\\\/\\\/biancamachado.com.br\\\/blog\\\/#\\\/schema\\\/logo\\\/image\\\/\",\"url\":\"https:\\\/\\\/i0.wp.com\\\/biancamachado.com.br\\\/blog\\\/wp-content\\\/uploads\\\/2021\\\/02\\\/cropped-logo-ml.jpg?fit=278%2C100&ssl=1\",\"contentUrl\":\"https:\\\/\\\/i0.wp.com\\\/biancamachado.com.br\\\/blog\\\/wp-content\\\/uploads\\\/2021\\\/02\\\/cropped-logo-ml.jpg?fit=278%2C100&ssl=1\",\"width\":278,\"height\":100,\"caption\":\"STUDIO BIANCA MACHADO\"},\"image\":{\"@id\":\"https:\\\/\\\/biancamachado.com.br\\\/blog\\\/#\\\/schema\\\/logo\\\/image\\\/\"},\"sameAs\":[\"https:\\\/\\\/www.facebook.com\\\/Studiobiancamachado\\\/\",\"https:\\\/\\\/www.instagram.com\\\/Studiobiancamachado\\\/\"]},{\"@type\":\"Person\",\"@id\":\"https:\\\/\\\/biancamachado.com.br\\\/blog\\\/#\\\/schema\\\/person\\\/990263800ec5e9bdbbf092a2353550a1\",\"name\":\"biancamachado\",\"image\":{\"@type\":\"ImageObject\",\"inLanguage\":\"pt-BR\",\"@id\":\"https:\\\/\\\/secure.gravatar.com\\\/avatar\\\/62b1a50f2632dbc2e279c3eb55aa46cc324c969cff16a69c59756d155316542c?s=96&d=mm&r=g\",\"url\":\"https:\\\/\\\/secure.gravatar.com\\\/avatar\\\/62b1a50f2632dbc2e279c3eb55aa46cc324c969cff16a69c59756d155316542c?s=96&d=mm&r=g\",\"contentUrl\":\"https:\\\/\\\/secure.gravatar.com\\\/avatar\\\/62b1a50f2632dbc2e279c3eb55aa46cc324c969cff16a69c59756d155316542c?s=96&d=mm&r=g\",\"caption\":\"biancamachado\"},\"sameAs\":[\"https:\\\/\\\/biancamachado.com.br\\\/blog\"],\"url\":\"https:\\\/\\\/biancamachado.com.br\\\/blog\\\/author\\\/biancamachado\\\/\"}]}<\/script>\n<!-- \/ Yoast SEO plugin. -->","yoast_head_json":{"title":"Fotos de anivers\u00e1rio Infantil - STUDIO BIANCA MACHADO","robots":{"index":"index","follow":"follow","max-snippet":"max-snippet:-1","max-image-preview":"max-image-preview:large","max-video-preview":"max-video-preview:-1"},"canonical":"https:\/\/biancamachado.com.br\/blog\/fotos-de-aniversario-infantil\/","og_locale":"pt_BR","og_type":"article","og_title":"Fotos de anivers\u00e1rio Infantil - STUDIO BIANCA MACHADO","og_description":"Se voc\u00ea est\u00e1 planejando uma festa do pijama em um buffet, por exemplo, contar com um fot\u00f3grafo que saiba capturar os momentos de descontra\u00e7\u00e3o e as brincadeiras das crian\u00e7as pode garantir lembran\u00e7as incr\u00edveis da noite. J\u00e1 se o tema da sua festa \u00e9 o Now United, um fot\u00f3grafo que conhe\u00e7a a m\u00fasica e a cultura do grupo pode criar um registro especial de uma festa moderna e animada.","og_url":"https:\/\/biancamachado.com.br\/blog\/fotos-de-aniversario-infantil\/","og_site_name":"STUDIO BIANCA MACHADO","article_publisher":"https:\/\/www.facebook.com\/Studiobiancamachado\/","article_published_time":"2022-09-30T14:49:19+00:00","article_modified_time":"2023-02-12T17:26:40+00:00","og_image":[{"width":2560,"height":1707,"url":"https:\/\/biancamachado.com.br\/blog\/wp-content\/uploads\/2022\/09\/fotos-de-aniversario-scaled.jpg?v=1664548771","type":"image\/jpeg"}],"author":"biancamachado","twitter_card":"summary_large_image","twitter_misc":{"Escrito por":"biancamachado","Est. tempo de leitura":"4 minutos"},"schema":{"@context":"https:\/\/schema.org","@graph":[{"@type":"Article","@id":"https:\/\/biancamachado.com.br\/blog\/fotos-de-aniversario-infantil\/#article","isPartOf":{"@id":"https:\/\/biancamachado.com.br\/blog\/fotos-de-aniversario-infantil\/"},"author":{"name":"biancamachado","@id":"https:\/\/biancamachado.com.br\/blog\/#\/schema\/person\/990263800ec5e9bdbbf092a2353550a1"},"headline":"Fotos de anivers\u00e1rio Infantil","datePublished":"2022-09-30T14:49:19+00:00","dateModified":"2023-02-12T17:26:40+00:00","mainEntityOfPage":{"@id":"https:\/\/biancamachado.com.br\/blog\/fotos-de-aniversario-infantil\/"},"wordCount":391,"commentCount":0,"publisher":{"@id":"https:\/\/biancamachado.com.br\/blog\/#organization"},"image":{"@id":"https:\/\/biancamachado.com.br\/blog\/fotos-de-aniversario-infantil\/#primaryimage"},"thumbnailUrl":"https:\/\/i0.wp.com\/biancamachado.com.br\/blog\/wp-content\/uploads\/2022\/09\/fotos-de-aniversario-scaled.jpg?fit=2560%2C1707&ssl=1?v=1664548771","keywords":["buffet","criativo","evento tem\u00e1tico","experiente","festa do pijama","festa infantil","foto","fotografia","fot\u00f3grafo","fotos para festa de aniversario infantil","lembran\u00e7as","Now United","profissional"],"articleSection":["Festa Infantil \/ Anivers\u00e1rio"],"inLanguage":"pt-BR","potentialAction":[{"@type":"CommentAction","name":"Comment","target":["https:\/\/biancamachado.com.br\/blog\/fotos-de-aniversario-infantil\/#respond"]}]},{"@type":"WebPage","@id":"https:\/\/biancamachado.com.br\/blog\/fotos-de-aniversario-infantil\/","url":"https:\/\/biancamachado.com.br\/blog\/fotos-de-aniversario-infantil\/","name":"Fotos de anivers\u00e1rio Infantil - STUDIO BIANCA MACHADO","isPartOf":{"@id":"https:\/\/biancamachado.com.br\/blog\/#website"},"primaryImageOfPage":{"@id":"https:\/\/biancamachado.com.br\/blog\/fotos-de-aniversario-infantil\/#primaryimage"},"image":{"@id":"https:\/\/biancamachado.com.br\/blog\/fotos-de-aniversario-infantil\/#primaryimage"},"thumbnailUrl":"https:\/\/i0.wp.com\/biancamachado.com.br\/blog\/wp-content\/uploads\/2022\/09\/fotos-de-aniversario-scaled.jpg?fit=2560%2C1707&ssl=1?v=1664548771","datePublished":"2022-09-30T14:49:19+00:00","dateModified":"2023-02-12T17:26:40+00:00","breadcrumb":{"@id":"https:\/\/biancamachado.com.br\/blog\/fotos-de-aniversario-infantil\/#breadcrumb"},"inLanguage":"pt-BR","potentialAction":[{"@type":"ReadAction","target":["https:\/\/biancamachado.com.br\/blog\/fotos-de-aniversario-infantil\/"]}]},{"@type":"ImageObject","inLanguage":"pt-BR","@id":"https:\/\/biancamachado.com.br\/blog\/fotos-de-aniversario-infantil\/#primaryimage","url":"https:\/\/i0.wp.com\/biancamachado.com.br\/blog\/wp-content\/uploads\/2022\/09\/fotos-de-aniversario-scaled.jpg?fit=2560%2C1707&ssl=1?v=1664548771","contentUrl":"https:\/\/i0.wp.com\/biancamachado.com.br\/blog\/wp-content\/uploads\/2022\/09\/fotos-de-aniversario-scaled.jpg?fit=2560%2C1707&ssl=1?v=1664548771","width":2560,"height":1707,"caption":"fotos de aniversario"},{"@type":"BreadcrumbList","@id":"https:\/\/biancamachado.com.br\/blog\/fotos-de-aniversario-infantil\/#breadcrumb","itemListElement":[{"@type":"ListItem","position":1,"name":"In\u00edcio","item":"https:\/\/biancamachado.com.br\/blog\/"},{"@type":"ListItem","position":2,"name":"Fotos de anivers\u00e1rio Infantil"}]},{"@type":"WebSite","@id":"https:\/\/biancamachado.com.br\/blog\/#website","url":"https:\/\/biancamachado.com.br\/blog\/","name":"STUDIO BIANCA MACHADO","description":"Estudio Fotografico, Ensaios e Books de foto profissional","publisher":{"@id":"https:\/\/biancamachado.com.br\/blog\/#organization"},"potentialAction":[{"@type":"SearchAction","target":{"@type":"EntryPoint","urlTemplate":"https:\/\/biancamachado.com.br\/blog\/?s={search_term_string}"},"query-input":{"@type":"PropertyValueSpecification","valueRequired":true,"valueName":"search_term_string"}}],"inLanguage":"pt-BR"},{"@type":"Organization","@id":"https:\/\/biancamachado.com.br\/blog\/#organization","name":"STUDIO BIANCA MACHADO","url":"https:\/\/biancamachado.com.br\/blog\/","logo":{"@type":"ImageObject","inLanguage":"pt-BR","@id":"https:\/\/biancamachado.com.br\/blog\/#\/schema\/logo\/image\/","url":"https:\/\/i0.wp.com\/biancamachado.com.br\/blog\/wp-content\/uploads\/2021\/02\/cropped-logo-ml.jpg?fit=278%2C100&ssl=1","contentUrl":"https:\/\/i0.wp.com\/biancamachado.com.br\/blog\/wp-content\/uploads\/2021\/02\/cropped-logo-ml.jpg?fit=278%2C100&ssl=1","width":278,"height":100,"caption":"STUDIO BIANCA MACHADO"},"image":{"@id":"https:\/\/biancamachado.com.br\/blog\/#\/schema\/logo\/image\/"},"sameAs":["https:\/\/www.facebook.com\/Studiobiancamachado\/","https:\/\/www.instagram.com\/Studiobiancamachado\/"]},{"@type":"Person","@id":"https:\/\/biancamachado.com.br\/blog\/#\/schema\/person\/990263800ec5e9bdbbf092a2353550a1","name":"biancamachado","image":{"@type":"ImageObject","inLanguage":"pt-BR","@id":"https:\/\/secure.gravatar.com\/avatar\/62b1a50f2632dbc2e279c3eb55aa46cc324c969cff16a69c59756d155316542c?s=96&d=mm&r=g","url":"https:\/\/secure.gravatar.com\/avatar\/62b1a50f2632dbc2e279c3eb55aa46cc324c969cff16a69c59756d155316542c?s=96&d=mm&r=g","contentUrl":"https:\/\/secure.gravatar.com\/avatar\/62b1a50f2632dbc2e279c3eb55aa46cc324c969cff16a69c59756d155316542c?s=96&d=mm&r=g","caption":"biancamachado"},"sameAs":["https:\/\/biancamachado.com.br\/blog"],"url":"https:\/\/biancamachado.com.br\/blog\/author\/biancamachado\/"}]}},"jetpack_featured_media_url":"https:\/\/i0.wp.com\/biancamachado.com.br\/blog\/wp-content\/uploads\/2022\/09\/fotos-de-aniversario-scaled.jpg?fit=2560%2C1707&ssl=1?v=1664548771","jetpack-related-posts":[],"jetpack_sharing_enabled":true,"_links":{"self":[{"href":"https:\/\/biancamachado.com.br\/blog\/wp-json\/wp\/v2\/posts\/2891","targetHints":{"allow":["GET"]}}],"collection":[{"href":"https:\/\/biancamachado.com.br\/blog\/wp-json\/wp\/v2\/posts"}],"about":[{"href":"https:\/\/biancamachado.com.br\/blog\/wp-json\/wp\/v2\/types\/post"}],"author":[{"embeddable":true,"href":"https:\/\/biancamachado.com.br\/blog\/wp-json\/wp\/v2\/users\/1"}],"replies":[{"embeddable":true,"href":"https:\/\/biancamachado.com.br\/blog\/wp-json\/wp\/v2\/comments?post=2891"}],"version-history":[{"count":3,"href":"https:\/\/biancamachado.com.br\/blog\/wp-json\/wp\/v2\/posts\/2891\/revisions"}],"predecessor-version":[{"id":3215,"href":"https:\/\/biancamachado.com.br\/blog\/wp-json\/wp\/v2\/posts\/2891\/revisions\/3215"}],"wp:featuredmedia":[{"embeddable":true,"href":"https:\/\/biancamachado.com.br\/blog\/wp-json\/wp\/v2\/media\/2894"}],"wp:attachment":[{"href":"https:\/\/biancamachado.com.br\/blog\/wp-json\/wp\/v2\/media?parent=2891"}],"wp:term":[{"taxonomy":"category","embeddable":true,"href":"https:\/\/biancamachado.com.br\/blog\/wp-json\/wp\/v2\/categories?post=2891"},{"taxonomy":"post_tag","embeddable":true,"href":"https:\/\/biancamachado.com.br\/blog\/wp-json\/wp\/v2\/tags?post=2891"}],"curies":[{"name":"wp","href":"https:\/\/api.w.org\/{rel}","templated":true}]}}