{"id":2657,"date":"2021-06-01T14:05:00","date_gmt":"2021-06-01T17:05:00","guid":{"rendered":"https:\/\/biancamachado.com.br\/blog\/?p=2657"},"modified":"2023-02-12T14:53:22","modified_gmt":"2023-02-12T17:53:22","slug":"fotos-de-perfil-profissional-com-fotografos","status":"publish","type":"post","link":"https:\/\/biancamachado.com.br\/blog\/fotos-de-perfil-profissional-com-fotografos\/","title":{"rendered":"Fotos de Perfil profissional com fot\u00f3grafos"},"content":{"rendered":"\n<p class=\"has-text-align-justify\">Trabalhar a imagem profissional para passar confian\u00e7a e empatia dos clientes \u00e9 um pr\u00e1tica cada vez mais atualizada aos profissionais que querem se destacar em seu segmento. As fotos podem ser feitas com est\u00fadio port\u00e1til no ambiente empresarial ou residencial com a orienta\u00e7\u00e3o de um fot\u00f3grafo profissional, especializado em projetos de imagem. <\/p>\n\n\n\n<p>Nos dias de hoje, a imagem que um profissional transmite atrav\u00e9s das redes sociais \u00e9 fundamental para o sucesso de sua carreira. E uma das formas mais eficazes de transmitir uma imagem profissional e confi\u00e1vel \u00e9 atrav\u00e9s da fotografia de perfil. A fotografia de perfil \u00e9 a imagem que acompanha o perfil profissional nas redes sociais e em outras m\u00eddias, e \u00e9 uma forma de transmitir a imagem que se deseja para a \u00e1rea de atua\u00e7\u00e3o.<\/p>\n\n\n\n<p>A fotografia de perfil pode ser um cart\u00e3o de visitas para quem busca novas oportunidades de trabalho ou quer se destacar em sua \u00e1rea de atua\u00e7\u00e3o. E para garantir que a fotografia transmita a imagem desejada, \u00e9 fundamental contar com um fot\u00f3grafo profissional que possa criar uma imagem coerente com a \u00e1rea de atua\u00e7\u00e3o e que destaque as melhores caracter\u00edsticas do profissional.<\/p>\n\n\n\n<div class=\"wp-block-jetpack-tiled-gallery aligncenter is-style-rectangular\"><div class=\"tiled-gallery__gallery\"><div class=\"tiled-gallery__row\"><div class=\"tiled-gallery__col\" style=\"flex-basis:25.00365%\"><figure class=\"tiled-gallery__item\"><img decoding=\"async\" srcset=\"https:\/\/i2.wp.com\/biancamachado.com.br\/blog\/wp-content\/uploads\/2021\/04\/016-4-scaled.jpg?strip=info&#038;w=600&#038;ssl=1 600w,https:\/\/i2.wp.com\/biancamachado.com.br\/blog\/wp-content\/uploads\/2021\/04\/016-4-scaled.jpg?strip=info&#038;w=900&#038;ssl=1 900w,https:\/\/i2.wp.com\/biancamachado.com.br\/blog\/wp-content\/uploads\/2021\/04\/016-4-scaled.jpg?strip=info&#038;w=1200&#038;ssl=1 1200w,https:\/\/i2.wp.com\/biancamachado.com.br\/blog\/wp-content\/uploads\/2021\/04\/016-4-scaled.jpg?strip=info&#038;w=1500&#038;ssl=1 1500w,https:\/\/i2.wp.com\/biancamachado.com.br\/blog\/wp-content\/uploads\/2021\/04\/016-4-scaled.jpg?strip=info&#038;w=1707&#038;ssl=1 1707w\" alt=\"fotografia de perfil profissional\" data-height=\"2560\" data-id=\"2440\" data-link=\"https:\/\/biancamachado.com.br\/blog\/016-8\/\" data-url=\"https:\/\/biancamachado.com.br\/blog\/wp-content\/uploads\/2021\/04\/016-4-scaled.jpg\" data-width=\"1707\" src=\"https:\/\/i2.wp.com\/biancamachado.com.br\/blog\/wp-content\/uploads\/2021\/04\/016-4-scaled.jpg?ssl=1\" data-amp-layout=\"responsive\"\/><\/figure><\/div><div class=\"tiled-gallery__col\" style=\"flex-basis:25.00365%\"><figure class=\"tiled-gallery__item\"><img decoding=\"async\" srcset=\"https:\/\/i1.wp.com\/biancamachado.com.br\/blog\/wp-content\/uploads\/2021\/04\/005-22-scaled.jpg?strip=info&#038;w=600&#038;ssl=1 600w,https:\/\/i1.wp.com\/biancamachado.com.br\/blog\/wp-content\/uploads\/2021\/04\/005-22-scaled.jpg?strip=info&#038;w=900&#038;ssl=1 900w,https:\/\/i1.wp.com\/biancamachado.com.br\/blog\/wp-content\/uploads\/2021\/04\/005-22-scaled.jpg?strip=info&#038;w=1200&#038;ssl=1 1200w,https:\/\/i1.wp.com\/biancamachado.com.br\/blog\/wp-content\/uploads\/2021\/04\/005-22-scaled.jpg?strip=info&#038;w=1500&#038;ssl=1 1500w,https:\/\/i1.wp.com\/biancamachado.com.br\/blog\/wp-content\/uploads\/2021\/04\/005-22-scaled.jpg?strip=info&#038;w=1707&#038;ssl=1 1707w\" alt=\"fotografia profissional de perfil\" data-height=\"2560\" data-id=\"2439\" data-link=\"https:\/\/biancamachado.com.br\/blog\/005-24\/\" data-url=\"https:\/\/biancamachado.com.br\/blog\/wp-content\/uploads\/2021\/04\/005-22-scaled.jpg\" data-width=\"1707\" src=\"https:\/\/i1.wp.com\/biancamachado.com.br\/blog\/wp-content\/uploads\/2021\/04\/005-22-scaled.jpg?ssl=1\" data-amp-layout=\"responsive\"\/><\/figure><\/div><div class=\"tiled-gallery__col\" style=\"flex-basis:25.00365%\"><figure class=\"tiled-gallery__item\"><img decoding=\"async\" srcset=\"https:\/\/i1.wp.com\/biancamachado.com.br\/blog\/wp-content\/uploads\/2021\/04\/004-16-scaled.jpg?strip=info&#038;w=600&#038;ssl=1 600w,https:\/\/i1.wp.com\/biancamachado.com.br\/blog\/wp-content\/uploads\/2021\/04\/004-16-scaled.jpg?strip=info&#038;w=900&#038;ssl=1 900w,https:\/\/i1.wp.com\/biancamachado.com.br\/blog\/wp-content\/uploads\/2021\/04\/004-16-scaled.jpg?strip=info&#038;w=1200&#038;ssl=1 1200w,https:\/\/i1.wp.com\/biancamachado.com.br\/blog\/wp-content\/uploads\/2021\/04\/004-16-scaled.jpg?strip=info&#038;w=1500&#038;ssl=1 1500w,https:\/\/i1.wp.com\/biancamachado.com.br\/blog\/wp-content\/uploads\/2021\/04\/004-16-scaled.jpg?strip=info&#038;w=1707&#038;ssl=1 1707w\" alt=\"fotos de perfil profissional\" data-height=\"2560\" data-id=\"2438\" data-link=\"https:\/\/biancamachado.com.br\/blog\/004-18\/\" data-url=\"https:\/\/biancamachado.com.br\/blog\/wp-content\/uploads\/2021\/04\/004-16-scaled.jpg\" data-width=\"1707\" src=\"https:\/\/i1.wp.com\/biancamachado.com.br\/blog\/wp-content\/uploads\/2021\/04\/004-16-scaled.jpg?ssl=1\" data-amp-layout=\"responsive\"\/><\/figure><\/div><div class=\"tiled-gallery__col\" style=\"flex-basis:24.98905%\"><figure class=\"tiled-gallery__item\"><img decoding=\"async\" srcset=\"https:\/\/i0.wp.com\/biancamachado.com.br\/blog\/wp-content\/uploads\/2021\/04\/003-25-scaled.jpg?strip=info&#038;w=600&#038;ssl=1 600w,https:\/\/i0.wp.com\/biancamachado.com.br\/blog\/wp-content\/uploads\/2021\/04\/003-25-scaled.jpg?strip=info&#038;w=900&#038;ssl=1 900w,https:\/\/i0.wp.com\/biancamachado.com.br\/blog\/wp-content\/uploads\/2021\/04\/003-25-scaled.jpg?strip=info&#038;w=1200&#038;ssl=1 1200w,https:\/\/i0.wp.com\/biancamachado.com.br\/blog\/wp-content\/uploads\/2021\/04\/003-25-scaled.jpg?strip=info&#038;w=1500&#038;ssl=1 1500w,https:\/\/i0.wp.com\/biancamachado.com.br\/blog\/wp-content\/uploads\/2021\/04\/003-25-scaled.jpg?strip=info&#038;w=1706&#038;ssl=1 1706w\" alt=\"fotos de perfil profissional com estudio portatil\" data-height=\"2560\" data-id=\"2437\" data-link=\"https:\/\/biancamachado.com.br\/blog\/003-30\/\" data-url=\"https:\/\/biancamachado.com.br\/blog\/wp-content\/uploads\/2021\/04\/003-25-scaled.jpg\" data-width=\"1706\" src=\"https:\/\/i0.wp.com\/biancamachado.com.br\/blog\/wp-content\/uploads\/2021\/04\/003-25-scaled.jpg?ssl=1\" data-amp-layout=\"responsive\"\/><\/figure><\/div><\/div><div class=\"tiled-gallery__row\"><div class=\"tiled-gallery__col\" style=\"flex-basis:25.00365%\"><figure class=\"tiled-gallery__item\"><img decoding=\"async\" srcset=\"https:\/\/i0.wp.com\/biancamachado.com.br\/blog\/wp-content\/uploads\/2021\/04\/002b-scaled.jpg?strip=info&#038;w=600&#038;ssl=1 600w,https:\/\/i0.wp.com\/biancamachado.com.br\/blog\/wp-content\/uploads\/2021\/04\/002b-scaled.jpg?strip=info&#038;w=900&#038;ssl=1 900w,https:\/\/i0.wp.com\/biancamachado.com.br\/blog\/wp-content\/uploads\/2021\/04\/002b-scaled.jpg?strip=info&#038;w=1200&#038;ssl=1 1200w,https:\/\/i0.wp.com\/biancamachado.com.br\/blog\/wp-content\/uploads\/2021\/04\/002b-scaled.jpg?strip=info&#038;w=1500&#038;ssl=1 1500w,https:\/\/i0.wp.com\/biancamachado.com.br\/blog\/wp-content\/uploads\/2021\/04\/002b-scaled.jpg?strip=info&#038;w=1707&#038;ssl=1 1707w\" alt=\"fotos de perfil com fotografo profissional\" data-height=\"2560\" data-id=\"2436\" data-link=\"https:\/\/biancamachado.com.br\/blog\/002b\/\" data-url=\"https:\/\/biancamachado.com.br\/blog\/wp-content\/uploads\/2021\/04\/002b-scaled.jpg\" data-width=\"1707\" src=\"https:\/\/i0.wp.com\/biancamachado.com.br\/blog\/wp-content\/uploads\/2021\/04\/002b-scaled.jpg?ssl=1\" data-amp-layout=\"responsive\"\/><\/figure><\/div><div class=\"tiled-gallery__col\" style=\"flex-basis:24.98905%\"><figure class=\"tiled-gallery__item\"><img decoding=\"async\" srcset=\"https:\/\/i0.wp.com\/biancamachado.com.br\/blog\/wp-content\/uploads\/2021\/04\/002-27-scaled.jpg?strip=info&#038;w=600&#038;ssl=1 600w,https:\/\/i0.wp.com\/biancamachado.com.br\/blog\/wp-content\/uploads\/2021\/04\/002-27-scaled.jpg?strip=info&#038;w=900&#038;ssl=1 900w,https:\/\/i0.wp.com\/biancamachado.com.br\/blog\/wp-content\/uploads\/2021\/04\/002-27-scaled.jpg?strip=info&#038;w=1200&#038;ssl=1 1200w,https:\/\/i0.wp.com\/biancamachado.com.br\/blog\/wp-content\/uploads\/2021\/04\/002-27-scaled.jpg?strip=info&#038;w=1500&#038;ssl=1 1500w,https:\/\/i0.wp.com\/biancamachado.com.br\/blog\/wp-content\/uploads\/2021\/04\/002-27-scaled.jpg?strip=info&#038;w=1706&#038;ssl=1 1706w\" alt=\"fotos para perfil profissional\" data-height=\"2560\" data-id=\"2435\" data-link=\"https:\/\/biancamachado.com.br\/blog\/002-31\/\" data-url=\"https:\/\/biancamachado.com.br\/blog\/wp-content\/uploads\/2021\/04\/002-27-scaled.jpg\" data-width=\"1706\" src=\"https:\/\/i0.wp.com\/biancamachado.com.br\/blog\/wp-content\/uploads\/2021\/04\/002-27-scaled.jpg?ssl=1\" data-amp-layout=\"responsive\"\/><\/figure><\/div><div class=\"tiled-gallery__col\" style=\"flex-basis:25.00365%\"><figure class=\"tiled-gallery__item\"><img decoding=\"async\" srcset=\"https:\/\/i2.wp.com\/biancamachado.com.br\/blog\/wp-content\/uploads\/2021\/04\/001booklinkedinmarcellahoremans31012020-scaled.jpg?strip=info&#038;w=600&#038;ssl=1 600w,https:\/\/i2.wp.com\/biancamachado.com.br\/blog\/wp-content\/uploads\/2021\/04\/001booklinkedinmarcellahoremans31012020-scaled.jpg?strip=info&#038;w=900&#038;ssl=1 900w,https:\/\/i2.wp.com\/biancamachado.com.br\/blog\/wp-content\/uploads\/2021\/04\/001booklinkedinmarcellahoremans31012020-scaled.jpg?strip=info&#038;w=1200&#038;ssl=1 1200w,https:\/\/i2.wp.com\/biancamachado.com.br\/blog\/wp-content\/uploads\/2021\/04\/001booklinkedinmarcellahoremans31012020-scaled.jpg?strip=info&#038;w=1500&#038;ssl=1 1500w,https:\/\/i2.wp.com\/biancamachado.com.br\/blog\/wp-content\/uploads\/2021\/04\/001booklinkedinmarcellahoremans31012020-scaled.jpg?strip=info&#038;w=1707&#038;ssl=1 1707w\" alt=\"fotos para perfil corporativo\" data-height=\"2560\" data-id=\"2434\" data-link=\"https:\/\/biancamachado.com.br\/blog\/001booklinkedinmarcellahoremans31012020\/\" data-url=\"https:\/\/biancamachado.com.br\/blog\/wp-content\/uploads\/2021\/04\/001booklinkedinmarcellahoremans31012020-scaled.jpg\" data-width=\"1707\" src=\"https:\/\/i2.wp.com\/biancamachado.com.br\/blog\/wp-content\/uploads\/2021\/04\/001booklinkedinmarcellahoremans31012020-scaled.jpg?ssl=1\" data-amp-layout=\"responsive\"\/><\/figure><\/div><div class=\"tiled-gallery__col\" style=\"flex-basis:25.00365%\"><figure class=\"tiled-gallery__item\"><img decoding=\"async\" srcset=\"https:\/\/i1.wp.com\/biancamachado.com.br\/blog\/wp-content\/uploads\/2021\/04\/022-7-scaled.jpg?strip=info&#038;w=600&#038;ssl=1 600w,https:\/\/i1.wp.com\/biancamachado.com.br\/blog\/wp-content\/uploads\/2021\/04\/022-7-scaled.jpg?strip=info&#038;w=900&#038;ssl=1 900w,https:\/\/i1.wp.com\/biancamachado.com.br\/blog\/wp-content\/uploads\/2021\/04\/022-7-scaled.jpg?strip=info&#038;w=1200&#038;ssl=1 1200w,https:\/\/i1.wp.com\/biancamachado.com.br\/blog\/wp-content\/uploads\/2021\/04\/022-7-scaled.jpg?strip=info&#038;w=1500&#038;ssl=1 1500w,https:\/\/i1.wp.com\/biancamachado.com.br\/blog\/wp-content\/uploads\/2021\/04\/022-7-scaled.jpg?strip=info&#038;w=1707&#038;ssl=1 1707w\" alt=\"fotografia profissional\" data-height=\"2560\" data-id=\"2433\" data-link=\"https:\/\/biancamachado.com.br\/blog\/022-9\/\" data-url=\"https:\/\/biancamachado.com.br\/blog\/wp-content\/uploads\/2021\/04\/022-7-scaled.jpg\" data-width=\"1707\" src=\"https:\/\/i1.wp.com\/biancamachado.com.br\/blog\/wp-content\/uploads\/2021\/04\/022-7-scaled.jpg?ssl=1\" data-amp-layout=\"responsive\"\/><\/figure><\/div><\/div><\/div><\/div>\n\n\n\n<p><\/p>\n\n\n\n<p>Ao escolher um fot\u00f3grafo para fazer a fotografia de perfil profissional, \u00e9 importante buscar um profissional que tenha experi\u00eancia em fotografia corporativa e que possa garantir um resultado de alta qualidade. O fot\u00f3grafo deve estar atento ao enquadramento, \u00e0 ilumina\u00e7\u00e3o e aos detalhes, para que a fotografia reflita a imagem profissional que se deseja transmitir.<\/p>\n\n\n\n<p>Se voc\u00ea est\u00e1 procurando um fot\u00f3grafo para fazer a fotografia de perfil profissional, o Studio Bianca Machado pode ajud\u00e1-lo. Com anos de experi\u00eancia em fotografia corporativa, nosso est\u00fadio \u00e9 capaz de criar uma fotografia que destaque suas melhores caracter\u00edsticas e reflita a imagem profissional que se deseja transmitir para sua \u00e1rea de atua\u00e7\u00e3o.<\/p>\n\n\n\n<p>N\u00e3o perca a oportunidade de transmitir a imagem profissional e confi\u00e1vel que se deseja para sua \u00e1rea de atua\u00e7\u00e3o. Entre em contato com o Studio Bianca Machado e saiba mais sobre nossos servi\u00e7os de fotografia de perfil profissional!<\/p>\nVisite tamb\u00e9m nosso site: www.biancamachado.com.br\r\n(11) 97107-1018\r\n\r\nAtendemos as regi\u00f5es de S\u00e3o Paulo, Sorocaba, Ibi\u00fana, Piedade, Votorantim, Cotia, Itupeva, Jundia\u00ed, It\u00fa e Campinas","protected":false},"excerpt":{"rendered":"<p>Trabalhar a imagem profissional para passar confian\u00e7a e empatia dos clientes \u00e9 um pr\u00e1tica cada vez mais atualizada aos profissionais que querem se destacar em seu segmento. As fotos podem ser feitas com est\u00fadio port\u00e1til no ambiente empresarial ou residencial com a orienta\u00e7\u00e3o de um fot\u00f3grafo profissional, especializado em projetos de imagem. Atendemos as regi\u00f5es de S\u00e3o Paulo e Sorocaba, entre em contato conosco.<\/p>\n","protected":false},"author":1,"featured_media":2435,"comment_status":"open","ping_status":"open","sticky":false,"template":"","format":"standard","meta":{"_monsterinsights_skip_tracking":false,"_monsterinsights_sitenote_active":false,"_monsterinsights_sitenote_note":"","_monsterinsights_sitenote_category":0,"jetpack_post_was_ever_published":false,"_jetpack_newsletter_access":"","_jetpack_dont_email_post_to_subs":false,"_jetpack_newsletter_tier_id":0,"_jetpack_memberships_contains_paywalled_content":false,"_jetpack_memberships_contains_paid_content":false,"_joinchat":[],"footnotes":""},"categories":[322,297,1],"tags":[654,509,494,398,442,436,652],"class_list":["post-2657","post","type-post","status-publish","format-standard","has-post-thumbnail","hentry","category-corporativo-eventos","category-linkedin-retrato-profisional","category-studio-bianca-machado","tag-fotografia-corporativa","tag-fotografia-de-perfil","tag-fotografo-profissional","tag-fotografos-profissionais","tag-fotos-de-perfil-profissional","tag-identidade-visual","tag-imagem-profissional"],"yoast_head":"<!-- This site is optimized with the Yoast SEO plugin v27.4 - https:\/\/yoast.com\/product\/yoast-seo-wordpress\/ -->\n<title>Fotos de Perfil profissional com fot\u00f3grafos - STUDIO BIANCA MACHADO<\/title>\n<meta name=\"robots\" content=\"index, follow, max-snippet:-1, max-image-preview:large, max-video-preview:-1\" \/>\n<link rel=\"canonical\" href=\"https:\/\/biancamachado.com.br\/blog\/fotos-de-perfil-profissional-com-fotografos\/\" \/>\n<meta property=\"og:locale\" content=\"pt_BR\" \/>\n<meta property=\"og:type\" content=\"article\" \/>\n<meta property=\"og:title\" content=\"Fotos de Perfil profissional com fot\u00f3grafos - STUDIO BIANCA MACHADO\" \/>\n<meta property=\"og:description\" content=\"Trabalhar a imagem profissional para passar confian\u00e7a e empatia dos clientes \u00e9 um pr\u00e1tica cada vez mais atualizada aos profissionais que querem se destacar em seu segmento. As fotos podem ser feitas com est\u00fadio port\u00e1til no ambiente empresarial ou residencial com a orienta\u00e7\u00e3o de um fot\u00f3grafo profissional, especializado em projetos de imagem. Atendemos as regi\u00f5es de S\u00e3o Paulo e Sorocaba, entre em contato conosco.\" \/>\n<meta property=\"og:url\" content=\"https:\/\/biancamachado.com.br\/blog\/fotos-de-perfil-profissional-com-fotografos\/\" \/>\n<meta property=\"og:site_name\" content=\"STUDIO BIANCA MACHADO\" \/>\n<meta property=\"article:publisher\" content=\"https:\/\/www.facebook.com\/Studiobiancamachado\/\" \/>\n<meta property=\"article:published_time\" content=\"2021-06-01T17:05:00+00:00\" \/>\n<meta property=\"article:modified_time\" content=\"2023-02-12T17:53:22+00:00\" \/>\n<meta property=\"og:image\" content=\"https:\/\/biancamachado.com.br\/blog\/wp-content\/uploads\/2021\/04\/002-27-scaled.jpg?v=1617822301\" \/>\n\t<meta property=\"og:image:width\" content=\"1706\" \/>\n\t<meta property=\"og:image:height\" content=\"2560\" \/>\n\t<meta property=\"og:image:type\" content=\"image\/jpeg\" \/>\n<meta name=\"author\" content=\"biancamachado\" \/>\n<meta name=\"twitter:card\" content=\"summary_large_image\" \/>\n<meta name=\"twitter:label1\" content=\"Escrito por\" \/>\n\t<meta name=\"twitter:data1\" content=\"biancamachado\" \/>\n\t<meta name=\"twitter:label2\" content=\"Est. tempo de leitura\" \/>\n\t<meta name=\"twitter:data2\" content=\"4 minutos\" \/>\n<script type=\"application\/ld+json\" class=\"yoast-schema-graph\">{\"@context\":\"https:\\\/\\\/schema.org\",\"@graph\":[{\"@type\":\"Article\",\"@id\":\"https:\\\/\\\/biancamachado.com.br\\\/blog\\\/fotos-de-perfil-profissional-com-fotografos\\\/#article\",\"isPartOf\":{\"@id\":\"https:\\\/\\\/biancamachado.com.br\\\/blog\\\/fotos-de-perfil-profissional-com-fotografos\\\/\"},\"author\":{\"name\":\"biancamachado\",\"@id\":\"https:\\\/\\\/biancamachado.com.br\\\/blog\\\/#\\\/schema\\\/person\\\/990263800ec5e9bdbbf092a2353550a1\"},\"headline\":\"Fotos de Perfil profissional com fot\u00f3grafos\",\"datePublished\":\"2021-06-01T17:05:00+00:00\",\"dateModified\":\"2023-02-12T17:53:22+00:00\",\"mainEntityOfPage\":{\"@id\":\"https:\\\/\\\/biancamachado.com.br\\\/blog\\\/fotos-de-perfil-profissional-com-fotografos\\\/\"},\"wordCount\":364,\"commentCount\":0,\"publisher\":{\"@id\":\"https:\\\/\\\/biancamachado.com.br\\\/blog\\\/#organization\"},\"image\":{\"@id\":\"https:\\\/\\\/biancamachado.com.br\\\/blog\\\/fotos-de-perfil-profissional-com-fotografos\\\/#primaryimage\"},\"thumbnailUrl\":\"https:\\\/\\\/i0.wp.com\\\/biancamachado.com.br\\\/blog\\\/wp-content\\\/uploads\\\/2021\\\/04\\\/002-27-scaled.jpg?fit=1706%2C2560&ssl=1?v=1617822301\",\"keywords\":[\"fotografia corporativa\",\"Fotografia de perfil\",\"Fot\u00f3grafo Profissional\",\"fotografos profissionais\",\"fotos de perfil profissional\",\"identidade visual\",\"imagem profissional\"],\"articleSection\":[\"Corporativo \\\/ Eventos\",\"Linkedin Retrato Profisional\",\"Studio Bianca Machado\"],\"inLanguage\":\"pt-BR\",\"potentialAction\":[{\"@type\":\"CommentAction\",\"name\":\"Comment\",\"target\":[\"https:\\\/\\\/biancamachado.com.br\\\/blog\\\/fotos-de-perfil-profissional-com-fotografos\\\/#respond\"]}]},{\"@type\":\"WebPage\",\"@id\":\"https:\\\/\\\/biancamachado.com.br\\\/blog\\\/fotos-de-perfil-profissional-com-fotografos\\\/\",\"url\":\"https:\\\/\\\/biancamachado.com.br\\\/blog\\\/fotos-de-perfil-profissional-com-fotografos\\\/\",\"name\":\"Fotos de Perfil profissional com fot\u00f3grafos - STUDIO BIANCA MACHADO\",\"isPartOf\":{\"@id\":\"https:\\\/\\\/biancamachado.com.br\\\/blog\\\/#website\"},\"primaryImageOfPage\":{\"@id\":\"https:\\\/\\\/biancamachado.com.br\\\/blog\\\/fotos-de-perfil-profissional-com-fotografos\\\/#primaryimage\"},\"image\":{\"@id\":\"https:\\\/\\\/biancamachado.com.br\\\/blog\\\/fotos-de-perfil-profissional-com-fotografos\\\/#primaryimage\"},\"thumbnailUrl\":\"https:\\\/\\\/i0.wp.com\\\/biancamachado.com.br\\\/blog\\\/wp-content\\\/uploads\\\/2021\\\/04\\\/002-27-scaled.jpg?fit=1706%2C2560&ssl=1?v=1617822301\",\"datePublished\":\"2021-06-01T17:05:00+00:00\",\"dateModified\":\"2023-02-12T17:53:22+00:00\",\"breadcrumb\":{\"@id\":\"https:\\\/\\\/biancamachado.com.br\\\/blog\\\/fotos-de-perfil-profissional-com-fotografos\\\/#breadcrumb\"},\"inLanguage\":\"pt-BR\",\"potentialAction\":[{\"@type\":\"ReadAction\",\"target\":[\"https:\\\/\\\/biancamachado.com.br\\\/blog\\\/fotos-de-perfil-profissional-com-fotografos\\\/\"]}]},{\"@type\":\"ImageObject\",\"inLanguage\":\"pt-BR\",\"@id\":\"https:\\\/\\\/biancamachado.com.br\\\/blog\\\/fotos-de-perfil-profissional-com-fotografos\\\/#primaryimage\",\"url\":\"https:\\\/\\\/i0.wp.com\\\/biancamachado.com.br\\\/blog\\\/wp-content\\\/uploads\\\/2021\\\/04\\\/002-27-scaled.jpg?fit=1706%2C2560&ssl=1?v=1617822301\",\"contentUrl\":\"https:\\\/\\\/i0.wp.com\\\/biancamachado.com.br\\\/blog\\\/wp-content\\\/uploads\\\/2021\\\/04\\\/002-27-scaled.jpg?fit=1706%2C2560&ssl=1?v=1617822301\",\"width\":1706,\"height\":2560,\"caption\":\"fotos para perfil profissional\"},{\"@type\":\"BreadcrumbList\",\"@id\":\"https:\\\/\\\/biancamachado.com.br\\\/blog\\\/fotos-de-perfil-profissional-com-fotografos\\\/#breadcrumb\",\"itemListElement\":[{\"@type\":\"ListItem\",\"position\":1,\"name\":\"In\u00edcio\",\"item\":\"https:\\\/\\\/biancamachado.com.br\\\/blog\\\/\"},{\"@type\":\"ListItem\",\"position\":2,\"name\":\"Fotos de Perfil profissional com fot\u00f3grafos\"}]},{\"@type\":\"WebSite\",\"@id\":\"https:\\\/\\\/biancamachado.com.br\\\/blog\\\/#website\",\"url\":\"https:\\\/\\\/biancamachado.com.br\\\/blog\\\/\",\"name\":\"STUDIO BIANCA MACHADO\",\"description\":\"Estudio Fotografico, Ensaios e Books de foto profissional\",\"publisher\":{\"@id\":\"https:\\\/\\\/biancamachado.com.br\\\/blog\\\/#organization\"},\"potentialAction\":[{\"@type\":\"SearchAction\",\"target\":{\"@type\":\"EntryPoint\",\"urlTemplate\":\"https:\\\/\\\/biancamachado.com.br\\\/blog\\\/?s={search_term_string}\"},\"query-input\":{\"@type\":\"PropertyValueSpecification\",\"valueRequired\":true,\"valueName\":\"search_term_string\"}}],\"inLanguage\":\"pt-BR\"},{\"@type\":\"Organization\",\"@id\":\"https:\\\/\\\/biancamachado.com.br\\\/blog\\\/#organization\",\"name\":\"STUDIO BIANCA MACHADO\",\"url\":\"https:\\\/\\\/biancamachado.com.br\\\/blog\\\/\",\"logo\":{\"@type\":\"ImageObject\",\"inLanguage\":\"pt-BR\",\"@id\":\"https:\\\/\\\/biancamachado.com.br\\\/blog\\\/#\\\/schema\\\/logo\\\/image\\\/\",\"url\":\"https:\\\/\\\/i0.wp.com\\\/biancamachado.com.br\\\/blog\\\/wp-content\\\/uploads\\\/2021\\\/02\\\/cropped-logo-ml.jpg?fit=278%2C100&ssl=1\",\"contentUrl\":\"https:\\\/\\\/i0.wp.com\\\/biancamachado.com.br\\\/blog\\\/wp-content\\\/uploads\\\/2021\\\/02\\\/cropped-logo-ml.jpg?fit=278%2C100&ssl=1\",\"width\":278,\"height\":100,\"caption\":\"STUDIO BIANCA MACHADO\"},\"image\":{\"@id\":\"https:\\\/\\\/biancamachado.com.br\\\/blog\\\/#\\\/schema\\\/logo\\\/image\\\/\"},\"sameAs\":[\"https:\\\/\\\/www.facebook.com\\\/Studiobiancamachado\\\/\",\"https:\\\/\\\/www.instagram.com\\\/Studiobiancamachado\\\/\"]},{\"@type\":\"Person\",\"@id\":\"https:\\\/\\\/biancamachado.com.br\\\/blog\\\/#\\\/schema\\\/person\\\/990263800ec5e9bdbbf092a2353550a1\",\"name\":\"biancamachado\",\"image\":{\"@type\":\"ImageObject\",\"inLanguage\":\"pt-BR\",\"@id\":\"https:\\\/\\\/secure.gravatar.com\\\/avatar\\\/62b1a50f2632dbc2e279c3eb55aa46cc324c969cff16a69c59756d155316542c?s=96&d=mm&r=g\",\"url\":\"https:\\\/\\\/secure.gravatar.com\\\/avatar\\\/62b1a50f2632dbc2e279c3eb55aa46cc324c969cff16a69c59756d155316542c?s=96&d=mm&r=g\",\"contentUrl\":\"https:\\\/\\\/secure.gravatar.com\\\/avatar\\\/62b1a50f2632dbc2e279c3eb55aa46cc324c969cff16a69c59756d155316542c?s=96&d=mm&r=g\",\"caption\":\"biancamachado\"},\"sameAs\":[\"https:\\\/\\\/biancamachado.com.br\\\/blog\"],\"url\":\"https:\\\/\\\/biancamachado.com.br\\\/blog\\\/author\\\/biancamachado\\\/\"}]}<\/script>\n<!-- \/ Yoast SEO plugin. -->","yoast_head_json":{"title":"Fotos de Perfil profissional com fot\u00f3grafos - STUDIO BIANCA MACHADO","robots":{"index":"index","follow":"follow","max-snippet":"max-snippet:-1","max-image-preview":"max-image-preview:large","max-video-preview":"max-video-preview:-1"},"canonical":"https:\/\/biancamachado.com.br\/blog\/fotos-de-perfil-profissional-com-fotografos\/","og_locale":"pt_BR","og_type":"article","og_title":"Fotos de Perfil profissional com fot\u00f3grafos - STUDIO BIANCA MACHADO","og_description":"Trabalhar a imagem profissional para passar confian\u00e7a e empatia dos clientes \u00e9 um pr\u00e1tica cada vez mais atualizada aos profissionais que querem se destacar em seu segmento. As fotos podem ser feitas com est\u00fadio port\u00e1til no ambiente empresarial ou residencial com a orienta\u00e7\u00e3o de um fot\u00f3grafo profissional, especializado em projetos de imagem. Atendemos as regi\u00f5es de S\u00e3o Paulo e Sorocaba, entre em contato conosco.","og_url":"https:\/\/biancamachado.com.br\/blog\/fotos-de-perfil-profissional-com-fotografos\/","og_site_name":"STUDIO BIANCA MACHADO","article_publisher":"https:\/\/www.facebook.com\/Studiobiancamachado\/","article_published_time":"2021-06-01T17:05:00+00:00","article_modified_time":"2023-02-12T17:53:22+00:00","og_image":[{"width":1706,"height":2560,"url":"https:\/\/biancamachado.com.br\/blog\/wp-content\/uploads\/2021\/04\/002-27-scaled.jpg?v=1617822301","type":"image\/jpeg"}],"author":"biancamachado","twitter_card":"summary_large_image","twitter_misc":{"Escrito por":"biancamachado","Est. tempo de leitura":"4 minutos"},"schema":{"@context":"https:\/\/schema.org","@graph":[{"@type":"Article","@id":"https:\/\/biancamachado.com.br\/blog\/fotos-de-perfil-profissional-com-fotografos\/#article","isPartOf":{"@id":"https:\/\/biancamachado.com.br\/blog\/fotos-de-perfil-profissional-com-fotografos\/"},"author":{"name":"biancamachado","@id":"https:\/\/biancamachado.com.br\/blog\/#\/schema\/person\/990263800ec5e9bdbbf092a2353550a1"},"headline":"Fotos de Perfil profissional com fot\u00f3grafos","datePublished":"2021-06-01T17:05:00+00:00","dateModified":"2023-02-12T17:53:22+00:00","mainEntityOfPage":{"@id":"https:\/\/biancamachado.com.br\/blog\/fotos-de-perfil-profissional-com-fotografos\/"},"wordCount":364,"commentCount":0,"publisher":{"@id":"https:\/\/biancamachado.com.br\/blog\/#organization"},"image":{"@id":"https:\/\/biancamachado.com.br\/blog\/fotos-de-perfil-profissional-com-fotografos\/#primaryimage"},"thumbnailUrl":"https:\/\/i0.wp.com\/biancamachado.com.br\/blog\/wp-content\/uploads\/2021\/04\/002-27-scaled.jpg?fit=1706%2C2560&ssl=1?v=1617822301","keywords":["fotografia corporativa","Fotografia de perfil","Fot\u00f3grafo Profissional","fotografos profissionais","fotos de perfil profissional","identidade visual","imagem profissional"],"articleSection":["Corporativo \/ Eventos","Linkedin Retrato Profisional","Studio Bianca Machado"],"inLanguage":"pt-BR","potentialAction":[{"@type":"CommentAction","name":"Comment","target":["https:\/\/biancamachado.com.br\/blog\/fotos-de-perfil-profissional-com-fotografos\/#respond"]}]},{"@type":"WebPage","@id":"https:\/\/biancamachado.com.br\/blog\/fotos-de-perfil-profissional-com-fotografos\/","url":"https:\/\/biancamachado.com.br\/blog\/fotos-de-perfil-profissional-com-fotografos\/","name":"Fotos de Perfil profissional com fot\u00f3grafos - STUDIO BIANCA MACHADO","isPartOf":{"@id":"https:\/\/biancamachado.com.br\/blog\/#website"},"primaryImageOfPage":{"@id":"https:\/\/biancamachado.com.br\/blog\/fotos-de-perfil-profissional-com-fotografos\/#primaryimage"},"image":{"@id":"https:\/\/biancamachado.com.br\/blog\/fotos-de-perfil-profissional-com-fotografos\/#primaryimage"},"thumbnailUrl":"https:\/\/i0.wp.com\/biancamachado.com.br\/blog\/wp-content\/uploads\/2021\/04\/002-27-scaled.jpg?fit=1706%2C2560&ssl=1?v=1617822301","datePublished":"2021-06-01T17:05:00+00:00","dateModified":"2023-02-12T17:53:22+00:00","breadcrumb":{"@id":"https:\/\/biancamachado.com.br\/blog\/fotos-de-perfil-profissional-com-fotografos\/#breadcrumb"},"inLanguage":"pt-BR","potentialAction":[{"@type":"ReadAction","target":["https:\/\/biancamachado.com.br\/blog\/fotos-de-perfil-profissional-com-fotografos\/"]}]},{"@type":"ImageObject","inLanguage":"pt-BR","@id":"https:\/\/biancamachado.com.br\/blog\/fotos-de-perfil-profissional-com-fotografos\/#primaryimage","url":"https:\/\/i0.wp.com\/biancamachado.com.br\/blog\/wp-content\/uploads\/2021\/04\/002-27-scaled.jpg?fit=1706%2C2560&ssl=1?v=1617822301","contentUrl":"https:\/\/i0.wp.com\/biancamachado.com.br\/blog\/wp-content\/uploads\/2021\/04\/002-27-scaled.jpg?fit=1706%2C2560&ssl=1?v=1617822301","width":1706,"height":2560,"caption":"fotos para perfil profissional"},{"@type":"BreadcrumbList","@id":"https:\/\/biancamachado.com.br\/blog\/fotos-de-perfil-profissional-com-fotografos\/#breadcrumb","itemListElement":[{"@type":"ListItem","position":1,"name":"In\u00edcio","item":"https:\/\/biancamachado.com.br\/blog\/"},{"@type":"ListItem","position":2,"name":"Fotos de Perfil profissional com fot\u00f3grafos"}]},{"@type":"WebSite","@id":"https:\/\/biancamachado.com.br\/blog\/#website","url":"https:\/\/biancamachado.com.br\/blog\/","name":"STUDIO BIANCA MACHADO","description":"Estudio Fotografico, Ensaios e Books de foto profissional","publisher":{"@id":"https:\/\/biancamachado.com.br\/blog\/#organization"},"potentialAction":[{"@type":"SearchAction","target":{"@type":"EntryPoint","urlTemplate":"https:\/\/biancamachado.com.br\/blog\/?s={search_term_string}"},"query-input":{"@type":"PropertyValueSpecification","valueRequired":true,"valueName":"search_term_string"}}],"inLanguage":"pt-BR"},{"@type":"Organization","@id":"https:\/\/biancamachado.com.br\/blog\/#organization","name":"STUDIO BIANCA MACHADO","url":"https:\/\/biancamachado.com.br\/blog\/","logo":{"@type":"ImageObject","inLanguage":"pt-BR","@id":"https:\/\/biancamachado.com.br\/blog\/#\/schema\/logo\/image\/","url":"https:\/\/i0.wp.com\/biancamachado.com.br\/blog\/wp-content\/uploads\/2021\/02\/cropped-logo-ml.jpg?fit=278%2C100&ssl=1","contentUrl":"https:\/\/i0.wp.com\/biancamachado.com.br\/blog\/wp-content\/uploads\/2021\/02\/cropped-logo-ml.jpg?fit=278%2C100&ssl=1","width":278,"height":100,"caption":"STUDIO BIANCA MACHADO"},"image":{"@id":"https:\/\/biancamachado.com.br\/blog\/#\/schema\/logo\/image\/"},"sameAs":["https:\/\/www.facebook.com\/Studiobiancamachado\/","https:\/\/www.instagram.com\/Studiobiancamachado\/"]},{"@type":"Person","@id":"https:\/\/biancamachado.com.br\/blog\/#\/schema\/person\/990263800ec5e9bdbbf092a2353550a1","name":"biancamachado","image":{"@type":"ImageObject","inLanguage":"pt-BR","@id":"https:\/\/secure.gravatar.com\/avatar\/62b1a50f2632dbc2e279c3eb55aa46cc324c969cff16a69c59756d155316542c?s=96&d=mm&r=g","url":"https:\/\/secure.gravatar.com\/avatar\/62b1a50f2632dbc2e279c3eb55aa46cc324c969cff16a69c59756d155316542c?s=96&d=mm&r=g","contentUrl":"https:\/\/secure.gravatar.com\/avatar\/62b1a50f2632dbc2e279c3eb55aa46cc324c969cff16a69c59756d155316542c?s=96&d=mm&r=g","caption":"biancamachado"},"sameAs":["https:\/\/biancamachado.com.br\/blog"],"url":"https:\/\/biancamachado.com.br\/blog\/author\/biancamachado\/"}]}},"jetpack_featured_media_url":"https:\/\/i0.wp.com\/biancamachado.com.br\/blog\/wp-content\/uploads\/2021\/04\/002-27-scaled.jpg?fit=1706%2C2560&ssl=1?v=1617822301","jetpack-related-posts":[],"jetpack_sharing_enabled":true,"_links":{"self":[{"href":"https:\/\/biancamachado.com.br\/blog\/wp-json\/wp\/v2\/posts\/2657","targetHints":{"allow":["GET"]}}],"collection":[{"href":"https:\/\/biancamachado.com.br\/blog\/wp-json\/wp\/v2\/posts"}],"about":[{"href":"https:\/\/biancamachado.com.br\/blog\/wp-json\/wp\/v2\/types\/post"}],"author":[{"embeddable":true,"href":"https:\/\/biancamachado.com.br\/blog\/wp-json\/wp\/v2\/users\/1"}],"replies":[{"embeddable":true,"href":"https:\/\/biancamachado.com.br\/blog\/wp-json\/wp\/v2\/comments?post=2657"}],"version-history":[{"count":3,"href":"https:\/\/biancamachado.com.br\/blog\/wp-json\/wp\/v2\/posts\/2657\/revisions"}],"predecessor-version":[{"id":3231,"href":"https:\/\/biancamachado.com.br\/blog\/wp-json\/wp\/v2\/posts\/2657\/revisions\/3231"}],"wp:featuredmedia":[{"embeddable":true,"href":"https:\/\/biancamachado.com.br\/blog\/wp-json\/wp\/v2\/media\/2435"}],"wp:attachment":[{"href":"https:\/\/biancamachado.com.br\/blog\/wp-json\/wp\/v2\/media?parent=2657"}],"wp:term":[{"taxonomy":"category","embeddable":true,"href":"https:\/\/biancamachado.com.br\/blog\/wp-json\/wp\/v2\/categories?post=2657"},{"taxonomy":"post_tag","embeddable":true,"href":"https:\/\/biancamachado.com.br\/blog\/wp-json\/wp\/v2\/tags?post=2657"}],"curies":[{"name":"wp","href":"https:\/\/api.w.org\/{rel}","templated":true}]}}